{"id":3,"name":"Manuel Cu\u00e9llar","url":"http:\/\/elasombrario.com\/","description":"Licenciado en Derecho en la Universidad Aut\u00f3noma de Madrid, siempre supo que lo suyo era el periodismo. Curso de posgrado en la Escuela de Periodismo UAM\/EL PA\u00cdS. Trabaj\u00f3 durante m\u00e1s de 17 a\u00f1os en el diario ELPAIS donde se form\u00f3 como periodista todoterreno. Desde hace dos a\u00f1os edita la revista online cultural Elasombrario.com asociada a Eldiario.es","link":"https:\/\/vivancoculturadevino.es\/blog\/author\/manuel-cuellar\/","slug":"manuel-cuellar","avatar_urls":{"24":"https:\/\/secure.gravatar.com\/avatar\/6d3d56cd7666b977e2c4bd35dcb50bb4ea350fec32ec720eda065d540629ed73?s=24&d=mm&r=g","48":"https:\/\/secure.gravatar.com\/avatar\/6d3d56cd7666b977e2c4bd35dcb50bb4ea350fec32ec720eda065d540629ed73?s=48&d=mm&r=g","96":"https:\/\/secure.gravatar.com\/avatar\/6d3d56cd7666b977e2c4bd35dcb50bb4ea350fec32ec720eda065d540629ed73?s=96&d=mm&r=g"},"meta":[],"yoast_head":"<!-- This site is optimized with the Yoast SEO plugin v26.8 - https:\/\/yoast.com\/product\/yoast-seo-wordpress\/ -->\n<title>Manuel Cu\u00e9llar | Vivanco<\/title>\n<meta name=\"robots\" content=\"noindex, follow\" \/>\n<meta property=\"og:locale\" content=\"es_ES\" \/>\n<meta property=\"og:type\" content=\"profile\" \/>\n<meta property=\"og:title\" content=\"Manuel Cu\u00e9llar | Vivanco\" \/>\n<meta property=\"og:url\" content=\"https:\/\/vivancoculturadevino.es\/blog\/author\/manuel-cuellar\/\" \/>\n<meta property=\"og:site_name\" content=\"Vivanco\" \/>\n<meta property=\"og:image\" content=\"https:\/\/secure.gravatar.com\/avatar\/33ec0e2ccdd8aa9457b348718cc9ec74?s=500&d=mm&r=g\" \/>\n<meta name=\"twitter:card\" content=\"summary_large_image\" \/>\n<script type=\"application\/ld+json\" class=\"yoast-schema-graph\">{\"@context\":\"https:\/\/schema.org\",\"@graph\":[{\"@type\":\"ProfilePage\",\"@id\":\"https:\/\/vivancoculturadevino.es\/blog\/author\/manuel-cuellar\/\",\"url\":\"https:\/\/vivancoculturadevino.es\/blog\/author\/manuel-cuellar\/\",\"name\":\"Manuel Cu\u00e9llar | Vivanco\",\"isPartOf\":{\"@id\":\"https:\/\/vivancoculturadevino.es\/blog\/#website\"},\"breadcrumb\":{\"@id\":\"https:\/\/vivancoculturadevino.es\/blog\/author\/manuel-cuellar\/#breadcrumb\"},\"inLanguage\":\"es\",\"potentialAction\":[{\"@type\":\"ReadAction\",\"target\":[\"https:\/\/vivancoculturadevino.es\/blog\/author\/manuel-cuellar\/\"]}]},{\"@type\":\"BreadcrumbList\",\"@id\":\"https:\/\/vivancoculturadevino.es\/blog\/author\/manuel-cuellar\/#breadcrumb\",\"itemListElement\":[{\"@type\":\"ListItem\",\"position\":1,\"name\":\"Portada\",\"item\":\"https:\/\/vivancoculturadevino.es\/blog\/\"},{\"@type\":\"ListItem\",\"position\":2,\"name\":\"Archivo de Manuel Cu\u00e9llar\"}]},{\"@type\":\"WebSite\",\"@id\":\"https:\/\/vivancoculturadevino.es\/blog\/#website\",\"url\":\"https:\/\/vivancoculturadevino.es\/blog\/\",\"name\":\"Vivanco\",\"description\":\"Una familia y una pasi\u00f3n: Compartir la cultura del vino\",\"publisher\":{\"@id\":\"https:\/\/vivancoculturadevino.es\/blog\/#organization\"},\"potentialAction\":[{\"@type\":\"SearchAction\",\"target\":{\"@type\":\"EntryPoint\",\"urlTemplate\":\"https:\/\/vivancoculturadevino.es\/blog\/?s={search_term_string}\"},\"query-input\":{\"@type\":\"PropertyValueSpecification\",\"valueRequired\":true,\"valueName\":\"search_term_string\"}}],\"inLanguage\":\"es\"},{\"@type\":\"Organization\",\"@id\":\"https:\/\/vivancoculturadevino.es\/blog\/#organization\",\"name\":\"Vivanco\",\"url\":\"https:\/\/vivancoculturadevino.es\/blog\/\",\"logo\":{\"@type\":\"ImageObject\",\"inLanguage\":\"es\",\"@id\":\"https:\/\/vivancoculturadevino.es\/blog\/#\/schema\/logo\/image\/\",\"url\":\"https:\/\/vivancoculturadevino.es\/blog\/wp-content\/uploads\/2026\/01\/Logo-blanco.svg\",\"contentUrl\":\"https:\/\/vivancoculturadevino.es\/blog\/wp-content\/uploads\/2026\/01\/Logo-blanco.svg\",\"width\":134,\"height\":43,\"caption\":\"Vivanco\"},\"image\":{\"@id\":\"https:\/\/vivancoculturadevino.es\/blog\/#\/schema\/logo\/image\/\"}},{\"@type\":\"Person\",\"@id\":\"https:\/\/vivancoculturadevino.es\/blog\/#\/schema\/person\/f136e59d98f9f2a913718a3980bd396b\",\"name\":\"Manuel Cu\u00e9llar\",\"image\":{\"@type\":\"ImageObject\",\"inLanguage\":\"es\",\"@id\":\"https:\/\/vivancoculturadevino.es\/blog\/#\/schema\/person\/image\/\",\"url\":\"https:\/\/secure.gravatar.com\/avatar\/6d3d56cd7666b977e2c4bd35dcb50bb4ea350fec32ec720eda065d540629ed73?s=96&d=mm&r=g\",\"contentUrl\":\"https:\/\/secure.gravatar.com\/avatar\/6d3d56cd7666b977e2c4bd35dcb50bb4ea350fec32ec720eda065d540629ed73?s=96&d=mm&r=g\",\"caption\":\"Manuel Cu\u00e9llar\"},\"description\":\"Licenciado en Derecho en la Universidad Aut\u00f3noma de Madrid, siempre supo que lo suyo era el periodismo. Curso de posgrado en la Escuela de Periodismo UAM\/EL PA\u00cdS. Trabaj\u00f3 durante m\u00e1s de 17 a\u00f1os en el diario ELPAIS donde se form\u00f3 como periodista todoterreno. Desde hace dos a\u00f1os edita la revista online cultural Elasombrario.com asociada a Eldiario.es\",\"sameAs\":[\"http:\/\/elasombrario.com\/\",\"https:\/\/www.facebook.com\/ElAsombrario\",\"https:\/\/x.com\/https:\/\/twitter.com\/Manuelcuellar\"],\"mainEntityOfPage\":{\"@id\":\"https:\/\/vivancoculturadevino.es\/blog\/author\/manuel-cuellar\/\"}}]}<\/script>\n<!-- \/ Yoast SEO plugin. -->","yoast_head_json":{"title":"Manuel Cu\u00e9llar | Vivanco","robots":{"index":"noindex","follow":"follow"},"og_locale":"es_ES","og_type":"profile","og_title":"Manuel Cu\u00e9llar | Vivanco","og_url":"https:\/\/vivancoculturadevino.es\/blog\/author\/manuel-cuellar\/","og_site_name":"Vivanco","og_image":[{"url":"https:\/\/secure.gravatar.com\/avatar\/33ec0e2ccdd8aa9457b348718cc9ec74?s=500&d=mm&r=g","type":"","width":"","height":""}],"twitter_card":"summary_large_image","schema":{"@context":"https:\/\/schema.org","@graph":[{"@type":"ProfilePage","@id":"https:\/\/vivancoculturadevino.es\/blog\/author\/manuel-cuellar\/","url":"https:\/\/vivancoculturadevino.es\/blog\/author\/manuel-cuellar\/","name":"Manuel Cu\u00e9llar | Vivanco","isPartOf":{"@id":"https:\/\/vivancoculturadevino.es\/blog\/#website"},"breadcrumb":{"@id":"https:\/\/vivancoculturadevino.es\/blog\/author\/manuel-cuellar\/#breadcrumb"},"inLanguage":"es","potentialAction":[{"@type":"ReadAction","target":["https:\/\/vivancoculturadevino.es\/blog\/author\/manuel-cuellar\/"]}]},{"@type":"BreadcrumbList","@id":"https:\/\/vivancoculturadevino.es\/blog\/author\/manuel-cuellar\/#breadcrumb","itemListElement":[{"@type":"ListItem","position":1,"name":"Portada","item":"https:\/\/vivancoculturadevino.es\/blog\/"},{"@type":"ListItem","position":2,"name":"Archivo de Manuel Cu\u00e9llar"}]},{"@type":"WebSite","@id":"https:\/\/vivancoculturadevino.es\/blog\/#website","url":"https:\/\/vivancoculturadevino.es\/blog\/","name":"Vivanco","description":"Una familia y una pasi\u00f3n: Compartir la cultura del vino","publisher":{"@id":"https:\/\/vivancoculturadevino.es\/blog\/#organization"},"potentialAction":[{"@type":"SearchAction","target":{"@type":"EntryPoint","urlTemplate":"https:\/\/vivancoculturadevino.es\/blog\/?s={search_term_string}"},"query-input":{"@type":"PropertyValueSpecification","valueRequired":true,"valueName":"search_term_string"}}],"inLanguage":"es"},{"@type":"Organization","@id":"https:\/\/vivancoculturadevino.es\/blog\/#organization","name":"Vivanco","url":"https:\/\/vivancoculturadevino.es\/blog\/","logo":{"@type":"ImageObject","inLanguage":"es","@id":"https:\/\/vivancoculturadevino.es\/blog\/#\/schema\/logo\/image\/","url":"https:\/\/vivancoculturadevino.es\/blog\/wp-content\/uploads\/2026\/01\/Logo-blanco.svg","contentUrl":"https:\/\/vivancoculturadevino.es\/blog\/wp-content\/uploads\/2026\/01\/Logo-blanco.svg","width":134,"height":43,"caption":"Vivanco"},"image":{"@id":"https:\/\/vivancoculturadevino.es\/blog\/#\/schema\/logo\/image\/"}},{"@type":"Person","@id":"https:\/\/vivancoculturadevino.es\/blog\/#\/schema\/person\/f136e59d98f9f2a913718a3980bd396b","name":"Manuel Cu\u00e9llar","image":{"@type":"ImageObject","inLanguage":"es","@id":"https:\/\/vivancoculturadevino.es\/blog\/#\/schema\/person\/image\/","url":"https:\/\/secure.gravatar.com\/avatar\/6d3d56cd7666b977e2c4bd35dcb50bb4ea350fec32ec720eda065d540629ed73?s=96&d=mm&r=g","contentUrl":"https:\/\/secure.gravatar.com\/avatar\/6d3d56cd7666b977e2c4bd35dcb50bb4ea350fec32ec720eda065d540629ed73?s=96&d=mm&r=g","caption":"Manuel Cu\u00e9llar"},"description":"Licenciado en Derecho en la Universidad Aut\u00f3noma de Madrid, siempre supo que lo suyo era el periodismo. Curso de posgrado en la Escuela de Periodismo UAM\/EL PA\u00cdS. Trabaj\u00f3 durante m\u00e1s de 17 a\u00f1os en el diario ELPAIS donde se form\u00f3 como periodista todoterreno. Desde hace dos a\u00f1os edita la revista online cultural Elasombrario.com asociada a Eldiario.es","sameAs":["http:\/\/elasombrario.com\/","https:\/\/www.facebook.com\/ElAsombrario","https:\/\/x.com\/https:\/\/twitter.com\/Manuelcuellar"],"mainEntityOfPage":{"@id":"https:\/\/vivancoculturadevino.es\/blog\/author\/manuel-cuellar\/"}}]}},"elementor_introduction":"","_links":{"self":[{"href":"https:\/\/vivancoculturadevino.es\/blog\/wp-json\/wp\/v2\/users\/3","targetHints":{"allow":["GET"]}}],"collection":[{"href":"https:\/\/vivancoculturadevino.es\/blog\/wp-json\/wp\/v2\/users"}]}}