{"id":96,"date":"2014-05-16T18:30:50","date_gmt":"2014-05-16T17:30:50","guid":{"rendered":"http:\/\/www.vivancoculturadevino.es\/blog\/?p=96"},"modified":"2015-08-07T13:35:30","modified_gmt":"2015-08-07T12:35:30","slug":"dia-internacional-de-los-museos","status":"publish","type":"post","link":"https:\/\/vivancoculturadevino.es\/blog\/2014\/05\/16\/dia-internacional-de-los-museos\/","title":{"rendered":"D\u00eda Internacional de los Museos"},"content":{"rendered":"<p>Este fin de semana se celebrar\u00e1 alrededor de todo el mundo el D\u00eda Internacional de los Museos. En Vivanco queremos participar en tan se\u00f1alada fecha, y ma\u00f1ana haremos visitas especiales al Museo Vivanco de la Cultura de Vino.<\/p>\n<p>Para celebrarlo, este s\u00e1bado ofreceremos visitas especiales en las que los gu\u00edas se detendr\u00e1n en la historia, secretos y curiosidades que guardan varias piezas escogidas: la prensa m\u00e1s antigua de La Rioja, la 1\u00aa botella de vidrio de la era moderna, \u00e1nforas, un sarc\u00f3fago del L\u00edbano, un grabado de Picasso, la 1\u00aa patente de sacacorchos, etc.<\/p>\n<p>Estas visitas se realizar\u00e1n a las 11, 12, 13 y 17 horas.<\/p>\n<p>Aqu\u00ed un ejemplo:<\/p>\n<p><b>Prensa de Badar\u00e1n.<\/b><\/p>\n<p>Pedro repart\u00eda vino con su cami\u00f3n por los pueblos de La Rioja, y un d\u00eda de verano de 1980 al pasar por el Valle de C\u00e1rdenas vio que el m\u00edtico restaurante \u201cCantinflas\u201d, situado en el barrio de las bodegas, estaba siendo derribado. Entre los escombros\u00a0 vio asomar las vigas de una prensa de gran tama\u00f1o.<\/p>\n<p>Pedro Vivanco: \u201c\u00bfPor cu\u00e1nto vendes esto?\u201d<\/p>\n<p>Restaurante: \u201cCon que me la quites de encima\u2026\u201d<\/p>\n<p>Al d\u00eda siguiente Pedro Vivanco mand\u00f3 a una gr\u00faa que cogi\u00f3 la prensa y la llevo a Alberite.<\/p>\n<p>Cuando se empez\u00f3 a limpiar y restaurar la pieza para ser expuesta se descubrieron en ella las inscripciones que hoy podemos ver. Una de ellas es la fecha en la que se hizo 1704, se considera la prensa m\u00e1s antigua de La Rioja.<\/p>\n<p>Esta presa era para uva. Se sellaban las ranuras de las maderas de roble con arcilla y se colocaban \u201clos marranos\u201d que son las maderas transversales que deben su nombre al sonido que emiten al apretar los racimos<\/p>\n<p>Es la pieza que da la bienvenida a los visitantes porque se quer\u00eda saludar a la gente con una pieza riojana, y \u00bfqu\u00e9 mejor que la m\u00e1s anciana?<\/p>\n<p><b>Vivanco se suma a m\u00e1s de 30.000 museos de los cinco continentes<\/b><\/p>\n<p>El recorrido por las cinco salas del\u00a0<b>Museo Vivanco de la Cultura del Vino <\/b>refleja el lema que este a\u00f1o unifica la actividad de los m\u00e1s de 30.000 museos de 120 pa\u00edses: \u201cLos v\u00ednculos creados por las colecciones de los Museos\u201d.<\/p>\n<p>Una reflexi\u00f3n muy presente en los 9.000 metros cuadrados que\u00a0<b>Vivanco<\/b>\u00a0dedica a la\u00a0<b>Cultura del Vino<\/b>, que recorren la influencia del vino a lo largo de 8.000 a\u00f1os de historia. Una experiencia que nos recuerda, en Briones, que los museos son instituciones vivas que crean v\u00ednculos entre las generaciones y las culturas del mundo.<\/p>\n<p>Un prop\u00f3sito que desde sus inicios acompa\u00f1a toda actividad del\u00a0<b>Museo Vivanco de la Cultura del Vino<\/b>, m\u00e1ximo exponente de los Museos del Vino del mundo, tal y como ha reconocido la UNESCO.<\/p>\n<p>Puedes reservar tu visita en el tel\u00e9fono 941 322 323.<\/p>\n<p>Gracias por compartir con nosotros la #CulturaDeVino<\/p>\n","protected":false},"excerpt":{"rendered":"<p>En el Museo Vivanco de la Cultura de Vino celebramos el D\u00eda Internacional de los Museos. Ven y conoce historias \u00fanicas de las obras expuestas.<\/p>\n","protected":false},"author":1,"featured_media":97,"comment_status":"closed","ping_status":"open","sticky":false,"template":"","format":"standard","meta":{"footnotes":"","_elementor_edit_mode":"","_elementor_template_type":"","_elementor_data":"","_elementor_page_settings":null,"_elementor_conditions":[]},"categories":[6,2],"tags":[28,26,25,27],"class_list":["post-96","post","type-post","status-publish","format-standard","has-post-thumbnail","hentry","category-experiencias","category-vivanco","tag-dia-internacional-de-los-museos","tag-enoturismo","tag-museo-vivanco","tag-visitar-la-rioja"],"yoast_head":"<!-- This site is optimized with the Yoast SEO plugin v26.8 - https:\/\/yoast.com\/product\/yoast-seo-wordpress\/ -->\n<title>D\u00eda Internacional de los Museos | Vivanco<\/title>\n<meta name=\"description\" content=\"En Museo Vivanco de la Cultura de Vino celebramos el D\u00eda Internacional de los Museos. Ven y conoce historias \u00fanicas de las obras expuestas.\" \/>\n<meta name=\"robots\" content=\"index, follow, max-snippet:-1, max-image-preview:large, max-video-preview:-1\" \/>\n<link rel=\"canonical\" href=\"https:\/\/vivancoculturadevino.es\/blog\/2014\/05\/16\/dia-internacional-de-los-museos\/\" \/>\n<meta property=\"og:locale\" content=\"es_ES\" \/>\n<meta property=\"og:type\" content=\"article\" \/>\n<meta property=\"og:title\" content=\"D\u00eda Internacional de los Museos | Vivanco\" \/>\n<meta property=\"og:description\" content=\"En Museo Vivanco de la Cultura de Vino celebramos el D\u00eda Internacional de los Museos. Ven y conoce historias \u00fanicas de las obras expuestas.\" \/>\n<meta property=\"og:url\" content=\"https:\/\/vivancoculturadevino.es\/blog\/2014\/05\/16\/dia-internacional-de-los-museos\/\" \/>\n<meta property=\"og:site_name\" content=\"Vivanco\" \/>\n<meta property=\"article:author\" content=\"https:\/\/www.facebook.com\/vivancoculturadevino\" \/>\n<meta property=\"article:published_time\" content=\"2014-05-16T17:30:50+00:00\" \/>\n<meta property=\"article:modified_time\" content=\"2015-08-07T12:35:30+00:00\" \/>\n<meta property=\"og:image\" content=\"https:\/\/vivancoculturadevino.es\/blog\/wp-content\/uploads\/2014\/05\/museo.jpg\" \/>\n\t<meta property=\"og:image:width\" content=\"710\" \/>\n\t<meta property=\"og:image:height\" content=\"371\" \/>\n\t<meta property=\"og:image:type\" content=\"image\/jpeg\" \/>\n<meta name=\"author\" content=\"Vivanco\" \/>\n<meta name=\"twitter:card\" content=\"summary_large_image\" \/>\n<meta name=\"twitter:creator\" content=\"@https:\/\/twitter.com\/Vivanco_es\" \/>\n<meta name=\"twitter:label1\" content=\"Escrito por\" \/>\n\t<meta name=\"twitter:data1\" content=\"Vivanco\" \/>\n\t<meta name=\"twitter:label2\" content=\"Tiempo de lectura\" \/>\n\t<meta name=\"twitter:data2\" content=\"2 minutos\" \/>\n<script type=\"application\/ld+json\" class=\"yoast-schema-graph\">{\"@context\":\"https:\/\/schema.org\",\"@graph\":[{\"@type\":\"Article\",\"@id\":\"https:\/\/vivancoculturadevino.es\/blog\/2014\/05\/16\/dia-internacional-de-los-museos\/#article\",\"isPartOf\":{\"@id\":\"https:\/\/vivancoculturadevino.es\/blog\/2014\/05\/16\/dia-internacional-de-los-museos\/\"},\"author\":{\"name\":\"Vivanco\",\"@id\":\"https:\/\/vivancoculturadevino.es\/blog\/#\/schema\/person\/745931ee54ccbb839d8df0cceb02db4c\"},\"headline\":\"D\u00eda Internacional de los Museos\",\"datePublished\":\"2014-05-16T17:30:50+00:00\",\"dateModified\":\"2015-08-07T12:35:30+00:00\",\"mainEntityOfPage\":{\"@id\":\"https:\/\/vivancoculturadevino.es\/blog\/2014\/05\/16\/dia-internacional-de-los-museos\/\"},\"wordCount\":491,\"publisher\":{\"@id\":\"https:\/\/vivancoculturadevino.es\/blog\/#organization\"},\"image\":{\"@id\":\"https:\/\/vivancoculturadevino.es\/blog\/2014\/05\/16\/dia-internacional-de-los-museos\/#primaryimage\"},\"thumbnailUrl\":\"https:\/\/vivancoculturadevino.es\/blog\/wp-content\/uploads\/2014\/05\/museo.jpg\",\"keywords\":[\"dia internacional de los museos\",\"enoturismo\",\"museo vivanco\",\"visitar la rioja\"],\"articleSection\":[\"Compartiendo\",\"Vivanco\"],\"inLanguage\":\"es\"},{\"@type\":\"WebPage\",\"@id\":\"https:\/\/vivancoculturadevino.es\/blog\/2014\/05\/16\/dia-internacional-de-los-museos\/\",\"url\":\"https:\/\/vivancoculturadevino.es\/blog\/2014\/05\/16\/dia-internacional-de-los-museos\/\",\"name\":\"D\u00eda Internacional de los Museos | Vivanco\",\"isPartOf\":{\"@id\":\"https:\/\/vivancoculturadevino.es\/blog\/#website\"},\"primaryImageOfPage\":{\"@id\":\"https:\/\/vivancoculturadevino.es\/blog\/2014\/05\/16\/dia-internacional-de-los-museos\/#primaryimage\"},\"image\":{\"@id\":\"https:\/\/vivancoculturadevino.es\/blog\/2014\/05\/16\/dia-internacional-de-los-museos\/#primaryimage\"},\"thumbnailUrl\":\"https:\/\/vivancoculturadevino.es\/blog\/wp-content\/uploads\/2014\/05\/museo.jpg\",\"datePublished\":\"2014-05-16T17:30:50+00:00\",\"dateModified\":\"2015-08-07T12:35:30+00:00\",\"description\":\"En Museo Vivanco de la Cultura de Vino celebramos el D\u00eda Internacional de los Museos. Ven y conoce historias \u00fanicas de las obras expuestas.\",\"breadcrumb\":{\"@id\":\"https:\/\/vivancoculturadevino.es\/blog\/2014\/05\/16\/dia-internacional-de-los-museos\/#breadcrumb\"},\"inLanguage\":\"es\",\"potentialAction\":[{\"@type\":\"ReadAction\",\"target\":[\"https:\/\/vivancoculturadevino.es\/blog\/2014\/05\/16\/dia-internacional-de-los-museos\/\"]}]},{\"@type\":\"ImageObject\",\"inLanguage\":\"es\",\"@id\":\"https:\/\/vivancoculturadevino.es\/blog\/2014\/05\/16\/dia-internacional-de-los-museos\/#primaryimage\",\"url\":\"https:\/\/vivancoculturadevino.es\/blog\/wp-content\/uploads\/2014\/05\/museo.jpg\",\"contentUrl\":\"https:\/\/vivancoculturadevino.es\/blog\/wp-content\/uploads\/2014\/05\/museo.jpg\",\"width\":710,\"height\":371},{\"@type\":\"BreadcrumbList\",\"@id\":\"https:\/\/vivancoculturadevino.es\/blog\/2014\/05\/16\/dia-internacional-de-los-museos\/#breadcrumb\",\"itemListElement\":[{\"@type\":\"ListItem\",\"position\":1,\"name\":\"Portada\",\"item\":\"https:\/\/vivancoculturadevino.es\/blog\/\"},{\"@type\":\"ListItem\",\"position\":2,\"name\":\"D\u00eda Internacional de los Museos\"}]},{\"@type\":\"WebSite\",\"@id\":\"https:\/\/vivancoculturadevino.es\/blog\/#website\",\"url\":\"https:\/\/vivancoculturadevino.es\/blog\/\",\"name\":\"Vivanco\",\"description\":\"Una familia y una pasi\u00f3n: Compartir la cultura del vino\",\"publisher\":{\"@id\":\"https:\/\/vivancoculturadevino.es\/blog\/#organization\"},\"potentialAction\":[{\"@type\":\"SearchAction\",\"target\":{\"@type\":\"EntryPoint\",\"urlTemplate\":\"https:\/\/vivancoculturadevino.es\/blog\/?s={search_term_string}\"},\"query-input\":{\"@type\":\"PropertyValueSpecification\",\"valueRequired\":true,\"valueName\":\"search_term_string\"}}],\"inLanguage\":\"es\"},{\"@type\":\"Organization\",\"@id\":\"https:\/\/vivancoculturadevino.es\/blog\/#organization\",\"name\":\"Vivanco\",\"url\":\"https:\/\/vivancoculturadevino.es\/blog\/\",\"logo\":{\"@type\":\"ImageObject\",\"inLanguage\":\"es\",\"@id\":\"https:\/\/vivancoculturadevino.es\/blog\/#\/schema\/logo\/image\/\",\"url\":\"https:\/\/vivancoculturadevino.es\/blog\/wp-content\/uploads\/2026\/01\/Logo-blanco.svg\",\"contentUrl\":\"https:\/\/vivancoculturadevino.es\/blog\/wp-content\/uploads\/2026\/01\/Logo-blanco.svg\",\"width\":134,\"height\":43,\"caption\":\"Vivanco\"},\"image\":{\"@id\":\"https:\/\/vivancoculturadevino.es\/blog\/#\/schema\/logo\/image\/\"}},{\"@type\":\"Person\",\"@id\":\"https:\/\/vivancoculturadevino.es\/blog\/#\/schema\/person\/745931ee54ccbb839d8df0cceb02db4c\",\"name\":\"Vivanco\",\"image\":{\"@type\":\"ImageObject\",\"inLanguage\":\"es\",\"@id\":\"https:\/\/vivancoculturadevino.es\/blog\/#\/schema\/person\/image\/\",\"url\":\"https:\/\/secure.gravatar.com\/avatar\/61b66c59d132db2f7ad4dfd1cc89bbd508b4d5888ab39ddba99f2aca247b7fb3?s=96&d=mm&r=g\",\"contentUrl\":\"https:\/\/secure.gravatar.com\/avatar\/61b66c59d132db2f7ad4dfd1cc89bbd508b4d5888ab39ddba99f2aca247b7fb3?s=96&d=mm&r=g\",\"caption\":\"Vivanco\"},\"description\":\"Bodega, Fundaci\u00f3n, Experiencias. Compartiendo Cultura de Vino\",\"sameAs\":[\"http:\/\/www.vivancoculturadevino.es\",\"https:\/\/www.facebook.com\/vivancoculturadevino\",\"https:\/\/x.com\/https:\/\/twitter.com\/Vivanco_es\",\"https:\/\/www.youtube.com\/channel\/UC8a2nOiF7kAQNPPduAi2Evw\/videos\"],\"url\":\"https:\/\/vivancoculturadevino.es\/blog\/author\/administrator\/\"}]}<\/script>\n<!-- \/ Yoast SEO plugin. -->","yoast_head_json":{"title":"D\u00eda Internacional de los Museos | Vivanco","description":"En Museo Vivanco de la Cultura de Vino celebramos el D\u00eda Internacional de los Museos. Ven y conoce historias \u00fanicas de las obras expuestas.","robots":{"index":"index","follow":"follow","max-snippet":"max-snippet:-1","max-image-preview":"max-image-preview:large","max-video-preview":"max-video-preview:-1"},"canonical":"https:\/\/vivancoculturadevino.es\/blog\/2014\/05\/16\/dia-internacional-de-los-museos\/","og_locale":"es_ES","og_type":"article","og_title":"D\u00eda Internacional de los Museos | Vivanco","og_description":"En Museo Vivanco de la Cultura de Vino celebramos el D\u00eda Internacional de los Museos. Ven y conoce historias \u00fanicas de las obras expuestas.","og_url":"https:\/\/vivancoculturadevino.es\/blog\/2014\/05\/16\/dia-internacional-de-los-museos\/","og_site_name":"Vivanco","article_author":"https:\/\/www.facebook.com\/vivancoculturadevino","article_published_time":"2014-05-16T17:30:50+00:00","article_modified_time":"2015-08-07T12:35:30+00:00","og_image":[{"width":710,"height":371,"url":"https:\/\/vivancoculturadevino.es\/blog\/wp-content\/uploads\/2014\/05\/museo.jpg","type":"image\/jpeg"}],"author":"Vivanco","twitter_card":"summary_large_image","twitter_creator":"@https:\/\/twitter.com\/Vivanco_es","twitter_misc":{"Escrito por":"Vivanco","Tiempo de lectura":"2 minutos"},"schema":{"@context":"https:\/\/schema.org","@graph":[{"@type":"Article","@id":"https:\/\/vivancoculturadevino.es\/blog\/2014\/05\/16\/dia-internacional-de-los-museos\/#article","isPartOf":{"@id":"https:\/\/vivancoculturadevino.es\/blog\/2014\/05\/16\/dia-internacional-de-los-museos\/"},"author":{"name":"Vivanco","@id":"https:\/\/vivancoculturadevino.es\/blog\/#\/schema\/person\/745931ee54ccbb839d8df0cceb02db4c"},"headline":"D\u00eda Internacional de los Museos","datePublished":"2014-05-16T17:30:50+00:00","dateModified":"2015-08-07T12:35:30+00:00","mainEntityOfPage":{"@id":"https:\/\/vivancoculturadevino.es\/blog\/2014\/05\/16\/dia-internacional-de-los-museos\/"},"wordCount":491,"publisher":{"@id":"https:\/\/vivancoculturadevino.es\/blog\/#organization"},"image":{"@id":"https:\/\/vivancoculturadevino.es\/blog\/2014\/05\/16\/dia-internacional-de-los-museos\/#primaryimage"},"thumbnailUrl":"https:\/\/vivancoculturadevino.es\/blog\/wp-content\/uploads\/2014\/05\/museo.jpg","keywords":["dia internacional de los museos","enoturismo","museo vivanco","visitar la rioja"],"articleSection":["Compartiendo","Vivanco"],"inLanguage":"es"},{"@type":"WebPage","@id":"https:\/\/vivancoculturadevino.es\/blog\/2014\/05\/16\/dia-internacional-de-los-museos\/","url":"https:\/\/vivancoculturadevino.es\/blog\/2014\/05\/16\/dia-internacional-de-los-museos\/","name":"D\u00eda Internacional de los Museos | Vivanco","isPartOf":{"@id":"https:\/\/vivancoculturadevino.es\/blog\/#website"},"primaryImageOfPage":{"@id":"https:\/\/vivancoculturadevino.es\/blog\/2014\/05\/16\/dia-internacional-de-los-museos\/#primaryimage"},"image":{"@id":"https:\/\/vivancoculturadevino.es\/blog\/2014\/05\/16\/dia-internacional-de-los-museos\/#primaryimage"},"thumbnailUrl":"https:\/\/vivancoculturadevino.es\/blog\/wp-content\/uploads\/2014\/05\/museo.jpg","datePublished":"2014-05-16T17:30:50+00:00","dateModified":"2015-08-07T12:35:30+00:00","description":"En Museo Vivanco de la Cultura de Vino celebramos el D\u00eda Internacional de los Museos. Ven y conoce historias \u00fanicas de las obras expuestas.","breadcrumb":{"@id":"https:\/\/vivancoculturadevino.es\/blog\/2014\/05\/16\/dia-internacional-de-los-museos\/#breadcrumb"},"inLanguage":"es","potentialAction":[{"@type":"ReadAction","target":["https:\/\/vivancoculturadevino.es\/blog\/2014\/05\/16\/dia-internacional-de-los-museos\/"]}]},{"@type":"ImageObject","inLanguage":"es","@id":"https:\/\/vivancoculturadevino.es\/blog\/2014\/05\/16\/dia-internacional-de-los-museos\/#primaryimage","url":"https:\/\/vivancoculturadevino.es\/blog\/wp-content\/uploads\/2014\/05\/museo.jpg","contentUrl":"https:\/\/vivancoculturadevino.es\/blog\/wp-content\/uploads\/2014\/05\/museo.jpg","width":710,"height":371},{"@type":"BreadcrumbList","@id":"https:\/\/vivancoculturadevino.es\/blog\/2014\/05\/16\/dia-internacional-de-los-museos\/#breadcrumb","itemListElement":[{"@type":"ListItem","position":1,"name":"Portada","item":"https:\/\/vivancoculturadevino.es\/blog\/"},{"@type":"ListItem","position":2,"name":"D\u00eda Internacional de los Museos"}]},{"@type":"WebSite","@id":"https:\/\/vivancoculturadevino.es\/blog\/#website","url":"https:\/\/vivancoculturadevino.es\/blog\/","name":"Vivanco","description":"Una familia y una pasi\u00f3n: Compartir la cultura del vino","publisher":{"@id":"https:\/\/vivancoculturadevino.es\/blog\/#organization"},"potentialAction":[{"@type":"SearchAction","target":{"@type":"EntryPoint","urlTemplate":"https:\/\/vivancoculturadevino.es\/blog\/?s={search_term_string}"},"query-input":{"@type":"PropertyValueSpecification","valueRequired":true,"valueName":"search_term_string"}}],"inLanguage":"es"},{"@type":"Organization","@id":"https:\/\/vivancoculturadevino.es\/blog\/#organization","name":"Vivanco","url":"https:\/\/vivancoculturadevino.es\/blog\/","logo":{"@type":"ImageObject","inLanguage":"es","@id":"https:\/\/vivancoculturadevino.es\/blog\/#\/schema\/logo\/image\/","url":"https:\/\/vivancoculturadevino.es\/blog\/wp-content\/uploads\/2026\/01\/Logo-blanco.svg","contentUrl":"https:\/\/vivancoculturadevino.es\/blog\/wp-content\/uploads\/2026\/01\/Logo-blanco.svg","width":134,"height":43,"caption":"Vivanco"},"image":{"@id":"https:\/\/vivancoculturadevino.es\/blog\/#\/schema\/logo\/image\/"}},{"@type":"Person","@id":"https:\/\/vivancoculturadevino.es\/blog\/#\/schema\/person\/745931ee54ccbb839d8df0cceb02db4c","name":"Vivanco","image":{"@type":"ImageObject","inLanguage":"es","@id":"https:\/\/vivancoculturadevino.es\/blog\/#\/schema\/person\/image\/","url":"https:\/\/secure.gravatar.com\/avatar\/61b66c59d132db2f7ad4dfd1cc89bbd508b4d5888ab39ddba99f2aca247b7fb3?s=96&d=mm&r=g","contentUrl":"https:\/\/secure.gravatar.com\/avatar\/61b66c59d132db2f7ad4dfd1cc89bbd508b4d5888ab39ddba99f2aca247b7fb3?s=96&d=mm&r=g","caption":"Vivanco"},"description":"Bodega, Fundaci\u00f3n, Experiencias. Compartiendo Cultura de Vino","sameAs":["http:\/\/www.vivancoculturadevino.es","https:\/\/www.facebook.com\/vivancoculturadevino","https:\/\/x.com\/https:\/\/twitter.com\/Vivanco_es","https:\/\/www.youtube.com\/channel\/UC8a2nOiF7kAQNPPduAi2Evw\/videos"],"url":"https:\/\/vivancoculturadevino.es\/blog\/author\/administrator\/"}]}},"_links":{"self":[{"href":"https:\/\/vivancoculturadevino.es\/blog\/wp-json\/wp\/v2\/posts\/96","targetHints":{"allow":["GET"]}}],"collection":[{"href":"https:\/\/vivancoculturadevino.es\/blog\/wp-json\/wp\/v2\/posts"}],"about":[{"href":"https:\/\/vivancoculturadevino.es\/blog\/wp-json\/wp\/v2\/types\/post"}],"author":[{"embeddable":true,"href":"https:\/\/vivancoculturadevino.es\/blog\/wp-json\/wp\/v2\/users\/1"}],"replies":[{"embeddable":true,"href":"https:\/\/vivancoculturadevino.es\/blog\/wp-json\/wp\/v2\/comments?post=96"}],"version-history":[{"count":7,"href":"https:\/\/vivancoculturadevino.es\/blog\/wp-json\/wp\/v2\/posts\/96\/revisions"}],"predecessor-version":[{"id":1101,"href":"https:\/\/vivancoculturadevino.es\/blog\/wp-json\/wp\/v2\/posts\/96\/revisions\/1101"}],"wp:featuredmedia":[{"embeddable":true,"href":"https:\/\/vivancoculturadevino.es\/blog\/wp-json\/wp\/v2\/media\/97"}],"wp:attachment":[{"href":"https:\/\/vivancoculturadevino.es\/blog\/wp-json\/wp\/v2\/media?parent=96"}],"wp:term":[{"taxonomy":"category","embeddable":true,"href":"https:\/\/vivancoculturadevino.es\/blog\/wp-json\/wp\/v2\/categories?post=96"},{"taxonomy":"post_tag","embeddable":true,"href":"https:\/\/vivancoculturadevino.es\/blog\/wp-json\/wp\/v2\/tags?post=96"}],"curies":[{"name":"wp","href":"https:\/\/api.w.org\/{rel}","templated":true}]}}