{"id":958,"date":"2015-05-06T09:57:41","date_gmt":"2015-05-06T08:57:41","guid":{"rendered":"http:\/\/vivancoculturadevino.es\/blog\/?p=958"},"modified":"2015-05-06T10:05:09","modified_gmt":"2015-05-06T09:05:09","slug":"maestro-pastelero-juan-rodrigalvarez-poner-cacao-vida","status":"publish","type":"post","link":"https:\/\/vivancoculturadevino.es\/blog\/2015\/05\/06\/maestro-pastelero-juan-rodrigalvarez-poner-cacao-vida\/","title":{"rendered":"Maestro Pastelero Juan Rodrig\u00e1lvarez: \u201cHay que poner un poco de cacao a la vida\u201d"},"content":{"rendered":"<p>Cuando el logro\u00f1\u00e9s Juan \u00c1ngel Rodrig\u00e1lvarez recibi\u00f3 el <strong>Premio Nacional de Gastronom\u00eda en 2010<\/strong>, dijo emocionado: <em>&#8220;Gracias al esfuerzo y el coraje de quienes en su d\u00eda se atrevieron a romper con los convencionalismos que anquilosaban el mundo de la pasteler\u00eda, hoy podemos arriesgar e innovar con libertad\u201d.<\/em><\/p>\n<p style=\"text-align: center;\"><a href=\"http:\/\/vivancoculturadevino.es\/blog\/wp-content\/uploads\/2015\/05\/angel-rodrigalvarez-cara.jpg\" target=\"blank\"><img fetchpriority=\"high\" decoding=\"async\" width=\"660\" height=\"908\" class=\"size-full wp-image-959 aligncenter\" src=\"\/\/vivancoculturadevino.es\/blog\/wp-content\/uploads\/2015\/05\/angel-rodrigalvarez-cara.jpg\" alt=\"juan angel rodrigalvarez cara\" srcset=\"https:\/\/vivancoculturadevino.es\/blog\/wp-content\/uploads\/2015\/05\/angel-rodrigalvarez-cara.jpg 660w, https:\/\/vivancoculturadevino.es\/blog\/wp-content\/uploads\/2015\/05\/angel-rodrigalvarez-cara-218x300.jpg 218w, https:\/\/vivancoculturadevino.es\/blog\/wp-content\/uploads\/2015\/05\/angel-rodrigalvarez-cara-300x413.jpg 300w\" sizes=\"(max-width: 660px) 100vw, 660px\" \/><\/a>Juan \u00c1ngel Rodrig\u00e1lvarez,\u00a0maestro pastelero de Viena Pasteler\u00eda, Logro\u00f1o<\/p>\n<p>Es precisamente esa libertad y esa valent\u00eda la que le ha convertido en uno de los pasteleros m\u00e1s reconocidos de Espa\u00f1a. Su trayectoria se remonta a m\u00e1s de quince a\u00f1os trabajando en el negocio familiar junto a su padre, el tambi\u00e9n pastelero Jes\u00fas Pellejo. Una formaci\u00f3n que completar\u00eda en diferentes obradores de Par\u00eds como Fuchon y Le Notre, e incluso con el prestigioso Paco Torreblanca, que en <strong>2012 entreg\u00f3 a su alumno m\u00e1s aventajado el Premio Torreblanca al mejor repostero-pastelero de Espa\u00f1a.<\/strong><\/p>\n<p>Su se\u00f1a de identidad es la innovaci\u00f3n, su creatividad le lleva a manejar diferentes texturas como las cremas, los souffl\u00e9s, los crujientes o las salsas. En su obrador <a href=\"http:\/\/www.vienapasteleria.com\/\" target=\"blank\" rel=\"nofollow\">Viena Pasteler\u00eda<\/a> de la calle Chile 12 de Logro\u00f1o se encuentra no s\u00f3lo su tienda, sino tambi\u00e9n su Escuela de Formaci\u00f3n y su taller de I+D.<\/p>\n<p>Su pasi\u00f3n es el chocolate, cuenta con m\u00e1s de 45 referencias internacionales para realizar sus coberturas. Sus bombones son un referente, desde el de aceite de oliva al de p\u00e9talos de rosa, adem\u00e1s de sus famosas trufas de vino: <em>\u201cEn un lugar como La Rioja, era s\u00f3lo cuesti\u00f3n de tiempo que un chocolatero como yo uniera el vino y el chocolate. Quer\u00eda hacer un producto ligado a esta tierra del vino y poco a poco lo hemos ido mejorando en aroma y textura\u201d<\/em>. Para Juan \u00c1ngel, lo importante es la materia prima: <em>\u201cLas trufas las hacemos con chocolate de cobertura que s\u00f3lo tiene grasa de cacao, siempre dependiendo del tipo de vino que utilicemos. <strong><a href=\"http:\/\/vivancoculturadevino.es\/es\/bodega\/los-vinos\/\" target=\"blank\">Vivanco<\/a> cuenta con algunos monovarietales de m\u00e1xima calidad, que le va bien al chocolate\u201d<\/strong><\/em>. El vino est\u00e1 presente igualmente en otro dulce que hacen con gran \u00e9xito: la <strong>tarta tempranillo<\/strong>, que contiene peras riojanas y un cremoso de vino tinto similar al zurracapote.<\/p>\n<p style=\"text-align: center;\"><a href=\"http:\/\/vivancoculturadevino.es\/blog\/wp-content\/uploads\/2015\/05\/trufas-vino.jpg\" target=\"blank\"><img decoding=\"async\" width=\"660\" height=\"495\" class=\"aligncenter size-full wp-image-960\" src=\"\/\/vivancoculturadevino.es\/blog\/wp-content\/uploads\/2015\/05\/trufas-vino.jpg\" alt=\"trufas vino\" srcset=\"https:\/\/vivancoculturadevino.es\/blog\/wp-content\/uploads\/2015\/05\/trufas-vino.jpg 660w, https:\/\/vivancoculturadevino.es\/blog\/wp-content\/uploads\/2015\/05\/trufas-vino-300x225.jpg 300w\" sizes=\"(max-width: 660px) 100vw, 660px\" \/><\/a>Trufas de vino, delicioso bocado con alma riojana. En venta en Viena Pasteler\u00eda y tienda Vivanco<\/p>\n<p style=\"text-align: center;\"><a href=\"http:\/\/vivancoculturadevino.es\/blog\/wp-content\/uploads\/2015\/05\/tarta-vendimia-tempranillo.jpg\" target=\"blank\"><img decoding=\"async\" width=\"660\" height=\"440\" class=\"aligncenter size-full wp-image-961\" src=\"\/\/vivancoculturadevino.es\/blog\/wp-content\/uploads\/2015\/05\/tarta-vendimia-tempranillo.jpg\" alt=\"tarta vendimia tempranillo\" srcset=\"https:\/\/vivancoculturadevino.es\/blog\/wp-content\/uploads\/2015\/05\/tarta-vendimia-tempranillo.jpg 660w, https:\/\/vivancoculturadevino.es\/blog\/wp-content\/uploads\/2015\/05\/tarta-vendimia-tempranillo-300x200.jpg 300w\" sizes=\"(max-width: 660px) 100vw, 660px\" \/><\/a>Tarta tempranillo inspirada en la temporada de vendimia de La Rioja<\/p>\n<p>Cl\u00e1sicos son otros dulces de su creaci\u00f3n como la <strong><em>tarta Soprano<\/em><\/strong>, especial para celiacos con bizcocho de cacao sin harina y cobertura de chocolate blanco y negro napado con caramelo. O la <strong><em>tarta Mozart<\/em><\/strong>, con un exquisito bizcocho de almendra con pralin\u00e9 crujiente y crema inglesa con vainilla y burbon. <em>\u201cEst\u00e1n gustando mucho tambi\u00e9n las tartaletas de tiramis\u00fa, chocolate trufa o chocolate nata, tambi\u00e9n estamos haciendo versiones de la tarta de San Marcos a la que le a\u00f1adimos cobertura\u201d.<\/em><\/p>\n<p style=\"text-align: center;\"><a href=\"http:\/\/vivancoculturadevino.es\/blog\/wp-content\/uploads\/2015\/05\/tarta-mozart.jpg\" target=\"blank\"><img loading=\"lazy\" decoding=\"async\" width=\"660\" height=\"495\" class=\"aligncenter size-full wp-image-962\" src=\"\/\/vivancoculturadevino.es\/blog\/wp-content\/uploads\/2015\/05\/tarta-mozart.jpg\" alt=\"tarta mozart\" srcset=\"https:\/\/vivancoculturadevino.es\/blog\/wp-content\/uploads\/2015\/05\/tarta-mozart.jpg 660w, https:\/\/vivancoculturadevino.es\/blog\/wp-content\/uploads\/2015\/05\/tarta-mozart-300x225.jpg 300w\" sizes=\"(max-width: 660px) 100vw, 660px\" \/><\/a>Tarta Mozart<\/p>\n<p style=\"text-align: center;\"><a href=\"http:\/\/vivancoculturadevino.es\/blog\/wp-content\/uploads\/2015\/05\/tarta-soprano.jpg\" target=\"blank\"><img loading=\"lazy\" decoding=\"async\" width=\"660\" height=\"495\" class=\"aligncenter size-full wp-image-963\" src=\"\/\/vivancoculturadevino.es\/blog\/wp-content\/uploads\/2015\/05\/tarta-soprano.jpg\" alt=\"tarta soprano\" srcset=\"https:\/\/vivancoculturadevino.es\/blog\/wp-content\/uploads\/2015\/05\/tarta-soprano.jpg 660w, https:\/\/vivancoculturadevino.es\/blog\/wp-content\/uploads\/2015\/05\/tarta-soprano-300x225.jpg 300w\" sizes=\"(max-width: 660px) 100vw, 660px\" \/><\/a>Tarta Soprano<\/p>\n<p>Al final, todos los caminos de la Pasteler\u00eda Viena conducen al <strong>chocolate<\/strong>. En sus clases de formaci\u00f3n o seminarios ense\u00f1an a particulares y profesionales a trabajarlo, realizando piezas que bien podr\u00edan exponerse en museos. <em>\u201c<strong>Las esculturas de chocolate<\/strong> son un arte ef\u00edmero que hacemos con 100% cobertura de chocolate criollo, trinitario y forastero\u201d.<\/em><\/p>\n<p><a href=\"http:\/\/vivancoculturadevino.es\/blog\/wp-content\/uploads\/2015\/05\/juan-angel-rodrigalvarez.jpg\" target=\"blank\"><img loading=\"lazy\" decoding=\"async\" width=\"660\" height=\"884\" class=\"aligncenter size-full wp-image-964\" src=\"\/\/vivancoculturadevino.es\/blog\/wp-content\/uploads\/2015\/05\/juan-angel-rodrigalvarez.jpg\" alt=\"juan angel rodrigalvarez\" srcset=\"https:\/\/vivancoculturadevino.es\/blog\/wp-content\/uploads\/2015\/05\/juan-angel-rodrigalvarez.jpg 660w, https:\/\/vivancoculturadevino.es\/blog\/wp-content\/uploads\/2015\/05\/juan-angel-rodrigalvarez-224x300.jpg 224w, https:\/\/vivancoculturadevino.es\/blog\/wp-content\/uploads\/2015\/05\/juan-angel-rodrigalvarez-300x402.jpg 300w\" sizes=\"(max-width: 660px) 100vw, 660px\" \/><\/a><\/p>\n<p>Sus consejos: comprarlo de calidad, no meterlo en la nevera y disfrutarlo, porque da felicidad: <em>\u201cLos espa\u00f1oles consumimos el doble de chocolate que hace tres a\u00f1os, pero seguimos tomando menos que el resto de los europeos. Hay que poner un poco de cacao en la vida\u201d.<\/em><\/p>\n","protected":false},"excerpt":{"rendered":"<p>Juan \u00c1ngel Rodrig\u00e1lvarez, el maestro pastelero que apost\u00f3 por la innovaci\u00f3n y creatividad en el mundo de la pasteler\u00eda y sus combinaciones con vino.<\/p>\n","protected":false},"author":5,"featured_media":960,"comment_status":"open","ping_status":"open","sticky":false,"template":"","format":"standard","meta":{"footnotes":"","_elementor_edit_mode":"","_elementor_template_type":"","_elementor_data":"","_elementor_page_settings":null,"_elementor_conditions":[]},"categories":[6],"tags":[71,105,106,46],"class_list":["post-958","post","type-post","status-publish","format-standard","has-post-thumbnail","hentry","category-experiencias","tag-gastronomia","tag-pasteleria","tag-viena-pasteleria","tag-winecooking"],"yoast_head":"<!-- This site is optimized with the Yoast SEO plugin v26.8 - https:\/\/yoast.com\/product\/yoast-seo-wordpress\/ -->\n<title>Juan Rodrig\u00e1lvarez: Hay que poner un poco de cacao a la vida<\/title>\n<meta name=\"description\" content=\"Juan \u00c1ngel Rodrig\u00e1lvarez, el maestro pastelero que apost\u00f3 por la innovaci\u00f3n y creatividad en el mundo de la pasteler\u00eda y sus combinaciones con vino.\" \/>\n<meta name=\"robots\" content=\"index, follow, max-snippet:-1, max-image-preview:large, max-video-preview:-1\" \/>\n<link rel=\"canonical\" href=\"https:\/\/vivancoculturadevino.es\/blog\/2015\/05\/06\/maestro-pastelero-juan-rodrigalvarez-poner-cacao-vida\/\" \/>\n<meta property=\"og:locale\" content=\"es_ES\" \/>\n<meta property=\"og:type\" content=\"article\" \/>\n<meta property=\"og:title\" content=\"Juan Rodrig\u00e1lvarez: Hay que poner un poco de cacao a la vida\" \/>\n<meta property=\"og:description\" content=\"Juan \u00c1ngel Rodrig\u00e1lvarez, el maestro pastelero que apost\u00f3 por la innovaci\u00f3n y creatividad en el mundo de la pasteler\u00eda y sus combinaciones con vino.\" \/>\n<meta property=\"og:url\" content=\"https:\/\/vivancoculturadevino.es\/blog\/2015\/05\/06\/maestro-pastelero-juan-rodrigalvarez-poner-cacao-vida\/\" \/>\n<meta property=\"og:site_name\" content=\"Vivanco\" \/>\n<meta property=\"article:author\" content=\"https:\/\/www.facebook.com\/revista.conmuchagula?fref=ts\" \/>\n<meta property=\"article:published_time\" content=\"2015-05-06T08:57:41+00:00\" \/>\n<meta property=\"article:modified_time\" content=\"2015-05-06T09:05:09+00:00\" \/>\n<meta property=\"og:image\" content=\"https:\/\/vivancoculturadevino.es\/blog\/wp-content\/uploads\/2015\/05\/trufas-vino.jpg\" \/>\n\t<meta property=\"og:image:width\" content=\"660\" \/>\n\t<meta property=\"og:image:height\" content=\"495\" \/>\n\t<meta property=\"og:image:type\" content=\"image\/jpeg\" \/>\n<meta name=\"author\" content=\"Conmuchagula\" \/>\n<meta name=\"twitter:card\" content=\"summary_large_image\" \/>\n<meta name=\"twitter:creator\" content=\"@https:\/\/twitter.com\/conmuchagula\" \/>\n<meta name=\"twitter:label1\" content=\"Escrito por\" \/>\n\t<meta name=\"twitter:data1\" content=\"Conmuchagula\" \/>\n\t<meta name=\"twitter:label2\" content=\"Tiempo de lectura\" \/>\n\t<meta name=\"twitter:data2\" content=\"3 minutos\" \/>\n<script type=\"application\/ld+json\" class=\"yoast-schema-graph\">{\"@context\":\"https:\/\/schema.org\",\"@graph\":[{\"@type\":\"Article\",\"@id\":\"https:\/\/vivancoculturadevino.es\/blog\/2015\/05\/06\/maestro-pastelero-juan-rodrigalvarez-poner-cacao-vida\/#article\",\"isPartOf\":{\"@id\":\"https:\/\/vivancoculturadevino.es\/blog\/2015\/05\/06\/maestro-pastelero-juan-rodrigalvarez-poner-cacao-vida\/\"},\"author\":{\"name\":\"Conmuchagula\",\"@id\":\"https:\/\/vivancoculturadevino.es\/blog\/#\/schema\/person\/3b163b3e29dda434f855d802025d241d\"},\"headline\":\"Maestro Pastelero Juan Rodrig\u00e1lvarez: \u201cHay que poner un poco de cacao a la vida\u201d\",\"datePublished\":\"2015-05-06T08:57:41+00:00\",\"dateModified\":\"2015-05-06T09:05:09+00:00\",\"mainEntityOfPage\":{\"@id\":\"https:\/\/vivancoculturadevino.es\/blog\/2015\/05\/06\/maestro-pastelero-juan-rodrigalvarez-poner-cacao-vida\/\"},\"wordCount\":621,\"commentCount\":0,\"publisher\":{\"@id\":\"https:\/\/vivancoculturadevino.es\/blog\/#organization\"},\"image\":{\"@id\":\"https:\/\/vivancoculturadevino.es\/blog\/2015\/05\/06\/maestro-pastelero-juan-rodrigalvarez-poner-cacao-vida\/#primaryimage\"},\"thumbnailUrl\":\"https:\/\/vivancoculturadevino.es\/blog\/wp-content\/uploads\/2015\/05\/trufas-vino.jpg\",\"keywords\":[\"gastronom\u00eda\",\"pasteler\u00eda\",\"Viena Pasteler\u00eda\",\"winecooking\"],\"articleSection\":[\"Compartiendo\"],\"inLanguage\":\"es\",\"potentialAction\":[{\"@type\":\"CommentAction\",\"name\":\"Comment\",\"target\":[\"https:\/\/vivancoculturadevino.es\/blog\/2015\/05\/06\/maestro-pastelero-juan-rodrigalvarez-poner-cacao-vida\/#respond\"]}]},{\"@type\":\"WebPage\",\"@id\":\"https:\/\/vivancoculturadevino.es\/blog\/2015\/05\/06\/maestro-pastelero-juan-rodrigalvarez-poner-cacao-vida\/\",\"url\":\"https:\/\/vivancoculturadevino.es\/blog\/2015\/05\/06\/maestro-pastelero-juan-rodrigalvarez-poner-cacao-vida\/\",\"name\":\"Juan Rodrig\u00e1lvarez: Hay que poner un poco de cacao a la vida\",\"isPartOf\":{\"@id\":\"https:\/\/vivancoculturadevino.es\/blog\/#website\"},\"primaryImageOfPage\":{\"@id\":\"https:\/\/vivancoculturadevino.es\/blog\/2015\/05\/06\/maestro-pastelero-juan-rodrigalvarez-poner-cacao-vida\/#primaryimage\"},\"image\":{\"@id\":\"https:\/\/vivancoculturadevino.es\/blog\/2015\/05\/06\/maestro-pastelero-juan-rodrigalvarez-poner-cacao-vida\/#primaryimage\"},\"thumbnailUrl\":\"https:\/\/vivancoculturadevino.es\/blog\/wp-content\/uploads\/2015\/05\/trufas-vino.jpg\",\"datePublished\":\"2015-05-06T08:57:41+00:00\",\"dateModified\":\"2015-05-06T09:05:09+00:00\",\"description\":\"Juan \u00c1ngel Rodrig\u00e1lvarez, el maestro pastelero que apost\u00f3 por la innovaci\u00f3n y creatividad en el mundo de la pasteler\u00eda y sus combinaciones con vino.\",\"breadcrumb\":{\"@id\":\"https:\/\/vivancoculturadevino.es\/blog\/2015\/05\/06\/maestro-pastelero-juan-rodrigalvarez-poner-cacao-vida\/#breadcrumb\"},\"inLanguage\":\"es\",\"potentialAction\":[{\"@type\":\"ReadAction\",\"target\":[\"https:\/\/vivancoculturadevino.es\/blog\/2015\/05\/06\/maestro-pastelero-juan-rodrigalvarez-poner-cacao-vida\/\"]}]},{\"@type\":\"ImageObject\",\"inLanguage\":\"es\",\"@id\":\"https:\/\/vivancoculturadevino.es\/blog\/2015\/05\/06\/maestro-pastelero-juan-rodrigalvarez-poner-cacao-vida\/#primaryimage\",\"url\":\"https:\/\/vivancoculturadevino.es\/blog\/wp-content\/uploads\/2015\/05\/trufas-vino.jpg\",\"contentUrl\":\"https:\/\/vivancoculturadevino.es\/blog\/wp-content\/uploads\/2015\/05\/trufas-vino.jpg\",\"width\":660,\"height\":495},{\"@type\":\"BreadcrumbList\",\"@id\":\"https:\/\/vivancoculturadevino.es\/blog\/2015\/05\/06\/maestro-pastelero-juan-rodrigalvarez-poner-cacao-vida\/#breadcrumb\",\"itemListElement\":[{\"@type\":\"ListItem\",\"position\":1,\"name\":\"Portada\",\"item\":\"https:\/\/vivancoculturadevino.es\/blog\/\"},{\"@type\":\"ListItem\",\"position\":2,\"name\":\"Maestro Pastelero Juan Rodrig\u00e1lvarez: \u201cHay que poner un poco de cacao a la vida\u201d\"}]},{\"@type\":\"WebSite\",\"@id\":\"https:\/\/vivancoculturadevino.es\/blog\/#website\",\"url\":\"https:\/\/vivancoculturadevino.es\/blog\/\",\"name\":\"Vivanco\",\"description\":\"Una familia y una pasi\u00f3n: Compartir la cultura del vino\",\"publisher\":{\"@id\":\"https:\/\/vivancoculturadevino.es\/blog\/#organization\"},\"potentialAction\":[{\"@type\":\"SearchAction\",\"target\":{\"@type\":\"EntryPoint\",\"urlTemplate\":\"https:\/\/vivancoculturadevino.es\/blog\/?s={search_term_string}\"},\"query-input\":{\"@type\":\"PropertyValueSpecification\",\"valueRequired\":true,\"valueName\":\"search_term_string\"}}],\"inLanguage\":\"es\"},{\"@type\":\"Organization\",\"@id\":\"https:\/\/vivancoculturadevino.es\/blog\/#organization\",\"name\":\"Vivanco\",\"url\":\"https:\/\/vivancoculturadevino.es\/blog\/\",\"logo\":{\"@type\":\"ImageObject\",\"inLanguage\":\"es\",\"@id\":\"https:\/\/vivancoculturadevino.es\/blog\/#\/schema\/logo\/image\/\",\"url\":\"https:\/\/vivancoculturadevino.es\/blog\/wp-content\/uploads\/2026\/01\/Logo-blanco.svg\",\"contentUrl\":\"https:\/\/vivancoculturadevino.es\/blog\/wp-content\/uploads\/2026\/01\/Logo-blanco.svg\",\"width\":134,\"height\":43,\"caption\":\"Vivanco\"},\"image\":{\"@id\":\"https:\/\/vivancoculturadevino.es\/blog\/#\/schema\/logo\/image\/\"}},{\"@type\":\"Person\",\"@id\":\"https:\/\/vivancoculturadevino.es\/blog\/#\/schema\/person\/3b163b3e29dda434f855d802025d241d\",\"name\":\"Conmuchagula\",\"image\":{\"@type\":\"ImageObject\",\"inLanguage\":\"es\",\"@id\":\"https:\/\/vivancoculturadevino.es\/blog\/#\/schema\/person\/image\/\",\"url\":\"https:\/\/secure.gravatar.com\/avatar\/51349502c0a4e7d82770f0bb991e1555f80ee8587dc18e9071aa7a394e87d098?s=96&d=mm&r=g\",\"contentUrl\":\"https:\/\/secure.gravatar.com\/avatar\/51349502c0a4e7d82770f0bb991e1555f80ee8587dc18e9071aa7a394e87d098?s=96&d=mm&r=g\",\"caption\":\"Conmuchagula\"},\"description\":\"Revista gastron\u00f3mica digital de referencia desde 2007 que viene a cubrir un hueco en las p\u00e1ginas gastron\u00f3micas en espa\u00f1ol en la red, con m\u00e1s de sesenta mil seguidores en redes sociales. Los contenidos, originales y novedosos, se realizan por un grupo de periodistas expertos en diferentes sectores de la gastronom\u00eda como viajes, nutrici\u00f3n, cultura, vinos o literatura.\",\"sameAs\":[\"http:\/\/www.conmuchagula.com\/\",\"https:\/\/www.facebook.com\/revista.conmuchagula?fref=ts\",\"https:\/\/x.com\/https:\/\/twitter.com\/conmuchagula\"],\"url\":\"https:\/\/vivancoculturadevino.es\/blog\/author\/eva-celada\/\"}]}<\/script>\n<!-- \/ Yoast SEO plugin. -->","yoast_head_json":{"title":"Juan Rodrig\u00e1lvarez: Hay que poner un poco de cacao a la vida","description":"Juan \u00c1ngel Rodrig\u00e1lvarez, el maestro pastelero que apost\u00f3 por la innovaci\u00f3n y creatividad en el mundo de la pasteler\u00eda y sus combinaciones con vino.","robots":{"index":"index","follow":"follow","max-snippet":"max-snippet:-1","max-image-preview":"max-image-preview:large","max-video-preview":"max-video-preview:-1"},"canonical":"https:\/\/vivancoculturadevino.es\/blog\/2015\/05\/06\/maestro-pastelero-juan-rodrigalvarez-poner-cacao-vida\/","og_locale":"es_ES","og_type":"article","og_title":"Juan Rodrig\u00e1lvarez: Hay que poner un poco de cacao a la vida","og_description":"Juan \u00c1ngel Rodrig\u00e1lvarez, el maestro pastelero que apost\u00f3 por la innovaci\u00f3n y creatividad en el mundo de la pasteler\u00eda y sus combinaciones con vino.","og_url":"https:\/\/vivancoculturadevino.es\/blog\/2015\/05\/06\/maestro-pastelero-juan-rodrigalvarez-poner-cacao-vida\/","og_site_name":"Vivanco","article_author":"https:\/\/www.facebook.com\/revista.conmuchagula?fref=ts","article_published_time":"2015-05-06T08:57:41+00:00","article_modified_time":"2015-05-06T09:05:09+00:00","og_image":[{"width":660,"height":495,"url":"https:\/\/vivancoculturadevino.es\/blog\/wp-content\/uploads\/2015\/05\/trufas-vino.jpg","type":"image\/jpeg"}],"author":"Conmuchagula","twitter_card":"summary_large_image","twitter_creator":"@https:\/\/twitter.com\/conmuchagula","twitter_misc":{"Escrito por":"Conmuchagula","Tiempo de lectura":"3 minutos"},"schema":{"@context":"https:\/\/schema.org","@graph":[{"@type":"Article","@id":"https:\/\/vivancoculturadevino.es\/blog\/2015\/05\/06\/maestro-pastelero-juan-rodrigalvarez-poner-cacao-vida\/#article","isPartOf":{"@id":"https:\/\/vivancoculturadevino.es\/blog\/2015\/05\/06\/maestro-pastelero-juan-rodrigalvarez-poner-cacao-vida\/"},"author":{"name":"Conmuchagula","@id":"https:\/\/vivancoculturadevino.es\/blog\/#\/schema\/person\/3b163b3e29dda434f855d802025d241d"},"headline":"Maestro Pastelero Juan Rodrig\u00e1lvarez: \u201cHay que poner un poco de cacao a la vida\u201d","datePublished":"2015-05-06T08:57:41+00:00","dateModified":"2015-05-06T09:05:09+00:00","mainEntityOfPage":{"@id":"https:\/\/vivancoculturadevino.es\/blog\/2015\/05\/06\/maestro-pastelero-juan-rodrigalvarez-poner-cacao-vida\/"},"wordCount":621,"commentCount":0,"publisher":{"@id":"https:\/\/vivancoculturadevino.es\/blog\/#organization"},"image":{"@id":"https:\/\/vivancoculturadevino.es\/blog\/2015\/05\/06\/maestro-pastelero-juan-rodrigalvarez-poner-cacao-vida\/#primaryimage"},"thumbnailUrl":"https:\/\/vivancoculturadevino.es\/blog\/wp-content\/uploads\/2015\/05\/trufas-vino.jpg","keywords":["gastronom\u00eda","pasteler\u00eda","Viena Pasteler\u00eda","winecooking"],"articleSection":["Compartiendo"],"inLanguage":"es","potentialAction":[{"@type":"CommentAction","name":"Comment","target":["https:\/\/vivancoculturadevino.es\/blog\/2015\/05\/06\/maestro-pastelero-juan-rodrigalvarez-poner-cacao-vida\/#respond"]}]},{"@type":"WebPage","@id":"https:\/\/vivancoculturadevino.es\/blog\/2015\/05\/06\/maestro-pastelero-juan-rodrigalvarez-poner-cacao-vida\/","url":"https:\/\/vivancoculturadevino.es\/blog\/2015\/05\/06\/maestro-pastelero-juan-rodrigalvarez-poner-cacao-vida\/","name":"Juan Rodrig\u00e1lvarez: Hay que poner un poco de cacao a la vida","isPartOf":{"@id":"https:\/\/vivancoculturadevino.es\/blog\/#website"},"primaryImageOfPage":{"@id":"https:\/\/vivancoculturadevino.es\/blog\/2015\/05\/06\/maestro-pastelero-juan-rodrigalvarez-poner-cacao-vida\/#primaryimage"},"image":{"@id":"https:\/\/vivancoculturadevino.es\/blog\/2015\/05\/06\/maestro-pastelero-juan-rodrigalvarez-poner-cacao-vida\/#primaryimage"},"thumbnailUrl":"https:\/\/vivancoculturadevino.es\/blog\/wp-content\/uploads\/2015\/05\/trufas-vino.jpg","datePublished":"2015-05-06T08:57:41+00:00","dateModified":"2015-05-06T09:05:09+00:00","description":"Juan \u00c1ngel Rodrig\u00e1lvarez, el maestro pastelero que apost\u00f3 por la innovaci\u00f3n y creatividad en el mundo de la pasteler\u00eda y sus combinaciones con vino.","breadcrumb":{"@id":"https:\/\/vivancoculturadevino.es\/blog\/2015\/05\/06\/maestro-pastelero-juan-rodrigalvarez-poner-cacao-vida\/#breadcrumb"},"inLanguage":"es","potentialAction":[{"@type":"ReadAction","target":["https:\/\/vivancoculturadevino.es\/blog\/2015\/05\/06\/maestro-pastelero-juan-rodrigalvarez-poner-cacao-vida\/"]}]},{"@type":"ImageObject","inLanguage":"es","@id":"https:\/\/vivancoculturadevino.es\/blog\/2015\/05\/06\/maestro-pastelero-juan-rodrigalvarez-poner-cacao-vida\/#primaryimage","url":"https:\/\/vivancoculturadevino.es\/blog\/wp-content\/uploads\/2015\/05\/trufas-vino.jpg","contentUrl":"https:\/\/vivancoculturadevino.es\/blog\/wp-content\/uploads\/2015\/05\/trufas-vino.jpg","width":660,"height":495},{"@type":"BreadcrumbList","@id":"https:\/\/vivancoculturadevino.es\/blog\/2015\/05\/06\/maestro-pastelero-juan-rodrigalvarez-poner-cacao-vida\/#breadcrumb","itemListElement":[{"@type":"ListItem","position":1,"name":"Portada","item":"https:\/\/vivancoculturadevino.es\/blog\/"},{"@type":"ListItem","position":2,"name":"Maestro Pastelero Juan Rodrig\u00e1lvarez: \u201cHay que poner un poco de cacao a la vida\u201d"}]},{"@type":"WebSite","@id":"https:\/\/vivancoculturadevino.es\/blog\/#website","url":"https:\/\/vivancoculturadevino.es\/blog\/","name":"Vivanco","description":"Una familia y una pasi\u00f3n: Compartir la cultura del vino","publisher":{"@id":"https:\/\/vivancoculturadevino.es\/blog\/#organization"},"potentialAction":[{"@type":"SearchAction","target":{"@type":"EntryPoint","urlTemplate":"https:\/\/vivancoculturadevino.es\/blog\/?s={search_term_string}"},"query-input":{"@type":"PropertyValueSpecification","valueRequired":true,"valueName":"search_term_string"}}],"inLanguage":"es"},{"@type":"Organization","@id":"https:\/\/vivancoculturadevino.es\/blog\/#organization","name":"Vivanco","url":"https:\/\/vivancoculturadevino.es\/blog\/","logo":{"@type":"ImageObject","inLanguage":"es","@id":"https:\/\/vivancoculturadevino.es\/blog\/#\/schema\/logo\/image\/","url":"https:\/\/vivancoculturadevino.es\/blog\/wp-content\/uploads\/2026\/01\/Logo-blanco.svg","contentUrl":"https:\/\/vivancoculturadevino.es\/blog\/wp-content\/uploads\/2026\/01\/Logo-blanco.svg","width":134,"height":43,"caption":"Vivanco"},"image":{"@id":"https:\/\/vivancoculturadevino.es\/blog\/#\/schema\/logo\/image\/"}},{"@type":"Person","@id":"https:\/\/vivancoculturadevino.es\/blog\/#\/schema\/person\/3b163b3e29dda434f855d802025d241d","name":"Conmuchagula","image":{"@type":"ImageObject","inLanguage":"es","@id":"https:\/\/vivancoculturadevino.es\/blog\/#\/schema\/person\/image\/","url":"https:\/\/secure.gravatar.com\/avatar\/51349502c0a4e7d82770f0bb991e1555f80ee8587dc18e9071aa7a394e87d098?s=96&d=mm&r=g","contentUrl":"https:\/\/secure.gravatar.com\/avatar\/51349502c0a4e7d82770f0bb991e1555f80ee8587dc18e9071aa7a394e87d098?s=96&d=mm&r=g","caption":"Conmuchagula"},"description":"Revista gastron\u00f3mica digital de referencia desde 2007 que viene a cubrir un hueco en las p\u00e1ginas gastron\u00f3micas en espa\u00f1ol en la red, con m\u00e1s de sesenta mil seguidores en redes sociales. Los contenidos, originales y novedosos, se realizan por un grupo de periodistas expertos en diferentes sectores de la gastronom\u00eda como viajes, nutrici\u00f3n, cultura, vinos o literatura.","sameAs":["http:\/\/www.conmuchagula.com\/","https:\/\/www.facebook.com\/revista.conmuchagula?fref=ts","https:\/\/x.com\/https:\/\/twitter.com\/conmuchagula"],"url":"https:\/\/vivancoculturadevino.es\/blog\/author\/eva-celada\/"}]}},"_links":{"self":[{"href":"https:\/\/vivancoculturadevino.es\/blog\/wp-json\/wp\/v2\/posts\/958","targetHints":{"allow":["GET"]}}],"collection":[{"href":"https:\/\/vivancoculturadevino.es\/blog\/wp-json\/wp\/v2\/posts"}],"about":[{"href":"https:\/\/vivancoculturadevino.es\/blog\/wp-json\/wp\/v2\/types\/post"}],"author":[{"embeddable":true,"href":"https:\/\/vivancoculturadevino.es\/blog\/wp-json\/wp\/v2\/users\/5"}],"replies":[{"embeddable":true,"href":"https:\/\/vivancoculturadevino.es\/blog\/wp-json\/wp\/v2\/comments?post=958"}],"version-history":[{"count":3,"href":"https:\/\/vivancoculturadevino.es\/blog\/wp-json\/wp\/v2\/posts\/958\/revisions"}],"predecessor-version":[{"id":968,"href":"https:\/\/vivancoculturadevino.es\/blog\/wp-json\/wp\/v2\/posts\/958\/revisions\/968"}],"wp:featuredmedia":[{"embeddable":true,"href":"https:\/\/vivancoculturadevino.es\/blog\/wp-json\/wp\/v2\/media\/960"}],"wp:attachment":[{"href":"https:\/\/vivancoculturadevino.es\/blog\/wp-json\/wp\/v2\/media?parent=958"}],"wp:term":[{"taxonomy":"category","embeddable":true,"href":"https:\/\/vivancoculturadevino.es\/blog\/wp-json\/wp\/v2\/categories?post=958"},{"taxonomy":"post_tag","embeddable":true,"href":"https:\/\/vivancoculturadevino.es\/blog\/wp-json\/wp\/v2\/tags?post=958"}],"curies":[{"name":"wp","href":"https:\/\/api.w.org\/{rel}","templated":true}]}}