{"id":838,"date":"2015-04-15T10:50:06","date_gmt":"2015-04-15T09:50:06","guid":{"rendered":"http:\/\/vivancoculturadevino.es\/blog\/?p=838"},"modified":"2015-04-15T11:50:30","modified_gmt":"2015-04-15T10:50:30","slug":"fotografo-vino-millon-dolares","status":"publish","type":"post","link":"https:\/\/vivancoculturadevino.es\/blog\/2015\/04\/15\/fotografo-vino-millon-dolares\/","title":{"rendered":"El fot\u00f3grafo del vino y del mill\u00f3n de d\u00f3lares"},"content":{"rendered":"<p>Cuando el fot\u00f3grafo Charles (Chuck) O\u2019Rear apret\u00f3 el disparador de su m\u00e1quina una ma\u00f1ana de 1995 para capturar unas verdes colinas del valle de Napa en California (Estados Unidos), nunca pudo imaginar que ese gesto llegar\u00eda a costar un mill\u00f3n de d\u00f3lares. Seguro que tampoco so\u00f1\u00f3 que una de sus im\u00e1genes llegar\u00eda a ser tan popular como aquella.<\/p>\n<p>El 25 de octubre de 2001 se lanzaba mundialmente el nuevo sistema operativo de Microsoft, al que denominaron Windows XP, y el fondo de pantalla predeterminado por aquel programa inform\u00e1tico y que se ver\u00eda al encender millones y millones de ordenadores de todo el planeta, era aquella fotograf\u00eda a la que el gigante de las computadoras llam\u00f3 &#8220;<em>Bliss<\/em>&#8221; (felicidad).<\/p>\n<p>&nbsp;<\/p>\n<p><a href=\"http:\/\/vivancoculturadevino.es\/blog\/wp-content\/uploads\/2015\/04\/fonfo-pantalla-windows-xp-nubes.jpg\" target=\"blank\"><img fetchpriority=\"high\" decoding=\"async\" width=\"630\" height=\"394\" class=\"aligncenter size-full wp-image-839\" alt=\"fonfo pantalla windows xp nubes\" src=\"\/\/vivancoculturadevino.es\/blog\/wp-content\/uploads\/2015\/04\/fonfo-pantalla-windows-xp-nubes.jpg\" srcset=\"https:\/\/vivancoculturadevino.es\/blog\/wp-content\/uploads\/2015\/04\/fonfo-pantalla-windows-xp-nubes.jpg 630w, https:\/\/vivancoculturadevino.es\/blog\/wp-content\/uploads\/2015\/04\/fonfo-pantalla-windows-xp-nubes-300x187.jpg 300w\" sizes=\"(max-width: 630px) 100vw, 630px\" \/><\/a><\/p>\n<p style=\"text-align: center;\">\u00a0<em>Bliss<\/em>, por Charles O&#8217;Rear<\/p>\n<p>&nbsp;<\/p>\n<p>Pero <strong>la pasi\u00f3n que le ten\u00eda asignada la vida a Chuck O\u2019Rear<\/strong>, nacido en el estado de Misuri en 1941, <strong>era realmente la relacionada con el mundo del vino.<\/strong><\/p>\n<p>Cuando ten\u00eda 37 a\u00f1os, <strong>la prestigiosa revista National Geographic<\/strong> -para la que trabaj\u00f3 durante 25 a\u00f1os- <strong>le encarg\u00f3 un reportaje de una de las zonas vin\u00edcolas m\u00e1s importantes de Estados Unidos<\/strong>: los 48 kil\u00f3metros de largo de <strong>Napa Valley<\/strong>. Una zona de California que concentra m\u00e1s de 300 productores de vino y es uno de los motores vin\u00edcolas de Estados Unidos en el mundo.<\/p>\n<p>Se trata de un lugar en el que los estadounidenses han logrado crear una industria basada en el turismo, la gastronom\u00eda y unos cuidados vinos. Un lugar que enamor\u00f3 tanto a O\u2019Rear que, tras ese reportaje, decidi\u00f3 mudarse a un pueblecito del valle llamado Santa Helena.<\/p>\n<p>&nbsp;<\/p>\n<p><a href=\"http:\/\/vivancoculturadevino.es\/blog\/wp-content\/uploads\/2015\/04\/vinedos-valle-napa.jpg\"><img decoding=\"async\" width=\"582\" height=\"372\" class=\"aligncenter size-full wp-image-840\" alt=\"vinedos valle napa\" src=\"\/\/vivancoculturadevino.es\/blog\/wp-content\/uploads\/2015\/04\/vinedos-valle-napa.jpg\" srcset=\"https:\/\/vivancoculturadevino.es\/blog\/wp-content\/uploads\/2015\/04\/vinedos-valle-napa.jpg 582w, https:\/\/vivancoculturadevino.es\/blog\/wp-content\/uploads\/2015\/04\/vinedos-valle-napa-300x191.jpg 300w\" sizes=\"(max-width: 582px) 100vw, 582px\" \/><\/a><\/p>\n<address style=\"text-align: center;\">\u00a0<\/address>\n<p>Pero la producci\u00f3n fotogr\u00e1fica de Chuck O\u2019Rear, de la que se puede tener una gran muestra <a href=\"http:\/\/www.wineviews.com\/\" target=\"blank\" rel=\"nofollow\">aqu\u00ed<\/a>, no solo se centra en la producci\u00f3n vin\u00edcola en Estados Unidos. A finales de los ochenta, ya enamorado del mundo de la uva y los vinos, comenz\u00f3 un viaje alrededor del mundo para fotografiar las regiones m\u00e1s importantes del planeta del que nacieron dos fotolibros: <em>\u2018Chardonnay: Photographs from Around the World\u2019<\/em> (1999) y <em>\u2018Cabernet: A Photographic Journey from Vine to Wine\u2019<\/em> (1998).<\/p>\n<p>Otros de sus trabajos sobre las cepas, las uvas, los caldos y las personas que trabajan en ello se atesoran en <em>\u2018Napa Valley: The Land, The Wine, The People\u2019 <\/em>(2011); <em>\u2018Beringer\u2019s Rhine House\u2019<\/em> (2009); <em>\u2018Wine Across America\u2019<\/em> (2007); <em>\u2018Wine Places\u2019<\/em> (2005); <em>\u2018Beautiful Wineries\u2019 <\/em>(2005) y <em>\u2018Napa Valley: The Land, The Wine, The People\u2019<\/em> (2001).<\/p>\n<p>&nbsp;<\/p>\n<p><a href=\"http:\/\/vivancoculturadevino.es\/blog\/wp-content\/uploads\/2015\/04\/bodega-napa-barricas.jpg\" target=\"blank\"><img decoding=\"async\" width=\"582\" height=\"386\" class=\"aligncenter size-full wp-image-841\" alt=\"bodega napa barricas\" src=\"\/\/vivancoculturadevino.es\/blog\/wp-content\/uploads\/2015\/04\/bodega-napa-barricas.jpg\" srcset=\"https:\/\/vivancoculturadevino.es\/blog\/wp-content\/uploads\/2015\/04\/bodega-napa-barricas.jpg 582w, https:\/\/vivancoculturadevino.es\/blog\/wp-content\/uploads\/2015\/04\/bodega-napa-barricas-300x198.jpg 300w\" sizes=\"(max-width: 582px) 100vw, 582px\" \/><\/a><\/p>\n<p>&nbsp;<\/p>\n<p>El estilo de O\u2019Rear es claro y limpio. Su aproximaci\u00f3n a esta industria, que le atrap\u00f3 hasta el punto de hacer de ella su lugar donde vivir, es hasta cierto punto sentimental y cuidada. Se nota que respeta y mucho esa magia ancestral de transformar la tierra y el agua en un l\u00edquido precioso.<\/p>\n<p>El fot\u00f3grafo ha confesado sobre aquella fotograf\u00eda que vendi\u00f3 por un mill\u00f3n de d\u00f3lares que los directivos de Microsoft nunca creyeron que no estuviera retocada, que no tuviera Photoshop. Pero O\u2019Rear lo explica: \u201cMicrosoft s\u00f3lo corrigi\u00f3 el verde de la colina para hacerlo m\u00e1s intenso, pero la foto es tal y como se ve.\u00a0Normalmente en aquel campo sol\u00eda haber vi\u00f1edos, pero justo en aquel a\u00f1o sufrieron enfermedades y tuvieron que ser retirados. As\u00ed que qued\u00f3 esa pradera ondulante que han bautizado como \u2018La felicidad\u2019\u201d.<\/p>\n<p><strong>El vino y sus paisajes inspiran a todo aquel que lo descubre<\/strong>. \u00bfTe atreves a adentrarte en la <a href=\"http:\/\/vivancoculturadevino.es\/es\/reservas\/\">Cultura de Vino<\/a>?<\/p>\n","protected":false},"excerpt":{"rendered":"<p>Adem\u00e1s de ser conocido por ser el autor de la fotograf\u00eda escogida por Windows como fondo de pantalla predeterminado en su versi\u00f3n XP, Charles O&#8217;Rear es un reconocido fot\u00f3grafo con  pasi\u00f3n por retratar paisajes relacionados con el mundo del vino. <\/p>\n","protected":false},"author":3,"featured_media":839,"comment_status":"open","ping_status":"open","sticky":false,"template":"","format":"standard","meta":{"footnotes":"","_elementor_edit_mode":"","_elementor_template_type":"","_elementor_data":"","_elementor_page_settings":null,"_elementor_conditions":[]},"categories":[6],"tags":[51,98,97,4],"class_list":["post-838","post","type-post","status-publish","format-standard","has-post-thumbnail","hentry","category-experiencias","tag-artistas","tag-fotografia","tag-vinedos","tag-vino"],"yoast_head":"<!-- This site is optimized with the Yoast SEO plugin v26.8 - https:\/\/yoast.com\/product\/yoast-seo-wordpress\/ -->\n<title>El fot\u00f3grafo del vino y del mill\u00f3n de d\u00f3lares | Vivanco<\/title>\n<meta name=\"description\" content=\"Charles O\u2019Rear, el autor del fondo de pantalla predeterminado en Windows XP, ten\u00eda una pasi\u00f3n: fotografiar todo lo relacionado con el mundo del vino.\" \/>\n<meta name=\"robots\" content=\"index, follow, max-snippet:-1, max-image-preview:large, max-video-preview:-1\" \/>\n<link rel=\"canonical\" href=\"https:\/\/vivancoculturadevino.es\/blog\/2015\/04\/15\/fotografo-vino-millon-dolares\/\" \/>\n<meta property=\"og:locale\" content=\"es_ES\" \/>\n<meta property=\"og:type\" content=\"article\" \/>\n<meta property=\"og:title\" content=\"El fot\u00f3grafo del vino y del mill\u00f3n de d\u00f3lares | Vivanco\" \/>\n<meta property=\"og:description\" content=\"Charles O\u2019Rear, el autor del fondo de pantalla predeterminado en Windows XP, ten\u00eda una pasi\u00f3n: fotografiar todo lo relacionado con el mundo del vino.\" \/>\n<meta property=\"og:url\" content=\"https:\/\/vivancoculturadevino.es\/blog\/2015\/04\/15\/fotografo-vino-millon-dolares\/\" \/>\n<meta property=\"og:site_name\" content=\"Vivanco\" \/>\n<meta property=\"article:author\" content=\"https:\/\/www.facebook.com\/ElAsombrario\" \/>\n<meta property=\"article:published_time\" content=\"2015-04-15T09:50:06+00:00\" \/>\n<meta property=\"article:modified_time\" content=\"2015-04-15T10:50:30+00:00\" \/>\n<meta property=\"og:image\" content=\"https:\/\/vivancoculturadevino.es\/blog\/wp-content\/uploads\/2015\/04\/fonfo-pantalla-windows-xp-nubes.jpg\" \/>\n\t<meta property=\"og:image:width\" content=\"630\" \/>\n\t<meta property=\"og:image:height\" content=\"394\" \/>\n\t<meta property=\"og:image:type\" content=\"image\/jpeg\" \/>\n<meta name=\"author\" content=\"Manuel Cu\u00e9llar\" \/>\n<meta name=\"twitter:card\" content=\"summary_large_image\" \/>\n<meta name=\"twitter:creator\" content=\"@https:\/\/twitter.com\/Manuelcuellar\" \/>\n<meta name=\"twitter:label1\" content=\"Escrito por\" \/>\n\t<meta name=\"twitter:data1\" content=\"Manuel Cu\u00e9llar\" \/>\n\t<meta name=\"twitter:label2\" content=\"Tiempo de lectura\" \/>\n\t<meta name=\"twitter:data2\" content=\"3 minutos\" \/>\n<script type=\"application\/ld+json\" class=\"yoast-schema-graph\">{\"@context\":\"https:\/\/schema.org\",\"@graph\":[{\"@type\":\"Article\",\"@id\":\"https:\/\/vivancoculturadevino.es\/blog\/2015\/04\/15\/fotografo-vino-millon-dolares\/#article\",\"isPartOf\":{\"@id\":\"https:\/\/vivancoculturadevino.es\/blog\/2015\/04\/15\/fotografo-vino-millon-dolares\/\"},\"author\":{\"name\":\"Manuel Cu\u00e9llar\",\"@id\":\"https:\/\/vivancoculturadevino.es\/blog\/#\/schema\/person\/f136e59d98f9f2a913718a3980bd396b\"},\"headline\":\"El fot\u00f3grafo del vino y del mill\u00f3n de d\u00f3lares\",\"datePublished\":\"2015-04-15T09:50:06+00:00\",\"dateModified\":\"2015-04-15T10:50:30+00:00\",\"mainEntityOfPage\":{\"@id\":\"https:\/\/vivancoculturadevino.es\/blog\/2015\/04\/15\/fotografo-vino-millon-dolares\/\"},\"wordCount\":600,\"commentCount\":1,\"publisher\":{\"@id\":\"https:\/\/vivancoculturadevino.es\/blog\/#organization\"},\"image\":{\"@id\":\"https:\/\/vivancoculturadevino.es\/blog\/2015\/04\/15\/fotografo-vino-millon-dolares\/#primaryimage\"},\"thumbnailUrl\":\"https:\/\/vivancoculturadevino.es\/blog\/wp-content\/uploads\/2015\/04\/fonfo-pantalla-windows-xp-nubes.jpg\",\"keywords\":[\"artistas\",\"fotograf\u00eda\",\"vi\u00f1edos\",\"vino\"],\"articleSection\":[\"Compartiendo\"],\"inLanguage\":\"es\",\"potentialAction\":[{\"@type\":\"CommentAction\",\"name\":\"Comment\",\"target\":[\"https:\/\/vivancoculturadevino.es\/blog\/2015\/04\/15\/fotografo-vino-millon-dolares\/#respond\"]}]},{\"@type\":\"WebPage\",\"@id\":\"https:\/\/vivancoculturadevino.es\/blog\/2015\/04\/15\/fotografo-vino-millon-dolares\/\",\"url\":\"https:\/\/vivancoculturadevino.es\/blog\/2015\/04\/15\/fotografo-vino-millon-dolares\/\",\"name\":\"El fot\u00f3grafo del vino y del mill\u00f3n de d\u00f3lares | Vivanco\",\"isPartOf\":{\"@id\":\"https:\/\/vivancoculturadevino.es\/blog\/#website\"},\"primaryImageOfPage\":{\"@id\":\"https:\/\/vivancoculturadevino.es\/blog\/2015\/04\/15\/fotografo-vino-millon-dolares\/#primaryimage\"},\"image\":{\"@id\":\"https:\/\/vivancoculturadevino.es\/blog\/2015\/04\/15\/fotografo-vino-millon-dolares\/#primaryimage\"},\"thumbnailUrl\":\"https:\/\/vivancoculturadevino.es\/blog\/wp-content\/uploads\/2015\/04\/fonfo-pantalla-windows-xp-nubes.jpg\",\"datePublished\":\"2015-04-15T09:50:06+00:00\",\"dateModified\":\"2015-04-15T10:50:30+00:00\",\"description\":\"Charles O\u2019Rear, el autor del fondo de pantalla predeterminado en Windows XP, ten\u00eda una pasi\u00f3n: fotografiar todo lo relacionado con el mundo del vino.\",\"breadcrumb\":{\"@id\":\"https:\/\/vivancoculturadevino.es\/blog\/2015\/04\/15\/fotografo-vino-millon-dolares\/#breadcrumb\"},\"inLanguage\":\"es\",\"potentialAction\":[{\"@type\":\"ReadAction\",\"target\":[\"https:\/\/vivancoculturadevino.es\/blog\/2015\/04\/15\/fotografo-vino-millon-dolares\/\"]}]},{\"@type\":\"ImageObject\",\"inLanguage\":\"es\",\"@id\":\"https:\/\/vivancoculturadevino.es\/blog\/2015\/04\/15\/fotografo-vino-millon-dolares\/#primaryimage\",\"url\":\"https:\/\/vivancoculturadevino.es\/blog\/wp-content\/uploads\/2015\/04\/fonfo-pantalla-windows-xp-nubes.jpg\",\"contentUrl\":\"https:\/\/vivancoculturadevino.es\/blog\/wp-content\/uploads\/2015\/04\/fonfo-pantalla-windows-xp-nubes.jpg\",\"width\":630,\"height\":394},{\"@type\":\"BreadcrumbList\",\"@id\":\"https:\/\/vivancoculturadevino.es\/blog\/2015\/04\/15\/fotografo-vino-millon-dolares\/#breadcrumb\",\"itemListElement\":[{\"@type\":\"ListItem\",\"position\":1,\"name\":\"Portada\",\"item\":\"https:\/\/vivancoculturadevino.es\/blog\/\"},{\"@type\":\"ListItem\",\"position\":2,\"name\":\"El fot\u00f3grafo del vino y del mill\u00f3n de d\u00f3lares\"}]},{\"@type\":\"WebSite\",\"@id\":\"https:\/\/vivancoculturadevino.es\/blog\/#website\",\"url\":\"https:\/\/vivancoculturadevino.es\/blog\/\",\"name\":\"Vivanco\",\"description\":\"Una familia y una pasi\u00f3n: Compartir la cultura del vino\",\"publisher\":{\"@id\":\"https:\/\/vivancoculturadevino.es\/blog\/#organization\"},\"potentialAction\":[{\"@type\":\"SearchAction\",\"target\":{\"@type\":\"EntryPoint\",\"urlTemplate\":\"https:\/\/vivancoculturadevino.es\/blog\/?s={search_term_string}\"},\"query-input\":{\"@type\":\"PropertyValueSpecification\",\"valueRequired\":true,\"valueName\":\"search_term_string\"}}],\"inLanguage\":\"es\"},{\"@type\":\"Organization\",\"@id\":\"https:\/\/vivancoculturadevino.es\/blog\/#organization\",\"name\":\"Vivanco\",\"url\":\"https:\/\/vivancoculturadevino.es\/blog\/\",\"logo\":{\"@type\":\"ImageObject\",\"inLanguage\":\"es\",\"@id\":\"https:\/\/vivancoculturadevino.es\/blog\/#\/schema\/logo\/image\/\",\"url\":\"https:\/\/vivancoculturadevino.es\/blog\/wp-content\/uploads\/2026\/01\/Logo-blanco.svg\",\"contentUrl\":\"https:\/\/vivancoculturadevino.es\/blog\/wp-content\/uploads\/2026\/01\/Logo-blanco.svg\",\"width\":134,\"height\":43,\"caption\":\"Vivanco\"},\"image\":{\"@id\":\"https:\/\/vivancoculturadevino.es\/blog\/#\/schema\/logo\/image\/\"}},{\"@type\":\"Person\",\"@id\":\"https:\/\/vivancoculturadevino.es\/blog\/#\/schema\/person\/f136e59d98f9f2a913718a3980bd396b\",\"name\":\"Manuel Cu\u00e9llar\",\"image\":{\"@type\":\"ImageObject\",\"inLanguage\":\"es\",\"@id\":\"https:\/\/vivancoculturadevino.es\/blog\/#\/schema\/person\/image\/\",\"url\":\"https:\/\/secure.gravatar.com\/avatar\/6d3d56cd7666b977e2c4bd35dcb50bb4ea350fec32ec720eda065d540629ed73?s=96&d=mm&r=g\",\"contentUrl\":\"https:\/\/secure.gravatar.com\/avatar\/6d3d56cd7666b977e2c4bd35dcb50bb4ea350fec32ec720eda065d540629ed73?s=96&d=mm&r=g\",\"caption\":\"Manuel Cu\u00e9llar\"},\"description\":\"Licenciado en Derecho en la Universidad Aut\u00f3noma de Madrid, siempre supo que lo suyo era el periodismo. Curso de posgrado en la Escuela de Periodismo UAM\/EL PA\u00cdS. Trabaj\u00f3 durante m\u00e1s de 17 a\u00f1os en el diario ELPAIS donde se form\u00f3 como periodista todoterreno. Desde hace dos a\u00f1os edita la revista online cultural Elasombrario.com asociada a Eldiario.es\",\"sameAs\":[\"http:\/\/elasombrario.com\/\",\"https:\/\/www.facebook.com\/ElAsombrario\",\"https:\/\/x.com\/https:\/\/twitter.com\/Manuelcuellar\"],\"url\":\"https:\/\/vivancoculturadevino.es\/blog\/author\/manuel-cuellar\/\"}]}<\/script>\n<!-- \/ Yoast SEO plugin. -->","yoast_head_json":{"title":"El fot\u00f3grafo del vino y del mill\u00f3n de d\u00f3lares | Vivanco","description":"Charles O\u2019Rear, el autor del fondo de pantalla predeterminado en Windows XP, ten\u00eda una pasi\u00f3n: fotografiar todo lo relacionado con el mundo del vino.","robots":{"index":"index","follow":"follow","max-snippet":"max-snippet:-1","max-image-preview":"max-image-preview:large","max-video-preview":"max-video-preview:-1"},"canonical":"https:\/\/vivancoculturadevino.es\/blog\/2015\/04\/15\/fotografo-vino-millon-dolares\/","og_locale":"es_ES","og_type":"article","og_title":"El fot\u00f3grafo del vino y del mill\u00f3n de d\u00f3lares | Vivanco","og_description":"Charles O\u2019Rear, el autor del fondo de pantalla predeterminado en Windows XP, ten\u00eda una pasi\u00f3n: fotografiar todo lo relacionado con el mundo del vino.","og_url":"https:\/\/vivancoculturadevino.es\/blog\/2015\/04\/15\/fotografo-vino-millon-dolares\/","og_site_name":"Vivanco","article_author":"https:\/\/www.facebook.com\/ElAsombrario","article_published_time":"2015-04-15T09:50:06+00:00","article_modified_time":"2015-04-15T10:50:30+00:00","og_image":[{"width":630,"height":394,"url":"https:\/\/vivancoculturadevino.es\/blog\/wp-content\/uploads\/2015\/04\/fonfo-pantalla-windows-xp-nubes.jpg","type":"image\/jpeg"}],"author":"Manuel Cu\u00e9llar","twitter_card":"summary_large_image","twitter_creator":"@https:\/\/twitter.com\/Manuelcuellar","twitter_misc":{"Escrito por":"Manuel Cu\u00e9llar","Tiempo de lectura":"3 minutos"},"schema":{"@context":"https:\/\/schema.org","@graph":[{"@type":"Article","@id":"https:\/\/vivancoculturadevino.es\/blog\/2015\/04\/15\/fotografo-vino-millon-dolares\/#article","isPartOf":{"@id":"https:\/\/vivancoculturadevino.es\/blog\/2015\/04\/15\/fotografo-vino-millon-dolares\/"},"author":{"name":"Manuel Cu\u00e9llar","@id":"https:\/\/vivancoculturadevino.es\/blog\/#\/schema\/person\/f136e59d98f9f2a913718a3980bd396b"},"headline":"El fot\u00f3grafo del vino y del mill\u00f3n de d\u00f3lares","datePublished":"2015-04-15T09:50:06+00:00","dateModified":"2015-04-15T10:50:30+00:00","mainEntityOfPage":{"@id":"https:\/\/vivancoculturadevino.es\/blog\/2015\/04\/15\/fotografo-vino-millon-dolares\/"},"wordCount":600,"commentCount":1,"publisher":{"@id":"https:\/\/vivancoculturadevino.es\/blog\/#organization"},"image":{"@id":"https:\/\/vivancoculturadevino.es\/blog\/2015\/04\/15\/fotografo-vino-millon-dolares\/#primaryimage"},"thumbnailUrl":"https:\/\/vivancoculturadevino.es\/blog\/wp-content\/uploads\/2015\/04\/fonfo-pantalla-windows-xp-nubes.jpg","keywords":["artistas","fotograf\u00eda","vi\u00f1edos","vino"],"articleSection":["Compartiendo"],"inLanguage":"es","potentialAction":[{"@type":"CommentAction","name":"Comment","target":["https:\/\/vivancoculturadevino.es\/blog\/2015\/04\/15\/fotografo-vino-millon-dolares\/#respond"]}]},{"@type":"WebPage","@id":"https:\/\/vivancoculturadevino.es\/blog\/2015\/04\/15\/fotografo-vino-millon-dolares\/","url":"https:\/\/vivancoculturadevino.es\/blog\/2015\/04\/15\/fotografo-vino-millon-dolares\/","name":"El fot\u00f3grafo del vino y del mill\u00f3n de d\u00f3lares | Vivanco","isPartOf":{"@id":"https:\/\/vivancoculturadevino.es\/blog\/#website"},"primaryImageOfPage":{"@id":"https:\/\/vivancoculturadevino.es\/blog\/2015\/04\/15\/fotografo-vino-millon-dolares\/#primaryimage"},"image":{"@id":"https:\/\/vivancoculturadevino.es\/blog\/2015\/04\/15\/fotografo-vino-millon-dolares\/#primaryimage"},"thumbnailUrl":"https:\/\/vivancoculturadevino.es\/blog\/wp-content\/uploads\/2015\/04\/fonfo-pantalla-windows-xp-nubes.jpg","datePublished":"2015-04-15T09:50:06+00:00","dateModified":"2015-04-15T10:50:30+00:00","description":"Charles O\u2019Rear, el autor del fondo de pantalla predeterminado en Windows XP, ten\u00eda una pasi\u00f3n: fotografiar todo lo relacionado con el mundo del vino.","breadcrumb":{"@id":"https:\/\/vivancoculturadevino.es\/blog\/2015\/04\/15\/fotografo-vino-millon-dolares\/#breadcrumb"},"inLanguage":"es","potentialAction":[{"@type":"ReadAction","target":["https:\/\/vivancoculturadevino.es\/blog\/2015\/04\/15\/fotografo-vino-millon-dolares\/"]}]},{"@type":"ImageObject","inLanguage":"es","@id":"https:\/\/vivancoculturadevino.es\/blog\/2015\/04\/15\/fotografo-vino-millon-dolares\/#primaryimage","url":"https:\/\/vivancoculturadevino.es\/blog\/wp-content\/uploads\/2015\/04\/fonfo-pantalla-windows-xp-nubes.jpg","contentUrl":"https:\/\/vivancoculturadevino.es\/blog\/wp-content\/uploads\/2015\/04\/fonfo-pantalla-windows-xp-nubes.jpg","width":630,"height":394},{"@type":"BreadcrumbList","@id":"https:\/\/vivancoculturadevino.es\/blog\/2015\/04\/15\/fotografo-vino-millon-dolares\/#breadcrumb","itemListElement":[{"@type":"ListItem","position":1,"name":"Portada","item":"https:\/\/vivancoculturadevino.es\/blog\/"},{"@type":"ListItem","position":2,"name":"El fot\u00f3grafo del vino y del mill\u00f3n de d\u00f3lares"}]},{"@type":"WebSite","@id":"https:\/\/vivancoculturadevino.es\/blog\/#website","url":"https:\/\/vivancoculturadevino.es\/blog\/","name":"Vivanco","description":"Una familia y una pasi\u00f3n: Compartir la cultura del vino","publisher":{"@id":"https:\/\/vivancoculturadevino.es\/blog\/#organization"},"potentialAction":[{"@type":"SearchAction","target":{"@type":"EntryPoint","urlTemplate":"https:\/\/vivancoculturadevino.es\/blog\/?s={search_term_string}"},"query-input":{"@type":"PropertyValueSpecification","valueRequired":true,"valueName":"search_term_string"}}],"inLanguage":"es"},{"@type":"Organization","@id":"https:\/\/vivancoculturadevino.es\/blog\/#organization","name":"Vivanco","url":"https:\/\/vivancoculturadevino.es\/blog\/","logo":{"@type":"ImageObject","inLanguage":"es","@id":"https:\/\/vivancoculturadevino.es\/blog\/#\/schema\/logo\/image\/","url":"https:\/\/vivancoculturadevino.es\/blog\/wp-content\/uploads\/2026\/01\/Logo-blanco.svg","contentUrl":"https:\/\/vivancoculturadevino.es\/blog\/wp-content\/uploads\/2026\/01\/Logo-blanco.svg","width":134,"height":43,"caption":"Vivanco"},"image":{"@id":"https:\/\/vivancoculturadevino.es\/blog\/#\/schema\/logo\/image\/"}},{"@type":"Person","@id":"https:\/\/vivancoculturadevino.es\/blog\/#\/schema\/person\/f136e59d98f9f2a913718a3980bd396b","name":"Manuel Cu\u00e9llar","image":{"@type":"ImageObject","inLanguage":"es","@id":"https:\/\/vivancoculturadevino.es\/blog\/#\/schema\/person\/image\/","url":"https:\/\/secure.gravatar.com\/avatar\/6d3d56cd7666b977e2c4bd35dcb50bb4ea350fec32ec720eda065d540629ed73?s=96&d=mm&r=g","contentUrl":"https:\/\/secure.gravatar.com\/avatar\/6d3d56cd7666b977e2c4bd35dcb50bb4ea350fec32ec720eda065d540629ed73?s=96&d=mm&r=g","caption":"Manuel Cu\u00e9llar"},"description":"Licenciado en Derecho en la Universidad Aut\u00f3noma de Madrid, siempre supo que lo suyo era el periodismo. Curso de posgrado en la Escuela de Periodismo UAM\/EL PA\u00cdS. Trabaj\u00f3 durante m\u00e1s de 17 a\u00f1os en el diario ELPAIS donde se form\u00f3 como periodista todoterreno. Desde hace dos a\u00f1os edita la revista online cultural Elasombrario.com asociada a Eldiario.es","sameAs":["http:\/\/elasombrario.com\/","https:\/\/www.facebook.com\/ElAsombrario","https:\/\/x.com\/https:\/\/twitter.com\/Manuelcuellar"],"url":"https:\/\/vivancoculturadevino.es\/blog\/author\/manuel-cuellar\/"}]}},"_links":{"self":[{"href":"https:\/\/vivancoculturadevino.es\/blog\/wp-json\/wp\/v2\/posts\/838","targetHints":{"allow":["GET"]}}],"collection":[{"href":"https:\/\/vivancoculturadevino.es\/blog\/wp-json\/wp\/v2\/posts"}],"about":[{"href":"https:\/\/vivancoculturadevino.es\/blog\/wp-json\/wp\/v2\/types\/post"}],"author":[{"embeddable":true,"href":"https:\/\/vivancoculturadevino.es\/blog\/wp-json\/wp\/v2\/users\/3"}],"replies":[{"embeddable":true,"href":"https:\/\/vivancoculturadevino.es\/blog\/wp-json\/wp\/v2\/comments?post=838"}],"version-history":[{"count":8,"href":"https:\/\/vivancoculturadevino.es\/blog\/wp-json\/wp\/v2\/posts\/838\/revisions"}],"predecessor-version":[{"id":849,"href":"https:\/\/vivancoculturadevino.es\/blog\/wp-json\/wp\/v2\/posts\/838\/revisions\/849"}],"wp:featuredmedia":[{"embeddable":true,"href":"https:\/\/vivancoculturadevino.es\/blog\/wp-json\/wp\/v2\/media\/839"}],"wp:attachment":[{"href":"https:\/\/vivancoculturadevino.es\/blog\/wp-json\/wp\/v2\/media?parent=838"}],"wp:term":[{"taxonomy":"category","embeddable":true,"href":"https:\/\/vivancoculturadevino.es\/blog\/wp-json\/wp\/v2\/categories?post=838"},{"taxonomy":"post_tag","embeddable":true,"href":"https:\/\/vivancoculturadevino.es\/blog\/wp-json\/wp\/v2\/tags?post=838"}],"curies":[{"name":"wp","href":"https:\/\/api.w.org\/{rel}","templated":true}]}}