{"id":75,"date":"2014-03-14T17:16:08","date_gmt":"2014-03-14T17:16:08","guid":{"rendered":"http:\/\/www.vivancoculturadevino.es\/blog\/?p=75"},"modified":"2014-09-22T14:43:56","modified_gmt":"2014-09-22T14:43:56","slug":"dali-versus-picasso","status":"publish","type":"post","link":"https:\/\/vivancoculturadevino.es\/blog\/2014\/03\/14\/dali-versus-picasso\/","title":{"rendered":"Dal\u00ed versus Picasso"},"content":{"rendered":"<p><strong><i>Dali versus Picasso<\/i><\/strong> es la obra que durante un mes ha podido verse en las Naves del Espa\u00f1ol de Matadero, en Madrid, donde se muestra el intenso di\u00e1logo que los dos geniales autores mantienen sobre el surrealismo.<\/p>\n<p>Desde Par\u00eds, a cientos de kil\u00f3metros de la Guerra Civil que se vive en Espa\u00f1a, <strong>Dali versus Picasso<\/strong><em> trata de la discusi\u00f3n, que en v\u00edsperas de la Exposici\u00f3n Internacional de Par\u00eds, mantienen ambos genios sobre dos de sus trabajos m\u00e1s emblem\u00e1ticos: <i>Premonici\u00f3n de la Guerra Civil<\/i>, de Salvador Dal\u00ed, y el <i>Guernica<\/i>, de Pablo Picasso.<\/em><\/p>\n<p>A pesar de la supuesta rivalidad entre ambos artistas, que se refleja en citas de ellos mismos, como la pronunciada por Dal\u00ed, \u201cS\u00f3lo hay dos cosas malas que pueden pasarte en la vida, ser Pablo Picasso o no se ser Salvador Dal\u00ed\u201d, el autor de la obra, Fernando Arrabal, sostiene que esta rivalidad no era tal, \u201c<strong>Picasso y Dal\u00ed<\/strong> eran caballeros de la ciencia, de la pintura, y esa rivalidad que hab\u00edamos cre\u00eddo, vemos que no existe gracias al director de la obra y a los actores, son soldados de la misma escuela que est\u00e1n en el exilio\u201d.<\/p>\n<p>M\u00e1s all\u00e1 de contaros la obra de teatro, que seguramente muchos ya hab\u00e9is visto, nos gustar\u00eda hablaros sobre <strong>2 obras de Dal\u00ed y Picasso<\/strong>, que desde hace tiempo pertenecen a los fondos de la <a title=\"Fundaci\u00f3n Vivanco\" href=\"http:\/\/vivancoculturadevino.es\/es\/fundacion\/\">Fundaci\u00f3n Vivanco<\/a>. <i>La bouteille de vin<\/i>, de Pablo Picasso, expuesta en el <a title=\"Museo Vivanco de la Cultura del Vino\" href=\"http:\/\/vivancoculturadevino.es\/es\/fundacion\/museo-vivanco-de-la-cultura-del-vino\/exposicion-permanente\/\">Museo Vivanco de la Cultura del Vino<\/a>, y la bella litograf\u00eda de Salvador Dal\u00ed, titulada <i>La \u00faltima cena<\/i>, y que durante el a\u00f1o pasado se pudo ver en la exposici\u00f3n <i><a title=\"Actividades de la Fundaci\u00f3n Vivanco\" href=\"http:\/\/vivancoculturadevino.es\/es\/fundacion\/actividades\/\">Esp\u00edritu del vino. El vino como valor religioso<\/a><\/i>, que la Fundaci\u00f3n Vivanco realiz\u00f3 en el Museo de Arte Contempor\u00e1neo Infanta Elena, en Tomelloso.<\/p>\n<p><i>La bouteille de vin<\/i>, de <strong>Pablo Picasso<\/strong>, es un grabado pochoir de 48 x 57 cm que data aproximadamente de 1922. Desde 2004, esta obra puede verse en la sala de Arte del <a title=\"Museo Vivanco de la Cultura del Vino\" href=\"http:\/\/vivancoculturadevino.es\/es\/fundacion\/museo-vivanco-de-la-cultura-del-vino\/exposicion-permanente\/\">Museo Vivanco de la Cultura del Vino<\/a>. Realizado con la t\u00e9cnica del \u201cpochoir\u201d \u2013 grabado coloreado a mano con guache- reproduce un bodeg\u00f3n cubista del autor realizado a comienzos de los a\u00f1os 20, en el que se destaca una botella de vino.<\/p>\n<figure id=\"attachment_76\" aria-describedby=\"caption-attachment-76\" style=\"width: 300px\" class=\"wp-caption aligncenter\"><img fetchpriority=\"high\" decoding=\"async\" class=\"size-medium wp-image-76\" alt=\"Pablo Picasso en el Museo Vivanco\" src=\"\/\/www.vivancoculturadevino.es\/blog\/wp-content\/uploads\/2014\/03\/Picasso2-300x200.jpg\" width=\"300\" height=\"200\" srcset=\"https:\/\/vivancoculturadevino.es\/blog\/wp-content\/uploads\/2014\/03\/Picasso2-300x200.jpg 300w, https:\/\/vivancoculturadevino.es\/blog\/wp-content\/uploads\/2014\/03\/Picasso2-1024x683.jpg 1024w, https:\/\/vivancoculturadevino.es\/blog\/wp-content\/uploads\/2014\/03\/Picasso2.jpg 1500w\" sizes=\"(max-width: 300px) 100vw, 300px\" \/><figcaption id=\"caption-attachment-76\" class=\"wp-caption-text\">Dal\u00ed versus Picasso<\/figcaption><\/figure>\n<p>&nbsp;<\/p>\n<p>Picasso, durante la I Guerra Mundial, principalmente se centr\u00f3 en bodegones cubistas y retratos de estilo naturalista; el cubismo, puntillismo, manierismo y neoclasicismo tienen gran protagonismo en su obra desde 1917. Al finalizar la guerra, aunque sigui\u00f3 trabajando en estos estilos tan dispares, paulatinamente tendi\u00f3 hacia un estilo neocl\u00e1sico.<\/p>\n<p>Por otra parte, <i>La \u00faltima cena<\/i>, de <strong>Salvador Dal\u00ed<\/strong>, que desde la Fundaci\u00f3n Vivanco se ha mostrado en diferentes exposiciones realizadas recientemente, est\u00e1 inspirada en la obra del mismo nombre que realiz\u00f3 Leonardo Da Vinci pero pasada por el tamiz del universo daliniano. El oleo original, pintado en 1955, se encuentra en la Galer\u00eda Nacional de Arte de Washington.<\/p>\n<p style=\"text-align: center;\"><a title=\"Dal\u00ed versus Picasso\" href=\"http:\/\/www.vivancoculturadevino.es\/blog\/wp-content\/uploads\/2014\/03\/Dali-versus-Picasso.jpg\"><img decoding=\"async\" class=\"aligncenter size-medium wp-image-91\" title=\"Dal\u00ed versus Picasso\" alt=\"Dal\u00ed verus Picasso obras de arte\" src=\"\/\/www.vivancoculturadevino.es\/blog\/wp-content\/uploads\/2014\/03\/Dali-versus-Picasso-300x128.jpg\" width=\"300\" height=\"128\" srcset=\"https:\/\/vivancoculturadevino.es\/blog\/wp-content\/uploads\/2014\/03\/Dali-versus-Picasso-300x128.jpg 300w, https:\/\/vivancoculturadevino.es\/blog\/wp-content\/uploads\/2014\/03\/Dali-versus-Picasso.jpg 523w\" sizes=\"(max-width: 300px) 100vw, 300px\" \/><\/a><\/p>\n<p style=\"text-align: left;\"><em>Y a vosotros, \u00bfqu\u00e9 obra de Dal\u00ed y Picasso os gusta m\u00e1s?<\/em><\/p>\n","protected":false},"excerpt":{"rendered":"<p>\u201cS\u00f3lo hay dos cosas malas que pueden pasarte en la vida, ser Pablo Picasso o no se ser Salvador Dal\u00ed&#8221;. Repasamos la relaci\u00f3n entre estos dos genios del arte<\/p>\n","protected":false},"author":1,"featured_media":85,"comment_status":"open","ping_status":"open","sticky":false,"template":"","format":"standard","meta":{"footnotes":"","_elementor_edit_mode":"","_elementor_template_type":"","_elementor_data":"","_elementor_page_settings":null,"_elementor_conditions":[]},"categories":[7,2],"tags":[24,21,22,23,20],"class_list":["post-75","post","type-post","status-publish","format-standard","has-post-thumbnail","hentry","category-fundacion","category-vivanco","tag-cultura-y-vino","tag-dali-versus-picasso","tag-fundacion-vivanco","tag-museo-vivanco-de-la-cultura-del-vino","tag-vino-y-arte"],"yoast_head":"<!-- This site is optimized with the Yoast SEO plugin v26.8 - https:\/\/yoast.com\/product\/yoast-seo-wordpress\/ -->\n<title>Dal\u00ed versus Picasso | Vivanco<\/title>\n<meta name=\"description\" content=\"\u201cS\u00f3lo hay dos cosas malas que pueden pasarte en la vida, ser Pablo Picasso o no se ser Salvador Dal\u00ed&quot;. Repasamos la relaci\u00f3n entre estos dos genios del arte\" \/>\n<meta name=\"robots\" content=\"index, follow, max-snippet:-1, max-image-preview:large, max-video-preview:-1\" \/>\n<link rel=\"canonical\" href=\"https:\/\/vivancoculturadevino.es\/blog\/2014\/03\/14\/dali-versus-picasso\/\" \/>\n<meta property=\"og:locale\" content=\"es_ES\" \/>\n<meta property=\"og:type\" content=\"article\" \/>\n<meta property=\"og:title\" content=\"Dal\u00ed versus Picasso | Vivanco\" \/>\n<meta property=\"og:description\" content=\"\u201cS\u00f3lo hay dos cosas malas que pueden pasarte en la vida, ser Pablo Picasso o no se ser Salvador Dal\u00ed&quot;. Repasamos la relaci\u00f3n entre estos dos genios del arte\" \/>\n<meta property=\"og:url\" content=\"https:\/\/vivancoculturadevino.es\/blog\/2014\/03\/14\/dali-versus-picasso\/\" \/>\n<meta property=\"og:site_name\" content=\"Vivanco\" \/>\n<meta property=\"article:author\" content=\"https:\/\/www.facebook.com\/vivancoculturadevino\" \/>\n<meta property=\"article:published_time\" content=\"2014-03-14T17:16:08+00:00\" \/>\n<meta property=\"article:modified_time\" content=\"2014-09-22T14:43:56+00:00\" \/>\n<meta property=\"og:image\" content=\"https:\/\/vivancoculturadevino.es\/blog\/wp-content\/uploads\/2014\/03\/dali_verus_picasso.jpg\" \/>\n\t<meta property=\"og:image:width\" content=\"567\" \/>\n\t<meta property=\"og:image:height\" content=\"400\" \/>\n\t<meta property=\"og:image:type\" content=\"image\/jpeg\" \/>\n<meta name=\"author\" content=\"Vivanco\" \/>\n<meta name=\"twitter:card\" content=\"summary_large_image\" \/>\n<meta name=\"twitter:creator\" content=\"@https:\/\/twitter.com\/Vivanco_es\" \/>\n<meta name=\"twitter:label1\" content=\"Escrito por\" \/>\n\t<meta name=\"twitter:data1\" content=\"Vivanco\" \/>\n\t<meta name=\"twitter:label2\" content=\"Tiempo de lectura\" \/>\n\t<meta name=\"twitter:data2\" content=\"3 minutos\" \/>\n<script type=\"application\/ld+json\" class=\"yoast-schema-graph\">{\"@context\":\"https:\/\/schema.org\",\"@graph\":[{\"@type\":\"Article\",\"@id\":\"https:\/\/vivancoculturadevino.es\/blog\/2014\/03\/14\/dali-versus-picasso\/#article\",\"isPartOf\":{\"@id\":\"https:\/\/vivancoculturadevino.es\/blog\/2014\/03\/14\/dali-versus-picasso\/\"},\"author\":{\"name\":\"Vivanco\",\"@id\":\"https:\/\/vivancoculturadevino.es\/blog\/#\/schema\/person\/745931ee54ccbb839d8df0cceb02db4c\"},\"headline\":\"Dal\u00ed versus Picasso\",\"datePublished\":\"2014-03-14T17:16:08+00:00\",\"dateModified\":\"2014-09-22T14:43:56+00:00\",\"mainEntityOfPage\":{\"@id\":\"https:\/\/vivancoculturadevino.es\/blog\/2014\/03\/14\/dali-versus-picasso\/\"},\"wordCount\":522,\"commentCount\":0,\"publisher\":{\"@id\":\"https:\/\/vivancoculturadevino.es\/blog\/#organization\"},\"image\":{\"@id\":\"https:\/\/vivancoculturadevino.es\/blog\/2014\/03\/14\/dali-versus-picasso\/#primaryimage\"},\"thumbnailUrl\":\"https:\/\/vivancoculturadevino.es\/blog\/wp-content\/uploads\/2014\/03\/dali_verus_picasso.jpg\",\"keywords\":[\"cultura y vino\",\"dal\u00ed versus picasso\",\"fundaci\u00f3n vivanco\",\"museo vivanco de la cultura del vino\",\"vino y arte\"],\"articleSection\":[\"Cultura\",\"Vivanco\"],\"inLanguage\":\"es\",\"potentialAction\":[{\"@type\":\"CommentAction\",\"name\":\"Comment\",\"target\":[\"https:\/\/vivancoculturadevino.es\/blog\/2014\/03\/14\/dali-versus-picasso\/#respond\"]}]},{\"@type\":\"WebPage\",\"@id\":\"https:\/\/vivancoculturadevino.es\/blog\/2014\/03\/14\/dali-versus-picasso\/\",\"url\":\"https:\/\/vivancoculturadevino.es\/blog\/2014\/03\/14\/dali-versus-picasso\/\",\"name\":\"Dal\u00ed versus Picasso | Vivanco\",\"isPartOf\":{\"@id\":\"https:\/\/vivancoculturadevino.es\/blog\/#website\"},\"primaryImageOfPage\":{\"@id\":\"https:\/\/vivancoculturadevino.es\/blog\/2014\/03\/14\/dali-versus-picasso\/#primaryimage\"},\"image\":{\"@id\":\"https:\/\/vivancoculturadevino.es\/blog\/2014\/03\/14\/dali-versus-picasso\/#primaryimage\"},\"thumbnailUrl\":\"https:\/\/vivancoculturadevino.es\/blog\/wp-content\/uploads\/2014\/03\/dali_verus_picasso.jpg\",\"datePublished\":\"2014-03-14T17:16:08+00:00\",\"dateModified\":\"2014-09-22T14:43:56+00:00\",\"description\":\"\u201cS\u00f3lo hay dos cosas malas que pueden pasarte en la vida, ser Pablo Picasso o no se ser Salvador Dal\u00ed\\\". Repasamos la relaci\u00f3n entre estos dos genios del arte\",\"breadcrumb\":{\"@id\":\"https:\/\/vivancoculturadevino.es\/blog\/2014\/03\/14\/dali-versus-picasso\/#breadcrumb\"},\"inLanguage\":\"es\",\"potentialAction\":[{\"@type\":\"ReadAction\",\"target\":[\"https:\/\/vivancoculturadevino.es\/blog\/2014\/03\/14\/dali-versus-picasso\/\"]}]},{\"@type\":\"ImageObject\",\"inLanguage\":\"es\",\"@id\":\"https:\/\/vivancoculturadevino.es\/blog\/2014\/03\/14\/dali-versus-picasso\/#primaryimage\",\"url\":\"https:\/\/vivancoculturadevino.es\/blog\/wp-content\/uploads\/2014\/03\/dali_verus_picasso.jpg\",\"contentUrl\":\"https:\/\/vivancoculturadevino.es\/blog\/wp-content\/uploads\/2014\/03\/dali_verus_picasso.jpg\",\"width\":567,\"height\":400,\"caption\":\"Dal\u00ed versus picasso en el museo del vino\"},{\"@type\":\"BreadcrumbList\",\"@id\":\"https:\/\/vivancoculturadevino.es\/blog\/2014\/03\/14\/dali-versus-picasso\/#breadcrumb\",\"itemListElement\":[{\"@type\":\"ListItem\",\"position\":1,\"name\":\"Portada\",\"item\":\"https:\/\/vivancoculturadevino.es\/blog\/\"},{\"@type\":\"ListItem\",\"position\":2,\"name\":\"Dal\u00ed versus Picasso\"}]},{\"@type\":\"WebSite\",\"@id\":\"https:\/\/vivancoculturadevino.es\/blog\/#website\",\"url\":\"https:\/\/vivancoculturadevino.es\/blog\/\",\"name\":\"Vivanco\",\"description\":\"Una familia y una pasi\u00f3n: Compartir la cultura del vino\",\"publisher\":{\"@id\":\"https:\/\/vivancoculturadevino.es\/blog\/#organization\"},\"potentialAction\":[{\"@type\":\"SearchAction\",\"target\":{\"@type\":\"EntryPoint\",\"urlTemplate\":\"https:\/\/vivancoculturadevino.es\/blog\/?s={search_term_string}\"},\"query-input\":{\"@type\":\"PropertyValueSpecification\",\"valueRequired\":true,\"valueName\":\"search_term_string\"}}],\"inLanguage\":\"es\"},{\"@type\":\"Organization\",\"@id\":\"https:\/\/vivancoculturadevino.es\/blog\/#organization\",\"name\":\"Vivanco\",\"url\":\"https:\/\/vivancoculturadevino.es\/blog\/\",\"logo\":{\"@type\":\"ImageObject\",\"inLanguage\":\"es\",\"@id\":\"https:\/\/vivancoculturadevino.es\/blog\/#\/schema\/logo\/image\/\",\"url\":\"https:\/\/vivancoculturadevino.es\/blog\/wp-content\/uploads\/2026\/01\/Logo-blanco.svg\",\"contentUrl\":\"https:\/\/vivancoculturadevino.es\/blog\/wp-content\/uploads\/2026\/01\/Logo-blanco.svg\",\"width\":134,\"height\":43,\"caption\":\"Vivanco\"},\"image\":{\"@id\":\"https:\/\/vivancoculturadevino.es\/blog\/#\/schema\/logo\/image\/\"}},{\"@type\":\"Person\",\"@id\":\"https:\/\/vivancoculturadevino.es\/blog\/#\/schema\/person\/745931ee54ccbb839d8df0cceb02db4c\",\"name\":\"Vivanco\",\"image\":{\"@type\":\"ImageObject\",\"inLanguage\":\"es\",\"@id\":\"https:\/\/vivancoculturadevino.es\/blog\/#\/schema\/person\/image\/\",\"url\":\"https:\/\/secure.gravatar.com\/avatar\/61b66c59d132db2f7ad4dfd1cc89bbd508b4d5888ab39ddba99f2aca247b7fb3?s=96&d=mm&r=g\",\"contentUrl\":\"https:\/\/secure.gravatar.com\/avatar\/61b66c59d132db2f7ad4dfd1cc89bbd508b4d5888ab39ddba99f2aca247b7fb3?s=96&d=mm&r=g\",\"caption\":\"Vivanco\"},\"description\":\"Bodega, Fundaci\u00f3n, Experiencias. Compartiendo Cultura de Vino\",\"sameAs\":[\"http:\/\/www.vivancoculturadevino.es\",\"https:\/\/www.facebook.com\/vivancoculturadevino\",\"https:\/\/x.com\/https:\/\/twitter.com\/Vivanco_es\",\"https:\/\/www.youtube.com\/channel\/UC8a2nOiF7kAQNPPduAi2Evw\/videos\"],\"url\":\"https:\/\/vivancoculturadevino.es\/blog\/author\/administrator\/\"}]}<\/script>\n<!-- \/ Yoast SEO plugin. -->","yoast_head_json":{"title":"Dal\u00ed versus Picasso | Vivanco","description":"\u201cS\u00f3lo hay dos cosas malas que pueden pasarte en la vida, ser Pablo Picasso o no se ser Salvador Dal\u00ed\". Repasamos la relaci\u00f3n entre estos dos genios del arte","robots":{"index":"index","follow":"follow","max-snippet":"max-snippet:-1","max-image-preview":"max-image-preview:large","max-video-preview":"max-video-preview:-1"},"canonical":"https:\/\/vivancoculturadevino.es\/blog\/2014\/03\/14\/dali-versus-picasso\/","og_locale":"es_ES","og_type":"article","og_title":"Dal\u00ed versus Picasso | Vivanco","og_description":"\u201cS\u00f3lo hay dos cosas malas que pueden pasarte en la vida, ser Pablo Picasso o no se ser Salvador Dal\u00ed\". Repasamos la relaci\u00f3n entre estos dos genios del arte","og_url":"https:\/\/vivancoculturadevino.es\/blog\/2014\/03\/14\/dali-versus-picasso\/","og_site_name":"Vivanco","article_author":"https:\/\/www.facebook.com\/vivancoculturadevino","article_published_time":"2014-03-14T17:16:08+00:00","article_modified_time":"2014-09-22T14:43:56+00:00","og_image":[{"width":567,"height":400,"url":"https:\/\/vivancoculturadevino.es\/blog\/wp-content\/uploads\/2014\/03\/dali_verus_picasso.jpg","type":"image\/jpeg"}],"author":"Vivanco","twitter_card":"summary_large_image","twitter_creator":"@https:\/\/twitter.com\/Vivanco_es","twitter_misc":{"Escrito por":"Vivanco","Tiempo de lectura":"3 minutos"},"schema":{"@context":"https:\/\/schema.org","@graph":[{"@type":"Article","@id":"https:\/\/vivancoculturadevino.es\/blog\/2014\/03\/14\/dali-versus-picasso\/#article","isPartOf":{"@id":"https:\/\/vivancoculturadevino.es\/blog\/2014\/03\/14\/dali-versus-picasso\/"},"author":{"name":"Vivanco","@id":"https:\/\/vivancoculturadevino.es\/blog\/#\/schema\/person\/745931ee54ccbb839d8df0cceb02db4c"},"headline":"Dal\u00ed versus Picasso","datePublished":"2014-03-14T17:16:08+00:00","dateModified":"2014-09-22T14:43:56+00:00","mainEntityOfPage":{"@id":"https:\/\/vivancoculturadevino.es\/blog\/2014\/03\/14\/dali-versus-picasso\/"},"wordCount":522,"commentCount":0,"publisher":{"@id":"https:\/\/vivancoculturadevino.es\/blog\/#organization"},"image":{"@id":"https:\/\/vivancoculturadevino.es\/blog\/2014\/03\/14\/dali-versus-picasso\/#primaryimage"},"thumbnailUrl":"https:\/\/vivancoculturadevino.es\/blog\/wp-content\/uploads\/2014\/03\/dali_verus_picasso.jpg","keywords":["cultura y vino","dal\u00ed versus picasso","fundaci\u00f3n vivanco","museo vivanco de la cultura del vino","vino y arte"],"articleSection":["Cultura","Vivanco"],"inLanguage":"es","potentialAction":[{"@type":"CommentAction","name":"Comment","target":["https:\/\/vivancoculturadevino.es\/blog\/2014\/03\/14\/dali-versus-picasso\/#respond"]}]},{"@type":"WebPage","@id":"https:\/\/vivancoculturadevino.es\/blog\/2014\/03\/14\/dali-versus-picasso\/","url":"https:\/\/vivancoculturadevino.es\/blog\/2014\/03\/14\/dali-versus-picasso\/","name":"Dal\u00ed versus Picasso | Vivanco","isPartOf":{"@id":"https:\/\/vivancoculturadevino.es\/blog\/#website"},"primaryImageOfPage":{"@id":"https:\/\/vivancoculturadevino.es\/blog\/2014\/03\/14\/dali-versus-picasso\/#primaryimage"},"image":{"@id":"https:\/\/vivancoculturadevino.es\/blog\/2014\/03\/14\/dali-versus-picasso\/#primaryimage"},"thumbnailUrl":"https:\/\/vivancoculturadevino.es\/blog\/wp-content\/uploads\/2014\/03\/dali_verus_picasso.jpg","datePublished":"2014-03-14T17:16:08+00:00","dateModified":"2014-09-22T14:43:56+00:00","description":"\u201cS\u00f3lo hay dos cosas malas que pueden pasarte en la vida, ser Pablo Picasso o no se ser Salvador Dal\u00ed\". Repasamos la relaci\u00f3n entre estos dos genios del arte","breadcrumb":{"@id":"https:\/\/vivancoculturadevino.es\/blog\/2014\/03\/14\/dali-versus-picasso\/#breadcrumb"},"inLanguage":"es","potentialAction":[{"@type":"ReadAction","target":["https:\/\/vivancoculturadevino.es\/blog\/2014\/03\/14\/dali-versus-picasso\/"]}]},{"@type":"ImageObject","inLanguage":"es","@id":"https:\/\/vivancoculturadevino.es\/blog\/2014\/03\/14\/dali-versus-picasso\/#primaryimage","url":"https:\/\/vivancoculturadevino.es\/blog\/wp-content\/uploads\/2014\/03\/dali_verus_picasso.jpg","contentUrl":"https:\/\/vivancoculturadevino.es\/blog\/wp-content\/uploads\/2014\/03\/dali_verus_picasso.jpg","width":567,"height":400,"caption":"Dal\u00ed versus picasso en el museo del vino"},{"@type":"BreadcrumbList","@id":"https:\/\/vivancoculturadevino.es\/blog\/2014\/03\/14\/dali-versus-picasso\/#breadcrumb","itemListElement":[{"@type":"ListItem","position":1,"name":"Portada","item":"https:\/\/vivancoculturadevino.es\/blog\/"},{"@type":"ListItem","position":2,"name":"Dal\u00ed versus Picasso"}]},{"@type":"WebSite","@id":"https:\/\/vivancoculturadevino.es\/blog\/#website","url":"https:\/\/vivancoculturadevino.es\/blog\/","name":"Vivanco","description":"Una familia y una pasi\u00f3n: Compartir la cultura del vino","publisher":{"@id":"https:\/\/vivancoculturadevino.es\/blog\/#organization"},"potentialAction":[{"@type":"SearchAction","target":{"@type":"EntryPoint","urlTemplate":"https:\/\/vivancoculturadevino.es\/blog\/?s={search_term_string}"},"query-input":{"@type":"PropertyValueSpecification","valueRequired":true,"valueName":"search_term_string"}}],"inLanguage":"es"},{"@type":"Organization","@id":"https:\/\/vivancoculturadevino.es\/blog\/#organization","name":"Vivanco","url":"https:\/\/vivancoculturadevino.es\/blog\/","logo":{"@type":"ImageObject","inLanguage":"es","@id":"https:\/\/vivancoculturadevino.es\/blog\/#\/schema\/logo\/image\/","url":"https:\/\/vivancoculturadevino.es\/blog\/wp-content\/uploads\/2026\/01\/Logo-blanco.svg","contentUrl":"https:\/\/vivancoculturadevino.es\/blog\/wp-content\/uploads\/2026\/01\/Logo-blanco.svg","width":134,"height":43,"caption":"Vivanco"},"image":{"@id":"https:\/\/vivancoculturadevino.es\/blog\/#\/schema\/logo\/image\/"}},{"@type":"Person","@id":"https:\/\/vivancoculturadevino.es\/blog\/#\/schema\/person\/745931ee54ccbb839d8df0cceb02db4c","name":"Vivanco","image":{"@type":"ImageObject","inLanguage":"es","@id":"https:\/\/vivancoculturadevino.es\/blog\/#\/schema\/person\/image\/","url":"https:\/\/secure.gravatar.com\/avatar\/61b66c59d132db2f7ad4dfd1cc89bbd508b4d5888ab39ddba99f2aca247b7fb3?s=96&d=mm&r=g","contentUrl":"https:\/\/secure.gravatar.com\/avatar\/61b66c59d132db2f7ad4dfd1cc89bbd508b4d5888ab39ddba99f2aca247b7fb3?s=96&d=mm&r=g","caption":"Vivanco"},"description":"Bodega, Fundaci\u00f3n, Experiencias. Compartiendo Cultura de Vino","sameAs":["http:\/\/www.vivancoculturadevino.es","https:\/\/www.facebook.com\/vivancoculturadevino","https:\/\/x.com\/https:\/\/twitter.com\/Vivanco_es","https:\/\/www.youtube.com\/channel\/UC8a2nOiF7kAQNPPduAi2Evw\/videos"],"url":"https:\/\/vivancoculturadevino.es\/blog\/author\/administrator\/"}]}},"_links":{"self":[{"href":"https:\/\/vivancoculturadevino.es\/blog\/wp-json\/wp\/v2\/posts\/75","targetHints":{"allow":["GET"]}}],"collection":[{"href":"https:\/\/vivancoculturadevino.es\/blog\/wp-json\/wp\/v2\/posts"}],"about":[{"href":"https:\/\/vivancoculturadevino.es\/blog\/wp-json\/wp\/v2\/types\/post"}],"author":[{"embeddable":true,"href":"https:\/\/vivancoculturadevino.es\/blog\/wp-json\/wp\/v2\/users\/1"}],"replies":[{"embeddable":true,"href":"https:\/\/vivancoculturadevino.es\/blog\/wp-json\/wp\/v2\/comments?post=75"}],"version-history":[{"count":11,"href":"https:\/\/vivancoculturadevino.es\/blog\/wp-json\/wp\/v2\/posts\/75\/revisions"}],"predecessor-version":[{"id":432,"href":"https:\/\/vivancoculturadevino.es\/blog\/wp-json\/wp\/v2\/posts\/75\/revisions\/432"}],"wp:featuredmedia":[{"embeddable":true,"href":"https:\/\/vivancoculturadevino.es\/blog\/wp-json\/wp\/v2\/media\/85"}],"wp:attachment":[{"href":"https:\/\/vivancoculturadevino.es\/blog\/wp-json\/wp\/v2\/media?parent=75"}],"wp:term":[{"taxonomy":"category","embeddable":true,"href":"https:\/\/vivancoculturadevino.es\/blog\/wp-json\/wp\/v2\/categories?post=75"},{"taxonomy":"post_tag","embeddable":true,"href":"https:\/\/vivancoculturadevino.es\/blog\/wp-json\/wp\/v2\/tags?post=75"}],"curies":[{"name":"wp","href":"https:\/\/api.w.org\/{rel}","templated":true}]}}