{"id":500,"date":"2014-10-03T11:59:12","date_gmt":"2014-10-03T10:59:12","guid":{"rendered":"http:\/\/vivancoculturadevino.es\/blog\/?p=500"},"modified":"2018-10-25T14:32:01","modified_gmt":"2018-10-25T13:32:01","slug":"inspirados-por-la-vendimia","status":"publish","type":"post","link":"https:\/\/vivancoculturadevino.es\/blog\/2014\/10\/03\/inspirados-por-la-vendimia\/","title":{"rendered":"Inspirados por la vendimia"},"content":{"rendered":"<p>Dice el sabio refranero popular que &#8220;<em>Septiembre es frutero, alegre y festero<\/em>&#8221; y que &#8220;<em>En septiembre, el vendimiador corta los racimos de dos en dos<\/em>&#8220;.<\/p>\n<p>El noveno y d\u00e9cimo mes del a\u00f1o es aquel en que se recolectan las frutas, se organizan fiestas para celebrar el final de la cosecha y <strong>comienza la vendimia<\/strong>, momento en que se pisan las uvas y se guarda el mosto en tinajas. Estas celebraciones se remontan a los tiempos en que el vino era el puente entre dioses y hombres.<\/p>\n<p><a href=\"http:\/\/vivancoculturadevino.es\/blog\/wp-content\/uploads\/2014\/10\/TRACTOR-VENDIMIA-VIVANCO.jpg\"><img fetchpriority=\"high\" decoding=\"async\" width=\"1024\" height=\"682\" class=\"aligncenter size-large wp-image-493\" src=\"\/\/vivancoculturadevino.es\/blog\/wp-content\/uploads\/2014\/10\/TRACTOR-VENDIMIA-VIVANCO-1024x682.jpg\" alt=\"tractor-vendimia-vivanco\" srcset=\"https:\/\/vivancoculturadevino.es\/blog\/wp-content\/uploads\/2014\/10\/TRACTOR-VENDIMIA-VIVANCO-1024x682.jpg 1024w, https:\/\/vivancoculturadevino.es\/blog\/wp-content\/uploads\/2014\/10\/TRACTOR-VENDIMIA-VIVANCO-300x199.jpg 300w, https:\/\/vivancoculturadevino.es\/blog\/wp-content\/uploads\/2014\/10\/TRACTOR-VENDIMIA-VIVANCO.jpg 2000w\" sizes=\"(max-width: 1024px) 100vw, 1024px\" \/><\/a><\/p>\n<p>Y es que tras la vendimia se esconde un <strong>fondo social y cultural<\/strong>. Durante todo un a\u00f1o de incertidumbres, miedo a la sequ\u00eda, a las heladas, a las plagas y a los caprichos de la naturaleza, llega el gran momento de recolectar la cosecha de las uvas, que han pasado de la desnudez a todo su esplendor surgiendo el milagro del fruto en forma de vino. Los campos huelen diferente y se ti\u00f1en de trabajo y mucho esfuerzo.<\/p>\n<p>&nbsp;<\/p>\n<h2>LA VENDIMIA COMO FUENTE DE INSPIRACI\u00d3N POPULAR<\/h2>\n<p>La vendimia es una fuente de inspiraci\u00f3n art\u00edstica, cultural y social. En <a title=\"Conoce la Rioja\" href=\"http:\/\/vivancoculturadevino.es\/es\/experiencias\/conoce-la-rioja\/\">La Rioja<\/a> se celebran numerosas fiestas en estas fechas homenajeando la vid y el vino, repasamos algunas de ellas:<\/p>\n<h3><\/h3>\n<h4>LA FIESTA DE LA VENDIMIA<a href=\"http:\/\/vivancoculturadevino.es\/blog\/wp-content\/uploads\/2014\/10\/FIESTA-VENDIMIA.jpg\"><img decoding=\"async\" width=\"300\" height=\"198\" class=\"alignright size-medium wp-image-498\" src=\"\/\/vivancoculturadevino.es\/blog\/wp-content\/uploads\/2014\/10\/FIESTA-VENDIMIA-300x198.jpg\" alt=\"fiesta-vendimia\" srcset=\"https:\/\/vivancoculturadevino.es\/blog\/wp-content\/uploads\/2014\/10\/FIESTA-VENDIMIA-300x198.jpg 300w, https:\/\/vivancoculturadevino.es\/blog\/wp-content\/uploads\/2014\/10\/FIESTA-VENDIMIA.jpg 800w\" sizes=\"(max-width: 300px) 100vw, 300px\" \/><\/a><\/h4>\n<p>La fiesta de la vendimia es una celebraci\u00f3n con historia ya que se inicia en 1994 en la Villa de Laguardia y que, desde entonces, se ha celebrado en todos los municipios de la comarca de La Rioja Alavesa.\u00a0Con esta fiesta, se dan a conocer todos los municipios de la zona, sus tradiciones y principalmente su motor econ\u00f3mico y valor cultural de la comarca: el vino.<\/p>\n<p>La Fiesta de la Vendimia es un precioso y merecido homenaje a la tierra de La Rioja, a la vi\u00f1a, al vino y a sus gentes. Se pueden catar vinos de las diferentes localidades de la comarca, acompa\u00f1ados de una exquisita gastronom\u00eda como pimientos rellenos, patatas con chorizo, sopas de ajo, chuletillas al sarmiento, cordero asado, patorrillo, bacalao y disfrutar de diferentes actividades deportivas y l\u00fadicas para todas las edades.<\/p>\n<p>&nbsp;<\/p>\n<h4>LA DANZA DEL VINO<\/h4>\n<p>Una de las danzas m\u00e1s significativas es la Danza del Vino. Este baile representa el proceso de elaboraci\u00f3n, desde la recogida de la uva hasta la degustaci\u00f3n del vino. Es un acto de admiraci\u00f3n y respeto hacia este caldo y presenta dos partes: una es el proceso de recogida, recolecta y pisado de la uva y la segunda parte es una veneraci\u00f3n al vino mediante un baile a una copa iluminada y llena de vino.<\/p>\n\n<p>&nbsp;<\/p>\n<h2>ODAS A LA VENDIMIA<\/h2>\n<p>Muchos artistas se han inspirado en esta actividad y han dedicado una oda a la vendimia. El afamado poeta <strong>Joaqu\u00edn Mar\u00edn Almenara<\/strong> le dedic\u00f3 uno de sus poemas:<\/p>\n<p>&nbsp;<\/p>\n<h4>Joaqu\u00edn Mar\u00edn \u201c<em>TIEMPO DE VENDIMIA<\/em>\u201d<\/h4>\n<p><em>Cuando llega Septiembre<\/em><br \/>\n<em>ya se atisba el oto\u00f1o, pero es a\u00fan verano.\u00a0<\/em><br \/>\n<em>Agosto desvanece y es tiempo de vendimia.\u00a0<\/em><\/p>\n<p><em>Estallan en los campos\u00a0<a href=\"http:\/\/vivancoculturadevino.es\/blog\/wp-content\/uploads\/2014\/10\/uva-vivanco.jpg\"><img decoding=\"async\" width=\"682\" height=\"1024\" class=\"alignright size-large wp-image-511\" src=\"\/\/vivancoculturadevino.es\/blog\/wp-content\/uploads\/2014\/10\/uva-vivanco-682x1024.jpg\" alt=\"uva-vivanco\" srcset=\"https:\/\/vivancoculturadevino.es\/blog\/wp-content\/uploads\/2014\/10\/uva-vivanco-682x1024.jpg 682w, https:\/\/vivancoculturadevino.es\/blog\/wp-content\/uploads\/2014\/10\/uva-vivanco-200x300.jpg 200w, https:\/\/vivancoculturadevino.es\/blog\/wp-content\/uploads\/2014\/10\/uva-vivanco-300x450.jpg 300w, https:\/\/vivancoculturadevino.es\/blog\/wp-content\/uploads\/2014\/10\/uva-vivanco.jpg 2000w\" sizes=\"(max-width: 682px) 100vw, 682px\" \/><\/a><\/em><br \/>\n<em>las cepas encendidas de verdes espejantes<\/em><br \/>\n<em>ofreciendo su fruto tras la gozosa espera.\u00a0<\/em><\/p>\n<p><em>Abundantes racimos<\/em><br \/>\n<em>transmiten a los vientos veladas emociones\u00a0<\/em><br \/>\n<em>que cada a\u00f1o renuevan desde inmemorial tiempo.<\/em><\/p>\n<p><em>Rutilantes racimos\u00a0<\/em><br \/>\n<em>que guardan en su pulpa dulzona y sugerente<\/em><br \/>\n<em>caliginosas tardes y frescas alboradas.<\/em><\/p>\n<p><em>La uva va pre\u00f1ada de risas y de llantos,<\/em><br \/>\n<em>de fiestas y de duelos; de penas y alegr\u00edas,\u00a0<\/em><br \/>\n<em>de amores olvidados y corazones rotos.<\/em><\/p>\n<p><em>Mas tambi\u00e9n lleva dentro apreciados tesoros,<\/em><br \/>\n<em>l\u00edmpidas sensaciones placenteras y \u00fanicas,<\/em><br \/>\n<em>toda la gama m\u00e1gica de imposibles colores,<\/em><br \/>\n<em>memorables sabores y ex\u00f3ticos aromas.<\/em><\/p>\n<p><em>Los sentidos ya aguardan el momento sublime.<\/em><\/p>\n<p><em>Cuando el naciente mosto se nos antoje adulto,<\/em><br \/>\n<em>cuando el tiempo aquilate su cuerpo y sus hechuras,<\/em><br \/>\n<em>nos mostrar\u00e1 orgulloso su insuperable mundo,<\/em><br \/>\n<em>la amable realidad de un ser irrepetible.<\/em><\/p>\n<p><em>\u00a0<\/em><\/p>\n<h4>Francisco de Goya \u201c<em>LA VENDIMIA<\/em>\u201d<\/h4>\n<p>El pintor Francisco de Goya pint\u00f3 una serie de cartones para tapices que representaban las estaciones. Entre ellos <strong><em>La vendimia<\/em><\/strong> o <em><strong>El oto\u00f1o<\/strong><\/em>, que se encuentra en el Museo del Prado y se sirve de las uvas como s\u00edmbolo de esta estaci\u00f3n reflejando un paisaje sacado de los campos de La Rioja durante la vendimia.<\/p>\n<p><a href=\"http:\/\/vivancoculturadevino.es\/blog\/wp-content\/uploads\/2014\/10\/Lavendimia_Goya_lou.jpg\"><img loading=\"lazy\" decoding=\"async\" width=\"784\" height=\"768\" class=\"aligncenter size-full wp-image-499\" src=\"\/\/vivancoculturadevino.es\/blog\/wp-content\/uploads\/2014\/10\/Lavendimia_Goya_lou.jpg\" alt=\"la-vendimia-Goya\" srcset=\"https:\/\/vivancoculturadevino.es\/blog\/wp-content\/uploads\/2014\/10\/Lavendimia_Goya_lou.jpg 784w, https:\/\/vivancoculturadevino.es\/blog\/wp-content\/uploads\/2014\/10\/Lavendimia_Goya_lou-300x293.jpg 300w, https:\/\/vivancoculturadevino.es\/blog\/wp-content\/uploads\/2014\/10\/Lavendimia_Goya_lou-50x50.jpg 50w\" sizes=\"(max-width: 784px) 100vw, 784px\" \/><\/a><\/p>\n<p>&nbsp;<\/p>\n<h4>Mercedes Sosa \u201c<em>EL SUE\u00d1O DE LA VENDIMIA<\/em>\u201d<\/h4>\n<p>La cantante argentina Mercedes Sosa, conocida como <strong><em>La Negra Sosa<\/em><\/strong> o <strong><em>La Voz de Am\u00e9rica<\/em><\/strong>, cant\u00f3 a la vendimia una canci\u00f3n escrita por Ismael Guerrero y Jorge Vi\u00f1as.<\/p>\n<p>&nbsp;<\/p>\n<p><em><strong>El sue\u00f1o de la vendimia<\/strong><\/em><\/p>\n<p><em>De las altas cumbres<\/em><br \/>\n<em>Desciende el agua<\/em><br \/>\n<em>Abrazando el rumbo de las acequias<\/em><br \/>\n<em>R\u00edo de amor vendimiado<\/em><br \/>\n<em>Padre de la cosecha<\/em><\/p>\n<p><em>Madre de las uvas<\/em><br \/>\n<em>Gredosa y tierna<\/em><br \/>\n<em>Es la tierra m\u00eda gestando el vino<\/em><br \/>\n<em>Rayo de sol, su coraz\u00f3n<\/em><br \/>\n<em>Canta por el racimo<\/em><\/p>\n<p><em>Mientras el sonido de las guitarras<\/em><br \/>\n<em>Desperezan cuecas en su alegr\u00eda<\/em><br \/>\n<em>Ebria de luz pinta la vid<\/em><br \/>\n<em>El viento de la vida<\/em><br \/>\n<em>Sembrador de penas, pas\u00f3 el granizo<\/em><br \/>\n<em>Deshojando el verde de las hileras<\/em><\/p>\n<p><em>Qui\u00e9n fuese azul<\/em><br \/>\n<em>Para encender cielos de primavera.<\/em><br \/>\n<em>Por las alamedas de la vendimia<\/em><br \/>\n<em>Alumbrando el vino se va febrero<\/em><br \/>\n<em>Plena y frutal inmensidad<\/em><br \/>\n<em>Sue\u00f1os de sus labriegos.<\/em><\/p>\n\n<p>&nbsp;<\/p>\n<p><a href=\"http:\/\/vivancoculturadevino.es\/vivanco\/\">Acomp\u00e1\u00f1anos en Vivanco<\/a> y disfruta del tiempo de vendimia en nuestros vi\u00f1edos y paisajes. \u00a1Est\u00e1 m\u00e1s bonito que nunca!<\/p>\n<p><a href=\"http:\/\/vivancoculturadevino.es\/blog\/wp-content\/uploads\/2014\/10\/VI\u00d1EDOS-VIVANCO.jpg\"><img loading=\"lazy\" decoding=\"async\" width=\"1024\" height=\"682\" class=\"aligncenter size-large wp-image-496\" src=\"\/\/vivancoculturadevino.es\/blog\/wp-content\/uploads\/2014\/10\/VI\u00d1EDOS-VIVANCO-1024x682.jpg\" alt=\"vi\u00f1edos-vivanco\" srcset=\"https:\/\/vivancoculturadevino.es\/blog\/wp-content\/uploads\/2014\/10\/VI\u00d1EDOS-VIVANCO-1024x682.jpg 1024w, https:\/\/vivancoculturadevino.es\/blog\/wp-content\/uploads\/2014\/10\/VI\u00d1EDOS-VIVANCO-300x199.jpg 300w, https:\/\/vivancoculturadevino.es\/blog\/wp-content\/uploads\/2014\/10\/VI\u00d1EDOS-VIVANCO.jpg 2000w\" sizes=\"(max-width: 1024px) 100vw, 1024px\" \/><\/a><\/p>\n","protected":false},"excerpt":{"rendered":"<p>Durante todo un a\u00f1o de incertidumbres, llega el gran momento de recolectar la cosecha de las uvas. Llega la vendimia, y con ella, inspiraci\u00f3n art\u00edstica, cultural y social.<\/p>\n","protected":false},"author":6,"featured_media":494,"comment_status":"open","ping_status":"open","sticky":false,"template":"","format":"standard","meta":{"footnotes":"","_elementor_edit_mode":"","_elementor_template_type":"","_elementor_data":"","_elementor_page_settings":null,"_elementor_conditions":[]},"categories":[8],"tags":[24,37,73,4],"class_list":["post-500","post","type-post","status-publish","format-standard","has-post-thumbnail","hentry","category-bodega","tag-cultura-y-vino","tag-la-rioja","tag-vendimia","tag-vino"],"yoast_head":"<!-- This site is optimized with the Yoast SEO plugin v26.8 - https:\/\/yoast.com\/product\/yoast-seo-wordpress\/ -->\n<title>Inspirados por la vendimia | Vivanco<\/title>\n<meta name=\"description\" content=\"Durante un a\u00f1o de incertidumbres, llega el momento de recolectar las uvas. Llega la vendimia, y con ella, inspiraci\u00f3n art\u00edstica, cultural y social.\" \/>\n<meta name=\"robots\" content=\"index, follow, max-snippet:-1, max-image-preview:large, max-video-preview:-1\" \/>\n<link rel=\"canonical\" href=\"https:\/\/vivancoculturadevino.es\/blog\/2014\/10\/03\/inspirados-por-la-vendimia\/\" \/>\n<meta property=\"og:locale\" content=\"es_ES\" \/>\n<meta property=\"og:type\" content=\"article\" \/>\n<meta property=\"og:title\" content=\"Inspirados por la vendimia | Vivanco\" \/>\n<meta property=\"og:description\" content=\"Durante un a\u00f1o de incertidumbres, llega el momento de recolectar las uvas. Llega la vendimia, y con ella, inspiraci\u00f3n art\u00edstica, cultural y social.\" \/>\n<meta property=\"og:url\" content=\"https:\/\/vivancoculturadevino.es\/blog\/2014\/10\/03\/inspirados-por-la-vendimia\/\" \/>\n<meta property=\"og:site_name\" content=\"Vivanco\" \/>\n<meta property=\"article:author\" content=\"https:\/\/www.facebook.com\/culturaencadenacom?sk=wall&amp;filter=1\" \/>\n<meta property=\"article:published_time\" content=\"2014-10-03T10:59:12+00:00\" \/>\n<meta property=\"article:modified_time\" content=\"2018-10-25T13:32:01+00:00\" \/>\n<meta property=\"og:image\" content=\"https:\/\/vivancoculturadevino.es\/blog\/wp-content\/uploads\/2014\/10\/VENDIMIADOR-VIVANCO.jpg\" \/>\n\t<meta property=\"og:image:width\" content=\"2000\" \/>\n\t<meta property=\"og:image:height\" content=\"1333\" \/>\n\t<meta property=\"og:image:type\" content=\"image\/jpeg\" \/>\n<meta name=\"author\" content=\"Cultura en Cadena\" \/>\n<meta name=\"twitter:card\" content=\"summary_large_image\" \/>\n<meta name=\"twitter:creator\" content=\"@https:\/\/twitter.com\/culturaencadena\" \/>\n<meta name=\"twitter:label1\" content=\"Escrito por\" \/>\n\t<meta name=\"twitter:data1\" content=\"Cultura en Cadena\" \/>\n\t<meta name=\"twitter:label2\" content=\"Tiempo de lectura\" \/>\n\t<meta name=\"twitter:data2\" content=\"5 minutos\" \/>\n<script type=\"application\/ld+json\" class=\"yoast-schema-graph\">{\"@context\":\"https:\/\/schema.org\",\"@graph\":[{\"@type\":\"Article\",\"@id\":\"https:\/\/vivancoculturadevino.es\/blog\/2014\/10\/03\/inspirados-por-la-vendimia\/#article\",\"isPartOf\":{\"@id\":\"https:\/\/vivancoculturadevino.es\/blog\/2014\/10\/03\/inspirados-por-la-vendimia\/\"},\"author\":{\"name\":\"Cultura en Cadena\",\"@id\":\"https:\/\/vivancoculturadevino.es\/blog\/#\/schema\/person\/534d1c617e5adaa5f71de1f028c7172e\"},\"headline\":\"Inspirados por la vendimia\",\"datePublished\":\"2014-10-03T10:59:12+00:00\",\"dateModified\":\"2018-10-25T13:32:01+00:00\",\"mainEntityOfPage\":{\"@id\":\"https:\/\/vivancoculturadevino.es\/blog\/2014\/10\/03\/inspirados-por-la-vendimia\/\"},\"wordCount\":908,\"commentCount\":2,\"publisher\":{\"@id\":\"https:\/\/vivancoculturadevino.es\/blog\/#organization\"},\"image\":{\"@id\":\"https:\/\/vivancoculturadevino.es\/blog\/2014\/10\/03\/inspirados-por-la-vendimia\/#primaryimage\"},\"thumbnailUrl\":\"https:\/\/vivancoculturadevino.es\/blog\/wp-content\/uploads\/2014\/10\/VENDIMIADOR-VIVANCO.jpg\",\"keywords\":[\"cultura y vino\",\"La Rioja\",\"vendimia\",\"vino\"],\"articleSection\":[\"de Vino\"],\"inLanguage\":\"es\",\"potentialAction\":[{\"@type\":\"CommentAction\",\"name\":\"Comment\",\"target\":[\"https:\/\/vivancoculturadevino.es\/blog\/2014\/10\/03\/inspirados-por-la-vendimia\/#respond\"]}]},{\"@type\":\"WebPage\",\"@id\":\"https:\/\/vivancoculturadevino.es\/blog\/2014\/10\/03\/inspirados-por-la-vendimia\/\",\"url\":\"https:\/\/vivancoculturadevino.es\/blog\/2014\/10\/03\/inspirados-por-la-vendimia\/\",\"name\":\"Inspirados por la vendimia | Vivanco\",\"isPartOf\":{\"@id\":\"https:\/\/vivancoculturadevino.es\/blog\/#website\"},\"primaryImageOfPage\":{\"@id\":\"https:\/\/vivancoculturadevino.es\/blog\/2014\/10\/03\/inspirados-por-la-vendimia\/#primaryimage\"},\"image\":{\"@id\":\"https:\/\/vivancoculturadevino.es\/blog\/2014\/10\/03\/inspirados-por-la-vendimia\/#primaryimage\"},\"thumbnailUrl\":\"https:\/\/vivancoculturadevino.es\/blog\/wp-content\/uploads\/2014\/10\/VENDIMIADOR-VIVANCO.jpg\",\"datePublished\":\"2014-10-03T10:59:12+00:00\",\"dateModified\":\"2018-10-25T13:32:01+00:00\",\"description\":\"Durante un a\u00f1o de incertidumbres, llega el momento de recolectar las uvas. Llega la vendimia, y con ella, inspiraci\u00f3n art\u00edstica, cultural y social.\",\"breadcrumb\":{\"@id\":\"https:\/\/vivancoculturadevino.es\/blog\/2014\/10\/03\/inspirados-por-la-vendimia\/#breadcrumb\"},\"inLanguage\":\"es\",\"potentialAction\":[{\"@type\":\"ReadAction\",\"target\":[\"https:\/\/vivancoculturadevino.es\/blog\/2014\/10\/03\/inspirados-por-la-vendimia\/\"]}]},{\"@type\":\"ImageObject\",\"inLanguage\":\"es\",\"@id\":\"https:\/\/vivancoculturadevino.es\/blog\/2014\/10\/03\/inspirados-por-la-vendimia\/#primaryimage\",\"url\":\"https:\/\/vivancoculturadevino.es\/blog\/wp-content\/uploads\/2014\/10\/VENDIMIADOR-VIVANCO.jpg\",\"contentUrl\":\"https:\/\/vivancoculturadevino.es\/blog\/wp-content\/uploads\/2014\/10\/VENDIMIADOR-VIVANCO.jpg\",\"width\":2000,\"height\":1333,\"caption\":\"vendimiador-vivanco\"},{\"@type\":\"BreadcrumbList\",\"@id\":\"https:\/\/vivancoculturadevino.es\/blog\/2014\/10\/03\/inspirados-por-la-vendimia\/#breadcrumb\",\"itemListElement\":[{\"@type\":\"ListItem\",\"position\":1,\"name\":\"Portada\",\"item\":\"https:\/\/vivancoculturadevino.es\/blog\/\"},{\"@type\":\"ListItem\",\"position\":2,\"name\":\"Inspirados por la vendimia\"}]},{\"@type\":\"WebSite\",\"@id\":\"https:\/\/vivancoculturadevino.es\/blog\/#website\",\"url\":\"https:\/\/vivancoculturadevino.es\/blog\/\",\"name\":\"Vivanco\",\"description\":\"Una familia y una pasi\u00f3n: Compartir la cultura del vino\",\"publisher\":{\"@id\":\"https:\/\/vivancoculturadevino.es\/blog\/#organization\"},\"potentialAction\":[{\"@type\":\"SearchAction\",\"target\":{\"@type\":\"EntryPoint\",\"urlTemplate\":\"https:\/\/vivancoculturadevino.es\/blog\/?s={search_term_string}\"},\"query-input\":{\"@type\":\"PropertyValueSpecification\",\"valueRequired\":true,\"valueName\":\"search_term_string\"}}],\"inLanguage\":\"es\"},{\"@type\":\"Organization\",\"@id\":\"https:\/\/vivancoculturadevino.es\/blog\/#organization\",\"name\":\"Vivanco\",\"url\":\"https:\/\/vivancoculturadevino.es\/blog\/\",\"logo\":{\"@type\":\"ImageObject\",\"inLanguage\":\"es\",\"@id\":\"https:\/\/vivancoculturadevino.es\/blog\/#\/schema\/logo\/image\/\",\"url\":\"https:\/\/vivancoculturadevino.es\/blog\/wp-content\/uploads\/2026\/01\/Logo-blanco.svg\",\"contentUrl\":\"https:\/\/vivancoculturadevino.es\/blog\/wp-content\/uploads\/2026\/01\/Logo-blanco.svg\",\"width\":134,\"height\":43,\"caption\":\"Vivanco\"},\"image\":{\"@id\":\"https:\/\/vivancoculturadevino.es\/blog\/#\/schema\/logo\/image\/\"}},{\"@type\":\"Person\",\"@id\":\"https:\/\/vivancoculturadevino.es\/blog\/#\/schema\/person\/534d1c617e5adaa5f71de1f028c7172e\",\"name\":\"Cultura en Cadena\",\"image\":{\"@type\":\"ImageObject\",\"inLanguage\":\"es\",\"@id\":\"https:\/\/vivancoculturadevino.es\/blog\/#\/schema\/person\/image\/\",\"url\":\"https:\/\/secure.gravatar.com\/avatar\/6adbdcc698aeb7aab916e10c1117a784f479fbf67d3508f96d521f6c76cea12f?s=96&d=mm&r=g\",\"contentUrl\":\"https:\/\/secure.gravatar.com\/avatar\/6adbdcc698aeb7aab916e10c1117a784f479fbf67d3508f96d521f6c76cea12f?s=96&d=mm&r=g\",\"caption\":\"Cultura en Cadena\"},\"description\":\"Revista digital de series, cine, m\u00fasica, libros, tv, teatro, castings, videojuegos, publicidad y mucho m\u00e1s. Ocio y entretenimiento saludables\",\"sameAs\":[\"http:\/\/www.culturaencadena.com\/\",\"https:\/\/www.facebook.com\/culturaencadenacom?sk=wall&filter=1\",\"https:\/\/x.com\/https:\/\/twitter.com\/culturaencadena\"],\"url\":\"https:\/\/vivancoculturadevino.es\/blog\/author\/cultura-en-cadena\/\"}]}<\/script>\n<!-- \/ Yoast SEO plugin. -->","yoast_head_json":{"title":"Inspirados por la vendimia | Vivanco","description":"Durante un a\u00f1o de incertidumbres, llega el momento de recolectar las uvas. Llega la vendimia, y con ella, inspiraci\u00f3n art\u00edstica, cultural y social.","robots":{"index":"index","follow":"follow","max-snippet":"max-snippet:-1","max-image-preview":"max-image-preview:large","max-video-preview":"max-video-preview:-1"},"canonical":"https:\/\/vivancoculturadevino.es\/blog\/2014\/10\/03\/inspirados-por-la-vendimia\/","og_locale":"es_ES","og_type":"article","og_title":"Inspirados por la vendimia | Vivanco","og_description":"Durante un a\u00f1o de incertidumbres, llega el momento de recolectar las uvas. Llega la vendimia, y con ella, inspiraci\u00f3n art\u00edstica, cultural y social.","og_url":"https:\/\/vivancoculturadevino.es\/blog\/2014\/10\/03\/inspirados-por-la-vendimia\/","og_site_name":"Vivanco","article_author":"https:\/\/www.facebook.com\/culturaencadenacom?sk=wall&filter=1","article_published_time":"2014-10-03T10:59:12+00:00","article_modified_time":"2018-10-25T13:32:01+00:00","og_image":[{"width":2000,"height":1333,"url":"https:\/\/vivancoculturadevino.es\/blog\/wp-content\/uploads\/2014\/10\/VENDIMIADOR-VIVANCO.jpg","type":"image\/jpeg"}],"author":"Cultura en Cadena","twitter_card":"summary_large_image","twitter_creator":"@https:\/\/twitter.com\/culturaencadena","twitter_misc":{"Escrito por":"Cultura en Cadena","Tiempo de lectura":"5 minutos"},"schema":{"@context":"https:\/\/schema.org","@graph":[{"@type":"Article","@id":"https:\/\/vivancoculturadevino.es\/blog\/2014\/10\/03\/inspirados-por-la-vendimia\/#article","isPartOf":{"@id":"https:\/\/vivancoculturadevino.es\/blog\/2014\/10\/03\/inspirados-por-la-vendimia\/"},"author":{"name":"Cultura en Cadena","@id":"https:\/\/vivancoculturadevino.es\/blog\/#\/schema\/person\/534d1c617e5adaa5f71de1f028c7172e"},"headline":"Inspirados por la vendimia","datePublished":"2014-10-03T10:59:12+00:00","dateModified":"2018-10-25T13:32:01+00:00","mainEntityOfPage":{"@id":"https:\/\/vivancoculturadevino.es\/blog\/2014\/10\/03\/inspirados-por-la-vendimia\/"},"wordCount":908,"commentCount":2,"publisher":{"@id":"https:\/\/vivancoculturadevino.es\/blog\/#organization"},"image":{"@id":"https:\/\/vivancoculturadevino.es\/blog\/2014\/10\/03\/inspirados-por-la-vendimia\/#primaryimage"},"thumbnailUrl":"https:\/\/vivancoculturadevino.es\/blog\/wp-content\/uploads\/2014\/10\/VENDIMIADOR-VIVANCO.jpg","keywords":["cultura y vino","La Rioja","vendimia","vino"],"articleSection":["de Vino"],"inLanguage":"es","potentialAction":[{"@type":"CommentAction","name":"Comment","target":["https:\/\/vivancoculturadevino.es\/blog\/2014\/10\/03\/inspirados-por-la-vendimia\/#respond"]}]},{"@type":"WebPage","@id":"https:\/\/vivancoculturadevino.es\/blog\/2014\/10\/03\/inspirados-por-la-vendimia\/","url":"https:\/\/vivancoculturadevino.es\/blog\/2014\/10\/03\/inspirados-por-la-vendimia\/","name":"Inspirados por la vendimia | Vivanco","isPartOf":{"@id":"https:\/\/vivancoculturadevino.es\/blog\/#website"},"primaryImageOfPage":{"@id":"https:\/\/vivancoculturadevino.es\/blog\/2014\/10\/03\/inspirados-por-la-vendimia\/#primaryimage"},"image":{"@id":"https:\/\/vivancoculturadevino.es\/blog\/2014\/10\/03\/inspirados-por-la-vendimia\/#primaryimage"},"thumbnailUrl":"https:\/\/vivancoculturadevino.es\/blog\/wp-content\/uploads\/2014\/10\/VENDIMIADOR-VIVANCO.jpg","datePublished":"2014-10-03T10:59:12+00:00","dateModified":"2018-10-25T13:32:01+00:00","description":"Durante un a\u00f1o de incertidumbres, llega el momento de recolectar las uvas. Llega la vendimia, y con ella, inspiraci\u00f3n art\u00edstica, cultural y social.","breadcrumb":{"@id":"https:\/\/vivancoculturadevino.es\/blog\/2014\/10\/03\/inspirados-por-la-vendimia\/#breadcrumb"},"inLanguage":"es","potentialAction":[{"@type":"ReadAction","target":["https:\/\/vivancoculturadevino.es\/blog\/2014\/10\/03\/inspirados-por-la-vendimia\/"]}]},{"@type":"ImageObject","inLanguage":"es","@id":"https:\/\/vivancoculturadevino.es\/blog\/2014\/10\/03\/inspirados-por-la-vendimia\/#primaryimage","url":"https:\/\/vivancoculturadevino.es\/blog\/wp-content\/uploads\/2014\/10\/VENDIMIADOR-VIVANCO.jpg","contentUrl":"https:\/\/vivancoculturadevino.es\/blog\/wp-content\/uploads\/2014\/10\/VENDIMIADOR-VIVANCO.jpg","width":2000,"height":1333,"caption":"vendimiador-vivanco"},{"@type":"BreadcrumbList","@id":"https:\/\/vivancoculturadevino.es\/blog\/2014\/10\/03\/inspirados-por-la-vendimia\/#breadcrumb","itemListElement":[{"@type":"ListItem","position":1,"name":"Portada","item":"https:\/\/vivancoculturadevino.es\/blog\/"},{"@type":"ListItem","position":2,"name":"Inspirados por la vendimia"}]},{"@type":"WebSite","@id":"https:\/\/vivancoculturadevino.es\/blog\/#website","url":"https:\/\/vivancoculturadevino.es\/blog\/","name":"Vivanco","description":"Una familia y una pasi\u00f3n: Compartir la cultura del vino","publisher":{"@id":"https:\/\/vivancoculturadevino.es\/blog\/#organization"},"potentialAction":[{"@type":"SearchAction","target":{"@type":"EntryPoint","urlTemplate":"https:\/\/vivancoculturadevino.es\/blog\/?s={search_term_string}"},"query-input":{"@type":"PropertyValueSpecification","valueRequired":true,"valueName":"search_term_string"}}],"inLanguage":"es"},{"@type":"Organization","@id":"https:\/\/vivancoculturadevino.es\/blog\/#organization","name":"Vivanco","url":"https:\/\/vivancoculturadevino.es\/blog\/","logo":{"@type":"ImageObject","inLanguage":"es","@id":"https:\/\/vivancoculturadevino.es\/blog\/#\/schema\/logo\/image\/","url":"https:\/\/vivancoculturadevino.es\/blog\/wp-content\/uploads\/2026\/01\/Logo-blanco.svg","contentUrl":"https:\/\/vivancoculturadevino.es\/blog\/wp-content\/uploads\/2026\/01\/Logo-blanco.svg","width":134,"height":43,"caption":"Vivanco"},"image":{"@id":"https:\/\/vivancoculturadevino.es\/blog\/#\/schema\/logo\/image\/"}},{"@type":"Person","@id":"https:\/\/vivancoculturadevino.es\/blog\/#\/schema\/person\/534d1c617e5adaa5f71de1f028c7172e","name":"Cultura en Cadena","image":{"@type":"ImageObject","inLanguage":"es","@id":"https:\/\/vivancoculturadevino.es\/blog\/#\/schema\/person\/image\/","url":"https:\/\/secure.gravatar.com\/avatar\/6adbdcc698aeb7aab916e10c1117a784f479fbf67d3508f96d521f6c76cea12f?s=96&d=mm&r=g","contentUrl":"https:\/\/secure.gravatar.com\/avatar\/6adbdcc698aeb7aab916e10c1117a784f479fbf67d3508f96d521f6c76cea12f?s=96&d=mm&r=g","caption":"Cultura en Cadena"},"description":"Revista digital de series, cine, m\u00fasica, libros, tv, teatro, castings, videojuegos, publicidad y mucho m\u00e1s. Ocio y entretenimiento saludables","sameAs":["http:\/\/www.culturaencadena.com\/","https:\/\/www.facebook.com\/culturaencadenacom?sk=wall&filter=1","https:\/\/x.com\/https:\/\/twitter.com\/culturaencadena"],"url":"https:\/\/vivancoculturadevino.es\/blog\/author\/cultura-en-cadena\/"}]}},"_links":{"self":[{"href":"https:\/\/vivancoculturadevino.es\/blog\/wp-json\/wp\/v2\/posts\/500","targetHints":{"allow":["GET"]}}],"collection":[{"href":"https:\/\/vivancoculturadevino.es\/blog\/wp-json\/wp\/v2\/posts"}],"about":[{"href":"https:\/\/vivancoculturadevino.es\/blog\/wp-json\/wp\/v2\/types\/post"}],"author":[{"embeddable":true,"href":"https:\/\/vivancoculturadevino.es\/blog\/wp-json\/wp\/v2\/users\/6"}],"replies":[{"embeddable":true,"href":"https:\/\/vivancoculturadevino.es\/blog\/wp-json\/wp\/v2\/comments?post=500"}],"version-history":[{"count":23,"href":"https:\/\/vivancoculturadevino.es\/blog\/wp-json\/wp\/v2\/posts\/500\/revisions"}],"predecessor-version":[{"id":2574,"href":"https:\/\/vivancoculturadevino.es\/blog\/wp-json\/wp\/v2\/posts\/500\/revisions\/2574"}],"wp:featuredmedia":[{"embeddable":true,"href":"https:\/\/vivancoculturadevino.es\/blog\/wp-json\/wp\/v2\/media\/494"}],"wp:attachment":[{"href":"https:\/\/vivancoculturadevino.es\/blog\/wp-json\/wp\/v2\/media?parent=500"}],"wp:term":[{"taxonomy":"category","embeddable":true,"href":"https:\/\/vivancoculturadevino.es\/blog\/wp-json\/wp\/v2\/categories?post=500"},{"taxonomy":"post_tag","embeddable":true,"href":"https:\/\/vivancoculturadevino.es\/blog\/wp-json\/wp\/v2\/tags?post=500"}],"curies":[{"name":"wp","href":"https:\/\/api.w.org\/{rel}","templated":true}]}}