{"id":4561,"date":"2025-02-17T17:50:41","date_gmt":"2025-02-17T16:50:41","guid":{"rendered":"https:\/\/vivancoculturadevino.es\/blog\/?p=4561"},"modified":"2025-02-17T17:50:43","modified_gmt":"2025-02-17T16:50:43","slug":"una-cosecha-fotografica-instantaneas-con-sabor-a-vino","status":"publish","type":"post","link":"https:\/\/vivancoculturadevino.es\/blog\/2025\/02\/17\/una-cosecha-fotografica-instantaneas-con-sabor-a-vino\/","title":{"rendered":"\u201cUna Cosecha Fotogr\u00e1fica\u201d: instant\u00e1neas con sabor a vino"},"content":{"rendered":"\n<p>El vino y la fotograf\u00eda tienen algo en com\u00fan: ambos capturan momentos \u00fanicos. Desde el&nbsp;13 de febrero hasta el 13 de junio de 2025, la&nbsp;<strong><a href=\"https:\/\/vivancoculturadevino.es\/es\/fundacion\/\">Fundaci\u00f3n Vivanco<\/a><\/strong>&nbsp;presenta en el&nbsp;<strong>Centro de la Cultura del Rioja (CCR)<\/strong>&nbsp;la exposici\u00f3n&nbsp;<strong>&#8220;Una Cosecha Fotogr\u00e1fica&#8221;<\/strong>, una cuidada selecci\u00f3n de su <a href=\"https:\/\/vivancoculturadevino.es\/blog\/2016\/09\/07\/abrimos-puertas-centro-documentacion-vino-exposicion-vivanco-pensando-en-vino\/\">fondo fotogr\u00e1fico<\/a> que entrelaza el mundo de la viticultura, la historia, la sociedad y el arte.<\/p>\n\n\n\n<p>La muestra traza un recorrido visual que no solo explora la viticultura, sino tambi\u00e9n aborda temas como el papel de la mujer en las labores vin\u00edcolas, la vida cotidiana, la publicidad, el erotismo o el cine, tejiendo una narrativa que abarca&nbsp;desde finales del siglo XIX hasta el siglo XXI.<\/p>\n\n\n\n<p>\u00a1Acomp\u00e1\u00f1anos!<\/p>\n\n\n\n<figure class=\"wp-block-image size-large\"><a href=\"https:\/\/vivancoculturadevino.es\/blog\/wp-content\/uploads\/2025\/02\/header-4.jpeg\"><img fetchpriority=\"high\" decoding=\"async\" width=\"1024\" height=\"1024\" src=\"https:\/\/vivancoculturadevino.es\/blog\/wp-content\/uploads\/2025\/02\/header-4-1024x1024.jpeg\" alt=\"\" class=\"wp-image-4602\" srcset=\"https:\/\/vivancoculturadevino.es\/blog\/wp-content\/uploads\/2025\/02\/header-4-1024x1024.jpeg 1024w, https:\/\/vivancoculturadevino.es\/blog\/wp-content\/uploads\/2025\/02\/header-4-300x300.jpeg 300w, https:\/\/vivancoculturadevino.es\/blog\/wp-content\/uploads\/2025\/02\/header-4-150x150.jpeg 150w, https:\/\/vivancoculturadevino.es\/blog\/wp-content\/uploads\/2025\/02\/header-4-768x768.jpeg 768w, https:\/\/vivancoculturadevino.es\/blog\/wp-content\/uploads\/2025\/02\/header-4.jpeg 1080w\" sizes=\"(max-width: 1024px) 100vw, 1024px\" \/><\/a><\/figure>\n\n\n\n<h2 class=\"wp-block-heading\"><strong>Una exposici\u00f3n que fusiona arte, historia y vino<\/strong><\/h2>\n\n\n\n<p><strong>Devolver al vino todo lo que el vino nos ha dado<\/strong>. Esta es la premisa que ha inspirado toda una vida de coleccionismo que desde la <a href=\"https:\/\/vivancoculturadevino.es\/es\/vivanco-es-familia\/\">Familia Vivanco<\/a> se ha llevado a cabo, con el fin de hacer part\u00edcipe a todos de la huella del vino a lo largo de la historia, a trav\u00e9s de las distintas disciplinas art\u00edsticas, de diferentes objetos cotidianos; una huella imborrable que ha perdurado hasta nuestros d\u00edas.<\/p>\n\n\n\n<figure class=\"wp-block-image size-large\"><a href=\"https:\/\/vivancoculturadevino.es\/blog\/wp-content\/uploads\/2025\/02\/IMG_4024-2-scaled.jpg\"><img decoding=\"async\" width=\"1024\" height=\"768\" src=\"https:\/\/vivancoculturadevino.es\/blog\/wp-content\/uploads\/2025\/02\/IMG_4024-2-1024x768.jpg\" alt=\"\" class=\"wp-image-4604\" srcset=\"https:\/\/vivancoculturadevino.es\/blog\/wp-content\/uploads\/2025\/02\/IMG_4024-2-1024x768.jpg 1024w, https:\/\/vivancoculturadevino.es\/blog\/wp-content\/uploads\/2025\/02\/IMG_4024-2-300x225.jpg 300w, https:\/\/vivancoculturadevino.es\/blog\/wp-content\/uploads\/2025\/02\/IMG_4024-2-768x576.jpg 768w, https:\/\/vivancoculturadevino.es\/blog\/wp-content\/uploads\/2025\/02\/IMG_4024-2-1536x1152.jpg 1536w, https:\/\/vivancoculturadevino.es\/blog\/wp-content\/uploads\/2025\/02\/IMG_4024-2-2048x1536.jpg 2048w\" sizes=\"(max-width: 1024px) 100vw, 1024px\" \/><\/a><\/figure>\n\n\n\n<p>Con una cuidadosa selecci\u00f3n de fotograf\u00edas desde finales del siglo XIX hasta la actualidad, esta muestra comisariada por <strong>Jes\u00fas Rocandio, Bernardo S\u00e1nchez y Teresa Rodr\u00edguez<\/strong>, es un viaje a trav\u00e9s de&nbsp;t\u00e9cnicas que van desde los procedimientos m\u00e1s antiguos&nbsp;como alb\u00faminas, ferrotipos o gelatino-bromuros,&nbsp;hasta las m\u00e1s recientes innovaciones&nbsp;digitales, ofreciendo una visi\u00f3n de la evoluci\u00f3n del <a href=\"https:\/\/vivancoculturadevino.es\/blog\/2016\/09\/26\/fotografia-vino\/\">arte de la fotograf\u00eda<\/a> a lo largo del tiempo. Adem\u00e1s, se enriquece la narrativa visual con una colecci\u00f3n \u00fanica de postales, fotocromos y un cartel original.<\/p>\n\n\n\n<p>La colecci\u00f3n recoge obras de autores c\u00e9lebres como&nbsp;<strong>Jean Laurent,&nbsp;Ricardo Don\u00e9zar,&nbsp;<a href=\"https:\/\/vivancoculturadevino.es\/blog\/2014\/07\/18\/126\/\">Henri Cartier-Bresson<\/a>,&nbsp;Esteban Chapresto,&nbsp;Antonio L\u00f3pez Os\u00e9s, y&nbsp;Pedro Almod\u00f3var<\/strong>, entre otros, pero tambi\u00e9n se encuentran im\u00e1genes de fot\u00f3grafos an\u00f3nimos y de agencias. El recorrido abarca una amplia variedad de enfoques, desde retratos hasta paisajes, desde el cuerpo humano hasta la vida urbana, permitiendo explorar c\u00f3mo el vino ha sido inmortalizado en ciudades y regiones del vino, desde&nbsp;Logro\u00f1o&nbsp;a&nbsp;Par\u00eds, desde&nbsp;Francia&nbsp;hasta&nbsp;Alemania.<\/p>\n\n\n\n<figure class=\"wp-block-image size-large\"><a href=\"https:\/\/vivancoculturadevino.es\/blog\/wp-content\/uploads\/2025\/02\/foto1_anv-1.jpg\"><img decoding=\"async\" width=\"780\" height=\"1002\" src=\"https:\/\/vivancoculturadevino.es\/blog\/wp-content\/uploads\/2025\/02\/foto1_anv-1.jpg\" alt=\"\" class=\"wp-image-4583\" srcset=\"https:\/\/vivancoculturadevino.es\/blog\/wp-content\/uploads\/2025\/02\/foto1_anv-1.jpg 780w, https:\/\/vivancoculturadevino.es\/blog\/wp-content\/uploads\/2025\/02\/foto1_anv-1-234x300.jpg 234w, https:\/\/vivancoculturadevino.es\/blog\/wp-content\/uploads\/2025\/02\/foto1_anv-1-768x987.jpg 768w\" sizes=\"(max-width: 780px) 100vw, 780px\" \/><\/a><figcaption>Henri Cartier-Bresson, <em>Rue Mouffettard<\/em>, gelatina bromuro, 1954<\/figcaption><\/figure>\n\n\n\n<h2 class=\"wp-block-heading\"><strong>Un recorrido visual por el mundo del vino<\/strong><\/h2>\n\n\n\n<p>Con &#8220;Una Cosecha Fotogr\u00e1fica&#8221;, el Centro de la Cultura del Rioja invita al p\u00fablico a&nbsp;disfrutar de un aut\u00e9ntico \u201c<strong>multivarietal fotogr\u00e1fico<\/strong>\u201d,&nbsp;que no solo celebra el arte de la fotograf\u00eda, sino tambi\u00e9n el compromiso por preservar y difundir la <strong>cultura del vino<\/strong> a trav\u00e9s de un medio visual tan poderoso.<\/p>\n\n\n\n<p>Adem\u00e1s de la exposici\u00f3n, se organizar\u00e1n&nbsp;<strong>visitas guiadas y actividades paralelas<\/strong>&nbsp;en fechas seleccionadas para profundizar en el contexto hist\u00f3rico de las im\u00e1genes. \u00a1Una oportunidad \u00fanica para los amantes del vino y la fotograf\u00eda!<\/p>\n\n\n\n<p>\ud83d\udccc&nbsp;<strong>Fechas y Horarios:<\/strong><br>\ud83d\udcc5&nbsp;Del 13 de febrero al 13 de junio de 2025<br>\ud83d\udd58&nbsp;De lunes a domingo, de 9:00 a 21:00h<br>\ud83d\udccd&nbsp;Centro de la Cultura del Rioja (Planta 1 y 2). Logro\u00f1o.<\/p>\n","protected":false},"excerpt":{"rendered":"<p>Del 13 de febrero al 13 de junio, el Centro de la Cultura del Rioja acoge  &#8220;Una Cosecha Fotogr\u00e1fica&#8221;, una exposici\u00f3n \u00fanica que fusiona vino e historia a trav\u00e9s de la fotograf\u00eda. Descubre im\u00e1genes ic\u00f3nicas de grandes fot\u00f3grafos y sum\u00e9rgete en la cultura vin\u00edcola. \u00a1No te lo pierdas!<\/p>\n","protected":false},"author":1,"featured_media":4599,"comment_status":"open","ping_status":"closed","sticky":false,"template":"","format":"standard","meta":{"footnotes":"","_elementor_edit_mode":"","_elementor_template_type":"","_elementor_data":"","_elementor_page_settings":null,"_elementor_conditions":[]},"categories":[7,2],"tags":[536,98,4],"class_list":["post-4561","post","type-post","status-publish","format-standard","has-post-thumbnail","hentry","category-fundacion","category-vivanco","tag-exposiciones","tag-fotografia","tag-vino"],"yoast_head":"<!-- This site is optimized with the Yoast SEO plugin v26.8 - https:\/\/yoast.com\/product\/yoast-seo-wordpress\/ -->\n<title>\u201cUna Cosecha Fotogr\u00e1fica\u201d: instant\u00e1neas con sabor a vino | Vivanco<\/title>\n<meta name=\"robots\" content=\"index, follow, max-snippet:-1, max-image-preview:large, max-video-preview:-1\" \/>\n<link rel=\"canonical\" href=\"https:\/\/vivancoculturadevino.es\/blog\/2025\/02\/17\/una-cosecha-fotografica-instantaneas-con-sabor-a-vino\/\" \/>\n<meta property=\"og:locale\" content=\"es_ES\" \/>\n<meta property=\"og:type\" content=\"article\" \/>\n<meta property=\"og:title\" content=\"\u201cUna Cosecha Fotogr\u00e1fica\u201d: instant\u00e1neas con sabor a vino | Vivanco\" \/>\n<meta property=\"og:description\" content=\"Del 13 de febrero al 13 de junio, el Centro de la Cultura del Rioja acoge &quot;Una Cosecha Fotogr\u00e1fica&quot;, una exposici\u00f3n \u00fanica que fusiona vino e historia a trav\u00e9s de la fotograf\u00eda. Descubre im\u00e1genes ic\u00f3nicas de grandes fot\u00f3grafos y sum\u00e9rgete en la cultura vin\u00edcola. \u00a1No te lo pierdas!\" \/>\n<meta property=\"og:url\" content=\"https:\/\/vivancoculturadevino.es\/blog\/2025\/02\/17\/una-cosecha-fotografica-instantaneas-con-sabor-a-vino\/\" \/>\n<meta property=\"og:site_name\" content=\"Vivanco\" \/>\n<meta property=\"article:author\" content=\"https:\/\/www.facebook.com\/vivancoculturadevino\" \/>\n<meta property=\"article:published_time\" content=\"2025-02-17T16:50:41+00:00\" \/>\n<meta property=\"article:modified_time\" content=\"2025-02-17T16:50:43+00:00\" \/>\n<meta property=\"og:image\" content=\"https:\/\/vivancoculturadevino.es\/blog\/wp-content\/uploads\/2025\/02\/IMG_4024-1-scaled.jpg\" \/>\n\t<meta property=\"og:image:width\" content=\"2560\" \/>\n\t<meta property=\"og:image:height\" content=\"1920\" \/>\n\t<meta property=\"og:image:type\" content=\"image\/jpeg\" \/>\n<meta name=\"author\" content=\"Vivanco\" \/>\n<meta name=\"twitter:card\" content=\"summary_large_image\" \/>\n<meta name=\"twitter:creator\" content=\"@https:\/\/twitter.com\/Vivanco_es\" \/>\n<meta name=\"twitter:label1\" content=\"Escrito por\" \/>\n\t<meta name=\"twitter:data1\" content=\"Vivanco\" \/>\n\t<meta name=\"twitter:label2\" content=\"Tiempo de lectura\" \/>\n\t<meta name=\"twitter:data2\" content=\"3 minutos\" \/>\n<script type=\"application\/ld+json\" class=\"yoast-schema-graph\">{\"@context\":\"https:\/\/schema.org\",\"@graph\":[{\"@type\":\"Article\",\"@id\":\"https:\/\/vivancoculturadevino.es\/blog\/2025\/02\/17\/una-cosecha-fotografica-instantaneas-con-sabor-a-vino\/#article\",\"isPartOf\":{\"@id\":\"https:\/\/vivancoculturadevino.es\/blog\/2025\/02\/17\/una-cosecha-fotografica-instantaneas-con-sabor-a-vino\/\"},\"author\":{\"name\":\"Vivanco\",\"@id\":\"https:\/\/vivancoculturadevino.es\/blog\/#\/schema\/person\/745931ee54ccbb839d8df0cceb02db4c\"},\"headline\":\"\u201cUna Cosecha Fotogr\u00e1fica\u201d: instant\u00e1neas con sabor a vino\",\"datePublished\":\"2025-02-17T16:50:41+00:00\",\"dateModified\":\"2025-02-17T16:50:43+00:00\",\"mainEntityOfPage\":{\"@id\":\"https:\/\/vivancoculturadevino.es\/blog\/2025\/02\/17\/una-cosecha-fotografica-instantaneas-con-sabor-a-vino\/\"},\"wordCount\":574,\"commentCount\":0,\"publisher\":{\"@id\":\"https:\/\/vivancoculturadevino.es\/blog\/#organization\"},\"image\":{\"@id\":\"https:\/\/vivancoculturadevino.es\/blog\/2025\/02\/17\/una-cosecha-fotografica-instantaneas-con-sabor-a-vino\/#primaryimage\"},\"thumbnailUrl\":\"https:\/\/vivancoculturadevino.es\/blog\/wp-content\/uploads\/2025\/02\/IMG_4024-1-scaled.jpg\",\"keywords\":[\"exposiciones\",\"fotograf\u00eda\",\"vino\"],\"articleSection\":[\"Cultura\",\"Vivanco\"],\"inLanguage\":\"es\",\"potentialAction\":[{\"@type\":\"CommentAction\",\"name\":\"Comment\",\"target\":[\"https:\/\/vivancoculturadevino.es\/blog\/2025\/02\/17\/una-cosecha-fotografica-instantaneas-con-sabor-a-vino\/#respond\"]}]},{\"@type\":\"WebPage\",\"@id\":\"https:\/\/vivancoculturadevino.es\/blog\/2025\/02\/17\/una-cosecha-fotografica-instantaneas-con-sabor-a-vino\/\",\"url\":\"https:\/\/vivancoculturadevino.es\/blog\/2025\/02\/17\/una-cosecha-fotografica-instantaneas-con-sabor-a-vino\/\",\"name\":\"\u201cUna Cosecha Fotogr\u00e1fica\u201d: instant\u00e1neas con sabor a vino | Vivanco\",\"isPartOf\":{\"@id\":\"https:\/\/vivancoculturadevino.es\/blog\/#website\"},\"primaryImageOfPage\":{\"@id\":\"https:\/\/vivancoculturadevino.es\/blog\/2025\/02\/17\/una-cosecha-fotografica-instantaneas-con-sabor-a-vino\/#primaryimage\"},\"image\":{\"@id\":\"https:\/\/vivancoculturadevino.es\/blog\/2025\/02\/17\/una-cosecha-fotografica-instantaneas-con-sabor-a-vino\/#primaryimage\"},\"thumbnailUrl\":\"https:\/\/vivancoculturadevino.es\/blog\/wp-content\/uploads\/2025\/02\/IMG_4024-1-scaled.jpg\",\"datePublished\":\"2025-02-17T16:50:41+00:00\",\"dateModified\":\"2025-02-17T16:50:43+00:00\",\"breadcrumb\":{\"@id\":\"https:\/\/vivancoculturadevino.es\/blog\/2025\/02\/17\/una-cosecha-fotografica-instantaneas-con-sabor-a-vino\/#breadcrumb\"},\"inLanguage\":\"es\",\"potentialAction\":[{\"@type\":\"ReadAction\",\"target\":[\"https:\/\/vivancoculturadevino.es\/blog\/2025\/02\/17\/una-cosecha-fotografica-instantaneas-con-sabor-a-vino\/\"]}]},{\"@type\":\"ImageObject\",\"inLanguage\":\"es\",\"@id\":\"https:\/\/vivancoculturadevino.es\/blog\/2025\/02\/17\/una-cosecha-fotografica-instantaneas-con-sabor-a-vino\/#primaryimage\",\"url\":\"https:\/\/vivancoculturadevino.es\/blog\/wp-content\/uploads\/2025\/02\/IMG_4024-1-scaled.jpg\",\"contentUrl\":\"https:\/\/vivancoculturadevino.es\/blog\/wp-content\/uploads\/2025\/02\/IMG_4024-1-scaled.jpg\",\"width\":2560,\"height\":1920},{\"@type\":\"BreadcrumbList\",\"@id\":\"https:\/\/vivancoculturadevino.es\/blog\/2025\/02\/17\/una-cosecha-fotografica-instantaneas-con-sabor-a-vino\/#breadcrumb\",\"itemListElement\":[{\"@type\":\"ListItem\",\"position\":1,\"name\":\"Portada\",\"item\":\"https:\/\/vivancoculturadevino.es\/blog\/\"},{\"@type\":\"ListItem\",\"position\":2,\"name\":\"\u201cUna Cosecha Fotogr\u00e1fica\u201d: instant\u00e1neas con sabor a vino\"}]},{\"@type\":\"WebSite\",\"@id\":\"https:\/\/vivancoculturadevino.es\/blog\/#website\",\"url\":\"https:\/\/vivancoculturadevino.es\/blog\/\",\"name\":\"Vivanco\",\"description\":\"Una familia y una pasi\u00f3n: Compartir la cultura del vino\",\"publisher\":{\"@id\":\"https:\/\/vivancoculturadevino.es\/blog\/#organization\"},\"potentialAction\":[{\"@type\":\"SearchAction\",\"target\":{\"@type\":\"EntryPoint\",\"urlTemplate\":\"https:\/\/vivancoculturadevino.es\/blog\/?s={search_term_string}\"},\"query-input\":{\"@type\":\"PropertyValueSpecification\",\"valueRequired\":true,\"valueName\":\"search_term_string\"}}],\"inLanguage\":\"es\"},{\"@type\":\"Organization\",\"@id\":\"https:\/\/vivancoculturadevino.es\/blog\/#organization\",\"name\":\"Vivanco\",\"url\":\"https:\/\/vivancoculturadevino.es\/blog\/\",\"logo\":{\"@type\":\"ImageObject\",\"inLanguage\":\"es\",\"@id\":\"https:\/\/vivancoculturadevino.es\/blog\/#\/schema\/logo\/image\/\",\"url\":\"https:\/\/vivancoculturadevino.es\/blog\/wp-content\/uploads\/2026\/01\/Logo-blanco.svg\",\"contentUrl\":\"https:\/\/vivancoculturadevino.es\/blog\/wp-content\/uploads\/2026\/01\/Logo-blanco.svg\",\"width\":134,\"height\":43,\"caption\":\"Vivanco\"},\"image\":{\"@id\":\"https:\/\/vivancoculturadevino.es\/blog\/#\/schema\/logo\/image\/\"}},{\"@type\":\"Person\",\"@id\":\"https:\/\/vivancoculturadevino.es\/blog\/#\/schema\/person\/745931ee54ccbb839d8df0cceb02db4c\",\"name\":\"Vivanco\",\"image\":{\"@type\":\"ImageObject\",\"inLanguage\":\"es\",\"@id\":\"https:\/\/vivancoculturadevino.es\/blog\/#\/schema\/person\/image\/\",\"url\":\"https:\/\/secure.gravatar.com\/avatar\/61b66c59d132db2f7ad4dfd1cc89bbd508b4d5888ab39ddba99f2aca247b7fb3?s=96&d=mm&r=g\",\"contentUrl\":\"https:\/\/secure.gravatar.com\/avatar\/61b66c59d132db2f7ad4dfd1cc89bbd508b4d5888ab39ddba99f2aca247b7fb3?s=96&d=mm&r=g\",\"caption\":\"Vivanco\"},\"description\":\"Bodega, Fundaci\u00f3n, Experiencias. Compartiendo Cultura de Vino\",\"sameAs\":[\"http:\/\/www.vivancoculturadevino.es\",\"https:\/\/www.facebook.com\/vivancoculturadevino\",\"https:\/\/x.com\/https:\/\/twitter.com\/Vivanco_es\",\"https:\/\/www.youtube.com\/channel\/UC8a2nOiF7kAQNPPduAi2Evw\/videos\"],\"url\":\"https:\/\/vivancoculturadevino.es\/blog\/author\/administrator\/\"}]}<\/script>\n<!-- \/ Yoast SEO plugin. -->","yoast_head_json":{"title":"\u201cUna Cosecha Fotogr\u00e1fica\u201d: instant\u00e1neas con sabor a vino | Vivanco","robots":{"index":"index","follow":"follow","max-snippet":"max-snippet:-1","max-image-preview":"max-image-preview:large","max-video-preview":"max-video-preview:-1"},"canonical":"https:\/\/vivancoculturadevino.es\/blog\/2025\/02\/17\/una-cosecha-fotografica-instantaneas-con-sabor-a-vino\/","og_locale":"es_ES","og_type":"article","og_title":"\u201cUna Cosecha Fotogr\u00e1fica\u201d: instant\u00e1neas con sabor a vino | Vivanco","og_description":"Del 13 de febrero al 13 de junio, el Centro de la Cultura del Rioja acoge \"Una Cosecha Fotogr\u00e1fica\", una exposici\u00f3n \u00fanica que fusiona vino e historia a trav\u00e9s de la fotograf\u00eda. Descubre im\u00e1genes ic\u00f3nicas de grandes fot\u00f3grafos y sum\u00e9rgete en la cultura vin\u00edcola. \u00a1No te lo pierdas!","og_url":"https:\/\/vivancoculturadevino.es\/blog\/2025\/02\/17\/una-cosecha-fotografica-instantaneas-con-sabor-a-vino\/","og_site_name":"Vivanco","article_author":"https:\/\/www.facebook.com\/vivancoculturadevino","article_published_time":"2025-02-17T16:50:41+00:00","article_modified_time":"2025-02-17T16:50:43+00:00","og_image":[{"width":2560,"height":1920,"url":"https:\/\/vivancoculturadevino.es\/blog\/wp-content\/uploads\/2025\/02\/IMG_4024-1-scaled.jpg","type":"image\/jpeg"}],"author":"Vivanco","twitter_card":"summary_large_image","twitter_creator":"@https:\/\/twitter.com\/Vivanco_es","twitter_misc":{"Escrito por":"Vivanco","Tiempo de lectura":"3 minutos"},"schema":{"@context":"https:\/\/schema.org","@graph":[{"@type":"Article","@id":"https:\/\/vivancoculturadevino.es\/blog\/2025\/02\/17\/una-cosecha-fotografica-instantaneas-con-sabor-a-vino\/#article","isPartOf":{"@id":"https:\/\/vivancoculturadevino.es\/blog\/2025\/02\/17\/una-cosecha-fotografica-instantaneas-con-sabor-a-vino\/"},"author":{"name":"Vivanco","@id":"https:\/\/vivancoculturadevino.es\/blog\/#\/schema\/person\/745931ee54ccbb839d8df0cceb02db4c"},"headline":"\u201cUna Cosecha Fotogr\u00e1fica\u201d: instant\u00e1neas con sabor a vino","datePublished":"2025-02-17T16:50:41+00:00","dateModified":"2025-02-17T16:50:43+00:00","mainEntityOfPage":{"@id":"https:\/\/vivancoculturadevino.es\/blog\/2025\/02\/17\/una-cosecha-fotografica-instantaneas-con-sabor-a-vino\/"},"wordCount":574,"commentCount":0,"publisher":{"@id":"https:\/\/vivancoculturadevino.es\/blog\/#organization"},"image":{"@id":"https:\/\/vivancoculturadevino.es\/blog\/2025\/02\/17\/una-cosecha-fotografica-instantaneas-con-sabor-a-vino\/#primaryimage"},"thumbnailUrl":"https:\/\/vivancoculturadevino.es\/blog\/wp-content\/uploads\/2025\/02\/IMG_4024-1-scaled.jpg","keywords":["exposiciones","fotograf\u00eda","vino"],"articleSection":["Cultura","Vivanco"],"inLanguage":"es","potentialAction":[{"@type":"CommentAction","name":"Comment","target":["https:\/\/vivancoculturadevino.es\/blog\/2025\/02\/17\/una-cosecha-fotografica-instantaneas-con-sabor-a-vino\/#respond"]}]},{"@type":"WebPage","@id":"https:\/\/vivancoculturadevino.es\/blog\/2025\/02\/17\/una-cosecha-fotografica-instantaneas-con-sabor-a-vino\/","url":"https:\/\/vivancoculturadevino.es\/blog\/2025\/02\/17\/una-cosecha-fotografica-instantaneas-con-sabor-a-vino\/","name":"\u201cUna Cosecha Fotogr\u00e1fica\u201d: instant\u00e1neas con sabor a vino | Vivanco","isPartOf":{"@id":"https:\/\/vivancoculturadevino.es\/blog\/#website"},"primaryImageOfPage":{"@id":"https:\/\/vivancoculturadevino.es\/blog\/2025\/02\/17\/una-cosecha-fotografica-instantaneas-con-sabor-a-vino\/#primaryimage"},"image":{"@id":"https:\/\/vivancoculturadevino.es\/blog\/2025\/02\/17\/una-cosecha-fotografica-instantaneas-con-sabor-a-vino\/#primaryimage"},"thumbnailUrl":"https:\/\/vivancoculturadevino.es\/blog\/wp-content\/uploads\/2025\/02\/IMG_4024-1-scaled.jpg","datePublished":"2025-02-17T16:50:41+00:00","dateModified":"2025-02-17T16:50:43+00:00","breadcrumb":{"@id":"https:\/\/vivancoculturadevino.es\/blog\/2025\/02\/17\/una-cosecha-fotografica-instantaneas-con-sabor-a-vino\/#breadcrumb"},"inLanguage":"es","potentialAction":[{"@type":"ReadAction","target":["https:\/\/vivancoculturadevino.es\/blog\/2025\/02\/17\/una-cosecha-fotografica-instantaneas-con-sabor-a-vino\/"]}]},{"@type":"ImageObject","inLanguage":"es","@id":"https:\/\/vivancoculturadevino.es\/blog\/2025\/02\/17\/una-cosecha-fotografica-instantaneas-con-sabor-a-vino\/#primaryimage","url":"https:\/\/vivancoculturadevino.es\/blog\/wp-content\/uploads\/2025\/02\/IMG_4024-1-scaled.jpg","contentUrl":"https:\/\/vivancoculturadevino.es\/blog\/wp-content\/uploads\/2025\/02\/IMG_4024-1-scaled.jpg","width":2560,"height":1920},{"@type":"BreadcrumbList","@id":"https:\/\/vivancoculturadevino.es\/blog\/2025\/02\/17\/una-cosecha-fotografica-instantaneas-con-sabor-a-vino\/#breadcrumb","itemListElement":[{"@type":"ListItem","position":1,"name":"Portada","item":"https:\/\/vivancoculturadevino.es\/blog\/"},{"@type":"ListItem","position":2,"name":"\u201cUna Cosecha Fotogr\u00e1fica\u201d: instant\u00e1neas con sabor a vino"}]},{"@type":"WebSite","@id":"https:\/\/vivancoculturadevino.es\/blog\/#website","url":"https:\/\/vivancoculturadevino.es\/blog\/","name":"Vivanco","description":"Una familia y una pasi\u00f3n: Compartir la cultura del vino","publisher":{"@id":"https:\/\/vivancoculturadevino.es\/blog\/#organization"},"potentialAction":[{"@type":"SearchAction","target":{"@type":"EntryPoint","urlTemplate":"https:\/\/vivancoculturadevino.es\/blog\/?s={search_term_string}"},"query-input":{"@type":"PropertyValueSpecification","valueRequired":true,"valueName":"search_term_string"}}],"inLanguage":"es"},{"@type":"Organization","@id":"https:\/\/vivancoculturadevino.es\/blog\/#organization","name":"Vivanco","url":"https:\/\/vivancoculturadevino.es\/blog\/","logo":{"@type":"ImageObject","inLanguage":"es","@id":"https:\/\/vivancoculturadevino.es\/blog\/#\/schema\/logo\/image\/","url":"https:\/\/vivancoculturadevino.es\/blog\/wp-content\/uploads\/2026\/01\/Logo-blanco.svg","contentUrl":"https:\/\/vivancoculturadevino.es\/blog\/wp-content\/uploads\/2026\/01\/Logo-blanco.svg","width":134,"height":43,"caption":"Vivanco"},"image":{"@id":"https:\/\/vivancoculturadevino.es\/blog\/#\/schema\/logo\/image\/"}},{"@type":"Person","@id":"https:\/\/vivancoculturadevino.es\/blog\/#\/schema\/person\/745931ee54ccbb839d8df0cceb02db4c","name":"Vivanco","image":{"@type":"ImageObject","inLanguage":"es","@id":"https:\/\/vivancoculturadevino.es\/blog\/#\/schema\/person\/image\/","url":"https:\/\/secure.gravatar.com\/avatar\/61b66c59d132db2f7ad4dfd1cc89bbd508b4d5888ab39ddba99f2aca247b7fb3?s=96&d=mm&r=g","contentUrl":"https:\/\/secure.gravatar.com\/avatar\/61b66c59d132db2f7ad4dfd1cc89bbd508b4d5888ab39ddba99f2aca247b7fb3?s=96&d=mm&r=g","caption":"Vivanco"},"description":"Bodega, Fundaci\u00f3n, Experiencias. Compartiendo Cultura de Vino","sameAs":["http:\/\/www.vivancoculturadevino.es","https:\/\/www.facebook.com\/vivancoculturadevino","https:\/\/x.com\/https:\/\/twitter.com\/Vivanco_es","https:\/\/www.youtube.com\/channel\/UC8a2nOiF7kAQNPPduAi2Evw\/videos"],"url":"https:\/\/vivancoculturadevino.es\/blog\/author\/administrator\/"}]}},"_links":{"self":[{"href":"https:\/\/vivancoculturadevino.es\/blog\/wp-json\/wp\/v2\/posts\/4561","targetHints":{"allow":["GET"]}}],"collection":[{"href":"https:\/\/vivancoculturadevino.es\/blog\/wp-json\/wp\/v2\/posts"}],"about":[{"href":"https:\/\/vivancoculturadevino.es\/blog\/wp-json\/wp\/v2\/types\/post"}],"author":[{"embeddable":true,"href":"https:\/\/vivancoculturadevino.es\/blog\/wp-json\/wp\/v2\/users\/1"}],"replies":[{"embeddable":true,"href":"https:\/\/vivancoculturadevino.es\/blog\/wp-json\/wp\/v2\/comments?post=4561"}],"version-history":[{"count":34,"href":"https:\/\/vivancoculturadevino.es\/blog\/wp-json\/wp\/v2\/posts\/4561\/revisions"}],"predecessor-version":[{"id":4606,"href":"https:\/\/vivancoculturadevino.es\/blog\/wp-json\/wp\/v2\/posts\/4561\/revisions\/4606"}],"wp:featuredmedia":[{"embeddable":true,"href":"https:\/\/vivancoculturadevino.es\/blog\/wp-json\/wp\/v2\/media\/4599"}],"wp:attachment":[{"href":"https:\/\/vivancoculturadevino.es\/blog\/wp-json\/wp\/v2\/media?parent=4561"}],"wp:term":[{"taxonomy":"category","embeddable":true,"href":"https:\/\/vivancoculturadevino.es\/blog\/wp-json\/wp\/v2\/categories?post=4561"},{"taxonomy":"post_tag","embeddable":true,"href":"https:\/\/vivancoculturadevino.es\/blog\/wp-json\/wp\/v2\/tags?post=4561"}],"curies":[{"name":"wp","href":"https:\/\/api.w.org\/{rel}","templated":true}]}}