{"id":4313,"date":"2020-05-05T08:47:18","date_gmt":"2020-05-05T07:47:18","guid":{"rendered":"https:\/\/vivancoculturadevino.es\/blog\/?p=4313"},"modified":"2020-05-05T08:48:13","modified_gmt":"2020-05-05T07:48:13","slug":"mexico-productor-antiguo-america-no-vitivinicola","status":"publish","type":"post","link":"https:\/\/vivancoculturadevino.es\/blog\/2020\/05\/05\/mexico-productor-antiguo-america-no-vitivinicola\/","title":{"rendered":"\u00bfPor qu\u00e9 siendo M\u00e9xico el productor m\u00e1s antiguo de Am\u00e9rica no tiene tradici\u00f3n vitivin\u00edcola?"},"content":{"rendered":"<p>Para ponernos en antecedentes, haremos un poco de memoria y recordaremos el art\u00edculo sobre las \u201c<a href=\"https:\/\/vivancoculturadevino.es\/blog\/2015\/09\/21\/uvas-misioneras\/\" target=\"blank\"><span style=\"text-decoration: underline;\">Uvas misioneras<\/span><\/a>\u201d.<\/p>\n<p>Seg\u00fan la mayor\u00eda de las fuentes, <strong><b>el primer lugar del continente americano donde comenz\u00f3 a cultivarse la vid <\/b><\/strong><strong><em><b><i>(<\/i><\/b><\/em><\/strong><strong><em><b><i>v<\/i><\/b><\/em><\/strong><strong><em><b><i>itis vin\u00edfera), <\/i><\/b><\/em><\/strong><strong><b>tra\u00edda desde Espa\u00f1a<\/b><\/strong><strong><em><b><i>, <\/i><\/b><\/em><\/strong><strong><b>fue en 1524 en M\u00e9xico por orden de Hern\u00e1n Cort\u00e9s<\/b><\/strong>. Tambi\u00e9n hablamos de que, en su aventura evangelizadora, los jesuitas se extendieron por todo el continente construyendo misiones donde convertir a las poblaciones nativas a la fe cat\u00f3lica. L\u00f3gicamente, para la celebraci\u00f3n de la eucarist\u00eda necesitaban disponer de vino, un bien preciado y escaso que deb\u00eda ser importado de Espa\u00f1a. As\u00ed que, los misioneros decidieron que una soluci\u00f3n para el abastecimiento de vino era plantar vides alrededor de las misiones y producir ellos mismos el vino lit\u00fargico. De esta forma, los jesuitas primero y, tras su expulsi\u00f3n de todos los dominios de la corona de Espa\u00f1a, los franciscanos despu\u00e9s, se convirtieron en viticultores\u2026 para consumo propio. Entonces, <strong><b>\u00bfpor qu\u00e9 siendo M\u00e9xico el productor m\u00e1s antiguo de Am\u00e9rica no tiene tradici\u00f3n vitivin\u00edcola?<\/b><\/strong>\u00a0Pues por una cuesti\u00f3n puramente econ\u00f3mica.<\/p>\n<p>Adem\u00e1s de las vi\u00f1as plantadas por los religiosos all\u00ed donde fundaban misiones, el aumento de producci\u00f3n de vino en el nuevo continente se vio favorecido por ordenanzas reales, como la del rey Carlos I, en la que se ordenaba que todos los nav\u00edos que partiesen hacia Nueva Espa\u00f1a deb\u00edan llevar vi\u00f1as y olivos para plantar en el nuevo continente. De esta forma, a mediados del siglo XVI, ciudad de M\u00e9xico y varias provincias circundantes se convirtieron en el principal productor de Am\u00e9rica, hasta el punto de casi poder hacer frente a toda la demanda del nuevo continente. Esta situaci\u00f3n implicaba que cada vez se tuviese que importar menos vino de Espa\u00f1a, con la consiguiente p\u00e9rdida econ\u00f3mica para las bodegas espa\u00f1olas. Como no exist\u00eda la figura del lucro cesante para poder acudir a los tribunales y reclamar una indemnizaci\u00f3n, los productores espa\u00f1oles fueron a llorarle al rey. Felipe II, desconocedor del t\u00e9rmino liberalismo econ\u00f3mico, \u00a0promulg\u00f3 la Ley XVIII:<\/p>\n<ol start=\"1595\">\n<li><strong><em><b><i> Felipe II de Instrucci\u00f3n de virreyes de 1595. <\/i><\/b><\/em><\/strong><\/li>\n<\/ol>\n<blockquote><p><em><i>Por las instrucciones de virreyes, y otras c\u00e9dulas,<\/i><\/em><\/p>\n<p><em><i>y provisiones nuestras est\u00e1 prohibido plantar<\/i><\/em><\/p>\n<p><em><i>vi\u00f1as en Las Indias Occidentales, y ordenado<\/i><\/em><\/p>\n<p><em><i>a los virreyes, que no den licencias para que<\/i><\/em><\/p>\n<p><em><i>de nuevo se planten, ni reparen las que se fueren<\/i><\/em><\/p>\n<p><em><i>acabando [&#8230;] ordenamos y mandamos, <\/i><\/em><\/p>\n<p><em><i>que todos los due\u00f1os, y poseedores de vi\u00f1as nos den, <\/i><\/em><\/p>\n<p><em><i>y paguen cada a\u00f1o a raz\u00f3n de dos por ciento <\/i><\/em><\/p>\n<p><em><i>de todo el fruto que sacaren de ellas [\u2026]<\/i><\/em><\/p><\/blockquote>\n<p>L\u00f3gicamente, esta prohibici\u00f3n, y el impuesto sobre \u201cel fruto\u201d, afect\u00f3 en mayor media a M\u00e9xico, el mayor productor.<\/p>\n<p>El 9 de febrero de 1811 se derog\u00f3 esta instrucci\u00f3n y se autoriz\u00f3&#8230;<\/p>\n<blockquote><p><em><i>&#8230;a los naturales y habitantes de la Am\u00e9rica <\/i><\/em><\/p>\n<p><em><i>para que puedan sembrar y cultivar <\/i><\/em><\/p>\n<p><em><i>cuanto la naturaleza y el arte les proporcione; <\/i><\/em><\/p>\n<p><em><i>y promover del mismo modo la industria, <\/i><\/em><\/p>\n<p><em><i>manufacturas y artes en toda su extensi\u00f3n. <\/i><\/em><\/p><\/blockquote>\n<p>Pero en aquel momento, el da\u00f1o ya estaba hecho y M\u00e9xico perdi\u00f3 el carro de la tradici\u00f3n vitivin\u00edcola. Aun as\u00ed, la bodega m\u00e1s antigua del continente americano la encontramos en el f\u00e9rtil valle de Coahuila (Parras de la Fuente, M\u00e9xico). Bodega que, por cierto, tiene su historia, ya que data de 1597, dos a\u00f1os despu\u00e9s de la instrucci\u00f3n real.<\/p>\n<p>En 1568, partiendo de Zacatecas, los espa\u00f1oles llegaron al valle de Coahuila, un verdadero oasis en medio del desierto con manantiales de agua y abundancia de parras\/vides silvestres. Como era l\u00f3gico, a este lugar lo llamaron Valle de las Parras.<\/p>\n<p><a href=\"https:\/\/vivancoculturadevino.es\/blog\/wp-content\/uploads\/2020\/05\/Casa-Madero-y-valle-de-las-Parras.jpg\"><img fetchpriority=\"high\" decoding=\"async\" class=\"aligncenter size-full wp-image-4314\" src=\"https:\/\/vivancoculturadevino.es\/blog\/wp-content\/uploads\/2020\/05\/Casa-Madero-y-valle-de-las-Parras.jpg\" alt=\"Casa Madero y valle de las Parras\" width=\"1200\" height=\"797\" srcset=\"https:\/\/vivancoculturadevino.es\/blog\/wp-content\/uploads\/2020\/05\/Casa-Madero-y-valle-de-las-Parras.jpg 1200w, https:\/\/vivancoculturadevino.es\/blog\/wp-content\/uploads\/2020\/05\/Casa-Madero-y-valle-de-las-Parras-300x199.jpg 300w, https:\/\/vivancoculturadevino.es\/blog\/wp-content\/uploads\/2020\/05\/Casa-Madero-y-valle-de-las-Parras-1024x680.jpg 1024w\" sizes=\"(max-width: 1200px) 100vw, 1200px\" \/><\/a><\/p>\n<p>Con la llegada de los jesuitas en 1594 se fund\u00f3 la misi\u00f3n de Santa Mar\u00eda de las Parras -hoy, Parras de la Fuente- y, como hemos comentado anteriormente, llegaron acompa\u00f1ados de sus vi\u00f1as. El lugar era ideal para la producci\u00f3n de vino y el avispado espa\u00f1ol Lorenzo Garc\u00eda solicit\u00f3 una \u201cmerced\u201d o dotaci\u00f3n de tierras en el valle. A pesar de la prohibici\u00f3n, Diego Fern\u00e1ndez de Velasco, gobernador de la Nueva Vizcaya, entreg\u00f3 la merced autorizada por el rey Felipe II el 19 de Agosto de 1597, con el expreso prop\u00f3sito de plantar vi\u00f1as para producir vino y brandy. De esta forma, nac\u00eda la Hacienda de San Lorenzo, la bodega m\u00e1s antigua de Am\u00e9rica que, a fecha de hoy y con el nombre de Casa Madero desde 1893 al ser adquirida por Evaristo Madero, abuelo del h\u00e9roe revolucionario y presidente Francisco Madero, \u00a0elabora excelentes vinos.<\/p>\n<p><a href=\"https:\/\/vivancoculturadevino.es\/blog\/wp-content\/uploads\/2020\/05\/Casa-Madero.jpg\"><img decoding=\"async\" class=\"aligncenter size-full wp-image-4315\" src=\"https:\/\/vivancoculturadevino.es\/blog\/wp-content\/uploads\/2020\/05\/Casa-Madero.jpg\" alt=\"Casa Madero\" width=\"479\" height=\"385\" srcset=\"https:\/\/vivancoculturadevino.es\/blog\/wp-content\/uploads\/2020\/05\/Casa-Madero.jpg 479w, https:\/\/vivancoculturadevino.es\/blog\/wp-content\/uploads\/2020\/05\/Casa-Madero-300x241.jpg 300w\" sizes=\"(max-width: 479px) 100vw, 479px\" \/><\/a><\/p>\n","protected":false},"excerpt":{"rendered":"<p>el primer lugar del continente americano donde comenz\u00f3 a cultivarse la vid (vitis vin\u00edfera), tra\u00edda desde Espa\u00f1a, fue en 1524 en M\u00e9xico por orden de Hern\u00e1n Cort\u00e9s.<\/p>\n","protected":false},"author":8,"featured_media":4316,"comment_status":"open","ping_status":"closed","sticky":false,"template":"","format":"standard","meta":{"footnotes":"","_elementor_edit_mode":"","_elementor_template_type":"","_elementor_data":"","_elementor_page_settings":null,"_elementor_conditions":[]},"categories":[7],"tags":[612,613,611],"class_list":["post-4313","post","type-post","status-publish","format-standard","has-post-thumbnail","hentry","category-fundacion","tag-hernan-cortes","tag-tradicion-vino","tag-vino-mexico"],"yoast_head":"<!-- This site is optimized with the Yoast SEO plugin v26.8 - https:\/\/yoast.com\/product\/yoast-seo-wordpress\/ -->\n<title>\u00bfPor qu\u00e9 siendo M\u00e9xico el productor m\u00e1s antiguo de Am\u00e9rica no tiene tradici\u00f3n vitivin\u00edcola? | Vivanco<\/title>\n<meta name=\"description\" content=\"el primer lugar del continente americano donde comenz\u00f3 a cultivarse la vid (vitis vin\u00edfera), tra\u00edda desde Espa\u00f1a, fue en 1524 en M\u00e9xico por orden de Hern\u00e1n Cort\u00e9s.\" \/>\n<meta name=\"robots\" content=\"index, follow, max-snippet:-1, max-image-preview:large, max-video-preview:-1\" \/>\n<link rel=\"canonical\" href=\"https:\/\/vivancoculturadevino.es\/blog\/2020\/05\/05\/mexico-productor-antiguo-america-no-vitivinicola\/\" \/>\n<meta property=\"og:locale\" content=\"es_ES\" \/>\n<meta property=\"og:type\" content=\"article\" \/>\n<meta property=\"og:title\" content=\"\u00bfPor qu\u00e9 siendo M\u00e9xico el productor m\u00e1s antiguo de Am\u00e9rica no tiene tradici\u00f3n vitivin\u00edcola? | Vivanco\" \/>\n<meta property=\"og:description\" content=\"el primer lugar del continente americano donde comenz\u00f3 a cultivarse la vid (vitis vin\u00edfera), tra\u00edda desde Espa\u00f1a, fue en 1524 en M\u00e9xico por orden de Hern\u00e1n Cort\u00e9s.\" \/>\n<meta property=\"og:url\" content=\"https:\/\/vivancoculturadevino.es\/blog\/2020\/05\/05\/mexico-productor-antiguo-america-no-vitivinicola\/\" \/>\n<meta property=\"og:site_name\" content=\"Vivanco\" \/>\n<meta property=\"article:author\" content=\"https:\/\/www.facebook.com\/HistoriasdelaHistoria\" \/>\n<meta property=\"article:published_time\" content=\"2020-05-05T07:47:18+00:00\" \/>\n<meta property=\"article:modified_time\" content=\"2020-05-05T07:48:13+00:00\" \/>\n<meta property=\"og:image\" content=\"https:\/\/vivancoculturadevino.es\/blog\/wp-content\/uploads\/2020\/05\/Misiones.jpg\" \/>\n\t<meta property=\"og:image:width\" content=\"600\" \/>\n\t<meta property=\"og:image:height\" content=\"338\" \/>\n\t<meta property=\"og:image:type\" content=\"image\/jpeg\" \/>\n<meta name=\"author\" content=\"Javier Sanz\" \/>\n<meta name=\"twitter:card\" content=\"summary_large_image\" \/>\n<meta name=\"twitter:image\" content=\"https:\/\/vivancoculturadevino.es\/blog\/wp-content\/uploads\/2020\/05\/Misiones.jpg\" \/>\n<meta name=\"twitter:creator\" content=\"@https:\/\/twitter.com\/jsanz\" \/>\n<meta name=\"twitter:label1\" content=\"Escrito por\" \/>\n\t<meta name=\"twitter:data1\" content=\"Javier Sanz\" \/>\n\t<meta name=\"twitter:label2\" content=\"Tiempo de lectura\" \/>\n\t<meta name=\"twitter:data2\" content=\"4 minutos\" \/>\n<script type=\"application\/ld+json\" class=\"yoast-schema-graph\">{\"@context\":\"https:\/\/schema.org\",\"@graph\":[{\"@type\":\"Article\",\"@id\":\"https:\/\/vivancoculturadevino.es\/blog\/2020\/05\/05\/mexico-productor-antiguo-america-no-vitivinicola\/#article\",\"isPartOf\":{\"@id\":\"https:\/\/vivancoculturadevino.es\/blog\/2020\/05\/05\/mexico-productor-antiguo-america-no-vitivinicola\/\"},\"author\":{\"name\":\"Javier Sanz\",\"@id\":\"https:\/\/vivancoculturadevino.es\/blog\/#\/schema\/person\/8b9b698cff084699559378a8ebe12b8d\"},\"headline\":\"\u00bfPor qu\u00e9 siendo M\u00e9xico el productor m\u00e1s antiguo de Am\u00e9rica no tiene tradici\u00f3n vitivin\u00edcola?\",\"datePublished\":\"2020-05-05T07:47:18+00:00\",\"dateModified\":\"2020-05-05T07:48:13+00:00\",\"mainEntityOfPage\":{\"@id\":\"https:\/\/vivancoculturadevino.es\/blog\/2020\/05\/05\/mexico-productor-antiguo-america-no-vitivinicola\/\"},\"wordCount\":824,\"commentCount\":0,\"publisher\":{\"@id\":\"https:\/\/vivancoculturadevino.es\/blog\/#organization\"},\"image\":{\"@id\":\"https:\/\/vivancoculturadevino.es\/blog\/2020\/05\/05\/mexico-productor-antiguo-america-no-vitivinicola\/#primaryimage\"},\"thumbnailUrl\":\"https:\/\/vivancoculturadevino.es\/blog\/wp-content\/uploads\/2020\/05\/Misiones.jpg\",\"keywords\":[\"Hern\u00e1n Cort\u00e9s\",\"tradici\u00f3n vino\",\"vino M\u00e9xico\"],\"articleSection\":[\"Cultura\"],\"inLanguage\":\"es\",\"potentialAction\":[{\"@type\":\"CommentAction\",\"name\":\"Comment\",\"target\":[\"https:\/\/vivancoculturadevino.es\/blog\/2020\/05\/05\/mexico-productor-antiguo-america-no-vitivinicola\/#respond\"]}]},{\"@type\":\"WebPage\",\"@id\":\"https:\/\/vivancoculturadevino.es\/blog\/2020\/05\/05\/mexico-productor-antiguo-america-no-vitivinicola\/\",\"url\":\"https:\/\/vivancoculturadevino.es\/blog\/2020\/05\/05\/mexico-productor-antiguo-america-no-vitivinicola\/\",\"name\":\"\u00bfPor qu\u00e9 siendo M\u00e9xico el productor m\u00e1s antiguo de Am\u00e9rica no tiene tradici\u00f3n vitivin\u00edcola? | Vivanco\",\"isPartOf\":{\"@id\":\"https:\/\/vivancoculturadevino.es\/blog\/#website\"},\"primaryImageOfPage\":{\"@id\":\"https:\/\/vivancoculturadevino.es\/blog\/2020\/05\/05\/mexico-productor-antiguo-america-no-vitivinicola\/#primaryimage\"},\"image\":{\"@id\":\"https:\/\/vivancoculturadevino.es\/blog\/2020\/05\/05\/mexico-productor-antiguo-america-no-vitivinicola\/#primaryimage\"},\"thumbnailUrl\":\"https:\/\/vivancoculturadevino.es\/blog\/wp-content\/uploads\/2020\/05\/Misiones.jpg\",\"datePublished\":\"2020-05-05T07:47:18+00:00\",\"dateModified\":\"2020-05-05T07:48:13+00:00\",\"description\":\"el primer lugar del continente americano donde comenz\u00f3 a cultivarse la vid (vitis vin\u00edfera), tra\u00edda desde Espa\u00f1a, fue en 1524 en M\u00e9xico por orden de Hern\u00e1n Cort\u00e9s.\",\"breadcrumb\":{\"@id\":\"https:\/\/vivancoculturadevino.es\/blog\/2020\/05\/05\/mexico-productor-antiguo-america-no-vitivinicola\/#breadcrumb\"},\"inLanguage\":\"es\",\"potentialAction\":[{\"@type\":\"ReadAction\",\"target\":[\"https:\/\/vivancoculturadevino.es\/blog\/2020\/05\/05\/mexico-productor-antiguo-america-no-vitivinicola\/\"]}]},{\"@type\":\"ImageObject\",\"inLanguage\":\"es\",\"@id\":\"https:\/\/vivancoculturadevino.es\/blog\/2020\/05\/05\/mexico-productor-antiguo-america-no-vitivinicola\/#primaryimage\",\"url\":\"https:\/\/vivancoculturadevino.es\/blog\/wp-content\/uploads\/2020\/05\/Misiones.jpg\",\"contentUrl\":\"https:\/\/vivancoculturadevino.es\/blog\/wp-content\/uploads\/2020\/05\/Misiones.jpg\",\"width\":600,\"height\":338},{\"@type\":\"BreadcrumbList\",\"@id\":\"https:\/\/vivancoculturadevino.es\/blog\/2020\/05\/05\/mexico-productor-antiguo-america-no-vitivinicola\/#breadcrumb\",\"itemListElement\":[{\"@type\":\"ListItem\",\"position\":1,\"name\":\"Portada\",\"item\":\"https:\/\/vivancoculturadevino.es\/blog\/\"},{\"@type\":\"ListItem\",\"position\":2,\"name\":\"\u00bfPor qu\u00e9 siendo M\u00e9xico el productor m\u00e1s antiguo de Am\u00e9rica no tiene tradici\u00f3n vitivin\u00edcola?\"}]},{\"@type\":\"WebSite\",\"@id\":\"https:\/\/vivancoculturadevino.es\/blog\/#website\",\"url\":\"https:\/\/vivancoculturadevino.es\/blog\/\",\"name\":\"Vivanco\",\"description\":\"Una familia y una pasi\u00f3n: Compartir la cultura del vino\",\"publisher\":{\"@id\":\"https:\/\/vivancoculturadevino.es\/blog\/#organization\"},\"potentialAction\":[{\"@type\":\"SearchAction\",\"target\":{\"@type\":\"EntryPoint\",\"urlTemplate\":\"https:\/\/vivancoculturadevino.es\/blog\/?s={search_term_string}\"},\"query-input\":{\"@type\":\"PropertyValueSpecification\",\"valueRequired\":true,\"valueName\":\"search_term_string\"}}],\"inLanguage\":\"es\"},{\"@type\":\"Organization\",\"@id\":\"https:\/\/vivancoculturadevino.es\/blog\/#organization\",\"name\":\"Vivanco\",\"url\":\"https:\/\/vivancoculturadevino.es\/blog\/\",\"logo\":{\"@type\":\"ImageObject\",\"inLanguage\":\"es\",\"@id\":\"https:\/\/vivancoculturadevino.es\/blog\/#\/schema\/logo\/image\/\",\"url\":\"https:\/\/vivancoculturadevino.es\/blog\/wp-content\/uploads\/2026\/01\/Logo-blanco.svg\",\"contentUrl\":\"https:\/\/vivancoculturadevino.es\/blog\/wp-content\/uploads\/2026\/01\/Logo-blanco.svg\",\"width\":134,\"height\":43,\"caption\":\"Vivanco\"},\"image\":{\"@id\":\"https:\/\/vivancoculturadevino.es\/blog\/#\/schema\/logo\/image\/\"}},{\"@type\":\"Person\",\"@id\":\"https:\/\/vivancoculturadevino.es\/blog\/#\/schema\/person\/8b9b698cff084699559378a8ebe12b8d\",\"name\":\"Javier Sanz\",\"image\":{\"@type\":\"ImageObject\",\"inLanguage\":\"es\",\"@id\":\"https:\/\/vivancoculturadevino.es\/blog\/#\/schema\/person\/image\/\",\"url\":\"https:\/\/secure.gravatar.com\/avatar\/a50fceb249b4111443d60ecf2777e8ac4b31d342734cfd7b97b36a8a32dbf3f8?s=96&d=mm&r=g\",\"contentUrl\":\"https:\/\/secure.gravatar.com\/avatar\/a50fceb249b4111443d60ecf2777e8ac4b31d342734cfd7b97b36a8a32dbf3f8?s=96&d=mm&r=g\",\"caption\":\"Javier Sanz\"},\"description\":\"Contador de historias a trav\u00e9s del blog, libros, colaboraciones en prensa y radio con la \u00fanica pretensi\u00f3n de acercar la historia de forma amena y entretenida a los que la dejaron de lado. Director de la revista digital e interactiva \\\"iHstoria\\\". Colaboraciones en el peri\u00f3dico Diario de Teruel, revista Iberia Vieja y revista Cl\u00edo. Colaboraciones en radio en La Rosa de los Vientos (Onda Cero), Gente Despierta (RNE) y La Noche es Nuestra (EuropaFM).\",\"sameAs\":[\"http:\/\/historiasdelahistoria.com\/\",\"https:\/\/www.facebook.com\/HistoriasdelaHistoria\",\"https:\/\/x.com\/https:\/\/twitter.com\/jsanz\"],\"url\":\"https:\/\/vivancoculturadevino.es\/blog\/author\/javier-sanz\/\"}]}<\/script>\n<!-- \/ Yoast SEO plugin. -->","yoast_head_json":{"title":"\u00bfPor qu\u00e9 siendo M\u00e9xico el productor m\u00e1s antiguo de Am\u00e9rica no tiene tradici\u00f3n vitivin\u00edcola? | Vivanco","description":"el primer lugar del continente americano donde comenz\u00f3 a cultivarse la vid (vitis vin\u00edfera), tra\u00edda desde Espa\u00f1a, fue en 1524 en M\u00e9xico por orden de Hern\u00e1n Cort\u00e9s.","robots":{"index":"index","follow":"follow","max-snippet":"max-snippet:-1","max-image-preview":"max-image-preview:large","max-video-preview":"max-video-preview:-1"},"canonical":"https:\/\/vivancoculturadevino.es\/blog\/2020\/05\/05\/mexico-productor-antiguo-america-no-vitivinicola\/","og_locale":"es_ES","og_type":"article","og_title":"\u00bfPor qu\u00e9 siendo M\u00e9xico el productor m\u00e1s antiguo de Am\u00e9rica no tiene tradici\u00f3n vitivin\u00edcola? | Vivanco","og_description":"el primer lugar del continente americano donde comenz\u00f3 a cultivarse la vid (vitis vin\u00edfera), tra\u00edda desde Espa\u00f1a, fue en 1524 en M\u00e9xico por orden de Hern\u00e1n Cort\u00e9s.","og_url":"https:\/\/vivancoculturadevino.es\/blog\/2020\/05\/05\/mexico-productor-antiguo-america-no-vitivinicola\/","og_site_name":"Vivanco","article_author":"https:\/\/www.facebook.com\/HistoriasdelaHistoria","article_published_time":"2020-05-05T07:47:18+00:00","article_modified_time":"2020-05-05T07:48:13+00:00","og_image":[{"width":600,"height":338,"url":"https:\/\/vivancoculturadevino.es\/blog\/wp-content\/uploads\/2020\/05\/Misiones.jpg","type":"image\/jpeg"}],"author":"Javier Sanz","twitter_card":"summary_large_image","twitter_image":"https:\/\/vivancoculturadevino.es\/blog\/wp-content\/uploads\/2020\/05\/Misiones.jpg","twitter_creator":"@https:\/\/twitter.com\/jsanz","twitter_misc":{"Escrito por":"Javier Sanz","Tiempo de lectura":"4 minutos"},"schema":{"@context":"https:\/\/schema.org","@graph":[{"@type":"Article","@id":"https:\/\/vivancoculturadevino.es\/blog\/2020\/05\/05\/mexico-productor-antiguo-america-no-vitivinicola\/#article","isPartOf":{"@id":"https:\/\/vivancoculturadevino.es\/blog\/2020\/05\/05\/mexico-productor-antiguo-america-no-vitivinicola\/"},"author":{"name":"Javier Sanz","@id":"https:\/\/vivancoculturadevino.es\/blog\/#\/schema\/person\/8b9b698cff084699559378a8ebe12b8d"},"headline":"\u00bfPor qu\u00e9 siendo M\u00e9xico el productor m\u00e1s antiguo de Am\u00e9rica no tiene tradici\u00f3n vitivin\u00edcola?","datePublished":"2020-05-05T07:47:18+00:00","dateModified":"2020-05-05T07:48:13+00:00","mainEntityOfPage":{"@id":"https:\/\/vivancoculturadevino.es\/blog\/2020\/05\/05\/mexico-productor-antiguo-america-no-vitivinicola\/"},"wordCount":824,"commentCount":0,"publisher":{"@id":"https:\/\/vivancoculturadevino.es\/blog\/#organization"},"image":{"@id":"https:\/\/vivancoculturadevino.es\/blog\/2020\/05\/05\/mexico-productor-antiguo-america-no-vitivinicola\/#primaryimage"},"thumbnailUrl":"https:\/\/vivancoculturadevino.es\/blog\/wp-content\/uploads\/2020\/05\/Misiones.jpg","keywords":["Hern\u00e1n Cort\u00e9s","tradici\u00f3n vino","vino M\u00e9xico"],"articleSection":["Cultura"],"inLanguage":"es","potentialAction":[{"@type":"CommentAction","name":"Comment","target":["https:\/\/vivancoculturadevino.es\/blog\/2020\/05\/05\/mexico-productor-antiguo-america-no-vitivinicola\/#respond"]}]},{"@type":"WebPage","@id":"https:\/\/vivancoculturadevino.es\/blog\/2020\/05\/05\/mexico-productor-antiguo-america-no-vitivinicola\/","url":"https:\/\/vivancoculturadevino.es\/blog\/2020\/05\/05\/mexico-productor-antiguo-america-no-vitivinicola\/","name":"\u00bfPor qu\u00e9 siendo M\u00e9xico el productor m\u00e1s antiguo de Am\u00e9rica no tiene tradici\u00f3n vitivin\u00edcola? | Vivanco","isPartOf":{"@id":"https:\/\/vivancoculturadevino.es\/blog\/#website"},"primaryImageOfPage":{"@id":"https:\/\/vivancoculturadevino.es\/blog\/2020\/05\/05\/mexico-productor-antiguo-america-no-vitivinicola\/#primaryimage"},"image":{"@id":"https:\/\/vivancoculturadevino.es\/blog\/2020\/05\/05\/mexico-productor-antiguo-america-no-vitivinicola\/#primaryimage"},"thumbnailUrl":"https:\/\/vivancoculturadevino.es\/blog\/wp-content\/uploads\/2020\/05\/Misiones.jpg","datePublished":"2020-05-05T07:47:18+00:00","dateModified":"2020-05-05T07:48:13+00:00","description":"el primer lugar del continente americano donde comenz\u00f3 a cultivarse la vid (vitis vin\u00edfera), tra\u00edda desde Espa\u00f1a, fue en 1524 en M\u00e9xico por orden de Hern\u00e1n Cort\u00e9s.","breadcrumb":{"@id":"https:\/\/vivancoculturadevino.es\/blog\/2020\/05\/05\/mexico-productor-antiguo-america-no-vitivinicola\/#breadcrumb"},"inLanguage":"es","potentialAction":[{"@type":"ReadAction","target":["https:\/\/vivancoculturadevino.es\/blog\/2020\/05\/05\/mexico-productor-antiguo-america-no-vitivinicola\/"]}]},{"@type":"ImageObject","inLanguage":"es","@id":"https:\/\/vivancoculturadevino.es\/blog\/2020\/05\/05\/mexico-productor-antiguo-america-no-vitivinicola\/#primaryimage","url":"https:\/\/vivancoculturadevino.es\/blog\/wp-content\/uploads\/2020\/05\/Misiones.jpg","contentUrl":"https:\/\/vivancoculturadevino.es\/blog\/wp-content\/uploads\/2020\/05\/Misiones.jpg","width":600,"height":338},{"@type":"BreadcrumbList","@id":"https:\/\/vivancoculturadevino.es\/blog\/2020\/05\/05\/mexico-productor-antiguo-america-no-vitivinicola\/#breadcrumb","itemListElement":[{"@type":"ListItem","position":1,"name":"Portada","item":"https:\/\/vivancoculturadevino.es\/blog\/"},{"@type":"ListItem","position":2,"name":"\u00bfPor qu\u00e9 siendo M\u00e9xico el productor m\u00e1s antiguo de Am\u00e9rica no tiene tradici\u00f3n vitivin\u00edcola?"}]},{"@type":"WebSite","@id":"https:\/\/vivancoculturadevino.es\/blog\/#website","url":"https:\/\/vivancoculturadevino.es\/blog\/","name":"Vivanco","description":"Una familia y una pasi\u00f3n: Compartir la cultura del vino","publisher":{"@id":"https:\/\/vivancoculturadevino.es\/blog\/#organization"},"potentialAction":[{"@type":"SearchAction","target":{"@type":"EntryPoint","urlTemplate":"https:\/\/vivancoculturadevino.es\/blog\/?s={search_term_string}"},"query-input":{"@type":"PropertyValueSpecification","valueRequired":true,"valueName":"search_term_string"}}],"inLanguage":"es"},{"@type":"Organization","@id":"https:\/\/vivancoculturadevino.es\/blog\/#organization","name":"Vivanco","url":"https:\/\/vivancoculturadevino.es\/blog\/","logo":{"@type":"ImageObject","inLanguage":"es","@id":"https:\/\/vivancoculturadevino.es\/blog\/#\/schema\/logo\/image\/","url":"https:\/\/vivancoculturadevino.es\/blog\/wp-content\/uploads\/2026\/01\/Logo-blanco.svg","contentUrl":"https:\/\/vivancoculturadevino.es\/blog\/wp-content\/uploads\/2026\/01\/Logo-blanco.svg","width":134,"height":43,"caption":"Vivanco"},"image":{"@id":"https:\/\/vivancoculturadevino.es\/blog\/#\/schema\/logo\/image\/"}},{"@type":"Person","@id":"https:\/\/vivancoculturadevino.es\/blog\/#\/schema\/person\/8b9b698cff084699559378a8ebe12b8d","name":"Javier Sanz","image":{"@type":"ImageObject","inLanguage":"es","@id":"https:\/\/vivancoculturadevino.es\/blog\/#\/schema\/person\/image\/","url":"https:\/\/secure.gravatar.com\/avatar\/a50fceb249b4111443d60ecf2777e8ac4b31d342734cfd7b97b36a8a32dbf3f8?s=96&d=mm&r=g","contentUrl":"https:\/\/secure.gravatar.com\/avatar\/a50fceb249b4111443d60ecf2777e8ac4b31d342734cfd7b97b36a8a32dbf3f8?s=96&d=mm&r=g","caption":"Javier Sanz"},"description":"Contador de historias a trav\u00e9s del blog, libros, colaboraciones en prensa y radio con la \u00fanica pretensi\u00f3n de acercar la historia de forma amena y entretenida a los que la dejaron de lado. Director de la revista digital e interactiva \"iHstoria\". Colaboraciones en el peri\u00f3dico Diario de Teruel, revista Iberia Vieja y revista Cl\u00edo. Colaboraciones en radio en La Rosa de los Vientos (Onda Cero), Gente Despierta (RNE) y La Noche es Nuestra (EuropaFM).","sameAs":["http:\/\/historiasdelahistoria.com\/","https:\/\/www.facebook.com\/HistoriasdelaHistoria","https:\/\/x.com\/https:\/\/twitter.com\/jsanz"],"url":"https:\/\/vivancoculturadevino.es\/blog\/author\/javier-sanz\/"}]}},"_links":{"self":[{"href":"https:\/\/vivancoculturadevino.es\/blog\/wp-json\/wp\/v2\/posts\/4313","targetHints":{"allow":["GET"]}}],"collection":[{"href":"https:\/\/vivancoculturadevino.es\/blog\/wp-json\/wp\/v2\/posts"}],"about":[{"href":"https:\/\/vivancoculturadevino.es\/blog\/wp-json\/wp\/v2\/types\/post"}],"author":[{"embeddable":true,"href":"https:\/\/vivancoculturadevino.es\/blog\/wp-json\/wp\/v2\/users\/8"}],"replies":[{"embeddable":true,"href":"https:\/\/vivancoculturadevino.es\/blog\/wp-json\/wp\/v2\/comments?post=4313"}],"version-history":[{"count":4,"href":"https:\/\/vivancoculturadevino.es\/blog\/wp-json\/wp\/v2\/posts\/4313\/revisions"}],"predecessor-version":[{"id":4320,"href":"https:\/\/vivancoculturadevino.es\/blog\/wp-json\/wp\/v2\/posts\/4313\/revisions\/4320"}],"wp:featuredmedia":[{"embeddable":true,"href":"https:\/\/vivancoculturadevino.es\/blog\/wp-json\/wp\/v2\/media\/4316"}],"wp:attachment":[{"href":"https:\/\/vivancoculturadevino.es\/blog\/wp-json\/wp\/v2\/media?parent=4313"}],"wp:term":[{"taxonomy":"category","embeddable":true,"href":"https:\/\/vivancoculturadevino.es\/blog\/wp-json\/wp\/v2\/categories?post=4313"},{"taxonomy":"post_tag","embeddable":true,"href":"https:\/\/vivancoculturadevino.es\/blog\/wp-json\/wp\/v2\/tags?post=4313"}],"curies":[{"name":"wp","href":"https:\/\/api.w.org\/{rel}","templated":true}]}}