{"id":4191,"date":"2019-11-26T10:37:29","date_gmt":"2019-11-26T09:37:29","guid":{"rendered":"https:\/\/vivancoculturadevino.es\/blog\/?p=4191"},"modified":"2019-11-26T12:10:33","modified_gmt":"2019-11-26T11:10:33","slug":"200-aniversario-museo-del-prado","status":"publish","type":"post","link":"https:\/\/vivancoculturadevino.es\/blog\/2019\/11\/26\/200-aniversario-museo-del-prado\/","title":{"rendered":"200 aniversario del Museo del Prado"},"content":{"rendered":"<p>El Museo del Prado ha cumplido 200 a\u00f1os recientemente y esto es una gran noticia. Lo es porque nunca es f\u00e1cil llegar a los dos siglos de existencia. Pocas instituciones sobreviven a lo largo de tanto tiempo y, sobre todo, pocas lo hacen de una forma todav\u00eda mejor que la que ten\u00edan en sus comienzos.<\/p>\n<p>Si quieres saber un poco m\u00e1s acerca de la historia del Museo del Prado, de c\u00f3mo fueron sus or\u00edgenes y de por qu\u00e9 est\u00e1 considerado actualmente como uno de los <strong><b>mejores museos del mundo<\/b><\/strong>, aqu\u00ed te lo vamos a contar. Este es nuestro peque\u00f1o homenaje a la mejor pinacoteca de Espa\u00f1a.<\/p>\n<h2>El Museo del Prado: Historia y or\u00edgenes<\/h2>\n<p>El germen de lo que hoy conocemos como Museo del Prado se encuentra en las colecciones reales de arte que se fueron conformando desde el siglo XVI y XVII. De hecho,<strong><b>\u00a0el propio Vel\u00e1zquez se encarg\u00f3 de seleccionar una serie de obras que sirvieran para decorar diversas estancias en el monasterio de El Escorial,<\/b><\/strong>\u00a0dada la creciente afluencia de visitantes extranjeros interesados en la colecci\u00f3n art\u00edstica de los reyes de Espa\u00f1a.<\/p>\n<p>Esta impresi\u00f3n de que la colecci\u00f3n de la Casa Real era realmente relevante fue creciendo durante los siglos siguientes, con voces autorizadas de pol\u00edticos y artistas que solicitaban la creaci\u00f3n de un centro en el que se reunieran la mayor parte de ellas para un mejor cuidado y exposici\u00f3n.<br \/>\n<iframe src=\"https:\/\/www.youtube-nocookie.com\/embed\/6xFY4l34EVw\" width=\"560\" height=\"315\" frameborder=\"0\" allowfullscreen=\"allowfullscreen\"><\/iframe><\/p>\n<p>Pero, tras varios intentos y proyectos interrumpidos, <strong><b>no fue hasta comienzos del siglo XIX cuando el Museo, con el impulso del rey Carlos IV, empez\u00f3 a verse encauzado. <\/b><\/strong>Ser\u00eda unos a\u00f1os m\u00e1s tarde, tras la invasi\u00f3n del ej\u00e9rcito napole\u00f3nico, y gracias al \u00faltimo empuj\u00f3n econ\u00f3mico por parte del rey Fernando VII, cuando por fin consigui\u00f3 culminarse el proyecto. As\u00ed, el 19 de noviembre de 1819, se inaugur\u00f3 el Museo Real de Pinturas, ubicado en un edificio dise\u00f1ado por Juan de Villanueva en el Paseo del Prado, con una apertura al p\u00fablico que, inicialmente, se limitaba a los mi\u00e9rcoles de 9 de la ma\u00f1ana a 2 de la tarde.<\/p>\n<p>Doscientos a\u00f1os despu\u00e9s, el Museo del Prado tiene unos horarios de apertura al p\u00fablico mucho m\u00e1s amplios, desde las 10 de la ma\u00f1ana hasta las 8 de la tarde, todos los d\u00edas de la semana, excepto los domingos, que cierra a las 7 de la tarde. Y son muchos los visitantes que acuden cada a\u00f1o. En concreto, <strong><b>m\u00e1s de 3.600.000 durante el a\u00f1o 2018, lo que lo convierte en una de las pinacotecas m\u00e1s visitadas y reconocidas del mundo. <\/b><\/strong>Estas cifras, probablemente ni se imaginaban en los sue\u00f1os m\u00e1s optimistas de hace dos siglos\u2026<\/p>\n<h2>\u00bfQu\u00e9 tiene el Museo del Prado para resultar tan atractivo?<\/h2>\n<p>A lo mejor muchos se preguntan qu\u00e9 ofrece el Museo del Prado a sus visitantes para conseguir atraer a tantos aficionados al arte cada d\u00eda del a\u00f1o. Pero, la verdad, es dif\u00edcil explicarlo con pocas palabras, porque <strong><b>son un gran n\u00famero los motivos que podr\u00edamos nombrar como excusa para visitarlo.<\/b><\/strong><\/p>\n<p>Comenzando por las cifras, <strong><b>son algo m\u00e1s de 1.100 las obras expuestas al p\u00fablico en el Museo del Prado<\/b><\/strong>. Pero, en realidad, hay muchas m\u00e1s. Se estima que, en total, hay otras 8.000 que a\u00fan no han visto la luz, lo que da una ligera idea de cu\u00e1nto arte hay recogido en todas las instalaciones de este museo, y pone en perspectiva lo que ha crecido en estos 200 a\u00f1os de historia; cuando se inaugur\u00f3 en 1819, eran 311 las obras expuestas.<\/p>\n<p>Adem\u00e1s de la cantidad, es la calidad lo que marca la diferencia en el Museo del Prado. Se podr\u00eda decir que la gran mayor\u00eda de los pintores m\u00e1s importantes de la historia est\u00e1n presentes en sus estancias, con especial dedicaci\u00f3n a las colecciones de autores tan magistrales como<strong><b>\u00a0Vel\u00e1zquez, Goya, el Greco, Tiziano, el Bosco y Rubens<\/b><\/strong>, de quienes posee la mejor selecci\u00f3n de todo el mundo. Solo por estos pintores y sus obras, en exposici\u00f3n permanente, son miles de personas las que acuden semanalmente al Prado. Y es que, \u00bfa qui\u00e9n no le atrae ver en persona cuadros tan impactantes como <em><i>Las meninas<\/i><\/em>, de Vel\u00e1zquez, <em><i>El jard\u00edn de las delicias<\/i><\/em>, de El Bosco, o <em><i>Saturno devorando a su hijo<\/i><\/em>, de Goya?<\/p>\n<p><a href=\"https:\/\/vivancoculturadevino.es\/blog\/wp-content\/uploads\/2019\/11\/museo-del-prado.jpg\"><img fetchpriority=\"high\" decoding=\"async\" class=\"aligncenter size-full wp-image-4193\" src=\"https:\/\/vivancoculturadevino.es\/blog\/wp-content\/uploads\/2019\/11\/museo-del-prado.jpg\" alt=\"museo del prado\" width=\"918\" height=\"614\" srcset=\"https:\/\/vivancoculturadevino.es\/blog\/wp-content\/uploads\/2019\/11\/museo-del-prado.jpg 918w, https:\/\/vivancoculturadevino.es\/blog\/wp-content\/uploads\/2019\/11\/museo-del-prado-300x201.jpg 300w\" sizes=\"(max-width: 918px) 100vw, 918px\" \/><\/a><\/p>\n<h2>Otros atractivos del Museo del Prado<\/h2>\n<p>200 a\u00f1os de historia del Museo del Prado han dado muchas an\u00e9cdotas y curiosidades. Pero nosotros queremos centrarnos en los otros atractivos que no son tan conocidos y pueden motivar la visita de m\u00e1s gente o el disfrute de los que ya se encuentran all\u00ed. Un ejemplo es la copia de <em><i>La Gioconda<\/i><\/em>\u00a0que se encuentra en Madrid. Hasta hace pocos a\u00f1os, se desconoc\u00eda la tremenda similitud que hab\u00eda entre \u00e9sta y la original, y los estudios realizados durante su restauraci\u00f3n en 2010 demostraron que hab\u00eda sido pintada en la misma \u00e9poca, en el mismo lugar y con la misma modelo que la original de Da Vinci.<\/p>\n<p>Tambi\u00e9n llaman mucho la atenci\u00f3n <em><i>La visi\u00f3n del Coloseo. El \u00faltimo m\u00e1rtir<\/i><\/em>, de Jos\u00e9 Benlliure y Gil (561&#215;728 cm) y <em><i>La<\/i><\/em>\u00a0<em><i>degollaci\u00f3n de San Juan Bautista y banquete de Herodes<\/i><\/em>, de Strobel, (280&#215;952 cm), que son los cuadros m\u00e1s grandes de todo el museo.<\/p>\n<p>Y, sobre los que ya han visitado el Museo del Prado, tambi\u00e9n hay motivos para su vuelta, <strong><b>porque cada cierto tiempo se organizan exposiciones temporales <\/b><\/strong><strong><b>(al igual que hacemos en el <a href=\"https:\/\/vivancoculturadevino.es\/es\/fundacion\/museo-vivanco\/\" target=\"_blank\">Museo Vivanco de la Cultura del Vino<\/a><\/b>)<b>\u00a0<\/b><\/strong>que, en muchas ocasiones, atraen a un n\u00famero ingente de visitantes. De hecho, la muestra organizada en 2016 sobre el Quinto Centenario de El Bosco lleg\u00f3 a atraer, por s\u00ed sola, a unos 600.000 visitantes.<\/p>\n","protected":false},"excerpt":{"rendered":"<p>Con motivo del 200 aniversario del Museo del Prado, nos adentramos en su historia y origen. \u00bfPor qu\u00e9 es la pinacoteca m\u00e1s importante de Espa\u00f1a?<\/p>\n","protected":false},"author":1,"featured_media":4192,"comment_status":"open","ping_status":"closed","sticky":false,"template":"","format":"standard","meta":{"footnotes":"","_elementor_edit_mode":"","_elementor_template_type":"","_elementor_data":"","_elementor_page_settings":null,"_elementor_conditions":[]},"categories":[7],"tags":[587,67,586],"class_list":["post-4191","post","type-post","status-publish","format-standard","has-post-thumbnail","hentry","category-fundacion","tag-aniversario","tag-museo","tag-museo-del-prado"],"yoast_head":"<!-- This site is optimized with the Yoast SEO plugin v26.8 - https:\/\/yoast.com\/product\/yoast-seo-wordpress\/ -->\n<title>200 aniversario del Museo del Prado | Vivanco<\/title>\n<meta name=\"description\" content=\"Con motivo del 200 aniversario del Museo del Prado, nos adentramos en su historia y origen. \u00bfPor qu\u00e9 es la pinacoteca m\u00e1s importante de Espa\u00f1a?\" \/>\n<meta name=\"robots\" content=\"index, follow, max-snippet:-1, max-image-preview:large, max-video-preview:-1\" \/>\n<link rel=\"canonical\" href=\"https:\/\/vivancoculturadevino.es\/blog\/2019\/11\/26\/200-aniversario-museo-del-prado\/\" \/>\n<meta property=\"og:locale\" content=\"es_ES\" \/>\n<meta property=\"og:type\" content=\"article\" \/>\n<meta property=\"og:title\" content=\"200 aniversario del Museo del Prado | Vivanco\" \/>\n<meta property=\"og:description\" content=\"Con motivo del 200 aniversario del Museo del Prado, nos adentramos en su historia y origen. \u00bfPor qu\u00e9 es la pinacoteca m\u00e1s importante de Espa\u00f1a?\" \/>\n<meta property=\"og:url\" content=\"https:\/\/vivancoculturadevino.es\/blog\/2019\/11\/26\/200-aniversario-museo-del-prado\/\" \/>\n<meta property=\"og:site_name\" content=\"Vivanco\" \/>\n<meta property=\"article:author\" content=\"https:\/\/www.facebook.com\/vivancoculturadevino\" \/>\n<meta property=\"article:published_time\" content=\"2019-11-26T09:37:29+00:00\" \/>\n<meta property=\"article:modified_time\" content=\"2019-11-26T11:10:33+00:00\" \/>\n<meta property=\"og:image\" content=\"https:\/\/vivancoculturadevino.es\/blog\/wp-content\/uploads\/2019\/11\/madrid-1758045_1280.jpg\" \/>\n\t<meta property=\"og:image:width\" content=\"1280\" \/>\n\t<meta property=\"og:image:height\" content=\"853\" \/>\n\t<meta property=\"og:image:type\" content=\"image\/jpeg\" \/>\n<meta name=\"author\" content=\"Vivanco\" \/>\n<meta name=\"twitter:card\" content=\"summary_large_image\" \/>\n<meta name=\"twitter:image\" content=\"https:\/\/vivancoculturadevino.es\/blog\/wp-content\/uploads\/2019\/11\/madrid-1758045_1280.jpg\" \/>\n<meta name=\"twitter:creator\" content=\"@https:\/\/twitter.com\/Vivanco_es\" \/>\n<meta name=\"twitter:label1\" content=\"Escrito por\" \/>\n\t<meta name=\"twitter:data1\" content=\"Vivanco\" \/>\n\t<meta name=\"twitter:label2\" content=\"Tiempo de lectura\" \/>\n\t<meta name=\"twitter:data2\" content=\"5 minutos\" \/>\n<script type=\"application\/ld+json\" class=\"yoast-schema-graph\">{\"@context\":\"https:\/\/schema.org\",\"@graph\":[{\"@type\":\"Article\",\"@id\":\"https:\/\/vivancoculturadevino.es\/blog\/2019\/11\/26\/200-aniversario-museo-del-prado\/#article\",\"isPartOf\":{\"@id\":\"https:\/\/vivancoculturadevino.es\/blog\/2019\/11\/26\/200-aniversario-museo-del-prado\/\"},\"author\":{\"name\":\"Vivanco\",\"@id\":\"https:\/\/vivancoculturadevino.es\/blog\/#\/schema\/person\/745931ee54ccbb839d8df0cceb02db4c\"},\"headline\":\"200 aniversario del Museo del Prado\",\"datePublished\":\"2019-11-26T09:37:29+00:00\",\"dateModified\":\"2019-11-26T11:10:33+00:00\",\"mainEntityOfPage\":{\"@id\":\"https:\/\/vivancoculturadevino.es\/blog\/2019\/11\/26\/200-aniversario-museo-del-prado\/\"},\"wordCount\":997,\"commentCount\":0,\"publisher\":{\"@id\":\"https:\/\/vivancoculturadevino.es\/blog\/#organization\"},\"image\":{\"@id\":\"https:\/\/vivancoculturadevino.es\/blog\/2019\/11\/26\/200-aniversario-museo-del-prado\/#primaryimage\"},\"thumbnailUrl\":\"https:\/\/vivancoculturadevino.es\/blog\/wp-content\/uploads\/2019\/11\/madrid-1758045_1280.jpg\",\"keywords\":[\"Aniversario\",\"museo\",\"Museo del Prado\"],\"articleSection\":[\"Cultura\"],\"inLanguage\":\"es\",\"potentialAction\":[{\"@type\":\"CommentAction\",\"name\":\"Comment\",\"target\":[\"https:\/\/vivancoculturadevino.es\/blog\/2019\/11\/26\/200-aniversario-museo-del-prado\/#respond\"]}]},{\"@type\":\"WebPage\",\"@id\":\"https:\/\/vivancoculturadevino.es\/blog\/2019\/11\/26\/200-aniversario-museo-del-prado\/\",\"url\":\"https:\/\/vivancoculturadevino.es\/blog\/2019\/11\/26\/200-aniversario-museo-del-prado\/\",\"name\":\"200 aniversario del Museo del Prado | Vivanco\",\"isPartOf\":{\"@id\":\"https:\/\/vivancoculturadevino.es\/blog\/#website\"},\"primaryImageOfPage\":{\"@id\":\"https:\/\/vivancoculturadevino.es\/blog\/2019\/11\/26\/200-aniversario-museo-del-prado\/#primaryimage\"},\"image\":{\"@id\":\"https:\/\/vivancoculturadevino.es\/blog\/2019\/11\/26\/200-aniversario-museo-del-prado\/#primaryimage\"},\"thumbnailUrl\":\"https:\/\/vivancoculturadevino.es\/blog\/wp-content\/uploads\/2019\/11\/madrid-1758045_1280.jpg\",\"datePublished\":\"2019-11-26T09:37:29+00:00\",\"dateModified\":\"2019-11-26T11:10:33+00:00\",\"description\":\"Con motivo del 200 aniversario del Museo del Prado, nos adentramos en su historia y origen. \u00bfPor qu\u00e9 es la pinacoteca m\u00e1s importante de Espa\u00f1a?\",\"breadcrumb\":{\"@id\":\"https:\/\/vivancoculturadevino.es\/blog\/2019\/11\/26\/200-aniversario-museo-del-prado\/#breadcrumb\"},\"inLanguage\":\"es\",\"potentialAction\":[{\"@type\":\"ReadAction\",\"target\":[\"https:\/\/vivancoculturadevino.es\/blog\/2019\/11\/26\/200-aniversario-museo-del-prado\/\"]}]},{\"@type\":\"ImageObject\",\"inLanguage\":\"es\",\"@id\":\"https:\/\/vivancoculturadevino.es\/blog\/2019\/11\/26\/200-aniversario-museo-del-prado\/#primaryimage\",\"url\":\"https:\/\/vivancoculturadevino.es\/blog\/wp-content\/uploads\/2019\/11\/madrid-1758045_1280.jpg\",\"contentUrl\":\"https:\/\/vivancoculturadevino.es\/blog\/wp-content\/uploads\/2019\/11\/madrid-1758045_1280.jpg\",\"width\":1280,\"height\":853,\"caption\":\"Museo del Prado Madrid\"},{\"@type\":\"BreadcrumbList\",\"@id\":\"https:\/\/vivancoculturadevino.es\/blog\/2019\/11\/26\/200-aniversario-museo-del-prado\/#breadcrumb\",\"itemListElement\":[{\"@type\":\"ListItem\",\"position\":1,\"name\":\"Portada\",\"item\":\"https:\/\/vivancoculturadevino.es\/blog\/\"},{\"@type\":\"ListItem\",\"position\":2,\"name\":\"200 aniversario del Museo del Prado\"}]},{\"@type\":\"WebSite\",\"@id\":\"https:\/\/vivancoculturadevino.es\/blog\/#website\",\"url\":\"https:\/\/vivancoculturadevino.es\/blog\/\",\"name\":\"Vivanco\",\"description\":\"Una familia y una pasi\u00f3n: Compartir la cultura del vino\",\"publisher\":{\"@id\":\"https:\/\/vivancoculturadevino.es\/blog\/#organization\"},\"potentialAction\":[{\"@type\":\"SearchAction\",\"target\":{\"@type\":\"EntryPoint\",\"urlTemplate\":\"https:\/\/vivancoculturadevino.es\/blog\/?s={search_term_string}\"},\"query-input\":{\"@type\":\"PropertyValueSpecification\",\"valueRequired\":true,\"valueName\":\"search_term_string\"}}],\"inLanguage\":\"es\"},{\"@type\":\"Organization\",\"@id\":\"https:\/\/vivancoculturadevino.es\/blog\/#organization\",\"name\":\"Vivanco\",\"url\":\"https:\/\/vivancoculturadevino.es\/blog\/\",\"logo\":{\"@type\":\"ImageObject\",\"inLanguage\":\"es\",\"@id\":\"https:\/\/vivancoculturadevino.es\/blog\/#\/schema\/logo\/image\/\",\"url\":\"https:\/\/vivancoculturadevino.es\/blog\/wp-content\/uploads\/2026\/01\/Logo-blanco.svg\",\"contentUrl\":\"https:\/\/vivancoculturadevino.es\/blog\/wp-content\/uploads\/2026\/01\/Logo-blanco.svg\",\"width\":134,\"height\":43,\"caption\":\"Vivanco\"},\"image\":{\"@id\":\"https:\/\/vivancoculturadevino.es\/blog\/#\/schema\/logo\/image\/\"}},{\"@type\":\"Person\",\"@id\":\"https:\/\/vivancoculturadevino.es\/blog\/#\/schema\/person\/745931ee54ccbb839d8df0cceb02db4c\",\"name\":\"Vivanco\",\"image\":{\"@type\":\"ImageObject\",\"inLanguage\":\"es\",\"@id\":\"https:\/\/vivancoculturadevino.es\/blog\/#\/schema\/person\/image\/\",\"url\":\"https:\/\/secure.gravatar.com\/avatar\/61b66c59d132db2f7ad4dfd1cc89bbd508b4d5888ab39ddba99f2aca247b7fb3?s=96&d=mm&r=g\",\"contentUrl\":\"https:\/\/secure.gravatar.com\/avatar\/61b66c59d132db2f7ad4dfd1cc89bbd508b4d5888ab39ddba99f2aca247b7fb3?s=96&d=mm&r=g\",\"caption\":\"Vivanco\"},\"description\":\"Bodega, Fundaci\u00f3n, Experiencias. Compartiendo Cultura de Vino\",\"sameAs\":[\"http:\/\/www.vivancoculturadevino.es\",\"https:\/\/www.facebook.com\/vivancoculturadevino\",\"https:\/\/x.com\/https:\/\/twitter.com\/Vivanco_es\",\"https:\/\/www.youtube.com\/channel\/UC8a2nOiF7kAQNPPduAi2Evw\/videos\"],\"url\":\"https:\/\/vivancoculturadevino.es\/blog\/author\/administrator\/\"}]}<\/script>\n<!-- \/ Yoast SEO plugin. -->","yoast_head_json":{"title":"200 aniversario del Museo del Prado | Vivanco","description":"Con motivo del 200 aniversario del Museo del Prado, nos adentramos en su historia y origen. \u00bfPor qu\u00e9 es la pinacoteca m\u00e1s importante de Espa\u00f1a?","robots":{"index":"index","follow":"follow","max-snippet":"max-snippet:-1","max-image-preview":"max-image-preview:large","max-video-preview":"max-video-preview:-1"},"canonical":"https:\/\/vivancoculturadevino.es\/blog\/2019\/11\/26\/200-aniversario-museo-del-prado\/","og_locale":"es_ES","og_type":"article","og_title":"200 aniversario del Museo del Prado | Vivanco","og_description":"Con motivo del 200 aniversario del Museo del Prado, nos adentramos en su historia y origen. \u00bfPor qu\u00e9 es la pinacoteca m\u00e1s importante de Espa\u00f1a?","og_url":"https:\/\/vivancoculturadevino.es\/blog\/2019\/11\/26\/200-aniversario-museo-del-prado\/","og_site_name":"Vivanco","article_author":"https:\/\/www.facebook.com\/vivancoculturadevino","article_published_time":"2019-11-26T09:37:29+00:00","article_modified_time":"2019-11-26T11:10:33+00:00","og_image":[{"width":1280,"height":853,"url":"https:\/\/vivancoculturadevino.es\/blog\/wp-content\/uploads\/2019\/11\/madrid-1758045_1280.jpg","type":"image\/jpeg"}],"author":"Vivanco","twitter_card":"summary_large_image","twitter_image":"https:\/\/vivancoculturadevino.es\/blog\/wp-content\/uploads\/2019\/11\/madrid-1758045_1280.jpg","twitter_creator":"@https:\/\/twitter.com\/Vivanco_es","twitter_misc":{"Escrito por":"Vivanco","Tiempo de lectura":"5 minutos"},"schema":{"@context":"https:\/\/schema.org","@graph":[{"@type":"Article","@id":"https:\/\/vivancoculturadevino.es\/blog\/2019\/11\/26\/200-aniversario-museo-del-prado\/#article","isPartOf":{"@id":"https:\/\/vivancoculturadevino.es\/blog\/2019\/11\/26\/200-aniversario-museo-del-prado\/"},"author":{"name":"Vivanco","@id":"https:\/\/vivancoculturadevino.es\/blog\/#\/schema\/person\/745931ee54ccbb839d8df0cceb02db4c"},"headline":"200 aniversario del Museo del Prado","datePublished":"2019-11-26T09:37:29+00:00","dateModified":"2019-11-26T11:10:33+00:00","mainEntityOfPage":{"@id":"https:\/\/vivancoculturadevino.es\/blog\/2019\/11\/26\/200-aniversario-museo-del-prado\/"},"wordCount":997,"commentCount":0,"publisher":{"@id":"https:\/\/vivancoculturadevino.es\/blog\/#organization"},"image":{"@id":"https:\/\/vivancoculturadevino.es\/blog\/2019\/11\/26\/200-aniversario-museo-del-prado\/#primaryimage"},"thumbnailUrl":"https:\/\/vivancoculturadevino.es\/blog\/wp-content\/uploads\/2019\/11\/madrid-1758045_1280.jpg","keywords":["Aniversario","museo","Museo del Prado"],"articleSection":["Cultura"],"inLanguage":"es","potentialAction":[{"@type":"CommentAction","name":"Comment","target":["https:\/\/vivancoculturadevino.es\/blog\/2019\/11\/26\/200-aniversario-museo-del-prado\/#respond"]}]},{"@type":"WebPage","@id":"https:\/\/vivancoculturadevino.es\/blog\/2019\/11\/26\/200-aniversario-museo-del-prado\/","url":"https:\/\/vivancoculturadevino.es\/blog\/2019\/11\/26\/200-aniversario-museo-del-prado\/","name":"200 aniversario del Museo del Prado | Vivanco","isPartOf":{"@id":"https:\/\/vivancoculturadevino.es\/blog\/#website"},"primaryImageOfPage":{"@id":"https:\/\/vivancoculturadevino.es\/blog\/2019\/11\/26\/200-aniversario-museo-del-prado\/#primaryimage"},"image":{"@id":"https:\/\/vivancoculturadevino.es\/blog\/2019\/11\/26\/200-aniversario-museo-del-prado\/#primaryimage"},"thumbnailUrl":"https:\/\/vivancoculturadevino.es\/blog\/wp-content\/uploads\/2019\/11\/madrid-1758045_1280.jpg","datePublished":"2019-11-26T09:37:29+00:00","dateModified":"2019-11-26T11:10:33+00:00","description":"Con motivo del 200 aniversario del Museo del Prado, nos adentramos en su historia y origen. \u00bfPor qu\u00e9 es la pinacoteca m\u00e1s importante de Espa\u00f1a?","breadcrumb":{"@id":"https:\/\/vivancoculturadevino.es\/blog\/2019\/11\/26\/200-aniversario-museo-del-prado\/#breadcrumb"},"inLanguage":"es","potentialAction":[{"@type":"ReadAction","target":["https:\/\/vivancoculturadevino.es\/blog\/2019\/11\/26\/200-aniversario-museo-del-prado\/"]}]},{"@type":"ImageObject","inLanguage":"es","@id":"https:\/\/vivancoculturadevino.es\/blog\/2019\/11\/26\/200-aniversario-museo-del-prado\/#primaryimage","url":"https:\/\/vivancoculturadevino.es\/blog\/wp-content\/uploads\/2019\/11\/madrid-1758045_1280.jpg","contentUrl":"https:\/\/vivancoculturadevino.es\/blog\/wp-content\/uploads\/2019\/11\/madrid-1758045_1280.jpg","width":1280,"height":853,"caption":"Museo del Prado Madrid"},{"@type":"BreadcrumbList","@id":"https:\/\/vivancoculturadevino.es\/blog\/2019\/11\/26\/200-aniversario-museo-del-prado\/#breadcrumb","itemListElement":[{"@type":"ListItem","position":1,"name":"Portada","item":"https:\/\/vivancoculturadevino.es\/blog\/"},{"@type":"ListItem","position":2,"name":"200 aniversario del Museo del Prado"}]},{"@type":"WebSite","@id":"https:\/\/vivancoculturadevino.es\/blog\/#website","url":"https:\/\/vivancoculturadevino.es\/blog\/","name":"Vivanco","description":"Una familia y una pasi\u00f3n: Compartir la cultura del vino","publisher":{"@id":"https:\/\/vivancoculturadevino.es\/blog\/#organization"},"potentialAction":[{"@type":"SearchAction","target":{"@type":"EntryPoint","urlTemplate":"https:\/\/vivancoculturadevino.es\/blog\/?s={search_term_string}"},"query-input":{"@type":"PropertyValueSpecification","valueRequired":true,"valueName":"search_term_string"}}],"inLanguage":"es"},{"@type":"Organization","@id":"https:\/\/vivancoculturadevino.es\/blog\/#organization","name":"Vivanco","url":"https:\/\/vivancoculturadevino.es\/blog\/","logo":{"@type":"ImageObject","inLanguage":"es","@id":"https:\/\/vivancoculturadevino.es\/blog\/#\/schema\/logo\/image\/","url":"https:\/\/vivancoculturadevino.es\/blog\/wp-content\/uploads\/2026\/01\/Logo-blanco.svg","contentUrl":"https:\/\/vivancoculturadevino.es\/blog\/wp-content\/uploads\/2026\/01\/Logo-blanco.svg","width":134,"height":43,"caption":"Vivanco"},"image":{"@id":"https:\/\/vivancoculturadevino.es\/blog\/#\/schema\/logo\/image\/"}},{"@type":"Person","@id":"https:\/\/vivancoculturadevino.es\/blog\/#\/schema\/person\/745931ee54ccbb839d8df0cceb02db4c","name":"Vivanco","image":{"@type":"ImageObject","inLanguage":"es","@id":"https:\/\/vivancoculturadevino.es\/blog\/#\/schema\/person\/image\/","url":"https:\/\/secure.gravatar.com\/avatar\/61b66c59d132db2f7ad4dfd1cc89bbd508b4d5888ab39ddba99f2aca247b7fb3?s=96&d=mm&r=g","contentUrl":"https:\/\/secure.gravatar.com\/avatar\/61b66c59d132db2f7ad4dfd1cc89bbd508b4d5888ab39ddba99f2aca247b7fb3?s=96&d=mm&r=g","caption":"Vivanco"},"description":"Bodega, Fundaci\u00f3n, Experiencias. Compartiendo Cultura de Vino","sameAs":["http:\/\/www.vivancoculturadevino.es","https:\/\/www.facebook.com\/vivancoculturadevino","https:\/\/x.com\/https:\/\/twitter.com\/Vivanco_es","https:\/\/www.youtube.com\/channel\/UC8a2nOiF7kAQNPPduAi2Evw\/videos"],"url":"https:\/\/vivancoculturadevino.es\/blog\/author\/administrator\/"}]}},"_links":{"self":[{"href":"https:\/\/vivancoculturadevino.es\/blog\/wp-json\/wp\/v2\/posts\/4191","targetHints":{"allow":["GET"]}}],"collection":[{"href":"https:\/\/vivancoculturadevino.es\/blog\/wp-json\/wp\/v2\/posts"}],"about":[{"href":"https:\/\/vivancoculturadevino.es\/blog\/wp-json\/wp\/v2\/types\/post"}],"author":[{"embeddable":true,"href":"https:\/\/vivancoculturadevino.es\/blog\/wp-json\/wp\/v2\/users\/1"}],"replies":[{"embeddable":true,"href":"https:\/\/vivancoculturadevino.es\/blog\/wp-json\/wp\/v2\/comments?post=4191"}],"version-history":[{"count":3,"href":"https:\/\/vivancoculturadevino.es\/blog\/wp-json\/wp\/v2\/posts\/4191\/revisions"}],"predecessor-version":[{"id":4196,"href":"https:\/\/vivancoculturadevino.es\/blog\/wp-json\/wp\/v2\/posts\/4191\/revisions\/4196"}],"wp:featuredmedia":[{"embeddable":true,"href":"https:\/\/vivancoculturadevino.es\/blog\/wp-json\/wp\/v2\/media\/4192"}],"wp:attachment":[{"href":"https:\/\/vivancoculturadevino.es\/blog\/wp-json\/wp\/v2\/media?parent=4191"}],"wp:term":[{"taxonomy":"category","embeddable":true,"href":"https:\/\/vivancoculturadevino.es\/blog\/wp-json\/wp\/v2\/categories?post=4191"},{"taxonomy":"post_tag","embeddable":true,"href":"https:\/\/vivancoculturadevino.es\/blog\/wp-json\/wp\/v2\/tags?post=4191"}],"curies":[{"name":"wp","href":"https:\/\/api.w.org\/{rel}","templated":true}]}}