{"id":4124,"date":"2019-10-17T08:00:36","date_gmt":"2019-10-17T07:00:36","guid":{"rendered":"https:\/\/vivancoculturadevino.es\/blog\/?p=4124"},"modified":"2020-01-16T11:47:46","modified_gmt":"2020-01-16T10:47:46","slug":"ebanisteria-summum-mesa-botella-vino","status":"publish","type":"post","link":"https:\/\/vivancoculturadevino.es\/blog\/2019\/10\/17\/ebanisteria-summum-mesa-botella-vino\/","title":{"rendered":"Entrevista a Ebanister\u00eda Summum: \u201cUna mesa se entiende mejor con una botella de vino\u201d"},"content":{"rendered":"<p>Pocos materiales nos han servido de tanto a lo largo de nuestra historia como la madera. Desde barcos hasta le\u00f1a, desde mesas hasta casas, parece dif\u00edcil imaginar una vida sin este noble y sencillo material, directo de la naturaleza a nuestras manos. Y el vino, obviamente, no pod\u00eda prescindir de ella. Del sabor del vino forma parte intr\u00ednseca tanto la uva como la madera de las barricas donde se forma.<\/p>\n<p>Hoy nos damos la mano con el sector de la ebanister\u00eda, gracias a la uni\u00f3n que la madera nos brinda a ambos sectores. Conocemos a David y Laura, gerentes de Muebles Summum, una ebanister\u00eda familiar que nace en 1914 de la mano del bisabuelo de los actuales responsables y que hoy en d\u00eda se reinventa para ofrecer muebles \u00fanicos con madera de grandes formatos.<\/p>\n<p><strong><b>\/ \u00bfSiempre os hab\u00e9is dedicado a la ebanister\u00eda? \/<\/b><\/strong><\/p>\n<p>No, ha sido una decisi\u00f3n que tomamos hace relativamente poco. Estudiamos INEF y montamos nuestro propio centro de entrenamiento personal. Creamos el mobiliario a medida en la l\u00ednea que trabajamos ahora en la ebanister\u00eda, y nuestros clientes se interesaban por ese dise\u00f1o de mobiliario y los derivaba a mi padre, que es quien fabrica los muebles. En nuestro centro de entrenamiento conocimos al perfil de cliente de poder adquisitivo alto al que ahora nos dirigimos en Summum.<\/p>\n<p><strong><b>\/ \u00bfEs complicado vender muebles a medida? \/<\/b><\/strong><\/p>\n<p>Es una forma diferente. Nuestra tienda funciona como una sastrer\u00eda, donde mostramos los acabados y las calidades. Al ser 100% a medida, el coste de oportunidad es muy grande. En vez de trabajar con un tabl\u00f3n de ciertas caracter\u00edsticas y adaptarlo a un mueble sin tener las medidas del cliente, preferimos tener al cliente y adaptarlo a sus necesidades. Si no, podr\u00edamos estar trabajando con un tabl\u00f3n de 300 a\u00f1os de unas medidas determinadas y que el cliente lo necesite de una forma diferente.<\/p>\n<p><strong><b>\/ \u00bfC\u00f3mo os sent\u00eds al crear una mesa, probablemente el elemento m\u00e1s importante de una casa? \/<\/b><\/strong><\/p>\n<p>Lo que m\u00e1s realizamos en Summum son precisamente mesas. Siempre decimos que las mesas hay que usarlas y disfrutarlas, aconsejamos no poner salvamanteles. Es como tener una pieza de cuero, cuanto m\u00e1s lo usas, m\u00e1s bonito se vuelve. Es un trozo de naturaleza llevado al hogar.<\/p>\n<p><strong><b>\/ \u00bfMejoran vuestras mesas con una botella de vino? \/<\/b><\/strong><\/p>\n<p>Definitivamente. El vino es un buen acompa\u00f1ante de nuestras mesas. Para nosotros, una mesa se entiende mejor con una botella de vino. Adem\u00e1s, la madera nos une a ambos sectores: los ebanistas y los bodegueros.<\/p>\n<p><strong><b>\/ \u00bfQu\u00e9 significa la madera para el mundo del mobiliario? \/<\/b><\/strong><\/p>\n<p>Para nosotros, todo. Siempre hemos realizado mobiliario de madera, desde 1914. Es una materia prima que es c\u00e1lida, es elegante, te da un buen acabado, aguanta bien en el tiempo. Para nosotros, la madera lo es todo. Ser\u00eda lo contrapuesto a una mesa de cristal, que es fr\u00eda y \u201cperfecta\u201d. No somos imparciales (risas).<\/p>\n<p><strong><b>\/ \u00bfCu\u00e1l es vuestra madera favorita? \/<\/b><\/strong><\/p>\n<p>Nosotros trabajamos principalmente con dos, siempre producto nacional: el casta\u00f1o y el nogal. Ambas son extraordinarias, aunque quiz\u00e1s tenemos predilecci\u00f3n por el nogal espa\u00f1ol. A la hora de trabajar con estas maderas, el nogal se trabaja mejor, es una madera muy noble y manejable.<\/p>\n<p>Uno de los trabajos que m\u00e1s nos gusta es buscar la madera, los troncos e incluso los \u00e1rboles, y cada nogal es una sorpresa. El casta\u00f1o o el roble son maderas m\u00e1s homog\u00e9neas.<\/p>\n<p><strong><b>\/ \u00bfC\u00f3mo se reinventa una empresa familiar con tanta tradici\u00f3n? \/<\/b><\/strong><\/p>\n<p>Tiene pros y contras, pero en general es muy c\u00f3modo porque la comunicaci\u00f3n y el trato es muy bueno, y conocemos en profundidad todas las fases del trabajo, desde la fabricaci\u00f3n hasta la venta.<\/p>\n<p>La empresa ven\u00eda de trabajar muebles para terceros, con mucha calidad pero con dise\u00f1os que se iban quedando anticuados: muebles cl\u00e1sicos y m\u00e1s r\u00fasticos. Eso es algo que hoy ya no se demanda tanto.<\/p>\n<p>Cuando vimos que el negocio tradicional no funcionaba bien, tenemos el esp\u00edritu de familia de echarnos una mano. Todos hemos querido apostar por el cambio, y eso exige hacer pruebas y experimentar si sale bien o no, y para ello ser una empresa familiar ha jugado a nuestro favor.<\/p>\n<p><strong><b>\/ \u00bfQu\u00e9 es lo mejor de vuestro trabajo? \/<\/b><\/strong><\/p>\n<p>Que el cliente pueda llevarse a casa la pieza que realmente quiere.<strong><b>\u00a0<\/b><\/strong>Al hacer los muebles a medida, el cliente no lo ve hasta el final, por mucho que le digas c\u00f3mo va a quedar. Cuando nos dicen que les encanta el resultado, para nosotros es muy gratificante.<\/p>\n","protected":false},"excerpt":{"rendered":"<p>Conocemos a David y Laura, gerentes de Muebles Summum, una ebanister\u00eda familiar que nace en 1914 de la mano del bisabuelo de los actuales responsables y que ofrecen muebles \u00fanicos con madera de grandes formatos.<\/p>\n","protected":false},"author":1,"featured_media":4125,"comment_status":"open","ping_status":"closed","sticky":false,"template":"","format":"standard","meta":{"footnotes":"","_elementor_edit_mode":"","_elementor_template_type":"","_elementor_data":"","_elementor_page_settings":null,"_elementor_conditions":[]},"categories":[6,592],"tags":[19,560,578],"class_list":["post-4124","post","type-post","status-publish","format-standard","has-post-thumbnail","hentry","category-experiencias","category-humans-of-wine","tag-cultura-de-vino","tag-humans-of-wine","tag-madera"],"yoast_head":"<!-- This site is optimized with the Yoast SEO plugin v26.8 - https:\/\/yoast.com\/product\/yoast-seo-wordpress\/ -->\n<title>Entrevista a Ebanister\u00eda Summum: \u201cUna mesa se entiende mejor con una botella de vino\u201d | Vivanco<\/title>\n<meta name=\"description\" content=\"Conocemos a David y Laura, gerentes de Muebles Summum, una ebanister\u00eda familiar que nace en 1914 de la mano del bisabuelo de los actuales responsables y que ofrecen muebles \u00fanicos con madera de grandes formatos.\" \/>\n<meta name=\"robots\" content=\"index, follow, max-snippet:-1, max-image-preview:large, max-video-preview:-1\" \/>\n<link rel=\"canonical\" href=\"https:\/\/vivancoculturadevino.es\/blog\/2019\/10\/17\/ebanisteria-summum-mesa-botella-vino\/\" \/>\n<meta property=\"og:locale\" content=\"es_ES\" \/>\n<meta property=\"og:type\" content=\"article\" \/>\n<meta property=\"og:title\" content=\"Entrevista a Ebanister\u00eda Summum: \u201cUna mesa se entiende mejor con una botella de vino\u201d | Vivanco\" \/>\n<meta property=\"og:description\" content=\"Conocemos a David y Laura, gerentes de Muebles Summum, una ebanister\u00eda familiar que nace en 1914 de la mano del bisabuelo de los actuales responsables y que ofrecen muebles \u00fanicos con madera de grandes formatos.\" \/>\n<meta property=\"og:url\" content=\"https:\/\/vivancoculturadevino.es\/blog\/2019\/10\/17\/ebanisteria-summum-mesa-botella-vino\/\" \/>\n<meta property=\"og:site_name\" content=\"Vivanco\" \/>\n<meta property=\"article:author\" content=\"https:\/\/www.facebook.com\/vivancoculturadevino\" \/>\n<meta property=\"article:published_time\" content=\"2019-10-17T07:00:36+00:00\" \/>\n<meta property=\"article:modified_time\" content=\"2020-01-16T10:47:46+00:00\" \/>\n<meta property=\"og:image\" content=\"https:\/\/vivancoculturadevino.es\/blog\/wp-content\/uploads\/2019\/10\/LAURA-Y-DAVID-5x4-Facebook.jpg\" \/>\n<meta name=\"author\" content=\"Vivanco\" \/>\n<meta name=\"twitter:card\" content=\"summary_large_image\" \/>\n<meta name=\"twitter:image\" content=\"https:\/\/vivancoculturadevino.es\/blog\/wp-content\/uploads\/2019\/10\/LAURA-Y-DAVID-5x4-Facebook.jpg\" \/>\n<meta name=\"twitter:creator\" content=\"@https:\/\/twitter.com\/Vivanco_es\" \/>\n<meta name=\"twitter:label1\" content=\"Escrito por\" \/>\n\t<meta name=\"twitter:data1\" content=\"Vivanco\" \/>\n\t<meta name=\"twitter:label2\" content=\"Tiempo de lectura\" \/>\n\t<meta name=\"twitter:data2\" content=\"4 minutos\" \/>\n<script type=\"application\/ld+json\" class=\"yoast-schema-graph\">{\"@context\":\"https:\/\/schema.org\",\"@graph\":[{\"@type\":\"Article\",\"@id\":\"https:\/\/vivancoculturadevino.es\/blog\/2019\/10\/17\/ebanisteria-summum-mesa-botella-vino\/#article\",\"isPartOf\":{\"@id\":\"https:\/\/vivancoculturadevino.es\/blog\/2019\/10\/17\/ebanisteria-summum-mesa-botella-vino\/\"},\"author\":{\"name\":\"Vivanco\",\"@id\":\"https:\/\/vivancoculturadevino.es\/blog\/#\/schema\/person\/745931ee54ccbb839d8df0cceb02db4c\"},\"headline\":\"Entrevista a Ebanister\u00eda Summum: \u201cUna mesa se entiende mejor con una botella de vino\u201d\",\"datePublished\":\"2019-10-17T07:00:36+00:00\",\"dateModified\":\"2020-01-16T10:47:46+00:00\",\"mainEntityOfPage\":{\"@id\":\"https:\/\/vivancoculturadevino.es\/blog\/2019\/10\/17\/ebanisteria-summum-mesa-botella-vino\/\"},\"wordCount\":801,\"commentCount\":0,\"publisher\":{\"@id\":\"https:\/\/vivancoculturadevino.es\/blog\/#organization\"},\"image\":{\"@id\":\"https:\/\/vivancoculturadevino.es\/blog\/2019\/10\/17\/ebanisteria-summum-mesa-botella-vino\/#primaryimage\"},\"thumbnailUrl\":\"https:\/\/vivancoculturadevino.es\/blog\/wp-content\/uploads\/2019\/10\/LAURA-Y-DAVID-5x4-Facebook.jpg\",\"keywords\":[\"cultura de vino\",\"Humans Of Wine\",\"Madera\"],\"articleSection\":[\"Compartiendo\",\"Humans of Wine\"],\"inLanguage\":\"es\",\"potentialAction\":[{\"@type\":\"CommentAction\",\"name\":\"Comment\",\"target\":[\"https:\/\/vivancoculturadevino.es\/blog\/2019\/10\/17\/ebanisteria-summum-mesa-botella-vino\/#respond\"]}]},{\"@type\":\"WebPage\",\"@id\":\"https:\/\/vivancoculturadevino.es\/blog\/2019\/10\/17\/ebanisteria-summum-mesa-botella-vino\/\",\"url\":\"https:\/\/vivancoculturadevino.es\/blog\/2019\/10\/17\/ebanisteria-summum-mesa-botella-vino\/\",\"name\":\"Entrevista a Ebanister\u00eda Summum: \u201cUna mesa se entiende mejor con una botella de vino\u201d | Vivanco\",\"isPartOf\":{\"@id\":\"https:\/\/vivancoculturadevino.es\/blog\/#website\"},\"primaryImageOfPage\":{\"@id\":\"https:\/\/vivancoculturadevino.es\/blog\/2019\/10\/17\/ebanisteria-summum-mesa-botella-vino\/#primaryimage\"},\"image\":{\"@id\":\"https:\/\/vivancoculturadevino.es\/blog\/2019\/10\/17\/ebanisteria-summum-mesa-botella-vino\/#primaryimage\"},\"thumbnailUrl\":\"https:\/\/vivancoculturadevino.es\/blog\/wp-content\/uploads\/2019\/10\/LAURA-Y-DAVID-5x4-Facebook.jpg\",\"datePublished\":\"2019-10-17T07:00:36+00:00\",\"dateModified\":\"2020-01-16T10:47:46+00:00\",\"description\":\"Conocemos a David y Laura, gerentes de Muebles Summum, una ebanister\u00eda familiar que nace en 1914 de la mano del bisabuelo de los actuales responsables y que ofrecen muebles \u00fanicos con madera de grandes formatos.\",\"breadcrumb\":{\"@id\":\"https:\/\/vivancoculturadevino.es\/blog\/2019\/10\/17\/ebanisteria-summum-mesa-botella-vino\/#breadcrumb\"},\"inLanguage\":\"es\",\"potentialAction\":[{\"@type\":\"ReadAction\",\"target\":[\"https:\/\/vivancoculturadevino.es\/blog\/2019\/10\/17\/ebanisteria-summum-mesa-botella-vino\/\"]}]},{\"@type\":\"ImageObject\",\"inLanguage\":\"es\",\"@id\":\"https:\/\/vivancoculturadevino.es\/blog\/2019\/10\/17\/ebanisteria-summum-mesa-botella-vino\/#primaryimage\",\"url\":\"https:\/\/vivancoculturadevino.es\/blog\/wp-content\/uploads\/2019\/10\/LAURA-Y-DAVID-5x4-Facebook.jpg\",\"contentUrl\":\"https:\/\/vivancoculturadevino.es\/blog\/wp-content\/uploads\/2019\/10\/LAURA-Y-DAVID-5x4-Facebook.jpg\",\"width\":1200,\"height\":960,\"caption\":\"Foto: Nando Garc\u00eda para Vivanco\"},{\"@type\":\"BreadcrumbList\",\"@id\":\"https:\/\/vivancoculturadevino.es\/blog\/2019\/10\/17\/ebanisteria-summum-mesa-botella-vino\/#breadcrumb\",\"itemListElement\":[{\"@type\":\"ListItem\",\"position\":1,\"name\":\"Portada\",\"item\":\"https:\/\/vivancoculturadevino.es\/blog\/\"},{\"@type\":\"ListItem\",\"position\":2,\"name\":\"Entrevista a Ebanister\u00eda Summum: \u201cUna mesa se entiende mejor con una botella de vino\u201d\"}]},{\"@type\":\"WebSite\",\"@id\":\"https:\/\/vivancoculturadevino.es\/blog\/#website\",\"url\":\"https:\/\/vivancoculturadevino.es\/blog\/\",\"name\":\"Vivanco\",\"description\":\"Una familia y una pasi\u00f3n: Compartir la cultura del vino\",\"publisher\":{\"@id\":\"https:\/\/vivancoculturadevino.es\/blog\/#organization\"},\"potentialAction\":[{\"@type\":\"SearchAction\",\"target\":{\"@type\":\"EntryPoint\",\"urlTemplate\":\"https:\/\/vivancoculturadevino.es\/blog\/?s={search_term_string}\"},\"query-input\":{\"@type\":\"PropertyValueSpecification\",\"valueRequired\":true,\"valueName\":\"search_term_string\"}}],\"inLanguage\":\"es\"},{\"@type\":\"Organization\",\"@id\":\"https:\/\/vivancoculturadevino.es\/blog\/#organization\",\"name\":\"Vivanco\",\"url\":\"https:\/\/vivancoculturadevino.es\/blog\/\",\"logo\":{\"@type\":\"ImageObject\",\"inLanguage\":\"es\",\"@id\":\"https:\/\/vivancoculturadevino.es\/blog\/#\/schema\/logo\/image\/\",\"url\":\"https:\/\/vivancoculturadevino.es\/blog\/wp-content\/uploads\/2026\/01\/Logo-blanco.svg\",\"contentUrl\":\"https:\/\/vivancoculturadevino.es\/blog\/wp-content\/uploads\/2026\/01\/Logo-blanco.svg\",\"width\":134,\"height\":43,\"caption\":\"Vivanco\"},\"image\":{\"@id\":\"https:\/\/vivancoculturadevino.es\/blog\/#\/schema\/logo\/image\/\"}},{\"@type\":\"Person\",\"@id\":\"https:\/\/vivancoculturadevino.es\/blog\/#\/schema\/person\/745931ee54ccbb839d8df0cceb02db4c\",\"name\":\"Vivanco\",\"image\":{\"@type\":\"ImageObject\",\"inLanguage\":\"es\",\"@id\":\"https:\/\/vivancoculturadevino.es\/blog\/#\/schema\/person\/image\/\",\"url\":\"https:\/\/secure.gravatar.com\/avatar\/61b66c59d132db2f7ad4dfd1cc89bbd508b4d5888ab39ddba99f2aca247b7fb3?s=96&d=mm&r=g\",\"contentUrl\":\"https:\/\/secure.gravatar.com\/avatar\/61b66c59d132db2f7ad4dfd1cc89bbd508b4d5888ab39ddba99f2aca247b7fb3?s=96&d=mm&r=g\",\"caption\":\"Vivanco\"},\"description\":\"Bodega, Fundaci\u00f3n, Experiencias. Compartiendo Cultura de Vino\",\"sameAs\":[\"http:\/\/www.vivancoculturadevino.es\",\"https:\/\/www.facebook.com\/vivancoculturadevino\",\"https:\/\/x.com\/https:\/\/twitter.com\/Vivanco_es\",\"https:\/\/www.youtube.com\/channel\/UC8a2nOiF7kAQNPPduAi2Evw\/videos\"],\"url\":\"https:\/\/vivancoculturadevino.es\/blog\/author\/administrator\/\"}]}<\/script>\n<!-- \/ Yoast SEO plugin. -->","yoast_head_json":{"title":"Entrevista a Ebanister\u00eda Summum: \u201cUna mesa se entiende mejor con una botella de vino\u201d | Vivanco","description":"Conocemos a David y Laura, gerentes de Muebles Summum, una ebanister\u00eda familiar que nace en 1914 de la mano del bisabuelo de los actuales responsables y que ofrecen muebles \u00fanicos con madera de grandes formatos.","robots":{"index":"index","follow":"follow","max-snippet":"max-snippet:-1","max-image-preview":"max-image-preview:large","max-video-preview":"max-video-preview:-1"},"canonical":"https:\/\/vivancoculturadevino.es\/blog\/2019\/10\/17\/ebanisteria-summum-mesa-botella-vino\/","og_locale":"es_ES","og_type":"article","og_title":"Entrevista a Ebanister\u00eda Summum: \u201cUna mesa se entiende mejor con una botella de vino\u201d | Vivanco","og_description":"Conocemos a David y Laura, gerentes de Muebles Summum, una ebanister\u00eda familiar que nace en 1914 de la mano del bisabuelo de los actuales responsables y que ofrecen muebles \u00fanicos con madera de grandes formatos.","og_url":"https:\/\/vivancoculturadevino.es\/blog\/2019\/10\/17\/ebanisteria-summum-mesa-botella-vino\/","og_site_name":"Vivanco","article_author":"https:\/\/www.facebook.com\/vivancoculturadevino","article_published_time":"2019-10-17T07:00:36+00:00","article_modified_time":"2020-01-16T10:47:46+00:00","og_image":[{"url":"https:\/\/vivancoculturadevino.es\/blog\/wp-content\/uploads\/2019\/10\/LAURA-Y-DAVID-5x4-Facebook.jpg","type":"","width":"","height":""}],"author":"Vivanco","twitter_card":"summary_large_image","twitter_image":"https:\/\/vivancoculturadevino.es\/blog\/wp-content\/uploads\/2019\/10\/LAURA-Y-DAVID-5x4-Facebook.jpg","twitter_creator":"@https:\/\/twitter.com\/Vivanco_es","twitter_misc":{"Escrito por":"Vivanco","Tiempo de lectura":"4 minutos"},"schema":{"@context":"https:\/\/schema.org","@graph":[{"@type":"Article","@id":"https:\/\/vivancoculturadevino.es\/blog\/2019\/10\/17\/ebanisteria-summum-mesa-botella-vino\/#article","isPartOf":{"@id":"https:\/\/vivancoculturadevino.es\/blog\/2019\/10\/17\/ebanisteria-summum-mesa-botella-vino\/"},"author":{"name":"Vivanco","@id":"https:\/\/vivancoculturadevino.es\/blog\/#\/schema\/person\/745931ee54ccbb839d8df0cceb02db4c"},"headline":"Entrevista a Ebanister\u00eda Summum: \u201cUna mesa se entiende mejor con una botella de vino\u201d","datePublished":"2019-10-17T07:00:36+00:00","dateModified":"2020-01-16T10:47:46+00:00","mainEntityOfPage":{"@id":"https:\/\/vivancoculturadevino.es\/blog\/2019\/10\/17\/ebanisteria-summum-mesa-botella-vino\/"},"wordCount":801,"commentCount":0,"publisher":{"@id":"https:\/\/vivancoculturadevino.es\/blog\/#organization"},"image":{"@id":"https:\/\/vivancoculturadevino.es\/blog\/2019\/10\/17\/ebanisteria-summum-mesa-botella-vino\/#primaryimage"},"thumbnailUrl":"https:\/\/vivancoculturadevino.es\/blog\/wp-content\/uploads\/2019\/10\/LAURA-Y-DAVID-5x4-Facebook.jpg","keywords":["cultura de vino","Humans Of Wine","Madera"],"articleSection":["Compartiendo","Humans of Wine"],"inLanguage":"es","potentialAction":[{"@type":"CommentAction","name":"Comment","target":["https:\/\/vivancoculturadevino.es\/blog\/2019\/10\/17\/ebanisteria-summum-mesa-botella-vino\/#respond"]}]},{"@type":"WebPage","@id":"https:\/\/vivancoculturadevino.es\/blog\/2019\/10\/17\/ebanisteria-summum-mesa-botella-vino\/","url":"https:\/\/vivancoculturadevino.es\/blog\/2019\/10\/17\/ebanisteria-summum-mesa-botella-vino\/","name":"Entrevista a Ebanister\u00eda Summum: \u201cUna mesa se entiende mejor con una botella de vino\u201d | Vivanco","isPartOf":{"@id":"https:\/\/vivancoculturadevino.es\/blog\/#website"},"primaryImageOfPage":{"@id":"https:\/\/vivancoculturadevino.es\/blog\/2019\/10\/17\/ebanisteria-summum-mesa-botella-vino\/#primaryimage"},"image":{"@id":"https:\/\/vivancoculturadevino.es\/blog\/2019\/10\/17\/ebanisteria-summum-mesa-botella-vino\/#primaryimage"},"thumbnailUrl":"https:\/\/vivancoculturadevino.es\/blog\/wp-content\/uploads\/2019\/10\/LAURA-Y-DAVID-5x4-Facebook.jpg","datePublished":"2019-10-17T07:00:36+00:00","dateModified":"2020-01-16T10:47:46+00:00","description":"Conocemos a David y Laura, gerentes de Muebles Summum, una ebanister\u00eda familiar que nace en 1914 de la mano del bisabuelo de los actuales responsables y que ofrecen muebles \u00fanicos con madera de grandes formatos.","breadcrumb":{"@id":"https:\/\/vivancoculturadevino.es\/blog\/2019\/10\/17\/ebanisteria-summum-mesa-botella-vino\/#breadcrumb"},"inLanguage":"es","potentialAction":[{"@type":"ReadAction","target":["https:\/\/vivancoculturadevino.es\/blog\/2019\/10\/17\/ebanisteria-summum-mesa-botella-vino\/"]}]},{"@type":"ImageObject","inLanguage":"es","@id":"https:\/\/vivancoculturadevino.es\/blog\/2019\/10\/17\/ebanisteria-summum-mesa-botella-vino\/#primaryimage","url":"https:\/\/vivancoculturadevino.es\/blog\/wp-content\/uploads\/2019\/10\/LAURA-Y-DAVID-5x4-Facebook.jpg","contentUrl":"https:\/\/vivancoculturadevino.es\/blog\/wp-content\/uploads\/2019\/10\/LAURA-Y-DAVID-5x4-Facebook.jpg","width":1200,"height":960,"caption":"Foto: Nando Garc\u00eda para Vivanco"},{"@type":"BreadcrumbList","@id":"https:\/\/vivancoculturadevino.es\/blog\/2019\/10\/17\/ebanisteria-summum-mesa-botella-vino\/#breadcrumb","itemListElement":[{"@type":"ListItem","position":1,"name":"Portada","item":"https:\/\/vivancoculturadevino.es\/blog\/"},{"@type":"ListItem","position":2,"name":"Entrevista a Ebanister\u00eda Summum: \u201cUna mesa se entiende mejor con una botella de vino\u201d"}]},{"@type":"WebSite","@id":"https:\/\/vivancoculturadevino.es\/blog\/#website","url":"https:\/\/vivancoculturadevino.es\/blog\/","name":"Vivanco","description":"Una familia y una pasi\u00f3n: Compartir la cultura del vino","publisher":{"@id":"https:\/\/vivancoculturadevino.es\/blog\/#organization"},"potentialAction":[{"@type":"SearchAction","target":{"@type":"EntryPoint","urlTemplate":"https:\/\/vivancoculturadevino.es\/blog\/?s={search_term_string}"},"query-input":{"@type":"PropertyValueSpecification","valueRequired":true,"valueName":"search_term_string"}}],"inLanguage":"es"},{"@type":"Organization","@id":"https:\/\/vivancoculturadevino.es\/blog\/#organization","name":"Vivanco","url":"https:\/\/vivancoculturadevino.es\/blog\/","logo":{"@type":"ImageObject","inLanguage":"es","@id":"https:\/\/vivancoculturadevino.es\/blog\/#\/schema\/logo\/image\/","url":"https:\/\/vivancoculturadevino.es\/blog\/wp-content\/uploads\/2026\/01\/Logo-blanco.svg","contentUrl":"https:\/\/vivancoculturadevino.es\/blog\/wp-content\/uploads\/2026\/01\/Logo-blanco.svg","width":134,"height":43,"caption":"Vivanco"},"image":{"@id":"https:\/\/vivancoculturadevino.es\/blog\/#\/schema\/logo\/image\/"}},{"@type":"Person","@id":"https:\/\/vivancoculturadevino.es\/blog\/#\/schema\/person\/745931ee54ccbb839d8df0cceb02db4c","name":"Vivanco","image":{"@type":"ImageObject","inLanguage":"es","@id":"https:\/\/vivancoculturadevino.es\/blog\/#\/schema\/person\/image\/","url":"https:\/\/secure.gravatar.com\/avatar\/61b66c59d132db2f7ad4dfd1cc89bbd508b4d5888ab39ddba99f2aca247b7fb3?s=96&d=mm&r=g","contentUrl":"https:\/\/secure.gravatar.com\/avatar\/61b66c59d132db2f7ad4dfd1cc89bbd508b4d5888ab39ddba99f2aca247b7fb3?s=96&d=mm&r=g","caption":"Vivanco"},"description":"Bodega, Fundaci\u00f3n, Experiencias. Compartiendo Cultura de Vino","sameAs":["http:\/\/www.vivancoculturadevino.es","https:\/\/www.facebook.com\/vivancoculturadevino","https:\/\/x.com\/https:\/\/twitter.com\/Vivanco_es","https:\/\/www.youtube.com\/channel\/UC8a2nOiF7kAQNPPduAi2Evw\/videos"],"url":"https:\/\/vivancoculturadevino.es\/blog\/author\/administrator\/"}]}},"_links":{"self":[{"href":"https:\/\/vivancoculturadevino.es\/blog\/wp-json\/wp\/v2\/posts\/4124","targetHints":{"allow":["GET"]}}],"collection":[{"href":"https:\/\/vivancoculturadevino.es\/blog\/wp-json\/wp\/v2\/posts"}],"about":[{"href":"https:\/\/vivancoculturadevino.es\/blog\/wp-json\/wp\/v2\/types\/post"}],"author":[{"embeddable":true,"href":"https:\/\/vivancoculturadevino.es\/blog\/wp-json\/wp\/v2\/users\/1"}],"replies":[{"embeddable":true,"href":"https:\/\/vivancoculturadevino.es\/blog\/wp-json\/wp\/v2\/comments?post=4124"}],"version-history":[{"count":3,"href":"https:\/\/vivancoculturadevino.es\/blog\/wp-json\/wp\/v2\/posts\/4124\/revisions"}],"predecessor-version":[{"id":4128,"href":"https:\/\/vivancoculturadevino.es\/blog\/wp-json\/wp\/v2\/posts\/4124\/revisions\/4128"}],"wp:featuredmedia":[{"embeddable":true,"href":"https:\/\/vivancoculturadevino.es\/blog\/wp-json\/wp\/v2\/media\/4125"}],"wp:attachment":[{"href":"https:\/\/vivancoculturadevino.es\/blog\/wp-json\/wp\/v2\/media?parent=4124"}],"wp:term":[{"taxonomy":"category","embeddable":true,"href":"https:\/\/vivancoculturadevino.es\/blog\/wp-json\/wp\/v2\/categories?post=4124"},{"taxonomy":"post_tag","embeddable":true,"href":"https:\/\/vivancoculturadevino.es\/blog\/wp-json\/wp\/v2\/tags?post=4124"}],"curies":[{"name":"wp","href":"https:\/\/api.w.org\/{rel}","templated":true}]}}