{"id":4107,"date":"2019-10-03T09:26:34","date_gmt":"2019-10-03T08:26:34","guid":{"rendered":"https:\/\/vivancoculturadevino.es\/blog\/?p=4107"},"modified":"2019-10-03T16:49:03","modified_gmt":"2019-10-03T15:49:03","slug":"brindo-vida-compartida-hace-mejores","status":"publish","type":"post","link":"https:\/\/vivancoculturadevino.es\/blog\/2019\/10\/03\/brindo-vida-compartida-hace-mejores\/","title":{"rendered":"Charlamos con Alberto Coraz\u00f3n, autor de nuestra pr\u00f3xima exposici\u00f3n &#8220;Vivanco Suite&#8221;"},"content":{"rendered":"<p><strong><b>ALBERTO CORAZ\u00d3N, A SORBOS\u00a0[Parte 1]<\/b><\/strong><\/p>\n<p><strong><b>Por Lali Ortega Cer\u00f3n<\/b><\/strong><\/p>\n<p style=\"text-align: center;\"><strong><b>&#8220;Me gustar\u00eda que se me recordara como alguien que estimula a que los dem\u00e1s aprecien lo extraordinaria que es la vida&#8221;<\/b><\/strong><\/p>\n<p>Su apellido jud\u00edo sefard\u00ed le va que ni pintado. En el umbral de sus 80 a\u00f1os, su pr\u00f3xima estaci\u00f3n vital que le mantiene expectante y optimista, la voz grave de Alberto Coraz\u00f3n sonr\u00ede a trav\u00e9s del tel\u00e9fono. Es imposible no contagiarse del torrente vital de este dise\u00f1ador, escritor y artista multidisciplinar que ha escuchado, e interpretado gr\u00e1ficamente, el alma de medio siglo espa\u00f1ol. A este Premio Nacional de Dise\u00f1o 1989 y miembro de la Real Academia de Bellas Artes de San Fernando le debemos, entre otros, los logotipos de la ONCE, el C\u00edrculo de Bellas Artes, el Gobierno de La Rioja o Paradores Nacionales.<\/p>\n<p>Su \u00faltimo proyecto es <em><i>Vivanco Suite. <\/i><\/em>Un reflejo de su particular visi\u00f3n del vino a trav\u00e9s de 20 pinturas de diversas t\u00e9cnicas, y formatos, y de un gran mural compuesto por 18 grabados. Un reencuentro con su infancia que ha mantenido al miembro de la Real Academia de Gastronom\u00eda, como dice su mujer, \u00a1pintando furiosamente! El 10 de octubre se inaugurar\u00e1 en el Museo Vivanco de la Cultura del Vino (Briones, La Rioja). Y mientras, en las estaciones de cercan\u00edas de Madrid, el logotipo semicircular de Alberto Coraz\u00f3n seguir\u00e1 guiando amablemente los pasos apresurados de los viajeros, las manos entrelazadas de padres e hijos y los besos fugaces en el and\u00e9n.<\/p>\n<p><strong><b>Imag\u00ednate el tramo de Cibeles a Sol sin un solo logotipo\u2026 <\/b><\/strong><\/p>\n<p>\u00a1Es imposible! Afortunadamente he estado muy activo en la transformaci\u00f3n del pa\u00eds, a trav\u00e9s del dise\u00f1o, en instituciones y empresas. \u00a1Y me gusta much\u00edsimo!<\/p>\n<p><strong><b>A veces pintas en la oscuridad, como en la quietud de la bodega. \u00bfQu\u00e9 aporta la ausencia de luz? <\/b><\/strong><\/p>\n<p>Generalmente son dibujos. Me aporta mucho porque me nutro desde el punto de vista pl\u00e1stico e, inevitablemente, de esa parte del cerebro que conserva muchas memorias. Cierro los ojos, o lo hago en noche cerrada, y es muy estimulante. \u00a1Voy a pedir que en Vivanco me dejen pintar en la bodega, una noche, a oscuras!<\/p>\n<p><strong><b>El aroma que a\u00fan recuerdas\u2026 <\/b><\/strong><\/p>\n<p>Hace un par de a\u00f1os tuvimos que hacer una mudanza tremenda: 40 a\u00f1os de vida. Entre esas cosas que me apetec\u00eda trasladar estaban los vinos que hab\u00eda guardado durante a\u00f1os. Me di cuenta de que junto a esas botellas memorables guardaba n\u00edtidamente el recuerdo de la compa\u00f1\u00eda (es important\u00edsimo), el aroma, la conversaci\u00f3n\u2026 Es lo especial que tiene el vino. Me activa mucho la memoria.<\/p>\n<p><strong><b>Vino \u00a0blanco, tinto, rosado\u2026<\/b><\/strong><\/p>\n<p>\u00a1Soy un ecl\u00e9ctico del vino! (Risas) Adem\u00e1s de acad\u00e9mico de Bellas Artes y esas cosas, soy miembro de la Real Academia de Gastronom\u00eda, de lo que estoy muy orgulloso. Una de las peleas continuas que tengo es acabar con el t\u00f3pico de los maridajes.<\/p>\n<p><strong><b>Hablando del sentido del gusto, he comprobado que sonr\u00edes mientras trabajas, a pesar de la concentraci\u00f3n\u2026<\/b><\/strong><\/p>\n<p>(Risas) \u00a1Qu\u00e9 curioso, no me he dado cuenta! Claro que no me veo\u2026 La concentraci\u00f3n es una felicidad. La vida a mi alrededor crece cuando estoy creando, es un regalo del que disfruto much\u00edsimo. Soy un artista feliz y muy disfrut\u00f3n, lo contrario del atormentado. Hay veces que al d\u00eda siguiente veo un cuadro pintado del d\u00eda anterior y pienso, \u00a1caramba, qu\u00e9 bien est\u00e1! (Risas). Ya tengo una edad para no andarme con tonter\u00edas.<\/p>\n<p><strong><b>Escribes los libros a mano y a\u00fan conservas el tip\u00f3metro\u2026<\/b><\/strong><\/p>\n<p>\u00a1Soy un desastre, todo lo escribo a mano! Una especie en extinci\u00f3n. (Risas) Para m\u00ed es esencial esa conexi\u00f3n mano, cerebro, mano, en la pintura y en la escritura, especialmente cuando es muy personal y reflexiva.<\/p>\n<p><a href=\"https:\/\/vivancoculturadevino.es\/blog\/wp-content\/uploads\/2019\/10\/ACOR-1688-Fot.-Manuel-Blanco.jpg\"><img fetchpriority=\"high\" decoding=\"async\" class=\"aligncenter size-large wp-image-4108\" src=\"https:\/\/vivancoculturadevino.es\/blog\/wp-content\/uploads\/2019\/10\/ACOR-1688-Fot.-Manuel-Blanco-694x1024.jpg\" alt=\"ACOR 1688 (Fot. Manuel Blanco)\" width=\"694\" height=\"1024\" srcset=\"https:\/\/vivancoculturadevino.es\/blog\/wp-content\/uploads\/2019\/10\/ACOR-1688-Fot.-Manuel-Blanco.jpg 694w, https:\/\/vivancoculturadevino.es\/blog\/wp-content\/uploads\/2019\/10\/ACOR-1688-Fot.-Manuel-Blanco-203x300.jpg 203w\" sizes=\"(max-width: 694px) 100vw, 694px\" \/><\/a><\/p>\n<p style=\"text-align: center;\">ACOR 1688 (Fot. Manuel Blanco)<\/p>\n<p><strong><b>Dise\u00f1aste El Domo&#8230; \u00bfqu\u00e9 es lo mejor de la comunicaci\u00f3n entre dos personas?<\/b><\/strong><\/p>\n<p>Hubo un ejercicio muy estimulante, un doble trabajo porque en aquel entonces era el tel\u00e9fono de \u00faltima generaci\u00f3n, algo muy sofisticado para aquellos tiempos sin m\u00f3vil. La comunicaci\u00f3n es la clave de una sociedad ordenada y de la felicidad personal. Es esencial para nuestra convivencia y calidad de vida. Por eso defiendo el vino. Descorchar una botella es el momento esencial que inicia una conversaci\u00f3n llena de confidencias, sinceridad y amabilidad&#8230; Comienza a desarrollarse otra historia.<\/p>\n<p><strong><b>Lo m\u00e1s bonito que te han dicho\u2026 <\/b><\/strong><\/p>\n<p>(Risas) Con la editorial Anaya di la vuelta al concepto de libro escolar. Cuando a un alumno le presentan el primer d\u00eda de clase todo ese material y le dicen que lo debe aprender, esos libros se convierten en una amenaza. Al cabo de 50 a\u00f1os a\u00fan me dicen \u00a1hombre, he estudiado con tus libros! Que un crio de 7 a\u00f1os recuerde al cabo de tanto tiempo mi nombre, que estaba en un cuerpo 6 en una portadilla, es emocionante. Algunos lo completan diciendo\u2026 \u00a1tus libros eran los \u00fanicos que no forr\u00e1bamos! Qu\u00e9 te parece\u2026 \u00a1es una preciosidad!<\/p>\n<p><iframe src=\"https:\/\/www.youtube-nocookie.com\/embed\/U9TWzOSkLfU\" width=\"560\" height=\"315\" frameborder=\"0\" allowfullscreen=\"allowfullscreen\"><\/iframe><\/p>\n<p><strong><b>El dise\u00f1o viene por encargo. El arte por deseo propio. Qu\u00e9 es m\u00e1s dif\u00edcil, \u00bfescuchar o escucharse?<\/b><\/strong><\/p>\n<p>Ninguna tiene dificultad para m\u00ed. Lo primero que les digo a los dise\u00f1adores es que deben aprender a escuchar. En mi primera reuni\u00f3n con cliente anotaba dos columnas: oportunidades (para desarrollar) y limitaciones (de toda \u00edndole). Escuchar es esencial. Escucharte a ti mismo, que es una expresi\u00f3n muy interesante, es lo que significa la creaci\u00f3n. Y hay que saber cu\u00e1ndo te est\u00e1s enga\u00f1ando.<\/p>\n<p><strong><b>Te conoces bien y quiz\u00e1 podr\u00edas ser tu mejor cliente, \u00bfc\u00f3mo dise\u00f1ar\u00edas el logotipo que reflejara tu identidad?<\/b><\/strong><\/p>\n<p>(Risas). \u00a1Ay, ay, ay\u2026! (Pensativo). T\u00fa tienes la obligaci\u00f3n de hacerme esa pregunta y yo tengo la obligaci\u00f3n de decirte que no tiene respuesta. Acostumbrado a reflejar la identidad de los otros, no se me ha ocurrido nunca. Incluso en los papeles de estudios siempre he puesto t\u00edtulos, pero no una forma gr\u00e1fica.<\/p>\n<p><strong><b>\u00a1Pues no sabes qu\u00e9 contenta estaba con esta pregunta!<\/b><\/strong><\/p>\n<p>(Carcajada) Pensar\u00e9 en ella y cuando nos veamos el d\u00eda 10 de octubre te contestar\u00e9.<\/p>\n<p>Sin que sirva de precedente (o s\u00ed), queda pendiente esa segunda parte, una vez inaugurada la muestra <strong><em><b><i>Vivanco Suite<\/i><\/b><\/em><\/strong>\u00a0que, hasta junio de 2020, nos acercar\u00e1 al abrigo del vino imaginado \u00a0Alberto Coraz\u00f3n.<\/p>\n","protected":false},"excerpt":{"rendered":"<p>El \u00faltimo proyecto de Alberto Coraz\u00f3n es Vivanco Suite. Un reflejo de su particular visi\u00f3n del vino a trav\u00e9s de 20 pinturas de diversas t\u00e9cnicas, y formatos, y de un gran mural compuesto por 18 grabados.<\/p>\n","protected":false},"author":1,"featured_media":4109,"comment_status":"open","ping_status":"closed","sticky":false,"template":"","format":"standard","meta":{"footnotes":"","_elementor_edit_mode":"","_elementor_template_type":"","_elementor_data":"","_elementor_page_settings":null,"_elementor_conditions":[]},"categories":[7],"tags":[574,575],"class_list":["post-4107","post","type-post","status-publish","format-standard","has-post-thumbnail","hentry","category-fundacion","tag-alberto-corazon","tag-vivanco-suite"],"yoast_head":"<!-- This site is optimized with the Yoast SEO plugin v26.8 - https:\/\/yoast.com\/product\/yoast-seo-wordpress\/ -->\n<title>Charlamos con Alberto Coraz\u00f3n, autor de nuestra pr\u00f3xima exposici\u00f3n &quot;Vivanco Suite&quot; | Vivanco<\/title>\n<meta name=\"description\" content=\"El \u00faltimo proyecto de Alberto Coraz\u00f3n es Vivanco Suite. Un reflejo de su particular visi\u00f3n del vino a trav\u00e9s de 20 pinturas de diversas t\u00e9cnicas, y formatos, y de un gran mural compuesto por 18 grabados.\" \/>\n<meta name=\"robots\" content=\"index, follow, max-snippet:-1, max-image-preview:large, max-video-preview:-1\" \/>\n<link rel=\"canonical\" href=\"https:\/\/vivancoculturadevino.es\/blog\/2019\/10\/03\/brindo-vida-compartida-hace-mejores\/\" \/>\n<meta property=\"og:locale\" content=\"es_ES\" \/>\n<meta property=\"og:type\" content=\"article\" \/>\n<meta property=\"og:title\" content=\"Charlamos con Alberto Coraz\u00f3n, autor de nuestra pr\u00f3xima exposici\u00f3n &quot;Vivanco Suite&quot; | Vivanco\" \/>\n<meta property=\"og:description\" content=\"El \u00faltimo proyecto de Alberto Coraz\u00f3n es Vivanco Suite. Un reflejo de su particular visi\u00f3n del vino a trav\u00e9s de 20 pinturas de diversas t\u00e9cnicas, y formatos, y de un gran mural compuesto por 18 grabados.\" \/>\n<meta property=\"og:url\" content=\"https:\/\/vivancoculturadevino.es\/blog\/2019\/10\/03\/brindo-vida-compartida-hace-mejores\/\" \/>\n<meta property=\"og:site_name\" content=\"Vivanco\" \/>\n<meta property=\"article:author\" content=\"https:\/\/www.facebook.com\/vivancoculturadevino\" \/>\n<meta property=\"article:published_time\" content=\"2019-10-03T08:26:34+00:00\" \/>\n<meta property=\"article:modified_time\" content=\"2019-10-03T15:49:03+00:00\" \/>\n<meta property=\"og:image\" content=\"https:\/\/vivancoculturadevino.es\/blog\/wp-content\/uploads\/2019\/10\/P1000362.jpg\" \/>\n\t<meta property=\"og:image:width\" content=\"1143\" \/>\n\t<meta property=\"og:image:height\" content=\"857\" \/>\n\t<meta property=\"og:image:type\" content=\"image\/jpeg\" \/>\n<meta name=\"author\" content=\"Vivanco\" \/>\n<meta name=\"twitter:card\" content=\"summary_large_image\" \/>\n<meta name=\"twitter:image\" content=\"https:\/\/vivancoculturadevino.es\/blog\/wp-content\/uploads\/2019\/10\/P1000362.jpg\" \/>\n<meta name=\"twitter:creator\" content=\"@https:\/\/twitter.com\/Vivanco_es\" \/>\n<meta name=\"twitter:label1\" content=\"Escrito por\" \/>\n\t<meta name=\"twitter:data1\" content=\"Vivanco\" \/>\n\t<meta name=\"twitter:label2\" content=\"Tiempo de lectura\" \/>\n\t<meta name=\"twitter:data2\" content=\"5 minutos\" \/>\n<script type=\"application\/ld+json\" class=\"yoast-schema-graph\">{\"@context\":\"https:\/\/schema.org\",\"@graph\":[{\"@type\":\"Article\",\"@id\":\"https:\/\/vivancoculturadevino.es\/blog\/2019\/10\/03\/brindo-vida-compartida-hace-mejores\/#article\",\"isPartOf\":{\"@id\":\"https:\/\/vivancoculturadevino.es\/blog\/2019\/10\/03\/brindo-vida-compartida-hace-mejores\/\"},\"author\":{\"name\":\"Vivanco\",\"@id\":\"https:\/\/vivancoculturadevino.es\/blog\/#\/schema\/person\/745931ee54ccbb839d8df0cceb02db4c\"},\"headline\":\"Charlamos con Alberto Coraz\u00f3n, autor de nuestra pr\u00f3xima exposici\u00f3n &#8220;Vivanco Suite&#8221;\",\"datePublished\":\"2019-10-03T08:26:34+00:00\",\"dateModified\":\"2019-10-03T15:49:03+00:00\",\"mainEntityOfPage\":{\"@id\":\"https:\/\/vivancoculturadevino.es\/blog\/2019\/10\/03\/brindo-vida-compartida-hace-mejores\/\"},\"wordCount\":1108,\"commentCount\":0,\"publisher\":{\"@id\":\"https:\/\/vivancoculturadevino.es\/blog\/#organization\"},\"image\":{\"@id\":\"https:\/\/vivancoculturadevino.es\/blog\/2019\/10\/03\/brindo-vida-compartida-hace-mejores\/#primaryimage\"},\"thumbnailUrl\":\"https:\/\/vivancoculturadevino.es\/blog\/wp-content\/uploads\/2019\/10\/P1000362.jpg\",\"keywords\":[\"Alberto Coraz\u00f3n\",\"Vivanco Suite\"],\"articleSection\":[\"Cultura\"],\"inLanguage\":\"es\",\"potentialAction\":[{\"@type\":\"CommentAction\",\"name\":\"Comment\",\"target\":[\"https:\/\/vivancoculturadevino.es\/blog\/2019\/10\/03\/brindo-vida-compartida-hace-mejores\/#respond\"]}]},{\"@type\":\"WebPage\",\"@id\":\"https:\/\/vivancoculturadevino.es\/blog\/2019\/10\/03\/brindo-vida-compartida-hace-mejores\/\",\"url\":\"https:\/\/vivancoculturadevino.es\/blog\/2019\/10\/03\/brindo-vida-compartida-hace-mejores\/\",\"name\":\"Charlamos con Alberto Coraz\u00f3n, autor de nuestra pr\u00f3xima exposici\u00f3n \\\"Vivanco Suite\\\" | Vivanco\",\"isPartOf\":{\"@id\":\"https:\/\/vivancoculturadevino.es\/blog\/#website\"},\"primaryImageOfPage\":{\"@id\":\"https:\/\/vivancoculturadevino.es\/blog\/2019\/10\/03\/brindo-vida-compartida-hace-mejores\/#primaryimage\"},\"image\":{\"@id\":\"https:\/\/vivancoculturadevino.es\/blog\/2019\/10\/03\/brindo-vida-compartida-hace-mejores\/#primaryimage\"},\"thumbnailUrl\":\"https:\/\/vivancoculturadevino.es\/blog\/wp-content\/uploads\/2019\/10\/P1000362.jpg\",\"datePublished\":\"2019-10-03T08:26:34+00:00\",\"dateModified\":\"2019-10-03T15:49:03+00:00\",\"description\":\"El \u00faltimo proyecto de Alberto Coraz\u00f3n es Vivanco Suite. Un reflejo de su particular visi\u00f3n del vino a trav\u00e9s de 20 pinturas de diversas t\u00e9cnicas, y formatos, y de un gran mural compuesto por 18 grabados.\",\"breadcrumb\":{\"@id\":\"https:\/\/vivancoculturadevino.es\/blog\/2019\/10\/03\/brindo-vida-compartida-hace-mejores\/#breadcrumb\"},\"inLanguage\":\"es\",\"potentialAction\":[{\"@type\":\"ReadAction\",\"target\":[\"https:\/\/vivancoculturadevino.es\/blog\/2019\/10\/03\/brindo-vida-compartida-hace-mejores\/\"]}]},{\"@type\":\"ImageObject\",\"inLanguage\":\"es\",\"@id\":\"https:\/\/vivancoculturadevino.es\/blog\/2019\/10\/03\/brindo-vida-compartida-hace-mejores\/#primaryimage\",\"url\":\"https:\/\/vivancoculturadevino.es\/blog\/wp-content\/uploads\/2019\/10\/P1000362.jpg\",\"contentUrl\":\"https:\/\/vivancoculturadevino.es\/blog\/wp-content\/uploads\/2019\/10\/P1000362.jpg\",\"width\":1143,\"height\":857},{\"@type\":\"BreadcrumbList\",\"@id\":\"https:\/\/vivancoculturadevino.es\/blog\/2019\/10\/03\/brindo-vida-compartida-hace-mejores\/#breadcrumb\",\"itemListElement\":[{\"@type\":\"ListItem\",\"position\":1,\"name\":\"Portada\",\"item\":\"https:\/\/vivancoculturadevino.es\/blog\/\"},{\"@type\":\"ListItem\",\"position\":2,\"name\":\"Charlamos con Alberto Coraz\u00f3n, autor de nuestra pr\u00f3xima exposici\u00f3n \u00abVivanco Suite\u00bb\"}]},{\"@type\":\"WebSite\",\"@id\":\"https:\/\/vivancoculturadevino.es\/blog\/#website\",\"url\":\"https:\/\/vivancoculturadevino.es\/blog\/\",\"name\":\"Vivanco\",\"description\":\"Una familia y una pasi\u00f3n: Compartir la cultura del vino\",\"publisher\":{\"@id\":\"https:\/\/vivancoculturadevino.es\/blog\/#organization\"},\"potentialAction\":[{\"@type\":\"SearchAction\",\"target\":{\"@type\":\"EntryPoint\",\"urlTemplate\":\"https:\/\/vivancoculturadevino.es\/blog\/?s={search_term_string}\"},\"query-input\":{\"@type\":\"PropertyValueSpecification\",\"valueRequired\":true,\"valueName\":\"search_term_string\"}}],\"inLanguage\":\"es\"},{\"@type\":\"Organization\",\"@id\":\"https:\/\/vivancoculturadevino.es\/blog\/#organization\",\"name\":\"Vivanco\",\"url\":\"https:\/\/vivancoculturadevino.es\/blog\/\",\"logo\":{\"@type\":\"ImageObject\",\"inLanguage\":\"es\",\"@id\":\"https:\/\/vivancoculturadevino.es\/blog\/#\/schema\/logo\/image\/\",\"url\":\"https:\/\/vivancoculturadevino.es\/blog\/wp-content\/uploads\/2026\/01\/Logo-blanco.svg\",\"contentUrl\":\"https:\/\/vivancoculturadevino.es\/blog\/wp-content\/uploads\/2026\/01\/Logo-blanco.svg\",\"width\":134,\"height\":43,\"caption\":\"Vivanco\"},\"image\":{\"@id\":\"https:\/\/vivancoculturadevino.es\/blog\/#\/schema\/logo\/image\/\"}},{\"@type\":\"Person\",\"@id\":\"https:\/\/vivancoculturadevino.es\/blog\/#\/schema\/person\/745931ee54ccbb839d8df0cceb02db4c\",\"name\":\"Vivanco\",\"image\":{\"@type\":\"ImageObject\",\"inLanguage\":\"es\",\"@id\":\"https:\/\/vivancoculturadevino.es\/blog\/#\/schema\/person\/image\/\",\"url\":\"https:\/\/secure.gravatar.com\/avatar\/61b66c59d132db2f7ad4dfd1cc89bbd508b4d5888ab39ddba99f2aca247b7fb3?s=96&d=mm&r=g\",\"contentUrl\":\"https:\/\/secure.gravatar.com\/avatar\/61b66c59d132db2f7ad4dfd1cc89bbd508b4d5888ab39ddba99f2aca247b7fb3?s=96&d=mm&r=g\",\"caption\":\"Vivanco\"},\"description\":\"Bodega, Fundaci\u00f3n, Experiencias. Compartiendo Cultura de Vino\",\"sameAs\":[\"http:\/\/www.vivancoculturadevino.es\",\"https:\/\/www.facebook.com\/vivancoculturadevino\",\"https:\/\/x.com\/https:\/\/twitter.com\/Vivanco_es\",\"https:\/\/www.youtube.com\/channel\/UC8a2nOiF7kAQNPPduAi2Evw\/videos\"],\"url\":\"https:\/\/vivancoculturadevino.es\/blog\/author\/administrator\/\"}]}<\/script>\n<!-- \/ Yoast SEO plugin. -->","yoast_head_json":{"title":"Charlamos con Alberto Coraz\u00f3n, autor de nuestra pr\u00f3xima exposici\u00f3n \"Vivanco Suite\" | Vivanco","description":"El \u00faltimo proyecto de Alberto Coraz\u00f3n es Vivanco Suite. Un reflejo de su particular visi\u00f3n del vino a trav\u00e9s de 20 pinturas de diversas t\u00e9cnicas, y formatos, y de un gran mural compuesto por 18 grabados.","robots":{"index":"index","follow":"follow","max-snippet":"max-snippet:-1","max-image-preview":"max-image-preview:large","max-video-preview":"max-video-preview:-1"},"canonical":"https:\/\/vivancoculturadevino.es\/blog\/2019\/10\/03\/brindo-vida-compartida-hace-mejores\/","og_locale":"es_ES","og_type":"article","og_title":"Charlamos con Alberto Coraz\u00f3n, autor de nuestra pr\u00f3xima exposici\u00f3n \"Vivanco Suite\" | Vivanco","og_description":"El \u00faltimo proyecto de Alberto Coraz\u00f3n es Vivanco Suite. Un reflejo de su particular visi\u00f3n del vino a trav\u00e9s de 20 pinturas de diversas t\u00e9cnicas, y formatos, y de un gran mural compuesto por 18 grabados.","og_url":"https:\/\/vivancoculturadevino.es\/blog\/2019\/10\/03\/brindo-vida-compartida-hace-mejores\/","og_site_name":"Vivanco","article_author":"https:\/\/www.facebook.com\/vivancoculturadevino","article_published_time":"2019-10-03T08:26:34+00:00","article_modified_time":"2019-10-03T15:49:03+00:00","og_image":[{"width":1143,"height":857,"url":"https:\/\/vivancoculturadevino.es\/blog\/wp-content\/uploads\/2019\/10\/P1000362.jpg","type":"image\/jpeg"}],"author":"Vivanco","twitter_card":"summary_large_image","twitter_image":"https:\/\/vivancoculturadevino.es\/blog\/wp-content\/uploads\/2019\/10\/P1000362.jpg","twitter_creator":"@https:\/\/twitter.com\/Vivanco_es","twitter_misc":{"Escrito por":"Vivanco","Tiempo de lectura":"5 minutos"},"schema":{"@context":"https:\/\/schema.org","@graph":[{"@type":"Article","@id":"https:\/\/vivancoculturadevino.es\/blog\/2019\/10\/03\/brindo-vida-compartida-hace-mejores\/#article","isPartOf":{"@id":"https:\/\/vivancoculturadevino.es\/blog\/2019\/10\/03\/brindo-vida-compartida-hace-mejores\/"},"author":{"name":"Vivanco","@id":"https:\/\/vivancoculturadevino.es\/blog\/#\/schema\/person\/745931ee54ccbb839d8df0cceb02db4c"},"headline":"Charlamos con Alberto Coraz\u00f3n, autor de nuestra pr\u00f3xima exposici\u00f3n &#8220;Vivanco Suite&#8221;","datePublished":"2019-10-03T08:26:34+00:00","dateModified":"2019-10-03T15:49:03+00:00","mainEntityOfPage":{"@id":"https:\/\/vivancoculturadevino.es\/blog\/2019\/10\/03\/brindo-vida-compartida-hace-mejores\/"},"wordCount":1108,"commentCount":0,"publisher":{"@id":"https:\/\/vivancoculturadevino.es\/blog\/#organization"},"image":{"@id":"https:\/\/vivancoculturadevino.es\/blog\/2019\/10\/03\/brindo-vida-compartida-hace-mejores\/#primaryimage"},"thumbnailUrl":"https:\/\/vivancoculturadevino.es\/blog\/wp-content\/uploads\/2019\/10\/P1000362.jpg","keywords":["Alberto Coraz\u00f3n","Vivanco Suite"],"articleSection":["Cultura"],"inLanguage":"es","potentialAction":[{"@type":"CommentAction","name":"Comment","target":["https:\/\/vivancoculturadevino.es\/blog\/2019\/10\/03\/brindo-vida-compartida-hace-mejores\/#respond"]}]},{"@type":"WebPage","@id":"https:\/\/vivancoculturadevino.es\/blog\/2019\/10\/03\/brindo-vida-compartida-hace-mejores\/","url":"https:\/\/vivancoculturadevino.es\/blog\/2019\/10\/03\/brindo-vida-compartida-hace-mejores\/","name":"Charlamos con Alberto Coraz\u00f3n, autor de nuestra pr\u00f3xima exposici\u00f3n \"Vivanco Suite\" | Vivanco","isPartOf":{"@id":"https:\/\/vivancoculturadevino.es\/blog\/#website"},"primaryImageOfPage":{"@id":"https:\/\/vivancoculturadevino.es\/blog\/2019\/10\/03\/brindo-vida-compartida-hace-mejores\/#primaryimage"},"image":{"@id":"https:\/\/vivancoculturadevino.es\/blog\/2019\/10\/03\/brindo-vida-compartida-hace-mejores\/#primaryimage"},"thumbnailUrl":"https:\/\/vivancoculturadevino.es\/blog\/wp-content\/uploads\/2019\/10\/P1000362.jpg","datePublished":"2019-10-03T08:26:34+00:00","dateModified":"2019-10-03T15:49:03+00:00","description":"El \u00faltimo proyecto de Alberto Coraz\u00f3n es Vivanco Suite. Un reflejo de su particular visi\u00f3n del vino a trav\u00e9s de 20 pinturas de diversas t\u00e9cnicas, y formatos, y de un gran mural compuesto por 18 grabados.","breadcrumb":{"@id":"https:\/\/vivancoculturadevino.es\/blog\/2019\/10\/03\/brindo-vida-compartida-hace-mejores\/#breadcrumb"},"inLanguage":"es","potentialAction":[{"@type":"ReadAction","target":["https:\/\/vivancoculturadevino.es\/blog\/2019\/10\/03\/brindo-vida-compartida-hace-mejores\/"]}]},{"@type":"ImageObject","inLanguage":"es","@id":"https:\/\/vivancoculturadevino.es\/blog\/2019\/10\/03\/brindo-vida-compartida-hace-mejores\/#primaryimage","url":"https:\/\/vivancoculturadevino.es\/blog\/wp-content\/uploads\/2019\/10\/P1000362.jpg","contentUrl":"https:\/\/vivancoculturadevino.es\/blog\/wp-content\/uploads\/2019\/10\/P1000362.jpg","width":1143,"height":857},{"@type":"BreadcrumbList","@id":"https:\/\/vivancoculturadevino.es\/blog\/2019\/10\/03\/brindo-vida-compartida-hace-mejores\/#breadcrumb","itemListElement":[{"@type":"ListItem","position":1,"name":"Portada","item":"https:\/\/vivancoculturadevino.es\/blog\/"},{"@type":"ListItem","position":2,"name":"Charlamos con Alberto Coraz\u00f3n, autor de nuestra pr\u00f3xima exposici\u00f3n \u00abVivanco Suite\u00bb"}]},{"@type":"WebSite","@id":"https:\/\/vivancoculturadevino.es\/blog\/#website","url":"https:\/\/vivancoculturadevino.es\/blog\/","name":"Vivanco","description":"Una familia y una pasi\u00f3n: Compartir la cultura del vino","publisher":{"@id":"https:\/\/vivancoculturadevino.es\/blog\/#organization"},"potentialAction":[{"@type":"SearchAction","target":{"@type":"EntryPoint","urlTemplate":"https:\/\/vivancoculturadevino.es\/blog\/?s={search_term_string}"},"query-input":{"@type":"PropertyValueSpecification","valueRequired":true,"valueName":"search_term_string"}}],"inLanguage":"es"},{"@type":"Organization","@id":"https:\/\/vivancoculturadevino.es\/blog\/#organization","name":"Vivanco","url":"https:\/\/vivancoculturadevino.es\/blog\/","logo":{"@type":"ImageObject","inLanguage":"es","@id":"https:\/\/vivancoculturadevino.es\/blog\/#\/schema\/logo\/image\/","url":"https:\/\/vivancoculturadevino.es\/blog\/wp-content\/uploads\/2026\/01\/Logo-blanco.svg","contentUrl":"https:\/\/vivancoculturadevino.es\/blog\/wp-content\/uploads\/2026\/01\/Logo-blanco.svg","width":134,"height":43,"caption":"Vivanco"},"image":{"@id":"https:\/\/vivancoculturadevino.es\/blog\/#\/schema\/logo\/image\/"}},{"@type":"Person","@id":"https:\/\/vivancoculturadevino.es\/blog\/#\/schema\/person\/745931ee54ccbb839d8df0cceb02db4c","name":"Vivanco","image":{"@type":"ImageObject","inLanguage":"es","@id":"https:\/\/vivancoculturadevino.es\/blog\/#\/schema\/person\/image\/","url":"https:\/\/secure.gravatar.com\/avatar\/61b66c59d132db2f7ad4dfd1cc89bbd508b4d5888ab39ddba99f2aca247b7fb3?s=96&d=mm&r=g","contentUrl":"https:\/\/secure.gravatar.com\/avatar\/61b66c59d132db2f7ad4dfd1cc89bbd508b4d5888ab39ddba99f2aca247b7fb3?s=96&d=mm&r=g","caption":"Vivanco"},"description":"Bodega, Fundaci\u00f3n, Experiencias. Compartiendo Cultura de Vino","sameAs":["http:\/\/www.vivancoculturadevino.es","https:\/\/www.facebook.com\/vivancoculturadevino","https:\/\/x.com\/https:\/\/twitter.com\/Vivanco_es","https:\/\/www.youtube.com\/channel\/UC8a2nOiF7kAQNPPduAi2Evw\/videos"],"url":"https:\/\/vivancoculturadevino.es\/blog\/author\/administrator\/"}]}},"_links":{"self":[{"href":"https:\/\/vivancoculturadevino.es\/blog\/wp-json\/wp\/v2\/posts\/4107","targetHints":{"allow":["GET"]}}],"collection":[{"href":"https:\/\/vivancoculturadevino.es\/blog\/wp-json\/wp\/v2\/posts"}],"about":[{"href":"https:\/\/vivancoculturadevino.es\/blog\/wp-json\/wp\/v2\/types\/post"}],"author":[{"embeddable":true,"href":"https:\/\/vivancoculturadevino.es\/blog\/wp-json\/wp\/v2\/users\/1"}],"replies":[{"embeddable":true,"href":"https:\/\/vivancoculturadevino.es\/blog\/wp-json\/wp\/v2\/comments?post=4107"}],"version-history":[{"count":4,"href":"https:\/\/vivancoculturadevino.es\/blog\/wp-json\/wp\/v2\/posts\/4107\/revisions"}],"predecessor-version":[{"id":4114,"href":"https:\/\/vivancoculturadevino.es\/blog\/wp-json\/wp\/v2\/posts\/4107\/revisions\/4114"}],"wp:featuredmedia":[{"embeddable":true,"href":"https:\/\/vivancoculturadevino.es\/blog\/wp-json\/wp\/v2\/media\/4109"}],"wp:attachment":[{"href":"https:\/\/vivancoculturadevino.es\/blog\/wp-json\/wp\/v2\/media?parent=4107"}],"wp:term":[{"taxonomy":"category","embeddable":true,"href":"https:\/\/vivancoculturadevino.es\/blog\/wp-json\/wp\/v2\/categories?post=4107"},{"taxonomy":"post_tag","embeddable":true,"href":"https:\/\/vivancoculturadevino.es\/blog\/wp-json\/wp\/v2\/tags?post=4107"}],"curies":[{"name":"wp","href":"https:\/\/api.w.org\/{rel}","templated":true}]}}