{"id":4071,"date":"2019-09-16T13:32:07","date_gmt":"2019-09-16T12:32:07","guid":{"rendered":"https:\/\/vivancoculturadevino.es\/blog\/?p=4071"},"modified":"2019-09-18T12:11:52","modified_gmt":"2019-09-18T11:11:52","slug":"color-mundo-vino-ambiente-vinedo","status":"publish","type":"post","link":"https:\/\/vivancoculturadevino.es\/blog\/2019\/09\/16\/color-mundo-vino-ambiente-vinedo\/","title":{"rendered":"El color del mundo del vino para tu ambiente: el vi\u00f1edo 1"},"content":{"rendered":"<p>El mundo del vino es y ha sido inspiraci\u00f3n para el mundo de la cultura, desde escritores a pensadores, desde artistas a pol\u00edticos. <strong><b>El vino es una de las experiencias m\u00e1s completas para los sentidos. <\/b><\/strong><\/p>\n<p>El mundo del vino tiene una\u00a0paleta crom\u00e1tica que estimula nuestra vista y nuestros sentidos, sus olores y colores est\u00e1n llenos\u00a0de matices, desde el vi\u00f1edo a la bodega. Toda una experiencia que, desde hace algunos a\u00f1os, <strong><b>se ha convertido en un reclamo para viajes y turismo y que <a href=\"https:\/\/vivancoculturadevino.es\/es\/reservas\/\" target=\"_blank\">las bodegas intentan complementar en sus instalaciones para todo aquel que quiera visitarlas<\/a>.<\/b><\/strong><\/p>\n<p>En la pel\u00edcula &#8220;Local Color,&#8221;, un pintor olvidado desde hace mucho tiempo, revisa la obra de su joven protegido y se burla de las nubes que ha pintado. &#8220;Las nubes no son tan blancas\u201d. El pintor le pide que mire al cielo, el joven pintor mira diligentemente hacia arriba y ve que las nubes no son solo blancas sino una paleta amplia de rosa, amarillo y p\u00farpura. Una revelaci\u00f3n similar puede tener lugar cuando un en\u00f3filo examina verdaderamente una copa de vino.<\/p>\n<p>En muchas ocasiones, cuando vamos a decorar y pintar, solemos encasillarnos en las mismas combinaciones, los mismos colores y tonos id\u00e9nticos. Experimentar es crear, as\u00ed como probar, y <strong><b>por qu\u00e9 no utilizar la paleta crom\u00e1tica del vino c<\/b><\/strong><strong><b>omo alternativa<\/b><\/strong>. Una buena opci\u00f3n pues son los colores c\u00e1lidos, que brindar\u00e1n ese toque atrevido que estamos buscando.<\/p>\n<p>&nbsp;<\/p>\n<p><a href=\"https:\/\/vivancoculturadevino.es\/blog\/wp-content\/uploads\/2019\/09\/vivanco-botellas-vino.jpg\"><img fetchpriority=\"high\" decoding=\"async\" class=\"aligncenter size-large wp-image-4072\" src=\"https:\/\/vivancoculturadevino.es\/blog\/wp-content\/uploads\/2019\/09\/vivanco-botellas-vino-1024x451.jpg\" alt=\"vivanco botellas vino\" width=\"1024\" height=\"451\" srcset=\"https:\/\/vivancoculturadevino.es\/blog\/wp-content\/uploads\/2019\/09\/vivanco-botellas-vino-1024x451.jpg 1024w, https:\/\/vivancoculturadevino.es\/blog\/wp-content\/uploads\/2019\/09\/vivanco-botellas-vino-300x132.jpg 300w, https:\/\/vivancoculturadevino.es\/blog\/wp-content\/uploads\/2019\/09\/vivanco-botellas-vino.jpg 1061w\" sizes=\"(max-width: 1024px) 100vw, 1024px\" \/><\/a><\/p>\n<p>La luz es esencial para la vida, gracias a ella las plantas se nutren y nosotros podemos disfrutar de los colores. El color es una experiencia visual, una impresi\u00f3n sensorial que recibimos a trav\u00e9s de los ojos, independiente de la materia colorante de la misma. <strong><b>El mundo que nos rodea se nos muestra en color.<\/b><\/strong>\u00a0Las cosas que vemos no solo se diferencian entre s\u00ed por su forma, y tama\u00f1o, sino tambi\u00e9n por su colorido.<\/p>\n<h2>El color de las vides<\/h2>\n<p>Las vides fabrican su propio alimento: toman sustancias del suelo y del aire, transforman estas sustancias en alimento y la reparten por toda la planta. Adem\u00e1s, para aprovechar su alimento, las vides necesitan respirar permanentemente, como el resto de los seres vivos. Captan la luz solar mediante una sustancia llamada clorofila. Como resultado de la fotos\u00edntesis, las plantas eliminan ox\u00edgeno.<\/p>\n<p>La producci\u00f3n de clorofila est\u00e1 relacionada con la cantidad de luz solar. Por esta raz\u00f3n, con la llegada de la primavera y el verano, la coloraci\u00f3n del vi\u00f1edo es de un verde rabioso y cuando los d\u00edas se acortan, el color de las hojas va cambiando paulatinamente.<\/p>\n<p><a href=\"https:\/\/vivancoculturadevino.es\/blog\/wp-content\/uploads\/2019\/09\/pantone-greenery.jpg\"><img decoding=\"async\" class=\"aligncenter size-large wp-image-4073\" src=\"https:\/\/vivancoculturadevino.es\/blog\/wp-content\/uploads\/2019\/09\/pantone-greenery-1024x796.jpg\" alt=\"pantone greenery\" width=\"1024\" height=\"796\" srcset=\"https:\/\/vivancoculturadevino.es\/blog\/wp-content\/uploads\/2019\/09\/pantone-greenery-1024x796.jpg 1024w, https:\/\/vivancoculturadevino.es\/blog\/wp-content\/uploads\/2019\/09\/pantone-greenery-300x233.jpg 300w, https:\/\/vivancoculturadevino.es\/blog\/wp-content\/uploads\/2019\/09\/pantone-greenery-110x85.jpg 110w, https:\/\/vivancoculturadevino.es\/blog\/wp-content\/uploads\/2019\/09\/pantone-greenery.jpg 1170w\" sizes=\"(max-width: 1024px) 100vw, 1024px\" \/><\/a><\/p>\n<p><a href=\"https:\/\/vivancoculturadevino.es\/blog\/wp-content\/uploads\/2019\/09\/pantone-sunshine.jpg\"><img decoding=\"async\" class=\"aligncenter size-large wp-image-4074\" src=\"https:\/\/vivancoculturadevino.es\/blog\/wp-content\/uploads\/2019\/09\/pantone-sunshine.jpg\" alt=\"pantone sunshine\" width=\"640\" height=\"640\" srcset=\"https:\/\/vivancoculturadevino.es\/blog\/wp-content\/uploads\/2019\/09\/pantone-sunshine.jpg 640w, https:\/\/vivancoculturadevino.es\/blog\/wp-content\/uploads\/2019\/09\/pantone-sunshine-150x150.jpg 150w, https:\/\/vivancoculturadevino.es\/blog\/wp-content\/uploads\/2019\/09\/pantone-sunshine-300x300.jpg 300w\" sizes=\"(max-width: 640px) 100vw, 640px\" \/><\/a><\/p>\n<p><a href=\"https:\/\/vivancoculturadevino.es\/blog\/wp-content\/uploads\/2019\/09\/vivanco-3.jpg\"><img loading=\"lazy\" decoding=\"async\" class=\"aligncenter size-full wp-image-4091\" src=\"https:\/\/vivancoculturadevino.es\/blog\/wp-content\/uploads\/2019\/09\/vivanco-3.jpg\" alt=\"vivanco 3\" width=\"940\" height=\"627\" srcset=\"https:\/\/vivancoculturadevino.es\/blog\/wp-content\/uploads\/2019\/09\/vivanco-3.jpg 940w, https:\/\/vivancoculturadevino.es\/blog\/wp-content\/uploads\/2019\/09\/vivanco-3-300x200.jpg 300w\" sizes=\"(max-width: 940px) 100vw, 940px\" \/><\/a><\/p>\n<p>&nbsp;<\/p>\n<p>&nbsp;<\/p>\n<h2>Los colores del vi\u00f1edo en las diferentes estaciones<\/h2>\n<h3><span style=\"text-decoration: underline;\">En oto\u00f1o<\/span><\/h3>\n<p>Al entrar el <strong><b>oto\u00f1o<\/b><\/strong>, con el descenso de luz solar y de temperatura, con d\u00edas m\u00e1s cortos y noches largas, la producci\u00f3n de la clorofila se va reduciendo gradualmente, las venas de las hojas comienzan a contraerse. As\u00ed y gracias al calor del d\u00eda y el fr\u00edo nocturno, los az\u00facares que hab\u00eda en ellos comienzan a reaccionar hasta dar lugar a un cambio de coloraci\u00f3n, donde el verde da paso a toda una gama de amarillos, en las variedades blancas, y tonos rojizos, en el caso de las variedades tintas.<\/p>\n<p><strong><b>Los colores que se asocian al oto\u00f1o suelen ser los marrones y anaranjados, tonos ocres que pueden dar un aspecto natural al hogar.<\/b><\/strong><\/p>\n<blockquote class=\"instagram-media\" style=\"background: #FFF; border: 0; border-radius: 3px; box-shadow: 0 0 1px 0 rgba(0,0,0,0.5),0 1px 10px 0 rgba(0,0,0,0.15); margin: 1px; max-width: 540px; min-width: 326px; padding: 0; width: calc(100% - 2px);\" data-instgrm-permalink=\"https:\/\/www.instagram.com\/p\/BrBECv6nlOi\/?utm_source=ig_embed&amp;utm_campaign=loading\" data-instgrm-version=\"12\">\n<div style=\"padding: 16px;\"><a style=\"background: #FFFFFF; line-height: 0; padding: 0 0; text-align: center; text-decoration: none; width: 100%;\" href=\"https:\/\/www.instagram.com\/p\/BrBECv6nlOi\/?utm_source=ig_embed&amp;utm_campaign=loading\" target=\"_blank\"><br \/>\n<\/a><\/p>\n<div style=\"display: flex; flex-direction: row; align-items: center;\"><\/div>\n<div style=\"padding: 19% 0;\"><\/div>\n<div style=\"display: block; height: 50px; margin: 0 auto 12px; width: 50px;\"><\/div>\n<div style=\"padding-top: 8px;\">\n<div style=\"color: #3897f0; font-family: Arial,sans-serif; font-size: 14px; font-style: normal; font-weight: 550; line-height: 18px;\">Ver esta publicaci\u00f3n en Instagram<\/div>\n<\/div>\n<p style=\"color: #c9c8cd; font-family: Arial,sans-serif; font-size: 14px; line-height: 17px; margin-bottom: 0; margin-top: 8px; overflow: hidden; padding: 8px 0 7px; text-align: center; text-overflow: ellipsis; white-space: nowrap;\"><a style=\"color: #c9c8cd; font-family: Arial,sans-serif; font-size: 14px; font-style: normal; font-weight: normal; line-height: 17px; text-decoration: none;\" href=\"https:\/\/www.instagram.com\/p\/BrBECv6nlOi\/?utm_source=ig_embed&amp;utm_campaign=loading\" target=\"_blank\">Una publicaci\u00f3n compartida de Vivanco. Cultura De Vino (@vivancoculturadevino)<\/a> el <time style=\"font-family: Arial,sans-serif; font-size: 14px; line-height: 17px;\" datetime=\"2018-12-05T19:00:46+00:00\">5 Dic, 2018 a las 11:00 PST<\/time><\/p>\n<\/div>\n<\/blockquote>\n<p><script src=\"\/\/www.instagram.com\/embed.js\" async=\"\"><\/script><\/p>\n<blockquote class=\"instagram-media\" style=\"background: #FFF; border: 0; border-radius: 3px; box-shadow: 0 0 1px 0 rgba(0,0,0,0.5),0 1px 10px 0 rgba(0,0,0,0.15); margin: 1px; max-width: 540px; min-width: 326px; padding: 0; width: calc(100% - 2px);\" data-instgrm-permalink=\"https:\/\/www.instagram.com\/p\/Bl8lSXrhQUx\/?utm_source=ig_embed&amp;utm_campaign=loading\" data-instgrm-version=\"12\">\n<div style=\"padding: 16px;\">\n<div style=\"display: flex; flex-direction: row; align-items: center;\"><\/div>\n<p>&nbsp;<\/p>\n<div style=\"padding: 19% 0;\"><\/div>\n<p>&nbsp;<\/p>\n<div style=\"display: block; height: 50px; margin: 0 auto 12px; width: 50px;\"><\/div>\n<p>&nbsp;<\/p>\n<div style=\"padding-top: 8px;\">\n<div style=\"color: #3897f0; font-family: Arial,sans-serif; font-size: 14px; font-style: normal; font-weight: 550; line-height: 18px;\">Ver esta publicaci\u00f3n en Instagram<\/div>\n<p>&nbsp;\n<\/p><\/div>\n<p><a style=\"color: #c9c8cd; font-family: Arial,sans-serif; font-size: 14px; font-style: normal; font-weight: normal; line-height: 17px; text-decoration: none;\" href=\"https:\/\/www.instagram.com\/p\/Bl8lSXrhQUx\/?utm_source=ig_embed&amp;utm_campaign=loading\" target=\"_blank\">Una publicaci\u00f3n compartida de Vivanco. Cultura De Vino (@vivancoculturadevino)<\/a> el <time style=\"font-family: Arial,sans-serif; font-size: 14px; line-height: 17px;\" datetime=\"2018-08-01T18:38:05+00:00\">1 Ago, 2018 a las 11:38 PDT<\/time>\n<\/div>\n<\/blockquote>\n<p><script src=\"\/\/www.instagram.com\/embed.js\" async=\"\"><\/script><\/p>\n<h3 class=\"alignnone\"><img loading=\"lazy\" decoding=\"async\" class=\"aligncenter size-full wp-image-4090\" src=\"https:\/\/vivancoculturadevino.es\/blog\/wp-content\/uploads\/2019\/09\/vivanco-2.jpg\" alt=\"vivanco 2\" width=\"640\" height=\"640\" srcset=\"https:\/\/vivancoculturadevino.es\/blog\/wp-content\/uploads\/2019\/09\/vivanco-2.jpg 640w, https:\/\/vivancoculturadevino.es\/blog\/wp-content\/uploads\/2019\/09\/vivanco-2-150x150.jpg 150w, https:\/\/vivancoculturadevino.es\/blog\/wp-content\/uploads\/2019\/09\/vivanco-2-300x300.jpg 300w\" sizes=\"(max-width: 640px) 100vw, 640px\" \/><\/h3>\n<h3><span style=\"text-decoration: underline;\">En invierno<\/span><\/h3>\n<p>Al entrar el <strong><b>invierno,<\/b><\/strong>\u00a0en los vi\u00f1edos solo se observa su parte le\u00f1osa, no existe ninguna hoja ni ning\u00fan fruto.\u00a0Las hojas caen cuando las venas se cierran\u00a0por completo, condens\u00e1ndose todas las c\u00e9lulas en la base de la hoja, un mecanismo natural para que la vid pueda entrar en un estado vegetativo durante el invierno.<\/p>\n<p>Durante el invierno, muchas emociones suelen ser algo m\u00e1s nost\u00e1lgicas. Al caer la hoja y la desnudez de las vides, suele provocar emociones muy rom\u00e1nticas en todas sus definiciones. Una buena opci\u00f3n suelen ser tonos m\u00e1s fr\u00edos como blancos y ocres.<\/p>\n<blockquote class=\"instagram-media\" style=\"background: #FFF; border: 0; border-radius: 3px; box-shadow: 0 0 1px 0 rgba(0,0,0,0.5),0 1px 10px 0 rgba(0,0,0,0.15); margin: 1px; max-width: 540px; min-width: 326px; padding: 0; width: calc(100% - 2px);\" data-instgrm-permalink=\"https:\/\/www.instagram.com\/p\/krD-obRYjT\/?utm_source=ig_embed&amp;utm_campaign=loading\" data-instgrm-version=\"12\">\n<div style=\"padding: 16px;\">\n<div style=\"display: flex; flex-direction: row; align-items: center;\"><\/div>\n<div style=\"padding: 19% 0;\"><\/div>\n<div style=\"display: block; height: 50px; margin: 0 auto 12px; width: 50px;\"><\/div>\n<div style=\"padding-top: 8px;\">\n<div style=\"color: #3897f0; font-family: Arial,sans-serif; font-size: 14px; font-style: normal; font-weight: 550; line-height: 18px;\">Ver esta publicaci\u00f3n en Instagram<\/div>\n<\/div>\n<p style=\"color: #c9c8cd; font-family: Arial,sans-serif; font-size: 14px; line-height: 17px; margin-bottom: 0; margin-top: 8px; overflow: hidden; padding: 8px 0 7px; text-align: center; text-overflow: ellipsis; white-space: nowrap;\"><a style=\"color: #c9c8cd; font-family: Arial,sans-serif; font-size: 14px; font-style: normal; font-weight: normal; line-height: 17px; text-decoration: none;\" href=\"https:\/\/www.instagram.com\/p\/krD-obRYjT\/?utm_source=ig_embed&amp;utm_campaign=loading\" target=\"_blank\">Una publicaci\u00f3n compartida de Vivanco. Cultura De Vino (@vivancoculturadevino)<\/a> el <time style=\"font-family: Arial,sans-serif; font-size: 14px; line-height: 17px;\" datetime=\"2014-02-21T09:19:19+00:00\">21 Feb, 2014 a las 1:19 PST<\/time><\/p>\n<\/div>\n<\/blockquote>\n<p><script src=\"\/\/www.instagram.com\/embed.js\" async=\"\"><\/script><\/p>\n<p>Pero si buscamos un momento ideal para renovar y cambiar el aire o\u00a0la atm\u00f3sfera de nuestra casa,<strong><b>\u00a0la \u00e9poca de primavera y verano es la ideal<\/b><\/strong>. Debido al optimismo que nos proporciona el buen tiempo, nos inclinamos por colores vivos y alegres para inundar nuestros espacios.<br \/>\n<script src=\"\/\/www.instagram.com\/embed.js\" async=\"\"><\/script><\/p>\n<h3><span style=\"text-decoration: underline;\">En primavera<\/span><\/h3>\n<p>Con la llegada de la <strong><b>primavera<\/b><\/strong>, la naturaleza se despereza. Cuando el term\u00f3metro se sit\u00faa por encima de los 10 grados, las vides se despiertan progresivamente de su letargo. El vi\u00f1edo se llena de vida y la vid pasa por sus ciclos brotaci\u00f3n, foliaci\u00f3n, floraci\u00f3n, fecundaci\u00f3n y fructificaci\u00f3n, envero, maduraci\u00f3n y vendimia. Durante todo el invierno, las yemas han estado protegidas por unas escamas pardas y un tejido que parece algod\u00f3n muy fino que se llama borra. La borra act\u00faa como un aislante t\u00e9rmico, resguarda los precursores de las hojas que est\u00e1n bien formados dentro de la yema. Despu\u00e9s de que se reactive el ciclo con los lloros, las yemas comienzan a hincharse, las escamas protectoras se abren y la borra sale al exterior. Por eso, este momento se llama desborre. Es el momento en el que empiezan aparecer los primeros brotes verdes que dan inicio al ciclo anual de la vid y que crecer\u00e1n hasta convertirse en hojas y uvas. La vid va tomando forma, la inflorescencia desarrollada durante el periodo de brotaci\u00f3n comienza a diferenciarse, entre hojas y lo que es una incipiente floraci\u00f3n. Las flores de la vid son de peque\u00f1o tama\u00f1o, los peque\u00f1os racimos, hasta ahora agrupados, comienzan a separarse. Esta separaci\u00f3n entre s\u00ed permite aumentar la exposici\u00f3n a la luz solar.<\/p>\n<blockquote class=\"instagram-media\" style=\"background: #FFF; border: 0; border-radius: 3px; box-shadow: 0 0 1px 0 rgba(0,0,0,0.5),0 1px 10px 0 rgba(0,0,0,0.15); margin: 1px; max-width: 540px; min-width: 326px; padding: 0; width: calc(100% - 2px);\" data-instgrm-permalink=\"https:\/\/www.instagram.com\/p\/lXwExvRYjq\/?utm_source=ig_embed&amp;utm_campaign=loading\" data-instgrm-version=\"12\">\n<div style=\"padding: 16px;\">\n<div style=\"display: flex; flex-direction: row; align-items: center;\"><\/div>\n<p>&nbsp;<\/p>\n<div style=\"padding: 19% 0;\"><\/div>\n<p>&nbsp;<\/p>\n<div style=\"display: block; height: 50px; margin: 0 auto 12px; width: 50px;\"><\/div>\n<p>&nbsp;<\/p>\n<div style=\"padding-top: 8px;\">\n<div style=\"color: #3897f0; font-family: Arial,sans-serif; font-size: 14px; font-style: normal; font-weight: 550; line-height: 18px;\">Ver esta publicaci\u00f3n en Instagram<\/div>\n<p>&nbsp;<\/p>\n<\/div>\n<p><a style=\"color: #c9c8cd; font-family: Arial,sans-serif; font-size: 14px; font-style: normal; font-weight: normal; line-height: 17px; text-decoration: none;\" href=\"https:\/\/www.instagram.com\/p\/lXwExvRYjq\/?utm_source=ig_embed&amp;utm_campaign=loading\" target=\"_blank\">Una publicaci\u00f3n compartida de Vivanco. Cultura De Vino (@vivancoculturadevino)<\/a> el <time style=\"font-family: Arial,sans-serif; font-size: 14px; line-height: 17px;\" datetime=\"2014-03-10T17:51:13+00:00\">10 Mar, 2014 a las 10:51 PDT<\/time><\/p>\n<\/div>\n<\/blockquote>\n<p><script src=\"\/\/www.instagram.com\/embed.js\" async=\"\"><\/script><\/p>\n<h3><a href=\"https:\/\/vivancoculturadevino.es\/blog\/wp-content\/uploads\/2019\/09\/Captura-de-pantalla-2019-09-12-a-las-19.15.15.png\"><img loading=\"lazy\" decoding=\"async\" class=\"aligncenter size-large wp-image-4075\" src=\"https:\/\/vivancoculturadevino.es\/blog\/wp-content\/uploads\/2019\/09\/Captura-de-pantalla-2019-09-12-a-las-19.15.15-1024x1020.png\" alt=\"Captura de pantalla 2019-09-12 a las 19.15.15\" width=\"1024\" height=\"1020\" srcset=\"https:\/\/vivancoculturadevino.es\/blog\/wp-content\/uploads\/2019\/09\/Captura-de-pantalla-2019-09-12-a-las-19.15.15-1024x1020.png 1024w, https:\/\/vivancoculturadevino.es\/blog\/wp-content\/uploads\/2019\/09\/Captura-de-pantalla-2019-09-12-a-las-19.15.15-150x150.png 150w, https:\/\/vivancoculturadevino.es\/blog\/wp-content\/uploads\/2019\/09\/Captura-de-pantalla-2019-09-12-a-las-19.15.15-300x300.png 300w, https:\/\/vivancoculturadevino.es\/blog\/wp-content\/uploads\/2019\/09\/Captura-de-pantalla-2019-09-12-a-las-19.15.15.png 1102w\" sizes=\"(max-width: 1024px) 100vw, 1024px\" \/><\/a> <a href=\"https:\/\/vivancoculturadevino.es\/blog\/wp-content\/uploads\/2019\/09\/flor.jpg\"><img loading=\"lazy\" decoding=\"async\" class=\"aligncenter size-large wp-image-4076\" src=\"https:\/\/vivancoculturadevino.es\/blog\/wp-content\/uploads\/2019\/09\/flor-1010x1024.jpg\" alt=\"flor\" width=\"1010\" height=\"1024\" srcset=\"https:\/\/vivancoculturadevino.es\/blog\/wp-content\/uploads\/2019\/09\/flor-1010x1024.jpg 1010w, https:\/\/vivancoculturadevino.es\/blog\/wp-content\/uploads\/2019\/09\/flor-296x300.jpg 296w, https:\/\/vivancoculturadevino.es\/blog\/wp-content\/uploads\/2019\/09\/flor.jpg 1114w\" sizes=\"(max-width: 1010px) 100vw, 1010px\" \/><\/a><a href=\"https:\/\/vivancoculturadevino.es\/blog\/wp-content\/uploads\/2019\/09\/Vivanco-1.jpg\"><img loading=\"lazy\" decoding=\"async\" class=\"aligncenter size-full wp-image-4089\" src=\"https:\/\/vivancoculturadevino.es\/blog\/wp-content\/uploads\/2019\/09\/Vivanco-1.jpg\" alt=\"Vivanco 1\" width=\"950\" height=\"633\" srcset=\"https:\/\/vivancoculturadevino.es\/blog\/wp-content\/uploads\/2019\/09\/Vivanco-1.jpg 950w, https:\/\/vivancoculturadevino.es\/blog\/wp-content\/uploads\/2019\/09\/Vivanco-1-300x200.jpg 300w\" sizes=\"(max-width: 950px) 100vw, 950px\" \/><\/a><\/h3>\n<h3><\/h3>\n<p>&nbsp;<\/p>\n<h3><span style=\"text-decoration: underline;\">En verano<\/span><\/h3>\n<p>Llegado el <strong><b>verano<\/b><\/strong>\u00a0y resulta muy gratificante pasear por los vi\u00f1edos y disfrutar de la amalgama de colores que nos ofrecen;\u00a0un contraste natural de sol, tierra, hojas y racimos multicolor.<\/p>\n<p><strong><b>Durante el envero es cuando tienen lugar\u00a0los cambios m\u00e1s importantes en la uva, <\/b><\/strong>determinantes para\u00a0la calidad del vino final, ya que se define el color, aroma y sabor.<\/p>\n<p>Las uvas son todas verdes debido a la alta presencia de clorofila. Consisten en\u00a0granos\u00a0peque\u00f1os y con apenas contenido en az\u00facares, as\u00ed como un grado de acidez\u00a0elevado.<\/p>\n<p>Durante el envero, los granos de uva comienzan a engordar mientras los niveles de agua y az\u00facar suben. Debido a ello, se reduce la acidez,\u00a0y su\u00a0piel comienza a estrecharse y a cambiar de color.<\/p>\n<p>Aqu\u00ed cada variedad comienza a virar a su color final. Las uvas tintas pasan a oscuras en una variedad de matices (verdes, rosas, rojizas, azules, negras) y las blancas pasan por todos los tonos de amarillos hasta llegar a su color final. El proceso de envero de un vi\u00f1edo puede durar en torno a 15 d\u00edas.<\/p>\n<blockquote class=\"instagram-media\" style=\"background: #FFF; border: 0; border-radius: 3px; box-shadow: 0 0 1px 0 rgba(0,0,0,0.5),0 1px 10px 0 rgba(0,0,0,0.15); margin: 1px; max-width: 540px; min-width: 326px; padding: 0; width: calc(100% - 2px);\" data-instgrm-permalink=\"https:\/\/www.instagram.com\/p\/B1V-39YHE2U\/?utm_source=ig_embed&amp;utm_campaign=loading\" data-instgrm-version=\"12\">\n<div style=\"padding: 16px;\"><a style=\"background: #FFFFFF; line-height: 0; padding: 0 0; text-align: center; text-decoration: none; width: 100%;\" href=\"https:\/\/www.instagram.com\/p\/B1V-39YHE2U\/?utm_source=ig_embed&amp;utm_campaign=loading\" target=\"_blank\"><br \/>\n <\/a><\/p>\n<div style=\"display: flex; flex-direction: row; align-items: center;\"><\/div>\n<div style=\"padding: 19% 0;\"><\/div>\n<div style=\"display: block; height: 50px; margin: 0 auto 12px; width: 50px;\"><\/div>\n<div style=\"padding-top: 8px;\">\n<div style=\"color: #3897f0; font-family: Arial,sans-serif; font-size: 14px; font-style: normal; font-weight: 550; line-height: 18px;\">Ver esta publicaci\u00f3n en Instagram<\/div>\n<\/div>\n<p><a style=\"color: #c9c8cd; font-family: Arial,sans-serif; font-size: 14px; font-style: normal; font-weight: normal; line-height: 17px; text-decoration: none;\" href=\"https:\/\/www.instagram.com\/p\/B1V-39YHE2U\/?utm_source=ig_embed&amp;utm_campaign=loading\" target=\"_blank\">Una publicaci\u00f3n compartida de Vivanco. Cultura De Vino (@vivancoculturadevino)<\/a> el <time style=\"font-family: Arial,sans-serif; font-size: 14px; line-height: 17px;\" datetime=\"2019-08-19T11:13:35+00:00\">19 Ago, 2019 a las 4:13 PDT<\/time>\n<\/div>\n<\/blockquote>\n<p><script src=\"\/\/www.instagram.com\/embed.js\" async=\"\"><\/script><\/p>\n<blockquote class=\"instagram-media\" style=\"background: #FFF; border: 0; border-radius: 3px; box-shadow: 0 0 1px 0 rgba(0,0,0,0.5),0 1px 10px 0 rgba(0,0,0,0.15); margin: 1px; max-width: 540px; min-width: 326px; padding: 0; width: calc(100% - 2px);\" data-instgrm-permalink=\"https:\/\/www.instagram.com\/p\/BxO-6rSn0d_\/?utm_source=ig_embed&amp;utm_campaign=loading\" data-instgrm-version=\"12\">\n<div style=\"padding: 16px;\"><a style=\"background: #FFFFFF; line-height: 0; padding: 0 0; text-align: center; text-decoration: none; width: 100%;\" href=\"https:\/\/www.instagram.com\/p\/BxO-6rSn0d_\/?utm_source=ig_embed&amp;utm_campaign=loading\" target=\"_blank\"><br \/>\n<\/a><\/p>\n<div style=\"display: flex; flex-direction: row; align-items: center;\"><\/div>\n<div style=\"padding: 19% 0;\"><\/div>\n<div style=\"display: block; height: 50px; margin: 0 auto 12px; width: 50px;\"><\/div>\n<div style=\"padding-top: 8px;\">\n<div style=\"color: #3897f0; font-family: Arial,sans-serif; font-size: 14px; font-style: normal; font-weight: 550; line-height: 18px;\">Ver esta publicaci\u00f3n en Instagram<\/div>\n<\/div>\n<p><a style=\"color: #c9c8cd; font-family: Arial,sans-serif; font-size: 14px; font-style: normal; font-weight: normal; line-height: 17px; text-decoration: none;\" href=\"https:\/\/www.instagram.com\/p\/BxO-6rSn0d_\/?utm_source=ig_embed&amp;utm_campaign=loading\" target=\"_blank\">Una publicaci\u00f3n compartida de Vivanco. Cultura De Vino (@vivancoculturadevino)<\/a> el <time style=\"font-family: Arial,sans-serif; font-size: 14px; line-height: 17px;\" datetime=\"2019-05-09T07:53:42+00:00\">9 May, 2019 a las 12:53 PDT<\/time><\/p>\n<\/div>\n<\/blockquote>\n<p><script src=\"\/\/www.instagram.com\/embed.js\" async=\"\"><\/script><\/p>\n<p>Despu\u00e9s de conocer todas las temporadas que vive el vi\u00f1edo y sus tonos crom\u00e1ticos, estamos convencidos que has sabido captar el encanto de cada uno.<\/p>\n","protected":false},"excerpt":{"rendered":"<p>Te invitamos a conocer c\u00f3mo van cambiando las tonalidades del vi\u00f1edo con las distintas estaciones del a\u00f1o. <\/p>\n","protected":false},"author":17,"featured_media":4080,"comment_status":"open","ping_status":"closed","sticky":false,"template":"","format":"standard","meta":{"footnotes":"","_elementor_edit_mode":"","_elementor_template_type":"","_elementor_data":"","_elementor_page_settings":null,"_elementor_conditions":[]},"categories":[6],"tags":[568,569,212],"class_list":["post-4071","post","type-post","status-publish","format-standard","has-post-thumbnail","hentry","category-experiencias","tag-colores","tag-pantones","tag-vinedo"],"yoast_head":"<!-- This site is optimized with the Yoast SEO plugin v26.8 - https:\/\/yoast.com\/product\/yoast-seo-wordpress\/ -->\n<title>El color del mundo del vino para tu ambiente: el vi\u00f1edo 1 | Vivanco<\/title>\n<meta name=\"description\" content=\"Te invitamos a conocer c\u00f3mo van cambiando las tonalidades del vi\u00f1edo con las distintas estaciones del a\u00f1o.\" \/>\n<meta name=\"robots\" content=\"index, follow, max-snippet:-1, max-image-preview:large, max-video-preview:-1\" \/>\n<link rel=\"canonical\" href=\"https:\/\/vivancoculturadevino.es\/blog\/2019\/09\/16\/color-mundo-vino-ambiente-vinedo\/\" \/>\n<meta property=\"og:locale\" content=\"es_ES\" \/>\n<meta property=\"og:type\" content=\"article\" \/>\n<meta property=\"og:title\" content=\"El color del mundo del vino para tu ambiente: el vi\u00f1edo 1 | Vivanco\" \/>\n<meta property=\"og:description\" content=\"Te invitamos a conocer c\u00f3mo van cambiando las tonalidades del vi\u00f1edo con las distintas estaciones del a\u00f1o.\" \/>\n<meta property=\"og:url\" content=\"https:\/\/vivancoculturadevino.es\/blog\/2019\/09\/16\/color-mundo-vino-ambiente-vinedo\/\" \/>\n<meta property=\"og:site_name\" content=\"Vivanco\" \/>\n<meta property=\"article:published_time\" content=\"2019-09-16T12:32:07+00:00\" \/>\n<meta property=\"article:modified_time\" content=\"2019-09-18T11:11:52+00:00\" \/>\n<meta property=\"og:image\" content=\"https:\/\/vivancoculturadevino.es\/blog\/wp-content\/uploads\/2019\/09\/22499983_302251950257327_8846884120039522304_n.jpg\" \/>\n\t<meta property=\"og:image:width\" content=\"640\" \/>\n\t<meta property=\"og:image:height\" content=\"640\" \/>\n\t<meta property=\"og:image:type\" content=\"image\/jpeg\" \/>\n<meta name=\"author\" content=\"Carlos \u00c1guila\" \/>\n<meta name=\"twitter:card\" content=\"summary_large_image\" \/>\n<meta name=\"twitter:image\" content=\"https:\/\/vivancoculturadevino.es\/blog\/wp-content\/uploads\/2019\/09\/22499983_302251950257327_8846884120039522304_n.jpg\" \/>\n<meta name=\"twitter:creator\" content=\"@Carlos7alella\" \/>\n<meta name=\"twitter:label1\" content=\"Escrito por\" \/>\n\t<meta name=\"twitter:data1\" content=\"Carlos \u00c1guila\" \/>\n\t<meta name=\"twitter:label2\" content=\"Tiempo de lectura\" \/>\n\t<meta name=\"twitter:data2\" content=\"7 minutos\" \/>\n<script type=\"application\/ld+json\" class=\"yoast-schema-graph\">{\"@context\":\"https:\/\/schema.org\",\"@graph\":[{\"@type\":\"Article\",\"@id\":\"https:\/\/vivancoculturadevino.es\/blog\/2019\/09\/16\/color-mundo-vino-ambiente-vinedo\/#article\",\"isPartOf\":{\"@id\":\"https:\/\/vivancoculturadevino.es\/blog\/2019\/09\/16\/color-mundo-vino-ambiente-vinedo\/\"},\"author\":{\"name\":\"Carlos \u00c1guila\",\"@id\":\"https:\/\/vivancoculturadevino.es\/blog\/#\/schema\/person\/71b1d7501cd1529de138ca9f30c732fe\"},\"headline\":\"El color del mundo del vino para tu ambiente: el vi\u00f1edo 1\",\"datePublished\":\"2019-09-16T12:32:07+00:00\",\"dateModified\":\"2019-09-18T11:11:52+00:00\",\"mainEntityOfPage\":{\"@id\":\"https:\/\/vivancoculturadevino.es\/blog\/2019\/09\/16\/color-mundo-vino-ambiente-vinedo\/\"},\"wordCount\":1350,\"commentCount\":0,\"publisher\":{\"@id\":\"https:\/\/vivancoculturadevino.es\/blog\/#organization\"},\"image\":{\"@id\":\"https:\/\/vivancoculturadevino.es\/blog\/2019\/09\/16\/color-mundo-vino-ambiente-vinedo\/#primaryimage\"},\"thumbnailUrl\":\"https:\/\/vivancoculturadevino.es\/blog\/wp-content\/uploads\/2019\/09\/22499983_302251950257327_8846884120039522304_n.jpg\",\"keywords\":[\"colores\",\"pantones\",\"vi\u00f1edo\"],\"articleSection\":[\"Compartiendo\"],\"inLanguage\":\"es\",\"potentialAction\":[{\"@type\":\"CommentAction\",\"name\":\"Comment\",\"target\":[\"https:\/\/vivancoculturadevino.es\/blog\/2019\/09\/16\/color-mundo-vino-ambiente-vinedo\/#respond\"]}]},{\"@type\":\"WebPage\",\"@id\":\"https:\/\/vivancoculturadevino.es\/blog\/2019\/09\/16\/color-mundo-vino-ambiente-vinedo\/\",\"url\":\"https:\/\/vivancoculturadevino.es\/blog\/2019\/09\/16\/color-mundo-vino-ambiente-vinedo\/\",\"name\":\"El color del mundo del vino para tu ambiente: el vi\u00f1edo 1 | Vivanco\",\"isPartOf\":{\"@id\":\"https:\/\/vivancoculturadevino.es\/blog\/#website\"},\"primaryImageOfPage\":{\"@id\":\"https:\/\/vivancoculturadevino.es\/blog\/2019\/09\/16\/color-mundo-vino-ambiente-vinedo\/#primaryimage\"},\"image\":{\"@id\":\"https:\/\/vivancoculturadevino.es\/blog\/2019\/09\/16\/color-mundo-vino-ambiente-vinedo\/#primaryimage\"},\"thumbnailUrl\":\"https:\/\/vivancoculturadevino.es\/blog\/wp-content\/uploads\/2019\/09\/22499983_302251950257327_8846884120039522304_n.jpg\",\"datePublished\":\"2019-09-16T12:32:07+00:00\",\"dateModified\":\"2019-09-18T11:11:52+00:00\",\"description\":\"Te invitamos a conocer c\u00f3mo van cambiando las tonalidades del vi\u00f1edo con las distintas estaciones del a\u00f1o.\",\"breadcrumb\":{\"@id\":\"https:\/\/vivancoculturadevino.es\/blog\/2019\/09\/16\/color-mundo-vino-ambiente-vinedo\/#breadcrumb\"},\"inLanguage\":\"es\",\"potentialAction\":[{\"@type\":\"ReadAction\",\"target\":[\"https:\/\/vivancoculturadevino.es\/blog\/2019\/09\/16\/color-mundo-vino-ambiente-vinedo\/\"]}]},{\"@type\":\"ImageObject\",\"inLanguage\":\"es\",\"@id\":\"https:\/\/vivancoculturadevino.es\/blog\/2019\/09\/16\/color-mundo-vino-ambiente-vinedo\/#primaryimage\",\"url\":\"https:\/\/vivancoculturadevino.es\/blog\/wp-content\/uploads\/2019\/09\/22499983_302251950257327_8846884120039522304_n.jpg\",\"contentUrl\":\"https:\/\/vivancoculturadevino.es\/blog\/wp-content\/uploads\/2019\/09\/22499983_302251950257327_8846884120039522304_n.jpg\",\"width\":640,\"height\":640},{\"@type\":\"BreadcrumbList\",\"@id\":\"https:\/\/vivancoculturadevino.es\/blog\/2019\/09\/16\/color-mundo-vino-ambiente-vinedo\/#breadcrumb\",\"itemListElement\":[{\"@type\":\"ListItem\",\"position\":1,\"name\":\"Portada\",\"item\":\"https:\/\/vivancoculturadevino.es\/blog\/\"},{\"@type\":\"ListItem\",\"position\":2,\"name\":\"El color del mundo del vino para tu ambiente: el vi\u00f1edo 1\"}]},{\"@type\":\"WebSite\",\"@id\":\"https:\/\/vivancoculturadevino.es\/blog\/#website\",\"url\":\"https:\/\/vivancoculturadevino.es\/blog\/\",\"name\":\"Vivanco\",\"description\":\"Una familia y una pasi\u00f3n: Compartir la cultura del vino\",\"publisher\":{\"@id\":\"https:\/\/vivancoculturadevino.es\/blog\/#organization\"},\"potentialAction\":[{\"@type\":\"SearchAction\",\"target\":{\"@type\":\"EntryPoint\",\"urlTemplate\":\"https:\/\/vivancoculturadevino.es\/blog\/?s={search_term_string}\"},\"query-input\":{\"@type\":\"PropertyValueSpecification\",\"valueRequired\":true,\"valueName\":\"search_term_string\"}}],\"inLanguage\":\"es\"},{\"@type\":\"Organization\",\"@id\":\"https:\/\/vivancoculturadevino.es\/blog\/#organization\",\"name\":\"Vivanco\",\"url\":\"https:\/\/vivancoculturadevino.es\/blog\/\",\"logo\":{\"@type\":\"ImageObject\",\"inLanguage\":\"es\",\"@id\":\"https:\/\/vivancoculturadevino.es\/blog\/#\/schema\/logo\/image\/\",\"url\":\"https:\/\/vivancoculturadevino.es\/blog\/wp-content\/uploads\/2026\/01\/Logo-blanco.svg\",\"contentUrl\":\"https:\/\/vivancoculturadevino.es\/blog\/wp-content\/uploads\/2026\/01\/Logo-blanco.svg\",\"width\":134,\"height\":43,\"caption\":\"Vivanco\"},\"image\":{\"@id\":\"https:\/\/vivancoculturadevino.es\/blog\/#\/schema\/logo\/image\/\"}},{\"@type\":\"Person\",\"@id\":\"https:\/\/vivancoculturadevino.es\/blog\/#\/schema\/person\/71b1d7501cd1529de138ca9f30c732fe\",\"name\":\"Carlos \u00c1guila\",\"image\":{\"@type\":\"ImageObject\",\"inLanguage\":\"es\",\"@id\":\"https:\/\/vivancoculturadevino.es\/blog\/#\/schema\/person\/image\/\",\"url\":\"https:\/\/secure.gravatar.com\/avatar\/07385078351f2e05f68f8974cb47a6b1fe6cdf5a291f18247404c388e8bda775?s=96&d=mm&r=g\",\"contentUrl\":\"https:\/\/secure.gravatar.com\/avatar\/07385078351f2e05f68f8974cb47a6b1fe6cdf5a291f18247404c388e8bda775?s=96&d=mm&r=g\",\"caption\":\"Carlos \u00c1guila\"},\"description\":\"Nieto de viticultor y amante del mundo del vino. Escribo para acercar el mundo del vino a la gente, escuchar y beber historias de vino para contarlas es mi peque\u00f1a contribuci\u00f3n al legado de mi abuelo, creador de contenidos del vino y el enoturismo para bodegas. Fundador de GuardianofWine.com\",\"sameAs\":[\"https:\/\/x.com\/Carlos7alella\"],\"url\":\"https:\/\/vivancoculturadevino.es\/blog\/author\/carlos-aguila\/\"}]}<\/script>\n<!-- \/ Yoast SEO plugin. -->","yoast_head_json":{"title":"El color del mundo del vino para tu ambiente: el vi\u00f1edo 1 | Vivanco","description":"Te invitamos a conocer c\u00f3mo van cambiando las tonalidades del vi\u00f1edo con las distintas estaciones del a\u00f1o.","robots":{"index":"index","follow":"follow","max-snippet":"max-snippet:-1","max-image-preview":"max-image-preview:large","max-video-preview":"max-video-preview:-1"},"canonical":"https:\/\/vivancoculturadevino.es\/blog\/2019\/09\/16\/color-mundo-vino-ambiente-vinedo\/","og_locale":"es_ES","og_type":"article","og_title":"El color del mundo del vino para tu ambiente: el vi\u00f1edo 1 | Vivanco","og_description":"Te invitamos a conocer c\u00f3mo van cambiando las tonalidades del vi\u00f1edo con las distintas estaciones del a\u00f1o.","og_url":"https:\/\/vivancoculturadevino.es\/blog\/2019\/09\/16\/color-mundo-vino-ambiente-vinedo\/","og_site_name":"Vivanco","article_published_time":"2019-09-16T12:32:07+00:00","article_modified_time":"2019-09-18T11:11:52+00:00","og_image":[{"width":640,"height":640,"url":"https:\/\/vivancoculturadevino.es\/blog\/wp-content\/uploads\/2019\/09\/22499983_302251950257327_8846884120039522304_n.jpg","type":"image\/jpeg"}],"author":"Carlos \u00c1guila","twitter_card":"summary_large_image","twitter_image":"https:\/\/vivancoculturadevino.es\/blog\/wp-content\/uploads\/2019\/09\/22499983_302251950257327_8846884120039522304_n.jpg","twitter_creator":"@Carlos7alella","twitter_misc":{"Escrito por":"Carlos \u00c1guila","Tiempo de lectura":"7 minutos"},"schema":{"@context":"https:\/\/schema.org","@graph":[{"@type":"Article","@id":"https:\/\/vivancoculturadevino.es\/blog\/2019\/09\/16\/color-mundo-vino-ambiente-vinedo\/#article","isPartOf":{"@id":"https:\/\/vivancoculturadevino.es\/blog\/2019\/09\/16\/color-mundo-vino-ambiente-vinedo\/"},"author":{"name":"Carlos \u00c1guila","@id":"https:\/\/vivancoculturadevino.es\/blog\/#\/schema\/person\/71b1d7501cd1529de138ca9f30c732fe"},"headline":"El color del mundo del vino para tu ambiente: el vi\u00f1edo 1","datePublished":"2019-09-16T12:32:07+00:00","dateModified":"2019-09-18T11:11:52+00:00","mainEntityOfPage":{"@id":"https:\/\/vivancoculturadevino.es\/blog\/2019\/09\/16\/color-mundo-vino-ambiente-vinedo\/"},"wordCount":1350,"commentCount":0,"publisher":{"@id":"https:\/\/vivancoculturadevino.es\/blog\/#organization"},"image":{"@id":"https:\/\/vivancoculturadevino.es\/blog\/2019\/09\/16\/color-mundo-vino-ambiente-vinedo\/#primaryimage"},"thumbnailUrl":"https:\/\/vivancoculturadevino.es\/blog\/wp-content\/uploads\/2019\/09\/22499983_302251950257327_8846884120039522304_n.jpg","keywords":["colores","pantones","vi\u00f1edo"],"articleSection":["Compartiendo"],"inLanguage":"es","potentialAction":[{"@type":"CommentAction","name":"Comment","target":["https:\/\/vivancoculturadevino.es\/blog\/2019\/09\/16\/color-mundo-vino-ambiente-vinedo\/#respond"]}]},{"@type":"WebPage","@id":"https:\/\/vivancoculturadevino.es\/blog\/2019\/09\/16\/color-mundo-vino-ambiente-vinedo\/","url":"https:\/\/vivancoculturadevino.es\/blog\/2019\/09\/16\/color-mundo-vino-ambiente-vinedo\/","name":"El color del mundo del vino para tu ambiente: el vi\u00f1edo 1 | Vivanco","isPartOf":{"@id":"https:\/\/vivancoculturadevino.es\/blog\/#website"},"primaryImageOfPage":{"@id":"https:\/\/vivancoculturadevino.es\/blog\/2019\/09\/16\/color-mundo-vino-ambiente-vinedo\/#primaryimage"},"image":{"@id":"https:\/\/vivancoculturadevino.es\/blog\/2019\/09\/16\/color-mundo-vino-ambiente-vinedo\/#primaryimage"},"thumbnailUrl":"https:\/\/vivancoculturadevino.es\/blog\/wp-content\/uploads\/2019\/09\/22499983_302251950257327_8846884120039522304_n.jpg","datePublished":"2019-09-16T12:32:07+00:00","dateModified":"2019-09-18T11:11:52+00:00","description":"Te invitamos a conocer c\u00f3mo van cambiando las tonalidades del vi\u00f1edo con las distintas estaciones del a\u00f1o.","breadcrumb":{"@id":"https:\/\/vivancoculturadevino.es\/blog\/2019\/09\/16\/color-mundo-vino-ambiente-vinedo\/#breadcrumb"},"inLanguage":"es","potentialAction":[{"@type":"ReadAction","target":["https:\/\/vivancoculturadevino.es\/blog\/2019\/09\/16\/color-mundo-vino-ambiente-vinedo\/"]}]},{"@type":"ImageObject","inLanguage":"es","@id":"https:\/\/vivancoculturadevino.es\/blog\/2019\/09\/16\/color-mundo-vino-ambiente-vinedo\/#primaryimage","url":"https:\/\/vivancoculturadevino.es\/blog\/wp-content\/uploads\/2019\/09\/22499983_302251950257327_8846884120039522304_n.jpg","contentUrl":"https:\/\/vivancoculturadevino.es\/blog\/wp-content\/uploads\/2019\/09\/22499983_302251950257327_8846884120039522304_n.jpg","width":640,"height":640},{"@type":"BreadcrumbList","@id":"https:\/\/vivancoculturadevino.es\/blog\/2019\/09\/16\/color-mundo-vino-ambiente-vinedo\/#breadcrumb","itemListElement":[{"@type":"ListItem","position":1,"name":"Portada","item":"https:\/\/vivancoculturadevino.es\/blog\/"},{"@type":"ListItem","position":2,"name":"El color del mundo del vino para tu ambiente: el vi\u00f1edo 1"}]},{"@type":"WebSite","@id":"https:\/\/vivancoculturadevino.es\/blog\/#website","url":"https:\/\/vivancoculturadevino.es\/blog\/","name":"Vivanco","description":"Una familia y una pasi\u00f3n: Compartir la cultura del vino","publisher":{"@id":"https:\/\/vivancoculturadevino.es\/blog\/#organization"},"potentialAction":[{"@type":"SearchAction","target":{"@type":"EntryPoint","urlTemplate":"https:\/\/vivancoculturadevino.es\/blog\/?s={search_term_string}"},"query-input":{"@type":"PropertyValueSpecification","valueRequired":true,"valueName":"search_term_string"}}],"inLanguage":"es"},{"@type":"Organization","@id":"https:\/\/vivancoculturadevino.es\/blog\/#organization","name":"Vivanco","url":"https:\/\/vivancoculturadevino.es\/blog\/","logo":{"@type":"ImageObject","inLanguage":"es","@id":"https:\/\/vivancoculturadevino.es\/blog\/#\/schema\/logo\/image\/","url":"https:\/\/vivancoculturadevino.es\/blog\/wp-content\/uploads\/2026\/01\/Logo-blanco.svg","contentUrl":"https:\/\/vivancoculturadevino.es\/blog\/wp-content\/uploads\/2026\/01\/Logo-blanco.svg","width":134,"height":43,"caption":"Vivanco"},"image":{"@id":"https:\/\/vivancoculturadevino.es\/blog\/#\/schema\/logo\/image\/"}},{"@type":"Person","@id":"https:\/\/vivancoculturadevino.es\/blog\/#\/schema\/person\/71b1d7501cd1529de138ca9f30c732fe","name":"Carlos \u00c1guila","image":{"@type":"ImageObject","inLanguage":"es","@id":"https:\/\/vivancoculturadevino.es\/blog\/#\/schema\/person\/image\/","url":"https:\/\/secure.gravatar.com\/avatar\/07385078351f2e05f68f8974cb47a6b1fe6cdf5a291f18247404c388e8bda775?s=96&d=mm&r=g","contentUrl":"https:\/\/secure.gravatar.com\/avatar\/07385078351f2e05f68f8974cb47a6b1fe6cdf5a291f18247404c388e8bda775?s=96&d=mm&r=g","caption":"Carlos \u00c1guila"},"description":"Nieto de viticultor y amante del mundo del vino. Escribo para acercar el mundo del vino a la gente, escuchar y beber historias de vino para contarlas es mi peque\u00f1a contribuci\u00f3n al legado de mi abuelo, creador de contenidos del vino y el enoturismo para bodegas. Fundador de GuardianofWine.com","sameAs":["https:\/\/x.com\/Carlos7alella"],"url":"https:\/\/vivancoculturadevino.es\/blog\/author\/carlos-aguila\/"}]}},"_links":{"self":[{"href":"https:\/\/vivancoculturadevino.es\/blog\/wp-json\/wp\/v2\/posts\/4071","targetHints":{"allow":["GET"]}}],"collection":[{"href":"https:\/\/vivancoculturadevino.es\/blog\/wp-json\/wp\/v2\/posts"}],"about":[{"href":"https:\/\/vivancoculturadevino.es\/blog\/wp-json\/wp\/v2\/types\/post"}],"author":[{"embeddable":true,"href":"https:\/\/vivancoculturadevino.es\/blog\/wp-json\/wp\/v2\/users\/17"}],"replies":[{"embeddable":true,"href":"https:\/\/vivancoculturadevino.es\/blog\/wp-json\/wp\/v2\/comments?post=4071"}],"version-history":[{"count":8,"href":"https:\/\/vivancoculturadevino.es\/blog\/wp-json\/wp\/v2\/posts\/4071\/revisions"}],"predecessor-version":[{"id":4092,"href":"https:\/\/vivancoculturadevino.es\/blog\/wp-json\/wp\/v2\/posts\/4071\/revisions\/4092"}],"wp:featuredmedia":[{"embeddable":true,"href":"https:\/\/vivancoculturadevino.es\/blog\/wp-json\/wp\/v2\/media\/4080"}],"wp:attachment":[{"href":"https:\/\/vivancoculturadevino.es\/blog\/wp-json\/wp\/v2\/media?parent=4071"}],"wp:term":[{"taxonomy":"category","embeddable":true,"href":"https:\/\/vivancoculturadevino.es\/blog\/wp-json\/wp\/v2\/categories?post=4071"},{"taxonomy":"post_tag","embeddable":true,"href":"https:\/\/vivancoculturadevino.es\/blog\/wp-json\/wp\/v2\/tags?post=4071"}],"curies":[{"name":"wp","href":"https:\/\/api.w.org\/{rel}","templated":true}]}}