{"id":4059,"date":"2019-09-05T08:00:39","date_gmt":"2019-09-05T07:00:39","guid":{"rendered":"https:\/\/vivancoculturadevino.es\/blog\/?p=4059"},"modified":"2020-01-16T11:48:10","modified_gmt":"2020-01-16T10:48:10","slug":"entrevista-pilar-de-haya-lavinia","status":"publish","type":"post","link":"https:\/\/vivancoculturadevino.es\/blog\/2019\/09\/05\/entrevista-pilar-de-haya-lavinia\/","title":{"rendered":"Entrevista a Pilar de Haya, Lavinia: \u201cMe gusta mucho el vino porque une. M\u00e1s que el WIFI.\u201d"},"content":{"rendered":"<p>La Cultura de Vino tiene muchas caras, pero si hay una especialmente visible para los consumidores, esa es la vinoteca. El lugar que conecta los dos mundos: personas que quieren disfrutar de un vino, y botellas de vino que quieren ser catadas. Y haciendo de puente, los vendedores de estas tiendas, con una influencia vital en la decisi\u00f3n de compra.<\/p>\n<p>Hoy nos acercamos a Lavinia, una de las vinotecas con may\u00fasculas. 20 a\u00f1os de historia, m\u00e1s de 4500 referencias de vino, 20 sumilleres a su servicio y un \u00fanico objetivo: ponerle alma a todos estos n\u00fameros.<\/p>\n<p>Hoy conocemos a nuestra nueva <em><i>Human of Wine<\/i><\/em>: Pilar de Haya, responsable de eventos y empresas en Lavinia.<\/p>\n<p><strong><b>\/ \u00bfC\u00f3mo es tu d\u00eda a d\u00eda? \/<\/b><\/strong><\/p>\n<p>Es muy variado. Cuando Juan Manuel, mi director, me ofreci\u00f3 trabajar aqu\u00ed, me avis\u00f3 de que cada d\u00eda ser\u00eda diferente. Y es verdad. Llevo el departamento de eventos y empresas en Lavinia desde hace dos a\u00f1os. Me encargo de las fiestas para promocionar la Cultura del Vino, de empresas que nos encargan regalos de Navidad, acciones de networking con otros clientes, visitas a bodegas&#8230;Y tambi\u00e9n vendo botellas (risas).<\/p>\n<p><strong><b>\u00a0<\/b><\/strong><\/p>\n<p><strong><b>\/ \u00bfCu\u00e1l crees que es la se\u00f1a de identidad de Lavinia? \/<\/b><\/strong><\/p>\n<p>De entrada, la tienda ya impone. Estamos en el barrio m\u00e1s elegante de Madrid y es una tienda enorme, pensada de una forma hedonista para disfrutar del vino como algo emocionante. Aqu\u00ed tambi\u00e9n tenemos nuestro restaurante con el chef Toni Garc\u00eda, en el que puedes comer con un vino que has comprado en nuestra tienda, a precio de tienda y sin cobrar descorche. Los compa\u00f1eros de tienda son profesionales excelentes, ya que estamos en constante formaci\u00f3n. Alguien que entra en esta tienda, \u00a1o se encomienda a la virgen o se encomienda a un sumiller! Le dedican el tiempo y cari\u00f1o que haga falta para que se vayan contentos con la botella de 10\u20ac o con la de 1000\u20ac.<\/p>\n<p>&nbsp;<\/p>\n<p><strong><b>\/ Las referencias de vino en vuestra tienda parecen infinitas \/<\/b><\/strong><\/p>\n<p>S\u00ed, y adem\u00e1s, todos los vinos que tenemos los compramos directamente a sus bodegas, para poder asegurar que est\u00e9n en perfecto estado. Eso nos da mucho trabajo, porque tenemos que hablar con cada bodega, y tenemos 4500 referencias de Espa\u00f1a y de todo el mundo. Pero como aqu\u00ed todos somos muy amantes del vino, no nos importa pasar muchas horas trabajando en esto.<\/p>\n<p>&nbsp;<\/p>\n<p><strong><b>\/ \u00bfTu pasi\u00f3n por el vino comienza en Lavinia? \/<\/b><\/strong><\/p>\n<p>Yo me dedicaba al mundo de la m\u00fasica y tuve una crisis vocacional. Consegu\u00ed un trabajo en la Feria Gourmets de Madrid y tuve una epifan\u00eda en la que vi que quer\u00eda pertenecer al mundo del vino. Despu\u00e9s pas\u00e9 a trabajar en una revista y luego vine a Lavinia. Ya llevo 20 a\u00f1os en este sector.<\/p>\n<p>Casualmente, despu\u00e9s he vuelto al mundo de la m\u00fasica con mi banda de rock The Winedrinkers, en el que unimos dos pasiones: m\u00fasica y vino.<\/p>\n<p>&nbsp;<\/p>\n<p><strong><b>\/ \u00bfQu\u00e9 tipo de clientes vienen a la tienda? \/<\/b><\/strong><\/p>\n<p>Gracias a Dios, viene de todo. A m\u00ed me gusta que cada uno se acerque al vino como lo sienta. Tenemos a clientes entendid\u00edsmos a lo friky, que buscan la botella de Ganevat de las que tenemos 12, y en el momento que se enteran ya est\u00e1n por aqu\u00ed. Tenemos a clientes que conocen las cl\u00e1sicas firmas de Rioja o Ribera del Duero y buscan vinos para sus celebraciones o para regalar. Tenemos a gente muy joven que viene sobre todo a los showrooms para empaparse del mundo del vino de una forma agradable y f\u00e1cil. Tambi\u00e9n profesionales y sumilleres de restaurantes. Es una tienda en la que todos pueden encontrar su lugar.<\/p>\n<p>&nbsp;<\/p>\n<p><strong><b>\/ \u00bfC\u00f3mo sab\u00e9is que vais a acertar en la recomendaci\u00f3n de un vino? \/<\/b><\/strong><\/p>\n<p>Yo les hago muchas preguntas. Utilizo sus respuestas, m\u00e1s la memoria que tengo de los vinos que he catado, m\u00e1s la intuici\u00f3n. Y si tengo alguna duda o necesito inspiraci\u00f3n, voy a alg\u00fan compa\u00f1ero, aunque es gracioso porque siempre decimos cosas diferentes. Y si no acertamos, les digo que vengan. Muchas personas tienen a los sumilleres que les gustan, nuestros sumilleres tienen sus fans.<\/p>\n<p>&nbsp;<\/p>\n<p><strong><b>\/ \u00bfQu\u00e9 significa para ti la Cultura de Vino? \/<\/b><\/strong><\/p>\n<p>Para m\u00ed, la Cultura de Vino empieza en las regiones: los productos que hay en la zona, las uvas, su clima, la tierra&#8230; Cada una tiene un car\u00e1cter especial. Esto se transmite en una botella que llega hasta esta tienda. Para m\u00ed, no hay nada m\u00e1s bonito que ir a una regi\u00f3n y que un bodeguero me recomiende otras bodegas a las que ir. Hay una cultura y una uni\u00f3n que ayuda a la riqueza tanto econ\u00f3mica como cultural de la zona. Para m\u00ed, el campo es el pulm\u00f3n de la sociedad, no podemos estar despegados de la tierra, en todos los sentidos.<strong><b>\u00a0Me gusta mucho el vino porque une. M\u00e1s que el WIFI.<\/b><\/strong><\/p>\n<p>Agradezco a Vivanco que tenga toda la historia del vino guardada y que la mantengan para el resto de generaciones. Porque es muy importante conocer de d\u00f3nde ven\u00edamos en el mundo del vino, d\u00f3nde estamos ahora y c\u00f3mo poder hacerlo mejor m\u00e1s adelante. La labor que hacen es estupenda, les estoy muy agradecida.<\/p>\n<p>&nbsp;<\/p>\n<p><strong><b>\/ \u00bfQu\u00e9 vino Vivanco recomendar\u00edas? \/<\/b><\/strong><\/p>\n<p>A m\u00ed me gustan mucho los vinos de Colecci\u00f3n Vivanco y en concreto, la Garnacha. Los muy entendidos pueden buscar algo m\u00e1s especial, como puede ser la Maturana Tinta. Para m\u00ed, me quedar\u00eda con el vino <strong><b>Colecci\u00f3n<\/b><\/strong>\u00a0<strong><b>Vivanco Parcelas de Garnacha<\/b><\/strong>. Me parece que est\u00e1 fant\u00e1stico. Y para alguien que no entienda tanto, recomendar\u00eda el <strong><b>Vivanco Reserva<\/b><\/strong>\u00a0que est\u00e1 muy bien de precio y es estupendo. Vivanco tiene vinos para todos los perfiles.<\/p>\n<p>&nbsp;<\/p>\n<p><strong><b>\/ \u00bfGuardas alg\u00fan recuerdo bonito donde el vino estaba presente? \/<\/b><\/strong><\/p>\n<p>El \u00fanico alcohol que beb\u00eda mi padre era un vinito que serv\u00edan en un vaso de\u00a0<em><i>zurito<\/i><\/em>\u00a0en Getxo, de donde soy. Un d\u00eda, de ni\u00f1a, cuando sal\u00eda de jugar al front\u00f3n, mi padre me dio dinero para un helado por haberme portado bien, pero quise sorprenderle y compr\u00e9 un vino para \u00e9l. Entr\u00e9 en el sal\u00f3n de cartas haciendo lo imposible por convencer al camarero, ya que los ni\u00f1os no pod\u00edan entrar, le puse el vino a mi padre y fui la sensaci\u00f3n del club. A ese momento le tengo mucho cari\u00f1o. La Rioja me gusta mucho porque me recuerda a la tierra batida, al front\u00f3n y a la pelota.<\/p>\n<p>&nbsp;<\/p>\n","protected":false},"excerpt":{"rendered":"<p>La Cultura de Vino tiene muchas caras, pero si hay una especialmente visible para los consumidores, esa es la vinoteca. El lugar que conecta los dos mundos: personas que quieren disfrutar de un vino, y botellas de vino que quieren ser catadas.<\/p>\n","protected":false},"author":1,"featured_media":4060,"comment_status":"open","ping_status":"closed","sticky":false,"template":"","format":"standard","meta":{"footnotes":"","_elementor_edit_mode":"","_elementor_template_type":"","_elementor_data":"","_elementor_page_settings":null,"_elementor_conditions":[]},"categories":[6,592],"tags":[560,4],"class_list":["post-4059","post","type-post","status-publish","format-standard","has-post-thumbnail","hentry","category-experiencias","category-humans-of-wine","tag-humans-of-wine","tag-vino"],"yoast_head":"<!-- This site is optimized with the Yoast SEO plugin v26.8 - https:\/\/yoast.com\/product\/yoast-seo-wordpress\/ -->\n<title>Entrevista a Pilar de Haya, Lavinia: \u201cMe gusta mucho el vino porque une. M\u00e1s que el WIFI.\u201d | Vivanco<\/title>\n<meta name=\"description\" content=\"La Cultura de Vino tiene muchas caras, pero si hay una especialmente visible para los consumidores, esa es la vinoteca. El lugar que conecta los dos mundos: personas que quieren disfrutar de un vino, y botellas de vino que quieren ser catadas.\" \/>\n<meta name=\"robots\" content=\"index, follow, max-snippet:-1, max-image-preview:large, max-video-preview:-1\" \/>\n<link rel=\"canonical\" href=\"https:\/\/vivancoculturadevino.es\/blog\/2019\/09\/05\/entrevista-pilar-de-haya-lavinia\/\" \/>\n<meta property=\"og:locale\" content=\"es_ES\" \/>\n<meta property=\"og:type\" content=\"article\" \/>\n<meta property=\"og:title\" content=\"Entrevista a Pilar de Haya, Lavinia: \u201cMe gusta mucho el vino porque une. M\u00e1s que el WIFI.\u201d | Vivanco\" \/>\n<meta property=\"og:description\" content=\"La Cultura de Vino tiene muchas caras, pero si hay una especialmente visible para los consumidores, esa es la vinoteca. El lugar que conecta los dos mundos: personas que quieren disfrutar de un vino, y botellas de vino que quieren ser catadas.\" \/>\n<meta property=\"og:url\" content=\"https:\/\/vivancoculturadevino.es\/blog\/2019\/09\/05\/entrevista-pilar-de-haya-lavinia\/\" \/>\n<meta property=\"og:site_name\" content=\"Vivanco\" \/>\n<meta property=\"article:author\" content=\"https:\/\/www.facebook.com\/vivancoculturadevino\" \/>\n<meta property=\"article:published_time\" content=\"2019-09-05T07:00:39+00:00\" \/>\n<meta property=\"article:modified_time\" content=\"2020-01-16T10:48:10+00:00\" \/>\n<meta property=\"og:image\" content=\"https:\/\/vivancoculturadevino.es\/blog\/wp-content\/uploads\/2019\/09\/PILAR-FINAL_fb.jpg\" \/>\n<meta name=\"author\" content=\"Vivanco\" \/>\n<meta name=\"twitter:card\" content=\"summary_large_image\" \/>\n<meta name=\"twitter:image\" content=\"https:\/\/vivancoculturadevino.es\/blog\/wp-content\/uploads\/2019\/09\/PILAR-FINAL_fb.jpg\" \/>\n<meta name=\"twitter:creator\" content=\"@https:\/\/twitter.com\/Vivanco_es\" \/>\n<meta name=\"twitter:label1\" content=\"Escrito por\" \/>\n\t<meta name=\"twitter:data1\" content=\"Vivanco\" \/>\n\t<meta name=\"twitter:label2\" content=\"Tiempo de lectura\" \/>\n\t<meta name=\"twitter:data2\" content=\"6 minutos\" \/>\n<script type=\"application\/ld+json\" class=\"yoast-schema-graph\">{\"@context\":\"https:\/\/schema.org\",\"@graph\":[{\"@type\":\"Article\",\"@id\":\"https:\/\/vivancoculturadevino.es\/blog\/2019\/09\/05\/entrevista-pilar-de-haya-lavinia\/#article\",\"isPartOf\":{\"@id\":\"https:\/\/vivancoculturadevino.es\/blog\/2019\/09\/05\/entrevista-pilar-de-haya-lavinia\/\"},\"author\":{\"name\":\"Vivanco\",\"@id\":\"https:\/\/vivancoculturadevino.es\/blog\/#\/schema\/person\/745931ee54ccbb839d8df0cceb02db4c\"},\"headline\":\"Entrevista a Pilar de Haya, Lavinia: \u201cMe gusta mucho el vino porque une. M\u00e1s que el WIFI.\u201d\",\"datePublished\":\"2019-09-05T07:00:39+00:00\",\"dateModified\":\"2020-01-16T10:48:10+00:00\",\"mainEntityOfPage\":{\"@id\":\"https:\/\/vivancoculturadevino.es\/blog\/2019\/09\/05\/entrevista-pilar-de-haya-lavinia\/\"},\"wordCount\":1143,\"commentCount\":0,\"publisher\":{\"@id\":\"https:\/\/vivancoculturadevino.es\/blog\/#organization\"},\"image\":{\"@id\":\"https:\/\/vivancoculturadevino.es\/blog\/2019\/09\/05\/entrevista-pilar-de-haya-lavinia\/#primaryimage\"},\"thumbnailUrl\":\"https:\/\/vivancoculturadevino.es\/blog\/wp-content\/uploads\/2019\/09\/PILAR-FINAL.jpg\",\"keywords\":[\"Humans Of Wine\",\"vino\"],\"articleSection\":[\"Compartiendo\",\"Humans of Wine\"],\"inLanguage\":\"es\",\"potentialAction\":[{\"@type\":\"CommentAction\",\"name\":\"Comment\",\"target\":[\"https:\/\/vivancoculturadevino.es\/blog\/2019\/09\/05\/entrevista-pilar-de-haya-lavinia\/#respond\"]}]},{\"@type\":\"WebPage\",\"@id\":\"https:\/\/vivancoculturadevino.es\/blog\/2019\/09\/05\/entrevista-pilar-de-haya-lavinia\/\",\"url\":\"https:\/\/vivancoculturadevino.es\/blog\/2019\/09\/05\/entrevista-pilar-de-haya-lavinia\/\",\"name\":\"Entrevista a Pilar de Haya, Lavinia: \u201cMe gusta mucho el vino porque une. M\u00e1s que el WIFI.\u201d | Vivanco\",\"isPartOf\":{\"@id\":\"https:\/\/vivancoculturadevino.es\/blog\/#website\"},\"primaryImageOfPage\":{\"@id\":\"https:\/\/vivancoculturadevino.es\/blog\/2019\/09\/05\/entrevista-pilar-de-haya-lavinia\/#primaryimage\"},\"image\":{\"@id\":\"https:\/\/vivancoculturadevino.es\/blog\/2019\/09\/05\/entrevista-pilar-de-haya-lavinia\/#primaryimage\"},\"thumbnailUrl\":\"https:\/\/vivancoculturadevino.es\/blog\/wp-content\/uploads\/2019\/09\/PILAR-FINAL.jpg\",\"datePublished\":\"2019-09-05T07:00:39+00:00\",\"dateModified\":\"2020-01-16T10:48:10+00:00\",\"description\":\"La Cultura de Vino tiene muchas caras, pero si hay una especialmente visible para los consumidores, esa es la vinoteca. El lugar que conecta los dos mundos: personas que quieren disfrutar de un vino, y botellas de vino que quieren ser catadas.\",\"breadcrumb\":{\"@id\":\"https:\/\/vivancoculturadevino.es\/blog\/2019\/09\/05\/entrevista-pilar-de-haya-lavinia\/#breadcrumb\"},\"inLanguage\":\"es\",\"potentialAction\":[{\"@type\":\"ReadAction\",\"target\":[\"https:\/\/vivancoculturadevino.es\/blog\/2019\/09\/05\/entrevista-pilar-de-haya-lavinia\/\"]}]},{\"@type\":\"ImageObject\",\"inLanguage\":\"es\",\"@id\":\"https:\/\/vivancoculturadevino.es\/blog\/2019\/09\/05\/entrevista-pilar-de-haya-lavinia\/#primaryimage\",\"url\":\"https:\/\/vivancoculturadevino.es\/blog\/wp-content\/uploads\/2019\/09\/PILAR-FINAL.jpg\",\"contentUrl\":\"https:\/\/vivancoculturadevino.es\/blog\/wp-content\/uploads\/2019\/09\/PILAR-FINAL.jpg\",\"width\":3648,\"height\":4560,\"caption\":\"Foto: Nando Garc\u00eda para Vivanco\"},{\"@type\":\"BreadcrumbList\",\"@id\":\"https:\/\/vivancoculturadevino.es\/blog\/2019\/09\/05\/entrevista-pilar-de-haya-lavinia\/#breadcrumb\",\"itemListElement\":[{\"@type\":\"ListItem\",\"position\":1,\"name\":\"Portada\",\"item\":\"https:\/\/vivancoculturadevino.es\/blog\/\"},{\"@type\":\"ListItem\",\"position\":2,\"name\":\"Entrevista a Pilar de Haya, Lavinia: \u201cMe gusta mucho el vino porque une. M\u00e1s que el WIFI.\u201d\"}]},{\"@type\":\"WebSite\",\"@id\":\"https:\/\/vivancoculturadevino.es\/blog\/#website\",\"url\":\"https:\/\/vivancoculturadevino.es\/blog\/\",\"name\":\"Vivanco\",\"description\":\"Una familia y una pasi\u00f3n: Compartir la cultura del vino\",\"publisher\":{\"@id\":\"https:\/\/vivancoculturadevino.es\/blog\/#organization\"},\"potentialAction\":[{\"@type\":\"SearchAction\",\"target\":{\"@type\":\"EntryPoint\",\"urlTemplate\":\"https:\/\/vivancoculturadevino.es\/blog\/?s={search_term_string}\"},\"query-input\":{\"@type\":\"PropertyValueSpecification\",\"valueRequired\":true,\"valueName\":\"search_term_string\"}}],\"inLanguage\":\"es\"},{\"@type\":\"Organization\",\"@id\":\"https:\/\/vivancoculturadevino.es\/blog\/#organization\",\"name\":\"Vivanco\",\"url\":\"https:\/\/vivancoculturadevino.es\/blog\/\",\"logo\":{\"@type\":\"ImageObject\",\"inLanguage\":\"es\",\"@id\":\"https:\/\/vivancoculturadevino.es\/blog\/#\/schema\/logo\/image\/\",\"url\":\"https:\/\/vivancoculturadevino.es\/blog\/wp-content\/uploads\/2026\/01\/Logo-blanco.svg\",\"contentUrl\":\"https:\/\/vivancoculturadevino.es\/blog\/wp-content\/uploads\/2026\/01\/Logo-blanco.svg\",\"width\":134,\"height\":43,\"caption\":\"Vivanco\"},\"image\":{\"@id\":\"https:\/\/vivancoculturadevino.es\/blog\/#\/schema\/logo\/image\/\"}},{\"@type\":\"Person\",\"@id\":\"https:\/\/vivancoculturadevino.es\/blog\/#\/schema\/person\/745931ee54ccbb839d8df0cceb02db4c\",\"name\":\"Vivanco\",\"image\":{\"@type\":\"ImageObject\",\"inLanguage\":\"es\",\"@id\":\"https:\/\/vivancoculturadevino.es\/blog\/#\/schema\/person\/image\/\",\"url\":\"https:\/\/secure.gravatar.com\/avatar\/61b66c59d132db2f7ad4dfd1cc89bbd508b4d5888ab39ddba99f2aca247b7fb3?s=96&d=mm&r=g\",\"contentUrl\":\"https:\/\/secure.gravatar.com\/avatar\/61b66c59d132db2f7ad4dfd1cc89bbd508b4d5888ab39ddba99f2aca247b7fb3?s=96&d=mm&r=g\",\"caption\":\"Vivanco\"},\"description\":\"Bodega, Fundaci\u00f3n, Experiencias. Compartiendo Cultura de Vino\",\"sameAs\":[\"http:\/\/www.vivancoculturadevino.es\",\"https:\/\/www.facebook.com\/vivancoculturadevino\",\"https:\/\/x.com\/https:\/\/twitter.com\/Vivanco_es\",\"https:\/\/www.youtube.com\/channel\/UC8a2nOiF7kAQNPPduAi2Evw\/videos\"],\"url\":\"https:\/\/vivancoculturadevino.es\/blog\/author\/administrator\/\"}]}<\/script>\n<!-- \/ Yoast SEO plugin. -->","yoast_head_json":{"title":"Entrevista a Pilar de Haya, Lavinia: \u201cMe gusta mucho el vino porque une. M\u00e1s que el WIFI.\u201d | Vivanco","description":"La Cultura de Vino tiene muchas caras, pero si hay una especialmente visible para los consumidores, esa es la vinoteca. El lugar que conecta los dos mundos: personas que quieren disfrutar de un vino, y botellas de vino que quieren ser catadas.","robots":{"index":"index","follow":"follow","max-snippet":"max-snippet:-1","max-image-preview":"max-image-preview:large","max-video-preview":"max-video-preview:-1"},"canonical":"https:\/\/vivancoculturadevino.es\/blog\/2019\/09\/05\/entrevista-pilar-de-haya-lavinia\/","og_locale":"es_ES","og_type":"article","og_title":"Entrevista a Pilar de Haya, Lavinia: \u201cMe gusta mucho el vino porque une. M\u00e1s que el WIFI.\u201d | Vivanco","og_description":"La Cultura de Vino tiene muchas caras, pero si hay una especialmente visible para los consumidores, esa es la vinoteca. El lugar que conecta los dos mundos: personas que quieren disfrutar de un vino, y botellas de vino que quieren ser catadas.","og_url":"https:\/\/vivancoculturadevino.es\/blog\/2019\/09\/05\/entrevista-pilar-de-haya-lavinia\/","og_site_name":"Vivanco","article_author":"https:\/\/www.facebook.com\/vivancoculturadevino","article_published_time":"2019-09-05T07:00:39+00:00","article_modified_time":"2020-01-16T10:48:10+00:00","og_image":[{"url":"https:\/\/vivancoculturadevino.es\/blog\/wp-content\/uploads\/2019\/09\/PILAR-FINAL_fb.jpg","type":"","width":"","height":""}],"author":"Vivanco","twitter_card":"summary_large_image","twitter_image":"https:\/\/vivancoculturadevino.es\/blog\/wp-content\/uploads\/2019\/09\/PILAR-FINAL_fb.jpg","twitter_creator":"@https:\/\/twitter.com\/Vivanco_es","twitter_misc":{"Escrito por":"Vivanco","Tiempo de lectura":"6 minutos"},"schema":{"@context":"https:\/\/schema.org","@graph":[{"@type":"Article","@id":"https:\/\/vivancoculturadevino.es\/blog\/2019\/09\/05\/entrevista-pilar-de-haya-lavinia\/#article","isPartOf":{"@id":"https:\/\/vivancoculturadevino.es\/blog\/2019\/09\/05\/entrevista-pilar-de-haya-lavinia\/"},"author":{"name":"Vivanco","@id":"https:\/\/vivancoculturadevino.es\/blog\/#\/schema\/person\/745931ee54ccbb839d8df0cceb02db4c"},"headline":"Entrevista a Pilar de Haya, Lavinia: \u201cMe gusta mucho el vino porque une. M\u00e1s que el WIFI.\u201d","datePublished":"2019-09-05T07:00:39+00:00","dateModified":"2020-01-16T10:48:10+00:00","mainEntityOfPage":{"@id":"https:\/\/vivancoculturadevino.es\/blog\/2019\/09\/05\/entrevista-pilar-de-haya-lavinia\/"},"wordCount":1143,"commentCount":0,"publisher":{"@id":"https:\/\/vivancoculturadevino.es\/blog\/#organization"},"image":{"@id":"https:\/\/vivancoculturadevino.es\/blog\/2019\/09\/05\/entrevista-pilar-de-haya-lavinia\/#primaryimage"},"thumbnailUrl":"https:\/\/vivancoculturadevino.es\/blog\/wp-content\/uploads\/2019\/09\/PILAR-FINAL.jpg","keywords":["Humans Of Wine","vino"],"articleSection":["Compartiendo","Humans of Wine"],"inLanguage":"es","potentialAction":[{"@type":"CommentAction","name":"Comment","target":["https:\/\/vivancoculturadevino.es\/blog\/2019\/09\/05\/entrevista-pilar-de-haya-lavinia\/#respond"]}]},{"@type":"WebPage","@id":"https:\/\/vivancoculturadevino.es\/blog\/2019\/09\/05\/entrevista-pilar-de-haya-lavinia\/","url":"https:\/\/vivancoculturadevino.es\/blog\/2019\/09\/05\/entrevista-pilar-de-haya-lavinia\/","name":"Entrevista a Pilar de Haya, Lavinia: \u201cMe gusta mucho el vino porque une. M\u00e1s que el WIFI.\u201d | Vivanco","isPartOf":{"@id":"https:\/\/vivancoculturadevino.es\/blog\/#website"},"primaryImageOfPage":{"@id":"https:\/\/vivancoculturadevino.es\/blog\/2019\/09\/05\/entrevista-pilar-de-haya-lavinia\/#primaryimage"},"image":{"@id":"https:\/\/vivancoculturadevino.es\/blog\/2019\/09\/05\/entrevista-pilar-de-haya-lavinia\/#primaryimage"},"thumbnailUrl":"https:\/\/vivancoculturadevino.es\/blog\/wp-content\/uploads\/2019\/09\/PILAR-FINAL.jpg","datePublished":"2019-09-05T07:00:39+00:00","dateModified":"2020-01-16T10:48:10+00:00","description":"La Cultura de Vino tiene muchas caras, pero si hay una especialmente visible para los consumidores, esa es la vinoteca. El lugar que conecta los dos mundos: personas que quieren disfrutar de un vino, y botellas de vino que quieren ser catadas.","breadcrumb":{"@id":"https:\/\/vivancoculturadevino.es\/blog\/2019\/09\/05\/entrevista-pilar-de-haya-lavinia\/#breadcrumb"},"inLanguage":"es","potentialAction":[{"@type":"ReadAction","target":["https:\/\/vivancoculturadevino.es\/blog\/2019\/09\/05\/entrevista-pilar-de-haya-lavinia\/"]}]},{"@type":"ImageObject","inLanguage":"es","@id":"https:\/\/vivancoculturadevino.es\/blog\/2019\/09\/05\/entrevista-pilar-de-haya-lavinia\/#primaryimage","url":"https:\/\/vivancoculturadevino.es\/blog\/wp-content\/uploads\/2019\/09\/PILAR-FINAL.jpg","contentUrl":"https:\/\/vivancoculturadevino.es\/blog\/wp-content\/uploads\/2019\/09\/PILAR-FINAL.jpg","width":3648,"height":4560,"caption":"Foto: Nando Garc\u00eda para Vivanco"},{"@type":"BreadcrumbList","@id":"https:\/\/vivancoculturadevino.es\/blog\/2019\/09\/05\/entrevista-pilar-de-haya-lavinia\/#breadcrumb","itemListElement":[{"@type":"ListItem","position":1,"name":"Portada","item":"https:\/\/vivancoculturadevino.es\/blog\/"},{"@type":"ListItem","position":2,"name":"Entrevista a Pilar de Haya, Lavinia: \u201cMe gusta mucho el vino porque une. M\u00e1s que el WIFI.\u201d"}]},{"@type":"WebSite","@id":"https:\/\/vivancoculturadevino.es\/blog\/#website","url":"https:\/\/vivancoculturadevino.es\/blog\/","name":"Vivanco","description":"Una familia y una pasi\u00f3n: Compartir la cultura del vino","publisher":{"@id":"https:\/\/vivancoculturadevino.es\/blog\/#organization"},"potentialAction":[{"@type":"SearchAction","target":{"@type":"EntryPoint","urlTemplate":"https:\/\/vivancoculturadevino.es\/blog\/?s={search_term_string}"},"query-input":{"@type":"PropertyValueSpecification","valueRequired":true,"valueName":"search_term_string"}}],"inLanguage":"es"},{"@type":"Organization","@id":"https:\/\/vivancoculturadevino.es\/blog\/#organization","name":"Vivanco","url":"https:\/\/vivancoculturadevino.es\/blog\/","logo":{"@type":"ImageObject","inLanguage":"es","@id":"https:\/\/vivancoculturadevino.es\/blog\/#\/schema\/logo\/image\/","url":"https:\/\/vivancoculturadevino.es\/blog\/wp-content\/uploads\/2026\/01\/Logo-blanco.svg","contentUrl":"https:\/\/vivancoculturadevino.es\/blog\/wp-content\/uploads\/2026\/01\/Logo-blanco.svg","width":134,"height":43,"caption":"Vivanco"},"image":{"@id":"https:\/\/vivancoculturadevino.es\/blog\/#\/schema\/logo\/image\/"}},{"@type":"Person","@id":"https:\/\/vivancoculturadevino.es\/blog\/#\/schema\/person\/745931ee54ccbb839d8df0cceb02db4c","name":"Vivanco","image":{"@type":"ImageObject","inLanguage":"es","@id":"https:\/\/vivancoculturadevino.es\/blog\/#\/schema\/person\/image\/","url":"https:\/\/secure.gravatar.com\/avatar\/61b66c59d132db2f7ad4dfd1cc89bbd508b4d5888ab39ddba99f2aca247b7fb3?s=96&d=mm&r=g","contentUrl":"https:\/\/secure.gravatar.com\/avatar\/61b66c59d132db2f7ad4dfd1cc89bbd508b4d5888ab39ddba99f2aca247b7fb3?s=96&d=mm&r=g","caption":"Vivanco"},"description":"Bodega, Fundaci\u00f3n, Experiencias. Compartiendo Cultura de Vino","sameAs":["http:\/\/www.vivancoculturadevino.es","https:\/\/www.facebook.com\/vivancoculturadevino","https:\/\/x.com\/https:\/\/twitter.com\/Vivanco_es","https:\/\/www.youtube.com\/channel\/UC8a2nOiF7kAQNPPduAi2Evw\/videos"],"url":"https:\/\/vivancoculturadevino.es\/blog\/author\/administrator\/"}]}},"_links":{"self":[{"href":"https:\/\/vivancoculturadevino.es\/blog\/wp-json\/wp\/v2\/posts\/4059","targetHints":{"allow":["GET"]}}],"collection":[{"href":"https:\/\/vivancoculturadevino.es\/blog\/wp-json\/wp\/v2\/posts"}],"about":[{"href":"https:\/\/vivancoculturadevino.es\/blog\/wp-json\/wp\/v2\/types\/post"}],"author":[{"embeddable":true,"href":"https:\/\/vivancoculturadevino.es\/blog\/wp-json\/wp\/v2\/users\/1"}],"replies":[{"embeddable":true,"href":"https:\/\/vivancoculturadevino.es\/blog\/wp-json\/wp\/v2\/comments?post=4059"}],"version-history":[{"count":2,"href":"https:\/\/vivancoculturadevino.es\/blog\/wp-json\/wp\/v2\/posts\/4059\/revisions"}],"predecessor-version":[{"id":4064,"href":"https:\/\/vivancoculturadevino.es\/blog\/wp-json\/wp\/v2\/posts\/4059\/revisions\/4064"}],"wp:featuredmedia":[{"embeddable":true,"href":"https:\/\/vivancoculturadevino.es\/blog\/wp-json\/wp\/v2\/media\/4060"}],"wp:attachment":[{"href":"https:\/\/vivancoculturadevino.es\/blog\/wp-json\/wp\/v2\/media?parent=4059"}],"wp:term":[{"taxonomy":"category","embeddable":true,"href":"https:\/\/vivancoculturadevino.es\/blog\/wp-json\/wp\/v2\/categories?post=4059"},{"taxonomy":"post_tag","embeddable":true,"href":"https:\/\/vivancoculturadevino.es\/blog\/wp-json\/wp\/v2\/tags?post=4059"}],"curies":[{"name":"wp","href":"https:\/\/api.w.org\/{rel}","templated":true}]}}