{"id":4029,"date":"2019-08-08T08:00:50","date_gmt":"2019-08-08T07:00:50","guid":{"rendered":"https:\/\/vivancoculturadevino.es\/blog\/?p=4029"},"modified":"2020-01-16T11:48:36","modified_gmt":"2020-01-16T10:48:36","slug":"humans-of-wine-entrevista-antonio-ramos-obrador-san-francisco","status":"publish","type":"post","link":"https:\/\/vivancoculturadevino.es\/blog\/2019\/08\/08\/humans-of-wine-entrevista-antonio-ramos-obrador-san-francisco\/","title":{"rendered":"HUMANS OF WINE | ENTREVISTA A ANTONIO RAMOS,  OBRADOR DE SAN FRANCISCO"},"content":{"rendered":"<p>El binomio pan y vino conforman, probablemente, los dos alimentos m\u00e1s antiguos y primordiales para el ser humano. En Vivanco, el vino es nuestra raz\u00f3n de ser, y para entender bien estos dos productos, hoy nos ponemos en el lado del pan. Lo hacemos de la mano de Antonio Ramos, quien inici\u00f3 la aventura de tener su propia panader\u00eda para recuperar los panes que enamoran, los que invaden con su olor toda una calle y hacen inevitable no hincar el diente en su crujiente corteza. La pasi\u00f3n que pone en el Obrador de San Francisco, en la castiza carrera de San Francisco de Madrid, le ha valido ganar la Miga de Oro (los \u00d3scars del mundo de las masas), para deleite de sus vecinos de La Latina y todo Madrid.<\/p>\n<p>&nbsp;<\/p>\n<p><strong><b>\/ \u00bfQu\u00e9 te ha llevado a abrir el Obrador de San Francisco? \/<\/b><\/strong><\/p>\n<p>Yo era top\u00f3grafo y me dedicaba a la obra p\u00fablica. Comenc\u00e9 en este mundo haciendo pan en casa, como hobby. Me apasion\u00f3 y, por casualidades de la vida, empec\u00e9 a trabajar en un obrador en Madrid, y pas\u00e9 de hacer panes en casa a hacer panes a gran escala en un obrador profesional. Tras ese ciclo, mi pareja me impuls\u00f3 a hacerlo por m\u00ed mismo sin depender de los dem\u00e1s, y me anim\u00e9 a abrir el Obrador de San Francisco, que ahora acaba de cumplir dos a\u00f1os.<\/p>\n<p>&nbsp;<\/p>\n<p><strong><b>\/ \u00bfDe d\u00f3nde viene tu pasi\u00f3n por el pan? \/<\/b><\/strong><\/p>\n<p>Aparece de repente. Mucha gente hace pan porque sus generaciones anteriores eran panaderos y es un oficio que aprenden. En mi caso, cre\u00eda que no era as\u00ed. Cuando cambi\u00e9 de trabajar en obra p\u00fablica a hacer pan con las manos, todo lleno de harina, para mi madre fue chocante, le daba la sensaci\u00f3n de que era innoble. En una comida familiar, mi t\u00eda me dijo: \u201cAl final, vas a seguir la tradici\u00f3n de tu abuelo \u201c. Mi madre se puso un poco nerviosa: \u201cCalla, calla\u201d (risas). Ah\u00ed me enter\u00e9 de que mi abuelo, despu\u00e9s de la guerra civil, trabaj\u00f3 de panadero en su pueblo, Els Ibarsos, que tiene la fama de hacer el mejor pan de la provincia de Castell\u00f3n. Adem\u00e1s, mi otro abuelo es lechero, mi padre carnicero&#8230; Parece que en la familia, todos somos alimentadores de la gente (risas). En mi casa, siempre hemos buscado que todo est\u00e9 rico, sea de calidad y lo m\u00e1s natural posible.<\/p>\n<p>&nbsp;<\/p>\n<p><strong><b>\/ \u00bfC\u00f3mo es vuestro d\u00eda a d\u00eda en la panader\u00eda? \/<\/b><\/strong><\/p>\n<p>Nuestro d\u00eda a d\u00eda es hacer pan. Nuestro proceso es muy lento. Mi compa\u00f1ero est\u00e1 ahora preparando todo el pan que se hornear\u00e1 ma\u00f1ana. Son fermentaciones muy lentas que requieren de paciencia y de calcular tiempos, pero esa espera te da unos resultados que merecen la pena. Los clientes pueden oler el pan reci\u00e9n hecho al entrar, pueden ver que lo que se llevan para comer lo est\u00e1n elaborando delante de sus propios ojos. Queremos fortalecer la idea de que aqu\u00ed no hay trampa, algo que no es muy habitual en la alimentaci\u00f3n en general.<\/p>\n<p>&nbsp;<\/p>\n<p><strong><b>\/ \u00bfEse mimo por el producto es vuestra se\u00f1a de identidad? \/<\/b><\/strong><\/p>\n<p>Es uno de ellos. Nosotros no somos muy puristas, pero intentamos ser muy puros. En nuestro caso, no usamos levadura ni ning\u00fan tipo de aditivo, aunque se puede hacer buen pan con levadura, como se hace en Francia. No utilizamos ning\u00fan atajo que creemos que, en buena parte, ha acabado con la cultura del pan en Espa\u00f1a. Si vamos a cualquier pa\u00eds, Portugal, Alemania o Francia, hay muy buenos panes; en Italia intentan conservar sus pizzas, focaccias y chapatas. Sin embargo, Espa\u00f1a es tierra de cereales, pero se ha ido prostituyendo el proceso y escatimando en la materia prima. Al final, el producto que hay es un desastre. Afortunadamente, poco a poco, estamos unos cuantos apostando de nuevo por el producto, quiz\u00e1s porque no estamos intoxicados por el modelo productivo, solo motivados por hacer buen pan.<\/p>\n<p>&nbsp;<\/p>\n<p><strong><b>\/ \u00bfPor qu\u00e9 crees que el pan y el vino no pasan de moda? \/ <\/b><\/strong><\/p>\n<p>Porque son elementos muy b\u00e1sicos. Son tan habituales en las mesas de todo el mundo que, quiz\u00e1s, por ese motivo se haya descuidado un poco, o al menos se haya doblegado a los intereses productivos. Tambi\u00e9n son productos que aguantan mucho y nutricionalmente son extraordinarios.<\/p>\n<p>&nbsp;<\/p>\n<p><strong><b>\/ \u00bfC\u00f3mo os sent\u00eds al producir un alimento milenario? \/<\/b><\/strong><\/p>\n<p>La sensaci\u00f3n es m\u00e1gica, porque de repente le das vida a una masa que no es m\u00e1s que harina y ves c\u00f3mo empiezan a suceder cosas. Es una mezcla de magia, misterio y respeto, pero teniendo claro que no estamos inventando nada: lo que hacemos, se lleva haciendo durante miles de a\u00f1os. En todo caso, hacemos una labor de recuperaci\u00f3n.<\/p>\n<p>&nbsp;<\/p>\n<p><strong><b>\/ Si tuvieses que recomendar uno de tus panes, \u00bfcu\u00e1l ser\u00eda? \/ <\/b><\/strong><\/p>\n<p>A m\u00ed me gusta recomendar siempre una hogaza de trigo blanco: es sencillo pero muy representativo. Est\u00e1s probando un pan que encontrar\u00e1s en el 99% de las panader\u00edas, pero hecho como nos gusta a nosotros. Tambi\u00e9n nos gusta hacer panes especiales, con muchos ingredientes. Pero con esos panes, es m\u00e1s f\u00e1cil enmascarar una mala masa y un mal proceso. Una masa horrible con unas aceitunas, nueces o pasas puede saber rico por el sabor de estos ingredientes. En un pan b\u00e1sico, hay menos espacio donde esconderse.<\/p>\n<p>&nbsp;<\/p>\n<p><strong><b>\/ \u00bfTienes alg\u00fan recuerdo donde el vino estaba presente? \/ <\/b><\/strong><\/p>\n<p>En mi infancia, mi abuelo tambi\u00e9n produc\u00eda vino en la zona de Villafam\u00e9s, Castell\u00f3n. Tengo el recuerdo de los campos, las vi\u00f1as, la elaboraci\u00f3n del vino, los toneles y los aromas. Se nos queda muy dentro todo lo que nos entra por los sentidos; por la vista y tambi\u00e9n por el olfato. Son recuerdos muy bonitos que se entretejen y quedan guardados para siempre.<\/p>\n<p>&nbsp;<\/p>\n","protected":false},"excerpt":{"rendered":"<p>El binomio pan y vino conforman, probablemente, los dos alimentos m\u00e1s antiguos y primordiales para el ser humano. En Vivanco, el vino es nuestra raz\u00f3n de ser, y para entender bien estos dos productos, hoy nos ponemos en el lado del pan.<\/p>\n","protected":false},"author":1,"featured_media":4033,"comment_status":"open","ping_status":"closed","sticky":false,"template":"","format":"standard","meta":{"footnotes":"","_elementor_edit_mode":"","_elementor_template_type":"","_elementor_data":"","_elementor_page_settings":null,"_elementor_conditions":[]},"categories":[592,2],"tags":[560],"class_list":["post-4029","post","type-post","status-publish","format-standard","has-post-thumbnail","hentry","category-humans-of-wine","category-vivanco","tag-humans-of-wine"],"yoast_head":"<!-- This site is optimized with the Yoast SEO plugin v26.8 - https:\/\/yoast.com\/product\/yoast-seo-wordpress\/ -->\n<title>HUMANS OF WINE | ENTREVISTA A ANTONIO RAMOS, OBRADOR DE SAN FRANCISCO | Vivanco<\/title>\n<meta name=\"description\" content=\"El binomio pan y vino conforman, probablemente, los dos alimentos m\u00e1s antiguos y primordiales para el ser humano. En Vivanco, el vino es nuestra raz\u00f3n de ser, y para entender bien estos dos productos, hoy nos ponemos en el lado del pan.\" \/>\n<meta name=\"robots\" content=\"index, follow, max-snippet:-1, max-image-preview:large, max-video-preview:-1\" \/>\n<link rel=\"canonical\" href=\"https:\/\/vivancoculturadevino.es\/blog\/2019\/08\/08\/humans-of-wine-entrevista-antonio-ramos-obrador-san-francisco\/\" \/>\n<meta property=\"og:locale\" content=\"es_ES\" \/>\n<meta property=\"og:type\" content=\"article\" \/>\n<meta property=\"og:title\" content=\"HUMANS OF WINE | ENTREVISTA A ANTONIO RAMOS, OBRADOR DE SAN FRANCISCO | Vivanco\" \/>\n<meta property=\"og:description\" content=\"El binomio pan y vino conforman, probablemente, los dos alimentos m\u00e1s antiguos y primordiales para el ser humano. En Vivanco, el vino es nuestra raz\u00f3n de ser, y para entender bien estos dos productos, hoy nos ponemos en el lado del pan.\" \/>\n<meta property=\"og:url\" content=\"https:\/\/vivancoculturadevino.es\/blog\/2019\/08\/08\/humans-of-wine-entrevista-antonio-ramos-obrador-san-francisco\/\" \/>\n<meta property=\"og:site_name\" content=\"Vivanco\" \/>\n<meta property=\"article:author\" content=\"https:\/\/www.facebook.com\/vivancoculturadevino\" \/>\n<meta property=\"article:published_time\" content=\"2019-08-08T07:00:50+00:00\" \/>\n<meta property=\"article:modified_time\" content=\"2020-01-16T10:48:36+00:00\" \/>\n<meta property=\"og:image\" content=\"https:\/\/vivancoculturadevino.es\/blog\/wp-content\/uploads\/2019\/08\/human-pan-1.jpg\" \/>\n<meta name=\"author\" content=\"Vivanco\" \/>\n<meta name=\"twitter:card\" content=\"summary_large_image\" \/>\n<meta name=\"twitter:image\" content=\"https:\/\/vivancoculturadevino.es\/blog\/wp-content\/uploads\/2019\/08\/ANTONIO-FINAL-4x5.jpg\" \/>\n<meta name=\"twitter:creator\" content=\"@https:\/\/twitter.com\/Vivanco_es\" \/>\n<meta name=\"twitter:label1\" content=\"Escrito por\" \/>\n\t<meta name=\"twitter:data1\" content=\"Vivanco\" \/>\n\t<meta name=\"twitter:label2\" content=\"Tiempo de lectura\" \/>\n\t<meta name=\"twitter:data2\" content=\"5 minutos\" \/>\n<script type=\"application\/ld+json\" class=\"yoast-schema-graph\">{\"@context\":\"https:\/\/schema.org\",\"@graph\":[{\"@type\":\"Article\",\"@id\":\"https:\/\/vivancoculturadevino.es\/blog\/2019\/08\/08\/humans-of-wine-entrevista-antonio-ramos-obrador-san-francisco\/#article\",\"isPartOf\":{\"@id\":\"https:\/\/vivancoculturadevino.es\/blog\/2019\/08\/08\/humans-of-wine-entrevista-antonio-ramos-obrador-san-francisco\/\"},\"author\":{\"name\":\"Vivanco\",\"@id\":\"https:\/\/vivancoculturadevino.es\/blog\/#\/schema\/person\/745931ee54ccbb839d8df0cceb02db4c\"},\"headline\":\"HUMANS OF WINE | ENTREVISTA A ANTONIO RAMOS, OBRADOR DE SAN FRANCISCO\",\"datePublished\":\"2019-08-08T07:00:50+00:00\",\"dateModified\":\"2020-01-16T10:48:36+00:00\",\"mainEntityOfPage\":{\"@id\":\"https:\/\/vivancoculturadevino.es\/blog\/2019\/08\/08\/humans-of-wine-entrevista-antonio-ramos-obrador-san-francisco\/\"},\"wordCount\":1022,\"commentCount\":0,\"publisher\":{\"@id\":\"https:\/\/vivancoculturadevino.es\/blog\/#organization\"},\"image\":{\"@id\":\"https:\/\/vivancoculturadevino.es\/blog\/2019\/08\/08\/humans-of-wine-entrevista-antonio-ramos-obrador-san-francisco\/#primaryimage\"},\"thumbnailUrl\":\"https:\/\/vivancoculturadevino.es\/blog\/wp-content\/uploads\/2019\/08\/human-pan-2.jpg\",\"keywords\":[\"Humans Of Wine\"],\"articleSection\":[\"Humans of Wine\",\"Vivanco\"],\"inLanguage\":\"es\",\"potentialAction\":[{\"@type\":\"CommentAction\",\"name\":\"Comment\",\"target\":[\"https:\/\/vivancoculturadevino.es\/blog\/2019\/08\/08\/humans-of-wine-entrevista-antonio-ramos-obrador-san-francisco\/#respond\"]}]},{\"@type\":\"WebPage\",\"@id\":\"https:\/\/vivancoculturadevino.es\/blog\/2019\/08\/08\/humans-of-wine-entrevista-antonio-ramos-obrador-san-francisco\/\",\"url\":\"https:\/\/vivancoculturadevino.es\/blog\/2019\/08\/08\/humans-of-wine-entrevista-antonio-ramos-obrador-san-francisco\/\",\"name\":\"HUMANS OF WINE | ENTREVISTA A ANTONIO RAMOS, OBRADOR DE SAN FRANCISCO | Vivanco\",\"isPartOf\":{\"@id\":\"https:\/\/vivancoculturadevino.es\/blog\/#website\"},\"primaryImageOfPage\":{\"@id\":\"https:\/\/vivancoculturadevino.es\/blog\/2019\/08\/08\/humans-of-wine-entrevista-antonio-ramos-obrador-san-francisco\/#primaryimage\"},\"image\":{\"@id\":\"https:\/\/vivancoculturadevino.es\/blog\/2019\/08\/08\/humans-of-wine-entrevista-antonio-ramos-obrador-san-francisco\/#primaryimage\"},\"thumbnailUrl\":\"https:\/\/vivancoculturadevino.es\/blog\/wp-content\/uploads\/2019\/08\/human-pan-2.jpg\",\"datePublished\":\"2019-08-08T07:00:50+00:00\",\"dateModified\":\"2020-01-16T10:48:36+00:00\",\"description\":\"El binomio pan y vino conforman, probablemente, los dos alimentos m\u00e1s antiguos y primordiales para el ser humano. En Vivanco, el vino es nuestra raz\u00f3n de ser, y para entender bien estos dos productos, hoy nos ponemos en el lado del pan.\",\"breadcrumb\":{\"@id\":\"https:\/\/vivancoculturadevino.es\/blog\/2019\/08\/08\/humans-of-wine-entrevista-antonio-ramos-obrador-san-francisco\/#breadcrumb\"},\"inLanguage\":\"es\",\"potentialAction\":[{\"@type\":\"ReadAction\",\"target\":[\"https:\/\/vivancoculturadevino.es\/blog\/2019\/08\/08\/humans-of-wine-entrevista-antonio-ramos-obrador-san-francisco\/\"]}]},{\"@type\":\"ImageObject\",\"inLanguage\":\"es\",\"@id\":\"https:\/\/vivancoculturadevino.es\/blog\/2019\/08\/08\/humans-of-wine-entrevista-antonio-ramos-obrador-san-francisco\/#primaryimage\",\"url\":\"https:\/\/vivancoculturadevino.es\/blog\/wp-content\/uploads\/2019\/08\/human-pan-2.jpg\",\"contentUrl\":\"https:\/\/vivancoculturadevino.es\/blog\/wp-content\/uploads\/2019\/08\/human-pan-2.jpg\",\"width\":1200,\"height\":1404,\"caption\":\"Foto: Nando Garc\u00eda para Vivanco\"},{\"@type\":\"BreadcrumbList\",\"@id\":\"https:\/\/vivancoculturadevino.es\/blog\/2019\/08\/08\/humans-of-wine-entrevista-antonio-ramos-obrador-san-francisco\/#breadcrumb\",\"itemListElement\":[{\"@type\":\"ListItem\",\"position\":1,\"name\":\"Portada\",\"item\":\"https:\/\/vivancoculturadevino.es\/blog\/\"},{\"@type\":\"ListItem\",\"position\":2,\"name\":\"HUMANS OF WINE | ENTREVISTA A ANTONIO RAMOS, OBRADOR DE SAN FRANCISCO\"}]},{\"@type\":\"WebSite\",\"@id\":\"https:\/\/vivancoculturadevino.es\/blog\/#website\",\"url\":\"https:\/\/vivancoculturadevino.es\/blog\/\",\"name\":\"Vivanco\",\"description\":\"Una familia y una pasi\u00f3n: Compartir la cultura del vino\",\"publisher\":{\"@id\":\"https:\/\/vivancoculturadevino.es\/blog\/#organization\"},\"potentialAction\":[{\"@type\":\"SearchAction\",\"target\":{\"@type\":\"EntryPoint\",\"urlTemplate\":\"https:\/\/vivancoculturadevino.es\/blog\/?s={search_term_string}\"},\"query-input\":{\"@type\":\"PropertyValueSpecification\",\"valueRequired\":true,\"valueName\":\"search_term_string\"}}],\"inLanguage\":\"es\"},{\"@type\":\"Organization\",\"@id\":\"https:\/\/vivancoculturadevino.es\/blog\/#organization\",\"name\":\"Vivanco\",\"url\":\"https:\/\/vivancoculturadevino.es\/blog\/\",\"logo\":{\"@type\":\"ImageObject\",\"inLanguage\":\"es\",\"@id\":\"https:\/\/vivancoculturadevino.es\/blog\/#\/schema\/logo\/image\/\",\"url\":\"https:\/\/vivancoculturadevino.es\/blog\/wp-content\/uploads\/2026\/01\/Logo-blanco.svg\",\"contentUrl\":\"https:\/\/vivancoculturadevino.es\/blog\/wp-content\/uploads\/2026\/01\/Logo-blanco.svg\",\"width\":134,\"height\":43,\"caption\":\"Vivanco\"},\"image\":{\"@id\":\"https:\/\/vivancoculturadevino.es\/blog\/#\/schema\/logo\/image\/\"}},{\"@type\":\"Person\",\"@id\":\"https:\/\/vivancoculturadevino.es\/blog\/#\/schema\/person\/745931ee54ccbb839d8df0cceb02db4c\",\"name\":\"Vivanco\",\"image\":{\"@type\":\"ImageObject\",\"inLanguage\":\"es\",\"@id\":\"https:\/\/vivancoculturadevino.es\/blog\/#\/schema\/person\/image\/\",\"url\":\"https:\/\/secure.gravatar.com\/avatar\/61b66c59d132db2f7ad4dfd1cc89bbd508b4d5888ab39ddba99f2aca247b7fb3?s=96&d=mm&r=g\",\"contentUrl\":\"https:\/\/secure.gravatar.com\/avatar\/61b66c59d132db2f7ad4dfd1cc89bbd508b4d5888ab39ddba99f2aca247b7fb3?s=96&d=mm&r=g\",\"caption\":\"Vivanco\"},\"description\":\"Bodega, Fundaci\u00f3n, Experiencias. Compartiendo Cultura de Vino\",\"sameAs\":[\"http:\/\/www.vivancoculturadevino.es\",\"https:\/\/www.facebook.com\/vivancoculturadevino\",\"https:\/\/x.com\/https:\/\/twitter.com\/Vivanco_es\",\"https:\/\/www.youtube.com\/channel\/UC8a2nOiF7kAQNPPduAi2Evw\/videos\"],\"url\":\"https:\/\/vivancoculturadevino.es\/blog\/author\/administrator\/\"}]}<\/script>\n<!-- \/ Yoast SEO plugin. -->","yoast_head_json":{"title":"HUMANS OF WINE | ENTREVISTA A ANTONIO RAMOS, OBRADOR DE SAN FRANCISCO | Vivanco","description":"El binomio pan y vino conforman, probablemente, los dos alimentos m\u00e1s antiguos y primordiales para el ser humano. En Vivanco, el vino es nuestra raz\u00f3n de ser, y para entender bien estos dos productos, hoy nos ponemos en el lado del pan.","robots":{"index":"index","follow":"follow","max-snippet":"max-snippet:-1","max-image-preview":"max-image-preview:large","max-video-preview":"max-video-preview:-1"},"canonical":"https:\/\/vivancoculturadevino.es\/blog\/2019\/08\/08\/humans-of-wine-entrevista-antonio-ramos-obrador-san-francisco\/","og_locale":"es_ES","og_type":"article","og_title":"HUMANS OF WINE | ENTREVISTA A ANTONIO RAMOS, OBRADOR DE SAN FRANCISCO | Vivanco","og_description":"El binomio pan y vino conforman, probablemente, los dos alimentos m\u00e1s antiguos y primordiales para el ser humano. En Vivanco, el vino es nuestra raz\u00f3n de ser, y para entender bien estos dos productos, hoy nos ponemos en el lado del pan.","og_url":"https:\/\/vivancoculturadevino.es\/blog\/2019\/08\/08\/humans-of-wine-entrevista-antonio-ramos-obrador-san-francisco\/","og_site_name":"Vivanco","article_author":"https:\/\/www.facebook.com\/vivancoculturadevino","article_published_time":"2019-08-08T07:00:50+00:00","article_modified_time":"2020-01-16T10:48:36+00:00","og_image":[{"url":"https:\/\/vivancoculturadevino.es\/blog\/wp-content\/uploads\/2019\/08\/human-pan-1.jpg","type":"","width":"","height":""}],"author":"Vivanco","twitter_card":"summary_large_image","twitter_image":"https:\/\/vivancoculturadevino.es\/blog\/wp-content\/uploads\/2019\/08\/ANTONIO-FINAL-4x5.jpg","twitter_creator":"@https:\/\/twitter.com\/Vivanco_es","twitter_misc":{"Escrito por":"Vivanco","Tiempo de lectura":"5 minutos"},"schema":{"@context":"https:\/\/schema.org","@graph":[{"@type":"Article","@id":"https:\/\/vivancoculturadevino.es\/blog\/2019\/08\/08\/humans-of-wine-entrevista-antonio-ramos-obrador-san-francisco\/#article","isPartOf":{"@id":"https:\/\/vivancoculturadevino.es\/blog\/2019\/08\/08\/humans-of-wine-entrevista-antonio-ramos-obrador-san-francisco\/"},"author":{"name":"Vivanco","@id":"https:\/\/vivancoculturadevino.es\/blog\/#\/schema\/person\/745931ee54ccbb839d8df0cceb02db4c"},"headline":"HUMANS OF WINE | ENTREVISTA A ANTONIO RAMOS, OBRADOR DE SAN FRANCISCO","datePublished":"2019-08-08T07:00:50+00:00","dateModified":"2020-01-16T10:48:36+00:00","mainEntityOfPage":{"@id":"https:\/\/vivancoculturadevino.es\/blog\/2019\/08\/08\/humans-of-wine-entrevista-antonio-ramos-obrador-san-francisco\/"},"wordCount":1022,"commentCount":0,"publisher":{"@id":"https:\/\/vivancoculturadevino.es\/blog\/#organization"},"image":{"@id":"https:\/\/vivancoculturadevino.es\/blog\/2019\/08\/08\/humans-of-wine-entrevista-antonio-ramos-obrador-san-francisco\/#primaryimage"},"thumbnailUrl":"https:\/\/vivancoculturadevino.es\/blog\/wp-content\/uploads\/2019\/08\/human-pan-2.jpg","keywords":["Humans Of Wine"],"articleSection":["Humans of Wine","Vivanco"],"inLanguage":"es","potentialAction":[{"@type":"CommentAction","name":"Comment","target":["https:\/\/vivancoculturadevino.es\/blog\/2019\/08\/08\/humans-of-wine-entrevista-antonio-ramos-obrador-san-francisco\/#respond"]}]},{"@type":"WebPage","@id":"https:\/\/vivancoculturadevino.es\/blog\/2019\/08\/08\/humans-of-wine-entrevista-antonio-ramos-obrador-san-francisco\/","url":"https:\/\/vivancoculturadevino.es\/blog\/2019\/08\/08\/humans-of-wine-entrevista-antonio-ramos-obrador-san-francisco\/","name":"HUMANS OF WINE | ENTREVISTA A ANTONIO RAMOS, OBRADOR DE SAN FRANCISCO | Vivanco","isPartOf":{"@id":"https:\/\/vivancoculturadevino.es\/blog\/#website"},"primaryImageOfPage":{"@id":"https:\/\/vivancoculturadevino.es\/blog\/2019\/08\/08\/humans-of-wine-entrevista-antonio-ramos-obrador-san-francisco\/#primaryimage"},"image":{"@id":"https:\/\/vivancoculturadevino.es\/blog\/2019\/08\/08\/humans-of-wine-entrevista-antonio-ramos-obrador-san-francisco\/#primaryimage"},"thumbnailUrl":"https:\/\/vivancoculturadevino.es\/blog\/wp-content\/uploads\/2019\/08\/human-pan-2.jpg","datePublished":"2019-08-08T07:00:50+00:00","dateModified":"2020-01-16T10:48:36+00:00","description":"El binomio pan y vino conforman, probablemente, los dos alimentos m\u00e1s antiguos y primordiales para el ser humano. En Vivanco, el vino es nuestra raz\u00f3n de ser, y para entender bien estos dos productos, hoy nos ponemos en el lado del pan.","breadcrumb":{"@id":"https:\/\/vivancoculturadevino.es\/blog\/2019\/08\/08\/humans-of-wine-entrevista-antonio-ramos-obrador-san-francisco\/#breadcrumb"},"inLanguage":"es","potentialAction":[{"@type":"ReadAction","target":["https:\/\/vivancoculturadevino.es\/blog\/2019\/08\/08\/humans-of-wine-entrevista-antonio-ramos-obrador-san-francisco\/"]}]},{"@type":"ImageObject","inLanguage":"es","@id":"https:\/\/vivancoculturadevino.es\/blog\/2019\/08\/08\/humans-of-wine-entrevista-antonio-ramos-obrador-san-francisco\/#primaryimage","url":"https:\/\/vivancoculturadevino.es\/blog\/wp-content\/uploads\/2019\/08\/human-pan-2.jpg","contentUrl":"https:\/\/vivancoculturadevino.es\/blog\/wp-content\/uploads\/2019\/08\/human-pan-2.jpg","width":1200,"height":1404,"caption":"Foto: Nando Garc\u00eda para Vivanco"},{"@type":"BreadcrumbList","@id":"https:\/\/vivancoculturadevino.es\/blog\/2019\/08\/08\/humans-of-wine-entrevista-antonio-ramos-obrador-san-francisco\/#breadcrumb","itemListElement":[{"@type":"ListItem","position":1,"name":"Portada","item":"https:\/\/vivancoculturadevino.es\/blog\/"},{"@type":"ListItem","position":2,"name":"HUMANS OF WINE | ENTREVISTA A ANTONIO RAMOS, OBRADOR DE SAN FRANCISCO"}]},{"@type":"WebSite","@id":"https:\/\/vivancoculturadevino.es\/blog\/#website","url":"https:\/\/vivancoculturadevino.es\/blog\/","name":"Vivanco","description":"Una familia y una pasi\u00f3n: Compartir la cultura del vino","publisher":{"@id":"https:\/\/vivancoculturadevino.es\/blog\/#organization"},"potentialAction":[{"@type":"SearchAction","target":{"@type":"EntryPoint","urlTemplate":"https:\/\/vivancoculturadevino.es\/blog\/?s={search_term_string}"},"query-input":{"@type":"PropertyValueSpecification","valueRequired":true,"valueName":"search_term_string"}}],"inLanguage":"es"},{"@type":"Organization","@id":"https:\/\/vivancoculturadevino.es\/blog\/#organization","name":"Vivanco","url":"https:\/\/vivancoculturadevino.es\/blog\/","logo":{"@type":"ImageObject","inLanguage":"es","@id":"https:\/\/vivancoculturadevino.es\/blog\/#\/schema\/logo\/image\/","url":"https:\/\/vivancoculturadevino.es\/blog\/wp-content\/uploads\/2026\/01\/Logo-blanco.svg","contentUrl":"https:\/\/vivancoculturadevino.es\/blog\/wp-content\/uploads\/2026\/01\/Logo-blanco.svg","width":134,"height":43,"caption":"Vivanco"},"image":{"@id":"https:\/\/vivancoculturadevino.es\/blog\/#\/schema\/logo\/image\/"}},{"@type":"Person","@id":"https:\/\/vivancoculturadevino.es\/blog\/#\/schema\/person\/745931ee54ccbb839d8df0cceb02db4c","name":"Vivanco","image":{"@type":"ImageObject","inLanguage":"es","@id":"https:\/\/vivancoculturadevino.es\/blog\/#\/schema\/person\/image\/","url":"https:\/\/secure.gravatar.com\/avatar\/61b66c59d132db2f7ad4dfd1cc89bbd508b4d5888ab39ddba99f2aca247b7fb3?s=96&d=mm&r=g","contentUrl":"https:\/\/secure.gravatar.com\/avatar\/61b66c59d132db2f7ad4dfd1cc89bbd508b4d5888ab39ddba99f2aca247b7fb3?s=96&d=mm&r=g","caption":"Vivanco"},"description":"Bodega, Fundaci\u00f3n, Experiencias. Compartiendo Cultura de Vino","sameAs":["http:\/\/www.vivancoculturadevino.es","https:\/\/www.facebook.com\/vivancoculturadevino","https:\/\/x.com\/https:\/\/twitter.com\/Vivanco_es","https:\/\/www.youtube.com\/channel\/UC8a2nOiF7kAQNPPduAi2Evw\/videos"],"url":"https:\/\/vivancoculturadevino.es\/blog\/author\/administrator\/"}]}},"_links":{"self":[{"href":"https:\/\/vivancoculturadevino.es\/blog\/wp-json\/wp\/v2\/posts\/4029","targetHints":{"allow":["GET"]}}],"collection":[{"href":"https:\/\/vivancoculturadevino.es\/blog\/wp-json\/wp\/v2\/posts"}],"about":[{"href":"https:\/\/vivancoculturadevino.es\/blog\/wp-json\/wp\/v2\/types\/post"}],"author":[{"embeddable":true,"href":"https:\/\/vivancoculturadevino.es\/blog\/wp-json\/wp\/v2\/users\/1"}],"replies":[{"embeddable":true,"href":"https:\/\/vivancoculturadevino.es\/blog\/wp-json\/wp\/v2\/comments?post=4029"}],"version-history":[{"count":1,"href":"https:\/\/vivancoculturadevino.es\/blog\/wp-json\/wp\/v2\/posts\/4029\/revisions"}],"predecessor-version":[{"id":4031,"href":"https:\/\/vivancoculturadevino.es\/blog\/wp-json\/wp\/v2\/posts\/4029\/revisions\/4031"}],"wp:featuredmedia":[{"embeddable":true,"href":"https:\/\/vivancoculturadevino.es\/blog\/wp-json\/wp\/v2\/media\/4033"}],"wp:attachment":[{"href":"https:\/\/vivancoculturadevino.es\/blog\/wp-json\/wp\/v2\/media?parent=4029"}],"wp:term":[{"taxonomy":"category","embeddable":true,"href":"https:\/\/vivancoculturadevino.es\/blog\/wp-json\/wp\/v2\/categories?post=4029"},{"taxonomy":"post_tag","embeddable":true,"href":"https:\/\/vivancoculturadevino.es\/blog\/wp-json\/wp\/v2\/tags?post=4029"}],"curies":[{"name":"wp","href":"https:\/\/api.w.org\/{rel}","templated":true}]}}