{"id":3798,"date":"2019-01-18T11:36:20","date_gmt":"2019-01-18T10:36:20","guid":{"rendered":"https:\/\/vivancoculturadevino.es\/blog\/?p=3798"},"modified":"2019-01-18T11:39:07","modified_gmt":"2019-01-18T10:39:07","slug":"pitagoras-copa-moderacion","status":"publish","type":"post","link":"https:\/\/vivancoculturadevino.es\/blog\/2019\/01\/18\/pitagoras-copa-moderacion\/","title":{"rendered":"Pit\u00e1goras y la copa de la moderaci\u00f3n"},"content":{"rendered":"<p><strong><b>Pit\u00e1goras de Samos <\/b><\/strong><strong><b>fue un fil\u00f3sofo y matem\u00e1tico griego considerado el primer matem\u00e1tico puro,<\/b><\/strong>\u00a0y al que posiblemente conozca gran parte del mundo por el teorema que lleva su nombre. Fue el fundador en el siglo VI a. C. de la Escuela pitag\u00f3rica en la ciudad de Crotona, una especie de secta filos\u00f3fica, cuasi religiosa, con sus secretos, sus s\u00edmbolos, sus rituales y cuyos principios fundacionales fueron el car\u00e1cter m\u00edstico de los n\u00fameros, la armon\u00eda del universo basada en ellos y la transmigraci\u00f3n de las almas (reencarnaci\u00f3n).<\/p>\n<p style=\"padding-left: 30px;\"><em><i>Pit\u00e1goras caminaba cerca de un perro maltratado y compadeci\u00e9ndose le dijo a su amo: no le golpees, pues he reconocido el alma de un amigo m\u00edo al o\u00edr el sonido de sus lamentos.<\/i><\/em><\/p>\n<p>La vida pitag\u00f3rica requer\u00eda numerosos sacrificios, siempre moderaci\u00f3n y frugalidad. Pit\u00e1goras ped\u00eda a sus disc\u00edpulos beber vino con moderaci\u00f3n, comer y dormir poco, que se abstuvieran de la carne y en general de cualquier alimento de dif\u00edcil digesti\u00f3n.<\/p>\n<p style=\"padding-left: 30px;\"><strong><em><b><i>Mientras los hombres sigan masacrando a sus hermanos los animales, reinar\u00e1 en la tierra la guerra y el sufrimiento y se matar\u00e1n unos a otros, pues aquel que siembra dolor y la muerte no podr\u00e1 cosechar ni la alegr\u00eda, ni la paz, ni el amor.<\/i><\/b><\/em><\/strong><\/p>\n<p>Y respecto a las habas, absoluta prohibici\u00f3n. Una teor\u00eda apunta a que lo que pretend\u00eda el maestro era evitar que sus disc\u00edpulos padecieran de favismo, dolencia que deriva de una deficiencia enzim\u00e1tica que actualmente afecta a unos 400 millones de cong\u00e9neres y cuya sintomatolog\u00eda es malestar general, orina oscura, ictericia, fiebre y v\u00f3mitos. Otra hip\u00f3tesis es que siendo ni\u00f1o y mientras correteaba por un campo de habas sufri\u00f3 una ca\u00edda, se golpe\u00f3 con una piedra y como resultado se\u00a0le qued\u00f3 la fea cicatriz que surcaba su rostro. \u00a0Algunas incluso apuntan a su semejanza con los genitales o a que su forma recuerda a la de un feto humano.<\/p>\n<p>Lo m\u00e1s plausible es que Pit\u00e1goras, como tantos en sus tiempos y muchos siguientes, creyera que el alma estaba hecha de aire y que el gas expulsado en las flatulencias subsiguientes a la ingesta de habas, era el alma de la legumbre.<\/p>\n<p>Aunque el grupo de pitag\u00f3ricos estaba conformado por gente seria y disciplinada, como matem\u00e1ticos, fil\u00f3sofos, astr\u00f3logos o m\u00fasicos, <strong><b>Pit\u00e1goras sab\u00eda que la tentaci\u00f3n del vino era demasiado fuerte como para obviarla<\/b><\/strong>. As\u00ed que, decidi\u00f3 inventar un artilugio para pillar a los que se exced\u00edan con el vino, <strong><b>la copa de la justicia o la moderaci\u00f3n.<\/b><\/strong><\/p>\n<p><a href=\"https:\/\/vivancoculturadevino.es\/blog\/wp-content\/uploads\/2019\/01\/copa-moderacion-justicia.png\"><img fetchpriority=\"high\" decoding=\"async\" class=\"aligncenter size-full wp-image-3799\" src=\"https:\/\/vivancoculturadevino.es\/blog\/wp-content\/uploads\/2019\/01\/copa-moderacion-justicia.png\" alt=\"copa moderacion justicia\" width=\"660\" height=\"495\" srcset=\"https:\/\/vivancoculturadevino.es\/blog\/wp-content\/uploads\/2019\/01\/copa-moderacion-justicia.png 660w, https:\/\/vivancoculturadevino.es\/blog\/wp-content\/uploads\/2019\/01\/copa-moderacion-justicia-300x225.png 300w\" sizes=\"(max-width: 660px) 100vw, 660px\" \/><\/a><\/p>\n<p>Era una copa con un cilindro en el centro en el que estaba marcado el l\u00edmite hasta donde pod\u00edas llenarla y que en su interior ten\u00eda un tubo que comunicaba con un orificio en el pie. Si te serv\u00edas hasta la l\u00ednea pod\u00edas beberlo sin problema, <strong>pero si te serv\u00edas m\u00e1s de la marca tambi\u00e9n se llenaba el tubo, desplazando el aire que se alojaba en su interior.<\/strong> En el momento en que el vino del tubo empezaba a caer, todo el l\u00edquido que hab\u00eda en la copa le segu\u00eda -como en la actualidad los sifones en los desag\u00fces de los aparatos sanitarios-, dej\u00e1ndola vac\u00eda y delatando al codicioso.<\/p>\n","protected":false},"excerpt":{"rendered":"<p>Descubre cu\u00e1l es la utilidad de la copa de la moderaci\u00f3n o copa de la justicia que invent\u00f3 Pit\u00e1goras. \u00a1Muy interesante!<\/p>\n","protected":false},"author":8,"featured_media":3800,"comment_status":"closed","ping_status":"closed","sticky":false,"template":"","format":"standard","meta":{"footnotes":"","_elementor_edit_mode":"","_elementor_template_type":"","_elementor_data":"","_elementor_page_settings":null,"_elementor_conditions":[]},"categories":[7],"tags":[524,53,525,523],"class_list":["post-3798","post","type-post","status-publish","format-standard","has-post-thumbnail","hentry","category-fundacion","tag-copa-de-la-moderacion","tag-cultura","tag-curiosidades","tag-pitagoras"],"yoast_head":"<!-- This site is optimized with the Yoast SEO plugin v26.8 - https:\/\/yoast.com\/product\/yoast-seo-wordpress\/ -->\n<title>Pit\u00e1goras y la copa de la moderaci\u00f3n | Vivanco<\/title>\n<meta name=\"description\" content=\"Descubre cu\u00e1l es la utilidad de la copa de la moderaci\u00f3n o copa de la justicia que invent\u00f3 Pit\u00e1goras. \u00a1Muy interesante!\" \/>\n<meta name=\"robots\" content=\"index, follow, max-snippet:-1, max-image-preview:large, max-video-preview:-1\" \/>\n<link rel=\"canonical\" href=\"https:\/\/vivancoculturadevino.es\/blog\/2019\/01\/18\/pitagoras-copa-moderacion\/\" \/>\n<meta property=\"og:locale\" content=\"es_ES\" \/>\n<meta property=\"og:type\" content=\"article\" \/>\n<meta property=\"og:title\" content=\"Pit\u00e1goras y la copa de la moderaci\u00f3n | Vivanco\" \/>\n<meta property=\"og:description\" content=\"Descubre cu\u00e1l es la utilidad de la copa de la moderaci\u00f3n o copa de la justicia que invent\u00f3 Pit\u00e1goras. \u00a1Muy interesante!\" \/>\n<meta property=\"og:url\" content=\"https:\/\/vivancoculturadevino.es\/blog\/2019\/01\/18\/pitagoras-copa-moderacion\/\" \/>\n<meta property=\"og:site_name\" content=\"Vivanco\" \/>\n<meta property=\"article:author\" content=\"https:\/\/www.facebook.com\/HistoriasdelaHistoria\" \/>\n<meta property=\"article:published_time\" content=\"2019-01-18T10:36:20+00:00\" \/>\n<meta property=\"article:modified_time\" content=\"2019-01-18T10:39:07+00:00\" \/>\n<meta property=\"og:image\" content=\"https:\/\/vivancoculturadevino.es\/blog\/wp-content\/uploads\/2019\/01\/pitagoras-filosofo.png\" \/>\n\t<meta property=\"og:image:width\" content=\"625\" \/>\n\t<meta property=\"og:image:height\" content=\"450\" \/>\n\t<meta property=\"og:image:type\" content=\"image\/png\" \/>\n<meta name=\"author\" content=\"Javier Sanz\" \/>\n<meta name=\"twitter:card\" content=\"summary_large_image\" \/>\n<meta name=\"twitter:image\" content=\"https:\/\/vivancoculturadevino.es\/blog\/wp-content\/uploads\/2019\/01\/pitagoras-filosofo.png\" \/>\n<meta name=\"twitter:creator\" content=\"@https:\/\/twitter.com\/jsanz\" \/>\n<meta name=\"twitter:label1\" content=\"Escrito por\" \/>\n\t<meta name=\"twitter:data1\" content=\"Javier Sanz\" \/>\n\t<meta name=\"twitter:label2\" content=\"Tiempo de lectura\" \/>\n\t<meta name=\"twitter:data2\" content=\"3 minutos\" \/>\n<script type=\"application\/ld+json\" class=\"yoast-schema-graph\">{\"@context\":\"https:\/\/schema.org\",\"@graph\":[{\"@type\":\"Article\",\"@id\":\"https:\/\/vivancoculturadevino.es\/blog\/2019\/01\/18\/pitagoras-copa-moderacion\/#article\",\"isPartOf\":{\"@id\":\"https:\/\/vivancoculturadevino.es\/blog\/2019\/01\/18\/pitagoras-copa-moderacion\/\"},\"author\":{\"name\":\"Javier Sanz\",\"@id\":\"https:\/\/vivancoculturadevino.es\/blog\/#\/schema\/person\/8b9b698cff084699559378a8ebe12b8d\"},\"headline\":\"Pit\u00e1goras y la copa de la moderaci\u00f3n\",\"datePublished\":\"2019-01-18T10:36:20+00:00\",\"dateModified\":\"2019-01-18T10:39:07+00:00\",\"mainEntityOfPage\":{\"@id\":\"https:\/\/vivancoculturadevino.es\/blog\/2019\/01\/18\/pitagoras-copa-moderacion\/\"},\"wordCount\":592,\"publisher\":{\"@id\":\"https:\/\/vivancoculturadevino.es\/blog\/#organization\"},\"image\":{\"@id\":\"https:\/\/vivancoculturadevino.es\/blog\/2019\/01\/18\/pitagoras-copa-moderacion\/#primaryimage\"},\"thumbnailUrl\":\"https:\/\/vivancoculturadevino.es\/blog\/wp-content\/uploads\/2019\/01\/pitagoras-filosofo.png\",\"keywords\":[\"copa de la moderaci\u00f3n\",\"cultura\",\"curiosidades\",\"Pit\u00e1goras\"],\"articleSection\":[\"Cultura\"],\"inLanguage\":\"es\"},{\"@type\":\"WebPage\",\"@id\":\"https:\/\/vivancoculturadevino.es\/blog\/2019\/01\/18\/pitagoras-copa-moderacion\/\",\"url\":\"https:\/\/vivancoculturadevino.es\/blog\/2019\/01\/18\/pitagoras-copa-moderacion\/\",\"name\":\"Pit\u00e1goras y la copa de la moderaci\u00f3n | Vivanco\",\"isPartOf\":{\"@id\":\"https:\/\/vivancoculturadevino.es\/blog\/#website\"},\"primaryImageOfPage\":{\"@id\":\"https:\/\/vivancoculturadevino.es\/blog\/2019\/01\/18\/pitagoras-copa-moderacion\/#primaryimage\"},\"image\":{\"@id\":\"https:\/\/vivancoculturadevino.es\/blog\/2019\/01\/18\/pitagoras-copa-moderacion\/#primaryimage\"},\"thumbnailUrl\":\"https:\/\/vivancoculturadevino.es\/blog\/wp-content\/uploads\/2019\/01\/pitagoras-filosofo.png\",\"datePublished\":\"2019-01-18T10:36:20+00:00\",\"dateModified\":\"2019-01-18T10:39:07+00:00\",\"description\":\"Descubre cu\u00e1l es la utilidad de la copa de la moderaci\u00f3n o copa de la justicia que invent\u00f3 Pit\u00e1goras. \u00a1Muy interesante!\",\"breadcrumb\":{\"@id\":\"https:\/\/vivancoculturadevino.es\/blog\/2019\/01\/18\/pitagoras-copa-moderacion\/#breadcrumb\"},\"inLanguage\":\"es\",\"potentialAction\":[{\"@type\":\"ReadAction\",\"target\":[\"https:\/\/vivancoculturadevino.es\/blog\/2019\/01\/18\/pitagoras-copa-moderacion\/\"]}]},{\"@type\":\"ImageObject\",\"inLanguage\":\"es\",\"@id\":\"https:\/\/vivancoculturadevino.es\/blog\/2019\/01\/18\/pitagoras-copa-moderacion\/#primaryimage\",\"url\":\"https:\/\/vivancoculturadevino.es\/blog\/wp-content\/uploads\/2019\/01\/pitagoras-filosofo.png\",\"contentUrl\":\"https:\/\/vivancoculturadevino.es\/blog\/wp-content\/uploads\/2019\/01\/pitagoras-filosofo.png\",\"width\":625,\"height\":450,\"caption\":\"pitagoras filosofo\"},{\"@type\":\"BreadcrumbList\",\"@id\":\"https:\/\/vivancoculturadevino.es\/blog\/2019\/01\/18\/pitagoras-copa-moderacion\/#breadcrumb\",\"itemListElement\":[{\"@type\":\"ListItem\",\"position\":1,\"name\":\"Portada\",\"item\":\"https:\/\/vivancoculturadevino.es\/blog\/\"},{\"@type\":\"ListItem\",\"position\":2,\"name\":\"Pit\u00e1goras y la copa de la moderaci\u00f3n\"}]},{\"@type\":\"WebSite\",\"@id\":\"https:\/\/vivancoculturadevino.es\/blog\/#website\",\"url\":\"https:\/\/vivancoculturadevino.es\/blog\/\",\"name\":\"Vivanco\",\"description\":\"Una familia y una pasi\u00f3n: Compartir la cultura del vino\",\"publisher\":{\"@id\":\"https:\/\/vivancoculturadevino.es\/blog\/#organization\"},\"potentialAction\":[{\"@type\":\"SearchAction\",\"target\":{\"@type\":\"EntryPoint\",\"urlTemplate\":\"https:\/\/vivancoculturadevino.es\/blog\/?s={search_term_string}\"},\"query-input\":{\"@type\":\"PropertyValueSpecification\",\"valueRequired\":true,\"valueName\":\"search_term_string\"}}],\"inLanguage\":\"es\"},{\"@type\":\"Organization\",\"@id\":\"https:\/\/vivancoculturadevino.es\/blog\/#organization\",\"name\":\"Vivanco\",\"url\":\"https:\/\/vivancoculturadevino.es\/blog\/\",\"logo\":{\"@type\":\"ImageObject\",\"inLanguage\":\"es\",\"@id\":\"https:\/\/vivancoculturadevino.es\/blog\/#\/schema\/logo\/image\/\",\"url\":\"https:\/\/vivancoculturadevino.es\/blog\/wp-content\/uploads\/2026\/01\/Logo-blanco.svg\",\"contentUrl\":\"https:\/\/vivancoculturadevino.es\/blog\/wp-content\/uploads\/2026\/01\/Logo-blanco.svg\",\"width\":134,\"height\":43,\"caption\":\"Vivanco\"},\"image\":{\"@id\":\"https:\/\/vivancoculturadevino.es\/blog\/#\/schema\/logo\/image\/\"}},{\"@type\":\"Person\",\"@id\":\"https:\/\/vivancoculturadevino.es\/blog\/#\/schema\/person\/8b9b698cff084699559378a8ebe12b8d\",\"name\":\"Javier Sanz\",\"image\":{\"@type\":\"ImageObject\",\"inLanguage\":\"es\",\"@id\":\"https:\/\/vivancoculturadevino.es\/blog\/#\/schema\/person\/image\/\",\"url\":\"https:\/\/secure.gravatar.com\/avatar\/a50fceb249b4111443d60ecf2777e8ac4b31d342734cfd7b97b36a8a32dbf3f8?s=96&d=mm&r=g\",\"contentUrl\":\"https:\/\/secure.gravatar.com\/avatar\/a50fceb249b4111443d60ecf2777e8ac4b31d342734cfd7b97b36a8a32dbf3f8?s=96&d=mm&r=g\",\"caption\":\"Javier Sanz\"},\"description\":\"Contador de historias a trav\u00e9s del blog, libros, colaboraciones en prensa y radio con la \u00fanica pretensi\u00f3n de acercar la historia de forma amena y entretenida a los que la dejaron de lado. Director de la revista digital e interactiva \\\"iHstoria\\\". Colaboraciones en el peri\u00f3dico Diario de Teruel, revista Iberia Vieja y revista Cl\u00edo. Colaboraciones en radio en La Rosa de los Vientos (Onda Cero), Gente Despierta (RNE) y La Noche es Nuestra (EuropaFM).\",\"sameAs\":[\"http:\/\/historiasdelahistoria.com\/\",\"https:\/\/www.facebook.com\/HistoriasdelaHistoria\",\"https:\/\/x.com\/https:\/\/twitter.com\/jsanz\"],\"url\":\"https:\/\/vivancoculturadevino.es\/blog\/author\/javier-sanz\/\"}]}<\/script>\n<!-- \/ Yoast SEO plugin. -->","yoast_head_json":{"title":"Pit\u00e1goras y la copa de la moderaci\u00f3n | Vivanco","description":"Descubre cu\u00e1l es la utilidad de la copa de la moderaci\u00f3n o copa de la justicia que invent\u00f3 Pit\u00e1goras. \u00a1Muy interesante!","robots":{"index":"index","follow":"follow","max-snippet":"max-snippet:-1","max-image-preview":"max-image-preview:large","max-video-preview":"max-video-preview:-1"},"canonical":"https:\/\/vivancoculturadevino.es\/blog\/2019\/01\/18\/pitagoras-copa-moderacion\/","og_locale":"es_ES","og_type":"article","og_title":"Pit\u00e1goras y la copa de la moderaci\u00f3n | Vivanco","og_description":"Descubre cu\u00e1l es la utilidad de la copa de la moderaci\u00f3n o copa de la justicia que invent\u00f3 Pit\u00e1goras. \u00a1Muy interesante!","og_url":"https:\/\/vivancoculturadevino.es\/blog\/2019\/01\/18\/pitagoras-copa-moderacion\/","og_site_name":"Vivanco","article_author":"https:\/\/www.facebook.com\/HistoriasdelaHistoria","article_published_time":"2019-01-18T10:36:20+00:00","article_modified_time":"2019-01-18T10:39:07+00:00","og_image":[{"width":625,"height":450,"url":"https:\/\/vivancoculturadevino.es\/blog\/wp-content\/uploads\/2019\/01\/pitagoras-filosofo.png","type":"image\/png"}],"author":"Javier Sanz","twitter_card":"summary_large_image","twitter_image":"https:\/\/vivancoculturadevino.es\/blog\/wp-content\/uploads\/2019\/01\/pitagoras-filosofo.png","twitter_creator":"@https:\/\/twitter.com\/jsanz","twitter_misc":{"Escrito por":"Javier Sanz","Tiempo de lectura":"3 minutos"},"schema":{"@context":"https:\/\/schema.org","@graph":[{"@type":"Article","@id":"https:\/\/vivancoculturadevino.es\/blog\/2019\/01\/18\/pitagoras-copa-moderacion\/#article","isPartOf":{"@id":"https:\/\/vivancoculturadevino.es\/blog\/2019\/01\/18\/pitagoras-copa-moderacion\/"},"author":{"name":"Javier Sanz","@id":"https:\/\/vivancoculturadevino.es\/blog\/#\/schema\/person\/8b9b698cff084699559378a8ebe12b8d"},"headline":"Pit\u00e1goras y la copa de la moderaci\u00f3n","datePublished":"2019-01-18T10:36:20+00:00","dateModified":"2019-01-18T10:39:07+00:00","mainEntityOfPage":{"@id":"https:\/\/vivancoculturadevino.es\/blog\/2019\/01\/18\/pitagoras-copa-moderacion\/"},"wordCount":592,"publisher":{"@id":"https:\/\/vivancoculturadevino.es\/blog\/#organization"},"image":{"@id":"https:\/\/vivancoculturadevino.es\/blog\/2019\/01\/18\/pitagoras-copa-moderacion\/#primaryimage"},"thumbnailUrl":"https:\/\/vivancoculturadevino.es\/blog\/wp-content\/uploads\/2019\/01\/pitagoras-filosofo.png","keywords":["copa de la moderaci\u00f3n","cultura","curiosidades","Pit\u00e1goras"],"articleSection":["Cultura"],"inLanguage":"es"},{"@type":"WebPage","@id":"https:\/\/vivancoculturadevino.es\/blog\/2019\/01\/18\/pitagoras-copa-moderacion\/","url":"https:\/\/vivancoculturadevino.es\/blog\/2019\/01\/18\/pitagoras-copa-moderacion\/","name":"Pit\u00e1goras y la copa de la moderaci\u00f3n | Vivanco","isPartOf":{"@id":"https:\/\/vivancoculturadevino.es\/blog\/#website"},"primaryImageOfPage":{"@id":"https:\/\/vivancoculturadevino.es\/blog\/2019\/01\/18\/pitagoras-copa-moderacion\/#primaryimage"},"image":{"@id":"https:\/\/vivancoculturadevino.es\/blog\/2019\/01\/18\/pitagoras-copa-moderacion\/#primaryimage"},"thumbnailUrl":"https:\/\/vivancoculturadevino.es\/blog\/wp-content\/uploads\/2019\/01\/pitagoras-filosofo.png","datePublished":"2019-01-18T10:36:20+00:00","dateModified":"2019-01-18T10:39:07+00:00","description":"Descubre cu\u00e1l es la utilidad de la copa de la moderaci\u00f3n o copa de la justicia que invent\u00f3 Pit\u00e1goras. \u00a1Muy interesante!","breadcrumb":{"@id":"https:\/\/vivancoculturadevino.es\/blog\/2019\/01\/18\/pitagoras-copa-moderacion\/#breadcrumb"},"inLanguage":"es","potentialAction":[{"@type":"ReadAction","target":["https:\/\/vivancoculturadevino.es\/blog\/2019\/01\/18\/pitagoras-copa-moderacion\/"]}]},{"@type":"ImageObject","inLanguage":"es","@id":"https:\/\/vivancoculturadevino.es\/blog\/2019\/01\/18\/pitagoras-copa-moderacion\/#primaryimage","url":"https:\/\/vivancoculturadevino.es\/blog\/wp-content\/uploads\/2019\/01\/pitagoras-filosofo.png","contentUrl":"https:\/\/vivancoculturadevino.es\/blog\/wp-content\/uploads\/2019\/01\/pitagoras-filosofo.png","width":625,"height":450,"caption":"pitagoras filosofo"},{"@type":"BreadcrumbList","@id":"https:\/\/vivancoculturadevino.es\/blog\/2019\/01\/18\/pitagoras-copa-moderacion\/#breadcrumb","itemListElement":[{"@type":"ListItem","position":1,"name":"Portada","item":"https:\/\/vivancoculturadevino.es\/blog\/"},{"@type":"ListItem","position":2,"name":"Pit\u00e1goras y la copa de la moderaci\u00f3n"}]},{"@type":"WebSite","@id":"https:\/\/vivancoculturadevino.es\/blog\/#website","url":"https:\/\/vivancoculturadevino.es\/blog\/","name":"Vivanco","description":"Una familia y una pasi\u00f3n: Compartir la cultura del vino","publisher":{"@id":"https:\/\/vivancoculturadevino.es\/blog\/#organization"},"potentialAction":[{"@type":"SearchAction","target":{"@type":"EntryPoint","urlTemplate":"https:\/\/vivancoculturadevino.es\/blog\/?s={search_term_string}"},"query-input":{"@type":"PropertyValueSpecification","valueRequired":true,"valueName":"search_term_string"}}],"inLanguage":"es"},{"@type":"Organization","@id":"https:\/\/vivancoculturadevino.es\/blog\/#organization","name":"Vivanco","url":"https:\/\/vivancoculturadevino.es\/blog\/","logo":{"@type":"ImageObject","inLanguage":"es","@id":"https:\/\/vivancoculturadevino.es\/blog\/#\/schema\/logo\/image\/","url":"https:\/\/vivancoculturadevino.es\/blog\/wp-content\/uploads\/2026\/01\/Logo-blanco.svg","contentUrl":"https:\/\/vivancoculturadevino.es\/blog\/wp-content\/uploads\/2026\/01\/Logo-blanco.svg","width":134,"height":43,"caption":"Vivanco"},"image":{"@id":"https:\/\/vivancoculturadevino.es\/blog\/#\/schema\/logo\/image\/"}},{"@type":"Person","@id":"https:\/\/vivancoculturadevino.es\/blog\/#\/schema\/person\/8b9b698cff084699559378a8ebe12b8d","name":"Javier Sanz","image":{"@type":"ImageObject","inLanguage":"es","@id":"https:\/\/vivancoculturadevino.es\/blog\/#\/schema\/person\/image\/","url":"https:\/\/secure.gravatar.com\/avatar\/a50fceb249b4111443d60ecf2777e8ac4b31d342734cfd7b97b36a8a32dbf3f8?s=96&d=mm&r=g","contentUrl":"https:\/\/secure.gravatar.com\/avatar\/a50fceb249b4111443d60ecf2777e8ac4b31d342734cfd7b97b36a8a32dbf3f8?s=96&d=mm&r=g","caption":"Javier Sanz"},"description":"Contador de historias a trav\u00e9s del blog, libros, colaboraciones en prensa y radio con la \u00fanica pretensi\u00f3n de acercar la historia de forma amena y entretenida a los que la dejaron de lado. Director de la revista digital e interactiva \"iHstoria\". Colaboraciones en el peri\u00f3dico Diario de Teruel, revista Iberia Vieja y revista Cl\u00edo. Colaboraciones en radio en La Rosa de los Vientos (Onda Cero), Gente Despierta (RNE) y La Noche es Nuestra (EuropaFM).","sameAs":["http:\/\/historiasdelahistoria.com\/","https:\/\/www.facebook.com\/HistoriasdelaHistoria","https:\/\/x.com\/https:\/\/twitter.com\/jsanz"],"url":"https:\/\/vivancoculturadevino.es\/blog\/author\/javier-sanz\/"}]}},"_links":{"self":[{"href":"https:\/\/vivancoculturadevino.es\/blog\/wp-json\/wp\/v2\/posts\/3798","targetHints":{"allow":["GET"]}}],"collection":[{"href":"https:\/\/vivancoculturadevino.es\/blog\/wp-json\/wp\/v2\/posts"}],"about":[{"href":"https:\/\/vivancoculturadevino.es\/blog\/wp-json\/wp\/v2\/types\/post"}],"author":[{"embeddable":true,"href":"https:\/\/vivancoculturadevino.es\/blog\/wp-json\/wp\/v2\/users\/8"}],"replies":[{"embeddable":true,"href":"https:\/\/vivancoculturadevino.es\/blog\/wp-json\/wp\/v2\/comments?post=3798"}],"version-history":[{"count":4,"href":"https:\/\/vivancoculturadevino.es\/blog\/wp-json\/wp\/v2\/posts\/3798\/revisions"}],"predecessor-version":[{"id":3804,"href":"https:\/\/vivancoculturadevino.es\/blog\/wp-json\/wp\/v2\/posts\/3798\/revisions\/3804"}],"wp:featuredmedia":[{"embeddable":true,"href":"https:\/\/vivancoculturadevino.es\/blog\/wp-json\/wp\/v2\/media\/3800"}],"wp:attachment":[{"href":"https:\/\/vivancoculturadevino.es\/blog\/wp-json\/wp\/v2\/media?parent=3798"}],"wp:term":[{"taxonomy":"category","embeddable":true,"href":"https:\/\/vivancoculturadevino.es\/blog\/wp-json\/wp\/v2\/categories?post=3798"},{"taxonomy":"post_tag","embeddable":true,"href":"https:\/\/vivancoculturadevino.es\/blog\/wp-json\/wp\/v2\/tags?post=3798"}],"curies":[{"name":"wp","href":"https:\/\/api.w.org\/{rel}","templated":true}]}}