{"id":3782,"date":"2018-12-27T08:00:49","date_gmt":"2018-12-27T07:00:49","guid":{"rendered":"https:\/\/vivancoculturadevino.es\/blog\/?p=3782"},"modified":"2019-01-24T09:50:12","modified_gmt":"2019-01-24T08:50:12","slug":"programa-maneras-contar-2018","status":"publish","type":"post","link":"https:\/\/vivancoculturadevino.es\/blog\/2018\/12\/27\/programa-maneras-contar-2018\/","title":{"rendered":"As\u00ed ha sido nuestro Programa Maneras de contar en 2018"},"content":{"rendered":"<p>Estamos acerc\u00e1ndonos ya a los \u00faltimos compases del a\u00f1o y es un momento perfecto para volver la vista atr\u00e1s y recordar el per\u00edodo que termina. Desde Vivanco queremos hacerlo con un breve repaso de los 7 cap\u00edtulos de <em><i>Maneras de contar 2018<\/i><\/em>. 7 v\u00eddeos en los que hemos querido transmitir nuestro amor por el vino y su cultura. Nuestro anfitri\u00f3n en estas visitas ha sido Santi Vivanco. De su mano, hemos podido conocer la historia que hay detr\u00e1s de algunas de las piezas m\u00e1s especiales del Museo Vivanco de la Cultura del Vino. Comenzamos un peque\u00f1o viaje en el que el vino, el arte y la historia nos acompa\u00f1ar\u00e1n a cada paso.<\/p>\n<h2>Maneras de Contar #1. Abrir, servir, beber<\/h2>\n<p>En este primer episodio de Maneras de Contar la Cultura del Vino de 2018, Santi Vivanco nos presenta tres sacacorchos muy particulares que forman parte de la colecci\u00f3n de m\u00e1s de 3.000 sacacorchos que puede contemplarse en el <a href=\"https:\/\/vivancoculturadevino.es\/es\/fundacion\/museo-vivanco\/\" target=\"_blank\">Museo Vivanco de la Cultura del Vino<\/a>. Se trata de tres piezas del siglo XVIII y XIX que pertenecieron a la familia real francesa. Fabricados oro, plata, marfil o n\u00e1car, el dise\u00f1o de estos sacacorchos incluye s\u00edmbolos asociados a la realeza francesa, como el sol, la flor de lis o el armi\u00f1o.<\/p>\n<p><iframe src=\"https:\/\/www.youtube-nocookie.com\/embed\/RlGqh-ktCZU\" width=\"560\" height=\"315\" frameborder=\"0\" allowfullscreen=\"allowfullscreen\"><\/iframe><\/p>\n<h2>Maneras de Contar #2. Antoni T\u00e0pies \u2013 Copa<\/h2>\n<p>En esta ocasi\u00f3n, Santi Vivanco nos cuenta c\u00f3mo su padre, Pedro Vivanco, que sol\u00eda tener preferencia por el arte cl\u00e1sico, comenz\u00f3 a comprar obras de arte contempor\u00e1neo. Lo hizo con la obra <em><i>Copa<\/i><\/em>, de Antoni T\u00e0pies, que representa una copa de vino. Esta pintura de 1997, elaborada sobre papel con \u00f3leo, lapicero y barniz, estuvo a punto de ser la imagen que se plasmara en las <a href=\"https:\/\/vivancoculturadevino.es\/blog\/2018\/09\/27\/tips-leer-informacion-etiquetas-botellas-vino\/\" target=\"_blank\">etiquetas de los vinos Vivanco<\/a>.<\/p>\n<p><iframe src=\"https:\/\/www.youtube-nocookie.com\/embed\/jgXE9pAYw-c\" width=\"560\" height=\"315\" frameborder=\"0\" allowfullscreen=\"allowfullscreen\"><\/iframe><\/p>\n<h2>Maneras de Contar #3. Juan Genov\u00e9s \u2013 Vinum<\/h2>\n<p>En la tercera entrega de <em><i>Maneras de Contar<\/i><\/em>, Santi Vivanco nos habla del gusto de su familia por las pinturas de Juan Genov\u00e9s, una afici\u00f3n que el director del Museo Vivanco de la Cultura del Vino comparte especialmente con su madre, Ang\u00e9lica S\u00e1enz. La familia quer\u00eda una obra del artista que guardase relaci\u00f3n con el mundo del vino y Genov\u00e9s propuso modificar una de sus pinturas para que aparecieran unos personajes pisando uva. As\u00ed, en 2011 surgi\u00f3 <em><i>Vinum<\/i><\/em>, la pintura de Juan Genov\u00e9s que protagoniza este cap\u00edtulo.<\/p>\n<p><iframe src=\"https:\/\/www.youtube-nocookie.com\/embed\/Z8elQ1rWkas\" width=\"560\" height=\"315\" frameborder=\"0\" allowfullscreen=\"allowfullscreen\"><\/iframe><\/p>\n<h2>Maneras de Contar #4. Jan Van Scorel \u2013 La Sagrada Familia<\/h2>\n<p>En este cuarto v\u00eddeo conocemos la historia detr\u00e1s de la primera obra de arte que Santi Vivanco compr\u00f3 para el Museo Vivanco de la Cultura del Vino. Se trata de una tabla pintada al \u00f3leo, en la que se puede ver la confluencia de la tradici\u00f3n pict\u00f3rica flamenca con la influencia de los maestros renacentistas italianos. Despu\u00e9s de acordar su compra, se determin\u00f3 que la autor\u00eda del cuadro era del mism\u00edsimo Jan Van Scorel. Todo un golpe de suerte que hizo que esta pintura del siglo XVI, conocida como <em><i>La Sagrada Familia<\/i><\/em>, se convirtiese en la m\u00e1s valiosa de todo el museo.<\/p>\n<p><iframe src=\"https:\/\/www.youtube-nocookie.com\/embed\/eAtusVjqPS8\" width=\"560\" height=\"315\" frameborder=\"0\" allowfullscreen=\"allowfullscreen\"><\/iframe><\/p>\n<h2>Maneras de Contar #5. Tempus Fugit<\/h2>\n<p>En esta edici\u00f3n de Maneras de Contar, conocemos la historia de <em><i>El carruaje de Baco<\/i><\/em>, un reloj de p\u00e9ndulo de sobremesa de en torno a 1775. Se trata de una pieza que lleg\u00f3 al museo despu\u00e9s de que Rafa Vivanco lo ganara en una subasta realizada a trav\u00e9s de Internet, en la que Ernesto de Hannover sacaba a la venta diversos objetos pertenecientes a la dinast\u00eda alemana. Este reloj perteneci\u00f3 al rey Jorge III de Inglaterra y es solo uno de los 60 relojes con los que cuenta el Museo Vivanco de la Cultura del Vino.<\/p>\n<p><iframe src=\"https:\/\/www.youtube-nocookie.com\/embed\/i62FQB5JJAA\" width=\"560\" height=\"315\" frameborder=\"0\" allowfullscreen=\"allowfullscreen\"><\/iframe><\/p>\n<h2>Maneras de Contar #6. Un trocito de M\u00e9doc<\/h2>\n<p>En la sexta entrega de la serie, Santi Vivanco nos cuenta c\u00f3mo lleg\u00f3 a sus manos una de las piezas m\u00e1s especiales del museo: un bast\u00f3n de mando de 1876 de la Cofrad\u00eda del Vino del M\u00e9doc, la zona vitivin\u00edcola m\u00e1s importante de Burdeos y una de las m\u00e1s importantes del mundo. Este bast\u00f3n refleja diversos motivos relacionados con el vino: s\u00e1tiros, bacantes, racimos de uva, hojas de parra\u2026 Lo hace a trav\u00e9s de magn\u00edficas tallas en bajorrelieve realizadas sobre el colmillo de un narval, una especie de unicornio marino.<\/p>\n<p><iframe src=\"https:\/\/www.youtube-nocookie.com\/embed\/GihyvpkUu_E\" width=\"560\" height=\"315\" frameborder=\"0\" allowfullscreen=\"allowfullscreen\"><\/iframe><\/p>\n<h2>Maneras de Contar #7. Desde Australia con amor<\/h2>\n<p>Y cerramos <em><i>Maneras de Contar 2018<\/i><\/em>\u00a0con este v\u00eddeo en el que los protagonistas son un sarc\u00f3fago de plomo decorado con motivos b\u00e1quicos y una escultura que representa la <em><i>Personificaci\u00f3n del oto\u00f1o<\/i><\/em>. Ambas piezas datan del per\u00edodo de la Roma Imperial, en torno a los siglos II y IV d.C., y su historia reciente nos habla de un viaje por buena parte del mundo, hasta llegar al Museo Vivanco de la Cultura del Vino.<\/p>\n<p><iframe src=\"https:\/\/www.youtube-nocookie.com\/embed\/6w1TflfEXBc\" width=\"560\" height=\"315\" frameborder=\"0\" allowfullscreen=\"allowfullscreen\"><\/iframe><\/p>\n<p>Si quieres seguir conociendo estas obras de arte y el resto de tesoros que guarda el Museo <strong><b>Vivanco de la Cultura del Vino<\/b><\/strong>, no te pierdas los pr\u00f3ximos cap\u00edtulos del <em><i>Maneras de Contar la Cultura del Vino<\/i><\/em>. O mejor a\u00fan, <strong><b><a href=\"https:\/\/vivancoculturadevino.es\/es\/reservas\/\" target=\"_blank\">ven a visitarnos<\/a>\u00a0<\/b><\/strong>y a compartir tu pasi\u00f3n por el vino con nosotros. Te esperamos.<\/p>\n","protected":false},"excerpt":{"rendered":"<p>Descubre algunas de las obras de arte m\u00e1s valiosas que guarda el Museo Vivanco de la Cultura del Vino.<\/p>\n","protected":false},"author":1,"featured_media":3783,"comment_status":"closed","ping_status":"closed","sticky":false,"template":"","format":"standard","meta":{"footnotes":"","_elementor_edit_mode":"","_elementor_template_type":"","_elementor_data":"","_elementor_page_settings":null,"_elementor_conditions":[]},"categories":[7],"tags":[275,289,521],"class_list":["post-3782","post","type-post","status-publish","format-standard","has-post-thumbnail","hentry","category-fundacion","tag-maneras-de-contar","tag-maneras-de-contar-la-cultura-del-vino","tag-santi-vivanco"],"yoast_head":"<!-- This site is optimized with the Yoast SEO plugin v26.8 - https:\/\/yoast.com\/product\/yoast-seo-wordpress\/ -->\n<title>As\u00ed ha sido nuestro Programa Maneras de contar en 2018 | Vivanco<\/title>\n<meta name=\"description\" content=\"Descubre algunas de las obras de arte m\u00e1s valiosas que guarda el Museo Vivanco de la Cultura del Vino.\" \/>\n<meta name=\"robots\" content=\"index, follow, max-snippet:-1, max-image-preview:large, max-video-preview:-1\" \/>\n<link rel=\"canonical\" href=\"https:\/\/vivancoculturadevino.es\/blog\/2018\/12\/27\/programa-maneras-contar-2018\/\" \/>\n<meta property=\"og:locale\" content=\"es_ES\" \/>\n<meta property=\"og:type\" content=\"article\" \/>\n<meta property=\"og:title\" content=\"As\u00ed ha sido nuestro Programa Maneras de contar en 2018 | Vivanco\" \/>\n<meta property=\"og:description\" content=\"Descubre algunas de las obras de arte m\u00e1s valiosas que guarda el Museo Vivanco de la Cultura del Vino.\" \/>\n<meta property=\"og:url\" content=\"https:\/\/vivancoculturadevino.es\/blog\/2018\/12\/27\/programa-maneras-contar-2018\/\" \/>\n<meta property=\"og:site_name\" content=\"Vivanco\" \/>\n<meta property=\"article:author\" content=\"https:\/\/www.facebook.com\/vivancoculturadevino\" \/>\n<meta property=\"article:published_time\" content=\"2018-12-27T07:00:49+00:00\" \/>\n<meta property=\"article:modified_time\" content=\"2019-01-24T08:50:12+00:00\" \/>\n<meta property=\"og:image\" content=\"https:\/\/vivancoculturadevino.es\/blog\/wp-content\/uploads\/2018\/12\/maneras-de-contar.jpg\" \/>\n\t<meta property=\"og:image:width\" content=\"981\" \/>\n\t<meta property=\"og:image:height\" content=\"486\" \/>\n\t<meta property=\"og:image:type\" content=\"image\/jpeg\" \/>\n<meta name=\"author\" content=\"Vivanco\" \/>\n<meta name=\"twitter:card\" content=\"summary_large_image\" \/>\n<meta name=\"twitter:image\" content=\"https:\/\/vivancoculturadevino.es\/blog\/wp-content\/uploads\/2018\/12\/maneras-de-contar.jpg\" \/>\n<meta name=\"twitter:creator\" content=\"@https:\/\/twitter.com\/Vivanco_es\" \/>\n<meta name=\"twitter:label1\" content=\"Escrito por\" \/>\n\t<meta name=\"twitter:data1\" content=\"Vivanco\" \/>\n\t<meta name=\"twitter:label2\" content=\"Tiempo de lectura\" \/>\n\t<meta name=\"twitter:data2\" content=\"4 minutos\" \/>\n<script type=\"application\/ld+json\" class=\"yoast-schema-graph\">{\"@context\":\"https:\/\/schema.org\",\"@graph\":[{\"@type\":\"Article\",\"@id\":\"https:\/\/vivancoculturadevino.es\/blog\/2018\/12\/27\/programa-maneras-contar-2018\/#article\",\"isPartOf\":{\"@id\":\"https:\/\/vivancoculturadevino.es\/blog\/2018\/12\/27\/programa-maneras-contar-2018\/\"},\"author\":{\"name\":\"Vivanco\",\"@id\":\"https:\/\/vivancoculturadevino.es\/blog\/#\/schema\/person\/745931ee54ccbb839d8df0cceb02db4c\"},\"headline\":\"As\u00ed ha sido nuestro Programa Maneras de contar en 2018\",\"datePublished\":\"2018-12-27T07:00:49+00:00\",\"dateModified\":\"2019-01-24T08:50:12+00:00\",\"mainEntityOfPage\":{\"@id\":\"https:\/\/vivancoculturadevino.es\/blog\/2018\/12\/27\/programa-maneras-contar-2018\/\"},\"wordCount\":893,\"publisher\":{\"@id\":\"https:\/\/vivancoculturadevino.es\/blog\/#organization\"},\"image\":{\"@id\":\"https:\/\/vivancoculturadevino.es\/blog\/2018\/12\/27\/programa-maneras-contar-2018\/#primaryimage\"},\"thumbnailUrl\":\"https:\/\/vivancoculturadevino.es\/blog\/wp-content\/uploads\/2018\/12\/maneras-de-contar.jpg\",\"keywords\":[\"maneras de contar\",\"maneras de contar la cultura del vino\",\"Santi Vivanco\"],\"articleSection\":[\"Cultura\"],\"inLanguage\":\"es\"},{\"@type\":\"WebPage\",\"@id\":\"https:\/\/vivancoculturadevino.es\/blog\/2018\/12\/27\/programa-maneras-contar-2018\/\",\"url\":\"https:\/\/vivancoculturadevino.es\/blog\/2018\/12\/27\/programa-maneras-contar-2018\/\",\"name\":\"As\u00ed ha sido nuestro Programa Maneras de contar en 2018 | Vivanco\",\"isPartOf\":{\"@id\":\"https:\/\/vivancoculturadevino.es\/blog\/#website\"},\"primaryImageOfPage\":{\"@id\":\"https:\/\/vivancoculturadevino.es\/blog\/2018\/12\/27\/programa-maneras-contar-2018\/#primaryimage\"},\"image\":{\"@id\":\"https:\/\/vivancoculturadevino.es\/blog\/2018\/12\/27\/programa-maneras-contar-2018\/#primaryimage\"},\"thumbnailUrl\":\"https:\/\/vivancoculturadevino.es\/blog\/wp-content\/uploads\/2018\/12\/maneras-de-contar.jpg\",\"datePublished\":\"2018-12-27T07:00:49+00:00\",\"dateModified\":\"2019-01-24T08:50:12+00:00\",\"description\":\"Descubre algunas de las obras de arte m\u00e1s valiosas que guarda el Museo Vivanco de la Cultura del Vino.\",\"breadcrumb\":{\"@id\":\"https:\/\/vivancoculturadevino.es\/blog\/2018\/12\/27\/programa-maneras-contar-2018\/#breadcrumb\"},\"inLanguage\":\"es\",\"potentialAction\":[{\"@type\":\"ReadAction\",\"target\":[\"https:\/\/vivancoculturadevino.es\/blog\/2018\/12\/27\/programa-maneras-contar-2018\/\"]}]},{\"@type\":\"ImageObject\",\"inLanguage\":\"es\",\"@id\":\"https:\/\/vivancoculturadevino.es\/blog\/2018\/12\/27\/programa-maneras-contar-2018\/#primaryimage\",\"url\":\"https:\/\/vivancoculturadevino.es\/blog\/wp-content\/uploads\/2018\/12\/maneras-de-contar.jpg\",\"contentUrl\":\"https:\/\/vivancoculturadevino.es\/blog\/wp-content\/uploads\/2018\/12\/maneras-de-contar.jpg\",\"width\":981,\"height\":486,\"caption\":\"maneras de contar\"},{\"@type\":\"BreadcrumbList\",\"@id\":\"https:\/\/vivancoculturadevino.es\/blog\/2018\/12\/27\/programa-maneras-contar-2018\/#breadcrumb\",\"itemListElement\":[{\"@type\":\"ListItem\",\"position\":1,\"name\":\"Portada\",\"item\":\"https:\/\/vivancoculturadevino.es\/blog\/\"},{\"@type\":\"ListItem\",\"position\":2,\"name\":\"As\u00ed ha sido nuestro Programa Maneras de contar en 2018\"}]},{\"@type\":\"WebSite\",\"@id\":\"https:\/\/vivancoculturadevino.es\/blog\/#website\",\"url\":\"https:\/\/vivancoculturadevino.es\/blog\/\",\"name\":\"Vivanco\",\"description\":\"Una familia y una pasi\u00f3n: Compartir la cultura del vino\",\"publisher\":{\"@id\":\"https:\/\/vivancoculturadevino.es\/blog\/#organization\"},\"potentialAction\":[{\"@type\":\"SearchAction\",\"target\":{\"@type\":\"EntryPoint\",\"urlTemplate\":\"https:\/\/vivancoculturadevino.es\/blog\/?s={search_term_string}\"},\"query-input\":{\"@type\":\"PropertyValueSpecification\",\"valueRequired\":true,\"valueName\":\"search_term_string\"}}],\"inLanguage\":\"es\"},{\"@type\":\"Organization\",\"@id\":\"https:\/\/vivancoculturadevino.es\/blog\/#organization\",\"name\":\"Vivanco\",\"url\":\"https:\/\/vivancoculturadevino.es\/blog\/\",\"logo\":{\"@type\":\"ImageObject\",\"inLanguage\":\"es\",\"@id\":\"https:\/\/vivancoculturadevino.es\/blog\/#\/schema\/logo\/image\/\",\"url\":\"https:\/\/vivancoculturadevino.es\/blog\/wp-content\/uploads\/2026\/01\/Logo-blanco.svg\",\"contentUrl\":\"https:\/\/vivancoculturadevino.es\/blog\/wp-content\/uploads\/2026\/01\/Logo-blanco.svg\",\"width\":134,\"height\":43,\"caption\":\"Vivanco\"},\"image\":{\"@id\":\"https:\/\/vivancoculturadevino.es\/blog\/#\/schema\/logo\/image\/\"}},{\"@type\":\"Person\",\"@id\":\"https:\/\/vivancoculturadevino.es\/blog\/#\/schema\/person\/745931ee54ccbb839d8df0cceb02db4c\",\"name\":\"Vivanco\",\"image\":{\"@type\":\"ImageObject\",\"inLanguage\":\"es\",\"@id\":\"https:\/\/vivancoculturadevino.es\/blog\/#\/schema\/person\/image\/\",\"url\":\"https:\/\/secure.gravatar.com\/avatar\/61b66c59d132db2f7ad4dfd1cc89bbd508b4d5888ab39ddba99f2aca247b7fb3?s=96&d=mm&r=g\",\"contentUrl\":\"https:\/\/secure.gravatar.com\/avatar\/61b66c59d132db2f7ad4dfd1cc89bbd508b4d5888ab39ddba99f2aca247b7fb3?s=96&d=mm&r=g\",\"caption\":\"Vivanco\"},\"description\":\"Bodega, Fundaci\u00f3n, Experiencias. Compartiendo Cultura de Vino\",\"sameAs\":[\"http:\/\/www.vivancoculturadevino.es\",\"https:\/\/www.facebook.com\/vivancoculturadevino\",\"https:\/\/x.com\/https:\/\/twitter.com\/Vivanco_es\",\"https:\/\/www.youtube.com\/channel\/UC8a2nOiF7kAQNPPduAi2Evw\/videos\"],\"url\":\"https:\/\/vivancoculturadevino.es\/blog\/author\/administrator\/\"}]}<\/script>\n<!-- \/ Yoast SEO plugin. -->","yoast_head_json":{"title":"As\u00ed ha sido nuestro Programa Maneras de contar en 2018 | Vivanco","description":"Descubre algunas de las obras de arte m\u00e1s valiosas que guarda el Museo Vivanco de la Cultura del Vino.","robots":{"index":"index","follow":"follow","max-snippet":"max-snippet:-1","max-image-preview":"max-image-preview:large","max-video-preview":"max-video-preview:-1"},"canonical":"https:\/\/vivancoculturadevino.es\/blog\/2018\/12\/27\/programa-maneras-contar-2018\/","og_locale":"es_ES","og_type":"article","og_title":"As\u00ed ha sido nuestro Programa Maneras de contar en 2018 | Vivanco","og_description":"Descubre algunas de las obras de arte m\u00e1s valiosas que guarda el Museo Vivanco de la Cultura del Vino.","og_url":"https:\/\/vivancoculturadevino.es\/blog\/2018\/12\/27\/programa-maneras-contar-2018\/","og_site_name":"Vivanco","article_author":"https:\/\/www.facebook.com\/vivancoculturadevino","article_published_time":"2018-12-27T07:00:49+00:00","article_modified_time":"2019-01-24T08:50:12+00:00","og_image":[{"width":981,"height":486,"url":"https:\/\/vivancoculturadevino.es\/blog\/wp-content\/uploads\/2018\/12\/maneras-de-contar.jpg","type":"image\/jpeg"}],"author":"Vivanco","twitter_card":"summary_large_image","twitter_image":"https:\/\/vivancoculturadevino.es\/blog\/wp-content\/uploads\/2018\/12\/maneras-de-contar.jpg","twitter_creator":"@https:\/\/twitter.com\/Vivanco_es","twitter_misc":{"Escrito por":"Vivanco","Tiempo de lectura":"4 minutos"},"schema":{"@context":"https:\/\/schema.org","@graph":[{"@type":"Article","@id":"https:\/\/vivancoculturadevino.es\/blog\/2018\/12\/27\/programa-maneras-contar-2018\/#article","isPartOf":{"@id":"https:\/\/vivancoculturadevino.es\/blog\/2018\/12\/27\/programa-maneras-contar-2018\/"},"author":{"name":"Vivanco","@id":"https:\/\/vivancoculturadevino.es\/blog\/#\/schema\/person\/745931ee54ccbb839d8df0cceb02db4c"},"headline":"As\u00ed ha sido nuestro Programa Maneras de contar en 2018","datePublished":"2018-12-27T07:00:49+00:00","dateModified":"2019-01-24T08:50:12+00:00","mainEntityOfPage":{"@id":"https:\/\/vivancoculturadevino.es\/blog\/2018\/12\/27\/programa-maneras-contar-2018\/"},"wordCount":893,"publisher":{"@id":"https:\/\/vivancoculturadevino.es\/blog\/#organization"},"image":{"@id":"https:\/\/vivancoculturadevino.es\/blog\/2018\/12\/27\/programa-maneras-contar-2018\/#primaryimage"},"thumbnailUrl":"https:\/\/vivancoculturadevino.es\/blog\/wp-content\/uploads\/2018\/12\/maneras-de-contar.jpg","keywords":["maneras de contar","maneras de contar la cultura del vino","Santi Vivanco"],"articleSection":["Cultura"],"inLanguage":"es"},{"@type":"WebPage","@id":"https:\/\/vivancoculturadevino.es\/blog\/2018\/12\/27\/programa-maneras-contar-2018\/","url":"https:\/\/vivancoculturadevino.es\/blog\/2018\/12\/27\/programa-maneras-contar-2018\/","name":"As\u00ed ha sido nuestro Programa Maneras de contar en 2018 | Vivanco","isPartOf":{"@id":"https:\/\/vivancoculturadevino.es\/blog\/#website"},"primaryImageOfPage":{"@id":"https:\/\/vivancoculturadevino.es\/blog\/2018\/12\/27\/programa-maneras-contar-2018\/#primaryimage"},"image":{"@id":"https:\/\/vivancoculturadevino.es\/blog\/2018\/12\/27\/programa-maneras-contar-2018\/#primaryimage"},"thumbnailUrl":"https:\/\/vivancoculturadevino.es\/blog\/wp-content\/uploads\/2018\/12\/maneras-de-contar.jpg","datePublished":"2018-12-27T07:00:49+00:00","dateModified":"2019-01-24T08:50:12+00:00","description":"Descubre algunas de las obras de arte m\u00e1s valiosas que guarda el Museo Vivanco de la Cultura del Vino.","breadcrumb":{"@id":"https:\/\/vivancoculturadevino.es\/blog\/2018\/12\/27\/programa-maneras-contar-2018\/#breadcrumb"},"inLanguage":"es","potentialAction":[{"@type":"ReadAction","target":["https:\/\/vivancoculturadevino.es\/blog\/2018\/12\/27\/programa-maneras-contar-2018\/"]}]},{"@type":"ImageObject","inLanguage":"es","@id":"https:\/\/vivancoculturadevino.es\/blog\/2018\/12\/27\/programa-maneras-contar-2018\/#primaryimage","url":"https:\/\/vivancoculturadevino.es\/blog\/wp-content\/uploads\/2018\/12\/maneras-de-contar.jpg","contentUrl":"https:\/\/vivancoculturadevino.es\/blog\/wp-content\/uploads\/2018\/12\/maneras-de-contar.jpg","width":981,"height":486,"caption":"maneras de contar"},{"@type":"BreadcrumbList","@id":"https:\/\/vivancoculturadevino.es\/blog\/2018\/12\/27\/programa-maneras-contar-2018\/#breadcrumb","itemListElement":[{"@type":"ListItem","position":1,"name":"Portada","item":"https:\/\/vivancoculturadevino.es\/blog\/"},{"@type":"ListItem","position":2,"name":"As\u00ed ha sido nuestro Programa Maneras de contar en 2018"}]},{"@type":"WebSite","@id":"https:\/\/vivancoculturadevino.es\/blog\/#website","url":"https:\/\/vivancoculturadevino.es\/blog\/","name":"Vivanco","description":"Una familia y una pasi\u00f3n: Compartir la cultura del vino","publisher":{"@id":"https:\/\/vivancoculturadevino.es\/blog\/#organization"},"potentialAction":[{"@type":"SearchAction","target":{"@type":"EntryPoint","urlTemplate":"https:\/\/vivancoculturadevino.es\/blog\/?s={search_term_string}"},"query-input":{"@type":"PropertyValueSpecification","valueRequired":true,"valueName":"search_term_string"}}],"inLanguage":"es"},{"@type":"Organization","@id":"https:\/\/vivancoculturadevino.es\/blog\/#organization","name":"Vivanco","url":"https:\/\/vivancoculturadevino.es\/blog\/","logo":{"@type":"ImageObject","inLanguage":"es","@id":"https:\/\/vivancoculturadevino.es\/blog\/#\/schema\/logo\/image\/","url":"https:\/\/vivancoculturadevino.es\/blog\/wp-content\/uploads\/2026\/01\/Logo-blanco.svg","contentUrl":"https:\/\/vivancoculturadevino.es\/blog\/wp-content\/uploads\/2026\/01\/Logo-blanco.svg","width":134,"height":43,"caption":"Vivanco"},"image":{"@id":"https:\/\/vivancoculturadevino.es\/blog\/#\/schema\/logo\/image\/"}},{"@type":"Person","@id":"https:\/\/vivancoculturadevino.es\/blog\/#\/schema\/person\/745931ee54ccbb839d8df0cceb02db4c","name":"Vivanco","image":{"@type":"ImageObject","inLanguage":"es","@id":"https:\/\/vivancoculturadevino.es\/blog\/#\/schema\/person\/image\/","url":"https:\/\/secure.gravatar.com\/avatar\/61b66c59d132db2f7ad4dfd1cc89bbd508b4d5888ab39ddba99f2aca247b7fb3?s=96&d=mm&r=g","contentUrl":"https:\/\/secure.gravatar.com\/avatar\/61b66c59d132db2f7ad4dfd1cc89bbd508b4d5888ab39ddba99f2aca247b7fb3?s=96&d=mm&r=g","caption":"Vivanco"},"description":"Bodega, Fundaci\u00f3n, Experiencias. Compartiendo Cultura de Vino","sameAs":["http:\/\/www.vivancoculturadevino.es","https:\/\/www.facebook.com\/vivancoculturadevino","https:\/\/x.com\/https:\/\/twitter.com\/Vivanco_es","https:\/\/www.youtube.com\/channel\/UC8a2nOiF7kAQNPPduAi2Evw\/videos"],"url":"https:\/\/vivancoculturadevino.es\/blog\/author\/administrator\/"}]}},"_links":{"self":[{"href":"https:\/\/vivancoculturadevino.es\/blog\/wp-json\/wp\/v2\/posts\/3782","targetHints":{"allow":["GET"]}}],"collection":[{"href":"https:\/\/vivancoculturadevino.es\/blog\/wp-json\/wp\/v2\/posts"}],"about":[{"href":"https:\/\/vivancoculturadevino.es\/blog\/wp-json\/wp\/v2\/types\/post"}],"author":[{"embeddable":true,"href":"https:\/\/vivancoculturadevino.es\/blog\/wp-json\/wp\/v2\/users\/1"}],"replies":[{"embeddable":true,"href":"https:\/\/vivancoculturadevino.es\/blog\/wp-json\/wp\/v2\/comments?post=3782"}],"version-history":[{"count":3,"href":"https:\/\/vivancoculturadevino.es\/blog\/wp-json\/wp\/v2\/posts\/3782\/revisions"}],"predecessor-version":[{"id":3786,"href":"https:\/\/vivancoculturadevino.es\/blog\/wp-json\/wp\/v2\/posts\/3782\/revisions\/3786"}],"wp:featuredmedia":[{"embeddable":true,"href":"https:\/\/vivancoculturadevino.es\/blog\/wp-json\/wp\/v2\/media\/3783"}],"wp:attachment":[{"href":"https:\/\/vivancoculturadevino.es\/blog\/wp-json\/wp\/v2\/media?parent=3782"}],"wp:term":[{"taxonomy":"category","embeddable":true,"href":"https:\/\/vivancoculturadevino.es\/blog\/wp-json\/wp\/v2\/categories?post=3782"},{"taxonomy":"post_tag","embeddable":true,"href":"https:\/\/vivancoculturadevino.es\/blog\/wp-json\/wp\/v2\/tags?post=3782"}],"curies":[{"name":"wp","href":"https:\/\/api.w.org\/{rel}","templated":true}]}}