{"id":3772,"date":"2018-12-14T08:00:54","date_gmt":"2018-12-14T07:00:54","guid":{"rendered":"https:\/\/vivancoculturadevino.es\/blog\/?p=3772"},"modified":"2018-12-18T11:31:19","modified_gmt":"2018-12-18T10:31:19","slug":"brindo-justicia-generalizada","status":"publish","type":"post","link":"https:\/\/vivancoculturadevino.es\/blog\/2018\/12\/14\/brindo-justicia-generalizada\/","title":{"rendered":"\u00a1Brindo por la justicia generalizada!"},"content":{"rendered":"<p><strong><b>\u00a1Brindo por la justicia generalizada!<\/b><\/strong><\/p>\n<p><strong><b>Antonio Gamoneda, a sorbos<\/b><\/strong><\/p>\n<p><strong><b>Por Lali Ortega Cer\u00f3n<\/b><\/strong><\/p>\n<h2 style=\"text-align: center;\">Si mi obra ayuda a vivir a mis lectores, ya me siento muy recompensado<\/h2>\n<p>El d\u00eda ha amanecido fr\u00edo en Le\u00f3n. Apenas unas horas antes, Don Antonio Gamoneda ultimaba, envuelto en noche, algunas notas de sus escritos. Observar los poemas aut\u00f3grafos del Premio Cervantes 2006 es aventurarse entre una suerte de jerogl\u00edficos angulosos que permiten adivinar la excepcionalidad de uno de los poetas vivos m\u00e1s importantes de la \u00faltima mitad del siglo XX. No en vano, este autor de 2 libros de narrativa, 12 de ensayo sobre arte y literatura, 5 audio o audiovisuales, 4 obras con compositores musicales y\u00a045 libros po\u00e9ticos, es <em><i>Doctor Honoris Causa<\/i><\/em>\u00a0por 5 Universidades; Prix Europ\u00e9en de Litt\u00e9rature o\u00a0Premio Reina Sof\u00eda de Poes\u00eda Iberoamericana, ambos otorgados tambi\u00e9n en 2006.<\/p>\n<p>La edad mantiene activo a este escritor incansable, al que la desidia le deprime. \u00a1De momento no me va a tocar a m\u00ed, declara con \u00edmpetu! Su voz es grave. Agradable. Naturalmente amable. Su sonrisa se adivina entre la cadencia melodiosa de sus frases, entre la musicalidad de un discurso atemperado y sincero en el que la ausencia de crispaci\u00f3n, y rencor, se agradece en los tiempos que corren.<\/p>\n<p>El ventanal del despacho de Don Antonio Gamoneda linda con un patio con algunos arbolillos \u201cque consuelan mucho al verlos\u201d y dos \u00e1rboles hermosos: un poco com\u00fan lauroceraso, de hoja perenne. Y un nogal. Le pregunto por su biblioteca, en la que supongo se encuentra el \u00fanico libro que escribi\u00f3 su padre, <em><i>Otra m\u00e1s alta vida<\/i><\/em>, un poeta cercano al modernismo que falleci\u00f3 en 1932, cuando su hijo a\u00fan no hab\u00eda cumplido un a\u00f1o. Un hu\u00e9rfano marcado de por vida que, parad\u00f3jicamente, aprendi\u00f3 a leer, a vivir, a escribir, con su padre entre las manos. \u201c\u00a1Ay la biblioteca! No es una maravilla, porque orden\u00e9 los libros, pero repentinamente me dio un ataque de ci\u00e1tica.\u201d Y se r\u00ede\u2026 \u201cAhora est\u00e1n apilados, as\u00ed que de ah\u00ed no se mueven.\u201d Como yo, que tratar\u00eda de evitar el ruido lejano de una segadora para no perturbar ni un solo matiz de esta conversaci\u00f3n con Don Antonio Gamoneda: el escritor intenso que a\u00fan recuerda y que, si bien no tiene todas las respuestas, ofrece, entre sus pensamientos, un sereno abrigo ante lo inexplicable.<\/p>\n<p><strong><b>Le\u00f3n, noviembre de 2018. \u00bfQu\u00e9 le devuelve su mirada al exterior, al mundo?<\/b><\/strong><\/p>\n<p>Una gran inquietud. Un mundo vaciado, c\u00f3mo lo podr\u00edamos denominar, de proyectos human\u00edsticos y humanitarios. De unas conductas e ideolog\u00edas que pueden ser las necesarias, pero que parece que no se ponen en marcha, sino todo lo contrario. Esa inquietud se crea ante m\u00ed y trato de decirme que el mundo est\u00e1 ciertamente en una actitud, en una disposici\u00f3n inquietante. Hay que confiar en que las generaciones j\u00f3venes nos lo pongan un poco mejor.<\/p>\n<p><a href=\"https:\/\/vivancoculturadevino.es\/blog\/wp-content\/uploads\/2018\/12\/gamoneda_078.jpg\"><img fetchpriority=\"high\" decoding=\"async\" class=\"aligncenter size-large wp-image-3773\" src=\"https:\/\/vivancoculturadevino.es\/blog\/wp-content\/uploads\/2018\/12\/gamoneda_078-1024x683.jpg\" alt=\"gamoneda_078\" width=\"1024\" height=\"683\" srcset=\"https:\/\/vivancoculturadevino.es\/blog\/wp-content\/uploads\/2018\/12\/gamoneda_078-1024x683.jpg 1024w, https:\/\/vivancoculturadevino.es\/blog\/wp-content\/uploads\/2018\/12\/gamoneda_078-300x200.jpg 300w, https:\/\/vivancoculturadevino.es\/blog\/wp-content\/uploads\/2018\/12\/gamoneda_078.jpg 1840w\" sizes=\"(max-width: 1024px) 100vw, 1024px\" \/><\/a><\/p>\n<p><strong><b>\u00bfY qu\u00e9 ve en su interior, a sus 87 a\u00f1os?<\/b><\/strong><\/p>\n<p>Muchos recuerdos. Un horizonte delante de m\u00ed, sin dramatismo alguno, que no puede ser un horizonte con grandes distancias; ni mucho tiempo; ni mucho espacio. Soy un hombre mayor y sobre todo veo que hay muchos aspectos de mi vocaci\u00f3n y de mi necesidad creativa que no he podido hacer en la vida. Y claro, trato de recuperar tiempo, cosa que no siempre se logra con frutos. En fin, es as\u00ed. Y naturalmente mi actitud ante eso es una aceptaci\u00f3n que no me lleve a la pasividad, a desentenderme de la vida, de la m\u00eda propia y de la de los que me rodean (y si me apuras, al de todos los humanos). Ni de mi vocaci\u00f3n, claro.<\/p>\n<p><strong><b>\u00bfQu\u00e9 sabor le ha dejado su paso por la vida a lo largo de casi un siglo?<\/b><\/strong><\/p>\n<p>Ese tr\u00e1nsito m\u00edo de tantos a\u00f1os ha sido duro, no s\u00f3lo para m\u00ed, sino en cierta medida para la poblaci\u00f3n planetaria hist\u00f3rica. Pero quiero pensar que de alguna manera, en general, estamos quiz\u00e1 un poco mejor, a pesar de la dureza. En el sentido de que nuestro entorno y nuestras perspectivas, en t\u00e9rminos colectivos, son mejores que las que pudiera tener una persona de mi edad a principios del siglo pasado.<\/p>\n<p><strong><b>\u00bfQu\u00e9 me dice del tacto de una p\u00e1gina en blanco?<\/b><\/strong><\/p>\n<p>El tacto, inseparable de la vista, me sugiere la necesidad de coger una pluma, para que esa p\u00e1gina deje de estar en blanco.<\/p>\n<p><strong><em><b><i>Descripci\u00f3n de la mentira<\/i><\/b><\/em><\/strong><strong><b>. \u00bfCu\u00e1ndo las oye qu\u00e9 le inspiran, tanto las piadosas como las superlativas?<\/b><\/strong><\/p>\n<p>Efectivamente es una distinci\u00f3n interesante. Una piadosa a veces es incluso deseable, si va a evitar el sufrimiento de una persona. La mentira, que con esa excepci\u00f3n, nos sit\u00faa ante un horizonte falso y no es necesario, ni recomendable, es rechazable. En el libro me refer\u00eda a la gran mentira (se public\u00f3 en el a\u00f1o 1977) que durante m\u00e1s de 40 a\u00f1os atraves\u00f3 Espa\u00f1a, pose\u00edda por una dictadura.<\/p>\n<p><strong><b>Su primer recuerdo del vino\u2026<\/b><\/strong><\/p>\n<p>\u00a1Ah, a ver, a ver. Pues s\u00ed! No es muy bueno (se r\u00ede). Era un chiquillo de 8 \u00f3 9 a\u00f1os. Me llevaron a una vendimia, en un pueblo cercano, y me dejaron bajo un toldo. La gente fue a trabajar. Estaba ah\u00ed, aburrido. Al lado hab\u00eda lo que en Le\u00f3n se llama &#8220;pajoso&#8221;, una vasija envuelta en paja (dej\u00e9 una en Vivanco, una peque\u00f1ez), un producto tradicional en toda la tierra mesetaria de Le\u00f3n, que se usa para mantener el vino fresco, clarete, en verano. Bueno, un chiquillo&#8230; y no sab\u00eda lo que hac\u00eda. Y empec\u00e9 a beber (se r\u00ede). \u00a1Y me puse mal\u00edsimo!<\/p>\n<p><strong><b>Aprendi\u00f3 a leer y descubrir la causa musical en las palabras, con el \u00fanico libro que escribi\u00f3 su padre: <\/b><em><i>Otra m\u00e1s alta vida<\/i><\/em>. <em><i>Rimas y Leyendas <\/i><\/em><b>de Gustavo Adolfo B\u00e9cquer fue el segundo que cay\u00f3 en sus manos. El tercero, <\/b><em><i>Segunda Antoloj\u00eda Po\u00e9tica<\/i><\/em><\/strong><i> <\/i><strong><b>de Juan Ram\u00f3n Jim\u00e9nez, uno de cuyos poemas ley\u00f3 Antonio Gamoneda, por primera vez, en voz alta. <\/b><\/strong><strong><b>Esos versos heredados fueron su cartilla en 1936. Tiempos de guerra, sin escuelas, lo que procur\u00f3 a Antonio Gamoneda una primera dificultad y una lecci\u00f3n con la que aprendi\u00f3 a vivir.<\/b><\/strong><\/p>\n<p><strong><b>\u00bfSi usted hubiese nacido en el siglo XXI?<\/b><\/strong><\/p>\n<p>No se hubieran dado las circunstancias, en general poco afortunadas, de quedarme hu\u00e9rfano al poco de nacer y de que se produjera la Guerra Civil. De que \u00e9ramos ciertamente pobres. Todo el peque\u00f1o patrimonio de mi madre, tras el viaje de Asturias a Le\u00f3n para curar su asma, se perdi\u00f3 con la guerra. Las escuelas estaban cerradas. Yo aprend\u00ed a leer en libro de mi padre. Esas circunstancias son irrepetibles. Si yo hubiera nacido en el a\u00f1o uno de este siglo&#8230; creo que con el mismo fondo temperamental, ser\u00eda otra persona. Es algo imaginario, porque uno mismo no puede pensar en ser otro. \u00bfC\u00f3mo ser\u00eda yo? Lo que le conteste ser\u00eda fantas\u00eda. Ya hemos comentado que fueron a\u00f1os dif\u00edciles, duros, de sufrimiento, pero no puedo rechazar en m\u00ed aquellos a\u00f1os que me han hecho como soy. Sus circunstancias me han configurado.<\/p>\n<p><strong><b>Ahora tenemos todos los recursos y a veces no se aprovechan lo suficiente\u2026<\/b><\/strong><\/p>\n<p>Es cierto, es cierto. Veo que la juventud, Espa\u00f1a en particular, no tiene muy buena situaci\u00f3n, pero infinitamente mejor que yo, pobre de solemnidad con 15 \u00f3 20 a\u00f1os. Nuestro aprovechamiento, quiz\u00e1, en t\u00e9rminos generales, no es muy afortunado. Nos dejamos invadir por la tecnolog\u00eda, por el consumismo, de una forma que creo que nos disminuye, que nos automatiza de alguna manera. Dejamos de ser lo que podr\u00edamos ser, con un instinto m\u00e1s fino, por la utilizaci\u00f3n de lo que ciertamente dice usted: tenemos todo. No digo que los avances tecnol\u00f3gicos sean malos, pero s\u00ed la servidumbre que proporciona tanta tecnolog\u00eda.<\/p>\n<p><a href=\"https:\/\/vivancoculturadevino.es\/blog\/wp-content\/uploads\/2018\/12\/gamoneda_111.jpg\"><img decoding=\"async\" class=\"aligncenter size-large wp-image-3775\" src=\"https:\/\/vivancoculturadevino.es\/blog\/wp-content\/uploads\/2018\/12\/gamoneda_111-1024x683.jpg\" alt=\"gamoneda_111\" width=\"1024\" height=\"683\" srcset=\"https:\/\/vivancoculturadevino.es\/blog\/wp-content\/uploads\/2018\/12\/gamoneda_111-1024x683.jpg 1024w, https:\/\/vivancoculturadevino.es\/blog\/wp-content\/uploads\/2018\/12\/gamoneda_111-300x200.jpg 300w, https:\/\/vivancoculturadevino.es\/blog\/wp-content\/uploads\/2018\/12\/gamoneda_111.jpg 1840w\" sizes=\"(max-width: 1024px) 100vw, 1024px\" \/><\/a><\/p>\n<p><strong><b>\u00bfQu\u00e9 es lo que m\u00e1s le ha marcado como experiencia vital?<\/b><\/strong><\/p>\n<p>Lo dicho, la orfandad y la guerra. Quedamos desamparados en este inmenso desastre y ello produjo en m\u00ed una marca, una forma de estar en la vida. Desamparo y pobreza en los primeros a\u00f1os de mi vida. Es una huella que permanece.<\/p>\n<p><strong><b>\u00bfQu\u00e9 ha supuesto la ausencia de la figura paterna y un mundo femenino tan s\u00f3lido a lo largo de tu vida, tambi\u00e9n como padre de tres hijas?<\/b><\/strong><\/p>\n<p>Ciertamente la relaci\u00f3n de una madre viuda con un hijo \u00fanico es muy especial, muy intensa, quiz\u00e1 demasiado. Mi madre, pienso que sin saber muy bien si era bueno para mi estado de \u00e1nimo, en el presente y el futuro, me hac\u00eda sentir la orfandad. Crec\u00ed con esa noci\u00f3n. Me puso en un orden que como escritor, siempre he dicho que mi escritura est\u00e1 concebida y desarrollada en la perspectiva de la muerte. Esta es la huella. Tampoco me imagino c\u00f3mo hubiera sido la persona si no hubieran reca\u00eddo aquellos terribles acontecimientos. Trato de estar conforme conmigo mismo en cuanto a asumir aquello y ponerlo en m\u00ed como una forma de conciencia positiva para mi presente, mi porvenir breve, y el de los que nos rodean.<\/p>\n<p><strong><b>\u00bfHa descubierto tras esta etapa vital el enigma, el sentido de la vida?<\/b><\/strong><\/p>\n<p>No, no, no. (Sonr\u00ede). No creo que lo haya descubierto nadie hasta ahora. Permanezco en esa perplejidad de no saber muy por qu\u00e9 estoy dentro de m\u00ed, aqu\u00ed, precisamente ahora\u2026 No lo s\u00e9. \u00bfQu\u00e9 va a ser de este mundo? Tampoco lo s\u00e9. Trato de tener una idea consoladora, de pensar que seguir\u00e1 progresando ese lento mejoramiento de la circunstancia existencial.<\/p>\n<p><strong><b>A punto de cumplir 88 a\u00f1os, \u00bfQu\u00e9 es para usted lo esencial?<\/b><\/strong><\/p>\n<p>Valoro para m\u00ed, para los que est\u00e1n en mi cercan\u00eda y en la lejan\u00eda, poder tener conciencia de que mi conducta es positiva, que de alguna manera es solidaria y me ayuda a permanecer en esta perplejidad que es la existencia. Una manera de comportarse. Y f\u00edjese, deseo tambi\u00e9n la conciencia justa y la conciencia adecuada, dentro de estar perplejidad, en estas personas que est\u00e1n en la amplia existencia, tambi\u00e9n intergeneracional.<\/p>\n<p><strong><b>Premio Cervantes 2006, Premio Nacional de Poes\u00eda (1988) por su libro <\/b><\/strong><strong><em><b><i>Edad,<\/i><\/b><\/em><\/strong><strong><b>\u00a0Premio Reina Sof\u00eda de Poes\u00eda Iberoamericana por el conjunto de su obra (2006), Premio Quijote de las Letras Espa\u00f1olas (2009). \u00bfC\u00f3mo fueron los inicios de Don Antonio Gamoneda?<\/b><\/strong><\/p>\n<p>Trabajaba en un banco desde muy jovencillo. Como cualquier otro poeta, con el deseo de tener para m\u00ed el tiempo y la circunstancia que me permitieran escribir y crecer. Parece que lo he conseguido. Tengo amigos, incluso muchos, pero he vivido ajeno a las peque\u00f1eces de la circunstancia exterior de los escritores. Y estoy satisfecho de que haya sido as\u00ed.<\/p>\n<p><strong><b>\u00bfY cu\u00e1l fue el punto de inflexi\u00f3n como poeta y escritor?<\/b><\/strong><\/p>\n<p>Nunca pens\u00e9 que yo fuera ni peque\u00f1o ni grande. Pero no ten\u00eda duda de que ten\u00eda que escribir. No he necesitado mucho de los reconocimientos p\u00fablicos. No me disgustan (se r\u00ede), tengo mi vanidad. Tengo mis intereses que se podr\u00edan llamar sociales, no desprecio nada de ellos. Pero s\u00e9 que los reconocimientos, sean premios o lo que sea, no mejora la calidad de mi poes\u00eda, ni del resto de mi escritura. Los valoro, pero ni los he buscado, ni le han dado la vuelta a mi vida. Siempre he tenido la necesidad de escribir.<\/p>\n<p><strong><b>Si mira retrospectivamente el grueso de tu obra, \u00bfC\u00f3mo la valora? \u00bfC\u00f3mo reacciona?<\/b><\/strong><\/p>\n<p>M\u00e1s incompleta de lo que deber\u00eda ser. Est\u00e1 llena de agujeros, pero trato de aprender a conformarme. Parece que no queda otra.<\/p>\n<p><strong><b>\u00bfC\u00f3mo se siente al empezar y acabar un libro?<\/b><\/strong><\/p>\n<p>En la poes\u00eda siento una sensaci\u00f3n de liberaci\u00f3n. Dar un paso, y que sea efectivamente de conveniencia para la escritura. Una atenci\u00f3n fuerte que se mantiene el tiempo que sea, un d\u00eda, o diez a\u00f1os. Y luego la liberaci\u00f3n y el descanso\u2026 aunque posteriormente parece que no eran tan necesarios.<\/p>\n<p><strong><b>\u00bfC\u00f3mo ha sido el proceso de indagar y recordar su vida para escribir sus memorias?<\/b><\/strong><\/p>\n<p>Un encuentro conmigo mismo, donde habitan m\u00e1s recuerdos de los que cre\u00eda tener. En cuanto al muchacho que anda por esas memorias\u2026 al viejo que hay ahora, le resulta soportable. Hay una especie de juicio del escritor cuando tiene que evocar a s\u00ed mismo con la perspectiva de los a\u00f1os. El viejo se\u00f1or juzga al joven que le antecede. Y eso est\u00e1 ah\u00ed.<\/p>\n<p><strong><b>\u00bfNos recomienda un t\u00edtulo de Gamoneda?<\/b><\/strong><\/p>\n<p><em><i>Libro del fr\u00edo<\/i><\/em>.<\/p>\n<p><a href=\"https:\/\/vivancoculturadevino.es\/blog\/wp-content\/uploads\/2018\/12\/gamoneda_090.jpg\"><img decoding=\"async\" class=\"aligncenter size-large wp-image-3774\" src=\"https:\/\/vivancoculturadevino.es\/blog\/wp-content\/uploads\/2018\/12\/gamoneda_090-1024x683.jpg\" alt=\"gamoneda_090\" width=\"1024\" height=\"683\" srcset=\"https:\/\/vivancoculturadevino.es\/blog\/wp-content\/uploads\/2018\/12\/gamoneda_090-1024x683.jpg 1024w, https:\/\/vivancoculturadevino.es\/blog\/wp-content\/uploads\/2018\/12\/gamoneda_090-300x200.jpg 300w, https:\/\/vivancoculturadevino.es\/blog\/wp-content\/uploads\/2018\/12\/gamoneda_090.jpg 1840w\" sizes=\"(max-width: 1024px) 100vw, 1024px\" \/><\/a><\/p>\n<p><strong><b>Uno de sus obras se titula <\/b><\/strong><strong><em><b><i>L\u00e1pidas <\/i><\/b><\/em><\/strong><strong><b>(1987). Hace unas semanas visit\u00e9 la Abad\u00eda de Westminster en Londres. En el transepto sur del templo se ubica el Rinc\u00f3n de los Poetas, con los memoriales de c\u00e9lebres escritores ingleses, no s\u00f3lo del g\u00e9nero de la poes\u00eda. William Shakespeare, Charles Dickens, Lord Byron, Mary Eleanor Bowes, Geoffrey Chaucer, Thomas Hardy, las hermanas Bront\u00eb (Anne, Charlotte y Emily), Lewis Carrol, T.S. Eliot\u2026 Pens\u00e9 en c\u00f3mo percibir\u00eda usted un enclave tan especial, en el incluso daba pudor pisar el suelo. Cada persona deja su impronta una vez se va. Mientras alguien le recuerda, perdura. Los escritores y artistas juegan con ventaja.<\/b><\/strong><\/p>\n<p>Es posible. Lo que ocurre es que tampoco hay que darle una importancia grandiosa a esa huella. Uno intenta hacer lo mejor posible su proyecto. Su huella\u2026 si efectivamente la obra tiene un valor para los lectores actuales y los futuros, si les ayuda a vivir, aunque sea s\u00f3lo un poco, yo ya me siento muy recompensado. En cuanto a la Abad\u00eda, qu\u00e9 duda cabe, esa concentraci\u00f3n de hombres ilustres, de l\u00e1pidas evocadoras de tanta obra, es una experiencia emocionante y tambi\u00e9n muy hermosa.<\/p>\n<p><strong><b>Al hilo del gran compositor Haendel (nacionalizado ingl\u00e9s), tambi\u00e9n recordado en Westminster, \u00bfC\u00f3mo influye la m\u00fasica en su vida? \u00bfSu percepci\u00f3n es diferente cu\u00e1ndo hay letra?<\/b><\/strong><\/p>\n<p>La m\u00fasica en su estado original se encuentra antes que el pensamiento en la poes\u00eda. La r\u00edtmica lleva consigo el pronunciamiento de las palabras y las palabras arrastran consigo ideas. Pero el componente original se encuentra en la r\u00edtmica. No es un descubrimiento m\u00edo, Arist\u00f3teles lo dec\u00eda en su <em><i>Po\u00e9tica<\/i><\/em>. Valoro much\u00edsimo la m\u00fasica, en s\u00ed misma y en lo que tiene de medular para mi escritura po\u00e9tica. Aunque llevo cerca de 30 a\u00f1os muy sordo, con la tecnolog\u00eda \u2013en esto tengo suerte porque cada vez lo hacen mejor\u2013 (se r\u00ede). La m\u00fasica est\u00e1 en m\u00ed, aunque s\u00f3lo sea en su aspecto r\u00edtmico. La m\u00fasica es grandiosa. Ahora, mientras trabajo, escucho un disco de m\u00fasica medieval, de los tiempos iniciales de la polifon\u00eda, del Gregoriano&#8230; He sido mel\u00f3mano y lo seguir\u00e9 siendo durante toda mi vida.<\/p>\n<p><strong><b>El pasado 9 de noviembre de 2018 protagoniz\u00f3 la VI Jornada Nacional de Poes\u00eda y Vino Fundaci\u00f3n Vivanco, ante un aforo completo, fieles lectores de su obra. \u00bfC\u00f3mo influye en usted este tipo de p\u00fablico, por su mirada y sus reacciones?<\/b><\/strong><\/p>\n<p>Lo menos acad\u00e9mico posible, por lo que hay de flujo personal entre los que me oyen y yo mismo. Me siento muy bien cuando advierto esa atm\u00f3sfera significativa de esa relaci\u00f3n que va y viene. Trato de hablar de la manera m\u00e1s natural posible y obviando una exposici\u00f3n demasiado te\u00f3rica. En general, nos llevamos muy bien.<\/p>\n<p><strong><b>\u00bfC\u00f3mo le ha inspirado el vino durante su visita al Museo Vivanco de la Cultura del Vino?<\/b><\/strong><\/p>\n<p>El museo viene a confirmar de manera impresionante lo que podemos llamar Cultura del Vino. Datos e ideas del mundo que se mueve en torno al vino, desde los intereses puramente personales o sociales del cultivo y la elaboraci\u00f3n, hasta esa finura en la cual se advierten esos matices. Incluso el estado de expectativa de una grata atenci\u00f3n que el vino puede proporcionar, sin llegar a ning\u00fan exceso. \u00a1Nos calienta el esp\u00edritu!<\/p>\n<p><strong><b>\u00bfUna copa de vino pendiente?<\/b><\/strong><\/p>\n<p>Vino de conversar, entendido como &#8220;compartir&#8221;, con seres humanos que pueden ser en buena parte poetas que ya no est\u00e1n. Tengo mis grandes referencias y creo que alguno de ellos s\u00ed se tomar\u00eda la copa: San Juan de la Cruz, Lorca\u2026 y saltar\u00eda a Am\u00e9rica para tomar ese vino con C\u00e9sar Vallejo. \u00a1Esos son los vasillos que me faltan!<\/p>\n<p><strong><b>Le\u00ed en una entrevista que sab\u00eda m\u00e1s de vino que de poes\u00eda. \u00a1Nos deja un list\u00f3n elevad\u00edsimo! <\/b><\/strong><\/p>\n<p>No del todo. Todos tenemos que adivinar las cosas. Yo no tengo el conocimiento de un en\u00f3logo o un degustador especializado, ni mucho menos. Distingo calidades, procedencias, aspectos del vino, un poco de la vejez, los matices del Rioja, Ribera o un blanco chileno, las calidades que nos deja cuando hemos echado el trago y el vino permanece en nuestra sensibilidad. Bromeaba en el sentido de que en la poes\u00eda se adivina todo y no se sabe nada.<\/p>\n","protected":false},"excerpt":{"rendered":"<p>Antonio Gamoneda, a sorbos. Entrevistamos a Antonio Gamoneda, uno de los poetas vivos m\u00e1s importantes de la \u00faltima mitad del siglo XX.<\/p>\n","protected":false},"author":1,"featured_media":3774,"comment_status":"closed","ping_status":"closed","sticky":false,"template":"","format":"standard","meta":{"footnotes":"","_elementor_edit_mode":"","_elementor_template_type":"","_elementor_data":"","_elementor_page_settings":null,"_elementor_conditions":[]},"categories":[7],"tags":[520,519,433,271,5],"class_list":["post-3772","post","type-post","status-publish","format-standard","has-post-thumbnail","hentry","category-fundacion","tag-a-sorbos","tag-antonio-gamoneda","tag-entrevistas","tag-poesia","tag-vivanco-2"],"yoast_head":"<!-- This site is optimized with the Yoast SEO plugin v26.8 - https:\/\/yoast.com\/product\/yoast-seo-wordpress\/ -->\n<title>\u00a1Brindo por la justicia generalizada! | Vivanco<\/title>\n<meta name=\"description\" content=\"Antonio Gamoneda, a sorbos. Entrevistamos a Antonio Gamoneda, uno de los poetas vivos m\u00e1s importantes de la \u00faltima mitad del siglo XX.\" \/>\n<meta name=\"robots\" content=\"index, follow, max-snippet:-1, max-image-preview:large, max-video-preview:-1\" \/>\n<link rel=\"canonical\" href=\"https:\/\/vivancoculturadevino.es\/blog\/2018\/12\/14\/brindo-justicia-generalizada\/\" \/>\n<meta property=\"og:locale\" content=\"es_ES\" \/>\n<meta property=\"og:type\" content=\"article\" \/>\n<meta property=\"og:title\" content=\"\u00a1Brindo por la justicia generalizada! | Vivanco\" \/>\n<meta property=\"og:description\" content=\"Antonio Gamoneda, a sorbos. Entrevistamos a Antonio Gamoneda, uno de los poetas vivos m\u00e1s importantes de la \u00faltima mitad del siglo XX.\" \/>\n<meta property=\"og:url\" content=\"https:\/\/vivancoculturadevino.es\/blog\/2018\/12\/14\/brindo-justicia-generalizada\/\" \/>\n<meta property=\"og:site_name\" content=\"Vivanco\" \/>\n<meta property=\"article:author\" content=\"https:\/\/www.facebook.com\/vivancoculturadevino\" \/>\n<meta property=\"article:published_time\" content=\"2018-12-14T07:00:54+00:00\" \/>\n<meta property=\"article:modified_time\" content=\"2018-12-18T10:31:19+00:00\" \/>\n<meta property=\"og:image\" content=\"https:\/\/vivancoculturadevino.es\/blog\/wp-content\/uploads\/2018\/12\/gamoneda_090.jpg\" \/>\n\t<meta property=\"og:image:width\" content=\"1840\" \/>\n\t<meta property=\"og:image:height\" content=\"1228\" \/>\n\t<meta property=\"og:image:type\" content=\"image\/jpeg\" \/>\n<meta name=\"author\" content=\"Vivanco\" \/>\n<meta name=\"twitter:card\" content=\"summary_large_image\" \/>\n<meta name=\"twitter:image\" content=\"https:\/\/vivancoculturadevino.es\/blog\/wp-content\/uploads\/2018\/12\/gamoneda_090.jpg\" \/>\n<meta name=\"twitter:creator\" content=\"@https:\/\/twitter.com\/Vivanco_es\" \/>\n<meta name=\"twitter:label1\" content=\"Escrito por\" \/>\n\t<meta name=\"twitter:data1\" content=\"Vivanco\" \/>\n\t<meta name=\"twitter:label2\" content=\"Tiempo de lectura\" \/>\n\t<meta name=\"twitter:data2\" content=\"15 minutos\" \/>\n<script type=\"application\/ld+json\" class=\"yoast-schema-graph\">{\"@context\":\"https:\/\/schema.org\",\"@graph\":[{\"@type\":\"Article\",\"@id\":\"https:\/\/vivancoculturadevino.es\/blog\/2018\/12\/14\/brindo-justicia-generalizada\/#article\",\"isPartOf\":{\"@id\":\"https:\/\/vivancoculturadevino.es\/blog\/2018\/12\/14\/brindo-justicia-generalizada\/\"},\"author\":{\"name\":\"Vivanco\",\"@id\":\"https:\/\/vivancoculturadevino.es\/blog\/#\/schema\/person\/745931ee54ccbb839d8df0cceb02db4c\"},\"headline\":\"\u00a1Brindo por la justicia generalizada!\",\"datePublished\":\"2018-12-14T07:00:54+00:00\",\"dateModified\":\"2018-12-18T10:31:19+00:00\",\"mainEntityOfPage\":{\"@id\":\"https:\/\/vivancoculturadevino.es\/blog\/2018\/12\/14\/brindo-justicia-generalizada\/\"},\"wordCount\":2912,\"publisher\":{\"@id\":\"https:\/\/vivancoculturadevino.es\/blog\/#organization\"},\"image\":{\"@id\":\"https:\/\/vivancoculturadevino.es\/blog\/2018\/12\/14\/brindo-justicia-generalizada\/#primaryimage\"},\"thumbnailUrl\":\"https:\/\/vivancoculturadevino.es\/blog\/wp-content\/uploads\/2018\/12\/gamoneda_090.jpg\",\"keywords\":[\"A sorbos\",\"Antonio Gamoneda\",\"Entrevistas\",\"poes\u00eda\",\"vivanco\"],\"articleSection\":[\"Cultura\"],\"inLanguage\":\"es\"},{\"@type\":\"WebPage\",\"@id\":\"https:\/\/vivancoculturadevino.es\/blog\/2018\/12\/14\/brindo-justicia-generalizada\/\",\"url\":\"https:\/\/vivancoculturadevino.es\/blog\/2018\/12\/14\/brindo-justicia-generalizada\/\",\"name\":\"\u00a1Brindo por la justicia generalizada! | Vivanco\",\"isPartOf\":{\"@id\":\"https:\/\/vivancoculturadevino.es\/blog\/#website\"},\"primaryImageOfPage\":{\"@id\":\"https:\/\/vivancoculturadevino.es\/blog\/2018\/12\/14\/brindo-justicia-generalizada\/#primaryimage\"},\"image\":{\"@id\":\"https:\/\/vivancoculturadevino.es\/blog\/2018\/12\/14\/brindo-justicia-generalizada\/#primaryimage\"},\"thumbnailUrl\":\"https:\/\/vivancoculturadevino.es\/blog\/wp-content\/uploads\/2018\/12\/gamoneda_090.jpg\",\"datePublished\":\"2018-12-14T07:00:54+00:00\",\"dateModified\":\"2018-12-18T10:31:19+00:00\",\"description\":\"Antonio Gamoneda, a sorbos. Entrevistamos a Antonio Gamoneda, uno de los poetas vivos m\u00e1s importantes de la \u00faltima mitad del siglo XX.\",\"breadcrumb\":{\"@id\":\"https:\/\/vivancoculturadevino.es\/blog\/2018\/12\/14\/brindo-justicia-generalizada\/#breadcrumb\"},\"inLanguage\":\"es\",\"potentialAction\":[{\"@type\":\"ReadAction\",\"target\":[\"https:\/\/vivancoculturadevino.es\/blog\/2018\/12\/14\/brindo-justicia-generalizada\/\"]}]},{\"@type\":\"ImageObject\",\"inLanguage\":\"es\",\"@id\":\"https:\/\/vivancoculturadevino.es\/blog\/2018\/12\/14\/brindo-justicia-generalizada\/#primaryimage\",\"url\":\"https:\/\/vivancoculturadevino.es\/blog\/wp-content\/uploads\/2018\/12\/gamoneda_090.jpg\",\"contentUrl\":\"https:\/\/vivancoculturadevino.es\/blog\/wp-content\/uploads\/2018\/12\/gamoneda_090.jpg\",\"width\":1840,\"height\":1228,\"caption\":\"gamoneda_090\"},{\"@type\":\"BreadcrumbList\",\"@id\":\"https:\/\/vivancoculturadevino.es\/blog\/2018\/12\/14\/brindo-justicia-generalizada\/#breadcrumb\",\"itemListElement\":[{\"@type\":\"ListItem\",\"position\":1,\"name\":\"Portada\",\"item\":\"https:\/\/vivancoculturadevino.es\/blog\/\"},{\"@type\":\"ListItem\",\"position\":2,\"name\":\"\u00a1Brindo por la justicia generalizada!\"}]},{\"@type\":\"WebSite\",\"@id\":\"https:\/\/vivancoculturadevino.es\/blog\/#website\",\"url\":\"https:\/\/vivancoculturadevino.es\/blog\/\",\"name\":\"Vivanco\",\"description\":\"Una familia y una pasi\u00f3n: Compartir la cultura del vino\",\"publisher\":{\"@id\":\"https:\/\/vivancoculturadevino.es\/blog\/#organization\"},\"potentialAction\":[{\"@type\":\"SearchAction\",\"target\":{\"@type\":\"EntryPoint\",\"urlTemplate\":\"https:\/\/vivancoculturadevino.es\/blog\/?s={search_term_string}\"},\"query-input\":{\"@type\":\"PropertyValueSpecification\",\"valueRequired\":true,\"valueName\":\"search_term_string\"}}],\"inLanguage\":\"es\"},{\"@type\":\"Organization\",\"@id\":\"https:\/\/vivancoculturadevino.es\/blog\/#organization\",\"name\":\"Vivanco\",\"url\":\"https:\/\/vivancoculturadevino.es\/blog\/\",\"logo\":{\"@type\":\"ImageObject\",\"inLanguage\":\"es\",\"@id\":\"https:\/\/vivancoculturadevino.es\/blog\/#\/schema\/logo\/image\/\",\"url\":\"https:\/\/vivancoculturadevino.es\/blog\/wp-content\/uploads\/2026\/01\/Logo-blanco.svg\",\"contentUrl\":\"https:\/\/vivancoculturadevino.es\/blog\/wp-content\/uploads\/2026\/01\/Logo-blanco.svg\",\"width\":134,\"height\":43,\"caption\":\"Vivanco\"},\"image\":{\"@id\":\"https:\/\/vivancoculturadevino.es\/blog\/#\/schema\/logo\/image\/\"}},{\"@type\":\"Person\",\"@id\":\"https:\/\/vivancoculturadevino.es\/blog\/#\/schema\/person\/745931ee54ccbb839d8df0cceb02db4c\",\"name\":\"Vivanco\",\"image\":{\"@type\":\"ImageObject\",\"inLanguage\":\"es\",\"@id\":\"https:\/\/vivancoculturadevino.es\/blog\/#\/schema\/person\/image\/\",\"url\":\"https:\/\/secure.gravatar.com\/avatar\/61b66c59d132db2f7ad4dfd1cc89bbd508b4d5888ab39ddba99f2aca247b7fb3?s=96&d=mm&r=g\",\"contentUrl\":\"https:\/\/secure.gravatar.com\/avatar\/61b66c59d132db2f7ad4dfd1cc89bbd508b4d5888ab39ddba99f2aca247b7fb3?s=96&d=mm&r=g\",\"caption\":\"Vivanco\"},\"description\":\"Bodega, Fundaci\u00f3n, Experiencias. Compartiendo Cultura de Vino\",\"sameAs\":[\"http:\/\/www.vivancoculturadevino.es\",\"https:\/\/www.facebook.com\/vivancoculturadevino\",\"https:\/\/x.com\/https:\/\/twitter.com\/Vivanco_es\",\"https:\/\/www.youtube.com\/channel\/UC8a2nOiF7kAQNPPduAi2Evw\/videos\"],\"url\":\"https:\/\/vivancoculturadevino.es\/blog\/author\/administrator\/\"}]}<\/script>\n<!-- \/ Yoast SEO plugin. -->","yoast_head_json":{"title":"\u00a1Brindo por la justicia generalizada! | Vivanco","description":"Antonio Gamoneda, a sorbos. Entrevistamos a Antonio Gamoneda, uno de los poetas vivos m\u00e1s importantes de la \u00faltima mitad del siglo XX.","robots":{"index":"index","follow":"follow","max-snippet":"max-snippet:-1","max-image-preview":"max-image-preview:large","max-video-preview":"max-video-preview:-1"},"canonical":"https:\/\/vivancoculturadevino.es\/blog\/2018\/12\/14\/brindo-justicia-generalizada\/","og_locale":"es_ES","og_type":"article","og_title":"\u00a1Brindo por la justicia generalizada! | Vivanco","og_description":"Antonio Gamoneda, a sorbos. Entrevistamos a Antonio Gamoneda, uno de los poetas vivos m\u00e1s importantes de la \u00faltima mitad del siglo XX.","og_url":"https:\/\/vivancoculturadevino.es\/blog\/2018\/12\/14\/brindo-justicia-generalizada\/","og_site_name":"Vivanco","article_author":"https:\/\/www.facebook.com\/vivancoculturadevino","article_published_time":"2018-12-14T07:00:54+00:00","article_modified_time":"2018-12-18T10:31:19+00:00","og_image":[{"width":1840,"height":1228,"url":"https:\/\/vivancoculturadevino.es\/blog\/wp-content\/uploads\/2018\/12\/gamoneda_090.jpg","type":"image\/jpeg"}],"author":"Vivanco","twitter_card":"summary_large_image","twitter_image":"https:\/\/vivancoculturadevino.es\/blog\/wp-content\/uploads\/2018\/12\/gamoneda_090.jpg","twitter_creator":"@https:\/\/twitter.com\/Vivanco_es","twitter_misc":{"Escrito por":"Vivanco","Tiempo de lectura":"15 minutos"},"schema":{"@context":"https:\/\/schema.org","@graph":[{"@type":"Article","@id":"https:\/\/vivancoculturadevino.es\/blog\/2018\/12\/14\/brindo-justicia-generalizada\/#article","isPartOf":{"@id":"https:\/\/vivancoculturadevino.es\/blog\/2018\/12\/14\/brindo-justicia-generalizada\/"},"author":{"name":"Vivanco","@id":"https:\/\/vivancoculturadevino.es\/blog\/#\/schema\/person\/745931ee54ccbb839d8df0cceb02db4c"},"headline":"\u00a1Brindo por la justicia generalizada!","datePublished":"2018-12-14T07:00:54+00:00","dateModified":"2018-12-18T10:31:19+00:00","mainEntityOfPage":{"@id":"https:\/\/vivancoculturadevino.es\/blog\/2018\/12\/14\/brindo-justicia-generalizada\/"},"wordCount":2912,"publisher":{"@id":"https:\/\/vivancoculturadevino.es\/blog\/#organization"},"image":{"@id":"https:\/\/vivancoculturadevino.es\/blog\/2018\/12\/14\/brindo-justicia-generalizada\/#primaryimage"},"thumbnailUrl":"https:\/\/vivancoculturadevino.es\/blog\/wp-content\/uploads\/2018\/12\/gamoneda_090.jpg","keywords":["A sorbos","Antonio Gamoneda","Entrevistas","poes\u00eda","vivanco"],"articleSection":["Cultura"],"inLanguage":"es"},{"@type":"WebPage","@id":"https:\/\/vivancoculturadevino.es\/blog\/2018\/12\/14\/brindo-justicia-generalizada\/","url":"https:\/\/vivancoculturadevino.es\/blog\/2018\/12\/14\/brindo-justicia-generalizada\/","name":"\u00a1Brindo por la justicia generalizada! | Vivanco","isPartOf":{"@id":"https:\/\/vivancoculturadevino.es\/blog\/#website"},"primaryImageOfPage":{"@id":"https:\/\/vivancoculturadevino.es\/blog\/2018\/12\/14\/brindo-justicia-generalizada\/#primaryimage"},"image":{"@id":"https:\/\/vivancoculturadevino.es\/blog\/2018\/12\/14\/brindo-justicia-generalizada\/#primaryimage"},"thumbnailUrl":"https:\/\/vivancoculturadevino.es\/blog\/wp-content\/uploads\/2018\/12\/gamoneda_090.jpg","datePublished":"2018-12-14T07:00:54+00:00","dateModified":"2018-12-18T10:31:19+00:00","description":"Antonio Gamoneda, a sorbos. Entrevistamos a Antonio Gamoneda, uno de los poetas vivos m\u00e1s importantes de la \u00faltima mitad del siglo XX.","breadcrumb":{"@id":"https:\/\/vivancoculturadevino.es\/blog\/2018\/12\/14\/brindo-justicia-generalizada\/#breadcrumb"},"inLanguage":"es","potentialAction":[{"@type":"ReadAction","target":["https:\/\/vivancoculturadevino.es\/blog\/2018\/12\/14\/brindo-justicia-generalizada\/"]}]},{"@type":"ImageObject","inLanguage":"es","@id":"https:\/\/vivancoculturadevino.es\/blog\/2018\/12\/14\/brindo-justicia-generalizada\/#primaryimage","url":"https:\/\/vivancoculturadevino.es\/blog\/wp-content\/uploads\/2018\/12\/gamoneda_090.jpg","contentUrl":"https:\/\/vivancoculturadevino.es\/blog\/wp-content\/uploads\/2018\/12\/gamoneda_090.jpg","width":1840,"height":1228,"caption":"gamoneda_090"},{"@type":"BreadcrumbList","@id":"https:\/\/vivancoculturadevino.es\/blog\/2018\/12\/14\/brindo-justicia-generalizada\/#breadcrumb","itemListElement":[{"@type":"ListItem","position":1,"name":"Portada","item":"https:\/\/vivancoculturadevino.es\/blog\/"},{"@type":"ListItem","position":2,"name":"\u00a1Brindo por la justicia generalizada!"}]},{"@type":"WebSite","@id":"https:\/\/vivancoculturadevino.es\/blog\/#website","url":"https:\/\/vivancoculturadevino.es\/blog\/","name":"Vivanco","description":"Una familia y una pasi\u00f3n: Compartir la cultura del vino","publisher":{"@id":"https:\/\/vivancoculturadevino.es\/blog\/#organization"},"potentialAction":[{"@type":"SearchAction","target":{"@type":"EntryPoint","urlTemplate":"https:\/\/vivancoculturadevino.es\/blog\/?s={search_term_string}"},"query-input":{"@type":"PropertyValueSpecification","valueRequired":true,"valueName":"search_term_string"}}],"inLanguage":"es"},{"@type":"Organization","@id":"https:\/\/vivancoculturadevino.es\/blog\/#organization","name":"Vivanco","url":"https:\/\/vivancoculturadevino.es\/blog\/","logo":{"@type":"ImageObject","inLanguage":"es","@id":"https:\/\/vivancoculturadevino.es\/blog\/#\/schema\/logo\/image\/","url":"https:\/\/vivancoculturadevino.es\/blog\/wp-content\/uploads\/2026\/01\/Logo-blanco.svg","contentUrl":"https:\/\/vivancoculturadevino.es\/blog\/wp-content\/uploads\/2026\/01\/Logo-blanco.svg","width":134,"height":43,"caption":"Vivanco"},"image":{"@id":"https:\/\/vivancoculturadevino.es\/blog\/#\/schema\/logo\/image\/"}},{"@type":"Person","@id":"https:\/\/vivancoculturadevino.es\/blog\/#\/schema\/person\/745931ee54ccbb839d8df0cceb02db4c","name":"Vivanco","image":{"@type":"ImageObject","inLanguage":"es","@id":"https:\/\/vivancoculturadevino.es\/blog\/#\/schema\/person\/image\/","url":"https:\/\/secure.gravatar.com\/avatar\/61b66c59d132db2f7ad4dfd1cc89bbd508b4d5888ab39ddba99f2aca247b7fb3?s=96&d=mm&r=g","contentUrl":"https:\/\/secure.gravatar.com\/avatar\/61b66c59d132db2f7ad4dfd1cc89bbd508b4d5888ab39ddba99f2aca247b7fb3?s=96&d=mm&r=g","caption":"Vivanco"},"description":"Bodega, Fundaci\u00f3n, Experiencias. Compartiendo Cultura de Vino","sameAs":["http:\/\/www.vivancoculturadevino.es","https:\/\/www.facebook.com\/vivancoculturadevino","https:\/\/x.com\/https:\/\/twitter.com\/Vivanco_es","https:\/\/www.youtube.com\/channel\/UC8a2nOiF7kAQNPPduAi2Evw\/videos"],"url":"https:\/\/vivancoculturadevino.es\/blog\/author\/administrator\/"}]}},"_links":{"self":[{"href":"https:\/\/vivancoculturadevino.es\/blog\/wp-json\/wp\/v2\/posts\/3772","targetHints":{"allow":["GET"]}}],"collection":[{"href":"https:\/\/vivancoculturadevino.es\/blog\/wp-json\/wp\/v2\/posts"}],"about":[{"href":"https:\/\/vivancoculturadevino.es\/blog\/wp-json\/wp\/v2\/types\/post"}],"author":[{"embeddable":true,"href":"https:\/\/vivancoculturadevino.es\/blog\/wp-json\/wp\/v2\/users\/1"}],"replies":[{"embeddable":true,"href":"https:\/\/vivancoculturadevino.es\/blog\/wp-json\/wp\/v2\/comments?post=3772"}],"version-history":[{"count":5,"href":"https:\/\/vivancoculturadevino.es\/blog\/wp-json\/wp\/v2\/posts\/3772\/revisions"}],"predecessor-version":[{"id":3781,"href":"https:\/\/vivancoculturadevino.es\/blog\/wp-json\/wp\/v2\/posts\/3772\/revisions\/3781"}],"wp:featuredmedia":[{"embeddable":true,"href":"https:\/\/vivancoculturadevino.es\/blog\/wp-json\/wp\/v2\/media\/3774"}],"wp:attachment":[{"href":"https:\/\/vivancoculturadevino.es\/blog\/wp-json\/wp\/v2\/media?parent=3772"}],"wp:term":[{"taxonomy":"category","embeddable":true,"href":"https:\/\/vivancoculturadevino.es\/blog\/wp-json\/wp\/v2\/categories?post=3772"},{"taxonomy":"post_tag","embeddable":true,"href":"https:\/\/vivancoculturadevino.es\/blog\/wp-json\/wp\/v2\/tags?post=3772"}],"curies":[{"name":"wp","href":"https:\/\/api.w.org\/{rel}","templated":true}]}}