{"id":3757,"date":"2018-11-22T08:00:50","date_gmt":"2018-11-22T07:00:50","guid":{"rendered":"https:\/\/vivancoculturadevino.es\/blog\/?p=3757"},"modified":"2020-03-18T10:46:01","modified_gmt":"2020-03-18T09:46:01","slug":"10-mejores-museos-la-rioja","status":"publish","type":"post","link":"https:\/\/vivancoculturadevino.es\/blog\/2018\/11\/22\/10-mejores-museos-la-rioja\/","title":{"rendered":"Los 10 mejores museos de La Rioja"},"content":{"rendered":"<p>Viajar siempre ensancha la mente. Ver sitios diferentes, admirar la naturaleza\u2026 y si el recorrido aporta tambi\u00e9n <strong><b>riqueza cultural<\/b><\/strong>, volvemos a casa m\u00e1s llenos de <strong><b>conocimiento<\/b><\/strong>.<\/p>\n<p>La Rioja es un lugar id\u00f3neo para ese viaje completo, porque existen muchos <strong><b>museos dignos de una parada<\/b><\/strong>. Os contamos cu\u00e1les son los m\u00e1s interesantes.<\/p>\n<h2>Arte de vanguardia<\/h2>\n<p><strong><b>A nivel europeo, la colecci\u00f3n W\u00fcrth<\/b><\/strong>, procedente de Alemania, es una de las <strong><b>m\u00e1s importantes en lo que a arte contempor\u00e1neo<\/b><\/strong>\u00a0se refiere. El profesor Reinhold W\u00fcrth empez\u00f3 a atesorarla en los a\u00f1os 60. Por eso el Museo W\u00fcrth merece una parada.<\/p>\n<p style=\"text-align: left;\">La ubicaci\u00f3n, a primera vista, llama la atenci\u00f3n: en un pol\u00edgono industrial a las afueras de Logro\u00f1o. Pero tiene mucho sentido. La idea es <strong><b>fusionar el concepto de espacio cultural y empresa<\/b><\/strong>, porque el Grupo W\u00fcrth es una multinacional internacional de material para profesionales de diferentes disciplinas. El de Logro\u00f1o es el \u00fanico espacio expositivo que la empresa tiene en Espa\u00f1a.<\/p>\n<blockquote class=\"instagram-media\" style=\"background: #FFF; border: 0; border-radius: 3px; box-shadow: 0 0 1px 0 rgba(0,0,0,0.5),0 1px 10px 0 rgba(0,0,0,0.15); margin: 1px; max-width: 540px; min-width: 326px; padding: 0; width: calc(100% - 2px);\" data-instgrm-permalink=\"https:\/\/www.instagram.com\/p\/Bm04ID_ngGr\/?utm_source=ig_embed&amp;utm_medium=loading\" data-instgrm-version=\"12\">\n<div style=\"padding: 16px;\"><a style=\"background: #FFFFFF; line-height: 0; padding: 0 0; text-align: center; text-decoration: none; width: 100%;\" href=\"https:\/\/www.instagram.com\/p\/Bm04ID_ngGr\/?utm_source=ig_embed&amp;utm_medium=loading\" target=\"_blank\"><br \/>\n<\/a><\/p>\n<div style=\"display: flex; flex-direction: row; align-items: center; text-align: left;\"><\/div>\n<div style=\"padding: 19% 0px; text-align: center;\"><\/div>\n<div style=\"display: block; height: 50px; margin: 0 auto 12px; width: 50px;\"><\/div>\n<div style=\"padding-top: 8px;\">\n<div style=\"color: #3897f0; font-family: Arial,sans-serif; font-size: 14px; font-style: normal; font-weight: 550; line-height: 18px;\">Ver esta publicaci\u00f3n en Instagram<\/div>\n<\/div>\n<p style=\"color: #c9c8cd; font-family: Arial,sans-serif; font-size: 14px; line-height: 17px; margin-bottom: 0; margin-top: 8px; overflow: hidden; padding: 8px 0 7px; text-align: center; text-overflow: ellipsis; white-space: nowrap;\"><a style=\"color: #c9c8cd; font-family: Arial,sans-serif; font-size: 14px; font-style: normal; font-weight: normal; line-height: 17px; text-decoration: none;\" href=\"https:\/\/www.instagram.com\/p\/Bm04ID_ngGr\/?utm_source=ig_embed&amp;utm_medium=loading\" target=\"_blank\">Una publicaci\u00f3n compartida de Museo W\u00fcrth La Rioja (@museowurthlarioja)<\/a> el <time style=\"font-family: Arial,sans-serif; font-size: 14px; line-height: 17px;\" datetime=\"2018-08-23T15:20:10+00:00\">23 Ago, 2018 a las 8:20 PDT<\/time><\/p>\n<\/div>\n<\/blockquote>\n<p><script src=\"\/\/www.instagram.com\/embed.js\" async=\"\" data-cookieconsent=\"marketing\"><\/script><\/p>\n<h2>Un poco de ciencia<\/h2>\n<p>En este caso los <strong><b>mecenas fueron Iberdrola y el investigador D. Santiago Jim\u00e9nez.<\/b><\/strong>\u00a0Ellos hicieron posible el nacimiento del\u00a0<strong><b>Museo de Ciencias Naturales de Arnedo<\/b><\/strong>, que ya lleva en pie cerca de medio siglo. En \u00e9l se pueden contemplar m\u00faltiples piezas de minerales y f\u00f3siles del patrimonio paleoicnol\u00f3gico de La Rioja. De hecho, <strong><b>en lo que antes fue la bodega del palacio<\/b><\/strong>\u00a0se pueden ver los materiales investigados durante los \u00faltimos treinta a\u00f1os en diversos yacimientos. <\/p>\n<h2>Cultura de Vino<\/h2>\n<p><strong><b>En Briones se encuentra nuestro <\/b><\/strong><a href=\"https:\/\/vivancoculturadevino.es\/es\/fundacion\/museo-vivanco\/\" target=\"_blank\"><strong><b>Museo <\/b><\/strong><strong><b>Vivanco d<\/b><\/strong><strong><b>e la Cultura del Vin<\/b><\/strong><strong><b>o<\/b><\/strong><\/a><b>\u00a0<\/b>compuesto por m\u00e1s\u00a04.000 metros cuadrados y \u00a06 salas de exposici\u00f3n (una exterior) en las que se\u00a0muestra la colecci\u00f3n art\u00edstica\u00a0de la familia Vivanco. Aqu\u00ed\u00a0se albergan multitud de obras art\u00edsticas\u00a0relacionadas con el vino, de diferentes disciplinas. <strong><b>D<\/b><\/strong><strong><b>esde la escultura y la pintura a la arqueolog\u00eda<\/b><\/strong><strong><b>, y con obras de artistas de la categor\u00eda de Sorolla, Warhol, Picasso, Chillida o Barcel\u00f3, entre otros. <\/b><\/strong>En\u00a0nuestro Muse podr\u00e1s descubrir\u00a0c\u00f3mo ha ido evolucionando el vino a lo largo de las m\u00faltiples culturas de la historia. Y es que el Museo Vivanco de la Cultura del Vino es considerado por la OMT-ONU como el \u201cMejor Museo de Vino del Mundo.\u201d <iframe src=\"https:\/\/www.youtube-nocookie.com\/embed\/Z8elQ1rWkas\" width=\"560\" height=\"315\" frameborder=\"0\" allowfullscreen=\"allowfullscreen\"><\/iframe> <\/p>\n<h2>Las verduras y su historia<\/h2>\n<p>Otro museo interesante en La Rioja es el <strong><b>Museo de la Verdura<\/b><\/strong>.\u00a0Se reparte en seis espacios expositivos donde, de manera interactiva, se recogen diferentes aspectos de <strong><b>las verduras m\u00e1s importantes de Calahorra<\/b><\/strong>\u00a0\u2013donde est\u00e1 situado-, desde la tierra y la agricultura hasta la gastronom\u00eda. Y se informa tambi\u00e9n a cerca de la importancia de los productos hort\u00edcolas en una alimentaci\u00f3n sana y saludable. <\/p>\n<blockquote class=\"instagram-media\" style=\"background: #FFF; border: 0; border-radius: 3px; box-shadow: 0 0 1px 0 rgba(0,0,0,0.5),0 1px 10px 0 rgba(0,0,0,0.15); margin: 1px; max-width: 540px; min-width: 326px; padding: 0; width: calc(100% - 2px);\" data-instgrm-permalink=\"https:\/\/www.instagram.com\/p\/BPD6P--DGix\/?utm_source=ig_embed&amp;utm_medium=loading\" data-instgrm-version=\"12\">\n<div style=\"padding: 16px;\">\n<div style=\"display: flex; flex-direction: row; align-items: center;\"><\/div>\n<p>&nbsp;<\/p>\n<div style=\"padding: 19% 0;\"><\/div>\n<p>&nbsp;<\/p>\n<div style=\"display: block; height: 50px; margin: 0 auto 12px; width: 50px;\"><\/div>\n<p>&nbsp;<\/p>\n<div style=\"padding-top: 8px;\">\n<div style=\"color: #3897f0; font-family: Arial,sans-serif; font-size: 14px; font-style: normal; font-weight: 550; line-height: 18px;\">Ver esta publicaci\u00f3n en Instagram<\/div>\n<p>&nbsp;\n<\/p><\/div>\n<p><a style=\"color: #c9c8cd; font-family: Arial,sans-serif; font-size: 14px; font-style: normal; font-weight: normal; line-height: 17px; text-decoration: none;\" href=\"https:\/\/www.instagram.com\/p\/BPD6P--DGix\/?utm_source=ig_embed&amp;utm_medium=loading\" target=\"_blank\">Una publicaci\u00f3n compartida de descubreCalahorra (@descubrecalahorra)<\/a> el <time style=\"font-family: Arial,sans-serif; font-size: 14px; line-height: 17px;\" datetime=\"2017-01-09T22:53:52+00:00\">9 Ene, 2017 a las 2:53 PST<\/time>\n<\/div>\n<\/blockquote>\n<p><script src=\"\/\/www.instagram.com\/embed.js\" async=\"\" type=\"text\/plain\" data-cookieconsent=\"marketing\"><\/script><\/p>\n<h2>Entrar en la casa de nuestros antepasados<\/h2>\n<p><strong><b>La Casa Encantada<\/b><\/strong>\u00a0es un lugar cuanto menos intrigante, una especie de IKEA del s.XVIII aunque no hay nada a la venta. En este <strong><b>palacio del marqu\u00e9s de San Nicol\u00e1s de Briones<\/b><\/strong>, un edificio de estilo barroco, se recrean las costumbres riojanas de siglos pasados. All\u00ed uno puede pasear entre <strong><b>objetos y ajuares dom\u00e9sticos<\/b><\/strong>\u00a0que formaban parte del d\u00eda a d\u00eda de nuestros <strong><b>antepasados<\/b><\/strong>.<\/p>\n<h2>Los entresijos de La Rioja<\/h2>\n<p>Tambi\u00e9n en un edificio barroco del s.XVIII est\u00e1 situado <strong><b>el Museo de La Rioja<\/b><\/strong>, conocido como el Palacio del Espartero. Fue el lugar de retiro del general tras abandonar la pol\u00edtica y alberga importantes colecciones de pintura y escultura, adem\u00e1s de elementos etnogr\u00e1ficos y arqueol\u00f3gicos.<\/p>\n<p>Un espacio grand\u00edsimo, <strong><b>m\u00e1s de 3.000 metros cuadrados de museo<\/b><\/strong>, que da cabida a <strong><b>exposiciones itinerantes, exposiciones fijas, una tienda y una biblioteca<\/b><\/strong>. Incluso contiene dep\u00f3sitos que provienen del Museo del Prado.<\/p>\n<blockquote class=\"instagram-media\" style=\"background: #FFF; border: 0; border-radius: 3px; box-shadow: 0 0 1px 0 rgba(0,0,0,0.5),0 1px 10px 0 rgba(0,0,0,0.15); margin: 1px; max-width: 540px; min-width: 326px; padding: 0; width: calc(100% - 2px);\" data-instgrm-permalink=\"https:\/\/www.instagram.com\/p\/BKazfSxAr3I\/?utm_source=ig_embed&amp;utm_medium=loading\" data-instgrm-version=\"12\">\n<div style=\"padding: 16px;\"><a style=\"background: #FFFFFF; line-height: 0; padding: 0 0; text-align: center; text-decoration: none; width: 100%;\" href=\"https:\/\/www.instagram.com\/p\/BKazfSxAr3I\/?utm_source=ig_embed&amp;utm_medium=loading\" target=\"_blank\"><br \/>\n<\/a><\/p>\n<div style=\"display: flex; flex-direction: row; align-items: center;\"><\/div>\n<div style=\"padding: 19% 0;\"><\/div>\n<div style=\"display: block; height: 50px; margin: 0 auto 12px; width: 50px;\"><\/div>\n<div style=\"padding-top: 8px;\">\n<div style=\"color: #3897f0; font-family: Arial,sans-serif; font-size: 14px; font-style: normal; font-weight: 550; line-height: 18px;\">Ver esta publicaci\u00f3n en Instagram<\/div>\n<\/div>\n<p style=\"color: #c9c8cd; font-family: Arial,sans-serif; font-size: 14px; line-height: 17px; margin-bottom: 0; margin-top: 8px; overflow: hidden; padding: 8px 0 7px; text-align: center; text-overflow: ellipsis; white-space: nowrap;\"><a style=\"color: #c9c8cd; font-family: Arial,sans-serif; font-size: 14px; font-style: normal; font-weight: normal; line-height: 17px; text-decoration: none;\" href=\"https:\/\/www.instagram.com\/p\/BKazfSxAr3I\/?utm_source=ig_embed&amp;utm_medium=loading\" target=\"_blank\">Una publicaci\u00f3n compartida de Museo de La Rioja (@museodelarioja)<\/a> el <time style=\"font-family: Arial,sans-serif; font-size: 14px; line-height: 17px;\" datetime=\"2016-09-16T13:40:21+00:00\">16 Sep, 2016 a las 6:40 PDT<\/time><\/p>\n<\/div>\n<\/blockquote>\n<p><script src=\"\/\/www.instagram.com\/embed.js\" async=\"\" type=\"text\/plain\" data-cookieconsent=\"marketing\"><\/script><\/p>\n<h2>Fotograf\u00eda y v\u00eddeo<\/h2>\n<p>En el centro hist\u00f3rico de Logro\u00f1o se encuentra <strong><b>La Casa de la Imagen<\/b><\/strong>, el templo de la <strong><b>fotograf\u00eda y el v\u00eddeo, <\/b><\/strong>la evoluci\u00f3n de lo que en los a\u00f1os 80 naci\u00f3 como la galer\u00eda C\u00e1mara Oscura. Es un centro cultural donde se acumulan materiales hist\u00f3ricos y contempor\u00e1neos que se pueden admirar en la <strong><b>galer\u00eda de exposiciones<\/b><\/strong>\u00a0o rebuscando en el <strong><b>archivo<\/b><\/strong>. Y alberga, adem\u00e1s, entre otras cosas, un laboratorio, un estudio de grabaci\u00f3n, una biblioteca y una tienda especializada.<\/p>\n<blockquote class=\"instagram-media\" data-instgrm-permalink=\"https:\/\/www.instagram.com\/p\/Bi3_0eOHO2a\/?utm_source=ig_embed&amp;utm_medium=loading\" data-instgrm-version=\"12\" style=\" background:#FFF; border:0; border-radius:3px; box-shadow:0 0 1px 0 rgba(0,0,0,0.5),0 1px 10px 0 rgba(0,0,0,0.15); margin: 1px; max-width:540px; min-width:326px; padding:0; width:99.375%; width:-webkit-calc(100% - 2px); width:calc(100% - 2px);\">\n<div style=\"padding:16px;\"> <a href=\"https:\/\/www.instagram.com\/p\/Bi3_0eOHO2a\/?utm_source=ig_embed&amp;utm_medium=loading\" style=\" background:#FFFFFF; line-height:0; padding:0 0; text-align:center; text-decoration:none; width:100%;\" target=\"_blank\"> <\/p>\n<div style=\" display: flex; flex-direction: row; align-items: center;\">\n<div style=\"background-color: #F4F4F4; border-radius: 50%; flex-grow: 0; height: 40px; margin-right: 14px; width: 40px;\"><\/div>\n<div style=\"display: flex; flex-direction: column; flex-grow: 1; justify-content: center;\">\n<div style=\" background-color: #F4F4F4; border-radius: 4px; flex-grow: 0; height: 14px; margin-bottom: 6px; width: 100px;\"><\/div>\n<div style=\" background-color: #F4F4F4; border-radius: 4px; flex-grow: 0; height: 14px; width: 60px;\"><\/div>\n<\/div>\n<\/div>\n<div style=\"padding: 19% 0;\"><\/div>\n<div style=\"display:block; height:50px; margin:0 auto 12px; width:50px;\"><svg width=\"50px\" height=\"50px\" viewBox=\"0 0 60 60\" version=\"1.1\" xmlns=\"https:\/\/www.w3.org\/2000\/svg\" xmlns:xlink=\"https:\/\/www.w3.org\/1999\/xlink\"><g stroke=\"none\" stroke-width=\"1\" fill=\"none\" fill-rule=\"evenodd\"><g transform=\"translate(-511.000000, -20.000000)\" fill=\"#000000\"><g><path d=\"M556.869,30.41 C554.814,30.41 553.148,32.076 553.148,34.131 C553.148,36.186 554.814,37.852 556.869,37.852 C558.924,37.852 560.59,36.186 560.59,34.131 C560.59,32.076 558.924,30.41 556.869,30.41 M541,60.657 C535.114,60.657 530.342,55.887 530.342,50 C530.342,44.114 535.114,39.342 541,39.342 C546.887,39.342 551.658,44.114 551.658,50 C551.658,55.887 546.887,60.657 541,60.657 M541,33.886 C532.1,33.886 524.886,41.1 524.886,50 C524.886,58.899 532.1,66.113 541,66.113 C549.9,66.113 557.115,58.899 557.115,50 C557.115,41.1 549.9,33.886 541,33.886 M565.378,62.101 C565.244,65.022 564.756,66.606 564.346,67.663 C563.803,69.06 563.154,70.057 562.106,71.106 C561.058,72.155 560.06,72.803 558.662,73.347 C557.607,73.757 556.021,74.244 553.102,74.378 C549.944,74.521 548.997,74.552 541,74.552 C533.003,74.552 532.056,74.521 528.898,74.378 C525.979,74.244 524.393,73.757 523.338,73.347 C521.94,72.803 520.942,72.155 519.894,71.106 C518.846,70.057 518.197,69.06 517.654,67.663 C517.244,66.606 516.755,65.022 516.623,62.101 C516.479,58.943 516.448,57.996 516.448,50 C516.448,42.003 516.479,41.056 516.623,37.899 C516.755,34.978 517.244,33.391 517.654,32.338 C518.197,30.938 518.846,29.942 519.894,28.894 C520.942,27.846 521.94,27.196 523.338,26.654 C524.393,26.244 525.979,25.756 528.898,25.623 C532.057,25.479 533.004,25.448 541,25.448 C548.997,25.448 549.943,25.479 553.102,25.623 C556.021,25.756 557.607,26.244 558.662,26.654 C560.06,27.196 561.058,27.846 562.106,28.894 C563.154,29.942 563.803,30.938 564.346,32.338 C564.756,33.391 565.244,34.978 565.378,37.899 C565.522,41.056 565.552,42.003 565.552,50 C565.552,57.996 565.522,58.943 565.378,62.101 M570.82,37.631 C570.674,34.438 570.167,32.258 569.425,30.349 C568.659,28.377 567.633,26.702 565.965,25.035 C564.297,23.368 562.623,22.342 560.652,21.575 C558.743,20.834 556.562,20.326 553.369,20.18 C550.169,20.033 549.148,20 541,20 C532.853,20 531.831,20.033 528.631,20.18 C525.438,20.326 523.257,20.834 521.349,21.575 C519.376,22.342 517.703,23.368 516.035,25.035 C514.368,26.702 513.342,28.377 512.574,30.349 C511.834,32.258 511.326,34.438 511.181,37.631 C511.035,40.831 511,41.851 511,50 C511,58.147 511.035,59.17 511.181,62.369 C511.326,65.562 511.834,67.743 512.574,69.651 C513.342,71.625 514.368,73.296 516.035,74.965 C517.703,76.634 519.376,77.658 521.349,78.425 C523.257,79.167 525.438,79.673 528.631,79.82 C531.831,79.965 532.853,80.001 541,80.001 C549.148,80.001 550.169,79.965 553.369,79.82 C556.562,79.673 558.743,79.167 560.652,78.425 C562.623,77.658 564.297,76.634 565.965,74.965 C567.633,73.296 568.659,71.625 569.425,69.651 C570.167,67.743 570.674,65.562 570.82,62.369 C570.966,59.17 571,58.147 571,50 C571,41.851 570.966,40.831 570.82,37.631\"><\/path><\/g><\/g><\/g><\/svg><\/div>\n<div style=\"padding-top: 8px;\">\n<div style=\" color:#3897f0; font-family:Arial,sans-serif; font-size:14px; font-style:normal; font-weight:550; line-height:18px;\"> Ver esta publicaci\u00f3n en Instagram<\/div>\n<\/div>\n<div style=\"padding: 12.5% 0;\"><\/div>\n<div style=\"display: flex; flex-direction: row; margin-bottom: 14px; align-items: center;\">\n<div>\n<div style=\"background-color: #F4F4F4; border-radius: 50%; height: 12.5px; width: 12.5px; transform: translateX(0px) translateY(7px);\"><\/div>\n<div style=\"background-color: #F4F4F4; height: 12.5px; transform: rotate(-45deg) translateX(3px) translateY(1px); width: 12.5px; flex-grow: 0; margin-right: 14px; margin-left: 2px;\"><\/div>\n<div style=\"background-color: #F4F4F4; border-radius: 50%; height: 12.5px; width: 12.5px; transform: translateX(9px) translateY(-18px);\"><\/div>\n<\/div>\n<div style=\"margin-left: 8px;\">\n<div style=\" background-color: #F4F4F4; border-radius: 50%; flex-grow: 0; height: 20px; width: 20px;\"><\/div>\n<div style=\" width: 0; height: 0; border-top: 2px solid transparent; border-left: 6px solid #f4f4f4; border-bottom: 2px solid transparent; transform: translateX(16px) translateY(-4px) rotate(30deg)\"><\/div>\n<\/div>\n<div style=\"margin-left: auto;\">\n<div style=\" width: 0px; border-top: 8px solid #F4F4F4; border-right: 8px solid transparent; transform: translateY(16px);\"><\/div>\n<div style=\" background-color: #F4F4F4; flex-grow: 0; height: 12px; width: 16px; transform: translateY(-4px);\"><\/div>\n<div style=\" width: 0; height: 0; border-top: 8px solid #F4F4F4; border-left: 8px solid transparent; transform: translateY(-4px) translateX(8px);\"><\/div>\n<\/div>\n<\/div>\n<div style=\"display: flex; flex-direction: column; flex-grow: 1; justify-content: center; margin-bottom: 24px;\">\n<div style=\" background-color: #F4F4F4; border-radius: 4px; flex-grow: 0; height: 14px; margin-bottom: 6px; width: 224px;\"><\/div>\n<div style=\" background-color: #F4F4F4; border-radius: 4px; flex-grow: 0; height: 14px; width: 144px;\"><\/div>\n<\/div>\n<p><\/a><\/p>\n<p style=\" color:#c9c8cd; font-family:Arial,sans-serif; font-size:14px; line-height:17px; margin-bottom:0; margin-top:8px; overflow:hidden; padding:8px 0 7px; text-align:center; text-overflow:ellipsis; white-space:nowrap;\"><a href=\"https:\/\/www.instagram.com\/p\/Bi3_0eOHO2a\/?utm_source=ig_embed&amp;utm_medium=loading\" style=\" color:#c9c8cd; font-family:Arial,sans-serif; font-size:14px; font-style:normal; font-weight:normal; line-height:17px; text-decoration:none;\" target=\"_blank\">Una publicaci\u00f3n compartida de Casa de la Imagen (@casa_de_la_imagen)<\/a> el <time style=\" font-family:Arial,sans-serif; font-size:14px; line-height:17px;\" datetime=\"2018-05-17T10:19:32+00:00\">17 May, 2018 a las 3:19 PDT<\/time><\/p>\n<\/div>\n<\/blockquote>\n<p> <script data-cookieconsent=\"marketing\" async src=\"\/\/www.instagram.com\/embed.js\"><\/script><\/p>\n<h2>Un poco de pol\u00edtica<\/h2>\n<p>En Torrecilla en Cameros, un pueblo al sur de Logro\u00f1o, naci\u00f3 <strong><b>Pr\u00e1xedes Mateo Sagasta<\/b><\/strong>, un ingeniero, periodista y pol\u00edtico del Partido Liberal, <strong><b>presidente de Espa\u00f1a<\/b><\/strong>\u00a0a finales del s.XIX y principios del XX. All\u00ed en su pueblo, en el <strong><b>Espacio Sagasta<\/b><\/strong>, se explican m\u00e1s a fondo los recovecos de su vida y sus intentos de modernizar el pa\u00eds.<\/p>\n<p>Se trata de una exposici\u00f3n permanente que recorre desde su infancia hasta las diversas vertientes profesionales que ejerci\u00f3 y algo de su car\u00e1cter y vida privada.<\/p>\n<h2>Sobre relojes<\/h2>\n<p>El <strong><b>Museo de Relojes de Torre<\/b><\/strong>\u00a0est\u00e1 ubicado, c\u00f3mo no, en la <strong><b>Torre del Reloj, en San Vicente de la Sonsierra<\/b><\/strong>, y se considera un referente de la relojer\u00eda monumental en La Rioja. El recorrido expositivo transporta al visitante por los diferentes pasos de los procesos de fabricaci\u00f3n y funcionamiento de estos relojes. Y el colof\u00f3n est\u00e1 en lo alto de la torre: un <strong><b>observatorio con grandes vistas<\/b><\/strong>\u00a0y un voluminoso reloj del Ayuntamiento que se construy\u00f3 en 1675.<\/p>\n<blockquote class=\"instagram-media\" data-instgrm-permalink=\"https:\/\/www.instagram.com\/p\/BobpsZAjUey\/?utm_source=ig_embed&amp;utm_medium=loading\" data-instgrm-version=\"12\" style=\" background:#FFF; border:0; border-radius:3px; box-shadow:0 0 1px 0 rgba(0,0,0,0.5),0 1px 10px 0 rgba(0,0,0,0.15); margin: 1px; max-width:540px; min-width:326px; padding:0; width:99.375%; width:-webkit-calc(100% - 2px); width:calc(100% - 2px);\">\n<div style=\"padding:16px;\"> <a href=\"https:\/\/www.instagram.com\/p\/BobpsZAjUey\/?utm_source=ig_embed&amp;utm_medium=loading\" style=\" background:#FFFFFF; line-height:0; padding:0 0; text-align:center; text-decoration:none; width:100%;\" target=\"_blank\"> <\/p>\n<div style=\" display: flex; flex-direction: row; align-items: center;\">\n<div style=\"background-color: #F4F4F4; border-radius: 50%; flex-grow: 0; height: 40px; margin-right: 14px; width: 40px;\"><\/div>\n<div style=\"display: flex; flex-direction: column; flex-grow: 1; justify-content: center;\">\n<div style=\" background-color: #F4F4F4; border-radius: 4px; flex-grow: 0; height: 14px; margin-bottom: 6px; width: 100px;\"><\/div>\n<div style=\" background-color: #F4F4F4; border-radius: 4px; flex-grow: 0; height: 14px; width: 60px;\"><\/div>\n<\/div>\n<\/div>\n<div style=\"padding: 19% 0;\"><\/div>\n<div style=\"display:block; height:50px; margin:0 auto 12px; width:50px;\"><svg width=\"50px\" height=\"50px\" viewBox=\"0 0 60 60\" version=\"1.1\" xmlns=\"https:\/\/www.w3.org\/2000\/svg\" xmlns:xlink=\"https:\/\/www.w3.org\/1999\/xlink\"><g stroke=\"none\" stroke-width=\"1\" fill=\"none\" fill-rule=\"evenodd\"><g transform=\"translate(-511.000000, -20.000000)\" fill=\"#000000\"><g><path d=\"M556.869,30.41 C554.814,30.41 553.148,32.076 553.148,34.131 C553.148,36.186 554.814,37.852 556.869,37.852 C558.924,37.852 560.59,36.186 560.59,34.131 C560.59,32.076 558.924,30.41 556.869,30.41 M541,60.657 C535.114,60.657 530.342,55.887 530.342,50 C530.342,44.114 535.114,39.342 541,39.342 C546.887,39.342 551.658,44.114 551.658,50 C551.658,55.887 546.887,60.657 541,60.657 M541,33.886 C532.1,33.886 524.886,41.1 524.886,50 C524.886,58.899 532.1,66.113 541,66.113 C549.9,66.113 557.115,58.899 557.115,50 C557.115,41.1 549.9,33.886 541,33.886 M565.378,62.101 C565.244,65.022 564.756,66.606 564.346,67.663 C563.803,69.06 563.154,70.057 562.106,71.106 C561.058,72.155 560.06,72.803 558.662,73.347 C557.607,73.757 556.021,74.244 553.102,74.378 C549.944,74.521 548.997,74.552 541,74.552 C533.003,74.552 532.056,74.521 528.898,74.378 C525.979,74.244 524.393,73.757 523.338,73.347 C521.94,72.803 520.942,72.155 519.894,71.106 C518.846,70.057 518.197,69.06 517.654,67.663 C517.244,66.606 516.755,65.022 516.623,62.101 C516.479,58.943 516.448,57.996 516.448,50 C516.448,42.003 516.479,41.056 516.623,37.899 C516.755,34.978 517.244,33.391 517.654,32.338 C518.197,30.938 518.846,29.942 519.894,28.894 C520.942,27.846 521.94,27.196 523.338,26.654 C524.393,26.244 525.979,25.756 528.898,25.623 C532.057,25.479 533.004,25.448 541,25.448 C548.997,25.448 549.943,25.479 553.102,25.623 C556.021,25.756 557.607,26.244 558.662,26.654 C560.06,27.196 561.058,27.846 562.106,28.894 C563.154,29.942 563.803,30.938 564.346,32.338 C564.756,33.391 565.244,34.978 565.378,37.899 C565.522,41.056 565.552,42.003 565.552,50 C565.552,57.996 565.522,58.943 565.378,62.101 M570.82,37.631 C570.674,34.438 570.167,32.258 569.425,30.349 C568.659,28.377 567.633,26.702 565.965,25.035 C564.297,23.368 562.623,22.342 560.652,21.575 C558.743,20.834 556.562,20.326 553.369,20.18 C550.169,20.033 549.148,20 541,20 C532.853,20 531.831,20.033 528.631,20.18 C525.438,20.326 523.257,20.834 521.349,21.575 C519.376,22.342 517.703,23.368 516.035,25.035 C514.368,26.702 513.342,28.377 512.574,30.349 C511.834,32.258 511.326,34.438 511.181,37.631 C511.035,40.831 511,41.851 511,50 C511,58.147 511.035,59.17 511.181,62.369 C511.326,65.562 511.834,67.743 512.574,69.651 C513.342,71.625 514.368,73.296 516.035,74.965 C517.703,76.634 519.376,77.658 521.349,78.425 C523.257,79.167 525.438,79.673 528.631,79.82 C531.831,79.965 532.853,80.001 541,80.001 C549.148,80.001 550.169,79.965 553.369,79.82 C556.562,79.673 558.743,79.167 560.652,78.425 C562.623,77.658 564.297,76.634 565.965,74.965 C567.633,73.296 568.659,71.625 569.425,69.651 C570.167,67.743 570.674,65.562 570.82,62.369 C570.966,59.17 571,58.147 571,50 C571,41.851 570.966,40.831 570.82,37.631\"><\/path><\/g><\/g><\/g><\/svg><\/div>\n<div style=\"padding-top: 8px;\">\n<div style=\" color:#3897f0; font-family:Arial,sans-serif; font-size:14px; font-style:normal; font-weight:550; line-height:18px;\"> Ver esta publicaci\u00f3n en Instagram<\/div>\n<\/div>\n<div style=\"padding: 12.5% 0;\"><\/div>\n<div style=\"display: flex; flex-direction: row; margin-bottom: 14px; align-items: center;\">\n<div>\n<div style=\"background-color: #F4F4F4; border-radius: 50%; height: 12.5px; width: 12.5px; transform: translateX(0px) translateY(7px);\"><\/div>\n<div style=\"background-color: #F4F4F4; height: 12.5px; transform: rotate(-45deg) translateX(3px) translateY(1px); width: 12.5px; flex-grow: 0; margin-right: 14px; margin-left: 2px;\"><\/div>\n<div style=\"background-color: #F4F4F4; border-radius: 50%; height: 12.5px; width: 12.5px; transform: translateX(9px) translateY(-18px);\"><\/div>\n<\/div>\n<div style=\"margin-left: 8px;\">\n<div style=\" background-color: #F4F4F4; border-radius: 50%; flex-grow: 0; height: 20px; width: 20px;\"><\/div>\n<div style=\" width: 0; height: 0; border-top: 2px solid transparent; border-left: 6px solid #f4f4f4; border-bottom: 2px solid transparent; transform: translateX(16px) translateY(-4px) rotate(30deg)\"><\/div>\n<\/div>\n<div style=\"margin-left: auto;\">\n<div style=\" width: 0px; border-top: 8px solid #F4F4F4; border-right: 8px solid transparent; transform: translateY(16px);\"><\/div>\n<div style=\" background-color: #F4F4F4; flex-grow: 0; height: 12px; width: 16px; transform: translateY(-4px);\"><\/div>\n<div style=\" width: 0; height: 0; border-top: 8px solid #F4F4F4; border-left: 8px solid transparent; transform: translateY(-4px) translateX(8px);\"><\/div>\n<\/div>\n<\/div>\n<div style=\"display: flex; flex-direction: column; flex-grow: 1; justify-content: center; margin-bottom: 24px;\">\n<div style=\" background-color: #F4F4F4; border-radius: 4px; flex-grow: 0; height: 14px; margin-bottom: 6px; width: 224px;\"><\/div>\n<div style=\" background-color: #F4F4F4; border-radius: 4px; flex-grow: 0; height: 14px; width: 144px;\"><\/div>\n<\/div>\n<p><\/a><\/p>\n<p style=\" color:#c9c8cd; font-family:Arial,sans-serif; font-size:14px; line-height:17px; margin-bottom:0; margin-top:8px; overflow:hidden; padding:8px 0 7px; text-align:center; text-overflow:ellipsis; white-space:nowrap;\"><a href=\"https:\/\/www.instagram.com\/p\/BobpsZAjUey\/?utm_source=ig_embed&amp;utm_medium=loading\" style=\" color:#c9c8cd; font-family:Arial,sans-serif; font-size:14px; font-style:normal; font-weight:normal; line-height:17px; text-decoration:none;\" target=\"_blank\">Una publicaci\u00f3n compartida de Therese Rivoire (@therivo)<\/a> el <time style=\" font-family:Arial,sans-serif; font-size:14px; line-height:17px;\" datetime=\"2018-10-02T13:15:50+00:00\">2 Oct, 2018 a las 6:15 PDT<\/time><\/p>\n<\/div>\n<\/blockquote>\n<p> <script type=\"text\/plain\" data-cookieconsent=\"marketing\" async src=\"\/\/www.instagram.com\/embed.js\"><\/script><\/p>\n<h2>Dinosaurios<\/h2>\n<p>Este es el museo que viaja m\u00e1s atr\u00e1s en la historia, no solo de La Rioja, tambi\u00e9n del planeta entero. Porque <strong><b>el Centro de Interpretaci\u00f3n Paleontol\u00f3gica de La Rioja, <\/b><\/strong>en Igea, al sureste de la provincia, explica c\u00f3mo se <strong><b>cre\u00f3 la Tierra y la vida<\/b><\/strong>\u00a0en ella antes de la aparici\u00f3n de los humanos. Por eso te dan la bienvenida unas impresionantes maquetas de <a href=\"https:\/\/vivancoculturadevino.es\/blog\/2015\/04\/16\/descubre-ruta-dinosaurios-la-rioja\/\" target=\"_blank\">dinosaurios<\/a>.<\/p>\n<p>Y adem\u00e1s aprovecha su emplazamiento privilegiado, entre <strong><b>ricos yacimientos importantes a nivel internacional<\/b><\/strong>.<\/p>\n<p>Ya lo ves, La Rioja tiene <strong><b>museos para todos los gustos<\/b><\/strong>.\u00a0\u00bfPor cu\u00e1l te decantas?<\/p>\n","protected":false},"excerpt":{"rendered":"<p>\u00bfCu\u00e1l es el mejor museo de La Rioja? Para que no tengas que elegir te hacemos una selecci\u00f3n de aquellos museos de La Rioja que no te puedes perder. <\/p>\n","protected":false},"author":1,"featured_media":3758,"comment_status":"closed","ping_status":"closed","sticky":false,"template":"","format":"standard","meta":{"footnotes":"","_elementor_edit_mode":"","_elementor_template_type":"","_elementor_data":"","_elementor_page_settings":null,"_elementor_conditions":[]},"categories":[7],"tags":[96,53,19,37,517],"class_list":["post-3757","post","type-post","status-publish","format-standard","has-post-thumbnail","hentry","category-fundacion","tag-arte","tag-cultura","tag-cultura-de-vino","tag-la-rioja","tag-museos"],"yoast_head":"<!-- This site is optimized with the Yoast SEO plugin v26.8 - https:\/\/yoast.com\/product\/yoast-seo-wordpress\/ -->\n<title>Los 10 mejores museos de La Rioja | Vivanco<\/title>\n<meta name=\"robots\" content=\"index, follow, max-snippet:-1, max-image-preview:large, max-video-preview:-1\" \/>\n<link rel=\"canonical\" href=\"https:\/\/vivancoculturadevino.es\/blog\/2018\/11\/22\/10-mejores-museos-la-rioja\/\" \/>\n<meta property=\"og:locale\" content=\"es_ES\" \/>\n<meta property=\"og:type\" content=\"article\" \/>\n<meta property=\"og:title\" content=\"Los 10 mejores museos de La Rioja | Vivanco\" \/>\n<meta property=\"og:description\" content=\"\u00bfCu\u00e1l es el mejor museo de La Rioja? Para que no tengas que elegir te hacemos una selecci\u00f3n de aquellos museos de La Rioja que no te puedes perder.\" \/>\n<meta property=\"og:url\" content=\"https:\/\/vivancoculturadevino.es\/blog\/2018\/11\/22\/10-mejores-museos-la-rioja\/\" \/>\n<meta property=\"og:site_name\" content=\"Vivanco\" \/>\n<meta property=\"article:author\" content=\"https:\/\/www.facebook.com\/vivancoculturadevino\" \/>\n<meta property=\"article:published_time\" content=\"2018-11-22T07:00:50+00:00\" \/>\n<meta property=\"article:modified_time\" content=\"2020-03-18T09:46:01+00:00\" \/>\n<meta property=\"og:image\" content=\"https:\/\/vivancoculturadevino.es\/blog\/wp-content\/uploads\/2018\/11\/sala-museo-exposicion.jpg\" \/>\n\t<meta property=\"og:image:width\" content=\"1050\" \/>\n\t<meta property=\"og:image:height\" content=\"700\" \/>\n\t<meta property=\"og:image:type\" content=\"image\/jpeg\" \/>\n<meta name=\"author\" content=\"Vivanco\" \/>\n<meta name=\"twitter:card\" content=\"summary_large_image\" \/>\n<meta name=\"twitter:creator\" content=\"@https:\/\/twitter.com\/Vivanco_es\" \/>\n<meta name=\"twitter:label1\" content=\"Escrito por\" \/>\n\t<meta name=\"twitter:data1\" content=\"Vivanco\" \/>\n\t<meta name=\"twitter:label2\" content=\"Tiempo de lectura\" \/>\n\t<meta name=\"twitter:data2\" content=\"6 minutos\" \/>\n<script type=\"application\/ld+json\" class=\"yoast-schema-graph\">{\"@context\":\"https:\/\/schema.org\",\"@graph\":[{\"@type\":\"Article\",\"@id\":\"https:\/\/vivancoculturadevino.es\/blog\/2018\/11\/22\/10-mejores-museos-la-rioja\/#article\",\"isPartOf\":{\"@id\":\"https:\/\/vivancoculturadevino.es\/blog\/2018\/11\/22\/10-mejores-museos-la-rioja\/\"},\"author\":{\"name\":\"Vivanco\",\"@id\":\"https:\/\/vivancoculturadevino.es\/blog\/#\/schema\/person\/745931ee54ccbb839d8df0cceb02db4c\"},\"headline\":\"Los 10 mejores museos de La Rioja\",\"datePublished\":\"2018-11-22T07:00:50+00:00\",\"dateModified\":\"2020-03-18T09:46:01+00:00\",\"mainEntityOfPage\":{\"@id\":\"https:\/\/vivancoculturadevino.es\/blog\/2018\/11\/22\/10-mejores-museos-la-rioja\/\"},\"wordCount\":1132,\"publisher\":{\"@id\":\"https:\/\/vivancoculturadevino.es\/blog\/#organization\"},\"image\":{\"@id\":\"https:\/\/vivancoculturadevino.es\/blog\/2018\/11\/22\/10-mejores-museos-la-rioja\/#primaryimage\"},\"thumbnailUrl\":\"https:\/\/vivancoculturadevino.es\/blog\/wp-content\/uploads\/2018\/11\/sala-museo-exposicion.jpg\",\"keywords\":[\"arte\",\"cultura\",\"cultura de vino\",\"La Rioja\",\"museos\"],\"articleSection\":[\"Cultura\"],\"inLanguage\":\"es\"},{\"@type\":\"WebPage\",\"@id\":\"https:\/\/vivancoculturadevino.es\/blog\/2018\/11\/22\/10-mejores-museos-la-rioja\/\",\"url\":\"https:\/\/vivancoculturadevino.es\/blog\/2018\/11\/22\/10-mejores-museos-la-rioja\/\",\"name\":\"Los 10 mejores museos de La Rioja | Vivanco\",\"isPartOf\":{\"@id\":\"https:\/\/vivancoculturadevino.es\/blog\/#website\"},\"primaryImageOfPage\":{\"@id\":\"https:\/\/vivancoculturadevino.es\/blog\/2018\/11\/22\/10-mejores-museos-la-rioja\/#primaryimage\"},\"image\":{\"@id\":\"https:\/\/vivancoculturadevino.es\/blog\/2018\/11\/22\/10-mejores-museos-la-rioja\/#primaryimage\"},\"thumbnailUrl\":\"https:\/\/vivancoculturadevino.es\/blog\/wp-content\/uploads\/2018\/11\/sala-museo-exposicion.jpg\",\"datePublished\":\"2018-11-22T07:00:50+00:00\",\"dateModified\":\"2020-03-18T09:46:01+00:00\",\"breadcrumb\":{\"@id\":\"https:\/\/vivancoculturadevino.es\/blog\/2018\/11\/22\/10-mejores-museos-la-rioja\/#breadcrumb\"},\"inLanguage\":\"es\",\"potentialAction\":[{\"@type\":\"ReadAction\",\"target\":[\"https:\/\/vivancoculturadevino.es\/blog\/2018\/11\/22\/10-mejores-museos-la-rioja\/\"]}]},{\"@type\":\"ImageObject\",\"inLanguage\":\"es\",\"@id\":\"https:\/\/vivancoculturadevino.es\/blog\/2018\/11\/22\/10-mejores-museos-la-rioja\/#primaryimage\",\"url\":\"https:\/\/vivancoculturadevino.es\/blog\/wp-content\/uploads\/2018\/11\/sala-museo-exposicion.jpg\",\"contentUrl\":\"https:\/\/vivancoculturadevino.es\/blog\/wp-content\/uploads\/2018\/11\/sala-museo-exposicion.jpg\",\"width\":1050,\"height\":700,\"caption\":\"sala museo exposicion\"},{\"@type\":\"BreadcrumbList\",\"@id\":\"https:\/\/vivancoculturadevino.es\/blog\/2018\/11\/22\/10-mejores-museos-la-rioja\/#breadcrumb\",\"itemListElement\":[{\"@type\":\"ListItem\",\"position\":1,\"name\":\"Portada\",\"item\":\"https:\/\/vivancoculturadevino.es\/blog\/\"},{\"@type\":\"ListItem\",\"position\":2,\"name\":\"Los 10 mejores museos de La Rioja\"}]},{\"@type\":\"WebSite\",\"@id\":\"https:\/\/vivancoculturadevino.es\/blog\/#website\",\"url\":\"https:\/\/vivancoculturadevino.es\/blog\/\",\"name\":\"Vivanco\",\"description\":\"Una familia y una pasi\u00f3n: Compartir la cultura del vino\",\"publisher\":{\"@id\":\"https:\/\/vivancoculturadevino.es\/blog\/#organization\"},\"potentialAction\":[{\"@type\":\"SearchAction\",\"target\":{\"@type\":\"EntryPoint\",\"urlTemplate\":\"https:\/\/vivancoculturadevino.es\/blog\/?s={search_term_string}\"},\"query-input\":{\"@type\":\"PropertyValueSpecification\",\"valueRequired\":true,\"valueName\":\"search_term_string\"}}],\"inLanguage\":\"es\"},{\"@type\":\"Organization\",\"@id\":\"https:\/\/vivancoculturadevino.es\/blog\/#organization\",\"name\":\"Vivanco\",\"url\":\"https:\/\/vivancoculturadevino.es\/blog\/\",\"logo\":{\"@type\":\"ImageObject\",\"inLanguage\":\"es\",\"@id\":\"https:\/\/vivancoculturadevino.es\/blog\/#\/schema\/logo\/image\/\",\"url\":\"https:\/\/vivancoculturadevino.es\/blog\/wp-content\/uploads\/2026\/01\/Logo-blanco.svg\",\"contentUrl\":\"https:\/\/vivancoculturadevino.es\/blog\/wp-content\/uploads\/2026\/01\/Logo-blanco.svg\",\"width\":134,\"height\":43,\"caption\":\"Vivanco\"},\"image\":{\"@id\":\"https:\/\/vivancoculturadevino.es\/blog\/#\/schema\/logo\/image\/\"}},{\"@type\":\"Person\",\"@id\":\"https:\/\/vivancoculturadevino.es\/blog\/#\/schema\/person\/745931ee54ccbb839d8df0cceb02db4c\",\"name\":\"Vivanco\",\"image\":{\"@type\":\"ImageObject\",\"inLanguage\":\"es\",\"@id\":\"https:\/\/vivancoculturadevino.es\/blog\/#\/schema\/person\/image\/\",\"url\":\"https:\/\/secure.gravatar.com\/avatar\/61b66c59d132db2f7ad4dfd1cc89bbd508b4d5888ab39ddba99f2aca247b7fb3?s=96&d=mm&r=g\",\"contentUrl\":\"https:\/\/secure.gravatar.com\/avatar\/61b66c59d132db2f7ad4dfd1cc89bbd508b4d5888ab39ddba99f2aca247b7fb3?s=96&d=mm&r=g\",\"caption\":\"Vivanco\"},\"description\":\"Bodega, Fundaci\u00f3n, Experiencias. Compartiendo Cultura de Vino\",\"sameAs\":[\"http:\/\/www.vivancoculturadevino.es\",\"https:\/\/www.facebook.com\/vivancoculturadevino\",\"https:\/\/x.com\/https:\/\/twitter.com\/Vivanco_es\",\"https:\/\/www.youtube.com\/channel\/UC8a2nOiF7kAQNPPduAi2Evw\/videos\"],\"url\":\"https:\/\/vivancoculturadevino.es\/blog\/author\/administrator\/\"}]}<\/script>\n<!-- \/ Yoast SEO plugin. -->","yoast_head_json":{"title":"Los 10 mejores museos de La Rioja | Vivanco","robots":{"index":"index","follow":"follow","max-snippet":"max-snippet:-1","max-image-preview":"max-image-preview:large","max-video-preview":"max-video-preview:-1"},"canonical":"https:\/\/vivancoculturadevino.es\/blog\/2018\/11\/22\/10-mejores-museos-la-rioja\/","og_locale":"es_ES","og_type":"article","og_title":"Los 10 mejores museos de La Rioja | Vivanco","og_description":"\u00bfCu\u00e1l es el mejor museo de La Rioja? Para que no tengas que elegir te hacemos una selecci\u00f3n de aquellos museos de La Rioja que no te puedes perder.","og_url":"https:\/\/vivancoculturadevino.es\/blog\/2018\/11\/22\/10-mejores-museos-la-rioja\/","og_site_name":"Vivanco","article_author":"https:\/\/www.facebook.com\/vivancoculturadevino","article_published_time":"2018-11-22T07:00:50+00:00","article_modified_time":"2020-03-18T09:46:01+00:00","og_image":[{"width":1050,"height":700,"url":"https:\/\/vivancoculturadevino.es\/blog\/wp-content\/uploads\/2018\/11\/sala-museo-exposicion.jpg","type":"image\/jpeg"}],"author":"Vivanco","twitter_card":"summary_large_image","twitter_creator":"@https:\/\/twitter.com\/Vivanco_es","twitter_misc":{"Escrito por":"Vivanco","Tiempo de lectura":"6 minutos"},"schema":{"@context":"https:\/\/schema.org","@graph":[{"@type":"Article","@id":"https:\/\/vivancoculturadevino.es\/blog\/2018\/11\/22\/10-mejores-museos-la-rioja\/#article","isPartOf":{"@id":"https:\/\/vivancoculturadevino.es\/blog\/2018\/11\/22\/10-mejores-museos-la-rioja\/"},"author":{"name":"Vivanco","@id":"https:\/\/vivancoculturadevino.es\/blog\/#\/schema\/person\/745931ee54ccbb839d8df0cceb02db4c"},"headline":"Los 10 mejores museos de La Rioja","datePublished":"2018-11-22T07:00:50+00:00","dateModified":"2020-03-18T09:46:01+00:00","mainEntityOfPage":{"@id":"https:\/\/vivancoculturadevino.es\/blog\/2018\/11\/22\/10-mejores-museos-la-rioja\/"},"wordCount":1132,"publisher":{"@id":"https:\/\/vivancoculturadevino.es\/blog\/#organization"},"image":{"@id":"https:\/\/vivancoculturadevino.es\/blog\/2018\/11\/22\/10-mejores-museos-la-rioja\/#primaryimage"},"thumbnailUrl":"https:\/\/vivancoculturadevino.es\/blog\/wp-content\/uploads\/2018\/11\/sala-museo-exposicion.jpg","keywords":["arte","cultura","cultura de vino","La Rioja","museos"],"articleSection":["Cultura"],"inLanguage":"es"},{"@type":"WebPage","@id":"https:\/\/vivancoculturadevino.es\/blog\/2018\/11\/22\/10-mejores-museos-la-rioja\/","url":"https:\/\/vivancoculturadevino.es\/blog\/2018\/11\/22\/10-mejores-museos-la-rioja\/","name":"Los 10 mejores museos de La Rioja | Vivanco","isPartOf":{"@id":"https:\/\/vivancoculturadevino.es\/blog\/#website"},"primaryImageOfPage":{"@id":"https:\/\/vivancoculturadevino.es\/blog\/2018\/11\/22\/10-mejores-museos-la-rioja\/#primaryimage"},"image":{"@id":"https:\/\/vivancoculturadevino.es\/blog\/2018\/11\/22\/10-mejores-museos-la-rioja\/#primaryimage"},"thumbnailUrl":"https:\/\/vivancoculturadevino.es\/blog\/wp-content\/uploads\/2018\/11\/sala-museo-exposicion.jpg","datePublished":"2018-11-22T07:00:50+00:00","dateModified":"2020-03-18T09:46:01+00:00","breadcrumb":{"@id":"https:\/\/vivancoculturadevino.es\/blog\/2018\/11\/22\/10-mejores-museos-la-rioja\/#breadcrumb"},"inLanguage":"es","potentialAction":[{"@type":"ReadAction","target":["https:\/\/vivancoculturadevino.es\/blog\/2018\/11\/22\/10-mejores-museos-la-rioja\/"]}]},{"@type":"ImageObject","inLanguage":"es","@id":"https:\/\/vivancoculturadevino.es\/blog\/2018\/11\/22\/10-mejores-museos-la-rioja\/#primaryimage","url":"https:\/\/vivancoculturadevino.es\/blog\/wp-content\/uploads\/2018\/11\/sala-museo-exposicion.jpg","contentUrl":"https:\/\/vivancoculturadevino.es\/blog\/wp-content\/uploads\/2018\/11\/sala-museo-exposicion.jpg","width":1050,"height":700,"caption":"sala museo exposicion"},{"@type":"BreadcrumbList","@id":"https:\/\/vivancoculturadevino.es\/blog\/2018\/11\/22\/10-mejores-museos-la-rioja\/#breadcrumb","itemListElement":[{"@type":"ListItem","position":1,"name":"Portada","item":"https:\/\/vivancoculturadevino.es\/blog\/"},{"@type":"ListItem","position":2,"name":"Los 10 mejores museos de La Rioja"}]},{"@type":"WebSite","@id":"https:\/\/vivancoculturadevino.es\/blog\/#website","url":"https:\/\/vivancoculturadevino.es\/blog\/","name":"Vivanco","description":"Una familia y una pasi\u00f3n: Compartir la cultura del vino","publisher":{"@id":"https:\/\/vivancoculturadevino.es\/blog\/#organization"},"potentialAction":[{"@type":"SearchAction","target":{"@type":"EntryPoint","urlTemplate":"https:\/\/vivancoculturadevino.es\/blog\/?s={search_term_string}"},"query-input":{"@type":"PropertyValueSpecification","valueRequired":true,"valueName":"search_term_string"}}],"inLanguage":"es"},{"@type":"Organization","@id":"https:\/\/vivancoculturadevino.es\/blog\/#organization","name":"Vivanco","url":"https:\/\/vivancoculturadevino.es\/blog\/","logo":{"@type":"ImageObject","inLanguage":"es","@id":"https:\/\/vivancoculturadevino.es\/blog\/#\/schema\/logo\/image\/","url":"https:\/\/vivancoculturadevino.es\/blog\/wp-content\/uploads\/2026\/01\/Logo-blanco.svg","contentUrl":"https:\/\/vivancoculturadevino.es\/blog\/wp-content\/uploads\/2026\/01\/Logo-blanco.svg","width":134,"height":43,"caption":"Vivanco"},"image":{"@id":"https:\/\/vivancoculturadevino.es\/blog\/#\/schema\/logo\/image\/"}},{"@type":"Person","@id":"https:\/\/vivancoculturadevino.es\/blog\/#\/schema\/person\/745931ee54ccbb839d8df0cceb02db4c","name":"Vivanco","image":{"@type":"ImageObject","inLanguage":"es","@id":"https:\/\/vivancoculturadevino.es\/blog\/#\/schema\/person\/image\/","url":"https:\/\/secure.gravatar.com\/avatar\/61b66c59d132db2f7ad4dfd1cc89bbd508b4d5888ab39ddba99f2aca247b7fb3?s=96&d=mm&r=g","contentUrl":"https:\/\/secure.gravatar.com\/avatar\/61b66c59d132db2f7ad4dfd1cc89bbd508b4d5888ab39ddba99f2aca247b7fb3?s=96&d=mm&r=g","caption":"Vivanco"},"description":"Bodega, Fundaci\u00f3n, Experiencias. Compartiendo Cultura de Vino","sameAs":["http:\/\/www.vivancoculturadevino.es","https:\/\/www.facebook.com\/vivancoculturadevino","https:\/\/x.com\/https:\/\/twitter.com\/Vivanco_es","https:\/\/www.youtube.com\/channel\/UC8a2nOiF7kAQNPPduAi2Evw\/videos"],"url":"https:\/\/vivancoculturadevino.es\/blog\/author\/administrator\/"}]}},"_links":{"self":[{"href":"https:\/\/vivancoculturadevino.es\/blog\/wp-json\/wp\/v2\/posts\/3757","targetHints":{"allow":["GET"]}}],"collection":[{"href":"https:\/\/vivancoculturadevino.es\/blog\/wp-json\/wp\/v2\/posts"}],"about":[{"href":"https:\/\/vivancoculturadevino.es\/blog\/wp-json\/wp\/v2\/types\/post"}],"author":[{"embeddable":true,"href":"https:\/\/vivancoculturadevino.es\/blog\/wp-json\/wp\/v2\/users\/1"}],"replies":[{"embeddable":true,"href":"https:\/\/vivancoculturadevino.es\/blog\/wp-json\/wp\/v2\/comments?post=3757"}],"version-history":[{"count":4,"href":"https:\/\/vivancoculturadevino.es\/blog\/wp-json\/wp\/v2\/posts\/3757\/revisions"}],"predecessor-version":[{"id":3763,"href":"https:\/\/vivancoculturadevino.es\/blog\/wp-json\/wp\/v2\/posts\/3757\/revisions\/3763"}],"wp:featuredmedia":[{"embeddable":true,"href":"https:\/\/vivancoculturadevino.es\/blog\/wp-json\/wp\/v2\/media\/3758"}],"wp:attachment":[{"href":"https:\/\/vivancoculturadevino.es\/blog\/wp-json\/wp\/v2\/media?parent=3757"}],"wp:term":[{"taxonomy":"category","embeddable":true,"href":"https:\/\/vivancoculturadevino.es\/blog\/wp-json\/wp\/v2\/categories?post=3757"},{"taxonomy":"post_tag","embeddable":true,"href":"https:\/\/vivancoculturadevino.es\/blog\/wp-json\/wp\/v2\/tags?post=3757"}],"curies":[{"name":"wp","href":"https:\/\/api.w.org\/{rel}","templated":true}]}}