{"id":371,"date":"2014-09-18T15:57:29","date_gmt":"2014-09-18T15:57:29","guid":{"rendered":"http:\/\/vivancoculturadevino.es\/blog\/?p=371"},"modified":"2014-09-22T14:28:07","modified_gmt":"2014-09-22T14:28:07","slug":"sorolla-protagonista-nueva-temporada-expositiva-madrid","status":"publish","type":"post","link":"https:\/\/vivancoculturadevino.es\/blog\/2014\/09\/18\/sorolla-protagonista-nueva-temporada-expositiva-madrid\/","title":{"rendered":"Sorolla, gran protagonista de la nueva temporada expositiva de Madrid"},"content":{"rendered":"<p>Para los amantes de la obra de <strong>Joaqu\u00edn Sorolla<\/strong>, y de la pintura en general, el oto\u00f1o que est\u00e1 a punto de empezar va a traer una cita muy especial. <a href=\"http:\/\/www.exposicionesmapfrearte.com\/sorolla_estadosunidos\/es\/\" target=\"_blank\" rel=\"nofollow\">Sorolla y los Estados Unidos<\/a> es el t\u00edtulo de la extraordinaria exposici\u00f3n que a partir del 26 de septiembre podremos ver en las madrile\u00f1as Salas Recoletos de la Fundaci\u00f3n Mapfre.<\/p>\n<p>Comisariada por Blanca Pons-Sorolla, bisnieta del pintor, la muestra est\u00e1 organizada por la Fundaci\u00f3n Mapfre en colaboraci\u00f3n con <a href=\"http:\/\/www.meadowsmuseumdallas.org\/about_Sorolla.htm\" target=\"_blank\" rel=\"nofollow\">The Meadows Museum de Dallas<\/a> y <a href=\"http:\/\/sdmart.org\/art\/exhibit\/sorolla-and-america\" target=\"_blank\" rel=\"nofollow\">The San Diego Museum of Art<\/a>. A lo largo de nueve secciones, la exposici\u00f3n hace hincapi\u00e9 en la aventura americana de Sorolla, reuniendo por primera vez un centenar de obras presentadas originalmente por el artista en Estados Unidos. Realizadas por encargo de coleccionistas y museos norteamericanos, las piezas nunca se hab\u00edan expuesto anteriormente en Espa\u00f1a.<\/p>\n<p style=\"text-align: center;\"><a href=\"http:\/\/vivancoculturadevino.es\/blog\/wp-content\/uploads\/2014\/09\/Joaqu\u00edn-Sorolla-Mrs.-William.jpg\"><img fetchpriority=\"high\" decoding=\"async\" class=\"aligncenter size-large wp-image-369\" alt=\"Joaquin Sorolla Cuadro Mrs William\" src=\"\/\/vivancoculturadevino.es\/blog\/wp-content\/uploads\/2014\/09\/Joaqu\u00edn-Sorolla-Mrs.-William-647x1024.jpg\" width=\"647\" height=\"1024\" srcset=\"https:\/\/vivancoculturadevino.es\/blog\/wp-content\/uploads\/2014\/09\/Joaqu\u00edn-Sorolla-Mrs.-William-647x1024.jpg 647w, https:\/\/vivancoculturadevino.es\/blog\/wp-content\/uploads\/2014\/09\/Joaqu\u00edn-Sorolla-Mrs.-William-189x300.jpg 189w, https:\/\/vivancoculturadevino.es\/blog\/wp-content\/uploads\/2014\/09\/Joaqu\u00edn-Sorolla-Mrs.-William-300x474.jpg 300w, https:\/\/vivancoculturadevino.es\/blog\/wp-content\/uploads\/2014\/09\/Joaqu\u00edn-Sorolla-Mrs.-William.jpg 1152w\" sizes=\"(max-width: 647px) 100vw, 647px\" \/><\/a><\/p>\n<p>El periodo americano coincide con los a\u00f1os de la gran consagraci\u00f3n internacional de Sorolla, una \u00e9poca triunfal definida por la cr\u00edtica como fase de la <em>Culminaci\u00f3n<\/em>. Entre 1909 y 1911 el artista expuso en varias ciudades de Estados Unidos, con un \u00e9xito siempre rotundo, ventas excepcionales, cr\u00edticas positivas y una gran asistencia de p\u00fablico. S\u00f3lo en la exposici\u00f3n de Nueva York de 1909 asistieron casi 160.000 personas.<\/p>\n<p>Recientemente el Ministerio de Educaci\u00f3n, Cultura y Deporte acaba de subir a la p\u00e1gina web del Museo Sorolla casi 5.000 dibujos del pintor y otros documentos en formato digital, inventariados con detalladas fichas t\u00e9cnicas (en el <a href=\"http:\/\/ceres.mcu.es\/pages\/Main\" target=\"_blank\" rel=\"nofollow\">buscador de la web<\/a>, buscar: \u201cJoaqu\u00edn Sorolla\u201d). En las pr\u00f3ximas semanas algunos de estos dibujos tambi\u00e9n se encontrar\u00e1n expuestos f\u00edsicamente en la muestra de la Fundaci\u00f3n Mapfre.<\/p>\n<p style=\"text-align: center;\"><a href=\"http:\/\/vivancoculturadevino.es\/blog\/wp-content\/uploads\/2014\/09\/Joaqu\u00edn-Sorolla-paseo-del-faro.jpg\"><img decoding=\"async\" class=\"aligncenter size-large wp-image-366\" alt=\"Joaquin Sorolla Cuadro Paseo faro\" src=\"\/\/vivancoculturadevino.es\/blog\/wp-content\/uploads\/2014\/09\/Joaqu\u00edn-Sorolla-paseo-del-faro-1024x364.jpg\" width=\"1024\" height=\"364\" srcset=\"https:\/\/vivancoculturadevino.es\/blog\/wp-content\/uploads\/2014\/09\/Joaqu\u00edn-Sorolla-paseo-del-faro-1024x364.jpg 1024w, https:\/\/vivancoculturadevino.es\/blog\/wp-content\/uploads\/2014\/09\/Joaqu\u00edn-Sorolla-paseo-del-faro-300x106.jpg 300w, https:\/\/vivancoculturadevino.es\/blog\/wp-content\/uploads\/2014\/09\/Joaqu\u00edn-Sorolla-paseo-del-faro-620x220.jpg 620w\" sizes=\"(max-width: 1024px) 100vw, 1024px\" \/><\/a><\/p>\n<p style=\"text-align: center;\"><a href=\"http:\/\/vivancoculturadevino.es\/blog\/wp-content\/uploads\/2014\/09\/Joaqu\u00edn-Sorolla-el-bote-blanco.jpg\"><img decoding=\"async\" class=\"aligncenter size-full wp-image-368\" alt=\"Joaquin Sorolla El bote blanco\" src=\"\/\/vivancoculturadevino.es\/blog\/wp-content\/uploads\/2014\/09\/Joaqu\u00edn-Sorolla-el-bote-blanco.jpg\" width=\"2028\" height=\"1424\" srcset=\"https:\/\/vivancoculturadevino.es\/blog\/wp-content\/uploads\/2014\/09\/Joaqu\u00edn-Sorolla-el-bote-blanco.jpg 2028w, https:\/\/vivancoculturadevino.es\/blog\/wp-content\/uploads\/2014\/09\/Joaqu\u00edn-Sorolla-el-bote-blanco-300x210.jpg 300w, https:\/\/vivancoculturadevino.es\/blog\/wp-content\/uploads\/2014\/09\/Joaqu\u00edn-Sorolla-el-bote-blanco-1024x719.jpg 1024w\" sizes=\"(max-width: 2028px) 100vw, 2028px\" \/><\/a><\/p>\n<p style=\"text-align: center;\"><a href=\"http:\/\/vivancoculturadevino.es\/blog\/wp-content\/uploads\/2014\/09\/Joaqu\u00edn-Sorolla-sala-de-embajadores.jpg\"><img loading=\"lazy\" decoding=\"async\" class=\"aligncenter size-full wp-image-367\" alt=\"Joaquin Sorolla Sala Embajadores\" src=\"\/\/vivancoculturadevino.es\/blog\/wp-content\/uploads\/2014\/09\/Joaqu\u00edn-Sorolla-sala-de-embajadores.jpg\" width=\"1410\" height=\"1800\" srcset=\"https:\/\/vivancoculturadevino.es\/blog\/wp-content\/uploads\/2014\/09\/Joaqu\u00edn-Sorolla-sala-de-embajadores.jpg 1410w, https:\/\/vivancoculturadevino.es\/blog\/wp-content\/uploads\/2014\/09\/Joaqu\u00edn-Sorolla-sala-de-embajadores-235x300.jpg 235w, https:\/\/vivancoculturadevino.es\/blog\/wp-content\/uploads\/2014\/09\/Joaqu\u00edn-Sorolla-sala-de-embajadores-802x1024.jpg 802w, https:\/\/vivancoculturadevino.es\/blog\/wp-content\/uploads\/2014\/09\/Joaqu\u00edn-Sorolla-sala-de-embajadores-300x382.jpg 300w\" sizes=\"(max-width: 1410px) 100vw, 1410px\" \/><\/a><\/p>\n<p>&nbsp;<\/p>\n<h2>ENTRE DOS LUCES, EN EL MUSEO VIVANCO<\/h2>\n<p>El <strong><a href=\"http:\/\/vivancoculturadevino.es\/es\/fundacion\/museo-vivanco\/\">Museo Vivanco de la Cultura del Vino<\/a><\/strong> puede presumir de tener entre las joyas de su colecci\u00f3n art\u00edstica el cuadro <strong><em>Entre dos luces<\/em><\/strong> (\u00f3leo sobre lienzo) realizado por Sorolla en 1898. En aquel entonces el pintor ten\u00eda 35 a\u00f1os, llevaba diez casado con su esposa Clotilde y resid\u00eda en Madrid, en un estudio de la plaza del Progreso. Estaba a punto de cerrarse la as\u00ed llamada fase de <em>Consolidaci\u00f3n<\/em> (d\u00e9cada de los noventa) en la que el pintor se hab\u00eda inclinado hacia tem\u00e1ticas como el realismo social, el costumbrismo y el retrato. En estos a\u00f1os Sorolla desarroll\u00f3 su inter\u00e9s especial para las experimentaciones lum\u00ednicas, bajo el influjo de estilos art\u00edsticos como el barroco e inspir\u00e1ndose en la obra de grandes maestros de la pintura, como Diego Vel\u00e1zquez o Mariano Fortuny entre otros.<\/p>\n<p style=\"text-align: center;\"><a href=\"http:\/\/vivancoculturadevino.es\/blog\/wp-content\/uploads\/2014\/09\/Joaqu\u00edn-Sorolla-entre-dos-luces.jpg\"><img loading=\"lazy\" decoding=\"async\" class=\"aligncenter size-full wp-image-370\" alt=\"Joaquin Sorolla Pintura Entre dos luces\" src=\"\/\/vivancoculturadevino.es\/blog\/wp-content\/uploads\/2014\/09\/Joaqu\u00edn-Sorolla-entre-dos-luces.jpg\" width=\"1138\" height=\"1818\" srcset=\"https:\/\/vivancoculturadevino.es\/blog\/wp-content\/uploads\/2014\/09\/Joaqu\u00edn-Sorolla-entre-dos-luces.jpg 1138w, https:\/\/vivancoculturadevino.es\/blog\/wp-content\/uploads\/2014\/09\/Joaqu\u00edn-Sorolla-entre-dos-luces-187x300.jpg 187w, https:\/\/vivancoculturadevino.es\/blog\/wp-content\/uploads\/2014\/09\/Joaqu\u00edn-Sorolla-entre-dos-luces-300x479.jpg 300w\" sizes=\"(max-width: 1138px) 100vw, 1138px\" \/><\/a><\/p>\n<p><a href=\"http:\/\/vivancoculturadevino.es\/es\/fundacion\/santi-vivanco\/\">Santi Vivanco<\/a>, responsable de la Fundaci\u00f3n Vivanco, desde finales de los a\u00f1os noventa trabaja en el sue\u00f1o de su familia, el Museo Vivanco de la Cultura de Vino, ocup\u00e1ndose de la gesti\u00f3n de los fondos art\u00edsticos de la Colecci\u00f3n del Museo. Sobre la adquisici\u00f3n de <em><strong>Entre dos luces<\/strong><\/em>, nos cuenta una an\u00e9cdota interesante y muy significativa a prop\u00f3sito de la vocaci\u00f3n divulgativa del Museo y de la pasi\u00f3n universal por el arte y la cultura que anima la labor del coleccionista:<\/p>\n<p style=\"text-align: left;\"><em>&#8220;Antes de entrar a formar parte de la Colecci\u00f3n, la obra pertenec\u00eda a la familia de un exitoso empresario de Vizcaya. Amenazada repetidas veces por ETA, la familia decidi\u00f3 abandonar el Pa\u00eds Vasco, para ir a vivir en otra parte de Espa\u00f1a. A la hora de realizar el traslado, quiso vender la obra de Sorolla. Como es f\u00e1cil imaginar, hab\u00eda muchos coleccionistas privados interesados en comprarla. No obstante, la familia exigi\u00f3, como \u00fanica condici\u00f3n para la venta, que quien la comprara deb\u00eda tenerla expuesta al p\u00fablico. Santi Vivanco mostr\u00f3 a la familia propietaria su inter\u00e9s en adquirir la obra y le cont\u00f3 el proyecto del Museo Vivanco de la Cultura del Vino. La familia qued\u00f3 encantada por la idea de que la obra se pudiese admirar en un Museo del Vino y m\u00e1s estando ubicado en La Rioja. Por eso decidi\u00f3 vender la obra a Santi Vivanco. Todav\u00eda hoy, todos los a\u00f1os, la familia entera viene a visitar el Museo Vivanco y se queda a contemplar la obra durante un buen rato.&#8221;<\/em><\/p>\n<p style=\"text-align: left;\">&#8212;&#8212;&#8212;&#8212;&#8212;&#8212;&#8212;&#8212;&#8212;&#8212;&#8212;&#8212;&#8212;&#8212;&#8212;&#8212;&#8212;&#8212;&#8212;&#8212;&#8212;&#8212;&#8212;&#8212;&#8212;&#8212;&#8212;&#8212;&#8212;&#8212;&#8212;&#8212;&#8212;&#8212;&#8212;&#8212;&#8212;&#8212;&#8212;&#8212;&#8212;&#8212;&#8212;&#8212;&#8212;&#8212;-<\/p>\n<p><em>Obras del art\u00edculo:<\/em><\/p>\n<ol>\n<li><em>Joaqu\u00edn Sorolla, Mrs. William H. Gratwick, Emilie Victorine Piolet Mitchell Gratwick,1909, \u00d3leo sobre lienzo, 152,4 x 99 cm. Cortes\u00eda de Emilie Mitchell Gratwick Lewis\/Fundaci\u00f3n Mapfre.<\/em><\/li>\n<li><em>Jaqu\u00edn Sorolla, Paseo del faro. Biarritz, 1906, O\u0301leo sobre lienzo, 68,3 x 188,6 cm. Museum of Fine Arts, Boston. Coleccio\u0301n Peter Chardon Brooks Memorial. Donaci\u00f3n de la Sra. de Richard M. Saltonstall. Inv. 22.691. Photograph \u00a9 2014 Museum of Fine Arts, Boston. Cortes\u00eda Fundaci\u00f3n Mapfre.<\/em><\/li>\n<li><em>Joaqu\u00edn Sorolla, El bote blanco. Ja\u0301vea, 1905, \u00d3leo sobre lienzo, 105 x 150 cm. Colecci\u00f3n particular. Foto: Colecci\u00f3n particular, Estados Unidos. Cortes\u00eda: Fundaci\u00f3n Mapfre.<\/em><\/li>\n<li><em>Joaqu\u00edn Sorolla, Sala de Embajadores. Alhambra. Granada, 1909, \u00d3leo sobre lienzo, 104,1 x 81,3 cm. The J. Paul Getty Museum, Los A\u0301ngeles. Inv. 79.PA.154. Foto: Digital image courtesy of the Getty\u2019s Open Content Program. Cortes\u00eda: Fundaci\u00f3n Mapfre.<\/em><\/li>\n<li><em>Entre dos luces. \u00d3leo sobre lienzo. Joaqu\u00edn Sorolla. Madrid, Espa\u00f1a 1898. Museo Vivanco<\/em><\/li>\n<\/ol>\n<p>&nbsp;<\/p>\n","protected":false},"excerpt":{"rendered":"<p>Madrid acoge desde el 26 de septiembre la obra pict\u00f3rica de Joaqu\u00edn Sorolla en su \u00e9poca en Estados Unidos. En Vivanco puedes disfrutar de su obra Entre dos luces.<\/p>\n","protected":false},"author":4,"featured_media":368,"comment_status":"open","ping_status":"open","sticky":false,"template":"","format":"standard","meta":{"footnotes":"","_elementor_edit_mode":"","_elementor_template_type":"","_elementor_data":"","_elementor_page_settings":null,"_elementor_conditions":[]},"categories":[7],"tags":[53,68,66,69,67],"class_list":["post-371","post","type-post","status-publish","format-standard","has-post-thumbnail","hentry","category-fundacion","tag-cultura","tag-entre-dos-luces","tag-fundacion-2","tag-joaquin-sorolla","tag-museo"],"yoast_head":"<!-- This site is optimized with the Yoast SEO plugin v26.8 - https:\/\/yoast.com\/product\/yoast-seo-wordpress\/ -->\n<title>Joaqu\u00edn Sorolla, protagonista de la nueva temporada expositiva<\/title>\n<meta name=\"description\" content=\"Madrid acoge desde el 26 de septiembre la obra pict\u00f3rica de Joaqu\u00edn Sorolla en su \u00e9poca en Estados Unidos, &quot;Sorolla y los Estados Unidos&quot;.\" \/>\n<meta name=\"robots\" content=\"index, follow, max-snippet:-1, max-image-preview:large, max-video-preview:-1\" \/>\n<link rel=\"canonical\" href=\"https:\/\/vivancoculturadevino.es\/blog\/2014\/09\/18\/sorolla-protagonista-nueva-temporada-expositiva-madrid\/\" \/>\n<meta property=\"og:locale\" content=\"es_ES\" \/>\n<meta property=\"og:type\" content=\"article\" \/>\n<meta property=\"og:title\" content=\"Joaqu\u00edn Sorolla, protagonista de la nueva temporada expositiva\" \/>\n<meta property=\"og:description\" content=\"Madrid acoge desde el 26 de septiembre la obra pict\u00f3rica de Joaqu\u00edn Sorolla en su \u00e9poca en Estados Unidos, &quot;Sorolla y los Estados Unidos&quot;.\" \/>\n<meta property=\"og:url\" content=\"https:\/\/vivancoculturadevino.es\/blog\/2014\/09\/18\/sorolla-protagonista-nueva-temporada-expositiva-madrid\/\" \/>\n<meta property=\"og:site_name\" content=\"Vivanco\" \/>\n<meta property=\"article:author\" content=\"https:\/\/www.facebook.com\/nicolamarianiblog\" \/>\n<meta property=\"article:published_time\" content=\"2014-09-18T15:57:29+00:00\" \/>\n<meta property=\"article:modified_time\" content=\"2014-09-22T14:28:07+00:00\" \/>\n<meta property=\"og:image\" content=\"https:\/\/vivancoculturadevino.es\/blog\/wp-content\/uploads\/2014\/09\/Joaqu\u00edn-Sorolla-el-bote-blanco-1024x719.jpg\" \/>\n\t<meta property=\"og:image:width\" content=\"1024\" \/>\n\t<meta property=\"og:image:height\" content=\"719\" \/>\n\t<meta property=\"og:image:type\" content=\"image\/jpeg\" \/>\n<meta name=\"author\" content=\"Nicola Mariani\" \/>\n<meta name=\"twitter:card\" content=\"summary_large_image\" \/>\n<meta name=\"twitter:creator\" content=\"@https:\/\/twitter.com\/nicola_mariani\" \/>\n<meta name=\"twitter:label1\" content=\"Escrito por\" \/>\n\t<meta name=\"twitter:data1\" content=\"Nicola Mariani\" \/>\n\t<meta name=\"twitter:label2\" content=\"Tiempo de lectura\" \/>\n\t<meta name=\"twitter:data2\" content=\"4 minutos\" \/>\n<script type=\"application\/ld+json\" class=\"yoast-schema-graph\">{\"@context\":\"https:\/\/schema.org\",\"@graph\":[{\"@type\":\"Article\",\"@id\":\"https:\/\/vivancoculturadevino.es\/blog\/2014\/09\/18\/sorolla-protagonista-nueva-temporada-expositiva-madrid\/#article\",\"isPartOf\":{\"@id\":\"https:\/\/vivancoculturadevino.es\/blog\/2014\/09\/18\/sorolla-protagonista-nueva-temporada-expositiva-madrid\/\"},\"author\":{\"name\":\"Nicola Mariani\",\"@id\":\"https:\/\/vivancoculturadevino.es\/blog\/#\/schema\/person\/4d81f97c87d6f9065b3d4ce9f9d5502a\"},\"headline\":\"Sorolla, gran protagonista de la nueva temporada expositiva de Madrid\",\"datePublished\":\"2014-09-18T15:57:29+00:00\",\"dateModified\":\"2014-09-22T14:28:07+00:00\",\"mainEntityOfPage\":{\"@id\":\"https:\/\/vivancoculturadevino.es\/blog\/2014\/09\/18\/sorolla-protagonista-nueva-temporada-expositiva-madrid\/\"},\"wordCount\":891,\"commentCount\":2,\"publisher\":{\"@id\":\"https:\/\/vivancoculturadevino.es\/blog\/#organization\"},\"image\":{\"@id\":\"https:\/\/vivancoculturadevino.es\/blog\/2014\/09\/18\/sorolla-protagonista-nueva-temporada-expositiva-madrid\/#primaryimage\"},\"thumbnailUrl\":\"https:\/\/vivancoculturadevino.es\/blog\/wp-content\/uploads\/2014\/09\/Joaqu\u00edn-Sorolla-el-bote-blanco.jpg\",\"keywords\":[\"cultura\",\"entre dos luces\",\"fundaci\u00f3n\",\"joaqu\u00edn sorolla\",\"museo\"],\"articleSection\":[\"Cultura\"],\"inLanguage\":\"es\",\"potentialAction\":[{\"@type\":\"CommentAction\",\"name\":\"Comment\",\"target\":[\"https:\/\/vivancoculturadevino.es\/blog\/2014\/09\/18\/sorolla-protagonista-nueva-temporada-expositiva-madrid\/#respond\"]}]},{\"@type\":\"WebPage\",\"@id\":\"https:\/\/vivancoculturadevino.es\/blog\/2014\/09\/18\/sorolla-protagonista-nueva-temporada-expositiva-madrid\/\",\"url\":\"https:\/\/vivancoculturadevino.es\/blog\/2014\/09\/18\/sorolla-protagonista-nueva-temporada-expositiva-madrid\/\",\"name\":\"Joaqu\u00edn Sorolla, protagonista de la nueva temporada expositiva\",\"isPartOf\":{\"@id\":\"https:\/\/vivancoculturadevino.es\/blog\/#website\"},\"primaryImageOfPage\":{\"@id\":\"https:\/\/vivancoculturadevino.es\/blog\/2014\/09\/18\/sorolla-protagonista-nueva-temporada-expositiva-madrid\/#primaryimage\"},\"image\":{\"@id\":\"https:\/\/vivancoculturadevino.es\/blog\/2014\/09\/18\/sorolla-protagonista-nueva-temporada-expositiva-madrid\/#primaryimage\"},\"thumbnailUrl\":\"https:\/\/vivancoculturadevino.es\/blog\/wp-content\/uploads\/2014\/09\/Joaqu\u00edn-Sorolla-el-bote-blanco.jpg\",\"datePublished\":\"2014-09-18T15:57:29+00:00\",\"dateModified\":\"2014-09-22T14:28:07+00:00\",\"description\":\"Madrid acoge desde el 26 de septiembre la obra pict\u00f3rica de Joaqu\u00edn Sorolla en su \u00e9poca en Estados Unidos, \\\"Sorolla y los Estados Unidos\\\".\",\"breadcrumb\":{\"@id\":\"https:\/\/vivancoculturadevino.es\/blog\/2014\/09\/18\/sorolla-protagonista-nueva-temporada-expositiva-madrid\/#breadcrumb\"},\"inLanguage\":\"es\",\"potentialAction\":[{\"@type\":\"ReadAction\",\"target\":[\"https:\/\/vivancoculturadevino.es\/blog\/2014\/09\/18\/sorolla-protagonista-nueva-temporada-expositiva-madrid\/\"]}]},{\"@type\":\"ImageObject\",\"inLanguage\":\"es\",\"@id\":\"https:\/\/vivancoculturadevino.es\/blog\/2014\/09\/18\/sorolla-protagonista-nueva-temporada-expositiva-madrid\/#primaryimage\",\"url\":\"https:\/\/vivancoculturadevino.es\/blog\/wp-content\/uploads\/2014\/09\/Joaqu\u00edn-Sorolla-el-bote-blanco.jpg\",\"contentUrl\":\"https:\/\/vivancoculturadevino.es\/blog\/wp-content\/uploads\/2014\/09\/Joaqu\u00edn-Sorolla-el-bote-blanco.jpg\",\"width\":2028,\"height\":1424,\"caption\":\"joaquin-sorolla-el-bote-blanco\"},{\"@type\":\"BreadcrumbList\",\"@id\":\"https:\/\/vivancoculturadevino.es\/blog\/2014\/09\/18\/sorolla-protagonista-nueva-temporada-expositiva-madrid\/#breadcrumb\",\"itemListElement\":[{\"@type\":\"ListItem\",\"position\":1,\"name\":\"Portada\",\"item\":\"https:\/\/vivancoculturadevino.es\/blog\/\"},{\"@type\":\"ListItem\",\"position\":2,\"name\":\"Sorolla, gran protagonista de la nueva temporada expositiva de Madrid\"}]},{\"@type\":\"WebSite\",\"@id\":\"https:\/\/vivancoculturadevino.es\/blog\/#website\",\"url\":\"https:\/\/vivancoculturadevino.es\/blog\/\",\"name\":\"Vivanco\",\"description\":\"Una familia y una pasi\u00f3n: Compartir la cultura del vino\",\"publisher\":{\"@id\":\"https:\/\/vivancoculturadevino.es\/blog\/#organization\"},\"potentialAction\":[{\"@type\":\"SearchAction\",\"target\":{\"@type\":\"EntryPoint\",\"urlTemplate\":\"https:\/\/vivancoculturadevino.es\/blog\/?s={search_term_string}\"},\"query-input\":{\"@type\":\"PropertyValueSpecification\",\"valueRequired\":true,\"valueName\":\"search_term_string\"}}],\"inLanguage\":\"es\"},{\"@type\":\"Organization\",\"@id\":\"https:\/\/vivancoculturadevino.es\/blog\/#organization\",\"name\":\"Vivanco\",\"url\":\"https:\/\/vivancoculturadevino.es\/blog\/\",\"logo\":{\"@type\":\"ImageObject\",\"inLanguage\":\"es\",\"@id\":\"https:\/\/vivancoculturadevino.es\/blog\/#\/schema\/logo\/image\/\",\"url\":\"https:\/\/vivancoculturadevino.es\/blog\/wp-content\/uploads\/2026\/01\/Logo-blanco.svg\",\"contentUrl\":\"https:\/\/vivancoculturadevino.es\/blog\/wp-content\/uploads\/2026\/01\/Logo-blanco.svg\",\"width\":134,\"height\":43,\"caption\":\"Vivanco\"},\"image\":{\"@id\":\"https:\/\/vivancoculturadevino.es\/blog\/#\/schema\/logo\/image\/\"}},{\"@type\":\"Person\",\"@id\":\"https:\/\/vivancoculturadevino.es\/blog\/#\/schema\/person\/4d81f97c87d6f9065b3d4ce9f9d5502a\",\"name\":\"Nicola Mariani\",\"image\":{\"@type\":\"ImageObject\",\"inLanguage\":\"es\",\"@id\":\"https:\/\/vivancoculturadevino.es\/blog\/#\/schema\/person\/image\/\",\"url\":\"https:\/\/secure.gravatar.com\/avatar\/af09c13375a3febb9a338849c8f5235962df491f823b064d38681e4df4a10bf2?s=96&d=mm&r=g\",\"contentUrl\":\"https:\/\/secure.gravatar.com\/avatar\/af09c13375a3febb9a338849c8f5235962df491f823b064d38681e4df4a10bf2?s=96&d=mm&r=g\",\"caption\":\"Nicola Mariani\"},\"description\":\"Soci\u00f3logo, blogger y cr\u00edtico de arte independiente. Experto en Sociolog\u00eda del Consumo y contenidos digitales, especializado en cultura y mercado del arte. En 2009 funda el blog www.nicolamariani.es, dedicado a la cr\u00edtica de arte, con especial atenci\u00f3n al arte emergente y el panorama expositivo de Madrid. Escribe para varias revistas especializadas. Ha trabajado como Responsable de Contenido digital para Dur\u00e1n Arte y Subastas y Dur\u00e1n Online Gallery y ha impartido ponencias y talleres. Ha colaborado con numerosos proyectos editoriales online, como Madriz, The Art Market Agency, Artribune, Latamuda, Masdearte, Input Magazine, ARCO Bloggers, el blog de Colecciones de Arte de la Fundaci\u00f3n MAPFRE, Donde acaba Madrid (fotoblog del peri\u00f3dico El Mundo), Streaming Egos (blog del Goethe Institut), LABlog (blog de LABoral), NYR, Ensayos Absolut by PAC, Absolut Network, in-LAN.com o Enfocarte.com entre muchos otros.\",\"sameAs\":[\"http:\/\/nicolamariani.es\/\",\"https:\/\/www.facebook.com\/nicolamarianiblog\",\"https:\/\/x.com\/https:\/\/twitter.com\/nicola_mariani\"],\"url\":\"https:\/\/vivancoculturadevino.es\/blog\/author\/nicola-mariani\/\"}]}<\/script>\n<!-- \/ Yoast SEO plugin. -->","yoast_head_json":{"title":"Joaqu\u00edn Sorolla, protagonista de la nueva temporada expositiva","description":"Madrid acoge desde el 26 de septiembre la obra pict\u00f3rica de Joaqu\u00edn Sorolla en su \u00e9poca en Estados Unidos, \"Sorolla y los Estados Unidos\".","robots":{"index":"index","follow":"follow","max-snippet":"max-snippet:-1","max-image-preview":"max-image-preview:large","max-video-preview":"max-video-preview:-1"},"canonical":"https:\/\/vivancoculturadevino.es\/blog\/2014\/09\/18\/sorolla-protagonista-nueva-temporada-expositiva-madrid\/","og_locale":"es_ES","og_type":"article","og_title":"Joaqu\u00edn Sorolla, protagonista de la nueva temporada expositiva","og_description":"Madrid acoge desde el 26 de septiembre la obra pict\u00f3rica de Joaqu\u00edn Sorolla en su \u00e9poca en Estados Unidos, \"Sorolla y los Estados Unidos\".","og_url":"https:\/\/vivancoculturadevino.es\/blog\/2014\/09\/18\/sorolla-protagonista-nueva-temporada-expositiva-madrid\/","og_site_name":"Vivanco","article_author":"https:\/\/www.facebook.com\/nicolamarianiblog","article_published_time":"2014-09-18T15:57:29+00:00","article_modified_time":"2014-09-22T14:28:07+00:00","og_image":[{"width":1024,"height":719,"url":"https:\/\/vivancoculturadevino.es\/blog\/wp-content\/uploads\/2014\/09\/Joaqu\u00edn-Sorolla-el-bote-blanco-1024x719.jpg","type":"image\/jpeg"}],"author":"Nicola Mariani","twitter_card":"summary_large_image","twitter_creator":"@https:\/\/twitter.com\/nicola_mariani","twitter_misc":{"Escrito por":"Nicola Mariani","Tiempo de lectura":"4 minutos"},"schema":{"@context":"https:\/\/schema.org","@graph":[{"@type":"Article","@id":"https:\/\/vivancoculturadevino.es\/blog\/2014\/09\/18\/sorolla-protagonista-nueva-temporada-expositiva-madrid\/#article","isPartOf":{"@id":"https:\/\/vivancoculturadevino.es\/blog\/2014\/09\/18\/sorolla-protagonista-nueva-temporada-expositiva-madrid\/"},"author":{"name":"Nicola Mariani","@id":"https:\/\/vivancoculturadevino.es\/blog\/#\/schema\/person\/4d81f97c87d6f9065b3d4ce9f9d5502a"},"headline":"Sorolla, gran protagonista de la nueva temporada expositiva de Madrid","datePublished":"2014-09-18T15:57:29+00:00","dateModified":"2014-09-22T14:28:07+00:00","mainEntityOfPage":{"@id":"https:\/\/vivancoculturadevino.es\/blog\/2014\/09\/18\/sorolla-protagonista-nueva-temporada-expositiva-madrid\/"},"wordCount":891,"commentCount":2,"publisher":{"@id":"https:\/\/vivancoculturadevino.es\/blog\/#organization"},"image":{"@id":"https:\/\/vivancoculturadevino.es\/blog\/2014\/09\/18\/sorolla-protagonista-nueva-temporada-expositiva-madrid\/#primaryimage"},"thumbnailUrl":"https:\/\/vivancoculturadevino.es\/blog\/wp-content\/uploads\/2014\/09\/Joaqu\u00edn-Sorolla-el-bote-blanco.jpg","keywords":["cultura","entre dos luces","fundaci\u00f3n","joaqu\u00edn sorolla","museo"],"articleSection":["Cultura"],"inLanguage":"es","potentialAction":[{"@type":"CommentAction","name":"Comment","target":["https:\/\/vivancoculturadevino.es\/blog\/2014\/09\/18\/sorolla-protagonista-nueva-temporada-expositiva-madrid\/#respond"]}]},{"@type":"WebPage","@id":"https:\/\/vivancoculturadevino.es\/blog\/2014\/09\/18\/sorolla-protagonista-nueva-temporada-expositiva-madrid\/","url":"https:\/\/vivancoculturadevino.es\/blog\/2014\/09\/18\/sorolla-protagonista-nueva-temporada-expositiva-madrid\/","name":"Joaqu\u00edn Sorolla, protagonista de la nueva temporada expositiva","isPartOf":{"@id":"https:\/\/vivancoculturadevino.es\/blog\/#website"},"primaryImageOfPage":{"@id":"https:\/\/vivancoculturadevino.es\/blog\/2014\/09\/18\/sorolla-protagonista-nueva-temporada-expositiva-madrid\/#primaryimage"},"image":{"@id":"https:\/\/vivancoculturadevino.es\/blog\/2014\/09\/18\/sorolla-protagonista-nueva-temporada-expositiva-madrid\/#primaryimage"},"thumbnailUrl":"https:\/\/vivancoculturadevino.es\/blog\/wp-content\/uploads\/2014\/09\/Joaqu\u00edn-Sorolla-el-bote-blanco.jpg","datePublished":"2014-09-18T15:57:29+00:00","dateModified":"2014-09-22T14:28:07+00:00","description":"Madrid acoge desde el 26 de septiembre la obra pict\u00f3rica de Joaqu\u00edn Sorolla en su \u00e9poca en Estados Unidos, \"Sorolla y los Estados Unidos\".","breadcrumb":{"@id":"https:\/\/vivancoculturadevino.es\/blog\/2014\/09\/18\/sorolla-protagonista-nueva-temporada-expositiva-madrid\/#breadcrumb"},"inLanguage":"es","potentialAction":[{"@type":"ReadAction","target":["https:\/\/vivancoculturadevino.es\/blog\/2014\/09\/18\/sorolla-protagonista-nueva-temporada-expositiva-madrid\/"]}]},{"@type":"ImageObject","inLanguage":"es","@id":"https:\/\/vivancoculturadevino.es\/blog\/2014\/09\/18\/sorolla-protagonista-nueva-temporada-expositiva-madrid\/#primaryimage","url":"https:\/\/vivancoculturadevino.es\/blog\/wp-content\/uploads\/2014\/09\/Joaqu\u00edn-Sorolla-el-bote-blanco.jpg","contentUrl":"https:\/\/vivancoculturadevino.es\/blog\/wp-content\/uploads\/2014\/09\/Joaqu\u00edn-Sorolla-el-bote-blanco.jpg","width":2028,"height":1424,"caption":"joaquin-sorolla-el-bote-blanco"},{"@type":"BreadcrumbList","@id":"https:\/\/vivancoculturadevino.es\/blog\/2014\/09\/18\/sorolla-protagonista-nueva-temporada-expositiva-madrid\/#breadcrumb","itemListElement":[{"@type":"ListItem","position":1,"name":"Portada","item":"https:\/\/vivancoculturadevino.es\/blog\/"},{"@type":"ListItem","position":2,"name":"Sorolla, gran protagonista de la nueva temporada expositiva de Madrid"}]},{"@type":"WebSite","@id":"https:\/\/vivancoculturadevino.es\/blog\/#website","url":"https:\/\/vivancoculturadevino.es\/blog\/","name":"Vivanco","description":"Una familia y una pasi\u00f3n: Compartir la cultura del vino","publisher":{"@id":"https:\/\/vivancoculturadevino.es\/blog\/#organization"},"potentialAction":[{"@type":"SearchAction","target":{"@type":"EntryPoint","urlTemplate":"https:\/\/vivancoculturadevino.es\/blog\/?s={search_term_string}"},"query-input":{"@type":"PropertyValueSpecification","valueRequired":true,"valueName":"search_term_string"}}],"inLanguage":"es"},{"@type":"Organization","@id":"https:\/\/vivancoculturadevino.es\/blog\/#organization","name":"Vivanco","url":"https:\/\/vivancoculturadevino.es\/blog\/","logo":{"@type":"ImageObject","inLanguage":"es","@id":"https:\/\/vivancoculturadevino.es\/blog\/#\/schema\/logo\/image\/","url":"https:\/\/vivancoculturadevino.es\/blog\/wp-content\/uploads\/2026\/01\/Logo-blanco.svg","contentUrl":"https:\/\/vivancoculturadevino.es\/blog\/wp-content\/uploads\/2026\/01\/Logo-blanco.svg","width":134,"height":43,"caption":"Vivanco"},"image":{"@id":"https:\/\/vivancoculturadevino.es\/blog\/#\/schema\/logo\/image\/"}},{"@type":"Person","@id":"https:\/\/vivancoculturadevino.es\/blog\/#\/schema\/person\/4d81f97c87d6f9065b3d4ce9f9d5502a","name":"Nicola Mariani","image":{"@type":"ImageObject","inLanguage":"es","@id":"https:\/\/vivancoculturadevino.es\/blog\/#\/schema\/person\/image\/","url":"https:\/\/secure.gravatar.com\/avatar\/af09c13375a3febb9a338849c8f5235962df491f823b064d38681e4df4a10bf2?s=96&d=mm&r=g","contentUrl":"https:\/\/secure.gravatar.com\/avatar\/af09c13375a3febb9a338849c8f5235962df491f823b064d38681e4df4a10bf2?s=96&d=mm&r=g","caption":"Nicola Mariani"},"description":"Soci\u00f3logo, blogger y cr\u00edtico de arte independiente. Experto en Sociolog\u00eda del Consumo y contenidos digitales, especializado en cultura y mercado del arte. En 2009 funda el blog www.nicolamariani.es, dedicado a la cr\u00edtica de arte, con especial atenci\u00f3n al arte emergente y el panorama expositivo de Madrid. Escribe para varias revistas especializadas. Ha trabajado como Responsable de Contenido digital para Dur\u00e1n Arte y Subastas y Dur\u00e1n Online Gallery y ha impartido ponencias y talleres. Ha colaborado con numerosos proyectos editoriales online, como Madriz, The Art Market Agency, Artribune, Latamuda, Masdearte, Input Magazine, ARCO Bloggers, el blog de Colecciones de Arte de la Fundaci\u00f3n MAPFRE, Donde acaba Madrid (fotoblog del peri\u00f3dico El Mundo), Streaming Egos (blog del Goethe Institut), LABlog (blog de LABoral), NYR, Ensayos Absolut by PAC, Absolut Network, in-LAN.com o Enfocarte.com entre muchos otros.","sameAs":["http:\/\/nicolamariani.es\/","https:\/\/www.facebook.com\/nicolamarianiblog","https:\/\/x.com\/https:\/\/twitter.com\/nicola_mariani"],"url":"https:\/\/vivancoculturadevino.es\/blog\/author\/nicola-mariani\/"}]}},"_links":{"self":[{"href":"https:\/\/vivancoculturadevino.es\/blog\/wp-json\/wp\/v2\/posts\/371","targetHints":{"allow":["GET"]}}],"collection":[{"href":"https:\/\/vivancoculturadevino.es\/blog\/wp-json\/wp\/v2\/posts"}],"about":[{"href":"https:\/\/vivancoculturadevino.es\/blog\/wp-json\/wp\/v2\/types\/post"}],"author":[{"embeddable":true,"href":"https:\/\/vivancoculturadevino.es\/blog\/wp-json\/wp\/v2\/users\/4"}],"replies":[{"embeddable":true,"href":"https:\/\/vivancoculturadevino.es\/blog\/wp-json\/wp\/v2\/comments?post=371"}],"version-history":[{"count":31,"href":"https:\/\/vivancoculturadevino.es\/blog\/wp-json\/wp\/v2\/posts\/371\/revisions"}],"predecessor-version":[{"id":403,"href":"https:\/\/vivancoculturadevino.es\/blog\/wp-json\/wp\/v2\/posts\/371\/revisions\/403"}],"wp:featuredmedia":[{"embeddable":true,"href":"https:\/\/vivancoculturadevino.es\/blog\/wp-json\/wp\/v2\/media\/368"}],"wp:attachment":[{"href":"https:\/\/vivancoculturadevino.es\/blog\/wp-json\/wp\/v2\/media?parent=371"}],"wp:term":[{"taxonomy":"category","embeddable":true,"href":"https:\/\/vivancoculturadevino.es\/blog\/wp-json\/wp\/v2\/categories?post=371"},{"taxonomy":"post_tag","embeddable":true,"href":"https:\/\/vivancoculturadevino.es\/blog\/wp-json\/wp\/v2\/tags?post=371"}],"curies":[{"name":"wp","href":"https:\/\/api.w.org\/{rel}","templated":true}]}}