{"id":3639,"date":"2018-09-06T08:33:14","date_gmt":"2018-09-06T07:33:14","guid":{"rendered":"https:\/\/vivancoculturadevino.es\/blog\/?p=3639"},"modified":"2018-11-05T13:51:58","modified_gmt":"2018-11-05T12:51:58","slug":"vendimia-vivanco-la-rioja-2018","status":"publish","type":"post","link":"https:\/\/vivancoculturadevino.es\/blog\/2018\/09\/06\/vendimia-vivanco-la-rioja-2018\/","title":{"rendered":"As\u00ed es la vendimia en Vivanco [La Rioja] este 2018. \u00bfTe lo piensas perder?"},"content":{"rendered":"<p><strong><b>Visitar La Rioja, tierra de vino por excelencia, siempre es un placer<\/b><\/strong>. Pero hacerlo durante los meses de octubre y noviembre se convierte en algo m\u00e1gico. Durante estos meses celebramos la vendimia, una \u00e9poca del a\u00f1o en la que recogemos los frutos de la vid, con los que posteriormente elaboraremos nuestros vinos. Son d\u00edas de duro trabajo que dan sentido a nuestra actividad durante el resto del a\u00f1o.<\/p>\n<p><strong><b>Hasta los campos parecen vestirse de gala por estas fechas: los tonos del paisaje riojano reflejan la intensidad y personalidad de una tierra<\/b><\/strong>\u00a0que quedar\u00e1n guardadas en barrica tras la obtenci\u00f3n del mosto. Es sin duda el mejor momento para acercarse a La Rioja y conocer de primera mano la vendimia, los procesos de elaboraci\u00f3n del vino y toda la cultura que rodea a este alimento. <strong><b>Un aut\u00e9ntico ritual que todo amante del vino deber\u00eda experimentar al menos una vez en la vida<\/b><\/strong>.<\/p>\n<p>En Vivanco ya nos estamos preparando para estas fechas. Por ello,<strong><b>\u00a0<\/b><\/strong><strong><b>te animamos<\/b><\/strong><strong><b>\u00a0a venir a conocernos y a vivir con nosotros <a href=\"https:\/\/vivancoculturadevino.es\/especial\/vendimia\/\" target=\"_blank\">la vendimia de 2018<\/a>.\u00a0<\/b><\/strong><\/p>\n<p>Este a\u00f1o hemos preparado una serie de actividades que no te puedes perder. \u00bfCon cu\u00e1l te quedas?<\/p>\n<h2>La bodega en vendimias<\/h2>\n<p>Si quieres\u00a0conocer el proceso de elaboraci\u00f3n de nuestros vinos, desde la recogida de la uva en el vi\u00f1edo hasta la elaboraci\u00f3n en la zona de producci\u00f3n de la bodega, esta es la mejor\u00a0oportunidad. <strong><b>Comenzaremos la <\/b><\/strong><strong><b>visita<\/b><\/strong><strong><b>\u00a0en nuestros vi\u00f1edos, con la majestuosa Sierra de Cantabria al fondo<\/b><\/strong>. Aqu\u00ed conoceremos los diferentes tipos de uva que utilizamos para elaborar nuestros vinos, as\u00ed como las t\u00e9cnicas de vendimia que empleamos. Pasaremos despu\u00e9s a la bodega, en donde aprenderemos sobre los diferentes procesos a los que se someten las uvas hasta la obtenci\u00f3n del mosto. Y tendremos tambi\u00e9n la oportunidad de <strong><b>degustar alguno de los vinos Vivanco<\/b><\/strong>, el producto obtenido tras la elaboraci\u00f3n y la crianza del vino.<\/p>\n<p>Como complemento perfecto a la Bodega, se puede <strong><b>incluir tambi\u00e9n<\/b><\/strong><strong><b>\u00a0<\/b><\/strong><strong><b>la visita al Museo Vivanco de la Cultura del Vino, el mejor Museo de Vino del mundo seg\u00fan la OMT \u2013 UNESCO<\/b><\/strong>. Una inmejorable forma de admirar la profundidad de la relaci\u00f3n entre los seres humanos y el vino, conociendo la impronta que este ha dejado en nuestra cultura a trav\u00e9s de diferentes piezas art\u00edsticas y arqueol\u00f3gicas. En las 5 salas del museo podremos contemplar la forma de ver el vino de artistas de talla mundial como Picasso, Sorolla, Juan Gris, Chillida, Barcel\u00f3 o Genov\u00e9s.<\/p>\n<p>No olvides descargar la App gratuita <strong><em><b><i>Experiencias Vivanco<\/i><\/b><\/em><\/strong>\u00a0en <strong><b><a href=\"https:\/\/play.google.com\/store\/apps\/details?id=com.ionicframework.vivanco_premium&amp;hl=es\" target=\"_blank\">Google Play<\/a>\u00a0<\/b><\/strong>o <strong><b><a href=\"https:\/\/itunes.apple.com\/es\/app\/experiencias-vivanco\/id1154515078?mt=8\" target=\"_blank\">App Store<\/a>\u00a0para exprimir al m\u00e1ximo tu visita.<\/b><\/strong><\/p>\n<p><b><\/b>\u00a0<a href=\"https:\/\/vivancoculturadevino.es\/blog\/wp-content\/uploads\/2018\/09\/bodega-en-vendimias-2.jpg\"><img fetchpriority=\"high\" decoding=\"async\" class=\"aligncenter wp-image-3641 size-large\" src=\"https:\/\/vivancoculturadevino.es\/blog\/wp-content\/uploads\/2018\/09\/bodega-en-vendimias-2-1024x683.jpg\" alt=\"bodega en vendimias (2)\" width=\"1024\" height=\"683\" srcset=\"https:\/\/vivancoculturadevino.es\/blog\/wp-content\/uploads\/2018\/09\/bodega-en-vendimias-2-1024x683.jpg 1024w, https:\/\/vivancoculturadevino.es\/blog\/wp-content\/uploads\/2018\/09\/bodega-en-vendimias-2-300x200.jpg 300w\" sizes=\"(max-width: 1024px) 100vw, 1024px\" \/><\/a><\/p>\n<h2>Curso de cata del mosto al vino<\/h2>\n<p>El mosto, el zumo obtenido de la uva, es el producto fundamental con el que se elabora el vino. Las caracter\u00edsticas propias de cada tipo de uva se ven reflejadas en su mosto y tras un proceso de elaboraci\u00f3n adecuado, podemos potenciar y plasmar algunas de estas caracter\u00edsticas en los vinos. <strong><b>Con el <\/b><\/strong><strong><em><b><i>Curso de cata del mosto al vino<\/i><\/b><\/em><\/strong><strong><b>\u00a0aprenderemos a reconocer las diferentes variedades de uva y sus grados de maduraci\u00f3n en el Jard\u00edn de Baco<\/b><\/strong>, en el que encontraremos m\u00e1s de 220 variedades distintas de todo el mundo. Desde aqu\u00ed, pasaremos a la bodega para conocer los primeros pasos del proceso de elaboraci\u00f3n del vino en plena \u00e9poca de vendimia. Y completaremos nuestra visita con un curso de cata de mostos y vinos, en el que aprenderemos a diferenciar los matices de cada mosto y c\u00f3mo estos se expresan en el producto final.<\/p>\n<p><a href=\"https:\/\/vivancoculturadevino.es\/blog\/wp-content\/uploads\/2016\/05\/cata-fase-olfativa.jpg\"><img decoding=\"async\" class=\"aligncenter size-large wp-image-2184\" src=\"https:\/\/vivancoculturadevino.es\/blog\/wp-content\/uploads\/2016\/05\/cata-fase-olfativa-1024x682.jpg\" alt=\"cata-fase-olfativa\" width=\"1024\" height=\"682\" srcset=\"https:\/\/vivancoculturadevino.es\/blog\/wp-content\/uploads\/2016\/05\/cata-fase-olfativa-1024x682.jpg 1024w, https:\/\/vivancoculturadevino.es\/blog\/wp-content\/uploads\/2016\/05\/cata-fase-olfativa-300x200.jpg 300w, https:\/\/vivancoculturadevino.es\/blog\/wp-content\/uploads\/2016\/05\/cata-fase-olfativa.jpg 2000w\" sizes=\"(max-width: 1024px) 100vw, 1024px\" \/><\/a><\/p>\n<h2>La fiesta de la vendimia<\/h2>\n<p>Sin duda, la experiencia ideal para empaparse a fondo y de primera mano de todo lo que supone la vendimia. Conoceremos en profundidad las t\u00e9cnicas empleadas durante el cosechado de la uva, as\u00ed como el proceso de pisado, <strong><b>practicar nuestra propia vendimia, extrayendo el primer mosto de manera artesanal, a trav\u00e9s del tradicional pisado<\/b><\/strong>\u00a0y <strong><b>almorzaremos a pie de vi\u00f1edo<\/b><\/strong>, degustando algunos de nuestros vinos. De la vi\u00f1a pasaremos a la bodega, para conocer los actuales procedimientos de extracci\u00f3n del mosto y de elaboraci\u00f3n del vino. Y terminaremos la experiencia con la visita al Museo Vivanco de la Cultura del Vino y con un concurso sorpresa.<\/p>\n<p><a href=\"https:\/\/vivancoculturadevino.es\/blog\/wp-content\/uploads\/2018\/09\/fiesta3-1.jpg\"><img decoding=\"async\" class=\"aligncenter size-large wp-image-3647\" src=\"https:\/\/vivancoculturadevino.es\/blog\/wp-content\/uploads\/2018\/09\/fiesta3-1-1024x683.jpg\" alt=\"fiesta3 (1)\" width=\"1024\" height=\"683\" srcset=\"https:\/\/vivancoculturadevino.es\/blog\/wp-content\/uploads\/2018\/09\/fiesta3-1-1024x683.jpg 1024w, https:\/\/vivancoculturadevino.es\/blog\/wp-content\/uploads\/2018\/09\/fiesta3-1-300x200.jpg 300w\" sizes=\"(max-width: 1024px) 100vw, 1024px\" \/><\/a><\/p>\n<h2>Exposici\u00f3n temporal \u201cPicasso Dionis\u00edaco\u201d<\/h2>\n<p>La vendimia nos trae la nueva cosecha al mismo tiempo que en una nueva exposici\u00f3n, esta vez muy especial, con Picasso y la cultura del vino como protagonistas.<\/p>\n<p>La mitolog\u00eda cl\u00e1sica tiene una especial relevancia en la obra de Picasso. Lenguaje monumental, temas eternos. Caracterizado por su delirio m\u00edstico, alimenta el mundo de las musas y la inspiraci\u00f3n. Con su temperamento exuberante, ejerce con la misma intensidad la bondad que la perversi\u00f3n. Representa fielmente el pulso vital entre la pasi\u00f3n y la raz\u00f3n, con un desenlace siempre incierto. Abomina de las leyes y las costumbres establecidas. \u00bfD\u00f3nde esta\u0301 el dios y d\u00f3nde se descubre al artista?<\/p>\n<p>Las claves se encuentran en las 22 obras pertenecientes a las colecciones del Museo, que se exhibir\u00e1n por primera vez de forma conjunta en la sala de exposiciones temporales. Un aliciente m\u00e1s para acercarse a Vivanco.<\/p>\n<h2>Gymkana familiar \u201cEl genio de la botella\u201d<\/h2>\n<p>La vendimia tambi\u00e9n es una \u00e9poca para disfrutar de La Rioja en familia. Por eso en Vivanco hemos pensado en los m\u00e1s peque\u00f1os de la casa y, con ellos en mente, <strong><b>dentro de <\/b><\/strong><strong><em><b><i>Vivanco Kids<\/i><\/b><\/em><\/strong><strong><b>\u00a0hemos preparado la gymkana familiar <\/b><\/strong><strong><em><b><i>El genio de la botella<\/i><\/b><\/em><\/strong><em><i>. <\/i><\/em>Una forma de aproximarse a la Cultura del Vino desde el juego, en la que tienen gran importancia la experimentaci\u00f3n a trav\u00e9s de nuestros sentidos y que despertar\u00e1 nuestra curiosidad en el arte y la historia.<\/p>\n<p><a href=\"https:\/\/vivancoculturadevino.es\/blog\/wp-content\/uploads\/2018\/09\/kids.jpg\"><img loading=\"lazy\" decoding=\"async\" class=\"aligncenter wp-image-3642\" src=\"https:\/\/vivancoculturadevino.es\/blog\/wp-content\/uploads\/2018\/09\/kids-1024x807.jpg\" alt=\"vivanco kids vendimia\" width=\"1000\" height=\"788\" srcset=\"https:\/\/vivancoculturadevino.es\/blog\/wp-content\/uploads\/2018\/09\/kids-1024x807.jpg 1024w, https:\/\/vivancoculturadevino.es\/blog\/wp-content\/uploads\/2018\/09\/kids-300x236.jpg 300w, https:\/\/vivancoculturadevino.es\/blog\/wp-content\/uploads\/2018\/09\/kids.jpg 1989w\" sizes=\"(max-width: 1000px) 100vw, 1000px\" \/><\/a><\/p>\n<p>Si tienes\u00a0pensado acercarte\u00a0a La Rioja entre el 1 de octubre y el 4 de noviembre no puedes dejar pasar esta oportunidad de conocer c\u00f3mo ser\u00e1 la vendimia en Vivanco este 2018. <a href=\"https:\/\/vivancoculturadevino.es\/especial\/vendimia\/\" target=\"_blank\">Visita nuestra <strong><b>web<\/b><\/strong><\/a>\u00a0para disfrutar de descuentos exclusivos al reservar nuestros packs combinados de visita durante la pr\u00f3xima vendimia. \u00a1Te esperamos!<\/p>\n<p>&nbsp;<\/p>\n","protected":false},"excerpt":{"rendered":"<p>Descubre todas las actividades que puedes realizar durante la vendimia en Vivanco este 2018. Si vas a visitar La Rioja pr\u00f3ximamente, esto te interesa.<\/p>\n","protected":false},"author":1,"featured_media":3645,"comment_status":"closed","ping_status":"closed","sticky":false,"template":"","format":"standard","meta":{"footnotes":"","_elementor_edit_mode":"","_elementor_template_type":"","_elementor_data":"","_elementor_page_settings":null,"_elementor_conditions":[]},"categories":[2],"tags":[179,508,73,5],"class_list":["post-3639","post","type-post","status-publish","format-standard","has-post-thumbnail","hentry","category-vivanco","tag-bodega-vivanco","tag-octubre","tag-vendimia","tag-vivanco-2"],"yoast_head":"<!-- This site is optimized with the Yoast SEO plugin v26.8 - https:\/\/yoast.com\/product\/yoast-seo-wordpress\/ -->\n<title>As\u00ed es la vendimia en Vivanco [La Rioja] este 2018. \u00bfTe lo piensas perder? | Vivanco<\/title>\n<meta name=\"description\" content=\"Descubre todas las actividades que puedes realizar durante la vendimia en Vivanco este 2018. Si vas a visitar La Rioja pr\u00f3ximamente, esto te interesa.\" \/>\n<meta name=\"robots\" content=\"index, follow, max-snippet:-1, max-image-preview:large, max-video-preview:-1\" \/>\n<link rel=\"canonical\" href=\"https:\/\/vivancoculturadevino.es\/blog\/2018\/09\/06\/vendimia-vivanco-la-rioja-2018\/\" \/>\n<meta property=\"og:locale\" content=\"es_ES\" \/>\n<meta property=\"og:type\" content=\"article\" \/>\n<meta property=\"og:title\" content=\"As\u00ed es la vendimia en Vivanco [La Rioja] este 2018. \u00bfTe lo piensas perder? | Vivanco\" \/>\n<meta property=\"og:description\" content=\"Descubre todas las actividades que puedes realizar durante la vendimia en Vivanco este 2018. Si vas a visitar La Rioja pr\u00f3ximamente, esto te interesa.\" \/>\n<meta property=\"og:url\" content=\"https:\/\/vivancoculturadevino.es\/blog\/2018\/09\/06\/vendimia-vivanco-la-rioja-2018\/\" \/>\n<meta property=\"og:site_name\" content=\"Vivanco\" \/>\n<meta property=\"article:author\" content=\"https:\/\/www.facebook.com\/vivancoculturadevino\" \/>\n<meta property=\"article:published_time\" content=\"2018-09-06T07:33:14+00:00\" \/>\n<meta property=\"article:modified_time\" content=\"2018-11-05T12:51:58+00:00\" \/>\n<meta property=\"og:image\" content=\"https:\/\/vivancoculturadevino.es\/blog\/wp-content\/uploads\/2018\/09\/IMG6145_3.jpg\" \/>\n\t<meta property=\"og:image:width\" content=\"850\" \/>\n\t<meta property=\"og:image:height\" content=\"473\" \/>\n\t<meta property=\"og:image:type\" content=\"image\/jpeg\" \/>\n<meta name=\"author\" content=\"Vivanco\" \/>\n<meta name=\"twitter:card\" content=\"summary_large_image\" \/>\n<meta name=\"twitter:image\" content=\"https:\/\/vivancoculturadevino.es\/blog\/wp-content\/uploads\/2018\/09\/IMG6145_3.jpg\" \/>\n<meta name=\"twitter:creator\" content=\"@https:\/\/twitter.com\/Vivanco_es\" \/>\n<meta name=\"twitter:label1\" content=\"Escrito por\" \/>\n\t<meta name=\"twitter:data1\" content=\"Vivanco\" \/>\n\t<meta name=\"twitter:label2\" content=\"Tiempo de lectura\" \/>\n\t<meta name=\"twitter:data2\" content=\"5 minutos\" \/>\n<script type=\"application\/ld+json\" class=\"yoast-schema-graph\">{\"@context\":\"https:\/\/schema.org\",\"@graph\":[{\"@type\":\"Article\",\"@id\":\"https:\/\/vivancoculturadevino.es\/blog\/2018\/09\/06\/vendimia-vivanco-la-rioja-2018\/#article\",\"isPartOf\":{\"@id\":\"https:\/\/vivancoculturadevino.es\/blog\/2018\/09\/06\/vendimia-vivanco-la-rioja-2018\/\"},\"author\":{\"name\":\"Vivanco\",\"@id\":\"https:\/\/vivancoculturadevino.es\/blog\/#\/schema\/person\/745931ee54ccbb839d8df0cceb02db4c\"},\"headline\":\"As\u00ed es la vendimia en Vivanco [La Rioja] este 2018. \u00bfTe lo piensas perder?\",\"datePublished\":\"2018-09-06T07:33:14+00:00\",\"dateModified\":\"2018-11-05T12:51:58+00:00\",\"mainEntityOfPage\":{\"@id\":\"https:\/\/vivancoculturadevino.es\/blog\/2018\/09\/06\/vendimia-vivanco-la-rioja-2018\/\"},\"wordCount\":1052,\"publisher\":{\"@id\":\"https:\/\/vivancoculturadevino.es\/blog\/#organization\"},\"image\":{\"@id\":\"https:\/\/vivancoculturadevino.es\/blog\/2018\/09\/06\/vendimia-vivanco-la-rioja-2018\/#primaryimage\"},\"thumbnailUrl\":\"https:\/\/vivancoculturadevino.es\/blog\/wp-content\/uploads\/2018\/09\/IMG6145_3.jpg\",\"keywords\":[\"bodega vivanco\",\"octubre\",\"vendimia\",\"vivanco\"],\"articleSection\":[\"Vivanco\"],\"inLanguage\":\"es\"},{\"@type\":\"WebPage\",\"@id\":\"https:\/\/vivancoculturadevino.es\/blog\/2018\/09\/06\/vendimia-vivanco-la-rioja-2018\/\",\"url\":\"https:\/\/vivancoculturadevino.es\/blog\/2018\/09\/06\/vendimia-vivanco-la-rioja-2018\/\",\"name\":\"As\u00ed es la vendimia en Vivanco [La Rioja] este 2018. \u00bfTe lo piensas perder? | Vivanco\",\"isPartOf\":{\"@id\":\"https:\/\/vivancoculturadevino.es\/blog\/#website\"},\"primaryImageOfPage\":{\"@id\":\"https:\/\/vivancoculturadevino.es\/blog\/2018\/09\/06\/vendimia-vivanco-la-rioja-2018\/#primaryimage\"},\"image\":{\"@id\":\"https:\/\/vivancoculturadevino.es\/blog\/2018\/09\/06\/vendimia-vivanco-la-rioja-2018\/#primaryimage\"},\"thumbnailUrl\":\"https:\/\/vivancoculturadevino.es\/blog\/wp-content\/uploads\/2018\/09\/IMG6145_3.jpg\",\"datePublished\":\"2018-09-06T07:33:14+00:00\",\"dateModified\":\"2018-11-05T12:51:58+00:00\",\"description\":\"Descubre todas las actividades que puedes realizar durante la vendimia en Vivanco este 2018. Si vas a visitar La Rioja pr\u00f3ximamente, esto te interesa.\",\"breadcrumb\":{\"@id\":\"https:\/\/vivancoculturadevino.es\/blog\/2018\/09\/06\/vendimia-vivanco-la-rioja-2018\/#breadcrumb\"},\"inLanguage\":\"es\",\"potentialAction\":[{\"@type\":\"ReadAction\",\"target\":[\"https:\/\/vivancoculturadevino.es\/blog\/2018\/09\/06\/vendimia-vivanco-la-rioja-2018\/\"]}]},{\"@type\":\"ImageObject\",\"inLanguage\":\"es\",\"@id\":\"https:\/\/vivancoculturadevino.es\/blog\/2018\/09\/06\/vendimia-vivanco-la-rioja-2018\/#primaryimage\",\"url\":\"https:\/\/vivancoculturadevino.es\/blog\/wp-content\/uploads\/2018\/09\/IMG6145_3.jpg\",\"contentUrl\":\"https:\/\/vivancoculturadevino.es\/blog\/wp-content\/uploads\/2018\/09\/IMG6145_3.jpg\",\"width\":850,\"height\":473},{\"@type\":\"BreadcrumbList\",\"@id\":\"https:\/\/vivancoculturadevino.es\/blog\/2018\/09\/06\/vendimia-vivanco-la-rioja-2018\/#breadcrumb\",\"itemListElement\":[{\"@type\":\"ListItem\",\"position\":1,\"name\":\"Portada\",\"item\":\"https:\/\/vivancoculturadevino.es\/blog\/\"},{\"@type\":\"ListItem\",\"position\":2,\"name\":\"As\u00ed es la vendimia en Vivanco [La Rioja] este 2018. \u00bfTe lo piensas perder?\"}]},{\"@type\":\"WebSite\",\"@id\":\"https:\/\/vivancoculturadevino.es\/blog\/#website\",\"url\":\"https:\/\/vivancoculturadevino.es\/blog\/\",\"name\":\"Vivanco\",\"description\":\"Una familia y una pasi\u00f3n: Compartir la cultura del vino\",\"publisher\":{\"@id\":\"https:\/\/vivancoculturadevino.es\/blog\/#organization\"},\"potentialAction\":[{\"@type\":\"SearchAction\",\"target\":{\"@type\":\"EntryPoint\",\"urlTemplate\":\"https:\/\/vivancoculturadevino.es\/blog\/?s={search_term_string}\"},\"query-input\":{\"@type\":\"PropertyValueSpecification\",\"valueRequired\":true,\"valueName\":\"search_term_string\"}}],\"inLanguage\":\"es\"},{\"@type\":\"Organization\",\"@id\":\"https:\/\/vivancoculturadevino.es\/blog\/#organization\",\"name\":\"Vivanco\",\"url\":\"https:\/\/vivancoculturadevino.es\/blog\/\",\"logo\":{\"@type\":\"ImageObject\",\"inLanguage\":\"es\",\"@id\":\"https:\/\/vivancoculturadevino.es\/blog\/#\/schema\/logo\/image\/\",\"url\":\"https:\/\/vivancoculturadevino.es\/blog\/wp-content\/uploads\/2026\/01\/Logo-blanco.svg\",\"contentUrl\":\"https:\/\/vivancoculturadevino.es\/blog\/wp-content\/uploads\/2026\/01\/Logo-blanco.svg\",\"width\":134,\"height\":43,\"caption\":\"Vivanco\"},\"image\":{\"@id\":\"https:\/\/vivancoculturadevino.es\/blog\/#\/schema\/logo\/image\/\"}},{\"@type\":\"Person\",\"@id\":\"https:\/\/vivancoculturadevino.es\/blog\/#\/schema\/person\/745931ee54ccbb839d8df0cceb02db4c\",\"name\":\"Vivanco\",\"image\":{\"@type\":\"ImageObject\",\"inLanguage\":\"es\",\"@id\":\"https:\/\/vivancoculturadevino.es\/blog\/#\/schema\/person\/image\/\",\"url\":\"https:\/\/secure.gravatar.com\/avatar\/61b66c59d132db2f7ad4dfd1cc89bbd508b4d5888ab39ddba99f2aca247b7fb3?s=96&d=mm&r=g\",\"contentUrl\":\"https:\/\/secure.gravatar.com\/avatar\/61b66c59d132db2f7ad4dfd1cc89bbd508b4d5888ab39ddba99f2aca247b7fb3?s=96&d=mm&r=g\",\"caption\":\"Vivanco\"},\"description\":\"Bodega, Fundaci\u00f3n, Experiencias. Compartiendo Cultura de Vino\",\"sameAs\":[\"http:\/\/www.vivancoculturadevino.es\",\"https:\/\/www.facebook.com\/vivancoculturadevino\",\"https:\/\/x.com\/https:\/\/twitter.com\/Vivanco_es\",\"https:\/\/www.youtube.com\/channel\/UC8a2nOiF7kAQNPPduAi2Evw\/videos\"],\"url\":\"https:\/\/vivancoculturadevino.es\/blog\/author\/administrator\/\"}]}<\/script>\n<!-- \/ Yoast SEO plugin. -->","yoast_head_json":{"title":"As\u00ed es la vendimia en Vivanco [La Rioja] este 2018. \u00bfTe lo piensas perder? | Vivanco","description":"Descubre todas las actividades que puedes realizar durante la vendimia en Vivanco este 2018. Si vas a visitar La Rioja pr\u00f3ximamente, esto te interesa.","robots":{"index":"index","follow":"follow","max-snippet":"max-snippet:-1","max-image-preview":"max-image-preview:large","max-video-preview":"max-video-preview:-1"},"canonical":"https:\/\/vivancoculturadevino.es\/blog\/2018\/09\/06\/vendimia-vivanco-la-rioja-2018\/","og_locale":"es_ES","og_type":"article","og_title":"As\u00ed es la vendimia en Vivanco [La Rioja] este 2018. \u00bfTe lo piensas perder? | Vivanco","og_description":"Descubre todas las actividades que puedes realizar durante la vendimia en Vivanco este 2018. Si vas a visitar La Rioja pr\u00f3ximamente, esto te interesa.","og_url":"https:\/\/vivancoculturadevino.es\/blog\/2018\/09\/06\/vendimia-vivanco-la-rioja-2018\/","og_site_name":"Vivanco","article_author":"https:\/\/www.facebook.com\/vivancoculturadevino","article_published_time":"2018-09-06T07:33:14+00:00","article_modified_time":"2018-11-05T12:51:58+00:00","og_image":[{"width":850,"height":473,"url":"https:\/\/vivancoculturadevino.es\/blog\/wp-content\/uploads\/2018\/09\/IMG6145_3.jpg","type":"image\/jpeg"}],"author":"Vivanco","twitter_card":"summary_large_image","twitter_image":"https:\/\/vivancoculturadevino.es\/blog\/wp-content\/uploads\/2018\/09\/IMG6145_3.jpg","twitter_creator":"@https:\/\/twitter.com\/Vivanco_es","twitter_misc":{"Escrito por":"Vivanco","Tiempo de lectura":"5 minutos"},"schema":{"@context":"https:\/\/schema.org","@graph":[{"@type":"Article","@id":"https:\/\/vivancoculturadevino.es\/blog\/2018\/09\/06\/vendimia-vivanco-la-rioja-2018\/#article","isPartOf":{"@id":"https:\/\/vivancoculturadevino.es\/blog\/2018\/09\/06\/vendimia-vivanco-la-rioja-2018\/"},"author":{"name":"Vivanco","@id":"https:\/\/vivancoculturadevino.es\/blog\/#\/schema\/person\/745931ee54ccbb839d8df0cceb02db4c"},"headline":"As\u00ed es la vendimia en Vivanco [La Rioja] este 2018. \u00bfTe lo piensas perder?","datePublished":"2018-09-06T07:33:14+00:00","dateModified":"2018-11-05T12:51:58+00:00","mainEntityOfPage":{"@id":"https:\/\/vivancoculturadevino.es\/blog\/2018\/09\/06\/vendimia-vivanco-la-rioja-2018\/"},"wordCount":1052,"publisher":{"@id":"https:\/\/vivancoculturadevino.es\/blog\/#organization"},"image":{"@id":"https:\/\/vivancoculturadevino.es\/blog\/2018\/09\/06\/vendimia-vivanco-la-rioja-2018\/#primaryimage"},"thumbnailUrl":"https:\/\/vivancoculturadevino.es\/blog\/wp-content\/uploads\/2018\/09\/IMG6145_3.jpg","keywords":["bodega vivanco","octubre","vendimia","vivanco"],"articleSection":["Vivanco"],"inLanguage":"es"},{"@type":"WebPage","@id":"https:\/\/vivancoculturadevino.es\/blog\/2018\/09\/06\/vendimia-vivanco-la-rioja-2018\/","url":"https:\/\/vivancoculturadevino.es\/blog\/2018\/09\/06\/vendimia-vivanco-la-rioja-2018\/","name":"As\u00ed es la vendimia en Vivanco [La Rioja] este 2018. \u00bfTe lo piensas perder? | Vivanco","isPartOf":{"@id":"https:\/\/vivancoculturadevino.es\/blog\/#website"},"primaryImageOfPage":{"@id":"https:\/\/vivancoculturadevino.es\/blog\/2018\/09\/06\/vendimia-vivanco-la-rioja-2018\/#primaryimage"},"image":{"@id":"https:\/\/vivancoculturadevino.es\/blog\/2018\/09\/06\/vendimia-vivanco-la-rioja-2018\/#primaryimage"},"thumbnailUrl":"https:\/\/vivancoculturadevino.es\/blog\/wp-content\/uploads\/2018\/09\/IMG6145_3.jpg","datePublished":"2018-09-06T07:33:14+00:00","dateModified":"2018-11-05T12:51:58+00:00","description":"Descubre todas las actividades que puedes realizar durante la vendimia en Vivanco este 2018. Si vas a visitar La Rioja pr\u00f3ximamente, esto te interesa.","breadcrumb":{"@id":"https:\/\/vivancoculturadevino.es\/blog\/2018\/09\/06\/vendimia-vivanco-la-rioja-2018\/#breadcrumb"},"inLanguage":"es","potentialAction":[{"@type":"ReadAction","target":["https:\/\/vivancoculturadevino.es\/blog\/2018\/09\/06\/vendimia-vivanco-la-rioja-2018\/"]}]},{"@type":"ImageObject","inLanguage":"es","@id":"https:\/\/vivancoculturadevino.es\/blog\/2018\/09\/06\/vendimia-vivanco-la-rioja-2018\/#primaryimage","url":"https:\/\/vivancoculturadevino.es\/blog\/wp-content\/uploads\/2018\/09\/IMG6145_3.jpg","contentUrl":"https:\/\/vivancoculturadevino.es\/blog\/wp-content\/uploads\/2018\/09\/IMG6145_3.jpg","width":850,"height":473},{"@type":"BreadcrumbList","@id":"https:\/\/vivancoculturadevino.es\/blog\/2018\/09\/06\/vendimia-vivanco-la-rioja-2018\/#breadcrumb","itemListElement":[{"@type":"ListItem","position":1,"name":"Portada","item":"https:\/\/vivancoculturadevino.es\/blog\/"},{"@type":"ListItem","position":2,"name":"As\u00ed es la vendimia en Vivanco [La Rioja] este 2018. \u00bfTe lo piensas perder?"}]},{"@type":"WebSite","@id":"https:\/\/vivancoculturadevino.es\/blog\/#website","url":"https:\/\/vivancoculturadevino.es\/blog\/","name":"Vivanco","description":"Una familia y una pasi\u00f3n: Compartir la cultura del vino","publisher":{"@id":"https:\/\/vivancoculturadevino.es\/blog\/#organization"},"potentialAction":[{"@type":"SearchAction","target":{"@type":"EntryPoint","urlTemplate":"https:\/\/vivancoculturadevino.es\/blog\/?s={search_term_string}"},"query-input":{"@type":"PropertyValueSpecification","valueRequired":true,"valueName":"search_term_string"}}],"inLanguage":"es"},{"@type":"Organization","@id":"https:\/\/vivancoculturadevino.es\/blog\/#organization","name":"Vivanco","url":"https:\/\/vivancoculturadevino.es\/blog\/","logo":{"@type":"ImageObject","inLanguage":"es","@id":"https:\/\/vivancoculturadevino.es\/blog\/#\/schema\/logo\/image\/","url":"https:\/\/vivancoculturadevino.es\/blog\/wp-content\/uploads\/2026\/01\/Logo-blanco.svg","contentUrl":"https:\/\/vivancoculturadevino.es\/blog\/wp-content\/uploads\/2026\/01\/Logo-blanco.svg","width":134,"height":43,"caption":"Vivanco"},"image":{"@id":"https:\/\/vivancoculturadevino.es\/blog\/#\/schema\/logo\/image\/"}},{"@type":"Person","@id":"https:\/\/vivancoculturadevino.es\/blog\/#\/schema\/person\/745931ee54ccbb839d8df0cceb02db4c","name":"Vivanco","image":{"@type":"ImageObject","inLanguage":"es","@id":"https:\/\/vivancoculturadevino.es\/blog\/#\/schema\/person\/image\/","url":"https:\/\/secure.gravatar.com\/avatar\/61b66c59d132db2f7ad4dfd1cc89bbd508b4d5888ab39ddba99f2aca247b7fb3?s=96&d=mm&r=g","contentUrl":"https:\/\/secure.gravatar.com\/avatar\/61b66c59d132db2f7ad4dfd1cc89bbd508b4d5888ab39ddba99f2aca247b7fb3?s=96&d=mm&r=g","caption":"Vivanco"},"description":"Bodega, Fundaci\u00f3n, Experiencias. Compartiendo Cultura de Vino","sameAs":["http:\/\/www.vivancoculturadevino.es","https:\/\/www.facebook.com\/vivancoculturadevino","https:\/\/x.com\/https:\/\/twitter.com\/Vivanco_es","https:\/\/www.youtube.com\/channel\/UC8a2nOiF7kAQNPPduAi2Evw\/videos"],"url":"https:\/\/vivancoculturadevino.es\/blog\/author\/administrator\/"}]}},"_links":{"self":[{"href":"https:\/\/vivancoculturadevino.es\/blog\/wp-json\/wp\/v2\/posts\/3639","targetHints":{"allow":["GET"]}}],"collection":[{"href":"https:\/\/vivancoculturadevino.es\/blog\/wp-json\/wp\/v2\/posts"}],"about":[{"href":"https:\/\/vivancoculturadevino.es\/blog\/wp-json\/wp\/v2\/types\/post"}],"author":[{"embeddable":true,"href":"https:\/\/vivancoculturadevino.es\/blog\/wp-json\/wp\/v2\/users\/1"}],"replies":[{"embeddable":true,"href":"https:\/\/vivancoculturadevino.es\/blog\/wp-json\/wp\/v2\/comments?post=3639"}],"version-history":[{"count":5,"href":"https:\/\/vivancoculturadevino.es\/blog\/wp-json\/wp\/v2\/posts\/3639\/revisions"}],"predecessor-version":[{"id":3652,"href":"https:\/\/vivancoculturadevino.es\/blog\/wp-json\/wp\/v2\/posts\/3639\/revisions\/3652"}],"wp:featuredmedia":[{"embeddable":true,"href":"https:\/\/vivancoculturadevino.es\/blog\/wp-json\/wp\/v2\/media\/3645"}],"wp:attachment":[{"href":"https:\/\/vivancoculturadevino.es\/blog\/wp-json\/wp\/v2\/media?parent=3639"}],"wp:term":[{"taxonomy":"category","embeddable":true,"href":"https:\/\/vivancoculturadevino.es\/blog\/wp-json\/wp\/v2\/categories?post=3639"},{"taxonomy":"post_tag","embeddable":true,"href":"https:\/\/vivancoculturadevino.es\/blog\/wp-json\/wp\/v2\/tags?post=3639"}],"curies":[{"name":"wp","href":"https:\/\/api.w.org\/{rel}","templated":true}]}}