{"id":3555,"date":"2018-06-18T08:00:38","date_gmt":"2018-06-18T07:00:38","guid":{"rendered":"https:\/\/vivancoculturadevino.es\/blog\/?p=3555"},"modified":"2018-10-10T09:18:47","modified_gmt":"2018-10-10T08:18:47","slug":"mejores-fiestas-ferias-espana-vino-protagonista","status":"publish","type":"post","link":"https:\/\/vivancoculturadevino.es\/blog\/2018\/06\/18\/mejores-fiestas-ferias-espana-vino-protagonista\/","title":{"rendered":"Las mejores fiestas y ferias de Espa\u00f1a donde el vino es el protagonista"},"content":{"rendered":"<p>La uni\u00f3n entre el hombre y el vino ha quedado patente en numerosas manifestaciones art\u00edsticas a lo largo de la historia. A lo largo de los m\u00e1s de 8.000 a\u00f1os que dura ya este viaje en com\u00fan, la influencia del vino ha impregnado tambi\u00e9n la cultura de diferentes pueblos. Un buen ejemplo de esto son las <strong><b>celebraciones <\/b><\/strong><strong><b>que <\/b><\/strong><strong><b>se dan en muchos lugares del mundo con el vino como protagonista.<\/b><\/strong>\u00a0Fiestas modeladas en funci\u00f3n del car\u00e1cter de las gentes que las celebran, cada una de ellas con sus peculiaridades, pero muy similares en el fondo. Al final, el motivo de fiesta siempre es el vino: se agradece el buen clima, se celebra el inicio de la cosecha, el final de la <a href=\"https:\/\/vivancoculturadevino.es\/blog\/2016\/06\/15\/que-es-vendimia-secretos-recomendaciones-tener-cuenta\/\" target=\"_blank\">vendimia<\/a>, la obtenci\u00f3n del primer mosto de la temporada, etc. Algunas de estas fiestas est\u00e1n vinculadas a pr\u00e1cticas religiosas, otras provienen de las tradiciones paganas\u00a0m\u00e1s ancestrales; unas tienen un marcado car\u00e1cter promocional, otras son m\u00e1s populares\u2026 <strong><b>En Espa\u00f1a tenemos la suerte de contar con una extensa colecci\u00f3n de fiestas y ferias que recorren nuestra geograf\u00eda celebrando el vino.<\/b><\/strong>\u00a0Una excusa perfecta para conocer nuevos lugares y disfrutar del vino en un ambiente festivo. Hoy conoceremos algunas de las m\u00e1s interesantes. \u00a1Vamos all\u00e1!<\/p>\n<h2>1. Fiestas de San Mateo. Logro\u00f1o, La Rioja<\/h2>\n<p>Si hay una tierra ligada al vino esa es La Rioja. Y como no pod\u00eda ser de otra manera, la capital de la comunidad celebra una de las fiestas del vino m\u00e1s importantes de Espa\u00f1a. Se trata de las Fiestas de San Mateo, que tienen su origen en el culto al ap\u00f3stol y que se remontan al siglo XII. En aquella \u00e9poca, Logro\u00f1o era una ciudad clave como punto de encuentro de comerciantes de toda Espa\u00f1a y del extranjero. Estos, aprovechaban el paso de las v\u00edas romanas y del Camino de Santiago para hacer sus negocios. Con el paso del tiempo, las fiestas de San Mateo, que tienen lugar durante la semana del 21 de septiembre, se han ganado el <strong><b>sobrenombre de Fiestas de la Vendimia<\/b><\/strong>. Cre\u00e1ndose un nexo entre fiesta y actividades vitivin\u00edcolas al coincidir la celebraci\u00f3n con el principal mes de recogida de la uva. De esta manera, en San Mateo se honra al santo, pero tambi\u00e9n se celebra la vendimia, la pisada de la uva, la extracci\u00f3n del primer mosto, etc. En la actualidad, si viajamos a Logro\u00f1o durante las fiestas de San Mateo, podremos disfrutar de un ambiente festivo como pocos, ya que toda la ciudad se vuelca en las celebraciones. Se montan los conocidos \u201cchamizos\u201d, donde el visitante podr\u00e1 probar el <a href=\"https:\/\/vivancoculturadevino.es\/blog\/2018\/03\/22\/que-es-zurracapote-como-hacer-receta\/\" target=\"_blank\">zurracapote<\/a>, una bebida refrescante hecha con vino y que es muy t\u00edpica de estas fiestas. Tambi\u00e9n son unas fiestas para conocer y disfrutar de la <strong><b><a href=\"https:\/\/vivancoculturadevino.es\/blog\/2014\/12\/04\/5-pistas-disfrutar-gastronomia-riojana\/\" target=\"_blank\">gastronom\u00eda riojana<\/a><\/b><\/strong>: patatas a la riojana, chuletillas al sarmiento, champis\u2026 Otras de las actividades que se organizan por San Mateo son desfiles de carrozas, actuaciones musicales en directo y otros espect\u00e1culos, la Feria Taurina, competiciones deportivas, etc.<\/p>\n<p><a href=\"https:\/\/vivancoculturadevino.es\/blog\/wp-content\/uploads\/2018\/06\/san-mateo-logrono-mosto.jpg\"><img fetchpriority=\"high\" decoding=\"async\" class=\"aligncenter size-full wp-image-3560\" src=\"https:\/\/vivancoculturadevino.es\/blog\/wp-content\/uploads\/2018\/06\/san-mateo-logrono-mosto.jpg\" alt=\"san-mateo-logrono-mosto\" width=\"419\" height=\"640\" srcset=\"https:\/\/vivancoculturadevino.es\/blog\/wp-content\/uploads\/2018\/06\/san-mateo-logrono-mosto.jpg 419w, https:\/\/vivancoculturadevino.es\/blog\/wp-content\/uploads\/2018\/06\/san-mateo-logrono-mosto-196x300.jpg 196w\" sizes=\"(max-width: 419px) 100vw, 419px\" \/><\/a><\/p>\n<p style=\"text-align: center;\">Foto: EFE\/Abel Alonso<\/p>\n<h2>2. Batalla del vino de Haro<\/h2>\n<p>Otra de las celebraciones del vino m\u00e1s t\u00edpicas y vistosas que tienen lugar en La Rioja es la de la <a href=\"https:\/\/vivancoculturadevino.es\/blog\/2015\/06\/24\/batalla-vino-haro-la-rioja\/\" target=\"_blank\">Batalla del Vino de Haro<\/a>. Con motivo de la celebraci\u00f3n de San Pedro, el 29 de junio, cientos de personas acuden en peregrinaci\u00f3n a los <a href=\"https:\/\/vivancoculturadevino.es\/blog\/2017\/04\/24\/ermita-san-felices-bilibio-lugar-unico\/\" target=\"_blank\">Riscos de Bilibio<\/a>. Un lugar en el que seg\u00fan cuenta la historia, rezaba San Felices, un anacoreta oriundo de Bilibio, la actual ciudad de Haro. <strong><b>La importancia hist\u00f3rica de este religioso fue tal que hoy es el patr\u00f3n de Haro. Al llegar a los Riscos de Bilibio, tiene lugar la batalla del vino de Haro,<\/b><\/strong>\u00a0donde cientos de personas se arrojan vino unos a otros vali\u00e9ndose de m\u00faltiples artilugios: pistolas de agua, sulfatadoras, etc. Una vez todos los asistentes est\u00e1n bien remojados, retornan a Haro para continuar con las celebraciones. Sin duda, un espect\u00e1culo digno de ver al menos una vez en la vida.<\/p>\n<p><a href=\"https:\/\/vivancoculturadevino.es\/blog\/wp-content\/uploads\/2018\/06\/batalla-vino-haro.jpg\"><img decoding=\"async\" class=\"aligncenter size-large wp-image-3557\" src=\"https:\/\/vivancoculturadevino.es\/blog\/wp-content\/uploads\/2018\/06\/batalla-vino-haro-1024x768.jpg\" alt=\"batalla vino haro\" width=\"1024\" height=\"768\" srcset=\"https:\/\/vivancoculturadevino.es\/blog\/wp-content\/uploads\/2018\/06\/batalla-vino-haro-1024x768.jpg 1024w, https:\/\/vivancoculturadevino.es\/blog\/wp-content\/uploads\/2018\/06\/batalla-vino-haro-300x225.jpg 300w, https:\/\/vivancoculturadevino.es\/blog\/wp-content\/uploads\/2018\/06\/batalla-vino-haro.jpg 1280w\" sizes=\"(max-width: 1024px) 100vw, 1024px\" \/><\/a><\/p>\n<p style=\"text-align: center;\">Foto: BigSus<\/p>\n<h2>3. Feria del vino Ribeiro. Ribadavia, Orense<\/h2>\n<p>En el municipio orensano de Ribadavia tiene lugar la Feria del vino Ribeiro, que este a\u00f1o 2018 celebr\u00f3 ya su edici\u00f3n n\u00famero 55. Durante esta fiesta, que este a\u00f1o tuvo lugar entre el 28 de abril y el 1 de mayo, decenas de <strong><b>bodegas de la Denominaci\u00f3n de Origen Ribeiro presentan sus vinos a los asistentes durante varios d\u00edas<\/b><\/strong>. El visitante puede probarlos en catas y escoger a sus favoritos a trav\u00e9s de votaciones. Adem\u00e1s, se realizan acciones informativas para dar a conocer el proceso de elaboraci\u00f3n de estos vinos. Todo ello amenizado con actuaciones musicales y otros espect\u00e1culos, degustaciones gastron\u00f3micas, visitas guiadas, etc. Una de las ferias de vino m\u00e1s importantes de nuestro pa\u00eds, declarada Fiesta de Inter\u00e9s Tur\u00edstico Nacional.<br \/>\n<iframe src=\"https:\/\/www.youtube-nocookie.com\/embed\/qmA1ZEgsbbs\" width=\"560\" height=\"315\" frameborder=\"0\" allowfullscreen=\"allowfullscreen\"><\/iframe><\/p>\n<h2>4. Fiesta del Albari\u00f1o. Cambados, Pontevedra<\/h2>\n<p>Sin salir de Galicia, nos desplazamos a la localidad pontevedresa de Cambados, en pleno centro de las R\u00edas Bajas, otra de las grandes tierras de vino de esta comunidad. Iniciada originalmente como un concurso de bodegueros, <strong><b>esta fiesta del Albari\u00f1o cumple en 2018 su edici\u00f3n n\u00famero 66. <\/b><\/strong>Declarada tambi\u00e9n Fiesta de Inter\u00e9s Tur\u00edstico Nacional, es una cita obligada para los amantes de los vinos de la Denominaci\u00f3n de Or\u00edgen R\u00edas Baixas. Este a\u00f1o se celebran entre el 1 y el 5 de agosto y el programa de las fiestas contempla la organizaci\u00f3n de conciertos (muchos de ellos de agrupaciones folcl\u00f3ricas gallegas), espect\u00e1culos infantiles, n\u00fameros c\u00f3micos, catas y otras actividades con el vino como protagonista.<\/p>\n<p><iframe src=\"https:\/\/www.youtube-nocookie.com\/embed\/RAninPVvgMw\" width=\"560\" height=\"315\" frameborder=\"0\" allowfullscreen=\"allowfullscreen\"><\/iframe><\/p>\n<h2>5.\u00a0 Fiestas de la Vendimia de Jerez de la Frontera, C\u00e1diz<\/h2>\n<p>Y desde el norte gallego bajamos al sur andaluz, concretamente a Jerez de la Frontera, donde este a\u00f1o celebran sus Fiestas de la Vendimia desde el d\u00eda 1 al 16 de septiembre. Durante estas fiestas, declaradas Fiestas de Inter\u00e9s Tur\u00edstico de Andaluc\u00eda en 2015, tienen lugar numerosos actos festivos en torno a <strong><b>3 elementos muy representativos de la ciudad de Jerez de la Frontera: los caballos, el flamenco y el vino<\/b><\/strong>. Durante dos semanas, la ciudad se vuelca con las fiestas organizando catas, visitas guiadas a bodegas, espect\u00e1culos musicales de flamenco, exhibiciones ecuestres, etc.<\/p>\n<p><a href=\"https:\/\/vivancoculturadevino.es\/blog\/wp-content\/uploads\/2018\/06\/catedral-jerez-fiestas-vino.jpg\"><img decoding=\"async\" class=\"aligncenter size-large wp-image-3558\" src=\"https:\/\/vivancoculturadevino.es\/blog\/wp-content\/uploads\/2018\/06\/catedral-jerez-fiestas-vino-1024x768.jpg\" alt=\"catedral jerez fiestas vino\" width=\"1024\" height=\"768\" srcset=\"https:\/\/vivancoculturadevino.es\/blog\/wp-content\/uploads\/2018\/06\/catedral-jerez-fiestas-vino.jpg 1024w, https:\/\/vivancoculturadevino.es\/blog\/wp-content\/uploads\/2018\/06\/catedral-jerez-fiestas-vino-300x225.jpg 300w\" sizes=\"(max-width: 1024px) 100vw, 1024px\" \/><\/a><\/p>\n<p style=\"text-align: center;\">Foto: El Pantera<\/p>\n<h2>6. Fiestas del Vino de Valdepe\u00f1as, Ciudad Real<\/h2>\n<p>Desde Jerez, ponemos rumbo noreste hasta llegar a <strong><b>Valdepe\u00f1as, tierra de vino de referencia en la comunidad de Castilla La Mancha.<\/b><\/strong>\u00a0Las Fiestas del Vino de Valdepe\u00f1as se celebrar\u00e1n este a\u00f1o entre el 1 y el 8 de septiembre. Se trata de otro de los festejos del vino relacionados muy estrechamente con el inicio de la vendimia. En estas fiestas tienen especial importancia actos como la <strong><em><b><i>Pisa del primer Mosto <\/i><\/b><\/em><\/strong>que se ofrece a la Virgen de la Consolaci\u00f3n, patrona de la ciudad. En el programa de estas fiestas: catas de vino, degustaciones gastron\u00f3micas, competiciones deportivas, teatro, actuaciones musicales, visitas a diferentes bodegas de la ciudad y mucho m\u00e1s.<\/p>\n<h2>7. Fiesta de la Vendimia de Rueda, Valladolid<\/h2>\n<p>Y cerramos este repaso por algunas de las fiestas del vino m\u00e1s importantes de nuestro pa\u00eds en Castilla y Le\u00f3n. Desde 1990 viene celebr\u00e1ndose esta fiesta en la localidad de Rueda, que da nombre a una de las cinco Denominaciones de Origen de los vinos de Castilla y Le\u00f3n. Durante estas fiestas, <strong><b>las bodegas de la regi\u00f3n se re\u00fanen para ofrecer a los visitantes sus vinos<\/b><\/strong>. Se realizan catas, visitas a las bodegas, exposiciones, conciertos, talleres\u2026 Todo ello, coincidiendo con las fechas finales de la vendimia. Este a\u00f1o, se celebrar\u00e1 la edici\u00f3n n\u00famero 29 de estas fiestas que comenzar\u00e1 el 29 de septiembre.<\/p>\n<p><iframe src=\"https:\/\/www.youtube-nocookie.com\/embed\/vxBwPGU7UC4?start=378\" width=\"560\" height=\"315\" frameborder=\"0\" allowfullscreen=\"allowfullscreen\"><\/iframe><\/p>\n<p>Como es de suponer,<strong><b>\u00a0faltan muchas fechas y lugares en este breve repaso sobre algunas de las fiestas del vino m\u00e1s interesantes de Espa\u00f1a<\/b><\/strong>. Y es que siendo nuestro pa\u00eds una tierra donde el vino tiene tanto arraigo, ser\u00eda complicado mencionar todas las fiestas relacionadas con \u00e9l en un solo art\u00edculo. <strong><b>Estas 7 fiestas del vino son solo una muestra representativa de la riqueza cultural y vitivin\u00edcola<\/b><\/strong>\u00a0que hay repartida por nuestra geograf\u00eda. \u00bfCu\u00e1les son tus fiestas favoritas con el vino como protagonista?<\/p>\n<p>&nbsp;<\/p>\n<p>*Foto de cabecera: Subhashish Panigrahi<\/p>\n","protected":false},"excerpt":{"rendered":"<p>Estas son solo algunas de las fiestas del vino m\u00e1s interesantes de Espa\u00f1a, una muestra representativa de la riqueza cultural y vitivin\u00edcola que existe en nuestro pa\u00eds. \u00bfQuieres conocerlas?<\/p>\n","protected":false},"author":1,"featured_media":3559,"comment_status":"closed","ping_status":"closed","sticky":false,"template":"","format":"standard","meta":{"footnotes":"","_elementor_edit_mode":"","_elementor_template_type":"","_elementor_data":"","_elementor_page_settings":null,"_elementor_conditions":[]},"categories":[8],"tags":[319,490,90,4],"class_list":["post-3555","post","type-post","status-publish","format-standard","has-post-thumbnail","hentry","category-bodega","tag-espana","tag-ferias","tag-fiestas","tag-vino"],"yoast_head":"<!-- This site is optimized with the Yoast SEO plugin v26.8 - https:\/\/yoast.com\/product\/yoast-seo-wordpress\/ -->\n<title>Las mejores fiestas y ferias de Espa\u00f1a donde el vino es el protagonista | Vivanco<\/title>\n<meta name=\"description\" content=\"Estas son solo algunas de las fiestas del vino m\u00e1s interesantes de Espa\u00f1a, una muestra representativa de la riqueza cultural y vitivin\u00edcola que existe en nuestro pa\u00eds. \u00bfQuieres conocerlas?\" \/>\n<meta name=\"robots\" content=\"index, follow, max-snippet:-1, max-image-preview:large, max-video-preview:-1\" \/>\n<link rel=\"canonical\" href=\"https:\/\/vivancoculturadevino.es\/blog\/2018\/06\/18\/mejores-fiestas-ferias-espana-vino-protagonista\/\" \/>\n<meta property=\"og:locale\" content=\"es_ES\" \/>\n<meta property=\"og:type\" content=\"article\" \/>\n<meta property=\"og:title\" content=\"Las mejores fiestas y ferias de Espa\u00f1a donde el vino es el protagonista | Vivanco\" \/>\n<meta property=\"og:description\" content=\"Estas son solo algunas de las fiestas del vino m\u00e1s interesantes de Espa\u00f1a, una muestra representativa de la riqueza cultural y vitivin\u00edcola que existe en nuestro pa\u00eds. \u00bfQuieres conocerlas?\" \/>\n<meta property=\"og:url\" content=\"https:\/\/vivancoculturadevino.es\/blog\/2018\/06\/18\/mejores-fiestas-ferias-espana-vino-protagonista\/\" \/>\n<meta property=\"og:site_name\" content=\"Vivanco\" \/>\n<meta property=\"article:author\" content=\"https:\/\/www.facebook.com\/vivancoculturadevino\" \/>\n<meta property=\"article:published_time\" content=\"2018-06-18T07:00:38+00:00\" \/>\n<meta property=\"article:modified_time\" content=\"2018-10-10T08:18:47+00:00\" \/>\n<meta property=\"og:image\" content=\"https:\/\/vivancoculturadevino.es\/blog\/wp-content\/uploads\/2018\/06\/pisado-uva-persona.jpg\" \/>\n\t<meta property=\"og:image:width\" content=\"800\" \/>\n\t<meta property=\"og:image:height\" content=\"600\" \/>\n\t<meta property=\"og:image:type\" content=\"image\/jpeg\" \/>\n<meta name=\"author\" content=\"Vivanco\" \/>\n<meta name=\"twitter:card\" content=\"summary_large_image\" \/>\n<meta name=\"twitter:image\" content=\"https:\/\/vivancoculturadevino.es\/blog\/wp-content\/uploads\/2018\/06\/pisado-uva-persona.jpg\" \/>\n<meta name=\"twitter:creator\" content=\"@https:\/\/twitter.com\/Vivanco_es\" \/>\n<meta name=\"twitter:label1\" content=\"Escrito por\" \/>\n\t<meta name=\"twitter:data1\" content=\"Vivanco\" \/>\n\t<meta name=\"twitter:label2\" content=\"Tiempo de lectura\" \/>\n\t<meta name=\"twitter:data2\" content=\"7 minutos\" \/>\n<script type=\"application\/ld+json\" class=\"yoast-schema-graph\">{\"@context\":\"https:\/\/schema.org\",\"@graph\":[{\"@type\":\"Article\",\"@id\":\"https:\/\/vivancoculturadevino.es\/blog\/2018\/06\/18\/mejores-fiestas-ferias-espana-vino-protagonista\/#article\",\"isPartOf\":{\"@id\":\"https:\/\/vivancoculturadevino.es\/blog\/2018\/06\/18\/mejores-fiestas-ferias-espana-vino-protagonista\/\"},\"author\":{\"name\":\"Vivanco\",\"@id\":\"https:\/\/vivancoculturadevino.es\/blog\/#\/schema\/person\/745931ee54ccbb839d8df0cceb02db4c\"},\"headline\":\"Las mejores fiestas y ferias de Espa\u00f1a donde el vino es el protagonista\",\"datePublished\":\"2018-06-18T07:00:38+00:00\",\"dateModified\":\"2018-10-10T08:18:47+00:00\",\"mainEntityOfPage\":{\"@id\":\"https:\/\/vivancoculturadevino.es\/blog\/2018\/06\/18\/mejores-fiestas-ferias-espana-vino-protagonista\/\"},\"wordCount\":1422,\"publisher\":{\"@id\":\"https:\/\/vivancoculturadevino.es\/blog\/#organization\"},\"image\":{\"@id\":\"https:\/\/vivancoculturadevino.es\/blog\/2018\/06\/18\/mejores-fiestas-ferias-espana-vino-protagonista\/#primaryimage\"},\"thumbnailUrl\":\"https:\/\/vivancoculturadevino.es\/blog\/wp-content\/uploads\/2018\/06\/pisado-uva-persona.jpg\",\"keywords\":[\"espa\u00f1a\",\"Ferias\",\"fiestas\",\"vino\"],\"articleSection\":[\"de Vino\"],\"inLanguage\":\"es\"},{\"@type\":\"WebPage\",\"@id\":\"https:\/\/vivancoculturadevino.es\/blog\/2018\/06\/18\/mejores-fiestas-ferias-espana-vino-protagonista\/\",\"url\":\"https:\/\/vivancoculturadevino.es\/blog\/2018\/06\/18\/mejores-fiestas-ferias-espana-vino-protagonista\/\",\"name\":\"Las mejores fiestas y ferias de Espa\u00f1a donde el vino es el protagonista | Vivanco\",\"isPartOf\":{\"@id\":\"https:\/\/vivancoculturadevino.es\/blog\/#website\"},\"primaryImageOfPage\":{\"@id\":\"https:\/\/vivancoculturadevino.es\/blog\/2018\/06\/18\/mejores-fiestas-ferias-espana-vino-protagonista\/#primaryimage\"},\"image\":{\"@id\":\"https:\/\/vivancoculturadevino.es\/blog\/2018\/06\/18\/mejores-fiestas-ferias-espana-vino-protagonista\/#primaryimage\"},\"thumbnailUrl\":\"https:\/\/vivancoculturadevino.es\/blog\/wp-content\/uploads\/2018\/06\/pisado-uva-persona.jpg\",\"datePublished\":\"2018-06-18T07:00:38+00:00\",\"dateModified\":\"2018-10-10T08:18:47+00:00\",\"description\":\"Estas son solo algunas de las fiestas del vino m\u00e1s interesantes de Espa\u00f1a, una muestra representativa de la riqueza cultural y vitivin\u00edcola que existe en nuestro pa\u00eds. \u00bfQuieres conocerlas?\",\"breadcrumb\":{\"@id\":\"https:\/\/vivancoculturadevino.es\/blog\/2018\/06\/18\/mejores-fiestas-ferias-espana-vino-protagonista\/#breadcrumb\"},\"inLanguage\":\"es\",\"potentialAction\":[{\"@type\":\"ReadAction\",\"target\":[\"https:\/\/vivancoculturadevino.es\/blog\/2018\/06\/18\/mejores-fiestas-ferias-espana-vino-protagonista\/\"]}]},{\"@type\":\"ImageObject\",\"inLanguage\":\"es\",\"@id\":\"https:\/\/vivancoculturadevino.es\/blog\/2018\/06\/18\/mejores-fiestas-ferias-espana-vino-protagonista\/#primaryimage\",\"url\":\"https:\/\/vivancoculturadevino.es\/blog\/wp-content\/uploads\/2018\/06\/pisado-uva-persona.jpg\",\"contentUrl\":\"https:\/\/vivancoculturadevino.es\/blog\/wp-content\/uploads\/2018\/06\/pisado-uva-persona.jpg\",\"width\":800,\"height\":600,\"caption\":\"pisado uva persona\"},{\"@type\":\"BreadcrumbList\",\"@id\":\"https:\/\/vivancoculturadevino.es\/blog\/2018\/06\/18\/mejores-fiestas-ferias-espana-vino-protagonista\/#breadcrumb\",\"itemListElement\":[{\"@type\":\"ListItem\",\"position\":1,\"name\":\"Portada\",\"item\":\"https:\/\/vivancoculturadevino.es\/blog\/\"},{\"@type\":\"ListItem\",\"position\":2,\"name\":\"Las mejores fiestas y ferias de Espa\u00f1a donde el vino es el protagonista\"}]},{\"@type\":\"WebSite\",\"@id\":\"https:\/\/vivancoculturadevino.es\/blog\/#website\",\"url\":\"https:\/\/vivancoculturadevino.es\/blog\/\",\"name\":\"Vivanco\",\"description\":\"Una familia y una pasi\u00f3n: Compartir la cultura del vino\",\"publisher\":{\"@id\":\"https:\/\/vivancoculturadevino.es\/blog\/#organization\"},\"potentialAction\":[{\"@type\":\"SearchAction\",\"target\":{\"@type\":\"EntryPoint\",\"urlTemplate\":\"https:\/\/vivancoculturadevino.es\/blog\/?s={search_term_string}\"},\"query-input\":{\"@type\":\"PropertyValueSpecification\",\"valueRequired\":true,\"valueName\":\"search_term_string\"}}],\"inLanguage\":\"es\"},{\"@type\":\"Organization\",\"@id\":\"https:\/\/vivancoculturadevino.es\/blog\/#organization\",\"name\":\"Vivanco\",\"url\":\"https:\/\/vivancoculturadevino.es\/blog\/\",\"logo\":{\"@type\":\"ImageObject\",\"inLanguage\":\"es\",\"@id\":\"https:\/\/vivancoculturadevino.es\/blog\/#\/schema\/logo\/image\/\",\"url\":\"https:\/\/vivancoculturadevino.es\/blog\/wp-content\/uploads\/2026\/01\/Logo-blanco.svg\",\"contentUrl\":\"https:\/\/vivancoculturadevino.es\/blog\/wp-content\/uploads\/2026\/01\/Logo-blanco.svg\",\"width\":134,\"height\":43,\"caption\":\"Vivanco\"},\"image\":{\"@id\":\"https:\/\/vivancoculturadevino.es\/blog\/#\/schema\/logo\/image\/\"}},{\"@type\":\"Person\",\"@id\":\"https:\/\/vivancoculturadevino.es\/blog\/#\/schema\/person\/745931ee54ccbb839d8df0cceb02db4c\",\"name\":\"Vivanco\",\"image\":{\"@type\":\"ImageObject\",\"inLanguage\":\"es\",\"@id\":\"https:\/\/vivancoculturadevino.es\/blog\/#\/schema\/person\/image\/\",\"url\":\"https:\/\/secure.gravatar.com\/avatar\/61b66c59d132db2f7ad4dfd1cc89bbd508b4d5888ab39ddba99f2aca247b7fb3?s=96&d=mm&r=g\",\"contentUrl\":\"https:\/\/secure.gravatar.com\/avatar\/61b66c59d132db2f7ad4dfd1cc89bbd508b4d5888ab39ddba99f2aca247b7fb3?s=96&d=mm&r=g\",\"caption\":\"Vivanco\"},\"description\":\"Bodega, Fundaci\u00f3n, Experiencias. Compartiendo Cultura de Vino\",\"sameAs\":[\"http:\/\/www.vivancoculturadevino.es\",\"https:\/\/www.facebook.com\/vivancoculturadevino\",\"https:\/\/x.com\/https:\/\/twitter.com\/Vivanco_es\",\"https:\/\/www.youtube.com\/channel\/UC8a2nOiF7kAQNPPduAi2Evw\/videos\"],\"url\":\"https:\/\/vivancoculturadevino.es\/blog\/author\/administrator\/\"}]}<\/script>\n<!-- \/ Yoast SEO plugin. -->","yoast_head_json":{"title":"Las mejores fiestas y ferias de Espa\u00f1a donde el vino es el protagonista | Vivanco","description":"Estas son solo algunas de las fiestas del vino m\u00e1s interesantes de Espa\u00f1a, una muestra representativa de la riqueza cultural y vitivin\u00edcola que existe en nuestro pa\u00eds. \u00bfQuieres conocerlas?","robots":{"index":"index","follow":"follow","max-snippet":"max-snippet:-1","max-image-preview":"max-image-preview:large","max-video-preview":"max-video-preview:-1"},"canonical":"https:\/\/vivancoculturadevino.es\/blog\/2018\/06\/18\/mejores-fiestas-ferias-espana-vino-protagonista\/","og_locale":"es_ES","og_type":"article","og_title":"Las mejores fiestas y ferias de Espa\u00f1a donde el vino es el protagonista | Vivanco","og_description":"Estas son solo algunas de las fiestas del vino m\u00e1s interesantes de Espa\u00f1a, una muestra representativa de la riqueza cultural y vitivin\u00edcola que existe en nuestro pa\u00eds. \u00bfQuieres conocerlas?","og_url":"https:\/\/vivancoculturadevino.es\/blog\/2018\/06\/18\/mejores-fiestas-ferias-espana-vino-protagonista\/","og_site_name":"Vivanco","article_author":"https:\/\/www.facebook.com\/vivancoculturadevino","article_published_time":"2018-06-18T07:00:38+00:00","article_modified_time":"2018-10-10T08:18:47+00:00","og_image":[{"width":800,"height":600,"url":"https:\/\/vivancoculturadevino.es\/blog\/wp-content\/uploads\/2018\/06\/pisado-uva-persona.jpg","type":"image\/jpeg"}],"author":"Vivanco","twitter_card":"summary_large_image","twitter_image":"https:\/\/vivancoculturadevino.es\/blog\/wp-content\/uploads\/2018\/06\/pisado-uva-persona.jpg","twitter_creator":"@https:\/\/twitter.com\/Vivanco_es","twitter_misc":{"Escrito por":"Vivanco","Tiempo de lectura":"7 minutos"},"schema":{"@context":"https:\/\/schema.org","@graph":[{"@type":"Article","@id":"https:\/\/vivancoculturadevino.es\/blog\/2018\/06\/18\/mejores-fiestas-ferias-espana-vino-protagonista\/#article","isPartOf":{"@id":"https:\/\/vivancoculturadevino.es\/blog\/2018\/06\/18\/mejores-fiestas-ferias-espana-vino-protagonista\/"},"author":{"name":"Vivanco","@id":"https:\/\/vivancoculturadevino.es\/blog\/#\/schema\/person\/745931ee54ccbb839d8df0cceb02db4c"},"headline":"Las mejores fiestas y ferias de Espa\u00f1a donde el vino es el protagonista","datePublished":"2018-06-18T07:00:38+00:00","dateModified":"2018-10-10T08:18:47+00:00","mainEntityOfPage":{"@id":"https:\/\/vivancoculturadevino.es\/blog\/2018\/06\/18\/mejores-fiestas-ferias-espana-vino-protagonista\/"},"wordCount":1422,"publisher":{"@id":"https:\/\/vivancoculturadevino.es\/blog\/#organization"},"image":{"@id":"https:\/\/vivancoculturadevino.es\/blog\/2018\/06\/18\/mejores-fiestas-ferias-espana-vino-protagonista\/#primaryimage"},"thumbnailUrl":"https:\/\/vivancoculturadevino.es\/blog\/wp-content\/uploads\/2018\/06\/pisado-uva-persona.jpg","keywords":["espa\u00f1a","Ferias","fiestas","vino"],"articleSection":["de Vino"],"inLanguage":"es"},{"@type":"WebPage","@id":"https:\/\/vivancoculturadevino.es\/blog\/2018\/06\/18\/mejores-fiestas-ferias-espana-vino-protagonista\/","url":"https:\/\/vivancoculturadevino.es\/blog\/2018\/06\/18\/mejores-fiestas-ferias-espana-vino-protagonista\/","name":"Las mejores fiestas y ferias de Espa\u00f1a donde el vino es el protagonista | Vivanco","isPartOf":{"@id":"https:\/\/vivancoculturadevino.es\/blog\/#website"},"primaryImageOfPage":{"@id":"https:\/\/vivancoculturadevino.es\/blog\/2018\/06\/18\/mejores-fiestas-ferias-espana-vino-protagonista\/#primaryimage"},"image":{"@id":"https:\/\/vivancoculturadevino.es\/blog\/2018\/06\/18\/mejores-fiestas-ferias-espana-vino-protagonista\/#primaryimage"},"thumbnailUrl":"https:\/\/vivancoculturadevino.es\/blog\/wp-content\/uploads\/2018\/06\/pisado-uva-persona.jpg","datePublished":"2018-06-18T07:00:38+00:00","dateModified":"2018-10-10T08:18:47+00:00","description":"Estas son solo algunas de las fiestas del vino m\u00e1s interesantes de Espa\u00f1a, una muestra representativa de la riqueza cultural y vitivin\u00edcola que existe en nuestro pa\u00eds. \u00bfQuieres conocerlas?","breadcrumb":{"@id":"https:\/\/vivancoculturadevino.es\/blog\/2018\/06\/18\/mejores-fiestas-ferias-espana-vino-protagonista\/#breadcrumb"},"inLanguage":"es","potentialAction":[{"@type":"ReadAction","target":["https:\/\/vivancoculturadevino.es\/blog\/2018\/06\/18\/mejores-fiestas-ferias-espana-vino-protagonista\/"]}]},{"@type":"ImageObject","inLanguage":"es","@id":"https:\/\/vivancoculturadevino.es\/blog\/2018\/06\/18\/mejores-fiestas-ferias-espana-vino-protagonista\/#primaryimage","url":"https:\/\/vivancoculturadevino.es\/blog\/wp-content\/uploads\/2018\/06\/pisado-uva-persona.jpg","contentUrl":"https:\/\/vivancoculturadevino.es\/blog\/wp-content\/uploads\/2018\/06\/pisado-uva-persona.jpg","width":800,"height":600,"caption":"pisado uva persona"},{"@type":"BreadcrumbList","@id":"https:\/\/vivancoculturadevino.es\/blog\/2018\/06\/18\/mejores-fiestas-ferias-espana-vino-protagonista\/#breadcrumb","itemListElement":[{"@type":"ListItem","position":1,"name":"Portada","item":"https:\/\/vivancoculturadevino.es\/blog\/"},{"@type":"ListItem","position":2,"name":"Las mejores fiestas y ferias de Espa\u00f1a donde el vino es el protagonista"}]},{"@type":"WebSite","@id":"https:\/\/vivancoculturadevino.es\/blog\/#website","url":"https:\/\/vivancoculturadevino.es\/blog\/","name":"Vivanco","description":"Una familia y una pasi\u00f3n: Compartir la cultura del vino","publisher":{"@id":"https:\/\/vivancoculturadevino.es\/blog\/#organization"},"potentialAction":[{"@type":"SearchAction","target":{"@type":"EntryPoint","urlTemplate":"https:\/\/vivancoculturadevino.es\/blog\/?s={search_term_string}"},"query-input":{"@type":"PropertyValueSpecification","valueRequired":true,"valueName":"search_term_string"}}],"inLanguage":"es"},{"@type":"Organization","@id":"https:\/\/vivancoculturadevino.es\/blog\/#organization","name":"Vivanco","url":"https:\/\/vivancoculturadevino.es\/blog\/","logo":{"@type":"ImageObject","inLanguage":"es","@id":"https:\/\/vivancoculturadevino.es\/blog\/#\/schema\/logo\/image\/","url":"https:\/\/vivancoculturadevino.es\/blog\/wp-content\/uploads\/2026\/01\/Logo-blanco.svg","contentUrl":"https:\/\/vivancoculturadevino.es\/blog\/wp-content\/uploads\/2026\/01\/Logo-blanco.svg","width":134,"height":43,"caption":"Vivanco"},"image":{"@id":"https:\/\/vivancoculturadevino.es\/blog\/#\/schema\/logo\/image\/"}},{"@type":"Person","@id":"https:\/\/vivancoculturadevino.es\/blog\/#\/schema\/person\/745931ee54ccbb839d8df0cceb02db4c","name":"Vivanco","image":{"@type":"ImageObject","inLanguage":"es","@id":"https:\/\/vivancoculturadevino.es\/blog\/#\/schema\/person\/image\/","url":"https:\/\/secure.gravatar.com\/avatar\/61b66c59d132db2f7ad4dfd1cc89bbd508b4d5888ab39ddba99f2aca247b7fb3?s=96&d=mm&r=g","contentUrl":"https:\/\/secure.gravatar.com\/avatar\/61b66c59d132db2f7ad4dfd1cc89bbd508b4d5888ab39ddba99f2aca247b7fb3?s=96&d=mm&r=g","caption":"Vivanco"},"description":"Bodega, Fundaci\u00f3n, Experiencias. Compartiendo Cultura de Vino","sameAs":["http:\/\/www.vivancoculturadevino.es","https:\/\/www.facebook.com\/vivancoculturadevino","https:\/\/x.com\/https:\/\/twitter.com\/Vivanco_es","https:\/\/www.youtube.com\/channel\/UC8a2nOiF7kAQNPPduAi2Evw\/videos"],"url":"https:\/\/vivancoculturadevino.es\/blog\/author\/administrator\/"}]}},"_links":{"self":[{"href":"https:\/\/vivancoculturadevino.es\/blog\/wp-json\/wp\/v2\/posts\/3555","targetHints":{"allow":["GET"]}}],"collection":[{"href":"https:\/\/vivancoculturadevino.es\/blog\/wp-json\/wp\/v2\/posts"}],"about":[{"href":"https:\/\/vivancoculturadevino.es\/blog\/wp-json\/wp\/v2\/types\/post"}],"author":[{"embeddable":true,"href":"https:\/\/vivancoculturadevino.es\/blog\/wp-json\/wp\/v2\/users\/1"}],"replies":[{"embeddable":true,"href":"https:\/\/vivancoculturadevino.es\/blog\/wp-json\/wp\/v2\/comments?post=3555"}],"version-history":[{"count":4,"href":"https:\/\/vivancoculturadevino.es\/blog\/wp-json\/wp\/v2\/posts\/3555\/revisions"}],"predecessor-version":[{"id":3683,"href":"https:\/\/vivancoculturadevino.es\/blog\/wp-json\/wp\/v2\/posts\/3555\/revisions\/3683"}],"wp:featuredmedia":[{"embeddable":true,"href":"https:\/\/vivancoculturadevino.es\/blog\/wp-json\/wp\/v2\/media\/3559"}],"wp:attachment":[{"href":"https:\/\/vivancoculturadevino.es\/blog\/wp-json\/wp\/v2\/media?parent=3555"}],"wp:term":[{"taxonomy":"category","embeddable":true,"href":"https:\/\/vivancoculturadevino.es\/blog\/wp-json\/wp\/v2\/categories?post=3555"},{"taxonomy":"post_tag","embeddable":true,"href":"https:\/\/vivancoculturadevino.es\/blog\/wp-json\/wp\/v2\/tags?post=3555"}],"curies":[{"name":"wp","href":"https:\/\/api.w.org\/{rel}","templated":true}]}}