{"id":3399,"date":"2017-12-26T10:00:00","date_gmt":"2017-12-26T09:00:00","guid":{"rendered":"https:\/\/vivancoculturadevino.es\/blog\/?p=3399"},"modified":"2019-11-06T10:24:16","modified_gmt":"2019-11-06T09:24:16","slug":"a-trendy-life-en-la-rioja-maneras-de-contar-la-cultura-del-vino","status":"publish","type":"post","link":"https:\/\/vivancoculturadevino.es\/blog\/2017\/12\/26\/a-trendy-life-en-la-rioja-maneras-de-contar-la-cultura-del-vino\/","title":{"rendered":"A Trendy Life en La Rioja| Maneras de Contar la Cultura del Vino"},"content":{"rendered":"<p>Rebeca Labara, de A Trendy Life, ha venido a visitarnos para disfrutar de las Actividades Especiales en Vendimia y a hablar de por qu\u00e9 el enoturismo es tendencia. En estos v\u00eddeos te lo cuenta todo. \u00a1No te los pierdas!<\/p>\n<h2><strong>\u00bfQu\u00e9 hacer en vendimia en La Rioja?<\/strong><\/h2>\n<p><iframe width=\"560\" height=\"315\" src=\"https:\/\/www.youtube-nocookie.com\/embed\/cqM5FIByukM\" frameborder=\"0\" allow=\"autoplay; encrypted-media\" allowfullscreen><\/iframe><\/p>\n<p>La primera parada de Rebeca al llegar a La Rioja ha sido Vivanco, donde disfrut\u00f3 de las actividades especiales que se organizan en vendimia de la mano de Eduardo D\u00edez, Director del Museo de la Cultura del Vino.<\/p>\n<p>Acompa\u00f1\u00e1ndolos en su recorrido por los vi\u00f1edos, aprenderemos cu\u00e1ndo es el momento id\u00f3neo para comenzar la vendimia, la mejor manera de recoger la uva, y las claves que definen una buena cosecha.<\/p>\n<p>Tras conocer los vi\u00f1edos, visitamos la Bodega, la sala octogonal de barricas, un prodigio arquitect\u00f3nico donde los vinos envejecen y crean los aromas que luego disfrutaremos en la copa.<\/p>\n<p>Despu\u00e9s de recoger la uva y conocer los procesos de elaboraci\u00f3n, es la hora de catar los vinos, justo antes de acabar la visita, dando un paseo por el Museo Vivanco, el mejor museo del vino del mundo. En sus 4.000m<sup>2<\/sup> de exposici\u00f3n, podemos disfrutar de vasijas centenarias, esculturas griegas y romanas y una selecci\u00f3n de cuadros de autores tan importantes como Picasso o Juan Gris.<\/p>\n<h2>\u00bfPor qu\u00e9 el enoturismo es tendencia?<\/h2>\n<p><iframe width=\"560\" height=\"315\" src=\"https:\/\/www.youtube-nocookie.com\/embed\/uXeMKtLERFs\" frameborder=\"0\" allow=\"autoplay; encrypted-media\" allowfullscreen><\/iframe><\/p>\n<p>En este v\u00eddeo, Rebeca nos da las claves de una escapada diferente, el enoturismo. Un plan perfecto para todo el mundo, no solo para los amantes del vino, ya que es una experiencia para viajar sin prisas, sin estr\u00e9s y con tiempo suficiente para exprimir cada experiencia.<\/p>\n<p>Para preparar una escapa enoturista, Rebeca nos recomienda octubre como la mejor \u00e9poca, ya que es la \u00e9poca de la vendimia y suele haber muchas actividades.<\/p>\n<p>Y t\u00fa, \u00bfte apuntas a la tendencia del enoturismo para tu pr\u00f3xima escapada?<\/p>\n","protected":false},"excerpt":{"rendered":"<p>Rebeca Labara, de A Trendy Life, ha venido a visitarnos para disfrutar de las Actividades Especiales en Vendimia y a hablar de la tendencia del enoturismo.<\/p>\n","protected":false},"author":1,"featured_media":3401,"comment_status":"open","ping_status":"open","sticky":false,"template":"","format":"standard","meta":{"footnotes":"","_elementor_edit_mode":"","_elementor_template_type":"","_elementor_data":"","_elementor_page_settings":null,"_elementor_conditions":[]},"categories":[439],"tags":[37,289,86],"class_list":["post-3399","post","type-post","status-publish","format-standard","has-post-thumbnail","hentry","category-maneras-contar","tag-la-rioja","tag-maneras-de-contar-la-cultura-del-vino","tag-turismo"],"yoast_head":"<!-- This site is optimized with the Yoast SEO plugin v26.8 - https:\/\/yoast.com\/product\/yoast-seo-wordpress\/ -->\n<title>A trendy life | Maneras de Contar la Cultura del Vino<\/title>\n<meta name=\"description\" content=\"A Trendy Life, ha venido a visitarnos para disfrutar de la cultura del vino y a hablar de la tendencia del enoturismo.\" \/>\n<meta name=\"robots\" content=\"index, follow, max-snippet:-1, max-image-preview:large, max-video-preview:-1\" \/>\n<link rel=\"canonical\" href=\"https:\/\/vivancoculturadevino.es\/blog\/2017\/12\/26\/a-trendy-life-en-la-rioja-maneras-de-contar-la-cultura-del-vino\/\" \/>\n<meta property=\"og:locale\" content=\"es_ES\" \/>\n<meta property=\"og:type\" content=\"article\" \/>\n<meta property=\"og:title\" content=\"A trendy life | Maneras de Contar la Cultura del Vino\" \/>\n<meta property=\"og:description\" content=\"A Trendy Life, ha venido a visitarnos para disfrutar de la cultura del vino y a hablar de la tendencia del enoturismo.\" \/>\n<meta property=\"og:url\" content=\"https:\/\/vivancoculturadevino.es\/blog\/2017\/12\/26\/a-trendy-life-en-la-rioja-maneras-de-contar-la-cultura-del-vino\/\" \/>\n<meta property=\"og:site_name\" content=\"Vivanco\" \/>\n<meta property=\"article:author\" content=\"https:\/\/www.facebook.com\/vivancoculturadevino\" \/>\n<meta property=\"article:published_time\" content=\"2017-12-26T09:00:00+00:00\" \/>\n<meta property=\"article:modified_time\" content=\"2019-11-06T09:24:16+00:00\" \/>\n<meta property=\"og:image\" content=\"https:\/\/vivancoculturadevino.es\/blog\/wp-content\/uploads\/2017\/12\/IMG_3820-min.jpg\" \/>\n\t<meta property=\"og:image:width\" content=\"5274\" \/>\n\t<meta property=\"og:image:height\" content=\"3516\" \/>\n\t<meta property=\"og:image:type\" content=\"image\/jpeg\" \/>\n<meta name=\"author\" content=\"Vivanco\" \/>\n<meta name=\"twitter:card\" content=\"summary_large_image\" \/>\n<meta name=\"twitter:creator\" content=\"@https:\/\/twitter.com\/Vivanco_es\" \/>\n<meta name=\"twitter:label1\" content=\"Escrito por\" \/>\n\t<meta name=\"twitter:data1\" content=\"Vivanco\" \/>\n\t<meta name=\"twitter:label2\" content=\"Tiempo de lectura\" \/>\n\t<meta name=\"twitter:data2\" content=\"2 minutos\" \/>\n<script type=\"application\/ld+json\" class=\"yoast-schema-graph\">{\"@context\":\"https:\/\/schema.org\",\"@graph\":[{\"@type\":\"Article\",\"@id\":\"https:\/\/vivancoculturadevino.es\/blog\/2017\/12\/26\/a-trendy-life-en-la-rioja-maneras-de-contar-la-cultura-del-vino\/#article\",\"isPartOf\":{\"@id\":\"https:\/\/vivancoculturadevino.es\/blog\/2017\/12\/26\/a-trendy-life-en-la-rioja-maneras-de-contar-la-cultura-del-vino\/\"},\"author\":{\"name\":\"Vivanco\",\"@id\":\"https:\/\/vivancoculturadevino.es\/blog\/#\/schema\/person\/745931ee54ccbb839d8df0cceb02db4c\"},\"headline\":\"A Trendy Life en La Rioja| Maneras de Contar la Cultura del Vino\",\"datePublished\":\"2017-12-26T09:00:00+00:00\",\"dateModified\":\"2019-11-06T09:24:16+00:00\",\"mainEntityOfPage\":{\"@id\":\"https:\/\/vivancoculturadevino.es\/blog\/2017\/12\/26\/a-trendy-life-en-la-rioja-maneras-de-contar-la-cultura-del-vino\/\"},\"wordCount\":331,\"commentCount\":0,\"publisher\":{\"@id\":\"https:\/\/vivancoculturadevino.es\/blog\/#organization\"},\"image\":{\"@id\":\"https:\/\/vivancoculturadevino.es\/blog\/2017\/12\/26\/a-trendy-life-en-la-rioja-maneras-de-contar-la-cultura-del-vino\/#primaryimage\"},\"thumbnailUrl\":\"https:\/\/vivancoculturadevino.es\/blog\/wp-content\/uploads\/2017\/12\/IMG_3820-min.jpg\",\"keywords\":[\"La Rioja\",\"maneras de contar la cultura del vino\",\"turismo\"],\"articleSection\":[\"Maneras de Contar\"],\"inLanguage\":\"es\",\"potentialAction\":[{\"@type\":\"CommentAction\",\"name\":\"Comment\",\"target\":[\"https:\/\/vivancoculturadevino.es\/blog\/2017\/12\/26\/a-trendy-life-en-la-rioja-maneras-de-contar-la-cultura-del-vino\/#respond\"]}]},{\"@type\":\"WebPage\",\"@id\":\"https:\/\/vivancoculturadevino.es\/blog\/2017\/12\/26\/a-trendy-life-en-la-rioja-maneras-de-contar-la-cultura-del-vino\/\",\"url\":\"https:\/\/vivancoculturadevino.es\/blog\/2017\/12\/26\/a-trendy-life-en-la-rioja-maneras-de-contar-la-cultura-del-vino\/\",\"name\":\"A trendy life | Maneras de Contar la Cultura del Vino\",\"isPartOf\":{\"@id\":\"https:\/\/vivancoculturadevino.es\/blog\/#website\"},\"primaryImageOfPage\":{\"@id\":\"https:\/\/vivancoculturadevino.es\/blog\/2017\/12\/26\/a-trendy-life-en-la-rioja-maneras-de-contar-la-cultura-del-vino\/#primaryimage\"},\"image\":{\"@id\":\"https:\/\/vivancoculturadevino.es\/blog\/2017\/12\/26\/a-trendy-life-en-la-rioja-maneras-de-contar-la-cultura-del-vino\/#primaryimage\"},\"thumbnailUrl\":\"https:\/\/vivancoculturadevino.es\/blog\/wp-content\/uploads\/2017\/12\/IMG_3820-min.jpg\",\"datePublished\":\"2017-12-26T09:00:00+00:00\",\"dateModified\":\"2019-11-06T09:24:16+00:00\",\"description\":\"A Trendy Life, ha venido a visitarnos para disfrutar de la cultura del vino y a hablar de la tendencia del enoturismo.\",\"breadcrumb\":{\"@id\":\"https:\/\/vivancoculturadevino.es\/blog\/2017\/12\/26\/a-trendy-life-en-la-rioja-maneras-de-contar-la-cultura-del-vino\/#breadcrumb\"},\"inLanguage\":\"es\",\"potentialAction\":[{\"@type\":\"ReadAction\",\"target\":[\"https:\/\/vivancoculturadevino.es\/blog\/2017\/12\/26\/a-trendy-life-en-la-rioja-maneras-de-contar-la-cultura-del-vino\/\"]}]},{\"@type\":\"ImageObject\",\"inLanguage\":\"es\",\"@id\":\"https:\/\/vivancoculturadevino.es\/blog\/2017\/12\/26\/a-trendy-life-en-la-rioja-maneras-de-contar-la-cultura-del-vino\/#primaryimage\",\"url\":\"https:\/\/vivancoculturadevino.es\/blog\/wp-content\/uploads\/2017\/12\/IMG_3820-min.jpg\",\"contentUrl\":\"https:\/\/vivancoculturadevino.es\/blog\/wp-content\/uploads\/2017\/12\/IMG_3820-min.jpg\",\"width\":5274,\"height\":3516},{\"@type\":\"BreadcrumbList\",\"@id\":\"https:\/\/vivancoculturadevino.es\/blog\/2017\/12\/26\/a-trendy-life-en-la-rioja-maneras-de-contar-la-cultura-del-vino\/#breadcrumb\",\"itemListElement\":[{\"@type\":\"ListItem\",\"position\":1,\"name\":\"Portada\",\"item\":\"https:\/\/vivancoculturadevino.es\/blog\/\"},{\"@type\":\"ListItem\",\"position\":2,\"name\":\"A Trendy Life en La Rioja| Maneras de Contar la Cultura del Vino\"}]},{\"@type\":\"WebSite\",\"@id\":\"https:\/\/vivancoculturadevino.es\/blog\/#website\",\"url\":\"https:\/\/vivancoculturadevino.es\/blog\/\",\"name\":\"Vivanco\",\"description\":\"Una familia y una pasi\u00f3n: Compartir la cultura del vino\",\"publisher\":{\"@id\":\"https:\/\/vivancoculturadevino.es\/blog\/#organization\"},\"potentialAction\":[{\"@type\":\"SearchAction\",\"target\":{\"@type\":\"EntryPoint\",\"urlTemplate\":\"https:\/\/vivancoculturadevino.es\/blog\/?s={search_term_string}\"},\"query-input\":{\"@type\":\"PropertyValueSpecification\",\"valueRequired\":true,\"valueName\":\"search_term_string\"}}],\"inLanguage\":\"es\"},{\"@type\":\"Organization\",\"@id\":\"https:\/\/vivancoculturadevino.es\/blog\/#organization\",\"name\":\"Vivanco\",\"url\":\"https:\/\/vivancoculturadevino.es\/blog\/\",\"logo\":{\"@type\":\"ImageObject\",\"inLanguage\":\"es\",\"@id\":\"https:\/\/vivancoculturadevino.es\/blog\/#\/schema\/logo\/image\/\",\"url\":\"https:\/\/vivancoculturadevino.es\/blog\/wp-content\/uploads\/2026\/01\/Logo-blanco.svg\",\"contentUrl\":\"https:\/\/vivancoculturadevino.es\/blog\/wp-content\/uploads\/2026\/01\/Logo-blanco.svg\",\"width\":134,\"height\":43,\"caption\":\"Vivanco\"},\"image\":{\"@id\":\"https:\/\/vivancoculturadevino.es\/blog\/#\/schema\/logo\/image\/\"}},{\"@type\":\"Person\",\"@id\":\"https:\/\/vivancoculturadevino.es\/blog\/#\/schema\/person\/745931ee54ccbb839d8df0cceb02db4c\",\"name\":\"Vivanco\",\"image\":{\"@type\":\"ImageObject\",\"inLanguage\":\"es\",\"@id\":\"https:\/\/vivancoculturadevino.es\/blog\/#\/schema\/person\/image\/\",\"url\":\"https:\/\/secure.gravatar.com\/avatar\/61b66c59d132db2f7ad4dfd1cc89bbd508b4d5888ab39ddba99f2aca247b7fb3?s=96&d=mm&r=g\",\"contentUrl\":\"https:\/\/secure.gravatar.com\/avatar\/61b66c59d132db2f7ad4dfd1cc89bbd508b4d5888ab39ddba99f2aca247b7fb3?s=96&d=mm&r=g\",\"caption\":\"Vivanco\"},\"description\":\"Bodega, Fundaci\u00f3n, Experiencias. Compartiendo Cultura de Vino\",\"sameAs\":[\"http:\/\/www.vivancoculturadevino.es\",\"https:\/\/www.facebook.com\/vivancoculturadevino\",\"https:\/\/x.com\/https:\/\/twitter.com\/Vivanco_es\",\"https:\/\/www.youtube.com\/channel\/UC8a2nOiF7kAQNPPduAi2Evw\/videos\"],\"url\":\"https:\/\/vivancoculturadevino.es\/blog\/author\/administrator\/\"}]}<\/script>\n<!-- \/ Yoast SEO plugin. -->","yoast_head_json":{"title":"A trendy life | Maneras de Contar la Cultura del Vino","description":"A Trendy Life, ha venido a visitarnos para disfrutar de la cultura del vino y a hablar de la tendencia del enoturismo.","robots":{"index":"index","follow":"follow","max-snippet":"max-snippet:-1","max-image-preview":"max-image-preview:large","max-video-preview":"max-video-preview:-1"},"canonical":"https:\/\/vivancoculturadevino.es\/blog\/2017\/12\/26\/a-trendy-life-en-la-rioja-maneras-de-contar-la-cultura-del-vino\/","og_locale":"es_ES","og_type":"article","og_title":"A trendy life | Maneras de Contar la Cultura del Vino","og_description":"A Trendy Life, ha venido a visitarnos para disfrutar de la cultura del vino y a hablar de la tendencia del enoturismo.","og_url":"https:\/\/vivancoculturadevino.es\/blog\/2017\/12\/26\/a-trendy-life-en-la-rioja-maneras-de-contar-la-cultura-del-vino\/","og_site_name":"Vivanco","article_author":"https:\/\/www.facebook.com\/vivancoculturadevino","article_published_time":"2017-12-26T09:00:00+00:00","article_modified_time":"2019-11-06T09:24:16+00:00","og_image":[{"width":5274,"height":3516,"url":"https:\/\/vivancoculturadevino.es\/blog\/wp-content\/uploads\/2017\/12\/IMG_3820-min.jpg","type":"image\/jpeg"}],"author":"Vivanco","twitter_card":"summary_large_image","twitter_creator":"@https:\/\/twitter.com\/Vivanco_es","twitter_misc":{"Escrito por":"Vivanco","Tiempo de lectura":"2 minutos"},"schema":{"@context":"https:\/\/schema.org","@graph":[{"@type":"Article","@id":"https:\/\/vivancoculturadevino.es\/blog\/2017\/12\/26\/a-trendy-life-en-la-rioja-maneras-de-contar-la-cultura-del-vino\/#article","isPartOf":{"@id":"https:\/\/vivancoculturadevino.es\/blog\/2017\/12\/26\/a-trendy-life-en-la-rioja-maneras-de-contar-la-cultura-del-vino\/"},"author":{"name":"Vivanco","@id":"https:\/\/vivancoculturadevino.es\/blog\/#\/schema\/person\/745931ee54ccbb839d8df0cceb02db4c"},"headline":"A Trendy Life en La Rioja| Maneras de Contar la Cultura del Vino","datePublished":"2017-12-26T09:00:00+00:00","dateModified":"2019-11-06T09:24:16+00:00","mainEntityOfPage":{"@id":"https:\/\/vivancoculturadevino.es\/blog\/2017\/12\/26\/a-trendy-life-en-la-rioja-maneras-de-contar-la-cultura-del-vino\/"},"wordCount":331,"commentCount":0,"publisher":{"@id":"https:\/\/vivancoculturadevino.es\/blog\/#organization"},"image":{"@id":"https:\/\/vivancoculturadevino.es\/blog\/2017\/12\/26\/a-trendy-life-en-la-rioja-maneras-de-contar-la-cultura-del-vino\/#primaryimage"},"thumbnailUrl":"https:\/\/vivancoculturadevino.es\/blog\/wp-content\/uploads\/2017\/12\/IMG_3820-min.jpg","keywords":["La Rioja","maneras de contar la cultura del vino","turismo"],"articleSection":["Maneras de Contar"],"inLanguage":"es","potentialAction":[{"@type":"CommentAction","name":"Comment","target":["https:\/\/vivancoculturadevino.es\/blog\/2017\/12\/26\/a-trendy-life-en-la-rioja-maneras-de-contar-la-cultura-del-vino\/#respond"]}]},{"@type":"WebPage","@id":"https:\/\/vivancoculturadevino.es\/blog\/2017\/12\/26\/a-trendy-life-en-la-rioja-maneras-de-contar-la-cultura-del-vino\/","url":"https:\/\/vivancoculturadevino.es\/blog\/2017\/12\/26\/a-trendy-life-en-la-rioja-maneras-de-contar-la-cultura-del-vino\/","name":"A trendy life | Maneras de Contar la Cultura del Vino","isPartOf":{"@id":"https:\/\/vivancoculturadevino.es\/blog\/#website"},"primaryImageOfPage":{"@id":"https:\/\/vivancoculturadevino.es\/blog\/2017\/12\/26\/a-trendy-life-en-la-rioja-maneras-de-contar-la-cultura-del-vino\/#primaryimage"},"image":{"@id":"https:\/\/vivancoculturadevino.es\/blog\/2017\/12\/26\/a-trendy-life-en-la-rioja-maneras-de-contar-la-cultura-del-vino\/#primaryimage"},"thumbnailUrl":"https:\/\/vivancoculturadevino.es\/blog\/wp-content\/uploads\/2017\/12\/IMG_3820-min.jpg","datePublished":"2017-12-26T09:00:00+00:00","dateModified":"2019-11-06T09:24:16+00:00","description":"A Trendy Life, ha venido a visitarnos para disfrutar de la cultura del vino y a hablar de la tendencia del enoturismo.","breadcrumb":{"@id":"https:\/\/vivancoculturadevino.es\/blog\/2017\/12\/26\/a-trendy-life-en-la-rioja-maneras-de-contar-la-cultura-del-vino\/#breadcrumb"},"inLanguage":"es","potentialAction":[{"@type":"ReadAction","target":["https:\/\/vivancoculturadevino.es\/blog\/2017\/12\/26\/a-trendy-life-en-la-rioja-maneras-de-contar-la-cultura-del-vino\/"]}]},{"@type":"ImageObject","inLanguage":"es","@id":"https:\/\/vivancoculturadevino.es\/blog\/2017\/12\/26\/a-trendy-life-en-la-rioja-maneras-de-contar-la-cultura-del-vino\/#primaryimage","url":"https:\/\/vivancoculturadevino.es\/blog\/wp-content\/uploads\/2017\/12\/IMG_3820-min.jpg","contentUrl":"https:\/\/vivancoculturadevino.es\/blog\/wp-content\/uploads\/2017\/12\/IMG_3820-min.jpg","width":5274,"height":3516},{"@type":"BreadcrumbList","@id":"https:\/\/vivancoculturadevino.es\/blog\/2017\/12\/26\/a-trendy-life-en-la-rioja-maneras-de-contar-la-cultura-del-vino\/#breadcrumb","itemListElement":[{"@type":"ListItem","position":1,"name":"Portada","item":"https:\/\/vivancoculturadevino.es\/blog\/"},{"@type":"ListItem","position":2,"name":"A Trendy Life en La Rioja| Maneras de Contar la Cultura del Vino"}]},{"@type":"WebSite","@id":"https:\/\/vivancoculturadevino.es\/blog\/#website","url":"https:\/\/vivancoculturadevino.es\/blog\/","name":"Vivanco","description":"Una familia y una pasi\u00f3n: Compartir la cultura del vino","publisher":{"@id":"https:\/\/vivancoculturadevino.es\/blog\/#organization"},"potentialAction":[{"@type":"SearchAction","target":{"@type":"EntryPoint","urlTemplate":"https:\/\/vivancoculturadevino.es\/blog\/?s={search_term_string}"},"query-input":{"@type":"PropertyValueSpecification","valueRequired":true,"valueName":"search_term_string"}}],"inLanguage":"es"},{"@type":"Organization","@id":"https:\/\/vivancoculturadevino.es\/blog\/#organization","name":"Vivanco","url":"https:\/\/vivancoculturadevino.es\/blog\/","logo":{"@type":"ImageObject","inLanguage":"es","@id":"https:\/\/vivancoculturadevino.es\/blog\/#\/schema\/logo\/image\/","url":"https:\/\/vivancoculturadevino.es\/blog\/wp-content\/uploads\/2026\/01\/Logo-blanco.svg","contentUrl":"https:\/\/vivancoculturadevino.es\/blog\/wp-content\/uploads\/2026\/01\/Logo-blanco.svg","width":134,"height":43,"caption":"Vivanco"},"image":{"@id":"https:\/\/vivancoculturadevino.es\/blog\/#\/schema\/logo\/image\/"}},{"@type":"Person","@id":"https:\/\/vivancoculturadevino.es\/blog\/#\/schema\/person\/745931ee54ccbb839d8df0cceb02db4c","name":"Vivanco","image":{"@type":"ImageObject","inLanguage":"es","@id":"https:\/\/vivancoculturadevino.es\/blog\/#\/schema\/person\/image\/","url":"https:\/\/secure.gravatar.com\/avatar\/61b66c59d132db2f7ad4dfd1cc89bbd508b4d5888ab39ddba99f2aca247b7fb3?s=96&d=mm&r=g","contentUrl":"https:\/\/secure.gravatar.com\/avatar\/61b66c59d132db2f7ad4dfd1cc89bbd508b4d5888ab39ddba99f2aca247b7fb3?s=96&d=mm&r=g","caption":"Vivanco"},"description":"Bodega, Fundaci\u00f3n, Experiencias. Compartiendo Cultura de Vino","sameAs":["http:\/\/www.vivancoculturadevino.es","https:\/\/www.facebook.com\/vivancoculturadevino","https:\/\/x.com\/https:\/\/twitter.com\/Vivanco_es","https:\/\/www.youtube.com\/channel\/UC8a2nOiF7kAQNPPduAi2Evw\/videos"],"url":"https:\/\/vivancoculturadevino.es\/blog\/author\/administrator\/"}]}},"_links":{"self":[{"href":"https:\/\/vivancoculturadevino.es\/blog\/wp-json\/wp\/v2\/posts\/3399","targetHints":{"allow":["GET"]}}],"collection":[{"href":"https:\/\/vivancoculturadevino.es\/blog\/wp-json\/wp\/v2\/posts"}],"about":[{"href":"https:\/\/vivancoculturadevino.es\/blog\/wp-json\/wp\/v2\/types\/post"}],"author":[{"embeddable":true,"href":"https:\/\/vivancoculturadevino.es\/blog\/wp-json\/wp\/v2\/users\/1"}],"replies":[{"embeddable":true,"href":"https:\/\/vivancoculturadevino.es\/blog\/wp-json\/wp\/v2\/comments?post=3399"}],"version-history":[{"count":4,"href":"https:\/\/vivancoculturadevino.es\/blog\/wp-json\/wp\/v2\/posts\/3399\/revisions"}],"predecessor-version":[{"id":3678,"href":"https:\/\/vivancoculturadevino.es\/blog\/wp-json\/wp\/v2\/posts\/3399\/revisions\/3678"}],"wp:featuredmedia":[{"embeddable":true,"href":"https:\/\/vivancoculturadevino.es\/blog\/wp-json\/wp\/v2\/media\/3401"}],"wp:attachment":[{"href":"https:\/\/vivancoculturadevino.es\/blog\/wp-json\/wp\/v2\/media?parent=3399"}],"wp:term":[{"taxonomy":"category","embeddable":true,"href":"https:\/\/vivancoculturadevino.es\/blog\/wp-json\/wp\/v2\/categories?post=3399"},{"taxonomy":"post_tag","embeddable":true,"href":"https:\/\/vivancoculturadevino.es\/blog\/wp-json\/wp\/v2\/tags?post=3399"}],"curies":[{"name":"wp","href":"https:\/\/api.w.org\/{rel}","templated":true}]}}