{"id":3366,"date":"2017-12-18T10:00:05","date_gmt":"2017-12-18T09:00:05","guid":{"rendered":"https:\/\/vivancoculturadevino.es\/blog\/?p=3366"},"modified":"2018-10-10T09:23:59","modified_gmt":"2018-10-10T08:23:59","slug":"cuentos-sobre-el-vino-para-los-mas-pequenos-de-la-casa","status":"publish","type":"post","link":"https:\/\/vivancoculturadevino.es\/blog\/2017\/12\/18\/cuentos-sobre-el-vino-para-los-mas-pequenos-de-la-casa\/","title":{"rendered":"Cuentos sobre el vino para los m\u00e1s peque\u00f1os de la casa"},"content":{"rendered":"<p>La literatura y el vino tienen tanto de arte como de tradici\u00f3n. Uno de los m\u00e1s grandes poetas del siglo XX -al menos as\u00ed lo afirmaba el propio Gabriel Garc\u00eda M\u00e1rquez-, el premio Nobel de literatura Pablo Neruda, demostr\u00f3 que la convergencia entre ambas artes pod\u00eda terminar en algo sublime. Nacido en tierra de vi\u00f1as, Neruda fue un gran gourmet y su poes\u00eda est\u00e1 salpicada de gui\u00f1os a la comida y al vino. Su versi\u00f3n primigenia \u201cOda al Vino\u201d y sus dedicatorias en \u201cOdas Elementales\u201d, nos aproximan al autor a trav\u00e9s de sus manos y su pensamiento, junto al disfrute de este preciado brevaje.<\/p>\n<figure id=\"attachment_3367\" aria-describedby=\"caption-attachment-3367\" style=\"width: 747px\" class=\"wp-caption aligncenter\"><a href=\"https:\/\/vivancoculturadevino.es\/blog\/wp-content\/uploads\/2017\/12\/oda-a-neruda-1.jpg\"><img fetchpriority=\"high\" decoding=\"async\" class=\"size-large wp-image-3367\" src=\"https:\/\/vivancoculturadevino.es\/blog\/wp-content\/uploads\/2017\/12\/oda-a-neruda-1-747x1024.jpg\" alt=\"Oda al Vino: manuscrito original de Pablo Neruda, 1953. Centro de Documentaci\u00f3n del Vino Vivanco\" width=\"747\" height=\"1024\" srcset=\"https:\/\/vivancoculturadevino.es\/blog\/wp-content\/uploads\/2017\/12\/oda-a-neruda-1-747x1024.jpg 747w, https:\/\/vivancoculturadevino.es\/blog\/wp-content\/uploads\/2017\/12\/oda-a-neruda-1-219x300.jpg 219w, https:\/\/vivancoculturadevino.es\/blog\/wp-content\/uploads\/2017\/12\/oda-a-neruda-1.jpg 1271w\" sizes=\"(max-width: 747px) 100vw, 747px\" \/><\/a><figcaption id=\"caption-attachment-3367\" class=\"wp-caption-text\">Oda al Vino: manuscrito original de Pablo Neruda, 1953. Centro de Documentaci\u00f3n del Vino Vivanco<\/figcaption><\/figure>\n<p>El autor chileno, que traz\u00f3 obras que cautivaron a adultos de todo el mundo, puede hoy ser disfrutada por los m\u00e1s peque\u00f1os con textos adaptados como la <a href=\"https:\/\/www.casadellibro.com\/libro-pablo-neruda-para-ninos\/9788430540150\/920382\">publicada por el editorial Susaeta<\/a>, con ilustraciones de Teo Puebla.<\/p>\n<p>Y si de tradiciones y arte queremos impregnar a toda la familia, \u00bfpor qu\u00e9 no divulgar a los m\u00e1s peque\u00f1os las costumbres y la cultura vitivin\u00edcola? De hecho, el vino ha sido un elemento presente en muchas f\u00e1bulas y cuentos populares de la literatura infantil espa\u00f1ola, donde los m\u00e9ritos del jugo fermentado de uva ha sido exaltado sin reparos en muchas de sus obras, tal y como se\u00f1ala <a href=\"http:\/\/revistas.um.es\/rmu\/article\/viewFile\/68811\/66241\">Anselmo S\u00e1nchez Ferra<\/a>, en su estudio llevado a cabo durante m\u00e1s de quince a\u00f1os sobre los cuentos populares en distintos municipios murcianos.<\/p>\n<h2><strong>Cuentos riojanos<\/strong><\/h2>\n<p>En realidad, existe en Espa\u00f1a una interesante oferta de cert\u00e1menes, concursos, actividades y libros para acercar la tradici\u00f3n vitivin\u00edcola a los m\u00e1s peque\u00f1os. A los padres riojanos probablemente les guste hacerse con una copia del libro \u201c<a href=\"http:\/\/cuentouvasrioja.blogspot.com.es\/\">Al corro de la uva fresca<\/a>\u201c, de Mercedes Gonz\u00e1lez e ilustraciones de Ana del Castillo. Esta obra, escrita en rima, busca acercar la cultura vitivin\u00edcola riojana a los ni\u00f1os narrando la historia de \u201cPepillo Tempranillo\u201d, la uva protagonista, y sus amigos \u201cMart\u00edn Mazuelo\u201d, \u201cGonzalo Graciano\u201d y \u201cManuela Malvas\u00eda\u201d, quienes aprender a protegerse de \u201cFilomena Filoxera\u201d -la bruja mala de todos los cuentos, con la ayuda de \u201cTom\u201d el agricultor.<\/p>\n<p>Con este cuento, los infantes podr\u00e1n distinguir los diferentes tipos de uva, c\u00f3mo se cultiva y c\u00f3mo transcurre la vida en el vi\u00f1edo contada por sus protagonistas: las uvas<\/p>\n<p><iframe width=\"560\" height=\"315\" src=\"https:\/\/www.youtube-nocookie.com\/embed\/4D71cW2E6Xc\" frameborder=\"0\" allow=\"autoplay; encrypted-media\" allowfullscreen><\/iframe><\/p>\n<p><a href=\"https:\/\/vivancoculturadevino.es\/blog\/wp-content\/uploads\/2017\/12\/al-corro-de-la-uva-fresca.jpg\"><img decoding=\"async\" class=\"aligncenter size-large wp-image-3368\" src=\"https:\/\/vivancoculturadevino.es\/blog\/wp-content\/uploads\/2017\/12\/al-corro-de-la-uva-fresca-1024x512.jpg\" alt=\"Al corro de la uva fresca\" width=\"1024\" height=\"512\" srcset=\"https:\/\/vivancoculturadevino.es\/blog\/wp-content\/uploads\/2017\/12\/al-corro-de-la-uva-fresca-1024x512.jpg 1024w, https:\/\/vivancoculturadevino.es\/blog\/wp-content\/uploads\/2017\/12\/al-corro-de-la-uva-fresca-300x150.jpg 300w, https:\/\/vivancoculturadevino.es\/blog\/wp-content\/uploads\/2017\/12\/al-corro-de-la-uva-fresca.jpg 1600w\" sizes=\"(max-width: 1024px) 100vw, 1024px\" \/><\/a><\/p>\n<p>Por su larga tradici\u00f3n de tierra de vino, la regi\u00f3n riojana es testimonio de un conjunto de obras infantiles destinadas a los m\u00e1s peque\u00f1os. Ejemplo de ello son las obras del escritor especializado en literatura infantil y juvenil Antonio de Benito, \u201c<a href=\"https:\/\/www.casadellibro.com\/libro-la-cultura-del-vino-de-la-a-a-la-z\/9788444102573\/1814871\">De la A a la Z: La Cultura del Vino<\/a>\u201d, \u201cH\u00e9ctor, un buen dino de Rioja\u201d\u00a0 y \u201c<a href=\"https:\/\/vivancoculturadevino.es\/es\/fundacion\/editorial\/\">El estornino Saturnino en la tierra del vino<\/a>\u201d, de la Editorial Vivanco.<\/p>\n<figure id=\"attachment_3380\" aria-describedby=\"caption-attachment-3380\" style=\"width: 300px\" class=\"wp-caption aligncenter\"><a href=\"https:\/\/vivancoculturadevino.es\/blog\/wp-content\/uploads\/2017\/12\/0000004e1-el_estornino_saturnino1.jpg\"><img decoding=\"async\" class=\"size-full wp-image-3380\" src=\"https:\/\/vivancoculturadevino.es\/blog\/wp-content\/uploads\/2017\/12\/0000004e1-el_estornino_saturnino1.jpg\" alt=\"El Estornino Saturnino en la Tierra del Vino\" width=\"300\" height=\"430\" srcset=\"https:\/\/vivancoculturadevino.es\/blog\/wp-content\/uploads\/2017\/12\/0000004e1-el_estornino_saturnino1.jpg 300w, https:\/\/vivancoculturadevino.es\/blog\/wp-content\/uploads\/2017\/12\/0000004e1-el_estornino_saturnino1-209x300.jpg 209w\" sizes=\"(max-width: 300px) 100vw, 300px\" \/><\/a><figcaption id=\"caption-attachment-3380\" class=\"wp-caption-text\">El Estornino Saturnino en la Tierra del Vino<\/figcaption><\/figure>\n<h2><strong>Cuentos andaluces<\/strong><\/h2>\n<p>A los padres andaluces probablemente les resulte estimulante ense\u00f1ar a sus hijos la crianza del vino de Jerez a trav\u00e9s del cuento infantil que lleva por t\u00edtulo \u201c<a href=\"https:\/\/www.casadellibro.com\/libro-balti-aventura-en-la-bodega\/9788494192227\/2253512\">Balti: aventuras en la bodega<\/a>\u201c, del periodista Javier Ben\u00edtez Z\u00fa\u00f1iga e ilustraciones de Jos\u00e9 Juan Romero.<\/p>\n<p>\u201cBalti\u201d tiene como protagonista un viejo conocido de las bodegas de Jerez: los ratones. En la obra, el rat\u00f3n \u201cBalti\u201d vive a sus anchas en la campi\u00f1a, pero un d\u00eda trepa por una cesta para coger unas uvas durante la vendimia y acaba en una bodega donde se hace amigo de otro rat\u00f3n, \u201cMonti\u201d, que le acompa\u00f1a en una viaje en el que recorre todo el proceso de crianza del vino de Jerez. Ambos realizar\u00e1n toda una serie de travesuras y se las ver\u00e1n moradas trantando de escapar de las urpas de un gato que ferozmente les perseguir\u00e1 entre las andanas de botas de vino.<a href=\"https:\/\/vivancoculturadevino.es\/blog\/wp-content\/uploads\/2017\/12\/portada-balti-644-644x362.jpg\"><img loading=\"lazy\" decoding=\"async\" class=\"aligncenter size-full wp-image-3370\" src=\"https:\/\/vivancoculturadevino.es\/blog\/wp-content\/uploads\/2017\/12\/portada-balti-644-644x362.jpg\" alt=\"portada-balti-644--644x362\" width=\"644\" height=\"362\" srcset=\"https:\/\/vivancoculturadevino.es\/blog\/wp-content\/uploads\/2017\/12\/portada-balti-644-644x362.jpg 644w, https:\/\/vivancoculturadevino.es\/blog\/wp-content\/uploads\/2017\/12\/portada-balti-644-644x362-300x169.jpg 300w\" sizes=\"(max-width: 644px) 100vw, 644px\" \/><\/a><\/p>\n<h2><strong>Cuentos catalanes<\/strong><\/h2>\n<p>Aprovechando la popularidad y el \u00e9xito de un tradicional personaje de cuento, en Patufet, la editorial Cosset\u00e0nia decidi\u00f3 publicar en septiembre de 2016 un cuento infantil (en catal\u00e1n) sobre la elaboraci\u00f3n del vino, titulado \u201c<a href=\"http:\/\/www.cossetania.com\/la-verema-1921\">La verema<\/a>\u201d.<\/p>\n<p>En la obra, de Roger Roig y Hugo Prades, Patufet invita su pandilla a vivir de cerca una entra\u00f1able tarea del campo: la vendimia. Acompa\u00f1ados por una buena amiga, descubrir\u00e1n una de las tradiciones campesinas m\u00e1s ancestrales de la regi\u00f3n, y participar\u00e1n activamente en todo el proceso, desde cortar cuidadosamente las uvas hasta prensarlas para elaborar el vino.<\/p>\n<p><a href=\"https:\/\/vivancoculturadevino.es\/blog\/wp-content\/uploads\/2017\/12\/La-Verema.jpg\"><img loading=\"lazy\" decoding=\"async\" class=\"aligncenter size-large wp-image-3371\" src=\"https:\/\/vivancoculturadevino.es\/blog\/wp-content\/uploads\/2017\/12\/La-Verema-1024x934.jpg\" alt=\"La Verema\" width=\"1024\" height=\"934\" srcset=\"https:\/\/vivancoculturadevino.es\/blog\/wp-content\/uploads\/2017\/12\/La-Verema-1024x934.jpg 1024w, https:\/\/vivancoculturadevino.es\/blog\/wp-content\/uploads\/2017\/12\/La-Verema-300x274.jpg 300w\" sizes=\"(max-width: 1024px) 100vw, 1024px\" \/><\/a><\/p>\n<p>Dos obras m\u00e1s publicadas en tierras catalanas (en catal\u00e1n) son \u201c<a href=\"http:\/\/www.elcepilanansa.com\/colleccions\/festa-va\/la-verema\/\">La Verema. En Ciscu de can Garnatxa i el ra\u00efm misteri\u00f3s<\/a>\u201d, de Montserrat Balada e ilustraciones de Eva Sans; y \u201c<a href=\"http:\/\/arolaeditors.com\/promo\/raim\/\">El ra\u00efm inquiet<\/a>\u201d, de Elisenda Guiu e ilustraciones de Cristina Caupena.<\/p>\n<p>Y por \u00faltimo no quisi\u00e9ramos cerrar este art\u00edculo sin hacer menci\u00f3n a un conocido cuento de Don Juan Manuel Conde Lucanor, adaptado y popularizado por Jorge Bucay a trav\u00e9s del que, adem\u00e1s, podr\u00e9is transmitir una interesante reflexi\u00f3n vuestros hijos. Se trata de la obra \u201cPor una jarra de vino\u201d, cuya historia ocurre en un peque\u00f1o pa\u00eds denominado Uvilandia, y en el que todos sus habitantes se dedican a la producci\u00f3n de vino. La moraleja final es digna de ser madurada como si del mismo vino se tratara.<\/p>\n<p><iframe src=\"https:\/\/www.youtube-nocookie.com\/embed\/5-HknpUU8ig\" width=\"640\" height=\"360\" frameborder=\"0\" allowfullscreen=\"allowfullscreen\"><\/iframe><\/p>\n<p>&nbsp;<\/p>\n<p>&nbsp;<\/p>\n","protected":false},"excerpt":{"rendered":"<p>La literatura y el vino tienen tanto de arte como de tradici\u00f3n. Uno de los m\u00e1s grandes poetas del siglo XX -al menos as\u00ed lo afirmaba el propio Gabriel Garc\u00eda M\u00e1rquez-, el premio Nobel de literatura Pablo Neruda, demostr\u00f3 que la convergencia entre ambas artes pod\u00eda terminar en algo sublime. Nacido en tierra de vi\u00f1as, [&hellip;]<\/p>\n","protected":false},"author":13,"featured_media":3369,"comment_status":"open","ping_status":"open","sticky":false,"template":"","format":"standard","meta":{"footnotes":"","_elementor_edit_mode":"","_elementor_template_type":"","_elementor_data":"","_elementor_page_settings":null,"_elementor_conditions":[]},"categories":[7],"tags":[19,4],"class_list":["post-3366","post","type-post","status-publish","format-standard","has-post-thumbnail","hentry","category-fundacion","tag-cultura-de-vino","tag-vino"],"yoast_head":"<!-- This site is optimized with the Yoast SEO plugin v26.8 - https:\/\/yoast.com\/product\/yoast-seo-wordpress\/ -->\n<title>Cuentos sobre el vino para lo m\u00e1s peque\u00f1os<\/title>\n<meta name=\"description\" content=\"Literatura y vino tienen tanto de arte como de tradici\u00f3n. Y para impregnar de tradiciones a la familia, \u00bfpor qu\u00e9 no divulgar las costumbres y la cultura vitivin\u00edcola?\" \/>\n<meta name=\"robots\" content=\"index, follow, max-snippet:-1, max-image-preview:large, max-video-preview:-1\" \/>\n<link rel=\"canonical\" href=\"https:\/\/vivancoculturadevino.es\/blog\/2017\/12\/18\/cuentos-sobre-el-vino-para-los-mas-pequenos-de-la-casa\/\" \/>\n<meta property=\"og:locale\" content=\"es_ES\" \/>\n<meta property=\"og:type\" content=\"article\" \/>\n<meta property=\"og:title\" content=\"Cuentos sobre el vino para lo m\u00e1s peque\u00f1os\" \/>\n<meta property=\"og:description\" content=\"Literatura y vino tienen tanto de arte como de tradici\u00f3n. Y para impregnar de tradiciones a la familia, \u00bfpor qu\u00e9 no divulgar las costumbres y la cultura vitivin\u00edcola?\" \/>\n<meta property=\"og:url\" content=\"https:\/\/vivancoculturadevino.es\/blog\/2017\/12\/18\/cuentos-sobre-el-vino-para-los-mas-pequenos-de-la-casa\/\" \/>\n<meta property=\"og:site_name\" content=\"Vivanco\" \/>\n<meta property=\"article:author\" content=\"https:\/\/www.facebook.com\/muhimu.es\" \/>\n<meta property=\"article:published_time\" content=\"2017-12-18T09:00:05+00:00\" \/>\n<meta property=\"article:modified_time\" content=\"2018-10-10T08:23:59+00:00\" \/>\n<meta property=\"og:image\" content=\"https:\/\/vivancoculturadevino.es\/blog\/wp-content\/uploads\/2017\/12\/la-cultura-del-vino-de-la-A-a-la-Z.jpg\" \/>\n\t<meta property=\"og:image:width\" content=\"612\" \/>\n\t<meta property=\"og:image:height\" content=\"572\" \/>\n\t<meta property=\"og:image:type\" content=\"image\/jpeg\" \/>\n<meta name=\"author\" content=\"Llu\u00eds Torrent\" \/>\n<meta name=\"twitter:card\" content=\"summary_large_image\" \/>\n<meta name=\"twitter:creator\" content=\"@https:\/\/twitter.com\/muhimu_es\" \/>\n<meta name=\"twitter:label1\" content=\"Escrito por\" \/>\n\t<meta name=\"twitter:data1\" content=\"Llu\u00eds Torrent\" \/>\n\t<meta name=\"twitter:label2\" content=\"Tiempo de lectura\" \/>\n\t<meta name=\"twitter:data2\" content=\"5 minutos\" \/>\n<script type=\"application\/ld+json\" class=\"yoast-schema-graph\">{\"@context\":\"https:\/\/schema.org\",\"@graph\":[{\"@type\":\"Article\",\"@id\":\"https:\/\/vivancoculturadevino.es\/blog\/2017\/12\/18\/cuentos-sobre-el-vino-para-los-mas-pequenos-de-la-casa\/#article\",\"isPartOf\":{\"@id\":\"https:\/\/vivancoculturadevino.es\/blog\/2017\/12\/18\/cuentos-sobre-el-vino-para-los-mas-pequenos-de-la-casa\/\"},\"author\":{\"name\":\"Llu\u00eds Torrent\",\"@id\":\"https:\/\/vivancoculturadevino.es\/blog\/#\/schema\/person\/72fa80940a0833c680c02c741b135cb6\"},\"headline\":\"Cuentos sobre el vino para los m\u00e1s peque\u00f1os de la casa\",\"datePublished\":\"2017-12-18T09:00:05+00:00\",\"dateModified\":\"2018-10-10T08:23:59+00:00\",\"mainEntityOfPage\":{\"@id\":\"https:\/\/vivancoculturadevino.es\/blog\/2017\/12\/18\/cuentos-sobre-el-vino-para-los-mas-pequenos-de-la-casa\/\"},\"wordCount\":940,\"commentCount\":0,\"publisher\":{\"@id\":\"https:\/\/vivancoculturadevino.es\/blog\/#organization\"},\"image\":{\"@id\":\"https:\/\/vivancoculturadevino.es\/blog\/2017\/12\/18\/cuentos-sobre-el-vino-para-los-mas-pequenos-de-la-casa\/#primaryimage\"},\"thumbnailUrl\":\"https:\/\/vivancoculturadevino.es\/blog\/wp-content\/uploads\/2017\/12\/la-cultura-del-vino-de-la-A-a-la-Z.jpg\",\"keywords\":[\"cultura de vino\",\"vino\"],\"articleSection\":[\"Cultura\"],\"inLanguage\":\"es\",\"potentialAction\":[{\"@type\":\"CommentAction\",\"name\":\"Comment\",\"target\":[\"https:\/\/vivancoculturadevino.es\/blog\/2017\/12\/18\/cuentos-sobre-el-vino-para-los-mas-pequenos-de-la-casa\/#respond\"]}]},{\"@type\":\"WebPage\",\"@id\":\"https:\/\/vivancoculturadevino.es\/blog\/2017\/12\/18\/cuentos-sobre-el-vino-para-los-mas-pequenos-de-la-casa\/\",\"url\":\"https:\/\/vivancoculturadevino.es\/blog\/2017\/12\/18\/cuentos-sobre-el-vino-para-los-mas-pequenos-de-la-casa\/\",\"name\":\"Cuentos sobre el vino para lo m\u00e1s peque\u00f1os\",\"isPartOf\":{\"@id\":\"https:\/\/vivancoculturadevino.es\/blog\/#website\"},\"primaryImageOfPage\":{\"@id\":\"https:\/\/vivancoculturadevino.es\/blog\/2017\/12\/18\/cuentos-sobre-el-vino-para-los-mas-pequenos-de-la-casa\/#primaryimage\"},\"image\":{\"@id\":\"https:\/\/vivancoculturadevino.es\/blog\/2017\/12\/18\/cuentos-sobre-el-vino-para-los-mas-pequenos-de-la-casa\/#primaryimage\"},\"thumbnailUrl\":\"https:\/\/vivancoculturadevino.es\/blog\/wp-content\/uploads\/2017\/12\/la-cultura-del-vino-de-la-A-a-la-Z.jpg\",\"datePublished\":\"2017-12-18T09:00:05+00:00\",\"dateModified\":\"2018-10-10T08:23:59+00:00\",\"description\":\"Literatura y vino tienen tanto de arte como de tradici\u00f3n. Y para impregnar de tradiciones a la familia, \u00bfpor qu\u00e9 no divulgar las costumbres y la cultura vitivin\u00edcola?\",\"breadcrumb\":{\"@id\":\"https:\/\/vivancoculturadevino.es\/blog\/2017\/12\/18\/cuentos-sobre-el-vino-para-los-mas-pequenos-de-la-casa\/#breadcrumb\"},\"inLanguage\":\"es\",\"potentialAction\":[{\"@type\":\"ReadAction\",\"target\":[\"https:\/\/vivancoculturadevino.es\/blog\/2017\/12\/18\/cuentos-sobre-el-vino-para-los-mas-pequenos-de-la-casa\/\"]}]},{\"@type\":\"ImageObject\",\"inLanguage\":\"es\",\"@id\":\"https:\/\/vivancoculturadevino.es\/blog\/2017\/12\/18\/cuentos-sobre-el-vino-para-los-mas-pequenos-de-la-casa\/#primaryimage\",\"url\":\"https:\/\/vivancoculturadevino.es\/blog\/wp-content\/uploads\/2017\/12\/la-cultura-del-vino-de-la-A-a-la-Z.jpg\",\"contentUrl\":\"https:\/\/vivancoculturadevino.es\/blog\/wp-content\/uploads\/2017\/12\/la-cultura-del-vino-de-la-A-a-la-Z.jpg\",\"width\":612,\"height\":572},{\"@type\":\"BreadcrumbList\",\"@id\":\"https:\/\/vivancoculturadevino.es\/blog\/2017\/12\/18\/cuentos-sobre-el-vino-para-los-mas-pequenos-de-la-casa\/#breadcrumb\",\"itemListElement\":[{\"@type\":\"ListItem\",\"position\":1,\"name\":\"Portada\",\"item\":\"https:\/\/vivancoculturadevino.es\/blog\/\"},{\"@type\":\"ListItem\",\"position\":2,\"name\":\"Cuentos sobre el vino para los m\u00e1s peque\u00f1os de la casa\"}]},{\"@type\":\"WebSite\",\"@id\":\"https:\/\/vivancoculturadevino.es\/blog\/#website\",\"url\":\"https:\/\/vivancoculturadevino.es\/blog\/\",\"name\":\"Vivanco\",\"description\":\"Una familia y una pasi\u00f3n: Compartir la cultura del vino\",\"publisher\":{\"@id\":\"https:\/\/vivancoculturadevino.es\/blog\/#organization\"},\"potentialAction\":[{\"@type\":\"SearchAction\",\"target\":{\"@type\":\"EntryPoint\",\"urlTemplate\":\"https:\/\/vivancoculturadevino.es\/blog\/?s={search_term_string}\"},\"query-input\":{\"@type\":\"PropertyValueSpecification\",\"valueRequired\":true,\"valueName\":\"search_term_string\"}}],\"inLanguage\":\"es\"},{\"@type\":\"Organization\",\"@id\":\"https:\/\/vivancoculturadevino.es\/blog\/#organization\",\"name\":\"Vivanco\",\"url\":\"https:\/\/vivancoculturadevino.es\/blog\/\",\"logo\":{\"@type\":\"ImageObject\",\"inLanguage\":\"es\",\"@id\":\"https:\/\/vivancoculturadevino.es\/blog\/#\/schema\/logo\/image\/\",\"url\":\"https:\/\/vivancoculturadevino.es\/blog\/wp-content\/uploads\/2026\/01\/Logo-blanco.svg\",\"contentUrl\":\"https:\/\/vivancoculturadevino.es\/blog\/wp-content\/uploads\/2026\/01\/Logo-blanco.svg\",\"width\":134,\"height\":43,\"caption\":\"Vivanco\"},\"image\":{\"@id\":\"https:\/\/vivancoculturadevino.es\/blog\/#\/schema\/logo\/image\/\"}},{\"@type\":\"Person\",\"@id\":\"https:\/\/vivancoculturadevino.es\/blog\/#\/schema\/person\/72fa80940a0833c680c02c741b135cb6\",\"name\":\"Llu\u00eds Torrent\",\"image\":{\"@type\":\"ImageObject\",\"inLanguage\":\"es\",\"@id\":\"https:\/\/vivancoculturadevino.es\/blog\/#\/schema\/person\/image\/\",\"url\":\"https:\/\/secure.gravatar.com\/avatar\/9b88301441f45a8f580d01fca4d51685d4fd364bcf7e0452c25d2e5faa9b1d6c?s=96&d=mm&r=g\",\"contentUrl\":\"https:\/\/secure.gravatar.com\/avatar\/9b88301441f45a8f580d01fca4d51685d4fd364bcf7e0452c25d2e5faa9b1d6c?s=96&d=mm&r=g\",\"caption\":\"Llu\u00eds Torrent\"},\"description\":\"Apasionado de la divulgaci\u00f3n y el conocimiento, si puede ser en formato audiovisual a\u00fan mejor. Desde United Explanations intenta explicar de forma m\u00e1s amena los asuntos internacionales. Desde Muhimu rescata historias que merecen ser contadas. Ha trabajado como consultor en medio ambiente, comunicaci\u00f3n, e-commerce y marketing online. Socialmente comprometido, le apasiona explorar la fina l\u00ednea que transcurre entre la pol\u00edtica, la econom\u00eda, la sociedad y el medio ambiente.\",\"sameAs\":[\"http:\/\/muhimu.es\/\",\"https:\/\/www.facebook.com\/muhimu.es\",\"https:\/\/x.com\/https:\/\/twitter.com\/muhimu_es\"],\"url\":\"https:\/\/vivancoculturadevino.es\/blog\/author\/lluis-torrent\/\"}]}<\/script>\n<!-- \/ Yoast SEO plugin. -->","yoast_head_json":{"title":"Cuentos sobre el vino para lo m\u00e1s peque\u00f1os","description":"Literatura y vino tienen tanto de arte como de tradici\u00f3n. Y para impregnar de tradiciones a la familia, \u00bfpor qu\u00e9 no divulgar las costumbres y la cultura vitivin\u00edcola?","robots":{"index":"index","follow":"follow","max-snippet":"max-snippet:-1","max-image-preview":"max-image-preview:large","max-video-preview":"max-video-preview:-1"},"canonical":"https:\/\/vivancoculturadevino.es\/blog\/2017\/12\/18\/cuentos-sobre-el-vino-para-los-mas-pequenos-de-la-casa\/","og_locale":"es_ES","og_type":"article","og_title":"Cuentos sobre el vino para lo m\u00e1s peque\u00f1os","og_description":"Literatura y vino tienen tanto de arte como de tradici\u00f3n. Y para impregnar de tradiciones a la familia, \u00bfpor qu\u00e9 no divulgar las costumbres y la cultura vitivin\u00edcola?","og_url":"https:\/\/vivancoculturadevino.es\/blog\/2017\/12\/18\/cuentos-sobre-el-vino-para-los-mas-pequenos-de-la-casa\/","og_site_name":"Vivanco","article_author":"https:\/\/www.facebook.com\/muhimu.es","article_published_time":"2017-12-18T09:00:05+00:00","article_modified_time":"2018-10-10T08:23:59+00:00","og_image":[{"width":612,"height":572,"url":"https:\/\/vivancoculturadevino.es\/blog\/wp-content\/uploads\/2017\/12\/la-cultura-del-vino-de-la-A-a-la-Z.jpg","type":"image\/jpeg"}],"author":"Llu\u00eds Torrent","twitter_card":"summary_large_image","twitter_creator":"@https:\/\/twitter.com\/muhimu_es","twitter_misc":{"Escrito por":"Llu\u00eds Torrent","Tiempo de lectura":"5 minutos"},"schema":{"@context":"https:\/\/schema.org","@graph":[{"@type":"Article","@id":"https:\/\/vivancoculturadevino.es\/blog\/2017\/12\/18\/cuentos-sobre-el-vino-para-los-mas-pequenos-de-la-casa\/#article","isPartOf":{"@id":"https:\/\/vivancoculturadevino.es\/blog\/2017\/12\/18\/cuentos-sobre-el-vino-para-los-mas-pequenos-de-la-casa\/"},"author":{"name":"Llu\u00eds Torrent","@id":"https:\/\/vivancoculturadevino.es\/blog\/#\/schema\/person\/72fa80940a0833c680c02c741b135cb6"},"headline":"Cuentos sobre el vino para los m\u00e1s peque\u00f1os de la casa","datePublished":"2017-12-18T09:00:05+00:00","dateModified":"2018-10-10T08:23:59+00:00","mainEntityOfPage":{"@id":"https:\/\/vivancoculturadevino.es\/blog\/2017\/12\/18\/cuentos-sobre-el-vino-para-los-mas-pequenos-de-la-casa\/"},"wordCount":940,"commentCount":0,"publisher":{"@id":"https:\/\/vivancoculturadevino.es\/blog\/#organization"},"image":{"@id":"https:\/\/vivancoculturadevino.es\/blog\/2017\/12\/18\/cuentos-sobre-el-vino-para-los-mas-pequenos-de-la-casa\/#primaryimage"},"thumbnailUrl":"https:\/\/vivancoculturadevino.es\/blog\/wp-content\/uploads\/2017\/12\/la-cultura-del-vino-de-la-A-a-la-Z.jpg","keywords":["cultura de vino","vino"],"articleSection":["Cultura"],"inLanguage":"es","potentialAction":[{"@type":"CommentAction","name":"Comment","target":["https:\/\/vivancoculturadevino.es\/blog\/2017\/12\/18\/cuentos-sobre-el-vino-para-los-mas-pequenos-de-la-casa\/#respond"]}]},{"@type":"WebPage","@id":"https:\/\/vivancoculturadevino.es\/blog\/2017\/12\/18\/cuentos-sobre-el-vino-para-los-mas-pequenos-de-la-casa\/","url":"https:\/\/vivancoculturadevino.es\/blog\/2017\/12\/18\/cuentos-sobre-el-vino-para-los-mas-pequenos-de-la-casa\/","name":"Cuentos sobre el vino para lo m\u00e1s peque\u00f1os","isPartOf":{"@id":"https:\/\/vivancoculturadevino.es\/blog\/#website"},"primaryImageOfPage":{"@id":"https:\/\/vivancoculturadevino.es\/blog\/2017\/12\/18\/cuentos-sobre-el-vino-para-los-mas-pequenos-de-la-casa\/#primaryimage"},"image":{"@id":"https:\/\/vivancoculturadevino.es\/blog\/2017\/12\/18\/cuentos-sobre-el-vino-para-los-mas-pequenos-de-la-casa\/#primaryimage"},"thumbnailUrl":"https:\/\/vivancoculturadevino.es\/blog\/wp-content\/uploads\/2017\/12\/la-cultura-del-vino-de-la-A-a-la-Z.jpg","datePublished":"2017-12-18T09:00:05+00:00","dateModified":"2018-10-10T08:23:59+00:00","description":"Literatura y vino tienen tanto de arte como de tradici\u00f3n. Y para impregnar de tradiciones a la familia, \u00bfpor qu\u00e9 no divulgar las costumbres y la cultura vitivin\u00edcola?","breadcrumb":{"@id":"https:\/\/vivancoculturadevino.es\/blog\/2017\/12\/18\/cuentos-sobre-el-vino-para-los-mas-pequenos-de-la-casa\/#breadcrumb"},"inLanguage":"es","potentialAction":[{"@type":"ReadAction","target":["https:\/\/vivancoculturadevino.es\/blog\/2017\/12\/18\/cuentos-sobre-el-vino-para-los-mas-pequenos-de-la-casa\/"]}]},{"@type":"ImageObject","inLanguage":"es","@id":"https:\/\/vivancoculturadevino.es\/blog\/2017\/12\/18\/cuentos-sobre-el-vino-para-los-mas-pequenos-de-la-casa\/#primaryimage","url":"https:\/\/vivancoculturadevino.es\/blog\/wp-content\/uploads\/2017\/12\/la-cultura-del-vino-de-la-A-a-la-Z.jpg","contentUrl":"https:\/\/vivancoculturadevino.es\/blog\/wp-content\/uploads\/2017\/12\/la-cultura-del-vino-de-la-A-a-la-Z.jpg","width":612,"height":572},{"@type":"BreadcrumbList","@id":"https:\/\/vivancoculturadevino.es\/blog\/2017\/12\/18\/cuentos-sobre-el-vino-para-los-mas-pequenos-de-la-casa\/#breadcrumb","itemListElement":[{"@type":"ListItem","position":1,"name":"Portada","item":"https:\/\/vivancoculturadevino.es\/blog\/"},{"@type":"ListItem","position":2,"name":"Cuentos sobre el vino para los m\u00e1s peque\u00f1os de la casa"}]},{"@type":"WebSite","@id":"https:\/\/vivancoculturadevino.es\/blog\/#website","url":"https:\/\/vivancoculturadevino.es\/blog\/","name":"Vivanco","description":"Una familia y una pasi\u00f3n: Compartir la cultura del vino","publisher":{"@id":"https:\/\/vivancoculturadevino.es\/blog\/#organization"},"potentialAction":[{"@type":"SearchAction","target":{"@type":"EntryPoint","urlTemplate":"https:\/\/vivancoculturadevino.es\/blog\/?s={search_term_string}"},"query-input":{"@type":"PropertyValueSpecification","valueRequired":true,"valueName":"search_term_string"}}],"inLanguage":"es"},{"@type":"Organization","@id":"https:\/\/vivancoculturadevino.es\/blog\/#organization","name":"Vivanco","url":"https:\/\/vivancoculturadevino.es\/blog\/","logo":{"@type":"ImageObject","inLanguage":"es","@id":"https:\/\/vivancoculturadevino.es\/blog\/#\/schema\/logo\/image\/","url":"https:\/\/vivancoculturadevino.es\/blog\/wp-content\/uploads\/2026\/01\/Logo-blanco.svg","contentUrl":"https:\/\/vivancoculturadevino.es\/blog\/wp-content\/uploads\/2026\/01\/Logo-blanco.svg","width":134,"height":43,"caption":"Vivanco"},"image":{"@id":"https:\/\/vivancoculturadevino.es\/blog\/#\/schema\/logo\/image\/"}},{"@type":"Person","@id":"https:\/\/vivancoculturadevino.es\/blog\/#\/schema\/person\/72fa80940a0833c680c02c741b135cb6","name":"Llu\u00eds Torrent","image":{"@type":"ImageObject","inLanguage":"es","@id":"https:\/\/vivancoculturadevino.es\/blog\/#\/schema\/person\/image\/","url":"https:\/\/secure.gravatar.com\/avatar\/9b88301441f45a8f580d01fca4d51685d4fd364bcf7e0452c25d2e5faa9b1d6c?s=96&d=mm&r=g","contentUrl":"https:\/\/secure.gravatar.com\/avatar\/9b88301441f45a8f580d01fca4d51685d4fd364bcf7e0452c25d2e5faa9b1d6c?s=96&d=mm&r=g","caption":"Llu\u00eds Torrent"},"description":"Apasionado de la divulgaci\u00f3n y el conocimiento, si puede ser en formato audiovisual a\u00fan mejor. Desde United Explanations intenta explicar de forma m\u00e1s amena los asuntos internacionales. Desde Muhimu rescata historias que merecen ser contadas. Ha trabajado como consultor en medio ambiente, comunicaci\u00f3n, e-commerce y marketing online. Socialmente comprometido, le apasiona explorar la fina l\u00ednea que transcurre entre la pol\u00edtica, la econom\u00eda, la sociedad y el medio ambiente.","sameAs":["http:\/\/muhimu.es\/","https:\/\/www.facebook.com\/muhimu.es","https:\/\/x.com\/https:\/\/twitter.com\/muhimu_es"],"url":"https:\/\/vivancoculturadevino.es\/blog\/author\/lluis-torrent\/"}]}},"_links":{"self":[{"href":"https:\/\/vivancoculturadevino.es\/blog\/wp-json\/wp\/v2\/posts\/3366","targetHints":{"allow":["GET"]}}],"collection":[{"href":"https:\/\/vivancoculturadevino.es\/blog\/wp-json\/wp\/v2\/posts"}],"about":[{"href":"https:\/\/vivancoculturadevino.es\/blog\/wp-json\/wp\/v2\/types\/post"}],"author":[{"embeddable":true,"href":"https:\/\/vivancoculturadevino.es\/blog\/wp-json\/wp\/v2\/users\/13"}],"replies":[{"embeddable":true,"href":"https:\/\/vivancoculturadevino.es\/blog\/wp-json\/wp\/v2\/comments?post=3366"}],"version-history":[{"count":10,"href":"https:\/\/vivancoculturadevino.es\/blog\/wp-json\/wp\/v2\/posts\/3366\/revisions"}],"predecessor-version":[{"id":3687,"href":"https:\/\/vivancoculturadevino.es\/blog\/wp-json\/wp\/v2\/posts\/3366\/revisions\/3687"}],"wp:featuredmedia":[{"embeddable":true,"href":"https:\/\/vivancoculturadevino.es\/blog\/wp-json\/wp\/v2\/media\/3369"}],"wp:attachment":[{"href":"https:\/\/vivancoculturadevino.es\/blog\/wp-json\/wp\/v2\/media?parent=3366"}],"wp:term":[{"taxonomy":"category","embeddable":true,"href":"https:\/\/vivancoculturadevino.es\/blog\/wp-json\/wp\/v2\/categories?post=3366"},{"taxonomy":"post_tag","embeddable":true,"href":"https:\/\/vivancoculturadevino.es\/blog\/wp-json\/wp\/v2\/tags?post=3366"}],"curies":[{"name":"wp","href":"https:\/\/api.w.org\/{rel}","templated":true}]}}