{"id":3347,"date":"2017-12-12T10:00:56","date_gmt":"2017-12-12T09:00:56","guid":{"rendered":"https:\/\/vivancoculturadevino.es\/blog\/?p=3347"},"modified":"2020-05-19T17:41:05","modified_gmt":"2020-05-19T16:41:05","slug":"el-dia-que-se-bebio-vino-en-la-luna","status":"publish","type":"post","link":"https:\/\/vivancoculturadevino.es\/blog\/2017\/12\/12\/el-dia-que-se-bebio-vino-en-la-luna\/","title":{"rendered":"El d\u00eda que se bebi\u00f3 vino en la Luna"},"content":{"rendered":"<p>El 21 de diciembre de 1968 despegaba del Centro Espacial John F. Kennedy en Cabo Ca\u00f1averal el Apolo 8. Su misi\u00f3n: salir de la \u00f3rbita de la Tierra, orbitar la Luna (sin aterrizar en ella) y regresar a casa. Los astronautas Frank Borman, James Lovell y Bill Anders ser\u00edan los primeros humanos en salir de \u00f3rbita terrestre, los primeros en ver a la Tierra completa, los primeros en ver el lado oculto de la Luna y los primeros en ver el amanecer de la Tierra desde la Luna. El Apolo 8 tard\u00f3 3 d\u00edas en llegar a la Luna, orbit\u00f3 diez veces a lo largo de 20 horas y regres\u00f3 el 27 de diciembre. El \u00e9xito de aquella misi\u00f3n dar\u00eda el empuj\u00f3n definitivo al deseo del presidente Kennedy de llevar al hombre a la Luna. En la noche de Navidad, y mientras orbitaban la Luna, los tres astronautas transmitieron en directo -rompiendo todos los r\u00e9cords de audiencia- describiendo lo que estaban viendo y lo que sent\u00edan. Tom\u00f3 la palabra Bill Anders y dijo:<\/p>\n<blockquote><p>Nos acercamos ahora al amanecer lunar, y la tripulaci\u00f3n del Apolo 8 tiene un mensaje para toda la humanidad.<\/p><\/blockquote>\n<p>En aquel momento -preparado por ellos mismos y sin conocimiento de la NASA-, los tres astronautas se turnaron para leer el pasaje de la Creaci\u00f3n del G\u00e9nesis. Terminando con un \u201c\u00a1Feliz Navidad! Y que Dios los bendiga a todos\u201d. La lectura de aquel pasaje b\u00edblico le supuso a la NASA una demanda interpuesta por la activista atea Madalyn Murray O&#8217;Hair. Esta mujer, fundadora de American Atheists, era conocida por el caso Murray vs Curlett, que culmin\u00f3 con la prohibici\u00f3n, seg\u00fan sentencia del Tribunal Supremo de 1963, de la lectura de la Biblia en las escuelas p\u00fablicas estadounidenses. Seg\u00fan la demanda, los astronautas eran empleados p\u00fablicos y tambi\u00e9n estaban sujetos a la prohibici\u00f3n de la lectura p\u00fablica de la Biblia, independientemente de que se hubiese producido en la Luna -violaba la separaci\u00f3n constitucional entre la Iglesia y Estado-. As\u00ed que, la NASA, mientras se fallaba la demanda, decidi\u00f3 dejar a un lado los temas religiosos en las misiones.<\/p>\n<p style=\"text-align: center;\"><a href=\"https:\/\/vivancoculturadevino.es\/blog\/wp-content\/uploads\/2017\/12\/Buzz-Aldrin.jpg\"><img fetchpriority=\"high\" decoding=\"async\" class=\"aligncenter size-full wp-image-3350\" src=\"https:\/\/vivancoculturadevino.es\/blog\/wp-content\/uploads\/2017\/12\/Buzz-Aldrin.jpg\" alt=\"Buzz Aldrin en 1969\" width=\"425\" height=\"427\" srcset=\"https:\/\/vivancoculturadevino.es\/blog\/wp-content\/uploads\/2017\/12\/Buzz-Aldrin.jpg 425w, https:\/\/vivancoculturadevino.es\/blog\/wp-content\/uploads\/2017\/12\/Buzz-Aldrin-150x150.jpg 150w, https:\/\/vivancoculturadevino.es\/blog\/wp-content\/uploads\/2017\/12\/Buzz-Aldrin-300x300.jpg 300w\" sizes=\"(max-width: 425px) 100vw, 425px\" \/><\/a><em>Buzz Aldrin en 1969<\/em><\/p>\n<p>Y llegar\u00eda el 16 de julio de 1969, con el lanzamiento del Apolo 11. Su objetivo: lograr que un ser humano caminara sobre la Luna. Hecho que se produjo el 20 de julio, cuando Armstrong y Aldrin caminaron sobre la superficie lunar. Momentos antes de salir del m\u00f3dulo lunar, Aldrin rompi\u00f3 el precinto de una bolsa de pl\u00e1stico y sac\u00f3 su contenido: pan y vino. La intenci\u00f3n de Aldrin, con permiso de la Iglesia Presbiterana de Webster, cerca de Houston, era celebrar el sacramento de la comuni\u00f3n, y as\u00ed se lo comunic\u00f3 al coordinador de operaciones de vuelo Deke Slayton. Con la demanda interpuesta por Murray todav\u00eda por resolverse, la NASA no quer\u00eda m\u00e1s problemas. As\u00ed que, Slayton le inform\u00f3 que pod\u00eda comulgar pero que el mensaje que llegase a la Tierra no tuviese que ver con aquella celebraci\u00f3n y fuese completamente as\u00e9ptico. En palabras de Aldrin&#8230;<\/p>\n<blockquote><p>Vert\u00ed el vino en el c\u00e1liz que me hab\u00eda dado nuestra iglesia. En la sexta gravedad de la Luna, el vino resbal\u00f3 lenta y delicadamente por la copa. Era interesante pensar que el primer l\u00edquido que se bebi\u00f3 en la Luna, y el primer alimento que se com\u00eda all\u00ed, eran los elementos de la comuni\u00f3n.&nbsp;<\/p><\/blockquote>\n<p>&nbsp;<\/p>\n<p><a href=\"https:\/\/vivancoculturadevino.es\/blog\/wp-content\/uploads\/2017\/12\/Bolsa-y-c\u00e1liz-que-Aldrin-llev\u00f3-a-la-Luna-_Iglesia-Presbiterana-de-Webster.jpg\"><img decoding=\"async\" class=\"aligncenter size-full wp-image-4287\" src=\"https:\/\/vivancoculturadevino.es\/blog\/wp-content\/uploads\/2017\/12\/Bolsa-y-c\u00e1liz-que-Aldrin-llev\u00f3-a-la-Luna-_Iglesia-Presbiterana-de-Webster.jpg\" alt=\"Bolsa y c\u00e1liz que Aldrin llev\u00f3 a la Luna _Iglesia Presbiterana de Webster\" width=\"581\" height=\"465\" srcset=\"https:\/\/vivancoculturadevino.es\/blog\/wp-content\/uploads\/2017\/12\/Bolsa-y-c\u00e1liz-que-Aldrin-llev\u00f3-a-la-Luna-_Iglesia-Presbiterana-de-Webster.jpg 581w, https:\/\/vivancoculturadevino.es\/blog\/wp-content\/uploads\/2017\/12\/Bolsa-y-c\u00e1liz-que-Aldrin-llev\u00f3-a-la-Luna-_Iglesia-Presbiterana-de-Webster-300x240.jpg 300w\" sizes=\"(max-width: 581px) 100vw, 581px\" \/><\/a><\/p>\n<p style=\"text-align: center;\"><em>Bolsa y c\u00e1liz que Aldrin llev\u00f3 a la Luna _Iglesia Presbiterana de Webster<\/em><\/p>\n<p>Comulg\u00f3, y lo que se escuch\u00f3 fue&#8230;<\/p>\n<blockquote><p><em>Me gustar\u00eda pedir unos minutos de silencio e invitar a cada persona que escucha, est\u00e9 donde est\u00e9 y sea quien sea, a detenerse un momento, pensar en lo ocurrido en estas \u00faltimas horas, y dar gracias a su manera.<\/em><\/p><\/blockquote>\n<p>Para Aldrin era una manera de dar las gracias a Dios por el \u00e9xito de la misi\u00f3n. A\u00f1os m\u00e1s tarde, matizar\u00eda&#8230;<\/p>\n<blockquote><p><em>Quiz\u00e1s, si tuviera que volver a hacerlo, no elegir\u00eda celebrar la comuni\u00f3n.<br \/>\nAunque para m\u00ed fue una experiencia profundamente significativa, fue un sacramento cristiano, y hab\u00edamos venido a la luna en nombre de toda la humanidad: cristianos, jud\u00edos, musulmanes, animistas, agn\u00f3sticos o ateos.<\/em><\/p><\/blockquote>\n<p>Por cierto, en 1970 el Tribunal Supremo desestim\u00f3 la demanda de Madalyn Murray O&#8217;Hair contra la NASA&#8230; por falta de jurisdicci\u00f3n<\/p>\n<p>&nbsp;<\/p>\n<p>&nbsp;<\/p>\n<p>&nbsp;<\/p>\n","protected":false},"excerpt":{"rendered":"<p>El 21 de diciembre de 1968 despegaba del Centro Espacial John F. Kennedy en Cabo Ca\u00f1averal el Apolo 8. Su misi\u00f3n: salir de la \u00f3rbita de la Tierra, orbitar la Luna (sin aterrizar en ella) y regresar a casa. Los astronautas Frank Borman, James Lovell y Bill Anders ser\u00edan los primeros humanos en salir de [&hellip;]<\/p>\n","protected":false},"author":8,"featured_media":3351,"comment_status":"open","ping_status":"open","sticky":false,"template":"","format":"standard","meta":{"footnotes":"","_elementor_edit_mode":"","_elementor_template_type":"","_elementor_data":"","_elementor_page_settings":null,"_elementor_conditions":[]},"categories":[8],"tags":[19,4],"class_list":["post-3347","post","type-post","status-publish","format-standard","has-post-thumbnail","hentry","category-bodega","tag-cultura-de-vino","tag-vino"],"yoast_head":"<!-- This site is optimized with the Yoast SEO plugin v26.8 - https:\/\/yoast.com\/product\/yoast-seo-wordpress\/ -->\n<title>El d\u00eda que se bebi\u00f3 vino en la Luna | Vivanco<\/title>\n<meta name=\"description\" content=\"Momentos antes de salir del m\u00f3dulo lunar, Aldrin abri\u00f3 una bolsa de pl\u00e1stico de la que sac\u00f3 pan y vino. Su intenci\u00f3n, celebrar el sacramento de la comuni\u00f3n\" \/>\n<meta name=\"robots\" content=\"index, follow, max-snippet:-1, max-image-preview:large, max-video-preview:-1\" \/>\n<link rel=\"canonical\" href=\"https:\/\/vivancoculturadevino.es\/blog\/2017\/12\/12\/el-dia-que-se-bebio-vino-en-la-luna\/\" \/>\n<meta property=\"og:locale\" content=\"es_ES\" \/>\n<meta property=\"og:type\" content=\"article\" \/>\n<meta property=\"og:title\" content=\"El d\u00eda que se bebi\u00f3 vino en la Luna | Vivanco\" \/>\n<meta property=\"og:description\" content=\"Momentos antes de salir del m\u00f3dulo lunar, Aldrin abri\u00f3 una bolsa de pl\u00e1stico de la que sac\u00f3 pan y vino. Su intenci\u00f3n, celebrar el sacramento de la comuni\u00f3n\" \/>\n<meta property=\"og:url\" content=\"https:\/\/vivancoculturadevino.es\/blog\/2017\/12\/12\/el-dia-que-se-bebio-vino-en-la-luna\/\" \/>\n<meta property=\"og:site_name\" content=\"Vivanco\" \/>\n<meta property=\"article:author\" content=\"https:\/\/www.facebook.com\/HistoriasdelaHistoria\" \/>\n<meta property=\"article:published_time\" content=\"2017-12-12T09:00:56+00:00\" \/>\n<meta property=\"article:modified_time\" content=\"2020-05-19T16:41:05+00:00\" \/>\n<meta property=\"og:image\" content=\"https:\/\/vivancoculturadevino.es\/blog\/wp-content\/uploads\/2017\/12\/Alunizaje-Apolo-11.-Buzz-Aldrin-1969.jpg\" \/>\n\t<meta property=\"og:image:width\" content=\"1920\" \/>\n\t<meta property=\"og:image:height\" content=\"1920\" \/>\n\t<meta property=\"og:image:type\" content=\"image\/jpeg\" \/>\n<meta name=\"author\" content=\"Javier Sanz\" \/>\n<meta name=\"twitter:card\" content=\"summary_large_image\" \/>\n<meta name=\"twitter:creator\" content=\"@https:\/\/twitter.com\/jsanz\" \/>\n<meta name=\"twitter:label1\" content=\"Escrito por\" \/>\n\t<meta name=\"twitter:data1\" content=\"Javier Sanz\" \/>\n\t<meta name=\"twitter:label2\" content=\"Tiempo de lectura\" \/>\n\t<meta name=\"twitter:data2\" content=\"4 minutos\" \/>\n<script type=\"application\/ld+json\" class=\"yoast-schema-graph\">{\"@context\":\"https:\/\/schema.org\",\"@graph\":[{\"@type\":\"Article\",\"@id\":\"https:\/\/vivancoculturadevino.es\/blog\/2017\/12\/12\/el-dia-que-se-bebio-vino-en-la-luna\/#article\",\"isPartOf\":{\"@id\":\"https:\/\/vivancoculturadevino.es\/blog\/2017\/12\/12\/el-dia-que-se-bebio-vino-en-la-luna\/\"},\"author\":{\"name\":\"Javier Sanz\",\"@id\":\"https:\/\/vivancoculturadevino.es\/blog\/#\/schema\/person\/8b9b698cff084699559378a8ebe12b8d\"},\"headline\":\"El d\u00eda que se bebi\u00f3 vino en la Luna\",\"datePublished\":\"2017-12-12T09:00:56+00:00\",\"dateModified\":\"2020-05-19T16:41:05+00:00\",\"mainEntityOfPage\":{\"@id\":\"https:\/\/vivancoculturadevino.es\/blog\/2017\/12\/12\/el-dia-que-se-bebio-vino-en-la-luna\/\"},\"wordCount\":752,\"commentCount\":0,\"publisher\":{\"@id\":\"https:\/\/vivancoculturadevino.es\/blog\/#organization\"},\"image\":{\"@id\":\"https:\/\/vivancoculturadevino.es\/blog\/2017\/12\/12\/el-dia-que-se-bebio-vino-en-la-luna\/#primaryimage\"},\"thumbnailUrl\":\"https:\/\/vivancoculturadevino.es\/blog\/wp-content\/uploads\/2017\/12\/Alunizaje-Apolo-11.-Buzz-Aldrin-1969.jpg\",\"keywords\":[\"cultura de vino\",\"vino\"],\"articleSection\":[\"de Vino\"],\"inLanguage\":\"es\",\"potentialAction\":[{\"@type\":\"CommentAction\",\"name\":\"Comment\",\"target\":[\"https:\/\/vivancoculturadevino.es\/blog\/2017\/12\/12\/el-dia-que-se-bebio-vino-en-la-luna\/#respond\"]}]},{\"@type\":\"WebPage\",\"@id\":\"https:\/\/vivancoculturadevino.es\/blog\/2017\/12\/12\/el-dia-que-se-bebio-vino-en-la-luna\/\",\"url\":\"https:\/\/vivancoculturadevino.es\/blog\/2017\/12\/12\/el-dia-que-se-bebio-vino-en-la-luna\/\",\"name\":\"El d\u00eda que se bebi\u00f3 vino en la Luna | Vivanco\",\"isPartOf\":{\"@id\":\"https:\/\/vivancoculturadevino.es\/blog\/#website\"},\"primaryImageOfPage\":{\"@id\":\"https:\/\/vivancoculturadevino.es\/blog\/2017\/12\/12\/el-dia-que-se-bebio-vino-en-la-luna\/#primaryimage\"},\"image\":{\"@id\":\"https:\/\/vivancoculturadevino.es\/blog\/2017\/12\/12\/el-dia-que-se-bebio-vino-en-la-luna\/#primaryimage\"},\"thumbnailUrl\":\"https:\/\/vivancoculturadevino.es\/blog\/wp-content\/uploads\/2017\/12\/Alunizaje-Apolo-11.-Buzz-Aldrin-1969.jpg\",\"datePublished\":\"2017-12-12T09:00:56+00:00\",\"dateModified\":\"2020-05-19T16:41:05+00:00\",\"description\":\"Momentos antes de salir del m\u00f3dulo lunar, Aldrin abri\u00f3 una bolsa de pl\u00e1stico de la que sac\u00f3 pan y vino. Su intenci\u00f3n, celebrar el sacramento de la comuni\u00f3n\",\"breadcrumb\":{\"@id\":\"https:\/\/vivancoculturadevino.es\/blog\/2017\/12\/12\/el-dia-que-se-bebio-vino-en-la-luna\/#breadcrumb\"},\"inLanguage\":\"es\",\"potentialAction\":[{\"@type\":\"ReadAction\",\"target\":[\"https:\/\/vivancoculturadevino.es\/blog\/2017\/12\/12\/el-dia-que-se-bebio-vino-en-la-luna\/\"]}]},{\"@type\":\"ImageObject\",\"inLanguage\":\"es\",\"@id\":\"https:\/\/vivancoculturadevino.es\/blog\/2017\/12\/12\/el-dia-que-se-bebio-vino-en-la-luna\/#primaryimage\",\"url\":\"https:\/\/vivancoculturadevino.es\/blog\/wp-content\/uploads\/2017\/12\/Alunizaje-Apolo-11.-Buzz-Aldrin-1969.jpg\",\"contentUrl\":\"https:\/\/vivancoculturadevino.es\/blog\/wp-content\/uploads\/2017\/12\/Alunizaje-Apolo-11.-Buzz-Aldrin-1969.jpg\",\"width\":1920,\"height\":1920,\"caption\":\"Buzz Aldrin tras el alunizaje del Apolo 11\"},{\"@type\":\"BreadcrumbList\",\"@id\":\"https:\/\/vivancoculturadevino.es\/blog\/2017\/12\/12\/el-dia-que-se-bebio-vino-en-la-luna\/#breadcrumb\",\"itemListElement\":[{\"@type\":\"ListItem\",\"position\":1,\"name\":\"Portada\",\"item\":\"https:\/\/vivancoculturadevino.es\/blog\/\"},{\"@type\":\"ListItem\",\"position\":2,\"name\":\"El d\u00eda que se bebi\u00f3 vino en la Luna\"}]},{\"@type\":\"WebSite\",\"@id\":\"https:\/\/vivancoculturadevino.es\/blog\/#website\",\"url\":\"https:\/\/vivancoculturadevino.es\/blog\/\",\"name\":\"Vivanco\",\"description\":\"Una familia y una pasi\u00f3n: Compartir la cultura del vino\",\"publisher\":{\"@id\":\"https:\/\/vivancoculturadevino.es\/blog\/#organization\"},\"potentialAction\":[{\"@type\":\"SearchAction\",\"target\":{\"@type\":\"EntryPoint\",\"urlTemplate\":\"https:\/\/vivancoculturadevino.es\/blog\/?s={search_term_string}\"},\"query-input\":{\"@type\":\"PropertyValueSpecification\",\"valueRequired\":true,\"valueName\":\"search_term_string\"}}],\"inLanguage\":\"es\"},{\"@type\":\"Organization\",\"@id\":\"https:\/\/vivancoculturadevino.es\/blog\/#organization\",\"name\":\"Vivanco\",\"url\":\"https:\/\/vivancoculturadevino.es\/blog\/\",\"logo\":{\"@type\":\"ImageObject\",\"inLanguage\":\"es\",\"@id\":\"https:\/\/vivancoculturadevino.es\/blog\/#\/schema\/logo\/image\/\",\"url\":\"https:\/\/vivancoculturadevino.es\/blog\/wp-content\/uploads\/2026\/01\/Logo-blanco.svg\",\"contentUrl\":\"https:\/\/vivancoculturadevino.es\/blog\/wp-content\/uploads\/2026\/01\/Logo-blanco.svg\",\"width\":134,\"height\":43,\"caption\":\"Vivanco\"},\"image\":{\"@id\":\"https:\/\/vivancoculturadevino.es\/blog\/#\/schema\/logo\/image\/\"}},{\"@type\":\"Person\",\"@id\":\"https:\/\/vivancoculturadevino.es\/blog\/#\/schema\/person\/8b9b698cff084699559378a8ebe12b8d\",\"name\":\"Javier Sanz\",\"image\":{\"@type\":\"ImageObject\",\"inLanguage\":\"es\",\"@id\":\"https:\/\/vivancoculturadevino.es\/blog\/#\/schema\/person\/image\/\",\"url\":\"https:\/\/secure.gravatar.com\/avatar\/a50fceb249b4111443d60ecf2777e8ac4b31d342734cfd7b97b36a8a32dbf3f8?s=96&d=mm&r=g\",\"contentUrl\":\"https:\/\/secure.gravatar.com\/avatar\/a50fceb249b4111443d60ecf2777e8ac4b31d342734cfd7b97b36a8a32dbf3f8?s=96&d=mm&r=g\",\"caption\":\"Javier Sanz\"},\"description\":\"Contador de historias a trav\u00e9s del blog, libros, colaboraciones en prensa y radio con la \u00fanica pretensi\u00f3n de acercar la historia de forma amena y entretenida a los que la dejaron de lado. Director de la revista digital e interactiva \\\"iHstoria\\\". Colaboraciones en el peri\u00f3dico Diario de Teruel, revista Iberia Vieja y revista Cl\u00edo. Colaboraciones en radio en La Rosa de los Vientos (Onda Cero), Gente Despierta (RNE) y La Noche es Nuestra (EuropaFM).\",\"sameAs\":[\"http:\/\/historiasdelahistoria.com\/\",\"https:\/\/www.facebook.com\/HistoriasdelaHistoria\",\"https:\/\/x.com\/https:\/\/twitter.com\/jsanz\"],\"url\":\"https:\/\/vivancoculturadevino.es\/blog\/author\/javier-sanz\/\"}]}<\/script>\n<!-- \/ Yoast SEO plugin. -->","yoast_head_json":{"title":"El d\u00eda que se bebi\u00f3 vino en la Luna | Vivanco","description":"Momentos antes de salir del m\u00f3dulo lunar, Aldrin abri\u00f3 una bolsa de pl\u00e1stico de la que sac\u00f3 pan y vino. Su intenci\u00f3n, celebrar el sacramento de la comuni\u00f3n","robots":{"index":"index","follow":"follow","max-snippet":"max-snippet:-1","max-image-preview":"max-image-preview:large","max-video-preview":"max-video-preview:-1"},"canonical":"https:\/\/vivancoculturadevino.es\/blog\/2017\/12\/12\/el-dia-que-se-bebio-vino-en-la-luna\/","og_locale":"es_ES","og_type":"article","og_title":"El d\u00eda que se bebi\u00f3 vino en la Luna | Vivanco","og_description":"Momentos antes de salir del m\u00f3dulo lunar, Aldrin abri\u00f3 una bolsa de pl\u00e1stico de la que sac\u00f3 pan y vino. Su intenci\u00f3n, celebrar el sacramento de la comuni\u00f3n","og_url":"https:\/\/vivancoculturadevino.es\/blog\/2017\/12\/12\/el-dia-que-se-bebio-vino-en-la-luna\/","og_site_name":"Vivanco","article_author":"https:\/\/www.facebook.com\/HistoriasdelaHistoria","article_published_time":"2017-12-12T09:00:56+00:00","article_modified_time":"2020-05-19T16:41:05+00:00","og_image":[{"width":1920,"height":1920,"url":"https:\/\/vivancoculturadevino.es\/blog\/wp-content\/uploads\/2017\/12\/Alunizaje-Apolo-11.-Buzz-Aldrin-1969.jpg","type":"image\/jpeg"}],"author":"Javier Sanz","twitter_card":"summary_large_image","twitter_creator":"@https:\/\/twitter.com\/jsanz","twitter_misc":{"Escrito por":"Javier Sanz","Tiempo de lectura":"4 minutos"},"schema":{"@context":"https:\/\/schema.org","@graph":[{"@type":"Article","@id":"https:\/\/vivancoculturadevino.es\/blog\/2017\/12\/12\/el-dia-que-se-bebio-vino-en-la-luna\/#article","isPartOf":{"@id":"https:\/\/vivancoculturadevino.es\/blog\/2017\/12\/12\/el-dia-que-se-bebio-vino-en-la-luna\/"},"author":{"name":"Javier Sanz","@id":"https:\/\/vivancoculturadevino.es\/blog\/#\/schema\/person\/8b9b698cff084699559378a8ebe12b8d"},"headline":"El d\u00eda que se bebi\u00f3 vino en la Luna","datePublished":"2017-12-12T09:00:56+00:00","dateModified":"2020-05-19T16:41:05+00:00","mainEntityOfPage":{"@id":"https:\/\/vivancoculturadevino.es\/blog\/2017\/12\/12\/el-dia-que-se-bebio-vino-en-la-luna\/"},"wordCount":752,"commentCount":0,"publisher":{"@id":"https:\/\/vivancoculturadevino.es\/blog\/#organization"},"image":{"@id":"https:\/\/vivancoculturadevino.es\/blog\/2017\/12\/12\/el-dia-que-se-bebio-vino-en-la-luna\/#primaryimage"},"thumbnailUrl":"https:\/\/vivancoculturadevino.es\/blog\/wp-content\/uploads\/2017\/12\/Alunizaje-Apolo-11.-Buzz-Aldrin-1969.jpg","keywords":["cultura de vino","vino"],"articleSection":["de Vino"],"inLanguage":"es","potentialAction":[{"@type":"CommentAction","name":"Comment","target":["https:\/\/vivancoculturadevino.es\/blog\/2017\/12\/12\/el-dia-que-se-bebio-vino-en-la-luna\/#respond"]}]},{"@type":"WebPage","@id":"https:\/\/vivancoculturadevino.es\/blog\/2017\/12\/12\/el-dia-que-se-bebio-vino-en-la-luna\/","url":"https:\/\/vivancoculturadevino.es\/blog\/2017\/12\/12\/el-dia-que-se-bebio-vino-en-la-luna\/","name":"El d\u00eda que se bebi\u00f3 vino en la Luna | Vivanco","isPartOf":{"@id":"https:\/\/vivancoculturadevino.es\/blog\/#website"},"primaryImageOfPage":{"@id":"https:\/\/vivancoculturadevino.es\/blog\/2017\/12\/12\/el-dia-que-se-bebio-vino-en-la-luna\/#primaryimage"},"image":{"@id":"https:\/\/vivancoculturadevino.es\/blog\/2017\/12\/12\/el-dia-que-se-bebio-vino-en-la-luna\/#primaryimage"},"thumbnailUrl":"https:\/\/vivancoculturadevino.es\/blog\/wp-content\/uploads\/2017\/12\/Alunizaje-Apolo-11.-Buzz-Aldrin-1969.jpg","datePublished":"2017-12-12T09:00:56+00:00","dateModified":"2020-05-19T16:41:05+00:00","description":"Momentos antes de salir del m\u00f3dulo lunar, Aldrin abri\u00f3 una bolsa de pl\u00e1stico de la que sac\u00f3 pan y vino. Su intenci\u00f3n, celebrar el sacramento de la comuni\u00f3n","breadcrumb":{"@id":"https:\/\/vivancoculturadevino.es\/blog\/2017\/12\/12\/el-dia-que-se-bebio-vino-en-la-luna\/#breadcrumb"},"inLanguage":"es","potentialAction":[{"@type":"ReadAction","target":["https:\/\/vivancoculturadevino.es\/blog\/2017\/12\/12\/el-dia-que-se-bebio-vino-en-la-luna\/"]}]},{"@type":"ImageObject","inLanguage":"es","@id":"https:\/\/vivancoculturadevino.es\/blog\/2017\/12\/12\/el-dia-que-se-bebio-vino-en-la-luna\/#primaryimage","url":"https:\/\/vivancoculturadevino.es\/blog\/wp-content\/uploads\/2017\/12\/Alunizaje-Apolo-11.-Buzz-Aldrin-1969.jpg","contentUrl":"https:\/\/vivancoculturadevino.es\/blog\/wp-content\/uploads\/2017\/12\/Alunizaje-Apolo-11.-Buzz-Aldrin-1969.jpg","width":1920,"height":1920,"caption":"Buzz Aldrin tras el alunizaje del Apolo 11"},{"@type":"BreadcrumbList","@id":"https:\/\/vivancoculturadevino.es\/blog\/2017\/12\/12\/el-dia-que-se-bebio-vino-en-la-luna\/#breadcrumb","itemListElement":[{"@type":"ListItem","position":1,"name":"Portada","item":"https:\/\/vivancoculturadevino.es\/blog\/"},{"@type":"ListItem","position":2,"name":"El d\u00eda que se bebi\u00f3 vino en la Luna"}]},{"@type":"WebSite","@id":"https:\/\/vivancoculturadevino.es\/blog\/#website","url":"https:\/\/vivancoculturadevino.es\/blog\/","name":"Vivanco","description":"Una familia y una pasi\u00f3n: Compartir la cultura del vino","publisher":{"@id":"https:\/\/vivancoculturadevino.es\/blog\/#organization"},"potentialAction":[{"@type":"SearchAction","target":{"@type":"EntryPoint","urlTemplate":"https:\/\/vivancoculturadevino.es\/blog\/?s={search_term_string}"},"query-input":{"@type":"PropertyValueSpecification","valueRequired":true,"valueName":"search_term_string"}}],"inLanguage":"es"},{"@type":"Organization","@id":"https:\/\/vivancoculturadevino.es\/blog\/#organization","name":"Vivanco","url":"https:\/\/vivancoculturadevino.es\/blog\/","logo":{"@type":"ImageObject","inLanguage":"es","@id":"https:\/\/vivancoculturadevino.es\/blog\/#\/schema\/logo\/image\/","url":"https:\/\/vivancoculturadevino.es\/blog\/wp-content\/uploads\/2026\/01\/Logo-blanco.svg","contentUrl":"https:\/\/vivancoculturadevino.es\/blog\/wp-content\/uploads\/2026\/01\/Logo-blanco.svg","width":134,"height":43,"caption":"Vivanco"},"image":{"@id":"https:\/\/vivancoculturadevino.es\/blog\/#\/schema\/logo\/image\/"}},{"@type":"Person","@id":"https:\/\/vivancoculturadevino.es\/blog\/#\/schema\/person\/8b9b698cff084699559378a8ebe12b8d","name":"Javier Sanz","image":{"@type":"ImageObject","inLanguage":"es","@id":"https:\/\/vivancoculturadevino.es\/blog\/#\/schema\/person\/image\/","url":"https:\/\/secure.gravatar.com\/avatar\/a50fceb249b4111443d60ecf2777e8ac4b31d342734cfd7b97b36a8a32dbf3f8?s=96&d=mm&r=g","contentUrl":"https:\/\/secure.gravatar.com\/avatar\/a50fceb249b4111443d60ecf2777e8ac4b31d342734cfd7b97b36a8a32dbf3f8?s=96&d=mm&r=g","caption":"Javier Sanz"},"description":"Contador de historias a trav\u00e9s del blog, libros, colaboraciones en prensa y radio con la \u00fanica pretensi\u00f3n de acercar la historia de forma amena y entretenida a los que la dejaron de lado. Director de la revista digital e interactiva \"iHstoria\". Colaboraciones en el peri\u00f3dico Diario de Teruel, revista Iberia Vieja y revista Cl\u00edo. Colaboraciones en radio en La Rosa de los Vientos (Onda Cero), Gente Despierta (RNE) y La Noche es Nuestra (EuropaFM).","sameAs":["http:\/\/historiasdelahistoria.com\/","https:\/\/www.facebook.com\/HistoriasdelaHistoria","https:\/\/x.com\/https:\/\/twitter.com\/jsanz"],"url":"https:\/\/vivancoculturadevino.es\/blog\/author\/javier-sanz\/"}]}},"_links":{"self":[{"href":"https:\/\/vivancoculturadevino.es\/blog\/wp-json\/wp\/v2\/posts\/3347","targetHints":{"allow":["GET"]}}],"collection":[{"href":"https:\/\/vivancoculturadevino.es\/blog\/wp-json\/wp\/v2\/posts"}],"about":[{"href":"https:\/\/vivancoculturadevino.es\/blog\/wp-json\/wp\/v2\/types\/post"}],"author":[{"embeddable":true,"href":"https:\/\/vivancoculturadevino.es\/blog\/wp-json\/wp\/v2\/users\/8"}],"replies":[{"embeddable":true,"href":"https:\/\/vivancoculturadevino.es\/blog\/wp-json\/wp\/v2\/comments?post=3347"}],"version-history":[{"count":9,"href":"https:\/\/vivancoculturadevino.es\/blog\/wp-json\/wp\/v2\/posts\/3347\/revisions"}],"predecessor-version":[{"id":4289,"href":"https:\/\/vivancoculturadevino.es\/blog\/wp-json\/wp\/v2\/posts\/3347\/revisions\/4289"}],"wp:featuredmedia":[{"embeddable":true,"href":"https:\/\/vivancoculturadevino.es\/blog\/wp-json\/wp\/v2\/media\/3351"}],"wp:attachment":[{"href":"https:\/\/vivancoculturadevino.es\/blog\/wp-json\/wp\/v2\/media?parent=3347"}],"wp:term":[{"taxonomy":"category","embeddable":true,"href":"https:\/\/vivancoculturadevino.es\/blog\/wp-json\/wp\/v2\/categories?post=3347"},{"taxonomy":"post_tag","embeddable":true,"href":"https:\/\/vivancoculturadevino.es\/blog\/wp-json\/wp\/v2\/tags?post=3347"}],"curies":[{"name":"wp","href":"https:\/\/api.w.org\/{rel}","templated":true}]}}