{"id":3330,"date":"2017-11-29T11:26:22","date_gmt":"2017-11-29T10:26:22","guid":{"rendered":"https:\/\/vivancoculturadevino.es\/blog\/?p=3330"},"modified":"2017-11-29T16:55:50","modified_gmt":"2017-11-29T15:55:50","slug":"despierta-sentidos-escapada-especial-navidad","status":"publish","type":"post","link":"https:\/\/vivancoculturadevino.es\/blog\/2017\/11\/29\/despierta-sentidos-escapada-especial-navidad\/","title":{"rendered":"Despierta tus sentidos con una escapada muy especial antes de Navidad"},"content":{"rendered":"<p>El puente de diciembre es anhelado por muchos, ya que es el preludio de las ansiadas fiestas navide\u00f1as y la excusa perfecta para aprovechar unos d\u00edas en familia o con amigos.<\/p>\n<p>Para exprimirlo al m\u00e1ximo, el <strong>Museo Vivanco de la Cultura del Vino<\/strong> te propone disfrutar de una escapada muy especial a La Rioja llena de sorpresas; vivir la <strong>Cultura del Vino<\/strong> realizando <a href=\"https:\/\/vivancoculturadevino.es\/es\/reservas\/\">actividades \u00fanicas y originales del mundo del vino<\/a> para mayores y peque\u00f1os.<\/p>\n<p>Un plan perfecto para despertar todos nuestros sentidos.<\/p>\n<h2><strong>Insp\u00edrate y disfruta del paisaje<\/strong><\/h2>\n<p>Visitar <strong>La Rioja<\/strong> en los estertores del oto\u00f1o es llegar a otro mundo invadido por colores rojizos, amarillos y ocres.<\/p>\n<p>Y es que \u00e9sta, es la estaci\u00f3n del a\u00f1o en la que esta peque\u00f1a provincia es, si cabe, a\u00fan m\u00e1s bonita.<\/p>\n<p>Es seguro que el sentido de la vista se ver\u00e1 espl\u00e9ndidamente reconfortado.<\/p>\n<p>La ocasi\u00f3n perfecta para inspirarnos con este paisaje melanc\u00f3lico.<\/p>\n<p><a href=\"https:\/\/vivancoculturadevino.es\/blog\/wp-content\/uploads\/2017\/11\/vin\u0303edos-en-invierno.jpg\"><img fetchpriority=\"high\" decoding=\"async\" class=\"aligncenter size-large wp-image-3332\" src=\"https:\/\/vivancoculturadevino.es\/blog\/wp-content\/uploads\/2017\/11\/vin\u0303edos-en-invierno-1024x683.jpg\" alt=\"Vinedos en invierno | Blog de Vivanco\" width=\"1024\" height=\"683\" srcset=\"https:\/\/vivancoculturadevino.es\/blog\/wp-content\/uploads\/2017\/11\/vin\u0303edos-en-invierno-1024x683.jpg 1024w, https:\/\/vivancoculturadevino.es\/blog\/wp-content\/uploads\/2017\/11\/vin\u0303edos-en-invierno-300x200.jpg 300w, https:\/\/vivancoculturadevino.es\/blog\/wp-content\/uploads\/2017\/11\/vin\u0303edos-en-invierno.jpg 1500w\" sizes=\"(max-width: 1024px) 100vw, 1024px\" \/><\/a><\/p>\n<p><strong>Las vi\u00f1as descansan tras la recogida de la uva y se preparan para soportar el fr\u00edo e intempestivo invierno<\/strong>.<\/p>\n<p>Sus lobuladas y dentadas hojas, que lograron transformar su color pasando del intenso y mon\u00f3tono verde estival a tonos rojizos y ocres, van cayendo poco a poco para dejar desnudas sus enrevesadas ramas.<\/p>\n<p>Es el momento de la poda y de dormitar.<\/p>\n<p>La variedad crom\u00e1tica cohabita con el olor a fr\u00edo y humedad de una vegetaci\u00f3n y terru\u00f1os helados.<\/p>\n<p>Todo este paisaje no s\u00f3lo lo encontramos en el entorno. En el <strong>Jard\u00edn de Baco<\/strong>, sala exterior del <strong>Museo Vivanco,<\/strong> podr\u00e1s pasear entre<strong> las 222 variedades de vid<\/strong> <strong>de todo el mundo<\/strong>, y aprender curiosidades sobre las uvas de cada pa\u00eds.<\/p>\n<p>Una ocasi\u00f3n \u00fanica para descubrir, conocer y alimentar tu vista, tu olfato y tu imaginaci\u00f3n.<\/p>\n<p><img decoding=\"async\" class=\"aligncenter size-large wp-image-3333\" src=\"https:\/\/vivancoculturadevino.es\/blog\/wp-content\/uploads\/2017\/11\/uvas-en-invierno-1024x683.jpg\" alt=\"Uvas en Invierno | Blog de Vivanco\" width=\"1024\" height=\"683\" srcset=\"https:\/\/vivancoculturadevino.es\/blog\/wp-content\/uploads\/2017\/11\/uvas-en-invierno-1024x683.jpg 1024w, https:\/\/vivancoculturadevino.es\/blog\/wp-content\/uploads\/2017\/11\/uvas-en-invierno-300x200.jpg 300w, https:\/\/vivancoculturadevino.es\/blog\/wp-content\/uploads\/2017\/11\/uvas-en-invierno.jpg 1500w\" sizes=\"(max-width: 1024px) 100vw, 1024px\" \/><\/p>\n<h2><strong>Convi\u00e9rtete en Maestro Bodeguero por un d\u00eda<\/strong><\/h2>\n<p>\u00bfEn alg\u00fan momento hab\u00edas imaginado hacer tu propio vino?<\/p>\n<p>El<strong> Museo Vivanco<\/strong> lo ha hecho por ti y te ofrece la posibilidad de cumplir tu deseo.<\/p>\n<p>Durante este mes, te invita a convertirte en <em>Maestro Bodeguero por un d\u00eda,\u00a0<\/em>experimentando todas las sensaciones que se despiertan cuando creas tu propio vino.<\/p>\n<p>Ni que decir tiene que el Maestro Bodeguero es una figura clave en el d\u00eda a d\u00eda de la bodega.<\/p>\n<p>Sus amplios conocimientos, su experiencia y la respetuosidad que demuestra a la materia prima, la uva, hacen de \u00e9l uno de los pilares fundamentales bajo el que se sustenta el producto final, un buen vino.<\/p>\n<p>Ponerte en su papel, te permitir\u00e1 <strong>conocer todos los pasos en el proceso de su elaboraci\u00f3n y los instrumentos que se emplean<\/strong>.<\/p>\n<p><img decoding=\"async\" class=\"aligncenter size-large wp-image-3334\" src=\"https:\/\/vivancoculturadevino.es\/blog\/wp-content\/uploads\/2017\/11\/maestro-bodeguero-1024x785.png\" alt=\"Maestro Bodeguero | Blog de Vivanco \" width=\"1024\" height=\"785\" srcset=\"https:\/\/vivancoculturadevino.es\/blog\/wp-content\/uploads\/2017\/11\/maestro-bodeguero-1024x785.png 1024w, https:\/\/vivancoculturadevino.es\/blog\/wp-content\/uploads\/2017\/11\/maestro-bodeguero-300x230.png 300w, https:\/\/vivancoculturadevino.es\/blog\/wp-content\/uploads\/2017\/11\/maestro-bodeguero-110x85.png 110w\" sizes=\"(max-width: 1024px) 100vw, 1024px\" \/><\/p>\n<p>Aprender\u00e1s por qu\u00e9 y c\u00f3mo se envejecen los vinos y c\u00f3mo se elaboran las barricas.<\/p>\n<p>Comprobar\u00e1s las diferencias entre el roble franc\u00e9s y el americano y pondr\u00e1s a prueba tu olfato, con los diferentes tipos de tostado y aromas que adquieren los vinos.<\/p>\n<p>Participar\u00e1s en una cata de vino en rama de diferentes tipos de roble y podr\u00e1s hacer tu propio\u00a0<em>coupage<\/em>.<\/p>\n<p>Al final, <strong>disfrutar\u00e1s de un maridaje entre\u00a0vino y arte, ya que la cata se acompa\u00f1a de\u00a0un picoteo riojano en la Sala de Exposiciones Temporales,<\/strong> donde en estos momentos se encuentra la muestra \u201cX Aniversario del Premio Internacional de Grabado y Vino Fundaci\u00f3n Vivanco\u201d<\/p>\n<h2><strong>Talleres creativos<\/strong><strong>\u00a0para los m\u00e1s peque\u00f1os<\/strong><\/h2>\n<p>\u201c<em>Invierno en el vi\u00f1edo<\/em>\u201d es el nombre del taller que durante este mes realizar\u00e1n los m\u00e1s peque\u00f1os.<\/p>\n<p>Los ni\u00f1os podr\u00e1n elaborar y llevar a casa sus propios adornos y figuras navide\u00f1as: estrellas, m\u00f3viles, ramilletes, collages\u2026.<\/p>\n<p>Para ello, se utilizan <strong>materiales como ramas y sarmientos de la poda, t\u00edpicos de esta \u00e9poca<\/strong>.<\/p>\n<p><img loading=\"lazy\" decoding=\"async\" class=\"aligncenter size-large wp-image-3335\" src=\"https:\/\/vivancoculturadevino.es\/blog\/wp-content\/uploads\/2017\/11\/talleres_infantiles-1024x683.jpg\" alt=\"Talleres infantiles | Blog de Vivanco\" width=\"1024\" height=\"683\" srcset=\"https:\/\/vivancoculturadevino.es\/blog\/wp-content\/uploads\/2017\/11\/talleres_infantiles-1024x683.jpg 1024w, https:\/\/vivancoculturadevino.es\/blog\/wp-content\/uploads\/2017\/11\/talleres_infantiles-300x200.jpg 300w, https:\/\/vivancoculturadevino.es\/blog\/wp-content\/uploads\/2017\/11\/talleres_infantiles.jpg 1063w\" sizes=\"(max-width: 1024px) 100vw, 1024px\" \/><\/p>\n<p>Pero este taller no s\u00f3lo consiste en la realizaci\u00f3n de manualidades, sino que tambi\u00e9n <strong>se da a conocer a los ni\u00f1os varios aspectos visitando con ellos algunas salas del Museo<\/strong>: el cambio estacional que se da en los vi\u00f1edos, las herramientas que se utilizan en la poda y recipientes para tomar el vino y celebrar, como se hace en Navidad, cuando tambi\u00e9n se toman las 12 uvas, tradici\u00f3n \u00fanica en el mundo\u2026<\/p>\n<p>Una experiencia inolvidable para los peques de la casa.<\/p>\n<h2><strong>Men\u00fa Especial de Navidad<\/strong><\/h2>\n<p>Como no pod\u00eda ser de otra forma, la gastronom\u00eda no pod\u00eda faltar para disfrutar plenamente de este puente y en La Rioja, menos.<\/p>\n<p>Junto con el vino, la comida es uno de los platos fuertes de esta regi\u00f3n, donde sus deliciosas recetas se elaboran con los mejores productos que da esta tierra.<\/p>\n<p><img loading=\"lazy\" decoding=\"async\" class=\"aligncenter size-large wp-image-3336\" src=\"https:\/\/vivancoculturadevino.es\/blog\/wp-content\/uploads\/2017\/11\/Restaurante-Vivanco-1024x683.jpg\" alt=\"Restaurante Vivanco | Blog de Vivanco\" width=\"1024\" height=\"683\" srcset=\"https:\/\/vivancoculturadevino.es\/blog\/wp-content\/uploads\/2017\/11\/Restaurante-Vivanco-1024x683.jpg 1024w, https:\/\/vivancoculturadevino.es\/blog\/wp-content\/uploads\/2017\/11\/Restaurante-Vivanco-300x200.jpg 300w, https:\/\/vivancoculturadevino.es\/blog\/wp-content\/uploads\/2017\/11\/Restaurante-Vivanco.jpg 1500w\" sizes=\"(max-width: 1024px) 100vw, 1024px\" \/><\/p>\n<p>Por eso, la mejor forma de poner la guinda a esta escapada es degustar el <strong>maravilloso men\u00fa que el Restaurante del Museo Vivanco ha elaborado con motivo de las fiestas navide\u00f1as<\/strong>: desde <em>Carpaccio de Cebolletas con Chipirones y Vinagreta de Mostaza<\/em>, a pescados, <em>Salmonetes Rizados sobre Consom\u00e9 de Cigalitas<\/em> o carnes, <em>Rabo Glaseado con Verduras de Temporada<\/em>, aderezados como no, con los vinos de la Bodega.<\/p>\n<p>Ahora toca vivirlo plenamente y despertar todos tus sentidos.<\/p>\n","protected":false},"excerpt":{"rendered":"<p>El Museo Vivanco de la Cultura del Vino te propone disfrutar de una escapada muy especial a La Rioja llena de sorpresas durante la Navidad. <\/p>\n","protected":false},"author":14,"featured_media":3339,"comment_status":"open","ping_status":"open","sticky":false,"template":"","format":"standard","meta":{"footnotes":"","_elementor_edit_mode":"","_elementor_template_type":"","_elementor_data":"","_elementor_page_settings":null,"_elementor_conditions":[]},"categories":[2],"tags":[468,466,224],"class_list":["post-3330","post","type-post","status-publish","format-standard","has-post-thumbnail","hentry","category-vivanco","tag-maestro-bodeguero","tag-puente-de-diciembre","tag-talleres-infantiles"],"yoast_head":"<!-- This site is optimized with the Yoast SEO plugin v26.8 - https:\/\/yoast.com\/product\/yoast-seo-wordpress\/ -->\n<title>Despierta tus sentidos con una escapada muy especial antes de Navidad | Vivanco<\/title>\n<meta name=\"description\" content=\"El Museo Vivanco de la Cultura del Vino te propone disfrutar de una escapada muy especial a La Rioja llena de sorpresas durante la Navidad.\" \/>\n<meta name=\"robots\" content=\"index, follow, max-snippet:-1, max-image-preview:large, max-video-preview:-1\" \/>\n<link rel=\"canonical\" href=\"https:\/\/vivancoculturadevino.es\/blog\/2017\/11\/29\/despierta-sentidos-escapada-especial-navidad\/\" \/>\n<meta property=\"og:locale\" content=\"es_ES\" \/>\n<meta property=\"og:type\" content=\"article\" \/>\n<meta property=\"og:title\" content=\"Despierta tus sentidos con una escapada muy especial antes de Navidad | Vivanco\" \/>\n<meta property=\"og:description\" content=\"El Museo Vivanco de la Cultura del Vino te propone disfrutar de una escapada muy especial a La Rioja llena de sorpresas durante la Navidad.\" \/>\n<meta property=\"og:url\" content=\"https:\/\/vivancoculturadevino.es\/blog\/2017\/11\/29\/despierta-sentidos-escapada-especial-navidad\/\" \/>\n<meta property=\"og:site_name\" content=\"Vivanco\" \/>\n<meta property=\"article:author\" content=\"https:\/\/www.facebook.com\/eladerezo.blog\/\" \/>\n<meta property=\"article:published_time\" content=\"2017-11-29T10:26:22+00:00\" \/>\n<meta property=\"article:modified_time\" content=\"2017-11-29T15:55:50+00:00\" \/>\n<meta property=\"og:image\" content=\"https:\/\/vivancoculturadevino.es\/blog\/wp-content\/uploads\/2017\/11\/Salto2.jpg\" \/>\n\t<meta property=\"og:image:width\" content=\"1500\" \/>\n\t<meta property=\"og:image:height\" content=\"1001\" \/>\n\t<meta property=\"og:image:type\" content=\"image\/jpeg\" \/>\n<meta name=\"author\" content=\"El Aderezo\" \/>\n<meta name=\"twitter:card\" content=\"summary_large_image\" \/>\n<meta name=\"twitter:creator\" content=\"@https:\/\/twitter.com\/@eladerezo\" \/>\n<meta name=\"twitter:label1\" content=\"Escrito por\" \/>\n\t<meta name=\"twitter:data1\" content=\"El Aderezo\" \/>\n\t<meta name=\"twitter:label2\" content=\"Tiempo de lectura\" \/>\n\t<meta name=\"twitter:data2\" content=\"4 minutos\" \/>\n<script type=\"application\/ld+json\" class=\"yoast-schema-graph\">{\"@context\":\"https:\/\/schema.org\",\"@graph\":[{\"@type\":\"Article\",\"@id\":\"https:\/\/vivancoculturadevino.es\/blog\/2017\/11\/29\/despierta-sentidos-escapada-especial-navidad\/#article\",\"isPartOf\":{\"@id\":\"https:\/\/vivancoculturadevino.es\/blog\/2017\/11\/29\/despierta-sentidos-escapada-especial-navidad\/\"},\"author\":{\"name\":\"El Aderezo\",\"@id\":\"https:\/\/vivancoculturadevino.es\/blog\/#\/schema\/person\/2c932907e08d45ef81ec873d5b75a20b\"},\"headline\":\"Despierta tus sentidos con una escapada muy especial antes de Navidad\",\"datePublished\":\"2017-11-29T10:26:22+00:00\",\"dateModified\":\"2017-11-29T15:55:50+00:00\",\"mainEntityOfPage\":{\"@id\":\"https:\/\/vivancoculturadevino.es\/blog\/2017\/11\/29\/despierta-sentidos-escapada-especial-navidad\/\"},\"wordCount\":873,\"commentCount\":0,\"publisher\":{\"@id\":\"https:\/\/vivancoculturadevino.es\/blog\/#organization\"},\"image\":{\"@id\":\"https:\/\/vivancoculturadevino.es\/blog\/2017\/11\/29\/despierta-sentidos-escapada-especial-navidad\/#primaryimage\"},\"thumbnailUrl\":\"https:\/\/vivancoculturadevino.es\/blog\/wp-content\/uploads\/2017\/11\/Salto2.jpg\",\"keywords\":[\"Maestro Bodeguero\",\"puente de diciembre\",\"talleres infantiles\"],\"articleSection\":[\"Vivanco\"],\"inLanguage\":\"es\",\"potentialAction\":[{\"@type\":\"CommentAction\",\"name\":\"Comment\",\"target\":[\"https:\/\/vivancoculturadevino.es\/blog\/2017\/11\/29\/despierta-sentidos-escapada-especial-navidad\/#respond\"]}]},{\"@type\":\"WebPage\",\"@id\":\"https:\/\/vivancoculturadevino.es\/blog\/2017\/11\/29\/despierta-sentidos-escapada-especial-navidad\/\",\"url\":\"https:\/\/vivancoculturadevino.es\/blog\/2017\/11\/29\/despierta-sentidos-escapada-especial-navidad\/\",\"name\":\"Despierta tus sentidos con una escapada muy especial antes de Navidad | Vivanco\",\"isPartOf\":{\"@id\":\"https:\/\/vivancoculturadevino.es\/blog\/#website\"},\"primaryImageOfPage\":{\"@id\":\"https:\/\/vivancoculturadevino.es\/blog\/2017\/11\/29\/despierta-sentidos-escapada-especial-navidad\/#primaryimage\"},\"image\":{\"@id\":\"https:\/\/vivancoculturadevino.es\/blog\/2017\/11\/29\/despierta-sentidos-escapada-especial-navidad\/#primaryimage\"},\"thumbnailUrl\":\"https:\/\/vivancoculturadevino.es\/blog\/wp-content\/uploads\/2017\/11\/Salto2.jpg\",\"datePublished\":\"2017-11-29T10:26:22+00:00\",\"dateModified\":\"2017-11-29T15:55:50+00:00\",\"description\":\"El Museo Vivanco de la Cultura del Vino te propone disfrutar de una escapada muy especial a La Rioja llena de sorpresas durante la Navidad.\",\"breadcrumb\":{\"@id\":\"https:\/\/vivancoculturadevino.es\/blog\/2017\/11\/29\/despierta-sentidos-escapada-especial-navidad\/#breadcrumb\"},\"inLanguage\":\"es\",\"potentialAction\":[{\"@type\":\"ReadAction\",\"target\":[\"https:\/\/vivancoculturadevino.es\/blog\/2017\/11\/29\/despierta-sentidos-escapada-especial-navidad\/\"]}]},{\"@type\":\"ImageObject\",\"inLanguage\":\"es\",\"@id\":\"https:\/\/vivancoculturadevino.es\/blog\/2017\/11\/29\/despierta-sentidos-escapada-especial-navidad\/#primaryimage\",\"url\":\"https:\/\/vivancoculturadevino.es\/blog\/wp-content\/uploads\/2017\/11\/Salto2.jpg\",\"contentUrl\":\"https:\/\/vivancoculturadevino.es\/blog\/wp-content\/uploads\/2017\/11\/Salto2.jpg\",\"width\":1500,\"height\":1001,\"caption\":\"Escapada en Vivanco en Navidad | Blog de Vivanco\"},{\"@type\":\"BreadcrumbList\",\"@id\":\"https:\/\/vivancoculturadevino.es\/blog\/2017\/11\/29\/despierta-sentidos-escapada-especial-navidad\/#breadcrumb\",\"itemListElement\":[{\"@type\":\"ListItem\",\"position\":1,\"name\":\"Portada\",\"item\":\"https:\/\/vivancoculturadevino.es\/blog\/\"},{\"@type\":\"ListItem\",\"position\":2,\"name\":\"Despierta tus sentidos con una escapada muy especial antes de Navidad\"}]},{\"@type\":\"WebSite\",\"@id\":\"https:\/\/vivancoculturadevino.es\/blog\/#website\",\"url\":\"https:\/\/vivancoculturadevino.es\/blog\/\",\"name\":\"Vivanco\",\"description\":\"Una familia y una pasi\u00f3n: Compartir la cultura del vino\",\"publisher\":{\"@id\":\"https:\/\/vivancoculturadevino.es\/blog\/#organization\"},\"potentialAction\":[{\"@type\":\"SearchAction\",\"target\":{\"@type\":\"EntryPoint\",\"urlTemplate\":\"https:\/\/vivancoculturadevino.es\/blog\/?s={search_term_string}\"},\"query-input\":{\"@type\":\"PropertyValueSpecification\",\"valueRequired\":true,\"valueName\":\"search_term_string\"}}],\"inLanguage\":\"es\"},{\"@type\":\"Organization\",\"@id\":\"https:\/\/vivancoculturadevino.es\/blog\/#organization\",\"name\":\"Vivanco\",\"url\":\"https:\/\/vivancoculturadevino.es\/blog\/\",\"logo\":{\"@type\":\"ImageObject\",\"inLanguage\":\"es\",\"@id\":\"https:\/\/vivancoculturadevino.es\/blog\/#\/schema\/logo\/image\/\",\"url\":\"https:\/\/vivancoculturadevino.es\/blog\/wp-content\/uploads\/2026\/01\/Logo-blanco.svg\",\"contentUrl\":\"https:\/\/vivancoculturadevino.es\/blog\/wp-content\/uploads\/2026\/01\/Logo-blanco.svg\",\"width\":134,\"height\":43,\"caption\":\"Vivanco\"},\"image\":{\"@id\":\"https:\/\/vivancoculturadevino.es\/blog\/#\/schema\/logo\/image\/\"}},{\"@type\":\"Person\",\"@id\":\"https:\/\/vivancoculturadevino.es\/blog\/#\/schema\/person\/2c932907e08d45ef81ec873d5b75a20b\",\"name\":\"El Aderezo\",\"image\":{\"@type\":\"ImageObject\",\"inLanguage\":\"es\",\"@id\":\"https:\/\/vivancoculturadevino.es\/blog\/#\/schema\/person\/image\/\",\"url\":\"https:\/\/secure.gravatar.com\/avatar\/58df3173ba7919901874b49306c0096b88dcff2160ea53b23fca15f3849ab353?s=96&d=mm&r=g\",\"contentUrl\":\"https:\/\/secure.gravatar.com\/avatar\/58df3173ba7919901874b49306c0096b88dcff2160ea53b23fca15f3849ab353?s=96&d=mm&r=g\",\"caption\":\"El Aderezo\"},\"description\":\"El aderezo.com es un blog de cocina que desde el a\u00f1o 2006, intenta trasmitir desde un punto de vista m\u00e1s desenfadado que los medios tradicionales, todo lo que se cuece alrededor del mundo de la gastronom\u00eda: recetas, vinos, eventos, restaurantes, ingredientes\u2026 Con m\u00e1s de 400.000 seguidores en Facebook, 70.000 en Twitter y con cientos de miles de visitantes mensuales al blog, estamos asociados a una revista de referencia como hola.com.\",\"sameAs\":[\"http:\/\/www.eladerezo.com\/\",\"https:\/\/www.facebook.com\/eladerezo.blog\/\",\"https:\/\/x.com\/https:\/\/twitter.com\/@eladerezo\"],\"url\":\"https:\/\/vivancoculturadevino.es\/blog\/author\/el-aderezo\/\"}]}<\/script>\n<!-- \/ Yoast SEO plugin. -->","yoast_head_json":{"title":"Despierta tus sentidos con una escapada muy especial antes de Navidad | Vivanco","description":"El Museo Vivanco de la Cultura del Vino te propone disfrutar de una escapada muy especial a La Rioja llena de sorpresas durante la Navidad.","robots":{"index":"index","follow":"follow","max-snippet":"max-snippet:-1","max-image-preview":"max-image-preview:large","max-video-preview":"max-video-preview:-1"},"canonical":"https:\/\/vivancoculturadevino.es\/blog\/2017\/11\/29\/despierta-sentidos-escapada-especial-navidad\/","og_locale":"es_ES","og_type":"article","og_title":"Despierta tus sentidos con una escapada muy especial antes de Navidad | Vivanco","og_description":"El Museo Vivanco de la Cultura del Vino te propone disfrutar de una escapada muy especial a La Rioja llena de sorpresas durante la Navidad.","og_url":"https:\/\/vivancoculturadevino.es\/blog\/2017\/11\/29\/despierta-sentidos-escapada-especial-navidad\/","og_site_name":"Vivanco","article_author":"https:\/\/www.facebook.com\/eladerezo.blog\/","article_published_time":"2017-11-29T10:26:22+00:00","article_modified_time":"2017-11-29T15:55:50+00:00","og_image":[{"width":1500,"height":1001,"url":"https:\/\/vivancoculturadevino.es\/blog\/wp-content\/uploads\/2017\/11\/Salto2.jpg","type":"image\/jpeg"}],"author":"El Aderezo","twitter_card":"summary_large_image","twitter_creator":"@https:\/\/twitter.com\/@eladerezo","twitter_misc":{"Escrito por":"El Aderezo","Tiempo de lectura":"4 minutos"},"schema":{"@context":"https:\/\/schema.org","@graph":[{"@type":"Article","@id":"https:\/\/vivancoculturadevino.es\/blog\/2017\/11\/29\/despierta-sentidos-escapada-especial-navidad\/#article","isPartOf":{"@id":"https:\/\/vivancoculturadevino.es\/blog\/2017\/11\/29\/despierta-sentidos-escapada-especial-navidad\/"},"author":{"name":"El Aderezo","@id":"https:\/\/vivancoculturadevino.es\/blog\/#\/schema\/person\/2c932907e08d45ef81ec873d5b75a20b"},"headline":"Despierta tus sentidos con una escapada muy especial antes de Navidad","datePublished":"2017-11-29T10:26:22+00:00","dateModified":"2017-11-29T15:55:50+00:00","mainEntityOfPage":{"@id":"https:\/\/vivancoculturadevino.es\/blog\/2017\/11\/29\/despierta-sentidos-escapada-especial-navidad\/"},"wordCount":873,"commentCount":0,"publisher":{"@id":"https:\/\/vivancoculturadevino.es\/blog\/#organization"},"image":{"@id":"https:\/\/vivancoculturadevino.es\/blog\/2017\/11\/29\/despierta-sentidos-escapada-especial-navidad\/#primaryimage"},"thumbnailUrl":"https:\/\/vivancoculturadevino.es\/blog\/wp-content\/uploads\/2017\/11\/Salto2.jpg","keywords":["Maestro Bodeguero","puente de diciembre","talleres infantiles"],"articleSection":["Vivanco"],"inLanguage":"es","potentialAction":[{"@type":"CommentAction","name":"Comment","target":["https:\/\/vivancoculturadevino.es\/blog\/2017\/11\/29\/despierta-sentidos-escapada-especial-navidad\/#respond"]}]},{"@type":"WebPage","@id":"https:\/\/vivancoculturadevino.es\/blog\/2017\/11\/29\/despierta-sentidos-escapada-especial-navidad\/","url":"https:\/\/vivancoculturadevino.es\/blog\/2017\/11\/29\/despierta-sentidos-escapada-especial-navidad\/","name":"Despierta tus sentidos con una escapada muy especial antes de Navidad | Vivanco","isPartOf":{"@id":"https:\/\/vivancoculturadevino.es\/blog\/#website"},"primaryImageOfPage":{"@id":"https:\/\/vivancoculturadevino.es\/blog\/2017\/11\/29\/despierta-sentidos-escapada-especial-navidad\/#primaryimage"},"image":{"@id":"https:\/\/vivancoculturadevino.es\/blog\/2017\/11\/29\/despierta-sentidos-escapada-especial-navidad\/#primaryimage"},"thumbnailUrl":"https:\/\/vivancoculturadevino.es\/blog\/wp-content\/uploads\/2017\/11\/Salto2.jpg","datePublished":"2017-11-29T10:26:22+00:00","dateModified":"2017-11-29T15:55:50+00:00","description":"El Museo Vivanco de la Cultura del Vino te propone disfrutar de una escapada muy especial a La Rioja llena de sorpresas durante la Navidad.","breadcrumb":{"@id":"https:\/\/vivancoculturadevino.es\/blog\/2017\/11\/29\/despierta-sentidos-escapada-especial-navidad\/#breadcrumb"},"inLanguage":"es","potentialAction":[{"@type":"ReadAction","target":["https:\/\/vivancoculturadevino.es\/blog\/2017\/11\/29\/despierta-sentidos-escapada-especial-navidad\/"]}]},{"@type":"ImageObject","inLanguage":"es","@id":"https:\/\/vivancoculturadevino.es\/blog\/2017\/11\/29\/despierta-sentidos-escapada-especial-navidad\/#primaryimage","url":"https:\/\/vivancoculturadevino.es\/blog\/wp-content\/uploads\/2017\/11\/Salto2.jpg","contentUrl":"https:\/\/vivancoculturadevino.es\/blog\/wp-content\/uploads\/2017\/11\/Salto2.jpg","width":1500,"height":1001,"caption":"Escapada en Vivanco en Navidad | Blog de Vivanco"},{"@type":"BreadcrumbList","@id":"https:\/\/vivancoculturadevino.es\/blog\/2017\/11\/29\/despierta-sentidos-escapada-especial-navidad\/#breadcrumb","itemListElement":[{"@type":"ListItem","position":1,"name":"Portada","item":"https:\/\/vivancoculturadevino.es\/blog\/"},{"@type":"ListItem","position":2,"name":"Despierta tus sentidos con una escapada muy especial antes de Navidad"}]},{"@type":"WebSite","@id":"https:\/\/vivancoculturadevino.es\/blog\/#website","url":"https:\/\/vivancoculturadevino.es\/blog\/","name":"Vivanco","description":"Una familia y una pasi\u00f3n: Compartir la cultura del vino","publisher":{"@id":"https:\/\/vivancoculturadevino.es\/blog\/#organization"},"potentialAction":[{"@type":"SearchAction","target":{"@type":"EntryPoint","urlTemplate":"https:\/\/vivancoculturadevino.es\/blog\/?s={search_term_string}"},"query-input":{"@type":"PropertyValueSpecification","valueRequired":true,"valueName":"search_term_string"}}],"inLanguage":"es"},{"@type":"Organization","@id":"https:\/\/vivancoculturadevino.es\/blog\/#organization","name":"Vivanco","url":"https:\/\/vivancoculturadevino.es\/blog\/","logo":{"@type":"ImageObject","inLanguage":"es","@id":"https:\/\/vivancoculturadevino.es\/blog\/#\/schema\/logo\/image\/","url":"https:\/\/vivancoculturadevino.es\/blog\/wp-content\/uploads\/2026\/01\/Logo-blanco.svg","contentUrl":"https:\/\/vivancoculturadevino.es\/blog\/wp-content\/uploads\/2026\/01\/Logo-blanco.svg","width":134,"height":43,"caption":"Vivanco"},"image":{"@id":"https:\/\/vivancoculturadevino.es\/blog\/#\/schema\/logo\/image\/"}},{"@type":"Person","@id":"https:\/\/vivancoculturadevino.es\/blog\/#\/schema\/person\/2c932907e08d45ef81ec873d5b75a20b","name":"El Aderezo","image":{"@type":"ImageObject","inLanguage":"es","@id":"https:\/\/vivancoculturadevino.es\/blog\/#\/schema\/person\/image\/","url":"https:\/\/secure.gravatar.com\/avatar\/58df3173ba7919901874b49306c0096b88dcff2160ea53b23fca15f3849ab353?s=96&d=mm&r=g","contentUrl":"https:\/\/secure.gravatar.com\/avatar\/58df3173ba7919901874b49306c0096b88dcff2160ea53b23fca15f3849ab353?s=96&d=mm&r=g","caption":"El Aderezo"},"description":"El aderezo.com es un blog de cocina que desde el a\u00f1o 2006, intenta trasmitir desde un punto de vista m\u00e1s desenfadado que los medios tradicionales, todo lo que se cuece alrededor del mundo de la gastronom\u00eda: recetas, vinos, eventos, restaurantes, ingredientes\u2026 Con m\u00e1s de 400.000 seguidores en Facebook, 70.000 en Twitter y con cientos de miles de visitantes mensuales al blog, estamos asociados a una revista de referencia como hola.com.","sameAs":["http:\/\/www.eladerezo.com\/","https:\/\/www.facebook.com\/eladerezo.blog\/","https:\/\/x.com\/https:\/\/twitter.com\/@eladerezo"],"url":"https:\/\/vivancoculturadevino.es\/blog\/author\/el-aderezo\/"}]}},"_links":{"self":[{"href":"https:\/\/vivancoculturadevino.es\/blog\/wp-json\/wp\/v2\/posts\/3330","targetHints":{"allow":["GET"]}}],"collection":[{"href":"https:\/\/vivancoculturadevino.es\/blog\/wp-json\/wp\/v2\/posts"}],"about":[{"href":"https:\/\/vivancoculturadevino.es\/blog\/wp-json\/wp\/v2\/types\/post"}],"author":[{"embeddable":true,"href":"https:\/\/vivancoculturadevino.es\/blog\/wp-json\/wp\/v2\/users\/14"}],"replies":[{"embeddable":true,"href":"https:\/\/vivancoculturadevino.es\/blog\/wp-json\/wp\/v2\/comments?post=3330"}],"version-history":[{"count":9,"href":"https:\/\/vivancoculturadevino.es\/blog\/wp-json\/wp\/v2\/posts\/3330\/revisions"}],"predecessor-version":[{"id":3341,"href":"https:\/\/vivancoculturadevino.es\/blog\/wp-json\/wp\/v2\/posts\/3330\/revisions\/3341"}],"wp:featuredmedia":[{"embeddable":true,"href":"https:\/\/vivancoculturadevino.es\/blog\/wp-json\/wp\/v2\/media\/3339"}],"wp:attachment":[{"href":"https:\/\/vivancoculturadevino.es\/blog\/wp-json\/wp\/v2\/media?parent=3330"}],"wp:term":[{"taxonomy":"category","embeddable":true,"href":"https:\/\/vivancoculturadevino.es\/blog\/wp-json\/wp\/v2\/categories?post=3330"},{"taxonomy":"post_tag","embeddable":true,"href":"https:\/\/vivancoculturadevino.es\/blog\/wp-json\/wp\/v2\/tags?post=3330"}],"curies":[{"name":"wp","href":"https:\/\/api.w.org\/{rel}","templated":true}]}}