{"id":3318,"date":"2017-11-23T10:00:56","date_gmt":"2017-11-23T09:00:56","guid":{"rendered":"https:\/\/vivancoculturadevino.es\/blog\/?p=3318"},"modified":"2020-01-20T12:39:43","modified_gmt":"2020-01-20T11:39:43","slug":"viajar-diciembre-escapada-medieval-puente","status":"publish","type":"post","link":"https:\/\/vivancoculturadevino.es\/blog\/2017\/11\/23\/viajar-diciembre-escapada-medieval-puente\/","title":{"rendered":"Viajar en Diciembre: Escapada medieval para el Puente"},"content":{"rendered":"<p>Se acerca diciembre, la Navidad, pero antes de que llegue ese momento, tenemos por delante un magn\u00edfico puente para estrenar el mes. \u00bfYa tienes plan? Porque si no es as\u00ed, desde aqu\u00ed queremos proponerte una escapada diferente para el <strong>puente de diciembre<\/strong>, un aut\u00e9ntico viaje a la Edad Media. \u00bfTe apuntas?<\/p>\n<h2>Ferias de la Concepci\u00f3n en Santo Domingo de la Calzada<\/h2>\n<p><strong>Santo Domingo de la Calzada<\/strong> es una localidad riojana ubicada a orillas del r\u00edo Oja en la comarca de La Rioja Alta.<\/p>\n<p><img fetchpriority=\"high\" decoding=\"async\" class=\"aligncenter size-large wp-image-3325\" src=\"https:\/\/vivancoculturadevino.es\/blog\/wp-content\/uploads\/2017\/11\/Santo_Domingo_de_la_Calzada_La_Rioja._Ayuntamiento-1024x577.jpg\" alt=\"Santo Domingo de la Calzada - Ayuntamiento  | Blog de Vivanco\" width=\"1024\" height=\"577\" srcset=\"https:\/\/vivancoculturadevino.es\/blog\/wp-content\/uploads\/2017\/11\/Santo_Domingo_de_la_Calzada_La_Rioja._Ayuntamiento-1024x577.jpg 1024w, https:\/\/vivancoculturadevino.es\/blog\/wp-content\/uploads\/2017\/11\/Santo_Domingo_de_la_Calzada_La_Rioja._Ayuntamiento-300x169.jpg 300w, https:\/\/vivancoculturadevino.es\/blog\/wp-content\/uploads\/2017\/11\/Santo_Domingo_de_la_Calzada_La_Rioja._Ayuntamiento.jpg 2048w\" sizes=\"(max-width: 1024px) 100vw, 1024px\" \/><\/p>\n<p style=\"text-align: center;\"><a href=\"https:\/\/commons.wikimedia.org\/wiki\/File:Santo_Domingo_de_la_Calzada_(La_Rioja)._Ayuntamiento.jpg\">Santo Domingo de la Calzada &#8211; Ayuntamiento<\/a>. Autor:\u00a0Jose Luis Filpo Cabana<\/p>\n<p>En Santo Domingo de la Calzada, se celebrar\u00e1 el pr\u00f3ximo <strong>puente de diciembre<\/strong> su tradicional <strong>Mercado Medieval. <\/strong>Esta celebraci\u00f3n acoge en su programaci\u00f3n infinidad de actividades como pasacalles, malabaristas, bailes de duendes, ninfas, c\u00edngaras y cariocas, demostraciones de oficios antiguos, tiro con arco, espect\u00e1culos ecuestres y de aves rapaces, una partida de ajedrez viviente, la celebraci\u00f3n de una aut\u00e9ntica boda medieval, diferentes exposiciones, feria de antig\u00fcedades, mercadillo, visitas guiadas\u2026entre otras muchas cosas.<\/p>\n<p>Todo un aut\u00e9ntico viaje a la Edad Media.<\/p>\n<h3><em>\u00bfCu\u00e1l es el origen de estas Ferias Medievales de Santo Domingo de la Calzada?<\/em><\/h3>\n<p>Para encontrar el origen de estas <strong>Ferias de la Concepci\u00f3n<\/strong>, debemos remontarnos a hace m\u00e1s de 800 a\u00f1os, momento en el que el <strong>Rey Alfonso X,<\/strong> en 1270, concedi\u00f3 a la ciudad el privilegio de hacer una feria anual con el objetivo de proveerla de alimentos, vestidos y enseres que aseguraran el suministro de todo lo necesario para poder pasar el invierno.<\/p>\n<p>Con la mecanizaci\u00f3n de los trabajos en el campo, durante los a\u00f1os 70, se pondr\u00eda fin a esa feria, aunque su esp\u00edritu se ha mantenido con el tiempo. Desde hace m\u00e1s de 20 a\u00f1os, Santo Domingo de la Calzada celebra estas fiestas medievales tal y como las conocemos hoy en d\u00eda, \u00edntimamente relacionadas con el <strong>Mercado del Camino<\/strong>.<\/p>\n<p><img decoding=\"async\" class=\"aligncenter wp-image-3320\" src=\"https:\/\/vivancoculturadevino.es\/blog\/wp-content\/uploads\/2017\/11\/Santo_Domingo_de_la_Calzada_-_Calle_Mayor-768x1024.jpg\" alt=\"Santo Domingo de la Calzada - Calle Mayor | Blog de Vivanco\" width=\"600\" height=\"800\" srcset=\"https:\/\/vivancoculturadevino.es\/blog\/wp-content\/uploads\/2017\/11\/Santo_Domingo_de_la_Calzada_-_Calle_Mayor-768x1024.jpg 768w, https:\/\/vivancoculturadevino.es\/blog\/wp-content\/uploads\/2017\/11\/Santo_Domingo_de_la_Calzada_-_Calle_Mayor-225x300.jpg 225w, https:\/\/vivancoculturadevino.es\/blog\/wp-content\/uploads\/2017\/11\/Santo_Domingo_de_la_Calzada_-_Calle_Mayor.jpg 1024w\" sizes=\"(max-width: 600px) 100vw, 600px\" \/><\/p>\n<p style=\"text-align: center;\"><a href=\"https:\/\/es.wikipedia.org\/wiki\/Santo_Domingo_de_la_Calzada#\/media\/File:Santo_Domingo_de_la_Calzada_-_Calle_Mayor.jpg\">Santo Domingo de la Calzada &#8211; Calle Mayor<\/a>. Autor: Zarateman<\/p>\n<h2>Mercado del Camino y otras actividades<\/h2>\n<p>El <strong>Mercado del Camino<\/strong> se cre\u00f3 en 1991, concentrando en su exposici\u00f3n multitud de puestos de una gran calidad alimentaria, con el objetivo de acercar al consumidor a este peque\u00f1o comercio artesanal.<\/p>\n<p>La creaci\u00f3n de este <strong>Mercado del Camino<\/strong> supuso un hecho de vital importancia para Santo Domingo de la Calzada, motivo por el cual, los comerciantes de la localidad decidieron crear un Mercado de productos ecol\u00f3gicos, la <strong>Ecoferia del Camino<\/strong>, una feria concebida para poner en valor la producci\u00f3n ecol\u00f3gica y sus beneficios para la salud y el medio ambiente.<\/p>\n<p>Ferias Medievales de Santo Domingo de la Calzada, La Rioja, historia, tradici\u00f3n, cultura, gastronom\u00eda, vino\u2026 razones de peso para disfrutar de un <strong>puente de diciembre diferente.<\/strong><\/p>\n","protected":false},"excerpt":{"rendered":"<p>Descubre una escapada diferente para el puente de diciembre, un aut\u00e9ntico viaje a la comarca de La Rioja Alta.<\/p>\n","protected":false},"author":1,"featured_media":3319,"comment_status":"open","ping_status":"open","sticky":false,"template":"","format":"standard","meta":{"footnotes":"","_elementor_edit_mode":"","_elementor_template_type":"","_elementor_data":"","_elementor_page_settings":null,"_elementor_conditions":[]},"categories":[6],"tags":[467,466,465],"class_list":["post-3318","post","type-post","status-publish","format-standard","has-post-thumbnail","hentry","category-experiencias","tag-escapada","tag-puente-de-diciembre","tag-viajar-en-diciembre"],"yoast_head":"<!-- This site is optimized with the Yoast SEO plugin v26.8 - https:\/\/yoast.com\/product\/yoast-seo-wordpress\/ -->\n<title>Viajar en Diciembre: Escapada medieval para el Puente | Vivanco<\/title>\n<meta name=\"description\" content=\"Descubre una escapada diferente para el puente de diciembre, un aut\u00e9ntico viaje a la comarca de La Rioja Alta.\" \/>\n<meta name=\"robots\" content=\"index, follow, max-snippet:-1, max-image-preview:large, max-video-preview:-1\" \/>\n<link rel=\"canonical\" href=\"https:\/\/vivancoculturadevino.es\/blog\/2017\/11\/23\/viajar-diciembre-escapada-medieval-puente\/\" \/>\n<meta property=\"og:locale\" content=\"es_ES\" \/>\n<meta property=\"og:type\" content=\"article\" \/>\n<meta property=\"og:title\" content=\"Viajar en Diciembre: Escapada medieval para el Puente | Vivanco\" \/>\n<meta property=\"og:description\" content=\"Descubre una escapada diferente para el puente de diciembre, un aut\u00e9ntico viaje a la comarca de La Rioja Alta.\" \/>\n<meta property=\"og:url\" content=\"https:\/\/vivancoculturadevino.es\/blog\/2017\/11\/23\/viajar-diciembre-escapada-medieval-puente\/\" \/>\n<meta property=\"og:site_name\" content=\"Vivanco\" \/>\n<meta property=\"article:author\" content=\"https:\/\/www.facebook.com\/vivancoculturadevino\" \/>\n<meta property=\"article:published_time\" content=\"2017-11-23T09:00:56+00:00\" \/>\n<meta property=\"article:modified_time\" content=\"2020-01-20T11:39:43+00:00\" \/>\n<meta property=\"og:image\" content=\"https:\/\/vivancoculturadevino.es\/blog\/wp-content\/uploads\/2017\/11\/34878936574_1187ad6ff0_k.jpg\" \/>\n\t<meta property=\"og:image:width\" content=\"2048\" \/>\n\t<meta property=\"og:image:height\" content=\"1450\" \/>\n\t<meta property=\"og:image:type\" content=\"image\/jpeg\" \/>\n<meta name=\"author\" content=\"Vivanco\" \/>\n<meta name=\"twitter:card\" content=\"summary_large_image\" \/>\n<meta name=\"twitter:creator\" content=\"@https:\/\/twitter.com\/Vivanco_es\" \/>\n<meta name=\"twitter:label1\" content=\"Escrito por\" \/>\n\t<meta name=\"twitter:data1\" content=\"Vivanco\" \/>\n\t<meta name=\"twitter:label2\" content=\"Tiempo de lectura\" \/>\n\t<meta name=\"twitter:data2\" content=\"2 minutos\" \/>\n<script type=\"application\/ld+json\" class=\"yoast-schema-graph\">{\"@context\":\"https:\/\/schema.org\",\"@graph\":[{\"@type\":\"Article\",\"@id\":\"https:\/\/vivancoculturadevino.es\/blog\/2017\/11\/23\/viajar-diciembre-escapada-medieval-puente\/#article\",\"isPartOf\":{\"@id\":\"https:\/\/vivancoculturadevino.es\/blog\/2017\/11\/23\/viajar-diciembre-escapada-medieval-puente\/\"},\"author\":{\"name\":\"Vivanco\",\"@id\":\"https:\/\/vivancoculturadevino.es\/blog\/#\/schema\/person\/745931ee54ccbb839d8df0cceb02db4c\"},\"headline\":\"Viajar en Diciembre: Escapada medieval para el Puente\",\"datePublished\":\"2017-11-23T09:00:56+00:00\",\"dateModified\":\"2020-01-20T11:39:43+00:00\",\"mainEntityOfPage\":{\"@id\":\"https:\/\/vivancoculturadevino.es\/blog\/2017\/11\/23\/viajar-diciembre-escapada-medieval-puente\/\"},\"wordCount\":478,\"commentCount\":0,\"publisher\":{\"@id\":\"https:\/\/vivancoculturadevino.es\/blog\/#organization\"},\"image\":{\"@id\":\"https:\/\/vivancoculturadevino.es\/blog\/2017\/11\/23\/viajar-diciembre-escapada-medieval-puente\/#primaryimage\"},\"thumbnailUrl\":\"https:\/\/vivancoculturadevino.es\/blog\/wp-content\/uploads\/2017\/11\/34878936574_1187ad6ff0_k.jpg\",\"keywords\":[\"escapada\",\"puente de diciembre\",\"viajar en diciembre\"],\"articleSection\":[\"Compartiendo\"],\"inLanguage\":\"es\",\"potentialAction\":[{\"@type\":\"CommentAction\",\"name\":\"Comment\",\"target\":[\"https:\/\/vivancoculturadevino.es\/blog\/2017\/11\/23\/viajar-diciembre-escapada-medieval-puente\/#respond\"]}]},{\"@type\":\"WebPage\",\"@id\":\"https:\/\/vivancoculturadevino.es\/blog\/2017\/11\/23\/viajar-diciembre-escapada-medieval-puente\/\",\"url\":\"https:\/\/vivancoculturadevino.es\/blog\/2017\/11\/23\/viajar-diciembre-escapada-medieval-puente\/\",\"name\":\"Viajar en Diciembre: Escapada medieval para el Puente | Vivanco\",\"isPartOf\":{\"@id\":\"https:\/\/vivancoculturadevino.es\/blog\/#website\"},\"primaryImageOfPage\":{\"@id\":\"https:\/\/vivancoculturadevino.es\/blog\/2017\/11\/23\/viajar-diciembre-escapada-medieval-puente\/#primaryimage\"},\"image\":{\"@id\":\"https:\/\/vivancoculturadevino.es\/blog\/2017\/11\/23\/viajar-diciembre-escapada-medieval-puente\/#primaryimage\"},\"thumbnailUrl\":\"https:\/\/vivancoculturadevino.es\/blog\/wp-content\/uploads\/2017\/11\/34878936574_1187ad6ff0_k.jpg\",\"datePublished\":\"2017-11-23T09:00:56+00:00\",\"dateModified\":\"2020-01-20T11:39:43+00:00\",\"description\":\"Descubre una escapada diferente para el puente de diciembre, un aut\u00e9ntico viaje a la comarca de La Rioja Alta.\",\"breadcrumb\":{\"@id\":\"https:\/\/vivancoculturadevino.es\/blog\/2017\/11\/23\/viajar-diciembre-escapada-medieval-puente\/#breadcrumb\"},\"inLanguage\":\"es\",\"potentialAction\":[{\"@type\":\"ReadAction\",\"target\":[\"https:\/\/vivancoculturadevino.es\/blog\/2017\/11\/23\/viajar-diciembre-escapada-medieval-puente\/\"]}]},{\"@type\":\"ImageObject\",\"inLanguage\":\"es\",\"@id\":\"https:\/\/vivancoculturadevino.es\/blog\/2017\/11\/23\/viajar-diciembre-escapada-medieval-puente\/#primaryimage\",\"url\":\"https:\/\/vivancoculturadevino.es\/blog\/wp-content\/uploads\/2017\/11\/34878936574_1187ad6ff0_k.jpg\",\"contentUrl\":\"https:\/\/vivancoculturadevino.es\/blog\/wp-content\/uploads\/2017\/11\/34878936574_1187ad6ff0_k.jpg\",\"width\":2048,\"height\":1450,\"caption\":\"Torre de la Catedral de Santo Domingo de La Calzada | Blog de Vivanco\"},{\"@type\":\"BreadcrumbList\",\"@id\":\"https:\/\/vivancoculturadevino.es\/blog\/2017\/11\/23\/viajar-diciembre-escapada-medieval-puente\/#breadcrumb\",\"itemListElement\":[{\"@type\":\"ListItem\",\"position\":1,\"name\":\"Portada\",\"item\":\"https:\/\/vivancoculturadevino.es\/blog\/\"},{\"@type\":\"ListItem\",\"position\":2,\"name\":\"Viajar en Diciembre: Escapada medieval para el Puente\"}]},{\"@type\":\"WebSite\",\"@id\":\"https:\/\/vivancoculturadevino.es\/blog\/#website\",\"url\":\"https:\/\/vivancoculturadevino.es\/blog\/\",\"name\":\"Vivanco\",\"description\":\"Una familia y una pasi\u00f3n: Compartir la cultura del vino\",\"publisher\":{\"@id\":\"https:\/\/vivancoculturadevino.es\/blog\/#organization\"},\"potentialAction\":[{\"@type\":\"SearchAction\",\"target\":{\"@type\":\"EntryPoint\",\"urlTemplate\":\"https:\/\/vivancoculturadevino.es\/blog\/?s={search_term_string}\"},\"query-input\":{\"@type\":\"PropertyValueSpecification\",\"valueRequired\":true,\"valueName\":\"search_term_string\"}}],\"inLanguage\":\"es\"},{\"@type\":\"Organization\",\"@id\":\"https:\/\/vivancoculturadevino.es\/blog\/#organization\",\"name\":\"Vivanco\",\"url\":\"https:\/\/vivancoculturadevino.es\/blog\/\",\"logo\":{\"@type\":\"ImageObject\",\"inLanguage\":\"es\",\"@id\":\"https:\/\/vivancoculturadevino.es\/blog\/#\/schema\/logo\/image\/\",\"url\":\"https:\/\/vivancoculturadevino.es\/blog\/wp-content\/uploads\/2026\/01\/Logo-blanco.svg\",\"contentUrl\":\"https:\/\/vivancoculturadevino.es\/blog\/wp-content\/uploads\/2026\/01\/Logo-blanco.svg\",\"width\":134,\"height\":43,\"caption\":\"Vivanco\"},\"image\":{\"@id\":\"https:\/\/vivancoculturadevino.es\/blog\/#\/schema\/logo\/image\/\"}},{\"@type\":\"Person\",\"@id\":\"https:\/\/vivancoculturadevino.es\/blog\/#\/schema\/person\/745931ee54ccbb839d8df0cceb02db4c\",\"name\":\"Vivanco\",\"image\":{\"@type\":\"ImageObject\",\"inLanguage\":\"es\",\"@id\":\"https:\/\/vivancoculturadevino.es\/blog\/#\/schema\/person\/image\/\",\"url\":\"https:\/\/secure.gravatar.com\/avatar\/61b66c59d132db2f7ad4dfd1cc89bbd508b4d5888ab39ddba99f2aca247b7fb3?s=96&d=mm&r=g\",\"contentUrl\":\"https:\/\/secure.gravatar.com\/avatar\/61b66c59d132db2f7ad4dfd1cc89bbd508b4d5888ab39ddba99f2aca247b7fb3?s=96&d=mm&r=g\",\"caption\":\"Vivanco\"},\"description\":\"Bodega, Fundaci\u00f3n, Experiencias. Compartiendo Cultura de Vino\",\"sameAs\":[\"http:\/\/www.vivancoculturadevino.es\",\"https:\/\/www.facebook.com\/vivancoculturadevino\",\"https:\/\/x.com\/https:\/\/twitter.com\/Vivanco_es\",\"https:\/\/www.youtube.com\/channel\/UC8a2nOiF7kAQNPPduAi2Evw\/videos\"],\"url\":\"https:\/\/vivancoculturadevino.es\/blog\/author\/administrator\/\"}]}<\/script>\n<!-- \/ Yoast SEO plugin. -->","yoast_head_json":{"title":"Viajar en Diciembre: Escapada medieval para el Puente | Vivanco","description":"Descubre una escapada diferente para el puente de diciembre, un aut\u00e9ntico viaje a la comarca de La Rioja Alta.","robots":{"index":"index","follow":"follow","max-snippet":"max-snippet:-1","max-image-preview":"max-image-preview:large","max-video-preview":"max-video-preview:-1"},"canonical":"https:\/\/vivancoculturadevino.es\/blog\/2017\/11\/23\/viajar-diciembre-escapada-medieval-puente\/","og_locale":"es_ES","og_type":"article","og_title":"Viajar en Diciembre: Escapada medieval para el Puente | Vivanco","og_description":"Descubre una escapada diferente para el puente de diciembre, un aut\u00e9ntico viaje a la comarca de La Rioja Alta.","og_url":"https:\/\/vivancoculturadevino.es\/blog\/2017\/11\/23\/viajar-diciembre-escapada-medieval-puente\/","og_site_name":"Vivanco","article_author":"https:\/\/www.facebook.com\/vivancoculturadevino","article_published_time":"2017-11-23T09:00:56+00:00","article_modified_time":"2020-01-20T11:39:43+00:00","og_image":[{"width":2048,"height":1450,"url":"https:\/\/vivancoculturadevino.es\/blog\/wp-content\/uploads\/2017\/11\/34878936574_1187ad6ff0_k.jpg","type":"image\/jpeg"}],"author":"Vivanco","twitter_card":"summary_large_image","twitter_creator":"@https:\/\/twitter.com\/Vivanco_es","twitter_misc":{"Escrito por":"Vivanco","Tiempo de lectura":"2 minutos"},"schema":{"@context":"https:\/\/schema.org","@graph":[{"@type":"Article","@id":"https:\/\/vivancoculturadevino.es\/blog\/2017\/11\/23\/viajar-diciembre-escapada-medieval-puente\/#article","isPartOf":{"@id":"https:\/\/vivancoculturadevino.es\/blog\/2017\/11\/23\/viajar-diciembre-escapada-medieval-puente\/"},"author":{"name":"Vivanco","@id":"https:\/\/vivancoculturadevino.es\/blog\/#\/schema\/person\/745931ee54ccbb839d8df0cceb02db4c"},"headline":"Viajar en Diciembre: Escapada medieval para el Puente","datePublished":"2017-11-23T09:00:56+00:00","dateModified":"2020-01-20T11:39:43+00:00","mainEntityOfPage":{"@id":"https:\/\/vivancoculturadevino.es\/blog\/2017\/11\/23\/viajar-diciembre-escapada-medieval-puente\/"},"wordCount":478,"commentCount":0,"publisher":{"@id":"https:\/\/vivancoculturadevino.es\/blog\/#organization"},"image":{"@id":"https:\/\/vivancoculturadevino.es\/blog\/2017\/11\/23\/viajar-diciembre-escapada-medieval-puente\/#primaryimage"},"thumbnailUrl":"https:\/\/vivancoculturadevino.es\/blog\/wp-content\/uploads\/2017\/11\/34878936574_1187ad6ff0_k.jpg","keywords":["escapada","puente de diciembre","viajar en diciembre"],"articleSection":["Compartiendo"],"inLanguage":"es","potentialAction":[{"@type":"CommentAction","name":"Comment","target":["https:\/\/vivancoculturadevino.es\/blog\/2017\/11\/23\/viajar-diciembre-escapada-medieval-puente\/#respond"]}]},{"@type":"WebPage","@id":"https:\/\/vivancoculturadevino.es\/blog\/2017\/11\/23\/viajar-diciembre-escapada-medieval-puente\/","url":"https:\/\/vivancoculturadevino.es\/blog\/2017\/11\/23\/viajar-diciembre-escapada-medieval-puente\/","name":"Viajar en Diciembre: Escapada medieval para el Puente | Vivanco","isPartOf":{"@id":"https:\/\/vivancoculturadevino.es\/blog\/#website"},"primaryImageOfPage":{"@id":"https:\/\/vivancoculturadevino.es\/blog\/2017\/11\/23\/viajar-diciembre-escapada-medieval-puente\/#primaryimage"},"image":{"@id":"https:\/\/vivancoculturadevino.es\/blog\/2017\/11\/23\/viajar-diciembre-escapada-medieval-puente\/#primaryimage"},"thumbnailUrl":"https:\/\/vivancoculturadevino.es\/blog\/wp-content\/uploads\/2017\/11\/34878936574_1187ad6ff0_k.jpg","datePublished":"2017-11-23T09:00:56+00:00","dateModified":"2020-01-20T11:39:43+00:00","description":"Descubre una escapada diferente para el puente de diciembre, un aut\u00e9ntico viaje a la comarca de La Rioja Alta.","breadcrumb":{"@id":"https:\/\/vivancoculturadevino.es\/blog\/2017\/11\/23\/viajar-diciembre-escapada-medieval-puente\/#breadcrumb"},"inLanguage":"es","potentialAction":[{"@type":"ReadAction","target":["https:\/\/vivancoculturadevino.es\/blog\/2017\/11\/23\/viajar-diciembre-escapada-medieval-puente\/"]}]},{"@type":"ImageObject","inLanguage":"es","@id":"https:\/\/vivancoculturadevino.es\/blog\/2017\/11\/23\/viajar-diciembre-escapada-medieval-puente\/#primaryimage","url":"https:\/\/vivancoculturadevino.es\/blog\/wp-content\/uploads\/2017\/11\/34878936574_1187ad6ff0_k.jpg","contentUrl":"https:\/\/vivancoculturadevino.es\/blog\/wp-content\/uploads\/2017\/11\/34878936574_1187ad6ff0_k.jpg","width":2048,"height":1450,"caption":"Torre de la Catedral de Santo Domingo de La Calzada | Blog de Vivanco"},{"@type":"BreadcrumbList","@id":"https:\/\/vivancoculturadevino.es\/blog\/2017\/11\/23\/viajar-diciembre-escapada-medieval-puente\/#breadcrumb","itemListElement":[{"@type":"ListItem","position":1,"name":"Portada","item":"https:\/\/vivancoculturadevino.es\/blog\/"},{"@type":"ListItem","position":2,"name":"Viajar en Diciembre: Escapada medieval para el Puente"}]},{"@type":"WebSite","@id":"https:\/\/vivancoculturadevino.es\/blog\/#website","url":"https:\/\/vivancoculturadevino.es\/blog\/","name":"Vivanco","description":"Una familia y una pasi\u00f3n: Compartir la cultura del vino","publisher":{"@id":"https:\/\/vivancoculturadevino.es\/blog\/#organization"},"potentialAction":[{"@type":"SearchAction","target":{"@type":"EntryPoint","urlTemplate":"https:\/\/vivancoculturadevino.es\/blog\/?s={search_term_string}"},"query-input":{"@type":"PropertyValueSpecification","valueRequired":true,"valueName":"search_term_string"}}],"inLanguage":"es"},{"@type":"Organization","@id":"https:\/\/vivancoculturadevino.es\/blog\/#organization","name":"Vivanco","url":"https:\/\/vivancoculturadevino.es\/blog\/","logo":{"@type":"ImageObject","inLanguage":"es","@id":"https:\/\/vivancoculturadevino.es\/blog\/#\/schema\/logo\/image\/","url":"https:\/\/vivancoculturadevino.es\/blog\/wp-content\/uploads\/2026\/01\/Logo-blanco.svg","contentUrl":"https:\/\/vivancoculturadevino.es\/blog\/wp-content\/uploads\/2026\/01\/Logo-blanco.svg","width":134,"height":43,"caption":"Vivanco"},"image":{"@id":"https:\/\/vivancoculturadevino.es\/blog\/#\/schema\/logo\/image\/"}},{"@type":"Person","@id":"https:\/\/vivancoculturadevino.es\/blog\/#\/schema\/person\/745931ee54ccbb839d8df0cceb02db4c","name":"Vivanco","image":{"@type":"ImageObject","inLanguage":"es","@id":"https:\/\/vivancoculturadevino.es\/blog\/#\/schema\/person\/image\/","url":"https:\/\/secure.gravatar.com\/avatar\/61b66c59d132db2f7ad4dfd1cc89bbd508b4d5888ab39ddba99f2aca247b7fb3?s=96&d=mm&r=g","contentUrl":"https:\/\/secure.gravatar.com\/avatar\/61b66c59d132db2f7ad4dfd1cc89bbd508b4d5888ab39ddba99f2aca247b7fb3?s=96&d=mm&r=g","caption":"Vivanco"},"description":"Bodega, Fundaci\u00f3n, Experiencias. Compartiendo Cultura de Vino","sameAs":["http:\/\/www.vivancoculturadevino.es","https:\/\/www.facebook.com\/vivancoculturadevino","https:\/\/x.com\/https:\/\/twitter.com\/Vivanco_es","https:\/\/www.youtube.com\/channel\/UC8a2nOiF7kAQNPPduAi2Evw\/videos"],"url":"https:\/\/vivancoculturadevino.es\/blog\/author\/administrator\/"}]}},"_links":{"self":[{"href":"https:\/\/vivancoculturadevino.es\/blog\/wp-json\/wp\/v2\/posts\/3318","targetHints":{"allow":["GET"]}}],"collection":[{"href":"https:\/\/vivancoculturadevino.es\/blog\/wp-json\/wp\/v2\/posts"}],"about":[{"href":"https:\/\/vivancoculturadevino.es\/blog\/wp-json\/wp\/v2\/types\/post"}],"author":[{"embeddable":true,"href":"https:\/\/vivancoculturadevino.es\/blog\/wp-json\/wp\/v2\/users\/1"}],"replies":[{"embeddable":true,"href":"https:\/\/vivancoculturadevino.es\/blog\/wp-json\/wp\/v2\/comments?post=3318"}],"version-history":[{"count":6,"href":"https:\/\/vivancoculturadevino.es\/blog\/wp-json\/wp\/v2\/posts\/3318\/revisions"}],"predecessor-version":[{"id":3326,"href":"https:\/\/vivancoculturadevino.es\/blog\/wp-json\/wp\/v2\/posts\/3318\/revisions\/3326"}],"wp:featuredmedia":[{"embeddable":true,"href":"https:\/\/vivancoculturadevino.es\/blog\/wp-json\/wp\/v2\/media\/3319"}],"wp:attachment":[{"href":"https:\/\/vivancoculturadevino.es\/blog\/wp-json\/wp\/v2\/media?parent=3318"}],"wp:term":[{"taxonomy":"category","embeddable":true,"href":"https:\/\/vivancoculturadevino.es\/blog\/wp-json\/wp\/v2\/categories?post=3318"},{"taxonomy":"post_tag","embeddable":true,"href":"https:\/\/vivancoculturadevino.es\/blog\/wp-json\/wp\/v2\/tags?post=3318"}],"curies":[{"name":"wp","href":"https:\/\/api.w.org\/{rel}","templated":true}]}}