{"id":3313,"date":"2017-11-20T10:00:41","date_gmt":"2017-11-20T09:00:41","guid":{"rendered":"https:\/\/vivancoculturadevino.es\/blog\/?p=3313"},"modified":"2018-12-10T17:09:45","modified_gmt":"2018-12-10T16:09:45","slug":"el-otono-de-alphonse-mucha","status":"publish","type":"post","link":"https:\/\/vivancoculturadevino.es\/blog\/2017\/11\/20\/el-otono-de-alphonse-mucha\/","title":{"rendered":"El oto\u00f1o de Alphonse Mucha"},"content":{"rendered":"<p>Desde la Antig\u00fcedad tard\u00eda hasta nuestros d\u00edas, el tema de las estaciones del a\u00f1o ha inspirado a artistas de todas partes del mundo y en todos los \u00e1mbitos creativos. En Europa, con el movimiento humanista (siglos XIV y XV) las estaciones empiezan a ser representadas como alegor\u00eda asociada a la celebraci\u00f3n de la naturaleza humana y el redescubrimiento de los maestros cl\u00e1sicos griegos y latinos. El poeta italiano <strong>Francesco Petrarca<\/strong> (1304-1374), por ejemplo, exalta en el <em>Canzoniere<\/em> \u00a0los efectos ben\u00e9ficos del despertar de la primavera en relaci\u00f3n al despertar del amor. Esta idea de renacimiento queda perfectamente plasmada en una de las obras maestras de la pintura del <em>Quattrocento<\/em>, la<em> Primavera<\/em> de <strong>Sandro Botticelli<\/strong> (1445-1510).<\/p>\n<p><a href=\"https:\/\/vivancoculturadevino.es\/blog\/wp-content\/uploads\/2017\/11\/800px-Botticelli-primavera1.jpg\"><img fetchpriority=\"high\" decoding=\"async\" class=\"aligncenter size-full wp-image-3311\" src=\"https:\/\/vivancoculturadevino.es\/blog\/wp-content\/uploads\/2017\/11\/800px-Botticelli-primavera1.jpg\" alt=\"La Primavera de Sandro Botticelli (1480-81)\" width=\"800\" height=\"525\" srcset=\"https:\/\/vivancoculturadevino.es\/blog\/wp-content\/uploads\/2017\/11\/800px-Botticelli-primavera1.jpg 800w, https:\/\/vivancoculturadevino.es\/blog\/wp-content\/uploads\/2017\/11\/800px-Botticelli-primavera1-300x197.jpg 300w\" sizes=\"(max-width: 800px) 100vw, 800px\" \/><\/a><\/p>\n<p>En \u00e9pocas posteriores, el mismo tema seguir\u00e1 sugestionando a grandes creadores como <strong>Giuseppe Arcimboldo<\/strong> (<em>Las Estaciones<\/em>, serie de cuatro cuadros, 1563-1573) o el m\u00fasico <strong>Antonio Vivaldi<\/strong> (<em>Las cuatro estaciones<\/em>, conciertos para viol\u00edn y orquesta, 1725) entre otros. A finales del siglo XIX, <strong>Alphonse Maria Mucha<\/strong> (1860-1939), gran protagonista del <em>Art Nouveau<\/em>, realizar\u00e1 la serie de cuatro paneles decorativos <strong><em>Las estaciones<\/em><\/strong>, posiblemente la representaci\u00f3n m\u00e1s ic\u00f3nica y fascinante del ciclo natural del a\u00f1o.<\/p>\n<p>Esta serie de litograf\u00edas a color (103 x 54 cm cada una) fue <strong>uno de los mayores \u00e9xitos art\u00edsticos y comerciales del artista<\/strong>. En ellas Mucha expresa de manera sublime su personal estilo creativo, que mucho influir\u00e1 en las generaciones posteriores de artistas y creativos publicitarios. El que la cr\u00edtica llegar\u00e1 a llamar <strong>\u201cestilo Mucha\u201d<\/strong> est\u00e1 caracterizado por la presencia de motivos claramente reconocibles, como elegantes l\u00edneas curvas, flores y otros elementos vegetales, esbeltas figuras femeninas idealizadas, de pelo largo y ondulado, un peculiar formato vertical alargado, composiciones completamente originales, colores pastel, atm\u00f3sferas enigm\u00e1ticas y un cierto halo m\u00edstico, que remiten a la tradici\u00f3n iconogr\u00e1fica bizantina y al folclore eslavo.<\/p>\n<p><a href=\"https:\/\/vivancoculturadevino.es\/blog\/wp-content\/uploads\/2017\/11\/4-estaciones-Mucha.png\"><img decoding=\"async\" class=\"aligncenter size-full wp-image-3310\" src=\"https:\/\/vivancoculturadevino.es\/blog\/wp-content\/uploads\/2017\/11\/4-estaciones-Mucha.png\" alt=\"Paneles las estaciones Alphonse Mucha, litograf\u00edas en color (1896)\" width=\"994\" height=\"459\" srcset=\"https:\/\/vivancoculturadevino.es\/blog\/wp-content\/uploads\/2017\/11\/4-estaciones-Mucha.png 994w, https:\/\/vivancoculturadevino.es\/blog\/wp-content\/uploads\/2017\/11\/4-estaciones-Mucha-300x139.png 300w\" sizes=\"(max-width: 994px) 100vw, 994px\" \/><\/a><\/p>\n<p>Los paneles de <em>Las estaciones<\/em> fueron realizados por Mucha en 1896. El artista checo viv\u00eda en Par\u00eds y, tras entrar a formar parte del Salon des Cent, un grupo de artistas apoyado por la revista <em>La Plume<\/em>, hab\u00eda firmado un contrato de colaboraci\u00f3n exclusiva con el impresor franc\u00e9s <strong>F. Champenois<\/strong>. El contrato le garantiz\u00f3 un salario mensual y durante ese a\u00f1o pudo dedicarse a la creaci\u00f3n de carteles publicitarios, pero tambi\u00e9n a la realizaci\u00f3n de <em>panneaux decoratifs<\/em> (como los de <em>Las estaciones<\/em>) que introdujeron una aut\u00e9ntica revoluci\u00f3n en el mundo del arte.<\/p>\n<p>Los <strong>paneles decorativos de Mucha<\/strong> eran carteles como los creados para los anuncios publicitarios, pero sin texto, ya que estaban realizados con fines exclusivamente est\u00e9ticos. Esta nueva forma de arte respond\u00eda a un fuerte compromiso personal y art\u00edstico de Mucha con la<strong> divulgaci\u00f3n de la belleza<\/strong>. A trav\u00e9s de estas obras, que pod\u00edan ser adquiridas para el puro deleite, a precios m\u00e1s econ\u00f3micos y asequibles respecto a las obras de arte tradicionalmente destinadas a unos pocos clientes facultosos de las clases sociales m\u00e1s elevadas, Mucha pretend\u00eda \u201cdemocratizar\u201d los valores art\u00edsticos, para que penetraran en la sociedad.<\/p>\n<p>A este prop\u00f3sito (en el cat\u00e1logo de la gran exposici\u00f3n que se ha dedicado al artista este a\u00f1o en Madrid) <strong>John Mucha<\/strong>, nieto de Alphonse y presidente de la Fundaci\u00f3n Mucha, escribe: <em>\u00abMucha cre\u00eda en el valor universal del arte y consideraba que el artista deb\u00eda inspirar a la gente y contribuir, a trav\u00e9s de su obra, al progreso de la sociedad\u00bb<\/em>. En palabras del propio artista: <em>\u00abPrefiero ser alguien que cree im\u00e1genes para la gente, en lugar de un creador de arte por amor al arte<\/em><em>\u00bb<\/em>.<\/p>\n<p>Como ya te contamos en el post <a href=\"https:\/\/vivancoculturadevino.es\/blog\/2016\/07\/20\/alphonse-mucha-alegoria-belleza\/\">Alphonse Mucha, alegor\u00eda y belleza<\/a>, el <a href=\"https:\/\/vivancoculturadevino.es\/es\/\">Museo Vivanco<\/a> conserva en su colecci\u00f3n un ejemplar del <strong>panel de esta serie dedicado al oto\u00f1o.<\/strong> La obra estuvo expuesta el a\u00f1o pasado en la muestra temporal <em>Vivanco, pensando en Vino: 40 a\u00f1os de Coleccionismo<\/em>.<\/p>\n<p><a href=\"https:\/\/vivancoculturadevino.es\/blog\/wp-content\/uploads\/2017\/11\/Alfons_Mucha_-_1896_-_Autumn.jpg\"><img decoding=\"async\" class=\"aligncenter size-full wp-image-3312\" src=\"https:\/\/vivancoculturadevino.es\/blog\/wp-content\/uploads\/2017\/11\/Alfons_Mucha_-_1896_-_Autumn.jpg\" alt=\"The Autumme. Alphonse Mucha. Litograf\u00eda en color, 1896. Museo Vivanco de la Cultura del Vino\" width=\"507\" height=\"1000\" srcset=\"https:\/\/vivancoculturadevino.es\/blog\/wp-content\/uploads\/2017\/11\/Alfons_Mucha_-_1896_-_Autumn.jpg 507w, https:\/\/vivancoculturadevino.es\/blog\/wp-content\/uploads\/2017\/11\/Alfons_Mucha_-_1896_-_Autumn-152x300.jpg 152w\" sizes=\"(max-width: 507px) 100vw, 507px\" \/><\/a><\/p>\n<p>Estaci\u00f3n tradicionalmente asociada, en el imaginario popular, a la vendimia, a la ca\u00edda de las hojas y a los paisajes de colores c\u00e1lidos (especialmente el amarillo, el naranja y el rojo) el oto\u00f1o suele simbolizar una etapa de transici\u00f3n y decadencia incipiente, en la que el calor veraniego se va apagando y, con los primeros fr\u00edos, se va acercando la estaci\u00f3n del invierno, que cierra el ciclo del a\u00f1o. Sin embargo, el oto\u00f1o es tambi\u00e9n un periodo en el que la nueva vida comienza de nuevo. Es \u00e9poca de siembra y por lo tanto de preparaci\u00f3n para el renacimiento futuro. Tambi\u00e9n es \u00e9poca de producci\u00f3n del vino, alimento ancestral desde siempre cargado de <a href=\"https:\/\/vivancoculturadevino.es\/blog\/2015\/06\/17\/simbologia-vino-mitologia-clasica-cine\/\">innumerables significados simb\u00f3licos<\/a> ligados a la vitalidad, al placer, a la sensualidad y a la belleza.<\/p>\n<p>Con su elegancia neocl\u00e1sica, sus formas delicadas y su extremo refinamiento, <em>El Oto\u00f1o<\/em> de Mucha consigue condensar decenas de siglos de sabidur\u00eda popular y valores culturales asociados a esta estaci\u00f3n. Como si fuera una especie de oda pict\u00f3rica, expresada a trav\u00e9s del lenguaje universal de la belleza.<\/p>\n","protected":false},"excerpt":{"rendered":"<p>Desde la Antig\u00fcedad tard\u00eda hasta nuestros d\u00edas, el tema de las estaciones del a\u00f1o ha inspirado a artistas de todas partes del mundo y en todos los \u00e1mbitos creativos.<\/p>\n","protected":false},"author":4,"featured_media":2349,"comment_status":"open","ping_status":"open","sticky":false,"template":"","format":"standard","meta":{"footnotes":"","_elementor_edit_mode":"","_elementor_template_type":"","_elementor_data":"","_elementor_page_settings":null,"_elementor_conditions":[]},"categories":[7],"tags":[283,96,51,19],"class_list":["post-3313","post","type-post","status-publish","format-standard","has-post-thumbnail","hentry","category-fundacion","tag-alphonse-maria-mucha","tag-arte","tag-artistas","tag-cultura-de-vino"],"yoast_head":"<!-- This site is optimized with the Yoast SEO plugin v26.8 - https:\/\/yoast.com\/product\/yoast-seo-wordpress\/ -->\n<title>El oto\u00f1o de Alphonse Mucha | Vivanco<\/title>\n<meta name=\"description\" content=\"Las estaciones del a\u00f1o han inspirado a artistas de todas partes del mundo y en todos los \u00e1mbitos creativos.\" \/>\n<meta name=\"robots\" content=\"index, follow, max-snippet:-1, max-image-preview:large, max-video-preview:-1\" \/>\n<link rel=\"canonical\" href=\"https:\/\/vivancoculturadevino.es\/blog\/2017\/11\/20\/el-otono-de-alphonse-mucha\/\" \/>\n<meta property=\"og:locale\" content=\"es_ES\" \/>\n<meta property=\"og:type\" content=\"article\" \/>\n<meta property=\"og:title\" content=\"El oto\u00f1o de Alphonse Mucha | Vivanco\" \/>\n<meta property=\"og:description\" content=\"Las estaciones del a\u00f1o han inspirado a artistas de todas partes del mundo y en todos los \u00e1mbitos creativos.\" \/>\n<meta property=\"og:url\" content=\"https:\/\/vivancoculturadevino.es\/blog\/2017\/11\/20\/el-otono-de-alphonse-mucha\/\" \/>\n<meta property=\"og:site_name\" content=\"Vivanco\" \/>\n<meta property=\"article:author\" content=\"https:\/\/www.facebook.com\/nicolamarianiblog\" \/>\n<meta property=\"article:published_time\" content=\"2017-11-20T09:00:41+00:00\" \/>\n<meta property=\"article:modified_time\" content=\"2018-12-10T16:09:45+00:00\" \/>\n<meta property=\"og:image\" content=\"https:\/\/vivancoculturadevino.es\/blog\/wp-content\/uploads\/2016\/07\/alphonse-mucha.jpg\" \/>\n\t<meta property=\"og:image:width\" content=\"515\" \/>\n\t<meta property=\"og:image:height\" content=\"435\" \/>\n\t<meta property=\"og:image:type\" content=\"image\/jpeg\" \/>\n<meta name=\"author\" content=\"Nicola Mariani\" \/>\n<meta name=\"twitter:card\" content=\"summary_large_image\" \/>\n<meta name=\"twitter:creator\" content=\"@https:\/\/twitter.com\/nicola_mariani\" \/>\n<meta name=\"twitter:label1\" content=\"Escrito por\" \/>\n\t<meta name=\"twitter:data1\" content=\"Nicola Mariani\" \/>\n\t<meta name=\"twitter:label2\" content=\"Tiempo de lectura\" \/>\n\t<meta name=\"twitter:data2\" content=\"4 minutos\" \/>\n<script type=\"application\/ld+json\" class=\"yoast-schema-graph\">{\"@context\":\"https:\/\/schema.org\",\"@graph\":[{\"@type\":\"Article\",\"@id\":\"https:\/\/vivancoculturadevino.es\/blog\/2017\/11\/20\/el-otono-de-alphonse-mucha\/#article\",\"isPartOf\":{\"@id\":\"https:\/\/vivancoculturadevino.es\/blog\/2017\/11\/20\/el-otono-de-alphonse-mucha\/\"},\"author\":{\"name\":\"Nicola Mariani\",\"@id\":\"https:\/\/vivancoculturadevino.es\/blog\/#\/schema\/person\/4d81f97c87d6f9065b3d4ce9f9d5502a\"},\"headline\":\"El oto\u00f1o de Alphonse Mucha\",\"datePublished\":\"2017-11-20T09:00:41+00:00\",\"dateModified\":\"2018-12-10T16:09:45+00:00\",\"mainEntityOfPage\":{\"@id\":\"https:\/\/vivancoculturadevino.es\/blog\/2017\/11\/20\/el-otono-de-alphonse-mucha\/\"},\"wordCount\":877,\"commentCount\":0,\"publisher\":{\"@id\":\"https:\/\/vivancoculturadevino.es\/blog\/#organization\"},\"image\":{\"@id\":\"https:\/\/vivancoculturadevino.es\/blog\/2017\/11\/20\/el-otono-de-alphonse-mucha\/#primaryimage\"},\"thumbnailUrl\":\"https:\/\/vivancoculturadevino.es\/blog\/wp-content\/uploads\/2016\/07\/alphonse-mucha.jpg\",\"keywords\":[\"Alphonse Maria Mucha\",\"arte\",\"artistas\",\"cultura de vino\"],\"articleSection\":[\"Cultura\"],\"inLanguage\":\"es\",\"potentialAction\":[{\"@type\":\"CommentAction\",\"name\":\"Comment\",\"target\":[\"https:\/\/vivancoculturadevino.es\/blog\/2017\/11\/20\/el-otono-de-alphonse-mucha\/#respond\"]}]},{\"@type\":\"WebPage\",\"@id\":\"https:\/\/vivancoculturadevino.es\/blog\/2017\/11\/20\/el-otono-de-alphonse-mucha\/\",\"url\":\"https:\/\/vivancoculturadevino.es\/blog\/2017\/11\/20\/el-otono-de-alphonse-mucha\/\",\"name\":\"El oto\u00f1o de Alphonse Mucha | Vivanco\",\"isPartOf\":{\"@id\":\"https:\/\/vivancoculturadevino.es\/blog\/#website\"},\"primaryImageOfPage\":{\"@id\":\"https:\/\/vivancoculturadevino.es\/blog\/2017\/11\/20\/el-otono-de-alphonse-mucha\/#primaryimage\"},\"image\":{\"@id\":\"https:\/\/vivancoculturadevino.es\/blog\/2017\/11\/20\/el-otono-de-alphonse-mucha\/#primaryimage\"},\"thumbnailUrl\":\"https:\/\/vivancoculturadevino.es\/blog\/wp-content\/uploads\/2016\/07\/alphonse-mucha.jpg\",\"datePublished\":\"2017-11-20T09:00:41+00:00\",\"dateModified\":\"2018-12-10T16:09:45+00:00\",\"description\":\"Las estaciones del a\u00f1o han inspirado a artistas de todas partes del mundo y en todos los \u00e1mbitos creativos.\",\"breadcrumb\":{\"@id\":\"https:\/\/vivancoculturadevino.es\/blog\/2017\/11\/20\/el-otono-de-alphonse-mucha\/#breadcrumb\"},\"inLanguage\":\"es\",\"potentialAction\":[{\"@type\":\"ReadAction\",\"target\":[\"https:\/\/vivancoculturadevino.es\/blog\/2017\/11\/20\/el-otono-de-alphonse-mucha\/\"]}]},{\"@type\":\"ImageObject\",\"inLanguage\":\"es\",\"@id\":\"https:\/\/vivancoculturadevino.es\/blog\/2017\/11\/20\/el-otono-de-alphonse-mucha\/#primaryimage\",\"url\":\"https:\/\/vivancoculturadevino.es\/blog\/wp-content\/uploads\/2016\/07\/alphonse-mucha.jpg\",\"contentUrl\":\"https:\/\/vivancoculturadevino.es\/blog\/wp-content\/uploads\/2016\/07\/alphonse-mucha.jpg\",\"width\":515,\"height\":435},{\"@type\":\"BreadcrumbList\",\"@id\":\"https:\/\/vivancoculturadevino.es\/blog\/2017\/11\/20\/el-otono-de-alphonse-mucha\/#breadcrumb\",\"itemListElement\":[{\"@type\":\"ListItem\",\"position\":1,\"name\":\"Portada\",\"item\":\"https:\/\/vivancoculturadevino.es\/blog\/\"},{\"@type\":\"ListItem\",\"position\":2,\"name\":\"El oto\u00f1o de Alphonse Mucha\"}]},{\"@type\":\"WebSite\",\"@id\":\"https:\/\/vivancoculturadevino.es\/blog\/#website\",\"url\":\"https:\/\/vivancoculturadevino.es\/blog\/\",\"name\":\"Vivanco\",\"description\":\"Una familia y una pasi\u00f3n: Compartir la cultura del vino\",\"publisher\":{\"@id\":\"https:\/\/vivancoculturadevino.es\/blog\/#organization\"},\"potentialAction\":[{\"@type\":\"SearchAction\",\"target\":{\"@type\":\"EntryPoint\",\"urlTemplate\":\"https:\/\/vivancoculturadevino.es\/blog\/?s={search_term_string}\"},\"query-input\":{\"@type\":\"PropertyValueSpecification\",\"valueRequired\":true,\"valueName\":\"search_term_string\"}}],\"inLanguage\":\"es\"},{\"@type\":\"Organization\",\"@id\":\"https:\/\/vivancoculturadevino.es\/blog\/#organization\",\"name\":\"Vivanco\",\"url\":\"https:\/\/vivancoculturadevino.es\/blog\/\",\"logo\":{\"@type\":\"ImageObject\",\"inLanguage\":\"es\",\"@id\":\"https:\/\/vivancoculturadevino.es\/blog\/#\/schema\/logo\/image\/\",\"url\":\"https:\/\/vivancoculturadevino.es\/blog\/wp-content\/uploads\/2026\/01\/Logo-blanco.svg\",\"contentUrl\":\"https:\/\/vivancoculturadevino.es\/blog\/wp-content\/uploads\/2026\/01\/Logo-blanco.svg\",\"width\":134,\"height\":43,\"caption\":\"Vivanco\"},\"image\":{\"@id\":\"https:\/\/vivancoculturadevino.es\/blog\/#\/schema\/logo\/image\/\"}},{\"@type\":\"Person\",\"@id\":\"https:\/\/vivancoculturadevino.es\/blog\/#\/schema\/person\/4d81f97c87d6f9065b3d4ce9f9d5502a\",\"name\":\"Nicola Mariani\",\"image\":{\"@type\":\"ImageObject\",\"inLanguage\":\"es\",\"@id\":\"https:\/\/vivancoculturadevino.es\/blog\/#\/schema\/person\/image\/\",\"url\":\"https:\/\/secure.gravatar.com\/avatar\/af09c13375a3febb9a338849c8f5235962df491f823b064d38681e4df4a10bf2?s=96&d=mm&r=g\",\"contentUrl\":\"https:\/\/secure.gravatar.com\/avatar\/af09c13375a3febb9a338849c8f5235962df491f823b064d38681e4df4a10bf2?s=96&d=mm&r=g\",\"caption\":\"Nicola Mariani\"},\"description\":\"Soci\u00f3logo, blogger y cr\u00edtico de arte independiente. Experto en Sociolog\u00eda del Consumo y contenidos digitales, especializado en cultura y mercado del arte. En 2009 funda el blog www.nicolamariani.es, dedicado a la cr\u00edtica de arte, con especial atenci\u00f3n al arte emergente y el panorama expositivo de Madrid. Escribe para varias revistas especializadas. Ha trabajado como Responsable de Contenido digital para Dur\u00e1n Arte y Subastas y Dur\u00e1n Online Gallery y ha impartido ponencias y talleres. Ha colaborado con numerosos proyectos editoriales online, como Madriz, The Art Market Agency, Artribune, Latamuda, Masdearte, Input Magazine, ARCO Bloggers, el blog de Colecciones de Arte de la Fundaci\u00f3n MAPFRE, Donde acaba Madrid (fotoblog del peri\u00f3dico El Mundo), Streaming Egos (blog del Goethe Institut), LABlog (blog de LABoral), NYR, Ensayos Absolut by PAC, Absolut Network, in-LAN.com o Enfocarte.com entre muchos otros.\",\"sameAs\":[\"http:\/\/nicolamariani.es\/\",\"https:\/\/www.facebook.com\/nicolamarianiblog\",\"https:\/\/x.com\/https:\/\/twitter.com\/nicola_mariani\"],\"url\":\"https:\/\/vivancoculturadevino.es\/blog\/author\/nicola-mariani\/\"}]}<\/script>\n<!-- \/ Yoast SEO plugin. -->","yoast_head_json":{"title":"El oto\u00f1o de Alphonse Mucha | Vivanco","description":"Las estaciones del a\u00f1o han inspirado a artistas de todas partes del mundo y en todos los \u00e1mbitos creativos.","robots":{"index":"index","follow":"follow","max-snippet":"max-snippet:-1","max-image-preview":"max-image-preview:large","max-video-preview":"max-video-preview:-1"},"canonical":"https:\/\/vivancoculturadevino.es\/blog\/2017\/11\/20\/el-otono-de-alphonse-mucha\/","og_locale":"es_ES","og_type":"article","og_title":"El oto\u00f1o de Alphonse Mucha | Vivanco","og_description":"Las estaciones del a\u00f1o han inspirado a artistas de todas partes del mundo y en todos los \u00e1mbitos creativos.","og_url":"https:\/\/vivancoculturadevino.es\/blog\/2017\/11\/20\/el-otono-de-alphonse-mucha\/","og_site_name":"Vivanco","article_author":"https:\/\/www.facebook.com\/nicolamarianiblog","article_published_time":"2017-11-20T09:00:41+00:00","article_modified_time":"2018-12-10T16:09:45+00:00","og_image":[{"width":515,"height":435,"url":"https:\/\/vivancoculturadevino.es\/blog\/wp-content\/uploads\/2016\/07\/alphonse-mucha.jpg","type":"image\/jpeg"}],"author":"Nicola Mariani","twitter_card":"summary_large_image","twitter_creator":"@https:\/\/twitter.com\/nicola_mariani","twitter_misc":{"Escrito por":"Nicola Mariani","Tiempo de lectura":"4 minutos"},"schema":{"@context":"https:\/\/schema.org","@graph":[{"@type":"Article","@id":"https:\/\/vivancoculturadevino.es\/blog\/2017\/11\/20\/el-otono-de-alphonse-mucha\/#article","isPartOf":{"@id":"https:\/\/vivancoculturadevino.es\/blog\/2017\/11\/20\/el-otono-de-alphonse-mucha\/"},"author":{"name":"Nicola Mariani","@id":"https:\/\/vivancoculturadevino.es\/blog\/#\/schema\/person\/4d81f97c87d6f9065b3d4ce9f9d5502a"},"headline":"El oto\u00f1o de Alphonse Mucha","datePublished":"2017-11-20T09:00:41+00:00","dateModified":"2018-12-10T16:09:45+00:00","mainEntityOfPage":{"@id":"https:\/\/vivancoculturadevino.es\/blog\/2017\/11\/20\/el-otono-de-alphonse-mucha\/"},"wordCount":877,"commentCount":0,"publisher":{"@id":"https:\/\/vivancoculturadevino.es\/blog\/#organization"},"image":{"@id":"https:\/\/vivancoculturadevino.es\/blog\/2017\/11\/20\/el-otono-de-alphonse-mucha\/#primaryimage"},"thumbnailUrl":"https:\/\/vivancoculturadevino.es\/blog\/wp-content\/uploads\/2016\/07\/alphonse-mucha.jpg","keywords":["Alphonse Maria Mucha","arte","artistas","cultura de vino"],"articleSection":["Cultura"],"inLanguage":"es","potentialAction":[{"@type":"CommentAction","name":"Comment","target":["https:\/\/vivancoculturadevino.es\/blog\/2017\/11\/20\/el-otono-de-alphonse-mucha\/#respond"]}]},{"@type":"WebPage","@id":"https:\/\/vivancoculturadevino.es\/blog\/2017\/11\/20\/el-otono-de-alphonse-mucha\/","url":"https:\/\/vivancoculturadevino.es\/blog\/2017\/11\/20\/el-otono-de-alphonse-mucha\/","name":"El oto\u00f1o de Alphonse Mucha | Vivanco","isPartOf":{"@id":"https:\/\/vivancoculturadevino.es\/blog\/#website"},"primaryImageOfPage":{"@id":"https:\/\/vivancoculturadevino.es\/blog\/2017\/11\/20\/el-otono-de-alphonse-mucha\/#primaryimage"},"image":{"@id":"https:\/\/vivancoculturadevino.es\/blog\/2017\/11\/20\/el-otono-de-alphonse-mucha\/#primaryimage"},"thumbnailUrl":"https:\/\/vivancoculturadevino.es\/blog\/wp-content\/uploads\/2016\/07\/alphonse-mucha.jpg","datePublished":"2017-11-20T09:00:41+00:00","dateModified":"2018-12-10T16:09:45+00:00","description":"Las estaciones del a\u00f1o han inspirado a artistas de todas partes del mundo y en todos los \u00e1mbitos creativos.","breadcrumb":{"@id":"https:\/\/vivancoculturadevino.es\/blog\/2017\/11\/20\/el-otono-de-alphonse-mucha\/#breadcrumb"},"inLanguage":"es","potentialAction":[{"@type":"ReadAction","target":["https:\/\/vivancoculturadevino.es\/blog\/2017\/11\/20\/el-otono-de-alphonse-mucha\/"]}]},{"@type":"ImageObject","inLanguage":"es","@id":"https:\/\/vivancoculturadevino.es\/blog\/2017\/11\/20\/el-otono-de-alphonse-mucha\/#primaryimage","url":"https:\/\/vivancoculturadevino.es\/blog\/wp-content\/uploads\/2016\/07\/alphonse-mucha.jpg","contentUrl":"https:\/\/vivancoculturadevino.es\/blog\/wp-content\/uploads\/2016\/07\/alphonse-mucha.jpg","width":515,"height":435},{"@type":"BreadcrumbList","@id":"https:\/\/vivancoculturadevino.es\/blog\/2017\/11\/20\/el-otono-de-alphonse-mucha\/#breadcrumb","itemListElement":[{"@type":"ListItem","position":1,"name":"Portada","item":"https:\/\/vivancoculturadevino.es\/blog\/"},{"@type":"ListItem","position":2,"name":"El oto\u00f1o de Alphonse Mucha"}]},{"@type":"WebSite","@id":"https:\/\/vivancoculturadevino.es\/blog\/#website","url":"https:\/\/vivancoculturadevino.es\/blog\/","name":"Vivanco","description":"Una familia y una pasi\u00f3n: Compartir la cultura del vino","publisher":{"@id":"https:\/\/vivancoculturadevino.es\/blog\/#organization"},"potentialAction":[{"@type":"SearchAction","target":{"@type":"EntryPoint","urlTemplate":"https:\/\/vivancoculturadevino.es\/blog\/?s={search_term_string}"},"query-input":{"@type":"PropertyValueSpecification","valueRequired":true,"valueName":"search_term_string"}}],"inLanguage":"es"},{"@type":"Organization","@id":"https:\/\/vivancoculturadevino.es\/blog\/#organization","name":"Vivanco","url":"https:\/\/vivancoculturadevino.es\/blog\/","logo":{"@type":"ImageObject","inLanguage":"es","@id":"https:\/\/vivancoculturadevino.es\/blog\/#\/schema\/logo\/image\/","url":"https:\/\/vivancoculturadevino.es\/blog\/wp-content\/uploads\/2026\/01\/Logo-blanco.svg","contentUrl":"https:\/\/vivancoculturadevino.es\/blog\/wp-content\/uploads\/2026\/01\/Logo-blanco.svg","width":134,"height":43,"caption":"Vivanco"},"image":{"@id":"https:\/\/vivancoculturadevino.es\/blog\/#\/schema\/logo\/image\/"}},{"@type":"Person","@id":"https:\/\/vivancoculturadevino.es\/blog\/#\/schema\/person\/4d81f97c87d6f9065b3d4ce9f9d5502a","name":"Nicola Mariani","image":{"@type":"ImageObject","inLanguage":"es","@id":"https:\/\/vivancoculturadevino.es\/blog\/#\/schema\/person\/image\/","url":"https:\/\/secure.gravatar.com\/avatar\/af09c13375a3febb9a338849c8f5235962df491f823b064d38681e4df4a10bf2?s=96&d=mm&r=g","contentUrl":"https:\/\/secure.gravatar.com\/avatar\/af09c13375a3febb9a338849c8f5235962df491f823b064d38681e4df4a10bf2?s=96&d=mm&r=g","caption":"Nicola Mariani"},"description":"Soci\u00f3logo, blogger y cr\u00edtico de arte independiente. Experto en Sociolog\u00eda del Consumo y contenidos digitales, especializado en cultura y mercado del arte. En 2009 funda el blog www.nicolamariani.es, dedicado a la cr\u00edtica de arte, con especial atenci\u00f3n al arte emergente y el panorama expositivo de Madrid. Escribe para varias revistas especializadas. Ha trabajado como Responsable de Contenido digital para Dur\u00e1n Arte y Subastas y Dur\u00e1n Online Gallery y ha impartido ponencias y talleres. Ha colaborado con numerosos proyectos editoriales online, como Madriz, The Art Market Agency, Artribune, Latamuda, Masdearte, Input Magazine, ARCO Bloggers, el blog de Colecciones de Arte de la Fundaci\u00f3n MAPFRE, Donde acaba Madrid (fotoblog del peri\u00f3dico El Mundo), Streaming Egos (blog del Goethe Institut), LABlog (blog de LABoral), NYR, Ensayos Absolut by PAC, Absolut Network, in-LAN.com o Enfocarte.com entre muchos otros.","sameAs":["http:\/\/nicolamariani.es\/","https:\/\/www.facebook.com\/nicolamarianiblog","https:\/\/x.com\/https:\/\/twitter.com\/nicola_mariani"],"url":"https:\/\/vivancoculturadevino.es\/blog\/author\/nicola-mariani\/"}]}},"_links":{"self":[{"href":"https:\/\/vivancoculturadevino.es\/blog\/wp-json\/wp\/v2\/posts\/3313","targetHints":{"allow":["GET"]}}],"collection":[{"href":"https:\/\/vivancoculturadevino.es\/blog\/wp-json\/wp\/v2\/posts"}],"about":[{"href":"https:\/\/vivancoculturadevino.es\/blog\/wp-json\/wp\/v2\/types\/post"}],"author":[{"embeddable":true,"href":"https:\/\/vivancoculturadevino.es\/blog\/wp-json\/wp\/v2\/users\/4"}],"replies":[{"embeddable":true,"href":"https:\/\/vivancoculturadevino.es\/blog\/wp-json\/wp\/v2\/comments?post=3313"}],"version-history":[{"count":4,"href":"https:\/\/vivancoculturadevino.es\/blog\/wp-json\/wp\/v2\/posts\/3313\/revisions"}],"predecessor-version":[{"id":3317,"href":"https:\/\/vivancoculturadevino.es\/blog\/wp-json\/wp\/v2\/posts\/3313\/revisions\/3317"}],"wp:featuredmedia":[{"embeddable":true,"href":"https:\/\/vivancoculturadevino.es\/blog\/wp-json\/wp\/v2\/media\/2349"}],"wp:attachment":[{"href":"https:\/\/vivancoculturadevino.es\/blog\/wp-json\/wp\/v2\/media?parent=3313"}],"wp:term":[{"taxonomy":"category","embeddable":true,"href":"https:\/\/vivancoculturadevino.es\/blog\/wp-json\/wp\/v2\/categories?post=3313"},{"taxonomy":"post_tag","embeddable":true,"href":"https:\/\/vivancoculturadevino.es\/blog\/wp-json\/wp\/v2\/tags?post=3313"}],"curies":[{"name":"wp","href":"https:\/\/api.w.org\/{rel}","templated":true}]}}