{"id":3195,"date":"2017-07-28T11:27:27","date_gmt":"2017-07-28T10:27:27","guid":{"rendered":"https:\/\/vivancoculturadevino.es\/blog\/?p=3195"},"modified":"2017-07-28T11:33:13","modified_gmt":"2017-07-28T10:33:13","slug":"erase-una-vez-vivancol-arte","status":"publish","type":"post","link":"https:\/\/vivancoculturadevino.es\/blog\/2017\/07\/28\/erase-una-vez-vivancol-arte\/","title":{"rendered":"\u00c9rase una vez\u2026 Vivanco y el arte"},"content":{"rendered":"<p>No se puede hablar de la familia Vivanco y de su esfuerzo por transmitir la <em>Cultura del Vino<\/em>, sin hablar de esa relaci\u00f3n indivisible que existe entre <strong>el vino y el arte<\/strong>.<\/p>\n<p><strong>Ambos (vino y arte) van de la mano en el proyecto que con tanto mimo y empe\u00f1o puso en marcha la familia Vivanco <\/strong>hace ya algunos a\u00f1os, en el que el vino permanece unido a m\u00faltiples disciplinas como el arte, la cultura, la gastronom\u00eda, etc.<\/p>\n<h2>Pasi\u00f3n de la Familia Vivanco por el arte<\/h2>\n<p>Tenemos que remontarnos a 1915 para encontrar los or\u00edgenes de esta pasi\u00f3n por el vino de la familia Vivanco, a\u00f1o en el que Pedro Vivanco Gonz\u00e1lez empez\u00f3 a elaborar <strong>vinos para su consumo familiar<\/strong>, tradici\u00f3n que los distintos miembros de la familia continuaron acrecentando con el paso de los a\u00f1os en aras de ese <strong>amor por el vino<\/strong>.<\/p>\n<p>En 1994, <a href=\"http:\/\/vivancoculturadevino.es\/es\/fundacion\/santi-vivanco\/\" target=\"blank\"><strong>Santiago Vivanco<\/strong><\/a> empez\u00f3 a trabajar para hacer realidad el sue\u00f1o de su familia de llevar a cabo en La Rioja la construcci\u00f3n de un museo expresamente dedicado a la Cultura del Vino. Con este fin, en 2001 fue creada la <a href=\"http:\/\/vivancoculturadevino.es\/es\/fundacion\/\" target=\"blank\"><strong>Fundaci\u00f3n Vivanco<\/strong><\/a> que puso en marcha el proyecto de conservaci\u00f3n, catalogaci\u00f3n y organizaci\u00f3n de la colecci\u00f3n particular que el padre de Santiago, Pedro Vivanco Paracuellos, hab\u00eda empezado a recopilar en los a\u00f1os setenta.<\/p>\n<h3><em><span style=\"text-decoration: underline;\">El Museo Vivanco de la Cultura del Vino<\/span><\/em><\/h3>\n<p>En 2004 el <a href=\"http:\/\/www.vivancoculturadevino.es\/vivanco\/?tsource=tsCom\"><strong>Museo Vivanco de la Cultura del Vino<\/strong><\/a> abri\u00f3 sus puertas en la localidad de Briones. En \u00e9l, podemos disfrutar de una imponente colecci\u00f3n permanente de diferentes piezas originales que, de alguna manera u otra, tienen como <strong>nexo de uni\u00f3n un denominador com\u00fan que es el vino<\/strong>.<\/p>\n<p>Entre el amplio patrimonio art\u00edstico que alberga el Museo Vivanco de la Cultura del Vino, podemos encontrar piezas como: los primeros utensilios de trabajo y labranza del campo y la vi\u00f1a, esculturas griegas y romanas, lienzos de artistas tan reconocidos como Picasso, Mir\u00f3, Sorolla, Warhol, e incluso l\u00e1minas originales de Walt Disney o una minuta aut\u00e9ntica del Titanic, entre otros.<\/p>\n<p><a href=\"https:\/\/vivancoculturadevino.es\/blog\/wp-content\/uploads\/2017\/07\/columna-griega-marmol-vino.jpg\"><img fetchpriority=\"high\" decoding=\"async\" class=\"aligncenter wp-image-3197\" src=\"https:\/\/vivancoculturadevino.es\/blog\/wp-content\/uploads\/2017\/07\/columna-griega-marmol-vino-1024x682.jpg\" alt=\"columna griega marmol vino\" width=\"800\" height=\"533\" srcset=\"https:\/\/vivancoculturadevino.es\/blog\/wp-content\/uploads\/2017\/07\/columna-griega-marmol-vino-1024x682.jpg 1024w, https:\/\/vivancoculturadevino.es\/blog\/wp-content\/uploads\/2017\/07\/columna-griega-marmol-vino-300x200.jpg 300w, https:\/\/vivancoculturadevino.es\/blog\/wp-content\/uploads\/2017\/07\/columna-griega-marmol-vino.jpg 2000w\" sizes=\"(max-width: 800px) 100vw, 800px\" \/><\/a><\/p>\n<h3><em><span style=\"text-decoration: underline;\">El Vino, Arte y S\u00edmbolo<\/span><\/em><\/h3>\n<p><a href=\"https:\/\/vivancoculturadevino.es\/es\/fundacion\/museo-vivanco\/\" target=\"_blank\">El Museo Vivanco de la Cultura del Vino<\/a>\u00a0del Vino, todo un centro de divulgaci\u00f3n, <strong>se ha convertido por m\u00e9ritos propios en todo un referente internacional sobre el vino. <\/strong>Tanto es as\u00ed que ostenta el reconocimiento de<strong> \u201cMejor Museo de Vino del Mundo\u201d por la OMT-ONU <\/strong>(Organizaci\u00f3n Mundial de Turismo).<\/p>\n<p>Su Espacio \u201cEl Vino, Arte y S\u00edmbolo \u201c (sala 4), merece una menci\u00f3n especial ya que la <strong><a href=\"https:\/\/vivancoculturadevino.es\/es\/fundacion\/museo-vivanco-de-la-cultura-del-vino\/exposicion-permanente\/\" target=\"_blank\">colecci\u00f3n de arte y arqueolog\u00eda es la propuesta m\u00e1s singular del Museo<\/a>.<\/strong><\/p>\n<p>Aqu\u00ed nos deleitaremos con una maravillosa colecci\u00f3n de pinturas realizadas por algunas de las figuras m\u00e1s relevantes de la historia del arte: <em>Pablo Picasso, Juan Gris, Miquel Barcel\u00f3, Joan Mir\u00f3, Joaqu\u00edn Sorolla, Antoni T\u00e0pies, Juan Genov\u00e9s\u2026entre otros.<\/em><\/p>\n<p>Por su particularidad, destacamos las obras de <em>Antoni T\u00e0pies, Copa (1997) y la obra Vinum (2011) de Juan Genov\u00e9s<\/em>, pues ambas fueron encargadas por Santiago Vivanco a sus autores en vida, por lo que <strong>adem\u00e1s de su valor art\u00edstico cobran un valor emocional o afectivo teniendo en cuenta la buena relaci\u00f3n que manten\u00eda con los artistas<\/strong>, relaci\u00f3n que consigui\u00f3 algo que no se hab\u00eda logrado hasta entonces: que ambos realizaran una obra en la que el vino fuera el protagonista.<\/p>\n<ul>\n<li><strong><em>Vinum<\/em><\/strong><strong>. Juan\u00a0Genov\u00e9s\u00a0(Valencia 1930). Acr\u00edlico sobre tela. Espa\u00f1a, 2011. Museo Vivanco de la Cultura de Vino.<\/strong><\/li>\n<\/ul>\n<p>En ella, el autor nos presenta una superficie pict\u00f3rica atravesada verticalmente por una banda morada, en una clara alusi\u00f3n al vino, que divide dicha superficie en 3 rect\u00e1ngulos de similares dimensiones.<\/p>\n<p>Dos de estos rect\u00e1ngulos los sit\u00faa a ambos lados del \u201cr\u00edo morado\u201d de forma sim\u00e9trica, simulando las 2 orillas del r\u00edo en las que aparecen distintas figuras humanas mientras que otras nadan en el l\u00edquido del r\u00edo.<\/p>\n<p><a href=\"https:\/\/vivancoculturadevino.es\/blog\/wp-content\/uploads\/2017\/07\/pintura-vinum-genoves.jpg\"><img decoding=\"async\" class=\"aligncenter wp-image-3199\" src=\"https:\/\/vivancoculturadevino.es\/blog\/wp-content\/uploads\/2017\/07\/pintura-vinum-genoves.jpg\" alt=\"pintura vinum genoves\" width=\"800\" height=\"465\" srcset=\"https:\/\/vivancoculturadevino.es\/blog\/wp-content\/uploads\/2017\/07\/pintura-vinum-genoves.jpg 624w, https:\/\/vivancoculturadevino.es\/blog\/wp-content\/uploads\/2017\/07\/pintura-vinum-genoves-300x175.jpg 300w\" sizes=\"(max-width: 800px) 100vw, 800px\" \/><\/a><\/p>\n<ul>\n<li><strong><em>Copa<\/em><\/strong><strong>. 1997. Antoni T\u00e0pies (Barcelona, 1923 \u2013 Barcelona, 2012). \u00d3leo, barniz y lapicero sobre papel. Museo Vivanco de la Cultura de Vino.<\/strong><\/li>\n<\/ul>\n<p>Como hemos recordado anteriormente, se trata de una obra con un valor especial dentro de la <strong>Colecci\u00f3n de Arte Vivanco<\/strong>, tanto a nivel art\u00edstico como a nivel afectivo, puesto que, entre el artista y su comitente, Santiago Vivanco, existi\u00f3 una buena relaci\u00f3n de amistad.<\/p>\n<p><strong>\u00a0<\/strong>Realizada en su \u00e9poca final, T\u00e0pies muestra la huella que los avatares de la historia dejaron en \u00e9l, en una obra realizada sobre papel y empleando \u00f3leo, l\u00e1piz y barniz.<\/p>\n<p><a href=\"https:\/\/vivancoculturadevino.es\/blog\/wp-content\/uploads\/2017\/07\/cuadro-copa-tapies.jpg\"><img decoding=\"async\" class=\"aligncenter wp-image-3200\" src=\"https:\/\/vivancoculturadevino.es\/blog\/wp-content\/uploads\/2017\/07\/cuadro-copa-tapies-1022x1024.jpg\" alt=\"cuadro copa tapies\" width=\"800\" height=\"802\" srcset=\"https:\/\/vivancoculturadevino.es\/blog\/wp-content\/uploads\/2017\/07\/cuadro-copa-tapies-1022x1024.jpg 1022w, https:\/\/vivancoculturadevino.es\/blog\/wp-content\/uploads\/2017\/07\/cuadro-copa-tapies-150x150.jpg 150w, https:\/\/vivancoculturadevino.es\/blog\/wp-content\/uploads\/2017\/07\/cuadro-copa-tapies-300x300.jpg 300w\" sizes=\"(max-width: 800px) 100vw, 800px\" \/><\/a><\/p>\n<h3><em><span style=\"text-decoration: underline;\">Vivanco apuesta por el \u201cMundo del Vino\u201d con su Premio Internacional de Grabado y Vino<\/span><\/em><\/h3>\n<p>Estamos de aniversario porque este a\u00f1o <strong>se cumplen 10 a\u00f1os<\/strong> desde que la <em>Fundaci\u00f3n Vivanco para la Cultura del Vino y la Escuela Superior de Dise\u00f1o de La Rioja (ESDIR) <\/em>comenzaran a apoyar a los artistas que utilizan el <strong>grabado<\/strong> en todas sus variantes (aguafuerte, calcograf\u00eda, litograf\u00eda, aguatinta, xilograf\u00eda, serigraf\u00eda e impresi\u00f3n digital) como medio de creaci\u00f3n.<\/p>\n<p><a href=\"https:\/\/vivancoculturadevino.es\/es\/fundacion\/actividades\/#actividad-1\" target=\"_blank\">La convocatoria<\/a> se dirige a artistas mayores de edad y residentes en la Uni\u00f3n Europea, cuyas obras tendr\u00e1n que ser in\u00e9ditas y originales y por supuesto deber\u00e1n versar sobre \u2018El mundo del vino\u2019. Cada participante podr\u00e1 presentar 2 obras como m\u00e1ximo.<\/p>\n","protected":false},"excerpt":{"rendered":"<p>Vino y arte van de la mano en el proyecto que con tanto mimo y empe\u00f1o puso en marcha la familia Vivanco hace ya algunos a\u00f1os, en el que el vino permanece unido a m\u00faltiples disciplinas como el arte, la cultura, la gastronom\u00eda, etc.<\/p>\n","protected":false},"author":1,"featured_media":3201,"comment_status":"open","ping_status":"open","sticky":false,"template":"","format":"standard","meta":{"footnotes":"","_elementor_edit_mode":"","_elementor_template_type":"","_elementor_data":"","_elementor_page_settings":null,"_elementor_conditions":[]},"categories":[7],"tags":[96,19,56,23],"class_list":["post-3195","post","type-post","status-publish","format-standard","has-post-thumbnail","hentry","category-fundacion","tag-arte","tag-cultura-de-vino","tag-historia","tag-museo-vivanco-de-la-cultura-del-vino"],"yoast_head":"<!-- This site is optimized with the Yoast SEO plugin v26.8 - https:\/\/yoast.com\/product\/yoast-seo-wordpress\/ -->\n<title>\u00c9rase una vez\u2026 Vivanco y el arte | Vivanco<\/title>\n<meta name=\"description\" content=\"Vino y arte van de la mano en el proyecto que con tanto mimo y empe\u00f1o puso en marcha la familia Vivanco hace ya algunos a\u00f1os, en el que el vino permanece unido a m\u00faltiples disciplinas como el arte, la cultura, la gastronom\u00eda, etc.\" \/>\n<meta name=\"robots\" content=\"index, follow, max-snippet:-1, max-image-preview:large, max-video-preview:-1\" \/>\n<link rel=\"canonical\" href=\"https:\/\/vivancoculturadevino.es\/blog\/2017\/07\/28\/erase-una-vez-vivancol-arte\/\" \/>\n<meta property=\"og:locale\" content=\"es_ES\" \/>\n<meta property=\"og:type\" content=\"article\" \/>\n<meta property=\"og:title\" content=\"\u00c9rase una vez\u2026 Vivanco y el arte | Vivanco\" \/>\n<meta property=\"og:description\" content=\"Vino y arte van de la mano en el proyecto que con tanto mimo y empe\u00f1o puso en marcha la familia Vivanco hace ya algunos a\u00f1os, en el que el vino permanece unido a m\u00faltiples disciplinas como el arte, la cultura, la gastronom\u00eda, etc.\" \/>\n<meta property=\"og:url\" content=\"https:\/\/vivancoculturadevino.es\/blog\/2017\/07\/28\/erase-una-vez-vivancol-arte\/\" \/>\n<meta property=\"og:site_name\" content=\"Vivanco\" \/>\n<meta property=\"article:author\" content=\"https:\/\/www.facebook.com\/vivancoculturadevino\" \/>\n<meta property=\"article:published_time\" content=\"2017-07-28T10:27:27+00:00\" \/>\n<meta property=\"article:modified_time\" content=\"2017-07-28T10:33:13+00:00\" \/>\n<meta property=\"og:image\" content=\"https:\/\/vivancoculturadevino.es\/blog\/wp-content\/uploads\/2017\/07\/sacacorchos-miro-pintura.jpg\" \/>\n\t<meta property=\"og:image:width\" content=\"2000\" \/>\n\t<meta property=\"og:image:height\" content=\"1333\" \/>\n\t<meta property=\"og:image:type\" content=\"image\/jpeg\" \/>\n<meta name=\"author\" content=\"Vivanco\" \/>\n<meta name=\"twitter:card\" content=\"summary_large_image\" \/>\n<meta name=\"twitter:creator\" content=\"@https:\/\/twitter.com\/Vivanco_es\" \/>\n<meta name=\"twitter:label1\" content=\"Escrito por\" \/>\n\t<meta name=\"twitter:data1\" content=\"Vivanco\" \/>\n\t<meta name=\"twitter:label2\" content=\"Tiempo de lectura\" \/>\n\t<meta name=\"twitter:data2\" content=\"4 minutos\" \/>\n<script type=\"application\/ld+json\" class=\"yoast-schema-graph\">{\"@context\":\"https:\/\/schema.org\",\"@graph\":[{\"@type\":\"Article\",\"@id\":\"https:\/\/vivancoculturadevino.es\/blog\/2017\/07\/28\/erase-una-vez-vivancol-arte\/#article\",\"isPartOf\":{\"@id\":\"https:\/\/vivancoculturadevino.es\/blog\/2017\/07\/28\/erase-una-vez-vivancol-arte\/\"},\"author\":{\"name\":\"Vivanco\",\"@id\":\"https:\/\/vivancoculturadevino.es\/blog\/#\/schema\/person\/745931ee54ccbb839d8df0cceb02db4c\"},\"headline\":\"\u00c9rase una vez\u2026 Vivanco y el arte\",\"datePublished\":\"2017-07-28T10:27:27+00:00\",\"dateModified\":\"2017-07-28T10:33:13+00:00\",\"mainEntityOfPage\":{\"@id\":\"https:\/\/vivancoculturadevino.es\/blog\/2017\/07\/28\/erase-una-vez-vivancol-arte\/\"},\"wordCount\":904,\"commentCount\":0,\"publisher\":{\"@id\":\"https:\/\/vivancoculturadevino.es\/blog\/#organization\"},\"image\":{\"@id\":\"https:\/\/vivancoculturadevino.es\/blog\/2017\/07\/28\/erase-una-vez-vivancol-arte\/#primaryimage\"},\"thumbnailUrl\":\"https:\/\/vivancoculturadevino.es\/blog\/wp-content\/uploads\/2017\/07\/sacacorchos-miro-pintura.jpg\",\"keywords\":[\"arte\",\"cultura de vino\",\"historia\",\"museo vivanco de la cultura del vino\"],\"articleSection\":[\"Cultura\"],\"inLanguage\":\"es\",\"potentialAction\":[{\"@type\":\"CommentAction\",\"name\":\"Comment\",\"target\":[\"https:\/\/vivancoculturadevino.es\/blog\/2017\/07\/28\/erase-una-vez-vivancol-arte\/#respond\"]}]},{\"@type\":\"WebPage\",\"@id\":\"https:\/\/vivancoculturadevino.es\/blog\/2017\/07\/28\/erase-una-vez-vivancol-arte\/\",\"url\":\"https:\/\/vivancoculturadevino.es\/blog\/2017\/07\/28\/erase-una-vez-vivancol-arte\/\",\"name\":\"\u00c9rase una vez\u2026 Vivanco y el arte | Vivanco\",\"isPartOf\":{\"@id\":\"https:\/\/vivancoculturadevino.es\/blog\/#website\"},\"primaryImageOfPage\":{\"@id\":\"https:\/\/vivancoculturadevino.es\/blog\/2017\/07\/28\/erase-una-vez-vivancol-arte\/#primaryimage\"},\"image\":{\"@id\":\"https:\/\/vivancoculturadevino.es\/blog\/2017\/07\/28\/erase-una-vez-vivancol-arte\/#primaryimage\"},\"thumbnailUrl\":\"https:\/\/vivancoculturadevino.es\/blog\/wp-content\/uploads\/2017\/07\/sacacorchos-miro-pintura.jpg\",\"datePublished\":\"2017-07-28T10:27:27+00:00\",\"dateModified\":\"2017-07-28T10:33:13+00:00\",\"description\":\"Vino y arte van de la mano en el proyecto que con tanto mimo y empe\u00f1o puso en marcha la familia Vivanco hace ya algunos a\u00f1os, en el que el vino permanece unido a m\u00faltiples disciplinas como el arte, la cultura, la gastronom\u00eda, etc.\",\"breadcrumb\":{\"@id\":\"https:\/\/vivancoculturadevino.es\/blog\/2017\/07\/28\/erase-una-vez-vivancol-arte\/#breadcrumb\"},\"inLanguage\":\"es\",\"potentialAction\":[{\"@type\":\"ReadAction\",\"target\":[\"https:\/\/vivancoculturadevino.es\/blog\/2017\/07\/28\/erase-una-vez-vivancol-arte\/\"]}]},{\"@type\":\"ImageObject\",\"inLanguage\":\"es\",\"@id\":\"https:\/\/vivancoculturadevino.es\/blog\/2017\/07\/28\/erase-una-vez-vivancol-arte\/#primaryimage\",\"url\":\"https:\/\/vivancoculturadevino.es\/blog\/wp-content\/uploads\/2017\/07\/sacacorchos-miro-pintura.jpg\",\"contentUrl\":\"https:\/\/vivancoculturadevino.es\/blog\/wp-content\/uploads\/2017\/07\/sacacorchos-miro-pintura.jpg\",\"width\":2000,\"height\":1333},{\"@type\":\"BreadcrumbList\",\"@id\":\"https:\/\/vivancoculturadevino.es\/blog\/2017\/07\/28\/erase-una-vez-vivancol-arte\/#breadcrumb\",\"itemListElement\":[{\"@type\":\"ListItem\",\"position\":1,\"name\":\"Portada\",\"item\":\"https:\/\/vivancoculturadevino.es\/blog\/\"},{\"@type\":\"ListItem\",\"position\":2,\"name\":\"\u00c9rase una vez\u2026 Vivanco y el arte\"}]},{\"@type\":\"WebSite\",\"@id\":\"https:\/\/vivancoculturadevino.es\/blog\/#website\",\"url\":\"https:\/\/vivancoculturadevino.es\/blog\/\",\"name\":\"Vivanco\",\"description\":\"Una familia y una pasi\u00f3n: Compartir la cultura del vino\",\"publisher\":{\"@id\":\"https:\/\/vivancoculturadevino.es\/blog\/#organization\"},\"potentialAction\":[{\"@type\":\"SearchAction\",\"target\":{\"@type\":\"EntryPoint\",\"urlTemplate\":\"https:\/\/vivancoculturadevino.es\/blog\/?s={search_term_string}\"},\"query-input\":{\"@type\":\"PropertyValueSpecification\",\"valueRequired\":true,\"valueName\":\"search_term_string\"}}],\"inLanguage\":\"es\"},{\"@type\":\"Organization\",\"@id\":\"https:\/\/vivancoculturadevino.es\/blog\/#organization\",\"name\":\"Vivanco\",\"url\":\"https:\/\/vivancoculturadevino.es\/blog\/\",\"logo\":{\"@type\":\"ImageObject\",\"inLanguage\":\"es\",\"@id\":\"https:\/\/vivancoculturadevino.es\/blog\/#\/schema\/logo\/image\/\",\"url\":\"https:\/\/vivancoculturadevino.es\/blog\/wp-content\/uploads\/2026\/01\/Logo-blanco.svg\",\"contentUrl\":\"https:\/\/vivancoculturadevino.es\/blog\/wp-content\/uploads\/2026\/01\/Logo-blanco.svg\",\"width\":134,\"height\":43,\"caption\":\"Vivanco\"},\"image\":{\"@id\":\"https:\/\/vivancoculturadevino.es\/blog\/#\/schema\/logo\/image\/\"}},{\"@type\":\"Person\",\"@id\":\"https:\/\/vivancoculturadevino.es\/blog\/#\/schema\/person\/745931ee54ccbb839d8df0cceb02db4c\",\"name\":\"Vivanco\",\"image\":{\"@type\":\"ImageObject\",\"inLanguage\":\"es\",\"@id\":\"https:\/\/vivancoculturadevino.es\/blog\/#\/schema\/person\/image\/\",\"url\":\"https:\/\/secure.gravatar.com\/avatar\/61b66c59d132db2f7ad4dfd1cc89bbd508b4d5888ab39ddba99f2aca247b7fb3?s=96&d=mm&r=g\",\"contentUrl\":\"https:\/\/secure.gravatar.com\/avatar\/61b66c59d132db2f7ad4dfd1cc89bbd508b4d5888ab39ddba99f2aca247b7fb3?s=96&d=mm&r=g\",\"caption\":\"Vivanco\"},\"description\":\"Bodega, Fundaci\u00f3n, Experiencias. Compartiendo Cultura de Vino\",\"sameAs\":[\"http:\/\/www.vivancoculturadevino.es\",\"https:\/\/www.facebook.com\/vivancoculturadevino\",\"https:\/\/x.com\/https:\/\/twitter.com\/Vivanco_es\",\"https:\/\/www.youtube.com\/channel\/UC8a2nOiF7kAQNPPduAi2Evw\/videos\"],\"url\":\"https:\/\/vivancoculturadevino.es\/blog\/author\/administrator\/\"}]}<\/script>\n<!-- \/ Yoast SEO plugin. -->","yoast_head_json":{"title":"\u00c9rase una vez\u2026 Vivanco y el arte | Vivanco","description":"Vino y arte van de la mano en el proyecto que con tanto mimo y empe\u00f1o puso en marcha la familia Vivanco hace ya algunos a\u00f1os, en el que el vino permanece unido a m\u00faltiples disciplinas como el arte, la cultura, la gastronom\u00eda, etc.","robots":{"index":"index","follow":"follow","max-snippet":"max-snippet:-1","max-image-preview":"max-image-preview:large","max-video-preview":"max-video-preview:-1"},"canonical":"https:\/\/vivancoculturadevino.es\/blog\/2017\/07\/28\/erase-una-vez-vivancol-arte\/","og_locale":"es_ES","og_type":"article","og_title":"\u00c9rase una vez\u2026 Vivanco y el arte | Vivanco","og_description":"Vino y arte van de la mano en el proyecto que con tanto mimo y empe\u00f1o puso en marcha la familia Vivanco hace ya algunos a\u00f1os, en el que el vino permanece unido a m\u00faltiples disciplinas como el arte, la cultura, la gastronom\u00eda, etc.","og_url":"https:\/\/vivancoculturadevino.es\/blog\/2017\/07\/28\/erase-una-vez-vivancol-arte\/","og_site_name":"Vivanco","article_author":"https:\/\/www.facebook.com\/vivancoculturadevino","article_published_time":"2017-07-28T10:27:27+00:00","article_modified_time":"2017-07-28T10:33:13+00:00","og_image":[{"width":2000,"height":1333,"url":"https:\/\/vivancoculturadevino.es\/blog\/wp-content\/uploads\/2017\/07\/sacacorchos-miro-pintura.jpg","type":"image\/jpeg"}],"author":"Vivanco","twitter_card":"summary_large_image","twitter_creator":"@https:\/\/twitter.com\/Vivanco_es","twitter_misc":{"Escrito por":"Vivanco","Tiempo de lectura":"4 minutos"},"schema":{"@context":"https:\/\/schema.org","@graph":[{"@type":"Article","@id":"https:\/\/vivancoculturadevino.es\/blog\/2017\/07\/28\/erase-una-vez-vivancol-arte\/#article","isPartOf":{"@id":"https:\/\/vivancoculturadevino.es\/blog\/2017\/07\/28\/erase-una-vez-vivancol-arte\/"},"author":{"name":"Vivanco","@id":"https:\/\/vivancoculturadevino.es\/blog\/#\/schema\/person\/745931ee54ccbb839d8df0cceb02db4c"},"headline":"\u00c9rase una vez\u2026 Vivanco y el arte","datePublished":"2017-07-28T10:27:27+00:00","dateModified":"2017-07-28T10:33:13+00:00","mainEntityOfPage":{"@id":"https:\/\/vivancoculturadevino.es\/blog\/2017\/07\/28\/erase-una-vez-vivancol-arte\/"},"wordCount":904,"commentCount":0,"publisher":{"@id":"https:\/\/vivancoculturadevino.es\/blog\/#organization"},"image":{"@id":"https:\/\/vivancoculturadevino.es\/blog\/2017\/07\/28\/erase-una-vez-vivancol-arte\/#primaryimage"},"thumbnailUrl":"https:\/\/vivancoculturadevino.es\/blog\/wp-content\/uploads\/2017\/07\/sacacorchos-miro-pintura.jpg","keywords":["arte","cultura de vino","historia","museo vivanco de la cultura del vino"],"articleSection":["Cultura"],"inLanguage":"es","potentialAction":[{"@type":"CommentAction","name":"Comment","target":["https:\/\/vivancoculturadevino.es\/blog\/2017\/07\/28\/erase-una-vez-vivancol-arte\/#respond"]}]},{"@type":"WebPage","@id":"https:\/\/vivancoculturadevino.es\/blog\/2017\/07\/28\/erase-una-vez-vivancol-arte\/","url":"https:\/\/vivancoculturadevino.es\/blog\/2017\/07\/28\/erase-una-vez-vivancol-arte\/","name":"\u00c9rase una vez\u2026 Vivanco y el arte | Vivanco","isPartOf":{"@id":"https:\/\/vivancoculturadevino.es\/blog\/#website"},"primaryImageOfPage":{"@id":"https:\/\/vivancoculturadevino.es\/blog\/2017\/07\/28\/erase-una-vez-vivancol-arte\/#primaryimage"},"image":{"@id":"https:\/\/vivancoculturadevino.es\/blog\/2017\/07\/28\/erase-una-vez-vivancol-arte\/#primaryimage"},"thumbnailUrl":"https:\/\/vivancoculturadevino.es\/blog\/wp-content\/uploads\/2017\/07\/sacacorchos-miro-pintura.jpg","datePublished":"2017-07-28T10:27:27+00:00","dateModified":"2017-07-28T10:33:13+00:00","description":"Vino y arte van de la mano en el proyecto que con tanto mimo y empe\u00f1o puso en marcha la familia Vivanco hace ya algunos a\u00f1os, en el que el vino permanece unido a m\u00faltiples disciplinas como el arte, la cultura, la gastronom\u00eda, etc.","breadcrumb":{"@id":"https:\/\/vivancoculturadevino.es\/blog\/2017\/07\/28\/erase-una-vez-vivancol-arte\/#breadcrumb"},"inLanguage":"es","potentialAction":[{"@type":"ReadAction","target":["https:\/\/vivancoculturadevino.es\/blog\/2017\/07\/28\/erase-una-vez-vivancol-arte\/"]}]},{"@type":"ImageObject","inLanguage":"es","@id":"https:\/\/vivancoculturadevino.es\/blog\/2017\/07\/28\/erase-una-vez-vivancol-arte\/#primaryimage","url":"https:\/\/vivancoculturadevino.es\/blog\/wp-content\/uploads\/2017\/07\/sacacorchos-miro-pintura.jpg","contentUrl":"https:\/\/vivancoculturadevino.es\/blog\/wp-content\/uploads\/2017\/07\/sacacorchos-miro-pintura.jpg","width":2000,"height":1333},{"@type":"BreadcrumbList","@id":"https:\/\/vivancoculturadevino.es\/blog\/2017\/07\/28\/erase-una-vez-vivancol-arte\/#breadcrumb","itemListElement":[{"@type":"ListItem","position":1,"name":"Portada","item":"https:\/\/vivancoculturadevino.es\/blog\/"},{"@type":"ListItem","position":2,"name":"\u00c9rase una vez\u2026 Vivanco y el arte"}]},{"@type":"WebSite","@id":"https:\/\/vivancoculturadevino.es\/blog\/#website","url":"https:\/\/vivancoculturadevino.es\/blog\/","name":"Vivanco","description":"Una familia y una pasi\u00f3n: Compartir la cultura del vino","publisher":{"@id":"https:\/\/vivancoculturadevino.es\/blog\/#organization"},"potentialAction":[{"@type":"SearchAction","target":{"@type":"EntryPoint","urlTemplate":"https:\/\/vivancoculturadevino.es\/blog\/?s={search_term_string}"},"query-input":{"@type":"PropertyValueSpecification","valueRequired":true,"valueName":"search_term_string"}}],"inLanguage":"es"},{"@type":"Organization","@id":"https:\/\/vivancoculturadevino.es\/blog\/#organization","name":"Vivanco","url":"https:\/\/vivancoculturadevino.es\/blog\/","logo":{"@type":"ImageObject","inLanguage":"es","@id":"https:\/\/vivancoculturadevino.es\/blog\/#\/schema\/logo\/image\/","url":"https:\/\/vivancoculturadevino.es\/blog\/wp-content\/uploads\/2026\/01\/Logo-blanco.svg","contentUrl":"https:\/\/vivancoculturadevino.es\/blog\/wp-content\/uploads\/2026\/01\/Logo-blanco.svg","width":134,"height":43,"caption":"Vivanco"},"image":{"@id":"https:\/\/vivancoculturadevino.es\/blog\/#\/schema\/logo\/image\/"}},{"@type":"Person","@id":"https:\/\/vivancoculturadevino.es\/blog\/#\/schema\/person\/745931ee54ccbb839d8df0cceb02db4c","name":"Vivanco","image":{"@type":"ImageObject","inLanguage":"es","@id":"https:\/\/vivancoculturadevino.es\/blog\/#\/schema\/person\/image\/","url":"https:\/\/secure.gravatar.com\/avatar\/61b66c59d132db2f7ad4dfd1cc89bbd508b4d5888ab39ddba99f2aca247b7fb3?s=96&d=mm&r=g","contentUrl":"https:\/\/secure.gravatar.com\/avatar\/61b66c59d132db2f7ad4dfd1cc89bbd508b4d5888ab39ddba99f2aca247b7fb3?s=96&d=mm&r=g","caption":"Vivanco"},"description":"Bodega, Fundaci\u00f3n, Experiencias. Compartiendo Cultura de Vino","sameAs":["http:\/\/www.vivancoculturadevino.es","https:\/\/www.facebook.com\/vivancoculturadevino","https:\/\/x.com\/https:\/\/twitter.com\/Vivanco_es","https:\/\/www.youtube.com\/channel\/UC8a2nOiF7kAQNPPduAi2Evw\/videos"],"url":"https:\/\/vivancoculturadevino.es\/blog\/author\/administrator\/"}]}},"_links":{"self":[{"href":"https:\/\/vivancoculturadevino.es\/blog\/wp-json\/wp\/v2\/posts\/3195","targetHints":{"allow":["GET"]}}],"collection":[{"href":"https:\/\/vivancoculturadevino.es\/blog\/wp-json\/wp\/v2\/posts"}],"about":[{"href":"https:\/\/vivancoculturadevino.es\/blog\/wp-json\/wp\/v2\/types\/post"}],"author":[{"embeddable":true,"href":"https:\/\/vivancoculturadevino.es\/blog\/wp-json\/wp\/v2\/users\/1"}],"replies":[{"embeddable":true,"href":"https:\/\/vivancoculturadevino.es\/blog\/wp-json\/wp\/v2\/comments?post=3195"}],"version-history":[{"count":6,"href":"https:\/\/vivancoculturadevino.es\/blog\/wp-json\/wp\/v2\/posts\/3195\/revisions"}],"predecessor-version":[{"id":3207,"href":"https:\/\/vivancoculturadevino.es\/blog\/wp-json\/wp\/v2\/posts\/3195\/revisions\/3207"}],"wp:featuredmedia":[{"embeddable":true,"href":"https:\/\/vivancoculturadevino.es\/blog\/wp-json\/wp\/v2\/media\/3201"}],"wp:attachment":[{"href":"https:\/\/vivancoculturadevino.es\/blog\/wp-json\/wp\/v2\/media?parent=3195"}],"wp:term":[{"taxonomy":"category","embeddable":true,"href":"https:\/\/vivancoculturadevino.es\/blog\/wp-json\/wp\/v2\/categories?post=3195"},{"taxonomy":"post_tag","embeddable":true,"href":"https:\/\/vivancoculturadevino.es\/blog\/wp-json\/wp\/v2\/tags?post=3195"}],"curies":[{"name":"wp","href":"https:\/\/api.w.org\/{rel}","templated":true}]}}