{"id":3131,"date":"2017-06-26T10:09:51","date_gmt":"2017-06-26T09:09:51","guid":{"rendered":"https:\/\/vivancoculturadevino.es\/blog\/?p=3131"},"modified":"2017-06-27T08:38:09","modified_gmt":"2017-06-27T07:38:09","slug":"el-mar-color-de-vino","status":"publish","type":"post","link":"https:\/\/vivancoculturadevino.es\/blog\/2017\/06\/26\/el-mar-color-de-vino\/","title":{"rendered":"El mar color de vino"},"content":{"rendered":"<p>En varios art\u00edculos anteriores hemos abordado la profunda relaci\u00f3n que liga, desde hace miles de a\u00f1os, la <strong>cultura del hombre <\/strong>a la <strong>Cultura del Vino<\/strong>. Entre otros textos podemos recordar: <a href=\"https:\/\/vivancoculturadevino.es\/blog\/2015\/09\/02\/coleccionismo-obras-encargo-museo-vivanco-vinum-juan-genoves\/\">Coleccionismo y obras por encargo en el Museo Vivanco<\/a>, en el que hablamos del deseo de investigar los mitos y los rituales relacionados con la producci\u00f3n y el consumo del vino, del cual nacieron la <strong>Fundaci\u00f3n Vivanco<\/strong> y el<strong> Museo de la Cultura del Vino<\/strong>; <a href=\"https:\/\/vivancoculturadevino.es\/blog\/2016\/06\/22\/pablo-neruda-celebra-nobleza-vino-vivanco\/\">Pablo Neruda celebra la nobleza del vino en Vivanco<\/a>, sobre una de las composiciones l\u00edricas m\u00e1s bellas que se hayan dedicado nunca a la bebida ancestral: <em>Oda al vino<\/em> del famoso premio Nobel chileno; <a href=\"https:\/\/vivancoculturadevino.es\/blog\/2015\/06\/17\/simbologia-vino-mitologia-clasica-cine\/\">La simbolog\u00eda del vino, de la mitolog\u00eda cl\u00e1sica al cine<\/a>, en el que nos ocupamos del vino como elemento caracter\u00edstico de la <strong>identidad cultural mediterr\u00e1nea<\/strong>.<\/p>\n<p>Esta vez evocamos el <strong><em>v\u00ednculo at\u00e1vico que existe entre el vino y la cultura<\/em><\/strong> a trav\u00e9s de una de las im\u00e1genes po\u00e9ticas m\u00e1s fascinantes de la literatura universal: <strong>\u00abEl Mar Color de Vino\u00bb<\/strong>, de Homero.<\/p>\n<p>En los albores de la civilizaci\u00f3n occidental, la navegaci\u00f3n juega un papel fundamental. Gracias al mar los griegos comercian, fundan colonias, exportan su cultura, hacen guerras y a veces naufragan. <strong>El mar es temido y respetado a la vez<\/strong>.<\/p>\n<p>En la narraci\u00f3n del legendario poeta griego Homero, <strong>el Mar Mediterr\u00e1neo representa un escenario paradigm\u00e1tico y el vino aparece a menudo como alimento restaurador<\/strong> (despu\u00e9s de traves\u00edas y batallas sangrientas) o bien como elemento <strong>ritual<\/strong> (para celebrar pactos, alianzas o sacrificios para Zeus u otros dioses del Olimpo). \u00a0La definici\u00f3n <strong>\u00abel mar color de vino\u00bb<\/strong> aparece tanto en la <strong>Il\u00edada<\/strong> como en la <strong>Odisea<\/strong> \u2014donde recurre varias veces\u2014 y se ha interpretado como una descripci\u00f3n de aquel color p\u00farpura-pardo, con mucho cuerpo, que toma el mar cuando al final del d\u00eda la luz del sol disminuye y el atardecer se esfuma, anunciando la llegada del anochecer.<\/p>\n<h2>\u201cEl <em>mar color de vino\u201d<\/em> en la Il\u00edada<\/h2>\n<p>Entre otros pasajes hom\u00e9ricos, en los que esta expresi\u00f3n aparece, cabe destacar el <strong>Canto XXIII de la Il\u00edada<\/strong> (Juegos en honor de Patroclo), donde el h\u00e9roe Aquiles mira hacia el <em>mar color de vino<\/em> en uno de los momentos m\u00e1s solemnes de todo el poema. Ante el cuerpo ex\u00e1nime de Patroclo, muerto en combate a manos del pr\u00edncipe H\u00e9ctor, hijo de Priamo, rey de Troya, Aquiles llorando se corta el pelo y lo ofrece a su querido amigo (listo para ser quemado seg\u00fan la tradici\u00f3n antigua) para que se lo lleve consigo en el viaje eterno.<\/p>\n<p><a href=\"https:\/\/vivancoculturadevino.es\/blog\/wp-content\/uploads\/2017\/06\/aquiles-corte-rey-lycomedes.jpg\"><img fetchpriority=\"high\" decoding=\"async\" width=\"1024\" height=\"409\" class=\"aligncenter size-large wp-image-3132\" src=\"https:\/\/vivancoculturadevino.es\/blog\/wp-content\/uploads\/2017\/06\/aquiles-corte-rey-lycomedes-1024x409.jpg\" alt=\"aquiles corte rey lycomedes\" srcset=\"https:\/\/vivancoculturadevino.es\/blog\/wp-content\/uploads\/2017\/06\/aquiles-corte-rey-lycomedes.jpg 1024w, https:\/\/vivancoculturadevino.es\/blog\/wp-content\/uploads\/2017\/06\/aquiles-corte-rey-lycomedes-300x120.jpg 300w\" sizes=\"(max-width: 1024px) 100vw, 1024px\" \/><\/a><\/p>\n<p style=\"text-align: center;\">Aquiles con la corte del Rey Licomedes. Colecci\u00f3n Borghese, Museo del Louvre. Foto: <a href=\"https:\/\/commons.wikimedia.org\/wiki\/File:Achilles_Lycomedes_Louvre_Ma2120.jpg\" target=\"blank\" rel=\"nofollow\">Jastrow<\/a><\/p>\n<h2><strong>\u201cEl <em>mar color de vino\u201d<\/em> en la Odisea<\/strong><\/h2>\n<p>En la Odisea, Ulises usa esta expresi\u00f3n (entre otras ocasiones) <strong>en el Canto VI<\/strong> (Odiseo y Naus\u00edcaa). Hija de Alc\u00ednoo, rey de la isla Esqueria, tierra de los feacios, Naus\u00edcaa encuentra a Odiseo en la playa, donde este \u00faltimo hab\u00eda llegado tras el naufragio del d\u00eda anterior. Al despertarse, <strong>Ulises le cuenta haber sobrevivido al <em>mar color de vino<\/em>, tras partir de la isla de Ogigia y sufrir, durante veinte d\u00edas, varias tempestades<\/strong>. Naus\u00edcaa lo lleva a presencia de su padre y Odiseo (Ulises) le relata sus aventuras. El generoso Alc\u00ednoo le proporcionar\u00e1 las embarcaciones que lo llevar\u00e1n finalmente a su deseada \u00cdtaca.<\/p>\n<p><a href=\"https:\/\/vivancoculturadevino.es\/blog\/wp-content\/uploads\/2017\/06\/ulises-corte-alcinoo-pintura.jpg\"><img decoding=\"async\" class=\"aligncenter wp-image-3133\" src=\"https:\/\/vivancoculturadevino.es\/blog\/wp-content\/uploads\/2017\/06\/ulises-corte-alcinoo-pintura.jpg\" alt=\"ulises corte alcinoo pintura\" width=\"800\" height=\"571\" srcset=\"https:\/\/vivancoculturadevino.es\/blog\/wp-content\/uploads\/2017\/06\/ulises-corte-alcinoo-pintura.jpg 1012w, https:\/\/vivancoculturadevino.es\/blog\/wp-content\/uploads\/2017\/06\/ulises-corte-alcinoo-pintura-300x214.jpg 300w\" sizes=\"(max-width: 800px) 100vw, 800px\" \/><\/a><\/p>\n<p style=\"text-align: center;\">Ulises en la corte de Alc\u00ednoo por Francesco Hayez (1813\u20131815)<\/p>\n<h2><strong>\u201cEl mar color de vino\u201d como inspiraci\u00f3n en la actualidad<\/strong><\/h2>\n<p>Despu\u00e9s de muchos siglos, esta fascinante imagen sigue inspirando a estudiosos y literatos de todo el mundo. Solo a modo de ejemplo podemos mencionar el grupo de investigaci\u00f3n de estudios cl\u00e1sicos del <em>Center for Hellenic Studies <\/em>de la Universidad de Harvard (Boston), que publica el blog <a href=\"https:\/\/kosmossociety.chs.harvard.edu\/?p=5522\" target=\"blank\" rel=\"nofollow\">Kosmos Society<\/a> y ha dedicado varios art\u00edculos a <em>the wine-dark sea<\/em>.<\/p>\n<p>&nbsp;<\/p>\n<p>Entre las obras literarias que se han inspirado en esta afortunada imagen po\u00e9tica cabe recordar <strong>el magn\u00edfico relato <em>Il mare colore del vino<\/em> <\/strong>del escritor italiano <a href=\"https:\/\/es.wikipedia.org\/wiki\/Leonardo_Sciascia\" target=\"blank\" rel=\"nofollow\">Leonardo Sciascia<\/a> (1921-1989). Publicado en 1973, este cuento tambi\u00e9n da t\u00edtulo a un libro que recopila 13 cuentos sobre Sicilia, la tierra natal del escritor. El libro ha sido traducido por primera vez al espa\u00f1ol por Ana Goldar como <em>El mar color de vino<\/em> (Ed. Bruguera, Barcelona, 1980). En el relato, un ingeniero comparte un viaje en tren de Roma a Agrigento con una familia siciliana, formada por un matrimonio, sus dos hijos y una joven que viaja con ellos. Uno de los hijos, el m\u00e1s travieso, se llama Emanuele, apodado Nene\u0301. Cuando hacia el final de relato, el tren pasa frente al mar de Taormina, el padre, un profesor de escuela, si dirige al ingeniero y exclama: <em>\u00ab\u00a1Que\u0301 mar! \u00bfD\u00f3nde hay otro mar como \u00e9ste?\u00bb<\/em>. <em>\u00abParece vino\u00bb<\/em>, se entromete Nene\u0301. Y a partir de ah\u00ed se desata un episodio, entre lo ir\u00f3nico y lo grotesco, donde los padres reprochan al ni\u00f1o, discutiendo con \u00e9l sobre el color que el mar puede o no puede tener en la realidad. <strong>Pero Nene\u0301 insiste, categ\u00f3rico, con su afirmaci\u00f3n: <em>\u00abA mi\u0301 me parece vino\u00bb<\/em>. <\/strong>El relato termina con los pensamientos del ingeniero, el cual se dice a s\u00ed mismo: <em>\u00abEl mar de color de vino, \u00bfd\u00f3nde he o\u00eddo esa frase? El mar no es de color de vino, el profesor esta\u0301 en lo cierto. Tal vez a primera hora del amanecer o a la hora de la puesta del sol, pero no a estas horas. Y sin embargo, el ni\u00f1o ha captado algo real, quiz\u00e1 el efecto, como de vino, que produce un mar como \u00e9ste. No embriaga; se apodera de los pensamientos, suscita una sabidur\u00eda antigua\u00bb<\/em>.<\/p>\n","protected":false},"excerpt":{"rendered":"<p>Descubre en qu\u00e9 obras literarias se menciona &#8220;el mar color de vino&#8221; y cu\u00e1l es su significado. Porque el color que adquiere el mar en la puesta de sol es inspirador, te lo contamos en este art\u00edculo. <\/p>\n","protected":false},"author":4,"featured_media":3134,"comment_status":"open","ping_status":"open","sticky":false,"template":"","format":"standard","meta":{"footnotes":"","_elementor_edit_mode":"","_elementor_template_type":"","_elementor_data":"","_elementor_page_settings":null,"_elementor_conditions":[]},"categories":[7],"tags":[19,56,427,4],"class_list":["post-3131","post","type-post","status-publish","format-standard","has-post-thumbnail","hentry","category-fundacion","tag-cultura-de-vino","tag-historia","tag-literatura","tag-vino"],"yoast_head":"<!-- This site is optimized with the Yoast SEO plugin v26.8 - https:\/\/yoast.com\/product\/yoast-seo-wordpress\/ -->\n<title>El mar color de vino | Vivanco<\/title>\n<meta name=\"description\" content=\"Descubre en qu\u00e9 obras literarias se menciona &quot;el mar color de vino&quot; y cu\u00e1l es su significado. Porque el color que adquiere el mar en la puesta de sol es inspirador, te lo contamos en este art\u00edculo.\" \/>\n<meta name=\"robots\" content=\"index, follow, max-snippet:-1, max-image-preview:large, max-video-preview:-1\" \/>\n<link rel=\"canonical\" href=\"https:\/\/vivancoculturadevino.es\/blog\/2017\/06\/26\/el-mar-color-de-vino\/\" \/>\n<meta property=\"og:locale\" content=\"es_ES\" \/>\n<meta property=\"og:type\" content=\"article\" \/>\n<meta property=\"og:title\" content=\"El mar color de vino | Vivanco\" \/>\n<meta property=\"og:description\" content=\"Descubre en qu\u00e9 obras literarias se menciona &quot;el mar color de vino&quot; y cu\u00e1l es su significado. Porque el color que adquiere el mar en la puesta de sol es inspirador, te lo contamos en este art\u00edculo.\" \/>\n<meta property=\"og:url\" content=\"https:\/\/vivancoculturadevino.es\/blog\/2017\/06\/26\/el-mar-color-de-vino\/\" \/>\n<meta property=\"og:site_name\" content=\"Vivanco\" \/>\n<meta property=\"article:author\" content=\"https:\/\/www.facebook.com\/nicolamarianiblog\" \/>\n<meta property=\"article:published_time\" content=\"2017-06-26T09:09:51+00:00\" \/>\n<meta property=\"article:modified_time\" content=\"2017-06-27T07:38:09+00:00\" \/>\n<meta property=\"og:image\" content=\"https:\/\/vivancoculturadevino.es\/blog\/wp-content\/uploads\/2017\/06\/puesta-sol-playa-mar.jpeg\" \/>\n\t<meta property=\"og:image:width\" content=\"1024\" \/>\n\t<meta property=\"og:image:height\" content=\"768\" \/>\n\t<meta property=\"og:image:type\" content=\"image\/jpeg\" \/>\n<meta name=\"author\" content=\"Nicola Mariani\" \/>\n<meta name=\"twitter:card\" content=\"summary_large_image\" \/>\n<meta name=\"twitter:image\" content=\"https:\/\/vivancoculturadevino.es\/blog\/wp-content\/uploads\/2017\/06\/puesta-sol-playa-mar.jpeg\" \/>\n<meta name=\"twitter:creator\" content=\"@https:\/\/twitter.com\/nicola_mariani\" \/>\n<meta name=\"twitter:label1\" content=\"Escrito por\" \/>\n\t<meta name=\"twitter:data1\" content=\"Nicola Mariani\" \/>\n\t<meta name=\"twitter:label2\" content=\"Tiempo de lectura\" \/>\n\t<meta name=\"twitter:data2\" content=\"5 minutos\" \/>\n<script type=\"application\/ld+json\" class=\"yoast-schema-graph\">{\"@context\":\"https:\/\/schema.org\",\"@graph\":[{\"@type\":\"Article\",\"@id\":\"https:\/\/vivancoculturadevino.es\/blog\/2017\/06\/26\/el-mar-color-de-vino\/#article\",\"isPartOf\":{\"@id\":\"https:\/\/vivancoculturadevino.es\/blog\/2017\/06\/26\/el-mar-color-de-vino\/\"},\"author\":{\"name\":\"Nicola Mariani\",\"@id\":\"https:\/\/vivancoculturadevino.es\/blog\/#\/schema\/person\/4d81f97c87d6f9065b3d4ce9f9d5502a\"},\"headline\":\"El mar color de vino\",\"datePublished\":\"2017-06-26T09:09:51+00:00\",\"dateModified\":\"2017-06-27T07:38:09+00:00\",\"mainEntityOfPage\":{\"@id\":\"https:\/\/vivancoculturadevino.es\/blog\/2017\/06\/26\/el-mar-color-de-vino\/\"},\"wordCount\":995,\"commentCount\":0,\"publisher\":{\"@id\":\"https:\/\/vivancoculturadevino.es\/blog\/#organization\"},\"image\":{\"@id\":\"https:\/\/vivancoculturadevino.es\/blog\/2017\/06\/26\/el-mar-color-de-vino\/#primaryimage\"},\"thumbnailUrl\":\"https:\/\/vivancoculturadevino.es\/blog\/wp-content\/uploads\/2017\/06\/puesta-sol-playa-mar.jpeg\",\"keywords\":[\"cultura de vino\",\"historia\",\"literatura\",\"vino\"],\"articleSection\":[\"Cultura\"],\"inLanguage\":\"es\",\"potentialAction\":[{\"@type\":\"CommentAction\",\"name\":\"Comment\",\"target\":[\"https:\/\/vivancoculturadevino.es\/blog\/2017\/06\/26\/el-mar-color-de-vino\/#respond\"]}]},{\"@type\":\"WebPage\",\"@id\":\"https:\/\/vivancoculturadevino.es\/blog\/2017\/06\/26\/el-mar-color-de-vino\/\",\"url\":\"https:\/\/vivancoculturadevino.es\/blog\/2017\/06\/26\/el-mar-color-de-vino\/\",\"name\":\"El mar color de vino | Vivanco\",\"isPartOf\":{\"@id\":\"https:\/\/vivancoculturadevino.es\/blog\/#website\"},\"primaryImageOfPage\":{\"@id\":\"https:\/\/vivancoculturadevino.es\/blog\/2017\/06\/26\/el-mar-color-de-vino\/#primaryimage\"},\"image\":{\"@id\":\"https:\/\/vivancoculturadevino.es\/blog\/2017\/06\/26\/el-mar-color-de-vino\/#primaryimage\"},\"thumbnailUrl\":\"https:\/\/vivancoculturadevino.es\/blog\/wp-content\/uploads\/2017\/06\/puesta-sol-playa-mar.jpeg\",\"datePublished\":\"2017-06-26T09:09:51+00:00\",\"dateModified\":\"2017-06-27T07:38:09+00:00\",\"description\":\"Descubre en qu\u00e9 obras literarias se menciona \\\"el mar color de vino\\\" y cu\u00e1l es su significado. Porque el color que adquiere el mar en la puesta de sol es inspirador, te lo contamos en este art\u00edculo.\",\"breadcrumb\":{\"@id\":\"https:\/\/vivancoculturadevino.es\/blog\/2017\/06\/26\/el-mar-color-de-vino\/#breadcrumb\"},\"inLanguage\":\"es\",\"potentialAction\":[{\"@type\":\"ReadAction\",\"target\":[\"https:\/\/vivancoculturadevino.es\/blog\/2017\/06\/26\/el-mar-color-de-vino\/\"]}]},{\"@type\":\"ImageObject\",\"inLanguage\":\"es\",\"@id\":\"https:\/\/vivancoculturadevino.es\/blog\/2017\/06\/26\/el-mar-color-de-vino\/#primaryimage\",\"url\":\"https:\/\/vivancoculturadevino.es\/blog\/wp-content\/uploads\/2017\/06\/puesta-sol-playa-mar.jpeg\",\"contentUrl\":\"https:\/\/vivancoculturadevino.es\/blog\/wp-content\/uploads\/2017\/06\/puesta-sol-playa-mar.jpeg\",\"width\":1024,\"height\":768},{\"@type\":\"BreadcrumbList\",\"@id\":\"https:\/\/vivancoculturadevino.es\/blog\/2017\/06\/26\/el-mar-color-de-vino\/#breadcrumb\",\"itemListElement\":[{\"@type\":\"ListItem\",\"position\":1,\"name\":\"Portada\",\"item\":\"https:\/\/vivancoculturadevino.es\/blog\/\"},{\"@type\":\"ListItem\",\"position\":2,\"name\":\"El mar color de vino\"}]},{\"@type\":\"WebSite\",\"@id\":\"https:\/\/vivancoculturadevino.es\/blog\/#website\",\"url\":\"https:\/\/vivancoculturadevino.es\/blog\/\",\"name\":\"Vivanco\",\"description\":\"Una familia y una pasi\u00f3n: Compartir la cultura del vino\",\"publisher\":{\"@id\":\"https:\/\/vivancoculturadevino.es\/blog\/#organization\"},\"potentialAction\":[{\"@type\":\"SearchAction\",\"target\":{\"@type\":\"EntryPoint\",\"urlTemplate\":\"https:\/\/vivancoculturadevino.es\/blog\/?s={search_term_string}\"},\"query-input\":{\"@type\":\"PropertyValueSpecification\",\"valueRequired\":true,\"valueName\":\"search_term_string\"}}],\"inLanguage\":\"es\"},{\"@type\":\"Organization\",\"@id\":\"https:\/\/vivancoculturadevino.es\/blog\/#organization\",\"name\":\"Vivanco\",\"url\":\"https:\/\/vivancoculturadevino.es\/blog\/\",\"logo\":{\"@type\":\"ImageObject\",\"inLanguage\":\"es\",\"@id\":\"https:\/\/vivancoculturadevino.es\/blog\/#\/schema\/logo\/image\/\",\"url\":\"https:\/\/vivancoculturadevino.es\/blog\/wp-content\/uploads\/2026\/01\/Logo-blanco.svg\",\"contentUrl\":\"https:\/\/vivancoculturadevino.es\/blog\/wp-content\/uploads\/2026\/01\/Logo-blanco.svg\",\"width\":134,\"height\":43,\"caption\":\"Vivanco\"},\"image\":{\"@id\":\"https:\/\/vivancoculturadevino.es\/blog\/#\/schema\/logo\/image\/\"}},{\"@type\":\"Person\",\"@id\":\"https:\/\/vivancoculturadevino.es\/blog\/#\/schema\/person\/4d81f97c87d6f9065b3d4ce9f9d5502a\",\"name\":\"Nicola Mariani\",\"image\":{\"@type\":\"ImageObject\",\"inLanguage\":\"es\",\"@id\":\"https:\/\/vivancoculturadevino.es\/blog\/#\/schema\/person\/image\/\",\"url\":\"https:\/\/secure.gravatar.com\/avatar\/af09c13375a3febb9a338849c8f5235962df491f823b064d38681e4df4a10bf2?s=96&d=mm&r=g\",\"contentUrl\":\"https:\/\/secure.gravatar.com\/avatar\/af09c13375a3febb9a338849c8f5235962df491f823b064d38681e4df4a10bf2?s=96&d=mm&r=g\",\"caption\":\"Nicola Mariani\"},\"description\":\"Soci\u00f3logo, blogger y cr\u00edtico de arte independiente. Experto en Sociolog\u00eda del Consumo y contenidos digitales, especializado en cultura y mercado del arte. En 2009 funda el blog www.nicolamariani.es, dedicado a la cr\u00edtica de arte, con especial atenci\u00f3n al arte emergente y el panorama expositivo de Madrid. Escribe para varias revistas especializadas. Ha trabajado como Responsable de Contenido digital para Dur\u00e1n Arte y Subastas y Dur\u00e1n Online Gallery y ha impartido ponencias y talleres. Ha colaborado con numerosos proyectos editoriales online, como Madriz, The Art Market Agency, Artribune, Latamuda, Masdearte, Input Magazine, ARCO Bloggers, el blog de Colecciones de Arte de la Fundaci\u00f3n MAPFRE, Donde acaba Madrid (fotoblog del peri\u00f3dico El Mundo), Streaming Egos (blog del Goethe Institut), LABlog (blog de LABoral), NYR, Ensayos Absolut by PAC, Absolut Network, in-LAN.com o Enfocarte.com entre muchos otros.\",\"sameAs\":[\"http:\/\/nicolamariani.es\/\",\"https:\/\/www.facebook.com\/nicolamarianiblog\",\"https:\/\/x.com\/https:\/\/twitter.com\/nicola_mariani\"],\"url\":\"https:\/\/vivancoculturadevino.es\/blog\/author\/nicola-mariani\/\"}]}<\/script>\n<!-- \/ Yoast SEO plugin. -->","yoast_head_json":{"title":"El mar color de vino | Vivanco","description":"Descubre en qu\u00e9 obras literarias se menciona \"el mar color de vino\" y cu\u00e1l es su significado. Porque el color que adquiere el mar en la puesta de sol es inspirador, te lo contamos en este art\u00edculo.","robots":{"index":"index","follow":"follow","max-snippet":"max-snippet:-1","max-image-preview":"max-image-preview:large","max-video-preview":"max-video-preview:-1"},"canonical":"https:\/\/vivancoculturadevino.es\/blog\/2017\/06\/26\/el-mar-color-de-vino\/","og_locale":"es_ES","og_type":"article","og_title":"El mar color de vino | Vivanco","og_description":"Descubre en qu\u00e9 obras literarias se menciona \"el mar color de vino\" y cu\u00e1l es su significado. Porque el color que adquiere el mar en la puesta de sol es inspirador, te lo contamos en este art\u00edculo.","og_url":"https:\/\/vivancoculturadevino.es\/blog\/2017\/06\/26\/el-mar-color-de-vino\/","og_site_name":"Vivanco","article_author":"https:\/\/www.facebook.com\/nicolamarianiblog","article_published_time":"2017-06-26T09:09:51+00:00","article_modified_time":"2017-06-27T07:38:09+00:00","og_image":[{"width":1024,"height":768,"url":"https:\/\/vivancoculturadevino.es\/blog\/wp-content\/uploads\/2017\/06\/puesta-sol-playa-mar.jpeg","type":"image\/jpeg"}],"author":"Nicola Mariani","twitter_card":"summary_large_image","twitter_image":"https:\/\/vivancoculturadevino.es\/blog\/wp-content\/uploads\/2017\/06\/puesta-sol-playa-mar.jpeg","twitter_creator":"@https:\/\/twitter.com\/nicola_mariani","twitter_misc":{"Escrito por":"Nicola Mariani","Tiempo de lectura":"5 minutos"},"schema":{"@context":"https:\/\/schema.org","@graph":[{"@type":"Article","@id":"https:\/\/vivancoculturadevino.es\/blog\/2017\/06\/26\/el-mar-color-de-vino\/#article","isPartOf":{"@id":"https:\/\/vivancoculturadevino.es\/blog\/2017\/06\/26\/el-mar-color-de-vino\/"},"author":{"name":"Nicola Mariani","@id":"https:\/\/vivancoculturadevino.es\/blog\/#\/schema\/person\/4d81f97c87d6f9065b3d4ce9f9d5502a"},"headline":"El mar color de vino","datePublished":"2017-06-26T09:09:51+00:00","dateModified":"2017-06-27T07:38:09+00:00","mainEntityOfPage":{"@id":"https:\/\/vivancoculturadevino.es\/blog\/2017\/06\/26\/el-mar-color-de-vino\/"},"wordCount":995,"commentCount":0,"publisher":{"@id":"https:\/\/vivancoculturadevino.es\/blog\/#organization"},"image":{"@id":"https:\/\/vivancoculturadevino.es\/blog\/2017\/06\/26\/el-mar-color-de-vino\/#primaryimage"},"thumbnailUrl":"https:\/\/vivancoculturadevino.es\/blog\/wp-content\/uploads\/2017\/06\/puesta-sol-playa-mar.jpeg","keywords":["cultura de vino","historia","literatura","vino"],"articleSection":["Cultura"],"inLanguage":"es","potentialAction":[{"@type":"CommentAction","name":"Comment","target":["https:\/\/vivancoculturadevino.es\/blog\/2017\/06\/26\/el-mar-color-de-vino\/#respond"]}]},{"@type":"WebPage","@id":"https:\/\/vivancoculturadevino.es\/blog\/2017\/06\/26\/el-mar-color-de-vino\/","url":"https:\/\/vivancoculturadevino.es\/blog\/2017\/06\/26\/el-mar-color-de-vino\/","name":"El mar color de vino | Vivanco","isPartOf":{"@id":"https:\/\/vivancoculturadevino.es\/blog\/#website"},"primaryImageOfPage":{"@id":"https:\/\/vivancoculturadevino.es\/blog\/2017\/06\/26\/el-mar-color-de-vino\/#primaryimage"},"image":{"@id":"https:\/\/vivancoculturadevino.es\/blog\/2017\/06\/26\/el-mar-color-de-vino\/#primaryimage"},"thumbnailUrl":"https:\/\/vivancoculturadevino.es\/blog\/wp-content\/uploads\/2017\/06\/puesta-sol-playa-mar.jpeg","datePublished":"2017-06-26T09:09:51+00:00","dateModified":"2017-06-27T07:38:09+00:00","description":"Descubre en qu\u00e9 obras literarias se menciona \"el mar color de vino\" y cu\u00e1l es su significado. Porque el color que adquiere el mar en la puesta de sol es inspirador, te lo contamos en este art\u00edculo.","breadcrumb":{"@id":"https:\/\/vivancoculturadevino.es\/blog\/2017\/06\/26\/el-mar-color-de-vino\/#breadcrumb"},"inLanguage":"es","potentialAction":[{"@type":"ReadAction","target":["https:\/\/vivancoculturadevino.es\/blog\/2017\/06\/26\/el-mar-color-de-vino\/"]}]},{"@type":"ImageObject","inLanguage":"es","@id":"https:\/\/vivancoculturadevino.es\/blog\/2017\/06\/26\/el-mar-color-de-vino\/#primaryimage","url":"https:\/\/vivancoculturadevino.es\/blog\/wp-content\/uploads\/2017\/06\/puesta-sol-playa-mar.jpeg","contentUrl":"https:\/\/vivancoculturadevino.es\/blog\/wp-content\/uploads\/2017\/06\/puesta-sol-playa-mar.jpeg","width":1024,"height":768},{"@type":"BreadcrumbList","@id":"https:\/\/vivancoculturadevino.es\/blog\/2017\/06\/26\/el-mar-color-de-vino\/#breadcrumb","itemListElement":[{"@type":"ListItem","position":1,"name":"Portada","item":"https:\/\/vivancoculturadevino.es\/blog\/"},{"@type":"ListItem","position":2,"name":"El mar color de vino"}]},{"@type":"WebSite","@id":"https:\/\/vivancoculturadevino.es\/blog\/#website","url":"https:\/\/vivancoculturadevino.es\/blog\/","name":"Vivanco","description":"Una familia y una pasi\u00f3n: Compartir la cultura del vino","publisher":{"@id":"https:\/\/vivancoculturadevino.es\/blog\/#organization"},"potentialAction":[{"@type":"SearchAction","target":{"@type":"EntryPoint","urlTemplate":"https:\/\/vivancoculturadevino.es\/blog\/?s={search_term_string}"},"query-input":{"@type":"PropertyValueSpecification","valueRequired":true,"valueName":"search_term_string"}}],"inLanguage":"es"},{"@type":"Organization","@id":"https:\/\/vivancoculturadevino.es\/blog\/#organization","name":"Vivanco","url":"https:\/\/vivancoculturadevino.es\/blog\/","logo":{"@type":"ImageObject","inLanguage":"es","@id":"https:\/\/vivancoculturadevino.es\/blog\/#\/schema\/logo\/image\/","url":"https:\/\/vivancoculturadevino.es\/blog\/wp-content\/uploads\/2026\/01\/Logo-blanco.svg","contentUrl":"https:\/\/vivancoculturadevino.es\/blog\/wp-content\/uploads\/2026\/01\/Logo-blanco.svg","width":134,"height":43,"caption":"Vivanco"},"image":{"@id":"https:\/\/vivancoculturadevino.es\/blog\/#\/schema\/logo\/image\/"}},{"@type":"Person","@id":"https:\/\/vivancoculturadevino.es\/blog\/#\/schema\/person\/4d81f97c87d6f9065b3d4ce9f9d5502a","name":"Nicola Mariani","image":{"@type":"ImageObject","inLanguage":"es","@id":"https:\/\/vivancoculturadevino.es\/blog\/#\/schema\/person\/image\/","url":"https:\/\/secure.gravatar.com\/avatar\/af09c13375a3febb9a338849c8f5235962df491f823b064d38681e4df4a10bf2?s=96&d=mm&r=g","contentUrl":"https:\/\/secure.gravatar.com\/avatar\/af09c13375a3febb9a338849c8f5235962df491f823b064d38681e4df4a10bf2?s=96&d=mm&r=g","caption":"Nicola Mariani"},"description":"Soci\u00f3logo, blogger y cr\u00edtico de arte independiente. Experto en Sociolog\u00eda del Consumo y contenidos digitales, especializado en cultura y mercado del arte. En 2009 funda el blog www.nicolamariani.es, dedicado a la cr\u00edtica de arte, con especial atenci\u00f3n al arte emergente y el panorama expositivo de Madrid. Escribe para varias revistas especializadas. Ha trabajado como Responsable de Contenido digital para Dur\u00e1n Arte y Subastas y Dur\u00e1n Online Gallery y ha impartido ponencias y talleres. Ha colaborado con numerosos proyectos editoriales online, como Madriz, The Art Market Agency, Artribune, Latamuda, Masdearte, Input Magazine, ARCO Bloggers, el blog de Colecciones de Arte de la Fundaci\u00f3n MAPFRE, Donde acaba Madrid (fotoblog del peri\u00f3dico El Mundo), Streaming Egos (blog del Goethe Institut), LABlog (blog de LABoral), NYR, Ensayos Absolut by PAC, Absolut Network, in-LAN.com o Enfocarte.com entre muchos otros.","sameAs":["http:\/\/nicolamariani.es\/","https:\/\/www.facebook.com\/nicolamarianiblog","https:\/\/x.com\/https:\/\/twitter.com\/nicola_mariani"],"url":"https:\/\/vivancoculturadevino.es\/blog\/author\/nicola-mariani\/"}]}},"_links":{"self":[{"href":"https:\/\/vivancoculturadevino.es\/blog\/wp-json\/wp\/v2\/posts\/3131","targetHints":{"allow":["GET"]}}],"collection":[{"href":"https:\/\/vivancoculturadevino.es\/blog\/wp-json\/wp\/v2\/posts"}],"about":[{"href":"https:\/\/vivancoculturadevino.es\/blog\/wp-json\/wp\/v2\/types\/post"}],"author":[{"embeddable":true,"href":"https:\/\/vivancoculturadevino.es\/blog\/wp-json\/wp\/v2\/users\/4"}],"replies":[{"embeddable":true,"href":"https:\/\/vivancoculturadevino.es\/blog\/wp-json\/wp\/v2\/comments?post=3131"}],"version-history":[{"count":2,"href":"https:\/\/vivancoculturadevino.es\/blog\/wp-json\/wp\/v2\/posts\/3131\/revisions"}],"predecessor-version":[{"id":3136,"href":"https:\/\/vivancoculturadevino.es\/blog\/wp-json\/wp\/v2\/posts\/3131\/revisions\/3136"}],"wp:featuredmedia":[{"embeddable":true,"href":"https:\/\/vivancoculturadevino.es\/blog\/wp-json\/wp\/v2\/media\/3134"}],"wp:attachment":[{"href":"https:\/\/vivancoculturadevino.es\/blog\/wp-json\/wp\/v2\/media?parent=3131"}],"wp:term":[{"taxonomy":"category","embeddable":true,"href":"https:\/\/vivancoculturadevino.es\/blog\/wp-json\/wp\/v2\/categories?post=3131"},{"taxonomy":"post_tag","embeddable":true,"href":"https:\/\/vivancoculturadevino.es\/blog\/wp-json\/wp\/v2\/tags?post=3131"}],"curies":[{"name":"wp","href":"https:\/\/api.w.org\/{rel}","templated":true}]}}