{"id":3123,"date":"2017-06-20T10:08:47","date_gmt":"2017-06-20T09:08:47","guid":{"rendered":"https:\/\/vivancoculturadevino.es\/blog\/?p=3123"},"modified":"2018-10-10T09:28:26","modified_gmt":"2018-10-10T08:28:26","slug":"pozas-arnedillo-termas-naturales-la-rioja","status":"publish","type":"post","link":"https:\/\/vivancoculturadevino.es\/blog\/2017\/06\/20\/pozas-arnedillo-termas-naturales-la-rioja\/","title":{"rendered":"Las Pozas de Arnedillo: termas naturales en La Rioja"},"content":{"rendered":"<p>Un a\u00f1o m\u00e1s, vuelve el buen tiempo que anuncia la llegada del verano. Y <strong>con esta estaci\u00f3n vienen tambi\u00e9n las esperadas vacaciones<\/strong>, siempre cortas, en las que aprovechamos para viajar, para descansar y desconectar de nuestro ritmo de vida habitual.<\/p>\n<p><strong>Hoy te proponemos un plan diferente para disfrutar de tus vacaciones relaj\u00e1ndote en un <a href=\"https:\/\/vivancoculturadevino.es\/blog\/2017\/03\/16\/turismo-reserva-biosfera-la-rioja\/\" target=\"_blank\">entorno natural<\/a>.\u00a0<\/strong>O para pasar una escapada de fin de semana en el caso de que a\u00fan te toque esperar un poco m\u00e1s a las vacaciones. Sea como sea<strong>, la visita a las Pozas de Arnedillo<\/strong>, en la localidad que les presta el nombre<strong>, te permitir\u00e1 desconectar totalmente del estr\u00e9s y recargarte de energ\u00eda por completo.<\/strong><\/p>\n<h2><strong>Las Pozas de Arnedillo<\/strong><\/h2>\n<p>A poco m\u00e1s de 60 kil\u00f3metros en coche de <strong><a href=\"https:\/\/vivancoculturadevino.es\/blog\/2015\/04\/28\/12-imprescindibles-logrono\/\" target=\"_blank\">Logro\u00f1o<\/a>,\u00a0<\/strong>en el municipio riojano de Arnedillo, encontramos estas Pozas de Arnedillo. S<strong>e trata de unas construcciones de piedra en el mismo margen del r\u00edo Cidacos, de las que manan unas aguas\u00a0<\/strong><strong>termales con propiedades medicinales<\/strong>. Ya en los tiempos en los que los romanos se asentaban en La Rioja, <strong>las aguas de estas termas eran empleadas para el ba\u00f1o<\/strong> y apreciadas por sus caracter\u00edsticas y composici\u00f3n beneficiosa para la salud.<\/p>\n<p><strong>Recientemente restauradas hace pocos a\u00f1os, las pozas son tres y se alinean en paralelo al cauce del r\u00edo. <\/strong>El agua va fluyendo de forma constante desde una de las pozas, que riega a su vez a las otras dos. Mientras que la temperatura con la que estas aguas afloran a la superficie es de 52\u00b0C, a su paso por cada una de las tres pozas va perdiendo temperatura, bajando hasta los 35-40\u00b0C.<\/p>\n<p><a href=\"https:\/\/vivancoculturadevino.es\/blog\/wp-content\/uploads\/2017\/06\/Pozas-Arnedillo.jpg\"><img fetchpriority=\"high\" decoding=\"async\" class=\"aligncenter wp-image-3124\" src=\"https:\/\/vivancoculturadevino.es\/blog\/wp-content\/uploads\/2017\/06\/Pozas-Arnedillo-1024x768.jpg\" alt=\"Pozas Arnedillo\" width=\"800\" height=\"600\" srcset=\"https:\/\/vivancoculturadevino.es\/blog\/wp-content\/uploads\/2017\/06\/Pozas-Arnedillo-1024x768.jpg 1024w, https:\/\/vivancoculturadevino.es\/blog\/wp-content\/uploads\/2017\/06\/Pozas-Arnedillo-300x225.jpg 300w, https:\/\/vivancoculturadevino.es\/blog\/wp-content\/uploads\/2017\/06\/Pozas-Arnedillo.jpg 1600w\" sizes=\"(max-width: 800px) 100vw, 800px\" \/><\/a><\/p>\n<p style=\"text-align: center;\">Foto cedida por el <a href=\"http:\/\/www.arnedillo.org\/\" target=\"_blank\" rel=\"nofollow\">Ayuntamiento de Arnedillo<\/a><\/p>\n<h2><strong>Ba\u00f1arse en las pozas<\/strong><\/h2>\n<p>La entrada a las pozas es gratis y el acceso es muy sencillo. Existen varios aparcamientos p\u00fablicos a pocos metros del lugar.<\/p>\n<p><strong>Se trata de una piscina natural que se encuentra permanentemente abierta, por lo que es posible darse un ba\u00f1o durante las 24 horas de cualquier d\u00eda del a\u00f1o<\/strong>. En esta \u00e9poca veraniega quiz\u00e1 lo m\u00e1s recomendable sean los ba\u00f1os nocturnos, cuando la temperatura del ambiente ya ha bajado con respecto a la del d\u00eda y comienza a refrescar. Es entonces cuando las aguas calientes de las termas resultan m\u00e1s agradables al ba\u00f1o en contraste con una temperatura m\u00e1s baja en el exterior. Y todo ello al aire libre, <strong>pudiendo disfrutar directamente de las vistas del firmamento estrellado. <\/strong><\/p>\n<p>Las instalaciones cuentan adem\u00e1s con duchas, as\u00ed como con carteles informativos en los que se indican los tiempos m\u00e1ximos recomendados de estancia en las pozas.<br \/>\n<iframe src=\"https:\/\/www.youtube-nocookie.com\/embed\/Y_PqUlT5fME\" width=\"560\" height=\"315\" frameborder=\"0\" allowfullscreen=\"allowfullscreen\"><\/iframe><\/p>\n<h2><strong>Origen y composici\u00f3n de las aguas termales<\/strong><\/h2>\n<p>Las aguas termales que emanan en las pozas salen al exterior a una temperatura constante de 52\u00b0C, pero si esto nos parece una temperatura elevada, nada m\u00e1s lejos de la realidad. En el momento en el que llegan a la primera poza, las aguas del Cidacos ya se han enfriado bastante. <strong>Antes de llegar a las pozas, el agua realiza un peque\u00f1o viaje hacia el interior de la tierra.<\/strong> A medida que va filtr\u00e1ndose por la arenisca, su temperatura aumenta a raz\u00f3n de 3\u00b0C cada 100 metros de profundidad. La temperatura m\u00e1xima de 120\u00b0C la alcanza a los 3.500 metros de profundidad al llegar a un manto de roca caliza, despu\u00e9s contin\u00faa bajando 500 metros m\u00e1s hasta llegar a una capa impermeable de arcilla, para volver a encontrarse finalmente con otra pared de caliza que la obliga a subir a la superficie.<\/p>\n<p>A lo largo de este viaje las aguas del r\u00edo Cidacos se nutren de <strong>diferentes minerales que resultan beneficiosos para la salud, y principalmente para la piel. E<\/strong>sta agua es rica en sodio, cloro, calcio, bromuro, hierro, silicio, rubidio e iones de magnesio.<\/p>\n<p>Pero si lo que se quiere es mejorar la circulaci\u00f3n, nada mejor que alternar el ba\u00f1o entre las pozas y las fr\u00edas aguas del Cidacos. Los cambios bruscos de temperatura nos ayudar\u00e1n a activar y a mejorar el torrente sangu\u00edneo.<\/p>\n<p><a href=\"https:\/\/vivancoculturadevino.es\/blog\/wp-content\/uploads\/2017\/06\/91_pozas-de-Arnedillo.jpg\"><img decoding=\"async\" class=\"aligncenter wp-image-3125\" src=\"https:\/\/vivancoculturadevino.es\/blog\/wp-content\/uploads\/2017\/06\/91_pozas-de-Arnedillo-1024x669.jpg\" alt=\"91_pozas de Arnedillo\" width=\"800\" height=\"522\" srcset=\"https:\/\/vivancoculturadevino.es\/blog\/wp-content\/uploads\/2017\/06\/91_pozas-de-Arnedillo-1024x669.jpg 1024w, https:\/\/vivancoculturadevino.es\/blog\/wp-content\/uploads\/2017\/06\/91_pozas-de-Arnedillo-300x196.jpg 300w, https:\/\/vivancoculturadevino.es\/blog\/wp-content\/uploads\/2017\/06\/91_pozas-de-Arnedillo.jpg 1181w\" sizes=\"(max-width: 800px) 100vw, 800px\" \/><\/a><\/p>\n<p style=\"text-align: center;\">Foto cedida por el <a href=\"http:\/\/www.arnedillo.org\/\" target=\"_blank\" rel=\"nofollow\">Ayuntamiento de Arnedillo<\/a><\/p>\n<p>Si queremos completar nuestros ba\u00f1os con alg\u00fan tratamiento termal, con solo cruzar el r\u00edo nos encontraremos con el <strong><a href=\"https:\/\/www.balnearioarnedillo.com\/index.php\" target=\"_blank\" rel=\"nofollow\">Balneario de Arnedillo<\/a>,\u00a0<\/strong>en el que podremos relajarnos al m\u00e1ximo con masajes y otros tratamientos especializados.<\/p>\n<p>La Rioja es tambi\u00e9n turismo termal, una magn\u00edfica forma de darle la bienvenida al verano y de recuperar energ\u00edas de cara a afrontar la recta final del a\u00f1o. Y entre ba\u00f1o y ba\u00f1o, siempre hay tiempo para seguir disfrutando de esta tierra de cultura, de naturaleza, de historia y, c\u00f3mo no, de vino. Si este es tu caso, te recomendamos acercarte a\u00a0<strong><a href=\"https:\/\/vivancoculturadevino.es\/es\/reservas\/\" target=\"_blank\">Vivanco<\/a>\u00a0y disfrutar de sus experiencias tambi\u00e9n en esta estaci\u00f3n: visita Bodega, Museo, degustaci\u00f3n de vinos\u2026<strong>porque no hay nada mejor que las noches de verano junto a una <a href=\"https:\/\/vivancoculturadevino.es\/es\/bodega\/los-vinos\/\" target=\"_blank\">buena copa de vino<\/a>,\u00a0y si este es Vivanco; mejor que mejor.<\/strong><\/strong><\/p>\n","protected":false},"excerpt":{"rendered":"<p>La visita a las Pozas de Arnedillo, en la localidad que les presta el nombre, te permitir\u00e1 desconectar totalmente del estr\u00e9s y recargarte de energ\u00eda por completo.<\/p>\n","protected":false},"author":1,"featured_media":3127,"comment_status":"open","ping_status":"open","sticky":false,"template":"","format":"standard","meta":{"footnotes":"","_elementor_edit_mode":"","_elementor_template_type":"","_elementor_data":"","_elementor_page_settings":null,"_elementor_conditions":[]},"categories":[6],"tags":[259,423,425,424],"class_list":["post-3123","post","type-post","status-publish","format-standard","has-post-thumbnail","hentry","category-experiencias","tag-arnedillo","tag-piscinas-naturales","tag-spa-natural","tag-termas-naturales"],"yoast_head":"<!-- This site is optimized with the Yoast SEO plugin v26.8 - https:\/\/yoast.com\/product\/yoast-seo-wordpress\/ -->\n<title>Las Pozas de Arnedillo: termas naturales en La Rioja | Vivanco<\/title>\n<meta name=\"description\" content=\"La visita a las Pozas de Arnedillo, en la localidad que les presta el nombre, te permitir\u00e1 desconectar totalmente del estr\u00e9s y recargarte de energ\u00eda por completo.\" \/>\n<meta name=\"robots\" content=\"index, follow, max-snippet:-1, max-image-preview:large, max-video-preview:-1\" \/>\n<link rel=\"canonical\" href=\"https:\/\/vivancoculturadevino.es\/blog\/2017\/06\/20\/pozas-arnedillo-termas-naturales-la-rioja\/\" \/>\n<meta property=\"og:locale\" content=\"es_ES\" \/>\n<meta property=\"og:type\" content=\"article\" \/>\n<meta property=\"og:title\" content=\"Las Pozas de Arnedillo: termas naturales en La Rioja | Vivanco\" \/>\n<meta property=\"og:description\" content=\"La visita a las Pozas de Arnedillo, en la localidad que les presta el nombre, te permitir\u00e1 desconectar totalmente del estr\u00e9s y recargarte de energ\u00eda por completo.\" \/>\n<meta property=\"og:url\" content=\"https:\/\/vivancoculturadevino.es\/blog\/2017\/06\/20\/pozas-arnedillo-termas-naturales-la-rioja\/\" \/>\n<meta property=\"og:site_name\" content=\"Vivanco\" \/>\n<meta property=\"article:author\" content=\"https:\/\/www.facebook.com\/vivancoculturadevino\" \/>\n<meta property=\"article:published_time\" content=\"2017-06-20T09:08:47+00:00\" \/>\n<meta property=\"article:modified_time\" content=\"2018-10-10T08:28:26+00:00\" \/>\n<meta property=\"og:image\" content=\"https:\/\/vivancoculturadevino.es\/blog\/wp-content\/uploads\/2017\/06\/23_vapor-1024x683.jpg\" \/>\n\t<meta property=\"og:image:width\" content=\"1024\" \/>\n\t<meta property=\"og:image:height\" content=\"683\" \/>\n\t<meta property=\"og:image:type\" content=\"image\/jpeg\" \/>\n<meta name=\"author\" content=\"Vivanco\" \/>\n<meta name=\"twitter:card\" content=\"summary_large_image\" \/>\n<meta name=\"twitter:image\" content=\"https:\/\/vivancoculturadevino.es\/blog\/wp-content\/uploads\/2017\/06\/23_vapor.jpg\" \/>\n<meta name=\"twitter:creator\" content=\"@https:\/\/twitter.com\/Vivanco_es\" \/>\n<meta name=\"twitter:label1\" content=\"Escrito por\" \/>\n\t<meta name=\"twitter:data1\" content=\"Vivanco\" \/>\n\t<meta name=\"twitter:label2\" content=\"Tiempo de lectura\" \/>\n\t<meta name=\"twitter:data2\" content=\"4 minutos\" \/>\n<script type=\"application\/ld+json\" class=\"yoast-schema-graph\">{\"@context\":\"https:\/\/schema.org\",\"@graph\":[{\"@type\":\"Article\",\"@id\":\"https:\/\/vivancoculturadevino.es\/blog\/2017\/06\/20\/pozas-arnedillo-termas-naturales-la-rioja\/#article\",\"isPartOf\":{\"@id\":\"https:\/\/vivancoculturadevino.es\/blog\/2017\/06\/20\/pozas-arnedillo-termas-naturales-la-rioja\/\"},\"author\":{\"name\":\"Vivanco\",\"@id\":\"https:\/\/vivancoculturadevino.es\/blog\/#\/schema\/person\/745931ee54ccbb839d8df0cceb02db4c\"},\"headline\":\"Las Pozas de Arnedillo: termas naturales en La Rioja\",\"datePublished\":\"2017-06-20T09:08:47+00:00\",\"dateModified\":\"2018-10-10T08:28:26+00:00\",\"mainEntityOfPage\":{\"@id\":\"https:\/\/vivancoculturadevino.es\/blog\/2017\/06\/20\/pozas-arnedillo-termas-naturales-la-rioja\/\"},\"wordCount\":862,\"commentCount\":0,\"publisher\":{\"@id\":\"https:\/\/vivancoculturadevino.es\/blog\/#organization\"},\"image\":{\"@id\":\"https:\/\/vivancoculturadevino.es\/blog\/2017\/06\/20\/pozas-arnedillo-termas-naturales-la-rioja\/#primaryimage\"},\"thumbnailUrl\":\"https:\/\/vivancoculturadevino.es\/blog\/wp-content\/uploads\/2017\/06\/23_vapor.jpg\",\"keywords\":[\"arnedillo\",\"piscinas naturales\",\"spa natural\",\"termas naturales\"],\"articleSection\":[\"Compartiendo\"],\"inLanguage\":\"es\",\"potentialAction\":[{\"@type\":\"CommentAction\",\"name\":\"Comment\",\"target\":[\"https:\/\/vivancoculturadevino.es\/blog\/2017\/06\/20\/pozas-arnedillo-termas-naturales-la-rioja\/#respond\"]}]},{\"@type\":\"WebPage\",\"@id\":\"https:\/\/vivancoculturadevino.es\/blog\/2017\/06\/20\/pozas-arnedillo-termas-naturales-la-rioja\/\",\"url\":\"https:\/\/vivancoculturadevino.es\/blog\/2017\/06\/20\/pozas-arnedillo-termas-naturales-la-rioja\/\",\"name\":\"Las Pozas de Arnedillo: termas naturales en La Rioja | Vivanco\",\"isPartOf\":{\"@id\":\"https:\/\/vivancoculturadevino.es\/blog\/#website\"},\"primaryImageOfPage\":{\"@id\":\"https:\/\/vivancoculturadevino.es\/blog\/2017\/06\/20\/pozas-arnedillo-termas-naturales-la-rioja\/#primaryimage\"},\"image\":{\"@id\":\"https:\/\/vivancoculturadevino.es\/blog\/2017\/06\/20\/pozas-arnedillo-termas-naturales-la-rioja\/#primaryimage\"},\"thumbnailUrl\":\"https:\/\/vivancoculturadevino.es\/blog\/wp-content\/uploads\/2017\/06\/23_vapor.jpg\",\"datePublished\":\"2017-06-20T09:08:47+00:00\",\"dateModified\":\"2018-10-10T08:28:26+00:00\",\"description\":\"La visita a las Pozas de Arnedillo, en la localidad que les presta el nombre, te permitir\u00e1 desconectar totalmente del estr\u00e9s y recargarte de energ\u00eda por completo.\",\"breadcrumb\":{\"@id\":\"https:\/\/vivancoculturadevino.es\/blog\/2017\/06\/20\/pozas-arnedillo-termas-naturales-la-rioja\/#breadcrumb\"},\"inLanguage\":\"es\",\"potentialAction\":[{\"@type\":\"ReadAction\",\"target\":[\"https:\/\/vivancoculturadevino.es\/blog\/2017\/06\/20\/pozas-arnedillo-termas-naturales-la-rioja\/\"]}]},{\"@type\":\"ImageObject\",\"inLanguage\":\"es\",\"@id\":\"https:\/\/vivancoculturadevino.es\/blog\/2017\/06\/20\/pozas-arnedillo-termas-naturales-la-rioja\/#primaryimage\",\"url\":\"https:\/\/vivancoculturadevino.es\/blog\/wp-content\/uploads\/2017\/06\/23_vapor.jpg\",\"contentUrl\":\"https:\/\/vivancoculturadevino.es\/blog\/wp-content\/uploads\/2017\/06\/23_vapor.jpg\",\"width\":4252,\"height\":2835},{\"@type\":\"BreadcrumbList\",\"@id\":\"https:\/\/vivancoculturadevino.es\/blog\/2017\/06\/20\/pozas-arnedillo-termas-naturales-la-rioja\/#breadcrumb\",\"itemListElement\":[{\"@type\":\"ListItem\",\"position\":1,\"name\":\"Portada\",\"item\":\"https:\/\/vivancoculturadevino.es\/blog\/\"},{\"@type\":\"ListItem\",\"position\":2,\"name\":\"Las Pozas de Arnedillo: termas naturales en La Rioja\"}]},{\"@type\":\"WebSite\",\"@id\":\"https:\/\/vivancoculturadevino.es\/blog\/#website\",\"url\":\"https:\/\/vivancoculturadevino.es\/blog\/\",\"name\":\"Vivanco\",\"description\":\"Una familia y una pasi\u00f3n: Compartir la cultura del vino\",\"publisher\":{\"@id\":\"https:\/\/vivancoculturadevino.es\/blog\/#organization\"},\"potentialAction\":[{\"@type\":\"SearchAction\",\"target\":{\"@type\":\"EntryPoint\",\"urlTemplate\":\"https:\/\/vivancoculturadevino.es\/blog\/?s={search_term_string}\"},\"query-input\":{\"@type\":\"PropertyValueSpecification\",\"valueRequired\":true,\"valueName\":\"search_term_string\"}}],\"inLanguage\":\"es\"},{\"@type\":\"Organization\",\"@id\":\"https:\/\/vivancoculturadevino.es\/blog\/#organization\",\"name\":\"Vivanco\",\"url\":\"https:\/\/vivancoculturadevino.es\/blog\/\",\"logo\":{\"@type\":\"ImageObject\",\"inLanguage\":\"es\",\"@id\":\"https:\/\/vivancoculturadevino.es\/blog\/#\/schema\/logo\/image\/\",\"url\":\"https:\/\/vivancoculturadevino.es\/blog\/wp-content\/uploads\/2026\/01\/Logo-blanco.svg\",\"contentUrl\":\"https:\/\/vivancoculturadevino.es\/blog\/wp-content\/uploads\/2026\/01\/Logo-blanco.svg\",\"width\":134,\"height\":43,\"caption\":\"Vivanco\"},\"image\":{\"@id\":\"https:\/\/vivancoculturadevino.es\/blog\/#\/schema\/logo\/image\/\"}},{\"@type\":\"Person\",\"@id\":\"https:\/\/vivancoculturadevino.es\/blog\/#\/schema\/person\/745931ee54ccbb839d8df0cceb02db4c\",\"name\":\"Vivanco\",\"image\":{\"@type\":\"ImageObject\",\"inLanguage\":\"es\",\"@id\":\"https:\/\/vivancoculturadevino.es\/blog\/#\/schema\/person\/image\/\",\"url\":\"https:\/\/secure.gravatar.com\/avatar\/61b66c59d132db2f7ad4dfd1cc89bbd508b4d5888ab39ddba99f2aca247b7fb3?s=96&d=mm&r=g\",\"contentUrl\":\"https:\/\/secure.gravatar.com\/avatar\/61b66c59d132db2f7ad4dfd1cc89bbd508b4d5888ab39ddba99f2aca247b7fb3?s=96&d=mm&r=g\",\"caption\":\"Vivanco\"},\"description\":\"Bodega, Fundaci\u00f3n, Experiencias. Compartiendo Cultura de Vino\",\"sameAs\":[\"http:\/\/www.vivancoculturadevino.es\",\"https:\/\/www.facebook.com\/vivancoculturadevino\",\"https:\/\/x.com\/https:\/\/twitter.com\/Vivanco_es\",\"https:\/\/www.youtube.com\/channel\/UC8a2nOiF7kAQNPPduAi2Evw\/videos\"],\"url\":\"https:\/\/vivancoculturadevino.es\/blog\/author\/administrator\/\"}]}<\/script>\n<!-- \/ Yoast SEO plugin. -->","yoast_head_json":{"title":"Las Pozas de Arnedillo: termas naturales en La Rioja | Vivanco","description":"La visita a las Pozas de Arnedillo, en la localidad que les presta el nombre, te permitir\u00e1 desconectar totalmente del estr\u00e9s y recargarte de energ\u00eda por completo.","robots":{"index":"index","follow":"follow","max-snippet":"max-snippet:-1","max-image-preview":"max-image-preview:large","max-video-preview":"max-video-preview:-1"},"canonical":"https:\/\/vivancoculturadevino.es\/blog\/2017\/06\/20\/pozas-arnedillo-termas-naturales-la-rioja\/","og_locale":"es_ES","og_type":"article","og_title":"Las Pozas de Arnedillo: termas naturales en La Rioja | Vivanco","og_description":"La visita a las Pozas de Arnedillo, en la localidad que les presta el nombre, te permitir\u00e1 desconectar totalmente del estr\u00e9s y recargarte de energ\u00eda por completo.","og_url":"https:\/\/vivancoculturadevino.es\/blog\/2017\/06\/20\/pozas-arnedillo-termas-naturales-la-rioja\/","og_site_name":"Vivanco","article_author":"https:\/\/www.facebook.com\/vivancoculturadevino","article_published_time":"2017-06-20T09:08:47+00:00","article_modified_time":"2018-10-10T08:28:26+00:00","og_image":[{"width":1024,"height":683,"url":"https:\/\/vivancoculturadevino.es\/blog\/wp-content\/uploads\/2017\/06\/23_vapor-1024x683.jpg","type":"image\/jpeg"}],"author":"Vivanco","twitter_card":"summary_large_image","twitter_image":"https:\/\/vivancoculturadevino.es\/blog\/wp-content\/uploads\/2017\/06\/23_vapor.jpg","twitter_creator":"@https:\/\/twitter.com\/Vivanco_es","twitter_misc":{"Escrito por":"Vivanco","Tiempo de lectura":"4 minutos"},"schema":{"@context":"https:\/\/schema.org","@graph":[{"@type":"Article","@id":"https:\/\/vivancoculturadevino.es\/blog\/2017\/06\/20\/pozas-arnedillo-termas-naturales-la-rioja\/#article","isPartOf":{"@id":"https:\/\/vivancoculturadevino.es\/blog\/2017\/06\/20\/pozas-arnedillo-termas-naturales-la-rioja\/"},"author":{"name":"Vivanco","@id":"https:\/\/vivancoculturadevino.es\/blog\/#\/schema\/person\/745931ee54ccbb839d8df0cceb02db4c"},"headline":"Las Pozas de Arnedillo: termas naturales en La Rioja","datePublished":"2017-06-20T09:08:47+00:00","dateModified":"2018-10-10T08:28:26+00:00","mainEntityOfPage":{"@id":"https:\/\/vivancoculturadevino.es\/blog\/2017\/06\/20\/pozas-arnedillo-termas-naturales-la-rioja\/"},"wordCount":862,"commentCount":0,"publisher":{"@id":"https:\/\/vivancoculturadevino.es\/blog\/#organization"},"image":{"@id":"https:\/\/vivancoculturadevino.es\/blog\/2017\/06\/20\/pozas-arnedillo-termas-naturales-la-rioja\/#primaryimage"},"thumbnailUrl":"https:\/\/vivancoculturadevino.es\/blog\/wp-content\/uploads\/2017\/06\/23_vapor.jpg","keywords":["arnedillo","piscinas naturales","spa natural","termas naturales"],"articleSection":["Compartiendo"],"inLanguage":"es","potentialAction":[{"@type":"CommentAction","name":"Comment","target":["https:\/\/vivancoculturadevino.es\/blog\/2017\/06\/20\/pozas-arnedillo-termas-naturales-la-rioja\/#respond"]}]},{"@type":"WebPage","@id":"https:\/\/vivancoculturadevino.es\/blog\/2017\/06\/20\/pozas-arnedillo-termas-naturales-la-rioja\/","url":"https:\/\/vivancoculturadevino.es\/blog\/2017\/06\/20\/pozas-arnedillo-termas-naturales-la-rioja\/","name":"Las Pozas de Arnedillo: termas naturales en La Rioja | Vivanco","isPartOf":{"@id":"https:\/\/vivancoculturadevino.es\/blog\/#website"},"primaryImageOfPage":{"@id":"https:\/\/vivancoculturadevino.es\/blog\/2017\/06\/20\/pozas-arnedillo-termas-naturales-la-rioja\/#primaryimage"},"image":{"@id":"https:\/\/vivancoculturadevino.es\/blog\/2017\/06\/20\/pozas-arnedillo-termas-naturales-la-rioja\/#primaryimage"},"thumbnailUrl":"https:\/\/vivancoculturadevino.es\/blog\/wp-content\/uploads\/2017\/06\/23_vapor.jpg","datePublished":"2017-06-20T09:08:47+00:00","dateModified":"2018-10-10T08:28:26+00:00","description":"La visita a las Pozas de Arnedillo, en la localidad que les presta el nombre, te permitir\u00e1 desconectar totalmente del estr\u00e9s y recargarte de energ\u00eda por completo.","breadcrumb":{"@id":"https:\/\/vivancoculturadevino.es\/blog\/2017\/06\/20\/pozas-arnedillo-termas-naturales-la-rioja\/#breadcrumb"},"inLanguage":"es","potentialAction":[{"@type":"ReadAction","target":["https:\/\/vivancoculturadevino.es\/blog\/2017\/06\/20\/pozas-arnedillo-termas-naturales-la-rioja\/"]}]},{"@type":"ImageObject","inLanguage":"es","@id":"https:\/\/vivancoculturadevino.es\/blog\/2017\/06\/20\/pozas-arnedillo-termas-naturales-la-rioja\/#primaryimage","url":"https:\/\/vivancoculturadevino.es\/blog\/wp-content\/uploads\/2017\/06\/23_vapor.jpg","contentUrl":"https:\/\/vivancoculturadevino.es\/blog\/wp-content\/uploads\/2017\/06\/23_vapor.jpg","width":4252,"height":2835},{"@type":"BreadcrumbList","@id":"https:\/\/vivancoculturadevino.es\/blog\/2017\/06\/20\/pozas-arnedillo-termas-naturales-la-rioja\/#breadcrumb","itemListElement":[{"@type":"ListItem","position":1,"name":"Portada","item":"https:\/\/vivancoculturadevino.es\/blog\/"},{"@type":"ListItem","position":2,"name":"Las Pozas de Arnedillo: termas naturales en La Rioja"}]},{"@type":"WebSite","@id":"https:\/\/vivancoculturadevino.es\/blog\/#website","url":"https:\/\/vivancoculturadevino.es\/blog\/","name":"Vivanco","description":"Una familia y una pasi\u00f3n: Compartir la cultura del vino","publisher":{"@id":"https:\/\/vivancoculturadevino.es\/blog\/#organization"},"potentialAction":[{"@type":"SearchAction","target":{"@type":"EntryPoint","urlTemplate":"https:\/\/vivancoculturadevino.es\/blog\/?s={search_term_string}"},"query-input":{"@type":"PropertyValueSpecification","valueRequired":true,"valueName":"search_term_string"}}],"inLanguage":"es"},{"@type":"Organization","@id":"https:\/\/vivancoculturadevino.es\/blog\/#organization","name":"Vivanco","url":"https:\/\/vivancoculturadevino.es\/blog\/","logo":{"@type":"ImageObject","inLanguage":"es","@id":"https:\/\/vivancoculturadevino.es\/blog\/#\/schema\/logo\/image\/","url":"https:\/\/vivancoculturadevino.es\/blog\/wp-content\/uploads\/2026\/01\/Logo-blanco.svg","contentUrl":"https:\/\/vivancoculturadevino.es\/blog\/wp-content\/uploads\/2026\/01\/Logo-blanco.svg","width":134,"height":43,"caption":"Vivanco"},"image":{"@id":"https:\/\/vivancoculturadevino.es\/blog\/#\/schema\/logo\/image\/"}},{"@type":"Person","@id":"https:\/\/vivancoculturadevino.es\/blog\/#\/schema\/person\/745931ee54ccbb839d8df0cceb02db4c","name":"Vivanco","image":{"@type":"ImageObject","inLanguage":"es","@id":"https:\/\/vivancoculturadevino.es\/blog\/#\/schema\/person\/image\/","url":"https:\/\/secure.gravatar.com\/avatar\/61b66c59d132db2f7ad4dfd1cc89bbd508b4d5888ab39ddba99f2aca247b7fb3?s=96&d=mm&r=g","contentUrl":"https:\/\/secure.gravatar.com\/avatar\/61b66c59d132db2f7ad4dfd1cc89bbd508b4d5888ab39ddba99f2aca247b7fb3?s=96&d=mm&r=g","caption":"Vivanco"},"description":"Bodega, Fundaci\u00f3n, Experiencias. Compartiendo Cultura de Vino","sameAs":["http:\/\/www.vivancoculturadevino.es","https:\/\/www.facebook.com\/vivancoculturadevino","https:\/\/x.com\/https:\/\/twitter.com\/Vivanco_es","https:\/\/www.youtube.com\/channel\/UC8a2nOiF7kAQNPPduAi2Evw\/videos"],"url":"https:\/\/vivancoculturadevino.es\/blog\/author\/administrator\/"}]}},"_links":{"self":[{"href":"https:\/\/vivancoculturadevino.es\/blog\/wp-json\/wp\/v2\/posts\/3123","targetHints":{"allow":["GET"]}}],"collection":[{"href":"https:\/\/vivancoculturadevino.es\/blog\/wp-json\/wp\/v2\/posts"}],"about":[{"href":"https:\/\/vivancoculturadevino.es\/blog\/wp-json\/wp\/v2\/types\/post"}],"author":[{"embeddable":true,"href":"https:\/\/vivancoculturadevino.es\/blog\/wp-json\/wp\/v2\/users\/1"}],"replies":[{"embeddable":true,"href":"https:\/\/vivancoculturadevino.es\/blog\/wp-json\/wp\/v2\/comments?post=3123"}],"version-history":[{"count":5,"href":"https:\/\/vivancoculturadevino.es\/blog\/wp-json\/wp\/v2\/posts\/3123\/revisions"}],"predecessor-version":[{"id":3690,"href":"https:\/\/vivancoculturadevino.es\/blog\/wp-json\/wp\/v2\/posts\/3123\/revisions\/3690"}],"wp:featuredmedia":[{"embeddable":true,"href":"https:\/\/vivancoculturadevino.es\/blog\/wp-json\/wp\/v2\/media\/3127"}],"wp:attachment":[{"href":"https:\/\/vivancoculturadevino.es\/blog\/wp-json\/wp\/v2\/media?parent=3123"}],"wp:term":[{"taxonomy":"category","embeddable":true,"href":"https:\/\/vivancoculturadevino.es\/blog\/wp-json\/wp\/v2\/categories?post=3123"},{"taxonomy":"post_tag","embeddable":true,"href":"https:\/\/vivancoculturadevino.es\/blog\/wp-json\/wp\/v2\/tags?post=3123"}],"curies":[{"name":"wp","href":"https:\/\/api.w.org\/{rel}","templated":true}]}}