{"id":3106,"date":"2017-06-08T07:00:28","date_gmt":"2017-06-08T06:00:28","guid":{"rendered":"https:\/\/vivancoculturadevino.es\/blog\/?p=3106"},"modified":"2017-06-08T10:01:08","modified_gmt":"2017-06-08T09:01:08","slug":"asi-sera-san-bernabe-2017-festividad-popular-logrono","status":"publish","type":"post","link":"https:\/\/vivancoculturadevino.es\/blog\/2017\/06\/08\/asi-sera-san-bernabe-2017-festividad-popular-logrono\/","title":{"rendered":"As\u00ed ser\u00e1 San Bernab\u00e9 2017: La festividad m\u00e1s popular de Logro\u00f1o"},"content":{"rendered":"<p>Durante los pr\u00f3ximos d\u00edas del 8 al 12 de junio de <strong>2017 la ciudad riojana de Logro\u00f1o celebrar\u00e1 las fiestas de San Bernab\u00e9, <\/strong>festividades patronales, <strong>declaradas Fiestas de Inter\u00e9s Tur\u00edstico Nacional en 2015.<\/strong>\u00a0En los d\u00edas que ocupa la celebraci\u00f3n, la ciudad de Logro\u00f1o se transforma y emprende un viaje en el tiempo hasta 1.521, para rememorar la batalla que liber\u00f3 a los logro\u00f1eses del asedio de las tropas franco-navarras.<\/p>\n<p>Hoy conoceremos un poco mejor los or\u00edgenes y costumbres de estas fiestas de San Bernab\u00e9, una inmejorable ocasi\u00f3n para acercarse a <strong><a href=\"https:\/\/vivancoculturadevino.es\/blog\/2015\/04\/28\/12-imprescindibles-logrono\/\" target=\"_blank\">visitar Logro\u00f1o<\/a>\u00a0<\/strong>y disfrutar de la historia, la cultura y la gastronom\u00eda\u00a0riojanas.<\/p>\n<h2><strong>Los or\u00edgenes de las fiestas de San Bernab\u00e9<\/strong><\/h2>\n<p>En 1.521, un ej\u00e9rcito compuesto por tropas francesas liderado por Andr\u00e9 de Foix tom\u00f3 Navarra. Esta regi\u00f3n hab\u00eda sido adherida recientemente al Reino de Castilla, no sin el descontento de los navarros. Por este motivo, Enrique II de Navarra vio con buenos ojos la llegada de los franceses y mand\u00f3 a su ej\u00e9rcito junto con el del general franc\u00e9s Foix para llevar a cabo la toma de la ciudad de Logro\u00f1o.<\/p>\n<p><strong>Los Logro\u00f1eses se negaron a entregar la plaza de la ciudad<\/strong>, con lo que el ej\u00e9rcito invasor decidi\u00f3 poner en marcha un asedio a la villa. Este asedio se prolong\u00f3 durante algo m\u00e1s de dos semanas, un tiempo durante el cual, seg\u00fan cuenta la leyenda, los logro\u00f1eses se alimentaron \u00fanicamente a base de los peces que obten\u00edan del r\u00edo Ebro. El resto de v\u00edveres fueron empleados para alimentar a la \u00fanica res que quedaba en la ciudad. De esta manera, engordaron al animal de forma exagerada y lo pasearon por delante de las tropas invasoras, para alimentar a su vez la leyenda de que los logro\u00f1eses, animales incluidos, pose\u00edan un tama\u00f1o descomunal.<\/p>\n<p><strong>El objetivo era sembrar el miedo entre las filas enemigas y desmoralizar as\u00ed a los soldados franceses y navarros.<\/strong> Tras 17 d\u00edas de luchas y resistencia, el asedio lleg\u00f3 a su fin. El ej\u00e9rcito invasor, huy\u00f3 ante la llegada de 4.000 soldados castellanos a las \u00f3rdenes del Duque de N\u00e1jera, y no sabemos si tambi\u00e9n, ante el miedo que les imbuy\u00f3 la artima\u00f1a de los logro\u00f1eses. Sea como fuere, <strong>Logro\u00f1o fue liberada el 11 de junio de 1.521, d\u00eda de San Bernab\u00e9<\/strong>. Desde entonces, el santo fue nombrado Patr\u00f3n de la ciudad y la victoria se rememora a\u00f1o tras a\u00f1o y hasta nuestros d\u00edas, rindiendo el voto a San Bernab\u00e9.<\/p>\n<p>Este voto, est\u00e1 compuesto por cinco actos, convertidos ya en tradici\u00f3n durante las fiestas: <strong>acudir a las V\u00edsperas; la Procesi\u00f3n y los Banderazos; el encierro con las vaquillas o toros, de los cuales uno es sacrificado para hacer un guiso; colocar iluminarias en las calles; y por \u00faltimo, comer ternera y cordero. <\/strong>La liberaci\u00f3n del asedio qued\u00f3 reflejada tambi\u00e9n en el escudo de la ciudad de Logro\u00f1o. Desde 1.523 y por orden del emperador Carlos I de Espa\u00f1a, el emblema luce tres flores de lis en recuerdo de la haza\u00f1a.<\/p>\n<p><a href=\"https:\/\/vivancoculturadevino.es\/blog\/wp-content\/uploads\/2017\/06\/1280px-Arcodesanbernabe-ATRIBUIR-Pacoperez6.jpg\"><img fetchpriority=\"high\" decoding=\"async\" class=\"aligncenter wp-image-3108\" src=\"https:\/\/vivancoculturadevino.es\/blog\/wp-content\/uploads\/2017\/06\/1280px-Arcodesanbernabe-ATRIBUIR-Pacoperez6-1024x768.jpg\" alt=\"arco san bernabe fiestas\" width=\"800\" height=\"600\" srcset=\"https:\/\/vivancoculturadevino.es\/blog\/wp-content\/uploads\/2017\/06\/1280px-Arcodesanbernabe-ATRIBUIR-Pacoperez6-1024x768.jpg 1024w, https:\/\/vivancoculturadevino.es\/blog\/wp-content\/uploads\/2017\/06\/1280px-Arcodesanbernabe-ATRIBUIR-Pacoperez6-300x225.jpg 300w, https:\/\/vivancoculturadevino.es\/blog\/wp-content\/uploads\/2017\/06\/1280px-Arcodesanbernabe-ATRIBUIR-Pacoperez6.jpg 1280w\" sizes=\"(max-width: 800px) 100vw, 800px\" \/><\/a><\/p>\n<p style=\"text-align: center;\">Arco de San Bernab\u00e9. Foto: Pacoperez6<\/p>\n<h2><strong>San Bernab\u00e9 en 2017<\/strong><\/h2>\n<p>En la actualizad, durante las fiestas de San Bernab\u00e9 en Logro\u00f1o, la ciudad rememora el hist\u00f3rico triunfo con m\u00faltiples actos en los que diferentes espacios se decoran de \u00e9poca. Adem\u00e1s, los logro\u00f1eses se visten con trajes acordes y se recrean diferentes episodios de la historia a trav\u00e9s de teatralizaciones. Todo un viaje en el tiempo para conocer un poco mejor el origen de multitud de costumbres logro\u00f1esas y riojanas.<\/p>\n<p><a href=\"https:\/\/vivancoculturadevino.es\/blog\/wp-content\/uploads\/2017\/06\/Gigantones_en_las_fiestas_de_San_Bernab\u00e9_en_Logro\u00f1o-ATRIBUIR-emedeme.jpg\"><img decoding=\"async\" width=\"768\" height=\"1024\" class=\"aligncenter size-large wp-image-3109\" src=\"https:\/\/vivancoculturadevino.es\/blog\/wp-content\/uploads\/2017\/06\/Gigantones_en_las_fiestas_de_San_Bernab\u00e9_en_Logro\u00f1o-ATRIBUIR-emedeme-768x1024.jpg\" alt=\"Gigantones fiestas san bernabe\" srcset=\"https:\/\/vivancoculturadevino.es\/blog\/wp-content\/uploads\/2017\/06\/Gigantones_en_las_fiestas_de_San_Bernab\u00e9_en_Logro\u00f1o-ATRIBUIR-emedeme.jpg 768w, https:\/\/vivancoculturadevino.es\/blog\/wp-content\/uploads\/2017\/06\/Gigantones_en_las_fiestas_de_San_Bernab\u00e9_en_Logro\u00f1o-ATRIBUIR-emedeme-225x300.jpg 225w\" sizes=\"(max-width: 768px) 100vw, 768px\" \/><\/a><\/p>\n<p style=\"text-align: center;\">Gigantones en las Fiestas de San Bernab\u00e9. Foto: emedeme<\/p>\n<p style=\"text-align: left;\">El programa de San Bernab\u00e9 2017 contempla m\u00e1s de 300 actos, de entre los cuales, 60 tienen como objetivo amenizar las fiestas del <strong><a href=\"http:\/\/www.xn--logroo-0wa.es\/wps\/wcm\/connect\/9896750045a3e2349fc7dfc1dfa7988b\/infantil+san+bernabe+red.pdf?MOD=AJPERES&amp;CONVERT_TO=url&amp;CACHEID=9896750045a3e2349fc7dfc1dfa7988b\" target=\"_blank\" rel=\"nofollow\">p\u00fablico infantil<\/a>.\u00a0<\/strong>Los diferentes eventos de las fiestas contar\u00e1n con la participaci\u00f3n de 700 voluntarios y unos 66 colectivos. Y seg\u00fan los organizadores, este a\u00f1o se ha trabajado especialmente en la mejora de las teatralizaciones hist\u00f3ricas del asedio. Puede consultarse el <strong>programa completo de las Fiestas de San Bernab\u00e9 2017 en <a href=\"http:\/\/www.xn--logroo-0wa.es\/wps\/wcm\/connect\/959b848045a3e2349fc5dfc1dfa7988b\/SAN+BERNABE+Web.pdf?MOD=AJPERES&amp;CONVERT_TO=url&amp;CACHEID=959b848045a3e2349fc5dfc1dfa7988b\" target=\"_blank\" rel=\"nofollow\">este enlace<\/a><\/strong>.<\/p>\n<p style=\"text-align: left;\"><a href=\"https:\/\/vivancoculturadevino.es\/blog\/wp-content\/uploads\/2017\/06\/Soldados_castellanos_1521-ATRIBUIR-Chamarasca.jpg\"><img decoding=\"async\" class=\"aligncenter wp-image-3110\" src=\"https:\/\/vivancoculturadevino.es\/blog\/wp-content\/uploads\/2017\/06\/Soldados_castellanos_1521-ATRIBUIR-Chamarasca-826x1024.jpg\" alt=\"soldados castellanos fiestas san bernabe\" width=\"800\" height=\"991\" srcset=\"https:\/\/vivancoculturadevino.es\/blog\/wp-content\/uploads\/2017\/06\/Soldados_castellanos_1521-ATRIBUIR-Chamarasca-826x1024.jpg 826w, https:\/\/vivancoculturadevino.es\/blog\/wp-content\/uploads\/2017\/06\/Soldados_castellanos_1521-ATRIBUIR-Chamarasca-242x300.jpg 242w\" sizes=\"(max-width: 800px) 100vw, 800px\" \/><\/a><\/p>\n<p style=\"text-align: center;\">Soldados castellanos. Foto: Chamarasca<\/p>\n<p>Entre los actos imprescindibles de estas festividades: la construcci\u00f3n del arco triunfal; las salvas de ca\u00f1ones; los desfiles y los pasacalles de gigantes y cabezudos, ofrendas y actos religiosos, espect\u00e1culos taurinos, mercados, actuaciones musicales, etc. Y c\u00f3mo no, el acto del <strong>reparto de pan, peces y vino<\/strong> por parte de la Cofrad\u00eda del Pez, en alusi\u00f3n a los alimentos que sostuvieron la defensa de los logro\u00f1eses durante el asedio.<\/p>\n","protected":false},"excerpt":{"rendered":"<p>As\u00ed ser\u00e1n las Fiestas de Logro\u00f1o: San Bernab\u00e9 2017. Consulta el programa festivo y la historia y tradici\u00f3n de estas fiestas tan emblem\u00e1ticas de La Rioja.<\/p>\n","protected":false},"author":1,"featured_media":3107,"comment_status":"open","ping_status":"open","sticky":false,"template":"","format":"standard","meta":{"footnotes":"","_elementor_edit_mode":"","_elementor_template_type":"","_elementor_data":"","_elementor_page_settings":null,"_elementor_conditions":[]},"categories":[6],"tags":[418,90,37,48,419],"class_list":["post-3106","post","type-post","status-publish","format-standard","has-post-thumbnail","hentry","category-experiencias","tag-festividad","tag-fiestas","tag-la-rioja","tag-logrono","tag-san-bernabe"],"yoast_head":"<!-- This site is optimized with the Yoast SEO plugin v26.8 - https:\/\/yoast.com\/product\/yoast-seo-wordpress\/ -->\n<title>As\u00ed ser\u00e1 San Bernab\u00e9 2017: La festividad m\u00e1s popular de Logro\u00f1o | Vivanco<\/title>\n<meta name=\"robots\" content=\"index, follow, max-snippet:-1, max-image-preview:large, max-video-preview:-1\" \/>\n<link rel=\"canonical\" href=\"https:\/\/vivancoculturadevino.es\/blog\/2017\/06\/08\/asi-sera-san-bernabe-2017-festividad-popular-logrono\/\" \/>\n<meta property=\"og:locale\" content=\"es_ES\" \/>\n<meta property=\"og:type\" content=\"article\" \/>\n<meta property=\"og:title\" content=\"As\u00ed ser\u00e1 San Bernab\u00e9 2017: La festividad m\u00e1s popular de Logro\u00f1o | Vivanco\" \/>\n<meta property=\"og:description\" content=\"As\u00ed ser\u00e1n las Fiestas de Logro\u00f1o: San Bernab\u00e9 2017. Consulta el programa festivo y la historia y tradici\u00f3n de estas fiestas tan emblem\u00e1ticas de La Rioja.\" \/>\n<meta property=\"og:url\" content=\"https:\/\/vivancoculturadevino.es\/blog\/2017\/06\/08\/asi-sera-san-bernabe-2017-festividad-popular-logrono\/\" \/>\n<meta property=\"og:site_name\" content=\"Vivanco\" \/>\n<meta property=\"article:author\" content=\"https:\/\/www.facebook.com\/vivancoculturadevino\" \/>\n<meta property=\"article:published_time\" content=\"2017-06-08T06:00:28+00:00\" \/>\n<meta property=\"article:modified_time\" content=\"2017-06-08T09:01:08+00:00\" \/>\n<meta property=\"og:image\" content=\"https:\/\/vivancoculturadevino.es\/blog\/wp-content\/uploads\/2017\/06\/cartel-fiestas-san-bernabe.png\" \/>\n\t<meta property=\"og:image:width\" content=\"620\" \/>\n\t<meta property=\"og:image:height\" content=\"300\" \/>\n\t<meta property=\"og:image:type\" content=\"image\/png\" \/>\n<meta name=\"author\" content=\"Vivanco\" \/>\n<meta name=\"twitter:card\" content=\"summary_large_image\" \/>\n<meta name=\"twitter:creator\" content=\"@https:\/\/twitter.com\/Vivanco_es\" \/>\n<meta name=\"twitter:label1\" content=\"Escrito por\" \/>\n\t<meta name=\"twitter:data1\" content=\"Vivanco\" \/>\n\t<meta name=\"twitter:label2\" content=\"Tiempo de lectura\" \/>\n\t<meta name=\"twitter:data2\" content=\"4 minutos\" \/>\n<script type=\"application\/ld+json\" class=\"yoast-schema-graph\">{\"@context\":\"https:\/\/schema.org\",\"@graph\":[{\"@type\":\"Article\",\"@id\":\"https:\/\/vivancoculturadevino.es\/blog\/2017\/06\/08\/asi-sera-san-bernabe-2017-festividad-popular-logrono\/#article\",\"isPartOf\":{\"@id\":\"https:\/\/vivancoculturadevino.es\/blog\/2017\/06\/08\/asi-sera-san-bernabe-2017-festividad-popular-logrono\/\"},\"author\":{\"name\":\"Vivanco\",\"@id\":\"https:\/\/vivancoculturadevino.es\/blog\/#\/schema\/person\/745931ee54ccbb839d8df0cceb02db4c\"},\"headline\":\"As\u00ed ser\u00e1 San Bernab\u00e9 2017: La festividad m\u00e1s popular de Logro\u00f1o\",\"datePublished\":\"2017-06-08T06:00:28+00:00\",\"dateModified\":\"2017-06-08T09:01:08+00:00\",\"mainEntityOfPage\":{\"@id\":\"https:\/\/vivancoculturadevino.es\/blog\/2017\/06\/08\/asi-sera-san-bernabe-2017-festividad-popular-logrono\/\"},\"wordCount\":798,\"commentCount\":0,\"publisher\":{\"@id\":\"https:\/\/vivancoculturadevino.es\/blog\/#organization\"},\"image\":{\"@id\":\"https:\/\/vivancoculturadevino.es\/blog\/2017\/06\/08\/asi-sera-san-bernabe-2017-festividad-popular-logrono\/#primaryimage\"},\"thumbnailUrl\":\"https:\/\/vivancoculturadevino.es\/blog\/wp-content\/uploads\/2017\/06\/cartel-fiestas-san-bernabe.png\",\"keywords\":[\"Festividad\",\"fiestas\",\"La Rioja\",\"logro\u00f1o\",\"San Bernab\u00e9\"],\"articleSection\":[\"Compartiendo\"],\"inLanguage\":\"es\",\"potentialAction\":[{\"@type\":\"CommentAction\",\"name\":\"Comment\",\"target\":[\"https:\/\/vivancoculturadevino.es\/blog\/2017\/06\/08\/asi-sera-san-bernabe-2017-festividad-popular-logrono\/#respond\"]}]},{\"@type\":\"WebPage\",\"@id\":\"https:\/\/vivancoculturadevino.es\/blog\/2017\/06\/08\/asi-sera-san-bernabe-2017-festividad-popular-logrono\/\",\"url\":\"https:\/\/vivancoculturadevino.es\/blog\/2017\/06\/08\/asi-sera-san-bernabe-2017-festividad-popular-logrono\/\",\"name\":\"As\u00ed ser\u00e1 San Bernab\u00e9 2017: La festividad m\u00e1s popular de Logro\u00f1o | Vivanco\",\"isPartOf\":{\"@id\":\"https:\/\/vivancoculturadevino.es\/blog\/#website\"},\"primaryImageOfPage\":{\"@id\":\"https:\/\/vivancoculturadevino.es\/blog\/2017\/06\/08\/asi-sera-san-bernabe-2017-festividad-popular-logrono\/#primaryimage\"},\"image\":{\"@id\":\"https:\/\/vivancoculturadevino.es\/blog\/2017\/06\/08\/asi-sera-san-bernabe-2017-festividad-popular-logrono\/#primaryimage\"},\"thumbnailUrl\":\"https:\/\/vivancoculturadevino.es\/blog\/wp-content\/uploads\/2017\/06\/cartel-fiestas-san-bernabe.png\",\"datePublished\":\"2017-06-08T06:00:28+00:00\",\"dateModified\":\"2017-06-08T09:01:08+00:00\",\"breadcrumb\":{\"@id\":\"https:\/\/vivancoculturadevino.es\/blog\/2017\/06\/08\/asi-sera-san-bernabe-2017-festividad-popular-logrono\/#breadcrumb\"},\"inLanguage\":\"es\",\"potentialAction\":[{\"@type\":\"ReadAction\",\"target\":[\"https:\/\/vivancoculturadevino.es\/blog\/2017\/06\/08\/asi-sera-san-bernabe-2017-festividad-popular-logrono\/\"]}]},{\"@type\":\"ImageObject\",\"inLanguage\":\"es\",\"@id\":\"https:\/\/vivancoculturadevino.es\/blog\/2017\/06\/08\/asi-sera-san-bernabe-2017-festividad-popular-logrono\/#primaryimage\",\"url\":\"https:\/\/vivancoculturadevino.es\/blog\/wp-content\/uploads\/2017\/06\/cartel-fiestas-san-bernabe.png\",\"contentUrl\":\"https:\/\/vivancoculturadevino.es\/blog\/wp-content\/uploads\/2017\/06\/cartel-fiestas-san-bernabe.png\",\"width\":620,\"height\":300},{\"@type\":\"BreadcrumbList\",\"@id\":\"https:\/\/vivancoculturadevino.es\/blog\/2017\/06\/08\/asi-sera-san-bernabe-2017-festividad-popular-logrono\/#breadcrumb\",\"itemListElement\":[{\"@type\":\"ListItem\",\"position\":1,\"name\":\"Portada\",\"item\":\"https:\/\/vivancoculturadevino.es\/blog\/\"},{\"@type\":\"ListItem\",\"position\":2,\"name\":\"As\u00ed ser\u00e1 San Bernab\u00e9 2017: La festividad m\u00e1s popular de Logro\u00f1o\"}]},{\"@type\":\"WebSite\",\"@id\":\"https:\/\/vivancoculturadevino.es\/blog\/#website\",\"url\":\"https:\/\/vivancoculturadevino.es\/blog\/\",\"name\":\"Vivanco\",\"description\":\"Una familia y una pasi\u00f3n: Compartir la cultura del vino\",\"publisher\":{\"@id\":\"https:\/\/vivancoculturadevino.es\/blog\/#organization\"},\"potentialAction\":[{\"@type\":\"SearchAction\",\"target\":{\"@type\":\"EntryPoint\",\"urlTemplate\":\"https:\/\/vivancoculturadevino.es\/blog\/?s={search_term_string}\"},\"query-input\":{\"@type\":\"PropertyValueSpecification\",\"valueRequired\":true,\"valueName\":\"search_term_string\"}}],\"inLanguage\":\"es\"},{\"@type\":\"Organization\",\"@id\":\"https:\/\/vivancoculturadevino.es\/blog\/#organization\",\"name\":\"Vivanco\",\"url\":\"https:\/\/vivancoculturadevino.es\/blog\/\",\"logo\":{\"@type\":\"ImageObject\",\"inLanguage\":\"es\",\"@id\":\"https:\/\/vivancoculturadevino.es\/blog\/#\/schema\/logo\/image\/\",\"url\":\"https:\/\/vivancoculturadevino.es\/blog\/wp-content\/uploads\/2026\/01\/Logo-blanco.svg\",\"contentUrl\":\"https:\/\/vivancoculturadevino.es\/blog\/wp-content\/uploads\/2026\/01\/Logo-blanco.svg\",\"width\":134,\"height\":43,\"caption\":\"Vivanco\"},\"image\":{\"@id\":\"https:\/\/vivancoculturadevino.es\/blog\/#\/schema\/logo\/image\/\"}},{\"@type\":\"Person\",\"@id\":\"https:\/\/vivancoculturadevino.es\/blog\/#\/schema\/person\/745931ee54ccbb839d8df0cceb02db4c\",\"name\":\"Vivanco\",\"image\":{\"@type\":\"ImageObject\",\"inLanguage\":\"es\",\"@id\":\"https:\/\/vivancoculturadevino.es\/blog\/#\/schema\/person\/image\/\",\"url\":\"https:\/\/secure.gravatar.com\/avatar\/61b66c59d132db2f7ad4dfd1cc89bbd508b4d5888ab39ddba99f2aca247b7fb3?s=96&d=mm&r=g\",\"contentUrl\":\"https:\/\/secure.gravatar.com\/avatar\/61b66c59d132db2f7ad4dfd1cc89bbd508b4d5888ab39ddba99f2aca247b7fb3?s=96&d=mm&r=g\",\"caption\":\"Vivanco\"},\"description\":\"Bodega, Fundaci\u00f3n, Experiencias. Compartiendo Cultura de Vino\",\"sameAs\":[\"http:\/\/www.vivancoculturadevino.es\",\"https:\/\/www.facebook.com\/vivancoculturadevino\",\"https:\/\/x.com\/https:\/\/twitter.com\/Vivanco_es\",\"https:\/\/www.youtube.com\/channel\/UC8a2nOiF7kAQNPPduAi2Evw\/videos\"],\"url\":\"https:\/\/vivancoculturadevino.es\/blog\/author\/administrator\/\"}]}<\/script>\n<!-- \/ Yoast SEO plugin. -->","yoast_head_json":{"title":"As\u00ed ser\u00e1 San Bernab\u00e9 2017: La festividad m\u00e1s popular de Logro\u00f1o | Vivanco","robots":{"index":"index","follow":"follow","max-snippet":"max-snippet:-1","max-image-preview":"max-image-preview:large","max-video-preview":"max-video-preview:-1"},"canonical":"https:\/\/vivancoculturadevino.es\/blog\/2017\/06\/08\/asi-sera-san-bernabe-2017-festividad-popular-logrono\/","og_locale":"es_ES","og_type":"article","og_title":"As\u00ed ser\u00e1 San Bernab\u00e9 2017: La festividad m\u00e1s popular de Logro\u00f1o | Vivanco","og_description":"As\u00ed ser\u00e1n las Fiestas de Logro\u00f1o: San Bernab\u00e9 2017. Consulta el programa festivo y la historia y tradici\u00f3n de estas fiestas tan emblem\u00e1ticas de La Rioja.","og_url":"https:\/\/vivancoculturadevino.es\/blog\/2017\/06\/08\/asi-sera-san-bernabe-2017-festividad-popular-logrono\/","og_site_name":"Vivanco","article_author":"https:\/\/www.facebook.com\/vivancoculturadevino","article_published_time":"2017-06-08T06:00:28+00:00","article_modified_time":"2017-06-08T09:01:08+00:00","og_image":[{"width":620,"height":300,"url":"https:\/\/vivancoculturadevino.es\/blog\/wp-content\/uploads\/2017\/06\/cartel-fiestas-san-bernabe.png","type":"image\/png"}],"author":"Vivanco","twitter_card":"summary_large_image","twitter_creator":"@https:\/\/twitter.com\/Vivanco_es","twitter_misc":{"Escrito por":"Vivanco","Tiempo de lectura":"4 minutos"},"schema":{"@context":"https:\/\/schema.org","@graph":[{"@type":"Article","@id":"https:\/\/vivancoculturadevino.es\/blog\/2017\/06\/08\/asi-sera-san-bernabe-2017-festividad-popular-logrono\/#article","isPartOf":{"@id":"https:\/\/vivancoculturadevino.es\/blog\/2017\/06\/08\/asi-sera-san-bernabe-2017-festividad-popular-logrono\/"},"author":{"name":"Vivanco","@id":"https:\/\/vivancoculturadevino.es\/blog\/#\/schema\/person\/745931ee54ccbb839d8df0cceb02db4c"},"headline":"As\u00ed ser\u00e1 San Bernab\u00e9 2017: La festividad m\u00e1s popular de Logro\u00f1o","datePublished":"2017-06-08T06:00:28+00:00","dateModified":"2017-06-08T09:01:08+00:00","mainEntityOfPage":{"@id":"https:\/\/vivancoculturadevino.es\/blog\/2017\/06\/08\/asi-sera-san-bernabe-2017-festividad-popular-logrono\/"},"wordCount":798,"commentCount":0,"publisher":{"@id":"https:\/\/vivancoculturadevino.es\/blog\/#organization"},"image":{"@id":"https:\/\/vivancoculturadevino.es\/blog\/2017\/06\/08\/asi-sera-san-bernabe-2017-festividad-popular-logrono\/#primaryimage"},"thumbnailUrl":"https:\/\/vivancoculturadevino.es\/blog\/wp-content\/uploads\/2017\/06\/cartel-fiestas-san-bernabe.png","keywords":["Festividad","fiestas","La Rioja","logro\u00f1o","San Bernab\u00e9"],"articleSection":["Compartiendo"],"inLanguage":"es","potentialAction":[{"@type":"CommentAction","name":"Comment","target":["https:\/\/vivancoculturadevino.es\/blog\/2017\/06\/08\/asi-sera-san-bernabe-2017-festividad-popular-logrono\/#respond"]}]},{"@type":"WebPage","@id":"https:\/\/vivancoculturadevino.es\/blog\/2017\/06\/08\/asi-sera-san-bernabe-2017-festividad-popular-logrono\/","url":"https:\/\/vivancoculturadevino.es\/blog\/2017\/06\/08\/asi-sera-san-bernabe-2017-festividad-popular-logrono\/","name":"As\u00ed ser\u00e1 San Bernab\u00e9 2017: La festividad m\u00e1s popular de Logro\u00f1o | Vivanco","isPartOf":{"@id":"https:\/\/vivancoculturadevino.es\/blog\/#website"},"primaryImageOfPage":{"@id":"https:\/\/vivancoculturadevino.es\/blog\/2017\/06\/08\/asi-sera-san-bernabe-2017-festividad-popular-logrono\/#primaryimage"},"image":{"@id":"https:\/\/vivancoculturadevino.es\/blog\/2017\/06\/08\/asi-sera-san-bernabe-2017-festividad-popular-logrono\/#primaryimage"},"thumbnailUrl":"https:\/\/vivancoculturadevino.es\/blog\/wp-content\/uploads\/2017\/06\/cartel-fiestas-san-bernabe.png","datePublished":"2017-06-08T06:00:28+00:00","dateModified":"2017-06-08T09:01:08+00:00","breadcrumb":{"@id":"https:\/\/vivancoculturadevino.es\/blog\/2017\/06\/08\/asi-sera-san-bernabe-2017-festividad-popular-logrono\/#breadcrumb"},"inLanguage":"es","potentialAction":[{"@type":"ReadAction","target":["https:\/\/vivancoculturadevino.es\/blog\/2017\/06\/08\/asi-sera-san-bernabe-2017-festividad-popular-logrono\/"]}]},{"@type":"ImageObject","inLanguage":"es","@id":"https:\/\/vivancoculturadevino.es\/blog\/2017\/06\/08\/asi-sera-san-bernabe-2017-festividad-popular-logrono\/#primaryimage","url":"https:\/\/vivancoculturadevino.es\/blog\/wp-content\/uploads\/2017\/06\/cartel-fiestas-san-bernabe.png","contentUrl":"https:\/\/vivancoculturadevino.es\/blog\/wp-content\/uploads\/2017\/06\/cartel-fiestas-san-bernabe.png","width":620,"height":300},{"@type":"BreadcrumbList","@id":"https:\/\/vivancoculturadevino.es\/blog\/2017\/06\/08\/asi-sera-san-bernabe-2017-festividad-popular-logrono\/#breadcrumb","itemListElement":[{"@type":"ListItem","position":1,"name":"Portada","item":"https:\/\/vivancoculturadevino.es\/blog\/"},{"@type":"ListItem","position":2,"name":"As\u00ed ser\u00e1 San Bernab\u00e9 2017: La festividad m\u00e1s popular de Logro\u00f1o"}]},{"@type":"WebSite","@id":"https:\/\/vivancoculturadevino.es\/blog\/#website","url":"https:\/\/vivancoculturadevino.es\/blog\/","name":"Vivanco","description":"Una familia y una pasi\u00f3n: Compartir la cultura del vino","publisher":{"@id":"https:\/\/vivancoculturadevino.es\/blog\/#organization"},"potentialAction":[{"@type":"SearchAction","target":{"@type":"EntryPoint","urlTemplate":"https:\/\/vivancoculturadevino.es\/blog\/?s={search_term_string}"},"query-input":{"@type":"PropertyValueSpecification","valueRequired":true,"valueName":"search_term_string"}}],"inLanguage":"es"},{"@type":"Organization","@id":"https:\/\/vivancoculturadevino.es\/blog\/#organization","name":"Vivanco","url":"https:\/\/vivancoculturadevino.es\/blog\/","logo":{"@type":"ImageObject","inLanguage":"es","@id":"https:\/\/vivancoculturadevino.es\/blog\/#\/schema\/logo\/image\/","url":"https:\/\/vivancoculturadevino.es\/blog\/wp-content\/uploads\/2026\/01\/Logo-blanco.svg","contentUrl":"https:\/\/vivancoculturadevino.es\/blog\/wp-content\/uploads\/2026\/01\/Logo-blanco.svg","width":134,"height":43,"caption":"Vivanco"},"image":{"@id":"https:\/\/vivancoculturadevino.es\/blog\/#\/schema\/logo\/image\/"}},{"@type":"Person","@id":"https:\/\/vivancoculturadevino.es\/blog\/#\/schema\/person\/745931ee54ccbb839d8df0cceb02db4c","name":"Vivanco","image":{"@type":"ImageObject","inLanguage":"es","@id":"https:\/\/vivancoculturadevino.es\/blog\/#\/schema\/person\/image\/","url":"https:\/\/secure.gravatar.com\/avatar\/61b66c59d132db2f7ad4dfd1cc89bbd508b4d5888ab39ddba99f2aca247b7fb3?s=96&d=mm&r=g","contentUrl":"https:\/\/secure.gravatar.com\/avatar\/61b66c59d132db2f7ad4dfd1cc89bbd508b4d5888ab39ddba99f2aca247b7fb3?s=96&d=mm&r=g","caption":"Vivanco"},"description":"Bodega, Fundaci\u00f3n, Experiencias. Compartiendo Cultura de Vino","sameAs":["http:\/\/www.vivancoculturadevino.es","https:\/\/www.facebook.com\/vivancoculturadevino","https:\/\/x.com\/https:\/\/twitter.com\/Vivanco_es","https:\/\/www.youtube.com\/channel\/UC8a2nOiF7kAQNPPduAi2Evw\/videos"],"url":"https:\/\/vivancoculturadevino.es\/blog\/author\/administrator\/"}]}},"_links":{"self":[{"href":"https:\/\/vivancoculturadevino.es\/blog\/wp-json\/wp\/v2\/posts\/3106","targetHints":{"allow":["GET"]}}],"collection":[{"href":"https:\/\/vivancoculturadevino.es\/blog\/wp-json\/wp\/v2\/posts"}],"about":[{"href":"https:\/\/vivancoculturadevino.es\/blog\/wp-json\/wp\/v2\/types\/post"}],"author":[{"embeddable":true,"href":"https:\/\/vivancoculturadevino.es\/blog\/wp-json\/wp\/v2\/users\/1"}],"replies":[{"embeddable":true,"href":"https:\/\/vivancoculturadevino.es\/blog\/wp-json\/wp\/v2\/comments?post=3106"}],"version-history":[{"count":1,"href":"https:\/\/vivancoculturadevino.es\/blog\/wp-json\/wp\/v2\/posts\/3106\/revisions"}],"predecessor-version":[{"id":3111,"href":"https:\/\/vivancoculturadevino.es\/blog\/wp-json\/wp\/v2\/posts\/3106\/revisions\/3111"}],"wp:featuredmedia":[{"embeddable":true,"href":"https:\/\/vivancoculturadevino.es\/blog\/wp-json\/wp\/v2\/media\/3107"}],"wp:attachment":[{"href":"https:\/\/vivancoculturadevino.es\/blog\/wp-json\/wp\/v2\/media?parent=3106"}],"wp:term":[{"taxonomy":"category","embeddable":true,"href":"https:\/\/vivancoculturadevino.es\/blog\/wp-json\/wp\/v2\/categories?post=3106"},{"taxonomy":"post_tag","embeddable":true,"href":"https:\/\/vivancoculturadevino.es\/blog\/wp-json\/wp\/v2\/tags?post=3106"}],"curies":[{"name":"wp","href":"https:\/\/api.w.org\/{rel}","templated":true}]}}