{"id":3068,"date":"2017-05-19T08:00:32","date_gmt":"2017-05-19T07:00:32","guid":{"rendered":"https:\/\/vivancoculturadevino.es\/blog\/?p=3068"},"modified":"2017-05-18T09:33:51","modified_gmt":"2017-05-18T08:33:51","slug":"como-utilizo-resistencia-francesa-el-vino-incautado-por-nazis","status":"publish","type":"post","link":"https:\/\/vivancoculturadevino.es\/blog\/2017\/05\/19\/como-utilizo-resistencia-francesa-el-vino-incautado-por-nazis\/","title":{"rendered":"\u00bfC\u00f3mo utiliz\u00f3 la resistencia francesa el vino incautado por los nazis?"},"content":{"rendered":"<p>Tras la derrota de los ej\u00e9rcitos Aliados en la batalla de Francia, alemanes y franceses firmaron un armisticio el 22 de junio de 1940. Desde aquel momento, Francia quedaba dividida: el norte y oeste ocupados por el ej\u00e9rcito alem\u00e1n, Alsacia y Lorena anexionadas al <em>Tercer Reich<\/em> y al sur la zona libre. Esta \u00faltima, tambi\u00e9n llamada la Francia de Vichy, ten\u00eda autonom\u00eda, siempre que no se inmiscuyese en los planes de Hitler, y quedaba bajo el mando del Mariscal Philippe P\u00e9tain.<strong> Y como siempre ha ocurrido en todas las guerras, la ocupaci\u00f3n de un territorio conlleva el expolio. <\/strong><strong>Patrimonio art\u00edstico y cultural, bienes p\u00fablicos y privados o materias primas son objeto de la destrucci\u00f3n y el saqueo<\/strong><strong>, <\/strong>ya sea para aniquilar la identidad o simbolog\u00eda nacional, deleite de los vencedores o simplemente para su venta.\u00a0 Y eso mismo ocurri\u00f3 en Francia&#8230; con el vino.<\/p>\n<p><strong>Despu\u00e9s de la invasi\u00f3n de Francia, los alemanes ten\u00edan orden de incautar los vinos franceses y enviarlos a Berl\u00edn, bien para el consumo directo o para la venta en el mercado internacional y ayudar a pagar el coste de la guerra<\/strong>. L\u00f3gicamente, los productores franceses trataron de proteger sus vinos: tapiaron bodegas, enterraron botellas e incluso algunas fueron hundidas en estanques y embalses; todo serv\u00eda para proteger un s\u00edmbolo nacional y un producto muy importante para su econom\u00eda. Para asegurarse el flujo constante de vino que deb\u00eda enviarse a Alemania, <strong>Hitler organiz\u00f3 un equipo de supervisores, llamados <em>weinf\u00fchrers<\/em>, para gestionar la incautaci\u00f3n y el env\u00edo desde las principales regiones productoras de vino.<\/strong> Algunos de estos <em>weinf\u00fchrers <\/em>fueron Heinz Bomers en Burdeos, Otto Klaebisch en Champagne o Adolphe Segnitz en Borgo\u00f1a.<\/p>\n<p>La relaci\u00f3n de <strong>los productores franceses y los supervisores alemanes depend\u00eda de la relaci\u00f3n de estos \u00faltimos con el mundo del vino<\/strong>. Algunos <em>weinf\u00fchrers<\/em>, simples funcionarios al servicio del Tercer Reich u oficiales de la Wehrmacht, simplemente hac\u00edan que se cumpliesen los pedidos puntualmente. Con otros, como Otto Klaebisch, un experto y enamorado del vino, se pudo llegar a acuerdos para que parte de la producci\u00f3n fuese desviada al mercado franc\u00e9s e incluso conseguir para los viticultores, en tiempos de escasez, lo necesario para mantener la calidad de los vinos y la conservaci\u00f3n de los vi\u00f1edos. O el caso de Heinz Bomers, que cuando termin\u00f3 la guerra escribi\u00f3 al bar\u00f3n Philippe de Rothschild pregunt\u00e1ndole si pod\u00eda representar a los vinos Mouton-Rothschild en Alemania. El bar\u00f3n respondi\u00f3:<\/p>\n<p><em>S\u00ed, \u00bfno estamos construyendo una nueva Europa?<\/em><\/p>\n<p>Tambi\u00e9n es verdad que si los <em>weinf\u00fchrers <\/em>eran expertos en vino era mucho m\u00e1s dif\u00edcil poder enga\u00f1arles cambiando las etiquetas de los vinos o \u201cenvejeciendo\u201d las botellas ensuci\u00e1ndolas con polvo, ya que sol\u00edan catar los vinos que enviaban a Berl\u00edn.<\/p>\n<p><a href=\"https:\/\/vivancoculturadevino.es\/blog\/wp-content\/uploads\/2017\/05\/bodega-botellas-polvo.jpg\"><img fetchpriority=\"high\" decoding=\"async\" class=\" wp-image-3071 aligncenter\" src=\"https:\/\/vivancoculturadevino.es\/blog\/wp-content\/uploads\/2017\/05\/bodega-botellas-polvo-1024x682.jpg\" alt=\"bodega botellas polvo\" width=\"800\" height=\"533\" srcset=\"https:\/\/vivancoculturadevino.es\/blog\/wp-content\/uploads\/2017\/05\/bodega-botellas-polvo-1024x682.jpg 1024w, https:\/\/vivancoculturadevino.es\/blog\/wp-content\/uploads\/2017\/05\/bodega-botellas-polvo-300x200.jpg 300w, https:\/\/vivancoculturadevino.es\/blog\/wp-content\/uploads\/2017\/05\/bodega-botellas-polvo.jpg 1280w\" sizes=\"(max-width: 800px) 100vw, 800px\" \/><\/a><\/p>\n<p><strong>L\u00f3gicamente, los productores de vino estaban en contacto con la resistencia francesa para tratar de sabotear los env\u00edos,<\/strong> y aunque el tema del sabotaje era harto dif\u00edcil sirvi\u00f3 para descubrir una conexi\u00f3n entre los env\u00edos extraordinarios de vino y, sobre todo, de champ\u00e1n a alg\u00fan lugar concreto de Europa o \u00c1frica con ofensivas militares significativas por parte de los alemanes. A comienzos de 1941, cuando se recibi\u00f3 un pedido inusual por la cantidad y el especial empaquetado que deb\u00edan tener las botellas para enviarse a \u201cun lugar muy c\u00e1lido\u201d, saltaron las alarmas&#8230; era el norte de \u00c1frica, donde el general Rommel estaba a punto de comenzar su campa\u00f1a al frente del Africa Korps. La resistencia pas\u00f3 la informaci\u00f3n a la inteligencia brit\u00e1nica.<\/p>\n<p>&nbsp;<\/p>\n","protected":false},"excerpt":{"rendered":"<p>Tras la derrota de los ej\u00e9rcitos Aliados en la batalla de Francia, alemanes y franceses firmaron un armisticio el 22 de junio de 1940. Desde aquel momento, Francia quedaba dividida: el norte y oeste ocupados por el ej\u00e9rcito alem\u00e1n, Alsacia y Lorena anexionadas al Tercer Reich y al sur la zona libre. <\/p>\n","protected":false},"author":8,"featured_media":3070,"comment_status":"open","ping_status":"open","sticky":false,"template":"","format":"standard","meta":{"footnotes":"","_elementor_edit_mode":"","_elementor_template_type":"","_elementor_data":"","_elementor_page_settings":null,"_elementor_conditions":[]},"categories":[7],"tags":[411,56,410,4],"class_list":["post-3068","post","type-post","status-publish","format-standard","has-post-thumbnail","hentry","category-fundacion","tag-guerra","tag-historia","tag-hitler","tag-vino"],"yoast_head":"<!-- This site is optimized with the Yoast SEO plugin v26.8 - https:\/\/yoast.com\/product\/yoast-seo-wordpress\/ -->\n<title>\u00bfC\u00f3mo utiliz\u00f3 la resistencia francesa el vino incautado por los nazis? | Vivanco<\/title>\n<meta name=\"description\" content=\"Tras la derrota de los ej\u00e9rcitos Aliados en la batalla de Francia, alemanes y franceses firmaron un armisticio el 22 de junio de 1940. Desde aquel momento, Francia quedaba dividida: el norte y oeste ocupados por el ej\u00e9rcito alem\u00e1n, Alsacia y Lorena anexionadas al Tercer Reich y al sur la zona libre.\" \/>\n<meta name=\"robots\" content=\"index, follow, max-snippet:-1, max-image-preview:large, max-video-preview:-1\" \/>\n<link rel=\"canonical\" href=\"https:\/\/vivancoculturadevino.es\/blog\/2017\/05\/19\/como-utilizo-resistencia-francesa-el-vino-incautado-por-nazis\/\" \/>\n<meta property=\"og:locale\" content=\"es_ES\" \/>\n<meta property=\"og:type\" content=\"article\" \/>\n<meta property=\"og:title\" content=\"\u00bfC\u00f3mo utiliz\u00f3 la resistencia francesa el vino incautado por los nazis? | Vivanco\" \/>\n<meta property=\"og:description\" content=\"Tras la derrota de los ej\u00e9rcitos Aliados en la batalla de Francia, alemanes y franceses firmaron un armisticio el 22 de junio de 1940. Desde aquel momento, Francia quedaba dividida: el norte y oeste ocupados por el ej\u00e9rcito alem\u00e1n, Alsacia y Lorena anexionadas al Tercer Reich y al sur la zona libre.\" \/>\n<meta property=\"og:url\" content=\"https:\/\/vivancoculturadevino.es\/blog\/2017\/05\/19\/como-utilizo-resistencia-francesa-el-vino-incautado-por-nazis\/\" \/>\n<meta property=\"og:site_name\" content=\"Vivanco\" \/>\n<meta property=\"article:author\" content=\"https:\/\/www.facebook.com\/HistoriasdelaHistoria\" \/>\n<meta property=\"article:published_time\" content=\"2017-05-19T07:00:32+00:00\" \/>\n<meta property=\"og:image\" content=\"https:\/\/vivancoculturadevino.es\/blog\/wp-content\/uploads\/2017\/05\/botella-vino-conservado-antiguedad.jpg\" \/>\n\t<meta property=\"og:image:width\" content=\"1280\" \/>\n\t<meta property=\"og:image:height\" content=\"847\" \/>\n\t<meta property=\"og:image:type\" content=\"image\/jpeg\" \/>\n<meta name=\"author\" content=\"Javier Sanz\" \/>\n<meta name=\"twitter:card\" content=\"summary_large_image\" \/>\n<meta name=\"twitter:creator\" content=\"@https:\/\/twitter.com\/jsanz\" \/>\n<meta name=\"twitter:label1\" content=\"Escrito por\" \/>\n\t<meta name=\"twitter:data1\" content=\"Javier Sanz\" \/>\n\t<meta name=\"twitter:label2\" content=\"Tiempo de lectura\" \/>\n\t<meta name=\"twitter:data2\" content=\"3 minutos\" \/>\n<script type=\"application\/ld+json\" class=\"yoast-schema-graph\">{\"@context\":\"https:\/\/schema.org\",\"@graph\":[{\"@type\":\"Article\",\"@id\":\"https:\/\/vivancoculturadevino.es\/blog\/2017\/05\/19\/como-utilizo-resistencia-francesa-el-vino-incautado-por-nazis\/#article\",\"isPartOf\":{\"@id\":\"https:\/\/vivancoculturadevino.es\/blog\/2017\/05\/19\/como-utilizo-resistencia-francesa-el-vino-incautado-por-nazis\/\"},\"author\":{\"name\":\"Javier Sanz\",\"@id\":\"https:\/\/vivancoculturadevino.es\/blog\/#\/schema\/person\/8b9b698cff084699559378a8ebe12b8d\"},\"headline\":\"\u00bfC\u00f3mo utiliz\u00f3 la resistencia francesa el vino incautado por los nazis?\",\"datePublished\":\"2017-05-19T07:00:32+00:00\",\"mainEntityOfPage\":{\"@id\":\"https:\/\/vivancoculturadevino.es\/blog\/2017\/05\/19\/como-utilizo-resistencia-francesa-el-vino-incautado-por-nazis\/\"},\"wordCount\":638,\"commentCount\":0,\"publisher\":{\"@id\":\"https:\/\/vivancoculturadevino.es\/blog\/#organization\"},\"image\":{\"@id\":\"https:\/\/vivancoculturadevino.es\/blog\/2017\/05\/19\/como-utilizo-resistencia-francesa-el-vino-incautado-por-nazis\/#primaryimage\"},\"thumbnailUrl\":\"https:\/\/vivancoculturadevino.es\/blog\/wp-content\/uploads\/2017\/05\/botella-vino-conservado-antiguedad.jpg\",\"keywords\":[\"guerra\",\"historia\",\"Hitler\",\"vino\"],\"articleSection\":[\"Cultura\"],\"inLanguage\":\"es\",\"potentialAction\":[{\"@type\":\"CommentAction\",\"name\":\"Comment\",\"target\":[\"https:\/\/vivancoculturadevino.es\/blog\/2017\/05\/19\/como-utilizo-resistencia-francesa-el-vino-incautado-por-nazis\/#respond\"]}]},{\"@type\":\"WebPage\",\"@id\":\"https:\/\/vivancoculturadevino.es\/blog\/2017\/05\/19\/como-utilizo-resistencia-francesa-el-vino-incautado-por-nazis\/\",\"url\":\"https:\/\/vivancoculturadevino.es\/blog\/2017\/05\/19\/como-utilizo-resistencia-francesa-el-vino-incautado-por-nazis\/\",\"name\":\"\u00bfC\u00f3mo utiliz\u00f3 la resistencia francesa el vino incautado por los nazis? | Vivanco\",\"isPartOf\":{\"@id\":\"https:\/\/vivancoculturadevino.es\/blog\/#website\"},\"primaryImageOfPage\":{\"@id\":\"https:\/\/vivancoculturadevino.es\/blog\/2017\/05\/19\/como-utilizo-resistencia-francesa-el-vino-incautado-por-nazis\/#primaryimage\"},\"image\":{\"@id\":\"https:\/\/vivancoculturadevino.es\/blog\/2017\/05\/19\/como-utilizo-resistencia-francesa-el-vino-incautado-por-nazis\/#primaryimage\"},\"thumbnailUrl\":\"https:\/\/vivancoculturadevino.es\/blog\/wp-content\/uploads\/2017\/05\/botella-vino-conservado-antiguedad.jpg\",\"datePublished\":\"2017-05-19T07:00:32+00:00\",\"description\":\"Tras la derrota de los ej\u00e9rcitos Aliados en la batalla de Francia, alemanes y franceses firmaron un armisticio el 22 de junio de 1940. Desde aquel momento, Francia quedaba dividida: el norte y oeste ocupados por el ej\u00e9rcito alem\u00e1n, Alsacia y Lorena anexionadas al Tercer Reich y al sur la zona libre.\",\"breadcrumb\":{\"@id\":\"https:\/\/vivancoculturadevino.es\/blog\/2017\/05\/19\/como-utilizo-resistencia-francesa-el-vino-incautado-por-nazis\/#breadcrumb\"},\"inLanguage\":\"es\",\"potentialAction\":[{\"@type\":\"ReadAction\",\"target\":[\"https:\/\/vivancoculturadevino.es\/blog\/2017\/05\/19\/como-utilizo-resistencia-francesa-el-vino-incautado-por-nazis\/\"]}]},{\"@type\":\"ImageObject\",\"inLanguage\":\"es\",\"@id\":\"https:\/\/vivancoculturadevino.es\/blog\/2017\/05\/19\/como-utilizo-resistencia-francesa-el-vino-incautado-por-nazis\/#primaryimage\",\"url\":\"https:\/\/vivancoculturadevino.es\/blog\/wp-content\/uploads\/2017\/05\/botella-vino-conservado-antiguedad.jpg\",\"contentUrl\":\"https:\/\/vivancoculturadevino.es\/blog\/wp-content\/uploads\/2017\/05\/botella-vino-conservado-antiguedad.jpg\",\"width\":1280,\"height\":847},{\"@type\":\"BreadcrumbList\",\"@id\":\"https:\/\/vivancoculturadevino.es\/blog\/2017\/05\/19\/como-utilizo-resistencia-francesa-el-vino-incautado-por-nazis\/#breadcrumb\",\"itemListElement\":[{\"@type\":\"ListItem\",\"position\":1,\"name\":\"Portada\",\"item\":\"https:\/\/vivancoculturadevino.es\/blog\/\"},{\"@type\":\"ListItem\",\"position\":2,\"name\":\"\u00bfC\u00f3mo utiliz\u00f3 la resistencia francesa el vino incautado por los nazis?\"}]},{\"@type\":\"WebSite\",\"@id\":\"https:\/\/vivancoculturadevino.es\/blog\/#website\",\"url\":\"https:\/\/vivancoculturadevino.es\/blog\/\",\"name\":\"Vivanco\",\"description\":\"Una familia y una pasi\u00f3n: Compartir la cultura del vino\",\"publisher\":{\"@id\":\"https:\/\/vivancoculturadevino.es\/blog\/#organization\"},\"potentialAction\":[{\"@type\":\"SearchAction\",\"target\":{\"@type\":\"EntryPoint\",\"urlTemplate\":\"https:\/\/vivancoculturadevino.es\/blog\/?s={search_term_string}\"},\"query-input\":{\"@type\":\"PropertyValueSpecification\",\"valueRequired\":true,\"valueName\":\"search_term_string\"}}],\"inLanguage\":\"es\"},{\"@type\":\"Organization\",\"@id\":\"https:\/\/vivancoculturadevino.es\/blog\/#organization\",\"name\":\"Vivanco\",\"url\":\"https:\/\/vivancoculturadevino.es\/blog\/\",\"logo\":{\"@type\":\"ImageObject\",\"inLanguage\":\"es\",\"@id\":\"https:\/\/vivancoculturadevino.es\/blog\/#\/schema\/logo\/image\/\",\"url\":\"https:\/\/vivancoculturadevino.es\/blog\/wp-content\/uploads\/2026\/01\/Logo-blanco.svg\",\"contentUrl\":\"https:\/\/vivancoculturadevino.es\/blog\/wp-content\/uploads\/2026\/01\/Logo-blanco.svg\",\"width\":134,\"height\":43,\"caption\":\"Vivanco\"},\"image\":{\"@id\":\"https:\/\/vivancoculturadevino.es\/blog\/#\/schema\/logo\/image\/\"}},{\"@type\":\"Person\",\"@id\":\"https:\/\/vivancoculturadevino.es\/blog\/#\/schema\/person\/8b9b698cff084699559378a8ebe12b8d\",\"name\":\"Javier Sanz\",\"image\":{\"@type\":\"ImageObject\",\"inLanguage\":\"es\",\"@id\":\"https:\/\/vivancoculturadevino.es\/blog\/#\/schema\/person\/image\/\",\"url\":\"https:\/\/secure.gravatar.com\/avatar\/a50fceb249b4111443d60ecf2777e8ac4b31d342734cfd7b97b36a8a32dbf3f8?s=96&d=mm&r=g\",\"contentUrl\":\"https:\/\/secure.gravatar.com\/avatar\/a50fceb249b4111443d60ecf2777e8ac4b31d342734cfd7b97b36a8a32dbf3f8?s=96&d=mm&r=g\",\"caption\":\"Javier Sanz\"},\"description\":\"Contador de historias a trav\u00e9s del blog, libros, colaboraciones en prensa y radio con la \u00fanica pretensi\u00f3n de acercar la historia de forma amena y entretenida a los que la dejaron de lado. Director de la revista digital e interactiva \\\"iHstoria\\\". Colaboraciones en el peri\u00f3dico Diario de Teruel, revista Iberia Vieja y revista Cl\u00edo. Colaboraciones en radio en La Rosa de los Vientos (Onda Cero), Gente Despierta (RNE) y La Noche es Nuestra (EuropaFM).\",\"sameAs\":[\"http:\/\/historiasdelahistoria.com\/\",\"https:\/\/www.facebook.com\/HistoriasdelaHistoria\",\"https:\/\/x.com\/https:\/\/twitter.com\/jsanz\"],\"url\":\"https:\/\/vivancoculturadevino.es\/blog\/author\/javier-sanz\/\"}]}<\/script>\n<!-- \/ Yoast SEO plugin. -->","yoast_head_json":{"title":"\u00bfC\u00f3mo utiliz\u00f3 la resistencia francesa el vino incautado por los nazis? | Vivanco","description":"Tras la derrota de los ej\u00e9rcitos Aliados en la batalla de Francia, alemanes y franceses firmaron un armisticio el 22 de junio de 1940. Desde aquel momento, Francia quedaba dividida: el norte y oeste ocupados por el ej\u00e9rcito alem\u00e1n, Alsacia y Lorena anexionadas al Tercer Reich y al sur la zona libre.","robots":{"index":"index","follow":"follow","max-snippet":"max-snippet:-1","max-image-preview":"max-image-preview:large","max-video-preview":"max-video-preview:-1"},"canonical":"https:\/\/vivancoculturadevino.es\/blog\/2017\/05\/19\/como-utilizo-resistencia-francesa-el-vino-incautado-por-nazis\/","og_locale":"es_ES","og_type":"article","og_title":"\u00bfC\u00f3mo utiliz\u00f3 la resistencia francesa el vino incautado por los nazis? | Vivanco","og_description":"Tras la derrota de los ej\u00e9rcitos Aliados en la batalla de Francia, alemanes y franceses firmaron un armisticio el 22 de junio de 1940. Desde aquel momento, Francia quedaba dividida: el norte y oeste ocupados por el ej\u00e9rcito alem\u00e1n, Alsacia y Lorena anexionadas al Tercer Reich y al sur la zona libre.","og_url":"https:\/\/vivancoculturadevino.es\/blog\/2017\/05\/19\/como-utilizo-resistencia-francesa-el-vino-incautado-por-nazis\/","og_site_name":"Vivanco","article_author":"https:\/\/www.facebook.com\/HistoriasdelaHistoria","article_published_time":"2017-05-19T07:00:32+00:00","og_image":[{"width":1280,"height":847,"url":"https:\/\/vivancoculturadevino.es\/blog\/wp-content\/uploads\/2017\/05\/botella-vino-conservado-antiguedad.jpg","type":"image\/jpeg"}],"author":"Javier Sanz","twitter_card":"summary_large_image","twitter_creator":"@https:\/\/twitter.com\/jsanz","twitter_misc":{"Escrito por":"Javier Sanz","Tiempo de lectura":"3 minutos"},"schema":{"@context":"https:\/\/schema.org","@graph":[{"@type":"Article","@id":"https:\/\/vivancoculturadevino.es\/blog\/2017\/05\/19\/como-utilizo-resistencia-francesa-el-vino-incautado-por-nazis\/#article","isPartOf":{"@id":"https:\/\/vivancoculturadevino.es\/blog\/2017\/05\/19\/como-utilizo-resistencia-francesa-el-vino-incautado-por-nazis\/"},"author":{"name":"Javier Sanz","@id":"https:\/\/vivancoculturadevino.es\/blog\/#\/schema\/person\/8b9b698cff084699559378a8ebe12b8d"},"headline":"\u00bfC\u00f3mo utiliz\u00f3 la resistencia francesa el vino incautado por los nazis?","datePublished":"2017-05-19T07:00:32+00:00","mainEntityOfPage":{"@id":"https:\/\/vivancoculturadevino.es\/blog\/2017\/05\/19\/como-utilizo-resistencia-francesa-el-vino-incautado-por-nazis\/"},"wordCount":638,"commentCount":0,"publisher":{"@id":"https:\/\/vivancoculturadevino.es\/blog\/#organization"},"image":{"@id":"https:\/\/vivancoculturadevino.es\/blog\/2017\/05\/19\/como-utilizo-resistencia-francesa-el-vino-incautado-por-nazis\/#primaryimage"},"thumbnailUrl":"https:\/\/vivancoculturadevino.es\/blog\/wp-content\/uploads\/2017\/05\/botella-vino-conservado-antiguedad.jpg","keywords":["guerra","historia","Hitler","vino"],"articleSection":["Cultura"],"inLanguage":"es","potentialAction":[{"@type":"CommentAction","name":"Comment","target":["https:\/\/vivancoculturadevino.es\/blog\/2017\/05\/19\/como-utilizo-resistencia-francesa-el-vino-incautado-por-nazis\/#respond"]}]},{"@type":"WebPage","@id":"https:\/\/vivancoculturadevino.es\/blog\/2017\/05\/19\/como-utilizo-resistencia-francesa-el-vino-incautado-por-nazis\/","url":"https:\/\/vivancoculturadevino.es\/blog\/2017\/05\/19\/como-utilizo-resistencia-francesa-el-vino-incautado-por-nazis\/","name":"\u00bfC\u00f3mo utiliz\u00f3 la resistencia francesa el vino incautado por los nazis? | Vivanco","isPartOf":{"@id":"https:\/\/vivancoculturadevino.es\/blog\/#website"},"primaryImageOfPage":{"@id":"https:\/\/vivancoculturadevino.es\/blog\/2017\/05\/19\/como-utilizo-resistencia-francesa-el-vino-incautado-por-nazis\/#primaryimage"},"image":{"@id":"https:\/\/vivancoculturadevino.es\/blog\/2017\/05\/19\/como-utilizo-resistencia-francesa-el-vino-incautado-por-nazis\/#primaryimage"},"thumbnailUrl":"https:\/\/vivancoculturadevino.es\/blog\/wp-content\/uploads\/2017\/05\/botella-vino-conservado-antiguedad.jpg","datePublished":"2017-05-19T07:00:32+00:00","description":"Tras la derrota de los ej\u00e9rcitos Aliados en la batalla de Francia, alemanes y franceses firmaron un armisticio el 22 de junio de 1940. Desde aquel momento, Francia quedaba dividida: el norte y oeste ocupados por el ej\u00e9rcito alem\u00e1n, Alsacia y Lorena anexionadas al Tercer Reich y al sur la zona libre.","breadcrumb":{"@id":"https:\/\/vivancoculturadevino.es\/blog\/2017\/05\/19\/como-utilizo-resistencia-francesa-el-vino-incautado-por-nazis\/#breadcrumb"},"inLanguage":"es","potentialAction":[{"@type":"ReadAction","target":["https:\/\/vivancoculturadevino.es\/blog\/2017\/05\/19\/como-utilizo-resistencia-francesa-el-vino-incautado-por-nazis\/"]}]},{"@type":"ImageObject","inLanguage":"es","@id":"https:\/\/vivancoculturadevino.es\/blog\/2017\/05\/19\/como-utilizo-resistencia-francesa-el-vino-incautado-por-nazis\/#primaryimage","url":"https:\/\/vivancoculturadevino.es\/blog\/wp-content\/uploads\/2017\/05\/botella-vino-conservado-antiguedad.jpg","contentUrl":"https:\/\/vivancoculturadevino.es\/blog\/wp-content\/uploads\/2017\/05\/botella-vino-conservado-antiguedad.jpg","width":1280,"height":847},{"@type":"BreadcrumbList","@id":"https:\/\/vivancoculturadevino.es\/blog\/2017\/05\/19\/como-utilizo-resistencia-francesa-el-vino-incautado-por-nazis\/#breadcrumb","itemListElement":[{"@type":"ListItem","position":1,"name":"Portada","item":"https:\/\/vivancoculturadevino.es\/blog\/"},{"@type":"ListItem","position":2,"name":"\u00bfC\u00f3mo utiliz\u00f3 la resistencia francesa el vino incautado por los nazis?"}]},{"@type":"WebSite","@id":"https:\/\/vivancoculturadevino.es\/blog\/#website","url":"https:\/\/vivancoculturadevino.es\/blog\/","name":"Vivanco","description":"Una familia y una pasi\u00f3n: Compartir la cultura del vino","publisher":{"@id":"https:\/\/vivancoculturadevino.es\/blog\/#organization"},"potentialAction":[{"@type":"SearchAction","target":{"@type":"EntryPoint","urlTemplate":"https:\/\/vivancoculturadevino.es\/blog\/?s={search_term_string}"},"query-input":{"@type":"PropertyValueSpecification","valueRequired":true,"valueName":"search_term_string"}}],"inLanguage":"es"},{"@type":"Organization","@id":"https:\/\/vivancoculturadevino.es\/blog\/#organization","name":"Vivanco","url":"https:\/\/vivancoculturadevino.es\/blog\/","logo":{"@type":"ImageObject","inLanguage":"es","@id":"https:\/\/vivancoculturadevino.es\/blog\/#\/schema\/logo\/image\/","url":"https:\/\/vivancoculturadevino.es\/blog\/wp-content\/uploads\/2026\/01\/Logo-blanco.svg","contentUrl":"https:\/\/vivancoculturadevino.es\/blog\/wp-content\/uploads\/2026\/01\/Logo-blanco.svg","width":134,"height":43,"caption":"Vivanco"},"image":{"@id":"https:\/\/vivancoculturadevino.es\/blog\/#\/schema\/logo\/image\/"}},{"@type":"Person","@id":"https:\/\/vivancoculturadevino.es\/blog\/#\/schema\/person\/8b9b698cff084699559378a8ebe12b8d","name":"Javier Sanz","image":{"@type":"ImageObject","inLanguage":"es","@id":"https:\/\/vivancoculturadevino.es\/blog\/#\/schema\/person\/image\/","url":"https:\/\/secure.gravatar.com\/avatar\/a50fceb249b4111443d60ecf2777e8ac4b31d342734cfd7b97b36a8a32dbf3f8?s=96&d=mm&r=g","contentUrl":"https:\/\/secure.gravatar.com\/avatar\/a50fceb249b4111443d60ecf2777e8ac4b31d342734cfd7b97b36a8a32dbf3f8?s=96&d=mm&r=g","caption":"Javier Sanz"},"description":"Contador de historias a trav\u00e9s del blog, libros, colaboraciones en prensa y radio con la \u00fanica pretensi\u00f3n de acercar la historia de forma amena y entretenida a los que la dejaron de lado. Director de la revista digital e interactiva \"iHstoria\". Colaboraciones en el peri\u00f3dico Diario de Teruel, revista Iberia Vieja y revista Cl\u00edo. Colaboraciones en radio en La Rosa de los Vientos (Onda Cero), Gente Despierta (RNE) y La Noche es Nuestra (EuropaFM).","sameAs":["http:\/\/historiasdelahistoria.com\/","https:\/\/www.facebook.com\/HistoriasdelaHistoria","https:\/\/x.com\/https:\/\/twitter.com\/jsanz"],"url":"https:\/\/vivancoculturadevino.es\/blog\/author\/javier-sanz\/"}]}},"_links":{"self":[{"href":"https:\/\/vivancoculturadevino.es\/blog\/wp-json\/wp\/v2\/posts\/3068","targetHints":{"allow":["GET"]}}],"collection":[{"href":"https:\/\/vivancoculturadevino.es\/blog\/wp-json\/wp\/v2\/posts"}],"about":[{"href":"https:\/\/vivancoculturadevino.es\/blog\/wp-json\/wp\/v2\/types\/post"}],"author":[{"embeddable":true,"href":"https:\/\/vivancoculturadevino.es\/blog\/wp-json\/wp\/v2\/users\/8"}],"replies":[{"embeddable":true,"href":"https:\/\/vivancoculturadevino.es\/blog\/wp-json\/wp\/v2\/comments?post=3068"}],"version-history":[{"count":3,"href":"https:\/\/vivancoculturadevino.es\/blog\/wp-json\/wp\/v2\/posts\/3068\/revisions"}],"predecessor-version":[{"id":3074,"href":"https:\/\/vivancoculturadevino.es\/blog\/wp-json\/wp\/v2\/posts\/3068\/revisions\/3074"}],"wp:featuredmedia":[{"embeddable":true,"href":"https:\/\/vivancoculturadevino.es\/blog\/wp-json\/wp\/v2\/media\/3070"}],"wp:attachment":[{"href":"https:\/\/vivancoculturadevino.es\/blog\/wp-json\/wp\/v2\/media?parent=3068"}],"wp:term":[{"taxonomy":"category","embeddable":true,"href":"https:\/\/vivancoculturadevino.es\/blog\/wp-json\/wp\/v2\/categories?post=3068"},{"taxonomy":"post_tag","embeddable":true,"href":"https:\/\/vivancoculturadevino.es\/blog\/wp-json\/wp\/v2\/tags?post=3068"}],"curies":[{"name":"wp","href":"https:\/\/api.w.org\/{rel}","templated":true}]}}