{"id":3058,"date":"2017-05-17T08:00:30","date_gmt":"2017-05-17T07:00:30","guid":{"rendered":"https:\/\/vivancoculturadevino.es\/blog\/?p=3058"},"modified":"2017-05-16T17:55:52","modified_gmt":"2017-05-16T16:55:52","slug":"mejores-miradores-balcones-para-ver-la-rioja-360","status":"publish","type":"post","link":"https:\/\/vivancoculturadevino.es\/blog\/2017\/05\/17\/mejores-miradores-balcones-para-ver-la-rioja-360\/","title":{"rendered":"Los mejores miradores y balcones para ver La Rioja en 360\u00b0"},"content":{"rendered":"<p>La Rioja nos ofrece tantas posibilidades para disfrutarla, que una de ellas pasa por asomarnos a los distintos <strong>miradores que se encuentran repartidos por toda la comunidad<\/strong>. Rincones, y balcones exquisitos que nos van a mostrar en su m\u00e1ximo esplendor el paraje riojano que elijamos.<\/p>\n<p>En el siguiente post te presentamos algunos de esos miradores para que puedas <strong>contemplar la grandeza de La Rioja como no lo hab\u00edas hecho antes<\/strong>, para mirarla y observarla detenidamente de un modo diferente.<\/p>\n<h2><strong>Balcones y miradores con las mejores vistas de La Rioja<\/strong><\/h2>\n<p>Un <em>\u2018mirador\u2019<\/em> es un lugar, normalmente situado en un punto elevado, desde el cual puede contemplarse con facilidad un paisaje urbano o natural.<\/p>\n<p>En La Rioja podemos encontrar muchos de estos <strong>miradores, balcones, lugares estrat\u00e9gicos <\/strong>que nos regalan vistas espectaculares y que ya fueron ocupados por los primeros pobladores del valle del Ebro, conserv\u00e1ndose para que podamos disfrutarlos y conocer mejor esta tierra. A continuaci\u00f3n, haremos un recorrido por los miradores recomendados de La Rioja:<\/p>\n<ul>\n<li><strong>Mirador de Villaverde<\/strong><\/li>\n<\/ul>\n<p style=\"padding-left: 30px;\">Ubicado en pleno valle del Najerilla a tan solo 49 km de Logro\u00f1o, se accede desde una carretera secundaria direcci\u00f3n a San Mill\u00e1n de la Cogolla. Este mirador ofrece posiblemente una de las mejores vistas de La Rioja.<\/p>\n<p>&nbsp;<\/p>\n<ul>\n<li><strong>Mirador del Ca\u00f1\u00f3n del R\u00edo Leza<\/strong><\/li>\n<\/ul>\n<p style=\"padding-left: 30px;\">\u00a0Este mirador tambi\u00e9n se conoce como <em>Mirador del Torrej\u00f3n<\/em> y est\u00e1 ubicado en un saliente natural, en una de las paredes del propio ca\u00f1\u00f3n y perfectamente acondicionado para contemplar el espect\u00e1culo que ofrece, incluyendo la fauna y flora del lugar.<\/p>\n<p style=\"padding-left: 30px;\">Se puede acceder a \u00e9l por carretera (LR-250) procedente de Logro\u00f1o y que discurre a lo largo del valle del r\u00edo Leza, situado entre las localidades de R\u00edo Leza y Soto en Cameros. Tambi\u00e9n podemos aprovechar la visita para conocer el pueblo de Soto o el pintoresco pueblo de Trevijano, entre otros lugares.<\/p>\n<p>&nbsp;<\/p>\n<ul>\n<li><strong>Mirador del Castillo de Enciso<\/strong><\/li>\n<\/ul>\n<p style=\"padding-left: 30px;\">\u00a0Desde aqu\u00ed podr\u00e1s admirar el paisaje que ofrece el valle del Cidacos y hacer turismo por la <a href=\"https:\/\/vivancoculturadevino.es\/blog\/2017\/03\/16\/turismo-reserva-biosfera-la-rioja\/\" target=\"_blank\">Reserva de la Biosfera de La Rioja<\/a>\u00a0pudiendo realizar m\u00faltiples actividades y visitar lugares apasionantes.<\/p>\n<p style=\"padding-left: 30px;\"><a href=\"https:\/\/vivancoculturadevino.es\/blog\/wp-content\/uploads\/2017\/05\/mirador-castillo-enciso.jpg\"><img fetchpriority=\"high\" decoding=\"async\" width=\"800\" height=\"533\" class=\" size-full wp-image-3059 aligncenter\" src=\"https:\/\/vivancoculturadevino.es\/blog\/wp-content\/uploads\/2017\/05\/mirador-castillo-enciso.jpg\" alt=\"mirador castillo enciso\" srcset=\"https:\/\/vivancoculturadevino.es\/blog\/wp-content\/uploads\/2017\/05\/mirador-castillo-enciso.jpg 800w, https:\/\/vivancoculturadevino.es\/blog\/wp-content\/uploads\/2017\/05\/mirador-castillo-enciso-300x200.jpg 300w\" sizes=\"(max-width: 800px) 100vw, 800px\" \/><\/a><\/p>\n<p style=\"text-align: center;\">Mirador del Castillo de Enciso. Foto: <a href=\"http:\/\/www.reservadelabiosfera.com\/sites\/default\/files\/recursos\/antes7.jpg\" target=\"blank\" rel=\"nofollow\">Reserva de la Biosfera<\/a><\/p>\n<ul>\n<li><strong>Mirador del Castillo de Arnedo<\/strong><\/li>\n<\/ul>\n<p style=\"padding-left: 30px;\">Desde esta antigua fortaleza musulmana, construida estrat\u00e9gicamente para controlar la zona, puede divisarse una de las vistas m\u00e1s privilegiadas de la localidad y de todo el valle del r\u00edo Cidacos, as\u00ed como de otras localidades vecinas.<\/p>\n<p style=\"padding-left: 30px;\"><a href=\"https:\/\/vivancoculturadevino.es\/blog\/wp-content\/uploads\/2017\/05\/castillo-arnedo-noche.jpg\"><img decoding=\"async\" width=\"660\" height=\"440\" class=\" size-full wp-image-3060 aligncenter\" src=\"https:\/\/vivancoculturadevino.es\/blog\/wp-content\/uploads\/2017\/05\/castillo-arnedo-noche.jpg\" alt=\"castillo arnedo noche\" srcset=\"https:\/\/vivancoculturadevino.es\/blog\/wp-content\/uploads\/2017\/05\/castillo-arnedo-noche.jpg 660w, https:\/\/vivancoculturadevino.es\/blog\/wp-content\/uploads\/2017\/05\/castillo-arnedo-noche-300x200.jpg 300w\" sizes=\"(max-width: 660px) 100vw, 660px\" \/><\/a><\/p>\n<p style=\"text-align: center;\">Arnedo, coronado por su castillo \u00e1rabe. Autor: La Rioja Turismo<\/p>\n<ul>\n<li><strong>Mirador del Buitre (Arnedillo)<\/strong><\/li>\n<\/ul>\n<p style=\"padding-left: 30px;\">Es un centro de <strong>interpretaci\u00f3n y observaci\u00f3n del buitre leonado \u00fanico en Europa<\/strong>. Los visitantes que acudan al centro van a poder observar en directo al buitre leonado y sus pollos. Sin duda un espacio singular, una visita diferente para disfrutar de la naturaleza en estado puro.<\/p>\n<p>&nbsp;<\/p>\n<ul>\n<li><strong>Mirador de las cig\u00fce\u00f1as (Alfaro)<\/strong><\/li>\n<\/ul>\n<p style=\"text-align: left; padding-left: 30px;\">Este mirador construido sobre la Colegiata de San Miguel en Alfaro, sin duda es una visita original, pensada sobre todo para los m\u00e1s peque\u00f1os y enfocada tambi\u00e9n para un turismo m\u00e1s familiar. Adem\u00e1s, es <strong>una oportunidad para poder ver la mayor colonia de cig\u00fce\u00f1a blanca conocida en el mundo y desde aqu\u00ed las vistas de Alfaro y sus alrededores resultan realmente impresionantes<\/strong>. Si quieres tener otra buena panor\u00e1mica de Alfaro y de la Reserva Natural de los Sotos del Ebro, puedes hacerlo accediendo al conocido como <strong>Mirador de la Cruz.<\/strong><\/p>\n<p style=\"text-align: left; padding-left: 30px;\"><a href=\"https:\/\/vivancoculturadevino.es\/blog\/wp-content\/uploads\/2017\/05\/ciguena-nidos-alfaro.jpg\"><img decoding=\"async\" class=\"aligncenter wp-image-3061\" src=\"https:\/\/vivancoculturadevino.es\/blog\/wp-content\/uploads\/2017\/05\/ciguena-nidos-alfaro-1024x683.jpg\" alt=\"ciguena nidos alfaro\" width=\"800\" height=\"533\" srcset=\"https:\/\/vivancoculturadevino.es\/blog\/wp-content\/uploads\/2017\/05\/ciguena-nidos-alfaro-1024x683.jpg 1024w, https:\/\/vivancoculturadevino.es\/blog\/wp-content\/uploads\/2017\/05\/ciguena-nidos-alfaro-300x200.jpg 300w, https:\/\/vivancoculturadevino.es\/blog\/wp-content\/uploads\/2017\/05\/ciguena-nidos-alfaro.jpg 2048w\" sizes=\"(max-width: 800px) 100vw, 800px\" \/><\/a><\/p>\n<p style=\"text-align: center;\">Foto: <a href=\"https:\/\/www.flickr.com\/photos\/rafagarcia_\/\" target=\"blank\">Rafa Garc\u00eda<\/a><\/p>\n<ul>\n<li><strong>Mirador Puerta de Cameros (Islallana)<\/strong><\/li>\n<\/ul>\n<p style=\"padding-left: 30px;\">Situado en lo alto de Islallana y a los pies de lo que se conoce como \u201cPuerta de Cameros\u201d que da acceso a la sierra de ese mismo nombre, se ha convertido en un reciente <strong>reclamo y atractivo tur\u00edstico por ofrecer unas privilegiadas vistas del entorno de las Pe\u00f1as y del Valle del Iregua.<\/strong><\/p>\n<p>&nbsp;<\/p>\n<ul>\n<li><strong>Mirador del Castillo de San Vicente de la Sonsierra<\/strong><\/li>\n<\/ul>\n<p style=\"padding-left: 30px;\">\u00a0La vista desde este enclave es una de las m\u00e1s hermosas de La Rioja ya que desde aqu\u00ed se pueden divisar las cumbres de la <strong>Sierra de Cantabria<\/strong> (al Norte) y las de la <strong>Sierra de la Demanda<\/strong> (al Sur). Este mirador del Ebro ofrece paisajes variados que nos dan otra muestra de la riqueza natural de esta regi\u00f3n (vi\u00f1edos, bosques de pino y carrasco, riberas del Ebro) etc.<\/p>\n<p style=\"padding-left: 30px;\"><a href=\"https:\/\/vivancoculturadevino.es\/blog\/wp-content\/uploads\/2017\/05\/san-vicente-sonsierra.jpg\"><img loading=\"lazy\" decoding=\"async\" class=\"aligncenter wp-image-3062\" src=\"https:\/\/vivancoculturadevino.es\/blog\/wp-content\/uploads\/2017\/05\/san-vicente-sonsierra-1024x768.jpg\" alt=\"san vicente sonsierra\" width=\"800\" height=\"600\" srcset=\"https:\/\/vivancoculturadevino.es\/blog\/wp-content\/uploads\/2017\/05\/san-vicente-sonsierra.jpg 1024w, https:\/\/vivancoculturadevino.es\/blog\/wp-content\/uploads\/2017\/05\/san-vicente-sonsierra-300x225.jpg 300w\" sizes=\"(max-width: 800px) 100vw, 800px\" \/><\/a><\/p>\n<p style=\"text-align: center;\">Castillo de San Vicente de la Sonsierra. Foto: <a href=\"https:\/\/upload.wikimedia.org\/wikipedia\/commons\/4\/4d\/San_Vicente_de_la_Sonsierra.JPG\" target=\"blank\" rel=\"nofollow\">Lohen11<\/a><\/p>\n<ul>\n<li><strong>Mirador de la Ermita de San Felices de Bilibio (Haro)<\/strong><\/li>\n<\/ul>\n<p style=\"text-align: left; padding-left: 30px;\">Recientemente habl\u00e1bamos de <a href=\"https:\/\/vivancoculturadevino.es\/blog\/2017\/04\/24\/ermita-san-felices-bilibio-lugar-unico\/\" target=\"_blank\">este espacio \u00fanico e irrepetible situado a 6km de la localidad de Haro<\/a>\u00a0visita obligada si vienes a La Rioja y que fue declarado como \u201cMejor rinc\u00f3n de Espa\u00f1a en 2014\u201d por la Gu\u00eda Repsol.<\/p>\n<p style=\"padding-left: 30px;\">Desde lo alto de los riscos de Bilibio donde se encuentra esta ermita y donde se erige la figura de San Felices, podr\u00e1s disfrutar de una <strong>sensacional panor\u00e1mica de los vi\u00f1edos de esta zona de la Rioja Alta y del r\u00edo Ebro a su entrada en la comunidad<\/strong>. Adem\u00e1s si aprovechas para visitar la localidad de Haro ,dentro de poco, exactamente el 29 de junio podr\u00e1s vivir en primera persona la conocida fiesta de <em>\u201cLa Batalla del Vino\u201d<\/em> declarada fiesta de inter\u00e9s tur\u00edstico nacional.<\/p>\n<ul>\n<li><strong>Mirador de Briones<\/strong><\/li>\n<\/ul>\n<p style=\"padding-left: 30px;\">Briones, conocido sobre todos por sus vinos y su precioso conjunto hist\u00f3rico, \u201cesconde\u201d incre\u00edbles miradores que nos muestran algunos de los paisajes m\u00e1s bonitos de La Rioja, como la Sierra de la Demanda (al Sur), la sierra de Cantabria, con Pe\u00f1acerrada y el Tolo\u00f1o (al Norte) y siempre presente el Ebro, ense\u00f1\u00e1ndonos unos preciosos meandros a su paso por esta localidad. Y por supuesto, si vienes a Briones,<strong><a href=\"https:\/\/vivancoculturadevino.es\/es\/reservas\/\" target=\"_blank\"> Vivanco junto con su Bodega y su Museo de la Cultura del Vino<\/a>\u00a0<\/strong><strong>son una visita ineludible.<\/strong><\/p>\n<p style=\"padding-left: 30px;\"><a href=\"https:\/\/vivancoculturadevino.es\/blog\/wp-content\/uploads\/2017\/05\/briones.jpg\"><img loading=\"lazy\" decoding=\"async\" class=\"aligncenter wp-image-3063\" src=\"https:\/\/vivancoculturadevino.es\/blog\/wp-content\/uploads\/2017\/05\/briones-1024x590.jpg\" alt=\"briones\" width=\"800\" height=\"461\" srcset=\"https:\/\/vivancoculturadevino.es\/blog\/wp-content\/uploads\/2017\/05\/briones-1024x590.jpg 1024w, https:\/\/vivancoculturadevino.es\/blog\/wp-content\/uploads\/2017\/05\/briones-300x173.jpg 300w, https:\/\/vivancoculturadevino.es\/blog\/wp-content\/uploads\/2017\/05\/briones-290x166.jpg 290w, https:\/\/vivancoculturadevino.es\/blog\/wp-content\/uploads\/2017\/05\/briones.jpg 2000w\" sizes=\"(max-width: 800px) 100vw, 800px\" \/><\/a><\/p>\n<p style=\"padding-left: 30px;\">Estos miradores son los que hemos seleccionado, pero hay muchos m\u00e1s para descubrir La Rioja desde otro punto de vista, desde otros lugares, desde esos enclaves \u201celegidos\u201d para nuestro disfrute, para conocer y entender La Rioja desde nuestros propios ojos, desde nuestra propia mirada.<\/p>\n<p style=\"padding-left: 30px;\"><em>\u00bfTe asomas?<\/em><\/p>\n","protected":false},"excerpt":{"rendered":"<p>\u00bfCu\u00e1les son los mejores paisajes de La Rioja? Descubre todos ellos a trav\u00e9s de nuestra recomendaci\u00f3n acerca de los mejores miradores de esta comunidad. <\/p>\n","protected":false},"author":1,"featured_media":3064,"comment_status":"open","ping_status":"open","sticky":false,"template":"","format":"standard","meta":{"footnotes":"","_elementor_edit_mode":"","_elementor_template_type":"","_elementor_data":"","_elementor_page_settings":null,"_elementor_conditions":[]},"categories":[6],"tags":[37,409],"class_list":["post-3058","post","type-post","status-publish","format-standard","has-post-thumbnail","hentry","category-experiencias","tag-la-rioja","tag-miradores"],"yoast_head":"<!-- This site is optimized with the Yoast SEO plugin v26.8 - https:\/\/yoast.com\/product\/yoast-seo-wordpress\/ -->\n<title>Los mejores miradores y balcones para ver La Rioja en 360\u00b0 | Vivanco<\/title>\n<meta name=\"description\" content=\"\u00bfCu\u00e1les son los mejores paisajes de La Rioja? Descubre todos ellos a trav\u00e9s de nuestra recomendaci\u00f3n acerca de los mejores miradores de esta comunidad.\" \/>\n<meta name=\"robots\" content=\"index, follow, max-snippet:-1, max-image-preview:large, max-video-preview:-1\" \/>\n<link rel=\"canonical\" href=\"https:\/\/vivancoculturadevino.es\/blog\/2017\/05\/17\/mejores-miradores-balcones-para-ver-la-rioja-360\/\" \/>\n<meta property=\"og:locale\" content=\"es_ES\" \/>\n<meta property=\"og:type\" content=\"article\" \/>\n<meta property=\"og:title\" content=\"Los mejores miradores y balcones para ver La Rioja en 360\u00b0 | Vivanco\" \/>\n<meta property=\"og:description\" content=\"\u00bfCu\u00e1les son los mejores paisajes de La Rioja? Descubre todos ellos a trav\u00e9s de nuestra recomendaci\u00f3n acerca de los mejores miradores de esta comunidad.\" \/>\n<meta property=\"og:url\" content=\"https:\/\/vivancoculturadevino.es\/blog\/2017\/05\/17\/mejores-miradores-balcones-para-ver-la-rioja-360\/\" \/>\n<meta property=\"og:site_name\" content=\"Vivanco\" \/>\n<meta property=\"article:author\" content=\"https:\/\/www.facebook.com\/vivancoculturadevino\" \/>\n<meta property=\"article:published_time\" content=\"2017-05-17T07:00:30+00:00\" \/>\n<meta property=\"og:image\" content=\"https:\/\/vivancoculturadevino.es\/blog\/wp-content\/uploads\/2017\/05\/persona-mirador-paisaje.jpg\" \/>\n\t<meta property=\"og:image:width\" content=\"1280\" \/>\n\t<meta property=\"og:image:height\" content=\"853\" \/>\n\t<meta property=\"og:image:type\" content=\"image\/jpeg\" \/>\n<meta name=\"author\" content=\"Vivanco\" \/>\n<meta name=\"twitter:card\" content=\"summary_large_image\" \/>\n<meta name=\"twitter:creator\" content=\"@https:\/\/twitter.com\/Vivanco_es\" \/>\n<meta name=\"twitter:label1\" content=\"Escrito por\" \/>\n\t<meta name=\"twitter:data1\" content=\"Vivanco\" \/>\n\t<meta name=\"twitter:label2\" content=\"Tiempo de lectura\" \/>\n\t<meta name=\"twitter:data2\" content=\"5 minutos\" \/>\n<script type=\"application\/ld+json\" class=\"yoast-schema-graph\">{\"@context\":\"https:\/\/schema.org\",\"@graph\":[{\"@type\":\"Article\",\"@id\":\"https:\/\/vivancoculturadevino.es\/blog\/2017\/05\/17\/mejores-miradores-balcones-para-ver-la-rioja-360\/#article\",\"isPartOf\":{\"@id\":\"https:\/\/vivancoculturadevino.es\/blog\/2017\/05\/17\/mejores-miradores-balcones-para-ver-la-rioja-360\/\"},\"author\":{\"name\":\"Vivanco\",\"@id\":\"https:\/\/vivancoculturadevino.es\/blog\/#\/schema\/person\/745931ee54ccbb839d8df0cceb02db4c\"},\"headline\":\"Los mejores miradores y balcones para ver La Rioja en 360\u00b0\",\"datePublished\":\"2017-05-17T07:00:30+00:00\",\"mainEntityOfPage\":{\"@id\":\"https:\/\/vivancoculturadevino.es\/blog\/2017\/05\/17\/mejores-miradores-balcones-para-ver-la-rioja-360\/\"},\"wordCount\":1034,\"commentCount\":0,\"publisher\":{\"@id\":\"https:\/\/vivancoculturadevino.es\/blog\/#organization\"},\"image\":{\"@id\":\"https:\/\/vivancoculturadevino.es\/blog\/2017\/05\/17\/mejores-miradores-balcones-para-ver-la-rioja-360\/#primaryimage\"},\"thumbnailUrl\":\"https:\/\/vivancoculturadevino.es\/blog\/wp-content\/uploads\/2017\/05\/persona-mirador-paisaje.jpg\",\"keywords\":[\"La Rioja\",\"Miradores\"],\"articleSection\":[\"Compartiendo\"],\"inLanguage\":\"es\",\"potentialAction\":[{\"@type\":\"CommentAction\",\"name\":\"Comment\",\"target\":[\"https:\/\/vivancoculturadevino.es\/blog\/2017\/05\/17\/mejores-miradores-balcones-para-ver-la-rioja-360\/#respond\"]}]},{\"@type\":\"WebPage\",\"@id\":\"https:\/\/vivancoculturadevino.es\/blog\/2017\/05\/17\/mejores-miradores-balcones-para-ver-la-rioja-360\/\",\"url\":\"https:\/\/vivancoculturadevino.es\/blog\/2017\/05\/17\/mejores-miradores-balcones-para-ver-la-rioja-360\/\",\"name\":\"Los mejores miradores y balcones para ver La Rioja en 360\u00b0 | Vivanco\",\"isPartOf\":{\"@id\":\"https:\/\/vivancoculturadevino.es\/blog\/#website\"},\"primaryImageOfPage\":{\"@id\":\"https:\/\/vivancoculturadevino.es\/blog\/2017\/05\/17\/mejores-miradores-balcones-para-ver-la-rioja-360\/#primaryimage\"},\"image\":{\"@id\":\"https:\/\/vivancoculturadevino.es\/blog\/2017\/05\/17\/mejores-miradores-balcones-para-ver-la-rioja-360\/#primaryimage\"},\"thumbnailUrl\":\"https:\/\/vivancoculturadevino.es\/blog\/wp-content\/uploads\/2017\/05\/persona-mirador-paisaje.jpg\",\"datePublished\":\"2017-05-17T07:00:30+00:00\",\"description\":\"\u00bfCu\u00e1les son los mejores paisajes de La Rioja? Descubre todos ellos a trav\u00e9s de nuestra recomendaci\u00f3n acerca de los mejores miradores de esta comunidad.\",\"breadcrumb\":{\"@id\":\"https:\/\/vivancoculturadevino.es\/blog\/2017\/05\/17\/mejores-miradores-balcones-para-ver-la-rioja-360\/#breadcrumb\"},\"inLanguage\":\"es\",\"potentialAction\":[{\"@type\":\"ReadAction\",\"target\":[\"https:\/\/vivancoculturadevino.es\/blog\/2017\/05\/17\/mejores-miradores-balcones-para-ver-la-rioja-360\/\"]}]},{\"@type\":\"ImageObject\",\"inLanguage\":\"es\",\"@id\":\"https:\/\/vivancoculturadevino.es\/blog\/2017\/05\/17\/mejores-miradores-balcones-para-ver-la-rioja-360\/#primaryimage\",\"url\":\"https:\/\/vivancoculturadevino.es\/blog\/wp-content\/uploads\/2017\/05\/persona-mirador-paisaje.jpg\",\"contentUrl\":\"https:\/\/vivancoculturadevino.es\/blog\/wp-content\/uploads\/2017\/05\/persona-mirador-paisaje.jpg\",\"width\":1280,\"height\":853},{\"@type\":\"BreadcrumbList\",\"@id\":\"https:\/\/vivancoculturadevino.es\/blog\/2017\/05\/17\/mejores-miradores-balcones-para-ver-la-rioja-360\/#breadcrumb\",\"itemListElement\":[{\"@type\":\"ListItem\",\"position\":1,\"name\":\"Portada\",\"item\":\"https:\/\/vivancoculturadevino.es\/blog\/\"},{\"@type\":\"ListItem\",\"position\":2,\"name\":\"Los mejores miradores y balcones para ver La Rioja en 360\u00b0\"}]},{\"@type\":\"WebSite\",\"@id\":\"https:\/\/vivancoculturadevino.es\/blog\/#website\",\"url\":\"https:\/\/vivancoculturadevino.es\/blog\/\",\"name\":\"Vivanco\",\"description\":\"Una familia y una pasi\u00f3n: Compartir la cultura del vino\",\"publisher\":{\"@id\":\"https:\/\/vivancoculturadevino.es\/blog\/#organization\"},\"potentialAction\":[{\"@type\":\"SearchAction\",\"target\":{\"@type\":\"EntryPoint\",\"urlTemplate\":\"https:\/\/vivancoculturadevino.es\/blog\/?s={search_term_string}\"},\"query-input\":{\"@type\":\"PropertyValueSpecification\",\"valueRequired\":true,\"valueName\":\"search_term_string\"}}],\"inLanguage\":\"es\"},{\"@type\":\"Organization\",\"@id\":\"https:\/\/vivancoculturadevino.es\/blog\/#organization\",\"name\":\"Vivanco\",\"url\":\"https:\/\/vivancoculturadevino.es\/blog\/\",\"logo\":{\"@type\":\"ImageObject\",\"inLanguage\":\"es\",\"@id\":\"https:\/\/vivancoculturadevino.es\/blog\/#\/schema\/logo\/image\/\",\"url\":\"https:\/\/vivancoculturadevino.es\/blog\/wp-content\/uploads\/2026\/01\/Logo-blanco.svg\",\"contentUrl\":\"https:\/\/vivancoculturadevino.es\/blog\/wp-content\/uploads\/2026\/01\/Logo-blanco.svg\",\"width\":134,\"height\":43,\"caption\":\"Vivanco\"},\"image\":{\"@id\":\"https:\/\/vivancoculturadevino.es\/blog\/#\/schema\/logo\/image\/\"}},{\"@type\":\"Person\",\"@id\":\"https:\/\/vivancoculturadevino.es\/blog\/#\/schema\/person\/745931ee54ccbb839d8df0cceb02db4c\",\"name\":\"Vivanco\",\"image\":{\"@type\":\"ImageObject\",\"inLanguage\":\"es\",\"@id\":\"https:\/\/vivancoculturadevino.es\/blog\/#\/schema\/person\/image\/\",\"url\":\"https:\/\/secure.gravatar.com\/avatar\/61b66c59d132db2f7ad4dfd1cc89bbd508b4d5888ab39ddba99f2aca247b7fb3?s=96&d=mm&r=g\",\"contentUrl\":\"https:\/\/secure.gravatar.com\/avatar\/61b66c59d132db2f7ad4dfd1cc89bbd508b4d5888ab39ddba99f2aca247b7fb3?s=96&d=mm&r=g\",\"caption\":\"Vivanco\"},\"description\":\"Bodega, Fundaci\u00f3n, Experiencias. Compartiendo Cultura de Vino\",\"sameAs\":[\"http:\/\/www.vivancoculturadevino.es\",\"https:\/\/www.facebook.com\/vivancoculturadevino\",\"https:\/\/x.com\/https:\/\/twitter.com\/Vivanco_es\",\"https:\/\/www.youtube.com\/channel\/UC8a2nOiF7kAQNPPduAi2Evw\/videos\"],\"url\":\"https:\/\/vivancoculturadevino.es\/blog\/author\/administrator\/\"}]}<\/script>\n<!-- \/ Yoast SEO plugin. -->","yoast_head_json":{"title":"Los mejores miradores y balcones para ver La Rioja en 360\u00b0 | Vivanco","description":"\u00bfCu\u00e1les son los mejores paisajes de La Rioja? Descubre todos ellos a trav\u00e9s de nuestra recomendaci\u00f3n acerca de los mejores miradores de esta comunidad.","robots":{"index":"index","follow":"follow","max-snippet":"max-snippet:-1","max-image-preview":"max-image-preview:large","max-video-preview":"max-video-preview:-1"},"canonical":"https:\/\/vivancoculturadevino.es\/blog\/2017\/05\/17\/mejores-miradores-balcones-para-ver-la-rioja-360\/","og_locale":"es_ES","og_type":"article","og_title":"Los mejores miradores y balcones para ver La Rioja en 360\u00b0 | Vivanco","og_description":"\u00bfCu\u00e1les son los mejores paisajes de La Rioja? Descubre todos ellos a trav\u00e9s de nuestra recomendaci\u00f3n acerca de los mejores miradores de esta comunidad.","og_url":"https:\/\/vivancoculturadevino.es\/blog\/2017\/05\/17\/mejores-miradores-balcones-para-ver-la-rioja-360\/","og_site_name":"Vivanco","article_author":"https:\/\/www.facebook.com\/vivancoculturadevino","article_published_time":"2017-05-17T07:00:30+00:00","og_image":[{"width":1280,"height":853,"url":"https:\/\/vivancoculturadevino.es\/blog\/wp-content\/uploads\/2017\/05\/persona-mirador-paisaje.jpg","type":"image\/jpeg"}],"author":"Vivanco","twitter_card":"summary_large_image","twitter_creator":"@https:\/\/twitter.com\/Vivanco_es","twitter_misc":{"Escrito por":"Vivanco","Tiempo de lectura":"5 minutos"},"schema":{"@context":"https:\/\/schema.org","@graph":[{"@type":"Article","@id":"https:\/\/vivancoculturadevino.es\/blog\/2017\/05\/17\/mejores-miradores-balcones-para-ver-la-rioja-360\/#article","isPartOf":{"@id":"https:\/\/vivancoculturadevino.es\/blog\/2017\/05\/17\/mejores-miradores-balcones-para-ver-la-rioja-360\/"},"author":{"name":"Vivanco","@id":"https:\/\/vivancoculturadevino.es\/blog\/#\/schema\/person\/745931ee54ccbb839d8df0cceb02db4c"},"headline":"Los mejores miradores y balcones para ver La Rioja en 360\u00b0","datePublished":"2017-05-17T07:00:30+00:00","mainEntityOfPage":{"@id":"https:\/\/vivancoculturadevino.es\/blog\/2017\/05\/17\/mejores-miradores-balcones-para-ver-la-rioja-360\/"},"wordCount":1034,"commentCount":0,"publisher":{"@id":"https:\/\/vivancoculturadevino.es\/blog\/#organization"},"image":{"@id":"https:\/\/vivancoculturadevino.es\/blog\/2017\/05\/17\/mejores-miradores-balcones-para-ver-la-rioja-360\/#primaryimage"},"thumbnailUrl":"https:\/\/vivancoculturadevino.es\/blog\/wp-content\/uploads\/2017\/05\/persona-mirador-paisaje.jpg","keywords":["La Rioja","Miradores"],"articleSection":["Compartiendo"],"inLanguage":"es","potentialAction":[{"@type":"CommentAction","name":"Comment","target":["https:\/\/vivancoculturadevino.es\/blog\/2017\/05\/17\/mejores-miradores-balcones-para-ver-la-rioja-360\/#respond"]}]},{"@type":"WebPage","@id":"https:\/\/vivancoculturadevino.es\/blog\/2017\/05\/17\/mejores-miradores-balcones-para-ver-la-rioja-360\/","url":"https:\/\/vivancoculturadevino.es\/blog\/2017\/05\/17\/mejores-miradores-balcones-para-ver-la-rioja-360\/","name":"Los mejores miradores y balcones para ver La Rioja en 360\u00b0 | Vivanco","isPartOf":{"@id":"https:\/\/vivancoculturadevino.es\/blog\/#website"},"primaryImageOfPage":{"@id":"https:\/\/vivancoculturadevino.es\/blog\/2017\/05\/17\/mejores-miradores-balcones-para-ver-la-rioja-360\/#primaryimage"},"image":{"@id":"https:\/\/vivancoculturadevino.es\/blog\/2017\/05\/17\/mejores-miradores-balcones-para-ver-la-rioja-360\/#primaryimage"},"thumbnailUrl":"https:\/\/vivancoculturadevino.es\/blog\/wp-content\/uploads\/2017\/05\/persona-mirador-paisaje.jpg","datePublished":"2017-05-17T07:00:30+00:00","description":"\u00bfCu\u00e1les son los mejores paisajes de La Rioja? Descubre todos ellos a trav\u00e9s de nuestra recomendaci\u00f3n acerca de los mejores miradores de esta comunidad.","breadcrumb":{"@id":"https:\/\/vivancoculturadevino.es\/blog\/2017\/05\/17\/mejores-miradores-balcones-para-ver-la-rioja-360\/#breadcrumb"},"inLanguage":"es","potentialAction":[{"@type":"ReadAction","target":["https:\/\/vivancoculturadevino.es\/blog\/2017\/05\/17\/mejores-miradores-balcones-para-ver-la-rioja-360\/"]}]},{"@type":"ImageObject","inLanguage":"es","@id":"https:\/\/vivancoculturadevino.es\/blog\/2017\/05\/17\/mejores-miradores-balcones-para-ver-la-rioja-360\/#primaryimage","url":"https:\/\/vivancoculturadevino.es\/blog\/wp-content\/uploads\/2017\/05\/persona-mirador-paisaje.jpg","contentUrl":"https:\/\/vivancoculturadevino.es\/blog\/wp-content\/uploads\/2017\/05\/persona-mirador-paisaje.jpg","width":1280,"height":853},{"@type":"BreadcrumbList","@id":"https:\/\/vivancoculturadevino.es\/blog\/2017\/05\/17\/mejores-miradores-balcones-para-ver-la-rioja-360\/#breadcrumb","itemListElement":[{"@type":"ListItem","position":1,"name":"Portada","item":"https:\/\/vivancoculturadevino.es\/blog\/"},{"@type":"ListItem","position":2,"name":"Los mejores miradores y balcones para ver La Rioja en 360\u00b0"}]},{"@type":"WebSite","@id":"https:\/\/vivancoculturadevino.es\/blog\/#website","url":"https:\/\/vivancoculturadevino.es\/blog\/","name":"Vivanco","description":"Una familia y una pasi\u00f3n: Compartir la cultura del vino","publisher":{"@id":"https:\/\/vivancoculturadevino.es\/blog\/#organization"},"potentialAction":[{"@type":"SearchAction","target":{"@type":"EntryPoint","urlTemplate":"https:\/\/vivancoculturadevino.es\/blog\/?s={search_term_string}"},"query-input":{"@type":"PropertyValueSpecification","valueRequired":true,"valueName":"search_term_string"}}],"inLanguage":"es"},{"@type":"Organization","@id":"https:\/\/vivancoculturadevino.es\/blog\/#organization","name":"Vivanco","url":"https:\/\/vivancoculturadevino.es\/blog\/","logo":{"@type":"ImageObject","inLanguage":"es","@id":"https:\/\/vivancoculturadevino.es\/blog\/#\/schema\/logo\/image\/","url":"https:\/\/vivancoculturadevino.es\/blog\/wp-content\/uploads\/2026\/01\/Logo-blanco.svg","contentUrl":"https:\/\/vivancoculturadevino.es\/blog\/wp-content\/uploads\/2026\/01\/Logo-blanco.svg","width":134,"height":43,"caption":"Vivanco"},"image":{"@id":"https:\/\/vivancoculturadevino.es\/blog\/#\/schema\/logo\/image\/"}},{"@type":"Person","@id":"https:\/\/vivancoculturadevino.es\/blog\/#\/schema\/person\/745931ee54ccbb839d8df0cceb02db4c","name":"Vivanco","image":{"@type":"ImageObject","inLanguage":"es","@id":"https:\/\/vivancoculturadevino.es\/blog\/#\/schema\/person\/image\/","url":"https:\/\/secure.gravatar.com\/avatar\/61b66c59d132db2f7ad4dfd1cc89bbd508b4d5888ab39ddba99f2aca247b7fb3?s=96&d=mm&r=g","contentUrl":"https:\/\/secure.gravatar.com\/avatar\/61b66c59d132db2f7ad4dfd1cc89bbd508b4d5888ab39ddba99f2aca247b7fb3?s=96&d=mm&r=g","caption":"Vivanco"},"description":"Bodega, Fundaci\u00f3n, Experiencias. Compartiendo Cultura de Vino","sameAs":["http:\/\/www.vivancoculturadevino.es","https:\/\/www.facebook.com\/vivancoculturadevino","https:\/\/x.com\/https:\/\/twitter.com\/Vivanco_es","https:\/\/www.youtube.com\/channel\/UC8a2nOiF7kAQNPPduAi2Evw\/videos"],"url":"https:\/\/vivancoculturadevino.es\/blog\/author\/administrator\/"}]}},"_links":{"self":[{"href":"https:\/\/vivancoculturadevino.es\/blog\/wp-json\/wp\/v2\/posts\/3058","targetHints":{"allow":["GET"]}}],"collection":[{"href":"https:\/\/vivancoculturadevino.es\/blog\/wp-json\/wp\/v2\/posts"}],"about":[{"href":"https:\/\/vivancoculturadevino.es\/blog\/wp-json\/wp\/v2\/types\/post"}],"author":[{"embeddable":true,"href":"https:\/\/vivancoculturadevino.es\/blog\/wp-json\/wp\/v2\/users\/1"}],"replies":[{"embeddable":true,"href":"https:\/\/vivancoculturadevino.es\/blog\/wp-json\/wp\/v2\/comments?post=3058"}],"version-history":[{"count":3,"href":"https:\/\/vivancoculturadevino.es\/blog\/wp-json\/wp\/v2\/posts\/3058\/revisions"}],"predecessor-version":[{"id":3067,"href":"https:\/\/vivancoculturadevino.es\/blog\/wp-json\/wp\/v2\/posts\/3058\/revisions\/3067"}],"wp:featuredmedia":[{"embeddable":true,"href":"https:\/\/vivancoculturadevino.es\/blog\/wp-json\/wp\/v2\/media\/3064"}],"wp:attachment":[{"href":"https:\/\/vivancoculturadevino.es\/blog\/wp-json\/wp\/v2\/media?parent=3058"}],"wp:term":[{"taxonomy":"category","embeddable":true,"href":"https:\/\/vivancoculturadevino.es\/blog\/wp-json\/wp\/v2\/categories?post=3058"},{"taxonomy":"post_tag","embeddable":true,"href":"https:\/\/vivancoculturadevino.es\/blog\/wp-json\/wp\/v2\/tags?post=3058"}],"curies":[{"name":"wp","href":"https:\/\/api.w.org\/{rel}","templated":true}]}}