{"id":3035,"date":"2017-05-11T02:00:19","date_gmt":"2017-05-11T01:00:19","guid":{"rendered":"https:\/\/vivancoculturadevino.es\/blog\/?p=3035"},"modified":"2017-08-04T14:02:27","modified_gmt":"2017-08-04T13:02:27","slug":"vida-bebersela-comersela-muerte-me-gustaria-verla-forma-natural-sin-malos-rollos","status":"publish","type":"post","link":"https:\/\/vivancoculturadevino.es\/blog\/2017\/05\/11\/vida-bebersela-comersela-muerte-me-gustaria-verla-forma-natural-sin-malos-rollos\/","title":{"rendered":"\u201cLa vida hay que beb\u00e9rsela y com\u00e9rsela. La muerte me gustar\u00eda verla de una forma m\u00e1s natural, sin malos rollos.\u201d"},"content":{"rendered":"<h2 style=\"margin: 0cm; margin-bottom: .0001pt; text-align: justify;\">Nieves Concostrina, a sorbos<\/h2>\n<p><em>Por Lali Ortega Cer\u00f3n<\/em><\/p>\n<p><strong><a href=\"http:\/\/bit.ly\/ManerasNieves\" target=\"_blank\">El 13 de mayo, en Maneras de Contar la Cultura del Vino<\/a><\/strong><\/p>\n<p>Los programas radiof\u00f3nicos de la periodista y escritora Nieves Concostrina, como el ya difunto Polvo eres de Radio 5; o los a\u00fan coleando El Acabose (No es un d\u00eda cualquiera de RNE) y Acontece, que no es poco (La Ventana de Cadena SER) dan fe de que la realidad supera la ficci\u00f3n, al menos entre el mundo de los vivos, a\u00fan en la \u00f3rbita de la muerte. Y viceversa.<\/p>\n<p>Premio Ondas 2016, Micr\u00f3fono de Oro en 2010; o Premio Villa de Madrid de Periodismo, entre otros, esta madrile\u00f1a que tambi\u00e9n estuvo a las \u00f3rdenes de pesos pesados de la informaci\u00f3n como Jes\u00fas Hermida o Mercedes Mil\u00e1, compagina su doble faceta de comunicadora y escritora con la de redactora jefe de la revista Adi\u00f3s, editada por Funespa\u00f1a. En dicha cabecera, cuyo nombre lo dice todo, Nieves Concostrina comenz\u00f3 un ir\u00f3nico peregrinaje period\u00edstico por la historia, los enigmas resueltos y las curiosidades que laten en la muerte. Y al igual que ocurre con el vino y su cultura, la tem\u00e1tica es sorprendente. Y aunque aparentemente familiar en la forma, desconocida en el fondo.<\/p>\n<p>Profanaciones de dientes de grandes compositores, como le ocurriera a Brahms; la existencia de un cementerio en Okayama, Jap\u00f3n, que durante 400 a\u00f1os aliment\u00f3 las malvas con mil narices amputadas bajo tierra; o los ata\u00fades con alarmas que encontramos en Chile para mitigar el miedo a que nos entierren vivos (tapefobia), son algunas luces que a d\u00eda de hoy nos dejaron aqu\u00e9llos difuntos, y esta vida, tal y como a lo largo de estos a\u00f1os nos ha desvelado Nieves Concostrina.<\/p>\n<p>La m\u00e1xima en periodismo es que \u201clos hechos son sagrados, las opiniones son libres\u201d. Un principio que tambi\u00e9n concierne ante un tema tan personal y metaf\u00edsico como el misterio de la vida y la muerte. Para el que lo considere un enigma, claro, porque en el caso de Nieves Concostrina cuando nos vamos\u2026 nos vamos. \u201cEs como ver un documental de leones en La2: nacen, se desarrollan y mueren. Como los humanos, a pesar de que estemos en la parte de arriba de la pir\u00e1mide de los animales, de los racionales, y tengamos un pensamiento simb\u00f3lico, un raciocinio, una inteligencia determinada. Pero la muerte no es un misterio: morimos y ya est\u00e1. Y luego, vienen otros.\u201d<\/p>\n<p>Como de momento nosotros seguimos por aqu\u00ed, les invitamos a que sigan leyendo y a que saquen sus propias conclusiones.<\/p>\n<p><em><strong>\u201cLa vida hay que beb\u00e9rsela y com\u00e9rsela. La muerte me gustar\u00eda verla de una forma m\u00e1s natural, sin malos rollos.\u201d<\/strong><\/em><\/p>\n<p>&nbsp;<\/p>\n<p><strong>\u00bfCu\u00e1les son tus sentidos m\u00e1s desarrollados en el d\u00eda a d\u00eda?<\/strong><\/p>\n<p>Ummmm&#8230; Ahora que soy m\u00e1s mayor, creo que voy teniendo olfato period\u00edstico para saber lo que en la radio puede interesar. Es tan sencillo como preguntarme lo que me interesa a m\u00ed, porque como no soy nada especial, cuando leo algo divertido o curioso, creo que despertar\u00e1 el mismo inter\u00e9s en los dem\u00e1s. Luego, en la vida, utilizo todos los sentidos, sobre todo el gusto. \u00a1Me encanta comer! Y las ca\u00f1as con los amigos, que son nuestro mejor patrimonio. Los padres se mueren. Los hijos se van (aunque yo no tengo)\u2026 y \u00e9sta es una cuesti\u00f3n que muchos no aceptan. Por eso, cuando todos se marchan, en lugar de lamentarte, hay que estar con los amigos, los que circulan contigo a lo largo de tu vida. Adem\u00e1s, coinciden en gustos contigo.<\/p>\n<p><strong>Tras bucear durante tantos a\u00f1os en este tema un pel\u00edn escabroso, \u00bfc\u00f3mo ves la vida?<\/strong><\/p>\n<p>Creo que la veo como hay que verla: hay que beb\u00e9rsela y com\u00e9rsela, hay que vivirla y disfrutarla. No podemos perder un minuto (aunque todos lo hacemos, pero \u00e9sta es la teor\u00eda) ni con tonter\u00edas, ni con los tontos. La gente t\u00f3xica hay que apartarla y seguir camino. \u00a1Es que esto dura muy poco y soy de las que opinan que despu\u00e9s no hay nada! Si hubiera algo ya lo sabr\u00edamos. Y lo afirmo con la misma contundencia que otros afirm\u00e1is que s\u00ed lo hay.<\/p>\n<p>&nbsp;<\/p>\n<p><strong>Con un buen olfato profesional, es incre\u00edble toda informaci\u00f3n que se extrae de un cad\u00e1ver. \u00a1Igual valemos m\u00e1s muertos que vivos!<\/strong><\/p>\n<p>\u00a1No, no, valemos mucho m\u00e1s vivos! Lo que sucede es que cuando alguien sabe leer, un difunto cuenta muchas cosas. A un profesional de la medicina, a un forense, a un arque\u00f3logo, le cuenta absolutamente todo. Y al resto, tambi\u00e9n. La peripecia mortuoria de Evita Per\u00f3n nos desvela el momento pol\u00edtico convulso de su pa\u00eds. Hablan de la cultura, de los ritos de un pa\u00eds. En uno de tradici\u00f3n cristiana, por ejemplo, el D\u00eda de Difuntos los muertos te desvelan la costumbre de llevar flores, aunque luego se olviden 364 d\u00edas de ellos. Pero al menos durante un d\u00eda, los pobres muertos reciben sus florecicas.<\/p>\n<p>&nbsp;<\/p>\n<p><a href=\"https:\/\/vivancoculturadevino.es\/blog\/wp-content\/uploads\/2017\/05\/nieves-conscotrina-foto-cara.jpg\"><img fetchpriority=\"high\" decoding=\"async\" width=\"770\" height=\"458\" class=\" size-full wp-image-3038 aligncenter\" src=\"https:\/\/vivancoculturadevino.es\/blog\/wp-content\/uploads\/2017\/05\/nieves-conscotrina-foto-cara.jpg\" alt=\"nieves conscotrina foto cara\" srcset=\"https:\/\/vivancoculturadevino.es\/blog\/wp-content\/uploads\/2017\/05\/nieves-conscotrina-foto-cara.jpg 770w, https:\/\/vivancoculturadevino.es\/blog\/wp-content\/uploads\/2017\/05\/nieves-conscotrina-foto-cara-300x178.jpg 300w\" sizes=\"(max-width: 770px) 100vw, 770px\" \/><\/a><\/p>\n<p style=\"text-align: center;\">\u00a0Nieves Concostrina. Foto: <a href=\"http:\/\/cadenaser.com\/\" target=\"_blank\" rel=\"nofollow\">Cadena Ser<\/a><\/p>\n<p><strong>En tu libro <em>Y en polvo te convertir\u00e1s<\/em>, gracias a 153 colaboradores, recopilas im\u00e1genes de miles de epitafios, desde los m\u00e1s hilarantes, hasta los m\u00e1s dulces o ingeniosos: aut\u00e9nticas joyas p\u00f3stumas en las que el difunto tiene la \u00faltima palabra. <em>Mami, llegaremos muy tarde; esp\u00e9ranos despierta<\/em>; <em>Aqu\u00ed yaces, y haces bien. T\u00fa descansas y yo tambi\u00e9n<\/em> o <em>Esto es incre\u00edble<\/em>, son algunas de estas frases para la eternidad. \u00bfSomos creativos los espa\u00f1oles?<\/strong><\/p>\n<p>No somos especialmente ingeniosos, igual que los que puedas encontrar en Francia, Italia o Argentina. Los seres humanos somos igual de parecidos.<\/p>\n<p>&nbsp;<\/p>\n<p><strong>\u00bfHas decido ya el que te acompa\u00f1ar\u00e1?<\/strong><\/p>\n<p>No, no lo he pensado.<\/p>\n<p>&nbsp;<\/p>\n<p><strong>La muerte es una cosa muy seria. \u00bfQu\u00e9 te tomas con humor?<\/strong><\/p>\n<p>Lamento la muerte de las personas decentes, lamento cuando alguien pierde a alguien: con eso pocas bromas. Pero con humor, la vida. Y como estoy viva, soy periodista y hablo de algunas cuestiones que tienen que ver con los muertos (pasado un tiempo), me lo tomo con humor. \u00a1Estar\u00eda bueno que no pudiera!<\/p>\n<p>&nbsp;<\/p>\n<p><strong>Una de las personas que particip\u00f3 en el citado libro recorri\u00f3 el cementerio de Villafranca del Pened\u00e9s, una zona que prosper\u00f3 tras la filoxera que arras\u00f3 los vi\u00f1edos de Francia. Curiosamente, un hecho que qued\u00f3 reflejado en el camposanto.<\/strong><\/p>\n<p>No lo recuerdo, pero cuadra perfectamente. En cualquier cementerio de una gran ciudad, o de un pueblo importante, hay grandes panteones porque los arist\u00f3cratas y las grandes familias, sea del vino, del metal, de la ganader\u00eda, del azafr\u00e1n\u2026 o los indianos de Cantabria o Asturias, una vez muertos, quer\u00edan dejar su sello y su se\u00f1a. Ten\u00edan que tener el mejor pante\u00f3n para darle en las narices al vecino de al lado.<\/p>\n<p>&nbsp;<\/p>\n<p><strong>\u00a1As\u00ed que tambi\u00e9n hay clases despu\u00e9s de muertos!<\/strong><\/p>\n<p>No s\u00e9 d\u00f3nde le\u00ed el otro d\u00eda que al final de una partida, el rey y el pe\u00f3n vuelven a la misma caja. Despu\u00e9s de muertos ya no hay clases, no somos nada. Es una prepotencia que muestra c\u00f3mo es el ser humano, con esos panteones llenos de cruces, pretenden perdurar toda la vida. Y con el paso del tiempo est\u00e1n mohosos, abandonados y no hay quien los mantenga.<\/p>\n<p>&nbsp;<\/p>\n<p><strong>Estamos realmente familiarizados con la muerte<\/strong><\/p>\n<p>No, porque no nos ha dejado relacionarnos con la muerte de manera natural y porque se les ha ocultado a los ni\u00f1os. Con eufemismos. Se dan luego circunstancias tan est\u00fapidas como que se muere Copito de Nieve en Barcelona y llevan a los m\u00e1s peque\u00f1os para que se despidan. Pero luego se les oculta la muerte del abuelo en el hospital. Porque aunque no soy religiosa y no creo en Dios, esa educaci\u00f3n cat\u00f3lica que me metieron por narices, aunque yo no quisiera, me ha rodeado de tab\u00faes y de malos rollos en torno a la muerte que me cuesta quit\u00e1rmelos de encima. Me gustar\u00eda ver la muerte de una forma m\u00e1s natural, entender que esto es as\u00ed desde siempre y que m\u00e1s vale que lo aceptemos. Una muerte natural, claro, no antes de tiempo. Lo siento, pero creo que tenemos una losa que nos va a costar generaciones quit\u00e1rnosla de encima. Al menos ahora hay servicios funerarios y empresas modernas con las que puedes organizar tu propio servicio laico.<\/p>\n<p>&nbsp;<\/p>\n<p><strong>Bali o Guatemala son ejemplos de ritos f\u00fanebres francamente especiales. Y, en el primer caso, muy sereno. <\/strong><\/p>\n<p>Los ritos m\u00e1s bonitos son los que combinan las tradiciones paganas. Son los m\u00e1s coloristas y cada pueblo ha creado su propio sincretismo. Indonesia y su sentido de la muerte me llaman especialmente la atenci\u00f3n, porque en ning\u00fan sitio como en Bali he visto que realmente se crean las cosas que predican. All\u00ed he asistido a ese rito, a una cremaci\u00f3n, porque es p\u00fablica, es una despedida oficial. Y es muy curioso porque nadie llora, ya que est\u00e1n convencidos de que el muerto se va a un sitio mejor. \u00a1Y aqu\u00ed se deshacen en l\u00e1grimas! Tambi\u00e9n Hong Kong, con su sentido del m\u00e1s all\u00e1. Les ponen frutas a sus muertos, acuden frecuentemente y renuevan las ofrendas. El muerto est\u00e1 cerca de la persona querida: eso no te lo da ninguna religi\u00f3n o ideolog\u00eda.<\/p>\n<p><strong>\u00a0<\/strong><\/p>\n<p><strong>Hablando de vino. \u00bfTu primer sorbo?<\/strong><\/p>\n<p>Pues s\u00ed lo recuerdo, porque a m\u00ed el vino no me gustaba. Mi abuelo fue un borracho (no un alcoh\u00f3lico, que es muy distinto). Se las hizo pasar muy mal a mi madre y en mi casa no entraba un vino. Es m\u00e1s, en mi casa se com\u00eda con leche. Cuando empec\u00e9 en el periodismo, con 19 \u00f3 20 a\u00f1os, en Diario 16, recuerdo una comida de prensa, aunque no el motivo, en uno de los mejores restaurantes de Madrid: Jockey. Me animaron a probar el vino y no me gust\u00f3 nada, aunque era excelente. A partir de ah\u00ed aprend\u00ed a beberlo, por no rechazar algo que sab\u00eda que era bueno. Personalmente soy consciente del que me gusta, y el que no; el que me pasa por la garganta y me provoca carraspera, o el que pasa suave. No entiendo m\u00e1s all\u00e1. Y soy de blanco, pese a que digan que los buenos bebedores de vino lo son de tinto. \u00a1Estoy de fundamentalistas!<\/p>\n<p>&nbsp;<\/p>\n<p><iframe src=\"https:\/\/www.youtube.com\/embed\/Kzx2nOUGIbI\" width=\"560\" height=\"315\" frameborder=\"0\" allowfullscreen=\"allowfullscreen\"><\/iframe><\/p>\n<p>&nbsp;<\/p>\n<p><strong>\u00bfCon qui\u00e9n compartir\u00edas una copa de vino\u2026 vivo o muerto?<\/strong><\/p>\n<p>Muerto con nadie. (Risas).<\/p>\n<p>&nbsp;<\/p>\n<p><strong>Te lo formulo de otra manera\u2026 una persona que ya no est\u00e9 y con la que, por su vida o su profesi\u00f3n, quisieras conversar\u2026<\/strong><\/p>\n<p>\u00a1Uy, hay tantas! No porque los admire o no, sino por curiosidad. Me tomar\u00eda una copa de vino con Napole\u00f3n para preguntarle por qu\u00e9 li\u00f3 la que li\u00f3, por saber en qu\u00e9 momento se le fue la pinza a este hombre. Con Mar\u00eda Antonieta, para descubrir por qu\u00e9 fue tan tonta\u2026 Con Evita Per\u00f3n, Stalin, Lenin, Hitler\u2026 \u00a1Con Franco no me tomar\u00eda nada, no me interesa ni lo que piensa! Hay con personas con las que me gustar\u00eda\u2026 no por compartir una copa de vino, sino por saber, por entender qu\u00e9 se les pasaba por la cabeza. Bueno, a Hitler lo retiro, era un loco.<\/p>\n<p>&nbsp;<\/p>\n<p><strong>\u00bfY fuera del \u00e1mbito pol\u00edtico?<\/strong><\/p>\n<p>Pues quiz\u00e1 con Cervantes. Y saber cu\u00e1l era el maldito lugar de La Mancha, porque estoy convencida de que fue lo primero que se le ocurri\u00f3. Tambi\u00e9n le preguntar\u00eda, entre otras cuestiones, por qu\u00e9 a lo largo de dos libros ni Don Quijote, ni Sancho Panza, entran en una iglesia.<\/p>\n<p>&nbsp;<\/p>\n<p><strong>Siguiendo con el l\u00e9xico de un tema que dominas\u2026 Alguna vez te han dicho aquello de \u00a1Nieves, est\u00e1s de muerte!<\/strong><\/p>\n<p>No, no. (Risas). Hace unos a\u00f1os probablemente s\u00ed, pero ahora ya no.<\/p>\n<p>&nbsp;<\/p>\n<p><strong>\u00bfEl \u00faltimo muerto que te ha ca\u00eddo?<\/strong><\/p>\n<p>A ver\u2026 la verdad es que no.<\/p>\n<p>&nbsp;<\/p>\n<p><strong>\u00a1Cu\u00e1ntas frases coloquiales tenemos en torno a este tema!<\/strong><\/p>\n<p>Pues s\u00ed. Estoy pensando y\u2026 recientemente no me ha ca\u00eddo ninguno. Quiz\u00e1 ahora soy muy libre trabajando y viviendo. Pierdo el tiempo lo justo. Y convencionalismos, pocos. Al contrario: soy muy feliz con mi trabajo, mi vida y mis amigos. Digo lo que quiero dentro de un orden, hago uso de mi libertad y al que no le gusta, cambia de emisora. Si me ha ca\u00eddo alg\u00fan muerto me lo he debido de quitar pronto de encima, o lo he esquivado, porque no me acuerdo. (Risas)<\/p>\n<p>&nbsp;<\/p>\n<p><strong>\u00bfCu\u00e1ndo descubriste este nicho tem\u00e1tico en el periodismo?<\/strong><\/p>\n<p>Me descubri\u00f3 \u00e9l a m\u00ed por una cuesti\u00f3n de necesidad laboral. Me qued\u00e9 sin trabajo en el peri\u00f3dico y el que ten\u00eda era una revista de los servicios funerarios de Madrid, as\u00ed que tuve que aprender la tem\u00e1tica y la informaci\u00f3n del sector. El director de la revista <em>Adi\u00f3s<\/em> (que a\u00fan sigue existiendo), Jes\u00fas Pozo, supo darle un enfoque diferente, un aire cultural. Descubr\u00ed un caudal informativo que no me hab\u00eda tocado tratar nunca, un mundo interesant\u00edsimo, y de ah\u00ed le hice la propuesta a la radio.<\/p>\n<p>&nbsp;<\/p>\n<p><strong>Entre tus libros editados encontramos\u00a0t\u00edtulos como &#8220;Muertes ilustradas de la Humanidad&#8221; o tu primera novela en 2004, &#8220;Antonia&#8221;, inspirada en tu madre. \u00bfC\u00f3mo te ha influido tu familia? <\/strong><\/p>\n<p>Si has le\u00eddo el libro, ver\u00e1s que mi madre era analfabeta, a\u00fan lo sigue siendo, y mis padres eran una familia muy pobre, sin estudios. Yo s\u00ed tuve esa oportunidad e hice el resto, con mucho esfuerzo. Decid\u00ed escribir el libro <em>Antonia <\/em>porque en este pa\u00eds nadie habla de aquella guerra y postguerra, de que todav\u00eda son analfabetos: no quieren compartir las miserias que pasaron y el hecho de salir de aquella Espa\u00f1a que los ten\u00eda hundidos. Pero las historias no salen de las 4 paredes. Tras escucharlo tantas veces en mi casa, decid\u00ed que, como periodista, ten\u00eda que reflejarlo. Estoy orgullosa de donde vengo y, una vez contado, a otra cosa mariposa: no me enquisto en las cosas. Y como consejo mi madre me dec\u00eda \u201cdate prisa, que esto se acaba\u201d.<\/p>\n<p>&nbsp;<\/p>\n<p><strong><a href=\"http:\/\/bit.ly\/ManerasNieves\" target=\"_blank\">El s\u00e1bado 13 de mayo en Vivanco<\/a> \u00bfque nos depara? \u00bfDar\u00e1s alg\u00fan consejo para descansar en paz?<\/strong><\/p>\n<p>(Risas). Morirte a gusto, sin meterle el dedo al de al lado. Una vez que uno se muere\u2026 \u00a1claro, me est\u00e1s preguntando y ya sabes c\u00f3mo pienso!<\/p>\n<p>&nbsp;<\/p>\n<p><strong>Bueno, la respuesta tambi\u00e9n sirve para descansar en paz cuando uno se va a dormir.<\/strong><\/p>\n<p>\u00a1Eso es descansar! (Risas). Lo mismo: con la conciencia tranquila, a pesar de los nerviosismos del trabajo, de la putadita del jefe, duermes a pierna suelta. Y para descansar definitivamente, pues ya sabes\u2026 Tenemos miedo a la muerte. Yo no me quiero morir porque me lo paso muy bien aqu\u00ed y en el fondo sufrimos porque no nos lo queremos perder. Pero como dec\u00eda Machado,<em> cuando t\u00fa eres, la muerte no es. Y cuando la muerte es, t\u00fa ya no eres<\/em>.<\/p>\n<p>&nbsp;<\/p>\n<p>* Foto de cabecera del art\u00edculo: <a rel=nofollow target=blank href=\"http:\/\/www.elcomercio.es\/culturas\/libros\/201412\/03\/nieves-concostrina-presento-antonia-20141203001805-v.html\" target=\"_blank\">El Comercio<\/a><\/p>\n","protected":false},"excerpt":{"rendered":"<p>La periodista y locutora de radio Nieves Concostrina es la pr\u00f3xima invitada de &#8220;Maneras de Contar&#8221;. En esta entrevista nos cuenta m\u00e1s sobre sus trabajos y algunas preguntas sobre vino&#8230;<\/p>\n","protected":false},"author":1,"featured_media":3036,"comment_status":"open","ping_status":"open","sticky":false,"template":"","format":"standard","meta":{"footnotes":"","_elementor_edit_mode":"","_elementor_template_type":"","_elementor_data":"","_elementor_page_settings":null,"_elementor_conditions":[]},"categories":[439],"tags":[394,275,407],"class_list":["post-3035","post","type-post","status-publish","format-standard","has-post-thumbnail","hentry","category-maneras-contar","tag-entrevista","tag-maneras-de-contar","tag-nieves-conscotrina"],"yoast_head":"<!-- This site is optimized with the Yoast SEO plugin v26.8 - https:\/\/yoast.com\/product\/yoast-seo-wordpress\/ -->\n<title>\u201cLa vida hay que beb\u00e9rsela y com\u00e9rsela. La muerte me gustar\u00eda verla de una forma m\u00e1s natural, sin malos rollos.\u201d | Vivanco<\/title>\n<meta name=\"description\" content=\"La periodista y locutora de radio Nieves Concostrina es ela segunda invitada del programa &quot;Vivanco. Maneras de contar la cultura del vino&quot;. La entrevistamos para que nos cuente m\u00e1s sobre sus trabajos y algunas preguntas sobre vino...\" \/>\n<meta name=\"robots\" content=\"index, follow, max-snippet:-1, max-image-preview:large, max-video-preview:-1\" \/>\n<link rel=\"canonical\" href=\"https:\/\/vivancoculturadevino.es\/blog\/2017\/05\/11\/vida-bebersela-comersela-muerte-me-gustaria-verla-forma-natural-sin-malos-rollos\/\" \/>\n<meta property=\"og:locale\" content=\"es_ES\" \/>\n<meta property=\"og:type\" content=\"article\" \/>\n<meta property=\"og:title\" content=\"\u201cLa vida hay que beb\u00e9rsela y com\u00e9rsela. La muerte me gustar\u00eda verla de una forma m\u00e1s natural, sin malos rollos.\u201d | Vivanco\" \/>\n<meta property=\"og:description\" content=\"La periodista y locutora de radio Nieves Concostrina es ela segunda invitada del programa &quot;Vivanco. Maneras de contar la cultura del vino&quot;. La entrevistamos para que nos cuente m\u00e1s sobre sus trabajos y algunas preguntas sobre vino...\" \/>\n<meta property=\"og:url\" content=\"https:\/\/vivancoculturadevino.es\/blog\/2017\/05\/11\/vida-bebersela-comersela-muerte-me-gustaria-verla-forma-natural-sin-malos-rollos\/\" \/>\n<meta property=\"og:site_name\" content=\"Vivanco\" \/>\n<meta property=\"article:author\" content=\"https:\/\/www.facebook.com\/vivancoculturadevino\" \/>\n<meta property=\"article:published_time\" content=\"2017-05-11T01:00:19+00:00\" \/>\n<meta property=\"article:modified_time\" content=\"2017-08-04T13:02:27+00:00\" \/>\n<meta property=\"og:image\" content=\"https:\/\/vivancoculturadevino.es\/blog\/wp-content\/uploads\/2017\/05\/nieves-conscotrina-presentacion-libro.jpg\" \/>\n\t<meta property=\"og:image:width\" content=\"575\" \/>\n\t<meta property=\"og:image:height\" content=\"339\" \/>\n\t<meta property=\"og:image:type\" content=\"image\/jpeg\" \/>\n<meta name=\"author\" content=\"Vivanco\" \/>\n<meta name=\"twitter:card\" content=\"summary_large_image\" \/>\n<meta name=\"twitter:image\" content=\"https:\/\/vivancoculturadevino.es\/blog\/wp-content\/uploads\/2017\/05\/nieves-conscotrina-presentacion-libro.jpg\" \/>\n<meta name=\"twitter:creator\" content=\"@https:\/\/twitter.com\/Vivanco_es\" \/>\n<meta name=\"twitter:label1\" content=\"Escrito por\" \/>\n\t<meta name=\"twitter:data1\" content=\"Vivanco\" \/>\n\t<meta name=\"twitter:label2\" content=\"Tiempo de lectura\" \/>\n\t<meta name=\"twitter:data2\" content=\"13 minutos\" \/>\n<script type=\"application\/ld+json\" class=\"yoast-schema-graph\">{\"@context\":\"https:\/\/schema.org\",\"@graph\":[{\"@type\":\"Article\",\"@id\":\"https:\/\/vivancoculturadevino.es\/blog\/2017\/05\/11\/vida-bebersela-comersela-muerte-me-gustaria-verla-forma-natural-sin-malos-rollos\/#article\",\"isPartOf\":{\"@id\":\"https:\/\/vivancoculturadevino.es\/blog\/2017\/05\/11\/vida-bebersela-comersela-muerte-me-gustaria-verla-forma-natural-sin-malos-rollos\/\"},\"author\":{\"name\":\"Vivanco\",\"@id\":\"https:\/\/vivancoculturadevino.es\/blog\/#\/schema\/person\/745931ee54ccbb839d8df0cceb02db4c\"},\"headline\":\"\u201cLa vida hay que beb\u00e9rsela y com\u00e9rsela. La muerte me gustar\u00eda verla de una forma m\u00e1s natural, sin malos rollos.\u201d\",\"datePublished\":\"2017-05-11T01:00:19+00:00\",\"dateModified\":\"2017-08-04T13:02:27+00:00\",\"mainEntityOfPage\":{\"@id\":\"https:\/\/vivancoculturadevino.es\/blog\/2017\/05\/11\/vida-bebersela-comersela-muerte-me-gustaria-verla-forma-natural-sin-malos-rollos\/\"},\"wordCount\":2616,\"commentCount\":0,\"publisher\":{\"@id\":\"https:\/\/vivancoculturadevino.es\/blog\/#organization\"},\"image\":{\"@id\":\"https:\/\/vivancoculturadevino.es\/blog\/2017\/05\/11\/vida-bebersela-comersela-muerte-me-gustaria-verla-forma-natural-sin-malos-rollos\/#primaryimage\"},\"thumbnailUrl\":\"https:\/\/vivancoculturadevino.es\/blog\/wp-content\/uploads\/2017\/05\/nieves-conscotrina-presentacion-libro.jpg\",\"keywords\":[\"entrevista\",\"maneras de contar\",\"Nieves Conscotrina\"],\"articleSection\":[\"Maneras de Contar\"],\"inLanguage\":\"es\",\"potentialAction\":[{\"@type\":\"CommentAction\",\"name\":\"Comment\",\"target\":[\"https:\/\/vivancoculturadevino.es\/blog\/2017\/05\/11\/vida-bebersela-comersela-muerte-me-gustaria-verla-forma-natural-sin-malos-rollos\/#respond\"]}]},{\"@type\":\"WebPage\",\"@id\":\"https:\/\/vivancoculturadevino.es\/blog\/2017\/05\/11\/vida-bebersela-comersela-muerte-me-gustaria-verla-forma-natural-sin-malos-rollos\/\",\"url\":\"https:\/\/vivancoculturadevino.es\/blog\/2017\/05\/11\/vida-bebersela-comersela-muerte-me-gustaria-verla-forma-natural-sin-malos-rollos\/\",\"name\":\"\u201cLa vida hay que beb\u00e9rsela y com\u00e9rsela. La muerte me gustar\u00eda verla de una forma m\u00e1s natural, sin malos rollos.\u201d | Vivanco\",\"isPartOf\":{\"@id\":\"https:\/\/vivancoculturadevino.es\/blog\/#website\"},\"primaryImageOfPage\":{\"@id\":\"https:\/\/vivancoculturadevino.es\/blog\/2017\/05\/11\/vida-bebersela-comersela-muerte-me-gustaria-verla-forma-natural-sin-malos-rollos\/#primaryimage\"},\"image\":{\"@id\":\"https:\/\/vivancoculturadevino.es\/blog\/2017\/05\/11\/vida-bebersela-comersela-muerte-me-gustaria-verla-forma-natural-sin-malos-rollos\/#primaryimage\"},\"thumbnailUrl\":\"https:\/\/vivancoculturadevino.es\/blog\/wp-content\/uploads\/2017\/05\/nieves-conscotrina-presentacion-libro.jpg\",\"datePublished\":\"2017-05-11T01:00:19+00:00\",\"dateModified\":\"2017-08-04T13:02:27+00:00\",\"description\":\"La periodista y locutora de radio Nieves Concostrina es ela segunda invitada del programa \\\"Vivanco. Maneras de contar la cultura del vino\\\". La entrevistamos para que nos cuente m\u00e1s sobre sus trabajos y algunas preguntas sobre vino...\",\"breadcrumb\":{\"@id\":\"https:\/\/vivancoculturadevino.es\/blog\/2017\/05\/11\/vida-bebersela-comersela-muerte-me-gustaria-verla-forma-natural-sin-malos-rollos\/#breadcrumb\"},\"inLanguage\":\"es\",\"potentialAction\":[{\"@type\":\"ReadAction\",\"target\":[\"https:\/\/vivancoculturadevino.es\/blog\/2017\/05\/11\/vida-bebersela-comersela-muerte-me-gustaria-verla-forma-natural-sin-malos-rollos\/\"]}]},{\"@type\":\"ImageObject\",\"inLanguage\":\"es\",\"@id\":\"https:\/\/vivancoculturadevino.es\/blog\/2017\/05\/11\/vida-bebersela-comersela-muerte-me-gustaria-verla-forma-natural-sin-malos-rollos\/#primaryimage\",\"url\":\"https:\/\/vivancoculturadevino.es\/blog\/wp-content\/uploads\/2017\/05\/nieves-conscotrina-presentacion-libro.jpg\",\"contentUrl\":\"https:\/\/vivancoculturadevino.es\/blog\/wp-content\/uploads\/2017\/05\/nieves-conscotrina-presentacion-libro.jpg\",\"width\":575,\"height\":339},{\"@type\":\"BreadcrumbList\",\"@id\":\"https:\/\/vivancoculturadevino.es\/blog\/2017\/05\/11\/vida-bebersela-comersela-muerte-me-gustaria-verla-forma-natural-sin-malos-rollos\/#breadcrumb\",\"itemListElement\":[{\"@type\":\"ListItem\",\"position\":1,\"name\":\"Portada\",\"item\":\"https:\/\/vivancoculturadevino.es\/blog\/\"},{\"@type\":\"ListItem\",\"position\":2,\"name\":\"\u201cLa vida hay que beb\u00e9rsela y com\u00e9rsela. La muerte me gustar\u00eda verla de una forma m\u00e1s natural, sin malos rollos.\u201d\"}]},{\"@type\":\"WebSite\",\"@id\":\"https:\/\/vivancoculturadevino.es\/blog\/#website\",\"url\":\"https:\/\/vivancoculturadevino.es\/blog\/\",\"name\":\"Vivanco\",\"description\":\"Una familia y una pasi\u00f3n: Compartir la cultura del vino\",\"publisher\":{\"@id\":\"https:\/\/vivancoculturadevino.es\/blog\/#organization\"},\"potentialAction\":[{\"@type\":\"SearchAction\",\"target\":{\"@type\":\"EntryPoint\",\"urlTemplate\":\"https:\/\/vivancoculturadevino.es\/blog\/?s={search_term_string}\"},\"query-input\":{\"@type\":\"PropertyValueSpecification\",\"valueRequired\":true,\"valueName\":\"search_term_string\"}}],\"inLanguage\":\"es\"},{\"@type\":\"Organization\",\"@id\":\"https:\/\/vivancoculturadevino.es\/blog\/#organization\",\"name\":\"Vivanco\",\"url\":\"https:\/\/vivancoculturadevino.es\/blog\/\",\"logo\":{\"@type\":\"ImageObject\",\"inLanguage\":\"es\",\"@id\":\"https:\/\/vivancoculturadevino.es\/blog\/#\/schema\/logo\/image\/\",\"url\":\"https:\/\/vivancoculturadevino.es\/blog\/wp-content\/uploads\/2026\/01\/Logo-blanco.svg\",\"contentUrl\":\"https:\/\/vivancoculturadevino.es\/blog\/wp-content\/uploads\/2026\/01\/Logo-blanco.svg\",\"width\":134,\"height\":43,\"caption\":\"Vivanco\"},\"image\":{\"@id\":\"https:\/\/vivancoculturadevino.es\/blog\/#\/schema\/logo\/image\/\"}},{\"@type\":\"Person\",\"@id\":\"https:\/\/vivancoculturadevino.es\/blog\/#\/schema\/person\/745931ee54ccbb839d8df0cceb02db4c\",\"name\":\"Vivanco\",\"image\":{\"@type\":\"ImageObject\",\"inLanguage\":\"es\",\"@id\":\"https:\/\/vivancoculturadevino.es\/blog\/#\/schema\/person\/image\/\",\"url\":\"https:\/\/secure.gravatar.com\/avatar\/61b66c59d132db2f7ad4dfd1cc89bbd508b4d5888ab39ddba99f2aca247b7fb3?s=96&d=mm&r=g\",\"contentUrl\":\"https:\/\/secure.gravatar.com\/avatar\/61b66c59d132db2f7ad4dfd1cc89bbd508b4d5888ab39ddba99f2aca247b7fb3?s=96&d=mm&r=g\",\"caption\":\"Vivanco\"},\"description\":\"Bodega, Fundaci\u00f3n, Experiencias. Compartiendo Cultura de Vino\",\"sameAs\":[\"http:\/\/www.vivancoculturadevino.es\",\"https:\/\/www.facebook.com\/vivancoculturadevino\",\"https:\/\/x.com\/https:\/\/twitter.com\/Vivanco_es\",\"https:\/\/www.youtube.com\/channel\/UC8a2nOiF7kAQNPPduAi2Evw\/videos\"],\"url\":\"https:\/\/vivancoculturadevino.es\/blog\/author\/administrator\/\"}]}<\/script>\n<!-- \/ Yoast SEO plugin. -->","yoast_head_json":{"title":"\u201cLa vida hay que beb\u00e9rsela y com\u00e9rsela. La muerte me gustar\u00eda verla de una forma m\u00e1s natural, sin malos rollos.\u201d | Vivanco","description":"La periodista y locutora de radio Nieves Concostrina es ela segunda invitada del programa \"Vivanco. Maneras de contar la cultura del vino\". La entrevistamos para que nos cuente m\u00e1s sobre sus trabajos y algunas preguntas sobre vino...","robots":{"index":"index","follow":"follow","max-snippet":"max-snippet:-1","max-image-preview":"max-image-preview:large","max-video-preview":"max-video-preview:-1"},"canonical":"https:\/\/vivancoculturadevino.es\/blog\/2017\/05\/11\/vida-bebersela-comersela-muerte-me-gustaria-verla-forma-natural-sin-malos-rollos\/","og_locale":"es_ES","og_type":"article","og_title":"\u201cLa vida hay que beb\u00e9rsela y com\u00e9rsela. La muerte me gustar\u00eda verla de una forma m\u00e1s natural, sin malos rollos.\u201d | Vivanco","og_description":"La periodista y locutora de radio Nieves Concostrina es ela segunda invitada del programa \"Vivanco. Maneras de contar la cultura del vino\". La entrevistamos para que nos cuente m\u00e1s sobre sus trabajos y algunas preguntas sobre vino...","og_url":"https:\/\/vivancoculturadevino.es\/blog\/2017\/05\/11\/vida-bebersela-comersela-muerte-me-gustaria-verla-forma-natural-sin-malos-rollos\/","og_site_name":"Vivanco","article_author":"https:\/\/www.facebook.com\/vivancoculturadevino","article_published_time":"2017-05-11T01:00:19+00:00","article_modified_time":"2017-08-04T13:02:27+00:00","og_image":[{"width":575,"height":339,"url":"https:\/\/vivancoculturadevino.es\/blog\/wp-content\/uploads\/2017\/05\/nieves-conscotrina-presentacion-libro.jpg","type":"image\/jpeg"}],"author":"Vivanco","twitter_card":"summary_large_image","twitter_image":"https:\/\/vivancoculturadevino.es\/blog\/wp-content\/uploads\/2017\/05\/nieves-conscotrina-presentacion-libro.jpg","twitter_creator":"@https:\/\/twitter.com\/Vivanco_es","twitter_misc":{"Escrito por":"Vivanco","Tiempo de lectura":"13 minutos"},"schema":{"@context":"https:\/\/schema.org","@graph":[{"@type":"Article","@id":"https:\/\/vivancoculturadevino.es\/blog\/2017\/05\/11\/vida-bebersela-comersela-muerte-me-gustaria-verla-forma-natural-sin-malos-rollos\/#article","isPartOf":{"@id":"https:\/\/vivancoculturadevino.es\/blog\/2017\/05\/11\/vida-bebersela-comersela-muerte-me-gustaria-verla-forma-natural-sin-malos-rollos\/"},"author":{"name":"Vivanco","@id":"https:\/\/vivancoculturadevino.es\/blog\/#\/schema\/person\/745931ee54ccbb839d8df0cceb02db4c"},"headline":"\u201cLa vida hay que beb\u00e9rsela y com\u00e9rsela. La muerte me gustar\u00eda verla de una forma m\u00e1s natural, sin malos rollos.\u201d","datePublished":"2017-05-11T01:00:19+00:00","dateModified":"2017-08-04T13:02:27+00:00","mainEntityOfPage":{"@id":"https:\/\/vivancoculturadevino.es\/blog\/2017\/05\/11\/vida-bebersela-comersela-muerte-me-gustaria-verla-forma-natural-sin-malos-rollos\/"},"wordCount":2616,"commentCount":0,"publisher":{"@id":"https:\/\/vivancoculturadevino.es\/blog\/#organization"},"image":{"@id":"https:\/\/vivancoculturadevino.es\/blog\/2017\/05\/11\/vida-bebersela-comersela-muerte-me-gustaria-verla-forma-natural-sin-malos-rollos\/#primaryimage"},"thumbnailUrl":"https:\/\/vivancoculturadevino.es\/blog\/wp-content\/uploads\/2017\/05\/nieves-conscotrina-presentacion-libro.jpg","keywords":["entrevista","maneras de contar","Nieves Conscotrina"],"articleSection":["Maneras de Contar"],"inLanguage":"es","potentialAction":[{"@type":"CommentAction","name":"Comment","target":["https:\/\/vivancoculturadevino.es\/blog\/2017\/05\/11\/vida-bebersela-comersela-muerte-me-gustaria-verla-forma-natural-sin-malos-rollos\/#respond"]}]},{"@type":"WebPage","@id":"https:\/\/vivancoculturadevino.es\/blog\/2017\/05\/11\/vida-bebersela-comersela-muerte-me-gustaria-verla-forma-natural-sin-malos-rollos\/","url":"https:\/\/vivancoculturadevino.es\/blog\/2017\/05\/11\/vida-bebersela-comersela-muerte-me-gustaria-verla-forma-natural-sin-malos-rollos\/","name":"\u201cLa vida hay que beb\u00e9rsela y com\u00e9rsela. La muerte me gustar\u00eda verla de una forma m\u00e1s natural, sin malos rollos.\u201d | Vivanco","isPartOf":{"@id":"https:\/\/vivancoculturadevino.es\/blog\/#website"},"primaryImageOfPage":{"@id":"https:\/\/vivancoculturadevino.es\/blog\/2017\/05\/11\/vida-bebersela-comersela-muerte-me-gustaria-verla-forma-natural-sin-malos-rollos\/#primaryimage"},"image":{"@id":"https:\/\/vivancoculturadevino.es\/blog\/2017\/05\/11\/vida-bebersela-comersela-muerte-me-gustaria-verla-forma-natural-sin-malos-rollos\/#primaryimage"},"thumbnailUrl":"https:\/\/vivancoculturadevino.es\/blog\/wp-content\/uploads\/2017\/05\/nieves-conscotrina-presentacion-libro.jpg","datePublished":"2017-05-11T01:00:19+00:00","dateModified":"2017-08-04T13:02:27+00:00","description":"La periodista y locutora de radio Nieves Concostrina es ela segunda invitada del programa \"Vivanco. Maneras de contar la cultura del vino\". La entrevistamos para que nos cuente m\u00e1s sobre sus trabajos y algunas preguntas sobre vino...","breadcrumb":{"@id":"https:\/\/vivancoculturadevino.es\/blog\/2017\/05\/11\/vida-bebersela-comersela-muerte-me-gustaria-verla-forma-natural-sin-malos-rollos\/#breadcrumb"},"inLanguage":"es","potentialAction":[{"@type":"ReadAction","target":["https:\/\/vivancoculturadevino.es\/blog\/2017\/05\/11\/vida-bebersela-comersela-muerte-me-gustaria-verla-forma-natural-sin-malos-rollos\/"]}]},{"@type":"ImageObject","inLanguage":"es","@id":"https:\/\/vivancoculturadevino.es\/blog\/2017\/05\/11\/vida-bebersela-comersela-muerte-me-gustaria-verla-forma-natural-sin-malos-rollos\/#primaryimage","url":"https:\/\/vivancoculturadevino.es\/blog\/wp-content\/uploads\/2017\/05\/nieves-conscotrina-presentacion-libro.jpg","contentUrl":"https:\/\/vivancoculturadevino.es\/blog\/wp-content\/uploads\/2017\/05\/nieves-conscotrina-presentacion-libro.jpg","width":575,"height":339},{"@type":"BreadcrumbList","@id":"https:\/\/vivancoculturadevino.es\/blog\/2017\/05\/11\/vida-bebersela-comersela-muerte-me-gustaria-verla-forma-natural-sin-malos-rollos\/#breadcrumb","itemListElement":[{"@type":"ListItem","position":1,"name":"Portada","item":"https:\/\/vivancoculturadevino.es\/blog\/"},{"@type":"ListItem","position":2,"name":"\u201cLa vida hay que beb\u00e9rsela y com\u00e9rsela. La muerte me gustar\u00eda verla de una forma m\u00e1s natural, sin malos rollos.\u201d"}]},{"@type":"WebSite","@id":"https:\/\/vivancoculturadevino.es\/blog\/#website","url":"https:\/\/vivancoculturadevino.es\/blog\/","name":"Vivanco","description":"Una familia y una pasi\u00f3n: Compartir la cultura del vino","publisher":{"@id":"https:\/\/vivancoculturadevino.es\/blog\/#organization"},"potentialAction":[{"@type":"SearchAction","target":{"@type":"EntryPoint","urlTemplate":"https:\/\/vivancoculturadevino.es\/blog\/?s={search_term_string}"},"query-input":{"@type":"PropertyValueSpecification","valueRequired":true,"valueName":"search_term_string"}}],"inLanguage":"es"},{"@type":"Organization","@id":"https:\/\/vivancoculturadevino.es\/blog\/#organization","name":"Vivanco","url":"https:\/\/vivancoculturadevino.es\/blog\/","logo":{"@type":"ImageObject","inLanguage":"es","@id":"https:\/\/vivancoculturadevino.es\/blog\/#\/schema\/logo\/image\/","url":"https:\/\/vivancoculturadevino.es\/blog\/wp-content\/uploads\/2026\/01\/Logo-blanco.svg","contentUrl":"https:\/\/vivancoculturadevino.es\/blog\/wp-content\/uploads\/2026\/01\/Logo-blanco.svg","width":134,"height":43,"caption":"Vivanco"},"image":{"@id":"https:\/\/vivancoculturadevino.es\/blog\/#\/schema\/logo\/image\/"}},{"@type":"Person","@id":"https:\/\/vivancoculturadevino.es\/blog\/#\/schema\/person\/745931ee54ccbb839d8df0cceb02db4c","name":"Vivanco","image":{"@type":"ImageObject","inLanguage":"es","@id":"https:\/\/vivancoculturadevino.es\/blog\/#\/schema\/person\/image\/","url":"https:\/\/secure.gravatar.com\/avatar\/61b66c59d132db2f7ad4dfd1cc89bbd508b4d5888ab39ddba99f2aca247b7fb3?s=96&d=mm&r=g","contentUrl":"https:\/\/secure.gravatar.com\/avatar\/61b66c59d132db2f7ad4dfd1cc89bbd508b4d5888ab39ddba99f2aca247b7fb3?s=96&d=mm&r=g","caption":"Vivanco"},"description":"Bodega, Fundaci\u00f3n, Experiencias. Compartiendo Cultura de Vino","sameAs":["http:\/\/www.vivancoculturadevino.es","https:\/\/www.facebook.com\/vivancoculturadevino","https:\/\/x.com\/https:\/\/twitter.com\/Vivanco_es","https:\/\/www.youtube.com\/channel\/UC8a2nOiF7kAQNPPduAi2Evw\/videos"],"url":"https:\/\/vivancoculturadevino.es\/blog\/author\/administrator\/"}]}},"_links":{"self":[{"href":"https:\/\/vivancoculturadevino.es\/blog\/wp-json\/wp\/v2\/posts\/3035","targetHints":{"allow":["GET"]}}],"collection":[{"href":"https:\/\/vivancoculturadevino.es\/blog\/wp-json\/wp\/v2\/posts"}],"about":[{"href":"https:\/\/vivancoculturadevino.es\/blog\/wp-json\/wp\/v2\/types\/post"}],"author":[{"embeddable":true,"href":"https:\/\/vivancoculturadevino.es\/blog\/wp-json\/wp\/v2\/users\/1"}],"replies":[{"embeddable":true,"href":"https:\/\/vivancoculturadevino.es\/blog\/wp-json\/wp\/v2\/comments?post=3035"}],"version-history":[{"count":6,"href":"https:\/\/vivancoculturadevino.es\/blog\/wp-json\/wp\/v2\/posts\/3035\/revisions"}],"predecessor-version":[{"id":3043,"href":"https:\/\/vivancoculturadevino.es\/blog\/wp-json\/wp\/v2\/posts\/3035\/revisions\/3043"}],"wp:featuredmedia":[{"embeddable":true,"href":"https:\/\/vivancoculturadevino.es\/blog\/wp-json\/wp\/v2\/media\/3036"}],"wp:attachment":[{"href":"https:\/\/vivancoculturadevino.es\/blog\/wp-json\/wp\/v2\/media?parent=3035"}],"wp:term":[{"taxonomy":"category","embeddable":true,"href":"https:\/\/vivancoculturadevino.es\/blog\/wp-json\/wp\/v2\/categories?post=3035"},{"taxonomy":"post_tag","embeddable":true,"href":"https:\/\/vivancoculturadevino.es\/blog\/wp-json\/wp\/v2\/tags?post=3035"}],"curies":[{"name":"wp","href":"https:\/\/api.w.org\/{rel}","templated":true}]}}