{"id":2988,"date":"2017-04-24T11:23:19","date_gmt":"2017-04-24T10:23:19","guid":{"rendered":"https:\/\/vivancoculturadevino.es\/blog\/?p=2988"},"modified":"2019-02-20T11:49:33","modified_gmt":"2019-02-20T10:49:33","slug":"ermita-san-felices-bilibio-lugar-unico","status":"publish","type":"post","link":"https:\/\/vivancoculturadevino.es\/blog\/2017\/04\/24\/ermita-san-felices-bilibio-lugar-unico\/","title":{"rendered":"Ermita de San Felices de Bilibio: un lugar \u00fanico"},"content":{"rendered":"<p>Hay espacios, sitios, lugares que deber\u00edan verse por lo menos una vez en la vida porque por mucho que la gente hable de ellos e intente trasladar su belleza, hasta que no se visitan y se viven en primera persona, no se entiende el encanto que reside en ellos.<\/p>\n<p>Esto sucede con la Ermita de San Felices, ubicada en los riscos de Bilibio y que fue nombrada por la Gu\u00eda Repsol como el mejor rinc\u00f3n de Espa\u00f1a en 2014. \u00bfNos acompa\u00f1as a este rinc\u00f3n \u00fanico?<\/p>\n<h2>La Historia de la Ermita de San Felices<\/h2>\n<p>A 6km al norte de <strong><b><a href=\"ttps:\/\/vivancoculturadevino.es\/blog\/2015\/08\/25\/que-ver-haro-y-alrededores\/\" target=\"_blank\">Haro<\/a><\/b><\/strong>, en lo alto de lo que se conoce como <strong><b>los Riscos de Bilibio<\/b><\/strong>\u00a0se encuentra <strong><b>la Ermita de San Felices de Bilibio<\/b><\/strong>, un perfecto enclave donde en el siglo V se erig\u00eda un castillo romano del que a\u00fan se conserva alguna parte de sus muros.<\/p>\n<p><em><i>Felices de Bilibio<\/i><\/em>\u00a0naci\u00f3 en el a\u00f1o 443 y ser\u00e1 quien va a hacer famoso este lugar. Sus inquietudes, sobre todo en temas divinos le llevar\u00e1n a ordenarse como presb\u00edtero y a retirarse para dedicarse a la oraci\u00f3n en lo que se conoc\u00eda como los Riscos de Bilibio. <strong><b>Pronto se le empieza a conocer entre los lugare\u00f1os como \u201cel hombre santo\u201d<\/b><\/strong>\u00a0por sus m\u00faltiples y milagrosas intervenciones logrando captar el inter\u00e9s de Mill\u00e1n, el que conoceremos como el Santo de la Cogolla y que se convirti\u00f3 en el disc\u00edpulo de Felices durante 3 a\u00f1os.<\/p>\n<p><a href=\"https:\/\/vivancoculturadevino.es\/blog\/wp-content\/uploads\/2017\/04\/colina-san-felices-ermita.jpg\"><img fetchpriority=\"high\" decoding=\"async\" class=\"aligncenter wp-image-2990\" src=\"https:\/\/vivancoculturadevino.es\/blog\/wp-content\/uploads\/2017\/04\/colina-san-felices-ermita-1024x636.jpg\" alt=\"colina san felices ermita\" width=\"800\" height=\"496\" srcset=\"https:\/\/vivancoculturadevino.es\/blog\/wp-content\/uploads\/2017\/04\/colina-san-felices-ermita-1024x636.jpg 1024w, https:\/\/vivancoculturadevino.es\/blog\/wp-content\/uploads\/2017\/04\/colina-san-felices-ermita-300x186.jpg 300w, https:\/\/vivancoculturadevino.es\/blog\/wp-content\/uploads\/2017\/04\/colina-san-felices-ermita.jpg 2048w\" sizes=\"(max-width: 800px) 100vw, 800px\" \/><\/a><\/p>\n<p style=\"text-align: center;\">Ermita de San Felices de Bilibio. Foto: <a href=\"https:\/\/commons.wikimedia.org\/wiki\/File%3ASan_felices_de_bilibio.jpg\" target=\"_blank\" rel=\"nofollow\"><span style=\"text-decoration: underline;\">Assar<\/span><\/a><\/p>\n<p>Felices de Bilibio falleci\u00f3 con casi 100 a\u00f1os y se encarg\u00f3 de ordenar el sitio en el que quer\u00eda ser enterrado, que no pod\u00eda ser otro lugar que en uno de los riscos que formaron parte de su hogar durante su vida espiritual.<\/p>\n<p><strong><b>El castillo de Bilibio que acog\u00eda la capilla y el sepulcro de San<\/b><\/strong>\u00a0<strong><b>Felices<\/b><\/strong>, trat\u00f3 de resistir el ataque \u00e1rabe a principios del S.VIII, pero finalmente fue conquistado por los musulmanes. Algo que dur\u00f3 hasta su posterior reconquista por Sancho I Garc\u00e9s ya en el siglo X.<\/p>\n<p><strong><b>En 1076 el rey Alfonso VI cedi\u00f3 el castillo a Don Lope D\u00edaz<\/b><\/strong>\u00a0(padre de Don Diego Lope de Haro) y a mediados del S.XI los habitantes de Bilibio se van a trasladar a lo que hoy conocemos como Haro, siendo finalmente los restos de San Felices trasladados al <strong><b><a href=\"https:\/\/vivancoculturadevino.es\/blog\/2016\/03\/14\/descubriendo-ruta-castellano-la-rioja\/\" target=\"_blank\">Monasterio de Yuso<\/a>.<\/b><\/strong><\/p>\n<p>En 1710 comenz\u00f3 a construirse la <strong><b>Ermita de San Felices<\/b><\/strong>\u00a0en honor al Santo, ocupando el espacio donde se encontraba el antiguo castillo. Sufri\u00f3 numerosas modificaciones y reconstrucciones, la \u00faltima en 1942. <strong><b>El 21 de junio de 1964 se inaugur\u00f3 la estatua de San Felices con un libro abierto en sus manos<\/b><\/strong>\u00a0y que pr\u00e1cticamente parece el guardi\u00e1n de esos riscos, de sus riscos.<\/p>\n<p><a href=\"https:\/\/vivancoculturadevino.es\/blog\/wp-content\/uploads\/2017\/04\/figura-san-felices.jpg\"><img decoding=\"async\" class=\" wp-image-3005 size-large aligncenter\" src=\"https:\/\/vivancoculturadevino.es\/blog\/wp-content\/uploads\/2017\/04\/figura-san-felices-768x1024.jpg\" alt=\"figura san felices\" width=\"768\" height=\"1024\" srcset=\"https:\/\/vivancoculturadevino.es\/blog\/wp-content\/uploads\/2017\/04\/figura-san-felices.jpg 768w, https:\/\/vivancoculturadevino.es\/blog\/wp-content\/uploads\/2017\/04\/figura-san-felices-225x300.jpg 225w\" sizes=\"(max-width: 768px) 100vw, 768px\" \/><\/a><\/p>\n<p style=\"text-align: center;\">\u00a0Estatua de Felices de Bilibio. Foto:\u00a0<a href=\"https:\/\/es.wikipedia.org\/wiki\/Riscos_de_Bilibio#\/media\/File:San_Felices_(Haro).jpg\" target=\"_blank\" rel=\"nofollow\">David Martin<\/a><\/p>\n<h2><strong><b>Un lugar \u00fanico con mucho que ofrecernos\u2026<\/b><\/strong><\/h2>\n<p>Sin duda la <strong><b>Ermita de San Felices<\/b><\/strong>\u00a0es un lugar que hay que visitar, pues adem\u00e1s de destacar por su incuestionable belleza, en los Riscos de Bilibio tiene lugar una de las tradiciones m\u00e1s famosas de Haro y de La Rioja; <strong><b><a href=\"https:\/\/vivancoculturadevino.es\/blog\/2015\/06\/24\/batalla-vino-haro-la-rioja\/\" target=\"_blank\">la Batalla del Vino<\/a><\/b><\/strong>, que se celebra todos los a\u00f1os el <strong><b>29 de junio<\/b><\/strong>\u00a0y que parece ser que tiene su origen en la fiesta que se organizaba durante el almuerzo de los romeros que acud\u00edan a misa a la Ermita de San Felices y que ya contentos, comenzaban a mancharse con el vino que ten\u00edan en sus botas. <strong><b>Un gesto inocente que ha dado lugar a esta conocida celebraci\u00f3n<\/b><\/strong>\u00a0y que consigui\u00f3 que fuera declarada <strong><b>de Inter\u00e9s Tur\u00edstico Nacional<\/b><\/strong>, llegando a lanzarse hasta 130.000 litros de vino.<\/p>\n<ul>\n<li><strong><b>La Romer\u00eda a los Riscos de Bilibio: <\/b><\/strong>tiene lugar en el mes de septiembre y se trata de una peregrinaci\u00f3n en la que se rememora la vida y milagros del Santo.<\/li>\n<\/ul>\n<p><a href=\"https:\/\/vivancoculturadevino.es\/blog\/wp-content\/uploads\/2017\/04\/batalla-vino-haro-rioja.jpg\"><img decoding=\"async\" class=\"aligncenter wp-image-2992\" src=\"https:\/\/vivancoculturadevino.es\/blog\/wp-content\/uploads\/2017\/04\/batalla-vino-haro-rioja.jpg\" alt=\"batalla vino haro rioja\" width=\"800\" height=\"600\" srcset=\"https:\/\/vivancoculturadevino.es\/blog\/wp-content\/uploads\/2017\/04\/batalla-vino-haro-rioja.jpg 660w, https:\/\/vivancoculturadevino.es\/blog\/wp-content\/uploads\/2017\/04\/batalla-vino-haro-rioja-300x225.jpg 300w\" sizes=\"(max-width: 800px) 100vw, 800px\" \/><\/a><\/p>\n<p style=\"text-align: center;\">Batalla del Vino de Haro. Foto: <a href=\"https:\/\/commons.wikimedia.org\/wiki\/File:Batalla_del_Vino_-_Haro_-_La_Rioja.jpg\" target=\"_blank\" rel=\"nofollow\"><span style=\"text-decoration: underline;\">BigSus<\/span><\/a><\/p>\n<p>Haro, adem\u00e1s de este lugar de ensue\u00f1o tiene que ofrecernos mucho m\u00e1s:<\/p>\n<ul>\n<li><b><\/b><strong><b>Museo al aire libre: <\/b><\/strong>una serie de esculturas dedicadas al trabajo artesanal y que puedes encontrarte en cualquier rinc\u00f3n de la ciudad mientras recorres sus calles.<\/li>\n<li><b><\/b><strong><b>Antigua sede del Banco de Espa\u00f1a:\u00a0<\/b><\/strong>porque Haro pese a no ser capital de provincia consigui\u00f3 tener una sucursal del Banco de Espa\u00f1a por el gran desarrollo econ\u00f3mico que logr\u00f3 a finales del S.XIX.<\/li>\n<li><b><\/b><strong><b>Museo de Arte Contempor\u00e1neo El Torre\u00f3n:\u00a0<\/b><\/strong>una aut\u00e9ntica colecci\u00f3n de obras contempor\u00e1neas exclusivamente de autores riojanos exhibidas en el \u00fanico resto conservado de las murallas que guardaban la ciudad.<\/li>\n<li><b><\/b><strong><b>Bas\u00edlica de Nuestra Se\u00f1ora de la Vega:\u00a0<\/b><\/strong>el templo como se conoce hoy y m\u00e1s all\u00e1 de las leyendas comenz\u00f3 a construirse en el S.XVIII, es de estilo barroco y consta de 3 naves perfectamente dispuestas. Esta bas\u00edlica est\u00e1 dedicada a la patrona de Haro y de su interior podemos destacar el retablo mayor de estilo g\u00f3tico y una talla tambi\u00e9n g\u00f3tica de la Virgen de la Vega.<\/li>\n<li><b><\/b><strong><b>Iglesia de Santo Tom\u00e1s:\u00a0<\/b><\/strong>construida en el S.XVI en honor al santo que le da nombre y que est\u00e1 considerada como <strong><b>Bien de Inter\u00e9s Cultural<\/b><\/strong>. Se encuentra edificada sobre un antiguo edificio de piedra de siller\u00eda y consta de 3 naves iguales en altura que albergan en su interior el que es el retablo mayor m\u00e1s grande de La Rioja.<\/li>\n<li><b><\/b><strong><b>Barrio de la Estaci\u00f3n:\u00a0<\/b><\/strong>aqu\u00ed podemos encontrar la mayor concentraci\u00f3n de bodegas centenarias del mundo y que hacen de Haro su se\u00f1a de identidad, preservando la importancia del vino a lo largo del tiempo.<\/li>\n<li><b><\/b><strong><b>La Herradura:\u00a0<\/b><\/strong>conocida as\u00ed por la forma de sus calles principales, es la zona donde hay que ir si queremos tapear y tomarnos unos buenos vinos.<\/li>\n<li><strong><b>Gastronom\u00eda:<\/b><\/strong>\u00a0bien es sabido que en La Rioja se come y se bebe bien y que su gastronom\u00eda es uno de los puntos fuertes, por eso Haro no es menos y aqu\u00ed vamos a poder degustar <a href=\"https:\/\/vivancoculturadevino.es\/blog\/2015\/12\/02\/gastronomia-riojana-combatir-frio\/\" target=\"_blank\">platos t\u00edpicos<\/a> como (menestra de verduras, las patatas con chorizo, las chuletillas al sarmiento, los pimientos rellenos, las rosquillas y muchos otros) y ya sabes que siempre acompa\u00f1ados de los mejores vinos.<\/li>\n<li><strong><b>Visita otros municipos\u2026<\/b><\/strong>\u00a0<a href=\"https:\/\/vivancoculturadevino.es\/blog\/2016\/05\/11\/escapada-a-ezcaray-villa-turistica-de-la-rioja\/\" target=\"_blank\">Ezcaray<\/a>\u00a0, la estaci\u00f3n de nieve de Valdezcaray entre otros son destinos que se encuentran bastante cerca de Haro y que pueden completar tu visita a La Rioja., la estaci\u00f3n de nieve de Valdezcaray entre otros son destinos que se encuentran bastante cerca de Haro y que pueden completar tu visita a La Rioja.<\/li>\n<\/ul>\n<p>La <strong><b>Ermita de San Felices<\/b><\/strong>\u00a0es un lugar \u00fanico y una visita obligada que nos abre las puertas de Haro donde como acabamos de ver hay muchos espacios, planes y alternativas que visitar, sentir y vivir. <em><i>\u00bfA qu\u00e9 esperas?<\/i><\/em><\/p>\n<p>&nbsp;<\/p>\n<p><em>*Imagen de cabecera del post:\u00a0Riscos de Bilbio desde los riscos de Burad\u00f3n.\u00a0<a href=\"https:\/\/commons.wikimedia.org\/wiki\/File:Riscos_de_Bilbio_desde_los_riscos_de_Burad%C3%B3n.JPG\" target=\"_blank\" rel=\"nofollow\">Bigsus<\/a><\/em><\/p>\n","protected":false},"excerpt":{"rendered":"<p>La Ermita de San Felices, ubicada en los Riscos de Bilibio, es uno de los lugares obligatorios si viajas por el norte de Espa\u00f1a. En 2014 fue nombrado por la Gu\u00eda Repsol como el mejor rinc\u00f3n de Espa\u00f1a.<\/p>\n","protected":false},"author":1,"featured_media":2989,"comment_status":"open","ping_status":"open","sticky":false,"template":"","format":"standard","meta":{"footnotes":"","_elementor_edit_mode":"","_elementor_template_type":"","_elementor_data":"","_elementor_page_settings":null,"_elementor_conditions":[]},"categories":[6],"tags":[403,399,404,400,402,401,4],"class_list":["post-2988","post","type-post","status-publish","format-standard","has-post-thumbnail","hentry","category-experiencias","tag-batalla-vino","tag-bilibio","tag-castillo","tag-ermita-de-san-felices","tag-estatua","tag-lugares-unicos","tag-vino"],"yoast_head":"<!-- This site is optimized with the Yoast SEO plugin v26.8 - https:\/\/yoast.com\/product\/yoast-seo-wordpress\/ -->\n<title>Ermita de San Felices de Bilibio: un lugar \u00fanico | Vivanco<\/title>\n<meta name=\"description\" content=\"La Ermita de San Felices, ubicada en los riscos de Bilibio, es uno de los lugares obligatorios si viajas por el norte de Espa\u00f1a. En 2014 fue nombrado por la Gu\u00eda Repsol como el mejor rinc\u00f3n de Espa\u00f1a.\" \/>\n<meta name=\"robots\" content=\"index, follow, max-snippet:-1, max-image-preview:large, max-video-preview:-1\" \/>\n<link rel=\"canonical\" href=\"https:\/\/vivancoculturadevino.es\/blog\/2017\/04\/24\/ermita-san-felices-bilibio-lugar-unico\/\" \/>\n<meta property=\"og:locale\" content=\"es_ES\" \/>\n<meta property=\"og:type\" content=\"article\" \/>\n<meta property=\"og:title\" content=\"Ermita de San Felices de Bilibio: un lugar \u00fanico | Vivanco\" \/>\n<meta property=\"og:description\" content=\"La Ermita de San Felices, ubicada en los riscos de Bilibio, es uno de los lugares obligatorios si viajas por el norte de Espa\u00f1a. En 2014 fue nombrado por la Gu\u00eda Repsol como el mejor rinc\u00f3n de Espa\u00f1a.\" \/>\n<meta property=\"og:url\" content=\"https:\/\/vivancoculturadevino.es\/blog\/2017\/04\/24\/ermita-san-felices-bilibio-lugar-unico\/\" \/>\n<meta property=\"og:site_name\" content=\"Vivanco\" \/>\n<meta property=\"article:author\" content=\"https:\/\/www.facebook.com\/vivancoculturadevino\" \/>\n<meta property=\"article:published_time\" content=\"2017-04-24T10:23:19+00:00\" \/>\n<meta property=\"article:modified_time\" content=\"2019-02-20T10:49:33+00:00\" \/>\n<meta property=\"og:image\" content=\"https:\/\/vivancoculturadevino.es\/blog\/wp-content\/uploads\/2017\/04\/riscos-bilibio-ermita-san-felices-1024x768.jpg\" \/>\n\t<meta property=\"og:image:width\" content=\"1024\" \/>\n\t<meta property=\"og:image:height\" content=\"768\" \/>\n\t<meta property=\"og:image:type\" content=\"image\/jpeg\" \/>\n<meta name=\"author\" content=\"Vivanco\" \/>\n<meta name=\"twitter:card\" content=\"summary_large_image\" \/>\n<meta name=\"twitter:image\" content=\"https:\/\/vivancoculturadevino.es\/blog\/wp-content\/uploads\/2017\/04\/riscos-bilibio-ermita-san-felices.jpg\" \/>\n<meta name=\"twitter:creator\" content=\"@https:\/\/twitter.com\/Vivanco_es\" \/>\n<meta name=\"twitter:label1\" content=\"Escrito por\" \/>\n\t<meta name=\"twitter:data1\" content=\"Vivanco\" \/>\n\t<meta name=\"twitter:label2\" content=\"Tiempo de lectura\" \/>\n\t<meta name=\"twitter:data2\" content=\"6 minutos\" \/>\n<script type=\"application\/ld+json\" class=\"yoast-schema-graph\">{\"@context\":\"https:\/\/schema.org\",\"@graph\":[{\"@type\":\"Article\",\"@id\":\"https:\/\/vivancoculturadevino.es\/blog\/2017\/04\/24\/ermita-san-felices-bilibio-lugar-unico\/#article\",\"isPartOf\":{\"@id\":\"https:\/\/vivancoculturadevino.es\/blog\/2017\/04\/24\/ermita-san-felices-bilibio-lugar-unico\/\"},\"author\":{\"name\":\"Vivanco\",\"@id\":\"https:\/\/vivancoculturadevino.es\/blog\/#\/schema\/person\/745931ee54ccbb839d8df0cceb02db4c\"},\"headline\":\"Ermita de San Felices de Bilibio: un lugar \u00fanico\",\"datePublished\":\"2017-04-24T10:23:19+00:00\",\"dateModified\":\"2019-02-20T10:49:33+00:00\",\"mainEntityOfPage\":{\"@id\":\"https:\/\/vivancoculturadevino.es\/blog\/2017\/04\/24\/ermita-san-felices-bilibio-lugar-unico\/\"},\"wordCount\":1172,\"commentCount\":0,\"publisher\":{\"@id\":\"https:\/\/vivancoculturadevino.es\/blog\/#organization\"},\"image\":{\"@id\":\"https:\/\/vivancoculturadevino.es\/blog\/2017\/04\/24\/ermita-san-felices-bilibio-lugar-unico\/#primaryimage\"},\"thumbnailUrl\":\"https:\/\/vivancoculturadevino.es\/blog\/wp-content\/uploads\/2017\/04\/riscos-bilibio-ermita-san-felices.jpg\",\"keywords\":[\"Batalla Vino\",\"Bilibio\",\"Castillo\",\"Ermita de San Felices\",\"Estatua\",\"Lugares \u00fanicos\",\"vino\"],\"articleSection\":[\"Compartiendo\"],\"inLanguage\":\"es\",\"potentialAction\":[{\"@type\":\"CommentAction\",\"name\":\"Comment\",\"target\":[\"https:\/\/vivancoculturadevino.es\/blog\/2017\/04\/24\/ermita-san-felices-bilibio-lugar-unico\/#respond\"]}]},{\"@type\":\"WebPage\",\"@id\":\"https:\/\/vivancoculturadevino.es\/blog\/2017\/04\/24\/ermita-san-felices-bilibio-lugar-unico\/\",\"url\":\"https:\/\/vivancoculturadevino.es\/blog\/2017\/04\/24\/ermita-san-felices-bilibio-lugar-unico\/\",\"name\":\"Ermita de San Felices de Bilibio: un lugar \u00fanico | Vivanco\",\"isPartOf\":{\"@id\":\"https:\/\/vivancoculturadevino.es\/blog\/#website\"},\"primaryImageOfPage\":{\"@id\":\"https:\/\/vivancoculturadevino.es\/blog\/2017\/04\/24\/ermita-san-felices-bilibio-lugar-unico\/#primaryimage\"},\"image\":{\"@id\":\"https:\/\/vivancoculturadevino.es\/blog\/2017\/04\/24\/ermita-san-felices-bilibio-lugar-unico\/#primaryimage\"},\"thumbnailUrl\":\"https:\/\/vivancoculturadevino.es\/blog\/wp-content\/uploads\/2017\/04\/riscos-bilibio-ermita-san-felices.jpg\",\"datePublished\":\"2017-04-24T10:23:19+00:00\",\"dateModified\":\"2019-02-20T10:49:33+00:00\",\"description\":\"La Ermita de San Felices, ubicada en los riscos de Bilibio, es uno de los lugares obligatorios si viajas por el norte de Espa\u00f1a. En 2014 fue nombrado por la Gu\u00eda Repsol como el mejor rinc\u00f3n de Espa\u00f1a.\",\"breadcrumb\":{\"@id\":\"https:\/\/vivancoculturadevino.es\/blog\/2017\/04\/24\/ermita-san-felices-bilibio-lugar-unico\/#breadcrumb\"},\"inLanguage\":\"es\",\"potentialAction\":[{\"@type\":\"ReadAction\",\"target\":[\"https:\/\/vivancoculturadevino.es\/blog\/2017\/04\/24\/ermita-san-felices-bilibio-lugar-unico\/\"]}]},{\"@type\":\"ImageObject\",\"inLanguage\":\"es\",\"@id\":\"https:\/\/vivancoculturadevino.es\/blog\/2017\/04\/24\/ermita-san-felices-bilibio-lugar-unico\/#primaryimage\",\"url\":\"https:\/\/vivancoculturadevino.es\/blog\/wp-content\/uploads\/2017\/04\/riscos-bilibio-ermita-san-felices.jpg\",\"contentUrl\":\"https:\/\/vivancoculturadevino.es\/blog\/wp-content\/uploads\/2017\/04\/riscos-bilibio-ermita-san-felices.jpg\",\"width\":4320,\"height\":3240},{\"@type\":\"BreadcrumbList\",\"@id\":\"https:\/\/vivancoculturadevino.es\/blog\/2017\/04\/24\/ermita-san-felices-bilibio-lugar-unico\/#breadcrumb\",\"itemListElement\":[{\"@type\":\"ListItem\",\"position\":1,\"name\":\"Portada\",\"item\":\"https:\/\/vivancoculturadevino.es\/blog\/\"},{\"@type\":\"ListItem\",\"position\":2,\"name\":\"Ermita de San Felices de Bilibio: un lugar \u00fanico\"}]},{\"@type\":\"WebSite\",\"@id\":\"https:\/\/vivancoculturadevino.es\/blog\/#website\",\"url\":\"https:\/\/vivancoculturadevino.es\/blog\/\",\"name\":\"Vivanco\",\"description\":\"Una familia y una pasi\u00f3n: Compartir la cultura del vino\",\"publisher\":{\"@id\":\"https:\/\/vivancoculturadevino.es\/blog\/#organization\"},\"potentialAction\":[{\"@type\":\"SearchAction\",\"target\":{\"@type\":\"EntryPoint\",\"urlTemplate\":\"https:\/\/vivancoculturadevino.es\/blog\/?s={search_term_string}\"},\"query-input\":{\"@type\":\"PropertyValueSpecification\",\"valueRequired\":true,\"valueName\":\"search_term_string\"}}],\"inLanguage\":\"es\"},{\"@type\":\"Organization\",\"@id\":\"https:\/\/vivancoculturadevino.es\/blog\/#organization\",\"name\":\"Vivanco\",\"url\":\"https:\/\/vivancoculturadevino.es\/blog\/\",\"logo\":{\"@type\":\"ImageObject\",\"inLanguage\":\"es\",\"@id\":\"https:\/\/vivancoculturadevino.es\/blog\/#\/schema\/logo\/image\/\",\"url\":\"https:\/\/vivancoculturadevino.es\/blog\/wp-content\/uploads\/2026\/01\/Logo-blanco.svg\",\"contentUrl\":\"https:\/\/vivancoculturadevino.es\/blog\/wp-content\/uploads\/2026\/01\/Logo-blanco.svg\",\"width\":134,\"height\":43,\"caption\":\"Vivanco\"},\"image\":{\"@id\":\"https:\/\/vivancoculturadevino.es\/blog\/#\/schema\/logo\/image\/\"}},{\"@type\":\"Person\",\"@id\":\"https:\/\/vivancoculturadevino.es\/blog\/#\/schema\/person\/745931ee54ccbb839d8df0cceb02db4c\",\"name\":\"Vivanco\",\"image\":{\"@type\":\"ImageObject\",\"inLanguage\":\"es\",\"@id\":\"https:\/\/vivancoculturadevino.es\/blog\/#\/schema\/person\/image\/\",\"url\":\"https:\/\/secure.gravatar.com\/avatar\/61b66c59d132db2f7ad4dfd1cc89bbd508b4d5888ab39ddba99f2aca247b7fb3?s=96&d=mm&r=g\",\"contentUrl\":\"https:\/\/secure.gravatar.com\/avatar\/61b66c59d132db2f7ad4dfd1cc89bbd508b4d5888ab39ddba99f2aca247b7fb3?s=96&d=mm&r=g\",\"caption\":\"Vivanco\"},\"description\":\"Bodega, Fundaci\u00f3n, Experiencias. Compartiendo Cultura de Vino\",\"sameAs\":[\"http:\/\/www.vivancoculturadevino.es\",\"https:\/\/www.facebook.com\/vivancoculturadevino\",\"https:\/\/x.com\/https:\/\/twitter.com\/Vivanco_es\",\"https:\/\/www.youtube.com\/channel\/UC8a2nOiF7kAQNPPduAi2Evw\/videos\"],\"url\":\"https:\/\/vivancoculturadevino.es\/blog\/author\/administrator\/\"}]}<\/script>\n<!-- \/ Yoast SEO plugin. -->","yoast_head_json":{"title":"Ermita de San Felices de Bilibio: un lugar \u00fanico | Vivanco","description":"La Ermita de San Felices, ubicada en los riscos de Bilibio, es uno de los lugares obligatorios si viajas por el norte de Espa\u00f1a. En 2014 fue nombrado por la Gu\u00eda Repsol como el mejor rinc\u00f3n de Espa\u00f1a.","robots":{"index":"index","follow":"follow","max-snippet":"max-snippet:-1","max-image-preview":"max-image-preview:large","max-video-preview":"max-video-preview:-1"},"canonical":"https:\/\/vivancoculturadevino.es\/blog\/2017\/04\/24\/ermita-san-felices-bilibio-lugar-unico\/","og_locale":"es_ES","og_type":"article","og_title":"Ermita de San Felices de Bilibio: un lugar \u00fanico | Vivanco","og_description":"La Ermita de San Felices, ubicada en los riscos de Bilibio, es uno de los lugares obligatorios si viajas por el norte de Espa\u00f1a. En 2014 fue nombrado por la Gu\u00eda Repsol como el mejor rinc\u00f3n de Espa\u00f1a.","og_url":"https:\/\/vivancoculturadevino.es\/blog\/2017\/04\/24\/ermita-san-felices-bilibio-lugar-unico\/","og_site_name":"Vivanco","article_author":"https:\/\/www.facebook.com\/vivancoculturadevino","article_published_time":"2017-04-24T10:23:19+00:00","article_modified_time":"2019-02-20T10:49:33+00:00","og_image":[{"width":1024,"height":768,"url":"https:\/\/vivancoculturadevino.es\/blog\/wp-content\/uploads\/2017\/04\/riscos-bilibio-ermita-san-felices-1024x768.jpg","type":"image\/jpeg"}],"author":"Vivanco","twitter_card":"summary_large_image","twitter_image":"https:\/\/vivancoculturadevino.es\/blog\/wp-content\/uploads\/2017\/04\/riscos-bilibio-ermita-san-felices.jpg","twitter_creator":"@https:\/\/twitter.com\/Vivanco_es","twitter_misc":{"Escrito por":"Vivanco","Tiempo de lectura":"6 minutos"},"schema":{"@context":"https:\/\/schema.org","@graph":[{"@type":"Article","@id":"https:\/\/vivancoculturadevino.es\/blog\/2017\/04\/24\/ermita-san-felices-bilibio-lugar-unico\/#article","isPartOf":{"@id":"https:\/\/vivancoculturadevino.es\/blog\/2017\/04\/24\/ermita-san-felices-bilibio-lugar-unico\/"},"author":{"name":"Vivanco","@id":"https:\/\/vivancoculturadevino.es\/blog\/#\/schema\/person\/745931ee54ccbb839d8df0cceb02db4c"},"headline":"Ermita de San Felices de Bilibio: un lugar \u00fanico","datePublished":"2017-04-24T10:23:19+00:00","dateModified":"2019-02-20T10:49:33+00:00","mainEntityOfPage":{"@id":"https:\/\/vivancoculturadevino.es\/blog\/2017\/04\/24\/ermita-san-felices-bilibio-lugar-unico\/"},"wordCount":1172,"commentCount":0,"publisher":{"@id":"https:\/\/vivancoculturadevino.es\/blog\/#organization"},"image":{"@id":"https:\/\/vivancoculturadevino.es\/blog\/2017\/04\/24\/ermita-san-felices-bilibio-lugar-unico\/#primaryimage"},"thumbnailUrl":"https:\/\/vivancoculturadevino.es\/blog\/wp-content\/uploads\/2017\/04\/riscos-bilibio-ermita-san-felices.jpg","keywords":["Batalla Vino","Bilibio","Castillo","Ermita de San Felices","Estatua","Lugares \u00fanicos","vino"],"articleSection":["Compartiendo"],"inLanguage":"es","potentialAction":[{"@type":"CommentAction","name":"Comment","target":["https:\/\/vivancoculturadevino.es\/blog\/2017\/04\/24\/ermita-san-felices-bilibio-lugar-unico\/#respond"]}]},{"@type":"WebPage","@id":"https:\/\/vivancoculturadevino.es\/blog\/2017\/04\/24\/ermita-san-felices-bilibio-lugar-unico\/","url":"https:\/\/vivancoculturadevino.es\/blog\/2017\/04\/24\/ermita-san-felices-bilibio-lugar-unico\/","name":"Ermita de San Felices de Bilibio: un lugar \u00fanico | Vivanco","isPartOf":{"@id":"https:\/\/vivancoculturadevino.es\/blog\/#website"},"primaryImageOfPage":{"@id":"https:\/\/vivancoculturadevino.es\/blog\/2017\/04\/24\/ermita-san-felices-bilibio-lugar-unico\/#primaryimage"},"image":{"@id":"https:\/\/vivancoculturadevino.es\/blog\/2017\/04\/24\/ermita-san-felices-bilibio-lugar-unico\/#primaryimage"},"thumbnailUrl":"https:\/\/vivancoculturadevino.es\/blog\/wp-content\/uploads\/2017\/04\/riscos-bilibio-ermita-san-felices.jpg","datePublished":"2017-04-24T10:23:19+00:00","dateModified":"2019-02-20T10:49:33+00:00","description":"La Ermita de San Felices, ubicada en los riscos de Bilibio, es uno de los lugares obligatorios si viajas por el norte de Espa\u00f1a. En 2014 fue nombrado por la Gu\u00eda Repsol como el mejor rinc\u00f3n de Espa\u00f1a.","breadcrumb":{"@id":"https:\/\/vivancoculturadevino.es\/blog\/2017\/04\/24\/ermita-san-felices-bilibio-lugar-unico\/#breadcrumb"},"inLanguage":"es","potentialAction":[{"@type":"ReadAction","target":["https:\/\/vivancoculturadevino.es\/blog\/2017\/04\/24\/ermita-san-felices-bilibio-lugar-unico\/"]}]},{"@type":"ImageObject","inLanguage":"es","@id":"https:\/\/vivancoculturadevino.es\/blog\/2017\/04\/24\/ermita-san-felices-bilibio-lugar-unico\/#primaryimage","url":"https:\/\/vivancoculturadevino.es\/blog\/wp-content\/uploads\/2017\/04\/riscos-bilibio-ermita-san-felices.jpg","contentUrl":"https:\/\/vivancoculturadevino.es\/blog\/wp-content\/uploads\/2017\/04\/riscos-bilibio-ermita-san-felices.jpg","width":4320,"height":3240},{"@type":"BreadcrumbList","@id":"https:\/\/vivancoculturadevino.es\/blog\/2017\/04\/24\/ermita-san-felices-bilibio-lugar-unico\/#breadcrumb","itemListElement":[{"@type":"ListItem","position":1,"name":"Portada","item":"https:\/\/vivancoculturadevino.es\/blog\/"},{"@type":"ListItem","position":2,"name":"Ermita de San Felices de Bilibio: un lugar \u00fanico"}]},{"@type":"WebSite","@id":"https:\/\/vivancoculturadevino.es\/blog\/#website","url":"https:\/\/vivancoculturadevino.es\/blog\/","name":"Vivanco","description":"Una familia y una pasi\u00f3n: Compartir la cultura del vino","publisher":{"@id":"https:\/\/vivancoculturadevino.es\/blog\/#organization"},"potentialAction":[{"@type":"SearchAction","target":{"@type":"EntryPoint","urlTemplate":"https:\/\/vivancoculturadevino.es\/blog\/?s={search_term_string}"},"query-input":{"@type":"PropertyValueSpecification","valueRequired":true,"valueName":"search_term_string"}}],"inLanguage":"es"},{"@type":"Organization","@id":"https:\/\/vivancoculturadevino.es\/blog\/#organization","name":"Vivanco","url":"https:\/\/vivancoculturadevino.es\/blog\/","logo":{"@type":"ImageObject","inLanguage":"es","@id":"https:\/\/vivancoculturadevino.es\/blog\/#\/schema\/logo\/image\/","url":"https:\/\/vivancoculturadevino.es\/blog\/wp-content\/uploads\/2026\/01\/Logo-blanco.svg","contentUrl":"https:\/\/vivancoculturadevino.es\/blog\/wp-content\/uploads\/2026\/01\/Logo-blanco.svg","width":134,"height":43,"caption":"Vivanco"},"image":{"@id":"https:\/\/vivancoculturadevino.es\/blog\/#\/schema\/logo\/image\/"}},{"@type":"Person","@id":"https:\/\/vivancoculturadevino.es\/blog\/#\/schema\/person\/745931ee54ccbb839d8df0cceb02db4c","name":"Vivanco","image":{"@type":"ImageObject","inLanguage":"es","@id":"https:\/\/vivancoculturadevino.es\/blog\/#\/schema\/person\/image\/","url":"https:\/\/secure.gravatar.com\/avatar\/61b66c59d132db2f7ad4dfd1cc89bbd508b4d5888ab39ddba99f2aca247b7fb3?s=96&d=mm&r=g","contentUrl":"https:\/\/secure.gravatar.com\/avatar\/61b66c59d132db2f7ad4dfd1cc89bbd508b4d5888ab39ddba99f2aca247b7fb3?s=96&d=mm&r=g","caption":"Vivanco"},"description":"Bodega, Fundaci\u00f3n, Experiencias. Compartiendo Cultura de Vino","sameAs":["http:\/\/www.vivancoculturadevino.es","https:\/\/www.facebook.com\/vivancoculturadevino","https:\/\/x.com\/https:\/\/twitter.com\/Vivanco_es","https:\/\/www.youtube.com\/channel\/UC8a2nOiF7kAQNPPduAi2Evw\/videos"],"url":"https:\/\/vivancoculturadevino.es\/blog\/author\/administrator\/"}]}},"_links":{"self":[{"href":"https:\/\/vivancoculturadevino.es\/blog\/wp-json\/wp\/v2\/posts\/2988","targetHints":{"allow":["GET"]}}],"collection":[{"href":"https:\/\/vivancoculturadevino.es\/blog\/wp-json\/wp\/v2\/posts"}],"about":[{"href":"https:\/\/vivancoculturadevino.es\/blog\/wp-json\/wp\/v2\/types\/post"}],"author":[{"embeddable":true,"href":"https:\/\/vivancoculturadevino.es\/blog\/wp-json\/wp\/v2\/users\/1"}],"replies":[{"embeddable":true,"href":"https:\/\/vivancoculturadevino.es\/blog\/wp-json\/wp\/v2\/comments?post=2988"}],"version-history":[{"count":14,"href":"https:\/\/vivancoculturadevino.es\/blog\/wp-json\/wp\/v2\/posts\/2988\/revisions"}],"predecessor-version":[{"id":3824,"href":"https:\/\/vivancoculturadevino.es\/blog\/wp-json\/wp\/v2\/posts\/2988\/revisions\/3824"}],"wp:featuredmedia":[{"embeddable":true,"href":"https:\/\/vivancoculturadevino.es\/blog\/wp-json\/wp\/v2\/media\/2989"}],"wp:attachment":[{"href":"https:\/\/vivancoculturadevino.es\/blog\/wp-json\/wp\/v2\/media?parent=2988"}],"wp:term":[{"taxonomy":"category","embeddable":true,"href":"https:\/\/vivancoculturadevino.es\/blog\/wp-json\/wp\/v2\/categories?post=2988"},{"taxonomy":"post_tag","embeddable":true,"href":"https:\/\/vivancoculturadevino.es\/blog\/wp-json\/wp\/v2\/tags?post=2988"}],"curies":[{"name":"wp","href":"https:\/\/api.w.org\/{rel}","templated":true}]}}