{"id":2910,"date":"2017-04-03T16:23:00","date_gmt":"2017-04-03T15:23:00","guid":{"rendered":"https:\/\/vivancoculturadevino.es\/blog\/?p=2910"},"modified":"2017-04-03T16:23:40","modified_gmt":"2017-04-03T15:23:40","slug":"como-ayudo-primera-bomba-atomica-a-determinar-antiguedad-vino","status":"publish","type":"post","link":"https:\/\/vivancoculturadevino.es\/blog\/2017\/04\/03\/como-ayudo-primera-bomba-atomica-a-determinar-antiguedad-vino\/","title":{"rendered":"\u00bfC\u00f3mo ayud\u00f3 la primera bomba at\u00f3mica a determinar la antig\u00fcedad de un vino?"},"content":{"rendered":"<p>En diciembre de 1985 la casa de subastas <em>Christies<\/em> de Londres sac\u00f3 a subasta una botella de <em>Chateau Lafite de 1787<\/em>. Adem\u00e1s de la antig\u00fcedad del vino, aquella botella ten\u00eda una historia muy particular: las iniciales \u201cTh.J\u201d que ten\u00eda grabadas se deb\u00edan a que <strong>perteneci\u00f3 a la colecci\u00f3n privada del presidente de los EEUU Thomas Jefferson<\/strong>.<\/p>\n<p>L\u00f3gicamente, esta historia incrementaba el valor de la botella de vino y a <em>Christies<\/em> le interesaba que fuese cierta. Es verdad que lo tuvo f\u00e1cil, ya que Thomas Jefferson fue\u00a0\u00a0\u00a0 embajador en Francia desde 1785 hasta 1789 y, adem\u00e1s, <strong>era un gran aficionado a los vinos y experto catador<\/strong>. De hecho, cuando regres\u00f3 a los EEUU, orden\u00f3 que se le enviasen varias partidas de vino Burdeos y que cada botella fuese marcada con sus iniciales. As\u00ed que, era una historia, como m\u00ednimo, veros\u00edmil.<\/p>\n<p><strong>Por aquel <em>Chateau Lafite de 1787 <\/em>se pagaron 157.000 d\u00f3lares<\/strong>, el precio m\u00e1s alto que se ha pagado por una botella de vino en toda la historia.<\/p>\n<p>Aquella subasta abri\u00f3 la veda de las llamadas botellas Jefferson y los coleccionistas se lanzaron a la b\u00fasqueda de estas rarezas. A finales de los ochenta, el coleccionista estadounidense William Koch, y l\u00f3gicamente multimillonario, hab\u00eda conseguido cuatro botellas Jefferson, fechadas entre 1784 y 1787, por un total de 500.000 d\u00f3lares. Durante varios a\u00f1os permanecieron en las bodegas del magnate para fardar ante sus amigos&#8230; hasta 2005. El <em>Boston Museum of Fine Arts<\/em> solicit\u00f3 a Koch algunos art\u00edculos de su colecci\u00f3n de antig\u00fcedades para montar una exposici\u00f3n. Ante las dudas de autenticidad de aquellas botellas de vino,<strong> el personal del museo busc\u00f3 la corroboraci\u00f3n hist\u00f3rica a trav\u00e9s de la Fundaci\u00f3n Thomas Jefferson<\/strong>. La respuesta no fue la esperada&#8230;<\/p>\n<p><em>\u00a0\u00a0\u00a0\u00a0\u00a0\u00a0\u00a0\u00a0\u00a0 <strong>No creemos que esas botellas perteneciesen a Thomas Jefferson.<\/strong><\/em><\/p>\n<p>&nbsp;<\/p>\n<p><img fetchpriority=\"high\" decoding=\"async\" class=\"aligncenter wp-image-2912\" src=\"https:\/\/vivancoculturadevino.es\/blog\/wp-content\/uploads\/2017\/04\/presidente-thomas-jefferson-retrato-859x1024.jpg\" alt=\"presidente thomas jefferson retrato\" width=\"600\" height=\"716\" srcset=\"https:\/\/vivancoculturadevino.es\/blog\/wp-content\/uploads\/2017\/04\/presidente-thomas-jefferson-retrato-859x1024.jpg 859w, https:\/\/vivancoculturadevino.es\/blog\/wp-content\/uploads\/2017\/04\/presidente-thomas-jefferson-retrato-252x300.jpg 252w\" sizes=\"(max-width: 600px) 100vw, 600px\" \/><\/p>\n<pre style=\"text-align: center;\">Retrato del Presidente Thomas Jefferson. A\u00f1o: 1800<\/pre>\n<p>&nbsp;<\/p>\n<p>Sinti\u00e9ndose enga\u00f1ado, Koch contrat\u00f3 al ex agente del FBI Jim Elroy para investigar la procedencia de las botellas Jefferson. Elroy reuni\u00f3 a un equipo de expertos en vino, entre ellos un ex inspector de Scotland Yard y un ex agente del MI5, y puso en marcha una investigaci\u00f3n internacional. No les cost\u00f3 mucho identificar a Hardy Rodenstock, un editor musical conocido por organizar lujosas catas entre celebridades y cr\u00edticos de vino, como el responsable de poner en el mercado las botellas Jefferson.<\/p>\n<p>El siguiente paso de Elroy era <strong>datar la antig\u00fcedad el vino para ver si<\/strong>, por lo menos, <strong>el vino era del siglo XVIII<\/strong>, porque el rastreo de otras muchas botellas de <em>Chateau Lafite<\/em> del XVIII databan de la d\u00e9cada de 1960. <strong>Adem\u00e1s, ten\u00eda que hacerlo sin abrir las botellas y estropear el contenido<\/strong>. Harto dif\u00edcil, pero no imposible.<\/p>\n<p>La soluci\u00f3n la encontr\u00f3 en un art\u00edculo publicado por el f\u00edsico franc\u00e9s Philippe Hubert en la revista <em>Scientific American<\/em><em>. <\/em><em><strong>Philippe Hubert hab\u00eda ideado un m\u00e9todo para comprobar la edad de vino sin abrir la botella utilizando rayos gamma de baja frecuencia<\/strong><\/em><em> <strong>para detectar la presencia del is\u00f3topo radiactivo cesio-137<\/strong>. <strong>El cesio-137 no es de origen natural; es el resultado de la lluvia radiactiva y<\/strong>, por tanto, un vino embotellado antes de 1945, a\u00f1o de la <\/em><em>primera prueba de un arma nuclear y las bombas at\u00f3micas sobre Hiroshima y Nagasaki, <\/em><em>no contiene cesio-137. As\u00ed que, Elroy viaj\u00f3 con las botellas a Francia. El f\u00edsico realiz\u00f3 las pruebas y, para sorpresa de Elroy, no conten\u00edan el is\u00f3topo radioactivo. <\/em><strong>El vino se hab\u00eda sido embotellado antes de 1945<\/strong>. Sin embargo, la historia no hab\u00eda terminado todav\u00eda.<\/p>\n<p>Elroy y su equipo descubrieron algo extra\u00f1o en las propias botellas&#8230; las iniciales \u201cTh.J\u201d grabadas en el vidrio parec\u00edan muy perfectas e iguales para haber sido hechas con una ruedecilla de cobre -herramienta utilizada en el XVIII-. Contact\u00f3 con un experto y tras examinar las botellas se lleg\u00f3 a la conclusi\u00f3n de que hab\u00edan sido grabadas con una herramienta el\u00e9ctrica similar a las utilizadas por los dentistas, por lo que esas botellas nunca pertenecieron a Thomas Jefferson.<\/p>\n<p>Koch present\u00f3 una demanda civil contra Rodenstock en 2006. Rodenstock se neg\u00f3 a participar, alegando que Koch no le hab\u00eda comprado las botellas directamente de \u00e9l y que que no pod\u00eda ser acusado en un tribunal estadounidense porque era un ciudadano alem\u00e1n. Rodenstock nunca fue acusado.<\/p>\n<p>Ahora, cuando Kock ense\u00f1a su bodega a los amigos, le gusta presumir de ser due\u00f1o de las falsificaciones Thomas Jefferson.<\/p>\n<p>&nbsp;<\/p>\n<p>&nbsp;<\/p>\n","protected":false},"excerpt":{"rendered":"<p>Conoce la interesante historia de c\u00f3mo se descubri\u00f3 si unas botellas subastadas en 1.787 pertenec\u00edan al presidente Thomas Jefferson.<\/p>\n","protected":false},"author":8,"featured_media":2911,"comment_status":"open","ping_status":"open","sticky":false,"template":"","format":"standard","meta":{"footnotes":"","_elementor_edit_mode":"","_elementor_template_type":"","_elementor_data":"","_elementor_page_settings":null,"_elementor_conditions":[]},"categories":[7],"tags":[380,373,383,381,382],"class_list":["post-2910","post","type-post","status-publish","format-standard","has-post-thumbnail","hentry","category-fundacion","tag-antiguedad-vino","tag-botella-vino","tag-botellas-jefferson","tag-historia-vino","tag-jefferson"],"yoast_head":"<!-- This site is optimized with the Yoast SEO plugin v26.8 - https:\/\/yoast.com\/product\/yoast-seo-wordpress\/ -->\n<title>\u00bfC\u00f3mo ayud\u00f3 la primera bomba at\u00f3mica a determinar la antig\u00fcedad de un vino? | Vivanco<\/title>\n<meta name=\"description\" content=\"Conoce la interesante historia de c\u00f3mo se descubri\u00f3 si unas botellas subastadas en 1.787 pertenec\u00edan al presidente Thomas Jefferson.\" \/>\n<meta name=\"robots\" content=\"index, follow, max-snippet:-1, max-image-preview:large, max-video-preview:-1\" \/>\n<link rel=\"canonical\" href=\"https:\/\/vivancoculturadevino.es\/blog\/2017\/04\/03\/como-ayudo-primera-bomba-atomica-a-determinar-antiguedad-vino\/\" \/>\n<meta property=\"og:locale\" content=\"es_ES\" \/>\n<meta property=\"og:type\" content=\"article\" \/>\n<meta property=\"og:title\" content=\"\u00bfC\u00f3mo ayud\u00f3 la primera bomba at\u00f3mica a determinar la antig\u00fcedad de un vino? | Vivanco\" \/>\n<meta property=\"og:description\" content=\"Conoce la interesante historia de c\u00f3mo se descubri\u00f3 si unas botellas subastadas en 1.787 pertenec\u00edan al presidente Thomas Jefferson.\" \/>\n<meta property=\"og:url\" content=\"https:\/\/vivancoculturadevino.es\/blog\/2017\/04\/03\/como-ayudo-primera-bomba-atomica-a-determinar-antiguedad-vino\/\" \/>\n<meta property=\"og:site_name\" content=\"Vivanco\" \/>\n<meta property=\"article:author\" content=\"https:\/\/www.facebook.com\/HistoriasdelaHistoria\" \/>\n<meta property=\"article:published_time\" content=\"2017-04-03T15:23:00+00:00\" \/>\n<meta property=\"article:modified_time\" content=\"2017-04-03T15:23:40+00:00\" \/>\n<meta property=\"og:image\" content=\"https:\/\/vivancoculturadevino.es\/blog\/wp-content\/uploads\/2017\/04\/Botellas-Jefferson.jpg\" \/>\n\t<meta property=\"og:image:width\" content=\"710\" \/>\n\t<meta property=\"og:image:height\" content=\"510\" \/>\n\t<meta property=\"og:image:type\" content=\"image\/jpeg\" \/>\n<meta name=\"author\" content=\"Javier Sanz\" \/>\n<meta name=\"twitter:card\" content=\"summary_large_image\" \/>\n<meta name=\"twitter:creator\" content=\"@https:\/\/twitter.com\/jsanz\" \/>\n<meta name=\"twitter:label1\" content=\"Escrito por\" \/>\n\t<meta name=\"twitter:data1\" content=\"Javier Sanz\" \/>\n\t<meta name=\"twitter:label2\" content=\"Tiempo de lectura\" \/>\n\t<meta name=\"twitter:data2\" content=\"4 minutos\" \/>\n<script type=\"application\/ld+json\" class=\"yoast-schema-graph\">{\"@context\":\"https:\/\/schema.org\",\"@graph\":[{\"@type\":\"Article\",\"@id\":\"https:\/\/vivancoculturadevino.es\/blog\/2017\/04\/03\/como-ayudo-primera-bomba-atomica-a-determinar-antiguedad-vino\/#article\",\"isPartOf\":{\"@id\":\"https:\/\/vivancoculturadevino.es\/blog\/2017\/04\/03\/como-ayudo-primera-bomba-atomica-a-determinar-antiguedad-vino\/\"},\"author\":{\"name\":\"Javier Sanz\",\"@id\":\"https:\/\/vivancoculturadevino.es\/blog\/#\/schema\/person\/8b9b698cff084699559378a8ebe12b8d\"},\"headline\":\"\u00bfC\u00f3mo ayud\u00f3 la primera bomba at\u00f3mica a determinar la antig\u00fcedad de un vino?\",\"datePublished\":\"2017-04-03T15:23:00+00:00\",\"dateModified\":\"2017-04-03T15:23:40+00:00\",\"mainEntityOfPage\":{\"@id\":\"https:\/\/vivancoculturadevino.es\/blog\/2017\/04\/03\/como-ayudo-primera-bomba-atomica-a-determinar-antiguedad-vino\/\"},\"wordCount\":776,\"commentCount\":1,\"publisher\":{\"@id\":\"https:\/\/vivancoculturadevino.es\/blog\/#organization\"},\"image\":{\"@id\":\"https:\/\/vivancoculturadevino.es\/blog\/2017\/04\/03\/como-ayudo-primera-bomba-atomica-a-determinar-antiguedad-vino\/#primaryimage\"},\"thumbnailUrl\":\"https:\/\/vivancoculturadevino.es\/blog\/wp-content\/uploads\/2017\/04\/Botellas-Jefferson.jpg\",\"keywords\":[\"antig\u00fcedad vino\",\"botella vino\",\"Botellas Jefferson\",\"historia vino\",\"Jefferson\"],\"articleSection\":[\"Cultura\"],\"inLanguage\":\"es\",\"potentialAction\":[{\"@type\":\"CommentAction\",\"name\":\"Comment\",\"target\":[\"https:\/\/vivancoculturadevino.es\/blog\/2017\/04\/03\/como-ayudo-primera-bomba-atomica-a-determinar-antiguedad-vino\/#respond\"]}]},{\"@type\":\"WebPage\",\"@id\":\"https:\/\/vivancoculturadevino.es\/blog\/2017\/04\/03\/como-ayudo-primera-bomba-atomica-a-determinar-antiguedad-vino\/\",\"url\":\"https:\/\/vivancoculturadevino.es\/blog\/2017\/04\/03\/como-ayudo-primera-bomba-atomica-a-determinar-antiguedad-vino\/\",\"name\":\"\u00bfC\u00f3mo ayud\u00f3 la primera bomba at\u00f3mica a determinar la antig\u00fcedad de un vino? | Vivanco\",\"isPartOf\":{\"@id\":\"https:\/\/vivancoculturadevino.es\/blog\/#website\"},\"primaryImageOfPage\":{\"@id\":\"https:\/\/vivancoculturadevino.es\/blog\/2017\/04\/03\/como-ayudo-primera-bomba-atomica-a-determinar-antiguedad-vino\/#primaryimage\"},\"image\":{\"@id\":\"https:\/\/vivancoculturadevino.es\/blog\/2017\/04\/03\/como-ayudo-primera-bomba-atomica-a-determinar-antiguedad-vino\/#primaryimage\"},\"thumbnailUrl\":\"https:\/\/vivancoculturadevino.es\/blog\/wp-content\/uploads\/2017\/04\/Botellas-Jefferson.jpg\",\"datePublished\":\"2017-04-03T15:23:00+00:00\",\"dateModified\":\"2017-04-03T15:23:40+00:00\",\"description\":\"Conoce la interesante historia de c\u00f3mo se descubri\u00f3 si unas botellas subastadas en 1.787 pertenec\u00edan al presidente Thomas Jefferson.\",\"breadcrumb\":{\"@id\":\"https:\/\/vivancoculturadevino.es\/blog\/2017\/04\/03\/como-ayudo-primera-bomba-atomica-a-determinar-antiguedad-vino\/#breadcrumb\"},\"inLanguage\":\"es\",\"potentialAction\":[{\"@type\":\"ReadAction\",\"target\":[\"https:\/\/vivancoculturadevino.es\/blog\/2017\/04\/03\/como-ayudo-primera-bomba-atomica-a-determinar-antiguedad-vino\/\"]}]},{\"@type\":\"ImageObject\",\"inLanguage\":\"es\",\"@id\":\"https:\/\/vivancoculturadevino.es\/blog\/2017\/04\/03\/como-ayudo-primera-bomba-atomica-a-determinar-antiguedad-vino\/#primaryimage\",\"url\":\"https:\/\/vivancoculturadevino.es\/blog\/wp-content\/uploads\/2017\/04\/Botellas-Jefferson.jpg\",\"contentUrl\":\"https:\/\/vivancoculturadevino.es\/blog\/wp-content\/uploads\/2017\/04\/Botellas-Jefferson.jpg\",\"width\":710,\"height\":510},{\"@type\":\"BreadcrumbList\",\"@id\":\"https:\/\/vivancoculturadevino.es\/blog\/2017\/04\/03\/como-ayudo-primera-bomba-atomica-a-determinar-antiguedad-vino\/#breadcrumb\",\"itemListElement\":[{\"@type\":\"ListItem\",\"position\":1,\"name\":\"Portada\",\"item\":\"https:\/\/vivancoculturadevino.es\/blog\/\"},{\"@type\":\"ListItem\",\"position\":2,\"name\":\"\u00bfC\u00f3mo ayud\u00f3 la primera bomba at\u00f3mica a determinar la antig\u00fcedad de un vino?\"}]},{\"@type\":\"WebSite\",\"@id\":\"https:\/\/vivancoculturadevino.es\/blog\/#website\",\"url\":\"https:\/\/vivancoculturadevino.es\/blog\/\",\"name\":\"Vivanco\",\"description\":\"Una familia y una pasi\u00f3n: Compartir la cultura del vino\",\"publisher\":{\"@id\":\"https:\/\/vivancoculturadevino.es\/blog\/#organization\"},\"potentialAction\":[{\"@type\":\"SearchAction\",\"target\":{\"@type\":\"EntryPoint\",\"urlTemplate\":\"https:\/\/vivancoculturadevino.es\/blog\/?s={search_term_string}\"},\"query-input\":{\"@type\":\"PropertyValueSpecification\",\"valueRequired\":true,\"valueName\":\"search_term_string\"}}],\"inLanguage\":\"es\"},{\"@type\":\"Organization\",\"@id\":\"https:\/\/vivancoculturadevino.es\/blog\/#organization\",\"name\":\"Vivanco\",\"url\":\"https:\/\/vivancoculturadevino.es\/blog\/\",\"logo\":{\"@type\":\"ImageObject\",\"inLanguage\":\"es\",\"@id\":\"https:\/\/vivancoculturadevino.es\/blog\/#\/schema\/logo\/image\/\",\"url\":\"https:\/\/vivancoculturadevino.es\/blog\/wp-content\/uploads\/2026\/01\/Logo-blanco.svg\",\"contentUrl\":\"https:\/\/vivancoculturadevino.es\/blog\/wp-content\/uploads\/2026\/01\/Logo-blanco.svg\",\"width\":134,\"height\":43,\"caption\":\"Vivanco\"},\"image\":{\"@id\":\"https:\/\/vivancoculturadevino.es\/blog\/#\/schema\/logo\/image\/\"}},{\"@type\":\"Person\",\"@id\":\"https:\/\/vivancoculturadevino.es\/blog\/#\/schema\/person\/8b9b698cff084699559378a8ebe12b8d\",\"name\":\"Javier Sanz\",\"image\":{\"@type\":\"ImageObject\",\"inLanguage\":\"es\",\"@id\":\"https:\/\/vivancoculturadevino.es\/blog\/#\/schema\/person\/image\/\",\"url\":\"https:\/\/secure.gravatar.com\/avatar\/a50fceb249b4111443d60ecf2777e8ac4b31d342734cfd7b97b36a8a32dbf3f8?s=96&d=mm&r=g\",\"contentUrl\":\"https:\/\/secure.gravatar.com\/avatar\/a50fceb249b4111443d60ecf2777e8ac4b31d342734cfd7b97b36a8a32dbf3f8?s=96&d=mm&r=g\",\"caption\":\"Javier Sanz\"},\"description\":\"Contador de historias a trav\u00e9s del blog, libros, colaboraciones en prensa y radio con la \u00fanica pretensi\u00f3n de acercar la historia de forma amena y entretenida a los que la dejaron de lado. Director de la revista digital e interactiva \\\"iHstoria\\\". Colaboraciones en el peri\u00f3dico Diario de Teruel, revista Iberia Vieja y revista Cl\u00edo. Colaboraciones en radio en La Rosa de los Vientos (Onda Cero), Gente Despierta (RNE) y La Noche es Nuestra (EuropaFM).\",\"sameAs\":[\"http:\/\/historiasdelahistoria.com\/\",\"https:\/\/www.facebook.com\/HistoriasdelaHistoria\",\"https:\/\/x.com\/https:\/\/twitter.com\/jsanz\"],\"url\":\"https:\/\/vivancoculturadevino.es\/blog\/author\/javier-sanz\/\"}]}<\/script>\n<!-- \/ Yoast SEO plugin. -->","yoast_head_json":{"title":"\u00bfC\u00f3mo ayud\u00f3 la primera bomba at\u00f3mica a determinar la antig\u00fcedad de un vino? | Vivanco","description":"Conoce la interesante historia de c\u00f3mo se descubri\u00f3 si unas botellas subastadas en 1.787 pertenec\u00edan al presidente Thomas Jefferson.","robots":{"index":"index","follow":"follow","max-snippet":"max-snippet:-1","max-image-preview":"max-image-preview:large","max-video-preview":"max-video-preview:-1"},"canonical":"https:\/\/vivancoculturadevino.es\/blog\/2017\/04\/03\/como-ayudo-primera-bomba-atomica-a-determinar-antiguedad-vino\/","og_locale":"es_ES","og_type":"article","og_title":"\u00bfC\u00f3mo ayud\u00f3 la primera bomba at\u00f3mica a determinar la antig\u00fcedad de un vino? | Vivanco","og_description":"Conoce la interesante historia de c\u00f3mo se descubri\u00f3 si unas botellas subastadas en 1.787 pertenec\u00edan al presidente Thomas Jefferson.","og_url":"https:\/\/vivancoculturadevino.es\/blog\/2017\/04\/03\/como-ayudo-primera-bomba-atomica-a-determinar-antiguedad-vino\/","og_site_name":"Vivanco","article_author":"https:\/\/www.facebook.com\/HistoriasdelaHistoria","article_published_time":"2017-04-03T15:23:00+00:00","article_modified_time":"2017-04-03T15:23:40+00:00","og_image":[{"width":710,"height":510,"url":"https:\/\/vivancoculturadevino.es\/blog\/wp-content\/uploads\/2017\/04\/Botellas-Jefferson.jpg","type":"image\/jpeg"}],"author":"Javier Sanz","twitter_card":"summary_large_image","twitter_creator":"@https:\/\/twitter.com\/jsanz","twitter_misc":{"Escrito por":"Javier Sanz","Tiempo de lectura":"4 minutos"},"schema":{"@context":"https:\/\/schema.org","@graph":[{"@type":"Article","@id":"https:\/\/vivancoculturadevino.es\/blog\/2017\/04\/03\/como-ayudo-primera-bomba-atomica-a-determinar-antiguedad-vino\/#article","isPartOf":{"@id":"https:\/\/vivancoculturadevino.es\/blog\/2017\/04\/03\/como-ayudo-primera-bomba-atomica-a-determinar-antiguedad-vino\/"},"author":{"name":"Javier Sanz","@id":"https:\/\/vivancoculturadevino.es\/blog\/#\/schema\/person\/8b9b698cff084699559378a8ebe12b8d"},"headline":"\u00bfC\u00f3mo ayud\u00f3 la primera bomba at\u00f3mica a determinar la antig\u00fcedad de un vino?","datePublished":"2017-04-03T15:23:00+00:00","dateModified":"2017-04-03T15:23:40+00:00","mainEntityOfPage":{"@id":"https:\/\/vivancoculturadevino.es\/blog\/2017\/04\/03\/como-ayudo-primera-bomba-atomica-a-determinar-antiguedad-vino\/"},"wordCount":776,"commentCount":1,"publisher":{"@id":"https:\/\/vivancoculturadevino.es\/blog\/#organization"},"image":{"@id":"https:\/\/vivancoculturadevino.es\/blog\/2017\/04\/03\/como-ayudo-primera-bomba-atomica-a-determinar-antiguedad-vino\/#primaryimage"},"thumbnailUrl":"https:\/\/vivancoculturadevino.es\/blog\/wp-content\/uploads\/2017\/04\/Botellas-Jefferson.jpg","keywords":["antig\u00fcedad vino","botella vino","Botellas Jefferson","historia vino","Jefferson"],"articleSection":["Cultura"],"inLanguage":"es","potentialAction":[{"@type":"CommentAction","name":"Comment","target":["https:\/\/vivancoculturadevino.es\/blog\/2017\/04\/03\/como-ayudo-primera-bomba-atomica-a-determinar-antiguedad-vino\/#respond"]}]},{"@type":"WebPage","@id":"https:\/\/vivancoculturadevino.es\/blog\/2017\/04\/03\/como-ayudo-primera-bomba-atomica-a-determinar-antiguedad-vino\/","url":"https:\/\/vivancoculturadevino.es\/blog\/2017\/04\/03\/como-ayudo-primera-bomba-atomica-a-determinar-antiguedad-vino\/","name":"\u00bfC\u00f3mo ayud\u00f3 la primera bomba at\u00f3mica a determinar la antig\u00fcedad de un vino? | Vivanco","isPartOf":{"@id":"https:\/\/vivancoculturadevino.es\/blog\/#website"},"primaryImageOfPage":{"@id":"https:\/\/vivancoculturadevino.es\/blog\/2017\/04\/03\/como-ayudo-primera-bomba-atomica-a-determinar-antiguedad-vino\/#primaryimage"},"image":{"@id":"https:\/\/vivancoculturadevino.es\/blog\/2017\/04\/03\/como-ayudo-primera-bomba-atomica-a-determinar-antiguedad-vino\/#primaryimage"},"thumbnailUrl":"https:\/\/vivancoculturadevino.es\/blog\/wp-content\/uploads\/2017\/04\/Botellas-Jefferson.jpg","datePublished":"2017-04-03T15:23:00+00:00","dateModified":"2017-04-03T15:23:40+00:00","description":"Conoce la interesante historia de c\u00f3mo se descubri\u00f3 si unas botellas subastadas en 1.787 pertenec\u00edan al presidente Thomas Jefferson.","breadcrumb":{"@id":"https:\/\/vivancoculturadevino.es\/blog\/2017\/04\/03\/como-ayudo-primera-bomba-atomica-a-determinar-antiguedad-vino\/#breadcrumb"},"inLanguage":"es","potentialAction":[{"@type":"ReadAction","target":["https:\/\/vivancoculturadevino.es\/blog\/2017\/04\/03\/como-ayudo-primera-bomba-atomica-a-determinar-antiguedad-vino\/"]}]},{"@type":"ImageObject","inLanguage":"es","@id":"https:\/\/vivancoculturadevino.es\/blog\/2017\/04\/03\/como-ayudo-primera-bomba-atomica-a-determinar-antiguedad-vino\/#primaryimage","url":"https:\/\/vivancoculturadevino.es\/blog\/wp-content\/uploads\/2017\/04\/Botellas-Jefferson.jpg","contentUrl":"https:\/\/vivancoculturadevino.es\/blog\/wp-content\/uploads\/2017\/04\/Botellas-Jefferson.jpg","width":710,"height":510},{"@type":"BreadcrumbList","@id":"https:\/\/vivancoculturadevino.es\/blog\/2017\/04\/03\/como-ayudo-primera-bomba-atomica-a-determinar-antiguedad-vino\/#breadcrumb","itemListElement":[{"@type":"ListItem","position":1,"name":"Portada","item":"https:\/\/vivancoculturadevino.es\/blog\/"},{"@type":"ListItem","position":2,"name":"\u00bfC\u00f3mo ayud\u00f3 la primera bomba at\u00f3mica a determinar la antig\u00fcedad de un vino?"}]},{"@type":"WebSite","@id":"https:\/\/vivancoculturadevino.es\/blog\/#website","url":"https:\/\/vivancoculturadevino.es\/blog\/","name":"Vivanco","description":"Una familia y una pasi\u00f3n: Compartir la cultura del vino","publisher":{"@id":"https:\/\/vivancoculturadevino.es\/blog\/#organization"},"potentialAction":[{"@type":"SearchAction","target":{"@type":"EntryPoint","urlTemplate":"https:\/\/vivancoculturadevino.es\/blog\/?s={search_term_string}"},"query-input":{"@type":"PropertyValueSpecification","valueRequired":true,"valueName":"search_term_string"}}],"inLanguage":"es"},{"@type":"Organization","@id":"https:\/\/vivancoculturadevino.es\/blog\/#organization","name":"Vivanco","url":"https:\/\/vivancoculturadevino.es\/blog\/","logo":{"@type":"ImageObject","inLanguage":"es","@id":"https:\/\/vivancoculturadevino.es\/blog\/#\/schema\/logo\/image\/","url":"https:\/\/vivancoculturadevino.es\/blog\/wp-content\/uploads\/2026\/01\/Logo-blanco.svg","contentUrl":"https:\/\/vivancoculturadevino.es\/blog\/wp-content\/uploads\/2026\/01\/Logo-blanco.svg","width":134,"height":43,"caption":"Vivanco"},"image":{"@id":"https:\/\/vivancoculturadevino.es\/blog\/#\/schema\/logo\/image\/"}},{"@type":"Person","@id":"https:\/\/vivancoculturadevino.es\/blog\/#\/schema\/person\/8b9b698cff084699559378a8ebe12b8d","name":"Javier Sanz","image":{"@type":"ImageObject","inLanguage":"es","@id":"https:\/\/vivancoculturadevino.es\/blog\/#\/schema\/person\/image\/","url":"https:\/\/secure.gravatar.com\/avatar\/a50fceb249b4111443d60ecf2777e8ac4b31d342734cfd7b97b36a8a32dbf3f8?s=96&d=mm&r=g","contentUrl":"https:\/\/secure.gravatar.com\/avatar\/a50fceb249b4111443d60ecf2777e8ac4b31d342734cfd7b97b36a8a32dbf3f8?s=96&d=mm&r=g","caption":"Javier Sanz"},"description":"Contador de historias a trav\u00e9s del blog, libros, colaboraciones en prensa y radio con la \u00fanica pretensi\u00f3n de acercar la historia de forma amena y entretenida a los que la dejaron de lado. Director de la revista digital e interactiva \"iHstoria\". Colaboraciones en el peri\u00f3dico Diario de Teruel, revista Iberia Vieja y revista Cl\u00edo. Colaboraciones en radio en La Rosa de los Vientos (Onda Cero), Gente Despierta (RNE) y La Noche es Nuestra (EuropaFM).","sameAs":["http:\/\/historiasdelahistoria.com\/","https:\/\/www.facebook.com\/HistoriasdelaHistoria","https:\/\/x.com\/https:\/\/twitter.com\/jsanz"],"url":"https:\/\/vivancoculturadevino.es\/blog\/author\/javier-sanz\/"}]}},"_links":{"self":[{"href":"https:\/\/vivancoculturadevino.es\/blog\/wp-json\/wp\/v2\/posts\/2910","targetHints":{"allow":["GET"]}}],"collection":[{"href":"https:\/\/vivancoculturadevino.es\/blog\/wp-json\/wp\/v2\/posts"}],"about":[{"href":"https:\/\/vivancoculturadevino.es\/blog\/wp-json\/wp\/v2\/types\/post"}],"author":[{"embeddable":true,"href":"https:\/\/vivancoculturadevino.es\/blog\/wp-json\/wp\/v2\/users\/8"}],"replies":[{"embeddable":true,"href":"https:\/\/vivancoculturadevino.es\/blog\/wp-json\/wp\/v2\/comments?post=2910"}],"version-history":[{"count":2,"href":"https:\/\/vivancoculturadevino.es\/blog\/wp-json\/wp\/v2\/posts\/2910\/revisions"}],"predecessor-version":[{"id":2914,"href":"https:\/\/vivancoculturadevino.es\/blog\/wp-json\/wp\/v2\/posts\/2910\/revisions\/2914"}],"wp:featuredmedia":[{"embeddable":true,"href":"https:\/\/vivancoculturadevino.es\/blog\/wp-json\/wp\/v2\/media\/2911"}],"wp:attachment":[{"href":"https:\/\/vivancoculturadevino.es\/blog\/wp-json\/wp\/v2\/media?parent=2910"}],"wp:term":[{"taxonomy":"category","embeddable":true,"href":"https:\/\/vivancoculturadevino.es\/blog\/wp-json\/wp\/v2\/categories?post=2910"},{"taxonomy":"post_tag","embeddable":true,"href":"https:\/\/vivancoculturadevino.es\/blog\/wp-json\/wp\/v2\/tags?post=2910"}],"curies":[{"name":"wp","href":"https:\/\/api.w.org\/{rel}","templated":true}]}}