{"id":2845,"date":"2017-03-16T16:48:38","date_gmt":"2017-03-16T15:48:38","guid":{"rendered":"https:\/\/vivancoculturadevino.es\/blog\/?p=2845"},"modified":"2017-03-22T10:05:57","modified_gmt":"2017-03-22T09:05:57","slug":"turismo-reserva-biosfera-la-rioja","status":"publish","type":"post","link":"https:\/\/vivancoculturadevino.es\/blog\/2017\/03\/16\/turismo-reserva-biosfera-la-rioja\/","title":{"rendered":"Turismo por la Reserva de la Biosfera de La Rioja"},"content":{"rendered":"<p><strong>La Rioja<\/strong> siempre es una apuesta segura como <strong>destino tur\u00edstico para disfrutar de una escapada<\/strong>, ya sea de un fin de semana o de un puente. Y es que la oferta cultural, gastron\u00f3mica y de actividades para toda la familia que tiene esta comunidad es de lo m\u00e1s amplia. En otras palabras: <em>el que va a La Rioja nunca se aburre<\/em>.<\/p>\n<p>Por si esto fuera poco, <strong>La Rioja tambi\u00e9n es considerada como un territorio con una homogeneidad geogr\u00e1fica, paisaj\u00edstica y clim\u00e1tica de alto valor<\/strong>, lo que ha hecho que la <strong>UNESCO la declare Reserva Mundial de la Biosfera<\/strong>.<\/p>\n<p>Con todos estos datos, \u00bfsigues pensando visitar La Rioja pr\u00f3ximamente? En el siguiente post descubrimos por qu\u00e9 <strong>La Rioja es Reserva de la Biosfera<\/strong> y te proponemos una ruta por sus enclaves tur\u00edsticos m\u00e1s destacados.<\/p>\n<h2>\u00bfQu\u00e9 es una Reserva de la Biosfera?<\/h2>\n<p>En el af\u00e1n por mentalizarnos sobre el uso de los recursos naturales y fomentar lo que se conoce hoy en d\u00eda como desarrollo sostenible, en <strong>1971 la UNESCO puso en marcha el <em>Programa sobre el Hombre y la Biosfera<\/em><\/strong>. En ese programa se seleccionar\u00edan lugares geogr\u00e1ficos representativos de los distintos <em>h\u00e1bitats<\/em> del planeta, abarcando desde ecosistemas terrestres hasta mar\u00edtimos. Es precisamente a esos lugares a los que se les conoce como <strong><em>Reservas de<\/em><\/strong><em> <strong>la Biosfera<\/strong><\/em> y, aunque est\u00e1n reconocidos internacionalmente, no est\u00e1n amparados por ning\u00fan tratado internacional, sino que es el propio pa\u00eds el que se encargar\u00e1 de ellos.<\/p>\n<p>Estas <strong><em>Reservas de la Biosfera<\/em><\/strong> se seleccionan <strong>por su inter\u00e9s cient\u00edfico<\/strong>. Adem\u00e1s de la <strong>protecci\u00f3n y conservaci\u00f3n de la biodiversidad<\/strong>, tambi\u00e9n es funci\u00f3n de estos espacios <strong>el desarrollo econ\u00f3mico y humano de la zona<\/strong>, la <strong>educaci\u00f3n<\/strong>, la <strong>investigaci\u00f3n<\/strong>, etc.<\/p>\n<p>En Espa\u00f1a, la <strong>RERB<\/strong> (Red Espa\u00f1ola de Reservas de la Biosfera) incluye todas las Reservas de la Biosfera (RB) espa\u00f1olas designadas por la UNESCO. Esta red alcanz\u00f3 en 2016 el n\u00famero de <strong>48<\/strong> Reservas de la Biosfera que se encuentran distribuidas en 15 de las 17 comunidades aut\u00f3nomas y de ellas, tres son transfronterizas y una de ellas intercontinental.<\/p>\n<p><a href=\"https:\/\/vivancoculturadevino.es\/blog\/wp-content\/uploads\/2017\/03\/leza-rio-leza-campo.jpg\"><img fetchpriority=\"high\" decoding=\"async\" width=\"800\" height=\"533\" class=\" size-full wp-image-2847 aligncenter\" src=\"https:\/\/vivancoculturadevino.es\/blog\/wp-content\/uploads\/2017\/03\/leza-rio-leza-campo.jpg\" alt=\"leza rio leza campo\" srcset=\"https:\/\/vivancoculturadevino.es\/blog\/wp-content\/uploads\/2017\/03\/leza-rio-leza-campo.jpg 800w, https:\/\/vivancoculturadevino.es\/blog\/wp-content\/uploads\/2017\/03\/leza-rio-leza-campo-300x200.jpg 300w\" sizes=\"(max-width: 800px) 100vw, 800px\" \/><\/a><\/p>\n<p style=\"text-align: center;\"><em>Leza del R\u00edo Leza. Autor: <a href=\"http:\/\/www.reservadelabiosfera.com\/\" target=\"blank\" rel=\"nofollow\">http:\/\/www.reservadelabiosfera.com\/<\/a><\/em><\/p>\n<h2>\u00bfPor qu\u00e9 La Rioja es Reserva de la Biosfera?<\/h2>\n<p>La <strong>Reserva de la Biosfera<\/strong> <strong>de La Rioja, fue declarada como tal el 3 de julio de 2003 y se encuentra ubicada en el l\u00edmite sur oriental de la comunidad ocupando casi un 24% del territorio regional <\/strong>(116.669 hect\u00e1reas) perfectamente repartidas en 4 valles: Leza, Jubera, Alhama y Cidacos.<\/p>\n<p>La <strong>homogeneidad <\/strong>de este territorio a nivel geogr\u00e1fico, clim\u00e1tico y paisaj\u00edstico, le han servido a La Rioja para que la UNESCO la declarara Reserva Mundial de la Biosfera, siguiendo en todo momento sus directrices y cumpliendo los requisitos fijados en la Ley 42\/2007, de 13 de diciembre, del Patrimonio Natural y de la Biodiversidad, que establece 3 requisitos b\u00e1sicos que tiene que cumplir cualquier territorio que quiera alzarse con el t\u00edtulo de Reserva de la Biosfera y que son:<\/p>\n<ol>\n<li><strong><span style=\"text-decoration: underline;\">Ordenaci\u00f3n espacial dividida en 3 zonas<\/span><\/strong>: zonas n\u00facleo, zonas de protecci\u00f3n de esas zonas n\u00facleo y las zonas de transici\u00f3n entre Reserva y el resto del espacio.<\/li>\n<\/ol>\n<ol start=\"2\">\n<li>Llevar a cabo un <strong><span style=\"text-decoration: underline;\">Programa de Actuaci\u00f3n, una estrategia adecuada<\/span><\/strong> que cumpla los objetivos que va a marcar el Comit\u00e9 MaB espa\u00f1ol.<\/li>\n<\/ol>\n<ol start=\"3\">\n<li>Contar con un <strong><span style=\"text-decoration: underline;\">\u00f3rgano de gesti\u00f3n<\/span><\/strong> encargado del desarrollo de las l\u00edneas de actuaci\u00f3n, de las estrategias y de los distintos programas.<\/li>\n<\/ol>\n<p>&nbsp;<\/p>\n<p><a href=\"https:\/\/vivancoculturadevino.es\/blog\/wp-content\/uploads\/2017\/03\/iglesia-san-servando-german-arnedillo.jpg\"><img decoding=\"async\" class=\"aligncenter wp-image-2848\" src=\"https:\/\/vivancoculturadevino.es\/blog\/wp-content\/uploads\/2017\/03\/iglesia-san-servando-german-arnedillo-1024x768.jpg\" alt=\"iglesia san servando german arnedillo\" width=\"800\" height=\"600\" srcset=\"https:\/\/vivancoculturadevino.es\/blog\/wp-content\/uploads\/2017\/03\/iglesia-san-servando-german-arnedillo-1024x768.jpg 1024w, https:\/\/vivancoculturadevino.es\/blog\/wp-content\/uploads\/2017\/03\/iglesia-san-servando-german-arnedillo-300x225.jpg 300w\" sizes=\"(max-width: 800px) 100vw, 800px\" \/><\/a><\/p>\n<p style=\"text-align: center;\"><em>Iglesia de San Servando y San Germ\u00e1n en Arnedillo. Autor: <a href=\"https:\/\/commons.wikimedia.org\/wiki\/File:Iglesia_de_San_Servando_y_San_Germ%C3%A1n_en_Arnedillo.jpg\" target=\"blank\" rel=\"nofollow\">Bigsus<\/a><\/em><\/p>\n<h2>Municipios que componen la Reserva de la Biosfera de La Rioja<\/h2>\n<p>La <strong>Reserva de la Biosfera<\/strong> de La Rioja se encuentra ubicada en la mitad sur oriental de la comunidad, <strong>una zona monta\u00f1osa poblada por ecosistemas mediterr\u00e1neos de gran valor e inter\u00e9s como<\/strong> bosques de roble melojo, hayedos a d\u00eda de hoy desconocidos, encinares, matorrales de sustituci\u00f3n, romerales, jarales, tomillares, etc.<\/p>\n<p>En cuanto a la actividad industrial de la zona, se localiza pr\u00e1cticamente fuera de la reserva y si hablamos de actividad humana, <strong>el sector dedicado a la agricultura y a la ganader\u00eda sigue tratando de utilizar los recursos naturales que la zona les ofrece. <\/strong>Tambi\u00e9n se puede hablar de un creciente desarrollo del sector servicios centrado casi exclusivamente en el turismo.<\/p>\n<p><strong>40 son los municipios<\/strong> que forman parte de esta <strong>Reserva de la Biosfera de La Rioja<\/strong>, de los que unos se encuentran incluidos de forma total y otros de forma parcial como vamos a ver a continuaci\u00f3n:<\/p>\n<ul>\n<li><strong><span style=\"text-decoration: underline;\">Municipios totalmente incluidos:<\/span><\/strong> Aguilar del R\u00edo Alhama, Ajamil, Arnedillo, Cabez\u00f3n de Cameros, Cervera del R\u00edo Alhama, Cornago, Enciso, Gr\u00e1valos, Hornillos de Cameros, Igea, Jal\u00f3n de Cameros, Laguna de Cameros, Leza del R\u00edo Leza, Munilla, Muro en Cameros, Muro de Aguas, Navaj\u00fan, Pr\u00e9jano, Rabanera, Robres del Castillo, San Rom\u00e1n de Cameros, Soto en Cameros, Terroba, Torre en Cameros, Valdemadera, Villarroya y Zarzosa.<\/li>\n<\/ul>\n<ul>\n<li><strong><span style=\"text-decoration: underline;\">Municipios parcialmente incluidos<\/span>:<\/strong> Alfaro, Arnedo, Autol, Bergasa, Bergasillas, Bajera, Clavijo, Herce, Lagunilla del Jubera, Oc\u00f3n, Quel, Ribafrecha, Santa Eulalia Bajera y Santa Engracia de Jubera.<\/li>\n<\/ul>\n<p>&nbsp;<\/p>\n<h2>Ruta por los enclaves tur\u00edsticos m\u00e1s populares<\/h2>\n<p>Sin duda este paraje envidiable pone a nuestra disposici\u00f3n propuestas muy atractivas para poder disfrutarlo y ofrecernos una estancia a nuestra medida.<\/p>\n<ul>\n<li>Desde <a href=\"https:\/\/vivancoculturadevino.es\/blog\/2016\/05\/23\/tres-vias-verdes-la-rioja\/\" target=\"_blank\"><strong>rutas de senderismo<\/strong><\/a> con toda una red preparada para ello con m\u00e1s de 590 km de rutas con caminos de gran recorrido, hasta paseos periurbanos (sendero por el ca\u00f1\u00f3n del Leza, ruta mirador del ca\u00f1\u00f3n del Leza, etc.) que te permitir\u00e1n conocer este maravilloso enclave paso a paso.<\/li>\n<\/ul>\n<p><a href=\"https:\/\/vivancoculturadevino.es\/blog\/wp-content\/uploads\/2017\/03\/persona-andando-bosque.jpg\"><img decoding=\"async\" class=\"aligncenter wp-image-2850\" src=\"https:\/\/vivancoculturadevino.es\/blog\/wp-content\/uploads\/2017\/03\/persona-andando-bosque-1024x682.jpg\" alt=\"persona andando bosque\" width=\"800\" height=\"533\" srcset=\"https:\/\/vivancoculturadevino.es\/blog\/wp-content\/uploads\/2017\/03\/persona-andando-bosque-1024x682.jpg 1024w, https:\/\/vivancoculturadevino.es\/blog\/wp-content\/uploads\/2017\/03\/persona-andando-bosque-300x200.jpg 300w, https:\/\/vivancoculturadevino.es\/blog\/wp-content\/uploads\/2017\/03\/persona-andando-bosque.jpg 1280w\" sizes=\"(max-width: 800px) 100vw, 800px\" \/><\/a><\/p>\n<p>&nbsp;<\/p>\n<ul>\n<li>Tambi\u00e9n podremos descubrir c\u00f3mo habitaban los primeros pobladores de la zona, <strong>los dinosaurios<\/strong>, visitando el <strong><a href=\"https:\/\/vivancoculturadevino.es\/blog\/2015\/04\/16\/descubre-ruta-dinosaurios-la-rioja\/\" target=\"_blank\">parque de paleo aventura llamado El Barranco Perdido<\/a>\u00a0<\/strong>ubicado en el pueblo de Enciso y en el que se han encontrado hasta 3.000 huellas de dinosaurios. El parque cuenta con piscinas, toboganes, circuitos de aventura, museos, roc\u00f3dromo y un sinf\u00edn de instalaciones y actividades para disfrutar en familia.<\/li>\n<\/ul>\n<p>&nbsp;<\/p>\n<ul>\n<li>Otra visita recomendable es el <strong>Centro de Interpretaci\u00f3n de Contrebia Leucade<\/strong>, cuyo yacimiento se encuentra a 2,5 km del municipio de Aguilar del R\u00edo Alhama y donde a finales del s. III a.C. se construy\u00f3 esta ciudad celtib\u00e9rica que podr\u00e1s recorrer en tu visita, conocer sus casas, su muralla y vivir tal y como viv\u00edan los celt\u00edberos. Todo un viaje al pasado.<\/li>\n<\/ul>\n<p>&nbsp;<\/p>\n<ul>\n<li>Tambi\u00e9n podr\u00e1s dar una vuelta por el <strong>Mirador del Castillo de<\/strong> <strong>Enciso<\/strong>, desde el que podr\u00e1s admirar el paisaje que ofrece el valle del Cidacos.<\/li>\n<\/ul>\n<p>&nbsp;<\/p>\n<ul>\n<li>Otra posibilidad es incluir en tu visita un paseo por las <strong>Cuevas de Ajedrezado<\/strong> de <strong>Santa Eulalia Somera. <\/strong>Se trata de dos cuevas comunicadas, lo m\u00e1s destacado es la decoraci\u00f3n de sus nichos excavados formando un ajedrezado casi perfecto que les ha dado nombre.<\/li>\n<\/ul>\n<p>&nbsp;<\/p>\n<ul>\n<li>Otra visita curiosa y de gran valor hist\u00f3rico y cultural es la de las <strong>antiguas Minas de Plomo de Jubera, <\/strong>donde podr\u00e1s conocer de primera mano c\u00f3mo se trabajaba el plomo dentro y fuera de estas galer\u00edas.<\/li>\n<\/ul>\n<p>&nbsp;<\/p>\n<p><strong>Iglesias, palacios, centros de interpretaci\u00f3n, yacimientos, castillos, rutas micol\u00f3gicas, rutas en bicicleta<\/strong>\u2026completan una amplia oferta de actividades y lugares para vivir y disfrutar de cada rinc\u00f3n de esta Reserva de la Biosfera de La Rioja.<\/p>\n<p>Como tambi\u00e9n hay tiempo para el descanso y el reposo, si lo que prefieres es relajarte, existen m\u00faltiples <strong>balnearios y rutas termales<\/strong> para ello, como <strong>los ba\u00f1os japoneses del Balneario de Gr\u00e1valos<\/strong>.<\/p>\n<p>No podemos olvidar que, en esta tierra de vino, la <strong>gastronom\u00eda <\/strong>es otro punto fuerte del que disfrutar durante tu estancia en La Rioja. Por ello, muy cerquita de esta Reserva de la Biosfera podemos encontrarnos con <strong><a href=\"https:\/\/vivancoculturadevino.es\/es\/reservas\/\" target=\"_blank\">Vivanco<\/a><\/strong>, <strong>un espacio dedicado al enoturismo <\/strong>en el que podr\u00e1s disfrutar de los mejores vinos, visitar su Museo de la Cultura del Vino y de su Bodega, toda una experiencia completa en torno a lo que La Rioja representa.<\/p>\n<p><a href=\"https:\/\/vivancoculturadevino.es\/blog\/wp-content\/uploads\/2016\/07\/vivanco.jpg\"><img loading=\"lazy\" decoding=\"async\" class=\" wp-image-2320 aligncenter\" src=\"https:\/\/vivancoculturadevino.es\/blog\/wp-content\/uploads\/2016\/07\/vivanco-1024x433.jpg\" alt=\"vivanco\" width=\"800\" height=\"338\" srcset=\"https:\/\/vivancoculturadevino.es\/blog\/wp-content\/uploads\/2016\/07\/vivanco-1024x433.jpg 1024w, https:\/\/vivancoculturadevino.es\/blog\/wp-content\/uploads\/2016\/07\/vivanco-300x127.jpg 300w\" sizes=\"(max-width: 800px) 100vw, 800px\" \/><\/a><\/p>\n<p style=\"text-align: center;\"><em>Vivanco Cultura de Vino<\/em><\/p>\n<p>&nbsp;<\/p>\n<p>Posibilidades y opciones de todo tipo y para todos los gustos que hacen que La Rioja siempre apetezca. \u00bfTe apuntas?<\/p>\n","protected":false},"excerpt":{"rendered":"<p>\u00bfSabes por qu\u00e9 La Rioja es una Reserva de la Biosfera? Descubre qu\u00e9 municipios la componen y cu\u00e1les son las rutas tur\u00edsticas m\u00e1s destacadas en el siguiente art\u00edculo.<\/p>\n","protected":false},"author":1,"featured_media":2846,"comment_status":"open","ping_status":"open","sticky":false,"template":"","format":"standard","meta":{"footnotes":"","_elementor_edit_mode":"","_elementor_template_type":"","_elementor_data":"","_elementor_page_settings":null,"_elementor_conditions":[]},"categories":[6],"tags":[368,367,366,86,369],"class_list":["post-2845","post","type-post","status-publish","format-standard","has-post-thumbnail","hentry","category-experiencias","tag-municipios-la-rioja","tag-paraje-natural","tag-reserva-de-la-biosfera","tag-turismo","tag-unesco"],"yoast_head":"<!-- This site is optimized with the Yoast SEO plugin v26.8 - https:\/\/yoast.com\/product\/yoast-seo-wordpress\/ -->\n<title>Turismo por la Reserva de la Biosfera de La Rioja | Vivanco<\/title>\n<meta name=\"description\" content=\"\u00bfSabes por qu\u00e9 La Rioja es una Reserva de la Biosfera? Descubre qu\u00e9 municipios la componen y cu\u00e1les son las rutas tur\u00edsticas m\u00e1s destacadas en el siguiente art\u00edculo.\" \/>\n<meta name=\"robots\" content=\"index, follow, max-snippet:-1, max-image-preview:large, max-video-preview:-1\" \/>\n<link rel=\"canonical\" href=\"https:\/\/vivancoculturadevino.es\/blog\/2017\/03\/16\/turismo-reserva-biosfera-la-rioja\/\" \/>\n<meta property=\"og:locale\" content=\"es_ES\" \/>\n<meta property=\"og:type\" content=\"article\" \/>\n<meta property=\"og:title\" content=\"Turismo por la Reserva de la Biosfera de La Rioja | Vivanco\" \/>\n<meta property=\"og:description\" content=\"\u00bfSabes por qu\u00e9 La Rioja es una Reserva de la Biosfera? Descubre qu\u00e9 municipios la componen y cu\u00e1les son las rutas tur\u00edsticas m\u00e1s destacadas en el siguiente art\u00edculo.\" \/>\n<meta property=\"og:url\" content=\"https:\/\/vivancoculturadevino.es\/blog\/2017\/03\/16\/turismo-reserva-biosfera-la-rioja\/\" \/>\n<meta property=\"og:site_name\" content=\"Vivanco\" \/>\n<meta property=\"article:author\" content=\"https:\/\/www.facebook.com\/vivancoculturadevino\" \/>\n<meta property=\"article:published_time\" content=\"2017-03-16T15:48:38+00:00\" \/>\n<meta property=\"article:modified_time\" content=\"2017-03-22T09:05:57+00:00\" \/>\n<meta property=\"og:image\" content=\"https:\/\/vivancoculturadevino.es\/blog\/wp-content\/uploads\/2017\/03\/canon-rio-leza.jpg\" \/>\n\t<meta property=\"og:image:width\" content=\"3264\" \/>\n\t<meta property=\"og:image:height\" content=\"2448\" \/>\n\t<meta property=\"og:image:type\" content=\"image\/jpeg\" \/>\n<meta name=\"author\" content=\"Vivanco\" \/>\n<meta name=\"twitter:card\" content=\"summary_large_image\" \/>\n<meta name=\"twitter:creator\" content=\"@https:\/\/twitter.com\/Vivanco_es\" \/>\n<meta name=\"twitter:label1\" content=\"Escrito por\" \/>\n\t<meta name=\"twitter:data1\" content=\"Vivanco\" \/>\n\t<meta name=\"twitter:label2\" content=\"Tiempo de lectura\" \/>\n\t<meta name=\"twitter:data2\" content=\"7 minutos\" \/>\n<script type=\"application\/ld+json\" class=\"yoast-schema-graph\">{\"@context\":\"https:\/\/schema.org\",\"@graph\":[{\"@type\":\"Article\",\"@id\":\"https:\/\/vivancoculturadevino.es\/blog\/2017\/03\/16\/turismo-reserva-biosfera-la-rioja\/#article\",\"isPartOf\":{\"@id\":\"https:\/\/vivancoculturadevino.es\/blog\/2017\/03\/16\/turismo-reserva-biosfera-la-rioja\/\"},\"author\":{\"name\":\"Vivanco\",\"@id\":\"https:\/\/vivancoculturadevino.es\/blog\/#\/schema\/person\/745931ee54ccbb839d8df0cceb02db4c\"},\"headline\":\"Turismo por la Reserva de la Biosfera de La Rioja\",\"datePublished\":\"2017-03-16T15:48:38+00:00\",\"dateModified\":\"2017-03-22T09:05:57+00:00\",\"mainEntityOfPage\":{\"@id\":\"https:\/\/vivancoculturadevino.es\/blog\/2017\/03\/16\/turismo-reserva-biosfera-la-rioja\/\"},\"wordCount\":1397,\"commentCount\":2,\"publisher\":{\"@id\":\"https:\/\/vivancoculturadevino.es\/blog\/#organization\"},\"image\":{\"@id\":\"https:\/\/vivancoculturadevino.es\/blog\/2017\/03\/16\/turismo-reserva-biosfera-la-rioja\/#primaryimage\"},\"thumbnailUrl\":\"https:\/\/vivancoculturadevino.es\/blog\/wp-content\/uploads\/2017\/03\/canon-rio-leza.jpg\",\"keywords\":[\"municipios La Rioja\",\"paraje natural\",\"Reserva de la Biosfera\",\"turismo\",\"UNESCO\"],\"articleSection\":[\"Compartiendo\"],\"inLanguage\":\"es\",\"potentialAction\":[{\"@type\":\"CommentAction\",\"name\":\"Comment\",\"target\":[\"https:\/\/vivancoculturadevino.es\/blog\/2017\/03\/16\/turismo-reserva-biosfera-la-rioja\/#respond\"]}]},{\"@type\":\"WebPage\",\"@id\":\"https:\/\/vivancoculturadevino.es\/blog\/2017\/03\/16\/turismo-reserva-biosfera-la-rioja\/\",\"url\":\"https:\/\/vivancoculturadevino.es\/blog\/2017\/03\/16\/turismo-reserva-biosfera-la-rioja\/\",\"name\":\"Turismo por la Reserva de la Biosfera de La Rioja | Vivanco\",\"isPartOf\":{\"@id\":\"https:\/\/vivancoculturadevino.es\/blog\/#website\"},\"primaryImageOfPage\":{\"@id\":\"https:\/\/vivancoculturadevino.es\/blog\/2017\/03\/16\/turismo-reserva-biosfera-la-rioja\/#primaryimage\"},\"image\":{\"@id\":\"https:\/\/vivancoculturadevino.es\/blog\/2017\/03\/16\/turismo-reserva-biosfera-la-rioja\/#primaryimage\"},\"thumbnailUrl\":\"https:\/\/vivancoculturadevino.es\/blog\/wp-content\/uploads\/2017\/03\/canon-rio-leza.jpg\",\"datePublished\":\"2017-03-16T15:48:38+00:00\",\"dateModified\":\"2017-03-22T09:05:57+00:00\",\"description\":\"\u00bfSabes por qu\u00e9 La Rioja es una Reserva de la Biosfera? Descubre qu\u00e9 municipios la componen y cu\u00e1les son las rutas tur\u00edsticas m\u00e1s destacadas en el siguiente art\u00edculo.\",\"breadcrumb\":{\"@id\":\"https:\/\/vivancoculturadevino.es\/blog\/2017\/03\/16\/turismo-reserva-biosfera-la-rioja\/#breadcrumb\"},\"inLanguage\":\"es\",\"potentialAction\":[{\"@type\":\"ReadAction\",\"target\":[\"https:\/\/vivancoculturadevino.es\/blog\/2017\/03\/16\/turismo-reserva-biosfera-la-rioja\/\"]}]},{\"@type\":\"ImageObject\",\"inLanguage\":\"es\",\"@id\":\"https:\/\/vivancoculturadevino.es\/blog\/2017\/03\/16\/turismo-reserva-biosfera-la-rioja\/#primaryimage\",\"url\":\"https:\/\/vivancoculturadevino.es\/blog\/wp-content\/uploads\/2017\/03\/canon-rio-leza.jpg\",\"contentUrl\":\"https:\/\/vivancoculturadevino.es\/blog\/wp-content\/uploads\/2017\/03\/canon-rio-leza.jpg\",\"width\":3264,\"height\":2448},{\"@type\":\"BreadcrumbList\",\"@id\":\"https:\/\/vivancoculturadevino.es\/blog\/2017\/03\/16\/turismo-reserva-biosfera-la-rioja\/#breadcrumb\",\"itemListElement\":[{\"@type\":\"ListItem\",\"position\":1,\"name\":\"Portada\",\"item\":\"https:\/\/vivancoculturadevino.es\/blog\/\"},{\"@type\":\"ListItem\",\"position\":2,\"name\":\"Turismo por la Reserva de la Biosfera de La Rioja\"}]},{\"@type\":\"WebSite\",\"@id\":\"https:\/\/vivancoculturadevino.es\/blog\/#website\",\"url\":\"https:\/\/vivancoculturadevino.es\/blog\/\",\"name\":\"Vivanco\",\"description\":\"Una familia y una pasi\u00f3n: Compartir la cultura del vino\",\"publisher\":{\"@id\":\"https:\/\/vivancoculturadevino.es\/blog\/#organization\"},\"potentialAction\":[{\"@type\":\"SearchAction\",\"target\":{\"@type\":\"EntryPoint\",\"urlTemplate\":\"https:\/\/vivancoculturadevino.es\/blog\/?s={search_term_string}\"},\"query-input\":{\"@type\":\"PropertyValueSpecification\",\"valueRequired\":true,\"valueName\":\"search_term_string\"}}],\"inLanguage\":\"es\"},{\"@type\":\"Organization\",\"@id\":\"https:\/\/vivancoculturadevino.es\/blog\/#organization\",\"name\":\"Vivanco\",\"url\":\"https:\/\/vivancoculturadevino.es\/blog\/\",\"logo\":{\"@type\":\"ImageObject\",\"inLanguage\":\"es\",\"@id\":\"https:\/\/vivancoculturadevino.es\/blog\/#\/schema\/logo\/image\/\",\"url\":\"https:\/\/vivancoculturadevino.es\/blog\/wp-content\/uploads\/2026\/01\/Logo-blanco.svg\",\"contentUrl\":\"https:\/\/vivancoculturadevino.es\/blog\/wp-content\/uploads\/2026\/01\/Logo-blanco.svg\",\"width\":134,\"height\":43,\"caption\":\"Vivanco\"},\"image\":{\"@id\":\"https:\/\/vivancoculturadevino.es\/blog\/#\/schema\/logo\/image\/\"}},{\"@type\":\"Person\",\"@id\":\"https:\/\/vivancoculturadevino.es\/blog\/#\/schema\/person\/745931ee54ccbb839d8df0cceb02db4c\",\"name\":\"Vivanco\",\"image\":{\"@type\":\"ImageObject\",\"inLanguage\":\"es\",\"@id\":\"https:\/\/vivancoculturadevino.es\/blog\/#\/schema\/person\/image\/\",\"url\":\"https:\/\/secure.gravatar.com\/avatar\/61b66c59d132db2f7ad4dfd1cc89bbd508b4d5888ab39ddba99f2aca247b7fb3?s=96&d=mm&r=g\",\"contentUrl\":\"https:\/\/secure.gravatar.com\/avatar\/61b66c59d132db2f7ad4dfd1cc89bbd508b4d5888ab39ddba99f2aca247b7fb3?s=96&d=mm&r=g\",\"caption\":\"Vivanco\"},\"description\":\"Bodega, Fundaci\u00f3n, Experiencias. Compartiendo Cultura de Vino\",\"sameAs\":[\"http:\/\/www.vivancoculturadevino.es\",\"https:\/\/www.facebook.com\/vivancoculturadevino\",\"https:\/\/x.com\/https:\/\/twitter.com\/Vivanco_es\",\"https:\/\/www.youtube.com\/channel\/UC8a2nOiF7kAQNPPduAi2Evw\/videos\"],\"url\":\"https:\/\/vivancoculturadevino.es\/blog\/author\/administrator\/\"}]}<\/script>\n<!-- \/ Yoast SEO plugin. -->","yoast_head_json":{"title":"Turismo por la Reserva de la Biosfera de La Rioja | Vivanco","description":"\u00bfSabes por qu\u00e9 La Rioja es una Reserva de la Biosfera? Descubre qu\u00e9 municipios la componen y cu\u00e1les son las rutas tur\u00edsticas m\u00e1s destacadas en el siguiente art\u00edculo.","robots":{"index":"index","follow":"follow","max-snippet":"max-snippet:-1","max-image-preview":"max-image-preview:large","max-video-preview":"max-video-preview:-1"},"canonical":"https:\/\/vivancoculturadevino.es\/blog\/2017\/03\/16\/turismo-reserva-biosfera-la-rioja\/","og_locale":"es_ES","og_type":"article","og_title":"Turismo por la Reserva de la Biosfera de La Rioja | Vivanco","og_description":"\u00bfSabes por qu\u00e9 La Rioja es una Reserva de la Biosfera? Descubre qu\u00e9 municipios la componen y cu\u00e1les son las rutas tur\u00edsticas m\u00e1s destacadas en el siguiente art\u00edculo.","og_url":"https:\/\/vivancoculturadevino.es\/blog\/2017\/03\/16\/turismo-reserva-biosfera-la-rioja\/","og_site_name":"Vivanco","article_author":"https:\/\/www.facebook.com\/vivancoculturadevino","article_published_time":"2017-03-16T15:48:38+00:00","article_modified_time":"2017-03-22T09:05:57+00:00","og_image":[{"width":3264,"height":2448,"url":"https:\/\/vivancoculturadevino.es\/blog\/wp-content\/uploads\/2017\/03\/canon-rio-leza.jpg","type":"image\/jpeg"}],"author":"Vivanco","twitter_card":"summary_large_image","twitter_creator":"@https:\/\/twitter.com\/Vivanco_es","twitter_misc":{"Escrito por":"Vivanco","Tiempo de lectura":"7 minutos"},"schema":{"@context":"https:\/\/schema.org","@graph":[{"@type":"Article","@id":"https:\/\/vivancoculturadevino.es\/blog\/2017\/03\/16\/turismo-reserva-biosfera-la-rioja\/#article","isPartOf":{"@id":"https:\/\/vivancoculturadevino.es\/blog\/2017\/03\/16\/turismo-reserva-biosfera-la-rioja\/"},"author":{"name":"Vivanco","@id":"https:\/\/vivancoculturadevino.es\/blog\/#\/schema\/person\/745931ee54ccbb839d8df0cceb02db4c"},"headline":"Turismo por la Reserva de la Biosfera de La Rioja","datePublished":"2017-03-16T15:48:38+00:00","dateModified":"2017-03-22T09:05:57+00:00","mainEntityOfPage":{"@id":"https:\/\/vivancoculturadevino.es\/blog\/2017\/03\/16\/turismo-reserva-biosfera-la-rioja\/"},"wordCount":1397,"commentCount":2,"publisher":{"@id":"https:\/\/vivancoculturadevino.es\/blog\/#organization"},"image":{"@id":"https:\/\/vivancoculturadevino.es\/blog\/2017\/03\/16\/turismo-reserva-biosfera-la-rioja\/#primaryimage"},"thumbnailUrl":"https:\/\/vivancoculturadevino.es\/blog\/wp-content\/uploads\/2017\/03\/canon-rio-leza.jpg","keywords":["municipios La Rioja","paraje natural","Reserva de la Biosfera","turismo","UNESCO"],"articleSection":["Compartiendo"],"inLanguage":"es","potentialAction":[{"@type":"CommentAction","name":"Comment","target":["https:\/\/vivancoculturadevino.es\/blog\/2017\/03\/16\/turismo-reserva-biosfera-la-rioja\/#respond"]}]},{"@type":"WebPage","@id":"https:\/\/vivancoculturadevino.es\/blog\/2017\/03\/16\/turismo-reserva-biosfera-la-rioja\/","url":"https:\/\/vivancoculturadevino.es\/blog\/2017\/03\/16\/turismo-reserva-biosfera-la-rioja\/","name":"Turismo por la Reserva de la Biosfera de La Rioja | Vivanco","isPartOf":{"@id":"https:\/\/vivancoculturadevino.es\/blog\/#website"},"primaryImageOfPage":{"@id":"https:\/\/vivancoculturadevino.es\/blog\/2017\/03\/16\/turismo-reserva-biosfera-la-rioja\/#primaryimage"},"image":{"@id":"https:\/\/vivancoculturadevino.es\/blog\/2017\/03\/16\/turismo-reserva-biosfera-la-rioja\/#primaryimage"},"thumbnailUrl":"https:\/\/vivancoculturadevino.es\/blog\/wp-content\/uploads\/2017\/03\/canon-rio-leza.jpg","datePublished":"2017-03-16T15:48:38+00:00","dateModified":"2017-03-22T09:05:57+00:00","description":"\u00bfSabes por qu\u00e9 La Rioja es una Reserva de la Biosfera? Descubre qu\u00e9 municipios la componen y cu\u00e1les son las rutas tur\u00edsticas m\u00e1s destacadas en el siguiente art\u00edculo.","breadcrumb":{"@id":"https:\/\/vivancoculturadevino.es\/blog\/2017\/03\/16\/turismo-reserva-biosfera-la-rioja\/#breadcrumb"},"inLanguage":"es","potentialAction":[{"@type":"ReadAction","target":["https:\/\/vivancoculturadevino.es\/blog\/2017\/03\/16\/turismo-reserva-biosfera-la-rioja\/"]}]},{"@type":"ImageObject","inLanguage":"es","@id":"https:\/\/vivancoculturadevino.es\/blog\/2017\/03\/16\/turismo-reserva-biosfera-la-rioja\/#primaryimage","url":"https:\/\/vivancoculturadevino.es\/blog\/wp-content\/uploads\/2017\/03\/canon-rio-leza.jpg","contentUrl":"https:\/\/vivancoculturadevino.es\/blog\/wp-content\/uploads\/2017\/03\/canon-rio-leza.jpg","width":3264,"height":2448},{"@type":"BreadcrumbList","@id":"https:\/\/vivancoculturadevino.es\/blog\/2017\/03\/16\/turismo-reserva-biosfera-la-rioja\/#breadcrumb","itemListElement":[{"@type":"ListItem","position":1,"name":"Portada","item":"https:\/\/vivancoculturadevino.es\/blog\/"},{"@type":"ListItem","position":2,"name":"Turismo por la Reserva de la Biosfera de La Rioja"}]},{"@type":"WebSite","@id":"https:\/\/vivancoculturadevino.es\/blog\/#website","url":"https:\/\/vivancoculturadevino.es\/blog\/","name":"Vivanco","description":"Una familia y una pasi\u00f3n: Compartir la cultura del vino","publisher":{"@id":"https:\/\/vivancoculturadevino.es\/blog\/#organization"},"potentialAction":[{"@type":"SearchAction","target":{"@type":"EntryPoint","urlTemplate":"https:\/\/vivancoculturadevino.es\/blog\/?s={search_term_string}"},"query-input":{"@type":"PropertyValueSpecification","valueRequired":true,"valueName":"search_term_string"}}],"inLanguage":"es"},{"@type":"Organization","@id":"https:\/\/vivancoculturadevino.es\/blog\/#organization","name":"Vivanco","url":"https:\/\/vivancoculturadevino.es\/blog\/","logo":{"@type":"ImageObject","inLanguage":"es","@id":"https:\/\/vivancoculturadevino.es\/blog\/#\/schema\/logo\/image\/","url":"https:\/\/vivancoculturadevino.es\/blog\/wp-content\/uploads\/2026\/01\/Logo-blanco.svg","contentUrl":"https:\/\/vivancoculturadevino.es\/blog\/wp-content\/uploads\/2026\/01\/Logo-blanco.svg","width":134,"height":43,"caption":"Vivanco"},"image":{"@id":"https:\/\/vivancoculturadevino.es\/blog\/#\/schema\/logo\/image\/"}},{"@type":"Person","@id":"https:\/\/vivancoculturadevino.es\/blog\/#\/schema\/person\/745931ee54ccbb839d8df0cceb02db4c","name":"Vivanco","image":{"@type":"ImageObject","inLanguage":"es","@id":"https:\/\/vivancoculturadevino.es\/blog\/#\/schema\/person\/image\/","url":"https:\/\/secure.gravatar.com\/avatar\/61b66c59d132db2f7ad4dfd1cc89bbd508b4d5888ab39ddba99f2aca247b7fb3?s=96&d=mm&r=g","contentUrl":"https:\/\/secure.gravatar.com\/avatar\/61b66c59d132db2f7ad4dfd1cc89bbd508b4d5888ab39ddba99f2aca247b7fb3?s=96&d=mm&r=g","caption":"Vivanco"},"description":"Bodega, Fundaci\u00f3n, Experiencias. Compartiendo Cultura de Vino","sameAs":["http:\/\/www.vivancoculturadevino.es","https:\/\/www.facebook.com\/vivancoculturadevino","https:\/\/x.com\/https:\/\/twitter.com\/Vivanco_es","https:\/\/www.youtube.com\/channel\/UC8a2nOiF7kAQNPPduAi2Evw\/videos"],"url":"https:\/\/vivancoculturadevino.es\/blog\/author\/administrator\/"}]}},"_links":{"self":[{"href":"https:\/\/vivancoculturadevino.es\/blog\/wp-json\/wp\/v2\/posts\/2845","targetHints":{"allow":["GET"]}}],"collection":[{"href":"https:\/\/vivancoculturadevino.es\/blog\/wp-json\/wp\/v2\/posts"}],"about":[{"href":"https:\/\/vivancoculturadevino.es\/blog\/wp-json\/wp\/v2\/types\/post"}],"author":[{"embeddable":true,"href":"https:\/\/vivancoculturadevino.es\/blog\/wp-json\/wp\/v2\/users\/1"}],"replies":[{"embeddable":true,"href":"https:\/\/vivancoculturadevino.es\/blog\/wp-json\/wp\/v2\/comments?post=2845"}],"version-history":[{"count":4,"href":"https:\/\/vivancoculturadevino.es\/blog\/wp-json\/wp\/v2\/posts\/2845\/revisions"}],"predecessor-version":[{"id":2853,"href":"https:\/\/vivancoculturadevino.es\/blog\/wp-json\/wp\/v2\/posts\/2845\/revisions\/2853"}],"wp:featuredmedia":[{"embeddable":true,"href":"https:\/\/vivancoculturadevino.es\/blog\/wp-json\/wp\/v2\/media\/2846"}],"wp:attachment":[{"href":"https:\/\/vivancoculturadevino.es\/blog\/wp-json\/wp\/v2\/media?parent=2845"}],"wp:term":[{"taxonomy":"category","embeddable":true,"href":"https:\/\/vivancoculturadevino.es\/blog\/wp-json\/wp\/v2\/categories?post=2845"},{"taxonomy":"post_tag","embeddable":true,"href":"https:\/\/vivancoculturadevino.es\/blog\/wp-json\/wp\/v2\/tags?post=2845"}],"curies":[{"name":"wp","href":"https:\/\/api.w.org\/{rel}","templated":true}]}}