{"id":2831,"date":"2016-12-07T17:44:32","date_gmt":"2016-12-07T16:44:32","guid":{"rendered":"http:\/\/vivancoculturadevino.es\/blog\/?p=2831"},"modified":"2016-12-07T17:48:02","modified_gmt":"2016-12-07T16:48:02","slug":"tiempo-fungiturismo-la-rioja","status":"publish","type":"post","link":"https:\/\/vivancoculturadevino.es\/blog\/2016\/12\/07\/tiempo-fungiturismo-la-rioja\/","title":{"rendered":"Tiempo de fungiturismo en La Rioja"},"content":{"rendered":"<p>El oto\u00f1o es la estaci\u00f3n setera por excelencia y en La Rioja hay <strong>bosques de gran tradici\u00f3n como los de la <a href=\"http:\/\/vivancoculturadevino.es\/blog\/2015\/05\/20\/parque-natural-sierra-cebollera\/\" target=\"_blank\">Sierra de Cebollera<\/a>.\u00a0<\/strong>Y es que la pasi\u00f3n por la micolog\u00eda en La Rioja es tanta, que hasta en la localidad de Villoslada de Cameros, una de las preferidas por los aficionados a los hongos, <strong>se ha creado un coto micol\u00f3gico <\/strong>de diversas zonas con afluencia\/d\u00eda controlada por permisos y accesos a diversas zonas conocidas.<\/p>\n<p style=\"text-align: left;\">Pero si hay un pueblo riojano en el que los hongos son los protagonistas ese es<strong> Pradej\u00f3n<\/strong>, <strong>en la comarca de <a href=\"http:\/\/vivancoculturadevino.es\/blog\/2016\/03\/21\/devocion-calagurritana-semana-santa-calahorra\/\" target=\"_blank\">Calahorra<\/a>,\u00a0<\/strong><strong>la meca del champi\u00f1\u00f3n en nuestro pa\u00eds<\/strong>. Aqu\u00ed se puede realizar la primera y \u00fanica ruta de <a target=blank rel=nofollow href=\"http:\/\/www.fungiturismo.com\/\"><strong>fungiturismo<\/strong><\/a> que existe en Espa\u00f1a y en la que ense\u00f1an c\u00f3mo cultivar y seleccionar los mejores champi\u00f1ones y setas de La Rioja.<\/p>\n<p style=\"text-align: left;\">Esta experiencia tiene una duraci\u00f3n de dos horas y comienza en el Centro de Interpretaci\u00f3n, donde te empapas de toda la teor\u00eda en lo que a hongos se refiere. Paneles, actividades interactivas y v\u00eddeos, entre otros medios, te ayudan a descubrir qu\u00e9 son los <em>fungis<\/em>, c\u00f3mo se alimentan y reproducen o c\u00f3mo se cultivan, entre otros aspectos. Durante la actividad se pueden ver esporas, micelios y varios hongos en los recipientes llamados placas de Petri. Tambi\u00e9n <strong>se aprende a inocularlos en semillas de cereal y las diferentes fases de compostaje de materiales frescos<\/strong>. Asimismo, en la visita se dan a conocer las propiedades del consumo de hongos cultivados y se entregan dos recetarios para poder cocinar suculentos platos a base de setas y champi\u00f1ones (es imprescindible probar los realizados al estilo Pradej\u00f3n con ternera y lomo).<\/p>\n<p style=\"text-align: center;\"><a href=\"http:\/\/vivancoculturadevino.es\/blog\/wp-content\/uploads\/2016\/12\/seta-roja-campo.jpg\"><img fetchpriority=\"high\" decoding=\"async\" class=\" wp-image-2833 aligncenter\" src=\"\/\/vivancoculturadevino.es\/blog\/wp-content\/uploads\/2016\/12\/seta-roja-campo-1024x683.jpg\" alt=\"seta roja campo\" width=\"800\" height=\"533\" srcset=\"https:\/\/vivancoculturadevino.es\/blog\/wp-content\/uploads\/2016\/12\/seta-roja-campo-1024x683.jpg 1024w, https:\/\/vivancoculturadevino.es\/blog\/wp-content\/uploads\/2016\/12\/seta-roja-campo-300x200.jpg 300w\" sizes=\"(max-width: 800px) 100vw, 800px\" \/><\/a>Autor: <a href=\"https:\/\/www.flickr.com\/photos\/santinet\/5025599087\/in\/photolist-8E6vw8\" target=\"blank\" rel=\"nofollow\">Santi Villamar\u00edn<\/a><\/p>\n<p>Durante la ruta te puedes convertir en un <em>champi\u00f1onero<\/em> profesional participando en el cultivo y selecci\u00f3n del champi\u00f1\u00f3n de La Rioja. <strong>Se visita una <em>champi\u00f1onera<\/em> familiar que mantiene parte de su producci\u00f3n en cultivos tradicionales de ca\u00f1o<\/strong>. Estas estructuras se usaban en los a\u00f1os 60 y emulaban a las cuevas naturales donde se encontraban. Aqu\u00ed se aprenden las fases de cultivo, la recolecci\u00f3n del champi\u00f1\u00f3n y se realiza una cata en crudo para poder distinguir sus diferentes sabores y aromas.<\/p>\n<p>Un dato interesante es que <strong>el cultivo de este hongo en La Rioja comenz\u00f3 en las primeras d\u00e9cadas del siglo XX<\/strong> cuando un franc\u00e9s, del que se desconoce el nombre, ense\u00f1\u00f3 a producir el champi\u00f1\u00f3n a Salustiano Rioja, patriarca\u00a0de la primera familia <em>champi\u00f1onera<\/em> de la regi\u00f3n. <strong>En La Rioja se cultivan cada a\u00f1o unas 61.000 toneladas de este producto<\/strong>, cifra que significa el 60% de la producci\u00f3n nacional y el 8% de de la europea.<\/p>\n<p>En Pradej\u00f3n tambi\u00e9n se pueden descubrir cultivos tradicionales de seta de ostra siendo dos variedades asi\u00e1ticas, la\u00a0<em>shiitake<\/em> y la <em>eryngii<\/em>, las m\u00e1s populares.<\/p>\n<p style=\"text-align: center;\"><a href=\"http:\/\/vivancoculturadevino.es\/blog\/wp-content\/uploads\/2016\/12\/3.jpg\"><img decoding=\"async\" class=\" wp-image-2834 aligncenter\" src=\"\/\/vivancoculturadevino.es\/blog\/wp-content\/uploads\/2016\/12\/3-1024x768.jpg\" alt=\"seta shiitaki marron amarilla\" width=\"800\" height=\"600\" srcset=\"https:\/\/vivancoculturadevino.es\/blog\/wp-content\/uploads\/2016\/12\/3-1024x768.jpg 1024w, https:\/\/vivancoculturadevino.es\/blog\/wp-content\/uploads\/2016\/12\/3-300x225.jpg 300w\" sizes=\"(max-width: 800px) 100vw, 800px\" \/><\/a>Seta Shiitake. Autor: <a href=\"https:\/\/www.flickr.com\/photos\/davies\/3331982938\/in\/photolist-65rhrG-9bnA77-oUrZVg-oUqcvm-pCmEfz-oBXBju-oUqd6u-oHhWsi-pSCeN1-oFga4s-oHg8o7-oqNuvo-oqNjSB-oHhVgk-oqNuTN-oXZouT-oH2fmx-98A7DE-oqNv9N-ni1suJ-5PbnFr-5VN1tV-caDn61-dD33Z8-8hFgyy-oH2dwk-CAb65d-5SzfWE-oH2d1F-98PUSz-bDDu2i-bDDvTc-5PzLiw-caD2jN-caD1Cd-nzfR5G-5WGrvp-ni1tkS-ni1mR8-bDDtWT-caD3aJ-nzfRhW-bqJzhJ-bDDuLX-bqJz7L-635MAF-74GQo8-62AJWj-nzcZWV-ni1u7Q\" target=\"blank\" rel=\"nofollow\">David Davies<\/a><\/p>\n<p>\u00a0Como a finales de los 70 la producci\u00f3n del champi\u00f1\u00f3n estaba tan consolidada y la oferta era cada vez mayor, empezaron a bajar los precios, por lo que se opt\u00f3 por otras v\u00edas alternativas siendo la seta de ostra la opci\u00f3n elegida. En Pradej\u00f3n tambi\u00e9n se puede conocer adem\u00e1s c\u00f3mo se cultivan, por qu\u00e9 son tan caras, y catarlas en crudo.<\/p>\n<p>Si vas a visitar La Rioja en las pr\u00f3ximas fechas, tambi\u00e9n te interesar\u00e1 saber que muy cerca del centro de fungiturismo de Pradej\u00f3n se encuentran otros lugares que se pueden conocer como el <strong><a href=\"\u00a0http:\/\/vivancoculturadevino.es\/blog\/2015\/04\/16\/descubre-ruta-dinosaurios-la-rioja\/\">Barranco Perdido<\/a>, <\/strong>donde se puede descubrir c\u00f3mo viv\u00edan los dinosaurios, el <strong>Museo de la Verdura de Calahorra<\/strong> o las pozas termales de Arnedillo. Y si te apetece conocer la comunidad en mayor profundidad y disfrutar del vino en todo su esplendor, no olvides visitar<strong> <strong><a href=\"http:\/\/www.vivancoculturadevino.es\/vivanco\/?tsource=tsCom\" target=\"_blank\">Vivanco<\/a>.\u00a0Su espectacular bodega y su <strong>Museo de la Cultura del Vino<\/strong>, calificado como el \u201cMejor Museo del Vino del Mundo\u201d seg\u00fan al OMT-ONU, no te dejar\u00e1n indiferente.\u00a0<\/strong><\/strong><\/p>\n","protected":false},"excerpt":{"rendered":"<p>\u00bfQu\u00e9 planes podemos realizar en La Rioja en oto\u00f1o? La micolog\u00eda est\u00e1 muy presente en esta comunidad. Te contamos qu\u00e9 actividades relacionadas con el fungiturismo puedes realizar aqu\u00ed.<\/p>\n","protected":false},"author":9,"featured_media":2832,"comment_status":"open","ping_status":"open","sticky":false,"template":"","format":"standard","meta":{"footnotes":"","_elementor_edit_mode":"","_elementor_template_type":"","_elementor_data":"","_elementor_page_settings":null,"_elementor_conditions":[]},"categories":[6],"tags":[365,364,363,324,362,86],"class_list":["post-2831","post","type-post","status-publish","format-standard","has-post-thumbnail","hentry","category-experiencias","tag-champinones","tag-fungiturismo","tag-micologia","tag-recogida","tag-setas","tag-turismo"],"yoast_head":"<!-- This site is optimized with the Yoast SEO plugin v26.8 - https:\/\/yoast.com\/product\/yoast-seo-wordpress\/ -->\n<title>Tiempo de fungiturismo en La Rioja | Vivanco<\/title>\n<meta name=\"description\" content=\"\u00bfQu\u00e9 planes podemos realizar en La Rioja en oto\u00f1o? La micolog\u00eda est\u00e1 muy presente en esta comunidad. Te contamos qu\u00e9 actividades relacionadas con el fungiturismo puedes realizar aqu\u00ed.\" \/>\n<meta name=\"robots\" content=\"index, follow, max-snippet:-1, max-image-preview:large, max-video-preview:-1\" \/>\n<link rel=\"canonical\" href=\"https:\/\/vivancoculturadevino.es\/blog\/2016\/12\/07\/tiempo-fungiturismo-la-rioja\/\" \/>\n<meta property=\"og:locale\" content=\"es_ES\" \/>\n<meta property=\"og:type\" content=\"article\" \/>\n<meta property=\"og:title\" content=\"Tiempo de fungiturismo en La Rioja | Vivanco\" \/>\n<meta property=\"og:description\" content=\"\u00bfQu\u00e9 planes podemos realizar en La Rioja en oto\u00f1o? La micolog\u00eda est\u00e1 muy presente en esta comunidad. Te contamos qu\u00e9 actividades relacionadas con el fungiturismo puedes realizar aqu\u00ed.\" \/>\n<meta property=\"og:url\" content=\"https:\/\/vivancoculturadevino.es\/blog\/2016\/12\/07\/tiempo-fungiturismo-la-rioja\/\" \/>\n<meta property=\"og:site_name\" content=\"Vivanco\" \/>\n<meta property=\"article:author\" content=\"https:\/\/www.facebook.com\/www.tusdestinos.net\" \/>\n<meta property=\"article:published_time\" content=\"2016-12-07T16:44:32+00:00\" \/>\n<meta property=\"article:modified_time\" content=\"2016-12-07T16:48:02+00:00\" \/>\n<meta property=\"og:image\" content=\"https:\/\/vivancoculturadevino.es\/blog\/wp-content\/uploads\/2016\/12\/setas-color-marron-hierba.jpg\" \/>\n\t<meta property=\"og:image:width\" content=\"1280\" \/>\n\t<meta property=\"og:image:height\" content=\"853\" \/>\n\t<meta property=\"og:image:type\" content=\"image\/jpeg\" \/>\n<meta name=\"author\" content=\"Mar\u00eda Jes\u00fas Tom\u00e9\" \/>\n<meta name=\"twitter:card\" content=\"summary_large_image\" \/>\n<meta name=\"twitter:creator\" content=\"@https:\/\/twitter.com\/tusdestinos\" \/>\n<meta name=\"twitter:label1\" content=\"Escrito por\" \/>\n\t<meta name=\"twitter:data1\" content=\"Mar\u00eda Jes\u00fas Tom\u00e9\" \/>\n\t<meta name=\"twitter:label2\" content=\"Tiempo de lectura\" \/>\n\t<meta name=\"twitter:data2\" content=\"3 minutos\" \/>\n<script type=\"application\/ld+json\" class=\"yoast-schema-graph\">{\"@context\":\"https:\/\/schema.org\",\"@graph\":[{\"@type\":\"Article\",\"@id\":\"https:\/\/vivancoculturadevino.es\/blog\/2016\/12\/07\/tiempo-fungiturismo-la-rioja\/#article\",\"isPartOf\":{\"@id\":\"https:\/\/vivancoculturadevino.es\/blog\/2016\/12\/07\/tiempo-fungiturismo-la-rioja\/\"},\"author\":{\"name\":\"Mar\u00eda Jes\u00fas Tom\u00e9\",\"@id\":\"https:\/\/vivancoculturadevino.es\/blog\/#\/schema\/person\/3bc49c76da77584a857b4d3fb91e5a2f\"},\"headline\":\"Tiempo de fungiturismo en La Rioja\",\"datePublished\":\"2016-12-07T16:44:32+00:00\",\"dateModified\":\"2016-12-07T16:48:02+00:00\",\"mainEntityOfPage\":{\"@id\":\"https:\/\/vivancoculturadevino.es\/blog\/2016\/12\/07\/tiempo-fungiturismo-la-rioja\/\"},\"wordCount\":688,\"commentCount\":2,\"publisher\":{\"@id\":\"https:\/\/vivancoculturadevino.es\/blog\/#organization\"},\"image\":{\"@id\":\"https:\/\/vivancoculturadevino.es\/blog\/2016\/12\/07\/tiempo-fungiturismo-la-rioja\/#primaryimage\"},\"thumbnailUrl\":\"https:\/\/vivancoculturadevino.es\/blog\/wp-content\/uploads\/2016\/12\/setas-color-marron-hierba.jpg\",\"keywords\":[\"champi\u00f1ones\",\"fungiturismo\",\"micolog\u00eda\",\"recogida\",\"setas\",\"turismo\"],\"articleSection\":[\"Compartiendo\"],\"inLanguage\":\"es\",\"potentialAction\":[{\"@type\":\"CommentAction\",\"name\":\"Comment\",\"target\":[\"https:\/\/vivancoculturadevino.es\/blog\/2016\/12\/07\/tiempo-fungiturismo-la-rioja\/#respond\"]}]},{\"@type\":\"WebPage\",\"@id\":\"https:\/\/vivancoculturadevino.es\/blog\/2016\/12\/07\/tiempo-fungiturismo-la-rioja\/\",\"url\":\"https:\/\/vivancoculturadevino.es\/blog\/2016\/12\/07\/tiempo-fungiturismo-la-rioja\/\",\"name\":\"Tiempo de fungiturismo en La Rioja | Vivanco\",\"isPartOf\":{\"@id\":\"https:\/\/vivancoculturadevino.es\/blog\/#website\"},\"primaryImageOfPage\":{\"@id\":\"https:\/\/vivancoculturadevino.es\/blog\/2016\/12\/07\/tiempo-fungiturismo-la-rioja\/#primaryimage\"},\"image\":{\"@id\":\"https:\/\/vivancoculturadevino.es\/blog\/2016\/12\/07\/tiempo-fungiturismo-la-rioja\/#primaryimage\"},\"thumbnailUrl\":\"https:\/\/vivancoculturadevino.es\/blog\/wp-content\/uploads\/2016\/12\/setas-color-marron-hierba.jpg\",\"datePublished\":\"2016-12-07T16:44:32+00:00\",\"dateModified\":\"2016-12-07T16:48:02+00:00\",\"description\":\"\u00bfQu\u00e9 planes podemos realizar en La Rioja en oto\u00f1o? La micolog\u00eda est\u00e1 muy presente en esta comunidad. Te contamos qu\u00e9 actividades relacionadas con el fungiturismo puedes realizar aqu\u00ed.\",\"breadcrumb\":{\"@id\":\"https:\/\/vivancoculturadevino.es\/blog\/2016\/12\/07\/tiempo-fungiturismo-la-rioja\/#breadcrumb\"},\"inLanguage\":\"es\",\"potentialAction\":[{\"@type\":\"ReadAction\",\"target\":[\"https:\/\/vivancoculturadevino.es\/blog\/2016\/12\/07\/tiempo-fungiturismo-la-rioja\/\"]}]},{\"@type\":\"ImageObject\",\"inLanguage\":\"es\",\"@id\":\"https:\/\/vivancoculturadevino.es\/blog\/2016\/12\/07\/tiempo-fungiturismo-la-rioja\/#primaryimage\",\"url\":\"https:\/\/vivancoculturadevino.es\/blog\/wp-content\/uploads\/2016\/12\/setas-color-marron-hierba.jpg\",\"contentUrl\":\"https:\/\/vivancoculturadevino.es\/blog\/wp-content\/uploads\/2016\/12\/setas-color-marron-hierba.jpg\",\"width\":1280,\"height\":853},{\"@type\":\"BreadcrumbList\",\"@id\":\"https:\/\/vivancoculturadevino.es\/blog\/2016\/12\/07\/tiempo-fungiturismo-la-rioja\/#breadcrumb\",\"itemListElement\":[{\"@type\":\"ListItem\",\"position\":1,\"name\":\"Portada\",\"item\":\"https:\/\/vivancoculturadevino.es\/blog\/\"},{\"@type\":\"ListItem\",\"position\":2,\"name\":\"Tiempo de fungiturismo en La Rioja\"}]},{\"@type\":\"WebSite\",\"@id\":\"https:\/\/vivancoculturadevino.es\/blog\/#website\",\"url\":\"https:\/\/vivancoculturadevino.es\/blog\/\",\"name\":\"Vivanco\",\"description\":\"Una familia y una pasi\u00f3n: Compartir la cultura del vino\",\"publisher\":{\"@id\":\"https:\/\/vivancoculturadevino.es\/blog\/#organization\"},\"potentialAction\":[{\"@type\":\"SearchAction\",\"target\":{\"@type\":\"EntryPoint\",\"urlTemplate\":\"https:\/\/vivancoculturadevino.es\/blog\/?s={search_term_string}\"},\"query-input\":{\"@type\":\"PropertyValueSpecification\",\"valueRequired\":true,\"valueName\":\"search_term_string\"}}],\"inLanguage\":\"es\"},{\"@type\":\"Organization\",\"@id\":\"https:\/\/vivancoculturadevino.es\/blog\/#organization\",\"name\":\"Vivanco\",\"url\":\"https:\/\/vivancoculturadevino.es\/blog\/\",\"logo\":{\"@type\":\"ImageObject\",\"inLanguage\":\"es\",\"@id\":\"https:\/\/vivancoculturadevino.es\/blog\/#\/schema\/logo\/image\/\",\"url\":\"https:\/\/vivancoculturadevino.es\/blog\/wp-content\/uploads\/2026\/01\/Logo-blanco.svg\",\"contentUrl\":\"https:\/\/vivancoculturadevino.es\/blog\/wp-content\/uploads\/2026\/01\/Logo-blanco.svg\",\"width\":134,\"height\":43,\"caption\":\"Vivanco\"},\"image\":{\"@id\":\"https:\/\/vivancoculturadevino.es\/blog\/#\/schema\/logo\/image\/\"}},{\"@type\":\"Person\",\"@id\":\"https:\/\/vivancoculturadevino.es\/blog\/#\/schema\/person\/3bc49c76da77584a857b4d3fb91e5a2f\",\"name\":\"Mar\u00eda Jes\u00fas Tom\u00e9\",\"image\":{\"@type\":\"ImageObject\",\"inLanguage\":\"es\",\"@id\":\"https:\/\/vivancoculturadevino.es\/blog\/#\/schema\/person\/image\/\",\"url\":\"https:\/\/secure.gravatar.com\/avatar\/1c5ba5e3990bcbc814272709434c853853a009475c6b151b42d2ee0c7a911df5?s=96&d=mm&r=g\",\"contentUrl\":\"https:\/\/secure.gravatar.com\/avatar\/1c5ba5e3990bcbc814272709434c853853a009475c6b151b42d2ee0c7a911df5?s=96&d=mm&r=g\",\"caption\":\"Mar\u00eda Jes\u00fas Tom\u00e9\"},\"description\":\"Tusdestinos.net es una revista online de turismo y viajes donde se publican a diario art\u00edculos y reportajes de informaci\u00f3n tur\u00edstica nacional e internacional, viajes, gastronom\u00eda y tiempo libre. Es un portal web en el que se pueden encontrar reportajes y v\u00eddeos tur\u00edsticos dedicados a destinos nacionales e internacionales y hoteles, adem\u00e1s de art\u00edculos de ocio (arte, cultura, gastronom\u00eda...). La revista Tusdestinos.net apuesta por el formato audiovisual y por las redes sociales, por eso est\u00e1 presente en Youtube, Facebook y Twitter.\",\"sameAs\":[\"http:\/\/tusdestinos.net\/\",\"https:\/\/www.facebook.com\/www.tusdestinos.net\",\"https:\/\/x.com\/https:\/\/twitter.com\/tusdestinos\"],\"url\":\"https:\/\/vivancoculturadevino.es\/blog\/author\/maria-jesus-tome\/\"}]}<\/script>\n<!-- \/ Yoast SEO plugin. -->","yoast_head_json":{"title":"Tiempo de fungiturismo en La Rioja | Vivanco","description":"\u00bfQu\u00e9 planes podemos realizar en La Rioja en oto\u00f1o? La micolog\u00eda est\u00e1 muy presente en esta comunidad. Te contamos qu\u00e9 actividades relacionadas con el fungiturismo puedes realizar aqu\u00ed.","robots":{"index":"index","follow":"follow","max-snippet":"max-snippet:-1","max-image-preview":"max-image-preview:large","max-video-preview":"max-video-preview:-1"},"canonical":"https:\/\/vivancoculturadevino.es\/blog\/2016\/12\/07\/tiempo-fungiturismo-la-rioja\/","og_locale":"es_ES","og_type":"article","og_title":"Tiempo de fungiturismo en La Rioja | Vivanco","og_description":"\u00bfQu\u00e9 planes podemos realizar en La Rioja en oto\u00f1o? La micolog\u00eda est\u00e1 muy presente en esta comunidad. Te contamos qu\u00e9 actividades relacionadas con el fungiturismo puedes realizar aqu\u00ed.","og_url":"https:\/\/vivancoculturadevino.es\/blog\/2016\/12\/07\/tiempo-fungiturismo-la-rioja\/","og_site_name":"Vivanco","article_author":"https:\/\/www.facebook.com\/www.tusdestinos.net","article_published_time":"2016-12-07T16:44:32+00:00","article_modified_time":"2016-12-07T16:48:02+00:00","og_image":[{"width":1280,"height":853,"url":"https:\/\/vivancoculturadevino.es\/blog\/wp-content\/uploads\/2016\/12\/setas-color-marron-hierba.jpg","type":"image\/jpeg"}],"author":"Mar\u00eda Jes\u00fas Tom\u00e9","twitter_card":"summary_large_image","twitter_creator":"@https:\/\/twitter.com\/tusdestinos","twitter_misc":{"Escrito por":"Mar\u00eda Jes\u00fas Tom\u00e9","Tiempo de lectura":"3 minutos"},"schema":{"@context":"https:\/\/schema.org","@graph":[{"@type":"Article","@id":"https:\/\/vivancoculturadevino.es\/blog\/2016\/12\/07\/tiempo-fungiturismo-la-rioja\/#article","isPartOf":{"@id":"https:\/\/vivancoculturadevino.es\/blog\/2016\/12\/07\/tiempo-fungiturismo-la-rioja\/"},"author":{"name":"Mar\u00eda Jes\u00fas Tom\u00e9","@id":"https:\/\/vivancoculturadevino.es\/blog\/#\/schema\/person\/3bc49c76da77584a857b4d3fb91e5a2f"},"headline":"Tiempo de fungiturismo en La Rioja","datePublished":"2016-12-07T16:44:32+00:00","dateModified":"2016-12-07T16:48:02+00:00","mainEntityOfPage":{"@id":"https:\/\/vivancoculturadevino.es\/blog\/2016\/12\/07\/tiempo-fungiturismo-la-rioja\/"},"wordCount":688,"commentCount":2,"publisher":{"@id":"https:\/\/vivancoculturadevino.es\/blog\/#organization"},"image":{"@id":"https:\/\/vivancoculturadevino.es\/blog\/2016\/12\/07\/tiempo-fungiturismo-la-rioja\/#primaryimage"},"thumbnailUrl":"https:\/\/vivancoculturadevino.es\/blog\/wp-content\/uploads\/2016\/12\/setas-color-marron-hierba.jpg","keywords":["champi\u00f1ones","fungiturismo","micolog\u00eda","recogida","setas","turismo"],"articleSection":["Compartiendo"],"inLanguage":"es","potentialAction":[{"@type":"CommentAction","name":"Comment","target":["https:\/\/vivancoculturadevino.es\/blog\/2016\/12\/07\/tiempo-fungiturismo-la-rioja\/#respond"]}]},{"@type":"WebPage","@id":"https:\/\/vivancoculturadevino.es\/blog\/2016\/12\/07\/tiempo-fungiturismo-la-rioja\/","url":"https:\/\/vivancoculturadevino.es\/blog\/2016\/12\/07\/tiempo-fungiturismo-la-rioja\/","name":"Tiempo de fungiturismo en La Rioja | Vivanco","isPartOf":{"@id":"https:\/\/vivancoculturadevino.es\/blog\/#website"},"primaryImageOfPage":{"@id":"https:\/\/vivancoculturadevino.es\/blog\/2016\/12\/07\/tiempo-fungiturismo-la-rioja\/#primaryimage"},"image":{"@id":"https:\/\/vivancoculturadevino.es\/blog\/2016\/12\/07\/tiempo-fungiturismo-la-rioja\/#primaryimage"},"thumbnailUrl":"https:\/\/vivancoculturadevino.es\/blog\/wp-content\/uploads\/2016\/12\/setas-color-marron-hierba.jpg","datePublished":"2016-12-07T16:44:32+00:00","dateModified":"2016-12-07T16:48:02+00:00","description":"\u00bfQu\u00e9 planes podemos realizar en La Rioja en oto\u00f1o? La micolog\u00eda est\u00e1 muy presente en esta comunidad. Te contamos qu\u00e9 actividades relacionadas con el fungiturismo puedes realizar aqu\u00ed.","breadcrumb":{"@id":"https:\/\/vivancoculturadevino.es\/blog\/2016\/12\/07\/tiempo-fungiturismo-la-rioja\/#breadcrumb"},"inLanguage":"es","potentialAction":[{"@type":"ReadAction","target":["https:\/\/vivancoculturadevino.es\/blog\/2016\/12\/07\/tiempo-fungiturismo-la-rioja\/"]}]},{"@type":"ImageObject","inLanguage":"es","@id":"https:\/\/vivancoculturadevino.es\/blog\/2016\/12\/07\/tiempo-fungiturismo-la-rioja\/#primaryimage","url":"https:\/\/vivancoculturadevino.es\/blog\/wp-content\/uploads\/2016\/12\/setas-color-marron-hierba.jpg","contentUrl":"https:\/\/vivancoculturadevino.es\/blog\/wp-content\/uploads\/2016\/12\/setas-color-marron-hierba.jpg","width":1280,"height":853},{"@type":"BreadcrumbList","@id":"https:\/\/vivancoculturadevino.es\/blog\/2016\/12\/07\/tiempo-fungiturismo-la-rioja\/#breadcrumb","itemListElement":[{"@type":"ListItem","position":1,"name":"Portada","item":"https:\/\/vivancoculturadevino.es\/blog\/"},{"@type":"ListItem","position":2,"name":"Tiempo de fungiturismo en La Rioja"}]},{"@type":"WebSite","@id":"https:\/\/vivancoculturadevino.es\/blog\/#website","url":"https:\/\/vivancoculturadevino.es\/blog\/","name":"Vivanco","description":"Una familia y una pasi\u00f3n: Compartir la cultura del vino","publisher":{"@id":"https:\/\/vivancoculturadevino.es\/blog\/#organization"},"potentialAction":[{"@type":"SearchAction","target":{"@type":"EntryPoint","urlTemplate":"https:\/\/vivancoculturadevino.es\/blog\/?s={search_term_string}"},"query-input":{"@type":"PropertyValueSpecification","valueRequired":true,"valueName":"search_term_string"}}],"inLanguage":"es"},{"@type":"Organization","@id":"https:\/\/vivancoculturadevino.es\/blog\/#organization","name":"Vivanco","url":"https:\/\/vivancoculturadevino.es\/blog\/","logo":{"@type":"ImageObject","inLanguage":"es","@id":"https:\/\/vivancoculturadevino.es\/blog\/#\/schema\/logo\/image\/","url":"https:\/\/vivancoculturadevino.es\/blog\/wp-content\/uploads\/2026\/01\/Logo-blanco.svg","contentUrl":"https:\/\/vivancoculturadevino.es\/blog\/wp-content\/uploads\/2026\/01\/Logo-blanco.svg","width":134,"height":43,"caption":"Vivanco"},"image":{"@id":"https:\/\/vivancoculturadevino.es\/blog\/#\/schema\/logo\/image\/"}},{"@type":"Person","@id":"https:\/\/vivancoculturadevino.es\/blog\/#\/schema\/person\/3bc49c76da77584a857b4d3fb91e5a2f","name":"Mar\u00eda Jes\u00fas Tom\u00e9","image":{"@type":"ImageObject","inLanguage":"es","@id":"https:\/\/vivancoculturadevino.es\/blog\/#\/schema\/person\/image\/","url":"https:\/\/secure.gravatar.com\/avatar\/1c5ba5e3990bcbc814272709434c853853a009475c6b151b42d2ee0c7a911df5?s=96&d=mm&r=g","contentUrl":"https:\/\/secure.gravatar.com\/avatar\/1c5ba5e3990bcbc814272709434c853853a009475c6b151b42d2ee0c7a911df5?s=96&d=mm&r=g","caption":"Mar\u00eda Jes\u00fas Tom\u00e9"},"description":"Tusdestinos.net es una revista online de turismo y viajes donde se publican a diario art\u00edculos y reportajes de informaci\u00f3n tur\u00edstica nacional e internacional, viajes, gastronom\u00eda y tiempo libre. Es un portal web en el que se pueden encontrar reportajes y v\u00eddeos tur\u00edsticos dedicados a destinos nacionales e internacionales y hoteles, adem\u00e1s de art\u00edculos de ocio (arte, cultura, gastronom\u00eda...). La revista Tusdestinos.net apuesta por el formato audiovisual y por las redes sociales, por eso est\u00e1 presente en Youtube, Facebook y Twitter.","sameAs":["http:\/\/tusdestinos.net\/","https:\/\/www.facebook.com\/www.tusdestinos.net","https:\/\/x.com\/https:\/\/twitter.com\/tusdestinos"],"url":"https:\/\/vivancoculturadevino.es\/blog\/author\/maria-jesus-tome\/"}]}},"_links":{"self":[{"href":"https:\/\/vivancoculturadevino.es\/blog\/wp-json\/wp\/v2\/posts\/2831","targetHints":{"allow":["GET"]}}],"collection":[{"href":"https:\/\/vivancoculturadevino.es\/blog\/wp-json\/wp\/v2\/posts"}],"about":[{"href":"https:\/\/vivancoculturadevino.es\/blog\/wp-json\/wp\/v2\/types\/post"}],"author":[{"embeddable":true,"href":"https:\/\/vivancoculturadevino.es\/blog\/wp-json\/wp\/v2\/users\/9"}],"replies":[{"embeddable":true,"href":"https:\/\/vivancoculturadevino.es\/blog\/wp-json\/wp\/v2\/comments?post=2831"}],"version-history":[{"count":3,"href":"https:\/\/vivancoculturadevino.es\/blog\/wp-json\/wp\/v2\/posts\/2831\/revisions"}],"predecessor-version":[{"id":2837,"href":"https:\/\/vivancoculturadevino.es\/blog\/wp-json\/wp\/v2\/posts\/2831\/revisions\/2837"}],"wp:featuredmedia":[{"embeddable":true,"href":"https:\/\/vivancoculturadevino.es\/blog\/wp-json\/wp\/v2\/media\/2832"}],"wp:attachment":[{"href":"https:\/\/vivancoculturadevino.es\/blog\/wp-json\/wp\/v2\/media?parent=2831"}],"wp:term":[{"taxonomy":"category","embeddable":true,"href":"https:\/\/vivancoculturadevino.es\/blog\/wp-json\/wp\/v2\/categories?post=2831"},{"taxonomy":"post_tag","embeddable":true,"href":"https:\/\/vivancoculturadevino.es\/blog\/wp-json\/wp\/v2\/tags?post=2831"}],"curies":[{"name":"wp","href":"https:\/\/api.w.org\/{rel}","templated":true}]}}