{"id":2822,"date":"2016-12-01T09:50:15","date_gmt":"2016-12-01T08:50:15","guid":{"rendered":"http:\/\/vivancoculturadevino.es\/blog\/?p=2822"},"modified":"2024-11-15T14:59:42","modified_gmt":"2024-11-15T13:59:42","slug":"paco-nadal-la-rioja-maneras-de-contar-la-cultura-del-vino-videos","status":"publish","type":"post","link":"https:\/\/vivancoculturadevino.es\/blog\/2016\/12\/01\/paco-nadal-la-rioja-maneras-de-contar-la-cultura-del-vino-videos\/","title":{"rendered":"Paco Nadal en La Rioja con Maneras de Contar la Cultura del Vino [V\u00cdDEOS]"},"content":{"rendered":"<p>La Rioja, cuna de del castellano, de una rica gastronom\u00eda y sobre todo del vino, de sentir el vino de un modo especial.<\/p>\n<p>Descubrimos algunos de los rincones m\u00e1s aut\u00e9nticos de la Rioja esta vez de la mano de Paco Nadal, periodista y aventurero, especialista en viajes y experiencias a lo largo del mundo. Esta vez no ha tenido que irse a parajes lejanos y ex\u00f3ticos sino a la peque\u00f1a pero intensa tierra de La Rioja.<\/p>\n<p>\u00bfNos acompa\u00f1as?<\/p>\n<p>&nbsp;<\/p>\n<h2>Briones y Bodega Vivanco<\/h2>\n<p><iframe src=\"https:\/\/www.youtube-nocookie.com\/embed\/oZbasmYalmc\" width=\"560\" height=\"315\" frameborder=\"0\" allowfullscreen=\"allowfullscreen\"><\/iframe><\/p>\n<p><a href=\"http:\/\/vivancoculturadevino.es\/blog\/2015\/05\/22\/ver-briones-la-rioja\/\">Briones<\/a> sin duda es uno de los pueblos m\u00e1s bonitos de La Rioja.&nbsp;Pertenece a la zona denominada como Rioja Alta, zona de buen vino, de vi\u00f1edos, de bodegas, de hermosos paisajes\u2026 \u00bfConocemos un poco m\u00e1s?<\/p>\n<ul>\n<li><strong>Plaza de Espa\u00f1a o del Ayuntamiento<\/strong>: aut\u00e9ntico centro neur\u00e1lgico y la parte m\u00e1s bonita, a la que se van a asomar los principales edificios del pueblo.<\/li>\n<\/ul>\n<ul>\n<li><strong>Iglesia de la Asunci\u00f3n<\/strong>: es el templo principal del pueblo. De ella podemos destacar su imponente torre barroca de \u2018estilo riojano\u2019, una de las torres m\u00e1s importantes de La Rioja.<\/li>\n<\/ul>\n<ul>\n<li><strong>Palacio del Marqu\u00e9s de San Nicol\u00e1s<\/strong> (el Ayuntamiento)<\/li>\n<\/ul>\n<ul>\n<li><strong>La Casona<\/strong>: es el edificio civil m\u00e1s antiguo conservado en La Rioja (s. XVI) Se puede decir que lleva 500 a\u00f1os en el mismo sitio, en la misma esquina. <em>Si las paredes hablaran<\/em>\u2026<\/li>\n<\/ul>\n<ul>\n<li><strong>Cercas de Briones<\/strong>: estas cercas son paseos que rodean el pueblo y desde donde se puede admirar la belleza de Briones, su entorno y los restos de la muralla. Quiz\u00e1s la m\u00e1s famosa es &#8220;<em><strong>la cerca de las 40&#8243;,<\/strong><\/em> conocida con este nombre porque desde este enclave pod\u00edan verse las 40 iglesias y campanarios de Briones es m\u00e1s, si sub\u00edas hasta aqu\u00ed y rezabas, ten\u00edas 40 d\u00edas de indulgencia.<\/li>\n<\/ul>\n<p>Briones es tambi\u00e9n la casa de <a href=\"http:\/\/www.vivancoculturadevino.es\/vivanco\/?tsource=tsCom\">Bodegas Vivanco y su Museo de la Cultura del Vino<\/a>. Por eso no puedes irte de aqu\u00ed sin visitar este espacio:<\/p>\n<ul>\n<li><strong>El Museo<\/strong> consta de 5 salas en las que podr\u00e1s hacer un recorrido a trav\u00e9s del legado art\u00edstico y cultural que nos ha dejado el vino a lo largo de los siglos (vas a poder ver desde las herramientas tradicionales del campo y la bodega hasta obras de arte de genios destacados de la Historia del Arte siempre con el vino como hilo conductor).<\/li>\n<\/ul>\n<ul>\n<li><strong>Bodega<\/strong>: podr\u00e1s visitar la bodega de la mano de nuestros expertos para que conozcas de primera mano c\u00f3mo se elaboran los vinos en la actualidad.<\/li>\n<\/ul>\n<p><em>\u201cBrindemos por los placeres del vino\u2026\u201d<\/em><\/p>\n<p>&nbsp;<\/p>\n<h2>Calle Laurel<\/h2>\n<p><iframe src=\"https:\/\/www.youtube-nocookie.com\/embed\/_2NkOlYaHM4\" width=\"560\" height=\"315\" frameborder=\"0\" allowfullscreen=\"allowfullscreen\"><\/iframe><\/p>\n<p>Probablemente la calle de tapeo m\u00e1s famosa de Logro\u00f1o y una de las zonas m\u00e1s conocidas de Espa\u00f1a. Esta calle tambi\u00e9n se conoce como \u201cla senda de los elefantes\u201d porque entras por un sitio y despu\u00e9s de tantos vinos sales por otro con una buena trompa. La <a href=\"http:\/\/vivancoculturadevino.es\/blog\/2014\/09\/24\/calle-laurel-para-comersela\/\">calle Laurel<\/a>&nbsp;y sus aleda\u00f1as (calle de San Agust\u00edn, Albornoz y San Juan) conforman una zona repleta de bares donde vas a poder degustar la exquisita gastronom\u00eda riojana, as\u00ed que vamos a descubrir algunas de las mejores tapas:<\/p>\n<ul>\n<li><strong>La Taberna del t\u00edo Blas<\/strong>: justo al principio de la calle Laurel. Todo un cl\u00e1sico, aunque tambi\u00e9n hace uso de las nuevas tecnolog\u00edas. Aqu\u00ed nos podemos deleitar con la <em>piruleta de solomillo de cerdo con cinta de ib\u00e9rico y salsa de queso<\/em>; recuerda comerla con la mano y sin mancharte.<\/li>\n<\/ul>\n<ul>\n<li><strong>Taberna del Laurel<\/strong>: desde 1959, todo un hist\u00f3rico especialista es <em>patatas bravas<\/em>, posiblemente las mejores de Espa\u00f1a y puede que del mundo.<\/li>\n<\/ul>\n<ul>\n<li><strong>D.O. Laurel<\/strong>: probaremos un riqu\u00edsimo <em>solomillo de ternera a la brasa con pimiento rojo<\/em>.<\/li>\n<\/ul>\n<ul>\n<li><strong>La Gota de Vino<\/strong>: aunque por fuera parece muy moderno, en su interior conserva un coraz\u00f3n tradicional donde vamos a poder probar el cl\u00e1sico \u2018<em>zorropito<\/em>\u2019 de bacon o de lomo. Se trata de un bocadillito muy sencillo pero muy sabroso<\/li>\n<\/ul>\n<ul>\n<li><strong>La Segunda Taberna<\/strong>: situada en la calle San Juan. Aqu\u00ed no vamos a encontrar la cl\u00e1sica barra llena de tapas porque vamos a encontrar algo diferente. Se trata de un bar cuya especialidad son las <em>setas, los hongos y los cardos<\/em>, as\u00ed que si eres un amante de estos productos aqu\u00ed vas a poder deleitarte con ellos.<\/li>\n<\/ul>\n<p>Ya ves, opciones para todos los paladares y para todos los bolsillos donde disfrutar\u00e1s no solo de la gastronom\u00eda riojana y del buen vino, sino tambi\u00e9n de un ambiente genial, \u00a1por eso seguro que volver\u00e1s!<\/p>\n<p>&nbsp;<\/p>\n<h2>Monasterios de Suso y Yuso (San Mill\u00e1n de la Cogolla)<\/h2>\n<p><iframe src=\"https:\/\/www.youtube-nocookie.com\/embed\/rDxUiAdUijc\" width=\"560\" height=\"315\" frameborder=\"0\" allowfullscreen=\"allowfullscreen\"><\/iframe><\/p>\n<p>Un viaje al lugar que vio nacer el castellano, ya que en San Mill\u00e1n de la Cogolla, donde est\u00e1n los Monasterios de Suso y Yuso es donde se encontraron las \u2018Glosas Emilianenses\u2019 consideradas los <a href=\"http:\/\/vivancoculturadevino.es\/blog\/2016\/03\/14\/descubriendo-ruta-castellano-la-rioja\/\">primeros documentos escritos en castellano<\/a>.<\/p>\n<ul>\n<li><strong>Monasterio de Suso<\/strong>: construido sobre unas antiguas cuevas entre los siglos VI y IX donde vivieron eremitas ya desde el s.VI. Su prolongaci\u00f3n en el tiempo hace que conjugue distintos estilos arquitect\u00f3nicos creando una atm\u00f3sfera \u00fanica capaz de hacerte viajar en el tiempo.<\/li>\n<\/ul>\n<p>Con el crecimiento de la comunidad pronto surgi\u00f3 la necesidad de trasladarse a un espacio m\u00e1s grande, por eso se construye el Monasterio de Yuso.<\/p>\n<ul>\n<li><strong>Monasterio de Yuso<\/strong>: construido entre los siglos XVI y XVII. Aqu\u00ed ser\u00e1 donde la comunidad benedictina alcance su m\u00e1ximo esplendor, tanto religioso como art\u00edstico. De este monasterio destacamos su impresionante Sala Capitular, actual sacrist\u00eda, en la que se han conservado a la perfecci\u00f3n unos frescos sin necesidad de intervenci\u00f3n alguna, unos frescos que rezuman a barroco puro.<\/li>\n<\/ul>\n<p>Un destino fundamental y que no puedes perderte si visitas La Rioja.<\/p>\n<p>Gracias a Paco Nadal hemos conocido de primera mano algunos de los sitios que son visita obligada si viajas a La Rioja. Ahora solo hace falta vivirlos en primera persona. \u00bfTe apuntas?<\/p>\n","protected":false},"excerpt":{"rendered":"<p>Descubrimos algunos de los rincones m\u00e1s aut\u00e9nticos de la Rioja esta vez de la mano de Paco Nadal, periodista y aventurero, especialista en viajes y experiencias a lo largo del mundo.<\/p>\n","protected":false},"author":1,"featured_media":2827,"comment_status":"open","ping_status":"open","sticky":false,"template":"","format":"standard","meta":{"footnotes":"","_elementor_edit_mode":"","_elementor_template_type":"","_elementor_data":"","_elementor_page_settings":null,"_elementor_conditions":[]},"categories":[439],"tags":[84,79,48,275,289,123,361,218,220,217,5,219],"class_list":["post-2822","post","type-post","status-publish","format-standard","has-post-thumbnail","hentry","category-maneras-contar","tag-briones","tag-calle-laurel","tag-logrono","tag-maneras-de-contar","tag-maneras-de-contar-la-cultura-del-vino","tag-monasterios","tag-paco-nadal","tag-ruta-castellano","tag-suso","tag-turismo-la-rioja","tag-vivanco-2","tag-yuso"],"yoast_head":"<!-- This site is optimized with the Yoast SEO plugin v26.8 - https:\/\/yoast.com\/product\/yoast-seo-wordpress\/ -->\n<title>Paco Nadal en La Rioja con Maneras de Contar la Cultura del Vino [V\u00cdDEOS] | Vivanco<\/title>\n<meta name=\"description\" content=\"Descubrimos algunos de los rincones m\u00e1s aut\u00e9nticos de la Rioja con el periodista de viajes Paco Nadal. Briones, Vivanco, Logro\u00f1o, calle Laurel, Monasterios Suso y Yuso\" \/>\n<meta name=\"robots\" content=\"index, follow, max-snippet:-1, max-image-preview:large, max-video-preview:-1\" \/>\n<link rel=\"canonical\" href=\"https:\/\/vivancoculturadevino.es\/blog\/2016\/12\/01\/paco-nadal-la-rioja-maneras-de-contar-la-cultura-del-vino-videos\/\" \/>\n<meta property=\"og:locale\" content=\"es_ES\" \/>\n<meta property=\"og:type\" content=\"article\" \/>\n<meta property=\"og:title\" content=\"Paco Nadal en La Rioja con Maneras de Contar la Cultura del Vino [V\u00cdDEOS] | Vivanco\" \/>\n<meta property=\"og:description\" content=\"Descubrimos algunos de los rincones m\u00e1s aut\u00e9nticos de la Rioja con el periodista de viajes Paco Nadal. Briones, Vivanco, Logro\u00f1o, calle Laurel, Monasterios Suso y Yuso\" \/>\n<meta property=\"og:url\" content=\"https:\/\/vivancoculturadevino.es\/blog\/2016\/12\/01\/paco-nadal-la-rioja-maneras-de-contar-la-cultura-del-vino-videos\/\" \/>\n<meta property=\"og:site_name\" content=\"Vivanco\" \/>\n<meta property=\"article:author\" content=\"https:\/\/www.facebook.com\/vivancoculturadevino\" \/>\n<meta property=\"article:published_time\" content=\"2016-12-01T08:50:15+00:00\" \/>\n<meta property=\"article:modified_time\" content=\"2024-11-15T13:59:42+00:00\" \/>\n<meta property=\"og:image\" content=\"https:\/\/vivancoculturadevino.es\/blog\/wp-content\/uploads\/2016\/12\/paco-nadal-destacada.png\" \/>\n\t<meta property=\"og:image:width\" content=\"832\" \/>\n\t<meta property=\"og:image:height\" content=\"415\" \/>\n\t<meta property=\"og:image:type\" content=\"image\/png\" \/>\n<meta name=\"author\" content=\"Vivanco\" \/>\n<meta name=\"twitter:card\" content=\"summary_large_image\" \/>\n<meta name=\"twitter:creator\" content=\"@https:\/\/twitter.com\/Vivanco_es\" \/>\n<meta name=\"twitter:label1\" content=\"Escrito por\" \/>\n\t<meta name=\"twitter:data1\" content=\"Vivanco\" \/>\n\t<meta name=\"twitter:label2\" content=\"Tiempo de lectura\" \/>\n\t<meta name=\"twitter:data2\" content=\"5 minutos\" \/>\n<script type=\"application\/ld+json\" class=\"yoast-schema-graph\">{\"@context\":\"https:\/\/schema.org\",\"@graph\":[{\"@type\":\"Article\",\"@id\":\"https:\/\/vivancoculturadevino.es\/blog\/2016\/12\/01\/paco-nadal-la-rioja-maneras-de-contar-la-cultura-del-vino-videos\/#article\",\"isPartOf\":{\"@id\":\"https:\/\/vivancoculturadevino.es\/blog\/2016\/12\/01\/paco-nadal-la-rioja-maneras-de-contar-la-cultura-del-vino-videos\/\"},\"author\":{\"name\":\"Vivanco\",\"@id\":\"https:\/\/vivancoculturadevino.es\/blog\/#\/schema\/person\/745931ee54ccbb839d8df0cceb02db4c\"},\"headline\":\"Paco Nadal en La Rioja con Maneras de Contar la Cultura del Vino [V\u00cdDEOS]\",\"datePublished\":\"2016-12-01T08:50:15+00:00\",\"dateModified\":\"2024-11-15T13:59:42+00:00\",\"mainEntityOfPage\":{\"@id\":\"https:\/\/vivancoculturadevino.es\/blog\/2016\/12\/01\/paco-nadal-la-rioja-maneras-de-contar-la-cultura-del-vino-videos\/\"},\"wordCount\":1013,\"commentCount\":0,\"publisher\":{\"@id\":\"https:\/\/vivancoculturadevino.es\/blog\/#organization\"},\"image\":{\"@id\":\"https:\/\/vivancoculturadevino.es\/blog\/2016\/12\/01\/paco-nadal-la-rioja-maneras-de-contar-la-cultura-del-vino-videos\/#primaryimage\"},\"thumbnailUrl\":\"https:\/\/vivancoculturadevino.es\/blog\/wp-content\/uploads\/2016\/12\/paco-nadal-destacada.png\",\"keywords\":[\"Briones\",\"calle laurel\",\"logro\u00f1o\",\"maneras de contar\",\"maneras de contar la cultura del vino\",\"monasterios\",\"paco nadal\",\"ruta castellano\",\"Suso\",\"turismo la rioja\",\"vivanco\",\"Yuso\"],\"articleSection\":[\"Maneras de Contar\"],\"inLanguage\":\"es\",\"potentialAction\":[{\"@type\":\"CommentAction\",\"name\":\"Comment\",\"target\":[\"https:\/\/vivancoculturadevino.es\/blog\/2016\/12\/01\/paco-nadal-la-rioja-maneras-de-contar-la-cultura-del-vino-videos\/#respond\"]}]},{\"@type\":\"WebPage\",\"@id\":\"https:\/\/vivancoculturadevino.es\/blog\/2016\/12\/01\/paco-nadal-la-rioja-maneras-de-contar-la-cultura-del-vino-videos\/\",\"url\":\"https:\/\/vivancoculturadevino.es\/blog\/2016\/12\/01\/paco-nadal-la-rioja-maneras-de-contar-la-cultura-del-vino-videos\/\",\"name\":\"Paco Nadal en La Rioja con Maneras de Contar la Cultura del Vino [V\u00cdDEOS] | Vivanco\",\"isPartOf\":{\"@id\":\"https:\/\/vivancoculturadevino.es\/blog\/#website\"},\"primaryImageOfPage\":{\"@id\":\"https:\/\/vivancoculturadevino.es\/blog\/2016\/12\/01\/paco-nadal-la-rioja-maneras-de-contar-la-cultura-del-vino-videos\/#primaryimage\"},\"image\":{\"@id\":\"https:\/\/vivancoculturadevino.es\/blog\/2016\/12\/01\/paco-nadal-la-rioja-maneras-de-contar-la-cultura-del-vino-videos\/#primaryimage\"},\"thumbnailUrl\":\"https:\/\/vivancoculturadevino.es\/blog\/wp-content\/uploads\/2016\/12\/paco-nadal-destacada.png\",\"datePublished\":\"2016-12-01T08:50:15+00:00\",\"dateModified\":\"2024-11-15T13:59:42+00:00\",\"description\":\"Descubrimos algunos de los rincones m\u00e1s aut\u00e9nticos de la Rioja con el periodista de viajes Paco Nadal. Briones, Vivanco, Logro\u00f1o, calle Laurel, Monasterios Suso y Yuso\",\"breadcrumb\":{\"@id\":\"https:\/\/vivancoculturadevino.es\/blog\/2016\/12\/01\/paco-nadal-la-rioja-maneras-de-contar-la-cultura-del-vino-videos\/#breadcrumb\"},\"inLanguage\":\"es\",\"potentialAction\":[{\"@type\":\"ReadAction\",\"target\":[\"https:\/\/vivancoculturadevino.es\/blog\/2016\/12\/01\/paco-nadal-la-rioja-maneras-de-contar-la-cultura-del-vino-videos\/\"]}]},{\"@type\":\"ImageObject\",\"inLanguage\":\"es\",\"@id\":\"https:\/\/vivancoculturadevino.es\/blog\/2016\/12\/01\/paco-nadal-la-rioja-maneras-de-contar-la-cultura-del-vino-videos\/#primaryimage\",\"url\":\"https:\/\/vivancoculturadevino.es\/blog\/wp-content\/uploads\/2016\/12\/paco-nadal-destacada.png\",\"contentUrl\":\"https:\/\/vivancoculturadevino.es\/blog\/wp-content\/uploads\/2016\/12\/paco-nadal-destacada.png\",\"width\":832,\"height\":415},{\"@type\":\"BreadcrumbList\",\"@id\":\"https:\/\/vivancoculturadevino.es\/blog\/2016\/12\/01\/paco-nadal-la-rioja-maneras-de-contar-la-cultura-del-vino-videos\/#breadcrumb\",\"itemListElement\":[{\"@type\":\"ListItem\",\"position\":1,\"name\":\"Portada\",\"item\":\"https:\/\/vivancoculturadevino.es\/blog\/\"},{\"@type\":\"ListItem\",\"position\":2,\"name\":\"Paco Nadal en La Rioja con Maneras de Contar la Cultura del Vino [V\u00cdDEOS]\"}]},{\"@type\":\"WebSite\",\"@id\":\"https:\/\/vivancoculturadevino.es\/blog\/#website\",\"url\":\"https:\/\/vivancoculturadevino.es\/blog\/\",\"name\":\"Vivanco\",\"description\":\"Una familia y una pasi\u00f3n: Compartir la cultura del vino\",\"publisher\":{\"@id\":\"https:\/\/vivancoculturadevino.es\/blog\/#organization\"},\"potentialAction\":[{\"@type\":\"SearchAction\",\"target\":{\"@type\":\"EntryPoint\",\"urlTemplate\":\"https:\/\/vivancoculturadevino.es\/blog\/?s={search_term_string}\"},\"query-input\":{\"@type\":\"PropertyValueSpecification\",\"valueRequired\":true,\"valueName\":\"search_term_string\"}}],\"inLanguage\":\"es\"},{\"@type\":\"Organization\",\"@id\":\"https:\/\/vivancoculturadevino.es\/blog\/#organization\",\"name\":\"Vivanco\",\"url\":\"https:\/\/vivancoculturadevino.es\/blog\/\",\"logo\":{\"@type\":\"ImageObject\",\"inLanguage\":\"es\",\"@id\":\"https:\/\/vivancoculturadevino.es\/blog\/#\/schema\/logo\/image\/\",\"url\":\"https:\/\/vivancoculturadevino.es\/blog\/wp-content\/uploads\/2026\/01\/Logo-blanco.svg\",\"contentUrl\":\"https:\/\/vivancoculturadevino.es\/blog\/wp-content\/uploads\/2026\/01\/Logo-blanco.svg\",\"width\":134,\"height\":43,\"caption\":\"Vivanco\"},\"image\":{\"@id\":\"https:\/\/vivancoculturadevino.es\/blog\/#\/schema\/logo\/image\/\"}},{\"@type\":\"Person\",\"@id\":\"https:\/\/vivancoculturadevino.es\/blog\/#\/schema\/person\/745931ee54ccbb839d8df0cceb02db4c\",\"name\":\"Vivanco\",\"image\":{\"@type\":\"ImageObject\",\"inLanguage\":\"es\",\"@id\":\"https:\/\/vivancoculturadevino.es\/blog\/#\/schema\/person\/image\/\",\"url\":\"https:\/\/secure.gravatar.com\/avatar\/61b66c59d132db2f7ad4dfd1cc89bbd508b4d5888ab39ddba99f2aca247b7fb3?s=96&d=mm&r=g\",\"contentUrl\":\"https:\/\/secure.gravatar.com\/avatar\/61b66c59d132db2f7ad4dfd1cc89bbd508b4d5888ab39ddba99f2aca247b7fb3?s=96&d=mm&r=g\",\"caption\":\"Vivanco\"},\"description\":\"Bodega, Fundaci\u00f3n, Experiencias. Compartiendo Cultura de Vino\",\"sameAs\":[\"http:\/\/www.vivancoculturadevino.es\",\"https:\/\/www.facebook.com\/vivancoculturadevino\",\"https:\/\/x.com\/https:\/\/twitter.com\/Vivanco_es\",\"https:\/\/www.youtube.com\/channel\/UC8a2nOiF7kAQNPPduAi2Evw\/videos\"],\"url\":\"https:\/\/vivancoculturadevino.es\/blog\/author\/administrator\/\"}]}<\/script>\n<!-- \/ Yoast SEO plugin. -->","yoast_head_json":{"title":"Paco Nadal en La Rioja con Maneras de Contar la Cultura del Vino [V\u00cdDEOS] | Vivanco","description":"Descubrimos algunos de los rincones m\u00e1s aut\u00e9nticos de la Rioja con el periodista de viajes Paco Nadal. Briones, Vivanco, Logro\u00f1o, calle Laurel, Monasterios Suso y Yuso","robots":{"index":"index","follow":"follow","max-snippet":"max-snippet:-1","max-image-preview":"max-image-preview:large","max-video-preview":"max-video-preview:-1"},"canonical":"https:\/\/vivancoculturadevino.es\/blog\/2016\/12\/01\/paco-nadal-la-rioja-maneras-de-contar-la-cultura-del-vino-videos\/","og_locale":"es_ES","og_type":"article","og_title":"Paco Nadal en La Rioja con Maneras de Contar la Cultura del Vino [V\u00cdDEOS] | Vivanco","og_description":"Descubrimos algunos de los rincones m\u00e1s aut\u00e9nticos de la Rioja con el periodista de viajes Paco Nadal. Briones, Vivanco, Logro\u00f1o, calle Laurel, Monasterios Suso y Yuso","og_url":"https:\/\/vivancoculturadevino.es\/blog\/2016\/12\/01\/paco-nadal-la-rioja-maneras-de-contar-la-cultura-del-vino-videos\/","og_site_name":"Vivanco","article_author":"https:\/\/www.facebook.com\/vivancoculturadevino","article_published_time":"2016-12-01T08:50:15+00:00","article_modified_time":"2024-11-15T13:59:42+00:00","og_image":[{"width":832,"height":415,"url":"https:\/\/vivancoculturadevino.es\/blog\/wp-content\/uploads\/2016\/12\/paco-nadal-destacada.png","type":"image\/png"}],"author":"Vivanco","twitter_card":"summary_large_image","twitter_creator":"@https:\/\/twitter.com\/Vivanco_es","twitter_misc":{"Escrito por":"Vivanco","Tiempo de lectura":"5 minutos"},"schema":{"@context":"https:\/\/schema.org","@graph":[{"@type":"Article","@id":"https:\/\/vivancoculturadevino.es\/blog\/2016\/12\/01\/paco-nadal-la-rioja-maneras-de-contar-la-cultura-del-vino-videos\/#article","isPartOf":{"@id":"https:\/\/vivancoculturadevino.es\/blog\/2016\/12\/01\/paco-nadal-la-rioja-maneras-de-contar-la-cultura-del-vino-videos\/"},"author":{"name":"Vivanco","@id":"https:\/\/vivancoculturadevino.es\/blog\/#\/schema\/person\/745931ee54ccbb839d8df0cceb02db4c"},"headline":"Paco Nadal en La Rioja con Maneras de Contar la Cultura del Vino [V\u00cdDEOS]","datePublished":"2016-12-01T08:50:15+00:00","dateModified":"2024-11-15T13:59:42+00:00","mainEntityOfPage":{"@id":"https:\/\/vivancoculturadevino.es\/blog\/2016\/12\/01\/paco-nadal-la-rioja-maneras-de-contar-la-cultura-del-vino-videos\/"},"wordCount":1013,"commentCount":0,"publisher":{"@id":"https:\/\/vivancoculturadevino.es\/blog\/#organization"},"image":{"@id":"https:\/\/vivancoculturadevino.es\/blog\/2016\/12\/01\/paco-nadal-la-rioja-maneras-de-contar-la-cultura-del-vino-videos\/#primaryimage"},"thumbnailUrl":"https:\/\/vivancoculturadevino.es\/blog\/wp-content\/uploads\/2016\/12\/paco-nadal-destacada.png","keywords":["Briones","calle laurel","logro\u00f1o","maneras de contar","maneras de contar la cultura del vino","monasterios","paco nadal","ruta castellano","Suso","turismo la rioja","vivanco","Yuso"],"articleSection":["Maneras de Contar"],"inLanguage":"es","potentialAction":[{"@type":"CommentAction","name":"Comment","target":["https:\/\/vivancoculturadevino.es\/blog\/2016\/12\/01\/paco-nadal-la-rioja-maneras-de-contar-la-cultura-del-vino-videos\/#respond"]}]},{"@type":"WebPage","@id":"https:\/\/vivancoculturadevino.es\/blog\/2016\/12\/01\/paco-nadal-la-rioja-maneras-de-contar-la-cultura-del-vino-videos\/","url":"https:\/\/vivancoculturadevino.es\/blog\/2016\/12\/01\/paco-nadal-la-rioja-maneras-de-contar-la-cultura-del-vino-videos\/","name":"Paco Nadal en La Rioja con Maneras de Contar la Cultura del Vino [V\u00cdDEOS] | Vivanco","isPartOf":{"@id":"https:\/\/vivancoculturadevino.es\/blog\/#website"},"primaryImageOfPage":{"@id":"https:\/\/vivancoculturadevino.es\/blog\/2016\/12\/01\/paco-nadal-la-rioja-maneras-de-contar-la-cultura-del-vino-videos\/#primaryimage"},"image":{"@id":"https:\/\/vivancoculturadevino.es\/blog\/2016\/12\/01\/paco-nadal-la-rioja-maneras-de-contar-la-cultura-del-vino-videos\/#primaryimage"},"thumbnailUrl":"https:\/\/vivancoculturadevino.es\/blog\/wp-content\/uploads\/2016\/12\/paco-nadal-destacada.png","datePublished":"2016-12-01T08:50:15+00:00","dateModified":"2024-11-15T13:59:42+00:00","description":"Descubrimos algunos de los rincones m\u00e1s aut\u00e9nticos de la Rioja con el periodista de viajes Paco Nadal. Briones, Vivanco, Logro\u00f1o, calle Laurel, Monasterios Suso y Yuso","breadcrumb":{"@id":"https:\/\/vivancoculturadevino.es\/blog\/2016\/12\/01\/paco-nadal-la-rioja-maneras-de-contar-la-cultura-del-vino-videos\/#breadcrumb"},"inLanguage":"es","potentialAction":[{"@type":"ReadAction","target":["https:\/\/vivancoculturadevino.es\/blog\/2016\/12\/01\/paco-nadal-la-rioja-maneras-de-contar-la-cultura-del-vino-videos\/"]}]},{"@type":"ImageObject","inLanguage":"es","@id":"https:\/\/vivancoculturadevino.es\/blog\/2016\/12\/01\/paco-nadal-la-rioja-maneras-de-contar-la-cultura-del-vino-videos\/#primaryimage","url":"https:\/\/vivancoculturadevino.es\/blog\/wp-content\/uploads\/2016\/12\/paco-nadal-destacada.png","contentUrl":"https:\/\/vivancoculturadevino.es\/blog\/wp-content\/uploads\/2016\/12\/paco-nadal-destacada.png","width":832,"height":415},{"@type":"BreadcrumbList","@id":"https:\/\/vivancoculturadevino.es\/blog\/2016\/12\/01\/paco-nadal-la-rioja-maneras-de-contar-la-cultura-del-vino-videos\/#breadcrumb","itemListElement":[{"@type":"ListItem","position":1,"name":"Portada","item":"https:\/\/vivancoculturadevino.es\/blog\/"},{"@type":"ListItem","position":2,"name":"Paco Nadal en La Rioja con Maneras de Contar la Cultura del Vino [V\u00cdDEOS]"}]},{"@type":"WebSite","@id":"https:\/\/vivancoculturadevino.es\/blog\/#website","url":"https:\/\/vivancoculturadevino.es\/blog\/","name":"Vivanco","description":"Una familia y una pasi\u00f3n: Compartir la cultura del vino","publisher":{"@id":"https:\/\/vivancoculturadevino.es\/blog\/#organization"},"potentialAction":[{"@type":"SearchAction","target":{"@type":"EntryPoint","urlTemplate":"https:\/\/vivancoculturadevino.es\/blog\/?s={search_term_string}"},"query-input":{"@type":"PropertyValueSpecification","valueRequired":true,"valueName":"search_term_string"}}],"inLanguage":"es"},{"@type":"Organization","@id":"https:\/\/vivancoculturadevino.es\/blog\/#organization","name":"Vivanco","url":"https:\/\/vivancoculturadevino.es\/blog\/","logo":{"@type":"ImageObject","inLanguage":"es","@id":"https:\/\/vivancoculturadevino.es\/blog\/#\/schema\/logo\/image\/","url":"https:\/\/vivancoculturadevino.es\/blog\/wp-content\/uploads\/2026\/01\/Logo-blanco.svg","contentUrl":"https:\/\/vivancoculturadevino.es\/blog\/wp-content\/uploads\/2026\/01\/Logo-blanco.svg","width":134,"height":43,"caption":"Vivanco"},"image":{"@id":"https:\/\/vivancoculturadevino.es\/blog\/#\/schema\/logo\/image\/"}},{"@type":"Person","@id":"https:\/\/vivancoculturadevino.es\/blog\/#\/schema\/person\/745931ee54ccbb839d8df0cceb02db4c","name":"Vivanco","image":{"@type":"ImageObject","inLanguage":"es","@id":"https:\/\/vivancoculturadevino.es\/blog\/#\/schema\/person\/image\/","url":"https:\/\/secure.gravatar.com\/avatar\/61b66c59d132db2f7ad4dfd1cc89bbd508b4d5888ab39ddba99f2aca247b7fb3?s=96&d=mm&r=g","contentUrl":"https:\/\/secure.gravatar.com\/avatar\/61b66c59d132db2f7ad4dfd1cc89bbd508b4d5888ab39ddba99f2aca247b7fb3?s=96&d=mm&r=g","caption":"Vivanco"},"description":"Bodega, Fundaci\u00f3n, Experiencias. Compartiendo Cultura de Vino","sameAs":["http:\/\/www.vivancoculturadevino.es","https:\/\/www.facebook.com\/vivancoculturadevino","https:\/\/x.com\/https:\/\/twitter.com\/Vivanco_es","https:\/\/www.youtube.com\/channel\/UC8a2nOiF7kAQNPPduAi2Evw\/videos"],"url":"https:\/\/vivancoculturadevino.es\/blog\/author\/administrator\/"}]}},"_links":{"self":[{"href":"https:\/\/vivancoculturadevino.es\/blog\/wp-json\/wp\/v2\/posts\/2822","targetHints":{"allow":["GET"]}}],"collection":[{"href":"https:\/\/vivancoculturadevino.es\/blog\/wp-json\/wp\/v2\/posts"}],"about":[{"href":"https:\/\/vivancoculturadevino.es\/blog\/wp-json\/wp\/v2\/types\/post"}],"author":[{"embeddable":true,"href":"https:\/\/vivancoculturadevino.es\/blog\/wp-json\/wp\/v2\/users\/1"}],"replies":[{"embeddable":true,"href":"https:\/\/vivancoculturadevino.es\/blog\/wp-json\/wp\/v2\/comments?post=2822"}],"version-history":[{"count":7,"href":"https:\/\/vivancoculturadevino.es\/blog\/wp-json\/wp\/v2\/posts\/2822\/revisions"}],"predecessor-version":[{"id":4494,"href":"https:\/\/vivancoculturadevino.es\/blog\/wp-json\/wp\/v2\/posts\/2822\/revisions\/4494"}],"wp:featuredmedia":[{"embeddable":true,"href":"https:\/\/vivancoculturadevino.es\/blog\/wp-json\/wp\/v2\/media\/2827"}],"wp:attachment":[{"href":"https:\/\/vivancoculturadevino.es\/blog\/wp-json\/wp\/v2\/media?parent=2822"}],"wp:term":[{"taxonomy":"category","embeddable":true,"href":"https:\/\/vivancoculturadevino.es\/blog\/wp-json\/wp\/v2\/categories?post=2822"},{"taxonomy":"post_tag","embeddable":true,"href":"https:\/\/vivancoculturadevino.es\/blog\/wp-json\/wp\/v2\/tags?post=2822"}],"curies":[{"name":"wp","href":"https:\/\/api.w.org\/{rel}","templated":true}]}}