{"id":2683,"date":"2016-10-06T13:06:23","date_gmt":"2016-10-06T12:06:23","guid":{"rendered":"http:\/\/vivancoculturadevino.es\/blog\/?p=2683"},"modified":"2017-10-30T10:46:44","modified_gmt":"2017-10-30T09:46:44","slug":"5-planazos-otono-rioja","status":"publish","type":"post","link":"https:\/\/vivancoculturadevino.es\/blog\/2016\/10\/06\/5-planazos-otono-rioja\/","title":{"rendered":"5 planazos para disfrutar del oto\u00f1o en La Rioja Alta"},"content":{"rendered":"<p>De muchos es sabido que el oto\u00f1o es una de las mejores \u00e9pocas para visitar La Rioja. \u00bfPero por qu\u00e9? Por muchas razones que en este art\u00edculo vamos a resumir en cinco. Aunque no est\u00e1n todas las que son s\u00ed son todas las que est\u00e1n pero de lo que estamos seguros es que estas cinco propuestas os van a encantar.<\/p>\n<p>&nbsp;<\/p>\n<h2>1. Deleitarse con los colores de los vi\u00f1edos<\/h2>\n<p><a href=\"http:\/\/vivancoculturadevino.es\/blog\/wp-content\/uploads\/2016\/10\/vi\u00f1edos-vivanco.jpg\"><img fetchpriority=\"high\" decoding=\"async\" width=\"2000\" height=\"1333\" class=\"aligncenter size-full wp-image-2685\" src=\"\/\/vivancoculturadevino.es\/blog\/wp-content\/uploads\/2016\/10\/vi\u00f1edos-vivanco.jpg\" alt=\"vinedos-vivanco\" srcset=\"https:\/\/vivancoculturadevino.es\/blog\/wp-content\/uploads\/2016\/10\/vi\u00f1edos-vivanco.jpg 2000w, https:\/\/vivancoculturadevino.es\/blog\/wp-content\/uploads\/2016\/10\/vi\u00f1edos-vivanco-300x200.jpg 300w, https:\/\/vivancoculturadevino.es\/blog\/wp-content\/uploads\/2016\/10\/vi\u00f1edos-vivanco-1024x682.jpg 1024w\" sizes=\"(max-width: 2000px) 100vw, 2000px\" \/><\/a><\/p>\n<p>El ocre, el p\u00farpura y el morado son algunos de los colores predominantes del <strong>paisaje oto\u00f1al riojano, uno de los m\u00e1s bellos del pa\u00eds<\/strong>. Es el mejor momento para dar un paseo entre vi\u00f1edos ya que esta imagen seguro que va a perdurar en vuestra memoria. Adem\u00e1s es <a href=\"http:\/\/vivancoculturadevino.es\/blog\/2016\/09\/28\/que-es-vendimia-secretos-recomendaciones-tener-cuenta\/\">\u00e9poca de vendimia<\/a> y los vi\u00f1edos est\u00e1n maduros y listos para que se recojan sus frutos. Algunas <a href=\"http:\/\/vivancoculturadevino.es\/es\/reservas\/\">bodegas permiten las visitas durante el momento m\u00e1s importante del a\u00f1o<\/a> por lo que merece la pena y mucho ver c\u00f3mo se recolecta la uva con la que se har\u00e1n algunos de los vinos m\u00e1s famosos del mundo.<\/p>\n<p>&nbsp;<\/p>\n<h2>2. Senderismo por la Sierra de Cebollera<\/h2>\n<p><a href=\"http:\/\/vivancoculturadevino.es\/blog\/wp-content\/uploads\/2016\/10\/Paisaje-oto\u00f1al-Parque-Natural-Sierra-de-Cebollera1.jpg\"><img decoding=\"async\" width=\"3485\" height=\"1812\" class=\"aligncenter size-full wp-image-2687\" src=\"\/\/vivancoculturadevino.es\/blog\/wp-content\/uploads\/2016\/10\/Paisaje-oto\u00f1al-Parque-Natural-Sierra-de-Cebollera1.jpg\" alt=\"sierra-cebollera-oto\u00f1o\" srcset=\"https:\/\/vivancoculturadevino.es\/blog\/wp-content\/uploads\/2016\/10\/Paisaje-oto\u00f1al-Parque-Natural-Sierra-de-Cebollera1.jpg 3485w, https:\/\/vivancoculturadevino.es\/blog\/wp-content\/uploads\/2016\/10\/Paisaje-oto\u00f1al-Parque-Natural-Sierra-de-Cebollera1-300x156.jpg 300w, https:\/\/vivancoculturadevino.es\/blog\/wp-content\/uploads\/2016\/10\/Paisaje-oto\u00f1al-Parque-Natural-Sierra-de-Cebollera1-1024x532.jpg 1024w\" sizes=\"(max-width: 3485px) 100vw, 3485px\" \/><\/a><\/p>\n<p style=\"text-align: center;\"><em><strong>Paisaje oto\u00f1al en la Sierra de Cebollera<\/strong><\/em><\/p>\n<p>El oto\u00f1o es una estaci\u00f3n magn\u00edfica para hacer <a href=\"http:\/\/vivancoculturadevino.es\/blog\/2016\/05\/23\/tres-vias-verdes-la-rioja\/\">senderismo por La Rioja<\/a> ya que esta comunidad ofrece multitud de caminos y rutas con los que podr\u00e1s quedarte boquiabierto con los diferentes paisajes. Uno de los mejores lugares de la Rioja Alta para hacer senderismo es la <a href=\"http:\/\/vivancoculturadevino.es\/blog\/2015\/05\/20\/parque-natural-sierra-cebollera\/\">Sierra de Cebollera<\/a>, en el alto valle del r\u00edo Iregua, en la comarca del Camero Nuevo. Este enclave geol\u00f3gico est\u00e1 formado por las formaciones glaciares denominadas &#8220;hoyos&#8221; en altitudes superiores a los 2.000 metros. Destacan sus bosques naturales de pino silvestre, haya y roble rebollo que esconden incre\u00edbles arroyos de monta\u00f1a, con saltos de agua y peque\u00f1as cascadas en un entorno de bosque de ribera. <strong>Cuando acaba el verano los colores de la tierra eclosionan en la Sierra de Cebollera y, tan solo por este motivo, la marcha guiada de oto\u00f1o es una de las citas emblem\u00e1ticas del Parque Natural<\/strong>. El Centro de Interpretaci\u00f3n del Parque Natural, situado en Villoslada de Cameros, tiene una exposici\u00f3n permanente sobre las caracter\u00edsticas m\u00e1s singulares del Parque Natural y ofrece informaci\u00f3n sobre los recursos y actividades programadas.<\/p>\n<p>&nbsp;<\/p>\n<h2>3. Ruta de los indianos en Torrecilla en\u00a0Cameros<\/h2>\n<p>Este <strong>recorrido tur\u00edstico, desconocido para el p\u00fablico en general<\/strong>, es uno de los principales puntos de inter\u00e9s en <a href=\"http:\/\/vivancoculturadevino.es\/blog\/2016\/08\/05\/rioja-alta-mejores-casas-rurales\/\">Torrecilla en Cameros<\/a>. El eje vertebrador de la visita es el fen\u00f3meno de la emigraci\u00f3n en general y el de los indianos en particular. Esta ruta empieza en el <strong>Centro de la Emigraci\u00f3n Riojana<\/strong>, en cuya galer\u00eda de hombres ilustres se encuentra el retrato del Conde de Superunda. A unos cien metros de la entrada principal se est\u00e1 su casa natal y su palacio.<\/p>\n<p><a href=\"http:\/\/vivancoculturadevino.es\/blog\/wp-content\/uploads\/2016\/10\/indiano.jpg\"><img decoding=\"async\" width=\"300\" height=\"451\" class=\"aligncenter size-full wp-image-2690\" src=\"\/\/vivancoculturadevino.es\/blog\/wp-content\/uploads\/2016\/10\/indiano.jpg\" alt=\"centro-indiano-rioja\" srcset=\"https:\/\/vivancoculturadevino.es\/blog\/wp-content\/uploads\/2016\/10\/indiano.jpg 300w, https:\/\/vivancoculturadevino.es\/blog\/wp-content\/uploads\/2016\/10\/indiano-200x300.jpg 200w\" sizes=\"(max-width: 300px) 100vw, 300px\" \/><\/a><\/p>\n<p style=\"text-align: center;\"><em><strong>Centro de la Emigraci\u00f3n Riojana, en Torrecilla en Cameros. Autor: <a href=\"http:\/\/www.larioja.org\/accion-exterior\/es\/comunidad-riojana\/centro-emigracion-riojana\">larioja.org<\/a><\/strong><\/em><\/p>\n<p>Junto al palacio de los Manso de Velasco se ubica la Parroquia de San Mart\u00edn, en la que podemos visitar el Museo Parroquial, donde destaca su Palio Procesional del Corpus, donado por el Conde de Superunda el a\u00f1o 1753. Otros puntos de inter\u00e9s son el Sal\u00f3n de Plenos del Ayuntamiento, donde hay un retrato de Felipe Nestares Ruiz (1926), indiano que realiz\u00f3 importantes obras, y el Espacio Sagasta.<\/p>\n<p>&nbsp;<\/p>\n<h2>4. Berrea del ciervo en el valle de Ezcaray<\/h2>\n<p><a href=\"http:\/\/vivancoculturadevino.es\/blog\/wp-content\/uploads\/2016\/10\/berrea-ciervo-ezcaray.jpg\"><img loading=\"lazy\" decoding=\"async\" width=\"1044\" height=\"589\" class=\"aligncenter size-full wp-image-2688\" src=\"\/\/vivancoculturadevino.es\/blog\/wp-content\/uploads\/2016\/10\/berrea-ciervo-ezcaray.jpg\" alt=\"berrea-ciervo-ezcaray\" srcset=\"https:\/\/vivancoculturadevino.es\/blog\/wp-content\/uploads\/2016\/10\/berrea-ciervo-ezcaray.jpg 1044w, https:\/\/vivancoculturadevino.es\/blog\/wp-content\/uploads\/2016\/10\/berrea-ciervo-ezcaray-300x169.jpg 300w, https:\/\/vivancoculturadevino.es\/blog\/wp-content\/uploads\/2016\/10\/berrea-ciervo-ezcaray-1024x578.jpg 1024w, https:\/\/vivancoculturadevino.es\/blog\/wp-content\/uploads\/2016\/10\/berrea-ciervo-ezcaray-620x350.jpg 620w\" sizes=\"(max-width: 1044px) 100vw, 1044px\" \/><\/a><\/p>\n<p style=\"text-align: center;\"><em><strong>Autor: <a href=\"https:\/\/www.flickr.com\/photos\/jcland\/\">Jos\u00e9 Carlos<\/a><\/strong><\/em><\/p>\n<p>Uno de los s\u00edmbolos del oto\u00f1o en La Rioja es la <strong>berrea del ciervo, uno de los fen\u00f3menos m\u00e1s curiosos de la naturaleza ib\u00e9rica<\/strong>. Uno de los lugares donde se pueden escuchar estos sonidos del amor es el <a href=\"http:\/\/vivancoculturadevino.es\/blog\/2016\/03\/22\/esquia-la-rioja-estacion-valdezcaray\/\">valle de Ezcaray<\/a> y las zonas altas de la Sierra de de La Demanda. Aqu\u00ed tienen lugar excursiones para poder avistar a estos animales y escuchar sus berridos de apareamiento. Durante los desplazamientos, que se realizan en 4&#215;4, un gu\u00eda int\u00e9rprete dirige a los participantes hacia los puntos estrat\u00e9gicos de observaci\u00f3n, respetando siempre unas distancias m\u00ednimas de seguridad y sin molestar.<\/p>\n<p>&nbsp;<\/p>\n<h2>5. Cata de uvas en el jard\u00edn de Baco (Vivanco)<\/h2>\n<p><a href=\"http:\/\/vivancoculturadevino.es\/blog\/wp-content\/uploads\/2016\/10\/jardin-baco-vivanco.jpg\"><img loading=\"lazy\" decoding=\"async\" width=\"2000\" height=\"1333\" class=\"aligncenter size-full wp-image-2689\" src=\"\/\/vivancoculturadevino.es\/blog\/wp-content\/uploads\/2016\/10\/jardin-baco-vivanco.jpg\" alt=\"jardin-baco-vivanco\" srcset=\"https:\/\/vivancoculturadevino.es\/blog\/wp-content\/uploads\/2016\/10\/jardin-baco-vivanco.jpg 2000w, https:\/\/vivancoculturadevino.es\/blog\/wp-content\/uploads\/2016\/10\/jardin-baco-vivanco-300x200.jpg 300w, https:\/\/vivancoculturadevino.es\/blog\/wp-content\/uploads\/2016\/10\/jardin-baco-vivanco-1024x682.jpg 1024w\" sizes=\"(max-width: 2000px) 100vw, 2000px\" \/><\/a><\/p>\n<p>En el <a href=\"http:\/\/vivancoculturadevino.es\/es\/fundacion\/museo-vivanco-de-la-cultura-del-vino\/jardin-de-baco\/\"><strong>Jard\u00edn de Baco<\/strong><\/a>, situada en la sala exterior del <a href=\"http:\/\/www.vivancoculturadevino.es\/vivanco\/?tsource=tsCom\">Museo Vivanco de la Cultura del Vino<\/a>, se puede descubrir una colecci\u00f3n de <strong>m\u00e1s de 200 uvas diferentes de Espa\u00f1a y del Mundo<\/strong>. En la cata de uvas se prueban desde las m\u00e1s habituales en la elaboraci\u00f3n de vino hasta las m\u00e1s at\u00edpicas y peculiares. El objetivo es descubrir el origen del vino y las variedades de uva de las que nacen los caldos de todo el mundo. M\u00e1s informaci\u00f3n de precio y disponibilidad en el tel\u00e9fono 900 823 536\u00a0o haciendo una consulta en el email reservas@vivancoculturadevino.es.<\/p>\n<p>&nbsp;<\/p>\n<p>&nbsp;<\/p>\n","protected":false},"excerpt":{"rendered":"<p>El oto\u00f1o es una de las mejores \u00e9pocas para visitar La Rioja. Presentamos 5 planes para disfrutar del oto\u00f1o en La Rioja que os encantar\u00e1n<\/p>\n","protected":false},"author":9,"featured_media":2687,"comment_status":"open","ping_status":"open","sticky":false,"template":"","format":"standard","meta":{"footnotes":"","_elementor_edit_mode":"","_elementor_template_type":"","_elementor_data":"","_elementor_page_settings":null,"_elementor_conditions":[]},"categories":[6],"tags":[258,19,26,228,37,230,168,217],"class_list":["post-2683","post","type-post","status-publish","format-standard","has-post-thumbnail","hentry","category-experiencias","tag-cebollera","tag-cultura-de-vino","tag-enoturismo","tag-ezcaray","tag-la-rioja","tag-naturaleza","tag-otono","tag-turismo-la-rioja"],"yoast_head":"<!-- This site is optimized with the Yoast SEO plugin v26.8 - https:\/\/yoast.com\/product\/yoast-seo-wordpress\/ -->\n<title>5 planazos para disfrutar del oto\u00f1o en La Rioja Alta | Vivanco<\/title>\n<meta name=\"description\" content=\"El oto\u00f1o es una de las mejores \u00e9pocas para visitar La Rioja. Presentamos 5 planes para disfrutar del oto\u00f1o en La Rioja que os encantar\u00e1n\" \/>\n<meta name=\"robots\" content=\"index, follow, max-snippet:-1, max-image-preview:large, max-video-preview:-1\" \/>\n<link rel=\"canonical\" href=\"https:\/\/vivancoculturadevino.es\/blog\/2016\/10\/06\/5-planazos-otono-rioja\/\" \/>\n<meta property=\"og:locale\" content=\"es_ES\" \/>\n<meta property=\"og:type\" content=\"article\" \/>\n<meta property=\"og:title\" content=\"5 planazos para disfrutar del oto\u00f1o en La Rioja Alta | Vivanco\" \/>\n<meta property=\"og:description\" content=\"El oto\u00f1o es una de las mejores \u00e9pocas para visitar La Rioja. Presentamos 5 planes para disfrutar del oto\u00f1o en La Rioja que os encantar\u00e1n\" \/>\n<meta property=\"og:url\" content=\"https:\/\/vivancoculturadevino.es\/blog\/2016\/10\/06\/5-planazos-otono-rioja\/\" \/>\n<meta property=\"og:site_name\" content=\"Vivanco\" \/>\n<meta property=\"article:author\" content=\"https:\/\/www.facebook.com\/www.tusdestinos.net\" \/>\n<meta property=\"article:published_time\" content=\"2016-10-06T12:06:23+00:00\" \/>\n<meta property=\"article:modified_time\" content=\"2017-10-30T09:46:44+00:00\" \/>\n<meta property=\"og:image\" content=\"https:\/\/vivancoculturadevino.es\/blog\/wp-content\/uploads\/2016\/10\/Paisaje-oto\u00f1al-Parque-Natural-Sierra-de-Cebollera1.jpg\" \/>\n\t<meta property=\"og:image:width\" content=\"3485\" \/>\n\t<meta property=\"og:image:height\" content=\"1812\" \/>\n\t<meta property=\"og:image:type\" content=\"image\/jpeg\" \/>\n<meta name=\"author\" content=\"Mar\u00eda Jes\u00fas Tom\u00e9\" \/>\n<meta name=\"twitter:card\" content=\"summary_large_image\" \/>\n<meta name=\"twitter:creator\" content=\"@https:\/\/twitter.com\/tusdestinos\" \/>\n<meta name=\"twitter:label1\" content=\"Escrito por\" \/>\n\t<meta name=\"twitter:data1\" content=\"Mar\u00eda Jes\u00fas Tom\u00e9\" \/>\n\t<meta name=\"twitter:label2\" content=\"Tiempo de lectura\" \/>\n\t<meta name=\"twitter:data2\" content=\"4 minutos\" \/>\n<script type=\"application\/ld+json\" class=\"yoast-schema-graph\">{\"@context\":\"https:\/\/schema.org\",\"@graph\":[{\"@type\":\"Article\",\"@id\":\"https:\/\/vivancoculturadevino.es\/blog\/2016\/10\/06\/5-planazos-otono-rioja\/#article\",\"isPartOf\":{\"@id\":\"https:\/\/vivancoculturadevino.es\/blog\/2016\/10\/06\/5-planazos-otono-rioja\/\"},\"author\":{\"name\":\"Mar\u00eda Jes\u00fas Tom\u00e9\",\"@id\":\"https:\/\/vivancoculturadevino.es\/blog\/#\/schema\/person\/3bc49c76da77584a857b4d3fb91e5a2f\"},\"headline\":\"5 planazos para disfrutar del oto\u00f1o en La Rioja Alta\",\"datePublished\":\"2016-10-06T12:06:23+00:00\",\"dateModified\":\"2017-10-30T09:46:44+00:00\",\"mainEntityOfPage\":{\"@id\":\"https:\/\/vivancoculturadevino.es\/blog\/2016\/10\/06\/5-planazos-otono-rioja\/\"},\"wordCount\":831,\"commentCount\":0,\"publisher\":{\"@id\":\"https:\/\/vivancoculturadevino.es\/blog\/#organization\"},\"image\":{\"@id\":\"https:\/\/vivancoculturadevino.es\/blog\/2016\/10\/06\/5-planazos-otono-rioja\/#primaryimage\"},\"thumbnailUrl\":\"https:\/\/vivancoculturadevino.es\/blog\/wp-content\/uploads\/2016\/10\/Paisaje-oto\u00f1al-Parque-Natural-Sierra-de-Cebollera1.jpg\",\"keywords\":[\"cebollera\",\"cultura de vino\",\"enoturismo\",\"ezcaray\",\"La Rioja\",\"naturaleza\",\"oto\u00f1o\",\"turismo la rioja\"],\"articleSection\":[\"Compartiendo\"],\"inLanguage\":\"es\",\"potentialAction\":[{\"@type\":\"CommentAction\",\"name\":\"Comment\",\"target\":[\"https:\/\/vivancoculturadevino.es\/blog\/2016\/10\/06\/5-planazos-otono-rioja\/#respond\"]}]},{\"@type\":\"WebPage\",\"@id\":\"https:\/\/vivancoculturadevino.es\/blog\/2016\/10\/06\/5-planazos-otono-rioja\/\",\"url\":\"https:\/\/vivancoculturadevino.es\/blog\/2016\/10\/06\/5-planazos-otono-rioja\/\",\"name\":\"5 planazos para disfrutar del oto\u00f1o en La Rioja Alta | Vivanco\",\"isPartOf\":{\"@id\":\"https:\/\/vivancoculturadevino.es\/blog\/#website\"},\"primaryImageOfPage\":{\"@id\":\"https:\/\/vivancoculturadevino.es\/blog\/2016\/10\/06\/5-planazos-otono-rioja\/#primaryimage\"},\"image\":{\"@id\":\"https:\/\/vivancoculturadevino.es\/blog\/2016\/10\/06\/5-planazos-otono-rioja\/#primaryimage\"},\"thumbnailUrl\":\"https:\/\/vivancoculturadevino.es\/blog\/wp-content\/uploads\/2016\/10\/Paisaje-oto\u00f1al-Parque-Natural-Sierra-de-Cebollera1.jpg\",\"datePublished\":\"2016-10-06T12:06:23+00:00\",\"dateModified\":\"2017-10-30T09:46:44+00:00\",\"description\":\"El oto\u00f1o es una de las mejores \u00e9pocas para visitar La Rioja. Presentamos 5 planes para disfrutar del oto\u00f1o en La Rioja que os encantar\u00e1n\",\"breadcrumb\":{\"@id\":\"https:\/\/vivancoculturadevino.es\/blog\/2016\/10\/06\/5-planazos-otono-rioja\/#breadcrumb\"},\"inLanguage\":\"es\",\"potentialAction\":[{\"@type\":\"ReadAction\",\"target\":[\"https:\/\/vivancoculturadevino.es\/blog\/2016\/10\/06\/5-planazos-otono-rioja\/\"]}]},{\"@type\":\"ImageObject\",\"inLanguage\":\"es\",\"@id\":\"https:\/\/vivancoculturadevino.es\/blog\/2016\/10\/06\/5-planazos-otono-rioja\/#primaryimage\",\"url\":\"https:\/\/vivancoculturadevino.es\/blog\/wp-content\/uploads\/2016\/10\/Paisaje-oto\u00f1al-Parque-Natural-Sierra-de-Cebollera1.jpg\",\"contentUrl\":\"https:\/\/vivancoculturadevino.es\/blog\/wp-content\/uploads\/2016\/10\/Paisaje-oto\u00f1al-Parque-Natural-Sierra-de-Cebollera1.jpg\",\"width\":3485,\"height\":1812,\"caption\":\"sierra-cebollera-oto\u00f1o\"},{\"@type\":\"BreadcrumbList\",\"@id\":\"https:\/\/vivancoculturadevino.es\/blog\/2016\/10\/06\/5-planazos-otono-rioja\/#breadcrumb\",\"itemListElement\":[{\"@type\":\"ListItem\",\"position\":1,\"name\":\"Portada\",\"item\":\"https:\/\/vivancoculturadevino.es\/blog\/\"},{\"@type\":\"ListItem\",\"position\":2,\"name\":\"5 planazos para disfrutar del oto\u00f1o en La Rioja Alta\"}]},{\"@type\":\"WebSite\",\"@id\":\"https:\/\/vivancoculturadevino.es\/blog\/#website\",\"url\":\"https:\/\/vivancoculturadevino.es\/blog\/\",\"name\":\"Vivanco\",\"description\":\"Una familia y una pasi\u00f3n: Compartir la cultura del vino\",\"publisher\":{\"@id\":\"https:\/\/vivancoculturadevino.es\/blog\/#organization\"},\"potentialAction\":[{\"@type\":\"SearchAction\",\"target\":{\"@type\":\"EntryPoint\",\"urlTemplate\":\"https:\/\/vivancoculturadevino.es\/blog\/?s={search_term_string}\"},\"query-input\":{\"@type\":\"PropertyValueSpecification\",\"valueRequired\":true,\"valueName\":\"search_term_string\"}}],\"inLanguage\":\"es\"},{\"@type\":\"Organization\",\"@id\":\"https:\/\/vivancoculturadevino.es\/blog\/#organization\",\"name\":\"Vivanco\",\"url\":\"https:\/\/vivancoculturadevino.es\/blog\/\",\"logo\":{\"@type\":\"ImageObject\",\"inLanguage\":\"es\",\"@id\":\"https:\/\/vivancoculturadevino.es\/blog\/#\/schema\/logo\/image\/\",\"url\":\"https:\/\/vivancoculturadevino.es\/blog\/wp-content\/uploads\/2026\/01\/Logo-blanco.svg\",\"contentUrl\":\"https:\/\/vivancoculturadevino.es\/blog\/wp-content\/uploads\/2026\/01\/Logo-blanco.svg\",\"width\":134,\"height\":43,\"caption\":\"Vivanco\"},\"image\":{\"@id\":\"https:\/\/vivancoculturadevino.es\/blog\/#\/schema\/logo\/image\/\"}},{\"@type\":\"Person\",\"@id\":\"https:\/\/vivancoculturadevino.es\/blog\/#\/schema\/person\/3bc49c76da77584a857b4d3fb91e5a2f\",\"name\":\"Mar\u00eda Jes\u00fas Tom\u00e9\",\"image\":{\"@type\":\"ImageObject\",\"inLanguage\":\"es\",\"@id\":\"https:\/\/vivancoculturadevino.es\/blog\/#\/schema\/person\/image\/\",\"url\":\"https:\/\/secure.gravatar.com\/avatar\/1c5ba5e3990bcbc814272709434c853853a009475c6b151b42d2ee0c7a911df5?s=96&d=mm&r=g\",\"contentUrl\":\"https:\/\/secure.gravatar.com\/avatar\/1c5ba5e3990bcbc814272709434c853853a009475c6b151b42d2ee0c7a911df5?s=96&d=mm&r=g\",\"caption\":\"Mar\u00eda Jes\u00fas Tom\u00e9\"},\"description\":\"Tusdestinos.net es una revista online de turismo y viajes donde se publican a diario art\u00edculos y reportajes de informaci\u00f3n tur\u00edstica nacional e internacional, viajes, gastronom\u00eda y tiempo libre. Es un portal web en el que se pueden encontrar reportajes y v\u00eddeos tur\u00edsticos dedicados a destinos nacionales e internacionales y hoteles, adem\u00e1s de art\u00edculos de ocio (arte, cultura, gastronom\u00eda...). La revista Tusdestinos.net apuesta por el formato audiovisual y por las redes sociales, por eso est\u00e1 presente en Youtube, Facebook y Twitter.\",\"sameAs\":[\"http:\/\/tusdestinos.net\/\",\"https:\/\/www.facebook.com\/www.tusdestinos.net\",\"https:\/\/x.com\/https:\/\/twitter.com\/tusdestinos\"],\"url\":\"https:\/\/vivancoculturadevino.es\/blog\/author\/maria-jesus-tome\/\"}]}<\/script>\n<!-- \/ Yoast SEO plugin. -->","yoast_head_json":{"title":"5 planazos para disfrutar del oto\u00f1o en La Rioja Alta | Vivanco","description":"El oto\u00f1o es una de las mejores \u00e9pocas para visitar La Rioja. Presentamos 5 planes para disfrutar del oto\u00f1o en La Rioja que os encantar\u00e1n","robots":{"index":"index","follow":"follow","max-snippet":"max-snippet:-1","max-image-preview":"max-image-preview:large","max-video-preview":"max-video-preview:-1"},"canonical":"https:\/\/vivancoculturadevino.es\/blog\/2016\/10\/06\/5-planazos-otono-rioja\/","og_locale":"es_ES","og_type":"article","og_title":"5 planazos para disfrutar del oto\u00f1o en La Rioja Alta | Vivanco","og_description":"El oto\u00f1o es una de las mejores \u00e9pocas para visitar La Rioja. Presentamos 5 planes para disfrutar del oto\u00f1o en La Rioja que os encantar\u00e1n","og_url":"https:\/\/vivancoculturadevino.es\/blog\/2016\/10\/06\/5-planazos-otono-rioja\/","og_site_name":"Vivanco","article_author":"https:\/\/www.facebook.com\/www.tusdestinos.net","article_published_time":"2016-10-06T12:06:23+00:00","article_modified_time":"2017-10-30T09:46:44+00:00","og_image":[{"width":3485,"height":1812,"url":"https:\/\/vivancoculturadevino.es\/blog\/wp-content\/uploads\/2016\/10\/Paisaje-oto\u00f1al-Parque-Natural-Sierra-de-Cebollera1.jpg","type":"image\/jpeg"}],"author":"Mar\u00eda Jes\u00fas Tom\u00e9","twitter_card":"summary_large_image","twitter_creator":"@https:\/\/twitter.com\/tusdestinos","twitter_misc":{"Escrito por":"Mar\u00eda Jes\u00fas Tom\u00e9","Tiempo de lectura":"4 minutos"},"schema":{"@context":"https:\/\/schema.org","@graph":[{"@type":"Article","@id":"https:\/\/vivancoculturadevino.es\/blog\/2016\/10\/06\/5-planazos-otono-rioja\/#article","isPartOf":{"@id":"https:\/\/vivancoculturadevino.es\/blog\/2016\/10\/06\/5-planazos-otono-rioja\/"},"author":{"name":"Mar\u00eda Jes\u00fas Tom\u00e9","@id":"https:\/\/vivancoculturadevino.es\/blog\/#\/schema\/person\/3bc49c76da77584a857b4d3fb91e5a2f"},"headline":"5 planazos para disfrutar del oto\u00f1o en La Rioja Alta","datePublished":"2016-10-06T12:06:23+00:00","dateModified":"2017-10-30T09:46:44+00:00","mainEntityOfPage":{"@id":"https:\/\/vivancoculturadevino.es\/blog\/2016\/10\/06\/5-planazos-otono-rioja\/"},"wordCount":831,"commentCount":0,"publisher":{"@id":"https:\/\/vivancoculturadevino.es\/blog\/#organization"},"image":{"@id":"https:\/\/vivancoculturadevino.es\/blog\/2016\/10\/06\/5-planazos-otono-rioja\/#primaryimage"},"thumbnailUrl":"https:\/\/vivancoculturadevino.es\/blog\/wp-content\/uploads\/2016\/10\/Paisaje-oto\u00f1al-Parque-Natural-Sierra-de-Cebollera1.jpg","keywords":["cebollera","cultura de vino","enoturismo","ezcaray","La Rioja","naturaleza","oto\u00f1o","turismo la rioja"],"articleSection":["Compartiendo"],"inLanguage":"es","potentialAction":[{"@type":"CommentAction","name":"Comment","target":["https:\/\/vivancoculturadevino.es\/blog\/2016\/10\/06\/5-planazos-otono-rioja\/#respond"]}]},{"@type":"WebPage","@id":"https:\/\/vivancoculturadevino.es\/blog\/2016\/10\/06\/5-planazos-otono-rioja\/","url":"https:\/\/vivancoculturadevino.es\/blog\/2016\/10\/06\/5-planazos-otono-rioja\/","name":"5 planazos para disfrutar del oto\u00f1o en La Rioja Alta | Vivanco","isPartOf":{"@id":"https:\/\/vivancoculturadevino.es\/blog\/#website"},"primaryImageOfPage":{"@id":"https:\/\/vivancoculturadevino.es\/blog\/2016\/10\/06\/5-planazos-otono-rioja\/#primaryimage"},"image":{"@id":"https:\/\/vivancoculturadevino.es\/blog\/2016\/10\/06\/5-planazos-otono-rioja\/#primaryimage"},"thumbnailUrl":"https:\/\/vivancoculturadevino.es\/blog\/wp-content\/uploads\/2016\/10\/Paisaje-oto\u00f1al-Parque-Natural-Sierra-de-Cebollera1.jpg","datePublished":"2016-10-06T12:06:23+00:00","dateModified":"2017-10-30T09:46:44+00:00","description":"El oto\u00f1o es una de las mejores \u00e9pocas para visitar La Rioja. Presentamos 5 planes para disfrutar del oto\u00f1o en La Rioja que os encantar\u00e1n","breadcrumb":{"@id":"https:\/\/vivancoculturadevino.es\/blog\/2016\/10\/06\/5-planazos-otono-rioja\/#breadcrumb"},"inLanguage":"es","potentialAction":[{"@type":"ReadAction","target":["https:\/\/vivancoculturadevino.es\/blog\/2016\/10\/06\/5-planazos-otono-rioja\/"]}]},{"@type":"ImageObject","inLanguage":"es","@id":"https:\/\/vivancoculturadevino.es\/blog\/2016\/10\/06\/5-planazos-otono-rioja\/#primaryimage","url":"https:\/\/vivancoculturadevino.es\/blog\/wp-content\/uploads\/2016\/10\/Paisaje-oto\u00f1al-Parque-Natural-Sierra-de-Cebollera1.jpg","contentUrl":"https:\/\/vivancoculturadevino.es\/blog\/wp-content\/uploads\/2016\/10\/Paisaje-oto\u00f1al-Parque-Natural-Sierra-de-Cebollera1.jpg","width":3485,"height":1812,"caption":"sierra-cebollera-oto\u00f1o"},{"@type":"BreadcrumbList","@id":"https:\/\/vivancoculturadevino.es\/blog\/2016\/10\/06\/5-planazos-otono-rioja\/#breadcrumb","itemListElement":[{"@type":"ListItem","position":1,"name":"Portada","item":"https:\/\/vivancoculturadevino.es\/blog\/"},{"@type":"ListItem","position":2,"name":"5 planazos para disfrutar del oto\u00f1o en La Rioja Alta"}]},{"@type":"WebSite","@id":"https:\/\/vivancoculturadevino.es\/blog\/#website","url":"https:\/\/vivancoculturadevino.es\/blog\/","name":"Vivanco","description":"Una familia y una pasi\u00f3n: Compartir la cultura del vino","publisher":{"@id":"https:\/\/vivancoculturadevino.es\/blog\/#organization"},"potentialAction":[{"@type":"SearchAction","target":{"@type":"EntryPoint","urlTemplate":"https:\/\/vivancoculturadevino.es\/blog\/?s={search_term_string}"},"query-input":{"@type":"PropertyValueSpecification","valueRequired":true,"valueName":"search_term_string"}}],"inLanguage":"es"},{"@type":"Organization","@id":"https:\/\/vivancoculturadevino.es\/blog\/#organization","name":"Vivanco","url":"https:\/\/vivancoculturadevino.es\/blog\/","logo":{"@type":"ImageObject","inLanguage":"es","@id":"https:\/\/vivancoculturadevino.es\/blog\/#\/schema\/logo\/image\/","url":"https:\/\/vivancoculturadevino.es\/blog\/wp-content\/uploads\/2026\/01\/Logo-blanco.svg","contentUrl":"https:\/\/vivancoculturadevino.es\/blog\/wp-content\/uploads\/2026\/01\/Logo-blanco.svg","width":134,"height":43,"caption":"Vivanco"},"image":{"@id":"https:\/\/vivancoculturadevino.es\/blog\/#\/schema\/logo\/image\/"}},{"@type":"Person","@id":"https:\/\/vivancoculturadevino.es\/blog\/#\/schema\/person\/3bc49c76da77584a857b4d3fb91e5a2f","name":"Mar\u00eda Jes\u00fas Tom\u00e9","image":{"@type":"ImageObject","inLanguage":"es","@id":"https:\/\/vivancoculturadevino.es\/blog\/#\/schema\/person\/image\/","url":"https:\/\/secure.gravatar.com\/avatar\/1c5ba5e3990bcbc814272709434c853853a009475c6b151b42d2ee0c7a911df5?s=96&d=mm&r=g","contentUrl":"https:\/\/secure.gravatar.com\/avatar\/1c5ba5e3990bcbc814272709434c853853a009475c6b151b42d2ee0c7a911df5?s=96&d=mm&r=g","caption":"Mar\u00eda Jes\u00fas Tom\u00e9"},"description":"Tusdestinos.net es una revista online de turismo y viajes donde se publican a diario art\u00edculos y reportajes de informaci\u00f3n tur\u00edstica nacional e internacional, viajes, gastronom\u00eda y tiempo libre. Es un portal web en el que se pueden encontrar reportajes y v\u00eddeos tur\u00edsticos dedicados a destinos nacionales e internacionales y hoteles, adem\u00e1s de art\u00edculos de ocio (arte, cultura, gastronom\u00eda...). La revista Tusdestinos.net apuesta por el formato audiovisual y por las redes sociales, por eso est\u00e1 presente en Youtube, Facebook y Twitter.","sameAs":["http:\/\/tusdestinos.net\/","https:\/\/www.facebook.com\/www.tusdestinos.net","https:\/\/x.com\/https:\/\/twitter.com\/tusdestinos"],"url":"https:\/\/vivancoculturadevino.es\/blog\/author\/maria-jesus-tome\/"}]}},"_links":{"self":[{"href":"https:\/\/vivancoculturadevino.es\/blog\/wp-json\/wp\/v2\/posts\/2683","targetHints":{"allow":["GET"]}}],"collection":[{"href":"https:\/\/vivancoculturadevino.es\/blog\/wp-json\/wp\/v2\/posts"}],"about":[{"href":"https:\/\/vivancoculturadevino.es\/blog\/wp-json\/wp\/v2\/types\/post"}],"author":[{"embeddable":true,"href":"https:\/\/vivancoculturadevino.es\/blog\/wp-json\/wp\/v2\/users\/9"}],"replies":[{"embeddable":true,"href":"https:\/\/vivancoculturadevino.es\/blog\/wp-json\/wp\/v2\/comments?post=2683"}],"version-history":[{"count":3,"href":"https:\/\/vivancoculturadevino.es\/blog\/wp-json\/wp\/v2\/posts\/2683\/revisions"}],"predecessor-version":[{"id":2692,"href":"https:\/\/vivancoculturadevino.es\/blog\/wp-json\/wp\/v2\/posts\/2683\/revisions\/2692"}],"wp:featuredmedia":[{"embeddable":true,"href":"https:\/\/vivancoculturadevino.es\/blog\/wp-json\/wp\/v2\/media\/2687"}],"wp:attachment":[{"href":"https:\/\/vivancoculturadevino.es\/blog\/wp-json\/wp\/v2\/media?parent=2683"}],"wp:term":[{"taxonomy":"category","embeddable":true,"href":"https:\/\/vivancoculturadevino.es\/blog\/wp-json\/wp\/v2\/categories?post=2683"},{"taxonomy":"post_tag","embeddable":true,"href":"https:\/\/vivancoculturadevino.es\/blog\/wp-json\/wp\/v2\/tags?post=2683"}],"curies":[{"name":"wp","href":"https:\/\/api.w.org\/{rel}","templated":true}]}}