{"id":2649,"date":"2016-09-26T11:08:24","date_gmt":"2016-09-26T10:08:24","guid":{"rendered":"http:\/\/vivancoculturadevino.es\/blog\/?p=2649"},"modified":"2016-09-26T12:32:24","modified_gmt":"2016-09-26T11:32:24","slug":"fotografia-vino","status":"publish","type":"post","link":"https:\/\/vivancoculturadevino.es\/blog\/2016\/09\/26\/fotografia-vino\/","title":{"rendered":"Fotograf\u00eda y vino"},"content":{"rendered":"<p>El extraordinario <a href=\"http:\/\/vivancoculturadevino.es\/blog\/2015\/06\/17\/simbologia-vino-mitologia-clasica-cine\/\" target=\"blank\">valor simb\u00f3lico del vino<\/a>, su capacidad de crear <strong>escenograf\u00edas<\/strong>, <strong>mitos<\/strong> y <strong>rituales colectivos<\/strong>, ha sido representado, a lo largo de miles de a\u00f1os, a trav\u00e9s de todas las formas expresivas humanas. Todos los tipos de <strong>arte<\/strong>, en todas las \u00e9pocas, nos han hablado alguna vez de la presencia del vino en nuestra vida.<\/p>\n<p>Si hay un lenguaje creativo t\u00edpico de la <strong>cultura contempor\u00e1nea<\/strong>, \u00e9ste es sin duda la <strong>fotograf\u00eda<\/strong>. En este post te presentamos seis obras destacadas, de reconocidos <strong>fot\u00f3grafos espa\u00f1oles e internacionales<\/strong>, en las que <strong>el vino y su cultura<\/strong> juegan un papel fundamental.<\/p>\n<p>Todas las piezas pertenecen a la <strong>Colecci\u00f3n de Arte del Centro de Documentaci\u00f3n del Vino Vivanco\u00a0<\/strong>y podr\u00e1s verlas en vivo, <strong>hasta la primavera de 2017<\/strong>, dentro del marco de la exposici\u00f3n temporal <a href=\"http:\/\/vivancoculturadevino.es\/es\/fundacion\/actividades\/\">Vivanco, pensando en Vino: 40 a\u00f1os de Coleccionismo<\/a>.<\/p>\n<h2><strong>Alberto Schommer, <em>Bodeg\u00f3n<\/em>, gelatina de plata\/revelado qu\u00edmico (copia moderna de la obra de 1957)<\/strong><\/h2>\n<p><strong>Fot\u00f3grafo espa\u00f1ol<\/strong> de reconocido prestigio, <a href=\"http:\/\/albertoschommer.com\" target=\"blank\" rel=\"nofollow\">Alberto Schommer Garc\u00eda<\/a> (1928-2015) recibi\u00f3 (entre otros premios)\u00a0 la Medalla de Oro al m\u00e9rito en las Bellas Artes en 2008 y el Premio Nacional de Fotograf\u00eda en 2013. A lo largo de m\u00e1s de medio siglo retrat\u00f3 celebridades, represent\u00f3 paisajes y realiz\u00f3 extraordinarias naturalezas muertas. Este <strong>bodeg\u00f3n <\/strong>en<strong> blanco y negro<\/strong> pertenece a la primera \u00e9poca de su trayectoria art\u00edstica, en la que altern\u00f3 la <strong>pintura<\/strong> con su gran inter\u00e9s por el <strong>cine<\/strong> y la <strong>fotograf\u00eda<\/strong> (1955-1960).<\/p>\n<p><em><a href=\"http:\/\/vivancoculturadevino.es\/blog\/wp-content\/uploads\/2016\/09\/alberto-schommer-bodegon-gelatina.jpg\"><img fetchpriority=\"high\" decoding=\"async\" class=\"aligncenter wp-image-2650\" src=\"\/\/vivancoculturadevino.es\/blog\/wp-content\/uploads\/2016\/09\/alberto-schommer-bodegon-gelatina.jpg\" alt=\"alberto schommer bodegon gelatina\" width=\"800\" height=\"952\" srcset=\"https:\/\/vivancoculturadevino.es\/blog\/wp-content\/uploads\/2016\/09\/alberto-schommer-bodegon-gelatina.jpg 2044w, https:\/\/vivancoculturadevino.es\/blog\/wp-content\/uploads\/2016\/09\/alberto-schommer-bodegon-gelatina-252x300.jpg 252w, https:\/\/vivancoculturadevino.es\/blog\/wp-content\/uploads\/2016\/09\/alberto-schommer-bodegon-gelatina-861x1024.jpg 861w\" sizes=\"(max-width: 800px) 100vw, 800px\" \/><\/a><\/em><\/p>\n<p style=\"text-align: center;\"><em>Alberto Schommer, Bodeg\u00f3n, gelatina de plata\/revelado qu\u00edmico (copia moderna de la obra de 1957).<\/em><\/p>\n<h2><strong>Henri Cartier-Bresson, <em>Rue Mouffettard<\/em>, gelatina de plata\/revelado qu\u00edmico, 1954<\/strong><\/h2>\n<p>Esta <strong>instant\u00e1nea <\/strong>en<strong> blanco y negro<\/strong> de <a href=\"http:\/\/www.henricartierbresson.org\/en\/\" target=\"blank\" rel=\"nofollow\">Henri Cartier-Bresson<\/a> (1908-2004) documenta la vitalidad de las calles del <strong>Par\u00eds<\/strong> de los a\u00f1os cincuenta del siglo XX. Asimismo, representa en modo ejemplar el concepto fotogr\u00e1fico de <strong>\u201cinstante decisivo\u201d<\/strong>, acu\u00f1ado por el mismo autor franc\u00e9s. Considerado uno de los grandes maestros de la <strong>historia de la fotograf\u00eda<\/strong>, Cartier-Bresson es el padre del <strong>fotoperiodismo<\/strong> y de la <strong>fotograf\u00eda de calle<\/strong> contempor\u00e1nea. Atrapar la fugacidad de la vida, poniendo la cabeza, el ojo y el coraz\u00f3n en el mismo momento en el que se desarrolla el cl\u00edmax de una acci\u00f3n, se convirti\u00f3 para \u00e9l en una verdadera misi\u00f3n art\u00edstica y humana.<\/p>\n<p><a href=\"http:\/\/vivancoculturadevino.es\/blog\/wp-content\/uploads\/2016\/09\/foto-botellas-nino-cartier-bresson.jpg\"><img decoding=\"async\" class=\"aligncenter wp-image-2651\" src=\"\/\/vivancoculturadevino.es\/blog\/wp-content\/uploads\/2016\/09\/foto-botellas-nino-cartier-bresson.jpg\" alt=\"foto botellas nino cartier bresson\" width=\"800\" height=\"1036\" srcset=\"https:\/\/vivancoculturadevino.es\/blog\/wp-content\/uploads\/2016\/09\/foto-botellas-nino-cartier-bresson.jpg 1632w, https:\/\/vivancoculturadevino.es\/blog\/wp-content\/uploads\/2016\/09\/foto-botellas-nino-cartier-bresson-232x300.jpg 232w, https:\/\/vivancoculturadevino.es\/blog\/wp-content\/uploads\/2016\/09\/foto-botellas-nino-cartier-bresson-791x1024.jpg 791w\" sizes=\"(max-width: 800px) 100vw, 800px\" \/><\/a><\/p>\n<p style=\"text-align: center;\"><em>Henri Cartier-Bresson, Rue Mouffettard, gelatina de plata\/revelado qu\u00edmico, 1954<\/em><\/p>\n<h2><strong>Henri Cartier-Bresson, <em>Champagne<\/em>, gelatina de plata\/revelado qu\u00edmico, 1960<\/strong><\/h2>\n<p>Al igual que la fotograf\u00eda anterior, esta obra fue realizada en los a\u00f1os posteriores al fin de la Segunda Guerra Mundial. <strong>Cartier-Bresson<\/strong> ya se hab\u00eda convertido en <strong>fot\u00f3grafo profesional<\/strong> y desde 1947 formaba parte de la prestigiosa agencia internacional <a href=\"https:\/\/www.magnumphotos.com\" rel=\"nofollow\">Magnum Photos<\/a>. En las d\u00e9cadas de los cincuenta y sesenta viaj\u00f3 tanto por Europa como fuera del continente (URSS, China y Jap\u00f3n entre otros pa\u00edses). En estos viajes retrat\u00f3 los paisajes y los habitantes de los pa\u00edses que visitaba. En sus fotograf\u00edas, la humanidad de las personas y sus vivencias hist\u00f3ricas y emocionales son los verdaderos protagonistas. Como en el caso de esta obra.<\/p>\n<h2><a href=\"http:\/\/vivancoculturadevino.es\/blog\/wp-content\/uploads\/2016\/09\/henri-cartier-bresson-champagne.jpg\"><img decoding=\"async\" class=\"aligncenter wp-image-2652\" src=\"\/\/vivancoculturadevino.es\/blog\/wp-content\/uploads\/2016\/09\/henri-cartier-bresson-champagne.jpg\" alt=\"henri cartier bresson champagne\" width=\"800\" height=\"1013\" srcset=\"https:\/\/vivancoculturadevino.es\/blog\/wp-content\/uploads\/2016\/09\/henri-cartier-bresson-champagne.jpg 1638w, https:\/\/vivancoculturadevino.es\/blog\/wp-content\/uploads\/2016\/09\/henri-cartier-bresson-champagne-237x300.jpg 237w, https:\/\/vivancoculturadevino.es\/blog\/wp-content\/uploads\/2016\/09\/henri-cartier-bresson-champagne-808x1024.jpg 808w\" sizes=\"(max-width: 800px) 100vw, 800px\" \/><\/a><\/h2>\n<h2><strong>Cecilia del Val, <em>First Aniversary<\/em>, fotograf\u00eda digital a color, 2008<\/strong><\/h2>\n<p><a href=\"http:\/\/www.camaraoscura.net\/index_e.php\" target=\"blank\" rel=\"nofollow\">Cecilia del Val<\/a> (1975) es una de las <strong>fot\u00f3grafas espa\u00f1olas<\/strong> m\u00e1s interesantes de su generaci\u00f3n. Sus obras est\u00e1n presentes en las colecciones de instituciones p\u00fablicas como el Centro de Arte Dos de Mayo de Madrid o el Museo de Bellas Artes de Santander (entre otras). Adem\u00e1s, recibi\u00f3 varios reconocimientos, como el I Premio Estampa-Epson de Fotograf\u00eda de la Feria Estampa (Madrid) o Descubrimientos PHotoEspan\u0303a en 2009. Esta obra, surrealista y escenogr\u00e1fica, pertenece a la serie <em>Otro reino<\/em> de 2008 y fue elegida como imagen de <strong>portada del libro<\/strong> <em>Una copa para dos. Relatos de mujer y vino<\/em>, editado por la <a href=\"http:\/\/vivancoculturadevino.es\/es\/fundacion\/editorial\/\" target=\"blank\">editorial de Vivanco<\/a>.<\/p>\n<p><a href=\"http:\/\/vivancoculturadevino.es\/blog\/wp-content\/uploads\/2016\/09\/cecilia-val-first-aniversary.jpg\"><img loading=\"lazy\" decoding=\"async\" class=\"aligncenter wp-image-2653\" src=\"\/\/vivancoculturadevino.es\/blog\/wp-content\/uploads\/2016\/09\/cecilia-val-first-aniversary.jpg\" alt=\"cecilia val first aniversary\" width=\"800\" height=\"566\" srcset=\"https:\/\/vivancoculturadevino.es\/blog\/wp-content\/uploads\/2016\/09\/cecilia-val-first-aniversary.jpg 918w, https:\/\/vivancoculturadevino.es\/blog\/wp-content\/uploads\/2016\/09\/cecilia-val-first-aniversary-300x212.jpg 300w\" sizes=\"(max-width: 800px) 100vw, 800px\" \/><\/a><\/p>\n<p style=\"text-align: center;\"><em>Cecilia del Val, First Aniversary, fotograf\u00eda digital a color, 2008<\/em><\/p>\n<h2><strong>Elisabeth Ohlson Wallin, <em>La \u00faltima cena<\/em>, papel baritado con impresi\u00f3n digital, 1998<\/strong><\/h2>\n<p>Esta reinterpretaci\u00f3n colorista, en clave contempor\u00e1nea, del tema de la \u00daltima Cena es una de las obras m\u00e1s ic\u00f3nicas de la <strong>fot\u00f3grafa sueca<\/strong> <a href=\"http:\/\/www.ohlson.se\" target=\"blank\" rel=\"nofollow\">Elisabeth Ohlson Wallin<\/a> (1961). Artista desde siempre comprometida con la exploraci\u00f3n sin tab\u00faes de la naturaleza humana, en su trabajo representa a menudo las minor\u00edas sexuales. Esta fotograf\u00eda se present\u00f3 por primera vez en la controvertida exposici\u00f3n <em>Ecce Homo<\/em> (Estocolmo, 1998), compuesta por 12 piezas que ambientaban otros tantos episodios del Nuevo Testamento en situaciones de la vida moderna.<br \/>\n<a href=\"http:\/\/vivancoculturadevino.es\/blog\/wp-content\/uploads\/2016\/09\/elisabeth-ohlson-wallin-ultima-cena.jpg\"><img loading=\"lazy\" decoding=\"async\" class=\"aligncenter wp-image-2654\" src=\"\/\/vivancoculturadevino.es\/blog\/wp-content\/uploads\/2016\/09\/elisabeth-ohlson-wallin-ultima-cena.jpg\" alt=\"elisabeth ohlson wallin ultima cena\" width=\"800\" height=\"522\" srcset=\"https:\/\/vivancoculturadevino.es\/blog\/wp-content\/uploads\/2016\/09\/elisabeth-ohlson-wallin-ultima-cena.jpg 2300w, https:\/\/vivancoculturadevino.es\/blog\/wp-content\/uploads\/2016\/09\/elisabeth-ohlson-wallin-ultima-cena-300x196.jpg 300w, https:\/\/vivancoculturadevino.es\/blog\/wp-content\/uploads\/2016\/09\/elisabeth-ohlson-wallin-ultima-cena-1024x668.jpg 1024w\" sizes=\"(max-width: 800px) 100vw, 800px\" \/><\/a><\/p>\n<p style=\"text-align: center;\"><em>Elisabeth Ohlson Wallin, La \u00faltima cena, papel baritado con impresi\u00f3n digital, 1998<\/em><\/p>\n<h2 style=\"text-align: left;\"><strong>Ouka Leele, <em>Veranos de la Villa<\/em>, fotograf\u00eda coloreada a mano con acuarela, 1996<\/strong><\/h2>\n<p>Cerramos el post con una obra de <a href=\"http:\/\/www.oukaleele.com\" target=\"blank\" rel=\"nofollow\">Ouka Leele<\/a> (pseud\u00f3nimo de B\u00e1rbara Allende Gil de Biedma, 1957), una de las <strong>artistas espa\u00f1olas<\/strong> <strong>contempor\u00e1neas <\/strong>m\u00e1s conocidas. Famosa a nivel internacional por ser protagonista del movimiento art\u00edstico y cultural de la <strong>Movida madrile\u00f1a<\/strong>, recibi\u00f3 el Premio Nacional de Fotograf\u00eda en 2005 y la Medalla de plata de la Comunidad de Madrid en 2012 (entre otros reconocimientos). Su inconfundible trabajo fusiona <strong>pintura y fotograf\u00eda<\/strong>, aplicando <strong>acuarela<\/strong> para colorear la superficie de las fotos en blanco y negro. De esta manera consigue crear un lenguaje art\u00edstico propio, muy llamativo y sugerente.<\/p>\n<p><a href=\"http:\/\/vivancoculturadevino.es\/blog\/wp-content\/uploads\/2016\/09\/ouka-leele-veranos-villa.jpg\"><img loading=\"lazy\" decoding=\"async\" class=\"aligncenter wp-image-2655\" src=\"\/\/vivancoculturadevino.es\/blog\/wp-content\/uploads\/2016\/09\/ouka-leele-veranos-villa.jpg\" alt=\"ouka leele veranos villa\" width=\"800\" height=\"1293\" srcset=\"https:\/\/vivancoculturadevino.es\/blog\/wp-content\/uploads\/2016\/09\/ouka-leele-veranos-villa.jpg 1809w, https:\/\/vivancoculturadevino.es\/blog\/wp-content\/uploads\/2016\/09\/ouka-leele-veranos-villa-186x300.jpg 186w, https:\/\/vivancoculturadevino.es\/blog\/wp-content\/uploads\/2016\/09\/ouka-leele-veranos-villa-634x1024.jpg 634w\" sizes=\"(max-width: 800px) 100vw, 800px\" \/><\/a><\/p>\n<p style=\"text-align: center;\"><em>Ouka Leele, Veranos de la Villa, fotograf\u00eda coloreada a mano con acuarela, 1996.<\/em><\/p>\n","protected":false},"excerpt":{"rendered":"<p>En este post te presentamos seis obras destacadas, de reconocidos fot\u00f3grafos espa\u00f1oles e internacionales, en las que el vino y su cultura juegan un papel fundamental.<\/p>\n","protected":false},"author":4,"featured_media":2652,"comment_status":"open","ping_status":"open","sticky":false,"template":"","format":"standard","meta":{"footnotes":"","_elementor_edit_mode":"","_elementor_template_type":"","_elementor_data":"","_elementor_page_settings":null,"_elementor_conditions":[]},"categories":[7],"tags":[323,322,321,98,311,320,4],"class_list":["post-2649","post","type-post","status-publish","format-standard","has-post-thumbnail","hentry","category-fundacion","tag-alberto-schommer","tag-cecilia-del-val","tag-elisabeth-ohlson-wallin","tag-fotografia","tag-henri-cartier-bresson","tag-ouka-leele","tag-vino"],"yoast_head":"<!-- This site is optimized with the Yoast SEO plugin v26.8 - https:\/\/yoast.com\/product\/yoast-seo-wordpress\/ -->\n<title>Fotograf\u00eda y vino | Vivanco<\/title>\n<meta name=\"description\" content=\"En este post te presentamos seis obras destacadas, de reconocidos fot\u00f3grafos espa\u00f1oles e internacionales, en las que el vino y su cultura juegan un papel fundamental.\" \/>\n<meta name=\"robots\" content=\"index, follow, max-snippet:-1, max-image-preview:large, max-video-preview:-1\" \/>\n<link rel=\"canonical\" href=\"https:\/\/vivancoculturadevino.es\/blog\/2016\/09\/26\/fotografia-vino\/\" \/>\n<meta property=\"og:locale\" content=\"es_ES\" \/>\n<meta property=\"og:type\" content=\"article\" \/>\n<meta property=\"og:title\" content=\"Fotograf\u00eda y vino | Vivanco\" \/>\n<meta property=\"og:description\" content=\"En este post te presentamos seis obras destacadas, de reconocidos fot\u00f3grafos espa\u00f1oles e internacionales, en las que el vino y su cultura juegan un papel fundamental.\" \/>\n<meta property=\"og:url\" content=\"https:\/\/vivancoculturadevino.es\/blog\/2016\/09\/26\/fotografia-vino\/\" \/>\n<meta property=\"og:site_name\" content=\"Vivanco\" \/>\n<meta property=\"article:author\" content=\"https:\/\/www.facebook.com\/nicolamarianiblog\" \/>\n<meta property=\"article:published_time\" content=\"2016-09-26T10:08:24+00:00\" \/>\n<meta property=\"article:modified_time\" content=\"2016-09-26T11:32:24+00:00\" \/>\n<meta property=\"og:image\" content=\"https:\/\/vivancoculturadevino.es\/blog\/wp-content\/uploads\/2016\/09\/henri-cartier-bresson-champagne.jpg\" \/>\n\t<meta property=\"og:image:width\" content=\"1638\" \/>\n\t<meta property=\"og:image:height\" content=\"2075\" \/>\n\t<meta property=\"og:image:type\" content=\"image\/jpeg\" \/>\n<meta name=\"author\" content=\"Nicola Mariani\" \/>\n<meta name=\"twitter:card\" content=\"summary_large_image\" \/>\n<meta name=\"twitter:creator\" content=\"@https:\/\/twitter.com\/nicola_mariani\" \/>\n<meta name=\"twitter:label1\" content=\"Escrito por\" \/>\n\t<meta name=\"twitter:data1\" content=\"Nicola Mariani\" \/>\n\t<meta name=\"twitter:label2\" content=\"Tiempo de lectura\" \/>\n\t<meta name=\"twitter:data2\" content=\"5 minutos\" \/>\n<script type=\"application\/ld+json\" class=\"yoast-schema-graph\">{\"@context\":\"https:\/\/schema.org\",\"@graph\":[{\"@type\":\"Article\",\"@id\":\"https:\/\/vivancoculturadevino.es\/blog\/2016\/09\/26\/fotografia-vino\/#article\",\"isPartOf\":{\"@id\":\"https:\/\/vivancoculturadevino.es\/blog\/2016\/09\/26\/fotografia-vino\/\"},\"author\":{\"name\":\"Nicola Mariani\",\"@id\":\"https:\/\/vivancoculturadevino.es\/blog\/#\/schema\/person\/4d81f97c87d6f9065b3d4ce9f9d5502a\"},\"headline\":\"Fotograf\u00eda y vino\",\"datePublished\":\"2016-09-26T10:08:24+00:00\",\"dateModified\":\"2016-09-26T11:32:24+00:00\",\"mainEntityOfPage\":{\"@id\":\"https:\/\/vivancoculturadevino.es\/blog\/2016\/09\/26\/fotografia-vino\/\"},\"wordCount\":910,\"commentCount\":1,\"publisher\":{\"@id\":\"https:\/\/vivancoculturadevino.es\/blog\/#organization\"},\"image\":{\"@id\":\"https:\/\/vivancoculturadevino.es\/blog\/2016\/09\/26\/fotografia-vino\/#primaryimage\"},\"thumbnailUrl\":\"https:\/\/vivancoculturadevino.es\/blog\/wp-content\/uploads\/2016\/09\/henri-cartier-bresson-champagne.jpg\",\"keywords\":[\"Alberto Schommer\",\"Cecilia del Val\",\"Elisabeth Ohlson Wallin\",\"fotograf\u00eda\",\"Henri Cartier-Bresson\",\"Ouka Leele\",\"vino\"],\"articleSection\":[\"Cultura\"],\"inLanguage\":\"es\",\"potentialAction\":[{\"@type\":\"CommentAction\",\"name\":\"Comment\",\"target\":[\"https:\/\/vivancoculturadevino.es\/blog\/2016\/09\/26\/fotografia-vino\/#respond\"]}]},{\"@type\":\"WebPage\",\"@id\":\"https:\/\/vivancoculturadevino.es\/blog\/2016\/09\/26\/fotografia-vino\/\",\"url\":\"https:\/\/vivancoculturadevino.es\/blog\/2016\/09\/26\/fotografia-vino\/\",\"name\":\"Fotograf\u00eda y vino | Vivanco\",\"isPartOf\":{\"@id\":\"https:\/\/vivancoculturadevino.es\/blog\/#website\"},\"primaryImageOfPage\":{\"@id\":\"https:\/\/vivancoculturadevino.es\/blog\/2016\/09\/26\/fotografia-vino\/#primaryimage\"},\"image\":{\"@id\":\"https:\/\/vivancoculturadevino.es\/blog\/2016\/09\/26\/fotografia-vino\/#primaryimage\"},\"thumbnailUrl\":\"https:\/\/vivancoculturadevino.es\/blog\/wp-content\/uploads\/2016\/09\/henri-cartier-bresson-champagne.jpg\",\"datePublished\":\"2016-09-26T10:08:24+00:00\",\"dateModified\":\"2016-09-26T11:32:24+00:00\",\"description\":\"En este post te presentamos seis obras destacadas, de reconocidos fot\u00f3grafos espa\u00f1oles e internacionales, en las que el vino y su cultura juegan un papel fundamental.\",\"breadcrumb\":{\"@id\":\"https:\/\/vivancoculturadevino.es\/blog\/2016\/09\/26\/fotografia-vino\/#breadcrumb\"},\"inLanguage\":\"es\",\"potentialAction\":[{\"@type\":\"ReadAction\",\"target\":[\"https:\/\/vivancoculturadevino.es\/blog\/2016\/09\/26\/fotografia-vino\/\"]}]},{\"@type\":\"ImageObject\",\"inLanguage\":\"es\",\"@id\":\"https:\/\/vivancoculturadevino.es\/blog\/2016\/09\/26\/fotografia-vino\/#primaryimage\",\"url\":\"https:\/\/vivancoculturadevino.es\/blog\/wp-content\/uploads\/2016\/09\/henri-cartier-bresson-champagne.jpg\",\"contentUrl\":\"https:\/\/vivancoculturadevino.es\/blog\/wp-content\/uploads\/2016\/09\/henri-cartier-bresson-champagne.jpg\",\"width\":1638,\"height\":2075},{\"@type\":\"BreadcrumbList\",\"@id\":\"https:\/\/vivancoculturadevino.es\/blog\/2016\/09\/26\/fotografia-vino\/#breadcrumb\",\"itemListElement\":[{\"@type\":\"ListItem\",\"position\":1,\"name\":\"Portada\",\"item\":\"https:\/\/vivancoculturadevino.es\/blog\/\"},{\"@type\":\"ListItem\",\"position\":2,\"name\":\"Fotograf\u00eda y vino\"}]},{\"@type\":\"WebSite\",\"@id\":\"https:\/\/vivancoculturadevino.es\/blog\/#website\",\"url\":\"https:\/\/vivancoculturadevino.es\/blog\/\",\"name\":\"Vivanco\",\"description\":\"Una familia y una pasi\u00f3n: Compartir la cultura del vino\",\"publisher\":{\"@id\":\"https:\/\/vivancoculturadevino.es\/blog\/#organization\"},\"potentialAction\":[{\"@type\":\"SearchAction\",\"target\":{\"@type\":\"EntryPoint\",\"urlTemplate\":\"https:\/\/vivancoculturadevino.es\/blog\/?s={search_term_string}\"},\"query-input\":{\"@type\":\"PropertyValueSpecification\",\"valueRequired\":true,\"valueName\":\"search_term_string\"}}],\"inLanguage\":\"es\"},{\"@type\":\"Organization\",\"@id\":\"https:\/\/vivancoculturadevino.es\/blog\/#organization\",\"name\":\"Vivanco\",\"url\":\"https:\/\/vivancoculturadevino.es\/blog\/\",\"logo\":{\"@type\":\"ImageObject\",\"inLanguage\":\"es\",\"@id\":\"https:\/\/vivancoculturadevino.es\/blog\/#\/schema\/logo\/image\/\",\"url\":\"https:\/\/vivancoculturadevino.es\/blog\/wp-content\/uploads\/2026\/01\/Logo-blanco.svg\",\"contentUrl\":\"https:\/\/vivancoculturadevino.es\/blog\/wp-content\/uploads\/2026\/01\/Logo-blanco.svg\",\"width\":134,\"height\":43,\"caption\":\"Vivanco\"},\"image\":{\"@id\":\"https:\/\/vivancoculturadevino.es\/blog\/#\/schema\/logo\/image\/\"}},{\"@type\":\"Person\",\"@id\":\"https:\/\/vivancoculturadevino.es\/blog\/#\/schema\/person\/4d81f97c87d6f9065b3d4ce9f9d5502a\",\"name\":\"Nicola Mariani\",\"image\":{\"@type\":\"ImageObject\",\"inLanguage\":\"es\",\"@id\":\"https:\/\/vivancoculturadevino.es\/blog\/#\/schema\/person\/image\/\",\"url\":\"https:\/\/secure.gravatar.com\/avatar\/af09c13375a3febb9a338849c8f5235962df491f823b064d38681e4df4a10bf2?s=96&d=mm&r=g\",\"contentUrl\":\"https:\/\/secure.gravatar.com\/avatar\/af09c13375a3febb9a338849c8f5235962df491f823b064d38681e4df4a10bf2?s=96&d=mm&r=g\",\"caption\":\"Nicola Mariani\"},\"description\":\"Soci\u00f3logo, blogger y cr\u00edtico de arte independiente. Experto en Sociolog\u00eda del Consumo y contenidos digitales, especializado en cultura y mercado del arte. En 2009 funda el blog www.nicolamariani.es, dedicado a la cr\u00edtica de arte, con especial atenci\u00f3n al arte emergente y el panorama expositivo de Madrid. Escribe para varias revistas especializadas. Ha trabajado como Responsable de Contenido digital para Dur\u00e1n Arte y Subastas y Dur\u00e1n Online Gallery y ha impartido ponencias y talleres. Ha colaborado con numerosos proyectos editoriales online, como Madriz, The Art Market Agency, Artribune, Latamuda, Masdearte, Input Magazine, ARCO Bloggers, el blog de Colecciones de Arte de la Fundaci\u00f3n MAPFRE, Donde acaba Madrid (fotoblog del peri\u00f3dico El Mundo), Streaming Egos (blog del Goethe Institut), LABlog (blog de LABoral), NYR, Ensayos Absolut by PAC, Absolut Network, in-LAN.com o Enfocarte.com entre muchos otros.\",\"sameAs\":[\"http:\/\/nicolamariani.es\/\",\"https:\/\/www.facebook.com\/nicolamarianiblog\",\"https:\/\/x.com\/https:\/\/twitter.com\/nicola_mariani\"],\"url\":\"https:\/\/vivancoculturadevino.es\/blog\/author\/nicola-mariani\/\"}]}<\/script>\n<!-- \/ Yoast SEO plugin. -->","yoast_head_json":{"title":"Fotograf\u00eda y vino | Vivanco","description":"En este post te presentamos seis obras destacadas, de reconocidos fot\u00f3grafos espa\u00f1oles e internacionales, en las que el vino y su cultura juegan un papel fundamental.","robots":{"index":"index","follow":"follow","max-snippet":"max-snippet:-1","max-image-preview":"max-image-preview:large","max-video-preview":"max-video-preview:-1"},"canonical":"https:\/\/vivancoculturadevino.es\/blog\/2016\/09\/26\/fotografia-vino\/","og_locale":"es_ES","og_type":"article","og_title":"Fotograf\u00eda y vino | Vivanco","og_description":"En este post te presentamos seis obras destacadas, de reconocidos fot\u00f3grafos espa\u00f1oles e internacionales, en las que el vino y su cultura juegan un papel fundamental.","og_url":"https:\/\/vivancoculturadevino.es\/blog\/2016\/09\/26\/fotografia-vino\/","og_site_name":"Vivanco","article_author":"https:\/\/www.facebook.com\/nicolamarianiblog","article_published_time":"2016-09-26T10:08:24+00:00","article_modified_time":"2016-09-26T11:32:24+00:00","og_image":[{"width":1638,"height":2075,"url":"https:\/\/vivancoculturadevino.es\/blog\/wp-content\/uploads\/2016\/09\/henri-cartier-bresson-champagne.jpg","type":"image\/jpeg"}],"author":"Nicola Mariani","twitter_card":"summary_large_image","twitter_creator":"@https:\/\/twitter.com\/nicola_mariani","twitter_misc":{"Escrito por":"Nicola Mariani","Tiempo de lectura":"5 minutos"},"schema":{"@context":"https:\/\/schema.org","@graph":[{"@type":"Article","@id":"https:\/\/vivancoculturadevino.es\/blog\/2016\/09\/26\/fotografia-vino\/#article","isPartOf":{"@id":"https:\/\/vivancoculturadevino.es\/blog\/2016\/09\/26\/fotografia-vino\/"},"author":{"name":"Nicola Mariani","@id":"https:\/\/vivancoculturadevino.es\/blog\/#\/schema\/person\/4d81f97c87d6f9065b3d4ce9f9d5502a"},"headline":"Fotograf\u00eda y vino","datePublished":"2016-09-26T10:08:24+00:00","dateModified":"2016-09-26T11:32:24+00:00","mainEntityOfPage":{"@id":"https:\/\/vivancoculturadevino.es\/blog\/2016\/09\/26\/fotografia-vino\/"},"wordCount":910,"commentCount":1,"publisher":{"@id":"https:\/\/vivancoculturadevino.es\/blog\/#organization"},"image":{"@id":"https:\/\/vivancoculturadevino.es\/blog\/2016\/09\/26\/fotografia-vino\/#primaryimage"},"thumbnailUrl":"https:\/\/vivancoculturadevino.es\/blog\/wp-content\/uploads\/2016\/09\/henri-cartier-bresson-champagne.jpg","keywords":["Alberto Schommer","Cecilia del Val","Elisabeth Ohlson Wallin","fotograf\u00eda","Henri Cartier-Bresson","Ouka Leele","vino"],"articleSection":["Cultura"],"inLanguage":"es","potentialAction":[{"@type":"CommentAction","name":"Comment","target":["https:\/\/vivancoculturadevino.es\/blog\/2016\/09\/26\/fotografia-vino\/#respond"]}]},{"@type":"WebPage","@id":"https:\/\/vivancoculturadevino.es\/blog\/2016\/09\/26\/fotografia-vino\/","url":"https:\/\/vivancoculturadevino.es\/blog\/2016\/09\/26\/fotografia-vino\/","name":"Fotograf\u00eda y vino | Vivanco","isPartOf":{"@id":"https:\/\/vivancoculturadevino.es\/blog\/#website"},"primaryImageOfPage":{"@id":"https:\/\/vivancoculturadevino.es\/blog\/2016\/09\/26\/fotografia-vino\/#primaryimage"},"image":{"@id":"https:\/\/vivancoculturadevino.es\/blog\/2016\/09\/26\/fotografia-vino\/#primaryimage"},"thumbnailUrl":"https:\/\/vivancoculturadevino.es\/blog\/wp-content\/uploads\/2016\/09\/henri-cartier-bresson-champagne.jpg","datePublished":"2016-09-26T10:08:24+00:00","dateModified":"2016-09-26T11:32:24+00:00","description":"En este post te presentamos seis obras destacadas, de reconocidos fot\u00f3grafos espa\u00f1oles e internacionales, en las que el vino y su cultura juegan un papel fundamental.","breadcrumb":{"@id":"https:\/\/vivancoculturadevino.es\/blog\/2016\/09\/26\/fotografia-vino\/#breadcrumb"},"inLanguage":"es","potentialAction":[{"@type":"ReadAction","target":["https:\/\/vivancoculturadevino.es\/blog\/2016\/09\/26\/fotografia-vino\/"]}]},{"@type":"ImageObject","inLanguage":"es","@id":"https:\/\/vivancoculturadevino.es\/blog\/2016\/09\/26\/fotografia-vino\/#primaryimage","url":"https:\/\/vivancoculturadevino.es\/blog\/wp-content\/uploads\/2016\/09\/henri-cartier-bresson-champagne.jpg","contentUrl":"https:\/\/vivancoculturadevino.es\/blog\/wp-content\/uploads\/2016\/09\/henri-cartier-bresson-champagne.jpg","width":1638,"height":2075},{"@type":"BreadcrumbList","@id":"https:\/\/vivancoculturadevino.es\/blog\/2016\/09\/26\/fotografia-vino\/#breadcrumb","itemListElement":[{"@type":"ListItem","position":1,"name":"Portada","item":"https:\/\/vivancoculturadevino.es\/blog\/"},{"@type":"ListItem","position":2,"name":"Fotograf\u00eda y vino"}]},{"@type":"WebSite","@id":"https:\/\/vivancoculturadevino.es\/blog\/#website","url":"https:\/\/vivancoculturadevino.es\/blog\/","name":"Vivanco","description":"Una familia y una pasi\u00f3n: Compartir la cultura del vino","publisher":{"@id":"https:\/\/vivancoculturadevino.es\/blog\/#organization"},"potentialAction":[{"@type":"SearchAction","target":{"@type":"EntryPoint","urlTemplate":"https:\/\/vivancoculturadevino.es\/blog\/?s={search_term_string}"},"query-input":{"@type":"PropertyValueSpecification","valueRequired":true,"valueName":"search_term_string"}}],"inLanguage":"es"},{"@type":"Organization","@id":"https:\/\/vivancoculturadevino.es\/blog\/#organization","name":"Vivanco","url":"https:\/\/vivancoculturadevino.es\/blog\/","logo":{"@type":"ImageObject","inLanguage":"es","@id":"https:\/\/vivancoculturadevino.es\/blog\/#\/schema\/logo\/image\/","url":"https:\/\/vivancoculturadevino.es\/blog\/wp-content\/uploads\/2026\/01\/Logo-blanco.svg","contentUrl":"https:\/\/vivancoculturadevino.es\/blog\/wp-content\/uploads\/2026\/01\/Logo-blanco.svg","width":134,"height":43,"caption":"Vivanco"},"image":{"@id":"https:\/\/vivancoculturadevino.es\/blog\/#\/schema\/logo\/image\/"}},{"@type":"Person","@id":"https:\/\/vivancoculturadevino.es\/blog\/#\/schema\/person\/4d81f97c87d6f9065b3d4ce9f9d5502a","name":"Nicola Mariani","image":{"@type":"ImageObject","inLanguage":"es","@id":"https:\/\/vivancoculturadevino.es\/blog\/#\/schema\/person\/image\/","url":"https:\/\/secure.gravatar.com\/avatar\/af09c13375a3febb9a338849c8f5235962df491f823b064d38681e4df4a10bf2?s=96&d=mm&r=g","contentUrl":"https:\/\/secure.gravatar.com\/avatar\/af09c13375a3febb9a338849c8f5235962df491f823b064d38681e4df4a10bf2?s=96&d=mm&r=g","caption":"Nicola Mariani"},"description":"Soci\u00f3logo, blogger y cr\u00edtico de arte independiente. Experto en Sociolog\u00eda del Consumo y contenidos digitales, especializado en cultura y mercado del arte. En 2009 funda el blog www.nicolamariani.es, dedicado a la cr\u00edtica de arte, con especial atenci\u00f3n al arte emergente y el panorama expositivo de Madrid. Escribe para varias revistas especializadas. Ha trabajado como Responsable de Contenido digital para Dur\u00e1n Arte y Subastas y Dur\u00e1n Online Gallery y ha impartido ponencias y talleres. Ha colaborado con numerosos proyectos editoriales online, como Madriz, The Art Market Agency, Artribune, Latamuda, Masdearte, Input Magazine, ARCO Bloggers, el blog de Colecciones de Arte de la Fundaci\u00f3n MAPFRE, Donde acaba Madrid (fotoblog del peri\u00f3dico El Mundo), Streaming Egos (blog del Goethe Institut), LABlog (blog de LABoral), NYR, Ensayos Absolut by PAC, Absolut Network, in-LAN.com o Enfocarte.com entre muchos otros.","sameAs":["http:\/\/nicolamariani.es\/","https:\/\/www.facebook.com\/nicolamarianiblog","https:\/\/x.com\/https:\/\/twitter.com\/nicola_mariani"],"url":"https:\/\/vivancoculturadevino.es\/blog\/author\/nicola-mariani\/"}]}},"_links":{"self":[{"href":"https:\/\/vivancoculturadevino.es\/blog\/wp-json\/wp\/v2\/posts\/2649","targetHints":{"allow":["GET"]}}],"collection":[{"href":"https:\/\/vivancoculturadevino.es\/blog\/wp-json\/wp\/v2\/posts"}],"about":[{"href":"https:\/\/vivancoculturadevino.es\/blog\/wp-json\/wp\/v2\/types\/post"}],"author":[{"embeddable":true,"href":"https:\/\/vivancoculturadevino.es\/blog\/wp-json\/wp\/v2\/users\/4"}],"replies":[{"embeddable":true,"href":"https:\/\/vivancoculturadevino.es\/blog\/wp-json\/wp\/v2\/comments?post=2649"}],"version-history":[{"count":5,"href":"https:\/\/vivancoculturadevino.es\/blog\/wp-json\/wp\/v2\/posts\/2649\/revisions"}],"predecessor-version":[{"id":2660,"href":"https:\/\/vivancoculturadevino.es\/blog\/wp-json\/wp\/v2\/posts\/2649\/revisions\/2660"}],"wp:featuredmedia":[{"embeddable":true,"href":"https:\/\/vivancoculturadevino.es\/blog\/wp-json\/wp\/v2\/media\/2652"}],"wp:attachment":[{"href":"https:\/\/vivancoculturadevino.es\/blog\/wp-json\/wp\/v2\/media?parent=2649"}],"wp:term":[{"taxonomy":"category","embeddable":true,"href":"https:\/\/vivancoculturadevino.es\/blog\/wp-json\/wp\/v2\/categories?post=2649"},{"taxonomy":"post_tag","embeddable":true,"href":"https:\/\/vivancoculturadevino.es\/blog\/wp-json\/wp\/v2\/tags?post=2649"}],"curies":[{"name":"wp","href":"https:\/\/api.w.org\/{rel}","templated":true}]}}