{"id":2575,"date":"2016-09-07T15:26:14","date_gmt":"2016-09-07T14:26:14","guid":{"rendered":"http:\/\/vivancoculturadevino.es\/blog\/?p=2575"},"modified":"2016-09-07T15:57:24","modified_gmt":"2016-09-07T14:57:24","slug":"abrimos-puertas-centro-documentacion-vino-exposicion-vivanco-pensando-en-vino","status":"publish","type":"post","link":"https:\/\/vivancoculturadevino.es\/blog\/2016\/09\/07\/abrimos-puertas-centro-documentacion-vino-exposicion-vivanco-pensando-en-vino\/","title":{"rendered":"Abrimos las puertas del Centro de Documentaci\u00f3n del Vino Vivanco con la exposici\u00f3n <em>Vivanco, pensando en vino: 40 a\u00f1os de Coleccionismo<\/em>"},"content":{"rendered":"<p>El vino, esa bebida universal como atestiguan ilustres personalidades.<\/p>\n<p><em><strong>\u201cIn vino veritas\u201d<\/strong><\/em> (\u201cEn el vino est\u00e1 la verdad\u201d). Plinio \u201cel Viejo\u201d.<br \/>\n<em><strong>\u201cUn buen vino es como una buena pel\u00edcula: dura un instante y te deja en la boca un sabor a gloria; es nuevo en cada sorbo y, como ocurre con las pel\u00edculas, nace y renace en cada saboreador\u201d<\/strong><\/em>. Federico Fellini.<br \/>\n<em><strong>\u201cHay m\u00e1s filosof\u00eda y sabidur\u00eda en una botella de vino, que en todos los libros\u201d<\/strong><\/em>. Louis Pasteur.<br \/>\n<em><strong>\u201cDonde no hay vino no hay amor\u201d<\/strong><\/em>. Eur\u00edpides.<br \/>\n<em><strong>\u201cEl vino es la \u00fanica obra de arte que se puede beber\u201d<\/strong><\/em>. Luis Fernando Olaverri.<\/p>\n<p>Devolver al vino todo lo que el vino nos ha dado. Esta es la premisa que ha inspirado los m\u00e1s de 40 a\u00f1os de coleccionismo que desde Vivanco se ha llevado a cabo, con el fin de hacer part\u00edcipe a todos de la huella del vino a trav\u00e9s del tiempo, a trav\u00e9s de las distintas disciplinas art\u00edsticas, de diferentes objetos cotidianos; una huella imborrable que ha perdurado hasta nuestros d\u00edas como vamos a poder ver en esta magn\u00edfica muestra.<\/p>\n<p>\u00a1Acomp\u00e1\u00f1anos!<\/p>\n<p><a href=\"http:\/\/vivancoculturadevino.es\/blog\/wp-content\/uploads\/2016\/09\/vivanco-centro-documentacion-1024x512.jpg\"><img fetchpriority=\"high\" decoding=\"async\" width=\"1024\" height=\"512\" class=\"aligncenter size-full wp-image-2584\" src=\"\/\/vivancoculturadevino.es\/blog\/wp-content\/uploads\/2016\/09\/vivanco-centro-documentacion-1024x512.jpg\" alt=\"vivanco-centro-documentacion-1024x512\" srcset=\"https:\/\/vivancoculturadevino.es\/blog\/wp-content\/uploads\/2016\/09\/vivanco-centro-documentacion-1024x512.jpg 1024w, https:\/\/vivancoculturadevino.es\/blog\/wp-content\/uploads\/2016\/09\/vivanco-centro-documentacion-1024x512-300x150.jpg 300w, https:\/\/vivancoculturadevino.es\/blog\/wp-content\/uploads\/2016\/09\/vivanco-centro-documentacion-1024x512-620x310.jpg 620w\" sizes=\"(max-width: 1024px) 100vw, 1024px\" \/><\/a><\/p>\n<h2>La exposici\u00f3n<\/h2>\n<p>Para esta ocasi\u00f3n se han seleccionado <strong>67 fondos documentales muy heterog\u00e9neos<\/strong> que van desde el siglo XV hasta la actualidad de entre las m\u00e1s de 9.000 monograf\u00edas, 10.000 fotograf\u00edas, 6.000 postales, la Colecci\u00f3n de Filatelia y ExLibris\u2026 que se atesoran en los fondos propios del Centro de Documentaci\u00f3n del Vino Vivanco, el m\u00e1s importante a nivel mundial y que hace un recorrido por los 8.000 a\u00f1os de la historia a trav\u00e9s del vino.<\/p>\n<p><em>Incunables, manuscritos originales de Pablo Neruda o Louis Pasteur, postales, fondos de barrica, carteles publicitarios de Alphonse Mucha, fotograf\u00edas de Cartier-Bresson, sellos, billetes, la minuta de la cena de la primera botadura del Titanic, telegramas, documentos de embarque, documentos sonoros, la colecci\u00f3n Ef\u00edmera<\/em>\u2026entre otras obras de las que una gran mayor\u00eda <strong>se exponen al p\u00fablico por primera vez<\/strong>, haciendo que esta sea una oportunidad \u00fanica para poder verlas.<\/p>\n<p>Esta exposici\u00f3n sin parang\u00f3n puede disfrutarse desde el 29 de abril <strong>hasta la primavera del 2017<\/strong>. \u00a1No puedes perd\u00e9rtela!<\/p>\n<p>&nbsp;<\/p>\n<h2>La multidisciplinariedad del Vino en el arte<\/h2>\n<p>Es innegable la importancia y la presencia del vino a lo largo de la historia y su destacado papel en la historia del arte como vamos a ver a continuaci\u00f3n y como podremos disfrutar en esta muestra.<\/p>\n<p>&nbsp;<\/p>\n<h3>El Vino en la Literatura<\/h3>\n<p>La invenci\u00f3n de la Imprenta (1453) de la mano de Johannes Gutenberg supuso un punto de inflexi\u00f3n en la historia y todo un avance en la reproducci\u00f3n de textos e im\u00e1genes. Resulta curioso que para este invento lo que hizo <strong>Gutenberg fue una adaptaci\u00f3n de las prensas que se utilizaban para exprimir el jugo del racimo de uva en la elaboraci\u00f3n del vino.<\/strong><\/p>\n<p>&#8211; La exposici\u00f3n arranca con <strong>2 magn\u00edficos incunables<\/strong> (libros impresos con tipos m\u00f3viles): <em>\u201cDe Conservatione Sanitatis&#8221;<\/em> con su encuadernaci\u00f3n original de 1491 y <em>\u201cDe Re Rustica de Columella\u201d<\/em> (1499).<\/p>\n<p>&#8211; Tambi\u00e9n podremos encontrar un ejemplar de la <em>\u201cHistoria Natural\u201d<\/em> de <strong>Plinio el Viejo<\/strong> (1624).<\/p>\n<p>&#8211; Una carta manuscrita del gran <strong>Louis Pasteur<\/strong>, padre de la microbiolog\u00eda al que le debemos el descubrimiento del procedimiento de la vacunaci\u00f3n que ha salvado tantas vidas, los antibi\u00f3ticos, la esterilizaci\u00f3n, la pasteurizaci\u00f3n, demostrando que todo proceso de fermentaci\u00f3n y descomposici\u00f3n org\u00e1nica se debe a la acci\u00f3n de organismos vivos, algo que result\u00f3 crucial en el mundo del vino porque va a permitir que el mosto se convierta en vino.<\/p>\n<p>&#8211; Esta carta manuscrita de Louis Pasteur comparte escenario con una de las joyas de esta exposici\u00f3n, el <strong>manuscrito original autografiado de la <a href=\"http:\/\/vivancoculturadevino.es\/blog\/2016\/06\/22\/pablo-neruda-celebra-nobleza-vino-vivanco\/\">\u201c<em>Oda al Vino<\/em>\u201d que escribi\u00f3 el gran Pablo Neruda<\/a><\/strong>. Se trata de una obra fechada en Isla Negra en 1953 compuesta por 8 hojas tama\u00f1o folio (315mm por 220mm) escritas \u00edntegramente a mano y en color verde como era habitual en el poeta. Se acompa\u00f1a de una fotograf\u00eda del poeta.<\/p>\n<blockquote><p>Vino color de d\u00eda,<br \/>\nvino color de noche,<br \/>\nvino con pies de p\u00farpura<br \/>\no sangre topacio,<br \/>\nvino,<br \/>\nestrellado hijo<br \/>\nde la tierra\u2026<\/p><\/blockquote>\n<p>As\u00ed comienza una de las composiciones m\u00e1s bonitas que se le han dedicado al vino y que casi podr\u00e1s saborear in situ:<\/p>\n<p>Pablo Neruda, 1954. <em>Oda al vino<\/em>, perteneciente a <em>Odas Elementales.<\/em><\/p>\n<p><a href=\"http:\/\/vivancoculturadevino.es\/blog\/wp-content\/uploads\/2016\/06\/oda-a-neruda-1.jpg\"><img decoding=\"async\" width=\"1271\" height=\"1743\" class=\"aligncenter size-full wp-image-2288\" src=\"\/\/vivancoculturadevino.es\/blog\/wp-content\/uploads\/2016\/06\/oda-a-neruda-1.jpg\" alt=\"oda-al-vino-neruda-1\" srcset=\"https:\/\/vivancoculturadevino.es\/blog\/wp-content\/uploads\/2016\/06\/oda-a-neruda-1.jpg 1271w, https:\/\/vivancoculturadevino.es\/blog\/wp-content\/uploads\/2016\/06\/oda-a-neruda-1-219x300.jpg 219w, https:\/\/vivancoculturadevino.es\/blog\/wp-content\/uploads\/2016\/06\/oda-a-neruda-1-747x1024.jpg 747w\" sizes=\"(max-width: 1271px) 100vw, 1271px\" \/><\/a><\/p>\n<h3>El Vino en la Pintura<\/h3>\n<p>Menci\u00f3n especial y aparte merecen las 2 maravillosas <a href=\"http:\/\/vivancoculturadevino.es\/blog\/2016\/07\/20\/alphonse-mucha-alegoria-belleza\/\"><strong>litograf\u00edas en color de Alphonse Mucha<\/strong><\/a>, realizadas a finales del siglo XIX y parte destacada de la colecci\u00f3n de carteles relacionados con el vino de la colecci\u00f3n Vivanco.<\/p>\n<p>Mucha, con su incomparable y propio estilo pict\u00f3rico, fue el creador de carteles m\u00e1s conocido de la <em>Belle \u00c9poque<\/em>. Ambas piezas dispuestas a modo de d\u00edptico atrapan al espectador con su explosi\u00f3n crom\u00e1tica, por la sinuosidad de sus movimientos, por esa atm\u00f3sfera que se crea con solo mirarlos y que rezuman ecos del mundo cl\u00e1sico. La primera pieza, llamada \u201c<em>El Oto\u00f1o<\/em>\u201d (1896) personifica esta estaci\u00f3n de la vendimia y de la producci\u00f3n del vino en el cuerpo de una mujer y pertenece a su destacada serie de \u201cLas Estaciones\u201d. La segunda obra lleva el nombre de \u201c<em>Fruta<\/em>\u201d (1897) y tiene a las uvas como elementos clave de la composici\u00f3n.<\/p>\n<p style=\"text-align: center;\"><a href=\"http:\/\/vivancoculturadevino.es\/blog\/wp-content\/uploads\/2016\/07\/fruit-Mucha-Vivanco.jpg\"><img decoding=\"async\" width=\"554\" height=\"894\" class=\"size-full wp-image-2361 aligncenter\" src=\"\/\/vivancoculturadevino.es\/blog\/wp-content\/uploads\/2016\/07\/fruit-Mucha-Vivanco.jpg\" alt=\"fruit mucha vivanco\" srcset=\"https:\/\/vivancoculturadevino.es\/blog\/wp-content\/uploads\/2016\/07\/fruit-Mucha-Vivanco.jpg 554w, https:\/\/vivancoculturadevino.es\/blog\/wp-content\/uploads\/2016\/07\/fruit-Mucha-Vivanco-186x300.jpg 186w\" sizes=\"(max-width: 554px) 100vw, 554px\" \/><\/a><em>Fruit. Alphonse Mucha. Litograf\u00eda en color, 1897. Museo Vivanco de la Cultura del Vino<\/em><\/p>\n<p>Una colecci\u00f3n particularmente curiosa la conforma la muestra de <strong>Exlibris<\/strong>. Se trata de estampas, etiquetas o sellos, que se colocaban en el reverso o tapa de libros y serv\u00edan para marcar la propiedad e informar sobre el due\u00f1o del ejemplar o la biblioteca a la que pertenec\u00edan las obras. Estas obras estaban inspiradas en motivos vin\u00edcolas y son un nuevo ejemplo de c\u00f3mo el vino se retrata en el arte y la historia, en este caso, bibliogr\u00e1fica.<\/p>\n<p><a href=\"http:\/\/vivancoculturadevino.es\/blog\/wp-content\/uploads\/2016\/09\/exlibris_Norbert-Lippoczy.jpg\"><img loading=\"lazy\" decoding=\"async\" width=\"605\" height=\"865\" class=\"aligncenter size-full wp-image-2590\" src=\"\/\/vivancoculturadevino.es\/blog\/wp-content\/uploads\/2016\/09\/exlibris_Norbert-Lippoczy.jpg\" alt=\"exlibris_Norbert-Lippoczy\" srcset=\"https:\/\/vivancoculturadevino.es\/blog\/wp-content\/uploads\/2016\/09\/exlibris_Norbert-Lippoczy.jpg 605w, https:\/\/vivancoculturadevino.es\/blog\/wp-content\/uploads\/2016\/09\/exlibris_Norbert-Lippoczy-210x300.jpg 210w\" sizes=\"(max-width: 605px) 100vw, 605px\" \/><\/a><\/p>\n<p style=\"text-align: center;\"><em>Exlibris de Norbert Lippoczy. Grabado, 1969. Museo Vivanco de la Cultura del Vino<\/em><\/p>\n<p>&nbsp;<\/p>\n<h3>El Vino en la Fotograf\u00eda<\/h3>\n<p>Entre las fotograf\u00edas de<strong> Alberto Schommer\u00a0o Ouka Leele<\/strong>, tenemos que destacar la obra del que se conoce como el<strong> padre del Fotoperiodismo Henri Cartier-Bresson<\/strong>, que en su \u201c<em>Rue Mouffettard<\/em>\u201d nos regala un instante eterno en blanco y negro en el que podemos ver a un ni\u00f1o portando una\u00a0botella de vino en cada brazo. Resulta complicado no sonre\u00edr mientras observamos la entra\u00f1able escena.<\/p>\n<p><a href=\"http:\/\/vivancoculturadevino.es\/blog\/wp-content\/uploads\/2014\/07\/foto1_anv.jpg\"><img loading=\"lazy\" decoding=\"async\" width=\"780\" height=\"1002\" class=\"aligncenter size-full wp-image-106\" src=\"\/\/vivancoculturadevino.es\/blog\/wp-content\/uploads\/2014\/07\/foto1_anv.jpg\" alt=\"Cartier-Bresson\" srcset=\"https:\/\/vivancoculturadevino.es\/blog\/wp-content\/uploads\/2014\/07\/foto1_anv.jpg 780w, https:\/\/vivancoculturadevino.es\/blog\/wp-content\/uploads\/2014\/07\/foto1_anv-233x300.jpg 233w\" sizes=\"(max-width: 780px) 100vw, 780px\" \/><\/a><\/p>\n<p style=\"text-align: center;\"><em>Rue Mouffettard. Henri Cartier-Bresson. Gelatina de plata\/Revelado qu\u00edmico,\u00a01954. Museo Vivanco de la Cultura del Vino<\/em><\/p>\n<p>&nbsp;<\/p>\n<h3>El Vino en la M\u00fasica<\/h3>\n<p>El vino tambi\u00e9n suena y de ello seremos testigos al disfrutar con las canciones digitalizadas que el Museo Vivanco nos muestra.<\/p>\n<p>&nbsp;<\/p>\n<h3>Curiosidades que tampoco te puedes perder<\/h3>\n<p>&#8211; Colecci\u00f3n de <strong>Contratos de transporte de Mercanc\u00edas<\/strong> (desde el siglo XVII hasta el siglo XX)<\/p>\n<p>&#8211; <strong>Minuta de la cena con motivo de la primera botadura del Titanic<\/strong> (impreso el 31 de mayo de 1911)<\/p>\n<p>El Museo Vivanco con esta exposici\u00f3n Pensando en Vino: 40 a\u00f1os de Coleccionismo, te ofrece un viaje que va m\u00e1s all\u00e1 del espacio y del tiempo, pone ante ti todo un viaje a trav\u00e9s de los sentidos, porque vas a poder ver, o\u00edr, oler, tocar, y casi hasta saborear al aut\u00e9ntico protagonista de esta exhibici\u00f3n capaz de inspirar tanto\u2026el vino, que tanto nos ha dado y al que tanto le debemos.<\/p>\n","protected":false},"excerpt":{"rendered":"<p>Pablo Neruda, Louis Pasteur, Alphonse Mucha, Cartier-Bresson, la minuta de la primera botadura del Titanic. Esto y mucho m\u00e1s en la exposici\u00f3n del Centro de Documentaci\u00f3n de Vivanco<\/p>\n","protected":false},"author":1,"featured_media":2583,"comment_status":"open","ping_status":"open","sticky":false,"template":"","format":"standard","meta":{"footnotes":"","_elementor_edit_mode":"","_elementor_template_type":"","_elementor_data":"","_elementor_page_settings":null,"_elementor_conditions":[]},"categories":[7,2],"tags":[283,30,311,23,269,310,5],"class_list":["post-2575","post","type-post","status-publish","format-standard","has-post-thumbnail","hentry","category-fundacion","category-vivanco","tag-alphonse-maria-mucha","tag-centro-de-documentacion-del-vino","tag-henri-cartier-bresson","tag-museo-vivanco-de-la-cultura-del-vino","tag-pablo-neruda","tag-pasteur","tag-vivanco-2"],"yoast_head":"<!-- This site is optimized with the Yoast SEO plugin v26.8 - https:\/\/yoast.com\/product\/yoast-seo-wordpress\/ -->\n<title>Abrimos las puertas del Centro de Documentaci\u00f3n del Vino Vivanco con la exposici\u00f3n Vivanco, pensando en vino: 40 a\u00f1os de Coleccionismo | Vivanco<\/title>\n<meta name=\"description\" content=\"Pablo Neruda, Louis Pasteur, Alphonse Mucha, Cartier-Bresson, la minuta de la primera botadura del Titanic. Esto y mucho m\u00e1s en la exposici\u00f3n del Centro de Documentaci\u00f3n de Vivanco\" \/>\n<meta name=\"robots\" content=\"index, follow, max-snippet:-1, max-image-preview:large, max-video-preview:-1\" \/>\n<link rel=\"canonical\" href=\"https:\/\/vivancoculturadevino.es\/blog\/2016\/09\/07\/abrimos-puertas-centro-documentacion-vino-exposicion-vivanco-pensando-en-vino\/\" \/>\n<meta property=\"og:locale\" content=\"es_ES\" \/>\n<meta property=\"og:type\" content=\"article\" \/>\n<meta property=\"og:title\" content=\"Abrimos las puertas del Centro de Documentaci\u00f3n del Vino Vivanco con la exposici\u00f3n Vivanco, pensando en vino: 40 a\u00f1os de Coleccionismo | Vivanco\" \/>\n<meta property=\"og:description\" content=\"Pablo Neruda, Louis Pasteur, Alphonse Mucha, Cartier-Bresson, la minuta de la primera botadura del Titanic. Esto y mucho m\u00e1s en la exposici\u00f3n del Centro de Documentaci\u00f3n de Vivanco\" \/>\n<meta property=\"og:url\" content=\"https:\/\/vivancoculturadevino.es\/blog\/2016\/09\/07\/abrimos-puertas-centro-documentacion-vino-exposicion-vivanco-pensando-en-vino\/\" \/>\n<meta property=\"og:site_name\" content=\"Vivanco\" \/>\n<meta property=\"article:author\" content=\"https:\/\/www.facebook.com\/vivancoculturadevino\" \/>\n<meta property=\"article:published_time\" content=\"2016-09-07T14:26:14+00:00\" \/>\n<meta property=\"article:modified_time\" content=\"2016-09-07T14:57:24+00:00\" \/>\n<meta property=\"og:image\" content=\"https:\/\/vivancoculturadevino.es\/blog\/wp-content\/uploads\/2016\/09\/vivanco-centro-documentacion.png\" \/>\n\t<meta property=\"og:image:width\" content=\"615\" \/>\n\t<meta property=\"og:image:height\" content=\"354\" \/>\n\t<meta property=\"og:image:type\" content=\"image\/png\" \/>\n<meta name=\"author\" content=\"Vivanco\" \/>\n<meta name=\"twitter:card\" content=\"summary_large_image\" \/>\n<meta name=\"twitter:creator\" content=\"@https:\/\/twitter.com\/Vivanco_es\" \/>\n<meta name=\"twitter:label1\" content=\"Escrito por\" \/>\n\t<meta name=\"twitter:data1\" content=\"Vivanco\" \/>\n\t<meta name=\"twitter:label2\" content=\"Tiempo de lectura\" \/>\n\t<meta name=\"twitter:data2\" content=\"6 minutos\" \/>\n<script type=\"application\/ld+json\" class=\"yoast-schema-graph\">{\"@context\":\"https:\/\/schema.org\",\"@graph\":[{\"@type\":\"Article\",\"@id\":\"https:\/\/vivancoculturadevino.es\/blog\/2016\/09\/07\/abrimos-puertas-centro-documentacion-vino-exposicion-vivanco-pensando-en-vino\/#article\",\"isPartOf\":{\"@id\":\"https:\/\/vivancoculturadevino.es\/blog\/2016\/09\/07\/abrimos-puertas-centro-documentacion-vino-exposicion-vivanco-pensando-en-vino\/\"},\"author\":{\"name\":\"Vivanco\",\"@id\":\"https:\/\/vivancoculturadevino.es\/blog\/#\/schema\/person\/745931ee54ccbb839d8df0cceb02db4c\"},\"headline\":\"Abrimos las puertas del Centro de Documentaci\u00f3n del Vino Vivanco con la exposici\u00f3n Vivanco, pensando en vino: 40 a\u00f1os de Coleccionismo\",\"datePublished\":\"2016-09-07T14:26:14+00:00\",\"dateModified\":\"2016-09-07T14:57:24+00:00\",\"mainEntityOfPage\":{\"@id\":\"https:\/\/vivancoculturadevino.es\/blog\/2016\/09\/07\/abrimos-puertas-centro-documentacion-vino-exposicion-vivanco-pensando-en-vino\/\"},\"wordCount\":1284,\"commentCount\":1,\"publisher\":{\"@id\":\"https:\/\/vivancoculturadevino.es\/blog\/#organization\"},\"image\":{\"@id\":\"https:\/\/vivancoculturadevino.es\/blog\/2016\/09\/07\/abrimos-puertas-centro-documentacion-vino-exposicion-vivanco-pensando-en-vino\/#primaryimage\"},\"thumbnailUrl\":\"https:\/\/vivancoculturadevino.es\/blog\/wp-content\/uploads\/2016\/09\/vivanco-centro-documentacion.png\",\"keywords\":[\"Alphonse Maria Mucha\",\"centro de documentaci\u00f3n del vino\",\"Henri Cartier-Bresson\",\"museo vivanco de la cultura del vino\",\"pablo neruda\",\"Pasteur\",\"vivanco\"],\"articleSection\":[\"Cultura\",\"Vivanco\"],\"inLanguage\":\"es\",\"potentialAction\":[{\"@type\":\"CommentAction\",\"name\":\"Comment\",\"target\":[\"https:\/\/vivancoculturadevino.es\/blog\/2016\/09\/07\/abrimos-puertas-centro-documentacion-vino-exposicion-vivanco-pensando-en-vino\/#respond\"]}]},{\"@type\":\"WebPage\",\"@id\":\"https:\/\/vivancoculturadevino.es\/blog\/2016\/09\/07\/abrimos-puertas-centro-documentacion-vino-exposicion-vivanco-pensando-en-vino\/\",\"url\":\"https:\/\/vivancoculturadevino.es\/blog\/2016\/09\/07\/abrimos-puertas-centro-documentacion-vino-exposicion-vivanco-pensando-en-vino\/\",\"name\":\"Abrimos las puertas del Centro de Documentaci\u00f3n del Vino Vivanco con la exposici\u00f3n Vivanco, pensando en vino: 40 a\u00f1os de Coleccionismo | Vivanco\",\"isPartOf\":{\"@id\":\"https:\/\/vivancoculturadevino.es\/blog\/#website\"},\"primaryImageOfPage\":{\"@id\":\"https:\/\/vivancoculturadevino.es\/blog\/2016\/09\/07\/abrimos-puertas-centro-documentacion-vino-exposicion-vivanco-pensando-en-vino\/#primaryimage\"},\"image\":{\"@id\":\"https:\/\/vivancoculturadevino.es\/blog\/2016\/09\/07\/abrimos-puertas-centro-documentacion-vino-exposicion-vivanco-pensando-en-vino\/#primaryimage\"},\"thumbnailUrl\":\"https:\/\/vivancoculturadevino.es\/blog\/wp-content\/uploads\/2016\/09\/vivanco-centro-documentacion.png\",\"datePublished\":\"2016-09-07T14:26:14+00:00\",\"dateModified\":\"2016-09-07T14:57:24+00:00\",\"description\":\"Pablo Neruda, Louis Pasteur, Alphonse Mucha, Cartier-Bresson, la minuta de la primera botadura del Titanic. Esto y mucho m\u00e1s en la exposici\u00f3n del Centro de Documentaci\u00f3n de Vivanco\",\"breadcrumb\":{\"@id\":\"https:\/\/vivancoculturadevino.es\/blog\/2016\/09\/07\/abrimos-puertas-centro-documentacion-vino-exposicion-vivanco-pensando-en-vino\/#breadcrumb\"},\"inLanguage\":\"es\",\"potentialAction\":[{\"@type\":\"ReadAction\",\"target\":[\"https:\/\/vivancoculturadevino.es\/blog\/2016\/09\/07\/abrimos-puertas-centro-documentacion-vino-exposicion-vivanco-pensando-en-vino\/\"]}]},{\"@type\":\"ImageObject\",\"inLanguage\":\"es\",\"@id\":\"https:\/\/vivancoculturadevino.es\/blog\/2016\/09\/07\/abrimos-puertas-centro-documentacion-vino-exposicion-vivanco-pensando-en-vino\/#primaryimage\",\"url\":\"https:\/\/vivancoculturadevino.es\/blog\/wp-content\/uploads\/2016\/09\/vivanco-centro-documentacion.png\",\"contentUrl\":\"https:\/\/vivancoculturadevino.es\/blog\/wp-content\/uploads\/2016\/09\/vivanco-centro-documentacion.png\",\"width\":615,\"height\":354,\"caption\":\"vivanco-centro-documentacion\"},{\"@type\":\"BreadcrumbList\",\"@id\":\"https:\/\/vivancoculturadevino.es\/blog\/2016\/09\/07\/abrimos-puertas-centro-documentacion-vino-exposicion-vivanco-pensando-en-vino\/#breadcrumb\",\"itemListElement\":[{\"@type\":\"ListItem\",\"position\":1,\"name\":\"Portada\",\"item\":\"https:\/\/vivancoculturadevino.es\/blog\/\"},{\"@type\":\"ListItem\",\"position\":2,\"name\":\"Abrimos las puertas del Centro de Documentaci\u00f3n del Vino Vivanco con la exposici\u00f3n Vivanco, pensando en vino: 40 a\u00f1os de Coleccionismo\"}]},{\"@type\":\"WebSite\",\"@id\":\"https:\/\/vivancoculturadevino.es\/blog\/#website\",\"url\":\"https:\/\/vivancoculturadevino.es\/blog\/\",\"name\":\"Vivanco\",\"description\":\"Una familia y una pasi\u00f3n: Compartir la cultura del vino\",\"publisher\":{\"@id\":\"https:\/\/vivancoculturadevino.es\/blog\/#organization\"},\"potentialAction\":[{\"@type\":\"SearchAction\",\"target\":{\"@type\":\"EntryPoint\",\"urlTemplate\":\"https:\/\/vivancoculturadevino.es\/blog\/?s={search_term_string}\"},\"query-input\":{\"@type\":\"PropertyValueSpecification\",\"valueRequired\":true,\"valueName\":\"search_term_string\"}}],\"inLanguage\":\"es\"},{\"@type\":\"Organization\",\"@id\":\"https:\/\/vivancoculturadevino.es\/blog\/#organization\",\"name\":\"Vivanco\",\"url\":\"https:\/\/vivancoculturadevino.es\/blog\/\",\"logo\":{\"@type\":\"ImageObject\",\"inLanguage\":\"es\",\"@id\":\"https:\/\/vivancoculturadevino.es\/blog\/#\/schema\/logo\/image\/\",\"url\":\"https:\/\/vivancoculturadevino.es\/blog\/wp-content\/uploads\/2026\/01\/Logo-blanco.svg\",\"contentUrl\":\"https:\/\/vivancoculturadevino.es\/blog\/wp-content\/uploads\/2026\/01\/Logo-blanco.svg\",\"width\":134,\"height\":43,\"caption\":\"Vivanco\"},\"image\":{\"@id\":\"https:\/\/vivancoculturadevino.es\/blog\/#\/schema\/logo\/image\/\"}},{\"@type\":\"Person\",\"@id\":\"https:\/\/vivancoculturadevino.es\/blog\/#\/schema\/person\/745931ee54ccbb839d8df0cceb02db4c\",\"name\":\"Vivanco\",\"image\":{\"@type\":\"ImageObject\",\"inLanguage\":\"es\",\"@id\":\"https:\/\/vivancoculturadevino.es\/blog\/#\/schema\/person\/image\/\",\"url\":\"https:\/\/secure.gravatar.com\/avatar\/61b66c59d132db2f7ad4dfd1cc89bbd508b4d5888ab39ddba99f2aca247b7fb3?s=96&d=mm&r=g\",\"contentUrl\":\"https:\/\/secure.gravatar.com\/avatar\/61b66c59d132db2f7ad4dfd1cc89bbd508b4d5888ab39ddba99f2aca247b7fb3?s=96&d=mm&r=g\",\"caption\":\"Vivanco\"},\"description\":\"Bodega, Fundaci\u00f3n, Experiencias. Compartiendo Cultura de Vino\",\"sameAs\":[\"http:\/\/www.vivancoculturadevino.es\",\"https:\/\/www.facebook.com\/vivancoculturadevino\",\"https:\/\/x.com\/https:\/\/twitter.com\/Vivanco_es\",\"https:\/\/www.youtube.com\/channel\/UC8a2nOiF7kAQNPPduAi2Evw\/videos\"],\"url\":\"https:\/\/vivancoculturadevino.es\/blog\/author\/administrator\/\"}]}<\/script>\n<!-- \/ Yoast SEO plugin. -->","yoast_head_json":{"title":"Abrimos las puertas del Centro de Documentaci\u00f3n del Vino Vivanco con la exposici\u00f3n Vivanco, pensando en vino: 40 a\u00f1os de Coleccionismo | Vivanco","description":"Pablo Neruda, Louis Pasteur, Alphonse Mucha, Cartier-Bresson, la minuta de la primera botadura del Titanic. Esto y mucho m\u00e1s en la exposici\u00f3n del Centro de Documentaci\u00f3n de Vivanco","robots":{"index":"index","follow":"follow","max-snippet":"max-snippet:-1","max-image-preview":"max-image-preview:large","max-video-preview":"max-video-preview:-1"},"canonical":"https:\/\/vivancoculturadevino.es\/blog\/2016\/09\/07\/abrimos-puertas-centro-documentacion-vino-exposicion-vivanco-pensando-en-vino\/","og_locale":"es_ES","og_type":"article","og_title":"Abrimos las puertas del Centro de Documentaci\u00f3n del Vino Vivanco con la exposici\u00f3n Vivanco, pensando en vino: 40 a\u00f1os de Coleccionismo | Vivanco","og_description":"Pablo Neruda, Louis Pasteur, Alphonse Mucha, Cartier-Bresson, la minuta de la primera botadura del Titanic. Esto y mucho m\u00e1s en la exposici\u00f3n del Centro de Documentaci\u00f3n de Vivanco","og_url":"https:\/\/vivancoculturadevino.es\/blog\/2016\/09\/07\/abrimos-puertas-centro-documentacion-vino-exposicion-vivanco-pensando-en-vino\/","og_site_name":"Vivanco","article_author":"https:\/\/www.facebook.com\/vivancoculturadevino","article_published_time":"2016-09-07T14:26:14+00:00","article_modified_time":"2016-09-07T14:57:24+00:00","og_image":[{"width":615,"height":354,"url":"https:\/\/vivancoculturadevino.es\/blog\/wp-content\/uploads\/2016\/09\/vivanco-centro-documentacion.png","type":"image\/png"}],"author":"Vivanco","twitter_card":"summary_large_image","twitter_creator":"@https:\/\/twitter.com\/Vivanco_es","twitter_misc":{"Escrito por":"Vivanco","Tiempo de lectura":"6 minutos"},"schema":{"@context":"https:\/\/schema.org","@graph":[{"@type":"Article","@id":"https:\/\/vivancoculturadevino.es\/blog\/2016\/09\/07\/abrimos-puertas-centro-documentacion-vino-exposicion-vivanco-pensando-en-vino\/#article","isPartOf":{"@id":"https:\/\/vivancoculturadevino.es\/blog\/2016\/09\/07\/abrimos-puertas-centro-documentacion-vino-exposicion-vivanco-pensando-en-vino\/"},"author":{"name":"Vivanco","@id":"https:\/\/vivancoculturadevino.es\/blog\/#\/schema\/person\/745931ee54ccbb839d8df0cceb02db4c"},"headline":"Abrimos las puertas del Centro de Documentaci\u00f3n del Vino Vivanco con la exposici\u00f3n Vivanco, pensando en vino: 40 a\u00f1os de Coleccionismo","datePublished":"2016-09-07T14:26:14+00:00","dateModified":"2016-09-07T14:57:24+00:00","mainEntityOfPage":{"@id":"https:\/\/vivancoculturadevino.es\/blog\/2016\/09\/07\/abrimos-puertas-centro-documentacion-vino-exposicion-vivanco-pensando-en-vino\/"},"wordCount":1284,"commentCount":1,"publisher":{"@id":"https:\/\/vivancoculturadevino.es\/blog\/#organization"},"image":{"@id":"https:\/\/vivancoculturadevino.es\/blog\/2016\/09\/07\/abrimos-puertas-centro-documentacion-vino-exposicion-vivanco-pensando-en-vino\/#primaryimage"},"thumbnailUrl":"https:\/\/vivancoculturadevino.es\/blog\/wp-content\/uploads\/2016\/09\/vivanco-centro-documentacion.png","keywords":["Alphonse Maria Mucha","centro de documentaci\u00f3n del vino","Henri Cartier-Bresson","museo vivanco de la cultura del vino","pablo neruda","Pasteur","vivanco"],"articleSection":["Cultura","Vivanco"],"inLanguage":"es","potentialAction":[{"@type":"CommentAction","name":"Comment","target":["https:\/\/vivancoculturadevino.es\/blog\/2016\/09\/07\/abrimos-puertas-centro-documentacion-vino-exposicion-vivanco-pensando-en-vino\/#respond"]}]},{"@type":"WebPage","@id":"https:\/\/vivancoculturadevino.es\/blog\/2016\/09\/07\/abrimos-puertas-centro-documentacion-vino-exposicion-vivanco-pensando-en-vino\/","url":"https:\/\/vivancoculturadevino.es\/blog\/2016\/09\/07\/abrimos-puertas-centro-documentacion-vino-exposicion-vivanco-pensando-en-vino\/","name":"Abrimos las puertas del Centro de Documentaci\u00f3n del Vino Vivanco con la exposici\u00f3n Vivanco, pensando en vino: 40 a\u00f1os de Coleccionismo | Vivanco","isPartOf":{"@id":"https:\/\/vivancoculturadevino.es\/blog\/#website"},"primaryImageOfPage":{"@id":"https:\/\/vivancoculturadevino.es\/blog\/2016\/09\/07\/abrimos-puertas-centro-documentacion-vino-exposicion-vivanco-pensando-en-vino\/#primaryimage"},"image":{"@id":"https:\/\/vivancoculturadevino.es\/blog\/2016\/09\/07\/abrimos-puertas-centro-documentacion-vino-exposicion-vivanco-pensando-en-vino\/#primaryimage"},"thumbnailUrl":"https:\/\/vivancoculturadevino.es\/blog\/wp-content\/uploads\/2016\/09\/vivanco-centro-documentacion.png","datePublished":"2016-09-07T14:26:14+00:00","dateModified":"2016-09-07T14:57:24+00:00","description":"Pablo Neruda, Louis Pasteur, Alphonse Mucha, Cartier-Bresson, la minuta de la primera botadura del Titanic. Esto y mucho m\u00e1s en la exposici\u00f3n del Centro de Documentaci\u00f3n de Vivanco","breadcrumb":{"@id":"https:\/\/vivancoculturadevino.es\/blog\/2016\/09\/07\/abrimos-puertas-centro-documentacion-vino-exposicion-vivanco-pensando-en-vino\/#breadcrumb"},"inLanguage":"es","potentialAction":[{"@type":"ReadAction","target":["https:\/\/vivancoculturadevino.es\/blog\/2016\/09\/07\/abrimos-puertas-centro-documentacion-vino-exposicion-vivanco-pensando-en-vino\/"]}]},{"@type":"ImageObject","inLanguage":"es","@id":"https:\/\/vivancoculturadevino.es\/blog\/2016\/09\/07\/abrimos-puertas-centro-documentacion-vino-exposicion-vivanco-pensando-en-vino\/#primaryimage","url":"https:\/\/vivancoculturadevino.es\/blog\/wp-content\/uploads\/2016\/09\/vivanco-centro-documentacion.png","contentUrl":"https:\/\/vivancoculturadevino.es\/blog\/wp-content\/uploads\/2016\/09\/vivanco-centro-documentacion.png","width":615,"height":354,"caption":"vivanco-centro-documentacion"},{"@type":"BreadcrumbList","@id":"https:\/\/vivancoculturadevino.es\/blog\/2016\/09\/07\/abrimos-puertas-centro-documentacion-vino-exposicion-vivanco-pensando-en-vino\/#breadcrumb","itemListElement":[{"@type":"ListItem","position":1,"name":"Portada","item":"https:\/\/vivancoculturadevino.es\/blog\/"},{"@type":"ListItem","position":2,"name":"Abrimos las puertas del Centro de Documentaci\u00f3n del Vino Vivanco con la exposici\u00f3n Vivanco, pensando en vino: 40 a\u00f1os de Coleccionismo"}]},{"@type":"WebSite","@id":"https:\/\/vivancoculturadevino.es\/blog\/#website","url":"https:\/\/vivancoculturadevino.es\/blog\/","name":"Vivanco","description":"Una familia y una pasi\u00f3n: Compartir la cultura del vino","publisher":{"@id":"https:\/\/vivancoculturadevino.es\/blog\/#organization"},"potentialAction":[{"@type":"SearchAction","target":{"@type":"EntryPoint","urlTemplate":"https:\/\/vivancoculturadevino.es\/blog\/?s={search_term_string}"},"query-input":{"@type":"PropertyValueSpecification","valueRequired":true,"valueName":"search_term_string"}}],"inLanguage":"es"},{"@type":"Organization","@id":"https:\/\/vivancoculturadevino.es\/blog\/#organization","name":"Vivanco","url":"https:\/\/vivancoculturadevino.es\/blog\/","logo":{"@type":"ImageObject","inLanguage":"es","@id":"https:\/\/vivancoculturadevino.es\/blog\/#\/schema\/logo\/image\/","url":"https:\/\/vivancoculturadevino.es\/blog\/wp-content\/uploads\/2026\/01\/Logo-blanco.svg","contentUrl":"https:\/\/vivancoculturadevino.es\/blog\/wp-content\/uploads\/2026\/01\/Logo-blanco.svg","width":134,"height":43,"caption":"Vivanco"},"image":{"@id":"https:\/\/vivancoculturadevino.es\/blog\/#\/schema\/logo\/image\/"}},{"@type":"Person","@id":"https:\/\/vivancoculturadevino.es\/blog\/#\/schema\/person\/745931ee54ccbb839d8df0cceb02db4c","name":"Vivanco","image":{"@type":"ImageObject","inLanguage":"es","@id":"https:\/\/vivancoculturadevino.es\/blog\/#\/schema\/person\/image\/","url":"https:\/\/secure.gravatar.com\/avatar\/61b66c59d132db2f7ad4dfd1cc89bbd508b4d5888ab39ddba99f2aca247b7fb3?s=96&d=mm&r=g","contentUrl":"https:\/\/secure.gravatar.com\/avatar\/61b66c59d132db2f7ad4dfd1cc89bbd508b4d5888ab39ddba99f2aca247b7fb3?s=96&d=mm&r=g","caption":"Vivanco"},"description":"Bodega, Fundaci\u00f3n, Experiencias. Compartiendo Cultura de Vino","sameAs":["http:\/\/www.vivancoculturadevino.es","https:\/\/www.facebook.com\/vivancoculturadevino","https:\/\/x.com\/https:\/\/twitter.com\/Vivanco_es","https:\/\/www.youtube.com\/channel\/UC8a2nOiF7kAQNPPduAi2Evw\/videos"],"url":"https:\/\/vivancoculturadevino.es\/blog\/author\/administrator\/"}]}},"_links":{"self":[{"href":"https:\/\/vivancoculturadevino.es\/blog\/wp-json\/wp\/v2\/posts\/2575","targetHints":{"allow":["GET"]}}],"collection":[{"href":"https:\/\/vivancoculturadevino.es\/blog\/wp-json\/wp\/v2\/posts"}],"about":[{"href":"https:\/\/vivancoculturadevino.es\/blog\/wp-json\/wp\/v2\/types\/post"}],"author":[{"embeddable":true,"href":"https:\/\/vivancoculturadevino.es\/blog\/wp-json\/wp\/v2\/users\/1"}],"replies":[{"embeddable":true,"href":"https:\/\/vivancoculturadevino.es\/blog\/wp-json\/wp\/v2\/comments?post=2575"}],"version-history":[{"count":19,"href":"https:\/\/vivancoculturadevino.es\/blog\/wp-json\/wp\/v2\/posts\/2575\/revisions"}],"predecessor-version":[{"id":2597,"href":"https:\/\/vivancoculturadevino.es\/blog\/wp-json\/wp\/v2\/posts\/2575\/revisions\/2597"}],"wp:featuredmedia":[{"embeddable":true,"href":"https:\/\/vivancoculturadevino.es\/blog\/wp-json\/wp\/v2\/media\/2583"}],"wp:attachment":[{"href":"https:\/\/vivancoculturadevino.es\/blog\/wp-json\/wp\/v2\/media?parent=2575"}],"wp:term":[{"taxonomy":"category","embeddable":true,"href":"https:\/\/vivancoculturadevino.es\/blog\/wp-json\/wp\/v2\/categories?post=2575"},{"taxonomy":"post_tag","embeddable":true,"href":"https:\/\/vivancoculturadevino.es\/blog\/wp-json\/wp\/v2\/tags?post=2575"}],"curies":[{"name":"wp","href":"https:\/\/api.w.org\/{rel}","templated":true}]}}