{"id":2484,"date":"2016-08-22T09:08:16","date_gmt":"2016-08-22T08:08:16","guid":{"rendered":"http:\/\/vivancoculturadevino.es\/blog\/?p=2484"},"modified":"2016-11-11T14:41:51","modified_gmt":"2016-11-11T13:41:51","slug":"todos-el-vino-argentino-para-el-papa-francisco","status":"publish","type":"post","link":"https:\/\/vivancoculturadevino.es\/blog\/2016\/08\/22\/todos-el-vino-argentino-para-el-papa-francisco\/","title":{"rendered":"\u2018TODOS\u2019, el vino argentino para el Papa Francisco"},"content":{"rendered":"<p>\u2018<em><strong>Todos<\/strong><\/em>\u2019, as\u00ed se llama el vino argentino que se ha elaborado para Su Santidad el <strong>Papa Francisco<\/strong>. Gracias a este nuevo vino, por primera vez en la historia se utilizar\u00e1 un vino argentino durante una consagraci\u00f3n.<\/p>\n<p>El encargado de tan divina labor fue el Instituto Nacional de Tecnolog\u00eda Agropecuaria (INTA), convocando a <strong>productores de todas las provincias vitivin\u00edcolas<\/strong> que no tuvieron reparo en ceder sus uvas para tan particular elaboraci\u00f3n.<\/p>\n<p>Las uvas empleadas son de la <strong>variedad blanca torront\u00e9s riojano y proceden de distintas regiones del pa\u00eds<\/strong> (Salta, Catamarca, San Juan, La Rioja, R\u00edo Negro y Mendoza). Precisamente en esta \u00faltima, Mendoza, se realiz\u00f3 la elaboraci\u00f3n del vino, obteniendo finalmente un vino torrant\u00e9s dulce natural con 13,7% de alcohol y que por supuesto cuenta con la certificaci\u00f3n que lo acredita, aval\u00e1ndolo como vino apto para la misa.<\/p>\n<p>Una vez el vino estuvo listo, el propio Fondo Vitivin\u00edcola Mendoza llev\u00f3 a cabo una convocatoria entre estudios de dise\u00f1o para crear la imagen visual de este vino tan especial. El estudio Boldrini &amp; Ficcardi fue el vencedor, reflejando en una botella transparencia, sencillez, claridad, humildad, cercan\u00eda\u2026a imagen y semejanza de la personalidad del Papa.<\/p>\n<p><a href=\"http:\/\/vivancoculturadevino.es\/blog\/wp-content\/uploads\/2016\/08\/vino-papa-francisco-todos.jpg\"><img fetchpriority=\"high\" decoding=\"async\" width=\"642\" height=\"452\" class=\"aligncenter size-full wp-image-2486\" src=\"\/\/vivancoculturadevino.es\/blog\/wp-content\/uploads\/2016\/08\/vino-papa-francisco-todos.jpg\" alt=\"vino-papa-francisco-todos\" srcset=\"https:\/\/vivancoculturadevino.es\/blog\/wp-content\/uploads\/2016\/08\/vino-papa-francisco-todos.jpg 642w, https:\/\/vivancoculturadevino.es\/blog\/wp-content\/uploads\/2016\/08\/vino-papa-francisco-todos-300x211.jpg 300w\" sizes=\"(max-width: 642px) 100vw, 642px\" \/><\/a><\/p>\n<p>En la contraetiqueta, que hace referencia a la procedencia de las uvas, han incluido un mensaje a sus productores: \u201c<em>Hombres y mujeres que depositan su trabajo y su esperanza en la certeza de que el vino nos une<\/em>\u201d.<\/p>\n<p>La partida resultante, 450 litros, se enviar\u00e1 al Vaticano donde est\u00e1 previsto que el pr\u00f3ximo 16 de octubre sea utilizado por el Papa Francisco, con motivo de la canonizaci\u00f3n del cura argentino Jos\u00e9 Gabriel Brochero (1840-1914) el conocido como \u2018cura gaucho\u2019.<\/p>\n<p>&nbsp;<\/p>\n<h2>Otros vinos dedicados al Papa Francisco<\/h2>\n<p>Antes de \u2018<em><strong>Todos<\/strong><\/em>\u2019, otros vinos argentinos se crearon pensando en el que ser\u00eda el futuro Papa. Algunos ejemplo son:<br \/>\n&#8211; <em>C\u00f3nclave CCLXVI Gran Corte 2010<\/em><br \/>\n&#8211; <em>C\u00f3nclave CCLXVI Reserva Malbec 2012<\/em><br \/>\n&#8211; Las dos primeras etiquetas de la <em>bodega Piccob Banfi<\/em> en Agrelo, Mendoza, en honor al Papa Francisco.<\/p>\n<p>&nbsp;<\/p>\n<h2>El vino y los Papas<\/h2>\n<p>Si echamos la vista atr\u00e1s, se repite una constante a lo largo de toda la Historia y es esa vinculaci\u00f3n entre los Papas y el vino.<\/p>\n<p>El conocido como <em>vino de misa, vino de consagrar o de comuni\u00f3n<\/em> es el que se utiliza en las liturgias cristianas, sobre todo en la misa. Durante el momento de la <strong>consagraci\u00f3n<\/strong>, la doctrina cat\u00f3lica afirma que el vino de misa se convierte realmente en sangre, es lo que se conoce como \u2018<strong><em>transubstanciaci\u00f3n<\/em><\/strong>\u2019 (transformaci\u00f3n de una substancia, el vino, en otra, la sangre de Cristo).<\/p>\n<p><a href=\"http:\/\/vivancoculturadevino.es\/blog\/wp-content\/uploads\/2016\/08\/caliz.jpg\"><img decoding=\"async\" width=\"1280\" height=\"960\" class=\"aligncenter size-full wp-image-2487\" src=\"\/\/vivancoculturadevino.es\/blog\/wp-content\/uploads\/2016\/08\/caliz.jpg\" alt=\"caliz\" srcset=\"https:\/\/vivancoculturadevino.es\/blog\/wp-content\/uploads\/2016\/08\/caliz.jpg 1280w, https:\/\/vivancoculturadevino.es\/blog\/wp-content\/uploads\/2016\/08\/caliz-300x225.jpg 300w, https:\/\/vivancoculturadevino.es\/blog\/wp-content\/uploads\/2016\/08\/caliz-1024x768.jpg 1024w\" sizes=\"(max-width: 1280px) 100vw, 1280px\" \/><\/a><\/p>\n<p>Como reza la Instrucci\u00f3n General del Misal Romano, del a\u00f1o 322, \u201c<em>El vino para la celebraci\u00f3n eucar\u00edstica debe ser del producto de la vid<\/em>\u201d (Cf.Lc 22,18); natural y puro, no mezclado con sustancias extra\u00f1as. Es por eso que normalmente llevan una etiqueta en la que pone \u201c<em>Apto para la Santa Misa<\/em>\u201d y principalmente el vino que emplea la Iglesia Cat\u00f3lica es <strong>blanco<\/strong> (porque mancha menos) y suele ser un vino dulce o licoroso.<\/p>\n<p>Ya <strong>Clemente V<\/strong> (Papa desde 1305 hasta 1314), instal\u00e1ndose en Avignon, dej\u00f3 en Burdeos un vi\u00f1edo y una bodega que despu\u00e9s se convertir\u00eda en un aclamado vino, el <em>Ch\u00e2teau Pape Cl\u00e9ment<\/em>, todav\u00eda vigente.<\/p>\n<p><strong>Gregorio XI<\/strong> (Papa desde 1370 hasta 1378), encargado de restituir el papado en Roma, fue un gran aficionado del <em>Muscat<\/em> (un vino blanco dulce) y se dec\u00eda que nombraba cardenales si recib\u00eda una botella de este vino de regalo.<\/p>\n<p>El <strong>Papa Pablo III Farnesio<\/strong> (Papa desde 1534 hasta 1549), en pleno Renacimiento, se hac\u00eda acompa\u00f1ar en todos sus viajes de un experto en vinos, <em>Sante Lancerio<\/em>, ge\u00f3grafo e historiador.<\/p>\n<p>En el siglo XIX, en tiempos del qu\u00edmico franc\u00e9s <em>Angelo Mariani<\/em>, conocido por comercializar un vino llamado <a href=\"http:\/\/vivancoculturadevino.es\/blog\/2015\/11\/27\/unica-campana-publicidad-historia-protagonizada-papa\/\"><strong><em>Vin Mariani<\/em><\/strong><\/a> (un vino de Burdeos tratado con extracto de hoja de coca), contaba entre sus consumidores con el <strong>Papa Le\u00f3n XIII<\/strong> (Papa desde 1878 hasta 1903), quien despu\u00e9s de una audiencia con el qu\u00edmico accedi\u00f3 a ser imagen del Vin Mariani en una campa\u00f1a publicitaria, la \u00fanica en toda la Historia que ha tenido como protagonista a un Papa.<\/p>\n<p><a href=\"http:\/\/vivancoculturadevino.es\/blog\/wp-content\/uploads\/2015\/11\/Papa-Le\u00f3n-XIII-Vino-Mariani1.jpg\"><img decoding=\"async\" width=\"575\" height=\"800\" class=\"aligncenter size-full wp-image-1814\" src=\"\/\/vivancoculturadevino.es\/blog\/wp-content\/uploads\/2015\/11\/Papa-Le\u00f3n-XIII-Vino-Mariani1.jpg\" alt=\"Papa Le\u00f3n XIII - Vino Mariani\" srcset=\"https:\/\/vivancoculturadevino.es\/blog\/wp-content\/uploads\/2015\/11\/Papa-Le\u00f3n-XIII-Vino-Mariani1.jpg 575w, https:\/\/vivancoculturadevino.es\/blog\/wp-content\/uploads\/2015\/11\/Papa-Le\u00f3n-XIII-Vino-Mariani1-216x300.jpg 216w, https:\/\/vivancoculturadevino.es\/blog\/wp-content\/uploads\/2015\/11\/Papa-Le\u00f3n-XIII-Vino-Mariani1-300x417.jpg 300w\" sizes=\"(max-width: 575px) 100vw, 575px\" \/><\/a><\/p>\n<p style=\"text-align: center;\"><em>Publicidad de vino Mariani en la que el Papa Le\u00f3n XIII no dud\u00f3 en participar.<\/em><\/p>\n<p>Como vemos, vino y Papas est\u00e1n intr\u00ednsecamente unidos por naturaleza. El vino en el cristianismo ha hecho posible rituales, milagros y hasta la propia transubstanciaci\u00f3n de la sangre de Cristo en vino.<\/p>\n<p>Qu\u00e9 tendr\u00e1 el vino, que tantas culturas y religiones lo encumbran como bebida sagrada. \u201c<em>El vino alegra el coraz\u00f3n<\/em>\u201d, dicen los salmos; \u201c<em>El vino es vida<\/em>\u201d (\u201c<a href=\"http:\/\/vivancoculturadevino.es\/blog\/2014\/10\/29\/vita-vinum-est\/\"><em>vita vinum est<\/em><\/a>\u201d) aclamaban los romanos. En <a href=\"http:\/\/www.vivancoculturadevino.es\/vivanco\/?tsource=tsCom\">Vivanco<\/a>, conscientes de la nobleza del vino, trabajamos con un prop\u00f3sito com\u00fan: <em><strong>devolver al vino lo que el vino nos ha dado<\/strong><\/em>.<\/p>\n","protected":false},"excerpt":{"rendered":"<p>El vino es un elemento crucial en el rito cristiano. Descubrimos la estrecha relaci\u00f3n del vino y los Papas y presentamos un vino creado para el Papa Francisco<\/p>\n","protected":false},"author":1,"featured_media":2488,"comment_status":"open","ping_status":"open","sticky":false,"template":"","format":"standard","meta":{"footnotes":"","_elementor_edit_mode":"","_elementor_template_type":"","_elementor_data":"","_elementor_page_settings":null,"_elementor_conditions":[]},"categories":[7,8],"tags":[19,293,294,295,4,232,296],"class_list":["post-2484","post","type-post","status-publish","format-standard","has-post-thumbnail","hentry","category-fundacion","category-bodega","tag-cultura-de-vino","tag-iglesia","tag-papa","tag-papa-francisco","tag-vino","tag-vino-blanco","tag-vino-de-misa"],"yoast_head":"<!-- This site is optimized with the Yoast SEO plugin v26.8 - https:\/\/yoast.com\/product\/yoast-seo-wordpress\/ -->\n<title>\u2018TODOS\u2019, el vino argentino para el Papa Francisco | Vivanco<\/title>\n<meta name=\"description\" content=\"El vino es un elemento crucial en el rito cristiano. Descubrimos la estrecha relaci\u00f3n del vino y los Papas y presentamos un vino creado para el Papa Francisco\" \/>\n<meta name=\"robots\" content=\"index, follow, max-snippet:-1, max-image-preview:large, max-video-preview:-1\" \/>\n<link rel=\"canonical\" href=\"https:\/\/vivancoculturadevino.es\/blog\/2016\/08\/22\/todos-el-vino-argentino-para-el-papa-francisco\/\" \/>\n<meta property=\"og:locale\" content=\"es_ES\" \/>\n<meta property=\"og:type\" content=\"article\" \/>\n<meta property=\"og:title\" content=\"\u2018TODOS\u2019, el vino argentino para el Papa Francisco | Vivanco\" \/>\n<meta property=\"og:description\" content=\"El vino es un elemento crucial en el rito cristiano. Descubrimos la estrecha relaci\u00f3n del vino y los Papas y presentamos un vino creado para el Papa Francisco\" \/>\n<meta property=\"og:url\" content=\"https:\/\/vivancoculturadevino.es\/blog\/2016\/08\/22\/todos-el-vino-argentino-para-el-papa-francisco\/\" \/>\n<meta property=\"og:site_name\" content=\"Vivanco\" \/>\n<meta property=\"article:author\" content=\"https:\/\/www.facebook.com\/vivancoculturadevino\" \/>\n<meta property=\"article:published_time\" content=\"2016-08-22T08:08:16+00:00\" \/>\n<meta property=\"article:modified_time\" content=\"2016-11-11T13:41:51+00:00\" \/>\n<meta property=\"og:image\" content=\"http:\/\/vivancoculturadevino.es\/blog\/wp-content\/uploads\/2016\/08\/papa-francisco.png\" \/>\n<meta name=\"author\" content=\"Vivanco\" \/>\n<meta name=\"twitter:card\" content=\"summary_large_image\" \/>\n<meta name=\"twitter:image\" content=\"http:\/\/vivancoculturadevino.es\/blog\/wp-content\/uploads\/2016\/08\/papa-francisco.png\" \/>\n<meta name=\"twitter:creator\" content=\"@https:\/\/twitter.com\/Vivanco_es\" \/>\n<meta name=\"twitter:label1\" content=\"Escrito por\" \/>\n\t<meta name=\"twitter:data1\" content=\"Vivanco\" \/>\n\t<meta name=\"twitter:label2\" content=\"Tiempo de lectura\" \/>\n\t<meta name=\"twitter:data2\" content=\"4 minutos\" \/>\n<script type=\"application\/ld+json\" class=\"yoast-schema-graph\">{\"@context\":\"https:\/\/schema.org\",\"@graph\":[{\"@type\":\"Article\",\"@id\":\"https:\/\/vivancoculturadevino.es\/blog\/2016\/08\/22\/todos-el-vino-argentino-para-el-papa-francisco\/#article\",\"isPartOf\":{\"@id\":\"https:\/\/vivancoculturadevino.es\/blog\/2016\/08\/22\/todos-el-vino-argentino-para-el-papa-francisco\/\"},\"author\":{\"name\":\"Vivanco\",\"@id\":\"https:\/\/vivancoculturadevino.es\/blog\/#\/schema\/person\/745931ee54ccbb839d8df0cceb02db4c\"},\"headline\":\"\u2018TODOS\u2019, el vino argentino para el Papa Francisco\",\"datePublished\":\"2016-08-22T08:08:16+00:00\",\"dateModified\":\"2016-11-11T13:41:51+00:00\",\"mainEntityOfPage\":{\"@id\":\"https:\/\/vivancoculturadevino.es\/blog\/2016\/08\/22\/todos-el-vino-argentino-para-el-papa-francisco\/\"},\"wordCount\":830,\"commentCount\":0,\"publisher\":{\"@id\":\"https:\/\/vivancoculturadevino.es\/blog\/#organization\"},\"image\":{\"@id\":\"https:\/\/vivancoculturadevino.es\/blog\/2016\/08\/22\/todos-el-vino-argentino-para-el-papa-francisco\/#primaryimage\"},\"thumbnailUrl\":\"https:\/\/vivancoculturadevino.es\/blog\/wp-content\/uploads\/2016\/08\/papa-francisco.png\",\"keywords\":[\"cultura de vino\",\"iglesia\",\"papa\",\"Papa Francisco\",\"vino\",\"vino blanco\",\"vino de misa\"],\"articleSection\":[\"Cultura\",\"de Vino\"],\"inLanguage\":\"es\",\"potentialAction\":[{\"@type\":\"CommentAction\",\"name\":\"Comment\",\"target\":[\"https:\/\/vivancoculturadevino.es\/blog\/2016\/08\/22\/todos-el-vino-argentino-para-el-papa-francisco\/#respond\"]}]},{\"@type\":\"WebPage\",\"@id\":\"https:\/\/vivancoculturadevino.es\/blog\/2016\/08\/22\/todos-el-vino-argentino-para-el-papa-francisco\/\",\"url\":\"https:\/\/vivancoculturadevino.es\/blog\/2016\/08\/22\/todos-el-vino-argentino-para-el-papa-francisco\/\",\"name\":\"\u2018TODOS\u2019, el vino argentino para el Papa Francisco | Vivanco\",\"isPartOf\":{\"@id\":\"https:\/\/vivancoculturadevino.es\/blog\/#website\"},\"primaryImageOfPage\":{\"@id\":\"https:\/\/vivancoculturadevino.es\/blog\/2016\/08\/22\/todos-el-vino-argentino-para-el-papa-francisco\/#primaryimage\"},\"image\":{\"@id\":\"https:\/\/vivancoculturadevino.es\/blog\/2016\/08\/22\/todos-el-vino-argentino-para-el-papa-francisco\/#primaryimage\"},\"thumbnailUrl\":\"https:\/\/vivancoculturadevino.es\/blog\/wp-content\/uploads\/2016\/08\/papa-francisco.png\",\"datePublished\":\"2016-08-22T08:08:16+00:00\",\"dateModified\":\"2016-11-11T13:41:51+00:00\",\"description\":\"El vino es un elemento crucial en el rito cristiano. Descubrimos la estrecha relaci\u00f3n del vino y los Papas y presentamos un vino creado para el Papa Francisco\",\"breadcrumb\":{\"@id\":\"https:\/\/vivancoculturadevino.es\/blog\/2016\/08\/22\/todos-el-vino-argentino-para-el-papa-francisco\/#breadcrumb\"},\"inLanguage\":\"es\",\"potentialAction\":[{\"@type\":\"ReadAction\",\"target\":[\"https:\/\/vivancoculturadevino.es\/blog\/2016\/08\/22\/todos-el-vino-argentino-para-el-papa-francisco\/\"]}]},{\"@type\":\"ImageObject\",\"inLanguage\":\"es\",\"@id\":\"https:\/\/vivancoculturadevino.es\/blog\/2016\/08\/22\/todos-el-vino-argentino-para-el-papa-francisco\/#primaryimage\",\"url\":\"https:\/\/vivancoculturadevino.es\/blog\/wp-content\/uploads\/2016\/08\/papa-francisco.png\",\"contentUrl\":\"https:\/\/vivancoculturadevino.es\/blog\/wp-content\/uploads\/2016\/08\/papa-francisco.png\",\"width\":1665,\"height\":2114},{\"@type\":\"BreadcrumbList\",\"@id\":\"https:\/\/vivancoculturadevino.es\/blog\/2016\/08\/22\/todos-el-vino-argentino-para-el-papa-francisco\/#breadcrumb\",\"itemListElement\":[{\"@type\":\"ListItem\",\"position\":1,\"name\":\"Portada\",\"item\":\"https:\/\/vivancoculturadevino.es\/blog\/\"},{\"@type\":\"ListItem\",\"position\":2,\"name\":\"\u2018TODOS\u2019, el vino argentino para el Papa Francisco\"}]},{\"@type\":\"WebSite\",\"@id\":\"https:\/\/vivancoculturadevino.es\/blog\/#website\",\"url\":\"https:\/\/vivancoculturadevino.es\/blog\/\",\"name\":\"Vivanco\",\"description\":\"Una familia y una pasi\u00f3n: Compartir la cultura del vino\",\"publisher\":{\"@id\":\"https:\/\/vivancoculturadevino.es\/blog\/#organization\"},\"potentialAction\":[{\"@type\":\"SearchAction\",\"target\":{\"@type\":\"EntryPoint\",\"urlTemplate\":\"https:\/\/vivancoculturadevino.es\/blog\/?s={search_term_string}\"},\"query-input\":{\"@type\":\"PropertyValueSpecification\",\"valueRequired\":true,\"valueName\":\"search_term_string\"}}],\"inLanguage\":\"es\"},{\"@type\":\"Organization\",\"@id\":\"https:\/\/vivancoculturadevino.es\/blog\/#organization\",\"name\":\"Vivanco\",\"url\":\"https:\/\/vivancoculturadevino.es\/blog\/\",\"logo\":{\"@type\":\"ImageObject\",\"inLanguage\":\"es\",\"@id\":\"https:\/\/vivancoculturadevino.es\/blog\/#\/schema\/logo\/image\/\",\"url\":\"https:\/\/vivancoculturadevino.es\/blog\/wp-content\/uploads\/2026\/01\/Logo-blanco.svg\",\"contentUrl\":\"https:\/\/vivancoculturadevino.es\/blog\/wp-content\/uploads\/2026\/01\/Logo-blanco.svg\",\"width\":134,\"height\":43,\"caption\":\"Vivanco\"},\"image\":{\"@id\":\"https:\/\/vivancoculturadevino.es\/blog\/#\/schema\/logo\/image\/\"}},{\"@type\":\"Person\",\"@id\":\"https:\/\/vivancoculturadevino.es\/blog\/#\/schema\/person\/745931ee54ccbb839d8df0cceb02db4c\",\"name\":\"Vivanco\",\"image\":{\"@type\":\"ImageObject\",\"inLanguage\":\"es\",\"@id\":\"https:\/\/vivancoculturadevino.es\/blog\/#\/schema\/person\/image\/\",\"url\":\"https:\/\/secure.gravatar.com\/avatar\/61b66c59d132db2f7ad4dfd1cc89bbd508b4d5888ab39ddba99f2aca247b7fb3?s=96&d=mm&r=g\",\"contentUrl\":\"https:\/\/secure.gravatar.com\/avatar\/61b66c59d132db2f7ad4dfd1cc89bbd508b4d5888ab39ddba99f2aca247b7fb3?s=96&d=mm&r=g\",\"caption\":\"Vivanco\"},\"description\":\"Bodega, Fundaci\u00f3n, Experiencias. Compartiendo Cultura de Vino\",\"sameAs\":[\"http:\/\/www.vivancoculturadevino.es\",\"https:\/\/www.facebook.com\/vivancoculturadevino\",\"https:\/\/x.com\/https:\/\/twitter.com\/Vivanco_es\",\"https:\/\/www.youtube.com\/channel\/UC8a2nOiF7kAQNPPduAi2Evw\/videos\"],\"url\":\"https:\/\/vivancoculturadevino.es\/blog\/author\/administrator\/\"}]}<\/script>\n<!-- \/ Yoast SEO plugin. -->","yoast_head_json":{"title":"\u2018TODOS\u2019, el vino argentino para el Papa Francisco | Vivanco","description":"El vino es un elemento crucial en el rito cristiano. Descubrimos la estrecha relaci\u00f3n del vino y los Papas y presentamos un vino creado para el Papa Francisco","robots":{"index":"index","follow":"follow","max-snippet":"max-snippet:-1","max-image-preview":"max-image-preview:large","max-video-preview":"max-video-preview:-1"},"canonical":"https:\/\/vivancoculturadevino.es\/blog\/2016\/08\/22\/todos-el-vino-argentino-para-el-papa-francisco\/","og_locale":"es_ES","og_type":"article","og_title":"\u2018TODOS\u2019, el vino argentino para el Papa Francisco | Vivanco","og_description":"El vino es un elemento crucial en el rito cristiano. Descubrimos la estrecha relaci\u00f3n del vino y los Papas y presentamos un vino creado para el Papa Francisco","og_url":"https:\/\/vivancoculturadevino.es\/blog\/2016\/08\/22\/todos-el-vino-argentino-para-el-papa-francisco\/","og_site_name":"Vivanco","article_author":"https:\/\/www.facebook.com\/vivancoculturadevino","article_published_time":"2016-08-22T08:08:16+00:00","article_modified_time":"2016-11-11T13:41:51+00:00","og_image":[{"url":"http:\/\/vivancoculturadevino.es\/blog\/wp-content\/uploads\/2016\/08\/papa-francisco.png","type":"","width":"","height":""}],"author":"Vivanco","twitter_card":"summary_large_image","twitter_image":"http:\/\/vivancoculturadevino.es\/blog\/wp-content\/uploads\/2016\/08\/papa-francisco.png","twitter_creator":"@https:\/\/twitter.com\/Vivanco_es","twitter_misc":{"Escrito por":"Vivanco","Tiempo de lectura":"4 minutos"},"schema":{"@context":"https:\/\/schema.org","@graph":[{"@type":"Article","@id":"https:\/\/vivancoculturadevino.es\/blog\/2016\/08\/22\/todos-el-vino-argentino-para-el-papa-francisco\/#article","isPartOf":{"@id":"https:\/\/vivancoculturadevino.es\/blog\/2016\/08\/22\/todos-el-vino-argentino-para-el-papa-francisco\/"},"author":{"name":"Vivanco","@id":"https:\/\/vivancoculturadevino.es\/blog\/#\/schema\/person\/745931ee54ccbb839d8df0cceb02db4c"},"headline":"\u2018TODOS\u2019, el vino argentino para el Papa Francisco","datePublished":"2016-08-22T08:08:16+00:00","dateModified":"2016-11-11T13:41:51+00:00","mainEntityOfPage":{"@id":"https:\/\/vivancoculturadevino.es\/blog\/2016\/08\/22\/todos-el-vino-argentino-para-el-papa-francisco\/"},"wordCount":830,"commentCount":0,"publisher":{"@id":"https:\/\/vivancoculturadevino.es\/blog\/#organization"},"image":{"@id":"https:\/\/vivancoculturadevino.es\/blog\/2016\/08\/22\/todos-el-vino-argentino-para-el-papa-francisco\/#primaryimage"},"thumbnailUrl":"https:\/\/vivancoculturadevino.es\/blog\/wp-content\/uploads\/2016\/08\/papa-francisco.png","keywords":["cultura de vino","iglesia","papa","Papa Francisco","vino","vino blanco","vino de misa"],"articleSection":["Cultura","de Vino"],"inLanguage":"es","potentialAction":[{"@type":"CommentAction","name":"Comment","target":["https:\/\/vivancoculturadevino.es\/blog\/2016\/08\/22\/todos-el-vino-argentino-para-el-papa-francisco\/#respond"]}]},{"@type":"WebPage","@id":"https:\/\/vivancoculturadevino.es\/blog\/2016\/08\/22\/todos-el-vino-argentino-para-el-papa-francisco\/","url":"https:\/\/vivancoculturadevino.es\/blog\/2016\/08\/22\/todos-el-vino-argentino-para-el-papa-francisco\/","name":"\u2018TODOS\u2019, el vino argentino para el Papa Francisco | Vivanco","isPartOf":{"@id":"https:\/\/vivancoculturadevino.es\/blog\/#website"},"primaryImageOfPage":{"@id":"https:\/\/vivancoculturadevino.es\/blog\/2016\/08\/22\/todos-el-vino-argentino-para-el-papa-francisco\/#primaryimage"},"image":{"@id":"https:\/\/vivancoculturadevino.es\/blog\/2016\/08\/22\/todos-el-vino-argentino-para-el-papa-francisco\/#primaryimage"},"thumbnailUrl":"https:\/\/vivancoculturadevino.es\/blog\/wp-content\/uploads\/2016\/08\/papa-francisco.png","datePublished":"2016-08-22T08:08:16+00:00","dateModified":"2016-11-11T13:41:51+00:00","description":"El vino es un elemento crucial en el rito cristiano. Descubrimos la estrecha relaci\u00f3n del vino y los Papas y presentamos un vino creado para el Papa Francisco","breadcrumb":{"@id":"https:\/\/vivancoculturadevino.es\/blog\/2016\/08\/22\/todos-el-vino-argentino-para-el-papa-francisco\/#breadcrumb"},"inLanguage":"es","potentialAction":[{"@type":"ReadAction","target":["https:\/\/vivancoculturadevino.es\/blog\/2016\/08\/22\/todos-el-vino-argentino-para-el-papa-francisco\/"]}]},{"@type":"ImageObject","inLanguage":"es","@id":"https:\/\/vivancoculturadevino.es\/blog\/2016\/08\/22\/todos-el-vino-argentino-para-el-papa-francisco\/#primaryimage","url":"https:\/\/vivancoculturadevino.es\/blog\/wp-content\/uploads\/2016\/08\/papa-francisco.png","contentUrl":"https:\/\/vivancoculturadevino.es\/blog\/wp-content\/uploads\/2016\/08\/papa-francisco.png","width":1665,"height":2114},{"@type":"BreadcrumbList","@id":"https:\/\/vivancoculturadevino.es\/blog\/2016\/08\/22\/todos-el-vino-argentino-para-el-papa-francisco\/#breadcrumb","itemListElement":[{"@type":"ListItem","position":1,"name":"Portada","item":"https:\/\/vivancoculturadevino.es\/blog\/"},{"@type":"ListItem","position":2,"name":"\u2018TODOS\u2019, el vino argentino para el Papa Francisco"}]},{"@type":"WebSite","@id":"https:\/\/vivancoculturadevino.es\/blog\/#website","url":"https:\/\/vivancoculturadevino.es\/blog\/","name":"Vivanco","description":"Una familia y una pasi\u00f3n: Compartir la cultura del vino","publisher":{"@id":"https:\/\/vivancoculturadevino.es\/blog\/#organization"},"potentialAction":[{"@type":"SearchAction","target":{"@type":"EntryPoint","urlTemplate":"https:\/\/vivancoculturadevino.es\/blog\/?s={search_term_string}"},"query-input":{"@type":"PropertyValueSpecification","valueRequired":true,"valueName":"search_term_string"}}],"inLanguage":"es"},{"@type":"Organization","@id":"https:\/\/vivancoculturadevino.es\/blog\/#organization","name":"Vivanco","url":"https:\/\/vivancoculturadevino.es\/blog\/","logo":{"@type":"ImageObject","inLanguage":"es","@id":"https:\/\/vivancoculturadevino.es\/blog\/#\/schema\/logo\/image\/","url":"https:\/\/vivancoculturadevino.es\/blog\/wp-content\/uploads\/2026\/01\/Logo-blanco.svg","contentUrl":"https:\/\/vivancoculturadevino.es\/blog\/wp-content\/uploads\/2026\/01\/Logo-blanco.svg","width":134,"height":43,"caption":"Vivanco"},"image":{"@id":"https:\/\/vivancoculturadevino.es\/blog\/#\/schema\/logo\/image\/"}},{"@type":"Person","@id":"https:\/\/vivancoculturadevino.es\/blog\/#\/schema\/person\/745931ee54ccbb839d8df0cceb02db4c","name":"Vivanco","image":{"@type":"ImageObject","inLanguage":"es","@id":"https:\/\/vivancoculturadevino.es\/blog\/#\/schema\/person\/image\/","url":"https:\/\/secure.gravatar.com\/avatar\/61b66c59d132db2f7ad4dfd1cc89bbd508b4d5888ab39ddba99f2aca247b7fb3?s=96&d=mm&r=g","contentUrl":"https:\/\/secure.gravatar.com\/avatar\/61b66c59d132db2f7ad4dfd1cc89bbd508b4d5888ab39ddba99f2aca247b7fb3?s=96&d=mm&r=g","caption":"Vivanco"},"description":"Bodega, Fundaci\u00f3n, Experiencias. Compartiendo Cultura de Vino","sameAs":["http:\/\/www.vivancoculturadevino.es","https:\/\/www.facebook.com\/vivancoculturadevino","https:\/\/x.com\/https:\/\/twitter.com\/Vivanco_es","https:\/\/www.youtube.com\/channel\/UC8a2nOiF7kAQNPPduAi2Evw\/videos"],"url":"https:\/\/vivancoculturadevino.es\/blog\/author\/administrator\/"}]}},"_links":{"self":[{"href":"https:\/\/vivancoculturadevino.es\/blog\/wp-json\/wp\/v2\/posts\/2484","targetHints":{"allow":["GET"]}}],"collection":[{"href":"https:\/\/vivancoculturadevino.es\/blog\/wp-json\/wp\/v2\/posts"}],"about":[{"href":"https:\/\/vivancoculturadevino.es\/blog\/wp-json\/wp\/v2\/types\/post"}],"author":[{"embeddable":true,"href":"https:\/\/vivancoculturadevino.es\/blog\/wp-json\/wp\/v2\/users\/1"}],"replies":[{"embeddable":true,"href":"https:\/\/vivancoculturadevino.es\/blog\/wp-json\/wp\/v2\/comments?post=2484"}],"version-history":[{"count":7,"href":"https:\/\/vivancoculturadevino.es\/blog\/wp-json\/wp\/v2\/posts\/2484\/revisions"}],"predecessor-version":[{"id":2776,"href":"https:\/\/vivancoculturadevino.es\/blog\/wp-json\/wp\/v2\/posts\/2484\/revisions\/2776"}],"wp:featuredmedia":[{"embeddable":true,"href":"https:\/\/vivancoculturadevino.es\/blog\/wp-json\/wp\/v2\/media\/2488"}],"wp:attachment":[{"href":"https:\/\/vivancoculturadevino.es\/blog\/wp-json\/wp\/v2\/media?parent=2484"}],"wp:term":[{"taxonomy":"category","embeddable":true,"href":"https:\/\/vivancoculturadevino.es\/blog\/wp-json\/wp\/v2\/categories?post=2484"},{"taxonomy":"post_tag","embeddable":true,"href":"https:\/\/vivancoculturadevino.es\/blog\/wp-json\/wp\/v2\/tags?post=2484"}],"curies":[{"name":"wp","href":"https:\/\/api.w.org\/{rel}","templated":true}]}}