{"id":236,"date":"2014-08-20T13:37:02","date_gmt":"2014-08-20T13:37:02","guid":{"rendered":"http:\/\/vivancoculturadevino.es\/blog\/?p=236"},"modified":"2014-08-22T07:50:26","modified_gmt":"2014-08-22T07:50:26","slug":"visitas-larioja-instagram","status":"publish","type":"post","link":"https:\/\/vivancoculturadevino.es\/blog\/2014\/08\/20\/visitas-larioja-instagram\/","title":{"rendered":"#LaRioja a trav\u00e9s de Instagram"},"content":{"rendered":"<p>Utilizamos la red social Instagram como gu\u00eda tur\u00edstica de urgencia para descubrir cu\u00e1les son los aspectos que m\u00e1s sorprenden a los fot\u00f3grafos an\u00f3nimos de una de las tierras del vino en Espa\u00f1a.<\/p>\n<p>Con esto de la participaci\u00f3n ciudadana en las redes sociales y la democratizaci\u00f3n del hecho fotogr\u00e1fico, tal vez una de las mejores formas de conocer una zona de un pa\u00eds sea teclear en el buscador la etiqueta del lugar elegido. <a title=\"Instagram\" href=\"http:\/\/instagram.com\/\" target=\"_blank\">Instagram<\/a>, ese crisol de miradas an\u00f3nimas permite realizar este peque\u00f1o experimento.<\/p>\n<p>As\u00ed que me dispongo a teclear el hashtag: <strong>#LaRioja<\/strong> en <a title=\"Iconosquare\" href=\"http:\/\/iconosquare.com\/\" target=\"_blank\">Iconosquare <\/a>con el \u00e1nimo de realizar una radiograf\u00eda r\u00e1pida de una de las cunas del <strong>vino<\/strong> en Espa\u00f1a para ver qu\u00e9 me encuentro. \u00bfQu\u00e9 ser\u00e1 lo que m\u00e1s destacan los miles de usuarios que por all\u00ed han pasado? \u00bfQu\u00e9 ser\u00e1 lo que m\u00e1s ha llamado la atenci\u00f3n de las personas que viven o visitan estas tierras? \u00bfC\u00f3mo quedar\u00e1 el puzle de uno de los lugares m\u00e1s interesantes de la geograf\u00eda espa\u00f1ola realizado con las im\u00e1genes de aquellos que se han decidido a visitarla?<\/p>\n<p>M\u00e1s de 45.000 instant\u00e1neas se han compartido en Instagram con la etiqueta #LaRioja. Pero, como en todo experimento, lo primero que advertimos es un peque\u00f1o problema: <strong>Espa\u00f1a y Argentina<\/strong> comparten territorio con el mismo nombre y, como es evidente, poco tienen que ver topogr\u00e1ficamente. As\u00ed que, para afinar m\u00e1s la b\u00fasqueda, me dispongo a elegir el siguiente tag que ofrece Iconosquare. En este caso es <a title=\"La Rioja Apetece\" href=\"http:\/\/iconosquare.com\/tag\/lariojaapetece\/\" target=\"_blank\">#LaRiojaApetece<\/a> -una etiqueta propuesta por los responsables de <strong>turismo<\/strong> de la zona- y aqu\u00ed s\u00ed que encontramos cerca de 4.000 im\u00e1genes que sirven perfectamente de improvisada y muy visual gu\u00eda tur\u00edstica r\u00e1pida.<br \/>\nLa <strong>gastronom\u00eda<\/strong> y el vino, junto con la <strong>naturaleza<\/strong>, son los tres pilares b\u00e1sicos que los usuarios de Instagram destacan de esta comunidad aut\u00f3noma. Elena, responsable de un blog con el usuario <a title=\"Micasaencualquierparte\" href=\"http:\/\/instagram.com\/micasaencualquierparte\" target=\"_blank\">@micasaencualquierparte<\/a>, ha compartido una de las fotos m\u00e1s evocadoras. Nos informa de que uno de sus planes para este verano ser\u00e1 pasear entre vi\u00f1edos a pie y en bicicleta. De hecho, podr\u00edamos decir que los paisajes inundados de vides, las <strong>bodegas<\/strong>, las copas de vino, los pinchos y todo tipo de tentaciones culinarias son las im\u00e1genes que m\u00e1s destacan de la zona.<\/p>\n<p><a href=\"http:\/\/vivancoculturadevino.es\/blog\/wp-content\/uploads\/2014\/08\/micasaencualquierparte.jpg\"><img fetchpriority=\"high\" decoding=\"async\" width=\"640\" height=\"640\" class=\"aligncenter size-full wp-image-237\" alt=\"Foto de La Rioja realizada por la Micasaencualquierparte\" src=\"\/\/vivancoculturadevino.es\/blog\/wp-content\/uploads\/2014\/08\/micasaencualquierparte.jpg\" srcset=\"https:\/\/vivancoculturadevino.es\/blog\/wp-content\/uploads\/2014\/08\/micasaencualquierparte.jpg 640w, https:\/\/vivancoculturadevino.es\/blog\/wp-content\/uploads\/2014\/08\/micasaencualquierparte-150x150.jpg 150w, https:\/\/vivancoculturadevino.es\/blog\/wp-content\/uploads\/2014\/08\/micasaencualquierparte-300x300.jpg 300w, https:\/\/vivancoculturadevino.es\/blog\/wp-content\/uploads\/2014\/08\/micasaencualquierparte-50x50.jpg 50w, https:\/\/vivancoculturadevino.es\/blog\/wp-content\/uploads\/2014\/08\/micasaencualquierparte-186x186.jpg 186w\" sizes=\"(max-width: 640px) 100vw, 640px\" \/><\/a><\/p>\n<p>&nbsp;<\/p>\n<p>En este sentido, despierta mi curiosidad tambi\u00e9n una cuenta llamada <a href=\"http:\/\/instagram.com\/fungiturismo\" target=\"_blank\">@fungiturismo<\/a>, asociada a una web de una empresa que organiza visitas a La Rioja, pero desde el punto de vista del champi\u00f1\u00f3n y las <strong>setas<\/strong>.<\/p>\n<p><a href=\"http:\/\/vivancoculturadevino.es\/blog\/wp-content\/uploads\/2014\/08\/fungiturismo.jpg\"><img decoding=\"async\" width=\"640\" height=\"640\" class=\"aligncenter size-full wp-image-238\" alt=\"Foto realizada por Fungiturismo, empresa dedicada a visitas micol\u00f3gicas en La Rioja\" src=\"\/\/vivancoculturadevino.es\/blog\/wp-content\/uploads\/2014\/08\/fungiturismo.jpg\" srcset=\"https:\/\/vivancoculturadevino.es\/blog\/wp-content\/uploads\/2014\/08\/fungiturismo.jpg 640w, https:\/\/vivancoculturadevino.es\/blog\/wp-content\/uploads\/2014\/08\/fungiturismo-150x150.jpg 150w, https:\/\/vivancoculturadevino.es\/blog\/wp-content\/uploads\/2014\/08\/fungiturismo-300x300.jpg 300w, https:\/\/vivancoculturadevino.es\/blog\/wp-content\/uploads\/2014\/08\/fungiturismo-50x50.jpg 50w, https:\/\/vivancoculturadevino.es\/blog\/wp-content\/uploads\/2014\/08\/fungiturismo-186x186.jpg 186w\" sizes=\"(max-width: 640px) 100vw, 640px\" \/><\/a><\/p>\n<p>Tambi\u00e9n la fiesta asociada al l\u00edquido por excelencia de la regi\u00f3n: <strong>la batalla del vino de Haro<\/strong>, representada en la imagen de <a href=\"http:\/\/instagram.com\/sandrita_bj\" target=\"_blank\">@sandrita_bj<\/a>.<\/p>\n<p><a href=\"http:\/\/vivancoculturadevino.es\/blog\/wp-content\/uploads\/2014\/08\/sandrita_bj.jpg\"><img decoding=\"async\" width=\"640\" height=\"640\" class=\"aligncenter size-full wp-image-239\" alt=\"Foto tomada de la instagramer @sandrita_bj \" src=\"\/\/vivancoculturadevino.es\/blog\/wp-content\/uploads\/2014\/08\/sandrita_bj.jpg\" srcset=\"https:\/\/vivancoculturadevino.es\/blog\/wp-content\/uploads\/2014\/08\/sandrita_bj.jpg 640w, https:\/\/vivancoculturadevino.es\/blog\/wp-content\/uploads\/2014\/08\/sandrita_bj-150x150.jpg 150w, https:\/\/vivancoculturadevino.es\/blog\/wp-content\/uploads\/2014\/08\/sandrita_bj-300x300.jpg 300w, https:\/\/vivancoculturadevino.es\/blog\/wp-content\/uploads\/2014\/08\/sandrita_bj-50x50.jpg 50w, https:\/\/vivancoculturadevino.es\/blog\/wp-content\/uploads\/2014\/08\/sandrita_bj-186x186.jpg 186w\" sizes=\"(max-width: 640px) 100vw, 640px\" \/><\/a><\/p>\n<p>Los paisajes de La Rioja son, sin duda, uno de sus mejores reclamos tur\u00edsticos. Una de las fot\u00f3grafas m\u00e1s prol\u00edficas y cuidadosas se llama Diana, que con la cuenta <a href=\"http:\/\/instagram.com\/diugarte\" target=\"_blank\">@diugarte<\/a> muestra con un ojo muy sagaz las bondades de la tierra riojana. Sobre todo de la zona de <strong>San Asensio<\/strong>, en La Rioja Alta.<\/p>\n<p><a href=\"http:\/\/vivancoculturadevino.es\/blog\/wp-content\/uploads\/2014\/08\/diugarte.jpg\"><img loading=\"lazy\" decoding=\"async\" width=\"640\" height=\"640\" class=\"aligncenter size-full wp-image-240\" alt=\"Foto de @diugarte\" src=\"\/\/vivancoculturadevino.es\/blog\/wp-content\/uploads\/2014\/08\/diugarte.jpg\" srcset=\"https:\/\/vivancoculturadevino.es\/blog\/wp-content\/uploads\/2014\/08\/diugarte.jpg 640w, https:\/\/vivancoculturadevino.es\/blog\/wp-content\/uploads\/2014\/08\/diugarte-150x150.jpg 150w, https:\/\/vivancoculturadevino.es\/blog\/wp-content\/uploads\/2014\/08\/diugarte-300x300.jpg 300w, https:\/\/vivancoculturadevino.es\/blog\/wp-content\/uploads\/2014\/08\/diugarte-50x50.jpg 50w, https:\/\/vivancoculturadevino.es\/blog\/wp-content\/uploads\/2014\/08\/diugarte-186x186.jpg 186w\" sizes=\"(max-width: 640px) 100vw, 640px\" \/><\/a><\/p>\n<p style=\"text-align: left\">Jos\u00e9 Mar\u00eda Marcolain <a href=\"http:\/\/instagram.com\/marcolain\" target=\"_blank\">@marcolain<\/a> va m\u00e1s all\u00e1 en esto del paisaje; al compartir una de sus fotograf\u00edas de <strong>Ezcaray<\/strong>, un municipio situado al suroeste de la comunidad, lo compara con la belleza de algunas t\u00edpicas estampas asturianas o c\u00e1ntabras.<\/p>\n<p style=\"text-align: left\"><a href=\"http:\/\/vivancoculturadevino.es\/blog\/wp-content\/uploads\/2014\/08\/marcolain.jpg\"><img loading=\"lazy\" decoding=\"async\" width=\"640\" height=\"640\" class=\"aligncenter size-full wp-image-241\" alt=\"La Rioja por Jos\u00e9 Mar\u00eda Marcolain @marcolain\" src=\"\/\/vivancoculturadevino.es\/blog\/wp-content\/uploads\/2014\/08\/marcolain.jpg\" srcset=\"https:\/\/vivancoculturadevino.es\/blog\/wp-content\/uploads\/2014\/08\/marcolain.jpg 640w, https:\/\/vivancoculturadevino.es\/blog\/wp-content\/uploads\/2014\/08\/marcolain-150x150.jpg 150w, https:\/\/vivancoculturadevino.es\/blog\/wp-content\/uploads\/2014\/08\/marcolain-300x300.jpg 300w, https:\/\/vivancoculturadevino.es\/blog\/wp-content\/uploads\/2014\/08\/marcolain-50x50.jpg 50w, https:\/\/vivancoculturadevino.es\/blog\/wp-content\/uploads\/2014\/08\/marcolain-186x186.jpg 186w\" sizes=\"(max-width: 640px) 100vw, 640px\" \/><\/a><\/p>\n<p style=\"text-align: left\">La arquitectura tambi\u00e9n parece ser una de las se\u00f1as de identidad que los instagramers destacan en La Rioja. A veces por la modernidad de sus construcciones y otras por su sobriedad, los edificios de la <strong>Universidad de La Rioja o el edificio de Toyo Ito<\/strong> en Logro\u00f1o, muy debatido, seg\u00fan la opini\u00f3n de <a href=\"http:\/\/instagram.com\/carmeloasun\" target=\"_blank\">@carmeloasun<\/a>, autor de la fotograf\u00eda, son un claro ejemplo.<\/p>\n<p><a href=\"http:\/\/vivancoculturadevino.es\/blog\/wp-content\/uploads\/2014\/08\/carmeloasun.jpg\"><img loading=\"lazy\" decoding=\"async\" width=\"640\" height=\"640\" class=\"aligncenter size-full wp-image-243\" alt=\"Imagen del instagramer @carmeloasun\" src=\"\/\/vivancoculturadevino.es\/blog\/wp-content\/uploads\/2014\/08\/carmeloasun.jpg\" srcset=\"https:\/\/vivancoculturadevino.es\/blog\/wp-content\/uploads\/2014\/08\/carmeloasun.jpg 640w, https:\/\/vivancoculturadevino.es\/blog\/wp-content\/uploads\/2014\/08\/carmeloasun-150x150.jpg 150w, https:\/\/vivancoculturadevino.es\/blog\/wp-content\/uploads\/2014\/08\/carmeloasun-300x300.jpg 300w, https:\/\/vivancoculturadevino.es\/blog\/wp-content\/uploads\/2014\/08\/carmeloasun-50x50.jpg 50w, https:\/\/vivancoculturadevino.es\/blog\/wp-content\/uploads\/2014\/08\/carmeloasun-186x186.jpg 186w\" sizes=\"(max-width: 640px) 100vw, 640px\" \/><\/a><\/p>\n<p>&nbsp;<\/p>\n<p>Y, por supuesto, la <strong>arquitectura tradicional<\/strong>, en tomas de la catedral de Logro\u00f1o, el monasterio de San Mill\u00e1n de la Cogolla y<strong> el Castillo de Clavijo<\/strong>. Este \u00faltimo enclave lo instagramea un blog con el nombre de <a href=\"http:\/\/instagram.com\/latortuguitablanca\" target=\"_blank\">@latortuguitablanca<\/a>\u00a0en un post llamado Descubrir La Rioja, en el que cuenta, y no solo gr\u00e1ficamente, una apetecible excursi\u00f3n a pocos kil\u00f3metros de <strong>Logro\u00f1o<\/strong>.<\/p>\n<p><a href=\"http:\/\/vivancoculturadevino.es\/blog\/wp-content\/uploads\/2014\/08\/latortuguitablanca2.jpg\"><img loading=\"lazy\" decoding=\"async\" width=\"638\" height=\"307\" class=\"aligncenter size-full wp-image-261\" alt=\"Descubriendo La Rioja con @latortuguitablanca \" src=\"\/\/vivancoculturadevino.es\/blog\/wp-content\/uploads\/2014\/08\/latortuguitablanca2.jpg\" srcset=\"https:\/\/vivancoculturadevino.es\/blog\/wp-content\/uploads\/2014\/08\/latortuguitablanca2.jpg 638w, https:\/\/vivancoculturadevino.es\/blog\/wp-content\/uploads\/2014\/08\/latortuguitablanca2-300x144.jpg 300w\" sizes=\"(max-width: 638px) 100vw, 638px\" \/><\/a><\/p>\n<p style=\"text-align: left\">Finalmente, resaltar Logro\u00f1o como gran inspiraci\u00f3n urbana para instagramers con m\u00e1s visi\u00f3n art\u00edstica, como <a href=\"http:\/\/instagram.com\/rreviscola\" target=\"_blank\">@rreviscola<\/a> o <a href=\"http:\/\/instagram.com\/Pacoperez6\" target=\"_blank\">@Pacoperez6<\/a>, que nos regala \u201cla sombra de <strong>Espartero<\/strong> torr\u00e1ndose al sol\u201d.<\/p>\n<p style=\"text-align: left\"><a href=\"http:\/\/vivancoculturadevino.es\/blog\/wp-content\/uploads\/2014\/08\/rreviscola.jpg\"><img loading=\"lazy\" decoding=\"async\" width=\"640\" height=\"640\" class=\"aligncenter size-full wp-image-245\" alt=\"Imagen de @rreviscola\" src=\"\/\/vivancoculturadevino.es\/blog\/wp-content\/uploads\/2014\/08\/rreviscola.jpg\" srcset=\"https:\/\/vivancoculturadevino.es\/blog\/wp-content\/uploads\/2014\/08\/rreviscola.jpg 640w, https:\/\/vivancoculturadevino.es\/blog\/wp-content\/uploads\/2014\/08\/rreviscola-150x150.jpg 150w, https:\/\/vivancoculturadevino.es\/blog\/wp-content\/uploads\/2014\/08\/rreviscola-300x300.jpg 300w, https:\/\/vivancoculturadevino.es\/blog\/wp-content\/uploads\/2014\/08\/rreviscola-50x50.jpg 50w, https:\/\/vivancoculturadevino.es\/blog\/wp-content\/uploads\/2014\/08\/rreviscola-186x186.jpg 186w\" sizes=\"(max-width: 640px) 100vw, 640px\" \/><\/a><\/p>\n<p style=\"text-align: left\"><a href=\"http:\/\/vivancoculturadevino.es\/blog\/wp-content\/uploads\/2014\/08\/Pacoperez6.jpg\"><img loading=\"lazy\" decoding=\"async\" width=\"640\" height=\"640\" class=\"aligncenter size-full wp-image-246\" alt=\"Imagen de @Pacoperez6\" src=\"\/\/vivancoculturadevino.es\/blog\/wp-content\/uploads\/2014\/08\/Pacoperez6.jpg\" srcset=\"https:\/\/vivancoculturadevino.es\/blog\/wp-content\/uploads\/2014\/08\/Pacoperez6.jpg 640w, https:\/\/vivancoculturadevino.es\/blog\/wp-content\/uploads\/2014\/08\/Pacoperez6-150x150.jpg 150w, https:\/\/vivancoculturadevino.es\/blog\/wp-content\/uploads\/2014\/08\/Pacoperez6-300x300.jpg 300w, https:\/\/vivancoculturadevino.es\/blog\/wp-content\/uploads\/2014\/08\/Pacoperez6-50x50.jpg 50w, https:\/\/vivancoculturadevino.es\/blog\/wp-content\/uploads\/2014\/08\/Pacoperez6-186x186.jpg 186w\" sizes=\"(max-width: 640px) 100vw, 640px\" \/><\/a><\/p>\n<p>&nbsp;<\/p>\n<p>&nbsp;<\/p>\n<p>&nbsp;<\/p>\n","protected":false},"excerpt":{"rendered":"<p>Recorremos algunos de los lugares m\u00e1s significativos de La Rioja, tierra de vino, de la mano de instagramers an\u00f3nimos que han reflejado su belleza a trav\u00e9s de im\u00e1genes. <\/p>\n","protected":false},"author":3,"featured_media":247,"comment_status":"open","ping_status":"open","sticky":false,"template":"","format":"standard","meta":{"footnotes":"","_elementor_edit_mode":"","_elementor_template_type":"","_elementor_data":"","_elementor_page_settings":null,"_elementor_conditions":[]},"categories":[6],"tags":[49,37,48,23,4,27],"class_list":["post-236","post","type-post","status-publish","format-standard","has-post-thumbnail","hentry","category-experiencias","tag-instagram","tag-la-rioja","tag-logrono","tag-museo-vivanco-de-la-cultura-del-vino","tag-vino","tag-visitar-la-rioja"],"yoast_head":"<!-- This site is optimized with the Yoast SEO plugin v26.8 - https:\/\/yoast.com\/product\/yoast-seo-wordpress\/ -->\n<title>#LaRioja a trav\u00e9s de Instagram<\/title>\n<meta name=\"description\" content=\"Recorremos algunos de los lugares m\u00e1s significativos de La Rioja, tierra de vino, de la mano de instagramers an\u00f3nimos que han reflejado su belleza a trav\u00e9s de im\u00e1genes.\" \/>\n<meta name=\"robots\" content=\"index, follow, max-snippet:-1, max-image-preview:large, max-video-preview:-1\" \/>\n<link rel=\"canonical\" href=\"https:\/\/vivancoculturadevino.es\/blog\/2014\/08\/20\/visitas-larioja-instagram\/\" \/>\n<meta property=\"og:locale\" content=\"es_ES\" \/>\n<meta property=\"og:type\" content=\"article\" \/>\n<meta property=\"og:title\" content=\"#LaRioja a trav\u00e9s de Instagram\" \/>\n<meta property=\"og:description\" content=\"Recorremos algunos de los lugares m\u00e1s significativos de La Rioja, tierra de vino, de la mano de instagramers an\u00f3nimos que han reflejado su belleza a trav\u00e9s de im\u00e1genes.\" \/>\n<meta property=\"og:url\" content=\"https:\/\/vivancoculturadevino.es\/blog\/2014\/08\/20\/visitas-larioja-instagram\/\" \/>\n<meta property=\"og:site_name\" content=\"Vivanco\" \/>\n<meta property=\"article:author\" content=\"https:\/\/www.facebook.com\/ElAsombrario\" \/>\n<meta property=\"article:published_time\" content=\"2014-08-20T13:37:02+00:00\" \/>\n<meta property=\"article:modified_time\" content=\"2014-08-22T07:50:26+00:00\" \/>\n<meta property=\"og:image\" content=\"https:\/\/vivancoculturadevino.es\/blog\/wp-content\/uploads\/2014\/08\/javierjotapei.jpg\" \/>\n\t<meta property=\"og:image:width\" content=\"640\" \/>\n\t<meta property=\"og:image:height\" content=\"640\" \/>\n\t<meta property=\"og:image:type\" content=\"image\/jpeg\" \/>\n<meta name=\"author\" content=\"Manuel Cu\u00e9llar\" \/>\n<meta name=\"twitter:card\" content=\"summary_large_image\" \/>\n<meta name=\"twitter:creator\" content=\"@https:\/\/twitter.com\/Manuelcuellar\" \/>\n<meta name=\"twitter:label1\" content=\"Escrito por\" \/>\n\t<meta name=\"twitter:data1\" content=\"Manuel Cu\u00e9llar\" \/>\n\t<meta name=\"twitter:label2\" content=\"Tiempo de lectura\" \/>\n\t<meta name=\"twitter:data2\" content=\"4 minutos\" \/>\n<script type=\"application\/ld+json\" class=\"yoast-schema-graph\">{\"@context\":\"https:\/\/schema.org\",\"@graph\":[{\"@type\":\"Article\",\"@id\":\"https:\/\/vivancoculturadevino.es\/blog\/2014\/08\/20\/visitas-larioja-instagram\/#article\",\"isPartOf\":{\"@id\":\"https:\/\/vivancoculturadevino.es\/blog\/2014\/08\/20\/visitas-larioja-instagram\/\"},\"author\":{\"name\":\"Manuel Cu\u00e9llar\",\"@id\":\"https:\/\/vivancoculturadevino.es\/blog\/#\/schema\/person\/f136e59d98f9f2a913718a3980bd396b\"},\"headline\":\"#LaRioja a trav\u00e9s de Instagram\",\"datePublished\":\"2014-08-20T13:37:02+00:00\",\"dateModified\":\"2014-08-22T07:50:26+00:00\",\"mainEntityOfPage\":{\"@id\":\"https:\/\/vivancoculturadevino.es\/blog\/2014\/08\/20\/visitas-larioja-instagram\/\"},\"wordCount\":753,\"commentCount\":0,\"publisher\":{\"@id\":\"https:\/\/vivancoculturadevino.es\/blog\/#organization\"},\"image\":{\"@id\":\"https:\/\/vivancoculturadevino.es\/blog\/2014\/08\/20\/visitas-larioja-instagram\/#primaryimage\"},\"thumbnailUrl\":\"https:\/\/vivancoculturadevino.es\/blog\/wp-content\/uploads\/2014\/08\/javierjotapei.jpg\",\"keywords\":[\"instagram\",\"La Rioja\",\"logro\u00f1o\",\"museo vivanco de la cultura del vino\",\"vino\",\"visitar la rioja\"],\"articleSection\":[\"Compartiendo\"],\"inLanguage\":\"es\",\"potentialAction\":[{\"@type\":\"CommentAction\",\"name\":\"Comment\",\"target\":[\"https:\/\/vivancoculturadevino.es\/blog\/2014\/08\/20\/visitas-larioja-instagram\/#respond\"]}]},{\"@type\":\"WebPage\",\"@id\":\"https:\/\/vivancoculturadevino.es\/blog\/2014\/08\/20\/visitas-larioja-instagram\/\",\"url\":\"https:\/\/vivancoculturadevino.es\/blog\/2014\/08\/20\/visitas-larioja-instagram\/\",\"name\":\"#LaRioja a trav\u00e9s de Instagram\",\"isPartOf\":{\"@id\":\"https:\/\/vivancoculturadevino.es\/blog\/#website\"},\"primaryImageOfPage\":{\"@id\":\"https:\/\/vivancoculturadevino.es\/blog\/2014\/08\/20\/visitas-larioja-instagram\/#primaryimage\"},\"image\":{\"@id\":\"https:\/\/vivancoculturadevino.es\/blog\/2014\/08\/20\/visitas-larioja-instagram\/#primaryimage\"},\"thumbnailUrl\":\"https:\/\/vivancoculturadevino.es\/blog\/wp-content\/uploads\/2014\/08\/javierjotapei.jpg\",\"datePublished\":\"2014-08-20T13:37:02+00:00\",\"dateModified\":\"2014-08-22T07:50:26+00:00\",\"description\":\"Recorremos algunos de los lugares m\u00e1s significativos de La Rioja, tierra de vino, de la mano de instagramers an\u00f3nimos que han reflejado su belleza a trav\u00e9s de im\u00e1genes.\",\"breadcrumb\":{\"@id\":\"https:\/\/vivancoculturadevino.es\/blog\/2014\/08\/20\/visitas-larioja-instagram\/#breadcrumb\"},\"inLanguage\":\"es\",\"potentialAction\":[{\"@type\":\"ReadAction\",\"target\":[\"https:\/\/vivancoculturadevino.es\/blog\/2014\/08\/20\/visitas-larioja-instagram\/\"]}]},{\"@type\":\"ImageObject\",\"inLanguage\":\"es\",\"@id\":\"https:\/\/vivancoculturadevino.es\/blog\/2014\/08\/20\/visitas-larioja-instagram\/#primaryimage\",\"url\":\"https:\/\/vivancoculturadevino.es\/blog\/wp-content\/uploads\/2014\/08\/javierjotapei.jpg\",\"contentUrl\":\"https:\/\/vivancoculturadevino.es\/blog\/wp-content\/uploads\/2014\/08\/javierjotapei.jpg\",\"width\":640,\"height\":640,\"caption\":\"Dise\u00f1ado por Rafael Moneo foto de @javierjotapei\"},{\"@type\":\"BreadcrumbList\",\"@id\":\"https:\/\/vivancoculturadevino.es\/blog\/2014\/08\/20\/visitas-larioja-instagram\/#breadcrumb\",\"itemListElement\":[{\"@type\":\"ListItem\",\"position\":1,\"name\":\"Portada\",\"item\":\"https:\/\/vivancoculturadevino.es\/blog\/\"},{\"@type\":\"ListItem\",\"position\":2,\"name\":\"#LaRioja a trav\u00e9s de Instagram\"}]},{\"@type\":\"WebSite\",\"@id\":\"https:\/\/vivancoculturadevino.es\/blog\/#website\",\"url\":\"https:\/\/vivancoculturadevino.es\/blog\/\",\"name\":\"Vivanco\",\"description\":\"Una familia y una pasi\u00f3n: Compartir la cultura del vino\",\"publisher\":{\"@id\":\"https:\/\/vivancoculturadevino.es\/blog\/#organization\"},\"potentialAction\":[{\"@type\":\"SearchAction\",\"target\":{\"@type\":\"EntryPoint\",\"urlTemplate\":\"https:\/\/vivancoculturadevino.es\/blog\/?s={search_term_string}\"},\"query-input\":{\"@type\":\"PropertyValueSpecification\",\"valueRequired\":true,\"valueName\":\"search_term_string\"}}],\"inLanguage\":\"es\"},{\"@type\":\"Organization\",\"@id\":\"https:\/\/vivancoculturadevino.es\/blog\/#organization\",\"name\":\"Vivanco\",\"url\":\"https:\/\/vivancoculturadevino.es\/blog\/\",\"logo\":{\"@type\":\"ImageObject\",\"inLanguage\":\"es\",\"@id\":\"https:\/\/vivancoculturadevino.es\/blog\/#\/schema\/logo\/image\/\",\"url\":\"https:\/\/vivancoculturadevino.es\/blog\/wp-content\/uploads\/2026\/01\/Logo-blanco.svg\",\"contentUrl\":\"https:\/\/vivancoculturadevino.es\/blog\/wp-content\/uploads\/2026\/01\/Logo-blanco.svg\",\"width\":134,\"height\":43,\"caption\":\"Vivanco\"},\"image\":{\"@id\":\"https:\/\/vivancoculturadevino.es\/blog\/#\/schema\/logo\/image\/\"}},{\"@type\":\"Person\",\"@id\":\"https:\/\/vivancoculturadevino.es\/blog\/#\/schema\/person\/f136e59d98f9f2a913718a3980bd396b\",\"name\":\"Manuel Cu\u00e9llar\",\"image\":{\"@type\":\"ImageObject\",\"inLanguage\":\"es\",\"@id\":\"https:\/\/vivancoculturadevino.es\/blog\/#\/schema\/person\/image\/\",\"url\":\"https:\/\/secure.gravatar.com\/avatar\/6d3d56cd7666b977e2c4bd35dcb50bb4ea350fec32ec720eda065d540629ed73?s=96&d=mm&r=g\",\"contentUrl\":\"https:\/\/secure.gravatar.com\/avatar\/6d3d56cd7666b977e2c4bd35dcb50bb4ea350fec32ec720eda065d540629ed73?s=96&d=mm&r=g\",\"caption\":\"Manuel Cu\u00e9llar\"},\"description\":\"Licenciado en Derecho en la Universidad Aut\u00f3noma de Madrid, siempre supo que lo suyo era el periodismo. Curso de posgrado en la Escuela de Periodismo UAM\/EL PA\u00cdS. Trabaj\u00f3 durante m\u00e1s de 17 a\u00f1os en el diario ELPAIS donde se form\u00f3 como periodista todoterreno. Desde hace dos a\u00f1os edita la revista online cultural Elasombrario.com asociada a Eldiario.es\",\"sameAs\":[\"http:\/\/elasombrario.com\/\",\"https:\/\/www.facebook.com\/ElAsombrario\",\"https:\/\/x.com\/https:\/\/twitter.com\/Manuelcuellar\"],\"url\":\"https:\/\/vivancoculturadevino.es\/blog\/author\/manuel-cuellar\/\"}]}<\/script>\n<!-- \/ Yoast SEO plugin. -->","yoast_head_json":{"title":"#LaRioja a trav\u00e9s de Instagram","description":"Recorremos algunos de los lugares m\u00e1s significativos de La Rioja, tierra de vino, de la mano de instagramers an\u00f3nimos que han reflejado su belleza a trav\u00e9s de im\u00e1genes.","robots":{"index":"index","follow":"follow","max-snippet":"max-snippet:-1","max-image-preview":"max-image-preview:large","max-video-preview":"max-video-preview:-1"},"canonical":"https:\/\/vivancoculturadevino.es\/blog\/2014\/08\/20\/visitas-larioja-instagram\/","og_locale":"es_ES","og_type":"article","og_title":"#LaRioja a trav\u00e9s de Instagram","og_description":"Recorremos algunos de los lugares m\u00e1s significativos de La Rioja, tierra de vino, de la mano de instagramers an\u00f3nimos que han reflejado su belleza a trav\u00e9s de im\u00e1genes.","og_url":"https:\/\/vivancoculturadevino.es\/blog\/2014\/08\/20\/visitas-larioja-instagram\/","og_site_name":"Vivanco","article_author":"https:\/\/www.facebook.com\/ElAsombrario","article_published_time":"2014-08-20T13:37:02+00:00","article_modified_time":"2014-08-22T07:50:26+00:00","og_image":[{"width":640,"height":640,"url":"https:\/\/vivancoculturadevino.es\/blog\/wp-content\/uploads\/2014\/08\/javierjotapei.jpg","type":"image\/jpeg"}],"author":"Manuel Cu\u00e9llar","twitter_card":"summary_large_image","twitter_creator":"@https:\/\/twitter.com\/Manuelcuellar","twitter_misc":{"Escrito por":"Manuel Cu\u00e9llar","Tiempo de lectura":"4 minutos"},"schema":{"@context":"https:\/\/schema.org","@graph":[{"@type":"Article","@id":"https:\/\/vivancoculturadevino.es\/blog\/2014\/08\/20\/visitas-larioja-instagram\/#article","isPartOf":{"@id":"https:\/\/vivancoculturadevino.es\/blog\/2014\/08\/20\/visitas-larioja-instagram\/"},"author":{"name":"Manuel Cu\u00e9llar","@id":"https:\/\/vivancoculturadevino.es\/blog\/#\/schema\/person\/f136e59d98f9f2a913718a3980bd396b"},"headline":"#LaRioja a trav\u00e9s de Instagram","datePublished":"2014-08-20T13:37:02+00:00","dateModified":"2014-08-22T07:50:26+00:00","mainEntityOfPage":{"@id":"https:\/\/vivancoculturadevino.es\/blog\/2014\/08\/20\/visitas-larioja-instagram\/"},"wordCount":753,"commentCount":0,"publisher":{"@id":"https:\/\/vivancoculturadevino.es\/blog\/#organization"},"image":{"@id":"https:\/\/vivancoculturadevino.es\/blog\/2014\/08\/20\/visitas-larioja-instagram\/#primaryimage"},"thumbnailUrl":"https:\/\/vivancoculturadevino.es\/blog\/wp-content\/uploads\/2014\/08\/javierjotapei.jpg","keywords":["instagram","La Rioja","logro\u00f1o","museo vivanco de la cultura del vino","vino","visitar la rioja"],"articleSection":["Compartiendo"],"inLanguage":"es","potentialAction":[{"@type":"CommentAction","name":"Comment","target":["https:\/\/vivancoculturadevino.es\/blog\/2014\/08\/20\/visitas-larioja-instagram\/#respond"]}]},{"@type":"WebPage","@id":"https:\/\/vivancoculturadevino.es\/blog\/2014\/08\/20\/visitas-larioja-instagram\/","url":"https:\/\/vivancoculturadevino.es\/blog\/2014\/08\/20\/visitas-larioja-instagram\/","name":"#LaRioja a trav\u00e9s de Instagram","isPartOf":{"@id":"https:\/\/vivancoculturadevino.es\/blog\/#website"},"primaryImageOfPage":{"@id":"https:\/\/vivancoculturadevino.es\/blog\/2014\/08\/20\/visitas-larioja-instagram\/#primaryimage"},"image":{"@id":"https:\/\/vivancoculturadevino.es\/blog\/2014\/08\/20\/visitas-larioja-instagram\/#primaryimage"},"thumbnailUrl":"https:\/\/vivancoculturadevino.es\/blog\/wp-content\/uploads\/2014\/08\/javierjotapei.jpg","datePublished":"2014-08-20T13:37:02+00:00","dateModified":"2014-08-22T07:50:26+00:00","description":"Recorremos algunos de los lugares m\u00e1s significativos de La Rioja, tierra de vino, de la mano de instagramers an\u00f3nimos que han reflejado su belleza a trav\u00e9s de im\u00e1genes.","breadcrumb":{"@id":"https:\/\/vivancoculturadevino.es\/blog\/2014\/08\/20\/visitas-larioja-instagram\/#breadcrumb"},"inLanguage":"es","potentialAction":[{"@type":"ReadAction","target":["https:\/\/vivancoculturadevino.es\/blog\/2014\/08\/20\/visitas-larioja-instagram\/"]}]},{"@type":"ImageObject","inLanguage":"es","@id":"https:\/\/vivancoculturadevino.es\/blog\/2014\/08\/20\/visitas-larioja-instagram\/#primaryimage","url":"https:\/\/vivancoculturadevino.es\/blog\/wp-content\/uploads\/2014\/08\/javierjotapei.jpg","contentUrl":"https:\/\/vivancoculturadevino.es\/blog\/wp-content\/uploads\/2014\/08\/javierjotapei.jpg","width":640,"height":640,"caption":"Dise\u00f1ado por Rafael Moneo foto de @javierjotapei"},{"@type":"BreadcrumbList","@id":"https:\/\/vivancoculturadevino.es\/blog\/2014\/08\/20\/visitas-larioja-instagram\/#breadcrumb","itemListElement":[{"@type":"ListItem","position":1,"name":"Portada","item":"https:\/\/vivancoculturadevino.es\/blog\/"},{"@type":"ListItem","position":2,"name":"#LaRioja a trav\u00e9s de Instagram"}]},{"@type":"WebSite","@id":"https:\/\/vivancoculturadevino.es\/blog\/#website","url":"https:\/\/vivancoculturadevino.es\/blog\/","name":"Vivanco","description":"Una familia y una pasi\u00f3n: Compartir la cultura del vino","publisher":{"@id":"https:\/\/vivancoculturadevino.es\/blog\/#organization"},"potentialAction":[{"@type":"SearchAction","target":{"@type":"EntryPoint","urlTemplate":"https:\/\/vivancoculturadevino.es\/blog\/?s={search_term_string}"},"query-input":{"@type":"PropertyValueSpecification","valueRequired":true,"valueName":"search_term_string"}}],"inLanguage":"es"},{"@type":"Organization","@id":"https:\/\/vivancoculturadevino.es\/blog\/#organization","name":"Vivanco","url":"https:\/\/vivancoculturadevino.es\/blog\/","logo":{"@type":"ImageObject","inLanguage":"es","@id":"https:\/\/vivancoculturadevino.es\/blog\/#\/schema\/logo\/image\/","url":"https:\/\/vivancoculturadevino.es\/blog\/wp-content\/uploads\/2026\/01\/Logo-blanco.svg","contentUrl":"https:\/\/vivancoculturadevino.es\/blog\/wp-content\/uploads\/2026\/01\/Logo-blanco.svg","width":134,"height":43,"caption":"Vivanco"},"image":{"@id":"https:\/\/vivancoculturadevino.es\/blog\/#\/schema\/logo\/image\/"}},{"@type":"Person","@id":"https:\/\/vivancoculturadevino.es\/blog\/#\/schema\/person\/f136e59d98f9f2a913718a3980bd396b","name":"Manuel Cu\u00e9llar","image":{"@type":"ImageObject","inLanguage":"es","@id":"https:\/\/vivancoculturadevino.es\/blog\/#\/schema\/person\/image\/","url":"https:\/\/secure.gravatar.com\/avatar\/6d3d56cd7666b977e2c4bd35dcb50bb4ea350fec32ec720eda065d540629ed73?s=96&d=mm&r=g","contentUrl":"https:\/\/secure.gravatar.com\/avatar\/6d3d56cd7666b977e2c4bd35dcb50bb4ea350fec32ec720eda065d540629ed73?s=96&d=mm&r=g","caption":"Manuel Cu\u00e9llar"},"description":"Licenciado en Derecho en la Universidad Aut\u00f3noma de Madrid, siempre supo que lo suyo era el periodismo. Curso de posgrado en la Escuela de Periodismo UAM\/EL PA\u00cdS. Trabaj\u00f3 durante m\u00e1s de 17 a\u00f1os en el diario ELPAIS donde se form\u00f3 como periodista todoterreno. Desde hace dos a\u00f1os edita la revista online cultural Elasombrario.com asociada a Eldiario.es","sameAs":["http:\/\/elasombrario.com\/","https:\/\/www.facebook.com\/ElAsombrario","https:\/\/x.com\/https:\/\/twitter.com\/Manuelcuellar"],"url":"https:\/\/vivancoculturadevino.es\/blog\/author\/manuel-cuellar\/"}]}},"_links":{"self":[{"href":"https:\/\/vivancoculturadevino.es\/blog\/wp-json\/wp\/v2\/posts\/236","targetHints":{"allow":["GET"]}}],"collection":[{"href":"https:\/\/vivancoculturadevino.es\/blog\/wp-json\/wp\/v2\/posts"}],"about":[{"href":"https:\/\/vivancoculturadevino.es\/blog\/wp-json\/wp\/v2\/types\/post"}],"author":[{"embeddable":true,"href":"https:\/\/vivancoculturadevino.es\/blog\/wp-json\/wp\/v2\/users\/3"}],"replies":[{"embeddable":true,"href":"https:\/\/vivancoculturadevino.es\/blog\/wp-json\/wp\/v2\/comments?post=236"}],"version-history":[{"count":17,"href":"https:\/\/vivancoculturadevino.es\/blog\/wp-json\/wp\/v2\/posts\/236\/revisions"}],"predecessor-version":[{"id":266,"href":"https:\/\/vivancoculturadevino.es\/blog\/wp-json\/wp\/v2\/posts\/236\/revisions\/266"}],"wp:featuredmedia":[{"embeddable":true,"href":"https:\/\/vivancoculturadevino.es\/blog\/wp-json\/wp\/v2\/media\/247"}],"wp:attachment":[{"href":"https:\/\/vivancoculturadevino.es\/blog\/wp-json\/wp\/v2\/media?parent=236"}],"wp:term":[{"taxonomy":"category","embeddable":true,"href":"https:\/\/vivancoculturadevino.es\/blog\/wp-json\/wp\/v2\/categories?post=236"},{"taxonomy":"post_tag","embeddable":true,"href":"https:\/\/vivancoculturadevino.es\/blog\/wp-json\/wp\/v2\/tags?post=236"}],"curies":[{"name":"wp","href":"https:\/\/api.w.org\/{rel}","templated":true}]}}