{"id":2334,"date":"2016-07-14T09:06:46","date_gmt":"2016-07-14T08:06:46","guid":{"rendered":"http:\/\/vivancoculturadevino.es\/blog\/?p=2334"},"modified":"2016-07-15T10:47:10","modified_gmt":"2016-07-15T09:47:10","slug":"vinefilos-que-cine-ven-amantes-del-vino","status":"publish","type":"post","link":"https:\/\/vivancoculturadevino.es\/blog\/2016\/07\/14\/vinefilos-que-cine-ven-amantes-del-vino\/","title":{"rendered":"Vin\u00e9filos: \u00bfqu\u00e9 cine ven los amantes del vino?"},"content":{"rendered":"<p>\u00bfQu\u00e9 une a un divorciado deprimido aspirante a escritor y un actor fracasado -y gran seductor- que est\u00e1 a punto de casarse? Una buena pel\u00edcula y una historia repleta de vino. Un viaje de vacaciones de una extra\u00f1a pareja -una de esas que s\u00f3lo aparecen en el cine-, pero que los azares de la vida podr\u00eda hacerla veros\u00edmil en la realidad. Se trata de la pel\u00edcula <em><strong><a href=\"https:\/\/www.youtube.com\/watch?v=YS9ocP6FNvM\">Sideways<\/a><\/strong><\/em> (&#8220;Entre copas&#8221;), un film de producci\u00f3n estadounidense que se estren\u00f3 en el a\u00f1o 2004, y que se hizo eco entre los amantes del vino.<\/p>\n<p>Ganadora de un Premio Oscar al mejor gui\u00f3n adaptado (de la novela hom\u00f3nima de Rex Pickett), y no ganadora del Oscar al mejor actor no humano, claramente el vino, el film es una <strong>aut\u00e9ntica oda cinematogr\u00e1fica a esta inestimable bebida.<\/strong><\/p>\n<p><img fetchpriority=\"high\" decoding=\"async\" width=\"1024\" height=\"614\" class=\"aligncenter size-large wp-image-2339\" src=\"\/\/vivancoculturadevino.es\/blog\/wp-content\/uploads\/2016\/07\/sideways-1024x614.jpg\" alt=\"sideways\" srcset=\"https:\/\/vivancoculturadevino.es\/blog\/wp-content\/uploads\/2016\/07\/sideways-1024x614.jpg 1024w, https:\/\/vivancoculturadevino.es\/blog\/wp-content\/uploads\/2016\/07\/sideways-300x180.jpg 300w\" sizes=\"(max-width: 1024px) 100vw, 1024px\" \/><\/p>\n<p style=\"text-align: center;\">Fotograma de la pel\u00edcula &#8220;Sideways&#8221; (2004), dirigida por Alexander Payne, protagonizada por Paul Giamatti y Thomas Haden Church<\/p>\n<p>La pel\u00edcula cuenta con ingeniosos di\u00e1logos y pone algo sobre la mesa: no importa cu\u00e1l es tu background, entre los amantes del buen vino siempre hay buen <em>feeling<\/em>. Y es que el vino une afininades. Quien se conforme con un Merlot barato probablemente no goce del placer de degustar a un amante de un perfecto Pinot.<\/p>\n<p>Aquellos que hayan disfrutado viendo <em>Sideways<\/em> probablemente hayan quedado con el paladar sediento. Pero tranquilos, que la bodega est\u00e1 repleta de t\u00edtulos. En la vinocineteca se encuentran docenas de t\u00edtulos madurando. Para los amantes de lo a\u00f1ejo no hay m\u00e1s que recurrir a apuestas seguras como <strong>Alfred Hitchcock, con la pel\u00edcula <em><a href=\"https:\/\/www.youtube.com\/watch?v=30YqeP6MU_Q\">Encadenados<\/a><\/em><\/strong> (&#8220;Notorious&#8221;, 1946), con Cary Grant e Ingrid Bergman. El film contiene todos los ingredientes esenciales del maestro del suspense: esp\u00edas americanos enamorados, nazis intentando reorganizarse en Brasil y, por supuesto, botellas de vino -que guardan algo m\u00e1s que vino- y emocionantes escenas en una gran bodega.<\/p>\n<p><a href=\"http:\/\/vivancoculturadevino.es\/blog\/wp-content\/uploads\/2016\/07\/encadenados.jpg\"><img decoding=\"async\" width=\"886\" height=\"538\" class=\"aligncenter size-full wp-image-2340\" src=\"\/\/vivancoculturadevino.es\/blog\/wp-content\/uploads\/2016\/07\/encadenados.jpg\" alt=\"encadenados\" srcset=\"https:\/\/vivancoculturadevino.es\/blog\/wp-content\/uploads\/2016\/07\/encadenados.jpg 886w, https:\/\/vivancoculturadevino.es\/blog\/wp-content\/uploads\/2016\/07\/encadenados-300x182.jpg 300w, https:\/\/vivancoculturadevino.es\/blog\/wp-content\/uploads\/2016\/07\/encadenados-700x426.jpg 700w\" sizes=\"(max-width: 886px) 100vw, 886px\" \/><\/a><\/p>\n<p style=\"text-align: center;\">Fotograma de la pel\u00edcula &#8220;Encadenados&#8221; (1946), dirigida por Alfred Hitchcock, con Cary Grant e Ingrid Bergman.<\/p>\n<p>Otro t\u00edtulo a poner en reserva es el de <a href=\"https:\/\/www.youtube.com\/watch?v=Yip1jxoIEyA\"><em><strong>D\u00edas de vino y rosas<\/strong><\/em><\/a> (&#8220;Days of Wine and Roses&#8221;, 1962), en el que Blake Edwards une a la pareja de Jack Lemon y Lee Remick para recordarnos lo imporante que es disfrutar del vino&#8230; con moderaci\u00f3n.<\/p>\n<p>\u00bfTe quedaste con ganas de m\u00e1s vino californiano? Entonces no te pierdas <a href=\"http:\/\/www.filmaffinity.com\/es\/film946603.html\"><em><strong>Esta tierra es m\u00eda<\/strong><\/em><\/a> (&#8220;This earth is mine&#8221;, 1959), de <strong>Henry King<\/strong> -no confundir con &#8220;This land is mine&#8221; de Jean Renoir, 1943-, con Rock Hudson y Jean Simmons.<\/p>\n<p>Para los amantes de lo contempor\u00e1neo, t\u00edtulos como <a href=\"https:\/\/www.youtube.com\/watch?v=cULvtpaIK9I\"><em><strong>Un paseo por las nubes<\/strong><\/em><\/a> (&#8216;A Walk in the Clouds&#8217;, 1992) de Alfonso Arau; el documental <a href=\"https:\/\/www.youtube.com\/watch?v=dHBPvgOO29M\"><em><strong>Mondovino<\/strong><\/em><\/a> (2004), de Jonathan Nossiter; <a href=\"https:\/\/www.youtube.com\/watch?v=fWaj3t6o8Xo\"><em><strong>Un buen a\u00f1o<\/strong><\/em><\/a> (&#8216;A good year&#8217;, 2006), de Ridley Scott; <a href=\"https:\/\/www.youtube.com\/watch?v=ozRK7VXQl-k\"><em><strong>Julie &amp; Julia<\/strong><\/em><\/a> (2009), de Nora Ephron; o incluso la serie de televisi\u00f3n <a href=\"http:\/\/www.rtve.es\/television\/gran-reserva\/\"><em><strong>Gran Reserva<\/strong><\/em><\/a> (2010), de Carlos Sedes, tambi\u00e9n ser\u00edan opciones interesantes a tener en el botellero.<\/p>\n<h2><\/h2>\n<h2>Festivales de Cine y Vino<\/h2>\n<h3>La Solana<\/h3>\n<p>Pero si a uno realmente le apasiona la m\u00e1gica combinaci\u00f3n de cine y vino entonces no cabe duda que debe ir a lo grande: <strong>los festivales de cine del vino<\/strong>. El municipio de <strong>La Solana<\/strong> (en la provincia de Ciudad Real) lleva 12 ediciones organizando el que es el <em><a href=\"http:\/\/www.festivaldecinelasolana.com\/\"><strong>festival m\u00e1s antiguo de Espa\u00f1a de cine y vino<\/strong><\/a><\/em>. El certamen, organizado por el Ayuntamiento de La Solana y la Denominaci\u00f3n de Origen La Mancha -a trav\u00e9s del Patronato Municipal del Festival-, tiene lugar la primera semana de diciembre e incluye entrega de premios en dos grandes categor\u00edas: Premios de Cine y Vinos de Cine.<\/p>\n<p><a href=\"http:\/\/vivancoculturadevino.es\/blog\/wp-content\/uploads\/2016\/07\/cartel-la-solana-2012.jpg\"><img decoding=\"async\" width=\"732\" height=\"1024\" class=\"aligncenter size-large wp-image-2341\" src=\"\/\/vivancoculturadevino.es\/blog\/wp-content\/uploads\/2016\/07\/cartel-la-solana-2012-732x1024.jpg\" alt=\"cartel-festival-la-solana\" srcset=\"https:\/\/vivancoculturadevino.es\/blog\/wp-content\/uploads\/2016\/07\/cartel-la-solana-2012-732x1024.jpg 732w, https:\/\/vivancoculturadevino.es\/blog\/wp-content\/uploads\/2016\/07\/cartel-la-solana-2012-214x300.jpg 214w, https:\/\/vivancoculturadevino.es\/blog\/wp-content\/uploads\/2016\/07\/cartel-la-solana-2012.jpg 1418w\" sizes=\"(max-width: 732px) 100vw, 732px\" \/><\/a><\/p>\n<p>El Festival, adem\u00e1s de sus secciones oficiales, lleva a cabo una serie de actividades paralelas (exposiciones, concursos y catas de vinos, degustaci\u00f3n de tapas, etc) con las que pretende realizar una apuesta cultural en la regi\u00f3n.<\/p>\n<h3>SEMINCI<\/h3>\n<p>M\u00e1s al norte, en Valladolid, es donde tiene lugar el <a href=\"http:\/\/www.seminci.es\/indexweb.php\"><em><strong>SEMINICI<\/strong><\/em><\/a>, la Semana Internacional de Cine de Valladolid, que ya lleva ni m\u00e1s ni menos que 60 ediciones en sus espaldas. El evento, incluy\u00f3 en su \u00faltima edici\u00f3n (2015) una secci\u00f3n dedicada especialmente al <a href=\"http:\/\/www.seminci.es\/noticia.php?id=1610\"><strong>cine y al vino<\/strong><\/a>, en la que combin\u00f3 la proyecci\u00f3n de pel\u00edculas relacionadas con el mundo del vino y la degustaci\u00f3n de vino de diferentes regiones, e incluso pa\u00edses.<\/p>\n<h3>Most Pened\u00e8s<\/h3>\n<p>Pero hay que ir a <strong>Catalunya, concretamente a Vilafranca del Pened\u00e8s<\/strong>, para encontrar el \u00fanico festival internacional enteramente dedicado al cine y al vino. El <a href=\"http:\/\/www.mostfestival.cat\/index.php?l=es\"><em><strong>Most, Pened\u00e8s Festival Internacional de Cine del Vino y el Cava<\/strong><\/em><\/a>, lleva ya 6 ediciones y sigue a buen ritmo.<\/p>\n<p>Most Festival, organizado por el Vinseum &#8211; Museo de les Culturas del Vino de Catalu\u00f1a y el Cine Club Vilafranca-, recoge la producci\u00f3n audiovisual relacionada con la cultura de la vi\u00f1a, el vino y el cava. El certamen brinda por el buen cine con la proyecci\u00f3n de pel\u00edculas de grandes directores no estrenadas comercialmente y una buena selecci\u00f3n de cortos.<\/p>\n<p><a href=\"http:\/\/vivancoculturadevino.es\/blog\/wp-content\/uploads\/2016\/07\/most-pennedes-2.jpg\"><img loading=\"lazy\" decoding=\"async\" width=\"620\" height=\"320\" class=\"aligncenter size-full wp-image-2342\" src=\"\/\/vivancoculturadevino.es\/blog\/wp-content\/uploads\/2016\/07\/most-pennedes-2.jpg\" alt=\"most-pennedes 2\" srcset=\"https:\/\/vivancoculturadevino.es\/blog\/wp-content\/uploads\/2016\/07\/most-pennedes-2.jpg 620w, https:\/\/vivancoculturadevino.es\/blog\/wp-content\/uploads\/2016\/07\/most-pennedes-2-300x155.jpg 300w\" sizes=\"(max-width: 620px) 100vw, 620px\" \/><\/a><\/p>\n<p>Aparte de difundir las artes y las culturas vin\u00edcolas a trav\u00e9s de la creaci\u00f3n audiovisual, <strong>el festival persigue acercar la enolog\u00eda a los asistentes<\/strong> -desde todos los \u00e1ngulos posibles-, potenciando valores como la calidad, la diversidad o la implicaci\u00f3n con el territorio.<\/p>\n<p>Celebrado en la primera mitad del mes de noviembre, el festival ofrece un amplio abanico de actividades vinculadas al universo vitivin\u00edcola, cinematogr\u00e1fico y enotur\u00edstico para todos los p\u00fablicos. Most Festival tambi\u00e9n se convierte en el acto principal que se organiza en Catalunya con motivo del D\u00eda Europeo del Enoturismo (8 de Noviembre).<\/p>\n<h3>Oenovid\u00e9o<\/h3>\n<p>Y si a uno a\u00fan le quedan ganas de ir al norte, podr\u00eda muy bien considerar la opci\u00f3n de asistir al <a href=\"http:\/\/www.oenovideo.com\/\"><em><strong>Festival International Oenovid\u00e9o<\/strong><\/em><\/a>, uno de los cert\u00e1menes m\u00e1s importantes -y <strong>el m\u00e1s antiguo con 23 ediciones ya celebradas- del mundo de cine y vino<\/strong>, en la capital mundial del moscatel, en Frontignan, en el Languedoc-Rosell\u00f3n, Francia.<\/p>\n<p>En 20 a\u00f1os, el festival ha descubierto a sus asistentes m\u00e1s de 1.200 pel\u00edculas en competici\u00f3n, premiando a un total de 200 films. En la \u00faltima edici\u00f3n, celebrada el pasado mes de mayo, el cartel del festival acogi\u00f3 una selecci\u00f3n de 28 pel\u00edculas, un total de 15 horas de proyecci\u00f3n.<\/p>\n<p><a href=\"http:\/\/vivancoculturadevino.es\/blog\/wp-content\/uploads\/2016\/07\/OENOVIDEO.jpg\"><img loading=\"lazy\" decoding=\"async\" width=\"580\" height=\"300\" class=\"aligncenter size-full wp-image-2343\" src=\"\/\/vivancoculturadevino.es\/blog\/wp-content\/uploads\/2016\/07\/OENOVIDEO.jpg\" alt=\"OENOVIDEO\" srcset=\"https:\/\/vivancoculturadevino.es\/blog\/wp-content\/uploads\/2016\/07\/OENOVIDEO.jpg 580w, https:\/\/vivancoculturadevino.es\/blog\/wp-content\/uploads\/2016\/07\/OENOVIDEO-300x155.jpg 300w\" sizes=\"(max-width: 580px) 100vw, 580px\" \/><\/a><\/p>\n<p>Durante 80 a\u00f1os, la <strong>denominaci\u00f3n<\/strong><em><strong> Frontignan<\/strong><\/em> se ha convertido en la alfombra roja de los aficionados y profesionales del cine, la fotograf\u00eda y el vino. Entre sesi\u00f3n y sesi\u00f3n, los asistentes al festival han podido despertar sus sentidos en las tierras del moscatel, junto con los productores y directores de cine, y el caracter\u00edstico sabor de vino dulce de Frontignan.<\/p>\n<p>&nbsp;<\/p>\n<p>Al principio del art\u00edculo ve\u00edamos c\u00f3mo <em><strong>Sideways<\/strong> <\/em>se convert\u00eda en un particular <em>roadtrip<\/em> de pel\u00edcula para los amantes del vino. Esperamos que con este art\u00edculo el lector decida iniciar su particular ruta hacia los festivales m\u00e1s vin\u00e9filos de Espa\u00f1a.<\/p>\n","protected":false},"excerpt":{"rendered":"<p>El cine no se resiste a los encantos del vino, y son muchos los t\u00edtulos de pel\u00edculas que hacen homenajes a esta bebida. Los descubrimos en este art\u00edculo<\/p>\n","protected":false},"author":13,"featured_media":2339,"comment_status":"open","ping_status":"open","sticky":false,"template":"","format":"standard","meta":{"footnotes":"","_elementor_edit_mode":"","_elementor_template_type":"","_elementor_data":"","_elementor_page_settings":null,"_elementor_conditions":[]},"categories":[7],"tags":[114,276,277,279,278,4],"class_list":["post-2334","post","type-post","status-publish","format-standard","has-post-thumbnail","hentry","category-fundacion","tag-cine","tag-festivales","tag-peliculas","tag-television","tag-vinefilos","tag-vino"],"yoast_head":"<!-- This site is optimized with the Yoast SEO plugin v26.8 - https:\/\/yoast.com\/product\/yoast-seo-wordpress\/ -->\n<title>Vin\u00e9filos: \u00bfqu\u00e9 cine ven los amantes del vino? | Vivanco<\/title>\n<meta name=\"description\" content=\"El cine no se resiste a los encantos del vino, y son muchos los t\u00edtulos de pel\u00edculas que hacen homenajes a esta bebida. Los descubrimos en este art\u00edculo\" \/>\n<meta name=\"robots\" content=\"index, follow, max-snippet:-1, max-image-preview:large, max-video-preview:-1\" \/>\n<link rel=\"canonical\" href=\"https:\/\/vivancoculturadevino.es\/blog\/2016\/07\/14\/vinefilos-que-cine-ven-amantes-del-vino\/\" \/>\n<meta property=\"og:locale\" content=\"es_ES\" \/>\n<meta property=\"og:type\" content=\"article\" \/>\n<meta property=\"og:title\" content=\"Vin\u00e9filos: \u00bfqu\u00e9 cine ven los amantes del vino? | Vivanco\" \/>\n<meta property=\"og:description\" content=\"El cine no se resiste a los encantos del vino, y son muchos los t\u00edtulos de pel\u00edculas que hacen homenajes a esta bebida. Los descubrimos en este art\u00edculo\" \/>\n<meta property=\"og:url\" content=\"https:\/\/vivancoculturadevino.es\/blog\/2016\/07\/14\/vinefilos-que-cine-ven-amantes-del-vino\/\" \/>\n<meta property=\"og:site_name\" content=\"Vivanco\" \/>\n<meta property=\"article:author\" content=\"https:\/\/www.facebook.com\/muhimu.es\" \/>\n<meta property=\"article:published_time\" content=\"2016-07-14T08:06:46+00:00\" \/>\n<meta property=\"article:modified_time\" content=\"2016-07-15T09:47:10+00:00\" \/>\n<meta property=\"og:image\" content=\"https:\/\/vivancoculturadevino.es\/blog\/wp-content\/uploads\/2016\/07\/sideways.jpg\" \/>\n\t<meta property=\"og:image:width\" content=\"2300\" \/>\n\t<meta property=\"og:image:height\" content=\"1379\" \/>\n\t<meta property=\"og:image:type\" content=\"image\/jpeg\" \/>\n<meta name=\"author\" content=\"Llu\u00eds Torrent\" \/>\n<meta name=\"twitter:card\" content=\"summary_large_image\" \/>\n<meta name=\"twitter:creator\" content=\"@https:\/\/twitter.com\/muhimu_es\" \/>\n<meta name=\"twitter:label1\" content=\"Escrito por\" \/>\n\t<meta name=\"twitter:data1\" content=\"Llu\u00eds Torrent\" \/>\n\t<meta name=\"twitter:label2\" content=\"Tiempo de lectura\" \/>\n\t<meta name=\"twitter:data2\" content=\"6 minutos\" \/>\n<script type=\"application\/ld+json\" class=\"yoast-schema-graph\">{\"@context\":\"https:\/\/schema.org\",\"@graph\":[{\"@type\":\"Article\",\"@id\":\"https:\/\/vivancoculturadevino.es\/blog\/2016\/07\/14\/vinefilos-que-cine-ven-amantes-del-vino\/#article\",\"isPartOf\":{\"@id\":\"https:\/\/vivancoculturadevino.es\/blog\/2016\/07\/14\/vinefilos-que-cine-ven-amantes-del-vino\/\"},\"author\":{\"name\":\"Llu\u00eds Torrent\",\"@id\":\"https:\/\/vivancoculturadevino.es\/blog\/#\/schema\/person\/72fa80940a0833c680c02c741b135cb6\"},\"headline\":\"Vin\u00e9filos: \u00bfqu\u00e9 cine ven los amantes del vino?\",\"datePublished\":\"2016-07-14T08:06:46+00:00\",\"dateModified\":\"2016-07-15T09:47:10+00:00\",\"mainEntityOfPage\":{\"@id\":\"https:\/\/vivancoculturadevino.es\/blog\/2016\/07\/14\/vinefilos-que-cine-ven-amantes-del-vino\/\"},\"wordCount\":1194,\"commentCount\":0,\"publisher\":{\"@id\":\"https:\/\/vivancoculturadevino.es\/blog\/#organization\"},\"image\":{\"@id\":\"https:\/\/vivancoculturadevino.es\/blog\/2016\/07\/14\/vinefilos-que-cine-ven-amantes-del-vino\/#primaryimage\"},\"thumbnailUrl\":\"https:\/\/vivancoculturadevino.es\/blog\/wp-content\/uploads\/2016\/07\/sideways.jpg\",\"keywords\":[\"cine\",\"festivales\",\"pel\u00edculas\",\"televisi\u00f3n\",\"vin\u00e9filos\",\"vino\"],\"articleSection\":[\"Cultura\"],\"inLanguage\":\"es\",\"potentialAction\":[{\"@type\":\"CommentAction\",\"name\":\"Comment\",\"target\":[\"https:\/\/vivancoculturadevino.es\/blog\/2016\/07\/14\/vinefilos-que-cine-ven-amantes-del-vino\/#respond\"]}]},{\"@type\":\"WebPage\",\"@id\":\"https:\/\/vivancoculturadevino.es\/blog\/2016\/07\/14\/vinefilos-que-cine-ven-amantes-del-vino\/\",\"url\":\"https:\/\/vivancoculturadevino.es\/blog\/2016\/07\/14\/vinefilos-que-cine-ven-amantes-del-vino\/\",\"name\":\"Vin\u00e9filos: \u00bfqu\u00e9 cine ven los amantes del vino? | Vivanco\",\"isPartOf\":{\"@id\":\"https:\/\/vivancoculturadevino.es\/blog\/#website\"},\"primaryImageOfPage\":{\"@id\":\"https:\/\/vivancoculturadevino.es\/blog\/2016\/07\/14\/vinefilos-que-cine-ven-amantes-del-vino\/#primaryimage\"},\"image\":{\"@id\":\"https:\/\/vivancoculturadevino.es\/blog\/2016\/07\/14\/vinefilos-que-cine-ven-amantes-del-vino\/#primaryimage\"},\"thumbnailUrl\":\"https:\/\/vivancoculturadevino.es\/blog\/wp-content\/uploads\/2016\/07\/sideways.jpg\",\"datePublished\":\"2016-07-14T08:06:46+00:00\",\"dateModified\":\"2016-07-15T09:47:10+00:00\",\"description\":\"El cine no se resiste a los encantos del vino, y son muchos los t\u00edtulos de pel\u00edculas que hacen homenajes a esta bebida. Los descubrimos en este art\u00edculo\",\"breadcrumb\":{\"@id\":\"https:\/\/vivancoculturadevino.es\/blog\/2016\/07\/14\/vinefilos-que-cine-ven-amantes-del-vino\/#breadcrumb\"},\"inLanguage\":\"es\",\"potentialAction\":[{\"@type\":\"ReadAction\",\"target\":[\"https:\/\/vivancoculturadevino.es\/blog\/2016\/07\/14\/vinefilos-que-cine-ven-amantes-del-vino\/\"]}]},{\"@type\":\"ImageObject\",\"inLanguage\":\"es\",\"@id\":\"https:\/\/vivancoculturadevino.es\/blog\/2016\/07\/14\/vinefilos-que-cine-ven-amantes-del-vino\/#primaryimage\",\"url\":\"https:\/\/vivancoculturadevino.es\/blog\/wp-content\/uploads\/2016\/07\/sideways.jpg\",\"contentUrl\":\"https:\/\/vivancoculturadevino.es\/blog\/wp-content\/uploads\/2016\/07\/sideways.jpg\",\"width\":2300,\"height\":1379},{\"@type\":\"BreadcrumbList\",\"@id\":\"https:\/\/vivancoculturadevino.es\/blog\/2016\/07\/14\/vinefilos-que-cine-ven-amantes-del-vino\/#breadcrumb\",\"itemListElement\":[{\"@type\":\"ListItem\",\"position\":1,\"name\":\"Portada\",\"item\":\"https:\/\/vivancoculturadevino.es\/blog\/\"},{\"@type\":\"ListItem\",\"position\":2,\"name\":\"Vin\u00e9filos: \u00bfqu\u00e9 cine ven los amantes del vino?\"}]},{\"@type\":\"WebSite\",\"@id\":\"https:\/\/vivancoculturadevino.es\/blog\/#website\",\"url\":\"https:\/\/vivancoculturadevino.es\/blog\/\",\"name\":\"Vivanco\",\"description\":\"Una familia y una pasi\u00f3n: Compartir la cultura del vino\",\"publisher\":{\"@id\":\"https:\/\/vivancoculturadevino.es\/blog\/#organization\"},\"potentialAction\":[{\"@type\":\"SearchAction\",\"target\":{\"@type\":\"EntryPoint\",\"urlTemplate\":\"https:\/\/vivancoculturadevino.es\/blog\/?s={search_term_string}\"},\"query-input\":{\"@type\":\"PropertyValueSpecification\",\"valueRequired\":true,\"valueName\":\"search_term_string\"}}],\"inLanguage\":\"es\"},{\"@type\":\"Organization\",\"@id\":\"https:\/\/vivancoculturadevino.es\/blog\/#organization\",\"name\":\"Vivanco\",\"url\":\"https:\/\/vivancoculturadevino.es\/blog\/\",\"logo\":{\"@type\":\"ImageObject\",\"inLanguage\":\"es\",\"@id\":\"https:\/\/vivancoculturadevino.es\/blog\/#\/schema\/logo\/image\/\",\"url\":\"https:\/\/vivancoculturadevino.es\/blog\/wp-content\/uploads\/2026\/01\/Logo-blanco.svg\",\"contentUrl\":\"https:\/\/vivancoculturadevino.es\/blog\/wp-content\/uploads\/2026\/01\/Logo-blanco.svg\",\"width\":134,\"height\":43,\"caption\":\"Vivanco\"},\"image\":{\"@id\":\"https:\/\/vivancoculturadevino.es\/blog\/#\/schema\/logo\/image\/\"}},{\"@type\":\"Person\",\"@id\":\"https:\/\/vivancoculturadevino.es\/blog\/#\/schema\/person\/72fa80940a0833c680c02c741b135cb6\",\"name\":\"Llu\u00eds Torrent\",\"image\":{\"@type\":\"ImageObject\",\"inLanguage\":\"es\",\"@id\":\"https:\/\/vivancoculturadevino.es\/blog\/#\/schema\/person\/image\/\",\"url\":\"https:\/\/secure.gravatar.com\/avatar\/9b88301441f45a8f580d01fca4d51685d4fd364bcf7e0452c25d2e5faa9b1d6c?s=96&d=mm&r=g\",\"contentUrl\":\"https:\/\/secure.gravatar.com\/avatar\/9b88301441f45a8f580d01fca4d51685d4fd364bcf7e0452c25d2e5faa9b1d6c?s=96&d=mm&r=g\",\"caption\":\"Llu\u00eds Torrent\"},\"description\":\"Apasionado de la divulgaci\u00f3n y el conocimiento, si puede ser en formato audiovisual a\u00fan mejor. Desde United Explanations intenta explicar de forma m\u00e1s amena los asuntos internacionales. Desde Muhimu rescata historias que merecen ser contadas. Ha trabajado como consultor en medio ambiente, comunicaci\u00f3n, e-commerce y marketing online. Socialmente comprometido, le apasiona explorar la fina l\u00ednea que transcurre entre la pol\u00edtica, la econom\u00eda, la sociedad y el medio ambiente.\",\"sameAs\":[\"http:\/\/muhimu.es\/\",\"https:\/\/www.facebook.com\/muhimu.es\",\"https:\/\/x.com\/https:\/\/twitter.com\/muhimu_es\"],\"url\":\"https:\/\/vivancoculturadevino.es\/blog\/author\/lluis-torrent\/\"}]}<\/script>\n<!-- \/ Yoast SEO plugin. -->","yoast_head_json":{"title":"Vin\u00e9filos: \u00bfqu\u00e9 cine ven los amantes del vino? | Vivanco","description":"El cine no se resiste a los encantos del vino, y son muchos los t\u00edtulos de pel\u00edculas que hacen homenajes a esta bebida. Los descubrimos en este art\u00edculo","robots":{"index":"index","follow":"follow","max-snippet":"max-snippet:-1","max-image-preview":"max-image-preview:large","max-video-preview":"max-video-preview:-1"},"canonical":"https:\/\/vivancoculturadevino.es\/blog\/2016\/07\/14\/vinefilos-que-cine-ven-amantes-del-vino\/","og_locale":"es_ES","og_type":"article","og_title":"Vin\u00e9filos: \u00bfqu\u00e9 cine ven los amantes del vino? | Vivanco","og_description":"El cine no se resiste a los encantos del vino, y son muchos los t\u00edtulos de pel\u00edculas que hacen homenajes a esta bebida. Los descubrimos en este art\u00edculo","og_url":"https:\/\/vivancoculturadevino.es\/blog\/2016\/07\/14\/vinefilos-que-cine-ven-amantes-del-vino\/","og_site_name":"Vivanco","article_author":"https:\/\/www.facebook.com\/muhimu.es","article_published_time":"2016-07-14T08:06:46+00:00","article_modified_time":"2016-07-15T09:47:10+00:00","og_image":[{"width":2300,"height":1379,"url":"https:\/\/vivancoculturadevino.es\/blog\/wp-content\/uploads\/2016\/07\/sideways.jpg","type":"image\/jpeg"}],"author":"Llu\u00eds Torrent","twitter_card":"summary_large_image","twitter_creator":"@https:\/\/twitter.com\/muhimu_es","twitter_misc":{"Escrito por":"Llu\u00eds Torrent","Tiempo de lectura":"6 minutos"},"schema":{"@context":"https:\/\/schema.org","@graph":[{"@type":"Article","@id":"https:\/\/vivancoculturadevino.es\/blog\/2016\/07\/14\/vinefilos-que-cine-ven-amantes-del-vino\/#article","isPartOf":{"@id":"https:\/\/vivancoculturadevino.es\/blog\/2016\/07\/14\/vinefilos-que-cine-ven-amantes-del-vino\/"},"author":{"name":"Llu\u00eds Torrent","@id":"https:\/\/vivancoculturadevino.es\/blog\/#\/schema\/person\/72fa80940a0833c680c02c741b135cb6"},"headline":"Vin\u00e9filos: \u00bfqu\u00e9 cine ven los amantes del vino?","datePublished":"2016-07-14T08:06:46+00:00","dateModified":"2016-07-15T09:47:10+00:00","mainEntityOfPage":{"@id":"https:\/\/vivancoculturadevino.es\/blog\/2016\/07\/14\/vinefilos-que-cine-ven-amantes-del-vino\/"},"wordCount":1194,"commentCount":0,"publisher":{"@id":"https:\/\/vivancoculturadevino.es\/blog\/#organization"},"image":{"@id":"https:\/\/vivancoculturadevino.es\/blog\/2016\/07\/14\/vinefilos-que-cine-ven-amantes-del-vino\/#primaryimage"},"thumbnailUrl":"https:\/\/vivancoculturadevino.es\/blog\/wp-content\/uploads\/2016\/07\/sideways.jpg","keywords":["cine","festivales","pel\u00edculas","televisi\u00f3n","vin\u00e9filos","vino"],"articleSection":["Cultura"],"inLanguage":"es","potentialAction":[{"@type":"CommentAction","name":"Comment","target":["https:\/\/vivancoculturadevino.es\/blog\/2016\/07\/14\/vinefilos-que-cine-ven-amantes-del-vino\/#respond"]}]},{"@type":"WebPage","@id":"https:\/\/vivancoculturadevino.es\/blog\/2016\/07\/14\/vinefilos-que-cine-ven-amantes-del-vino\/","url":"https:\/\/vivancoculturadevino.es\/blog\/2016\/07\/14\/vinefilos-que-cine-ven-amantes-del-vino\/","name":"Vin\u00e9filos: \u00bfqu\u00e9 cine ven los amantes del vino? | Vivanco","isPartOf":{"@id":"https:\/\/vivancoculturadevino.es\/blog\/#website"},"primaryImageOfPage":{"@id":"https:\/\/vivancoculturadevino.es\/blog\/2016\/07\/14\/vinefilos-que-cine-ven-amantes-del-vino\/#primaryimage"},"image":{"@id":"https:\/\/vivancoculturadevino.es\/blog\/2016\/07\/14\/vinefilos-que-cine-ven-amantes-del-vino\/#primaryimage"},"thumbnailUrl":"https:\/\/vivancoculturadevino.es\/blog\/wp-content\/uploads\/2016\/07\/sideways.jpg","datePublished":"2016-07-14T08:06:46+00:00","dateModified":"2016-07-15T09:47:10+00:00","description":"El cine no se resiste a los encantos del vino, y son muchos los t\u00edtulos de pel\u00edculas que hacen homenajes a esta bebida. Los descubrimos en este art\u00edculo","breadcrumb":{"@id":"https:\/\/vivancoculturadevino.es\/blog\/2016\/07\/14\/vinefilos-que-cine-ven-amantes-del-vino\/#breadcrumb"},"inLanguage":"es","potentialAction":[{"@type":"ReadAction","target":["https:\/\/vivancoculturadevino.es\/blog\/2016\/07\/14\/vinefilos-que-cine-ven-amantes-del-vino\/"]}]},{"@type":"ImageObject","inLanguage":"es","@id":"https:\/\/vivancoculturadevino.es\/blog\/2016\/07\/14\/vinefilos-que-cine-ven-amantes-del-vino\/#primaryimage","url":"https:\/\/vivancoculturadevino.es\/blog\/wp-content\/uploads\/2016\/07\/sideways.jpg","contentUrl":"https:\/\/vivancoculturadevino.es\/blog\/wp-content\/uploads\/2016\/07\/sideways.jpg","width":2300,"height":1379},{"@type":"BreadcrumbList","@id":"https:\/\/vivancoculturadevino.es\/blog\/2016\/07\/14\/vinefilos-que-cine-ven-amantes-del-vino\/#breadcrumb","itemListElement":[{"@type":"ListItem","position":1,"name":"Portada","item":"https:\/\/vivancoculturadevino.es\/blog\/"},{"@type":"ListItem","position":2,"name":"Vin\u00e9filos: \u00bfqu\u00e9 cine ven los amantes del vino?"}]},{"@type":"WebSite","@id":"https:\/\/vivancoculturadevino.es\/blog\/#website","url":"https:\/\/vivancoculturadevino.es\/blog\/","name":"Vivanco","description":"Una familia y una pasi\u00f3n: Compartir la cultura del vino","publisher":{"@id":"https:\/\/vivancoculturadevino.es\/blog\/#organization"},"potentialAction":[{"@type":"SearchAction","target":{"@type":"EntryPoint","urlTemplate":"https:\/\/vivancoculturadevino.es\/blog\/?s={search_term_string}"},"query-input":{"@type":"PropertyValueSpecification","valueRequired":true,"valueName":"search_term_string"}}],"inLanguage":"es"},{"@type":"Organization","@id":"https:\/\/vivancoculturadevino.es\/blog\/#organization","name":"Vivanco","url":"https:\/\/vivancoculturadevino.es\/blog\/","logo":{"@type":"ImageObject","inLanguage":"es","@id":"https:\/\/vivancoculturadevino.es\/blog\/#\/schema\/logo\/image\/","url":"https:\/\/vivancoculturadevino.es\/blog\/wp-content\/uploads\/2026\/01\/Logo-blanco.svg","contentUrl":"https:\/\/vivancoculturadevino.es\/blog\/wp-content\/uploads\/2026\/01\/Logo-blanco.svg","width":134,"height":43,"caption":"Vivanco"},"image":{"@id":"https:\/\/vivancoculturadevino.es\/blog\/#\/schema\/logo\/image\/"}},{"@type":"Person","@id":"https:\/\/vivancoculturadevino.es\/blog\/#\/schema\/person\/72fa80940a0833c680c02c741b135cb6","name":"Llu\u00eds Torrent","image":{"@type":"ImageObject","inLanguage":"es","@id":"https:\/\/vivancoculturadevino.es\/blog\/#\/schema\/person\/image\/","url":"https:\/\/secure.gravatar.com\/avatar\/9b88301441f45a8f580d01fca4d51685d4fd364bcf7e0452c25d2e5faa9b1d6c?s=96&d=mm&r=g","contentUrl":"https:\/\/secure.gravatar.com\/avatar\/9b88301441f45a8f580d01fca4d51685d4fd364bcf7e0452c25d2e5faa9b1d6c?s=96&d=mm&r=g","caption":"Llu\u00eds Torrent"},"description":"Apasionado de la divulgaci\u00f3n y el conocimiento, si puede ser en formato audiovisual a\u00fan mejor. Desde United Explanations intenta explicar de forma m\u00e1s amena los asuntos internacionales. Desde Muhimu rescata historias que merecen ser contadas. Ha trabajado como consultor en medio ambiente, comunicaci\u00f3n, e-commerce y marketing online. Socialmente comprometido, le apasiona explorar la fina l\u00ednea que transcurre entre la pol\u00edtica, la econom\u00eda, la sociedad y el medio ambiente.","sameAs":["http:\/\/muhimu.es\/","https:\/\/www.facebook.com\/muhimu.es","https:\/\/x.com\/https:\/\/twitter.com\/muhimu_es"],"url":"https:\/\/vivancoculturadevino.es\/blog\/author\/lluis-torrent\/"}]}},"_links":{"self":[{"href":"https:\/\/vivancoculturadevino.es\/blog\/wp-json\/wp\/v2\/posts\/2334","targetHints":{"allow":["GET"]}}],"collection":[{"href":"https:\/\/vivancoculturadevino.es\/blog\/wp-json\/wp\/v2\/posts"}],"about":[{"href":"https:\/\/vivancoculturadevino.es\/blog\/wp-json\/wp\/v2\/types\/post"}],"author":[{"embeddable":true,"href":"https:\/\/vivancoculturadevino.es\/blog\/wp-json\/wp\/v2\/users\/13"}],"replies":[{"embeddable":true,"href":"https:\/\/vivancoculturadevino.es\/blog\/wp-json\/wp\/v2\/comments?post=2334"}],"version-history":[{"count":7,"href":"https:\/\/vivancoculturadevino.es\/blog\/wp-json\/wp\/v2\/posts\/2334\/revisions"}],"predecessor-version":[{"id":2346,"href":"https:\/\/vivancoculturadevino.es\/blog\/wp-json\/wp\/v2\/posts\/2334\/revisions\/2346"}],"wp:featuredmedia":[{"embeddable":true,"href":"https:\/\/vivancoculturadevino.es\/blog\/wp-json\/wp\/v2\/media\/2339"}],"wp:attachment":[{"href":"https:\/\/vivancoculturadevino.es\/blog\/wp-json\/wp\/v2\/media?parent=2334"}],"wp:term":[{"taxonomy":"category","embeddable":true,"href":"https:\/\/vivancoculturadevino.es\/blog\/wp-json\/wp\/v2\/categories?post=2334"},{"taxonomy":"post_tag","embeddable":true,"href":"https:\/\/vivancoculturadevino.es\/blog\/wp-json\/wp\/v2\/tags?post=2334"}],"curies":[{"name":"wp","href":"https:\/\/api.w.org\/{rel}","templated":true}]}}