{"id":2295,"date":"2016-06-29T16:26:37","date_gmt":"2016-06-29T15:26:37","guid":{"rendered":"http:\/\/vivancoculturadevino.es\/blog\/?p=2295"},"modified":"2017-08-04T14:03:57","modified_gmt":"2017-08-04T13:03:57","slug":"pablo-sainz-villegas-maneras-contar-cultura-de-vino","status":"publish","type":"post","link":"https:\/\/vivancoculturadevino.es\/blog\/2016\/06\/29\/pablo-sainz-villegas-maneras-contar-cultura-de-vino\/","title":{"rendered":"Un apasionado Robin Hood, sobre las cuerdas de una guitarra"},"content":{"rendered":"<p style=\"text-align: left;\">Pablo S\u00e1inz Villegas<\/p>\n<h3 style=\"text-align: left;\">&#8220;La verdad m\u00e1s aut\u00e9ntica que he descubierto en la m\u00fasica ha sido aceptar mis limitaciones y aprender a quererme un poco m\u00e1s&#8221;.<\/h3>\n<p><em>Entrevista realizada por Lali Ortega Cer\u00f3n<\/em><\/p>\n<p>Cerca de Passau, en la Baja-Baviera, el luthier Matthias Dammann moldea el cuerpo y el alma de una de las cinco guitarras que anualmente salen de su taller, situado a unos 100 kil\u00f3metros de Munich. Desde 2007, uno de esos hijos inolvidables de madera y cuerda se funde, en cada concierto, en las manos y la esencia m\u00e1s profunda de Pablo S\u00e1inz Villegas. Siempre act\u00faa con la misma. Porque cuanto m\u00e1s la toca, m\u00e1s la conoce. Y cuanto m\u00e1s la conoce, mejor se expresa. Y esa guitarra, como \u00e9l, necesita estar viva.<\/p>\n<p>Las partituras de los compositores m\u00e1s geniales de la historia han emocionado, gracias a uno de los guitarristas m\u00e1s sobresalientes de la actualidad, a emblem\u00e1ticos auditorios de los cinco continentes: desde el Carnegie Hall de Nueva York, a la Filarm\u00f3nica de San Petersburgo o el Musikverein de Viena. Tambi\u00e9n a m\u00e1s de 15.000 ni\u00f1os que, a su vez, y gracias a una sonrisa que ilumina escenarios mucho m\u00e1s sombr\u00edos, le han dado m\u00e1s de una lecci\u00f3n vital a este m\u00fasico sobresaliente, apasionado y cercano. Un mago de las cuerdas, fundador del proyecto filantr\u00f3pico \u201c<em>El legado de la m\u00fasica sin fronteras\u201d.<\/em><\/p>\n<p>Tras actuar en el concierto &#8220;Pl\u00e1cido en el Alma&#8221; (29 de junio, en el Estadio Santiago Bernab\u00e9u), Pablo S\u00e1inz Villegas cumple una de sus afirmaciones m\u00e1s categ\u00f3ricas: \u201ctras los viajes, tras los conciertos, tras los aplausos, el lugar al que siempre quiero volver es, sin duda, La Rioja\u201d. Es su tierra. Es su casa. La misma que comprob\u00f3 que, sobre el escenario, un ni\u00f1o de 7 a\u00f1os ten\u00eda madera de artista.<\/p>\n<p><strong>Nos conocimos una tarde de verano de 1994, en un autob\u00fas Logro\u00f1o-Madrid. Coincidimos uno al lado del otro, en las primeras filas, a la izquierda del conductor. T\u00fa ibas al lado de la ventanilla\u2026 \u00a1Y con el tiempo (unos cuantos a\u00f1os despu\u00e9s) Vivanco nos volvi\u00f3 a juntar! Ah\u00ed estabas con tu guitarra como confidente, con 17 a\u00f1os a cuestas y la vida por delante. Creo recordar que era tu primera audici\u00f3n en la capital\u2026<\/strong><\/p>\n<p>(Risas\u2026) \u00a1Ah\u00ed tienes mejor memoria que yo! Esa es la edad\u2026 Sin duda ten\u00eda 17 a\u00f1os, porque era la primera audici\u00f3n para entrar en el Real Conservatorio Superior de M\u00fasica de Madrid. Supon\u00eda completar los dos \u00faltimos a\u00f1os de carrera titulada en Espa\u00f1a. Era un paso muy importante y emocionante en mi vida: ir de Logro\u00f1o a Madrid y participar en esta instituci\u00f3n con otros guitarristas a nivel nacional, ya no s\u00f3lo regional. Y tambi\u00e9n la oportunidad de tocar otro repertorio con el que siempre hab\u00eda so\u00f1ado, como el Concierto de Aranjuez, obra culmen de la guitarra cl\u00e1sica espa\u00f1ola, que se estudia en el \u00faltimo a\u00f1o de carrera. Y adem\u00e1s de la emoci\u00f3n, tambi\u00e9n supon\u00eda el \u201cgusanillo\u201d de decir ahora estoy en una liga mayor, tengo que ganarme mi plaza para entrar en el Real Conservatorio, con los mejores guitarristas de Espa\u00f1a. Sali\u00f3 muy bien. Fui segundo en ese examen y dos a\u00f1os m\u00e1s el primero de mi promoci\u00f3n. Una entrada maravillosa y una salida por la puerta grande.<\/p>\n\n<p>&nbsp;<\/p>\n<p><strong>\u00bfQu\u00e9 queda de ese chico de provincias? <\/strong><\/p>\n<p>Much\u00edsimas cosas, por no decir casi todo. Cuando te formas como ser humano, lo haces desde que naces hasta que llegas a ser un adulto. Y todos esos a\u00f1os los pas\u00e9 en La Rioja. Y, en verano, en el pueblo burgal\u00e9s de mi padre y en el de Palencia de mi madre. Soy parte de estas experiencias alrededor de la naturaleza; y, por otro lado, de la calidad de vida, de las personas y del entorno que una ciudad como Logro\u00f1o te ofrece. Crec\u00ed con estas experiencias y, por supuesto, en el nido de una familia maravillosa donde los valores humanos han sido, son y ser\u00e1n prioritarios. Todo eso queda en m\u00ed, como persona y artista, y es lo que me hace conectar con la gente. Me considero un Robin Hood de la guitarra, porque es el instrumento m\u00e1s cercano. La m\u00fasica es para todos: le pertenece al p\u00fablico y as\u00ed lo quiero compartir.<\/p>\n<p><strong>La vista es el primer sentido que ejercitamos al catar un vino. \u00bfUn m\u00fasico mira la vida de otra manera? <\/strong><\/p>\n<p>Sin duda. El mundo tiene muchas caras y depende de nosotros qu\u00e9 cara queremos ver y c\u00f3mo la queremos ver. Es ah\u00ed donde los artistas tenemos la bonita responsabilidad de ser idealistas, porque si no, \u00bfqui\u00e9n lo es? Es un medio de humanizaci\u00f3n, de llevar a los dem\u00e1s un poco m\u00e1s all\u00e1.<\/p>\n<p><strong>\u00bfTambi\u00e9n escuch\u00e1is la vida con otra intensidad?<\/strong><\/p>\n<p>Por supuesto. El o\u00eddo es nuestro medio de contacto art\u00edstico y los m\u00fasicos lo desarrollamos a un nivel fuera de lo com\u00fan. Por eso somos tan sensibles a cualquier ruido, a cualquier m\u00fasica. Es nuestra manera de conectarnos con el mundo. Tenemos otro grado para empatizar con los dem\u00e1s. Por otro lado, el silencio es el cambas para el m\u00fasico, el que permite que la m\u00fasica se pueda construir y dibujar. Una conversaci\u00f3n no se puede producir si no hay una escucha del pr\u00f3jimo. Este sentido es el medio que nos permite comunicarnos, algo tan ancestral e importante en la historia de la civilizaci\u00f3n\u2026 y en estos momentos.<\/p>\n<p><strong>La mezzosoprano Teresa Berganza, patrona de la Fundaci\u00f3n Vivanco para la Cultura del Vino, comentaba en una entrevista que sabr\u00eda reconocer los teatros por el olor\u2026<\/strong><\/p>\n<p>F\u00edjate que si tengo que escoger un sentido m\u00e1s vago, es el del olfato. (Risas) \u00a1Se me fueron todas las neuronas al o\u00eddo! Usar\u00e9 el olfato para una buena comida y un buen vino, para que sea m\u00e1s emocional. Pero es cierto que s\u00ed lo uso a nivel imaginativo, para dar car\u00e1cter a la m\u00fasica: m\u00e1s agrio, m\u00e1s dulce\u2026 son sensaciones con las que se pueden hacer paralelismos musicales.<\/p>\n<p><strong>Cu\u00e1l crees que ser\u00eda el sonido de la madera de una guitarra<\/strong><\/p>\n<p>Es un misterio. Incluso si un luthier fabrica dos guitarras con la misma madera, con las mismas tapas y el mismo corte, no sonar\u00eda igual. No hay una ciencia exacta. Ah\u00ed entra la m\u00edstica del artesano. Y ellos, de hecho, lo sienten as\u00ed.<\/p>\n<p><strong>\u00bfQu\u00e9 es lo m\u00e1s bonito que te han dicho?<\/strong><\/p>\n<p>(Pensativo\u2026) Hay varias\u2026 y bueno, son palabras que alimentan el ego. A todo el mundo le gusta que le digan cosas bonitas y despu\u00e9s de un concierto la gente te regala palabras preciosas, que agradezco profundamente. La primera persona que me ha venido a la cabeza fue, despu\u00e9s de un concierto en California, una mujer. Me dijo que era el Rafael Nadal de la guitarra. Y me pareci\u00f3 una analog\u00eda bonita por esa pasi\u00f3n, ese compromiso, esos valores\u2026 por todo lo que representa Rafael Nadal en un campo tan competitivo como el tenis. Un mundo que \u00e9l ha sabido inspirar gracias a un compromiso moral y a ser un magn\u00edfico l\u00edder en su campo. Un campo que ha trascendido para ser un l\u00edder en valores y un ejemplo de deportista en la pista. Hay varios m\u00e1s, y quiz\u00e1 m\u00e1s bonitos, pero es el primero que me ha venido a la cabeza.<\/p>\n<p><strong>\u00bfCu\u00e1ndo no hay que dar la nota? <\/strong><\/p>\n<p>La nota, por las que la m\u00fasica se produce, hay que darla en el escenario, con humildad, generosidad y respeto al compositor y a tu p\u00fablico, que espera de ti ese liderazgo e inspiraci\u00f3n: con la mayor calidad y compromiso emocional, con la responsabilidad que supone compartir una experiencia art\u00edstica. Y no hay que dar la nota en las situaciones donde es mejor un silencio que una palabra, en esos momentos de prudencia del ser humano, donde nos diferenciamos en muchos aspectos de los animales. La inteligencia emocional nos indica cu\u00e1ndo dar la nota y cu\u00e1ndo no.<\/p>\n<p><strong>\u00bfEs f\u00e1cil digerir el \u00e9xito? <\/strong><\/p>\n<p>Para m\u00ed no. He nacido as\u00ed y seguir\u00e9 siendo as\u00ed. Cuando tienes unos valores como la humildad o la responsabilidad de compartir algo precioso, y de aprender lo que los dem\u00e1s tienen que decirte, te das cuenta que al final no es \u00e9xito o no \u00e9xito: es una forma de vida basada en la exigencia y en dar siempre lo m\u00e1ximo de ti como persona. Y en ese camino no hay un punto de llegada. Es una manera de vivir. Me siento muy afortunado del entorno familiar en el que crec\u00ed, en el de mis ancestros que transmitieron esa antorcha, ese fuego de valores. Y ese es mi motor de vida cada d\u00eda. En realidad siento que quiero hacer m\u00e1s, desarrollar muchos m\u00e1s proyectos. Quiero llegar con la m\u00fasica a niveles emocionales m\u00e1s profundos e inspirar m\u00e1s a la gente. Si te das cuenta y lo miras desde ese punto de vista la perspectiva es la siguiente: en realidad hay tanto por conseguir, que esa es la motivaci\u00f3n del d\u00eda a d\u00eda. Y si ya llegu\u00e9\u2026 pues entonces hay que buscar otras motivaciones, para tener una excusa para levantarte por la ma\u00f1ana.<\/p>\n<p><strong>Hablando de levantarte\u2026 En una ocasi\u00f3n un gran violinista me comentaba que lo primero que hac\u00eda al despertarse era comprobar que las manos le respond\u00edan bien para seguir tocando\u2026 \u00bfC\u00f3mo transcurre el d\u00eda a d\u00eda de un m\u00fasico?<\/strong><\/p>\n<p>Empiezo la ma\u00f1ana meditando diez minutos: ese es mi buenos d\u00edas.\u00a0 Y termino el d\u00eda meditando otros diez minutos: esas son mis buenas noches. Me ayuda a conectarme con mi cuerpo, con qui\u00e9n eres y d\u00f3nde est\u00e1s. As\u00ed paso del mundo de los sue\u00f1os al mundo real. El d\u00eda a d\u00eda es dedicaci\u00f3n a algo que disfruto y que he escogido. Me siento muy afortunado de vivir la vida que he so\u00f1ado vivir. El arte est\u00e1 basado en la excelencia y por eso hay que dar la exigencia en el trabajo, en el arte, en la relaci\u00f3n con cada nota musical. Y tambi\u00e9n es importante disfrutarlo cada d\u00eda y aceptarte con las limitaciones que tenemos como ser humano. Llevo un estilo de vida diferente, pero normal para m\u00ed: viajar mucho, con la responsabilidad de dar lo mejor en un concierto a pesar de que pueda estar cansado o en un estado determinado. Adem\u00e1s, disfruto de todas las personas que tengo la fortuna de conocer y que me inspiran much\u00edsimo. Si tengo que escoger, conocerla es un regalo que me da la vida.<\/p>\n<p><strong>\u00bfQui\u00e9nes te han impactado?<\/strong><\/p>\n<p>El Dalai Lama. A pesar de que fueron unos pocos minutos, cuando lo encontr\u00e9, cuando puede tocar la guitarra para \u00e9l, fue una persona que, simplemente con su mirada, not\u00e9 que me hab\u00eda transformado. \u00a1Tanta compasi\u00f3n y esa sinceridad de un ni\u00f1o! Otra persona que me inspir\u00f3 much\u00edsimo fue el compositor John Williams, ganador de cinco \u00d3scar y autor de tantas bandas sonoras inolvidables, entre ellas Star Wars, Tibur\u00f3n, E.T., Memorias de una geisha o La lista de Schindler. Yo hab\u00eda crecido escuchando Superman, incluso la recordaba para identificar un intervalo de quinta justa en m\u00fasica\u2026 Y de repente est\u00e1s ah\u00ed, en su casa\u2026 y \u00e9l trat\u00e1ndome como un colega m\u00e1s, haci\u00e9ndome sentir tan especial. Fue una gran inspiraci\u00f3n: est\u00e1s ante una estrella como \u00e9l, con lo que representa en el mundo de la m\u00fasica, y encuentras a un hombre con esa humildad que hace a los grandes. Fue tremendamente emocionante. Y otra persona que no puedo obviar es Pl\u00e1cido Domingo. En ese sentido es muy parecido a John Williams: simplemente estar a su lado y escucharle hablar te emociona. Y ya cuando canta, \u00a1fig\u00farate! Son l\u00edderes culturales\u2026 Pero tambi\u00e9n tengo en la memoria muchos ni\u00f1os de Tijuana, que me han dado una lecci\u00f3n de c\u00f3mo es vivir la vida con alegr\u00eda, con una sonrisa gigante, con una fresca emoci\u00f3n. Y entre estos dos extremos te das cuenta de lo mismo: que son seres humanos.<\/p>\n\n<p>&nbsp;<\/p>\n<p><strong>El tacto de una guitarra\u2026 supongo que en este instrumento tambi\u00e9n habr\u00e1 el Gran Reserva de la madera. <\/strong><\/p>\n<p>Las maderas son muy viejas porque necesitan secarse y el proceso puede llevar hasta 80 a\u00f1os. Los luthieres son muy conscientes de la gran labor de la madera, a la que dan vida. Son muy cuidadosos y conscientes de su uso. A la historia que encierra la madera, el artesano tambi\u00e9n le imprime respeto: le da una vida, es casi \u00a0como si compartiera a un hijo suyo. Cada madera ofrece, seg\u00fan su densidad y vibraci\u00f3n, un sonido diferente. De pino y de cedro, cada una te da su personalidad. Su vida es m\u00e1s limitada por una cuesti\u00f3n f\u00edsica. Stradivarius tambi\u00e9n construy\u00f3 guitarras, que al contrario que los violines, no perduran en la actualidad como instrumentos musicales. En los violines el cuerpo no sufre la tensi\u00f3n de las cuerdas, por eso se desarrolla, incluso mejora con los a\u00f1os.<\/p>\n<p><strong>Alguna vez se te ha roto una cuerda en un concierto\u2026 <\/strong><\/p>\n<p>Toco madera, pero no. Tiene una explicaci\u00f3n. Cambio las cuerdas de la guitarra pr\u00e1cticamente para cada concierto. Son cuerdas nuevas y es muy dif\u00edcil que se rompan. Est\u00e1n hechas para aguantar varias semanas. Las cambio no s\u00f3lo para que no se rompan, sino porque la cuarta, quinta y sexta cuerda necesitan la frescura de que sean nuevas, para que tengan ese brillo en el sonido que quiero transmitir, y que desaparece al cabo de dos o tres conciertos.<\/p>\n<p><strong>\u00bfCu\u00e1ndo te has sentido contra las cuerdas?<\/strong><\/p>\n<p>(Umm\u2026) En alguna ocasi\u00f3n en el escenario. Es un sitio maravilloso que me ha llevado y me lleva a estar en el cielo. Es un lugar indescriptible donde te conectas con miles de personas. Es m\u00e1gico. Pero tambi\u00e9n tiene esa otra cara de la luna: si no te sientes c\u00f3modo, te vuelves vulnerable, y como artista, tienes que aprender a dar lo mejor de ti y a superar ese sentimiento de vulnerabilidad. Cuando me he sentido contra las cuerdas, con entrega y pasi\u00f3n, al final he conectado con el p\u00fablico.<\/p>\n<p><strong>Tantos pa\u00edses, tantos escenarios, conocer la cara oscura de la pobreza\u2026 \u00bfQu\u00e9 es para ti lo esencial y d\u00f3nde buscas el silencio?<\/strong><\/p>\n<p>(Pensativo\u2026) Lo esencial pasa por ser consciente del momento que est\u00e1s viviendo. Si te gusta, disfr\u00fatalo. Si no, c\u00e1mbialo. Al final te das cuenta que la vida es como la vives, es la calidad del tiempo. El tiempo pasa y al final no se trata de lo que consigo o no consigo: es c\u00f3mo disfrutas, con qui\u00e9n y c\u00f3mo te sientes en ese tiempo.<\/p>\n<p><strong>\u00bfY entre tantos aplausos y partituras, d\u00f3nde buscas el silencio?<\/strong><\/p>\n<p>El silencio es necesario siempre que no sea imprescindible. \u00bfTiene sentido? (Risas). Cuando una persona tiene algo que decirte, eso es m\u00e1s importante que el silencio. La belleza de la m\u00fasica tambi\u00e9n tiene que nacer de ese silencio. Viviendo en Nueva York he desarrollado, \u00a1c\u00f3mo explicarlo! ese sentido extra de ser muy sensible al sonido, porque es una ciudad que te ofrece muchas sensaciones de amor y odio, y esta es una de ellas. Yo amo el silencio y la ciudad no me lo da. Sin embargo, amo Nueva York.<\/p>\n<p><strong>Con tanto viaje\u2026 \u00bfcu\u00e1l es tu mejor lugar para volver?<\/strong><\/p>\n<p>Sin duda, La Rioja.<\/p>\n<p><strong>\u00bfC\u00f3mo te preparas f\u00edsica y psicol\u00f3gicamente para un concierto?<\/strong><\/p>\n<p>F\u00edsicamente llevo una vida sana, con un poco de deporte. Soy muy sensible a la alimentaci\u00f3n. Los d\u00edas de los conciertos intento llevar dieta cuidada, con productos que me sienten bien, con carbohidratos. Siempre que sea posible, intento echarme una siesta. Los artistas tenemos esa parte f\u00edsica de los deportistas. Y respecto a la parte psicol\u00f3gica y emocional, trato de estar tranquilo, concentrado, y de visualizar la m\u00fasica que quiero tocar esa tarde. Tengo que conectarme con mi esencia m\u00e1s profunda y tengo que hacer ejercicios t\u00e9cnicos con el instrumento, compaginados con la respiraci\u00f3n. Si me conecto espiritualmente conmigo mismo, a trav\u00e9s de esos movimientos t\u00e9cnicos complej\u00edsimos de la guitarra, puedo abrir la ventana al p\u00fablico, sentir esa dualidad. Esa conexi\u00f3n que est\u00e1 viva y que es una ardiente pasi\u00f3n.<\/p>\n<p><a href=\"http:\/\/vivancoculturadevino.es\/blog\/wp-content\/uploads\/2016\/06\/Actuaci\u00f3n-Pablo-S\u00e1enz-Villegas-Museo-de-la-Cultura-del-Vino.jpg\"><img fetchpriority=\"high\" decoding=\"async\" width=\"1024\" height=\"724\" class=\"aligncenter size-large wp-image-2302\" src=\"\/\/vivancoculturadevino.es\/blog\/wp-content\/uploads\/2016\/06\/Actuaci\u00f3n-Pablo-S\u00e1enz-Villegas-Museo-de-la-Cultura-del-Vino-1024x724.jpg\" alt=\"Actuaci\u00f3n Pablo S\u00e1enz Villegas-Museo de la Cultura del Vino\" srcset=\"https:\/\/vivancoculturadevino.es\/blog\/wp-content\/uploads\/2016\/06\/Actuaci\u00f3n-Pablo-S\u00e1enz-Villegas-Museo-de-la-Cultura-del-Vino-1024x724.jpg 1024w, https:\/\/vivancoculturadevino.es\/blog\/wp-content\/uploads\/2016\/06\/Actuaci\u00f3n-Pablo-S\u00e1enz-Villegas-Museo-de-la-Cultura-del-Vino-300x212.jpg 300w, https:\/\/vivancoculturadevino.es\/blog\/wp-content\/uploads\/2016\/06\/Actuaci\u00f3n-Pablo-S\u00e1enz-Villegas-Museo-de-la-Cultura-del-Vino.jpg 1054w\" sizes=\"(max-width: 1024px) 100vw, 1024px\" \/><\/a><\/p>\n<p><strong>Si repasamos la vida de los compositores y sus obras, que nos siguen acompa\u00f1ando en este paseo fugaz por nuestro calendario vital, comprobamos que las emociones y ciertos c\u00e1nones tampoco han cambiado tanto siglos despu\u00e9s. Encontramos genios, compositores atormentados, seductores, trasgresores\u2026 Tras estudiar su biograf\u00eda y sus obras, con qu\u00e9 m\u00fasico\u2026<\/strong><\/p>\n<p><strong>Te tomar\u00edas un vino<\/strong><\/p>\n<p>\u00bfY no podr\u00edan ser dos?<\/p>\n<p><strong>Bueno, por ser t\u00fa\u2026 <\/strong><\/p>\n<p>(Risas\u2026). \u00a1Esa es la magia de la imaginaci\u00f3n, el viaje en el tiempo! Me llevar\u00eda a Bach y Beethoven. Me encantar\u00eda que se tomaran un vino conmigo. El primero representa todav\u00eda al artesano de la m\u00fasica: hab\u00eda una finalidad muy clara, una intencionalidad en su m\u00fasica. No hay una m\u00fasica como la suya antes de su llegada. Para los oficios de cada domingo, \u00e9l compon\u00eda diferentes cantatas. Su calidad y d\u00f3nde lleg\u00f3, con la t\u00e9cnica anacr\u00f3nica para la \u00e9poca, como fue el contrapunto, y llevarlo a su m\u00e1ximo exponente, fue una genialidad. Era profundamente espiritual y conectaba con Dios a trav\u00e9s de la m\u00fasica. Y Beethoven, casi un siglo despu\u00e9s, representa el artista que en sus ideales humanistas idealizaba la espiritualidad y las emociones del ser humano, sin estar vinculado a la religi\u00f3n o a un jefe al que rendirle cuentas. Son dos personajes que marcaron un antes y despu\u00e9s en la historia de la m\u00fasica y con los que me siento profundamente identificado.<\/p>\n<p><strong>Supongo que compartir\u00edas una buena comilona con Rossini. Pero a qui\u00e9n le dir\u00edas eso de\u2026 \u00a1Te dejo\u2026 y de verdad\u2026 \u201cno eres t\u00fa, soy yo\u201d!<\/strong><\/p>\n<p>(Risas\u2026) Es una pregunta\u2026 Creo que Bruckner, el compositor sinf\u00f3nico. No compuso nada para guitarra. No es por \u00e9l, que es un gran compositor. Soy yo.<\/p>\n<p><strong>Le har\u00edas una declaraci\u00f3n de amor<\/strong><\/p>\n<p>Voy a tirar de t\u00f3picos. Clara Schumann (1819-1896). Fue una mujer que rob\u00f3 el coraz\u00f3n de muchos m\u00fasicos de la \u00e9poca. Debi\u00f3 de ser una persona profundamente especial y \u00fanica en su personalidad.<\/p>\n<p><strong>Compartir\u00edas sentido del humor<\/strong><\/p>\n<p>Mozart. Por esa facilidad, genialidad y frescura con la que se relacionaba con la m\u00fasica.<\/p>\n<p><strong>Resolver\u00edas un enigma musical<\/strong><\/p>\n<p>Luciano Berio. Un compositor italiano del siglo XX. Compuso una obra para guitarra que grab\u00e9 y estudi\u00e9 durante 6 a\u00f1os. Sequenza n\u00famero 11 era la obra, abstracta, conceptual. Fue un estudio profundo de la partitura, para relacionar las c\u00e9lulas que \u00e9l emple\u00f3. No se me qued\u00f3 un enigma sin resolver porque quiz\u00e1 el deseaba que fuera as\u00ed, que cada uno resolviera el puzle enigm\u00e1tico.<\/p>\n<p><strong>\u00bfQui\u00e9n ser\u00eda tu confidente?<\/strong><\/p>\n<p>Joaqu\u00edn Rodrigo. Al componer tanta obra para guitarra, tan emocional, con la que me conecto en cada concierto\u2026 No tuve el privilegio de haberle conocido, pero es mi confidente en muchas noches de concierto.<\/p>\n<p><strong>Tu concierto pendiente<\/strong><\/p>\n<p>Sin duda, tocar con la Orquesta Filarm\u00f3nica de Berl\u00edn. En mis a\u00f1os en Alemania, iba a los conciertos como oyente. Y la sensaci\u00f3n a\u00fan perdura.<\/p>\n<p><strong>Act\u00faas en el concierto <\/strong><strong>&#8220;Pl\u00e1cido en el Alma&#8221;<\/strong><strong>, un homenaje de decenas de artistas a Pl\u00e1cido Domingo, ante un Santiago Bernab\u00e9u entregado. Y vuelves a tu tierra. El d\u00eda 2 de julio, s\u00e1bado, tendr\u00e1 lugar tu esperado encuentro en Maneras de Contar, con peque\u00f1os y adultos, en el Museo Vivanco de la Cultura del Vino (La Rioja). <\/strong><\/p>\n<p><strong>Los ni\u00f1os y la m\u00fasica son un t\u00e1ndem emocionante <\/strong><\/p>\n<p>Yo apuesto por esa relaci\u00f3n, es parte de mi compromiso art\u00edstico y humano: que los m\u00e1s peque\u00f1os se acerquen a la m\u00fasica cl\u00e1sica y la m\u00fasica se acerque a ellos, para que descubran ese universo emocional. En mi proyecto \u201c<em>El legado de la m\u00fasica sin fronteras\u201d, gracias al que<\/em> he tocado para m\u00e1s de 15.000 ni\u00f1os, descubres que son esponjas. Por eso es importante ofrecerles alternativas de calidad, que les inspire y les forje como personas. La m\u00fasica cl\u00e1sica transmite de manera profunda y sutil las emociones, y al mismo tiempo, las m\u00e1s inocentes y universales. Para ellos supone descubrir sus emociones que, de otra manera, no podr\u00edan conocer. Es un regalo, un impacto para el resto de sus vidas.<\/p>\n<p><a href=\"http:\/\/vivancoculturadevino.es\/blog\/wp-content\/uploads\/2016\/06\/pablo-deac.jpg\"><img decoding=\"async\" width=\"700\" height=\"467\" class=\"aligncenter size-full wp-image-2300\" src=\"\/\/vivancoculturadevino.es\/blog\/wp-content\/uploads\/2016\/06\/pablo-deac.jpg\" alt=\"pablo-deac\" srcset=\"https:\/\/vivancoculturadevino.es\/blog\/wp-content\/uploads\/2016\/06\/pablo-deac.jpg 700w, https:\/\/vivancoculturadevino.es\/blog\/wp-content\/uploads\/2016\/06\/pablo-deac-300x200.jpg 300w\" sizes=\"(max-width: 700px) 100vw, 700px\" \/><\/a><\/p>\n<p><strong>Y para los mayores, \u00bfno te parece que nunca es demasiado tarde para comenzar una historia apasionante?<\/strong><\/p>\n<p>Por supuesto. Ese es mi lema: la m\u00fasica es para todo el mundo. M\u00e1s all\u00e1 de las palabras, el lenguaje musical es global, es el idioma de las emociones. Da igual que seas adulto, budista, cristiano, japon\u00e9s o canadiense. Y esa es la magia: todos experimentamos el sentimiento de felicidad y tristeza. Y ah\u00ed es donde la m\u00fasica nos une. Creo que la \u00a0necesitamos en este mundo tan tecnol\u00f3gico que, a veces, nos desconecta del pr\u00f3jimo y de nosotros mismos.<\/p>\n<p><strong>Para terminar \u00bfNos confiesas la verdad m\u00e1s aut\u00e9ntica que has descubierto a trav\u00e9s de las partituras?<\/strong><\/p>\n<p>(Emocionado\u2026) Dos cosas. La primera, el quererte a ti mismo. (Silencio\u2026) Y la otra, el aceptarte. Aceptarte con tus limitaciones y, con ellas, quererte lo m\u00e1s que puedas. Este es un consejo para cualquier ser humano, que nos debemos recordar. Al final somos espejos unos de otros\u2026 y as\u00ed nos reflejamos.<\/p>\n","protected":false},"excerpt":{"rendered":"<p>&#8220;La verdad m\u00e1s aut\u00e9ntica que he descubierto en la m\u00fasica ha sido aceptar mis limitaciones y aprender a quererme un poco m\u00e1s&#8221;<\/p>\n","protected":false},"author":1,"featured_media":2305,"comment_status":"open","ping_status":"open","sticky":false,"template":"","format":"standard","meta":{"footnotes":"","_elementor_edit_mode":"","_elementor_template_type":"","_elementor_data":"","_elementor_page_settings":null,"_elementor_conditions":[]},"categories":[439],"tags":[19,26,275,274],"class_list":["post-2295","post","type-post","status-publish","format-standard","has-post-thumbnail","hentry","category-maneras-contar","tag-cultura-de-vino","tag-enoturismo","tag-maneras-de-contar","tag-pablo-sainz-villegas"],"yoast_head":"<!-- This site is optimized with the Yoast SEO plugin v26.8 - https:\/\/yoast.com\/product\/yoast-seo-wordpress\/ -->\n<title>Un apasionado Robin Hood, sobre las cuerdas de una guitarra | Vivanco<\/title>\n<meta name=\"description\" content=\"Actividad con el guitarrista Pablo S\u00e1inz Villegas dentro del programa Maneras de Contar la Cultura del Vino\" \/>\n<meta name=\"robots\" content=\"index, follow, max-snippet:-1, max-image-preview:large, max-video-preview:-1\" \/>\n<link rel=\"canonical\" href=\"https:\/\/vivancoculturadevino.es\/blog\/2016\/06\/29\/pablo-sainz-villegas-maneras-contar-cultura-de-vino\/\" \/>\n<meta property=\"og:locale\" content=\"es_ES\" \/>\n<meta property=\"og:type\" content=\"article\" \/>\n<meta property=\"og:title\" content=\"Un apasionado Robin Hood, sobre las cuerdas de una guitarra | Vivanco\" \/>\n<meta property=\"og:description\" content=\"Actividad con el guitarrista Pablo S\u00e1inz Villegas dentro del programa Maneras de Contar la Cultura del Vino\" \/>\n<meta property=\"og:url\" content=\"https:\/\/vivancoculturadevino.es\/blog\/2016\/06\/29\/pablo-sainz-villegas-maneras-contar-cultura-de-vino\/\" \/>\n<meta property=\"og:site_name\" content=\"Vivanco\" \/>\n<meta property=\"article:author\" content=\"https:\/\/www.facebook.com\/vivancoculturadevino\" \/>\n<meta property=\"article:published_time\" content=\"2016-06-29T15:26:37+00:00\" \/>\n<meta property=\"article:modified_time\" content=\"2017-08-04T13:03:57+00:00\" \/>\n<meta property=\"og:image\" content=\"https:\/\/vivancoculturadevino.es\/blog\/wp-content\/uploads\/2016\/06\/460x322-web-0.jpg\" \/>\n\t<meta property=\"og:image:width\" content=\"460\" \/>\n\t<meta property=\"og:image:height\" content=\"322\" \/>\n\t<meta property=\"og:image:type\" content=\"image\/jpeg\" \/>\n<meta name=\"author\" content=\"Vivanco\" \/>\n<meta name=\"twitter:card\" content=\"summary_large_image\" \/>\n<meta name=\"twitter:creator\" content=\"@https:\/\/twitter.com\/Vivanco_es\" \/>\n<meta name=\"twitter:label1\" content=\"Escrito por\" \/>\n\t<meta name=\"twitter:data1\" content=\"Vivanco\" \/>\n\t<meta name=\"twitter:label2\" content=\"Tiempo de lectura\" \/>\n\t<meta name=\"twitter:data2\" content=\"19 minutos\" \/>\n<script type=\"application\/ld+json\" class=\"yoast-schema-graph\">{\"@context\":\"https:\/\/schema.org\",\"@graph\":[{\"@type\":\"Article\",\"@id\":\"https:\/\/vivancoculturadevino.es\/blog\/2016\/06\/29\/pablo-sainz-villegas-maneras-contar-cultura-de-vino\/#article\",\"isPartOf\":{\"@id\":\"https:\/\/vivancoculturadevino.es\/blog\/2016\/06\/29\/pablo-sainz-villegas-maneras-contar-cultura-de-vino\/\"},\"author\":{\"name\":\"Vivanco\",\"@id\":\"https:\/\/vivancoculturadevino.es\/blog\/#\/schema\/person\/745931ee54ccbb839d8df0cceb02db4c\"},\"headline\":\"Un apasionado Robin Hood, sobre las cuerdas de una guitarra\",\"datePublished\":\"2016-06-29T15:26:37+00:00\",\"dateModified\":\"2017-08-04T13:03:57+00:00\",\"mainEntityOfPage\":{\"@id\":\"https:\/\/vivancoculturadevino.es\/blog\/2016\/06\/29\/pablo-sainz-villegas-maneras-contar-cultura-de-vino\/\"},\"wordCount\":3792,\"commentCount\":0,\"publisher\":{\"@id\":\"https:\/\/vivancoculturadevino.es\/blog\/#organization\"},\"image\":{\"@id\":\"https:\/\/vivancoculturadevino.es\/blog\/2016\/06\/29\/pablo-sainz-villegas-maneras-contar-cultura-de-vino\/#primaryimage\"},\"thumbnailUrl\":\"https:\/\/vivancoculturadevino.es\/blog\/wp-content\/uploads\/2016\/06\/460x322-web-0.jpg\",\"keywords\":[\"cultura de vino\",\"enoturismo\",\"maneras de contar\",\"pablo sainz villegas\"],\"articleSection\":[\"Maneras de Contar\"],\"inLanguage\":\"es\",\"potentialAction\":[{\"@type\":\"CommentAction\",\"name\":\"Comment\",\"target\":[\"https:\/\/vivancoculturadevino.es\/blog\/2016\/06\/29\/pablo-sainz-villegas-maneras-contar-cultura-de-vino\/#respond\"]}]},{\"@type\":\"WebPage\",\"@id\":\"https:\/\/vivancoculturadevino.es\/blog\/2016\/06\/29\/pablo-sainz-villegas-maneras-contar-cultura-de-vino\/\",\"url\":\"https:\/\/vivancoculturadevino.es\/blog\/2016\/06\/29\/pablo-sainz-villegas-maneras-contar-cultura-de-vino\/\",\"name\":\"Un apasionado Robin Hood, sobre las cuerdas de una guitarra | Vivanco\",\"isPartOf\":{\"@id\":\"https:\/\/vivancoculturadevino.es\/blog\/#website\"},\"primaryImageOfPage\":{\"@id\":\"https:\/\/vivancoculturadevino.es\/blog\/2016\/06\/29\/pablo-sainz-villegas-maneras-contar-cultura-de-vino\/#primaryimage\"},\"image\":{\"@id\":\"https:\/\/vivancoculturadevino.es\/blog\/2016\/06\/29\/pablo-sainz-villegas-maneras-contar-cultura-de-vino\/#primaryimage\"},\"thumbnailUrl\":\"https:\/\/vivancoculturadevino.es\/blog\/wp-content\/uploads\/2016\/06\/460x322-web-0.jpg\",\"datePublished\":\"2016-06-29T15:26:37+00:00\",\"dateModified\":\"2017-08-04T13:03:57+00:00\",\"description\":\"Actividad con el guitarrista Pablo S\u00e1inz Villegas dentro del programa Maneras de Contar la Cultura del Vino\",\"breadcrumb\":{\"@id\":\"https:\/\/vivancoculturadevino.es\/blog\/2016\/06\/29\/pablo-sainz-villegas-maneras-contar-cultura-de-vino\/#breadcrumb\"},\"inLanguage\":\"es\",\"potentialAction\":[{\"@type\":\"ReadAction\",\"target\":[\"https:\/\/vivancoculturadevino.es\/blog\/2016\/06\/29\/pablo-sainz-villegas-maneras-contar-cultura-de-vino\/\"]}]},{\"@type\":\"ImageObject\",\"inLanguage\":\"es\",\"@id\":\"https:\/\/vivancoculturadevino.es\/blog\/2016\/06\/29\/pablo-sainz-villegas-maneras-contar-cultura-de-vino\/#primaryimage\",\"url\":\"https:\/\/vivancoculturadevino.es\/blog\/wp-content\/uploads\/2016\/06\/460x322-web-0.jpg\",\"contentUrl\":\"https:\/\/vivancoculturadevino.es\/blog\/wp-content\/uploads\/2016\/06\/460x322-web-0.jpg\",\"width\":460,\"height\":322},{\"@type\":\"BreadcrumbList\",\"@id\":\"https:\/\/vivancoculturadevino.es\/blog\/2016\/06\/29\/pablo-sainz-villegas-maneras-contar-cultura-de-vino\/#breadcrumb\",\"itemListElement\":[{\"@type\":\"ListItem\",\"position\":1,\"name\":\"Portada\",\"item\":\"https:\/\/vivancoculturadevino.es\/blog\/\"},{\"@type\":\"ListItem\",\"position\":2,\"name\":\"Un apasionado Robin Hood, sobre las cuerdas de una guitarra\"}]},{\"@type\":\"WebSite\",\"@id\":\"https:\/\/vivancoculturadevino.es\/blog\/#website\",\"url\":\"https:\/\/vivancoculturadevino.es\/blog\/\",\"name\":\"Vivanco\",\"description\":\"Una familia y una pasi\u00f3n: Compartir la cultura del vino\",\"publisher\":{\"@id\":\"https:\/\/vivancoculturadevino.es\/blog\/#organization\"},\"potentialAction\":[{\"@type\":\"SearchAction\",\"target\":{\"@type\":\"EntryPoint\",\"urlTemplate\":\"https:\/\/vivancoculturadevino.es\/blog\/?s={search_term_string}\"},\"query-input\":{\"@type\":\"PropertyValueSpecification\",\"valueRequired\":true,\"valueName\":\"search_term_string\"}}],\"inLanguage\":\"es\"},{\"@type\":\"Organization\",\"@id\":\"https:\/\/vivancoculturadevino.es\/blog\/#organization\",\"name\":\"Vivanco\",\"url\":\"https:\/\/vivancoculturadevino.es\/blog\/\",\"logo\":{\"@type\":\"ImageObject\",\"inLanguage\":\"es\",\"@id\":\"https:\/\/vivancoculturadevino.es\/blog\/#\/schema\/logo\/image\/\",\"url\":\"https:\/\/vivancoculturadevino.es\/blog\/wp-content\/uploads\/2026\/01\/Logo-blanco.svg\",\"contentUrl\":\"https:\/\/vivancoculturadevino.es\/blog\/wp-content\/uploads\/2026\/01\/Logo-blanco.svg\",\"width\":134,\"height\":43,\"caption\":\"Vivanco\"},\"image\":{\"@id\":\"https:\/\/vivancoculturadevino.es\/blog\/#\/schema\/logo\/image\/\"}},{\"@type\":\"Person\",\"@id\":\"https:\/\/vivancoculturadevino.es\/blog\/#\/schema\/person\/745931ee54ccbb839d8df0cceb02db4c\",\"name\":\"Vivanco\",\"image\":{\"@type\":\"ImageObject\",\"inLanguage\":\"es\",\"@id\":\"https:\/\/vivancoculturadevino.es\/blog\/#\/schema\/person\/image\/\",\"url\":\"https:\/\/secure.gravatar.com\/avatar\/61b66c59d132db2f7ad4dfd1cc89bbd508b4d5888ab39ddba99f2aca247b7fb3?s=96&d=mm&r=g\",\"contentUrl\":\"https:\/\/secure.gravatar.com\/avatar\/61b66c59d132db2f7ad4dfd1cc89bbd508b4d5888ab39ddba99f2aca247b7fb3?s=96&d=mm&r=g\",\"caption\":\"Vivanco\"},\"description\":\"Bodega, Fundaci\u00f3n, Experiencias. Compartiendo Cultura de Vino\",\"sameAs\":[\"http:\/\/www.vivancoculturadevino.es\",\"https:\/\/www.facebook.com\/vivancoculturadevino\",\"https:\/\/x.com\/https:\/\/twitter.com\/Vivanco_es\",\"https:\/\/www.youtube.com\/channel\/UC8a2nOiF7kAQNPPduAi2Evw\/videos\"],\"url\":\"https:\/\/vivancoculturadevino.es\/blog\/author\/administrator\/\"}]}<\/script>\n<!-- \/ Yoast SEO plugin. -->","yoast_head_json":{"title":"Un apasionado Robin Hood, sobre las cuerdas de una guitarra | Vivanco","description":"Actividad con el guitarrista Pablo S\u00e1inz Villegas dentro del programa Maneras de Contar la Cultura del Vino","robots":{"index":"index","follow":"follow","max-snippet":"max-snippet:-1","max-image-preview":"max-image-preview:large","max-video-preview":"max-video-preview:-1"},"canonical":"https:\/\/vivancoculturadevino.es\/blog\/2016\/06\/29\/pablo-sainz-villegas-maneras-contar-cultura-de-vino\/","og_locale":"es_ES","og_type":"article","og_title":"Un apasionado Robin Hood, sobre las cuerdas de una guitarra | Vivanco","og_description":"Actividad con el guitarrista Pablo S\u00e1inz Villegas dentro del programa Maneras de Contar la Cultura del Vino","og_url":"https:\/\/vivancoculturadevino.es\/blog\/2016\/06\/29\/pablo-sainz-villegas-maneras-contar-cultura-de-vino\/","og_site_name":"Vivanco","article_author":"https:\/\/www.facebook.com\/vivancoculturadevino","article_published_time":"2016-06-29T15:26:37+00:00","article_modified_time":"2017-08-04T13:03:57+00:00","og_image":[{"width":460,"height":322,"url":"https:\/\/vivancoculturadevino.es\/blog\/wp-content\/uploads\/2016\/06\/460x322-web-0.jpg","type":"image\/jpeg"}],"author":"Vivanco","twitter_card":"summary_large_image","twitter_creator":"@https:\/\/twitter.com\/Vivanco_es","twitter_misc":{"Escrito por":"Vivanco","Tiempo de lectura":"19 minutos"},"schema":{"@context":"https:\/\/schema.org","@graph":[{"@type":"Article","@id":"https:\/\/vivancoculturadevino.es\/blog\/2016\/06\/29\/pablo-sainz-villegas-maneras-contar-cultura-de-vino\/#article","isPartOf":{"@id":"https:\/\/vivancoculturadevino.es\/blog\/2016\/06\/29\/pablo-sainz-villegas-maneras-contar-cultura-de-vino\/"},"author":{"name":"Vivanco","@id":"https:\/\/vivancoculturadevino.es\/blog\/#\/schema\/person\/745931ee54ccbb839d8df0cceb02db4c"},"headline":"Un apasionado Robin Hood, sobre las cuerdas de una guitarra","datePublished":"2016-06-29T15:26:37+00:00","dateModified":"2017-08-04T13:03:57+00:00","mainEntityOfPage":{"@id":"https:\/\/vivancoculturadevino.es\/blog\/2016\/06\/29\/pablo-sainz-villegas-maneras-contar-cultura-de-vino\/"},"wordCount":3792,"commentCount":0,"publisher":{"@id":"https:\/\/vivancoculturadevino.es\/blog\/#organization"},"image":{"@id":"https:\/\/vivancoculturadevino.es\/blog\/2016\/06\/29\/pablo-sainz-villegas-maneras-contar-cultura-de-vino\/#primaryimage"},"thumbnailUrl":"https:\/\/vivancoculturadevino.es\/blog\/wp-content\/uploads\/2016\/06\/460x322-web-0.jpg","keywords":["cultura de vino","enoturismo","maneras de contar","pablo sainz villegas"],"articleSection":["Maneras de Contar"],"inLanguage":"es","potentialAction":[{"@type":"CommentAction","name":"Comment","target":["https:\/\/vivancoculturadevino.es\/blog\/2016\/06\/29\/pablo-sainz-villegas-maneras-contar-cultura-de-vino\/#respond"]}]},{"@type":"WebPage","@id":"https:\/\/vivancoculturadevino.es\/blog\/2016\/06\/29\/pablo-sainz-villegas-maneras-contar-cultura-de-vino\/","url":"https:\/\/vivancoculturadevino.es\/blog\/2016\/06\/29\/pablo-sainz-villegas-maneras-contar-cultura-de-vino\/","name":"Un apasionado Robin Hood, sobre las cuerdas de una guitarra | Vivanco","isPartOf":{"@id":"https:\/\/vivancoculturadevino.es\/blog\/#website"},"primaryImageOfPage":{"@id":"https:\/\/vivancoculturadevino.es\/blog\/2016\/06\/29\/pablo-sainz-villegas-maneras-contar-cultura-de-vino\/#primaryimage"},"image":{"@id":"https:\/\/vivancoculturadevino.es\/blog\/2016\/06\/29\/pablo-sainz-villegas-maneras-contar-cultura-de-vino\/#primaryimage"},"thumbnailUrl":"https:\/\/vivancoculturadevino.es\/blog\/wp-content\/uploads\/2016\/06\/460x322-web-0.jpg","datePublished":"2016-06-29T15:26:37+00:00","dateModified":"2017-08-04T13:03:57+00:00","description":"Actividad con el guitarrista Pablo S\u00e1inz Villegas dentro del programa Maneras de Contar la Cultura del Vino","breadcrumb":{"@id":"https:\/\/vivancoculturadevino.es\/blog\/2016\/06\/29\/pablo-sainz-villegas-maneras-contar-cultura-de-vino\/#breadcrumb"},"inLanguage":"es","potentialAction":[{"@type":"ReadAction","target":["https:\/\/vivancoculturadevino.es\/blog\/2016\/06\/29\/pablo-sainz-villegas-maneras-contar-cultura-de-vino\/"]}]},{"@type":"ImageObject","inLanguage":"es","@id":"https:\/\/vivancoculturadevino.es\/blog\/2016\/06\/29\/pablo-sainz-villegas-maneras-contar-cultura-de-vino\/#primaryimage","url":"https:\/\/vivancoculturadevino.es\/blog\/wp-content\/uploads\/2016\/06\/460x322-web-0.jpg","contentUrl":"https:\/\/vivancoculturadevino.es\/blog\/wp-content\/uploads\/2016\/06\/460x322-web-0.jpg","width":460,"height":322},{"@type":"BreadcrumbList","@id":"https:\/\/vivancoculturadevino.es\/blog\/2016\/06\/29\/pablo-sainz-villegas-maneras-contar-cultura-de-vino\/#breadcrumb","itemListElement":[{"@type":"ListItem","position":1,"name":"Portada","item":"https:\/\/vivancoculturadevino.es\/blog\/"},{"@type":"ListItem","position":2,"name":"Un apasionado Robin Hood, sobre las cuerdas de una guitarra"}]},{"@type":"WebSite","@id":"https:\/\/vivancoculturadevino.es\/blog\/#website","url":"https:\/\/vivancoculturadevino.es\/blog\/","name":"Vivanco","description":"Una familia y una pasi\u00f3n: Compartir la cultura del vino","publisher":{"@id":"https:\/\/vivancoculturadevino.es\/blog\/#organization"},"potentialAction":[{"@type":"SearchAction","target":{"@type":"EntryPoint","urlTemplate":"https:\/\/vivancoculturadevino.es\/blog\/?s={search_term_string}"},"query-input":{"@type":"PropertyValueSpecification","valueRequired":true,"valueName":"search_term_string"}}],"inLanguage":"es"},{"@type":"Organization","@id":"https:\/\/vivancoculturadevino.es\/blog\/#organization","name":"Vivanco","url":"https:\/\/vivancoculturadevino.es\/blog\/","logo":{"@type":"ImageObject","inLanguage":"es","@id":"https:\/\/vivancoculturadevino.es\/blog\/#\/schema\/logo\/image\/","url":"https:\/\/vivancoculturadevino.es\/blog\/wp-content\/uploads\/2026\/01\/Logo-blanco.svg","contentUrl":"https:\/\/vivancoculturadevino.es\/blog\/wp-content\/uploads\/2026\/01\/Logo-blanco.svg","width":134,"height":43,"caption":"Vivanco"},"image":{"@id":"https:\/\/vivancoculturadevino.es\/blog\/#\/schema\/logo\/image\/"}},{"@type":"Person","@id":"https:\/\/vivancoculturadevino.es\/blog\/#\/schema\/person\/745931ee54ccbb839d8df0cceb02db4c","name":"Vivanco","image":{"@type":"ImageObject","inLanguage":"es","@id":"https:\/\/vivancoculturadevino.es\/blog\/#\/schema\/person\/image\/","url":"https:\/\/secure.gravatar.com\/avatar\/61b66c59d132db2f7ad4dfd1cc89bbd508b4d5888ab39ddba99f2aca247b7fb3?s=96&d=mm&r=g","contentUrl":"https:\/\/secure.gravatar.com\/avatar\/61b66c59d132db2f7ad4dfd1cc89bbd508b4d5888ab39ddba99f2aca247b7fb3?s=96&d=mm&r=g","caption":"Vivanco"},"description":"Bodega, Fundaci\u00f3n, Experiencias. Compartiendo Cultura de Vino","sameAs":["http:\/\/www.vivancoculturadevino.es","https:\/\/www.facebook.com\/vivancoculturadevino","https:\/\/x.com\/https:\/\/twitter.com\/Vivanco_es","https:\/\/www.youtube.com\/channel\/UC8a2nOiF7kAQNPPduAi2Evw\/videos"],"url":"https:\/\/vivancoculturadevino.es\/blog\/author\/administrator\/"}]}},"_links":{"self":[{"href":"https:\/\/vivancoculturadevino.es\/blog\/wp-json\/wp\/v2\/posts\/2295","targetHints":{"allow":["GET"]}}],"collection":[{"href":"https:\/\/vivancoculturadevino.es\/blog\/wp-json\/wp\/v2\/posts"}],"about":[{"href":"https:\/\/vivancoculturadevino.es\/blog\/wp-json\/wp\/v2\/types\/post"}],"author":[{"embeddable":true,"href":"https:\/\/vivancoculturadevino.es\/blog\/wp-json\/wp\/v2\/users\/1"}],"replies":[{"embeddable":true,"href":"https:\/\/vivancoculturadevino.es\/blog\/wp-json\/wp\/v2\/comments?post=2295"}],"version-history":[{"count":13,"href":"https:\/\/vivancoculturadevino.es\/blog\/wp-json\/wp\/v2\/posts\/2295\/revisions"}],"predecessor-version":[{"id":2312,"href":"https:\/\/vivancoculturadevino.es\/blog\/wp-json\/wp\/v2\/posts\/2295\/revisions\/2312"}],"wp:featuredmedia":[{"embeddable":true,"href":"https:\/\/vivancoculturadevino.es\/blog\/wp-json\/wp\/v2\/media\/2305"}],"wp:attachment":[{"href":"https:\/\/vivancoculturadevino.es\/blog\/wp-json\/wp\/v2\/media?parent=2295"}],"wp:term":[{"taxonomy":"category","embeddable":true,"href":"https:\/\/vivancoculturadevino.es\/blog\/wp-json\/wp\/v2\/categories?post=2295"},{"taxonomy":"post_tag","embeddable":true,"href":"https:\/\/vivancoculturadevino.es\/blog\/wp-json\/wp\/v2\/tags?post=2295"}],"curies":[{"name":"wp","href":"https:\/\/api.w.org\/{rel}","templated":true}]}}