{"id":2195,"date":"2016-05-11T17:53:30","date_gmt":"2016-05-11T16:53:30","guid":{"rendered":"http:\/\/vivancoculturadevino.es\/blog\/?p=2195"},"modified":"2016-05-11T17:53:30","modified_gmt":"2016-05-11T16:53:30","slug":"escapada-a-ezcaray-villa-turistica-de-la-rioja","status":"publish","type":"post","link":"https:\/\/vivancoculturadevino.es\/blog\/2016\/05\/11\/escapada-a-ezcaray-villa-turistica-de-la-rioja\/","title":{"rendered":"Escapada a Ezcaray, Villa Tur\u00edstica de La Rioja"},"content":{"rendered":"<p>Ezcaray es un municipio que pertenece a la Comunidad Aut\u00f3noma de La Rioja, situado en la parte alta del Valle del Oja, al suroeste de la Comunidad, localiz\u00e1ndose en el extremo occidental de la sierra de la Demanda. A esta comarca del Alto Oja se le suman otros municipios como Ojacastro, Santurdejo, Valga\u00f1\u00f3n, Pazuengos, Zorraqu\u00edn y Santurde.<\/p>\n<p>Es una de las <a href=\"http:\/\/vivancoculturadevino.es\/blog\/2015\/06\/05\/pueblos-la-rioja-encanto\/\">villas con m\u00e1s encanto de La Rioja<\/a> y en este post haremos un recorrido por su historia, rincones m\u00e1s bonitos y mejores momentos para visitarla. Empezamos el viaje \ud83d\ude42<\/p>\n<p>&nbsp;<\/p>\n<h2>Un poco de historia sobre Ezcaray<\/h2>\n<p>Los primeros datos de vida en el valle se remontan a la \u00e9poca prehist\u00f3rica y m\u00e1s concretamente al <em>per\u00edodo Neol\u00edtico<\/em>. Tambi\u00e9n estuvieron presentes en estas tierras <em>tribus prerromanas y romanas, visigodos y musulmanes<\/em>, siendo precisamente tras la expulsi\u00f3n de los \u00faltimos cuando tiene lugar la despoblaci\u00f3n del valle. Ser\u00e1 el <strong>rey navarro Sancho Garc\u00e9s I<\/strong>, qui\u00e9n se encargar\u00e1 de la repoblaci\u00f3n durante los a\u00f1os 934 y 924.<\/p>\n<p><a href=\"http:\/\/vivancoculturadevino.es\/blog\/wp-content\/uploads\/2016\/05\/moneda-trajano-ezcaray.jpg\"><img fetchpriority=\"high\" decoding=\"async\" width=\"653\" height=\"653\" class=\"aligncenter size-full wp-image-2196\" src=\"\/\/vivancoculturadevino.es\/blog\/wp-content\/uploads\/2016\/05\/moneda-trajano-ezcaray.jpg\" alt=\"moneda-trajano-ezcaray\" srcset=\"https:\/\/vivancoculturadevino.es\/blog\/wp-content\/uploads\/2016\/05\/moneda-trajano-ezcaray.jpg 653w, https:\/\/vivancoculturadevino.es\/blog\/wp-content\/uploads\/2016\/05\/moneda-trajano-ezcaray-150x150.jpg 150w, https:\/\/vivancoculturadevino.es\/blog\/wp-content\/uploads\/2016\/05\/moneda-trajano-ezcaray-300x300.jpg 300w, https:\/\/vivancoculturadevino.es\/blog\/wp-content\/uploads\/2016\/05\/moneda-trajano-ezcaray-50x50.jpg 50w, https:\/\/vivancoculturadevino.es\/blog\/wp-content\/uploads\/2016\/05\/moneda-trajano-ezcaray-186x186.jpg 186w\" sizes=\"(max-width: 653px) 100vw, 653px\" \/><\/a><\/p>\n<p style=\"text-align: center;\"><em>Moneda romana de la \u00e9poca del Emperador Trajano (reinado a\u00f1o 98 \u2013 117 d.C) encontrada en Ezcaray<\/em><\/p>\n<p>Ezcaray procede de los t\u00e9rminos euskeras \u201c<em>haitz<\/em>\u201d y \u201c<em>garay<\/em>\u201d que significa \u201c<strong>pe\u00f1a o roca alta<\/strong>\u201d y que se cree que puede hacer referencia a \u201cla picota de San Torcuato\u201d una pe\u00f1a que est\u00e1 en la entrada del valle.<\/p>\n<p>En el a\u00f1o 1074, pasar\u00e1 a formar parte del Reino de Castilla, Alfonso VI fue el encargado de anexionar toda La Rioja.<\/p>\n<p>Una fecha importante para la localidad y su villa fue el <strong>24 de abril de 1312<\/strong>, fecha en la que el rey Fernando IV, el Emplazado, va a conceder <strong>Fuero al Valle de Ezcaray, Ojacastro, Zorraqu\u00edn y Valga\u00f1\u00f3n<\/strong>, otorg\u00e1ndoles una serie de privilegios, como la exenci\u00f3n del pago del portazgo de sus ganados y mercader\u00edas, la libertad de tributos o ejercer su propia justicia. Tuvo vigencia hasta 1876.<\/p>\n<p>&nbsp;<\/p>\n<h2>Patrimonio<\/h2>\n<p>El singular conjunto arquitect\u00f3nico de las viviendas y calles de Ezcaray, invita a perderse paseando y admirando los rincones y lugares de este peque\u00f1o pueblo, resultando en su totalidad, uno de los m\u00e1s destacados de La Rioja.<\/p>\n<p><a href=\"http:\/\/vivancoculturadevino.es\/blog\/wp-content\/uploads\/2015\/06\/calle-ezcaray-pueblo.jpg\"><img decoding=\"async\" width=\"660\" height=\"561\" class=\"aligncenter size-full wp-image-1107\" src=\"\/\/vivancoculturadevino.es\/blog\/wp-content\/uploads\/2015\/06\/calle-ezcaray-pueblo.jpg\" alt=\"calle-ezcaray-pueblo\" srcset=\"https:\/\/vivancoculturadevino.es\/blog\/wp-content\/uploads\/2015\/06\/calle-ezcaray-pueblo.jpg 660w, https:\/\/vivancoculturadevino.es\/blog\/wp-content\/uploads\/2015\/06\/calle-ezcaray-pueblo-300x255.jpg 300w\" sizes=\"(max-width: 660px) 100vw, 660px\" \/><\/a><br \/>\nSus viviendas normalmente cuentan con 3 plantas, la planta baja sol\u00eda destinarse a ser la cuadra, mientras que la primera era la vivienda principal y la segunda planta se utilizaba como almac\u00e9n.<\/p>\n<p>La arquitectura de su casco urbano presenta distintas tipolog\u00edas para diferenciar los distintos barrios, se trata de una <strong>arquitectura muy cuidada y de enorme belleza<\/strong>, de la que tenemos que destacar sus soportales, capaces de mantener vivo el pueblo a pesar del fr\u00edo de los inviernos.<\/p>\n<p>Menci\u00f3n especial tambi\u00e9n para el eje central que conforman la <strong>Plaza de la Verdura<\/strong> y la conocida como <strong>Plaza del Quiosco.<\/strong><\/p>\n<p><a href=\"http:\/\/vivancoculturadevino.es\/blog\/wp-content\/uploads\/2016\/05\/Plaza-del-Conde-Torrem\u00fazquiz-Ezcaray.jpg\"><img decoding=\"async\" width=\"800\" height=\"615\" class=\"aligncenter size-full wp-image-2197\" src=\"\/\/vivancoculturadevino.es\/blog\/wp-content\/uploads\/2016\/05\/Plaza-del-Conde-Torrem\u00fazquiz-Ezcaray.jpg\" alt=\"Plaza-del-Conde-Torrem\u00fazquiz-Ezcaray\" srcset=\"https:\/\/vivancoculturadevino.es\/blog\/wp-content\/uploads\/2016\/05\/Plaza-del-Conde-Torrem\u00fazquiz-Ezcaray.jpg 800w, https:\/\/vivancoculturadevino.es\/blog\/wp-content\/uploads\/2016\/05\/Plaza-del-Conde-Torrem\u00fazquiz-Ezcaray-300x231.jpg 300w\" sizes=\"(max-width: 800px) 100vw, 800px\" \/><\/a><\/p>\n<p style=\"text-align: center;\"><em>La c\u00e9ntrica Plaza del Conde de Torrem\u00fazquiz o, como se la conoce popularmente, Plaza del Quiosco.<\/em><\/p>\n<p>Ezcaray tambi\u00e9n es rico en monumentos:<\/p>\n<h4>&#8211; Iglesia de Santa Mar\u00eda la Mayor<\/h4>\n<p>El templo que contemplamos en la actualidad es el resultado de una larga evoluci\u00f3n hist\u00f3rica. Presenta una sola nave, a base de siller\u00eda del s.XV, superpuesta a la edificaci\u00f3n rom\u00e1nica anterior. En su interior destaca el retablo mayor del s.XVI y el museo de su sacrist\u00eda que alberga tallas de las iglesias de los alrededores. En su interior cuenta con otros retablos de estilo g\u00f3tico y renacentista. Los torreones que la flanquean le dan aspecto de fortaleza medieval.\u00a0El 11 de octubre de 1967 fue declarada Bien de Inter\u00e9s Cultural en la categor\u00eda de Monumento.<\/p>\n<p><a href=\"http:\/\/vivancoculturadevino.es\/blog\/wp-content\/uploads\/2016\/05\/iglesia-santa-mar\u00eda-la-mayor-ezcaray.jpg\"><img loading=\"lazy\" decoding=\"async\" width=\"980\" height=\"653\" class=\"aligncenter size-full wp-image-2198\" src=\"\/\/vivancoculturadevino.es\/blog\/wp-content\/uploads\/2016\/05\/iglesia-santa-mar\u00eda-la-mayor-ezcaray.jpg\" alt=\"iglesia-santa-mar\u00eda-la-mayor-ezcaray\" srcset=\"https:\/\/vivancoculturadevino.es\/blog\/wp-content\/uploads\/2016\/05\/iglesia-santa-mar\u00eda-la-mayor-ezcaray.jpg 980w, https:\/\/vivancoculturadevino.es\/blog\/wp-content\/uploads\/2016\/05\/iglesia-santa-mar\u00eda-la-mayor-ezcaray-300x200.jpg 300w\" sizes=\"(max-width: 980px) 100vw, 980px\" \/><\/a><\/p>\n<p style=\"text-align: center;\"><em>Iglesia Santa Mar\u00eda la Mayor de Ezcaray<\/em><\/p>\n<h4>&#8211; Palacio del \u00c1ngel<\/h4>\n<p>Su construcci\u00f3n data del s.XVIII. Podemos destacar los elementos decorativos de su fachada, como el escudo rococ\u00f3 de la fachada y la hornacina que alberga la imagen de San Miguel.<\/p>\n<h4>&#8211; Palacio de Barroeta (s.XVII)<\/h4>\n<h4>&#8211; Crucero de San L\u00e1zaro (s.XVI)<\/h4>\n<h4>&#8211; Ermita de la Virgen de Allende<\/h4>\n<p>La actual ermita se concluy\u00f3 en 1670, est\u00e1 construida en siller\u00eda y mamposter\u00eda popular de la zona. De su interior, destacar las pinturas murales, la colecci\u00f3n de cuadros de los \u201c\u00c1ngeles Arcabuceros\u201d y la imagen de la patrona de Ezcaray, la Virgen de Allende (principios del s. XIV).<\/p>\n<h4>&#8211; Ermita de Santa B\u00e1rbara<\/h4>\n<p>La original ten\u00eda planta circular, y la que contemplamos en la actualidad, tiene una sola nave como la anterior y est\u00e1 reconstruida a base de piedra de siller\u00eda y mamposter\u00eda. Est\u00e1 emplazada en la cima de un monte con su mismo nombre, al que se sube en peregrinaci\u00f3n el lunes de Pentecost\u00e9s para honrar a la Santa. Dentro del templo podemos encontrar un busto-relicario policromado de Santa B\u00e1rbara que data del s.XVI.<\/p>\n<h4>&#8211; Real F\u00e1brica de Pa\u00f1os &#8220;El Fuerte&#8221;<\/h4>\n<p>La \u201cReal F\u00e1brica de Tejidos de Santa B\u00e1rbara\u201d se fund\u00f3 en 1752. Despu\u00e9s del incendio de 1785, se construy\u00f3 la Casa de Tintes conocida como \u201cEl Fuerte\u201d. A comienzos del siglo XIX comenz\u00f3 su decadencia por su escaso desarrollo tecnol\u00f3gico hasta que termin\u00f3 por desaparecer. El 29 de octubre de 1992 fue declarada en la categor\u00eda de Monumento, Bien de Inter\u00e9s Cultural.<\/p>\n<p>&nbsp;<\/p>\n<h2>Tradici\u00f3n viva<\/h2>\n<p>Sin ninguna duda, mantener vivas las tradiciones supone para cualquier pueblo una fuente de <strong>riqueza incalculable<\/strong> ya que nos va a permitir <strong>viajar en el tiempo<\/strong> y hacernos part\u00edcipes y protagonistas de algo que de otra manera no lograr\u00edamos entender.<\/p>\n<ul>\n<li><strong>Las Habas de San Benito (21 de marzo):<\/strong> tradici\u00f3n que tiene su origen en la Edad Media y que viene a rememorar la costumbre de los monjes de Santa Mar\u00eda de Ubaga, quienes daban habas a los pobres de Ezcaray y aldeas cercanas. Hoy en d\u00eda, esos cofrades cocinan habas para despu\u00e9s repartirlas entre los vecinos del pueblo y todos los que se acerquen.<\/li>\n<li><strong>Las \u201cAleluyas\u201d:<\/strong> se celebran el mismo domingo de Resurrecci\u00f3n. Las autoridades desde el balc\u00f3n de la iglesia lanzan dinero y caramelos a todos los presentes en la plaza.<\/li>\n<li><strong>Fiestas de San Lorenzo (10 de agosto)<\/strong>: en honor al patr\u00f3n de Ezcaray, se organizan distintas actividades a lo largo de toda la semana.<\/li>\n<li><strong>Nuestra Se\u00f1ora de Allende (24 de septiembre)<\/strong>: para honrar a la patrona de la localidad.<\/li>\n<li><strong> San Juan (24 de junio)<\/strong><\/li>\n<li><strong>Romer\u00eda de Santa B\u00e1rbara:<\/strong> es una de las fiestas m\u00e1s populares. Tiene lugar en mayo (Lunes de Pentecost\u00e9s). Consiste en la peregrinaci\u00f3n al templo situado en lo alto de un monte, una vez all\u00ed, tiene lugar la celebraci\u00f3n de una misa y una procesi\u00f3n en la que las mujeres son las encargadas de portar a la Santa.<br \/>\nDespu\u00e9s de comer, se baja hasta la plaza del Quiosco al ritmo de la m\u00fasica, ya en la plaza se dan vueltas mientras suena la canci\u00f3n \u2018<em>\u00a1Ay mam\u00e1, cu\u00e1nto me quiere mi novio!<\/em>\u2019<\/li>\n<\/ul>\n<p>&nbsp;<\/p>\n<h2>El Turismo, principal sustento<\/h2>\n<p>La ganader\u00eda, la industria textil artesana (dedicada sobre todo a la fabricaci\u00f3n de mantas), la fabricaci\u00f3n de muebles, butacas\u2026conforman parte de la actividad econ\u00f3mica de Ezcaray, parte, porque en los \u00faltimos a\u00f1os la principal fuente econ\u00f3mica es el <strong>Turismo<\/strong>.<\/p>\n<ul>\n<li>Su perfecto enclave, lo convierten en un lugar ideal para disfrutar del <strong>senderismo<\/strong> <em>(V\u00eda Verde del Oja, Camino de Herradura)<\/em> y practicar <strong>deporte al aire libre<\/strong> con la Naturaleza como principal protagonista.<\/li>\n<\/ul>\n<p><a href=\"http:\/\/vivancoculturadevino.es\/blog\/wp-content\/uploads\/2016\/05\/camino-de-la-herradura-ezcaray.jpg\"><img loading=\"lazy\" decoding=\"async\" width=\"980\" height=\"653\" class=\"aligncenter size-full wp-image-2202\" src=\"\/\/vivancoculturadevino.es\/blog\/wp-content\/uploads\/2016\/05\/camino-de-la-herradura-ezcaray.jpg\" alt=\"camino-de-la-herradura-ezcaray\" srcset=\"https:\/\/vivancoculturadevino.es\/blog\/wp-content\/uploads\/2016\/05\/camino-de-la-herradura-ezcaray.jpg 980w, https:\/\/vivancoculturadevino.es\/blog\/wp-content\/uploads\/2016\/05\/camino-de-la-herradura-ezcaray-300x200.jpg 300w\" sizes=\"(max-width: 980px) 100vw, 980px\" \/><\/a><\/p>\n<ul>\n<li><strong>Esqu\u00ed y Monta\u00f1a<\/strong>: su proximidad a la <a href=\"http:\/\/vivancoculturadevino.es\/blog\/2016\/03\/22\/esquia-la-rioja-estacion-valdezcaray\/\">Estaci\u00f3n de Esqu\u00ed de Valdezcaray <\/a>(a 15 km) le suma puntos. Esta estaci\u00f3n de La Rioja, en plena sierra de la Demanda, est\u00e1 preparada para albergar hasta a 300.000 visitantes al a\u00f1o. Tiene 22.160 km esquiables, 4 pistas verdes, 6 azules, 2 negras, 2 amarillas y 10 rojas.<\/li>\n<\/ul>\n<p><a href=\"http:\/\/vivancoculturadevino.es\/blog\/wp-content\/uploads\/2016\/03\/VALDEZCARAY-4.jpg\"><img loading=\"lazy\" decoding=\"async\" width=\"960\" height=\"720\" class=\"aligncenter size-full wp-image-2074\" src=\"\/\/vivancoculturadevino.es\/blog\/wp-content\/uploads\/2016\/03\/VALDEZCARAY-4.jpg\" alt=\"VALDEZCARAY 4\" srcset=\"https:\/\/vivancoculturadevino.es\/blog\/wp-content\/uploads\/2016\/03\/VALDEZCARAY-4.jpg 960w, https:\/\/vivancoculturadevino.es\/blog\/wp-content\/uploads\/2016\/03\/VALDEZCARAY-4-300x225.jpg 300w\" sizes=\"(max-width: 960px) 100vw, 960px\" \/><\/a><\/p>\n<ul>\n<li><strong>Gastronom\u00eda y el mejor vino del mundo<\/strong>: La Rioja y Ezcaray en este caso, nos ofertan un sinf\u00edn de posibilidades gastron\u00f3micas que se van a adaptar a nuestras necesidades y a nuestra econom\u00eda. Dentro de la cocina t\u00edpica de la villa podemos mencionar: los <a href=\"http:\/\/vivancoculturadevino.es\/blog\/2014\/12\/04\/5-pistas-disfrutar-gastronomia-riojana\/\">caparrones<\/a>\u00a0(alubias rojas) plato t\u00edpicamente de invierno; las <em>pochas<\/em>; las m\u00edticas <em>patatas a la riojana<\/em>; la <em>menestra de verduras<\/em>; carnes de la sierra\u2026siempre en compa\u00f1\u00eda de un excelente <a href=\"http:\/\/vivancoculturadevino.es\/es\/bodega\/los-vinos\/\">vino Rioja<\/a>.<\/li>\n<\/ul>\n<p><a href=\"http:\/\/vivancoculturadevino.es\/blog\/wp-content\/uploads\/2014\/12\/CAPARR\u00d3N-RIOJANO-2.png\"><img loading=\"lazy\" decoding=\"async\" width=\"378\" height=\"379\" class=\"aligncenter size-full wp-image-632\" src=\"\/\/vivancoculturadevino.es\/blog\/wp-content\/uploads\/2014\/12\/CAPARR\u00d3N-RIOJANO-2.png\" alt=\"caparron-riojano-2\" srcset=\"https:\/\/vivancoculturadevino.es\/blog\/wp-content\/uploads\/2014\/12\/CAPARR\u00d3N-RIOJANO-2.png 378w, https:\/\/vivancoculturadevino.es\/blog\/wp-content\/uploads\/2014\/12\/CAPARR\u00d3N-RIOJANO-2-150x150.png 150w, https:\/\/vivancoculturadevino.es\/blog\/wp-content\/uploads\/2014\/12\/CAPARR\u00d3N-RIOJANO-2-300x300.png 300w, https:\/\/vivancoculturadevino.es\/blog\/wp-content\/uploads\/2014\/12\/CAPARR\u00d3N-RIOJANO-2-50x50.png 50w, https:\/\/vivancoculturadevino.es\/blog\/wp-content\/uploads\/2014\/12\/CAPARR\u00d3N-RIOJANO-2-186x186.png 186w\" sizes=\"(max-width: 378px) 100vw, 378px\" \/><\/a><\/p>\n<p>&nbsp;<\/p>\n<h2>Localidades para visitar<\/h2>\n<p>El tiempo que dispongamos va a ser el que condicionar\u00e1 nuestras visitas, porque en La Rioja todo es digno de visitar. A continuaci\u00f3n te contamos qu\u00e9 localidades puedes visitar para aprovechar tu viaje a Ezcaray y ampliar as\u00ed tu viaje:<\/p>\n<p>A un paso nos encontramos con las <strong>aldeas de Ezcaray<\/strong> (<em>Zaldierna, San Ant\u00f3n, Urdanta, Cibarrena<\/em>\u2026y muchas otras) de gran riqueza natural y una destacada arquitectura popular.<\/p>\n<p><a href=\"http:\/\/vivancoculturadevino.es\/blog\/wp-content\/uploads\/2016\/05\/zaldierna.jpg\"><img loading=\"lazy\" decoding=\"async\" width=\"980\" height=\"653\" class=\"aligncenter size-full wp-image-2204\" src=\"\/\/vivancoculturadevino.es\/blog\/wp-content\/uploads\/2016\/05\/zaldierna.jpg\" alt=\"zaldierna\" srcset=\"https:\/\/vivancoculturadevino.es\/blog\/wp-content\/uploads\/2016\/05\/zaldierna.jpg 980w, https:\/\/vivancoculturadevino.es\/blog\/wp-content\/uploads\/2016\/05\/zaldierna-300x200.jpg 300w\" sizes=\"(max-width: 980px) 100vw, 980px\" \/><\/a><\/p>\n<p>Localidades cercanas y de mayor tama\u00f1o son Ojacastro, Zorraqu\u00edn, Santurde, Valga\u00f1\u00f3n, <a href=\"http:\/\/vivancoculturadevino.es\/blog\/2015\/08\/25\/que-ver-haro-y-alrededores\/\">Haro<\/a>, <a href=\"http:\/\/vivancoculturadevino.es\/blog\/2015\/04\/28\/12-imprescindibles-logrono\/\">Logro\u00f1o<\/a>, Santo Domingo de la Calzada, <a href=\"http:\/\/vivancoculturadevino.es\/blog\/2016\/03\/14\/descubriendo-ruta-castellano-la-rioja\/\">San Mill\u00e1n de la Cogolla<\/a>, N\u00e1jera, <a href=\"http:\/\/vivancoculturadevino.es\/blog\/2015\/05\/22\/ver-briones-la-rioja\/%20\">Briones<\/a>\u00a0y muchos m\u00e1s.<br \/>\nEzcaray es uno de esos lugares que no puedes tener pendiente. \u00a1No esperes m\u00e1s, esc\u00e1pate a Ezcaray y cu\u00e9ntanos tu experiencia!<\/p>\n<p>&nbsp;<\/p>\n<p><em>Im\u00e1genes: La Rioja Turismo<\/em><\/p>\n","protected":false},"excerpt":{"rendered":"<p>Ezcaray es una de las villas con m\u00e1s encanto de La Rioja. Hacemos un recorrido por su historia, rincones m\u00e1s bonitos y mejores momentos para visitarla.<\/p>\n","protected":false},"author":1,"featured_media":2197,"comment_status":"open","ping_status":"open","sticky":false,"template":"","format":"standard","meta":{"footnotes":"","_elementor_edit_mode":"","_elementor_template_type":"","_elementor_data":"","_elementor_page_settings":null,"_elementor_conditions":[]},"categories":[6],"tags":[228,37,117,86,217,250,227],"class_list":["post-2195","post","type-post","status-publish","format-standard","has-post-thumbnail","hentry","category-experiencias","tag-ezcaray","tag-la-rioja","tag-pueblos","tag-turismo","tag-turismo-la-rioja","tag-turismo-rural","tag-valdezcaray"],"yoast_head":"<!-- This site is optimized with the Yoast SEO plugin v26.8 - https:\/\/yoast.com\/product\/yoast-seo-wordpress\/ -->\n<title>Escapada a Ezcaray, Villa Tur\u00edstica de La Rioja | Vivanco<\/title>\n<meta name=\"description\" content=\"Ezcaray es una de las villas con m\u00e1s encanto de La Rioja. Hacemos un recorrido por su historia, rincones m\u00e1s bonitos y mejores momentos para visitarla.\" \/>\n<meta name=\"robots\" content=\"index, follow, max-snippet:-1, max-image-preview:large, max-video-preview:-1\" \/>\n<link rel=\"canonical\" href=\"https:\/\/vivancoculturadevino.es\/blog\/2016\/05\/11\/escapada-a-ezcaray-villa-turistica-de-la-rioja\/\" \/>\n<meta property=\"og:locale\" content=\"es_ES\" \/>\n<meta property=\"og:type\" content=\"article\" \/>\n<meta property=\"og:title\" content=\"Escapada a Ezcaray, Villa Tur\u00edstica de La Rioja | Vivanco\" \/>\n<meta property=\"og:description\" content=\"Ezcaray es una de las villas con m\u00e1s encanto de La Rioja. Hacemos un recorrido por su historia, rincones m\u00e1s bonitos y mejores momentos para visitarla.\" \/>\n<meta property=\"og:url\" content=\"https:\/\/vivancoculturadevino.es\/blog\/2016\/05\/11\/escapada-a-ezcaray-villa-turistica-de-la-rioja\/\" \/>\n<meta property=\"og:site_name\" content=\"Vivanco\" \/>\n<meta property=\"article:author\" content=\"https:\/\/www.facebook.com\/vivancoculturadevino\" \/>\n<meta property=\"article:published_time\" content=\"2016-05-11T16:53:30+00:00\" \/>\n<meta property=\"og:image\" content=\"https:\/\/vivancoculturadevino.es\/blog\/wp-content\/uploads\/2016\/05\/Plaza-del-Conde-Torrem\u00fazquiz-Ezcaray.jpg\" \/>\n\t<meta property=\"og:image:width\" content=\"800\" \/>\n\t<meta property=\"og:image:height\" content=\"615\" \/>\n\t<meta property=\"og:image:type\" content=\"image\/jpeg\" \/>\n<meta name=\"author\" content=\"Vivanco\" \/>\n<meta name=\"twitter:card\" content=\"summary_large_image\" \/>\n<meta name=\"twitter:creator\" content=\"@https:\/\/twitter.com\/Vivanco_es\" \/>\n<meta name=\"twitter:label1\" content=\"Escrito por\" \/>\n\t<meta name=\"twitter:data1\" content=\"Vivanco\" \/>\n\t<meta name=\"twitter:label2\" content=\"Tiempo de lectura\" \/>\n\t<meta name=\"twitter:data2\" content=\"8 minutos\" \/>\n<script type=\"application\/ld+json\" class=\"yoast-schema-graph\">{\"@context\":\"https:\/\/schema.org\",\"@graph\":[{\"@type\":\"Article\",\"@id\":\"https:\/\/vivancoculturadevino.es\/blog\/2016\/05\/11\/escapada-a-ezcaray-villa-turistica-de-la-rioja\/#article\",\"isPartOf\":{\"@id\":\"https:\/\/vivancoculturadevino.es\/blog\/2016\/05\/11\/escapada-a-ezcaray-villa-turistica-de-la-rioja\/\"},\"author\":{\"name\":\"Vivanco\",\"@id\":\"https:\/\/vivancoculturadevino.es\/blog\/#\/schema\/person\/745931ee54ccbb839d8df0cceb02db4c\"},\"headline\":\"Escapada a Ezcaray, Villa Tur\u00edstica de La Rioja\",\"datePublished\":\"2016-05-11T16:53:30+00:00\",\"mainEntityOfPage\":{\"@id\":\"https:\/\/vivancoculturadevino.es\/blog\/2016\/05\/11\/escapada-a-ezcaray-villa-turistica-de-la-rioja\/\"},\"wordCount\":1535,\"commentCount\":1,\"publisher\":{\"@id\":\"https:\/\/vivancoculturadevino.es\/blog\/#organization\"},\"image\":{\"@id\":\"https:\/\/vivancoculturadevino.es\/blog\/2016\/05\/11\/escapada-a-ezcaray-villa-turistica-de-la-rioja\/#primaryimage\"},\"thumbnailUrl\":\"https:\/\/vivancoculturadevino.es\/blog\/wp-content\/uploads\/2016\/05\/Plaza-del-Conde-Torrem\u00fazquiz-Ezcaray.jpg\",\"keywords\":[\"ezcaray\",\"La Rioja\",\"Pueblos\",\"turismo\",\"turismo la rioja\",\"turismo rural\",\"valdezcaray\"],\"articleSection\":[\"Compartiendo\"],\"inLanguage\":\"es\",\"potentialAction\":[{\"@type\":\"CommentAction\",\"name\":\"Comment\",\"target\":[\"https:\/\/vivancoculturadevino.es\/blog\/2016\/05\/11\/escapada-a-ezcaray-villa-turistica-de-la-rioja\/#respond\"]}]},{\"@type\":\"WebPage\",\"@id\":\"https:\/\/vivancoculturadevino.es\/blog\/2016\/05\/11\/escapada-a-ezcaray-villa-turistica-de-la-rioja\/\",\"url\":\"https:\/\/vivancoculturadevino.es\/blog\/2016\/05\/11\/escapada-a-ezcaray-villa-turistica-de-la-rioja\/\",\"name\":\"Escapada a Ezcaray, Villa Tur\u00edstica de La Rioja | Vivanco\",\"isPartOf\":{\"@id\":\"https:\/\/vivancoculturadevino.es\/blog\/#website\"},\"primaryImageOfPage\":{\"@id\":\"https:\/\/vivancoculturadevino.es\/blog\/2016\/05\/11\/escapada-a-ezcaray-villa-turistica-de-la-rioja\/#primaryimage\"},\"image\":{\"@id\":\"https:\/\/vivancoculturadevino.es\/blog\/2016\/05\/11\/escapada-a-ezcaray-villa-turistica-de-la-rioja\/#primaryimage\"},\"thumbnailUrl\":\"https:\/\/vivancoculturadevino.es\/blog\/wp-content\/uploads\/2016\/05\/Plaza-del-Conde-Torrem\u00fazquiz-Ezcaray.jpg\",\"datePublished\":\"2016-05-11T16:53:30+00:00\",\"description\":\"Ezcaray es una de las villas con m\u00e1s encanto de La Rioja. Hacemos un recorrido por su historia, rincones m\u00e1s bonitos y mejores momentos para visitarla.\",\"breadcrumb\":{\"@id\":\"https:\/\/vivancoculturadevino.es\/blog\/2016\/05\/11\/escapada-a-ezcaray-villa-turistica-de-la-rioja\/#breadcrumb\"},\"inLanguage\":\"es\",\"potentialAction\":[{\"@type\":\"ReadAction\",\"target\":[\"https:\/\/vivancoculturadevino.es\/blog\/2016\/05\/11\/escapada-a-ezcaray-villa-turistica-de-la-rioja\/\"]}]},{\"@type\":\"ImageObject\",\"inLanguage\":\"es\",\"@id\":\"https:\/\/vivancoculturadevino.es\/blog\/2016\/05\/11\/escapada-a-ezcaray-villa-turistica-de-la-rioja\/#primaryimage\",\"url\":\"https:\/\/vivancoculturadevino.es\/blog\/wp-content\/uploads\/2016\/05\/Plaza-del-Conde-Torrem\u00fazquiz-Ezcaray.jpg\",\"contentUrl\":\"https:\/\/vivancoculturadevino.es\/blog\/wp-content\/uploads\/2016\/05\/Plaza-del-Conde-Torrem\u00fazquiz-Ezcaray.jpg\",\"width\":800,\"height\":615,\"caption\":\"Plaza-del-Conde-Torrem\u00fazquiz-Ezcaray\"},{\"@type\":\"BreadcrumbList\",\"@id\":\"https:\/\/vivancoculturadevino.es\/blog\/2016\/05\/11\/escapada-a-ezcaray-villa-turistica-de-la-rioja\/#breadcrumb\",\"itemListElement\":[{\"@type\":\"ListItem\",\"position\":1,\"name\":\"Portada\",\"item\":\"https:\/\/vivancoculturadevino.es\/blog\/\"},{\"@type\":\"ListItem\",\"position\":2,\"name\":\"Escapada a Ezcaray, Villa Tur\u00edstica de La Rioja\"}]},{\"@type\":\"WebSite\",\"@id\":\"https:\/\/vivancoculturadevino.es\/blog\/#website\",\"url\":\"https:\/\/vivancoculturadevino.es\/blog\/\",\"name\":\"Vivanco\",\"description\":\"Una familia y una pasi\u00f3n: Compartir la cultura del vino\",\"publisher\":{\"@id\":\"https:\/\/vivancoculturadevino.es\/blog\/#organization\"},\"potentialAction\":[{\"@type\":\"SearchAction\",\"target\":{\"@type\":\"EntryPoint\",\"urlTemplate\":\"https:\/\/vivancoculturadevino.es\/blog\/?s={search_term_string}\"},\"query-input\":{\"@type\":\"PropertyValueSpecification\",\"valueRequired\":true,\"valueName\":\"search_term_string\"}}],\"inLanguage\":\"es\"},{\"@type\":\"Organization\",\"@id\":\"https:\/\/vivancoculturadevino.es\/blog\/#organization\",\"name\":\"Vivanco\",\"url\":\"https:\/\/vivancoculturadevino.es\/blog\/\",\"logo\":{\"@type\":\"ImageObject\",\"inLanguage\":\"es\",\"@id\":\"https:\/\/vivancoculturadevino.es\/blog\/#\/schema\/logo\/image\/\",\"url\":\"https:\/\/vivancoculturadevino.es\/blog\/wp-content\/uploads\/2026\/01\/Logo-blanco.svg\",\"contentUrl\":\"https:\/\/vivancoculturadevino.es\/blog\/wp-content\/uploads\/2026\/01\/Logo-blanco.svg\",\"width\":134,\"height\":43,\"caption\":\"Vivanco\"},\"image\":{\"@id\":\"https:\/\/vivancoculturadevino.es\/blog\/#\/schema\/logo\/image\/\"}},{\"@type\":\"Person\",\"@id\":\"https:\/\/vivancoculturadevino.es\/blog\/#\/schema\/person\/745931ee54ccbb839d8df0cceb02db4c\",\"name\":\"Vivanco\",\"image\":{\"@type\":\"ImageObject\",\"inLanguage\":\"es\",\"@id\":\"https:\/\/vivancoculturadevino.es\/blog\/#\/schema\/person\/image\/\",\"url\":\"https:\/\/secure.gravatar.com\/avatar\/61b66c59d132db2f7ad4dfd1cc89bbd508b4d5888ab39ddba99f2aca247b7fb3?s=96&d=mm&r=g\",\"contentUrl\":\"https:\/\/secure.gravatar.com\/avatar\/61b66c59d132db2f7ad4dfd1cc89bbd508b4d5888ab39ddba99f2aca247b7fb3?s=96&d=mm&r=g\",\"caption\":\"Vivanco\"},\"description\":\"Bodega, Fundaci\u00f3n, Experiencias. Compartiendo Cultura de Vino\",\"sameAs\":[\"http:\/\/www.vivancoculturadevino.es\",\"https:\/\/www.facebook.com\/vivancoculturadevino\",\"https:\/\/x.com\/https:\/\/twitter.com\/Vivanco_es\",\"https:\/\/www.youtube.com\/channel\/UC8a2nOiF7kAQNPPduAi2Evw\/videos\"],\"url\":\"https:\/\/vivancoculturadevino.es\/blog\/author\/administrator\/\"}]}<\/script>\n<!-- \/ Yoast SEO plugin. -->","yoast_head_json":{"title":"Escapada a Ezcaray, Villa Tur\u00edstica de La Rioja | Vivanco","description":"Ezcaray es una de las villas con m\u00e1s encanto de La Rioja. Hacemos un recorrido por su historia, rincones m\u00e1s bonitos y mejores momentos para visitarla.","robots":{"index":"index","follow":"follow","max-snippet":"max-snippet:-1","max-image-preview":"max-image-preview:large","max-video-preview":"max-video-preview:-1"},"canonical":"https:\/\/vivancoculturadevino.es\/blog\/2016\/05\/11\/escapada-a-ezcaray-villa-turistica-de-la-rioja\/","og_locale":"es_ES","og_type":"article","og_title":"Escapada a Ezcaray, Villa Tur\u00edstica de La Rioja | Vivanco","og_description":"Ezcaray es una de las villas con m\u00e1s encanto de La Rioja. Hacemos un recorrido por su historia, rincones m\u00e1s bonitos y mejores momentos para visitarla.","og_url":"https:\/\/vivancoculturadevino.es\/blog\/2016\/05\/11\/escapada-a-ezcaray-villa-turistica-de-la-rioja\/","og_site_name":"Vivanco","article_author":"https:\/\/www.facebook.com\/vivancoculturadevino","article_published_time":"2016-05-11T16:53:30+00:00","og_image":[{"width":800,"height":615,"url":"https:\/\/vivancoculturadevino.es\/blog\/wp-content\/uploads\/2016\/05\/Plaza-del-Conde-Torrem\u00fazquiz-Ezcaray.jpg","type":"image\/jpeg"}],"author":"Vivanco","twitter_card":"summary_large_image","twitter_creator":"@https:\/\/twitter.com\/Vivanco_es","twitter_misc":{"Escrito por":"Vivanco","Tiempo de lectura":"8 minutos"},"schema":{"@context":"https:\/\/schema.org","@graph":[{"@type":"Article","@id":"https:\/\/vivancoculturadevino.es\/blog\/2016\/05\/11\/escapada-a-ezcaray-villa-turistica-de-la-rioja\/#article","isPartOf":{"@id":"https:\/\/vivancoculturadevino.es\/blog\/2016\/05\/11\/escapada-a-ezcaray-villa-turistica-de-la-rioja\/"},"author":{"name":"Vivanco","@id":"https:\/\/vivancoculturadevino.es\/blog\/#\/schema\/person\/745931ee54ccbb839d8df0cceb02db4c"},"headline":"Escapada a Ezcaray, Villa Tur\u00edstica de La Rioja","datePublished":"2016-05-11T16:53:30+00:00","mainEntityOfPage":{"@id":"https:\/\/vivancoculturadevino.es\/blog\/2016\/05\/11\/escapada-a-ezcaray-villa-turistica-de-la-rioja\/"},"wordCount":1535,"commentCount":1,"publisher":{"@id":"https:\/\/vivancoculturadevino.es\/blog\/#organization"},"image":{"@id":"https:\/\/vivancoculturadevino.es\/blog\/2016\/05\/11\/escapada-a-ezcaray-villa-turistica-de-la-rioja\/#primaryimage"},"thumbnailUrl":"https:\/\/vivancoculturadevino.es\/blog\/wp-content\/uploads\/2016\/05\/Plaza-del-Conde-Torrem\u00fazquiz-Ezcaray.jpg","keywords":["ezcaray","La Rioja","Pueblos","turismo","turismo la rioja","turismo rural","valdezcaray"],"articleSection":["Compartiendo"],"inLanguage":"es","potentialAction":[{"@type":"CommentAction","name":"Comment","target":["https:\/\/vivancoculturadevino.es\/blog\/2016\/05\/11\/escapada-a-ezcaray-villa-turistica-de-la-rioja\/#respond"]}]},{"@type":"WebPage","@id":"https:\/\/vivancoculturadevino.es\/blog\/2016\/05\/11\/escapada-a-ezcaray-villa-turistica-de-la-rioja\/","url":"https:\/\/vivancoculturadevino.es\/blog\/2016\/05\/11\/escapada-a-ezcaray-villa-turistica-de-la-rioja\/","name":"Escapada a Ezcaray, Villa Tur\u00edstica de La Rioja | Vivanco","isPartOf":{"@id":"https:\/\/vivancoculturadevino.es\/blog\/#website"},"primaryImageOfPage":{"@id":"https:\/\/vivancoculturadevino.es\/blog\/2016\/05\/11\/escapada-a-ezcaray-villa-turistica-de-la-rioja\/#primaryimage"},"image":{"@id":"https:\/\/vivancoculturadevino.es\/blog\/2016\/05\/11\/escapada-a-ezcaray-villa-turistica-de-la-rioja\/#primaryimage"},"thumbnailUrl":"https:\/\/vivancoculturadevino.es\/blog\/wp-content\/uploads\/2016\/05\/Plaza-del-Conde-Torrem\u00fazquiz-Ezcaray.jpg","datePublished":"2016-05-11T16:53:30+00:00","description":"Ezcaray es una de las villas con m\u00e1s encanto de La Rioja. Hacemos un recorrido por su historia, rincones m\u00e1s bonitos y mejores momentos para visitarla.","breadcrumb":{"@id":"https:\/\/vivancoculturadevino.es\/blog\/2016\/05\/11\/escapada-a-ezcaray-villa-turistica-de-la-rioja\/#breadcrumb"},"inLanguage":"es","potentialAction":[{"@type":"ReadAction","target":["https:\/\/vivancoculturadevino.es\/blog\/2016\/05\/11\/escapada-a-ezcaray-villa-turistica-de-la-rioja\/"]}]},{"@type":"ImageObject","inLanguage":"es","@id":"https:\/\/vivancoculturadevino.es\/blog\/2016\/05\/11\/escapada-a-ezcaray-villa-turistica-de-la-rioja\/#primaryimage","url":"https:\/\/vivancoculturadevino.es\/blog\/wp-content\/uploads\/2016\/05\/Plaza-del-Conde-Torrem\u00fazquiz-Ezcaray.jpg","contentUrl":"https:\/\/vivancoculturadevino.es\/blog\/wp-content\/uploads\/2016\/05\/Plaza-del-Conde-Torrem\u00fazquiz-Ezcaray.jpg","width":800,"height":615,"caption":"Plaza-del-Conde-Torrem\u00fazquiz-Ezcaray"},{"@type":"BreadcrumbList","@id":"https:\/\/vivancoculturadevino.es\/blog\/2016\/05\/11\/escapada-a-ezcaray-villa-turistica-de-la-rioja\/#breadcrumb","itemListElement":[{"@type":"ListItem","position":1,"name":"Portada","item":"https:\/\/vivancoculturadevino.es\/blog\/"},{"@type":"ListItem","position":2,"name":"Escapada a Ezcaray, Villa Tur\u00edstica de La Rioja"}]},{"@type":"WebSite","@id":"https:\/\/vivancoculturadevino.es\/blog\/#website","url":"https:\/\/vivancoculturadevino.es\/blog\/","name":"Vivanco","description":"Una familia y una pasi\u00f3n: Compartir la cultura del vino","publisher":{"@id":"https:\/\/vivancoculturadevino.es\/blog\/#organization"},"potentialAction":[{"@type":"SearchAction","target":{"@type":"EntryPoint","urlTemplate":"https:\/\/vivancoculturadevino.es\/blog\/?s={search_term_string}"},"query-input":{"@type":"PropertyValueSpecification","valueRequired":true,"valueName":"search_term_string"}}],"inLanguage":"es"},{"@type":"Organization","@id":"https:\/\/vivancoculturadevino.es\/blog\/#organization","name":"Vivanco","url":"https:\/\/vivancoculturadevino.es\/blog\/","logo":{"@type":"ImageObject","inLanguage":"es","@id":"https:\/\/vivancoculturadevino.es\/blog\/#\/schema\/logo\/image\/","url":"https:\/\/vivancoculturadevino.es\/blog\/wp-content\/uploads\/2026\/01\/Logo-blanco.svg","contentUrl":"https:\/\/vivancoculturadevino.es\/blog\/wp-content\/uploads\/2026\/01\/Logo-blanco.svg","width":134,"height":43,"caption":"Vivanco"},"image":{"@id":"https:\/\/vivancoculturadevino.es\/blog\/#\/schema\/logo\/image\/"}},{"@type":"Person","@id":"https:\/\/vivancoculturadevino.es\/blog\/#\/schema\/person\/745931ee54ccbb839d8df0cceb02db4c","name":"Vivanco","image":{"@type":"ImageObject","inLanguage":"es","@id":"https:\/\/vivancoculturadevino.es\/blog\/#\/schema\/person\/image\/","url":"https:\/\/secure.gravatar.com\/avatar\/61b66c59d132db2f7ad4dfd1cc89bbd508b4d5888ab39ddba99f2aca247b7fb3?s=96&d=mm&r=g","contentUrl":"https:\/\/secure.gravatar.com\/avatar\/61b66c59d132db2f7ad4dfd1cc89bbd508b4d5888ab39ddba99f2aca247b7fb3?s=96&d=mm&r=g","caption":"Vivanco"},"description":"Bodega, Fundaci\u00f3n, Experiencias. Compartiendo Cultura de Vino","sameAs":["http:\/\/www.vivancoculturadevino.es","https:\/\/www.facebook.com\/vivancoculturadevino","https:\/\/x.com\/https:\/\/twitter.com\/Vivanco_es","https:\/\/www.youtube.com\/channel\/UC8a2nOiF7kAQNPPduAi2Evw\/videos"],"url":"https:\/\/vivancoculturadevino.es\/blog\/author\/administrator\/"}]}},"_links":{"self":[{"href":"https:\/\/vivancoculturadevino.es\/blog\/wp-json\/wp\/v2\/posts\/2195","targetHints":{"allow":["GET"]}}],"collection":[{"href":"https:\/\/vivancoculturadevino.es\/blog\/wp-json\/wp\/v2\/posts"}],"about":[{"href":"https:\/\/vivancoculturadevino.es\/blog\/wp-json\/wp\/v2\/types\/post"}],"author":[{"embeddable":true,"href":"https:\/\/vivancoculturadevino.es\/blog\/wp-json\/wp\/v2\/users\/1"}],"replies":[{"embeddable":true,"href":"https:\/\/vivancoculturadevino.es\/blog\/wp-json\/wp\/v2\/comments?post=2195"}],"version-history":[{"count":8,"href":"https:\/\/vivancoculturadevino.es\/blog\/wp-json\/wp\/v2\/posts\/2195\/revisions"}],"predecessor-version":[{"id":2209,"href":"https:\/\/vivancoculturadevino.es\/blog\/wp-json\/wp\/v2\/posts\/2195\/revisions\/2209"}],"wp:featuredmedia":[{"embeddable":true,"href":"https:\/\/vivancoculturadevino.es\/blog\/wp-json\/wp\/v2\/media\/2197"}],"wp:attachment":[{"href":"https:\/\/vivancoculturadevino.es\/blog\/wp-json\/wp\/v2\/media?parent=2195"}],"wp:term":[{"taxonomy":"category","embeddable":true,"href":"https:\/\/vivancoculturadevino.es\/blog\/wp-json\/wp\/v2\/categories?post=2195"},{"taxonomy":"post_tag","embeddable":true,"href":"https:\/\/vivancoculturadevino.es\/blog\/wp-json\/wp\/v2\/tags?post=2195"}],"curies":[{"name":"wp","href":"https:\/\/api.w.org\/{rel}","templated":true}]}}