{"id":2181,"date":"2016-05-05T15:46:14","date_gmt":"2016-05-05T14:46:14","guid":{"rendered":"http:\/\/vivancoculturadevino.es\/blog\/?p=2181"},"modified":"2018-02-08T10:26:10","modified_gmt":"2018-02-08T09:26:10","slug":"guia-basica-catar-vino-3-pasos","status":"publish","type":"post","link":"https:\/\/vivancoculturadevino.es\/blog\/2016\/05\/05\/guia-basica-catar-vino-3-pasos\/","title":{"rendered":"Gu\u00eda b\u00e1sica para catar un vino en 3 pasos"},"content":{"rendered":"<p>Habitualmente pensamos que el mundo del vino est\u00e1 reservado en exclusiva para especialistas y expertos que se dedican a ello, pero a trav\u00e9s de las pautas que te ofrecemos en el siguiente art\u00edculo, cualquiera de nosotros va a poder acercarse a este mundo de sensaciones que el vino nos ofrece y que va a ser capaz de despertar todos nuestros sentidos.<\/p>\n<p><a href=\"http:\/\/vivancoculturadevino.es\/blog\/wp-content\/uploads\/2016\/05\/cata.jpg\"><img fetchpriority=\"high\" decoding=\"async\" width=\"960\" height=\"640\" class=\"aligncenter size-full wp-image-2182\" src=\"\/\/vivancoculturadevino.es\/blog\/wp-content\/uploads\/2016\/05\/cata.jpg\" alt=\"cata\" srcset=\"https:\/\/vivancoculturadevino.es\/blog\/wp-content\/uploads\/2016\/05\/cata.jpg 960w, https:\/\/vivancoculturadevino.es\/blog\/wp-content\/uploads\/2016\/05\/cata-300x200.jpg 300w\" sizes=\"(max-width: 960px) 100vw, 960px\" \/><\/a><\/p>\n<h2>Consideraciones previas a la cata<\/h2>\n<p>Antes de proceder a catar un vino es importante tener en cuenta las siguientes recomendaciones:<\/p>\n<p>&#8211; Procura que el espacio donde va a tener lugar la cata sea luminoso y est\u00e9 bien ventilado.<br \/>\n&#8211; Evita ir perfumado\/a y cualquier otro tipo de olor externo.<br \/>\n&#8211; Si se van a catar varios vinos, lo mejor ser\u00e1 hacerlo en una copa diferente para cada uno siempre que esto sea posible.<\/p>\n<p>&nbsp;<\/p>\n<h2>Fases destacadas: visual, olfativa y gustativa<\/h2>\n<p><a href=\"http:\/\/vivancoculturadevino.es\/es\/experiencias\/cursos-y-catas\/\"><strong>Catar un vino paso a paso<\/strong><\/a> va a ser un aut\u00e9ntico viaje para nuestros sentidos, un viaje en el que intervienen pr\u00e1cticamente todos ellos aunque de manera m\u00e1s destacada la vista, el olfato y el gusto.<\/p>\n<p>&nbsp;<\/p>\n<h3>1. FASE VISUAL (Beber a trav\u00e9s de los ojos)<\/h3>\n<p>Comenzamos descorchando la botella y sirviendo un poco de vino para pasar a agarrar la copa por la base o tallo para que no se caliente el vino. Inclinamos la copa sobre un fondo blanco preferiblemente e intentamos formar un \u00e1ngulo de 45\u00b0 para que podamos observar desde arriba a trav\u00e9s del l\u00edquido.<\/p>\n<p>La finalidad de esta primera fase, de este primer acercamiento va a ser <strong>evaluar aspectos como la <em>nitidez<\/em>, la <em>intensidad<\/em>, el <em>color<\/em> y otros como las <em>l\u00e1grimas<\/em>, <em>burbuja<\/em><\/strong>, etc. Y por supuesto detectar cualquier <strong>imperfecci\u00f3n<\/strong> o defecto que pueda tener el vino.<\/p>\n<p>&#8211; <em><strong>Nitidez<\/strong><\/em>: nos proporciona informaci\u00f3n sobre cualquier defecto que pueda tener el vino pudiendo encontrar vinos velados, turbios, brillantes\u2026 El vino debe estar <strong>limpio<\/strong>.<\/p>\n<p>&#8211; <em><strong>Intensidad<\/strong><\/em>: viene marcada por la cantidad de color que tiene el vino.<\/p>\n<p>&#8211; <em><strong>Color<\/strong><\/em>: es independiente de la intensidad y en funci\u00f3n de la clase de vino abarca diferentes gamas y tonalidades.<br \/>\nEn <strong>vinos blancos<\/strong> podemos encontrarnos gamas como vinos pardos, amarillentos, verdosos\u2026\u00a0En <strong>vinos rosados<\/strong>, tonos que van desde el rosa frambuesa, rosa salm\u00f3n, etc.\u00a0En <strong>vinos tintos<\/strong>, los tonos m\u00e1s habituales son p\u00farpuras, rojo picota, granate, rub\u00ed o viol\u00e1ceos.<\/p>\n<p><em><strong>&#8211; L\u00e1grimas<\/strong><\/em>: seguro que todos hemos identificado que el t\u00e9rmino al que nos referimos son esas gotitas que quedan en la superficie de la copa. Pues bien, estas l\u00e1grimas van a estar ligadas a la concentraci\u00f3n de alcohol, a su graduaci\u00f3n. Si cuando movemos la copa observamos que las <strong>\u2018l\u00e1grimas\u2019 caen lentamente, nos est\u00e1n indicando que su densidad es alta y por tanto su graduaci\u00f3n es mayor.<\/strong><\/p>\n<p><em><strong>&#8211; Efervescencia<\/strong><\/em>: hace referencia al proceso de desprendimiento de di\u00f3xido de carbono, a las <strong>burbujas.<\/strong><\/p>\n<p>&nbsp;<\/p>\n<h3>2. FASE OLFATIVA (C\u00f3mo olemos el vino)<\/h3>\n<p>Sin agitar la copa, la acercamos a nuestra nariz para tratar de identificar lo que se conoce como <strong>aromas primarios<\/strong>, que son esos aromas que proceden de las uvas, de la naturaleza, frutales, del terreno, etc.<\/p>\n<p><a href=\"http:\/\/vivancoculturadevino.es\/blog\/wp-content\/uploads\/2016\/05\/cata-fase-olfativa.jpg\"><img decoding=\"async\" width=\"1024\" height=\"682\" class=\"aligncenter size-large wp-image-2184\" src=\"\/\/vivancoculturadevino.es\/blog\/wp-content\/uploads\/2016\/05\/cata-fase-olfativa-1024x682.jpg\" alt=\"cata-fase-olfativa\" srcset=\"https:\/\/vivancoculturadevino.es\/blog\/wp-content\/uploads\/2016\/05\/cata-fase-olfativa-1024x682.jpg 1024w, https:\/\/vivancoculturadevino.es\/blog\/wp-content\/uploads\/2016\/05\/cata-fase-olfativa-300x200.jpg 300w, https:\/\/vivancoculturadevino.es\/blog\/wp-content\/uploads\/2016\/05\/cata-fase-olfativa.jpg 2000w\" sizes=\"(max-width: 1024px) 100vw, 1024px\" \/><\/a><\/p>\n<p>Despu\u00e9s de este primer acercamiento, movemos un poco la copa para que el vino se ponga en contacto con el ox\u00edgeno y podamos analizar los <strong>aromas secundarios,<\/strong> esos que se producen durante la <strong>fermentaci\u00f3n<\/strong> de la uva o en los distintos procesos de <strong>vinificaci\u00f3n<\/strong>.<\/p>\n<p>Volvemos a agitar la copa, esta vez con un poco m\u00e1s de energ\u00eda dando paso a lo que ser\u00edan los <strong>aromas terciarios<\/strong> tambi\u00e9n conocidos como \u2018<strong>bouquet<\/strong>\u2019 que quiz\u00e1s son los que entra\u00f1an mayor dificultad ya que se desarrollan durante y despu\u00e9s de la crianza del vino y suelen ser aromas florales, frutales, de frutos secos, vegetales, roble, etc.<\/p>\n<p><a href=\"http:\/\/vivancoculturadevino.es\/blog\/wp-content\/uploads\/2016\/05\/Sala-malol\u00e1ctica.jpg\"><img decoding=\"async\" width=\"1024\" height=\"524\" class=\"aligncenter size-large wp-image-2185\" src=\"\/\/vivancoculturadevino.es\/blog\/wp-content\/uploads\/2016\/05\/Sala-malol\u00e1ctica-1024x524.jpg\" alt=\"Sala-malolactica\" srcset=\"https:\/\/vivancoculturadevino.es\/blog\/wp-content\/uploads\/2016\/05\/Sala-malol\u00e1ctica-1024x524.jpg 1024w, https:\/\/vivancoculturadevino.es\/blog\/wp-content\/uploads\/2016\/05\/Sala-malol\u00e1ctica-300x154.jpg 300w\" sizes=\"(max-width: 1024px) 100vw, 1024px\" \/><\/a><\/p>\n<p>Dentro de esta fase olfativa, si existieran irregularidades durante su proceso de elaboraci\u00f3n o crianza vamos a poder detectar olores defectuosos como pueden ser el olor \u2018avinagrado\u2019 o el olor a \u2018podrido\u2019.<\/p>\n<p>&nbsp;<\/p>\n<h3>3. FASE GUSTATIVA (C\u00f3mo saboreamos el vino)<\/h3>\n<p>El vino por fin llega a la boca y para ello debemos sorber un poquito y a continuaci\u00f3n intentamos pasarlo de un lado a otro para lograr que llegue a todas las partes y percibir as\u00ed todos los sabores a trav\u00e9s de la lengua (dulce, \u00e1cido y amargo) ya que el salado en el caso del vino no existe. El vino que consiga un <em>equilibrio<\/em> perfecto entre esos sabores va a ser un vino <strong><em>redondo<\/em><\/strong>.<\/p>\n<p>Despu\u00e9s procedemos a analizar aspectos como la <em>textura<\/em> o la <em>astringencia<\/em>, en los que tambi\u00e9n intervendr\u00eda el sentido del tacto.<\/p>\n<p>Una vez que tragamos o escupimos el vino, expulsamos el aire por la nariz. Ese conjunto de sensaciones que quedan en la boca, el tiempo que permanecen, ser\u00e1n diferentes en cada persona que realice la cata. Es lo que se conoce como <em><strong>fase retronasal<\/strong><\/em>.<\/p>\n<p>Por regla general, en un vino de una calidad b\u00e1sica, esos sabores agradables suelen desaparecer en unos segundos, por lo que diremos que su <em>final es <strong>corto<\/strong><\/em>, mientras que por el contrario, en un vino de gran calidad, esos sabores pueden llegar a permanecer m\u00e1s de un minuto, estar\u00edamos entonces ante un vino de <em>final <strong>largo<\/strong><\/em>.<\/p>\n<p>&nbsp;<\/p>\n<h3>Aspectos de especial atenci\u00f3n<\/h3>\n<p>Cuando terminamos con estas tres fases fundamentales para catar un vino, merece la pena citar otros aspectos que nos ayudar\u00e1n en la valoraci\u00f3n final del vino, en su calidad, en si est\u00e1 listo o no para su consumo.<br \/>\nDentro de esos aspectos destacamos su <a href=\"http:\/\/vivancoculturadevino.es\/blog\/2015\/04\/23\/denominaciones-origen-vino-espana\/\"><strong>origen<\/strong><\/a>, su <strong>localizaci\u00f3n<\/strong>, la variedad o <strong>variedades de la uva<\/strong>, el <strong>precio<\/strong> (econ\u00f3mico, medio, alto, superior), la <strong>calidad<\/strong> (pobre, aceptable, buena, muy buena).<\/p>\n<p>Esperamos que a trav\u00e9s de esta peque\u00f1a gu\u00eda orientativa est\u00e9s deseando emprender ese viaje de sensaciones que el vino puede ofrecerte.<\/p>\n<p><a href=\"http:\/\/vivancoculturadevino.es\/es\/experiencias\/cursos-y-catas\/\">\u00bfPreparado para una cata?<\/a><\/p>\n","protected":false},"excerpt":{"rendered":"<p>Mostramos c\u00f3mo catar un vino paso a paso a trav\u00e9s de un recorrido por los aspectos m\u00e1s importantes para captar todos los matices de un vino.<\/p>\n","protected":false},"author":1,"featured_media":2184,"comment_status":"open","ping_status":"open","sticky":false,"template":"","format":"standard","meta":{"footnotes":"","_elementor_edit_mode":"","_elementor_template_type":"","_elementor_data":"","_elementor_page_settings":null,"_elementor_conditions":[]},"categories":[8],"tags":[11,208,249,248,4],"class_list":["post-2181","post","type-post","status-publish","format-standard","has-post-thumbnail","hentry","category-bodega","tag-cata","tag-cata-de-vino","tag-cursos-de-cata","tag-pasos-catar-vino","tag-vino"],"yoast_head":"<!-- This site is optimized with the Yoast SEO plugin v26.8 - https:\/\/yoast.com\/product\/yoast-seo-wordpress\/ -->\n<title>Gu\u00eda b\u00e1sica para catar un vino en 3 pasos | Vivanco<\/title>\n<meta name=\"description\" content=\"Mostramos c\u00f3mo catar un vino paso a paso a trav\u00e9s de un recorrido por los aspectos m\u00e1s importantes para captar todos los matices de un vino.\" \/>\n<meta name=\"robots\" content=\"index, follow, max-snippet:-1, max-image-preview:large, max-video-preview:-1\" \/>\n<link rel=\"canonical\" href=\"https:\/\/vivancoculturadevino.es\/blog\/2016\/05\/05\/guia-basica-catar-vino-3-pasos\/\" \/>\n<meta property=\"og:locale\" content=\"es_ES\" \/>\n<meta property=\"og:type\" content=\"article\" \/>\n<meta property=\"og:title\" content=\"Gu\u00eda b\u00e1sica para catar un vino en 3 pasos | Vivanco\" \/>\n<meta property=\"og:description\" content=\"Mostramos c\u00f3mo catar un vino paso a paso a trav\u00e9s de un recorrido por los aspectos m\u00e1s importantes para captar todos los matices de un vino.\" \/>\n<meta property=\"og:url\" content=\"https:\/\/vivancoculturadevino.es\/blog\/2016\/05\/05\/guia-basica-catar-vino-3-pasos\/\" \/>\n<meta property=\"og:site_name\" content=\"Vivanco\" \/>\n<meta property=\"article:author\" content=\"https:\/\/www.facebook.com\/vivancoculturadevino\" \/>\n<meta property=\"article:published_time\" content=\"2016-05-05T14:46:14+00:00\" \/>\n<meta property=\"article:modified_time\" content=\"2018-02-08T09:26:10+00:00\" \/>\n<meta property=\"og:image\" content=\"https:\/\/vivancoculturadevino.es\/blog\/wp-content\/uploads\/2016\/05\/cata-fase-olfativa.jpg\" \/>\n\t<meta property=\"og:image:width\" content=\"2000\" \/>\n\t<meta property=\"og:image:height\" content=\"1333\" \/>\n\t<meta property=\"og:image:type\" content=\"image\/jpeg\" \/>\n<meta name=\"author\" content=\"Vivanco\" \/>\n<meta name=\"twitter:card\" content=\"summary_large_image\" \/>\n<meta name=\"twitter:creator\" content=\"@https:\/\/twitter.com\/Vivanco_es\" \/>\n<meta name=\"twitter:label1\" content=\"Escrito por\" \/>\n\t<meta name=\"twitter:data1\" content=\"Vivanco\" \/>\n\t<meta name=\"twitter:label2\" content=\"Tiempo de lectura\" \/>\n\t<meta name=\"twitter:data2\" content=\"5 minutos\" \/>\n<script type=\"application\/ld+json\" class=\"yoast-schema-graph\">{\"@context\":\"https:\/\/schema.org\",\"@graph\":[{\"@type\":\"Article\",\"@id\":\"https:\/\/vivancoculturadevino.es\/blog\/2016\/05\/05\/guia-basica-catar-vino-3-pasos\/#article\",\"isPartOf\":{\"@id\":\"https:\/\/vivancoculturadevino.es\/blog\/2016\/05\/05\/guia-basica-catar-vino-3-pasos\/\"},\"author\":{\"name\":\"Vivanco\",\"@id\":\"https:\/\/vivancoculturadevino.es\/blog\/#\/schema\/person\/745931ee54ccbb839d8df0cceb02db4c\"},\"headline\":\"Gu\u00eda b\u00e1sica para catar un vino en 3 pasos\",\"datePublished\":\"2016-05-05T14:46:14+00:00\",\"dateModified\":\"2018-02-08T09:26:10+00:00\",\"mainEntityOfPage\":{\"@id\":\"https:\/\/vivancoculturadevino.es\/blog\/2016\/05\/05\/guia-basica-catar-vino-3-pasos\/\"},\"wordCount\":1002,\"commentCount\":4,\"publisher\":{\"@id\":\"https:\/\/vivancoculturadevino.es\/blog\/#organization\"},\"image\":{\"@id\":\"https:\/\/vivancoculturadevino.es\/blog\/2016\/05\/05\/guia-basica-catar-vino-3-pasos\/#primaryimage\"},\"thumbnailUrl\":\"https:\/\/vivancoculturadevino.es\/blog\/wp-content\/uploads\/2016\/05\/cata-fase-olfativa.jpg\",\"keywords\":[\"cata\",\"cata de vino\",\"cursos de cata\",\"pasos catar vino\",\"vino\"],\"articleSection\":[\"de Vino\"],\"inLanguage\":\"es\",\"potentialAction\":[{\"@type\":\"CommentAction\",\"name\":\"Comment\",\"target\":[\"https:\/\/vivancoculturadevino.es\/blog\/2016\/05\/05\/guia-basica-catar-vino-3-pasos\/#respond\"]}]},{\"@type\":\"WebPage\",\"@id\":\"https:\/\/vivancoculturadevino.es\/blog\/2016\/05\/05\/guia-basica-catar-vino-3-pasos\/\",\"url\":\"https:\/\/vivancoculturadevino.es\/blog\/2016\/05\/05\/guia-basica-catar-vino-3-pasos\/\",\"name\":\"Gu\u00eda b\u00e1sica para catar un vino en 3 pasos | Vivanco\",\"isPartOf\":{\"@id\":\"https:\/\/vivancoculturadevino.es\/blog\/#website\"},\"primaryImageOfPage\":{\"@id\":\"https:\/\/vivancoculturadevino.es\/blog\/2016\/05\/05\/guia-basica-catar-vino-3-pasos\/#primaryimage\"},\"image\":{\"@id\":\"https:\/\/vivancoculturadevino.es\/blog\/2016\/05\/05\/guia-basica-catar-vino-3-pasos\/#primaryimage\"},\"thumbnailUrl\":\"https:\/\/vivancoculturadevino.es\/blog\/wp-content\/uploads\/2016\/05\/cata-fase-olfativa.jpg\",\"datePublished\":\"2016-05-05T14:46:14+00:00\",\"dateModified\":\"2018-02-08T09:26:10+00:00\",\"description\":\"Mostramos c\u00f3mo catar un vino paso a paso a trav\u00e9s de un recorrido por los aspectos m\u00e1s importantes para captar todos los matices de un vino.\",\"breadcrumb\":{\"@id\":\"https:\/\/vivancoculturadevino.es\/blog\/2016\/05\/05\/guia-basica-catar-vino-3-pasos\/#breadcrumb\"},\"inLanguage\":\"es\",\"potentialAction\":[{\"@type\":\"ReadAction\",\"target\":[\"https:\/\/vivancoculturadevino.es\/blog\/2016\/05\/05\/guia-basica-catar-vino-3-pasos\/\"]}]},{\"@type\":\"ImageObject\",\"inLanguage\":\"es\",\"@id\":\"https:\/\/vivancoculturadevino.es\/blog\/2016\/05\/05\/guia-basica-catar-vino-3-pasos\/#primaryimage\",\"url\":\"https:\/\/vivancoculturadevino.es\/blog\/wp-content\/uploads\/2016\/05\/cata-fase-olfativa.jpg\",\"contentUrl\":\"https:\/\/vivancoculturadevino.es\/blog\/wp-content\/uploads\/2016\/05\/cata-fase-olfativa.jpg\",\"width\":2000,\"height\":1333,\"caption\":\"cata-fase-olfativa\"},{\"@type\":\"BreadcrumbList\",\"@id\":\"https:\/\/vivancoculturadevino.es\/blog\/2016\/05\/05\/guia-basica-catar-vino-3-pasos\/#breadcrumb\",\"itemListElement\":[{\"@type\":\"ListItem\",\"position\":1,\"name\":\"Portada\",\"item\":\"https:\/\/vivancoculturadevino.es\/blog\/\"},{\"@type\":\"ListItem\",\"position\":2,\"name\":\"Gu\u00eda b\u00e1sica para catar un vino en 3 pasos\"}]},{\"@type\":\"WebSite\",\"@id\":\"https:\/\/vivancoculturadevino.es\/blog\/#website\",\"url\":\"https:\/\/vivancoculturadevino.es\/blog\/\",\"name\":\"Vivanco\",\"description\":\"Una familia y una pasi\u00f3n: Compartir la cultura del vino\",\"publisher\":{\"@id\":\"https:\/\/vivancoculturadevino.es\/blog\/#organization\"},\"potentialAction\":[{\"@type\":\"SearchAction\",\"target\":{\"@type\":\"EntryPoint\",\"urlTemplate\":\"https:\/\/vivancoculturadevino.es\/blog\/?s={search_term_string}\"},\"query-input\":{\"@type\":\"PropertyValueSpecification\",\"valueRequired\":true,\"valueName\":\"search_term_string\"}}],\"inLanguage\":\"es\"},{\"@type\":\"Organization\",\"@id\":\"https:\/\/vivancoculturadevino.es\/blog\/#organization\",\"name\":\"Vivanco\",\"url\":\"https:\/\/vivancoculturadevino.es\/blog\/\",\"logo\":{\"@type\":\"ImageObject\",\"inLanguage\":\"es\",\"@id\":\"https:\/\/vivancoculturadevino.es\/blog\/#\/schema\/logo\/image\/\",\"url\":\"https:\/\/vivancoculturadevino.es\/blog\/wp-content\/uploads\/2026\/01\/Logo-blanco.svg\",\"contentUrl\":\"https:\/\/vivancoculturadevino.es\/blog\/wp-content\/uploads\/2026\/01\/Logo-blanco.svg\",\"width\":134,\"height\":43,\"caption\":\"Vivanco\"},\"image\":{\"@id\":\"https:\/\/vivancoculturadevino.es\/blog\/#\/schema\/logo\/image\/\"}},{\"@type\":\"Person\",\"@id\":\"https:\/\/vivancoculturadevino.es\/blog\/#\/schema\/person\/745931ee54ccbb839d8df0cceb02db4c\",\"name\":\"Vivanco\",\"image\":{\"@type\":\"ImageObject\",\"inLanguage\":\"es\",\"@id\":\"https:\/\/vivancoculturadevino.es\/blog\/#\/schema\/person\/image\/\",\"url\":\"https:\/\/secure.gravatar.com\/avatar\/61b66c59d132db2f7ad4dfd1cc89bbd508b4d5888ab39ddba99f2aca247b7fb3?s=96&d=mm&r=g\",\"contentUrl\":\"https:\/\/secure.gravatar.com\/avatar\/61b66c59d132db2f7ad4dfd1cc89bbd508b4d5888ab39ddba99f2aca247b7fb3?s=96&d=mm&r=g\",\"caption\":\"Vivanco\"},\"description\":\"Bodega, Fundaci\u00f3n, Experiencias. Compartiendo Cultura de Vino\",\"sameAs\":[\"http:\/\/www.vivancoculturadevino.es\",\"https:\/\/www.facebook.com\/vivancoculturadevino\",\"https:\/\/x.com\/https:\/\/twitter.com\/Vivanco_es\",\"https:\/\/www.youtube.com\/channel\/UC8a2nOiF7kAQNPPduAi2Evw\/videos\"],\"url\":\"https:\/\/vivancoculturadevino.es\/blog\/author\/administrator\/\"}]}<\/script>\n<!-- \/ Yoast SEO plugin. -->","yoast_head_json":{"title":"Gu\u00eda b\u00e1sica para catar un vino en 3 pasos | Vivanco","description":"Mostramos c\u00f3mo catar un vino paso a paso a trav\u00e9s de un recorrido por los aspectos m\u00e1s importantes para captar todos los matices de un vino.","robots":{"index":"index","follow":"follow","max-snippet":"max-snippet:-1","max-image-preview":"max-image-preview:large","max-video-preview":"max-video-preview:-1"},"canonical":"https:\/\/vivancoculturadevino.es\/blog\/2016\/05\/05\/guia-basica-catar-vino-3-pasos\/","og_locale":"es_ES","og_type":"article","og_title":"Gu\u00eda b\u00e1sica para catar un vino en 3 pasos | Vivanco","og_description":"Mostramos c\u00f3mo catar un vino paso a paso a trav\u00e9s de un recorrido por los aspectos m\u00e1s importantes para captar todos los matices de un vino.","og_url":"https:\/\/vivancoculturadevino.es\/blog\/2016\/05\/05\/guia-basica-catar-vino-3-pasos\/","og_site_name":"Vivanco","article_author":"https:\/\/www.facebook.com\/vivancoculturadevino","article_published_time":"2016-05-05T14:46:14+00:00","article_modified_time":"2018-02-08T09:26:10+00:00","og_image":[{"width":2000,"height":1333,"url":"https:\/\/vivancoculturadevino.es\/blog\/wp-content\/uploads\/2016\/05\/cata-fase-olfativa.jpg","type":"image\/jpeg"}],"author":"Vivanco","twitter_card":"summary_large_image","twitter_creator":"@https:\/\/twitter.com\/Vivanco_es","twitter_misc":{"Escrito por":"Vivanco","Tiempo de lectura":"5 minutos"},"schema":{"@context":"https:\/\/schema.org","@graph":[{"@type":"Article","@id":"https:\/\/vivancoculturadevino.es\/blog\/2016\/05\/05\/guia-basica-catar-vino-3-pasos\/#article","isPartOf":{"@id":"https:\/\/vivancoculturadevino.es\/blog\/2016\/05\/05\/guia-basica-catar-vino-3-pasos\/"},"author":{"name":"Vivanco","@id":"https:\/\/vivancoculturadevino.es\/blog\/#\/schema\/person\/745931ee54ccbb839d8df0cceb02db4c"},"headline":"Gu\u00eda b\u00e1sica para catar un vino en 3 pasos","datePublished":"2016-05-05T14:46:14+00:00","dateModified":"2018-02-08T09:26:10+00:00","mainEntityOfPage":{"@id":"https:\/\/vivancoculturadevino.es\/blog\/2016\/05\/05\/guia-basica-catar-vino-3-pasos\/"},"wordCount":1002,"commentCount":4,"publisher":{"@id":"https:\/\/vivancoculturadevino.es\/blog\/#organization"},"image":{"@id":"https:\/\/vivancoculturadevino.es\/blog\/2016\/05\/05\/guia-basica-catar-vino-3-pasos\/#primaryimage"},"thumbnailUrl":"https:\/\/vivancoculturadevino.es\/blog\/wp-content\/uploads\/2016\/05\/cata-fase-olfativa.jpg","keywords":["cata","cata de vino","cursos de cata","pasos catar vino","vino"],"articleSection":["de Vino"],"inLanguage":"es","potentialAction":[{"@type":"CommentAction","name":"Comment","target":["https:\/\/vivancoculturadevino.es\/blog\/2016\/05\/05\/guia-basica-catar-vino-3-pasos\/#respond"]}]},{"@type":"WebPage","@id":"https:\/\/vivancoculturadevino.es\/blog\/2016\/05\/05\/guia-basica-catar-vino-3-pasos\/","url":"https:\/\/vivancoculturadevino.es\/blog\/2016\/05\/05\/guia-basica-catar-vino-3-pasos\/","name":"Gu\u00eda b\u00e1sica para catar un vino en 3 pasos | Vivanco","isPartOf":{"@id":"https:\/\/vivancoculturadevino.es\/blog\/#website"},"primaryImageOfPage":{"@id":"https:\/\/vivancoculturadevino.es\/blog\/2016\/05\/05\/guia-basica-catar-vino-3-pasos\/#primaryimage"},"image":{"@id":"https:\/\/vivancoculturadevino.es\/blog\/2016\/05\/05\/guia-basica-catar-vino-3-pasos\/#primaryimage"},"thumbnailUrl":"https:\/\/vivancoculturadevino.es\/blog\/wp-content\/uploads\/2016\/05\/cata-fase-olfativa.jpg","datePublished":"2016-05-05T14:46:14+00:00","dateModified":"2018-02-08T09:26:10+00:00","description":"Mostramos c\u00f3mo catar un vino paso a paso a trav\u00e9s de un recorrido por los aspectos m\u00e1s importantes para captar todos los matices de un vino.","breadcrumb":{"@id":"https:\/\/vivancoculturadevino.es\/blog\/2016\/05\/05\/guia-basica-catar-vino-3-pasos\/#breadcrumb"},"inLanguage":"es","potentialAction":[{"@type":"ReadAction","target":["https:\/\/vivancoculturadevino.es\/blog\/2016\/05\/05\/guia-basica-catar-vino-3-pasos\/"]}]},{"@type":"ImageObject","inLanguage":"es","@id":"https:\/\/vivancoculturadevino.es\/blog\/2016\/05\/05\/guia-basica-catar-vino-3-pasos\/#primaryimage","url":"https:\/\/vivancoculturadevino.es\/blog\/wp-content\/uploads\/2016\/05\/cata-fase-olfativa.jpg","contentUrl":"https:\/\/vivancoculturadevino.es\/blog\/wp-content\/uploads\/2016\/05\/cata-fase-olfativa.jpg","width":2000,"height":1333,"caption":"cata-fase-olfativa"},{"@type":"BreadcrumbList","@id":"https:\/\/vivancoculturadevino.es\/blog\/2016\/05\/05\/guia-basica-catar-vino-3-pasos\/#breadcrumb","itemListElement":[{"@type":"ListItem","position":1,"name":"Portada","item":"https:\/\/vivancoculturadevino.es\/blog\/"},{"@type":"ListItem","position":2,"name":"Gu\u00eda b\u00e1sica para catar un vino en 3 pasos"}]},{"@type":"WebSite","@id":"https:\/\/vivancoculturadevino.es\/blog\/#website","url":"https:\/\/vivancoculturadevino.es\/blog\/","name":"Vivanco","description":"Una familia y una pasi\u00f3n: Compartir la cultura del vino","publisher":{"@id":"https:\/\/vivancoculturadevino.es\/blog\/#organization"},"potentialAction":[{"@type":"SearchAction","target":{"@type":"EntryPoint","urlTemplate":"https:\/\/vivancoculturadevino.es\/blog\/?s={search_term_string}"},"query-input":{"@type":"PropertyValueSpecification","valueRequired":true,"valueName":"search_term_string"}}],"inLanguage":"es"},{"@type":"Organization","@id":"https:\/\/vivancoculturadevino.es\/blog\/#organization","name":"Vivanco","url":"https:\/\/vivancoculturadevino.es\/blog\/","logo":{"@type":"ImageObject","inLanguage":"es","@id":"https:\/\/vivancoculturadevino.es\/blog\/#\/schema\/logo\/image\/","url":"https:\/\/vivancoculturadevino.es\/blog\/wp-content\/uploads\/2026\/01\/Logo-blanco.svg","contentUrl":"https:\/\/vivancoculturadevino.es\/blog\/wp-content\/uploads\/2026\/01\/Logo-blanco.svg","width":134,"height":43,"caption":"Vivanco"},"image":{"@id":"https:\/\/vivancoculturadevino.es\/blog\/#\/schema\/logo\/image\/"}},{"@type":"Person","@id":"https:\/\/vivancoculturadevino.es\/blog\/#\/schema\/person\/745931ee54ccbb839d8df0cceb02db4c","name":"Vivanco","image":{"@type":"ImageObject","inLanguage":"es","@id":"https:\/\/vivancoculturadevino.es\/blog\/#\/schema\/person\/image\/","url":"https:\/\/secure.gravatar.com\/avatar\/61b66c59d132db2f7ad4dfd1cc89bbd508b4d5888ab39ddba99f2aca247b7fb3?s=96&d=mm&r=g","contentUrl":"https:\/\/secure.gravatar.com\/avatar\/61b66c59d132db2f7ad4dfd1cc89bbd508b4d5888ab39ddba99f2aca247b7fb3?s=96&d=mm&r=g","caption":"Vivanco"},"description":"Bodega, Fundaci\u00f3n, Experiencias. Compartiendo Cultura de Vino","sameAs":["http:\/\/www.vivancoculturadevino.es","https:\/\/www.facebook.com\/vivancoculturadevino","https:\/\/x.com\/https:\/\/twitter.com\/Vivanco_es","https:\/\/www.youtube.com\/channel\/UC8a2nOiF7kAQNPPduAi2Evw\/videos"],"url":"https:\/\/vivancoculturadevino.es\/blog\/author\/administrator\/"}]}},"_links":{"self":[{"href":"https:\/\/vivancoculturadevino.es\/blog\/wp-json\/wp\/v2\/posts\/2181","targetHints":{"allow":["GET"]}}],"collection":[{"href":"https:\/\/vivancoculturadevino.es\/blog\/wp-json\/wp\/v2\/posts"}],"about":[{"href":"https:\/\/vivancoculturadevino.es\/blog\/wp-json\/wp\/v2\/types\/post"}],"author":[{"embeddable":true,"href":"https:\/\/vivancoculturadevino.es\/blog\/wp-json\/wp\/v2\/users\/1"}],"replies":[{"embeddable":true,"href":"https:\/\/vivancoculturadevino.es\/blog\/wp-json\/wp\/v2\/comments?post=2181"}],"version-history":[{"count":4,"href":"https:\/\/vivancoculturadevino.es\/blog\/wp-json\/wp\/v2\/posts\/2181\/revisions"}],"predecessor-version":[{"id":2188,"href":"https:\/\/vivancoculturadevino.es\/blog\/wp-json\/wp\/v2\/posts\/2181\/revisions\/2188"}],"wp:featuredmedia":[{"embeddable":true,"href":"https:\/\/vivancoculturadevino.es\/blog\/wp-json\/wp\/v2\/media\/2184"}],"wp:attachment":[{"href":"https:\/\/vivancoculturadevino.es\/blog\/wp-json\/wp\/v2\/media?parent=2181"}],"wp:term":[{"taxonomy":"category","embeddable":true,"href":"https:\/\/vivancoculturadevino.es\/blog\/wp-json\/wp\/v2\/categories?post=2181"},{"taxonomy":"post_tag","embeddable":true,"href":"https:\/\/vivancoculturadevino.es\/blog\/wp-json\/wp\/v2\/tags?post=2181"}],"curies":[{"name":"wp","href":"https:\/\/api.w.org\/{rel}","templated":true}]}}