{"id":1952,"date":"2016-02-08T13:44:37","date_gmt":"2016-02-08T12:44:37","guid":{"rendered":"http:\/\/vivancoculturadevino.es\/blog\/?p=1952"},"modified":"2018-03-05T10:48:30","modified_gmt":"2018-03-05T09:48:30","slug":"escapada-romantica-rioja-planes","status":"publish","type":"post","link":"https:\/\/vivancoculturadevino.es\/blog\/2016\/02\/08\/escapada-romantica-rioja-planes\/","title":{"rendered":"Escapada rom\u00e1ntica a La Rioja. Los mejores planes"},"content":{"rendered":"<p><em>\u00a0\u201cDonde no hay vino no hay amor.\u201d\u00a0<\/em><strong>Eur\u00edpides.<\/strong><\/p>\n<p>Mostr\u00e1ndose as\u00ed de rotundo, alguna raz\u00f3n deb\u00eda llevar el gran poeta griego para creer en la relaci\u00f3n entre el vino y el amor.<\/p>\n<p><strong>Se acerca un a\u00f1o m\u00e1s el 14 de febrero, d\u00eda de San Valent\u00edn, el d\u00eda de los enamorados<\/strong>. Este a\u00f1o, no hay ninguna excusa que podamos encontrar para no regalarnos un fin de semana en pareja. Y estando Eur\u00edpides tan convencido de sus palabras<strong>, \u00bfpor qu\u00e9 no dejarnos aconsejar por \u00e9l y disfrutar de una magn\u00edfica escapada rom\u00e1ntica a La Rioja? <\/strong><\/p>\n<p><a href=\"http:\/\/vivancoculturadevino.es\/blog\/wp-content\/uploads\/2016\/02\/kissing-couple-1148914_1920.jpg\"><img fetchpriority=\"high\" decoding=\"async\" class=\"aligncenter wp-image-1962\" src=\"\/\/vivancoculturadevino.es\/blog\/wp-content\/uploads\/2016\/02\/kissing-couple-1148914_1920.jpg\" alt=\"pareja beso atardecer\" width=\"800\" height=\"532\" srcset=\"https:\/\/vivancoculturadevino.es\/blog\/wp-content\/uploads\/2016\/02\/kissing-couple-1148914_1920.jpg 1920w, https:\/\/vivancoculturadevino.es\/blog\/wp-content\/uploads\/2016\/02\/kissing-couple-1148914_1920-300x199.jpg 300w, https:\/\/vivancoculturadevino.es\/blog\/wp-content\/uploads\/2016\/02\/kissing-couple-1148914_1920-1024x681.jpg 1024w\" sizes=\"(max-width: 800px) 100vw, 800px\" \/><\/a><\/p>\n<p><strong>Estamos en una \u00e9poca del a\u00f1o perfecta para visitar las tierras riojanas<\/strong>, tierras de vino por excelencia. El mes de Febrero (a medio camino entre las pasadas festividades de Navidad y la pr\u00f3xima Semana Santa) es un mes muy adecuado para tomarnos un tiempo de descanso, relajarnos y compartir todo lo que nos puede ofrecer La Rioja junto a nuestra pareja.<\/p>\n<p><strong>La Rioja se presta a todo tipo de planes y actividades: visitas culturales, rutas tur\u00edsticas por parajes hist\u00f3ricos, actividades deportivas en plena naturaleza, turismo gastron\u00f3mico<\/strong>\u2026 Y todo ello, con el inmejorable hilo conductor del vino, presente en todos los rincones de la regi\u00f3n.<\/p>\n<p>A continuaci\u00f3n, os presentamos algunas propuestas de los mejores planes que podemos experimentar durante nuestro fin de semana rom\u00e1ntico en La Rioja.<\/p>\n<h2>1. Dar un paseo por los vi\u00f1edos, disfrutar de la naturaleza y del paisaje<\/h2>\n<p><strong>Los <a href=\"http:\/\/vivancoculturadevino.es\/blog\/2015\/11\/25\/beberse-paisaje\/\" target=\"_blank\">paisajes riojanos<\/a><\/strong>\u00a0son un aut\u00e9ntico reclamo tur\u00edstico en s\u00ed mismos. Si os gusta disfrutar de la naturaleza, la regi\u00f3n ofrece interminables rutas al aire libre perfectas para visitar en pareja. <strong>La Rioja tiene unas vistas que van cambiando en funci\u00f3n de la \u00e9poca del a\u00f1o en que la visitemos, pero siempre son un regalo para los sentidos<\/strong>. Los colores y la luz de esta tierra son para muchos una <strong>fuente de inspiraci\u00f3n<\/strong>.<\/p>\n<p>Imprescindible acordarse de llevar la c\u00e1mara de fotos y disfrutar de un paseo en pareja entre los interminables vi\u00f1edos que pueblan la regi\u00f3n. Y para sumergiros de lleno en la naturaleza, nada mejor que conocer el <a href=\"http:\/\/vivancoculturadevino.es\/blog\/2015\/05\/20\/parque-natural-sierra-cebollera\/\" target=\"_blank\"><strong>Parque Natural Sierra de Cebollera<\/strong><\/a>, a tan solo 50 km de Logro\u00f1o.<\/p>\n<h2>2. Hacer deporte en pareja: senderismo, bicicleta, esqu\u00ed\u2026<\/h2>\n<p>Otra buena forma de disfrutar de los paisajes riojanos y del aire libre en pareja es haciendo deporte juntos. Podemos conocer un poco mejor la regi\u00f3n haciendo cualquiera de los cientos de rutas de senderismo y bicicleta que hay disponibles en La Rioja. Para los m\u00e1s atrevidos, existe una oferta igual de amplia de deportes de aventura: escalada, rutas en quad, viajes en globo\u2026 Los amantes del esqu\u00ed tambi\u00e9n podemos disfrutar de la nieve en la estaci\u00f3n de <strong>Valdezcaray<\/strong>, a poco m\u00e1s de una hora en coche de Logro\u00f1o.<\/p>\n<p><a href=\"http:\/\/vivancoculturadevino.es\/blog\/wp-content\/uploads\/2016\/02\/pareja-montanas-nieve.jpg\"><img decoding=\"async\" class=\"aligncenter wp-image-1954\" src=\"\/\/vivancoculturadevino.es\/blog\/wp-content\/uploads\/2016\/02\/pareja-montanas-nieve.jpg\" alt=\"pareja montanas nieve\" width=\"800\" height=\"665\" srcset=\"https:\/\/vivancoculturadevino.es\/blog\/wp-content\/uploads\/2016\/02\/pareja-montanas-nieve.jpg 3006w, https:\/\/vivancoculturadevino.es\/blog\/wp-content\/uploads\/2016\/02\/pareja-montanas-nieve-300x249.jpg 300w, https:\/\/vivancoculturadevino.es\/blog\/wp-content\/uploads\/2016\/02\/pareja-montanas-nieve-1024x851.jpg 1024w\" sizes=\"(max-width: 800px) 100vw, 800px\" \/><\/a><\/p>\n<h2>3. Conocer La Rioja a trav\u00e9s de sus rutas hist\u00f3ricas<\/h2>\n<p>Sin duda, el paso del tiempo y el de las diferentes civilizaciones que han habitado la regi\u00f3n a lo largo de la historia ha dejado huella en La Rioja. La influencia de diferentes pueblos celt\u00edberos o de culturas como la romana y la musulmana se puede apreciar, incluso hoy d\u00eda, en la zona.<\/p>\n<p>Durante la Edad Media, La Rioja goz\u00f3 de especial importancia por ser punto de paso del Camino de Santiago y enclave vital para el comercio. Si queremos descubrir la rica herencia hist\u00f3rica de La Rioja, no podemos perdernos la <strong>Ruta de los Monasterios<\/strong> o la <a href=\"http:\/\/vivancoculturadevino.es\/blog\/2015\/03\/18\/ruta-castillos-encanto-la-rioja\/\" target=\"_blank\"><strong>Ruta de los Castillos<\/strong><\/a><strong>. <\/strong>Tambi\u00e9n deber\u00eda ser obligada la visita a <a href=\"http:\/\/vivancoculturadevino.es\/blog\/2015\/05\/22\/ver-briones-la-rioja\/\" target=\"_blank\"><strong>Briones<\/strong><\/a><strong>,<\/strong> municipio que conserva importantes monumentos medievales, y a <strong>Logro\u00f1o<\/strong>, la capital de La Rioja.<\/p>\n<h2>4. Enoturismo en La Rioja<\/h2>\n<p>Cualquier escapada a La Rioja quedar\u00eda incompleta sin un acercamiento, desde dentro, al mundo del vino a trav\u00e9s de su historia y cultura.<\/p>\n<p>Viajar a una regi\u00f3n vitivin\u00edcola como lo es La Rioja y disfrutar de la visita a una bodega, descubrir el proceso de elaboraci\u00f3n del vino y realizar un curso de cata pueden convertirse en planes que nos embriaguen de curiosidad y ganas de vivir el vino desde todas las perspectivas posibles.<\/p>\n<p>Para los que busquen <em>ponerle la guinda <\/em>a su fin de semana rom\u00e1ntico, pueden venir a visitar <strong>el <a href=\"http:\/\/vivancoculturadevino.es\/es\/reservas\/\" target=\"_blank\">Museo Vivanco de la Cultura del Vino y nuestra bodega<\/a><\/strong>, situados en el pueblo de Briones (a menos de 35 km de Logro\u00f1o), pod\u00e9is disfrutar de experiencias exclusivas como contemplar obras de artistas de la talla de Picasso, Sorolla, Juan Gris, Chillida, Barcel\u00f3 o Genov\u00e9s en las que el vino es el protagonista; pero tambi\u00e9n curiosidades como una colecci\u00f3n de m\u00e1s de 3.000 sacacorchos.<\/p>\n<p><a href=\"http:\/\/vivancoculturadevino.es\/blog\/wp-content\/uploads\/2016\/02\/bodega-museo-vivanco-rioja-vino.jpg\"><img decoding=\"async\" class=\"aligncenter wp-image-1955\" src=\"\/\/vivancoculturadevino.es\/blog\/wp-content\/uploads\/2016\/02\/bodega-museo-vivanco-rioja-vino.jpg\" alt=\"bodega museo vivanco rioja vino\" width=\"800\" height=\"338\" srcset=\"https:\/\/vivancoculturadevino.es\/blog\/wp-content\/uploads\/2016\/02\/bodega-museo-vivanco-rioja-vino.jpg 2835w, https:\/\/vivancoculturadevino.es\/blog\/wp-content\/uploads\/2016\/02\/bodega-museo-vivanco-rioja-vino-300x127.jpg 300w, https:\/\/vivancoculturadevino.es\/blog\/wp-content\/uploads\/2016\/02\/bodega-museo-vivanco-rioja-vino-1024x433.jpg 1024w\" sizes=\"(max-width: 800px) 100vw, 800px\" \/><\/a><\/p>\n<h2>5. Disfrutar de la gastronom\u00eda riojana en la calle Laurel<\/h2>\n<p><strong>Decir que La Rioja es tierra de buen comer y destino inigualable para el turismo gastron\u00f3mico no es revelar ning\u00fan secreto<\/strong>. Tanto si somos amantes de la<strong> cocina m\u00e1s tradicional<\/strong>, como si preferimos conocer <strong>una de las mejores zonas de Espa\u00f1a para el tapeo<\/strong>, La Rioja es nuestro destino ideal.<\/p>\n<p>Especialmente para los amantes del tapeo, <a href=\"http:\/\/vivancoculturadevino.es\/blog\/2014\/09\/24\/calle-laurel-para-comersela\/\" target=\"_blank\"><em>La laurel<\/em><\/a>\u00a0de Logro\u00f1o se presenta como reclamo perfecto para comer en pareja \u00a0el d\u00eda del domingo. El buen ambiente que acompa\u00f1a esta ruta de pinchos el fin de semana har\u00e1 que adem\u00e1s de disfrutar de la gastronom\u00eda aut\u00f3ctona del lugar, tambi\u00e9n lo hagas de su gente y tradiciones. El domingo suele ser el d\u00eda m\u00e1s tranquilo en La Laurel as\u00ed que puede ser la ocasi\u00f3n ideal para celebrar San Valent\u00edn tapeando y brindando con un buen Rioja!<\/p>\n<p><a href=\"http:\/\/vivancoculturadevino.es\/blog\/wp-content\/uploads\/2016\/02\/foie-pato-vino.jpg\"><img loading=\"lazy\" decoding=\"async\" class=\"aligncenter wp-image-1957\" src=\"\/\/vivancoculturadevino.es\/blog\/wp-content\/uploads\/2016\/02\/foie-pato-vino.jpg\" alt=\"foie pato vino\" width=\"800\" height=\"533\" srcset=\"https:\/\/vivancoculturadevino.es\/blog\/wp-content\/uploads\/2016\/02\/foie-pato-vino.jpg 2000w, https:\/\/vivancoculturadevino.es\/blog\/wp-content\/uploads\/2016\/02\/foie-pato-vino-300x200.jpg 300w, https:\/\/vivancoculturadevino.es\/blog\/wp-content\/uploads\/2016\/02\/foie-pato-vino-1024x682.jpg 1024w\" sizes=\"(max-width: 800px) 100vw, 800px\" \/><\/a><\/p>\n<h2>6. Elegir un alojamiento especial y rom\u00e1ntico<\/h2>\n<p>Si queremos darle un toque especial a nuestro fin de semana rom\u00e1ntico, nada mejor que hospedarnos en alguno de los alojamientos especiales que hay disponibles en La Rioja. Desde una lujosa <em>suite<\/em> en Logro\u00f1o, a una habitaci\u00f3n con <em>jacuzzi<\/em> en un convento, pasando por una completa oferta de casas rurales. O \u00bfpor qu\u00e9 no disfrutar de un tratamiento de <strong>vinoterapia<\/strong> para dos en un <em>Spa<\/em>? Sea cual sea tu elecci\u00f3n de alojamiento, podr\u00e1s encontrarlo en La Rioja.<\/p>\n<p>&nbsp;<\/p>\n<p>Descansar, hacer turismo cultural, practicar deporte, disfrutar de la naturaleza, de la gastronom\u00eda\u2026 Cualquier pretexto es bueno para visitar La Rioja. Y si adem\u00e1s lo hacemos en pareja, no hay excusas para no darnos el gusto.<\/p>\n<p>&nbsp;<\/p>\n","protected":false},"excerpt":{"rendered":"<p>Se acerca el d\u00eda de los enamorados y la celebraci\u00f3n cae en domingo, as\u00ed que no hay ninguna excusa que podamos encontrar para no regalarnos un fin de semana en pareja. Descubre los mejores planes para disfrutar La Rioja.<\/p>\n","protected":false},"author":1,"featured_media":1953,"comment_status":"open","ping_status":"open","sticky":false,"template":"","format":"standard","meta":{"footnotes":"","_elementor_edit_mode":"","_elementor_template_type":"","_elementor_data":"","_elementor_page_settings":null,"_elementor_conditions":[]},"categories":[6],"tags":[26,206,37,207,4],"class_list":["post-1952","post","type-post","status-publish","format-standard","has-post-thumbnail","hentry","category-experiencias","tag-enoturismo","tag-escapada-romantica","tag-la-rioja","tag-san-valentin","tag-vino"],"yoast_head":"<!-- This site is optimized with the Yoast SEO plugin v26.8 - https:\/\/yoast.com\/product\/yoast-seo-wordpress\/ -->\n<title>Escapada rom\u00e1ntica a La Rioja. Los mejores planes | Vivanco<\/title>\n<meta name=\"description\" content=\"Se acerca un a\u00f1o m\u00e1s el 14 de febrero, una \u00e9poca del a\u00f1o perfecta para visitar las tierras riojanas. Os presentamos los mejores planes para tu visita.\" \/>\n<meta name=\"robots\" content=\"index, follow, max-snippet:-1, max-image-preview:large, max-video-preview:-1\" \/>\n<link rel=\"canonical\" href=\"https:\/\/vivancoculturadevino.es\/blog\/2016\/02\/08\/escapada-romantica-rioja-planes\/\" \/>\n<meta property=\"og:locale\" content=\"es_ES\" \/>\n<meta property=\"og:type\" content=\"article\" \/>\n<meta property=\"og:title\" content=\"Escapada rom\u00e1ntica a La Rioja. Los mejores planes | Vivanco\" \/>\n<meta property=\"og:description\" content=\"Se acerca un a\u00f1o m\u00e1s el 14 de febrero, una \u00e9poca del a\u00f1o perfecta para visitar las tierras riojanas. Os presentamos los mejores planes para tu visita.\" \/>\n<meta property=\"og:url\" content=\"https:\/\/vivancoculturadevino.es\/blog\/2016\/02\/08\/escapada-romantica-rioja-planes\/\" \/>\n<meta property=\"og:site_name\" content=\"Vivanco\" \/>\n<meta property=\"article:author\" content=\"https:\/\/www.facebook.com\/vivancoculturadevino\" \/>\n<meta property=\"article:published_time\" content=\"2016-02-08T12:44:37+00:00\" \/>\n<meta property=\"article:modified_time\" content=\"2018-03-05T09:48:30+00:00\" \/>\n<meta property=\"og:image\" content=\"https:\/\/vivancoculturadevino.es\/blog\/wp-content\/uploads\/2016\/02\/pareja-enamorados-paisaje-rioja.jpg\" \/>\n\t<meta property=\"og:image:width\" content=\"1920\" \/>\n\t<meta property=\"og:image:height\" content=\"1280\" \/>\n\t<meta property=\"og:image:type\" content=\"image\/jpeg\" \/>\n<meta name=\"author\" content=\"Vivanco\" \/>\n<meta name=\"twitter:card\" content=\"summary_large_image\" \/>\n<meta name=\"twitter:creator\" content=\"@https:\/\/twitter.com\/Vivanco_es\" \/>\n<meta name=\"twitter:label1\" content=\"Escrito por\" \/>\n\t<meta name=\"twitter:data1\" content=\"Vivanco\" \/>\n\t<meta name=\"twitter:label2\" content=\"Tiempo de lectura\" \/>\n\t<meta name=\"twitter:data2\" content=\"5 minutos\" \/>\n<script type=\"application\/ld+json\" class=\"yoast-schema-graph\">{\"@context\":\"https:\/\/schema.org\",\"@graph\":[{\"@type\":\"Article\",\"@id\":\"https:\/\/vivancoculturadevino.es\/blog\/2016\/02\/08\/escapada-romantica-rioja-planes\/#article\",\"isPartOf\":{\"@id\":\"https:\/\/vivancoculturadevino.es\/blog\/2016\/02\/08\/escapada-romantica-rioja-planes\/\"},\"author\":{\"name\":\"Vivanco\",\"@id\":\"https:\/\/vivancoculturadevino.es\/blog\/#\/schema\/person\/745931ee54ccbb839d8df0cceb02db4c\"},\"headline\":\"Escapada rom\u00e1ntica a La Rioja. Los mejores planes\",\"datePublished\":\"2016-02-08T12:44:37+00:00\",\"dateModified\":\"2018-03-05T09:48:30+00:00\",\"mainEntityOfPage\":{\"@id\":\"https:\/\/vivancoculturadevino.es\/blog\/2016\/02\/08\/escapada-romantica-rioja-planes\/\"},\"wordCount\":1094,\"commentCount\":0,\"publisher\":{\"@id\":\"https:\/\/vivancoculturadevino.es\/blog\/#organization\"},\"image\":{\"@id\":\"https:\/\/vivancoculturadevino.es\/blog\/2016\/02\/08\/escapada-romantica-rioja-planes\/#primaryimage\"},\"thumbnailUrl\":\"https:\/\/vivancoculturadevino.es\/blog\/wp-content\/uploads\/2016\/02\/pareja-enamorados-paisaje-rioja.jpg\",\"keywords\":[\"enoturismo\",\"escapada romantica\",\"La Rioja\",\"san valentin\",\"vino\"],\"articleSection\":[\"Compartiendo\"],\"inLanguage\":\"es\",\"potentialAction\":[{\"@type\":\"CommentAction\",\"name\":\"Comment\",\"target\":[\"https:\/\/vivancoculturadevino.es\/blog\/2016\/02\/08\/escapada-romantica-rioja-planes\/#respond\"]}]},{\"@type\":\"WebPage\",\"@id\":\"https:\/\/vivancoculturadevino.es\/blog\/2016\/02\/08\/escapada-romantica-rioja-planes\/\",\"url\":\"https:\/\/vivancoculturadevino.es\/blog\/2016\/02\/08\/escapada-romantica-rioja-planes\/\",\"name\":\"Escapada rom\u00e1ntica a La Rioja. Los mejores planes | Vivanco\",\"isPartOf\":{\"@id\":\"https:\/\/vivancoculturadevino.es\/blog\/#website\"},\"primaryImageOfPage\":{\"@id\":\"https:\/\/vivancoculturadevino.es\/blog\/2016\/02\/08\/escapada-romantica-rioja-planes\/#primaryimage\"},\"image\":{\"@id\":\"https:\/\/vivancoculturadevino.es\/blog\/2016\/02\/08\/escapada-romantica-rioja-planes\/#primaryimage\"},\"thumbnailUrl\":\"https:\/\/vivancoculturadevino.es\/blog\/wp-content\/uploads\/2016\/02\/pareja-enamorados-paisaje-rioja.jpg\",\"datePublished\":\"2016-02-08T12:44:37+00:00\",\"dateModified\":\"2018-03-05T09:48:30+00:00\",\"description\":\"Se acerca un a\u00f1o m\u00e1s el 14 de febrero, una \u00e9poca del a\u00f1o perfecta para visitar las tierras riojanas. Os presentamos los mejores planes para tu visita.\",\"breadcrumb\":{\"@id\":\"https:\/\/vivancoculturadevino.es\/blog\/2016\/02\/08\/escapada-romantica-rioja-planes\/#breadcrumb\"},\"inLanguage\":\"es\",\"potentialAction\":[{\"@type\":\"ReadAction\",\"target\":[\"https:\/\/vivancoculturadevino.es\/blog\/2016\/02\/08\/escapada-romantica-rioja-planes\/\"]}]},{\"@type\":\"ImageObject\",\"inLanguage\":\"es\",\"@id\":\"https:\/\/vivancoculturadevino.es\/blog\/2016\/02\/08\/escapada-romantica-rioja-planes\/#primaryimage\",\"url\":\"https:\/\/vivancoculturadevino.es\/blog\/wp-content\/uploads\/2016\/02\/pareja-enamorados-paisaje-rioja.jpg\",\"contentUrl\":\"https:\/\/vivancoculturadevino.es\/blog\/wp-content\/uploads\/2016\/02\/pareja-enamorados-paisaje-rioja.jpg\",\"width\":1920,\"height\":1280},{\"@type\":\"BreadcrumbList\",\"@id\":\"https:\/\/vivancoculturadevino.es\/blog\/2016\/02\/08\/escapada-romantica-rioja-planes\/#breadcrumb\",\"itemListElement\":[{\"@type\":\"ListItem\",\"position\":1,\"name\":\"Portada\",\"item\":\"https:\/\/vivancoculturadevino.es\/blog\/\"},{\"@type\":\"ListItem\",\"position\":2,\"name\":\"Escapada rom\u00e1ntica a La Rioja. Los mejores planes\"}]},{\"@type\":\"WebSite\",\"@id\":\"https:\/\/vivancoculturadevino.es\/blog\/#website\",\"url\":\"https:\/\/vivancoculturadevino.es\/blog\/\",\"name\":\"Vivanco\",\"description\":\"Una familia y una pasi\u00f3n: Compartir la cultura del vino\",\"publisher\":{\"@id\":\"https:\/\/vivancoculturadevino.es\/blog\/#organization\"},\"potentialAction\":[{\"@type\":\"SearchAction\",\"target\":{\"@type\":\"EntryPoint\",\"urlTemplate\":\"https:\/\/vivancoculturadevino.es\/blog\/?s={search_term_string}\"},\"query-input\":{\"@type\":\"PropertyValueSpecification\",\"valueRequired\":true,\"valueName\":\"search_term_string\"}}],\"inLanguage\":\"es\"},{\"@type\":\"Organization\",\"@id\":\"https:\/\/vivancoculturadevino.es\/blog\/#organization\",\"name\":\"Vivanco\",\"url\":\"https:\/\/vivancoculturadevino.es\/blog\/\",\"logo\":{\"@type\":\"ImageObject\",\"inLanguage\":\"es\",\"@id\":\"https:\/\/vivancoculturadevino.es\/blog\/#\/schema\/logo\/image\/\",\"url\":\"https:\/\/vivancoculturadevino.es\/blog\/wp-content\/uploads\/2026\/01\/Logo-blanco.svg\",\"contentUrl\":\"https:\/\/vivancoculturadevino.es\/blog\/wp-content\/uploads\/2026\/01\/Logo-blanco.svg\",\"width\":134,\"height\":43,\"caption\":\"Vivanco\"},\"image\":{\"@id\":\"https:\/\/vivancoculturadevino.es\/blog\/#\/schema\/logo\/image\/\"}},{\"@type\":\"Person\",\"@id\":\"https:\/\/vivancoculturadevino.es\/blog\/#\/schema\/person\/745931ee54ccbb839d8df0cceb02db4c\",\"name\":\"Vivanco\",\"image\":{\"@type\":\"ImageObject\",\"inLanguage\":\"es\",\"@id\":\"https:\/\/vivancoculturadevino.es\/blog\/#\/schema\/person\/image\/\",\"url\":\"https:\/\/secure.gravatar.com\/avatar\/61b66c59d132db2f7ad4dfd1cc89bbd508b4d5888ab39ddba99f2aca247b7fb3?s=96&d=mm&r=g\",\"contentUrl\":\"https:\/\/secure.gravatar.com\/avatar\/61b66c59d132db2f7ad4dfd1cc89bbd508b4d5888ab39ddba99f2aca247b7fb3?s=96&d=mm&r=g\",\"caption\":\"Vivanco\"},\"description\":\"Bodega, Fundaci\u00f3n, Experiencias. Compartiendo Cultura de Vino\",\"sameAs\":[\"http:\/\/www.vivancoculturadevino.es\",\"https:\/\/www.facebook.com\/vivancoculturadevino\",\"https:\/\/x.com\/https:\/\/twitter.com\/Vivanco_es\",\"https:\/\/www.youtube.com\/channel\/UC8a2nOiF7kAQNPPduAi2Evw\/videos\"],\"url\":\"https:\/\/vivancoculturadevino.es\/blog\/author\/administrator\/\"}]}<\/script>\n<!-- \/ Yoast SEO plugin. -->","yoast_head_json":{"title":"Escapada rom\u00e1ntica a La Rioja. Los mejores planes | Vivanco","description":"Se acerca un a\u00f1o m\u00e1s el 14 de febrero, una \u00e9poca del a\u00f1o perfecta para visitar las tierras riojanas. Os presentamos los mejores planes para tu visita.","robots":{"index":"index","follow":"follow","max-snippet":"max-snippet:-1","max-image-preview":"max-image-preview:large","max-video-preview":"max-video-preview:-1"},"canonical":"https:\/\/vivancoculturadevino.es\/blog\/2016\/02\/08\/escapada-romantica-rioja-planes\/","og_locale":"es_ES","og_type":"article","og_title":"Escapada rom\u00e1ntica a La Rioja. Los mejores planes | Vivanco","og_description":"Se acerca un a\u00f1o m\u00e1s el 14 de febrero, una \u00e9poca del a\u00f1o perfecta para visitar las tierras riojanas. Os presentamos los mejores planes para tu visita.","og_url":"https:\/\/vivancoculturadevino.es\/blog\/2016\/02\/08\/escapada-romantica-rioja-planes\/","og_site_name":"Vivanco","article_author":"https:\/\/www.facebook.com\/vivancoculturadevino","article_published_time":"2016-02-08T12:44:37+00:00","article_modified_time":"2018-03-05T09:48:30+00:00","og_image":[{"width":1920,"height":1280,"url":"https:\/\/vivancoculturadevino.es\/blog\/wp-content\/uploads\/2016\/02\/pareja-enamorados-paisaje-rioja.jpg","type":"image\/jpeg"}],"author":"Vivanco","twitter_card":"summary_large_image","twitter_creator":"@https:\/\/twitter.com\/Vivanco_es","twitter_misc":{"Escrito por":"Vivanco","Tiempo de lectura":"5 minutos"},"schema":{"@context":"https:\/\/schema.org","@graph":[{"@type":"Article","@id":"https:\/\/vivancoculturadevino.es\/blog\/2016\/02\/08\/escapada-romantica-rioja-planes\/#article","isPartOf":{"@id":"https:\/\/vivancoculturadevino.es\/blog\/2016\/02\/08\/escapada-romantica-rioja-planes\/"},"author":{"name":"Vivanco","@id":"https:\/\/vivancoculturadevino.es\/blog\/#\/schema\/person\/745931ee54ccbb839d8df0cceb02db4c"},"headline":"Escapada rom\u00e1ntica a La Rioja. Los mejores planes","datePublished":"2016-02-08T12:44:37+00:00","dateModified":"2018-03-05T09:48:30+00:00","mainEntityOfPage":{"@id":"https:\/\/vivancoculturadevino.es\/blog\/2016\/02\/08\/escapada-romantica-rioja-planes\/"},"wordCount":1094,"commentCount":0,"publisher":{"@id":"https:\/\/vivancoculturadevino.es\/blog\/#organization"},"image":{"@id":"https:\/\/vivancoculturadevino.es\/blog\/2016\/02\/08\/escapada-romantica-rioja-planes\/#primaryimage"},"thumbnailUrl":"https:\/\/vivancoculturadevino.es\/blog\/wp-content\/uploads\/2016\/02\/pareja-enamorados-paisaje-rioja.jpg","keywords":["enoturismo","escapada romantica","La Rioja","san valentin","vino"],"articleSection":["Compartiendo"],"inLanguage":"es","potentialAction":[{"@type":"CommentAction","name":"Comment","target":["https:\/\/vivancoculturadevino.es\/blog\/2016\/02\/08\/escapada-romantica-rioja-planes\/#respond"]}]},{"@type":"WebPage","@id":"https:\/\/vivancoculturadevino.es\/blog\/2016\/02\/08\/escapada-romantica-rioja-planes\/","url":"https:\/\/vivancoculturadevino.es\/blog\/2016\/02\/08\/escapada-romantica-rioja-planes\/","name":"Escapada rom\u00e1ntica a La Rioja. Los mejores planes | Vivanco","isPartOf":{"@id":"https:\/\/vivancoculturadevino.es\/blog\/#website"},"primaryImageOfPage":{"@id":"https:\/\/vivancoculturadevino.es\/blog\/2016\/02\/08\/escapada-romantica-rioja-planes\/#primaryimage"},"image":{"@id":"https:\/\/vivancoculturadevino.es\/blog\/2016\/02\/08\/escapada-romantica-rioja-planes\/#primaryimage"},"thumbnailUrl":"https:\/\/vivancoculturadevino.es\/blog\/wp-content\/uploads\/2016\/02\/pareja-enamorados-paisaje-rioja.jpg","datePublished":"2016-02-08T12:44:37+00:00","dateModified":"2018-03-05T09:48:30+00:00","description":"Se acerca un a\u00f1o m\u00e1s el 14 de febrero, una \u00e9poca del a\u00f1o perfecta para visitar las tierras riojanas. Os presentamos los mejores planes para tu visita.","breadcrumb":{"@id":"https:\/\/vivancoculturadevino.es\/blog\/2016\/02\/08\/escapada-romantica-rioja-planes\/#breadcrumb"},"inLanguage":"es","potentialAction":[{"@type":"ReadAction","target":["https:\/\/vivancoculturadevino.es\/blog\/2016\/02\/08\/escapada-romantica-rioja-planes\/"]}]},{"@type":"ImageObject","inLanguage":"es","@id":"https:\/\/vivancoculturadevino.es\/blog\/2016\/02\/08\/escapada-romantica-rioja-planes\/#primaryimage","url":"https:\/\/vivancoculturadevino.es\/blog\/wp-content\/uploads\/2016\/02\/pareja-enamorados-paisaje-rioja.jpg","contentUrl":"https:\/\/vivancoculturadevino.es\/blog\/wp-content\/uploads\/2016\/02\/pareja-enamorados-paisaje-rioja.jpg","width":1920,"height":1280},{"@type":"BreadcrumbList","@id":"https:\/\/vivancoculturadevino.es\/blog\/2016\/02\/08\/escapada-romantica-rioja-planes\/#breadcrumb","itemListElement":[{"@type":"ListItem","position":1,"name":"Portada","item":"https:\/\/vivancoculturadevino.es\/blog\/"},{"@type":"ListItem","position":2,"name":"Escapada rom\u00e1ntica a La Rioja. Los mejores planes"}]},{"@type":"WebSite","@id":"https:\/\/vivancoculturadevino.es\/blog\/#website","url":"https:\/\/vivancoculturadevino.es\/blog\/","name":"Vivanco","description":"Una familia y una pasi\u00f3n: Compartir la cultura del vino","publisher":{"@id":"https:\/\/vivancoculturadevino.es\/blog\/#organization"},"potentialAction":[{"@type":"SearchAction","target":{"@type":"EntryPoint","urlTemplate":"https:\/\/vivancoculturadevino.es\/blog\/?s={search_term_string}"},"query-input":{"@type":"PropertyValueSpecification","valueRequired":true,"valueName":"search_term_string"}}],"inLanguage":"es"},{"@type":"Organization","@id":"https:\/\/vivancoculturadevino.es\/blog\/#organization","name":"Vivanco","url":"https:\/\/vivancoculturadevino.es\/blog\/","logo":{"@type":"ImageObject","inLanguage":"es","@id":"https:\/\/vivancoculturadevino.es\/blog\/#\/schema\/logo\/image\/","url":"https:\/\/vivancoculturadevino.es\/blog\/wp-content\/uploads\/2026\/01\/Logo-blanco.svg","contentUrl":"https:\/\/vivancoculturadevino.es\/blog\/wp-content\/uploads\/2026\/01\/Logo-blanco.svg","width":134,"height":43,"caption":"Vivanco"},"image":{"@id":"https:\/\/vivancoculturadevino.es\/blog\/#\/schema\/logo\/image\/"}},{"@type":"Person","@id":"https:\/\/vivancoculturadevino.es\/blog\/#\/schema\/person\/745931ee54ccbb839d8df0cceb02db4c","name":"Vivanco","image":{"@type":"ImageObject","inLanguage":"es","@id":"https:\/\/vivancoculturadevino.es\/blog\/#\/schema\/person\/image\/","url":"https:\/\/secure.gravatar.com\/avatar\/61b66c59d132db2f7ad4dfd1cc89bbd508b4d5888ab39ddba99f2aca247b7fb3?s=96&d=mm&r=g","contentUrl":"https:\/\/secure.gravatar.com\/avatar\/61b66c59d132db2f7ad4dfd1cc89bbd508b4d5888ab39ddba99f2aca247b7fb3?s=96&d=mm&r=g","caption":"Vivanco"},"description":"Bodega, Fundaci\u00f3n, Experiencias. Compartiendo Cultura de Vino","sameAs":["http:\/\/www.vivancoculturadevino.es","https:\/\/www.facebook.com\/vivancoculturadevino","https:\/\/x.com\/https:\/\/twitter.com\/Vivanco_es","https:\/\/www.youtube.com\/channel\/UC8a2nOiF7kAQNPPduAi2Evw\/videos"],"url":"https:\/\/vivancoculturadevino.es\/blog\/author\/administrator\/"}]}},"_links":{"self":[{"href":"https:\/\/vivancoculturadevino.es\/blog\/wp-json\/wp\/v2\/posts\/1952","targetHints":{"allow":["GET"]}}],"collection":[{"href":"https:\/\/vivancoculturadevino.es\/blog\/wp-json\/wp\/v2\/posts"}],"about":[{"href":"https:\/\/vivancoculturadevino.es\/blog\/wp-json\/wp\/v2\/types\/post"}],"author":[{"embeddable":true,"href":"https:\/\/vivancoculturadevino.es\/blog\/wp-json\/wp\/v2\/users\/1"}],"replies":[{"embeddable":true,"href":"https:\/\/vivancoculturadevino.es\/blog\/wp-json\/wp\/v2\/comments?post=1952"}],"version-history":[{"count":7,"href":"https:\/\/vivancoculturadevino.es\/blog\/wp-json\/wp\/v2\/posts\/1952\/revisions"}],"predecessor-version":[{"id":3416,"href":"https:\/\/vivancoculturadevino.es\/blog\/wp-json\/wp\/v2\/posts\/1952\/revisions\/3416"}],"wp:featuredmedia":[{"embeddable":true,"href":"https:\/\/vivancoculturadevino.es\/blog\/wp-json\/wp\/v2\/media\/1953"}],"wp:attachment":[{"href":"https:\/\/vivancoculturadevino.es\/blog\/wp-json\/wp\/v2\/media?parent=1952"}],"wp:term":[{"taxonomy":"category","embeddable":true,"href":"https:\/\/vivancoculturadevino.es\/blog\/wp-json\/wp\/v2\/categories?post=1952"},{"taxonomy":"post_tag","embeddable":true,"href":"https:\/\/vivancoculturadevino.es\/blog\/wp-json\/wp\/v2\/tags?post=1952"}],"curies":[{"name":"wp","href":"https:\/\/api.w.org\/{rel}","templated":true}]}}