{"id":1938,"date":"2016-02-05T18:23:41","date_gmt":"2016-02-05T17:23:41","guid":{"rendered":"http:\/\/vivancoculturadevino.es\/blog\/?p=1938"},"modified":"2018-03-01T15:42:54","modified_gmt":"2018-03-01T14:42:54","slug":"febrero-minuto-cepa","status":"publish","type":"post","link":"https:\/\/vivancoculturadevino.es\/blog\/2016\/02\/05\/febrero-minuto-cepa\/","title":{"rendered":"En febrero, un minuto, una cepa"},"content":{"rendered":"<p>Contin\u00faa el inverno. Las condiciones clim\u00e1ticas siguen siendo duras. <strong>En febrero la cepa se mantiene en estado latente, dormida, y las labores manuales se centran en la poda<\/strong>. Si est\u00e1 bien formada, y si tenemos en cuenta que las herramientas del viticultor se han perfeccionado mucho en los \u00faltimos a\u00f1os, podar cada planta puede llevar una media de un minuto.<\/p>\n<p>Mientras el vi\u00f1edo espera en calma a que la primavera le despierte de su letargo para volver a brotar, <strong>la poda se desarrolla con el objetivo de regular el desarrollo vegetativo de la vid<\/strong>. As\u00ed se dispondr\u00e1n los brotes deseables en n\u00famero y colocaci\u00f3n, para que las yemas tengan un vigor correcto. Controlamos, en definitiva, su expresi\u00f3n vegetativa, es decir, el crecimiento del n\u00famero de p\u00e1mpanos futuros, y tambi\u00e9n la futura producci\u00f3n: cuantas m\u00e1s yemas, m\u00e1s p\u00e1mpanos, y m\u00e1s racimos.<\/p>\n<p><a href=\"http:\/\/vivancoculturadevino.es\/blog\/wp-content\/uploads\/2016\/02\/vivanco-vinedo.jpg\"><img fetchpriority=\"high\" decoding=\"async\" width=\"600\" height=\"400\" class=\"aligncenter size-full wp-image-1949\" src=\"\/\/vivancoculturadevino.es\/blog\/wp-content\/uploads\/2016\/02\/vivanco-vinedo.jpg\" alt=\"vivanco-vinedo\" srcset=\"https:\/\/vivancoculturadevino.es\/blog\/wp-content\/uploads\/2016\/02\/vivanco-vinedo.jpg 600w, https:\/\/vivancoculturadevino.es\/blog\/wp-content\/uploads\/2016\/02\/vivanco-vinedo-300x200.jpg 300w\" sizes=\"(max-width: 600px) 100vw, 600px\" \/><\/a><\/p>\n<h2><strong>La formaci\u00f3n de la cepa<\/strong><\/h2>\n<p><strong>En este mes tambi\u00e9n se da forma a las cepas, con independencia de que el sistema de conducci\u00f3n sea en vaso o espaldera<\/strong>. Se distribuyen los pulgares y las yemas en el espacio, para que los p\u00e1mpanos y racimos que nazcan en los pr\u00f3ximos meses tengan libertad de movimiento, no se choquen y no se molesten. Y si no se entorpecen, facilitaremos que est\u00e9n aireados y asoleados.<\/p>\n<p>En este apasionante mundo del vino, prevenir y adelantarse a la realidad de la naturaleza es vital. Por ello, <strong>es muy importante la formaci\u00f3n que le demos a la cepa durante sus dos primeros a\u00f1os de vida, porque en esos a\u00f1os se va a determinar la formaci\u00f3n de la vid durante las d\u00e9cadas que est\u00e9 viva<\/strong>. Durante ese proceso, la cepa tendr\u00e1 la ayuda de la sabidur\u00eda del viticultor. \u00bfY c\u00f3mo es la poda que se lleva a cabo durante el invierno?<\/p>\n<p>El p\u00e1mpano es el brote verde que en invierno, cuando se agosta, cuando se seca, se convierte en lo que llamamos sarmiento. Recordemos que las yemas de los sarmientos del 2016 se han formado en el verano del 2015. Este sarmiento est\u00e1 compuesto de distintas yemas, que son las que al a\u00f1o siguiente brotar\u00e1n. La poda en corto, o poda en pulgares, consiste en dejar ese sarmiento con dos yemas, lo que supone una longitud de cuatro o cinco cent\u00edmetros, y que suelen ser alternas: una a la derecha y otra a la izquierda.<\/p>\n<p>La otra alternativa de este perfil de trabajo manual, que tambi\u00e9n depende de las variedades, es la poda larga, en la que en lugar de 12 yemas distribuidas en 6 pulgares, se deja una vara, es decir, un sarmiento con doce yemas. Las podas largas son, en teor\u00eda, m\u00e1s productivas. \u00bfPor qu\u00e9? Porque cuanto m\u00e1s arriba se sit\u00faa la yema en un sarmiento, m\u00e1s f\u00e9rtil es.<\/p>\n<p><a href=\"http:\/\/vivancoculturadevino.es\/blog\/wp-content\/uploads\/2016\/02\/poda-rioja.jpg\"><img decoding=\"async\" class=\"aligncenter wp-image-1942 size-full\" src=\"\/\/vivancoculturadevino.es\/blog\/wp-content\/uploads\/2016\/02\/poda-rioja.jpg\" alt=\"poda-rioja\" width=\"657\" height=\"261\" srcset=\"https:\/\/vivancoculturadevino.es\/blog\/wp-content\/uploads\/2016\/02\/poda-rioja.jpg 657w, https:\/\/vivancoculturadevino.es\/blog\/wp-content\/uploads\/2016\/02\/poda-rioja-300x119.jpg 300w\" sizes=\"(max-width: 657px) 100vw, 657px\" \/><\/a><\/p>\n<h2><strong>Variedades de uva<\/strong><\/h2>\n<p>Llegados a este punto, hay que cambiar el chip en la viticultura donde no hay una regla general. Nos explicamos. Hay variedades que son menos productivas, y casi obligatoriamente exigen dejar podas largas, con m\u00e1s yemas. Es el caso de algunas uvas blancas. As\u00ed, hay mayor rendimiento, m\u00e1s n\u00famero de racimos, y mayor fructificaci\u00f3n. Es el caso de las variedades nuevas for\u00e1neas incorporadas al Consejo Regulador, como el chardonnay o el sauvignon blanc, en las que es hasta recomendable la poda larga, para que produzcan m\u00e1s. Cuantos m\u00e1s kilos, m\u00e1s frescura, m\u00e1s acidez.<\/p>\n<p>Sin embargo en las variedades tintas se realizan las podas cortas. Si se opta por las largas es porque se quiere m\u00e1s producci\u00f3n. Pero esta \u201centre comillas\u201d avaricia, en cuanto a la calidad, no es recomendable. Por otro lado, en nuestras variedades blancas de Rioja, como el tempranillo blanco, la viura, malvas\u00eda, garnacha blanca y maturana blanca, la poda en corto es m\u00e1s que suficiente.<\/p>\n<h2><strong>Los sarmientos<\/strong><\/h2>\n<p><a href=\"http:\/\/vivancoculturadevino.es\/blog\/wp-content\/uploads\/2016\/02\/sarmientos-filtro.jpg\"><img decoding=\"async\" width=\"600\" height=\"400\" class=\"aligncenter size-full wp-image-1947\" src=\"\/\/vivancoculturadevino.es\/blog\/wp-content\/uploads\/2016\/02\/sarmientos-filtro.jpg\" alt=\"sarmientos-filtro\" srcset=\"https:\/\/vivancoculturadevino.es\/blog\/wp-content\/uploads\/2016\/02\/sarmientos-filtro.jpg 600w, https:\/\/vivancoculturadevino.es\/blog\/wp-content\/uploads\/2016\/02\/sarmientos-filtro-300x200.jpg 300w\" sizes=\"(max-width: 600px) 100vw, 600px\" \/><\/a><\/p>\n<p>Adem\u00e1s de la poda, hay otra labor, en este caso mec\u00e1nica, que podemos ver en el campo invernal. <strong>Hay viticultores que una vez finalizados los trabajos manuales, optan por picar los sarmientos que han quedado en el suelo<\/strong>. Estas varas largas que est\u00e1n en el suelo, y que incluso miden m\u00e1s de medio metro, no ser\u00e1n un obst\u00e1culo ni se enredar\u00e1n a nuestro paso o al labrar.<\/p>\n<p>Lo que se hace es pasar una trituradora que los reduce a dos o tres cent\u00edmetros y se convierten en materia org\u00e1nica, en abono que se incorpora posteriormente al suelo. Ese sarmiento desmenuzado se convertir\u00e1 en harina con el efecto de la luz, el hielo, el sol, la humedad. \u00c9l solo se ir\u00e1 pudriendo, descomponiendo. Una forma inteligente de aprovechar los propios recursos que genera la planta, y de que la cepa devuelva al suelo lo que \u00e9ste le ha dado.<\/p>\n<p>Estos sarmientos tambi\u00e9n se pueden utilizar como filtro del vino en el remontado y descube del vino.<\/p>\n<p>Si quieres tambi\u00e9n lo puedes escuhar en el podcast de Radio Nacional: <a href=\"http:\/\/bit.ly\/cepas-humanos-podcast\" target=\"_blank\" rel=\"nofollow\">http:\/\/bit.ly\/cepas-humanos-podcast<\/a><\/p>\n<p>Y si te ha gustado o has aprendido un poco m\u00e1s sobre el vino y la #CulturaDeVino, comp\u00e1rtelo en tus redes sociales y d\u00e9janos comentarios \ud83d\ude42<\/p>\n","protected":false},"excerpt":{"rendered":"<p>\u00bfQu\u00e9 ocurre en el proceso de formaci\u00f3n de la cepa en el mes de febrero? Descubrimos c\u00f3mo se desarrolla la vid en esta etapa y si este proceso es igual en todas las variedades de uva.<\/p>\n","protected":false},"author":1,"featured_media":1947,"comment_status":"open","ping_status":"open","sticky":false,"template":"","format":"standard","meta":{"footnotes":"","_elementor_edit_mode":"","_elementor_template_type":"","_elementor_data":"","_elementor_page_settings":null,"_elementor_conditions":[]},"categories":[8],"tags":[204,205],"class_list":["post-1938","post","type-post","status-publish","format-standard","has-post-thumbnail","hentry","category-bodega","tag-cepa","tag-poda"],"yoast_head":"<!-- This site is optimized with the Yoast SEO plugin v26.8 - https:\/\/yoast.com\/product\/yoast-seo-wordpress\/ -->\n<title>En febrero, un minuto, una cepa | Vivanco<\/title>\n<meta name=\"description\" content=\"As\u00ed es el proceso de formaci\u00f3n de la cepa y las labores de poda a lo largo del mes de febrero. \u00bfEste proceso es el mismo en todas las variedades de uva?\" \/>\n<meta name=\"robots\" content=\"index, follow, max-snippet:-1, max-image-preview:large, max-video-preview:-1\" \/>\n<link rel=\"canonical\" href=\"https:\/\/vivancoculturadevino.es\/blog\/2016\/02\/05\/febrero-minuto-cepa\/\" \/>\n<meta property=\"og:locale\" content=\"es_ES\" \/>\n<meta property=\"og:type\" content=\"article\" \/>\n<meta property=\"og:title\" content=\"En febrero, un minuto, una cepa | Vivanco\" \/>\n<meta property=\"og:description\" content=\"As\u00ed es el proceso de formaci\u00f3n de la cepa y las labores de poda a lo largo del mes de febrero. \u00bfEste proceso es el mismo en todas las variedades de uva?\" \/>\n<meta property=\"og:url\" content=\"https:\/\/vivancoculturadevino.es\/blog\/2016\/02\/05\/febrero-minuto-cepa\/\" \/>\n<meta property=\"og:site_name\" content=\"Vivanco\" \/>\n<meta property=\"article:author\" content=\"https:\/\/www.facebook.com\/vivancoculturadevino\" \/>\n<meta property=\"article:published_time\" content=\"2016-02-05T17:23:41+00:00\" \/>\n<meta property=\"article:modified_time\" content=\"2018-03-01T14:42:54+00:00\" \/>\n<meta property=\"og:image\" content=\"https:\/\/vivancoculturadevino.es\/blog\/wp-content\/uploads\/2016\/02\/sarmientos-filtro.jpg\" \/>\n\t<meta property=\"og:image:width\" content=\"600\" \/>\n\t<meta property=\"og:image:height\" content=\"400\" \/>\n\t<meta property=\"og:image:type\" content=\"image\/jpeg\" \/>\n<meta name=\"author\" content=\"Vivanco\" \/>\n<meta name=\"twitter:card\" content=\"summary_large_image\" \/>\n<meta name=\"twitter:creator\" content=\"@https:\/\/twitter.com\/Vivanco_es\" \/>\n<meta name=\"twitter:label1\" content=\"Escrito por\" \/>\n\t<meta name=\"twitter:data1\" content=\"Vivanco\" \/>\n\t<meta name=\"twitter:label2\" content=\"Tiempo de lectura\" \/>\n\t<meta name=\"twitter:data2\" content=\"4 minutos\" \/>\n<script type=\"application\/ld+json\" class=\"yoast-schema-graph\">{\"@context\":\"https:\/\/schema.org\",\"@graph\":[{\"@type\":\"Article\",\"@id\":\"https:\/\/vivancoculturadevino.es\/blog\/2016\/02\/05\/febrero-minuto-cepa\/#article\",\"isPartOf\":{\"@id\":\"https:\/\/vivancoculturadevino.es\/blog\/2016\/02\/05\/febrero-minuto-cepa\/\"},\"author\":{\"name\":\"Vivanco\",\"@id\":\"https:\/\/vivancoculturadevino.es\/blog\/#\/schema\/person\/745931ee54ccbb839d8df0cceb02db4c\"},\"headline\":\"En febrero, un minuto, una cepa\",\"datePublished\":\"2016-02-05T17:23:41+00:00\",\"dateModified\":\"2018-03-01T14:42:54+00:00\",\"mainEntityOfPage\":{\"@id\":\"https:\/\/vivancoculturadevino.es\/blog\/2016\/02\/05\/febrero-minuto-cepa\/\"},\"wordCount\":892,\"commentCount\":0,\"publisher\":{\"@id\":\"https:\/\/vivancoculturadevino.es\/blog\/#organization\"},\"image\":{\"@id\":\"https:\/\/vivancoculturadevino.es\/blog\/2016\/02\/05\/febrero-minuto-cepa\/#primaryimage\"},\"thumbnailUrl\":\"https:\/\/vivancoculturadevino.es\/blog\/wp-content\/uploads\/2016\/02\/sarmientos-filtro.jpg\",\"keywords\":[\"cepa\",\"poda\"],\"articleSection\":[\"de Vino\"],\"inLanguage\":\"es\",\"potentialAction\":[{\"@type\":\"CommentAction\",\"name\":\"Comment\",\"target\":[\"https:\/\/vivancoculturadevino.es\/blog\/2016\/02\/05\/febrero-minuto-cepa\/#respond\"]}]},{\"@type\":\"WebPage\",\"@id\":\"https:\/\/vivancoculturadevino.es\/blog\/2016\/02\/05\/febrero-minuto-cepa\/\",\"url\":\"https:\/\/vivancoculturadevino.es\/blog\/2016\/02\/05\/febrero-minuto-cepa\/\",\"name\":\"En febrero, un minuto, una cepa | Vivanco\",\"isPartOf\":{\"@id\":\"https:\/\/vivancoculturadevino.es\/blog\/#website\"},\"primaryImageOfPage\":{\"@id\":\"https:\/\/vivancoculturadevino.es\/blog\/2016\/02\/05\/febrero-minuto-cepa\/#primaryimage\"},\"image\":{\"@id\":\"https:\/\/vivancoculturadevino.es\/blog\/2016\/02\/05\/febrero-minuto-cepa\/#primaryimage\"},\"thumbnailUrl\":\"https:\/\/vivancoculturadevino.es\/blog\/wp-content\/uploads\/2016\/02\/sarmientos-filtro.jpg\",\"datePublished\":\"2016-02-05T17:23:41+00:00\",\"dateModified\":\"2018-03-01T14:42:54+00:00\",\"description\":\"As\u00ed es el proceso de formaci\u00f3n de la cepa y las labores de poda a lo largo del mes de febrero. \u00bfEste proceso es el mismo en todas las variedades de uva?\",\"breadcrumb\":{\"@id\":\"https:\/\/vivancoculturadevino.es\/blog\/2016\/02\/05\/febrero-minuto-cepa\/#breadcrumb\"},\"inLanguage\":\"es\",\"potentialAction\":[{\"@type\":\"ReadAction\",\"target\":[\"https:\/\/vivancoculturadevino.es\/blog\/2016\/02\/05\/febrero-minuto-cepa\/\"]}]},{\"@type\":\"ImageObject\",\"inLanguage\":\"es\",\"@id\":\"https:\/\/vivancoculturadevino.es\/blog\/2016\/02\/05\/febrero-minuto-cepa\/#primaryimage\",\"url\":\"https:\/\/vivancoculturadevino.es\/blog\/wp-content\/uploads\/2016\/02\/sarmientos-filtro.jpg\",\"contentUrl\":\"https:\/\/vivancoculturadevino.es\/blog\/wp-content\/uploads\/2016\/02\/sarmientos-filtro.jpg\",\"width\":600,\"height\":400},{\"@type\":\"BreadcrumbList\",\"@id\":\"https:\/\/vivancoculturadevino.es\/blog\/2016\/02\/05\/febrero-minuto-cepa\/#breadcrumb\",\"itemListElement\":[{\"@type\":\"ListItem\",\"position\":1,\"name\":\"Portada\",\"item\":\"https:\/\/vivancoculturadevino.es\/blog\/\"},{\"@type\":\"ListItem\",\"position\":2,\"name\":\"En febrero, un minuto, una cepa\"}]},{\"@type\":\"WebSite\",\"@id\":\"https:\/\/vivancoculturadevino.es\/blog\/#website\",\"url\":\"https:\/\/vivancoculturadevino.es\/blog\/\",\"name\":\"Vivanco\",\"description\":\"Una familia y una pasi\u00f3n: Compartir la cultura del vino\",\"publisher\":{\"@id\":\"https:\/\/vivancoculturadevino.es\/blog\/#organization\"},\"potentialAction\":[{\"@type\":\"SearchAction\",\"target\":{\"@type\":\"EntryPoint\",\"urlTemplate\":\"https:\/\/vivancoculturadevino.es\/blog\/?s={search_term_string}\"},\"query-input\":{\"@type\":\"PropertyValueSpecification\",\"valueRequired\":true,\"valueName\":\"search_term_string\"}}],\"inLanguage\":\"es\"},{\"@type\":\"Organization\",\"@id\":\"https:\/\/vivancoculturadevino.es\/blog\/#organization\",\"name\":\"Vivanco\",\"url\":\"https:\/\/vivancoculturadevino.es\/blog\/\",\"logo\":{\"@type\":\"ImageObject\",\"inLanguage\":\"es\",\"@id\":\"https:\/\/vivancoculturadevino.es\/blog\/#\/schema\/logo\/image\/\",\"url\":\"https:\/\/vivancoculturadevino.es\/blog\/wp-content\/uploads\/2026\/01\/Logo-blanco.svg\",\"contentUrl\":\"https:\/\/vivancoculturadevino.es\/blog\/wp-content\/uploads\/2026\/01\/Logo-blanco.svg\",\"width\":134,\"height\":43,\"caption\":\"Vivanco\"},\"image\":{\"@id\":\"https:\/\/vivancoculturadevino.es\/blog\/#\/schema\/logo\/image\/\"}},{\"@type\":\"Person\",\"@id\":\"https:\/\/vivancoculturadevino.es\/blog\/#\/schema\/person\/745931ee54ccbb839d8df0cceb02db4c\",\"name\":\"Vivanco\",\"image\":{\"@type\":\"ImageObject\",\"inLanguage\":\"es\",\"@id\":\"https:\/\/vivancoculturadevino.es\/blog\/#\/schema\/person\/image\/\",\"url\":\"https:\/\/secure.gravatar.com\/avatar\/61b66c59d132db2f7ad4dfd1cc89bbd508b4d5888ab39ddba99f2aca247b7fb3?s=96&d=mm&r=g\",\"contentUrl\":\"https:\/\/secure.gravatar.com\/avatar\/61b66c59d132db2f7ad4dfd1cc89bbd508b4d5888ab39ddba99f2aca247b7fb3?s=96&d=mm&r=g\",\"caption\":\"Vivanco\"},\"description\":\"Bodega, Fundaci\u00f3n, Experiencias. Compartiendo Cultura de Vino\",\"sameAs\":[\"http:\/\/www.vivancoculturadevino.es\",\"https:\/\/www.facebook.com\/vivancoculturadevino\",\"https:\/\/x.com\/https:\/\/twitter.com\/Vivanco_es\",\"https:\/\/www.youtube.com\/channel\/UC8a2nOiF7kAQNPPduAi2Evw\/videos\"],\"url\":\"https:\/\/vivancoculturadevino.es\/blog\/author\/administrator\/\"}]}<\/script>\n<!-- \/ Yoast SEO plugin. -->","yoast_head_json":{"title":"En febrero, un minuto, una cepa | Vivanco","description":"As\u00ed es el proceso de formaci\u00f3n de la cepa y las labores de poda a lo largo del mes de febrero. \u00bfEste proceso es el mismo en todas las variedades de uva?","robots":{"index":"index","follow":"follow","max-snippet":"max-snippet:-1","max-image-preview":"max-image-preview:large","max-video-preview":"max-video-preview:-1"},"canonical":"https:\/\/vivancoculturadevino.es\/blog\/2016\/02\/05\/febrero-minuto-cepa\/","og_locale":"es_ES","og_type":"article","og_title":"En febrero, un minuto, una cepa | Vivanco","og_description":"As\u00ed es el proceso de formaci\u00f3n de la cepa y las labores de poda a lo largo del mes de febrero. \u00bfEste proceso es el mismo en todas las variedades de uva?","og_url":"https:\/\/vivancoculturadevino.es\/blog\/2016\/02\/05\/febrero-minuto-cepa\/","og_site_name":"Vivanco","article_author":"https:\/\/www.facebook.com\/vivancoculturadevino","article_published_time":"2016-02-05T17:23:41+00:00","article_modified_time":"2018-03-01T14:42:54+00:00","og_image":[{"width":600,"height":400,"url":"https:\/\/vivancoculturadevino.es\/blog\/wp-content\/uploads\/2016\/02\/sarmientos-filtro.jpg","type":"image\/jpeg"}],"author":"Vivanco","twitter_card":"summary_large_image","twitter_creator":"@https:\/\/twitter.com\/Vivanco_es","twitter_misc":{"Escrito por":"Vivanco","Tiempo de lectura":"4 minutos"},"schema":{"@context":"https:\/\/schema.org","@graph":[{"@type":"Article","@id":"https:\/\/vivancoculturadevino.es\/blog\/2016\/02\/05\/febrero-minuto-cepa\/#article","isPartOf":{"@id":"https:\/\/vivancoculturadevino.es\/blog\/2016\/02\/05\/febrero-minuto-cepa\/"},"author":{"name":"Vivanco","@id":"https:\/\/vivancoculturadevino.es\/blog\/#\/schema\/person\/745931ee54ccbb839d8df0cceb02db4c"},"headline":"En febrero, un minuto, una cepa","datePublished":"2016-02-05T17:23:41+00:00","dateModified":"2018-03-01T14:42:54+00:00","mainEntityOfPage":{"@id":"https:\/\/vivancoculturadevino.es\/blog\/2016\/02\/05\/febrero-minuto-cepa\/"},"wordCount":892,"commentCount":0,"publisher":{"@id":"https:\/\/vivancoculturadevino.es\/blog\/#organization"},"image":{"@id":"https:\/\/vivancoculturadevino.es\/blog\/2016\/02\/05\/febrero-minuto-cepa\/#primaryimage"},"thumbnailUrl":"https:\/\/vivancoculturadevino.es\/blog\/wp-content\/uploads\/2016\/02\/sarmientos-filtro.jpg","keywords":["cepa","poda"],"articleSection":["de Vino"],"inLanguage":"es","potentialAction":[{"@type":"CommentAction","name":"Comment","target":["https:\/\/vivancoculturadevino.es\/blog\/2016\/02\/05\/febrero-minuto-cepa\/#respond"]}]},{"@type":"WebPage","@id":"https:\/\/vivancoculturadevino.es\/blog\/2016\/02\/05\/febrero-minuto-cepa\/","url":"https:\/\/vivancoculturadevino.es\/blog\/2016\/02\/05\/febrero-minuto-cepa\/","name":"En febrero, un minuto, una cepa | Vivanco","isPartOf":{"@id":"https:\/\/vivancoculturadevino.es\/blog\/#website"},"primaryImageOfPage":{"@id":"https:\/\/vivancoculturadevino.es\/blog\/2016\/02\/05\/febrero-minuto-cepa\/#primaryimage"},"image":{"@id":"https:\/\/vivancoculturadevino.es\/blog\/2016\/02\/05\/febrero-minuto-cepa\/#primaryimage"},"thumbnailUrl":"https:\/\/vivancoculturadevino.es\/blog\/wp-content\/uploads\/2016\/02\/sarmientos-filtro.jpg","datePublished":"2016-02-05T17:23:41+00:00","dateModified":"2018-03-01T14:42:54+00:00","description":"As\u00ed es el proceso de formaci\u00f3n de la cepa y las labores de poda a lo largo del mes de febrero. \u00bfEste proceso es el mismo en todas las variedades de uva?","breadcrumb":{"@id":"https:\/\/vivancoculturadevino.es\/blog\/2016\/02\/05\/febrero-minuto-cepa\/#breadcrumb"},"inLanguage":"es","potentialAction":[{"@type":"ReadAction","target":["https:\/\/vivancoculturadevino.es\/blog\/2016\/02\/05\/febrero-minuto-cepa\/"]}]},{"@type":"ImageObject","inLanguage":"es","@id":"https:\/\/vivancoculturadevino.es\/blog\/2016\/02\/05\/febrero-minuto-cepa\/#primaryimage","url":"https:\/\/vivancoculturadevino.es\/blog\/wp-content\/uploads\/2016\/02\/sarmientos-filtro.jpg","contentUrl":"https:\/\/vivancoculturadevino.es\/blog\/wp-content\/uploads\/2016\/02\/sarmientos-filtro.jpg","width":600,"height":400},{"@type":"BreadcrumbList","@id":"https:\/\/vivancoculturadevino.es\/blog\/2016\/02\/05\/febrero-minuto-cepa\/#breadcrumb","itemListElement":[{"@type":"ListItem","position":1,"name":"Portada","item":"https:\/\/vivancoculturadevino.es\/blog\/"},{"@type":"ListItem","position":2,"name":"En febrero, un minuto, una cepa"}]},{"@type":"WebSite","@id":"https:\/\/vivancoculturadevino.es\/blog\/#website","url":"https:\/\/vivancoculturadevino.es\/blog\/","name":"Vivanco","description":"Una familia y una pasi\u00f3n: Compartir la cultura del vino","publisher":{"@id":"https:\/\/vivancoculturadevino.es\/blog\/#organization"},"potentialAction":[{"@type":"SearchAction","target":{"@type":"EntryPoint","urlTemplate":"https:\/\/vivancoculturadevino.es\/blog\/?s={search_term_string}"},"query-input":{"@type":"PropertyValueSpecification","valueRequired":true,"valueName":"search_term_string"}}],"inLanguage":"es"},{"@type":"Organization","@id":"https:\/\/vivancoculturadevino.es\/blog\/#organization","name":"Vivanco","url":"https:\/\/vivancoculturadevino.es\/blog\/","logo":{"@type":"ImageObject","inLanguage":"es","@id":"https:\/\/vivancoculturadevino.es\/blog\/#\/schema\/logo\/image\/","url":"https:\/\/vivancoculturadevino.es\/blog\/wp-content\/uploads\/2026\/01\/Logo-blanco.svg","contentUrl":"https:\/\/vivancoculturadevino.es\/blog\/wp-content\/uploads\/2026\/01\/Logo-blanco.svg","width":134,"height":43,"caption":"Vivanco"},"image":{"@id":"https:\/\/vivancoculturadevino.es\/blog\/#\/schema\/logo\/image\/"}},{"@type":"Person","@id":"https:\/\/vivancoculturadevino.es\/blog\/#\/schema\/person\/745931ee54ccbb839d8df0cceb02db4c","name":"Vivanco","image":{"@type":"ImageObject","inLanguage":"es","@id":"https:\/\/vivancoculturadevino.es\/blog\/#\/schema\/person\/image\/","url":"https:\/\/secure.gravatar.com\/avatar\/61b66c59d132db2f7ad4dfd1cc89bbd508b4d5888ab39ddba99f2aca247b7fb3?s=96&d=mm&r=g","contentUrl":"https:\/\/secure.gravatar.com\/avatar\/61b66c59d132db2f7ad4dfd1cc89bbd508b4d5888ab39ddba99f2aca247b7fb3?s=96&d=mm&r=g","caption":"Vivanco"},"description":"Bodega, Fundaci\u00f3n, Experiencias. Compartiendo Cultura de Vino","sameAs":["http:\/\/www.vivancoculturadevino.es","https:\/\/www.facebook.com\/vivancoculturadevino","https:\/\/x.com\/https:\/\/twitter.com\/Vivanco_es","https:\/\/www.youtube.com\/channel\/UC8a2nOiF7kAQNPPduAi2Evw\/videos"],"url":"https:\/\/vivancoculturadevino.es\/blog\/author\/administrator\/"}]}},"_links":{"self":[{"href":"https:\/\/vivancoculturadevino.es\/blog\/wp-json\/wp\/v2\/posts\/1938","targetHints":{"allow":["GET"]}}],"collection":[{"href":"https:\/\/vivancoculturadevino.es\/blog\/wp-json\/wp\/v2\/posts"}],"about":[{"href":"https:\/\/vivancoculturadevino.es\/blog\/wp-json\/wp\/v2\/types\/post"}],"author":[{"embeddable":true,"href":"https:\/\/vivancoculturadevino.es\/blog\/wp-json\/wp\/v2\/users\/1"}],"replies":[{"embeddable":true,"href":"https:\/\/vivancoculturadevino.es\/blog\/wp-json\/wp\/v2\/comments?post=1938"}],"version-history":[{"count":7,"href":"https:\/\/vivancoculturadevino.es\/blog\/wp-json\/wp\/v2\/posts\/1938\/revisions"}],"predecessor-version":[{"id":1950,"href":"https:\/\/vivancoculturadevino.es\/blog\/wp-json\/wp\/v2\/posts\/1938\/revisions\/1950"}],"wp:featuredmedia":[{"embeddable":true,"href":"https:\/\/vivancoculturadevino.es\/blog\/wp-json\/wp\/v2\/media\/1947"}],"wp:attachment":[{"href":"https:\/\/vivancoculturadevino.es\/blog\/wp-json\/wp\/v2\/media?parent=1938"}],"wp:term":[{"taxonomy":"category","embeddable":true,"href":"https:\/\/vivancoculturadevino.es\/blog\/wp-json\/wp\/v2\/categories?post=1938"},{"taxonomy":"post_tag","embeddable":true,"href":"https:\/\/vivancoculturadevino.es\/blog\/wp-json\/wp\/v2\/tags?post=1938"}],"curies":[{"name":"wp","href":"https:\/\/api.w.org\/{rel}","templated":true}]}}